{"id":26168,"date":"2017-06-11T08:37:16","date_gmt":"2017-06-11T11:37:16","guid":{"rendered":"http:\/\/rioonwatch.org.br\/?p=26168"},"modified":"2017-07-01T13:40:28","modified_gmt":"2017-07-01T16:40:28","slug":"atraves-de-mutirao-horta-comunitaria-e-inaugurada-no-cantagalo-no-dia-mundial-do-meio-ambiente","status":"publish","type":"post","link":"https:\/\/rioonwatch.org.br\/?p=26168","title":{"rendered":"Horta Comunit\u00e1ria \u00e9 Inaugurada no Cantagalo no Dia Mundial do Meio Ambiente"},"content":{"rendered":"<p style=\"text-align: right;\"><em><strong><a href=\"http:\/\/bit.ly\/2sdbPpn\" target=\"_blank\" rel=\"noopener noreferrer\">Click Here for English<img decoding=\"async\" width=\"20\" height=\"20\" class=\"alignright wp-image-15790\" src=\"http:\/\/rioonwatch.org.br\/wp-content\/uploads\/2012\/08\/EN-standard-e1439583104716.jpg\" alt=\"\" \/><\/a><\/strong><\/em><\/p>\n<p>Na \u00faltima segunda-feira,\u00a05 de junho, foi <a href=\"http:\/\/bit.ly\/2r6gZav\" target=\"_blank\" rel=\"noopener noreferrer\">inaugurada a nova horta comunit\u00e1ria no Cantagalo<\/a>, data especialmente escolhida por conta do\u00a0<a href=\"http:\/\/bit.ly\/2sHMwMQ\" target=\"_blank\" rel=\"noopener noreferrer\">Dia Mundial\u00a0do Meio Ambiente<\/a>. O projeto da horta foi idealizado por C\u00e1ssia Oliveira, coordenadora executiva da ONG comunit\u00e1ria\u00a0<a href=\"http:\/\/bit.ly\/2s0oCyh\" target=\"_blank\" rel=\"noopener noreferrer\">Harmonicanto: M\u00fasica e Cidadania<\/a>.\u00a0Fundada em 2006 nas adjac\u00eancias do CIEP Presidente Jo\u00e3o Goulart, na comunidade ao lado de Ipanema na <a href=\"http:\/\/bit.ly\/1mNsDyk\" target=\"_blank\" rel=\"noopener noreferrer\">Zona Sul<\/a> do Rio,\u00a0<a href=\"http:\/\/bit.ly\/2rZT37J\" target=\"_blank\" rel=\"noopener noreferrer\">a associa\u00e7\u00e3o\u00a0oferece<\/a> aulas de m\u00fasica e canto, estudos sociais e apoio escolar para crian\u00e7as da comunidade. Com a implanta\u00e7\u00e3o do jardim, o projeto ir\u00e1 oferecer oficinas semanais de agricultura para as crian\u00e7as, visando\u00a0fortalecer a no\u00e7\u00e3o de pertencimento e responsabilidade com os espa\u00e7os livres.<\/p>\n<p><a href=\"http:\/\/rioonwatch.org.br\/wp-content\/uploads\/2017\/06\/18835906_854439761386305_3689762759721040736_n.jpg\"><img fetchpriority=\"high\" decoding=\"async\" class=\"aligncenter wp-image-26187 size-content\" title=\"Planta na Rua selecionando o material para horta comunit\u00e1ria.\" src=\"http:\/\/rioonwatch.org.br\/wp-content\/uploads\/2017\/06\/18835906_854439761386305_3689762759721040736_n-620x264.jpg\" alt=\"\" width=\"620\" height=\"264\" srcset=\"https:\/\/rioonwatch.org.br\/wp-content\/uploads\/2017\/06\/18835906_854439761386305_3689762759721040736_n-620x264.jpg 620w, https:\/\/rioonwatch.org.br\/wp-content\/uploads\/2017\/06\/18835906_854439761386305_3689762759721040736_n-940x400.jpg 940w\" sizes=\"(max-width: 620px) 100vw, 620px\" \/><\/a><\/p>\n<p>A <a href=\"http:\/\/bit.ly\/2rBUppD\" target=\"_blank\" rel=\"noopener noreferrer\">horta comunit\u00e1ria<\/a> teve seu projeto piloto criado em 2015 por C\u00e1ssia e, na \u00e9poca, contou com o aux\u00edlio de colaboradores como o Mono Telha do <a href=\"http:\/\/bit.ly\/2eeButb\" target=\"_blank\" rel=\"noopener noreferrer\">Planta na Rua<\/a>,\u00a0por\u00e9m,\u00a0com a falta de um sistema de irriga\u00e7\u00e3o adequado devido \u00e0 falta de abastecimento de \u00e1gua no <a href=\"http:\/\/bit.ly\/2repLmF\" target=\"_blank\" rel=\"noopener noreferrer\">CIEP<\/a>, a horta veio a definhar. &#8220;Na verdade, s\u00f3 estamos tentando resgatar, pois j\u00e1 existia uma lind\u00edssima [horta] criada pelo Darcy Ribeiro quando o <a href=\"http:\/\/bit.ly\/2dPHafH\" target=\"_blank\" rel=\"noopener noreferrer\">Governador Brizola<\/a> inaugurou o CIEP. Com a sa\u00edda do Brizola&#8230; [a primeira horta foi]\u00a0se extinguindo&#8221;, disse C\u00e1ssia.<\/p>\n<p><a href=\"http:\/\/rioonwatch.org.br\/wp-content\/uploads\/2017\/06\/Cantagalo4.jpg\"><img decoding=\"async\" class=\"aligncenter wp-image-26204 size-content\" title=\"Mudinhas introduzidas na horta comunit\u00e1ria\" src=\"http:\/\/rioonwatch.org.br\/wp-content\/uploads\/2017\/06\/Cantagalo4-620x264.jpg\" alt=\"\" width=\"620\" height=\"264\" srcset=\"https:\/\/rioonwatch.org.br\/wp-content\/uploads\/2017\/06\/Cantagalo4-620x264.jpg 620w, https:\/\/rioonwatch.org.br\/wp-content\/uploads\/2017\/06\/Cantagalo4-940x400.jpg 940w\" sizes=\"(max-width: 620px) 100vw, 620px\" \/><\/a><\/p>\n<p>Ao longo desses dois anos muitos colaboradores se uniram e reorganizaram suas estrat\u00e9gias, inclusive Tomas Deleuse Mendon\u00e7a, s\u00f3cio do\u00a0<a href=\"http:\/\/bit.ly\/2eeAzsQ\" target=\"_blank\" rel=\"noopener noreferrer\">Carpe Projetos Socioambientais<\/a>, que se tornou Diretor de Meio Ambiente da associa\u00e7\u00e3o. Ele desenvolveu o novo projeto da horta com a esperan\u00e7a de conseguir um patrocinador, contudo, n\u00e3o tiveram apoio.\u00a0Com isso fez\u00a0um or\u00e7amento mais baixo para apresentar futuramente, apenas contendo o material necess\u00e1rio para a implanta\u00e7\u00e3o da horta.<\/p>\n<p><a href=\"http:\/\/rioonwatch.org.br\/wp-content\/uploads\/2017\/06\/18835898_854441251386156_8359124186348359032_n.jpg\"><img loading=\"lazy\" decoding=\"async\" class=\"aligncenter wp-image-26186 size-content\" title=\"Crian\u00e7as do Harmonicanto na Horta Comunit\u00e1ria\" src=\"http:\/\/rioonwatch.org.br\/wp-content\/uploads\/2017\/06\/18835898_854441251386156_8359124186348359032_n-620x264.jpg\" alt=\"\" width=\"620\" height=\"264\" srcset=\"https:\/\/rioonwatch.org.br\/wp-content\/uploads\/2017\/06\/18835898_854441251386156_8359124186348359032_n-620x264.jpg 620w, https:\/\/rioonwatch.org.br\/wp-content\/uploads\/2017\/06\/18835898_854441251386156_8359124186348359032_n-940x400.jpg 940w\" sizes=\"(max-width: 620px) 100vw, 620px\" \/><\/a><\/p>\n<p>Em abril desse ano, C\u00e1ssia foi convidada para apresentar sua ONG no evento <a href=\"http:\/\/bit.ly\/2r6c9tG\" target=\"_blank\" rel=\"noopener noreferrer\">Re-Ver Ipanema<\/a>,\u00a0um ciclo de conversas sobre iniciativas sustent\u00e1veis realizado na <a href=\"http:\/\/bit.ly\/2rFKApJ\" target=\"_blank\" rel=\"noopener noreferrer\">Casa de Cultura Laura Alvim<\/a>\u00a0promovido pelo <a href=\"http:\/\/bit.ly\/2sHJet4\" target=\"_blank\" rel=\"noopener noreferrer\">Instituto E<\/a>. Ela teve a oportunidade de conhecer o diretora de cria\u00e7\u00e3o da Osklen e fundador do instituto, <a href=\"http:\/\/bit.ly\/2rQI9z2\" target=\"_blank\" rel=\"noopener noreferrer\">Oskar Mestavaht<\/a>, e manifestou seu desejo de implantar a horta comunit\u00e1ria. Oskar aderiu na hora. Posteriormente, a diretora do Instituto E, Nina, confirmou que financiariam\u00a0o projeto e proporcionou\u00a0apoio com a comunica\u00e7\u00e3o e desenvolvimento do projeto.<\/p>\n<p><a href=\"http:\/\/rioonwatch.org.br\/wp-content\/uploads\/2017\/06\/18839130_854435474720067_2312804590596507940_n.jpg\"><img loading=\"lazy\" decoding=\"async\" class=\"aligncenter wp-image-26196 size-content\" title=\"Mutir\u00e3o do Planta na Rua na horta comunit\u00e1ria\" src=\"http:\/\/rioonwatch.org.br\/wp-content\/uploads\/2017\/06\/18839130_854435474720067_2312804590596507940_n-620x264.jpg\" alt=\"\" width=\"620\" height=\"264\" srcset=\"https:\/\/rioonwatch.org.br\/wp-content\/uploads\/2017\/06\/18839130_854435474720067_2312804590596507940_n-620x264.jpg 620w, https:\/\/rioonwatch.org.br\/wp-content\/uploads\/2017\/06\/18839130_854435474720067_2312804590596507940_n-940x400.jpg 940w\" sizes=\"(max-width: 620px) 100vw, 620px\" \/><\/a><\/p>\n<p>O mutir\u00e3o de implementa\u00e7\u00e3o e lan\u00e7amento da nova horta incluiu retirada de res\u00edduos s\u00f3lidos, prepara\u00e7\u00e3o e aduba\u00e7\u00e3o do solo e introdu\u00e7\u00e3o de mudas, e contou com a ajuda de volunt\u00e1rios e parceiros do Harmonicanto, como o Planta na Rua, grupo de iniciativas em agricultura e paisagismo organizado pelo Mono Telha, mantenedor da horta; e o\u00a0<a href=\"http:\/\/bit.ly\/2rFI6aI\" target=\"_blank\" rel=\"noopener noreferrer\">Arte de Viver<\/a>,\u00a0parceiro desde 2008 realizando aulas de yoga\u00a0e recebendo a comunidade em seus espa\u00e7os para apresenta\u00e7\u00f5es musicais do conjunto infanto-juvenil. &#8220;O apoio deste rapaz do Planta na Rua pra gente, \u00e9 important\u00edssimo, pois ele tem muitos projetos urbanos e \u00e9 apaixonado pelo que faz. Eles est\u00e3o conosco novamente nesta empreitada&#8221;, agradece C\u00e1ssia aos participantes.<\/p>\n<p><a href=\"http:\/\/rioonwatch.org.br\/wp-content\/uploads\/2017\/06\/18839239_854439638052984_2002659063888336521_n.jpg\"><img loading=\"lazy\" decoding=\"async\" class=\"aligncenter wp-image-26202 size-content\" title=\"Sele\u00e7\u00e3o mudas na varanda do Harmonicanto\" src=\"http:\/\/rioonwatch.org.br\/wp-content\/uploads\/2017\/06\/18839239_854439638052984_2002659063888336521_n-620x264.jpg\" alt=\"\" width=\"620\" height=\"264\" srcset=\"https:\/\/rioonwatch.org.br\/wp-content\/uploads\/2017\/06\/18839239_854439638052984_2002659063888336521_n-620x264.jpg 620w, https:\/\/rioonwatch.org.br\/wp-content\/uploads\/2017\/06\/18839239_854439638052984_2002659063888336521_n-940x400.jpg 940w\" sizes=\"(max-width: 620px) 100vw, 620px\" \/><\/a><\/p>\n<p>Al\u00e9m de conseguirem o espa\u00e7o f\u00edsico exclusivo da ONG, montaram uma biblioteca comunit\u00e1ria,\u00a0est\u00fadio para grava\u00e7\u00f5es e ensaios de\u00a0m\u00fasicos. A horta faz liga\u00e7\u00e3o com uma varanda com vista para a Lagoa Rodrigo de Freitas, varanda reformada no ano passado pelo <a href=\"http:\/\/bit.ly\/2s8f7hp\" target=\"_blank\" rel=\"noopener noreferrer\">Instituto da Crian\u00e7a<\/a>. Eles planejam que essa varanda abrigue um polo tur\u00edstico cultural, onde pintores, escultores, artes\u00e3os, gastr\u00f4nomos e artistas em geral, da comunidade possam expor e vender seus produtos. &#8220;E muitos sonhos temos a frente que advir\u00e3o em quest\u00e3o de sustentabilidade. Com a chegada da horta, outro sonho entra em prioridade: fazer um bistr\u00f4 na varanda, para receber turistas e amigos que apreciem o verde, o natural, e possam ver um lindo por-do-sol, degustando petiscos maravilhosos a partir de nossas planta\u00e7\u00f5es&#8221;.<\/p>\n<p><a href=\"http:\/\/rioonwatch.org.br\/wp-content\/uploads\/2017\/06\/18892878_854438881386393_8080378815696404031_n.jpg\"><img loading=\"lazy\" decoding=\"async\" class=\"aligncenter wp-image-26236 size-content\" title=\"Crian\u00e7as do Harmonicanto na horta comunit\u00e1ria\" src=\"http:\/\/rioonwatch.org.br\/wp-content\/uploads\/2017\/06\/18892878_854438881386393_8080378815696404031_n-620x264.jpg\" alt=\"\" width=\"620\" height=\"264\" srcset=\"https:\/\/rioonwatch.org.br\/wp-content\/uploads\/2017\/06\/18892878_854438881386393_8080378815696404031_n-620x264.jpg 620w, https:\/\/rioonwatch.org.br\/wp-content\/uploads\/2017\/06\/18892878_854438881386393_8080378815696404031_n-940x400.jpg 940w\" sizes=\"(max-width: 620px) 100vw, 620px\" \/><\/a><\/p>\n<p>A estrutura da horta cont\u00e9m 32 canteiros adjacentes \u00e0 acessibilidade externa do CIEP para o Harmonicanto: nos primeiros canteiros, foram plantadas\u00a0flores como girassol para recepcionar os visitantes, e nos aproximadamente 25 restantes, foram plantadas hortali\u00e7as, temperos, etc. &#8220;Teremos o Mono Telha junto com o apoio do Planta na Rua por seis meses, atrav\u00e9s da benfeitoria do\u00a0<a href=\"http:\/\/bit.ly\/2rFvOPG\" target=\"_blank\" rel=\"noopener noreferrer\">Green People<\/a>,\u00a0que ir\u00e1 cuidar da horta dando aulas de meio ambiente e ensinando aos volunt\u00e1rios sobre plantio, que a partir disto ter\u00e3o o papel de\u00a0multiplicadores&#8230; \u00c9 trabalho de conscientiza\u00e7\u00e3o, de formiguinha&#8221;.<\/p>\n<p><a href=\"http:\/\/rioonwatch.org.br\/wp-content\/uploads\/2017\/06\/18765752_10155945906071002_2540052656698411316_n.jpg\"><img loading=\"lazy\" decoding=\"async\" class=\"aligncenter wp-image-26241 size-content\" title=\"C\u00e1ssia de Oliveira, fundadora do Harmonicanto, apresenta o grupo de m\u00fasica.\" src=\"http:\/\/rioonwatch.org.br\/wp-content\/uploads\/2017\/06\/18765752_10155945906071002_2540052656698411316_n-620x264.jpg\" alt=\"\" width=\"620\" height=\"264\" srcset=\"https:\/\/rioonwatch.org.br\/wp-content\/uploads\/2017\/06\/18765752_10155945906071002_2540052656698411316_n-620x264.jpg 620w, https:\/\/rioonwatch.org.br\/wp-content\/uploads\/2017\/06\/18765752_10155945906071002_2540052656698411316_n-940x400.jpg 940w\" sizes=\"(max-width: 620px) 100vw, 620px\" \/><\/a><\/p>\n<p>O evento foi finalizado com uma roda de conscientiza\u00e7\u00e3o e conversa sobre a import\u00e2ncia do descarte apropriado de res\u00edduos, rega\u00e7\u00e3o e cuidados com o espa\u00e7o urbano e natural. Os projetos <a href=\"http:\/\/bit.ly\/2sYnj01\" target=\"_blank\" rel=\"noopener noreferrer\">Movimento Lixo Zero<\/a> e <a href=\"http:\/\/bit.ly\/2s84T0q\" target=\"_blank\" rel=\"noopener noreferrer\">Favela + Limpa<\/a> tamb\u00e9m estiveram presentes durante todo o evento auxiliando no plantio, organiza\u00e7\u00e3o das crian\u00e7as e educa\u00e7\u00e3o ambiental. A Arte de Viver realizou uma cerim\u00f4nia de agradecimento ao Dia do Meio Ambiente e \u00e0 conclus\u00e3o da horta comunit\u00e1ria com uma medita\u00e7\u00e3o com as crian\u00e7as da comunidade. O grupo de canto e m\u00fasica do Harmonicanto fez uma apresenta\u00e7\u00e3o de seu grupo infanto-juvenil na varanda da sede para todo o p\u00fablico presente: &#8220;\u00c0s vezes, quando se tem um sonho muito grande, \u00e9 preciso ir atr\u00e1s e juntar muitas pessoas para ajudar \u00e0 realiz\u00e1-lo&#8221;, agradeceu C\u00e1ssia, \u00e0 todos pela celebra\u00e7\u00e3o do lindo evento.<\/p>\n<!-- AddThis Advanced Settings generic via filter on the_content --><!-- AddThis Share Buttons generic via filter on the_content -->","protected":false},"excerpt":{"rendered":"<div class=\"mh-excerpt\"><p>Click Here for English Na \u00faltima segunda-feira,\u00a05 de junho, foi inaugurada a nova horta comunit\u00e1ria no Cantagalo, data especialmente escolhida por conta do\u00a0Dia Mundial\u00a0do Meio Ambiente. O projeto da horta foi idealizado por C\u00e1ssia Oliveira, <a class=\"mh-excerpt-more\" href=\"https:\/\/rioonwatch.org.br\/?p=26168\" title=\"Horta Comunit\u00e1ria \u00e9 Inaugurada no Cantagalo no Dia Mundial do Meio Ambiente\">[&#8230;]<\/a><!-- AddThis Advanced Settings generic via filter on get_the_excerpt --><!-- AddThis Share Buttons generic via filter on get_the_excerpt --><\/p>\n<\/div>","protected":false},"author":185,"featured_media":26227,"comment_status":"closed","ping_status":"closed","sticky":false,"template":"","format":"standard","meta":{"_acf_changed":false,"_monsterinsights_skip_tracking":false,"_monsterinsights_sitenote_active":false,"_monsterinsights_sitenote_note":"","_monsterinsights_sitenote_category":0,"footnotes":""},"categories":[1621,1627,342,1639],"tags":[302,229,1030,1097,113,360,2147,106,20,276,358,476,404,383],"writer":[2128],"translator":[],"source":[],"ilustrador":[],"fotografo":[],"class_list":{"0":"post-26168","1":"post","2":"type-post","3":"status-publish","4":"format-standard","5":"has-post-thumbnail","7":"category-destaque","8":"category-relato-de-evento","9":"category-solucoes","10":"category-sustentabilidade","11":"tag-agricultura-urbana","12":"tag-cantagalo","13":"tag-ciep","14":"tag-horta-comunitaria","15":"tag-juventude","16":"tag-lixo","17":"tag-lixo-zero","18":"tag-meio-ambiente","19":"tag-musica","20":"tag-mutirao","21":"tag-organizacao-comunitaria","22":"tag-solucao-comunitaria","23":"tag-sustentabilidade","24":"tag-zona-sul","25":"writer-juliana-torres"},"acf":[],"yoast_head":"<!-- This site is optimized with the Yoast SEO plugin v25.6 - https:\/\/yoast.com\/wordpress\/plugins\/seo\/ -->\n<title>Horta Comunit\u00e1ria \u00e9 Inaugurada no Cantagalo no Dia Mundial do Meio Ambiente - RioOnWatch<\/title>\n<meta name=\"robots\" content=\"index, follow, max-snippet:-1, max-image-preview:large, max-video-preview:-1\" \/>\n<link rel=\"canonical\" href=\"https:\/\/rioonwatch.org.br\/?p=26168\" \/>\n<meta property=\"og:locale\" content=\"pt_BR\" \/>\n<meta property=\"og:type\" content=\"article\" \/>\n<meta property=\"og:title\" content=\"Horta Comunit\u00e1ria \u00e9 Inaugurada no Cantagalo no Dia Mundial do Meio Ambiente - RioOnWatch\" \/>\n<meta property=\"og:description\" content=\"Click Here for English Na \u00faltima segunda-feira,\u00a05 de junho, foi inaugurada a nova horta comunit\u00e1ria no Cantagalo, data especialmente escolhida por conta do\u00a0Dia Mundial\u00a0do Meio Ambiente. O projeto da horta foi idealizado por C\u00e1ssia Oliveira, [...]\" \/>\n<meta property=\"og:url\" content=\"https:\/\/rioonwatch.org.br\/?p=26168\" \/>\n<meta property=\"og:site_name\" content=\"RioOnWatch\" \/>\n<meta property=\"article:published_time\" content=\"2017-06-11T11:37:16+00:00\" \/>\n<meta property=\"article:modified_time\" content=\"2017-07-01T16:40:28+00:00\" \/>\n<meta property=\"og:image\" content=\"https:\/\/rioonwatch.org.br\/wp-content\/uploads\/2017\/06\/18882140_854440708052877_7834298789731697845_n-1.jpg\" \/>\n\t<meta property=\"og:image:width\" content=\"960\" \/>\n\t<meta property=\"og:image:height\" content=\"640\" \/>\n\t<meta property=\"og:image:type\" content=\"image\/jpeg\" \/>\n<meta name=\"author\" content=\"Ex Intern\" \/>\n<meta name=\"twitter:card\" content=\"summary_large_image\" \/>\n<meta name=\"twitter:label1\" content=\"Escrito por\" \/>\n\t<meta name=\"twitter:data1\" content=\"Ex Intern\" \/>\n\t<meta name=\"twitter:label2\" content=\"Est. tempo de leitura\" \/>\n\t<meta name=\"twitter:data2\" content=\"4 minutos\" \/>\n<script type=\"application\/ld+json\" class=\"yoast-schema-graph\">{\"@context\":\"https:\/\/schema.org\",\"@graph\":[{\"@type\":\"Article\",\"@id\":\"https:\/\/rioonwatch.org.br\/?p=26168#article\",\"isPartOf\":{\"@id\":\"https:\/\/rioonwatch.org.br\/?p=26168\"},\"author\":{\"name\":\"Ex Intern\",\"@id\":\"https:\/\/rioonwatch.org.br\/#\/schema\/person\/d9d9b44e2e2b3c7ece6b2117097ced03\"},\"headline\":\"Horta Comunit\u00e1ria \u00e9 Inaugurada no Cantagalo no Dia Mundial do Meio Ambiente\",\"datePublished\":\"2017-06-11T11:37:16+00:00\",\"dateModified\":\"2017-07-01T16:40:28+00:00\",\"mainEntityOfPage\":{\"@id\":\"https:\/\/rioonwatch.org.br\/?p=26168\"},\"wordCount\":904,\"publisher\":{\"@id\":\"https:\/\/rioonwatch.org.br\/#organization\"},\"image\":{\"@id\":\"https:\/\/rioonwatch.org.br\/?p=26168#primaryimage\"},\"thumbnailUrl\":\"https:\/\/rioonwatch.org.br\/wp-content\/uploads\/2017\/06\/18882140_854440708052877_7834298789731697845_n-1.jpg\",\"keywords\":[\"agricultura urbana\",\"Cantagalo\",\"CIEP\",\"horta comunit\u00e1ria\",\"juventude\",\"lixo\",\"lixo zero\",\"meio ambiente\",\"m\u00fasica\",\"mutir\u00e3o\",\"organiza\u00e7\u00e3o comunit\u00e1ria\",\"solu\u00e7\u00e3o comunit\u00e1ria\",\"sustentabilidade\",\"Zona Sul\"],\"articleSection\":[\"*Destaque\",\"Cobertura de Eventos\",\"Solu\u00e7\u00f5es\",\"Sustentabilidade\"],\"inLanguage\":\"pt-BR\"},{\"@type\":\"WebPage\",\"@id\":\"https:\/\/rioonwatch.org.br\/?p=26168\",\"url\":\"https:\/\/rioonwatch.org.br\/?p=26168\",\"name\":\"Horta Comunit\u00e1ria \u00e9 Inaugurada no Cantagalo no Dia Mundial do Meio Ambiente - RioOnWatch\",\"isPartOf\":{\"@id\":\"https:\/\/rioonwatch.org.br\/#website\"},\"primaryImageOfPage\":{\"@id\":\"https:\/\/rioonwatch.org.br\/?p=26168#primaryimage\"},\"image\":{\"@id\":\"https:\/\/rioonwatch.org.br\/?p=26168#primaryimage\"},\"thumbnailUrl\":\"https:\/\/rioonwatch.org.br\/wp-content\/uploads\/2017\/06\/18882140_854440708052877_7834298789731697845_n-1.jpg\",\"datePublished\":\"2017-06-11T11:37:16+00:00\",\"dateModified\":\"2017-07-01T16:40:28+00:00\",\"breadcrumb\":{\"@id\":\"https:\/\/rioonwatch.org.br\/?p=26168#breadcrumb\"},\"inLanguage\":\"pt-BR\",\"potentialAction\":[{\"@type\":\"ReadAction\",\"target\":[\"https:\/\/rioonwatch.org.br\/?p=26168\"]}]},{\"@type\":\"ImageObject\",\"inLanguage\":\"pt-BR\",\"@id\":\"https:\/\/rioonwatch.org.br\/?p=26168#primaryimage\",\"url\":\"https:\/\/rioonwatch.org.br\/wp-content\/uploads\/2017\/06\/18882140_854440708052877_7834298789731697845_n-1.jpg\",\"contentUrl\":\"https:\/\/rioonwatch.org.br\/wp-content\/uploads\/2017\/06\/18882140_854440708052877_7834298789731697845_n-1.jpg\",\"width\":960,\"height\":640},{\"@type\":\"BreadcrumbList\",\"@id\":\"https:\/\/rioonwatch.org.br\/?p=26168#breadcrumb\",\"itemListElement\":[{\"@type\":\"ListItem\",\"position\":1,\"name\":\"In\u00edcio\",\"item\":\"https:\/\/rioonwatch.org.br\/\"},{\"@type\":\"ListItem\",\"position\":2,\"name\":\"Horta Comunit\u00e1ria \u00e9 Inaugurada no Cantagalo no Dia Mundial do Meio Ambiente\"}]},{\"@type\":\"WebSite\",\"@id\":\"https:\/\/rioonwatch.org.br\/#website\",\"url\":\"https:\/\/rioonwatch.org.br\/\",\"name\":\"RioOnWatch\",\"description\":\"relatos das favelas cariocas\",\"publisher\":{\"@id\":\"https:\/\/rioonwatch.org.br\/#organization\"},\"potentialAction\":[{\"@type\":\"SearchAction\",\"target\":{\"@type\":\"EntryPoint\",\"urlTemplate\":\"https:\/\/rioonwatch.org.br\/?s={search_term_string}\"},\"query-input\":{\"@type\":\"PropertyValueSpecification\",\"valueRequired\":true,\"valueName\":\"search_term_string\"}}],\"inLanguage\":\"pt-BR\"},{\"@type\":\"Organization\",\"@id\":\"https:\/\/rioonwatch.org.br\/#organization\",\"name\":\"RioOnWatch\",\"url\":\"https:\/\/rioonwatch.org.br\/\",\"logo\":{\"@type\":\"ImageObject\",\"inLanguage\":\"pt-BR\",\"@id\":\"https:\/\/rioonwatch.org.br\/#\/schema\/logo\/image\/\",\"url\":\"https:\/\/rioonwatch.org.br\/wp-content\/uploads\/2021\/06\/RioOnWatchcabecalhoPT11anos-2.png\",\"contentUrl\":\"https:\/\/rioonwatch.org.br\/wp-content\/uploads\/2021\/06\/RioOnWatchcabecalhoPT11anos-2.png\",\"width\":779,\"height\":277,\"caption\":\"RioOnWatch\"},\"image\":{\"@id\":\"https:\/\/rioonwatch.org.br\/#\/schema\/logo\/image\/\"}},{\"@type\":\"Person\",\"@id\":\"https:\/\/rioonwatch.org.br\/#\/schema\/person\/d9d9b44e2e2b3c7ece6b2117097ced03\",\"name\":\"Ex Intern\",\"image\":{\"@type\":\"ImageObject\",\"inLanguage\":\"pt-BR\",\"@id\":\"https:\/\/rioonwatch.org.br\/#\/schema\/person\/image\/\",\"url\":\"https:\/\/secure.gravatar.com\/avatar\/7bfc488c898c6fb478cd556f856fbbe0?s=96&d=blank&r=g\",\"contentUrl\":\"https:\/\/secure.gravatar.com\/avatar\/7bfc488c898c6fb478cd556f856fbbe0?s=96&d=blank&r=g\",\"caption\":\"Ex Intern\"},\"url\":\"https:\/\/rioonwatch.org.br\/?author=185\"}]}<\/script>\n<!-- \/ Yoast SEO plugin. -->","yoast_head_json":{"title":"Horta Comunit\u00e1ria \u00e9 Inaugurada no Cantagalo no Dia Mundial do Meio Ambiente - RioOnWatch","robots":{"index":"index","follow":"follow","max-snippet":"max-snippet:-1","max-image-preview":"max-image-preview:large","max-video-preview":"max-video-preview:-1"},"canonical":"https:\/\/rioonwatch.org.br\/?p=26168","og_locale":"pt_BR","og_type":"article","og_title":"Horta Comunit\u00e1ria \u00e9 Inaugurada no Cantagalo no Dia Mundial do Meio Ambiente - RioOnWatch","og_description":"Click Here for English Na \u00faltima segunda-feira,\u00a05 de junho, foi inaugurada a nova horta comunit\u00e1ria no Cantagalo, data especialmente escolhida por conta do\u00a0Dia Mundial\u00a0do Meio Ambiente. O projeto da horta foi idealizado por C\u00e1ssia Oliveira, [...]","og_url":"https:\/\/rioonwatch.org.br\/?p=26168","og_site_name":"RioOnWatch","article_published_time":"2017-06-11T11:37:16+00:00","article_modified_time":"2017-07-01T16:40:28+00:00","og_image":[{"width":960,"height":640,"url":"https:\/\/rioonwatch.org.br\/wp-content\/uploads\/2017\/06\/18882140_854440708052877_7834298789731697845_n-1.jpg","type":"image\/jpeg"}],"author":"Ex Intern","twitter_card":"summary_large_image","twitter_misc":{"Escrito por":"Ex Intern","Est. tempo de leitura":"4 minutos"},"schema":{"@context":"https:\/\/schema.org","@graph":[{"@type":"Article","@id":"https:\/\/rioonwatch.org.br\/?p=26168#article","isPartOf":{"@id":"https:\/\/rioonwatch.org.br\/?p=26168"},"author":{"name":"Ex Intern","@id":"https:\/\/rioonwatch.org.br\/#\/schema\/person\/d9d9b44e2e2b3c7ece6b2117097ced03"},"headline":"Horta Comunit\u00e1ria \u00e9 Inaugurada no Cantagalo no Dia Mundial do Meio Ambiente","datePublished":"2017-06-11T11:37:16+00:00","dateModified":"2017-07-01T16:40:28+00:00","mainEntityOfPage":{"@id":"https:\/\/rioonwatch.org.br\/?p=26168"},"wordCount":904,"publisher":{"@id":"https:\/\/rioonwatch.org.br\/#organization"},"image":{"@id":"https:\/\/rioonwatch.org.br\/?p=26168#primaryimage"},"thumbnailUrl":"https:\/\/rioonwatch.org.br\/wp-content\/uploads\/2017\/06\/18882140_854440708052877_7834298789731697845_n-1.jpg","keywords":["agricultura urbana","Cantagalo","CIEP","horta comunit\u00e1ria","juventude","lixo","lixo zero","meio ambiente","m\u00fasica","mutir\u00e3o","organiza\u00e7\u00e3o comunit\u00e1ria","solu\u00e7\u00e3o comunit\u00e1ria","sustentabilidade","Zona Sul"],"articleSection":["*Destaque","Cobertura de Eventos","Solu\u00e7\u00f5es","Sustentabilidade"],"inLanguage":"pt-BR"},{"@type":"WebPage","@id":"https:\/\/rioonwatch.org.br\/?p=26168","url":"https:\/\/rioonwatch.org.br\/?p=26168","name":"Horta Comunit\u00e1ria \u00e9 Inaugurada no Cantagalo no Dia Mundial do Meio Ambiente - RioOnWatch","isPartOf":{"@id":"https:\/\/rioonwatch.org.br\/#website"},"primaryImageOfPage":{"@id":"https:\/\/rioonwatch.org.br\/?p=26168#primaryimage"},"image":{"@id":"https:\/\/rioonwatch.org.br\/?p=26168#primaryimage"},"thumbnailUrl":"https:\/\/rioonwatch.org.br\/wp-content\/uploads\/2017\/06\/18882140_854440708052877_7834298789731697845_n-1.jpg","datePublished":"2017-06-11T11:37:16+00:00","dateModified":"2017-07-01T16:40:28+00:00","breadcrumb":{"@id":"https:\/\/rioonwatch.org.br\/?p=26168#breadcrumb"},"inLanguage":"pt-BR","potentialAction":[{"@type":"ReadAction","target":["https:\/\/rioonwatch.org.br\/?p=26168"]}]},{"@type":"ImageObject","inLanguage":"pt-BR","@id":"https:\/\/rioonwatch.org.br\/?p=26168#primaryimage","url":"https:\/\/rioonwatch.org.br\/wp-content\/uploads\/2017\/06\/18882140_854440708052877_7834298789731697845_n-1.jpg","contentUrl":"https:\/\/rioonwatch.org.br\/wp-content\/uploads\/2017\/06\/18882140_854440708052877_7834298789731697845_n-1.jpg","width":960,"height":640},{"@type":"BreadcrumbList","@id":"https:\/\/rioonwatch.org.br\/?p=26168#breadcrumb","itemListElement":[{"@type":"ListItem","position":1,"name":"In\u00edcio","item":"https:\/\/rioonwatch.org.br\/"},{"@type":"ListItem","position":2,"name":"Horta Comunit\u00e1ria \u00e9 Inaugurada no Cantagalo no Dia Mundial do Meio Ambiente"}]},{"@type":"WebSite","@id":"https:\/\/rioonwatch.org.br\/#website","url":"https:\/\/rioonwatch.org.br\/","name":"RioOnWatch","description":"relatos das favelas cariocas","publisher":{"@id":"https:\/\/rioonwatch.org.br\/#organization"},"potentialAction":[{"@type":"SearchAction","target":{"@type":"EntryPoint","urlTemplate":"https:\/\/rioonwatch.org.br\/?s={search_term_string}"},"query-input":{"@type":"PropertyValueSpecification","valueRequired":true,"valueName":"search_term_string"}}],"inLanguage":"pt-BR"},{"@type":"Organization","@id":"https:\/\/rioonwatch.org.br\/#organization","name":"RioOnWatch","url":"https:\/\/rioonwatch.org.br\/","logo":{"@type":"ImageObject","inLanguage":"pt-BR","@id":"https:\/\/rioonwatch.org.br\/#\/schema\/logo\/image\/","url":"https:\/\/rioonwatch.org.br\/wp-content\/uploads\/2021\/06\/RioOnWatchcabecalhoPT11anos-2.png","contentUrl":"https:\/\/rioonwatch.org.br\/wp-content\/uploads\/2021\/06\/RioOnWatchcabecalhoPT11anos-2.png","width":779,"height":277,"caption":"RioOnWatch"},"image":{"@id":"https:\/\/rioonwatch.org.br\/#\/schema\/logo\/image\/"}},{"@type":"Person","@id":"https:\/\/rioonwatch.org.br\/#\/schema\/person\/d9d9b44e2e2b3c7ece6b2117097ced03","name":"Ex Intern","image":{"@type":"ImageObject","inLanguage":"pt-BR","@id":"https:\/\/rioonwatch.org.br\/#\/schema\/person\/image\/","url":"https:\/\/secure.gravatar.com\/avatar\/7bfc488c898c6fb478cd556f856fbbe0?s=96&d=blank&r=g","contentUrl":"https:\/\/secure.gravatar.com\/avatar\/7bfc488c898c6fb478cd556f856fbbe0?s=96&d=blank&r=g","caption":"Ex Intern"},"url":"https:\/\/rioonwatch.org.br\/?author=185"}]}},"_links":{"self":[{"href":"https:\/\/rioonwatch.org.br\/index.php?rest_route=\/wp\/v2\/posts\/26168"}],"collection":[{"href":"https:\/\/rioonwatch.org.br\/index.php?rest_route=\/wp\/v2\/posts"}],"about":[{"href":"https:\/\/rioonwatch.org.br\/index.php?rest_route=\/wp\/v2\/types\/post"}],"author":[{"embeddable":true,"href":"https:\/\/rioonwatch.org.br\/index.php?rest_route=\/wp\/v2\/users\/185"}],"replies":[{"embeddable":true,"href":"https:\/\/rioonwatch.org.br\/index.php?rest_route=%2Fwp%2Fv2%2Fcomments&post=26168"}],"version-history":[{"count":34,"href":"https:\/\/rioonwatch.org.br\/index.php?rest_route=\/wp\/v2\/posts\/26168\/revisions"}],"predecessor-version":[{"id":26623,"href":"https:\/\/rioonwatch.org.br\/index.php?rest_route=\/wp\/v2\/posts\/26168\/revisions\/26623"}],"wp:featuredmedia":[{"embeddable":true,"href":"https:\/\/rioonwatch.org.br\/index.php?rest_route=\/wp\/v2\/media\/26227"}],"wp:attachment":[{"href":"https:\/\/rioonwatch.org.br\/index.php?rest_route=%2Fwp%2Fv2%2Fmedia&parent=26168"}],"wp:term":[{"taxonomy":"category","embeddable":true,"href":"https:\/\/rioonwatch.org.br\/index.php?rest_route=%2Fwp%2Fv2%2Fcategories&post=26168"},{"taxonomy":"post_tag","embeddable":true,"href":"https:\/\/rioonwatch.org.br\/index.php?rest_route=%2Fwp%2Fv2%2Ftags&post=26168"},{"taxonomy":"writer","embeddable":true,"href":"https:\/\/rioonwatch.org.br\/index.php?rest_route=%2Fwp%2Fv2%2Fwriter&post=26168"},{"taxonomy":"translator","embeddable":true,"href":"https:\/\/rioonwatch.org.br\/index.php?rest_route=%2Fwp%2Fv2%2Ftranslator&post=26168"},{"taxonomy":"source","embeddable":true,"href":"https:\/\/rioonwatch.org.br\/index.php?rest_route=%2Fwp%2Fv2%2Fsource&post=26168"},{"taxonomy":"ilustrador","embeddable":true,"href":"https:\/\/rioonwatch.org.br\/index.php?rest_route=%2Fwp%2Fv2%2Filustrador&post=26168"},{"taxonomy":"fotografo","embeddable":true,"href":"https:\/\/rioonwatch.org.br\/index.php?rest_route=%2Fwp%2Fv2%2Ffotografo&post=26168"}],"curies":[{"name":"wp","href":"https:\/\/api.w.org\/{rel}","templated":true}]}}