{"id":2619,"date":"2011-11-23T14:12:25","date_gmt":"2011-11-23T17:12:25","guid":{"rendered":"http:\/\/favela.info\/?p=2619"},"modified":"2015-08-15T00:20:51","modified_gmt":"2015-08-15T03:20:51","slug":"morador-e-assassinado-na-mare","status":"publish","type":"post","link":"https:\/\/rioonwatch.org.br\/?p=2619","title":{"rendered":"Morador \u00e9 assassinado na Mar\u00e9"},"content":{"rendered":"<p>De acordo com as primeiras informa\u00e7\u00f5es de moradores do Complexo da Mar\u00e9, um homem foi baleado nesta manh\u00e3 (22) no Complexo da Mar\u00e9. Segundo dezenas de moradores que protestam no local neste momento, o homem n\u00e3o tinha qualquer liga\u00e7\u00e3o com a a\u00e7\u00e3o da Pol\u00edcia Civil. Segundo o jornal O Dia, o homem foi identificado como Altair Bento de Oliveira, 46 anos, foi baleado e morreu na porta de casa, na Rua Ari Le\u00e3o.<\/p>\n<p>Do jornal <a href=\"http:\/\/bit.ly\/vAvRzQ\">O Dia<\/a>: &#8220;Segundo o irm\u00e3o de Altair, Alo\u00edsio Oliveira, ele voltava para casa ap\u00f3s levar a esposa no ponto de \u00f4nibus. &#8220;Meu irm\u00e3o se preocupava muito com a seguran\u00e7a. Ele sempre mantinha o port\u00e3o da rua fechado, mas morreu na porta de casa&#8221;, lamentou. Ainda de acordo com Alo\u00edsio, foi poss\u00edvel ouvir barulho de helic\u00f3ptero, seguido de fogos de artif\u00edcio e um tiro. O aposentado Auton Mateus, 56, morador da regi\u00e3o, disse que agentes da Coordenadoria de Recursos Especiais (Core) estavam em uma padaria na Rua Maur\u00edcio de Nassau. De acordo com ele, um tiro foi disparado e um homem correu at\u00e9 a Rua Ari Le\u00e3o, seguido pelos policiais. O clima ficou tenso na comunidade e moradores protestaram contra a morte de Altair, que estava desempregado e trabalhava na reforma de um com\u00e9rcio localizado ao lado de sua resid\u00eancia.&#8221;<\/p>\n<p>Segundo autoridades policiais, uma opera\u00e7\u00e3o realizada nas comunidades Parque Uni\u00e3o e Nova Holanda tinha como objetivo &#8220;cumprir quatro mandados de pris\u00e3o e seis de busca e apreens\u00e3o contra uma quadrilha acusada de praticar sequestro rel\u00e2mpagos, roubos de ve\u00edculos e a resid\u00eancia na Ilha do Governador e adjac\u00eancias.&#8221; (jornal O Dia)<\/p>\n<p>As opera\u00e7\u00f5es do BOPE, informa o jornal, s\u00e3o criticadas por moradores e representantes de Organiza\u00e7\u00f5es N\u00e3o Governamentais (ONGs), principalmente as abordagens dos policiais. \u201cAbriram a porta da casa da minha vizinha e reviraram tudo. Ela estava com os dois filhos pequenos e ficou apavorada\u201d, reclamou um mec\u00e2nico, de 32 anos. Em dois dias, sete pessoas foram baleadas. O coordenador do Observat\u00f3rio de Favelas, Jailson de Souza, prop\u00f4s a suspens\u00e3o da opera\u00e7\u00e3o, at\u00e9 que a Secretaria de Seguran\u00e7a esclare\u00e7a os objetivos da a\u00e7\u00e3o. \u201cV\u00e1rias comunidades reclamam. \u00c9 direito do cidad\u00e3o saber o que acontece. A secretaria tem que explicar\u201d.<\/p>\n<p>Mais informa\u00e7\u00f5es em breve em<a href=\"http:\/\/bit.ly\/spiNMZ\"> www.renajorp.net<\/a><\/p>\n<!-- AddThis Advanced Settings generic via filter on the_content --><!-- AddThis Share Buttons generic via filter on the_content -->","protected":false},"excerpt":{"rendered":"<div class=\"mh-excerpt\"><p>De acordo com as primeiras informa\u00e7\u00f5es de moradores do Complexo da Mar\u00e9, um homem foi baleado nesta manh\u00e3 (22) no Complexo da Mar\u00e9. Segundo dezenas de moradores que protestam no local neste momento, o homem <a class=\"mh-excerpt-more\" href=\"https:\/\/rioonwatch.org.br\/?p=2619\" title=\"Morador \u00e9 assassinado na Mar\u00e9\">[&#8230;]<\/a><!-- AddThis Advanced Settings generic via filter on get_the_excerpt --><!-- AddThis Share Buttons generic via filter on get_the_excerpt --><\/p>\n<\/div>","protected":false},"author":129,"featured_media":15744,"comment_status":"open","ping_status":"closed","sticky":false,"template":"","format":"standard","meta":{"_acf_changed":false,"_monsterinsights_skip_tracking":false,"_monsterinsights_sitenote_active":false,"_monsterinsights_sitenote_note":"","_monsterinsights_sitenote_category":0,"footnotes":""},"categories":[346],"tags":[347,332,350,349,52],"writer":[1648],"translator":[],"source":[351],"ilustrador":[],"fotografo":[],"class_list":{"0":"post-2619","1":"post","2":"type-post","3":"status-publish","4":"format-standard","5":"has-post-thumbnail","7":"category-denuncias","8":"tag-bope","9":"tag-complexo-da-mare","10":"tag-nova-holanda","11":"tag-parque-uniao","12":"tag-violencia-policial","13":"writer-rede-nacional-de-jornalistas-populares","14":"source-rede-nacional-de-jornalistas-populares"},"acf":[],"yoast_head":"<!-- This site is optimized with the Yoast SEO plugin v25.6 - https:\/\/yoast.com\/wordpress\/plugins\/seo\/ -->\n<title>Morador \u00e9 assassinado na Mar\u00e9 - RioOnWatch<\/title>\n<meta name=\"robots\" content=\"index, follow, max-snippet:-1, max-image-preview:large, max-video-preview:-1\" \/>\n<link rel=\"canonical\" href=\"https:\/\/rioonwatch.org.br\/?p=2619\" \/>\n<meta property=\"og:locale\" content=\"pt_BR\" \/>\n<meta property=\"og:type\" content=\"article\" \/>\n<meta property=\"og:title\" content=\"Morador \u00e9 assassinado na Mar\u00e9 - RioOnWatch\" \/>\n<meta property=\"og:description\" content=\"De acordo com as primeiras informa\u00e7\u00f5es de moradores do Complexo da Mar\u00e9, um homem foi baleado nesta manh\u00e3 (22) no Complexo da Mar\u00e9. Segundo dezenas de moradores que protestam no local neste momento, o homem [...]\" \/>\n<meta property=\"og:url\" content=\"https:\/\/rioonwatch.org.br\/?p=2619\" \/>\n<meta property=\"og:site_name\" content=\"RioOnWatch\" \/>\n<meta property=\"article:published_time\" content=\"2011-11-23T17:12:25+00:00\" \/>\n<meta property=\"article:modified_time\" content=\"2015-08-15T03:20:51+00:00\" \/>\n<meta property=\"og:image\" content=\"https:\/\/rioonwatch.org.br\/wp-content\/uploads\/2011\/11\/Favela-da-Mare.jpg\" \/>\n\t<meta property=\"og:image:width\" content=\"400\" \/>\n\t<meta property=\"og:image:height\" content=\"300\" \/>\n\t<meta property=\"og:image:type\" content=\"image\/jpeg\" \/>\n<meta name=\"author\" content=\"Admin\" \/>\n<meta name=\"twitter:card\" content=\"summary_large_image\" \/>\n<meta name=\"twitter:label1\" content=\"Escrito por\" \/>\n\t<meta name=\"twitter:data1\" content=\"Admin\" \/>\n\t<meta name=\"twitter:label2\" content=\"Est. tempo de leitura\" \/>\n\t<meta name=\"twitter:data2\" content=\"2 minutos\" \/>\n<script type=\"application\/ld+json\" class=\"yoast-schema-graph\">{\"@context\":\"https:\/\/schema.org\",\"@graph\":[{\"@type\":\"Article\",\"@id\":\"https:\/\/rioonwatch.org.br\/?p=2619#article\",\"isPartOf\":{\"@id\":\"https:\/\/rioonwatch.org.br\/?p=2619\"},\"author\":{\"name\":\"Admin\",\"@id\":\"https:\/\/rioonwatch.org.br\/#\/schema\/person\/11d64c290506f9df50c71b850c473f68\"},\"headline\":\"Morador \u00e9 assassinado na Mar\u00e9\",\"datePublished\":\"2011-11-23T17:12:25+00:00\",\"dateModified\":\"2015-08-15T03:20:51+00:00\",\"mainEntityOfPage\":{\"@id\":\"https:\/\/rioonwatch.org.br\/?p=2619\"},\"wordCount\":413,\"commentCount\":0,\"publisher\":{\"@id\":\"https:\/\/rioonwatch.org.br\/#organization\"},\"image\":{\"@id\":\"https:\/\/rioonwatch.org.br\/?p=2619#primaryimage\"},\"thumbnailUrl\":\"https:\/\/rioonwatch.org.br\/wp-content\/uploads\/2011\/11\/Favela-da-Mare.jpg\",\"keywords\":[\"BOPE\",\"Complexo da Mar\u00e9\",\"Nova Holanda\",\"Parque Uni\u00e3o\",\"viol\u00eancia policial\"],\"articleSection\":[\"Den\u00fancias\"],\"inLanguage\":\"pt-BR\",\"potentialAction\":[{\"@type\":\"CommentAction\",\"name\":\"Comment\",\"target\":[\"https:\/\/rioonwatch.org.br\/?p=2619#respond\"]}]},{\"@type\":\"WebPage\",\"@id\":\"https:\/\/rioonwatch.org.br\/?p=2619\",\"url\":\"https:\/\/rioonwatch.org.br\/?p=2619\",\"name\":\"Morador \u00e9 assassinado na Mar\u00e9 - RioOnWatch\",\"isPartOf\":{\"@id\":\"https:\/\/rioonwatch.org.br\/#website\"},\"primaryImageOfPage\":{\"@id\":\"https:\/\/rioonwatch.org.br\/?p=2619#primaryimage\"},\"image\":{\"@id\":\"https:\/\/rioonwatch.org.br\/?p=2619#primaryimage\"},\"thumbnailUrl\":\"https:\/\/rioonwatch.org.br\/wp-content\/uploads\/2011\/11\/Favela-da-Mare.jpg\",\"datePublished\":\"2011-11-23T17:12:25+00:00\",\"dateModified\":\"2015-08-15T03:20:51+00:00\",\"breadcrumb\":{\"@id\":\"https:\/\/rioonwatch.org.br\/?p=2619#breadcrumb\"},\"inLanguage\":\"pt-BR\",\"potentialAction\":[{\"@type\":\"ReadAction\",\"target\":[\"https:\/\/rioonwatch.org.br\/?p=2619\"]}]},{\"@type\":\"ImageObject\",\"inLanguage\":\"pt-BR\",\"@id\":\"https:\/\/rioonwatch.org.br\/?p=2619#primaryimage\",\"url\":\"https:\/\/rioonwatch.org.br\/wp-content\/uploads\/2011\/11\/Favela-da-Mare.jpg\",\"contentUrl\":\"https:\/\/rioonwatch.org.br\/wp-content\/uploads\/2011\/11\/Favela-da-Mare.jpg\",\"width\":400,\"height\":300},{\"@type\":\"BreadcrumbList\",\"@id\":\"https:\/\/rioonwatch.org.br\/?p=2619#breadcrumb\",\"itemListElement\":[{\"@type\":\"ListItem\",\"position\":1,\"name\":\"In\u00edcio\",\"item\":\"https:\/\/rioonwatch.org.br\/\"},{\"@type\":\"ListItem\",\"position\":2,\"name\":\"Morador \u00e9 assassinado na Mar\u00e9\"}]},{\"@type\":\"WebSite\",\"@id\":\"https:\/\/rioonwatch.org.br\/#website\",\"url\":\"https:\/\/rioonwatch.org.br\/\",\"name\":\"RioOnWatch\",\"description\":\"relatos das favelas cariocas\",\"publisher\":{\"@id\":\"https:\/\/rioonwatch.org.br\/#organization\"},\"potentialAction\":[{\"@type\":\"SearchAction\",\"target\":{\"@type\":\"EntryPoint\",\"urlTemplate\":\"https:\/\/rioonwatch.org.br\/?s={search_term_string}\"},\"query-input\":{\"@type\":\"PropertyValueSpecification\",\"valueRequired\":true,\"valueName\":\"search_term_string\"}}],\"inLanguage\":\"pt-BR\"},{\"@type\":\"Organization\",\"@id\":\"https:\/\/rioonwatch.org.br\/#organization\",\"name\":\"RioOnWatch\",\"url\":\"https:\/\/rioonwatch.org.br\/\",\"logo\":{\"@type\":\"ImageObject\",\"inLanguage\":\"pt-BR\",\"@id\":\"https:\/\/rioonwatch.org.br\/#\/schema\/logo\/image\/\",\"url\":\"https:\/\/rioonwatch.org.br\/wp-content\/uploads\/2021\/06\/RioOnWatchcabecalhoPT11anos-2.png\",\"contentUrl\":\"https:\/\/rioonwatch.org.br\/wp-content\/uploads\/2021\/06\/RioOnWatchcabecalhoPT11anos-2.png\",\"width\":779,\"height\":277,\"caption\":\"RioOnWatch\"},\"image\":{\"@id\":\"https:\/\/rioonwatch.org.br\/#\/schema\/logo\/image\/\"}},{\"@type\":\"Person\",\"@id\":\"https:\/\/rioonwatch.org.br\/#\/schema\/person\/11d64c290506f9df50c71b850c473f68\",\"name\":\"Admin\",\"image\":{\"@type\":\"ImageObject\",\"inLanguage\":\"pt-BR\",\"@id\":\"https:\/\/rioonwatch.org.br\/#\/schema\/person\/image\/\",\"url\":\"https:\/\/secure.gravatar.com\/avatar\/56211ac74568383903349a1485e3c325?s=96&d=blank&r=g\",\"contentUrl\":\"https:\/\/secure.gravatar.com\/avatar\/56211ac74568383903349a1485e3c325?s=96&d=blank&r=g\",\"caption\":\"Admin\"},\"url\":\"https:\/\/rioonwatch.org.br\/?author=129\"}]}<\/script>\n<!-- \/ Yoast SEO plugin. -->","yoast_head_json":{"title":"Morador \u00e9 assassinado na Mar\u00e9 - RioOnWatch","robots":{"index":"index","follow":"follow","max-snippet":"max-snippet:-1","max-image-preview":"max-image-preview:large","max-video-preview":"max-video-preview:-1"},"canonical":"https:\/\/rioonwatch.org.br\/?p=2619","og_locale":"pt_BR","og_type":"article","og_title":"Morador \u00e9 assassinado na Mar\u00e9 - RioOnWatch","og_description":"De acordo com as primeiras informa\u00e7\u00f5es de moradores do Complexo da Mar\u00e9, um homem foi baleado nesta manh\u00e3 (22) no Complexo da Mar\u00e9. Segundo dezenas de moradores que protestam no local neste momento, o homem [...]","og_url":"https:\/\/rioonwatch.org.br\/?p=2619","og_site_name":"RioOnWatch","article_published_time":"2011-11-23T17:12:25+00:00","article_modified_time":"2015-08-15T03:20:51+00:00","og_image":[{"width":400,"height":300,"url":"https:\/\/rioonwatch.org.br\/wp-content\/uploads\/2011\/11\/Favela-da-Mare.jpg","type":"image\/jpeg"}],"author":"Admin","twitter_card":"summary_large_image","twitter_misc":{"Escrito por":"Admin","Est. tempo de leitura":"2 minutos"},"schema":{"@context":"https:\/\/schema.org","@graph":[{"@type":"Article","@id":"https:\/\/rioonwatch.org.br\/?p=2619#article","isPartOf":{"@id":"https:\/\/rioonwatch.org.br\/?p=2619"},"author":{"name":"Admin","@id":"https:\/\/rioonwatch.org.br\/#\/schema\/person\/11d64c290506f9df50c71b850c473f68"},"headline":"Morador \u00e9 assassinado na Mar\u00e9","datePublished":"2011-11-23T17:12:25+00:00","dateModified":"2015-08-15T03:20:51+00:00","mainEntityOfPage":{"@id":"https:\/\/rioonwatch.org.br\/?p=2619"},"wordCount":413,"commentCount":0,"publisher":{"@id":"https:\/\/rioonwatch.org.br\/#organization"},"image":{"@id":"https:\/\/rioonwatch.org.br\/?p=2619#primaryimage"},"thumbnailUrl":"https:\/\/rioonwatch.org.br\/wp-content\/uploads\/2011\/11\/Favela-da-Mare.jpg","keywords":["BOPE","Complexo da Mar\u00e9","Nova Holanda","Parque Uni\u00e3o","viol\u00eancia policial"],"articleSection":["Den\u00fancias"],"inLanguage":"pt-BR","potentialAction":[{"@type":"CommentAction","name":"Comment","target":["https:\/\/rioonwatch.org.br\/?p=2619#respond"]}]},{"@type":"WebPage","@id":"https:\/\/rioonwatch.org.br\/?p=2619","url":"https:\/\/rioonwatch.org.br\/?p=2619","name":"Morador \u00e9 assassinado na Mar\u00e9 - RioOnWatch","isPartOf":{"@id":"https:\/\/rioonwatch.org.br\/#website"},"primaryImageOfPage":{"@id":"https:\/\/rioonwatch.org.br\/?p=2619#primaryimage"},"image":{"@id":"https:\/\/rioonwatch.org.br\/?p=2619#primaryimage"},"thumbnailUrl":"https:\/\/rioonwatch.org.br\/wp-content\/uploads\/2011\/11\/Favela-da-Mare.jpg","datePublished":"2011-11-23T17:12:25+00:00","dateModified":"2015-08-15T03:20:51+00:00","breadcrumb":{"@id":"https:\/\/rioonwatch.org.br\/?p=2619#breadcrumb"},"inLanguage":"pt-BR","potentialAction":[{"@type":"ReadAction","target":["https:\/\/rioonwatch.org.br\/?p=2619"]}]},{"@type":"ImageObject","inLanguage":"pt-BR","@id":"https:\/\/rioonwatch.org.br\/?p=2619#primaryimage","url":"https:\/\/rioonwatch.org.br\/wp-content\/uploads\/2011\/11\/Favela-da-Mare.jpg","contentUrl":"https:\/\/rioonwatch.org.br\/wp-content\/uploads\/2011\/11\/Favela-da-Mare.jpg","width":400,"height":300},{"@type":"BreadcrumbList","@id":"https:\/\/rioonwatch.org.br\/?p=2619#breadcrumb","itemListElement":[{"@type":"ListItem","position":1,"name":"In\u00edcio","item":"https:\/\/rioonwatch.org.br\/"},{"@type":"ListItem","position":2,"name":"Morador \u00e9 assassinado na Mar\u00e9"}]},{"@type":"WebSite","@id":"https:\/\/rioonwatch.org.br\/#website","url":"https:\/\/rioonwatch.org.br\/","name":"RioOnWatch","description":"relatos das favelas cariocas","publisher":{"@id":"https:\/\/rioonwatch.org.br\/#organization"},"potentialAction":[{"@type":"SearchAction","target":{"@type":"EntryPoint","urlTemplate":"https:\/\/rioonwatch.org.br\/?s={search_term_string}"},"query-input":{"@type":"PropertyValueSpecification","valueRequired":true,"valueName":"search_term_string"}}],"inLanguage":"pt-BR"},{"@type":"Organization","@id":"https:\/\/rioonwatch.org.br\/#organization","name":"RioOnWatch","url":"https:\/\/rioonwatch.org.br\/","logo":{"@type":"ImageObject","inLanguage":"pt-BR","@id":"https:\/\/rioonwatch.org.br\/#\/schema\/logo\/image\/","url":"https:\/\/rioonwatch.org.br\/wp-content\/uploads\/2021\/06\/RioOnWatchcabecalhoPT11anos-2.png","contentUrl":"https:\/\/rioonwatch.org.br\/wp-content\/uploads\/2021\/06\/RioOnWatchcabecalhoPT11anos-2.png","width":779,"height":277,"caption":"RioOnWatch"},"image":{"@id":"https:\/\/rioonwatch.org.br\/#\/schema\/logo\/image\/"}},{"@type":"Person","@id":"https:\/\/rioonwatch.org.br\/#\/schema\/person\/11d64c290506f9df50c71b850c473f68","name":"Admin","image":{"@type":"ImageObject","inLanguage":"pt-BR","@id":"https:\/\/rioonwatch.org.br\/#\/schema\/person\/image\/","url":"https:\/\/secure.gravatar.com\/avatar\/56211ac74568383903349a1485e3c325?s=96&d=blank&r=g","contentUrl":"https:\/\/secure.gravatar.com\/avatar\/56211ac74568383903349a1485e3c325?s=96&d=blank&r=g","caption":"Admin"},"url":"https:\/\/rioonwatch.org.br\/?author=129"}]}},"_links":{"self":[{"href":"https:\/\/rioonwatch.org.br\/index.php?rest_route=\/wp\/v2\/posts\/2619"}],"collection":[{"href":"https:\/\/rioonwatch.org.br\/index.php?rest_route=\/wp\/v2\/posts"}],"about":[{"href":"https:\/\/rioonwatch.org.br\/index.php?rest_route=\/wp\/v2\/types\/post"}],"author":[{"embeddable":true,"href":"https:\/\/rioonwatch.org.br\/index.php?rest_route=\/wp\/v2\/users\/129"}],"replies":[{"embeddable":true,"href":"https:\/\/rioonwatch.org.br\/index.php?rest_route=%2Fwp%2Fv2%2Fcomments&post=2619"}],"version-history":[{"count":24,"href":"https:\/\/rioonwatch.org.br\/index.php?rest_route=\/wp\/v2\/posts\/2619\/revisions"}],"predecessor-version":[{"id":15922,"href":"https:\/\/rioonwatch.org.br\/index.php?rest_route=\/wp\/v2\/posts\/2619\/revisions\/15922"}],"wp:featuredmedia":[{"embeddable":true,"href":"https:\/\/rioonwatch.org.br\/index.php?rest_route=\/wp\/v2\/media\/15744"}],"wp:attachment":[{"href":"https:\/\/rioonwatch.org.br\/index.php?rest_route=%2Fwp%2Fv2%2Fmedia&parent=2619"}],"wp:term":[{"taxonomy":"category","embeddable":true,"href":"https:\/\/rioonwatch.org.br\/index.php?rest_route=%2Fwp%2Fv2%2Fcategories&post=2619"},{"taxonomy":"post_tag","embeddable":true,"href":"https:\/\/rioonwatch.org.br\/index.php?rest_route=%2Fwp%2Fv2%2Ftags&post=2619"},{"taxonomy":"writer","embeddable":true,"href":"https:\/\/rioonwatch.org.br\/index.php?rest_route=%2Fwp%2Fv2%2Fwriter&post=2619"},{"taxonomy":"translator","embeddable":true,"href":"https:\/\/rioonwatch.org.br\/index.php?rest_route=%2Fwp%2Fv2%2Ftranslator&post=2619"},{"taxonomy":"source","embeddable":true,"href":"https:\/\/rioonwatch.org.br\/index.php?rest_route=%2Fwp%2Fv2%2Fsource&post=2619"},{"taxonomy":"ilustrador","embeddable":true,"href":"https:\/\/rioonwatch.org.br\/index.php?rest_route=%2Fwp%2Fv2%2Filustrador&post=2619"},{"taxonomy":"fotografo","embeddable":true,"href":"https:\/\/rioonwatch.org.br\/index.php?rest_route=%2Fwp%2Fv2%2Ffotografo&post=2619"}],"curies":[{"name":"wp","href":"https:\/\/api.w.org\/{rel}","templated":true}]}}