{"id":26293,"date":"2017-06-15T17:41:32","date_gmt":"2017-06-15T20:41:32","guid":{"rendered":"http:\/\/rioonwatch.org.br\/?p=26293"},"modified":"2018-06-18T11:15:39","modified_gmt":"2018-06-18T14:15:39","slug":"painel-debate-mudancas-climaticas-e-a-cidade-do-rio-de-janeiro","status":"publish","type":"post","link":"https:\/\/rioonwatch.org.br\/?p=26293","title":{"rendered":"Painel Debate Mudan\u00e7as Clim\u00e1ticas e a Cidade do Rio de Janeiro"},"content":{"rendered":"<p style=\"text-align: right;\"><em><strong><a href=\"http:\/\/bit.ly\/2sGNpWl\" target=\"_blank\" rel=\"noopener noreferrer\">Click Here for English<img decoding=\"async\" width=\"20\" height=\"20\" class=\"alignright wp-image-15790\" src=\"http:\/\/rioonwatch.org.br\/wp-content\/uploads\/2012\/08\/EN-standard-e1439583104716.jpg\" alt=\"\" \/><\/a><\/strong><\/em><\/p>\n<p>Na \u00faltima semana, entre os dias 6 e 10 de junho de 2017, aconteceu a <a href=\"http:\/\/bit.ly\/2tmFInA\" target=\"_blank\" rel=\"noopener\">XXI Semana do Meio Ambiente da PUC-Rio<\/a> organizada pelo N\u00facleo Interdisciplinar de Meio Ambiente da PUC. Apresentando ciclos de palestras, debates e oficinas ligadas a\u00a0<a href=\"http:\/\/bit.ly\/1v5zfI2\" target=\"_blank\" rel=\"noopener\">sustentabilidade<\/a>, todas as atividades eram abertas ao p\u00fablico. O evento contou com a participa\u00e7\u00e3o de volunt\u00e1rios e organiza\u00e7\u00f5es ecol\u00f3gicas que auxiliaram na organiza\u00e7\u00e3o e na promo\u00e7\u00e3o dos eventos.<\/p>\n<p><a href=\"http:\/\/rioonwatch.org.br\/wp-content\/uploads\/2017\/06\/IMG_9767.jpg\"><img fetchpriority=\"high\" decoding=\"async\" class=\"aligncenter wp-image-26359 size-content\" title=\"Palestra de Martha Barata \" src=\"http:\/\/rioonwatch.org.br\/wp-content\/uploads\/2017\/06\/IMG_9767-620x264.jpg\" alt=\"\" width=\"620\" height=\"264\" srcset=\"https:\/\/rioonwatch.org.br\/wp-content\/uploads\/2017\/06\/IMG_9767-620x264.jpg 620w, https:\/\/rioonwatch.org.br\/wp-content\/uploads\/2017\/06\/IMG_9767-940x400.jpg 940w\" sizes=\"(max-width: 620px) 100vw, 620px\" \/><\/a><\/p>\n<p>O painel que finalizou a Semana do Meio Ambiente foi realizada em parceria com a <a href=\"http:\/\/bit.ly\/2t2fabA\" target=\"_blank\" rel=\"noopener\">Virada Sustent\u00e1vel Rio de Janeiro<\/a> com o tema da\u00a0<a href=\"http:\/\/bit.ly\/2rwlYkP\" target=\"_blank\" rel=\"noopener\">Mudan\u00e7a Clim\u00e1tica e a Cidade do Rio de Janeiro<\/a>. O di\u00e1logo ressaltava o impacto nas cidades por meio de quest\u00f5es diversas que, apesar de ser de extrema relev\u00e2ncia no presente e no futuro, continua sendo um tema muito pouco explorado no cotidiano pela popula\u00e7\u00e3o. Com eventos clim\u00e1ticos acontecendo com cada vez mais intensidade e frequ\u00eancia, o painel abordou como\u00a0o Rio de Janeiro estar\u00e1 se preparando e apresentou estudos de casos com solu\u00e7\u00f5es para os desafios que se apresentam: aumento das temperaturas urbanas, impactos na sa\u00fade, eleva\u00e7\u00e3o do n\u00edvel do mar, dentre<span class=\"text_exposed_show\">\u00a0outras.<\/span><\/p>\n<p>O painel reuniu pesquisadoras representando a cidade do Rio de Janeiro que fazem parte da <a href=\"http:\/\/bit.ly\/1PU2wCz\" target=\"_blank\" rel=\"noopener\">Urban Climate Change Research Network, ou UCCRN<\/a> (Rede de Pesquisas em Mudan\u00e7as Clim\u00e1ticas Urbanas) que foi fundada a partir da segunda confer\u00eancia da\u00a0C40\u00a0C\u00fapula Clim\u00e1tica de Grandes Cidades\u00a0<a href=\"http:\/\/on.nyc.gov\/2rw4pg0\" target=\"_blank\" rel=\"noopener\">em Nova York em 2007<\/a>.\u00a0As participantes eram Cecilia Herzog, professora do Departamento de Arquitetura e Urbanismo da PUC-Rio; Maria Fernanda Lemos, diretora e professora do Departamento de Arquitetura e Urbanismo da PUC-Rio; Martha Barata, professora e pesquisadora da Fiocruz; e Flavia Carlone, Coordenadora de Sustentabilidade e Resili\u00eancia da Prefeitura do Rio de Janeiro.<\/p>\n<p>Durante a palestra elas apresentaram o projeto em que colaboraram auxiliando representantes e indiv\u00edduos a administrar quest\u00f5es ambientais atrav\u00e9s da constru\u00e7\u00e3o e do fornecimento de ferramentas p\u00fablicas, como relat\u00f3rios oficiais disponibilizados <a href=\"http:\/\/bit.ly\/2rjjXnW\" target=\"_blank\" rel=\"noopener\">na\u00a0p\u00e1gina\u00a0da Rede de Pesquisas em Mudan\u00e7as Clim\u00e1ticas Urbanas<\/a> da Universidade de Columbia e divulgaram os <a href=\"http:\/\/bit.ly\/2rwxU10\" target=\"_blank\" rel=\"noopener\">dois relat\u00f3rios oficiais ARC3<\/a> que documentam cidades que realizaram ajustes para se adequar \u00e0s mudan\u00e7as clim\u00e1ticas. A organiza\u00e7\u00e3o tem como objetivo\u00a0auxiliar na gest\u00e3o do risco clim\u00e1tico para a sa\u00fade da popula\u00e7\u00e3o e potencializar a\u00e7\u00f5es de mitiga\u00e7\u00e3o: &#8220;possu\u00edmos um arsenal de informa\u00e7\u00f5es, temos o bastante, mas n\u00e3o usamos&#8221;, disse Martha.&#8221;As cidades s\u00e3o diferentes apesar de haver meios de comunica\u00e7\u00e3o simult\u00e2neos que nos permitam interagir, mas precisa haver n\u00facleos regionais que monitorem (as cidades) para a popula\u00e7\u00e3o local usar os dados.&#8221;<\/p>\n<p><a href=\"http:\/\/rioonwatch.org.br\/wp-content\/uploads\/2017\/06\/IMG_9802.jpg\"><img decoding=\"async\" class=\"aligncenter wp-image-26363 size-content\" title=\"Apresenta\u00e7\u00e3o de Flavia Carlone\" src=\"http:\/\/rioonwatch.org.br\/wp-content\/uploads\/2017\/06\/IMG_9802-620x264.jpg\" alt=\"Flavia Carlone\" width=\"620\" height=\"264\" srcset=\"https:\/\/rioonwatch.org.br\/wp-content\/uploads\/2017\/06\/IMG_9802-620x264.jpg 620w, https:\/\/rioonwatch.org.br\/wp-content\/uploads\/2017\/06\/IMG_9802-940x400.jpg 940w\" sizes=\"(max-width: 620px) 100vw, 620px\" \/><\/a><\/p>\n<p>O painel teve enfoque no mal planejamento urbano que n\u00e3o responde \u00e0s intemp\u00e9ries naturais relacionando o conhecimento cient\u00edfico sobre mudan\u00e7as do clima e a sa\u00fade urbana. Ressaltaram o exemplo da enchente que ocorreu em <a href=\"http:\/\/bit.ly\/2rrRhNR\" target=\"_blank\" rel=\"noopener\">Nova Friburgo em 2011<\/a>\u00a0e que acarretou muitas mortes e desabrigados, tiveram todos os seus servi\u00e7os (<a href=\"http:\/\/bit.ly\/1GyyKkX\" target=\"_blank\" rel=\"noopener\">\u00e1gua<\/a>, <a href=\"http:\/\/bit.ly\/2spiQX1\" target=\"_blank\" rel=\"noopener\">energia<\/a>, <a href=\"http:\/\/bit.ly\/1yzeVVK\" target=\"_blank\" rel=\"noopener\">transporte<\/a>, telecomunica\u00e7\u00e3o) prejudicados e seis meses depois, foram contatados casos de dengue e leptospirose, normalmente consideradas raras na regi\u00e3o. &#8220;Precisamos ampliar a percep\u00e7\u00e3o das pessoas sobre a vulnerabilidade do meio que vivemos&#8221;, ressaltou Martha. O projeto refor\u00e7a que <a href=\"http:\/\/bit.ly\/1kzUmMv\" target=\"_blank\" rel=\"noopener\">sa\u00fade<\/a> \u00e9 o bem estar f\u00edsico, mental e social dos indiv\u00edduos, n\u00e3o a aus\u00eancia de doen\u00e7a ou enfermidade. Com isso, o sistema de sa\u00fade compreende todas as organiza\u00e7\u00f5es, institui\u00e7\u00f5es e recursos destinados a atuar com o objetivo de melhorar, manter e restaurar a sa\u00fade da popula\u00e7\u00e3o. Para cultivarmos cidades sustent\u00e1veis, precisamos nos basear em tr\u00eas pilares: social, ambiental e econ\u00f4mico. A sa\u00fade (f\u00edsica, mental e social) esta intr\u00ednseca aos tr\u00eas, e o clima \u00e9 um fator de risco que afeta todos esses n\u00facleos.<\/p>\n<p>Fl\u00e1via Carlone ressaltou que &#8220;precisamos quebrar o paradigma de que as iniciativas da prefeitura s\u00e3o dos governantes. Elas s\u00e3o do Estado para a cidade&#8221;. Segundo ela, seria \u00e1rduo negociar e controlar acordos em escalas maiores como conven\u00e7\u00f5es internacionais, pois prefeitos e suas cidades conseguem melhor intera\u00e7\u00e3o por quest\u00f5es diplom\u00e1ticas. &#8220;H\u00e1 diferen\u00e7as sazonais dentro do mesmo territ\u00f3rio. Temos dificuldade em segmentar e agir e n\u00e3o podemos ser imediatistas, pois h\u00e1 fatores como ondas e ilhas de calor, enchentes, diferen\u00e7as em relevos. E pela cidade [do Rio de Janeiro] estar situada na costa, h\u00e1 muitas adversidades no territ\u00f3rio. Precisamos incluir o risco clim\u00e1tico no planejamento estrat\u00e9gico. Precisamos entender como as pessoas e as comunidades respondem e como a <a href=\"http:\/\/bit.ly\/2ksCmOD\" target=\"_blank\" rel=\"noopener\">resili\u00eancia<\/a> funciona em diferentes contextos: cidade, comunidade e no n\u00edvel individual.&#8221;<\/p>\n<p><a href=\"http:\/\/rioonwatch.org.br\/wp-content\/uploads\/2017\/06\/IMG_9826.jpg\"><img loading=\"lazy\" decoding=\"async\" class=\"aligncenter wp-image-26368 size-content\" title=\"Apreenta\u00e7\u00e3o da Profa. Cec\u00edlia Herzog\" src=\"http:\/\/rioonwatch.org.br\/wp-content\/uploads\/2017\/06\/IMG_9826-620x264.jpg\" alt=\"\" width=\"620\" height=\"264\" srcset=\"https:\/\/rioonwatch.org.br\/wp-content\/uploads\/2017\/06\/IMG_9826-620x264.jpg 620w, https:\/\/rioonwatch.org.br\/wp-content\/uploads\/2017\/06\/IMG_9826-940x400.jpg 940w\" sizes=\"(max-width: 620px) 100vw, 620px\" \/><\/a><\/p>\n<p>Cec\u00edlia Herzog apresentou o quadro sobre <a href=\"http:\/\/bit.ly\/2q1N8up\" target=\"_blank\" rel=\"noopener\">biodiversidade<\/a> e ecossistemas urbanos, falando da vegeta\u00e7\u00e3o, solo e \u00e1reas cobertas por \u00e1guas que se encontram em \u00e1reas urbanas e periurbanas, em m\u00faltiplas escalas; e a ecologia urbana que busca caminhos para mitiga\u00e7\u00e3o de cidades baseada nos ecossistemas. Para adaptar, precisamos nos adequar, reintroduzir a natureza \u00e0 cidade implantando infraestrutura verde: &#8220;natureza \u00e9 para se aprender a conviver, n\u00e3o controlar&#8221;. Podemos aproveitar as condi\u00e7\u00f5es naturais do nosso contexto geogr\u00e1fico, ela insistiu que &#8220;devemos manejar e utilizar as \u00e1guas da chuva, n\u00e3o drenar como se pensa comumente&#8221;.<\/p>\n<p>Para finalizar o painel, Maria Fernanda Lemos apresentou como estudo de caso a <a href=\"http:\/\/bit.ly\/1sXO2Ym\" target=\"_blank\" rel=\"noopener\">Vila dos Atletas, conhecida como Ilha Pura<\/a>, situada na <a href=\"http:\/\/bit.ly\/11tBmFR\" target=\"_blank\" rel=\"noopener\">Zona Oeste<\/a> do Rio,\u00a0<a href=\"http:\/\/bit.ly\/1OSYF94\" target=\"_blank\" rel=\"noopener\">um modelo insustent\u00e1vel e desadaptado<\/a>. As tecnologias construtivas empregadas foram inadequadas para o ambiente natural, e foi prejudicado tamb\u00e9m o contexto social, pois desabrigou moradores da regi\u00e3o. Agravou a segrega\u00e7\u00e3o social e f\u00edsico-territorial. A regi\u00e3o onde foi implementada a Vila \u00e9 de grande fragilidade ambiental, sendo uma \u00e1rea extremamente alagadi\u00e7a que antigamente abrigava um p\u00e2ntano. &#8220;Na <a href=\"http:\/\/bit.ly\/1mNsDyk\" target=\"_blank\" rel=\"noopener\">Zona Sul<\/a>, foram realizados, h\u00e1 muito tempo, os aterramentos. N\u00e3o t\u00ednhamos condi\u00e7\u00f5es de fazer o mesmo no Centro Ol\u00edmpico. As obras afogaram ainda mais a regi\u00e3o. Foi necess\u00e1rio um consumo excessivo de energia e recursos para as obras.&#8221;<\/p>\n<p><a href=\"http:\/\/rioonwatch.org.br\/wp-content\/uploads\/2017\/06\/IMG_9832.jpg\"><img loading=\"lazy\" decoding=\"async\" class=\"aligncenter wp-image-26370 size-content\" title=\"Apresenta\u00e7\u00e3o da Profa. Maria Fernanda Lemos\" src=\"http:\/\/rioonwatch.org.br\/wp-content\/uploads\/2017\/06\/IMG_9832-620x264.jpg\" alt=\"\" width=\"620\" height=\"264\" srcset=\"https:\/\/rioonwatch.org.br\/wp-content\/uploads\/2017\/06\/IMG_9832-620x264.jpg 620w, https:\/\/rioonwatch.org.br\/wp-content\/uploads\/2017\/06\/IMG_9832-940x400.jpg 940w\" sizes=\"(max-width: 620px) 100vw, 620px\" \/><\/a><\/p>\n<p>O painel apresentou a import\u00e2ncia da coes\u00e3o em todas as fases e diretrizes de planejamento, especialmente em favelas que carecem de mobilidade urbana, servi\u00e7os p\u00fablicos, que s\u00e3o de alta densidade e baixa qualidade ambiental, ou desconectadas de outras regi\u00f5es da cidade. Tamb\u00e9m apresentaram modelos de a\u00e7\u00e3o contra desastres naturais que ocorrem com ou sem as mudan\u00e7as clim\u00e1ticas, que com adapta\u00e7\u00f5es poderiam reduzir a vulnerabilidade. Pois \u00e9 poss\u00edvel tomar atitudes em \u00e1reas de risco sem investir muito, usando din\u00e2micas de constru\u00e7\u00e3o privada.<\/p>\n<p>Ao final da apresenta\u00e7\u00e3o, foram abertas perguntas \u00e0 plateia. Uma espectadora moradora de favela comunicou que &#8220;muitos est\u00e3o cientes da fragilidade do ambiente em que vivem, sabem das condi\u00e7\u00f5es, mas dependem infelizmente de esferas pol\u00edticas para tomar iniciativas em rela\u00e7\u00e3o ao mal planejamento urbano das comunidades&#8221;. As apresentadoras real\u00e7aram a import\u00e2ncia de eventos como essa palestra, para al\u00e9m da Semana de Meio Ambiente e Virada Sustent\u00e1vel, pois para indiv\u00edduos estarem a par de solu\u00e7\u00f5es sustent\u00e1veis em todas as escalas, \u00e9 necess\u00e1rio expandir o conhecimento e gerar debates e conversas, para buscar melhores solu\u00e7\u00f5es para a ecologia urbana.<\/p>\n<!-- AddThis Advanced Settings generic via filter on the_content --><!-- AddThis Share Buttons generic via filter on the_content -->","protected":false},"excerpt":{"rendered":"<div class=\"mh-excerpt\"><p>Click Here for English Na \u00faltima semana, entre os dias 6 e 10 de junho de 2017, aconteceu a XXI Semana do Meio Ambiente da PUC-Rio organizada pelo N\u00facleo Interdisciplinar de Meio Ambiente da PUC. <a class=\"mh-excerpt-more\" href=\"https:\/\/rioonwatch.org.br\/?p=26293\" title=\"Painel Debate Mudan\u00e7as Clim\u00e1ticas e a Cidade do Rio de Janeiro\">[&#8230;]<\/a><!-- AddThis Advanced Settings generic via filter on get_the_excerpt --><!-- AddThis Share Buttons generic via filter on get_the_excerpt --><\/p>\n<\/div>","protected":false},"author":185,"featured_media":26397,"comment_status":"closed","ping_status":"closed","sticky":false,"template":"","format":"standard","meta":{"_acf_changed":false,"_monsterinsights_skip_tracking":false,"_monsterinsights_sitenote_active":false,"_monsterinsights_sitenote_note":"","_monsterinsights_sitenote_category":0,"footnotes":""},"categories":[1627,1639],"tags":[709,922,1606,106,1719,1545,404,2386,184],"writer":[2128],"translator":[],"source":[],"ilustrador":[],"fotografo":[],"class_list":{"0":"post-26293","1":"post","2":"type-post","3":"status-publish","4":"format-standard","5":"has-post-thumbnail","7":"category-relato-de-evento","8":"category-sustentabilidade","9":"tag-debate","10":"tag-evento","11":"tag-ilha-pura","12":"tag-meio-ambiente","13":"tag-mudancas-climaticas","14":"tag-puc","15":"tag-sustentabilidade","16":"tag-virada-sustentavel","17":"tag-zona-oeste","18":"writer-juliana-torres"},"acf":[],"yoast_head":"<!-- This site is optimized with the Yoast SEO plugin v25.6 - https:\/\/yoast.com\/wordpress\/plugins\/seo\/ -->\n<title>Painel Debate Mudan\u00e7as Clim\u00e1ticas e a Cidade do Rio de Janeiro - RioOnWatch<\/title>\n<meta name=\"robots\" content=\"index, follow, max-snippet:-1, max-image-preview:large, max-video-preview:-1\" \/>\n<link rel=\"canonical\" href=\"https:\/\/rioonwatch.org.br\/?p=26293\" \/>\n<meta property=\"og:locale\" content=\"pt_BR\" \/>\n<meta property=\"og:type\" content=\"article\" \/>\n<meta property=\"og:title\" content=\"Painel Debate Mudan\u00e7as Clim\u00e1ticas e a Cidade do Rio de Janeiro - RioOnWatch\" \/>\n<meta property=\"og:description\" content=\"Click Here for English Na \u00faltima semana, entre os dias 6 e 10 de junho de 2017, aconteceu a XXI Semana do Meio Ambiente da PUC-Rio organizada pelo N\u00facleo Interdisciplinar de Meio Ambiente da PUC. [...]\" \/>\n<meta property=\"og:url\" content=\"https:\/\/rioonwatch.org.br\/?p=26293\" \/>\n<meta property=\"og:site_name\" content=\"RioOnWatch\" \/>\n<meta property=\"article:published_time\" content=\"2017-06-15T20:41:32+00:00\" \/>\n<meta property=\"article:modified_time\" content=\"2018-06-18T14:15:39+00:00\" \/>\n<meta property=\"og:image\" content=\"https:\/\/rioonwatch.org.br\/wp-content\/uploads\/2017\/06\/PUC-Semana.jpg\" \/>\n\t<meta property=\"og:image:width\" content=\"1920\" \/>\n\t<meta property=\"og:image:height\" content=\"1017\" \/>\n\t<meta property=\"og:image:type\" content=\"image\/jpeg\" \/>\n<meta name=\"author\" content=\"Ex Intern\" \/>\n<meta name=\"twitter:card\" content=\"summary_large_image\" \/>\n<meta name=\"twitter:label1\" content=\"Escrito por\" \/>\n\t<meta name=\"twitter:data1\" content=\"Ex Intern\" \/>\n\t<meta name=\"twitter:label2\" content=\"Est. tempo de leitura\" \/>\n\t<meta name=\"twitter:data2\" content=\"6 minutos\" \/>\n<script type=\"application\/ld+json\" class=\"yoast-schema-graph\">{\"@context\":\"https:\/\/schema.org\",\"@graph\":[{\"@type\":\"Article\",\"@id\":\"https:\/\/rioonwatch.org.br\/?p=26293#article\",\"isPartOf\":{\"@id\":\"https:\/\/rioonwatch.org.br\/?p=26293\"},\"author\":{\"name\":\"Ex Intern\",\"@id\":\"https:\/\/rioonwatch.org.br\/#\/schema\/person\/d9d9b44e2e2b3c7ece6b2117097ced03\"},\"headline\":\"Painel Debate Mudan\u00e7as Clim\u00e1ticas e a Cidade do Rio de Janeiro\",\"datePublished\":\"2017-06-15T20:41:32+00:00\",\"dateModified\":\"2018-06-18T14:15:39+00:00\",\"mainEntityOfPage\":{\"@id\":\"https:\/\/rioonwatch.org.br\/?p=26293\"},\"wordCount\":1255,\"publisher\":{\"@id\":\"https:\/\/rioonwatch.org.br\/#organization\"},\"image\":{\"@id\":\"https:\/\/rioonwatch.org.br\/?p=26293#primaryimage\"},\"thumbnailUrl\":\"https:\/\/rioonwatch.org.br\/wp-content\/uploads\/2017\/06\/PUC-Semana.jpg\",\"keywords\":[\"debate\",\"evento\",\"Ilha Pura\",\"meio ambiente\",\"mudan\u00e7as clim\u00e1ticas\",\"PUC\",\"sustentabilidade\",\"Virada Sustent\u00e1vel\",\"Zona Oeste\"],\"articleSection\":[\"Cobertura de Eventos\",\"Sustentabilidade\"],\"inLanguage\":\"pt-BR\"},{\"@type\":\"WebPage\",\"@id\":\"https:\/\/rioonwatch.org.br\/?p=26293\",\"url\":\"https:\/\/rioonwatch.org.br\/?p=26293\",\"name\":\"Painel Debate Mudan\u00e7as Clim\u00e1ticas e a Cidade do Rio de Janeiro - RioOnWatch\",\"isPartOf\":{\"@id\":\"https:\/\/rioonwatch.org.br\/#website\"},\"primaryImageOfPage\":{\"@id\":\"https:\/\/rioonwatch.org.br\/?p=26293#primaryimage\"},\"image\":{\"@id\":\"https:\/\/rioonwatch.org.br\/?p=26293#primaryimage\"},\"thumbnailUrl\":\"https:\/\/rioonwatch.org.br\/wp-content\/uploads\/2017\/06\/PUC-Semana.jpg\",\"datePublished\":\"2017-06-15T20:41:32+00:00\",\"dateModified\":\"2018-06-18T14:15:39+00:00\",\"breadcrumb\":{\"@id\":\"https:\/\/rioonwatch.org.br\/?p=26293#breadcrumb\"},\"inLanguage\":\"pt-BR\",\"potentialAction\":[{\"@type\":\"ReadAction\",\"target\":[\"https:\/\/rioonwatch.org.br\/?p=26293\"]}]},{\"@type\":\"ImageObject\",\"inLanguage\":\"pt-BR\",\"@id\":\"https:\/\/rioonwatch.org.br\/?p=26293#primaryimage\",\"url\":\"https:\/\/rioonwatch.org.br\/wp-content\/uploads\/2017\/06\/PUC-Semana.jpg\",\"contentUrl\":\"https:\/\/rioonwatch.org.br\/wp-content\/uploads\/2017\/06\/PUC-Semana.jpg\",\"width\":1920,\"height\":1017},{\"@type\":\"BreadcrumbList\",\"@id\":\"https:\/\/rioonwatch.org.br\/?p=26293#breadcrumb\",\"itemListElement\":[{\"@type\":\"ListItem\",\"position\":1,\"name\":\"In\u00edcio\",\"item\":\"https:\/\/rioonwatch.org.br\/\"},{\"@type\":\"ListItem\",\"position\":2,\"name\":\"Painel Debate Mudan\u00e7as Clim\u00e1ticas e a Cidade do Rio de Janeiro\"}]},{\"@type\":\"WebSite\",\"@id\":\"https:\/\/rioonwatch.org.br\/#website\",\"url\":\"https:\/\/rioonwatch.org.br\/\",\"name\":\"RioOnWatch\",\"description\":\"relatos das favelas cariocas\",\"publisher\":{\"@id\":\"https:\/\/rioonwatch.org.br\/#organization\"},\"potentialAction\":[{\"@type\":\"SearchAction\",\"target\":{\"@type\":\"EntryPoint\",\"urlTemplate\":\"https:\/\/rioonwatch.org.br\/?s={search_term_string}\"},\"query-input\":{\"@type\":\"PropertyValueSpecification\",\"valueRequired\":true,\"valueName\":\"search_term_string\"}}],\"inLanguage\":\"pt-BR\"},{\"@type\":\"Organization\",\"@id\":\"https:\/\/rioonwatch.org.br\/#organization\",\"name\":\"RioOnWatch\",\"url\":\"https:\/\/rioonwatch.org.br\/\",\"logo\":{\"@type\":\"ImageObject\",\"inLanguage\":\"pt-BR\",\"@id\":\"https:\/\/rioonwatch.org.br\/#\/schema\/logo\/image\/\",\"url\":\"https:\/\/rioonwatch.org.br\/wp-content\/uploads\/2021\/06\/RioOnWatchcabecalhoPT11anos-2.png\",\"contentUrl\":\"https:\/\/rioonwatch.org.br\/wp-content\/uploads\/2021\/06\/RioOnWatchcabecalhoPT11anos-2.png\",\"width\":779,\"height\":277,\"caption\":\"RioOnWatch\"},\"image\":{\"@id\":\"https:\/\/rioonwatch.org.br\/#\/schema\/logo\/image\/\"}},{\"@type\":\"Person\",\"@id\":\"https:\/\/rioonwatch.org.br\/#\/schema\/person\/d9d9b44e2e2b3c7ece6b2117097ced03\",\"name\":\"Ex Intern\",\"image\":{\"@type\":\"ImageObject\",\"inLanguage\":\"pt-BR\",\"@id\":\"https:\/\/rioonwatch.org.br\/#\/schema\/person\/image\/\",\"url\":\"https:\/\/secure.gravatar.com\/avatar\/7bfc488c898c6fb478cd556f856fbbe0?s=96&d=blank&r=g\",\"contentUrl\":\"https:\/\/secure.gravatar.com\/avatar\/7bfc488c898c6fb478cd556f856fbbe0?s=96&d=blank&r=g\",\"caption\":\"Ex Intern\"},\"url\":\"https:\/\/rioonwatch.org.br\/?author=185\"}]}<\/script>\n<!-- \/ Yoast SEO plugin. -->","yoast_head_json":{"title":"Painel Debate Mudan\u00e7as Clim\u00e1ticas e a Cidade do Rio de Janeiro - RioOnWatch","robots":{"index":"index","follow":"follow","max-snippet":"max-snippet:-1","max-image-preview":"max-image-preview:large","max-video-preview":"max-video-preview:-1"},"canonical":"https:\/\/rioonwatch.org.br\/?p=26293","og_locale":"pt_BR","og_type":"article","og_title":"Painel Debate Mudan\u00e7as Clim\u00e1ticas e a Cidade do Rio de Janeiro - RioOnWatch","og_description":"Click Here for English Na \u00faltima semana, entre os dias 6 e 10 de junho de 2017, aconteceu a XXI Semana do Meio Ambiente da PUC-Rio organizada pelo N\u00facleo Interdisciplinar de Meio Ambiente da PUC. [...]","og_url":"https:\/\/rioonwatch.org.br\/?p=26293","og_site_name":"RioOnWatch","article_published_time":"2017-06-15T20:41:32+00:00","article_modified_time":"2018-06-18T14:15:39+00:00","og_image":[{"width":1920,"height":1017,"url":"https:\/\/rioonwatch.org.br\/wp-content\/uploads\/2017\/06\/PUC-Semana.jpg","type":"image\/jpeg"}],"author":"Ex Intern","twitter_card":"summary_large_image","twitter_misc":{"Escrito por":"Ex Intern","Est. tempo de leitura":"6 minutos"},"schema":{"@context":"https:\/\/schema.org","@graph":[{"@type":"Article","@id":"https:\/\/rioonwatch.org.br\/?p=26293#article","isPartOf":{"@id":"https:\/\/rioonwatch.org.br\/?p=26293"},"author":{"name":"Ex Intern","@id":"https:\/\/rioonwatch.org.br\/#\/schema\/person\/d9d9b44e2e2b3c7ece6b2117097ced03"},"headline":"Painel Debate Mudan\u00e7as Clim\u00e1ticas e a Cidade do Rio de Janeiro","datePublished":"2017-06-15T20:41:32+00:00","dateModified":"2018-06-18T14:15:39+00:00","mainEntityOfPage":{"@id":"https:\/\/rioonwatch.org.br\/?p=26293"},"wordCount":1255,"publisher":{"@id":"https:\/\/rioonwatch.org.br\/#organization"},"image":{"@id":"https:\/\/rioonwatch.org.br\/?p=26293#primaryimage"},"thumbnailUrl":"https:\/\/rioonwatch.org.br\/wp-content\/uploads\/2017\/06\/PUC-Semana.jpg","keywords":["debate","evento","Ilha Pura","meio ambiente","mudan\u00e7as clim\u00e1ticas","PUC","sustentabilidade","Virada Sustent\u00e1vel","Zona Oeste"],"articleSection":["Cobertura de Eventos","Sustentabilidade"],"inLanguage":"pt-BR"},{"@type":"WebPage","@id":"https:\/\/rioonwatch.org.br\/?p=26293","url":"https:\/\/rioonwatch.org.br\/?p=26293","name":"Painel Debate Mudan\u00e7as Clim\u00e1ticas e a Cidade do Rio de Janeiro - RioOnWatch","isPartOf":{"@id":"https:\/\/rioonwatch.org.br\/#website"},"primaryImageOfPage":{"@id":"https:\/\/rioonwatch.org.br\/?p=26293#primaryimage"},"image":{"@id":"https:\/\/rioonwatch.org.br\/?p=26293#primaryimage"},"thumbnailUrl":"https:\/\/rioonwatch.org.br\/wp-content\/uploads\/2017\/06\/PUC-Semana.jpg","datePublished":"2017-06-15T20:41:32+00:00","dateModified":"2018-06-18T14:15:39+00:00","breadcrumb":{"@id":"https:\/\/rioonwatch.org.br\/?p=26293#breadcrumb"},"inLanguage":"pt-BR","potentialAction":[{"@type":"ReadAction","target":["https:\/\/rioonwatch.org.br\/?p=26293"]}]},{"@type":"ImageObject","inLanguage":"pt-BR","@id":"https:\/\/rioonwatch.org.br\/?p=26293#primaryimage","url":"https:\/\/rioonwatch.org.br\/wp-content\/uploads\/2017\/06\/PUC-Semana.jpg","contentUrl":"https:\/\/rioonwatch.org.br\/wp-content\/uploads\/2017\/06\/PUC-Semana.jpg","width":1920,"height":1017},{"@type":"BreadcrumbList","@id":"https:\/\/rioonwatch.org.br\/?p=26293#breadcrumb","itemListElement":[{"@type":"ListItem","position":1,"name":"In\u00edcio","item":"https:\/\/rioonwatch.org.br\/"},{"@type":"ListItem","position":2,"name":"Painel Debate Mudan\u00e7as Clim\u00e1ticas e a Cidade do Rio de Janeiro"}]},{"@type":"WebSite","@id":"https:\/\/rioonwatch.org.br\/#website","url":"https:\/\/rioonwatch.org.br\/","name":"RioOnWatch","description":"relatos das favelas cariocas","publisher":{"@id":"https:\/\/rioonwatch.org.br\/#organization"},"potentialAction":[{"@type":"SearchAction","target":{"@type":"EntryPoint","urlTemplate":"https:\/\/rioonwatch.org.br\/?s={search_term_string}"},"query-input":{"@type":"PropertyValueSpecification","valueRequired":true,"valueName":"search_term_string"}}],"inLanguage":"pt-BR"},{"@type":"Organization","@id":"https:\/\/rioonwatch.org.br\/#organization","name":"RioOnWatch","url":"https:\/\/rioonwatch.org.br\/","logo":{"@type":"ImageObject","inLanguage":"pt-BR","@id":"https:\/\/rioonwatch.org.br\/#\/schema\/logo\/image\/","url":"https:\/\/rioonwatch.org.br\/wp-content\/uploads\/2021\/06\/RioOnWatchcabecalhoPT11anos-2.png","contentUrl":"https:\/\/rioonwatch.org.br\/wp-content\/uploads\/2021\/06\/RioOnWatchcabecalhoPT11anos-2.png","width":779,"height":277,"caption":"RioOnWatch"},"image":{"@id":"https:\/\/rioonwatch.org.br\/#\/schema\/logo\/image\/"}},{"@type":"Person","@id":"https:\/\/rioonwatch.org.br\/#\/schema\/person\/d9d9b44e2e2b3c7ece6b2117097ced03","name":"Ex Intern","image":{"@type":"ImageObject","inLanguage":"pt-BR","@id":"https:\/\/rioonwatch.org.br\/#\/schema\/person\/image\/","url":"https:\/\/secure.gravatar.com\/avatar\/7bfc488c898c6fb478cd556f856fbbe0?s=96&d=blank&r=g","contentUrl":"https:\/\/secure.gravatar.com\/avatar\/7bfc488c898c6fb478cd556f856fbbe0?s=96&d=blank&r=g","caption":"Ex Intern"},"url":"https:\/\/rioonwatch.org.br\/?author=185"}]}},"_links":{"self":[{"href":"https:\/\/rioonwatch.org.br\/index.php?rest_route=\/wp\/v2\/posts\/26293"}],"collection":[{"href":"https:\/\/rioonwatch.org.br\/index.php?rest_route=\/wp\/v2\/posts"}],"about":[{"href":"https:\/\/rioonwatch.org.br\/index.php?rest_route=\/wp\/v2\/types\/post"}],"author":[{"embeddable":true,"href":"https:\/\/rioonwatch.org.br\/index.php?rest_route=\/wp\/v2\/users\/185"}],"replies":[{"embeddable":true,"href":"https:\/\/rioonwatch.org.br\/index.php?rest_route=%2Fwp%2Fv2%2Fcomments&post=26293"}],"version-history":[{"count":21,"href":"https:\/\/rioonwatch.org.br\/index.php?rest_route=\/wp\/v2\/posts\/26293\/revisions"}],"predecessor-version":[{"id":26472,"href":"https:\/\/rioonwatch.org.br\/index.php?rest_route=\/wp\/v2\/posts\/26293\/revisions\/26472"}],"wp:featuredmedia":[{"embeddable":true,"href":"https:\/\/rioonwatch.org.br\/index.php?rest_route=\/wp\/v2\/media\/26397"}],"wp:attachment":[{"href":"https:\/\/rioonwatch.org.br\/index.php?rest_route=%2Fwp%2Fv2%2Fmedia&parent=26293"}],"wp:term":[{"taxonomy":"category","embeddable":true,"href":"https:\/\/rioonwatch.org.br\/index.php?rest_route=%2Fwp%2Fv2%2Fcategories&post=26293"},{"taxonomy":"post_tag","embeddable":true,"href":"https:\/\/rioonwatch.org.br\/index.php?rest_route=%2Fwp%2Fv2%2Ftags&post=26293"},{"taxonomy":"writer","embeddable":true,"href":"https:\/\/rioonwatch.org.br\/index.php?rest_route=%2Fwp%2Fv2%2Fwriter&post=26293"},{"taxonomy":"translator","embeddable":true,"href":"https:\/\/rioonwatch.org.br\/index.php?rest_route=%2Fwp%2Fv2%2Ftranslator&post=26293"},{"taxonomy":"source","embeddable":true,"href":"https:\/\/rioonwatch.org.br\/index.php?rest_route=%2Fwp%2Fv2%2Fsource&post=26293"},{"taxonomy":"ilustrador","embeddable":true,"href":"https:\/\/rioonwatch.org.br\/index.php?rest_route=%2Fwp%2Fv2%2Filustrador&post=26293"},{"taxonomy":"fotografo","embeddable":true,"href":"https:\/\/rioonwatch.org.br\/index.php?rest_route=%2Fwp%2Fv2%2Ffotografo&post=26293"}],"curies":[{"name":"wp","href":"https:\/\/api.w.org\/{rel}","templated":true}]}}