{"id":26305,"date":"2017-06-20T11:39:50","date_gmt":"2017-06-20T14:39:50","guid":{"rendered":"http:\/\/rioonwatch.org.br\/?p=26305"},"modified":"2018-06-18T11:20:23","modified_gmt":"2018-06-18T14:20:23","slug":"horta-inteligente-realiza-oficina-de-permacultura-e-compostagem-na-providencia","status":"publish","type":"post","link":"https:\/\/rioonwatch.org.br\/?p=26305","title":{"rendered":"Horta Inteligente Realiza Oficina de Permacultura e Compostagem na Provid\u00eancia"},"content":{"rendered":"<p style=\"text-align: right;\"><em><strong><a href=\"http:\/\/bit.ly\/2uaoN8Y\" target=\"_blank\" rel=\"noopener noreferrer\">Click Here for English<img decoding=\"async\" width=\"20\" height=\"20\" class=\"alignright wp-image-15790\" src=\"http:\/\/rioonwatch.org.br\/wp-content\/uploads\/2012\/08\/EN-standard-e1439583104716.jpg\" alt=\"\" \/><\/a><\/strong><\/em><\/p>\n<p>Domingo, 11 de junho, durante a <a href=\"http:\/\/bit.ly\/2toSoKD\" target=\"_blank\" rel=\"noopener\">Virada Sustent\u00e1vel Rio de Janeiro<\/a>, foi realizada uma oficina de introdu\u00e7\u00e3o \u00e0 <a href=\"http:\/\/bit.ly\/2sczC9T\" target=\"_blank\" rel=\"noopener\">permacultura<\/a>\u00a0e <a href=\"http:\/\/bit.ly\/2rxdju8\" target=\"_blank\" rel=\"noopener\">compostagem<\/a>\u00a0organizada pela <a href=\"http:\/\/bit.ly\/2c2vmRG\" target=\"_blank\" rel=\"noopener\">Horta Inteligente<\/a> no p\u00e9 do\u00a0<a href=\"http:\/\/bit.ly\/UBMUVJ\" target=\"_blank\" rel=\"noopener\">Morro da Provid\u00eancia<\/a>, na <a href=\"http:\/\/bit.ly\/1cVBDvL\" target=\"_blank\" rel=\"noopener\">Regi\u00e3o Portu\u00e1ria<\/a> do Rio. O projeto teve seu in\u00edcio a partir de uma inquieta\u00e7\u00e3o pessoal da fundadora Elisangela Cielo, moradora da comunidade e origin\u00e1ria da Bahia, devido a falta de modelo positivo de preocupa\u00e7\u00e3o ambiental para crian\u00e7as da regi\u00e3o e a ociosidade das crian\u00e7as nos per\u00edodos fora da escola. Junto com alguns colaboradores como Lorena Portela, engenheira ambiental, ela <a href=\"http:\/\/bit.ly\/2prkLWe\" target=\"_blank\" rel=\"noopener\">fundou a ONG Horta Inteligente<\/a>, com sede no <a href=\"http:\/\/bit.ly\/2rQYguT\" target=\"_blank\" rel=\"noopener\">Instituto Central do Povo (ICP)<\/a>, centro metodista de apoio \u00e0 Provid\u00eancia e seus jovens\u00a0<a href=\"http:\/\/bit.ly\/SmoXlS\" target=\"_blank\" rel=\"noopener\">desde 1906<\/a>.<\/p>\n<p><a href=\"http:\/\/rioonwatch.org.br\/wp-content\/uploads\/2017\/06\/IMG_8084-977x1024ok2.jpg\"><img fetchpriority=\"high\" decoding=\"async\" class=\"aligncenter wp-image-26377 size-content\" title=\"Palestra de Permacultura - foto por Diogo de la Vega\" src=\"http:\/\/rioonwatch.org.br\/wp-content\/uploads\/2017\/06\/IMG_8084-977x1024ok2-620x264.jpg\" alt=\"\" width=\"620\" height=\"264\" srcset=\"https:\/\/rioonwatch.org.br\/wp-content\/uploads\/2017\/06\/IMG_8084-977x1024ok2-620x264.jpg 620w, https:\/\/rioonwatch.org.br\/wp-content\/uploads\/2017\/06\/IMG_8084-977x1024ok2-940x400.jpg 940w\" sizes=\"(max-width: 620px) 100vw, 620px\" \/><\/a><\/p>\n<p>A <a href=\"http:\/\/bit.ly\/2rj5k3Y\" target=\"_blank\" rel=\"noopener\">Creche Tia Dora<\/a> localizada no ICP e foco das a\u00e7\u00f5es da Horta Inteligente, abriga crian\u00e7as de 2 a 5 anos, uma idade muito importante para receber est\u00edmulos positivos de criatividade e informa\u00e7\u00e3o sobre pr\u00e1ticas ecol\u00f3gicas. &#8220;As crian\u00e7as s\u00e3o muito espertas, j\u00e1 sabem muito sobre horta e ensinam os amigos e fam\u00edlia em casa, s\u00e3o multiplicadores do projeto&#8221;, diz Elisangela. Al\u00e9m das atividades na creche, a Horta Inteligente realiza mutir\u00f5es de limpeza e manuten\u00e7\u00e3o do espa\u00e7o verde, e participa de eventos p\u00fablicos e privados mostrando pr\u00e1ticas de permacultura e arrecadando recursos para o projeto&#8211;que antigamente recebia aux\u00edlio da prefeitura, mas que por falta de verba parou de financiar.<\/p>\n<p><a href=\"http:\/\/rioonwatch.org.br\/wp-content\/uploads\/2017\/06\/IMG_7776.jpg\"><img decoding=\"async\" class=\"aligncenter wp-image-26308 size-content\" title=\"Caf\u00e9 da manh\u00e3 natural oferecido na sede - foto por Diogo de la Vega\" src=\"http:\/\/rioonwatch.org.br\/wp-content\/uploads\/2017\/06\/IMG_7776-620x264.jpg\" alt=\"Caf\u00e9 da manh\u00e3 natural oferecido na sede - foto por Diogo de la Vega\" width=\"620\" height=\"264\" srcset=\"https:\/\/rioonwatch.org.br\/wp-content\/uploads\/2017\/06\/IMG_7776-620x264.jpg 620w, https:\/\/rioonwatch.org.br\/wp-content\/uploads\/2017\/06\/IMG_7776-940x400.jpg 940w\" sizes=\"(max-width: 620px) 100vw, 620px\" \/><\/a><\/p>\n<p>A oficina teve como objetivo agregar pessoas que querem se afastar de pr\u00e1ticas convencionais danosas ao meio ambiente, incentivando-as em contribuir com di\u00e1logos, troca de experi\u00eancias e conhecimentos. &#8220;Ainda \u00e9 dif\u00edcil aderir, participar. Quero me dedicar mais e fazer uma horta em casa&#8221;, disse o participante Marcos, da Provid\u00eancia.<\/p>\n<p><a href=\"http:\/\/rioonwatch.org.br\/wp-content\/uploads\/2017\/06\/IMG_8062.jpg\"><img loading=\"lazy\" decoding=\"async\" class=\"aligncenter wp-image-26323 size-content\" title=\"Participantes da Oficina - foto por Diogo de la Veg\" src=\"http:\/\/rioonwatch.org.br\/wp-content\/uploads\/2017\/06\/IMG_8062-620x264.jpg\" alt=\"\" width=\"620\" height=\"264\" srcset=\"https:\/\/rioonwatch.org.br\/wp-content\/uploads\/2017\/06\/IMG_8062-620x264.jpg 620w, https:\/\/rioonwatch.org.br\/wp-content\/uploads\/2017\/06\/IMG_8062-940x400.jpg 940w\" sizes=\"(max-width: 620px) 100vw, 620px\" \/><\/a><\/p>\n<p>O evento contou com a participa\u00e7\u00e3o de integrantes diversos em idade, etnia, forma\u00e7\u00f5es pessoais e profissionais que agregaram muito valor ao debate e experi\u00eancia. Todos foram convidados a apresentar um pouco de si e dizer como podem contribuir para o projeto e para o meio ambiente, al\u00e9m de apresentarem outros projetos nos quais participam, assim aumentando a rede de conhecimento&#8211;foi um grande interc\u00e2mbio colaborativo que informou aos participantes como atuar melhor em suas comunidades. &#8220;N\u00e3o acredito mais na pol\u00edtica, precisamos fazer n\u00f3s por n\u00f3s mesmos, passar o conhecimento adiante, isso sim \u00e9 pol\u00edtica. Falta ainda informa\u00e7\u00e3o e comunica\u00e7\u00e3o, precisamos de trocas e fazer coisas boas sem se preocupar em sermos grandes para aprendermos a nos relacionar bem com o planeta&#8221;, disse Mariana, ge\u00f3grafa e fot\u00f3grafa do evento.<\/p>\n<p><a href=\"http:\/\/rioonwatch.org.br\/wp-content\/uploads\/2017\/06\/IMG_8030ok.jpg\"><img loading=\"lazy\" decoding=\"async\" class=\"aligncenter wp-image-26379 size-content\" title=\"Participantes da Oficina na integra\u00e7\u00e3o - foto por Diogo de la Vega\" src=\"http:\/\/rioonwatch.org.br\/wp-content\/uploads\/2017\/06\/IMG_8030ok-620x264.jpg\" alt=\"Participantes da Oficina na integra\u00e7\u00e3o - foto por Diogo de la Vega\" width=\"620\" height=\"264\" srcset=\"https:\/\/rioonwatch.org.br\/wp-content\/uploads\/2017\/06\/IMG_8030ok-620x264.jpg 620w, https:\/\/rioonwatch.org.br\/wp-content\/uploads\/2017\/06\/IMG_8030ok-940x400.jpg 940w\" sizes=\"(max-width: 620px) 100vw, 620px\" \/><\/a><\/p>\n<p>A oficina procurou mostrar que projetar espa\u00e7os harmoniosos com a natureza \u00e9 uma filosofia de vida, e porque \u00e9 preciso estabelecer sistemas baseados em padr\u00f5es de natureza para criar comunidades humanas sustent\u00e1veis. Foram citados exemplos de moradias constru\u00eddas a partir de materiais locais, naturais e renov\u00e1veis considerados muitas vezes como residuais ou sem valor. Tamb\u00e9m foi refor\u00e7ado o princ\u00edpio de voltar \u00e0s origens, observar como \u00edndios faziam, como moradores rurais com poucos recursos fazem suas moradias. Lorena disse: &#8220;A casa de pau-a-pique funciona muito bem, mas infelizmente \u00e9 associada ao subdesenvolvimento, \u00e0 doen\u00e7a de Chagas, quando na verdade, se for feita corretamente e com manuten\u00e7\u00e3o constante, funciona muito bem&#8221;.<\/p>\n<p><img loading=\"lazy\" decoding=\"async\" class=\"alignright wp-image-26380\" title=\"Genaro Martins \u00e9 construtor e cultiva esp\u00e9cies em casa - foto por Diogo de la Vega\" src=\"http:\/\/rioonwatch.org.br\/wp-content\/uploads\/2017\/06\/IMG_8284ok.jpg\" alt=\"\" width=\"300\" height=\"229\" srcset=\"https:\/\/rioonwatch.org.br\/wp-content\/uploads\/2017\/06\/IMG_8284ok.jpg 1181w, https:\/\/rioonwatch.org.br\/wp-content\/uploads\/2017\/06\/IMG_8284ok-345x264.jpg 345w, https:\/\/rioonwatch.org.br\/wp-content\/uploads\/2017\/06\/IMG_8284ok-620x474.jpg 620w, https:\/\/rioonwatch.org.br\/wp-content\/uploads\/2017\/06\/IMG_8284ok-768x587.jpg 768w, https:\/\/rioonwatch.org.br\/wp-content\/uploads\/2017\/06\/IMG_8284ok-1024x783.jpg 1024w, https:\/\/rioonwatch.org.br\/wp-content\/uploads\/2017\/06\/IMG_8284ok-70x53.jpg 70w\" sizes=\"(max-width: 300px) 100vw, 300px\" \/><\/p>\n<p>Genaro Martins, morador de Santo Cristo, disse aos participantes: &#8220;Acredito que eu seja o mais velho, ent\u00e3o acho bom dividir: vim da Bahia para o Rio com 23 anos, at\u00e9 ent\u00e3o nunca tinha tomado rem\u00e9dio, vivia com medicina natural. Minha fam\u00edlia \u00e9 muito grande, tenho irm\u00e3s que tiveram 15 filhos e est\u00e3o todos bem. No meu pr\u00e9dio, junto com a minha fam\u00edlia, cultivo mais de 200 esp\u00e9cies de plantas, vivo do meu cultivo&#8221;.<\/p>\n<p>A roda de conversa, integra\u00e7\u00e3o e debate girou em torno dos tr\u00eas pilares da permacultura: o cuidado com o meio ambiente (solo, floresta, \u00e1gua), economia colaborativa (partilhando do excedente) e o cuidado pelas pessoas. &#8220;Pequenos agricultores s\u00e3o incentivados a cultivar com uso de fertilizantes e outros produtos t\u00f3xicos na planta\u00e7\u00e3o. Botam veneno. Mas j\u00e1 perceberam que esses agentes trazem doen\u00e7as, h\u00e1 pessoas morrendo no campo. Precisamos nos reintegrar \u00e0 natureza, conhecer de fato o meio em que vivemos&#8221;, complementou Lorena. O projeto incentivou os participantes a adquirirem mudas vendidas na sede que foram cultivadas no projeto para arrecadar fundos e complementar ou dar in\u00edcio a sua horta caseira.<\/p>\n<p><a href=\"http:\/\/rioonwatch.org.br\/wp-content\/uploads\/2017\/06\/IMG_8121.jpg\"><img loading=\"lazy\" decoding=\"async\" class=\"aligncenter wp-image-26325 size-content\" title=\"Participantes realizando comportagem - foto opr Diogo de la Vega\" src=\"http:\/\/rioonwatch.org.br\/wp-content\/uploads\/2017\/06\/IMG_8121-620x264.jpg\" alt=\"\" width=\"620\" height=\"264\" srcset=\"https:\/\/rioonwatch.org.br\/wp-content\/uploads\/2017\/06\/IMG_8121-620x264.jpg 620w, https:\/\/rioonwatch.org.br\/wp-content\/uploads\/2017\/06\/IMG_8121-940x400.jpg 940w\" sizes=\"(max-width: 620px) 100vw, 620px\" \/><\/a><\/p>\n<p>Para finalizar a oficina, foi realizada uma aula pr\u00e1tica de compostagem, conscientizando os participantes sobre a import\u00e2ncia socioambiental em separar o lixo org\u00e2nico, pois mesmo que os indiv\u00edduos n\u00e3o realizem compostagem em casa, facilita o trabalho dos catadores que realizam reciclagem, diminuindo a necessidade de aterros e dep\u00f3sitos de lixo. Todos os restos org\u00e2nicos utilizados na aula pr\u00e1tica foram provenientes do caf\u00e9 da manh\u00e3 oferecido na sede. &#8220;Podemos reutilizar muitos do que consideramos res\u00edduos, como baga\u00e7o, fibra, e sementes de frutas, e complementar a alimenta\u00e7\u00e3o. Se n\u00e3o, p\u00f4r na composteira mesmo&#8221;, disse Elisangela.<\/p>\n<p><a href=\"http:\/\/rioonwatch.org.br\/wp-content\/uploads\/2017\/06\/IMG_8266.jpg\"><img loading=\"lazy\" decoding=\"async\" class=\"aligncenter wp-image-26319 size-content\" title=\"Lorena Portela ensinando a compostagem - foto por Diogo de la Vega\" src=\"http:\/\/rioonwatch.org.br\/wp-content\/uploads\/2017\/06\/IMG_8266-620x264.jpg\" alt=\"\" width=\"620\" height=\"264\" srcset=\"https:\/\/rioonwatch.org.br\/wp-content\/uploads\/2017\/06\/IMG_8266-620x264.jpg 620w, https:\/\/rioonwatch.org.br\/wp-content\/uploads\/2017\/06\/IMG_8266-940x400.jpg 940w\" sizes=\"(max-width: 620px) 100vw, 620px\" \/><\/a><\/p>\n<p>A composteira pode ser feita com o reaproveitamento de baldes de cloro ou margarina (3,5L) por serem feitos de pl\u00e1stico resistente e terem boas dimens\u00f5es para o aproveitamento. Recomenda-se utilizar tr\u00eas baldes empilhados para uma fam\u00edlia de tr\u00eas a quatro pessoas em m\u00e9dia. Para fam\u00edlias numerosas ou comunidades, recomenda-se adquirir caixotes de pl\u00e1stico espec\u00edficos. Foi explicado que qualquer objeto de origem natural, como pap\u00e9is em geral, filtro de caf\u00e9, e folhas de planta, podem ser agregadas de acordo com a propor\u00e7\u00e3o correta de res\u00edduos \u00famidos. Com o manejo correto, a composteira fornece em alguns meses, h\u00famus riqu\u00edssimo em nutrientes para ser introduzido na horta caseira como biofertilizante, uma pr\u00e1tica gratuita e sustent\u00e1vel que pode ser realizada dentro de casa.<\/p>\n<p><a href=\"http:\/\/rioonwatch.org.br\/wp-content\/uploads\/2017\/06\/IMG_8248.jpg\"><img loading=\"lazy\" decoding=\"async\" class=\"aligncenter wp-image-26318 size-content\" title=\"Aula pr\u00e1tica de compostagem - foto por Diogo de la Vega\" src=\"http:\/\/rioonwatch.org.br\/wp-content\/uploads\/2017\/06\/IMG_8248-620x264.jpg\" alt=\"\" width=\"620\" height=\"264\" srcset=\"https:\/\/rioonwatch.org.br\/wp-content\/uploads\/2017\/06\/IMG_8248-620x264.jpg 620w, https:\/\/rioonwatch.org.br\/wp-content\/uploads\/2017\/06\/IMG_8248-940x400.jpg 940w\" sizes=\"(max-width: 620px) 100vw, 620px\" \/><\/a><\/p>\n<!-- AddThis Advanced Settings generic via filter on the_content --><!-- AddThis Share Buttons generic via filter on the_content -->","protected":false},"excerpt":{"rendered":"<div class=\"mh-excerpt\"><p>Click Here for English Domingo, 11 de junho, durante a Virada Sustent\u00e1vel Rio de Janeiro, foi realizada uma oficina de introdu\u00e7\u00e3o \u00e0 permacultura\u00a0e compostagem\u00a0organizada pela Horta Inteligente no p\u00e9 do\u00a0Morro da Provid\u00eancia, na Regi\u00e3o Portu\u00e1ria <a class=\"mh-excerpt-more\" href=\"https:\/\/rioonwatch.org.br\/?p=26305\" title=\"Horta Inteligente Realiza Oficina de Permacultura e Compostagem na Provid\u00eancia\">[&#8230;]<\/a><!-- AddThis Advanced Settings generic via filter on get_the_excerpt --><!-- AddThis Share Buttons generic via filter on get_the_excerpt --><\/p>\n<\/div>","protected":false},"author":185,"featured_media":26307,"comment_status":"closed","ping_status":"closed","sticky":false,"template":"","format":"standard","meta":{"_acf_changed":false,"_monsterinsights_skip_tracking":false,"_monsterinsights_sitenote_active":false,"_monsterinsights_sitenote_note":"","_monsterinsights_sitenote_category":0,"footnotes":""},"categories":[1627,342,1639],"tags":[302,1442,709,587,1097,257,430,494,404,2386],"writer":[2128],"translator":[],"source":[],"ilustrador":[],"fotografo":[],"class_list":{"0":"post-26305","1":"post","2":"type-post","3":"status-publish","4":"format-standard","5":"has-post-thumbnail","7":"category-relato-de-evento","8":"category-solucoes","9":"category-sustentabilidade","10":"tag-agricultura-urbana","11":"tag-compostagem","12":"tag-debate","13":"tag-gamboa","14":"tag-horta-comunitaria","15":"tag-providencia","16":"tag-permacultura","17":"tag-regiao-do-porto","18":"tag-sustentabilidade","19":"tag-virada-sustentavel","20":"writer-juliana-torres"},"acf":[],"yoast_head":"<!-- This site is optimized with the Yoast SEO plugin v25.6 - https:\/\/yoast.com\/wordpress\/plugins\/seo\/ -->\n<title>Horta Inteligente Realiza Oficina de Permacultura e Compostagem na Provid\u00eancia - RioOnWatch<\/title>\n<meta name=\"robots\" content=\"index, follow, max-snippet:-1, max-image-preview:large, max-video-preview:-1\" \/>\n<link rel=\"canonical\" href=\"https:\/\/rioonwatch.org.br\/?p=26305\" \/>\n<meta property=\"og:locale\" content=\"pt_BR\" \/>\n<meta property=\"og:type\" content=\"article\" \/>\n<meta property=\"og:title\" content=\"Horta Inteligente Realiza Oficina de Permacultura e Compostagem na Provid\u00eancia - RioOnWatch\" \/>\n<meta property=\"og:description\" content=\"Click Here for English Domingo, 11 de junho, durante a Virada Sustent\u00e1vel Rio de Janeiro, foi realizada uma oficina de introdu\u00e7\u00e3o \u00e0 permacultura\u00a0e compostagem\u00a0organizada pela Horta Inteligente no p\u00e9 do\u00a0Morro da Provid\u00eancia, na Regi\u00e3o Portu\u00e1ria [...]\" \/>\n<meta property=\"og:url\" content=\"https:\/\/rioonwatch.org.br\/?p=26305\" \/>\n<meta property=\"og:site_name\" content=\"RioOnWatch\" \/>\n<meta property=\"article:published_time\" content=\"2017-06-20T14:39:50+00:00\" \/>\n<meta property=\"article:modified_time\" content=\"2018-06-18T14:20:23+00:00\" \/>\n<meta property=\"og:image\" content=\"https:\/\/rioonwatch.org.br\/wp-content\/uploads\/2017\/06\/IMG_7749.jpg\" \/>\n\t<meta property=\"og:image:width\" content=\"1181\" \/>\n\t<meta property=\"og:image:height\" content=\"787\" \/>\n\t<meta property=\"og:image:type\" content=\"image\/jpeg\" \/>\n<meta name=\"author\" content=\"Ex Intern\" \/>\n<meta name=\"twitter:card\" content=\"summary_large_image\" \/>\n<meta name=\"twitter:label1\" content=\"Escrito por\" \/>\n\t<meta name=\"twitter:data1\" content=\"Ex Intern\" \/>\n\t<meta name=\"twitter:label2\" content=\"Est. tempo de leitura\" \/>\n\t<meta name=\"twitter:data2\" content=\"5 minutos\" \/>\n<script type=\"application\/ld+json\" class=\"yoast-schema-graph\">{\"@context\":\"https:\/\/schema.org\",\"@graph\":[{\"@type\":\"Article\",\"@id\":\"https:\/\/rioonwatch.org.br\/?p=26305#article\",\"isPartOf\":{\"@id\":\"https:\/\/rioonwatch.org.br\/?p=26305\"},\"author\":{\"name\":\"Ex Intern\",\"@id\":\"https:\/\/rioonwatch.org.br\/#\/schema\/person\/d9d9b44e2e2b3c7ece6b2117097ced03\"},\"headline\":\"Horta Inteligente Realiza Oficina de Permacultura e Compostagem na Provid\u00eancia\",\"datePublished\":\"2017-06-20T14:39:50+00:00\",\"dateModified\":\"2018-06-18T14:20:23+00:00\",\"mainEntityOfPage\":{\"@id\":\"https:\/\/rioonwatch.org.br\/?p=26305\"},\"wordCount\":1004,\"publisher\":{\"@id\":\"https:\/\/rioonwatch.org.br\/#organization\"},\"image\":{\"@id\":\"https:\/\/rioonwatch.org.br\/?p=26305#primaryimage\"},\"thumbnailUrl\":\"https:\/\/rioonwatch.org.br\/wp-content\/uploads\/2017\/06\/IMG_7749.jpg\",\"keywords\":[\"agricultura urbana\",\"compostagem\",\"debate\",\"Gamboa\",\"horta comunit\u00e1ria\",\"Morro da Provid\u00eancia\",\"permacultura\",\"Regi\u00e3o do Porto\",\"sustentabilidade\",\"Virada Sustent\u00e1vel\"],\"articleSection\":[\"Cobertura de Eventos\",\"Solu\u00e7\u00f5es\",\"Sustentabilidade\"],\"inLanguage\":\"pt-BR\"},{\"@type\":\"WebPage\",\"@id\":\"https:\/\/rioonwatch.org.br\/?p=26305\",\"url\":\"https:\/\/rioonwatch.org.br\/?p=26305\",\"name\":\"Horta Inteligente Realiza Oficina de Permacultura e Compostagem na Provid\u00eancia - RioOnWatch\",\"isPartOf\":{\"@id\":\"https:\/\/rioonwatch.org.br\/#website\"},\"primaryImageOfPage\":{\"@id\":\"https:\/\/rioonwatch.org.br\/?p=26305#primaryimage\"},\"image\":{\"@id\":\"https:\/\/rioonwatch.org.br\/?p=26305#primaryimage\"},\"thumbnailUrl\":\"https:\/\/rioonwatch.org.br\/wp-content\/uploads\/2017\/06\/IMG_7749.jpg\",\"datePublished\":\"2017-06-20T14:39:50+00:00\",\"dateModified\":\"2018-06-18T14:20:23+00:00\",\"breadcrumb\":{\"@id\":\"https:\/\/rioonwatch.org.br\/?p=26305#breadcrumb\"},\"inLanguage\":\"pt-BR\",\"potentialAction\":[{\"@type\":\"ReadAction\",\"target\":[\"https:\/\/rioonwatch.org.br\/?p=26305\"]}]},{\"@type\":\"ImageObject\",\"inLanguage\":\"pt-BR\",\"@id\":\"https:\/\/rioonwatch.org.br\/?p=26305#primaryimage\",\"url\":\"https:\/\/rioonwatch.org.br\/wp-content\/uploads\/2017\/06\/IMG_7749.jpg\",\"contentUrl\":\"https:\/\/rioonwatch.org.br\/wp-content\/uploads\/2017\/06\/IMG_7749.jpg\",\"width\":1181,\"height\":787},{\"@type\":\"BreadcrumbList\",\"@id\":\"https:\/\/rioonwatch.org.br\/?p=26305#breadcrumb\",\"itemListElement\":[{\"@type\":\"ListItem\",\"position\":1,\"name\":\"In\u00edcio\",\"item\":\"https:\/\/rioonwatch.org.br\/\"},{\"@type\":\"ListItem\",\"position\":2,\"name\":\"Horta Inteligente Realiza Oficina de Permacultura e Compostagem na Provid\u00eancia\"}]},{\"@type\":\"WebSite\",\"@id\":\"https:\/\/rioonwatch.org.br\/#website\",\"url\":\"https:\/\/rioonwatch.org.br\/\",\"name\":\"RioOnWatch\",\"description\":\"relatos das favelas cariocas\",\"publisher\":{\"@id\":\"https:\/\/rioonwatch.org.br\/#organization\"},\"potentialAction\":[{\"@type\":\"SearchAction\",\"target\":{\"@type\":\"EntryPoint\",\"urlTemplate\":\"https:\/\/rioonwatch.org.br\/?s={search_term_string}\"},\"query-input\":{\"@type\":\"PropertyValueSpecification\",\"valueRequired\":true,\"valueName\":\"search_term_string\"}}],\"inLanguage\":\"pt-BR\"},{\"@type\":\"Organization\",\"@id\":\"https:\/\/rioonwatch.org.br\/#organization\",\"name\":\"RioOnWatch\",\"url\":\"https:\/\/rioonwatch.org.br\/\",\"logo\":{\"@type\":\"ImageObject\",\"inLanguage\":\"pt-BR\",\"@id\":\"https:\/\/rioonwatch.org.br\/#\/schema\/logo\/image\/\",\"url\":\"https:\/\/rioonwatch.org.br\/wp-content\/uploads\/2021\/06\/RioOnWatchcabecalhoPT11anos-2.png\",\"contentUrl\":\"https:\/\/rioonwatch.org.br\/wp-content\/uploads\/2021\/06\/RioOnWatchcabecalhoPT11anos-2.png\",\"width\":779,\"height\":277,\"caption\":\"RioOnWatch\"},\"image\":{\"@id\":\"https:\/\/rioonwatch.org.br\/#\/schema\/logo\/image\/\"}},{\"@type\":\"Person\",\"@id\":\"https:\/\/rioonwatch.org.br\/#\/schema\/person\/d9d9b44e2e2b3c7ece6b2117097ced03\",\"name\":\"Ex Intern\",\"image\":{\"@type\":\"ImageObject\",\"inLanguage\":\"pt-BR\",\"@id\":\"https:\/\/rioonwatch.org.br\/#\/schema\/person\/image\/\",\"url\":\"https:\/\/secure.gravatar.com\/avatar\/7bfc488c898c6fb478cd556f856fbbe0?s=96&d=blank&r=g\",\"contentUrl\":\"https:\/\/secure.gravatar.com\/avatar\/7bfc488c898c6fb478cd556f856fbbe0?s=96&d=blank&r=g\",\"caption\":\"Ex Intern\"},\"url\":\"https:\/\/rioonwatch.org.br\/?author=185\"}]}<\/script>\n<!-- \/ Yoast SEO plugin. -->","yoast_head_json":{"title":"Horta Inteligente Realiza Oficina de Permacultura e Compostagem na Provid\u00eancia - RioOnWatch","robots":{"index":"index","follow":"follow","max-snippet":"max-snippet:-1","max-image-preview":"max-image-preview:large","max-video-preview":"max-video-preview:-1"},"canonical":"https:\/\/rioonwatch.org.br\/?p=26305","og_locale":"pt_BR","og_type":"article","og_title":"Horta Inteligente Realiza Oficina de Permacultura e Compostagem na Provid\u00eancia - RioOnWatch","og_description":"Click Here for English Domingo, 11 de junho, durante a Virada Sustent\u00e1vel Rio de Janeiro, foi realizada uma oficina de introdu\u00e7\u00e3o \u00e0 permacultura\u00a0e compostagem\u00a0organizada pela Horta Inteligente no p\u00e9 do\u00a0Morro da Provid\u00eancia, na Regi\u00e3o Portu\u00e1ria [...]","og_url":"https:\/\/rioonwatch.org.br\/?p=26305","og_site_name":"RioOnWatch","article_published_time":"2017-06-20T14:39:50+00:00","article_modified_time":"2018-06-18T14:20:23+00:00","og_image":[{"width":1181,"height":787,"url":"https:\/\/rioonwatch.org.br\/wp-content\/uploads\/2017\/06\/IMG_7749.jpg","type":"image\/jpeg"}],"author":"Ex Intern","twitter_card":"summary_large_image","twitter_misc":{"Escrito por":"Ex Intern","Est. tempo de leitura":"5 minutos"},"schema":{"@context":"https:\/\/schema.org","@graph":[{"@type":"Article","@id":"https:\/\/rioonwatch.org.br\/?p=26305#article","isPartOf":{"@id":"https:\/\/rioonwatch.org.br\/?p=26305"},"author":{"name":"Ex Intern","@id":"https:\/\/rioonwatch.org.br\/#\/schema\/person\/d9d9b44e2e2b3c7ece6b2117097ced03"},"headline":"Horta Inteligente Realiza Oficina de Permacultura e Compostagem na Provid\u00eancia","datePublished":"2017-06-20T14:39:50+00:00","dateModified":"2018-06-18T14:20:23+00:00","mainEntityOfPage":{"@id":"https:\/\/rioonwatch.org.br\/?p=26305"},"wordCount":1004,"publisher":{"@id":"https:\/\/rioonwatch.org.br\/#organization"},"image":{"@id":"https:\/\/rioonwatch.org.br\/?p=26305#primaryimage"},"thumbnailUrl":"https:\/\/rioonwatch.org.br\/wp-content\/uploads\/2017\/06\/IMG_7749.jpg","keywords":["agricultura urbana","compostagem","debate","Gamboa","horta comunit\u00e1ria","Morro da Provid\u00eancia","permacultura","Regi\u00e3o do Porto","sustentabilidade","Virada Sustent\u00e1vel"],"articleSection":["Cobertura de Eventos","Solu\u00e7\u00f5es","Sustentabilidade"],"inLanguage":"pt-BR"},{"@type":"WebPage","@id":"https:\/\/rioonwatch.org.br\/?p=26305","url":"https:\/\/rioonwatch.org.br\/?p=26305","name":"Horta Inteligente Realiza Oficina de Permacultura e Compostagem na Provid\u00eancia - RioOnWatch","isPartOf":{"@id":"https:\/\/rioonwatch.org.br\/#website"},"primaryImageOfPage":{"@id":"https:\/\/rioonwatch.org.br\/?p=26305#primaryimage"},"image":{"@id":"https:\/\/rioonwatch.org.br\/?p=26305#primaryimage"},"thumbnailUrl":"https:\/\/rioonwatch.org.br\/wp-content\/uploads\/2017\/06\/IMG_7749.jpg","datePublished":"2017-06-20T14:39:50+00:00","dateModified":"2018-06-18T14:20:23+00:00","breadcrumb":{"@id":"https:\/\/rioonwatch.org.br\/?p=26305#breadcrumb"},"inLanguage":"pt-BR","potentialAction":[{"@type":"ReadAction","target":["https:\/\/rioonwatch.org.br\/?p=26305"]}]},{"@type":"ImageObject","inLanguage":"pt-BR","@id":"https:\/\/rioonwatch.org.br\/?p=26305#primaryimage","url":"https:\/\/rioonwatch.org.br\/wp-content\/uploads\/2017\/06\/IMG_7749.jpg","contentUrl":"https:\/\/rioonwatch.org.br\/wp-content\/uploads\/2017\/06\/IMG_7749.jpg","width":1181,"height":787},{"@type":"BreadcrumbList","@id":"https:\/\/rioonwatch.org.br\/?p=26305#breadcrumb","itemListElement":[{"@type":"ListItem","position":1,"name":"In\u00edcio","item":"https:\/\/rioonwatch.org.br\/"},{"@type":"ListItem","position":2,"name":"Horta Inteligente Realiza Oficina de Permacultura e Compostagem na Provid\u00eancia"}]},{"@type":"WebSite","@id":"https:\/\/rioonwatch.org.br\/#website","url":"https:\/\/rioonwatch.org.br\/","name":"RioOnWatch","description":"relatos das favelas cariocas","publisher":{"@id":"https:\/\/rioonwatch.org.br\/#organization"},"potentialAction":[{"@type":"SearchAction","target":{"@type":"EntryPoint","urlTemplate":"https:\/\/rioonwatch.org.br\/?s={search_term_string}"},"query-input":{"@type":"PropertyValueSpecification","valueRequired":true,"valueName":"search_term_string"}}],"inLanguage":"pt-BR"},{"@type":"Organization","@id":"https:\/\/rioonwatch.org.br\/#organization","name":"RioOnWatch","url":"https:\/\/rioonwatch.org.br\/","logo":{"@type":"ImageObject","inLanguage":"pt-BR","@id":"https:\/\/rioonwatch.org.br\/#\/schema\/logo\/image\/","url":"https:\/\/rioonwatch.org.br\/wp-content\/uploads\/2021\/06\/RioOnWatchcabecalhoPT11anos-2.png","contentUrl":"https:\/\/rioonwatch.org.br\/wp-content\/uploads\/2021\/06\/RioOnWatchcabecalhoPT11anos-2.png","width":779,"height":277,"caption":"RioOnWatch"},"image":{"@id":"https:\/\/rioonwatch.org.br\/#\/schema\/logo\/image\/"}},{"@type":"Person","@id":"https:\/\/rioonwatch.org.br\/#\/schema\/person\/d9d9b44e2e2b3c7ece6b2117097ced03","name":"Ex Intern","image":{"@type":"ImageObject","inLanguage":"pt-BR","@id":"https:\/\/rioonwatch.org.br\/#\/schema\/person\/image\/","url":"https:\/\/secure.gravatar.com\/avatar\/7bfc488c898c6fb478cd556f856fbbe0?s=96&d=blank&r=g","contentUrl":"https:\/\/secure.gravatar.com\/avatar\/7bfc488c898c6fb478cd556f856fbbe0?s=96&d=blank&r=g","caption":"Ex Intern"},"url":"https:\/\/rioonwatch.org.br\/?author=185"}]}},"_links":{"self":[{"href":"https:\/\/rioonwatch.org.br\/index.php?rest_route=\/wp\/v2\/posts\/26305"}],"collection":[{"href":"https:\/\/rioonwatch.org.br\/index.php?rest_route=\/wp\/v2\/posts"}],"about":[{"href":"https:\/\/rioonwatch.org.br\/index.php?rest_route=\/wp\/v2\/types\/post"}],"author":[{"embeddable":true,"href":"https:\/\/rioonwatch.org.br\/index.php?rest_route=\/wp\/v2\/users\/185"}],"replies":[{"embeddable":true,"href":"https:\/\/rioonwatch.org.br\/index.php?rest_route=%2Fwp%2Fv2%2Fcomments&post=26305"}],"version-history":[{"count":17,"href":"https:\/\/rioonwatch.org.br\/index.php?rest_route=\/wp\/v2\/posts\/26305\/revisions"}],"predecessor-version":[{"id":26622,"href":"https:\/\/rioonwatch.org.br\/index.php?rest_route=\/wp\/v2\/posts\/26305\/revisions\/26622"}],"wp:featuredmedia":[{"embeddable":true,"href":"https:\/\/rioonwatch.org.br\/index.php?rest_route=\/wp\/v2\/media\/26307"}],"wp:attachment":[{"href":"https:\/\/rioonwatch.org.br\/index.php?rest_route=%2Fwp%2Fv2%2Fmedia&parent=26305"}],"wp:term":[{"taxonomy":"category","embeddable":true,"href":"https:\/\/rioonwatch.org.br\/index.php?rest_route=%2Fwp%2Fv2%2Fcategories&post=26305"},{"taxonomy":"post_tag","embeddable":true,"href":"https:\/\/rioonwatch.org.br\/index.php?rest_route=%2Fwp%2Fv2%2Ftags&post=26305"},{"taxonomy":"writer","embeddable":true,"href":"https:\/\/rioonwatch.org.br\/index.php?rest_route=%2Fwp%2Fv2%2Fwriter&post=26305"},{"taxonomy":"translator","embeddable":true,"href":"https:\/\/rioonwatch.org.br\/index.php?rest_route=%2Fwp%2Fv2%2Ftranslator&post=26305"},{"taxonomy":"source","embeddable":true,"href":"https:\/\/rioonwatch.org.br\/index.php?rest_route=%2Fwp%2Fv2%2Fsource&post=26305"},{"taxonomy":"ilustrador","embeddable":true,"href":"https:\/\/rioonwatch.org.br\/index.php?rest_route=%2Fwp%2Fv2%2Filustrador&post=26305"},{"taxonomy":"fotografo","embeddable":true,"href":"https:\/\/rioonwatch.org.br\/index.php?rest_route=%2Fwp%2Fv2%2Ffotografo&post=26305"}],"curies":[{"name":"wp","href":"https:\/\/api.w.org\/{rel}","templated":true}]}}