{"id":26329,"date":"2017-06-22T19:54:56","date_gmt":"2017-06-22T22:54:56","guid":{"rendered":"http:\/\/rioonwatch.org.br\/?p=26329"},"modified":"2017-06-24T11:40:39","modified_gmt":"2017-06-24T14:40:39","slug":"debate-denuncia-alteracoes-promovidas-pelo-governo-temer-a-regularizacao-fundiaria-pela-mp-759","status":"publish","type":"post","link":"https:\/\/rioonwatch.org.br\/?p=26329","title":{"rendered":"Debate Denuncia Altera\u00e7\u00f5es Promovidas pelo Governo Temer \u00e0 Regulariza\u00e7\u00e3o Fundi\u00e1ria"},"content":{"rendered":"<p style=\"text-align: right;\"><em><strong><a href=\"http:\/\/bit.ly\/2ssWbcV\" target=\"_blank\" rel=\"noopener noreferrer\">Click Here for English<img decoding=\"async\" width=\"20\" height=\"20\" class=\"alignright wp-image-15790\" src=\"http:\/\/rioonwatch.org.br\/wp-content\/uploads\/2012\/08\/EN-standard-e1439583104716.jpg\" alt=\"\" \/><\/a><\/strong><\/em><\/p>\n<p><span style=\"font-weight: 400;\">No dia 22 de dezembro de 2016, o <a href=\"http:\/\/bit.ly\/2nZsDRj\" target=\"_blank\" rel=\"noopener\">Presidente Michel Temer<\/a> aprovou a altera\u00e7\u00e3o da <a href=\"http:\/\/bit.ly\/2lLenXY\" target=\"_blank\" rel=\"noopener\">lei que regulariza terras urbanas e rurais<\/a> de propriedade do governo federal, notadamente eliminando as exig\u00eancias de implanta\u00e7\u00e3o de infraestrutura nessas \u00e1reas. Recentemente, a Medida Provis\u00f3ria\u00a0<a href=\"http:\/\/bit.ly\/2rQLr7l\" target=\"_blank\" rel=\"noopener\">foi aprovada pelo Senado no dia 24 de maio<\/a>, sem que houvesse uma consulta aos grupos afetados, especialistas no assunto ou \u00f3rg\u00e3os respons\u00e1veis pela regulariza\u00e7\u00e3o do solo. No dia 30 de maio, o Diret\u00f3rio Central dos Estudantes da PUC-Rio sediou o debate \u201c<a href=\"http:\/\/bit.ly\/2sXJIKU\" target=\"_blank\" rel=\"noopener\">A Regulariza\u00e7\u00e3o Fundi\u00e1ria no Brasil e os Retrocessos na Luta no Campo e na Cidade<\/a>\u201d para discutir e conscientizar sobre as mudan\u00e7as ocorridas.<\/span><\/p>\n<p><span style=\"font-weight: 400;\">As altera\u00e7\u00f5es promovidas pela <a href=\"http:\/\/bit.ly\/2iTaUGe\" target=\"_blank\" rel=\"noopener\">Medida Provis\u00f3ria 759\/16<\/a> t\u00eam trazido grande preocupa\u00e7\u00e3o para ativistas do direito \u00e0 moradia e para grupos ligados ao meio ambiente e direitos humanos por todo o Brasil.\u00a0<\/span><span style=\"font-weight: 400;\">Removendo barreiras para que empresas nacionais e estrangeiras privatizem e explorem terras p\u00fablicas, a lei impactar\u00e1 diretamente o meio ambiente e a biodiversidade de grandes \u00e1reas, especialmente a Amaz\u00f4nia.<\/span><\/p>\n<p><span style=\"font-weight: 400;\">J\u00e1 no contexto urbano, a nova lei enfraquece o\u00a0<a href=\"http:\/\/bit.ly\/2dFwbV4\" target=\"_blank\" rel=\"noopener\">direito \u00e0 terra<\/a>\u00a0nas favelas, concedendo igual prioridade ao interesse privado e criando condi\u00e7\u00f5es para explora\u00e7\u00e3o comercial em \u00e1reas hoje ocupadas por comunidades de baixa renda. <\/span><\/p>\n<p><span style=\"font-weight: 400;\">No painel do evento promovido pela PUC estavam presentes: Maria L\u00facia de Pontes, <a href=\"http:\/\/bit.ly\/1kcl02n\" target=\"_blank\" rel=\"noopener\">defensora p\u00fablica<\/a> do N\u00facleo de Terras e Habita\u00e7\u00e3o do Rio de Janeiro (NUTH); Fernanda Vieira, professora e advogada do Centro de Assessoria Popular Mariana Criola; Alexandre Nascimento, graduado em ci\u00eancias sociais pela PUC-Rio e p\u00f3s-graduado em gest\u00e3o ambiental pelo IBPNUMA \/ Escola Polit\u00e9cnica &#8211; UFRJ; e Pedro Paulo Cruz, cientista social, ex-t\u00e9cnico de regulariza\u00e7\u00e3o fundi\u00e1ria do ITERJ (Instituto de Terras do Estado do Rio de Janeiro) de 2000 a 2010.<\/span><\/p>\n<p><span style=\"font-weight: 400;\">Pedro Paulo Cruz iniciou a discuss\u00e3o contextualizando a nova medida em rela\u00e7\u00e3o aos marcos legais hist\u00f3ricos em torno dos direitos territoriais no Brasil. O Artigo 5 da <a href=\"http:\/\/bit.ly\/2e7F1Lg\" target=\"_blank\" rel=\"noopener\">Constitui\u00e7\u00e3o federal<\/a> determina que as <a href=\"http:\/\/bit.ly\/2gQ5jz4\" target=\"_blank\" rel=\"noopener\">\u00e1reas p\u00fablicas devem atender \u00e0 sua fun\u00e7\u00e3o social<\/a>\u00a0em benef\u00edcio da popula\u00e7\u00e3o. Para o Rio de Janeiro especificamente, esses requisitos <a href=\"http:\/\/bit.ly\/2gQ5jz4\" target=\"_blank\" rel=\"noopener\">tamb\u00e9m s\u00e3o mencionados na constitui\u00e7\u00e3o do Estado<\/a>. No entanto, as altera\u00e7\u00f5es promovidas pelo governo Temer demonstram uma ruptura com os valores e prote\u00e7\u00f5es estabelecidos na Constitui\u00e7\u00e3o, negligenciando o direito de trabalhadores rurais e fam\u00edlias de baixa renda, para os quais a necessidade de habitar de forma confi\u00e1vel em uma determinada \u00e1rea mostra-se muitas vezes como mais relevante do que o direito de vender sua terra.<\/span><\/p>\n<p><span style=\"font-weight: 400;\">Pedro Paulo argumentou ainda que o legado da escravid\u00e3o \u00e9 um fator hist\u00f3rico que permite aos pol\u00edticos brasileiros continuarem a negligenciar as necessidades dos cidad\u00e3os: \u201cEssas popula\u00e7\u00f5es continuam sendo afastadas do Centro onde muitos trabalham e ganham a vida\u201d. Nos per\u00edodos que antecederam a <a href=\"http:\/\/bit.ly\/WfaiMR\" target=\"_blank\" rel=\"noopener\">Copa do Mundo de 2014<\/a> e os <a href=\"http:\/\/bit.ly\/PkLXlQ\" target=\"_blank\" rel=\"noopener\">Jogos Ol\u00edmpicos de 2016<\/a>, <a href=\"http:\/\/bit.ly\/1TCUopn\" target=\"_blank\" rel=\"noopener\">mais de 77.000<\/a>\u00a0pessoas foram <a href=\"http:\/\/bit.ly\/X51Qvb\" target=\"_blank\" rel=\"noopener\">removidas<\/a> de suas comunidades em todo o Rio de Janeiro, enquanto muitos outros tamb\u00e9m foram for\u00e7ados pelo mercado a se deslocarem, em raz\u00e3o da especula\u00e7\u00e3o e renova\u00e7\u00e3o urbana ocorrida no per\u00edodo.<\/span><\/p>\n<p><span style=\"font-weight: 400;\">Fernanda Vieira seguiu as cr\u00edticas de Pedro Paulo. Ela explicou que no Brasil tem havido uma <a href=\"http:\/\/bit.ly\/2sqmPno\" target=\"_blank\" rel=\"noopener\">guerra crescente contra os ativistas do direito \u00e0 terra<\/a>\u00a0e que a nova MP contribui para o aumento do exerc\u00edcio de condutas militaristas utilizadas pelo governo para silenciar a oposi\u00e7\u00e3o.<\/span><\/p>\n<p><span style=\"font-weight: 400;\">Assim como Pedro Paulo, ela aponta que as pr\u00e1ticas econ\u00f4micas moldadas pelas grandes economias mundiais resultaram e continuam gerando pol\u00edticas p\u00fablicas inconstitucionais e contr\u00e1rias aos direitos dos trabalhadores. &#8220;<\/span>Esse projeto de uma cidade inclusiva e democr\u00e1tica, que atende os pilares da dignidade humana, est\u00e1 cada vez mais afastado de nosso horizonte. Por isso, estes debates s\u00e3o fundamentais\u201d, explicou Fernanda.<\/p>\n<p><span style=\"font-weight: 400;\">No caso das favelas, a nova MP incentiva a venda de lotes ao inv\u00e9s da urbaniza\u00e7\u00e3o. \u201c<\/span>\u00c9 uma l\u00f3gica perversa dentro de uma \u00f3tica neoliberal que n\u00e3o garante os direitos ou o acesso \u00e0 <a href=\"http:\/\/bit.ly\/1Ce678W\" target=\"_blank\" rel=\"noopener\">cidadania<\/a>\u00a0plena, com dignidade para grande parte da popula\u00e7\u00e3o, o que significa que essas fam\u00edlias v\u00e3o experimentar uma press\u00e3o brutal do capital e a probabilidade dessas fam\u00edlias manterem seus territ\u00f3rios \u00e9 quase nula&#8221;.<\/p>\n<p><a href=\"http:\/\/rioonwatch.org.br\/wp-content\/uploads\/2017\/06\/PUCRio-MP-Fundiaria-2.jpg\"><img fetchpriority=\"high\" decoding=\"async\" class=\"aligncenter wp-image-26333 size-content\" title=\"Fernanda Vieira fala no painel.\" src=\"http:\/\/rioonwatch.org.br\/wp-content\/uploads\/2017\/06\/PUCRio-MP-Fundiaria-2-620x264.jpg\" alt=\"\" width=\"620\" height=\"264\" \/><\/a><\/p>\n<p><span style=\"font-weight: 400;\">Alex Nascimento voltou seu foco para os impactos sociais da nova legisla\u00e7\u00e3o. Muito embora as disputas por terras sejam comum desde o Brasil colonial, segundo ele o debate sobre a terra se tornar\u00e1 um fator esmagador no que diz respeito \u00e0 capacidade de sobreviv\u00eancia das comunidades ind\u00edgenas e <a href=\"http:\/\/bit.ly\/1ykJIW4\" target=\"_blank\" rel=\"noopener\">quilombolas<\/a>. <\/span><span style=\"font-weight: 400;\">Seguindo a filosofia da soberania, Alex destacou que a regulariza\u00e7\u00e3o do direito \u00e0 terra \u00e9 um elemento-chave dentro do direito, n\u00e3o s\u00f3 no sentido de prote\u00e7\u00e3o contra for\u00e7as externas mas tamb\u00e9m de garantia do pr\u00f3prio sustento. O conflito que o Brasil enfrenta n\u00e3o \u00e9 novo e trata de terras, como a chave para que as pessoas reivindiquem a soberania, sustento e sobreviv\u00eancia. \u201cEntendemos com essas leis, que sobre tudo, n\u00e3o s\u00f3 estamos perdendo terras. Estamos perdendo moradias, nossa cultura e nossa biodiversidade\u201d, disse Alex.<\/span><\/p>\n<p><span style=\"font-weight: 400;\">A \u00faltima palestrante do painel, Maria L\u00facia de Pontes, apontou o qu\u00e3o vulner\u00e1vel o Brasil pode se tornar para os interesses estrangeiros nos pr\u00f3ximos anos. Da mesma forma que os governos Lula e Dilma foram <a href=\"http:\/\/bit.ly\/2qLocwk\" target=\"_blank\" rel=\"noopener\">criticados<\/a> por colaborar fortemente com empresas internacionais, a nova MP vai permitir que entidades estrangeiras comprem \u00e1reas p\u00fablicas \u00e0 despeito dos direitos sociais dos brasileiros. Esse movimento foi visto pelos palestrantes como uma clara demonstra\u00e7\u00e3o do desinteresse da atual administra\u00e7\u00e3o em melhorar a vida dos moradores de favelas. \u201cT\u00eam pessoas que n\u00e3o sonham em ter o carro do ano, eles sonham em ter seguran\u00e7a com rela\u00e7\u00e3o \u00e0s suas terras, e esse sonho est\u00e1 amea\u00e7ado\u201d, insistiu Maria L\u00facia.<\/span><\/p>\n<p><span style=\"font-weight: 400;\">Todos os oradores criticaram as recentes negocia\u00e7\u00f5es que prejudicam o acesso da popula\u00e7\u00e3o de baixa renda \u00e0 terra e \u00e0 moradia, e convocaram os membros da plateia a permanecerem vigilantes e ativos em respostas aos rumos e pol\u00edticas atuais.<\/span><\/p>\n<!-- AddThis Advanced Settings generic via filter on the_content --><!-- AddThis Share Buttons generic via filter on the_content -->","protected":false},"excerpt":{"rendered":"<div class=\"mh-excerpt\"><p>Click Here for English No dia 22 de dezembro de 2016, o Presidente Michel Temer aprovou a altera\u00e7\u00e3o da lei que regulariza terras urbanas e rurais de propriedade do governo federal, notadamente eliminando as exig\u00eancias <a class=\"mh-excerpt-more\" href=\"https:\/\/rioonwatch.org.br\/?p=26329\" title=\"Debate Denuncia Altera\u00e7\u00f5es Promovidas pelo Governo Temer \u00e0 Regulariza\u00e7\u00e3o Fundi\u00e1ria\">[&#8230;]<\/a><!-- AddThis Advanced Settings generic via filter on get_the_excerpt --><!-- AddThis Share Buttons generic via filter on get_the_excerpt --><\/p>\n<\/div>","protected":false},"author":129,"featured_media":26332,"comment_status":"closed","ping_status":"closed","sticky":false,"template":"","format":"standard","meta":{"_acf_changed":false,"_monsterinsights_skip_tracking":false,"_monsterinsights_sitenote_active":false,"_monsterinsights_sitenote_note":"","_monsterinsights_sitenote_category":0,"footnotes":""},"categories":[1617,1618,1627,346],"tags":[1226,709,90,550,1162,1574,755,2086,567,82,900],"writer":[2094],"translator":[1959],"source":[],"ilustrador":[],"fotografo":[],"class_list":{"0":"post-26329","1":"post","2":"type-post","3":"status-publish","4":"format-standard","5":"has-post-thumbnail","7":"category-olhonagentrificacao","8":"category-olhonaparticipacao","9":"category-relato-de-evento","10":"category-denuncias","11":"tag-constituicao","12":"tag-debate","13":"tag-defensoria-publica","14":"tag-direito-a-terra","15":"tag-governo-federal","16":"tag-indigenas","17":"tag-lei","18":"tag-mp-759","19":"tag-quilombo","20":"tag-regularizacao-fundiaria","21":"tag-titulacao-de-terras","22":"writer-adriana-gonzalez","23":"translator-paula-varajao"},"acf":[],"yoast_head":"<!-- This site is optimized with the Yoast SEO plugin v25.6 - https:\/\/yoast.com\/wordpress\/plugins\/seo\/ -->\n<title>Debate Denuncia Altera\u00e7\u00f5es Promovidas pelo Governo Temer \u00e0 Regulariza\u00e7\u00e3o Fundi\u00e1ria - RioOnWatch<\/title>\n<meta name=\"robots\" content=\"index, follow, max-snippet:-1, max-image-preview:large, max-video-preview:-1\" \/>\n<link rel=\"canonical\" href=\"https:\/\/rioonwatch.org.br\/?p=26329\" \/>\n<meta property=\"og:locale\" content=\"pt_BR\" \/>\n<meta property=\"og:type\" content=\"article\" \/>\n<meta property=\"og:title\" content=\"Debate Denuncia Altera\u00e7\u00f5es Promovidas pelo Governo Temer \u00e0 Regulariza\u00e7\u00e3o Fundi\u00e1ria - RioOnWatch\" \/>\n<meta property=\"og:description\" content=\"Click Here for English No dia 22 de dezembro de 2016, o Presidente Michel Temer aprovou a altera\u00e7\u00e3o da lei que regulariza terras urbanas e rurais de propriedade do governo federal, notadamente eliminando as exig\u00eancias [...]\" \/>\n<meta property=\"og:url\" content=\"https:\/\/rioonwatch.org.br\/?p=26329\" \/>\n<meta property=\"og:site_name\" content=\"RioOnWatch\" \/>\n<meta property=\"article:published_time\" content=\"2017-06-22T22:54:56+00:00\" \/>\n<meta property=\"article:modified_time\" content=\"2017-06-24T14:40:39+00:00\" \/>\n<meta property=\"og:image\" content=\"https:\/\/rioonwatch.org.br\/wp-content\/uploads\/2017\/06\/pucrio.jpg\" \/>\n\t<meta property=\"og:image:width\" content=\"1920\" \/>\n\t<meta property=\"og:image:height\" content=\"1080\" \/>\n\t<meta property=\"og:image:type\" content=\"image\/jpeg\" \/>\n<meta name=\"author\" content=\"Admin\" \/>\n<meta name=\"twitter:card\" content=\"summary_large_image\" \/>\n<meta name=\"twitter:label1\" content=\"Escrito por\" \/>\n\t<meta name=\"twitter:data1\" content=\"Admin\" \/>\n\t<meta name=\"twitter:label2\" content=\"Est. tempo de leitura\" \/>\n\t<meta name=\"twitter:data2\" content=\"5 minutos\" \/>\n<script type=\"application\/ld+json\" class=\"yoast-schema-graph\">{\"@context\":\"https:\/\/schema.org\",\"@graph\":[{\"@type\":\"Article\",\"@id\":\"https:\/\/rioonwatch.org.br\/?p=26329#article\",\"isPartOf\":{\"@id\":\"https:\/\/rioonwatch.org.br\/?p=26329\"},\"author\":{\"name\":\"Admin\",\"@id\":\"https:\/\/rioonwatch.org.br\/#\/schema\/person\/11d64c290506f9df50c71b850c473f68\"},\"headline\":\"Debate Denuncia Altera\u00e7\u00f5es Promovidas pelo Governo Temer \u00e0 Regulariza\u00e7\u00e3o Fundi\u00e1ria\",\"datePublished\":\"2017-06-22T22:54:56+00:00\",\"dateModified\":\"2017-06-24T14:40:39+00:00\",\"mainEntityOfPage\":{\"@id\":\"https:\/\/rioonwatch.org.br\/?p=26329\"},\"wordCount\":1044,\"publisher\":{\"@id\":\"https:\/\/rioonwatch.org.br\/#organization\"},\"image\":{\"@id\":\"https:\/\/rioonwatch.org.br\/?p=26329#primaryimage\"},\"thumbnailUrl\":\"https:\/\/rioonwatch.org.br\/wp-content\/uploads\/2017\/06\/pucrio.jpg\",\"keywords\":[\"constitui\u00e7\u00e3o\",\"debate\",\"Defensoria P\u00fablica\",\"direito \u00e0 terra\",\"Governo Federal\",\"ind\u00edgenas\",\"lei\",\"MP 759 \/ Lei 13.465\",\"Quilombo\",\"regulariza\u00e7\u00e3o fundi\u00e1ria\",\"titula\u00e7\u00e3o de terras\"],\"articleSection\":[\"#OlhoNaGentrifica\u00e7\u00e3o\",\"#OlhoNaParticipa\u00e7\u00e3o\",\"Cobertura de Eventos\",\"Den\u00fancias\"],\"inLanguage\":\"pt-BR\"},{\"@type\":\"WebPage\",\"@id\":\"https:\/\/rioonwatch.org.br\/?p=26329\",\"url\":\"https:\/\/rioonwatch.org.br\/?p=26329\",\"name\":\"Debate Denuncia Altera\u00e7\u00f5es Promovidas pelo Governo Temer \u00e0 Regulariza\u00e7\u00e3o Fundi\u00e1ria - RioOnWatch\",\"isPartOf\":{\"@id\":\"https:\/\/rioonwatch.org.br\/#website\"},\"primaryImageOfPage\":{\"@id\":\"https:\/\/rioonwatch.org.br\/?p=26329#primaryimage\"},\"image\":{\"@id\":\"https:\/\/rioonwatch.org.br\/?p=26329#primaryimage\"},\"thumbnailUrl\":\"https:\/\/rioonwatch.org.br\/wp-content\/uploads\/2017\/06\/pucrio.jpg\",\"datePublished\":\"2017-06-22T22:54:56+00:00\",\"dateModified\":\"2017-06-24T14:40:39+00:00\",\"breadcrumb\":{\"@id\":\"https:\/\/rioonwatch.org.br\/?p=26329#breadcrumb\"},\"inLanguage\":\"pt-BR\",\"potentialAction\":[{\"@type\":\"ReadAction\",\"target\":[\"https:\/\/rioonwatch.org.br\/?p=26329\"]}]},{\"@type\":\"ImageObject\",\"inLanguage\":\"pt-BR\",\"@id\":\"https:\/\/rioonwatch.org.br\/?p=26329#primaryimage\",\"url\":\"https:\/\/rioonwatch.org.br\/wp-content\/uploads\/2017\/06\/pucrio.jpg\",\"contentUrl\":\"https:\/\/rioonwatch.org.br\/wp-content\/uploads\/2017\/06\/pucrio.jpg\",\"width\":1920,\"height\":1080},{\"@type\":\"BreadcrumbList\",\"@id\":\"https:\/\/rioonwatch.org.br\/?p=26329#breadcrumb\",\"itemListElement\":[{\"@type\":\"ListItem\",\"position\":1,\"name\":\"In\u00edcio\",\"item\":\"https:\/\/rioonwatch.org.br\/\"},{\"@type\":\"ListItem\",\"position\":2,\"name\":\"Debate Denuncia Altera\u00e7\u00f5es Promovidas pelo Governo Temer \u00e0 Regulariza\u00e7\u00e3o Fundi\u00e1ria\"}]},{\"@type\":\"WebSite\",\"@id\":\"https:\/\/rioonwatch.org.br\/#website\",\"url\":\"https:\/\/rioonwatch.org.br\/\",\"name\":\"RioOnWatch\",\"description\":\"relatos das favelas cariocas\",\"publisher\":{\"@id\":\"https:\/\/rioonwatch.org.br\/#organization\"},\"potentialAction\":[{\"@type\":\"SearchAction\",\"target\":{\"@type\":\"EntryPoint\",\"urlTemplate\":\"https:\/\/rioonwatch.org.br\/?s={search_term_string}\"},\"query-input\":{\"@type\":\"PropertyValueSpecification\",\"valueRequired\":true,\"valueName\":\"search_term_string\"}}],\"inLanguage\":\"pt-BR\"},{\"@type\":\"Organization\",\"@id\":\"https:\/\/rioonwatch.org.br\/#organization\",\"name\":\"RioOnWatch\",\"url\":\"https:\/\/rioonwatch.org.br\/\",\"logo\":{\"@type\":\"ImageObject\",\"inLanguage\":\"pt-BR\",\"@id\":\"https:\/\/rioonwatch.org.br\/#\/schema\/logo\/image\/\",\"url\":\"https:\/\/rioonwatch.org.br\/wp-content\/uploads\/2021\/06\/RioOnWatchcabecalhoPT11anos-2.png\",\"contentUrl\":\"https:\/\/rioonwatch.org.br\/wp-content\/uploads\/2021\/06\/RioOnWatchcabecalhoPT11anos-2.png\",\"width\":779,\"height\":277,\"caption\":\"RioOnWatch\"},\"image\":{\"@id\":\"https:\/\/rioonwatch.org.br\/#\/schema\/logo\/image\/\"}},{\"@type\":\"Person\",\"@id\":\"https:\/\/rioonwatch.org.br\/#\/schema\/person\/11d64c290506f9df50c71b850c473f68\",\"name\":\"Admin\",\"image\":{\"@type\":\"ImageObject\",\"inLanguage\":\"pt-BR\",\"@id\":\"https:\/\/rioonwatch.org.br\/#\/schema\/person\/image\/\",\"url\":\"https:\/\/secure.gravatar.com\/avatar\/56211ac74568383903349a1485e3c325?s=96&d=blank&r=g\",\"contentUrl\":\"https:\/\/secure.gravatar.com\/avatar\/56211ac74568383903349a1485e3c325?s=96&d=blank&r=g\",\"caption\":\"Admin\"},\"url\":\"https:\/\/rioonwatch.org.br\/?author=129\"}]}<\/script>\n<!-- \/ Yoast SEO plugin. -->","yoast_head_json":{"title":"Debate Denuncia Altera\u00e7\u00f5es Promovidas pelo Governo Temer \u00e0 Regulariza\u00e7\u00e3o Fundi\u00e1ria - RioOnWatch","robots":{"index":"index","follow":"follow","max-snippet":"max-snippet:-1","max-image-preview":"max-image-preview:large","max-video-preview":"max-video-preview:-1"},"canonical":"https:\/\/rioonwatch.org.br\/?p=26329","og_locale":"pt_BR","og_type":"article","og_title":"Debate Denuncia Altera\u00e7\u00f5es Promovidas pelo Governo Temer \u00e0 Regulariza\u00e7\u00e3o Fundi\u00e1ria - RioOnWatch","og_description":"Click Here for English No dia 22 de dezembro de 2016, o Presidente Michel Temer aprovou a altera\u00e7\u00e3o da lei que regulariza terras urbanas e rurais de propriedade do governo federal, notadamente eliminando as exig\u00eancias [...]","og_url":"https:\/\/rioonwatch.org.br\/?p=26329","og_site_name":"RioOnWatch","article_published_time":"2017-06-22T22:54:56+00:00","article_modified_time":"2017-06-24T14:40:39+00:00","og_image":[{"width":1920,"height":1080,"url":"https:\/\/rioonwatch.org.br\/wp-content\/uploads\/2017\/06\/pucrio.jpg","type":"image\/jpeg"}],"author":"Admin","twitter_card":"summary_large_image","twitter_misc":{"Escrito por":"Admin","Est. tempo de leitura":"5 minutos"},"schema":{"@context":"https:\/\/schema.org","@graph":[{"@type":"Article","@id":"https:\/\/rioonwatch.org.br\/?p=26329#article","isPartOf":{"@id":"https:\/\/rioonwatch.org.br\/?p=26329"},"author":{"name":"Admin","@id":"https:\/\/rioonwatch.org.br\/#\/schema\/person\/11d64c290506f9df50c71b850c473f68"},"headline":"Debate Denuncia Altera\u00e7\u00f5es Promovidas pelo Governo Temer \u00e0 Regulariza\u00e7\u00e3o Fundi\u00e1ria","datePublished":"2017-06-22T22:54:56+00:00","dateModified":"2017-06-24T14:40:39+00:00","mainEntityOfPage":{"@id":"https:\/\/rioonwatch.org.br\/?p=26329"},"wordCount":1044,"publisher":{"@id":"https:\/\/rioonwatch.org.br\/#organization"},"image":{"@id":"https:\/\/rioonwatch.org.br\/?p=26329#primaryimage"},"thumbnailUrl":"https:\/\/rioonwatch.org.br\/wp-content\/uploads\/2017\/06\/pucrio.jpg","keywords":["constitui\u00e7\u00e3o","debate","Defensoria P\u00fablica","direito \u00e0 terra","Governo Federal","ind\u00edgenas","lei","MP 759 \/ Lei 13.465","Quilombo","regulariza\u00e7\u00e3o fundi\u00e1ria","titula\u00e7\u00e3o de terras"],"articleSection":["#OlhoNaGentrifica\u00e7\u00e3o","#OlhoNaParticipa\u00e7\u00e3o","Cobertura de Eventos","Den\u00fancias"],"inLanguage":"pt-BR"},{"@type":"WebPage","@id":"https:\/\/rioonwatch.org.br\/?p=26329","url":"https:\/\/rioonwatch.org.br\/?p=26329","name":"Debate Denuncia Altera\u00e7\u00f5es Promovidas pelo Governo Temer \u00e0 Regulariza\u00e7\u00e3o Fundi\u00e1ria - RioOnWatch","isPartOf":{"@id":"https:\/\/rioonwatch.org.br\/#website"},"primaryImageOfPage":{"@id":"https:\/\/rioonwatch.org.br\/?p=26329#primaryimage"},"image":{"@id":"https:\/\/rioonwatch.org.br\/?p=26329#primaryimage"},"thumbnailUrl":"https:\/\/rioonwatch.org.br\/wp-content\/uploads\/2017\/06\/pucrio.jpg","datePublished":"2017-06-22T22:54:56+00:00","dateModified":"2017-06-24T14:40:39+00:00","breadcrumb":{"@id":"https:\/\/rioonwatch.org.br\/?p=26329#breadcrumb"},"inLanguage":"pt-BR","potentialAction":[{"@type":"ReadAction","target":["https:\/\/rioonwatch.org.br\/?p=26329"]}]},{"@type":"ImageObject","inLanguage":"pt-BR","@id":"https:\/\/rioonwatch.org.br\/?p=26329#primaryimage","url":"https:\/\/rioonwatch.org.br\/wp-content\/uploads\/2017\/06\/pucrio.jpg","contentUrl":"https:\/\/rioonwatch.org.br\/wp-content\/uploads\/2017\/06\/pucrio.jpg","width":1920,"height":1080},{"@type":"BreadcrumbList","@id":"https:\/\/rioonwatch.org.br\/?p=26329#breadcrumb","itemListElement":[{"@type":"ListItem","position":1,"name":"In\u00edcio","item":"https:\/\/rioonwatch.org.br\/"},{"@type":"ListItem","position":2,"name":"Debate Denuncia Altera\u00e7\u00f5es Promovidas pelo Governo Temer \u00e0 Regulariza\u00e7\u00e3o Fundi\u00e1ria"}]},{"@type":"WebSite","@id":"https:\/\/rioonwatch.org.br\/#website","url":"https:\/\/rioonwatch.org.br\/","name":"RioOnWatch","description":"relatos das favelas cariocas","publisher":{"@id":"https:\/\/rioonwatch.org.br\/#organization"},"potentialAction":[{"@type":"SearchAction","target":{"@type":"EntryPoint","urlTemplate":"https:\/\/rioonwatch.org.br\/?s={search_term_string}"},"query-input":{"@type":"PropertyValueSpecification","valueRequired":true,"valueName":"search_term_string"}}],"inLanguage":"pt-BR"},{"@type":"Organization","@id":"https:\/\/rioonwatch.org.br\/#organization","name":"RioOnWatch","url":"https:\/\/rioonwatch.org.br\/","logo":{"@type":"ImageObject","inLanguage":"pt-BR","@id":"https:\/\/rioonwatch.org.br\/#\/schema\/logo\/image\/","url":"https:\/\/rioonwatch.org.br\/wp-content\/uploads\/2021\/06\/RioOnWatchcabecalhoPT11anos-2.png","contentUrl":"https:\/\/rioonwatch.org.br\/wp-content\/uploads\/2021\/06\/RioOnWatchcabecalhoPT11anos-2.png","width":779,"height":277,"caption":"RioOnWatch"},"image":{"@id":"https:\/\/rioonwatch.org.br\/#\/schema\/logo\/image\/"}},{"@type":"Person","@id":"https:\/\/rioonwatch.org.br\/#\/schema\/person\/11d64c290506f9df50c71b850c473f68","name":"Admin","image":{"@type":"ImageObject","inLanguage":"pt-BR","@id":"https:\/\/rioonwatch.org.br\/#\/schema\/person\/image\/","url":"https:\/\/secure.gravatar.com\/avatar\/56211ac74568383903349a1485e3c325?s=96&d=blank&r=g","contentUrl":"https:\/\/secure.gravatar.com\/avatar\/56211ac74568383903349a1485e3c325?s=96&d=blank&r=g","caption":"Admin"},"url":"https:\/\/rioonwatch.org.br\/?author=129"}]}},"_links":{"self":[{"href":"https:\/\/rioonwatch.org.br\/index.php?rest_route=\/wp\/v2\/posts\/26329"}],"collection":[{"href":"https:\/\/rioonwatch.org.br\/index.php?rest_route=\/wp\/v2\/posts"}],"about":[{"href":"https:\/\/rioonwatch.org.br\/index.php?rest_route=\/wp\/v2\/types\/post"}],"author":[{"embeddable":true,"href":"https:\/\/rioonwatch.org.br\/index.php?rest_route=\/wp\/v2\/users\/129"}],"replies":[{"embeddable":true,"href":"https:\/\/rioonwatch.org.br\/index.php?rest_route=%2Fwp%2Fv2%2Fcomments&post=26329"}],"version-history":[{"count":16,"href":"https:\/\/rioonwatch.org.br\/index.php?rest_route=\/wp\/v2\/posts\/26329\/revisions"}],"predecessor-version":[{"id":26503,"href":"https:\/\/rioonwatch.org.br\/index.php?rest_route=\/wp\/v2\/posts\/26329\/revisions\/26503"}],"wp:featuredmedia":[{"embeddable":true,"href":"https:\/\/rioonwatch.org.br\/index.php?rest_route=\/wp\/v2\/media\/26332"}],"wp:attachment":[{"href":"https:\/\/rioonwatch.org.br\/index.php?rest_route=%2Fwp%2Fv2%2Fmedia&parent=26329"}],"wp:term":[{"taxonomy":"category","embeddable":true,"href":"https:\/\/rioonwatch.org.br\/index.php?rest_route=%2Fwp%2Fv2%2Fcategories&post=26329"},{"taxonomy":"post_tag","embeddable":true,"href":"https:\/\/rioonwatch.org.br\/index.php?rest_route=%2Fwp%2Fv2%2Ftags&post=26329"},{"taxonomy":"writer","embeddable":true,"href":"https:\/\/rioonwatch.org.br\/index.php?rest_route=%2Fwp%2Fv2%2Fwriter&post=26329"},{"taxonomy":"translator","embeddable":true,"href":"https:\/\/rioonwatch.org.br\/index.php?rest_route=%2Fwp%2Fv2%2Ftranslator&post=26329"},{"taxonomy":"source","embeddable":true,"href":"https:\/\/rioonwatch.org.br\/index.php?rest_route=%2Fwp%2Fv2%2Fsource&post=26329"},{"taxonomy":"ilustrador","embeddable":true,"href":"https:\/\/rioonwatch.org.br\/index.php?rest_route=%2Fwp%2Fv2%2Filustrador&post=26329"},{"taxonomy":"fotografo","embeddable":true,"href":"https:\/\/rioonwatch.org.br\/index.php?rest_route=%2Fwp%2Fv2%2Ffotografo&post=26329"}],"curies":[{"name":"wp","href":"https:\/\/api.w.org\/{rel}","templated":true}]}}