{"id":26414,"date":"2017-06-22T14:03:31","date_gmt":"2017-06-22T17:03:31","guid":{"rendered":"http:\/\/rioonwatch.org.br\/?p=26414"},"modified":"2017-12-13T22:35:55","modified_gmt":"2017-12-14T01:35:55","slug":"guerra-contra-quem-debate-sobre-repressao-as-drogas-destaca-principais-problemas-das-politicas-atuais","status":"publish","type":"post","link":"https:\/\/rioonwatch.org.br\/?p=26414","title":{"rendered":"Guerra Contra Quem? Debate Sobre Guerra \u00e0s Drogas Destaca Principais Problemas das Pol\u00edticas Atuais"},"content":{"rendered":"<p style=\"text-align: right;\"><em><strong><a href=\"http:\/\/bit.ly\/2sfhMmH\" target=\"_blank\" rel=\"noopener noreferrer\">Click Here for English<img decoding=\"async\" width=\"20\" height=\"20\" class=\"alignright wp-image-15790\" src=\"http:\/\/rioonwatch.org.br\/wp-content\/uploads\/2012\/08\/EN-standard-e1439583104716.jpg\" alt=\"\" \/><\/a><\/strong><\/em><\/p>\n<p><span style=\"font-weight: 400;\">Desde 2008, quando a primeira <\/span><a href=\"http:\/\/bit.ly\/1qvWRb2\" target=\"_blank\" rel=\"noopener\"><span style=\"font-weight: 400;\">UPP<\/span><\/a><span style=\"font-weight: 400;\">\u00a0come\u00e7ou a ocupar a favela <\/span><a href=\"http:\/\/bit.ly\/YZD9al\" target=\"_blank\" rel=\"noopener\"><span style=\"font-weight: 400;\">Santa Marta<\/span><\/a><span style=\"font-weight: 400;\">, o governo estadual do Rio de Janeiro emprega pol\u00edticas agressivas para combater o crime organizado relacionado ao tr\u00e1fico de drogas e manter as favelas sob o controle formal do governo, o que resultou nas mortes de milhares de civis, frequentemente pelas m\u00e3os da pol\u00edcia. Quase dez anos ap\u00f3s o primeiro esfor\u00e7o de pacifica\u00e7\u00e3o das favelas, choques violentos entre a pol\u00edcia e traficantes s\u00f3 t\u00eam aumentado e resultaram em danos colaterais, principalmente em comunidades das zonas <\/span><a href=\"http:\/\/bit.ly\/WximDf\" target=\"_blank\" rel=\"noopener\"><span style=\"font-weight: 400;\">Norte<\/span><\/a><span style=\"font-weight: 400;\"> e <\/span><a href=\"http:\/\/bit.ly\/11tBmFR\" target=\"_blank\" rel=\"noopener\"><span style=\"font-weight: 400;\">Oeste<\/span><\/a><span style=\"font-weight: 400;\"> do Rio.<\/span><\/p>\n<p><span style=\"font-weight: 400;\">Apesar de um grande n\u00famero de mortes e de in\u00fameros <\/span><a href=\"http:\/\/bit.ly\/1YeDmk9\" target=\"_blank\" rel=\"noopener\"><span style=\"font-weight: 400;\">abusos de direitos<\/span><\/a><span style=\"font-weight: 400;\">, cidad\u00e3os que vivem fora das \u00e1reas de UPP permanecem em grande parte indiferentes aos fracassos desta pol\u00edtica e de suas consequ\u00eancias para os civis. A fim de combater esta indiferen\u00e7a e incorporar uma por\u00e7\u00e3o maior da popula\u00e7\u00e3o do Rio na busca de solu\u00e7\u00f5es para estas quest\u00f5es, o Diret\u00f3rio Central dos Estudantes (DCE) da PUC-RJ promoveu um <\/span><a href=\"http:\/\/bit.ly\/2svLCGv\" target=\"_blank\" rel=\"noopener\"><span style=\"font-weight: 400;\">debate para discutir a Guerra Contra as Drogas no Rio<\/span><\/a><span style=\"font-weight: 400;\"> no dia 7 de junho. O debate reuniu Orlando Zaconne da Associa\u00e7\u00e3o dos Agentes da Lei contra a Proibi\u00e7\u00e3o\u00a0(<\/span><a href=\"http:\/\/bit.ly\/2s5Go2E\" target=\"_blank\" rel=\"noopener\"><span style=\"font-weight: 400;\">LEAP Brasil<\/span><\/a><span style=\"font-weight: 400;\">), Vivi Salles, soci\u00f3loga e moradora da <a href=\"http:\/\/bit.ly\/10BzE4e\" target=\"_blank\" rel=\"noopener\">Cidade de Deus<\/a>, Tatiana Lima, jornalista e moradora do <a href=\"http:\/\/bit.ly\/U0MiGm\" target=\"_blank\" rel=\"noopener\">Complexo do Alem\u00e3o<\/a> e Victoria de Sulocki, professora de Direito Penal e Processual, e doutora em Direito pela PUC-Rio, que compartilharam as suas perspectivas e conhecimento em um f\u00f3rum aberto. Ap\u00f3s uma breve discuss\u00e3o por estes palestrantes, o f\u00f3rum foi aberto para perguntas dos participantes.<\/span><\/p>\n<p><span style=\"font-weight: 400;\">Uma das principais falhas da <\/span><a href=\"http:\/\/bit.ly\/28UpNn7\" target=\"_blank\" rel=\"noopener\"><span style=\"font-weight: 400;\">guerra contra as drogas<\/span><\/a><span style=\"font-weight: 400;\"> debatidas pelo grupo, \u00e9 a inconsist\u00eancia e claro preconceito demonstrado pela abordagem do governo quanto \u00e0 repress\u00e3o \u00e0s drogas. O tr\u00e1fico de drogas envolve uma ampla rede de produtores, distribuidores e consumidores, bem como um sistema financeiro robusto para a lavagem de milh\u00f5es de d\u00f3lares por ano. No entanto, a pol\u00edcia foca os seus esfor\u00e7os somente nas comunidades de baixa renda com popula\u00e7\u00f5es historicamente marginalizadas. Orlando Zaconne perguntou: &#8220;Quem est\u00e1 por tr\u00e1s do grande tr\u00e1fico de drogas? O sistema financeiro, eles lavam todo esse dinheiro. Eles guardam a quinta maior economia do mundo debaixo de um colch\u00e3o&#8221;<\/span><span style=\"font-weight: 400;\">. Este enfoque seletivo \u00e0 repress\u00e3o \u00e0s drogas perpetua a viol\u00eancia das drogas, falhando na abordagem das principais fontes do mercado de drogas como os intermedi\u00e1rios financeiros, distribuidores e consumidores que muitas vezes moram em bairros mais nobres. Al\u00e9m disso, estas a\u00e7\u00f5es servem para refor\u00e7ar <\/span><a href=\"http:\/\/bit.ly\/2kZlcpd\" target=\"_blank\" rel=\"noopener\"><span style=\"font-weight: 400;\">estere\u00f3tipos<\/span><\/a> <span style=\"font-weight: 400;\">falsos quanto aos moradores das favelas e criam um sistema de repress\u00e3o violenta motivado pelo preconceito racial e de classe. Orlando Zaconne\u00a0<\/span><span style=\"font-weight: 400;\">continuou a descrever este enfoque seletivo como \u201cum dos pilares da discrimina\u00e7\u00e3o&#8221;.<\/span><\/p>\n<p><a href=\"http:\/\/rioonwatch.org.br\/wp-content\/uploads\/2017\/06\/Police-in-Favela-.jpg\"><img fetchpriority=\"high\" decoding=\"async\" class=\"aligncenter wp-image-26425 size-content\" title=\"Imagem por Cultura Mix http:\/\/bit.ly\/2rZe56b\" src=\"http:\/\/rioonwatch.org.br\/wp-content\/uploads\/2017\/06\/Police-in-Favela--600x264.jpg\" alt=\"\" width=\"600\" height=\"264\" \/><\/a><\/p>\n<p><span style=\"font-weight: 400;\">Moradores de favelas, que s\u00e3o afetados desproporcionalmente pelas pol\u00edticas de repress\u00e3o \u00e0s drogas, frequentemente s\u00e3o v\u00edtimas do sistema judicial brasileiro violento e n\u00e3o confi\u00e1vel. Apesar de n\u00e3o ter pena de morte no Brasil, centenas de moradores do Rio morrem todos os anos nas m\u00e3os da <a href=\"http:\/\/bit.ly\/2plE9nU\" target=\"_blank\" rel=\"noopener\">repress\u00e3o legal<\/a>.\u00a0<\/span><span style=\"font-weight: 400;\">Em 2016, a pol\u00edcia matou pelo menos 920 pessoas no Rio e aparenta estar a caminho de matar ainda mais em 2017. O n\u00famero anual de mortes \u00e9 t\u00e3o elevado que a pol\u00edcia do Rio \u00e9 conhecida como a mais violenta do mundo. Durante o debate Orlando Zaccone comentou, &#8220;a\u00a0pena de morte no Brasil embora n\u00e3o existe (oficialmente), \u00e9 amolgada e legitimada pelos pol\u00edticos do Estado&#8221;, referindo-se ao di\u00e1logo pol\u00edtico que frequentemente justifica a viol\u00eancia policial como sendo um mal necess\u00e1rio. <\/span><\/p>\n<p><span style=\"font-weight: 400;\">Enquanto a autodefesa \u00e9 frequentemente alegada como sendo a raz\u00e3o destas mortes, a Anistia Internacional e o <\/span><i><span style=\"font-weight: 400;\">The Guardian<\/span><\/i><span style=\"font-weight: 400;\"> ambos documentaram m\u00faltiplos casos nos quais policiais colocaram armas e drogas nas v\u00edtimas para evitar serem punidos pelo uso excessivo da for\u00e7a. Enquanto isso, os suspeitos que s\u00e3o detidos entram no sistema mal regulamentado das pris\u00f5es, onde os abusos de outros presos bem como dos funcion\u00e1rios contribuem para o ciclo da opress\u00e3o. At\u00e9 agora em 2017, j\u00e1 houve pelo menos 140 mortes nas pris\u00f5es brasileiras, que em grande parte s\u00e3o controladas por fac\u00e7\u00f5es. A repress\u00e3o legal perpetua estas tend\u00eancias n\u00e3o somente por, efetivamente, falhar na preven\u00e7\u00e3o da viol\u00eancia nas pris\u00f5es, mas tamb\u00e9m por contribuir neste processo com o uso de tortura aos suspeitos, violando a lei brasileira e os direitos humanos. <\/span><\/p>\n<p><span style=\"font-weight: 400;\">Mulheres que n\u00e3o praticaram atos violentos e s\u00e3o detidas por porte de drogas mais do que por qualquer outro crime, s\u00e3o especialmente vulner\u00e1veis ao abuso sexual e outras formas de abuso pelos detidos e funcion\u00e1rios. Orlando Zaconne descreve a experi\u00eancia das mulheres no sistema prisional brasileiro: \u201c<\/span>Quando voc\u00ea encarcera uma mulher voc\u00ea coloca essa mulher em uma casa de tortura, porque os pres\u00eddios no nossa pais s\u00e3o casa de tortura&#8221;.<\/p>\n<p><a href=\"http:\/\/rioonwatch.org.br\/wp-content\/uploads\/2017\/06\/Brazilian-Prison-.jpg\"><img decoding=\"async\" class=\"aligncenter wp-image-26428 size-content\" title=\"Imagem por The Sun http:\/\/bit.ly\/2t0go7k\" src=\"http:\/\/rioonwatch.org.br\/wp-content\/uploads\/2017\/06\/Brazilian-Prison--620x264.jpg\" alt=\"\" width=\"620\" height=\"264\" srcset=\"https:\/\/rioonwatch.org.br\/wp-content\/uploads\/2017\/06\/Brazilian-Prison--620x264.jpg 620w, https:\/\/rioonwatch.org.br\/wp-content\/uploads\/2017\/06\/Brazilian-Prison--940x400.jpg 940w\" sizes=\"(max-width: 620px) 100vw, 620px\" \/><\/a><\/p>\n<p><span style=\"font-weight: 400;\">Ap\u00f3s quase dez anos de pol\u00edticas que falharam e viol\u00eancia sist\u00eamica como resultado da guerra \u00e0s drogas pelas UPPs, uma grande parte da sociedade do Rio tornou-se complacente quanto aos abusos de poder, aceitando as s\u00e9rias falhas nas pol\u00edticas contra as drogas. <a href=\"http:\/\/bit.ly\/1MhLewt\" target=\"_blank\" rel=\"noopener\">A m\u00eddia nacional contribuiu para esta apatia criando um divisor social<\/a> atrav\u00e9s de reportagens inexatas e distorcidas sobre as favelas. A fim de combater a dessensibiliza\u00e7\u00e3o e criar reformas que permitam pol\u00edticas mais eficazes e maior respeito pelos direitos humanos, <a href=\"http:\/\/on.fb.me\/1QuH6gN\" target=\"_blank\" rel=\"noopener\">a sociedade civil usa os recursos das m\u00eddias sociais para manter-se informada<\/a> sobre a guerra contra as drogas, combater as narrativas inexatas criadas pelas autoridades e pela m\u00eddia nacional e para gerar solidariedade com as comunidades afetadas como recurso e em defesa de avan\u00e7os. Tatiana Lima comentou sobre o papel crucial da sociedade civil ao preencher a lacuna da narrativa deixada pelo governo e pela m\u00eddia nacional: \u201c<\/span><span style=\"font-weight: 400;\">N\u00f3s<\/span><span style=\"font-weight: 400;\"> somos m\u00eddia. Cada um aqui tem Facebook, Twitter, Tumbler e todas essas coisas. Produzimos discursos, compartilhamos hist\u00f3rias e assim come\u00e7amos a construir o Rio&#8221;. Ela continuou a salientar a import\u00e2ncia de gerar relacionamentos entre as favelas e as comunidades formais para cultivar a empatia e a conscientiza\u00e7\u00e3o.<\/span><\/p>\n<!-- AddThis Advanced Settings generic via filter on the_content --><!-- AddThis Share Buttons generic via filter on the_content -->","protected":false},"excerpt":{"rendered":"<div class=\"mh-excerpt\"><p>Click Here for English Desde 2008, quando a primeira UPP\u00a0come\u00e7ou a ocupar a favela Santa Marta, o governo estadual do Rio de Janeiro emprega pol\u00edticas agressivas para combater o crime organizado relacionado ao tr\u00e1fico de <a class=\"mh-excerpt-more\" href=\"https:\/\/rioonwatch.org.br\/?p=26414\" title=\"Guerra Contra Quem? Debate Sobre Guerra \u00e0s Drogas Destaca Principais Problemas das Pol\u00edticas Atuais\">[&#8230;]<\/a><!-- AddThis Advanced Settings generic via filter on get_the_excerpt --><!-- AddThis Share Buttons generic via filter on get_the_excerpt --><\/p>\n<\/div>","protected":false},"author":129,"featured_media":26417,"comment_status":"closed","ping_status":"closed","sticky":false,"template":"","format":"standard","meta":{"_acf_changed":false,"_monsterinsights_skip_tracking":false,"_monsterinsights_sitenote_active":false,"_monsterinsights_sitenote_note":"","_monsterinsights_sitenote_category":0,"footnotes":""},"categories":[1621,346,1626,344,1612],"tags":[386,217,709,88,2253,1760,774,126,1545,919,92,920,52,218,184],"writer":[2110],"translator":[1875],"source":[],"ilustrador":[],"fotografo":[],"class_list":{"0":"post-26414","1":"post","2":"type-post","3":"status-publish","4":"format-standard","5":"has-post-thumbnail","7":"category-destaque","8":"category-denuncias","9":"category-por-observadores-internacionais","10":"category-politicas","11":"category-sociedade-civil","12":"tag-estigma","13":"tag-complexo-do-alemao","14":"tag-debate","15":"tag-direitos-humanos","16":"tag-guerra-as-drogas","17":"tag-narrativa-midiatica","18":"tag-policia-militar","19":"tag-preconceito","20":"tag-puc","21":"tag-reforma-da-policia","22":"tag-upp","23":"tag-violencia-de-estado","24":"tag-violencia-policial","25":"tag-zona-norte","26":"tag-zona-oeste","27":"writer-brian-mcnamara","28":"translator-marina-hennies"},"acf":[],"yoast_head":"<!-- This site is optimized with the Yoast SEO plugin v25.6 - https:\/\/yoast.com\/wordpress\/plugins\/seo\/ -->\n<title>Guerra Contra Quem? Debate Sobre Guerra \u00e0s Drogas Destaca Principais Problemas das Pol\u00edticas Atuais - RioOnWatch<\/title>\n<meta name=\"robots\" content=\"index, follow, max-snippet:-1, max-image-preview:large, max-video-preview:-1\" \/>\n<link rel=\"canonical\" href=\"https:\/\/rioonwatch.org.br\/?p=26414\" \/>\n<meta property=\"og:locale\" content=\"pt_BR\" \/>\n<meta property=\"og:type\" content=\"article\" \/>\n<meta property=\"og:title\" content=\"Guerra Contra Quem? Debate Sobre Guerra \u00e0s Drogas Destaca Principais Problemas das Pol\u00edticas Atuais - RioOnWatch\" \/>\n<meta property=\"og:description\" content=\"Click Here for English Desde 2008, quando a primeira UPP\u00a0come\u00e7ou a ocupar a favela Santa Marta, o governo estadual do Rio de Janeiro emprega pol\u00edticas agressivas para combater o crime organizado relacionado ao tr\u00e1fico de [...]\" \/>\n<meta property=\"og:url\" content=\"https:\/\/rioonwatch.org.br\/?p=26414\" \/>\n<meta property=\"og:site_name\" content=\"RioOnWatch\" \/>\n<meta property=\"article:published_time\" content=\"2017-06-22T17:03:31+00:00\" \/>\n<meta property=\"article:modified_time\" content=\"2017-12-14T01:35:55+00:00\" \/>\n<meta property=\"og:image\" content=\"https:\/\/rioonwatch.org.br\/wp-content\/uploads\/2017\/06\/UPP-Favela.jpg\" \/>\n\t<meta property=\"og:image:width\" content=\"900\" \/>\n\t<meta property=\"og:image:height\" content=\"554\" \/>\n\t<meta property=\"og:image:type\" content=\"image\/jpeg\" \/>\n<meta name=\"author\" content=\"Admin\" \/>\n<meta name=\"twitter:card\" content=\"summary_large_image\" \/>\n<meta name=\"twitter:label1\" content=\"Escrito por\" \/>\n\t<meta name=\"twitter:data1\" content=\"Admin\" \/>\n\t<meta name=\"twitter:label2\" content=\"Est. tempo de leitura\" \/>\n\t<meta name=\"twitter:data2\" content=\"5 minutos\" \/>\n<script type=\"application\/ld+json\" class=\"yoast-schema-graph\">{\"@context\":\"https:\/\/schema.org\",\"@graph\":[{\"@type\":\"Article\",\"@id\":\"https:\/\/rioonwatch.org.br\/?p=26414#article\",\"isPartOf\":{\"@id\":\"https:\/\/rioonwatch.org.br\/?p=26414\"},\"author\":{\"name\":\"Admin\",\"@id\":\"https:\/\/rioonwatch.org.br\/#\/schema\/person\/11d64c290506f9df50c71b850c473f68\"},\"headline\":\"Guerra Contra Quem? Debate Sobre Guerra \u00e0s Drogas Destaca Principais Problemas das Pol\u00edticas Atuais\",\"datePublished\":\"2017-06-22T17:03:31+00:00\",\"dateModified\":\"2017-12-14T01:35:55+00:00\",\"mainEntityOfPage\":{\"@id\":\"https:\/\/rioonwatch.org.br\/?p=26414\"},\"wordCount\":1084,\"publisher\":{\"@id\":\"https:\/\/rioonwatch.org.br\/#organization\"},\"image\":{\"@id\":\"https:\/\/rioonwatch.org.br\/?p=26414#primaryimage\"},\"thumbnailUrl\":\"https:\/\/rioonwatch.org.br\/wp-content\/uploads\/2017\/06\/UPP-Favela.jpg\",\"keywords\":[\"#StopFavelaStigma\",\"Complexo do Alem\u00e3o\",\"debate\",\"Direitos Humanos\",\"guerra \u00e0s drogas\",\"narrativa midi\u00e1tica\",\"Pol\u00edcia Militar\",\"preconceito\",\"PUC\",\"reforma da pol\u00edcia\",\"UPP\",\"viol\u00eancia de Estado\",\"viol\u00eancia policial\",\"Zona Norte\",\"Zona Oeste\"],\"articleSection\":[\"*Destaque\",\"Den\u00fancias\",\"Escrito por Aliados\",\"Pol\u00edticas\",\"Sociedade Civil\"],\"inLanguage\":\"pt-BR\"},{\"@type\":\"WebPage\",\"@id\":\"https:\/\/rioonwatch.org.br\/?p=26414\",\"url\":\"https:\/\/rioonwatch.org.br\/?p=26414\",\"name\":\"Guerra Contra Quem? Debate Sobre Guerra \u00e0s Drogas Destaca Principais Problemas das Pol\u00edticas Atuais - RioOnWatch\",\"isPartOf\":{\"@id\":\"https:\/\/rioonwatch.org.br\/#website\"},\"primaryImageOfPage\":{\"@id\":\"https:\/\/rioonwatch.org.br\/?p=26414#primaryimage\"},\"image\":{\"@id\":\"https:\/\/rioonwatch.org.br\/?p=26414#primaryimage\"},\"thumbnailUrl\":\"https:\/\/rioonwatch.org.br\/wp-content\/uploads\/2017\/06\/UPP-Favela.jpg\",\"datePublished\":\"2017-06-22T17:03:31+00:00\",\"dateModified\":\"2017-12-14T01:35:55+00:00\",\"breadcrumb\":{\"@id\":\"https:\/\/rioonwatch.org.br\/?p=26414#breadcrumb\"},\"inLanguage\":\"pt-BR\",\"potentialAction\":[{\"@type\":\"ReadAction\",\"target\":[\"https:\/\/rioonwatch.org.br\/?p=26414\"]}]},{\"@type\":\"ImageObject\",\"inLanguage\":\"pt-BR\",\"@id\":\"https:\/\/rioonwatch.org.br\/?p=26414#primaryimage\",\"url\":\"https:\/\/rioonwatch.org.br\/wp-content\/uploads\/2017\/06\/UPP-Favela.jpg\",\"contentUrl\":\"https:\/\/rioonwatch.org.br\/wp-content\/uploads\/2017\/06\/UPP-Favela.jpg\",\"width\":900,\"height\":554},{\"@type\":\"BreadcrumbList\",\"@id\":\"https:\/\/rioonwatch.org.br\/?p=26414#breadcrumb\",\"itemListElement\":[{\"@type\":\"ListItem\",\"position\":1,\"name\":\"In\u00edcio\",\"item\":\"https:\/\/rioonwatch.org.br\/\"},{\"@type\":\"ListItem\",\"position\":2,\"name\":\"Guerra Contra Quem? Debate Sobre Guerra \u00e0s Drogas Destaca Principais Problemas das Pol\u00edticas Atuais\"}]},{\"@type\":\"WebSite\",\"@id\":\"https:\/\/rioonwatch.org.br\/#website\",\"url\":\"https:\/\/rioonwatch.org.br\/\",\"name\":\"RioOnWatch\",\"description\":\"relatos das favelas cariocas\",\"publisher\":{\"@id\":\"https:\/\/rioonwatch.org.br\/#organization\"},\"potentialAction\":[{\"@type\":\"SearchAction\",\"target\":{\"@type\":\"EntryPoint\",\"urlTemplate\":\"https:\/\/rioonwatch.org.br\/?s={search_term_string}\"},\"query-input\":{\"@type\":\"PropertyValueSpecification\",\"valueRequired\":true,\"valueName\":\"search_term_string\"}}],\"inLanguage\":\"pt-BR\"},{\"@type\":\"Organization\",\"@id\":\"https:\/\/rioonwatch.org.br\/#organization\",\"name\":\"RioOnWatch\",\"url\":\"https:\/\/rioonwatch.org.br\/\",\"logo\":{\"@type\":\"ImageObject\",\"inLanguage\":\"pt-BR\",\"@id\":\"https:\/\/rioonwatch.org.br\/#\/schema\/logo\/image\/\",\"url\":\"https:\/\/rioonwatch.org.br\/wp-content\/uploads\/2021\/06\/RioOnWatchcabecalhoPT11anos-2.png\",\"contentUrl\":\"https:\/\/rioonwatch.org.br\/wp-content\/uploads\/2021\/06\/RioOnWatchcabecalhoPT11anos-2.png\",\"width\":779,\"height\":277,\"caption\":\"RioOnWatch\"},\"image\":{\"@id\":\"https:\/\/rioonwatch.org.br\/#\/schema\/logo\/image\/\"}},{\"@type\":\"Person\",\"@id\":\"https:\/\/rioonwatch.org.br\/#\/schema\/person\/11d64c290506f9df50c71b850c473f68\",\"name\":\"Admin\",\"image\":{\"@type\":\"ImageObject\",\"inLanguage\":\"pt-BR\",\"@id\":\"https:\/\/rioonwatch.org.br\/#\/schema\/person\/image\/\",\"url\":\"https:\/\/secure.gravatar.com\/avatar\/56211ac74568383903349a1485e3c325?s=96&d=blank&r=g\",\"contentUrl\":\"https:\/\/secure.gravatar.com\/avatar\/56211ac74568383903349a1485e3c325?s=96&d=blank&r=g\",\"caption\":\"Admin\"},\"url\":\"https:\/\/rioonwatch.org.br\/?author=129\"}]}<\/script>\n<!-- \/ Yoast SEO plugin. -->","yoast_head_json":{"title":"Guerra Contra Quem? Debate Sobre Guerra \u00e0s Drogas Destaca Principais Problemas das Pol\u00edticas Atuais - RioOnWatch","robots":{"index":"index","follow":"follow","max-snippet":"max-snippet:-1","max-image-preview":"max-image-preview:large","max-video-preview":"max-video-preview:-1"},"canonical":"https:\/\/rioonwatch.org.br\/?p=26414","og_locale":"pt_BR","og_type":"article","og_title":"Guerra Contra Quem? Debate Sobre Guerra \u00e0s Drogas Destaca Principais Problemas das Pol\u00edticas Atuais - RioOnWatch","og_description":"Click Here for English Desde 2008, quando a primeira UPP\u00a0come\u00e7ou a ocupar a favela Santa Marta, o governo estadual do Rio de Janeiro emprega pol\u00edticas agressivas para combater o crime organizado relacionado ao tr\u00e1fico de [...]","og_url":"https:\/\/rioonwatch.org.br\/?p=26414","og_site_name":"RioOnWatch","article_published_time":"2017-06-22T17:03:31+00:00","article_modified_time":"2017-12-14T01:35:55+00:00","og_image":[{"width":900,"height":554,"url":"https:\/\/rioonwatch.org.br\/wp-content\/uploads\/2017\/06\/UPP-Favela.jpg","type":"image\/jpeg"}],"author":"Admin","twitter_card":"summary_large_image","twitter_misc":{"Escrito por":"Admin","Est. tempo de leitura":"5 minutos"},"schema":{"@context":"https:\/\/schema.org","@graph":[{"@type":"Article","@id":"https:\/\/rioonwatch.org.br\/?p=26414#article","isPartOf":{"@id":"https:\/\/rioonwatch.org.br\/?p=26414"},"author":{"name":"Admin","@id":"https:\/\/rioonwatch.org.br\/#\/schema\/person\/11d64c290506f9df50c71b850c473f68"},"headline":"Guerra Contra Quem? Debate Sobre Guerra \u00e0s Drogas Destaca Principais Problemas das Pol\u00edticas Atuais","datePublished":"2017-06-22T17:03:31+00:00","dateModified":"2017-12-14T01:35:55+00:00","mainEntityOfPage":{"@id":"https:\/\/rioonwatch.org.br\/?p=26414"},"wordCount":1084,"publisher":{"@id":"https:\/\/rioonwatch.org.br\/#organization"},"image":{"@id":"https:\/\/rioonwatch.org.br\/?p=26414#primaryimage"},"thumbnailUrl":"https:\/\/rioonwatch.org.br\/wp-content\/uploads\/2017\/06\/UPP-Favela.jpg","keywords":["#StopFavelaStigma","Complexo do Alem\u00e3o","debate","Direitos Humanos","guerra \u00e0s drogas","narrativa midi\u00e1tica","Pol\u00edcia Militar","preconceito","PUC","reforma da pol\u00edcia","UPP","viol\u00eancia de Estado","viol\u00eancia policial","Zona Norte","Zona Oeste"],"articleSection":["*Destaque","Den\u00fancias","Escrito por Aliados","Pol\u00edticas","Sociedade Civil"],"inLanguage":"pt-BR"},{"@type":"WebPage","@id":"https:\/\/rioonwatch.org.br\/?p=26414","url":"https:\/\/rioonwatch.org.br\/?p=26414","name":"Guerra Contra Quem? Debate Sobre Guerra \u00e0s Drogas Destaca Principais Problemas das Pol\u00edticas Atuais - RioOnWatch","isPartOf":{"@id":"https:\/\/rioonwatch.org.br\/#website"},"primaryImageOfPage":{"@id":"https:\/\/rioonwatch.org.br\/?p=26414#primaryimage"},"image":{"@id":"https:\/\/rioonwatch.org.br\/?p=26414#primaryimage"},"thumbnailUrl":"https:\/\/rioonwatch.org.br\/wp-content\/uploads\/2017\/06\/UPP-Favela.jpg","datePublished":"2017-06-22T17:03:31+00:00","dateModified":"2017-12-14T01:35:55+00:00","breadcrumb":{"@id":"https:\/\/rioonwatch.org.br\/?p=26414#breadcrumb"},"inLanguage":"pt-BR","potentialAction":[{"@type":"ReadAction","target":["https:\/\/rioonwatch.org.br\/?p=26414"]}]},{"@type":"ImageObject","inLanguage":"pt-BR","@id":"https:\/\/rioonwatch.org.br\/?p=26414#primaryimage","url":"https:\/\/rioonwatch.org.br\/wp-content\/uploads\/2017\/06\/UPP-Favela.jpg","contentUrl":"https:\/\/rioonwatch.org.br\/wp-content\/uploads\/2017\/06\/UPP-Favela.jpg","width":900,"height":554},{"@type":"BreadcrumbList","@id":"https:\/\/rioonwatch.org.br\/?p=26414#breadcrumb","itemListElement":[{"@type":"ListItem","position":1,"name":"In\u00edcio","item":"https:\/\/rioonwatch.org.br\/"},{"@type":"ListItem","position":2,"name":"Guerra Contra Quem? Debate Sobre Guerra \u00e0s Drogas Destaca Principais Problemas das Pol\u00edticas Atuais"}]},{"@type":"WebSite","@id":"https:\/\/rioonwatch.org.br\/#website","url":"https:\/\/rioonwatch.org.br\/","name":"RioOnWatch","description":"relatos das favelas cariocas","publisher":{"@id":"https:\/\/rioonwatch.org.br\/#organization"},"potentialAction":[{"@type":"SearchAction","target":{"@type":"EntryPoint","urlTemplate":"https:\/\/rioonwatch.org.br\/?s={search_term_string}"},"query-input":{"@type":"PropertyValueSpecification","valueRequired":true,"valueName":"search_term_string"}}],"inLanguage":"pt-BR"},{"@type":"Organization","@id":"https:\/\/rioonwatch.org.br\/#organization","name":"RioOnWatch","url":"https:\/\/rioonwatch.org.br\/","logo":{"@type":"ImageObject","inLanguage":"pt-BR","@id":"https:\/\/rioonwatch.org.br\/#\/schema\/logo\/image\/","url":"https:\/\/rioonwatch.org.br\/wp-content\/uploads\/2021\/06\/RioOnWatchcabecalhoPT11anos-2.png","contentUrl":"https:\/\/rioonwatch.org.br\/wp-content\/uploads\/2021\/06\/RioOnWatchcabecalhoPT11anos-2.png","width":779,"height":277,"caption":"RioOnWatch"},"image":{"@id":"https:\/\/rioonwatch.org.br\/#\/schema\/logo\/image\/"}},{"@type":"Person","@id":"https:\/\/rioonwatch.org.br\/#\/schema\/person\/11d64c290506f9df50c71b850c473f68","name":"Admin","image":{"@type":"ImageObject","inLanguage":"pt-BR","@id":"https:\/\/rioonwatch.org.br\/#\/schema\/person\/image\/","url":"https:\/\/secure.gravatar.com\/avatar\/56211ac74568383903349a1485e3c325?s=96&d=blank&r=g","contentUrl":"https:\/\/secure.gravatar.com\/avatar\/56211ac74568383903349a1485e3c325?s=96&d=blank&r=g","caption":"Admin"},"url":"https:\/\/rioonwatch.org.br\/?author=129"}]}},"_links":{"self":[{"href":"https:\/\/rioonwatch.org.br\/index.php?rest_route=\/wp\/v2\/posts\/26414"}],"collection":[{"href":"https:\/\/rioonwatch.org.br\/index.php?rest_route=\/wp\/v2\/posts"}],"about":[{"href":"https:\/\/rioonwatch.org.br\/index.php?rest_route=\/wp\/v2\/types\/post"}],"author":[{"embeddable":true,"href":"https:\/\/rioonwatch.org.br\/index.php?rest_route=\/wp\/v2\/users\/129"}],"replies":[{"embeddable":true,"href":"https:\/\/rioonwatch.org.br\/index.php?rest_route=%2Fwp%2Fv2%2Fcomments&post=26414"}],"version-history":[{"count":23,"href":"https:\/\/rioonwatch.org.br\/index.php?rest_route=\/wp\/v2\/posts\/26414\/revisions"}],"predecessor-version":[{"id":26474,"href":"https:\/\/rioonwatch.org.br\/index.php?rest_route=\/wp\/v2\/posts\/26414\/revisions\/26474"}],"wp:featuredmedia":[{"embeddable":true,"href":"https:\/\/rioonwatch.org.br\/index.php?rest_route=\/wp\/v2\/media\/26417"}],"wp:attachment":[{"href":"https:\/\/rioonwatch.org.br\/index.php?rest_route=%2Fwp%2Fv2%2Fmedia&parent=26414"}],"wp:term":[{"taxonomy":"category","embeddable":true,"href":"https:\/\/rioonwatch.org.br\/index.php?rest_route=%2Fwp%2Fv2%2Fcategories&post=26414"},{"taxonomy":"post_tag","embeddable":true,"href":"https:\/\/rioonwatch.org.br\/index.php?rest_route=%2Fwp%2Fv2%2Ftags&post=26414"},{"taxonomy":"writer","embeddable":true,"href":"https:\/\/rioonwatch.org.br\/index.php?rest_route=%2Fwp%2Fv2%2Fwriter&post=26414"},{"taxonomy":"translator","embeddable":true,"href":"https:\/\/rioonwatch.org.br\/index.php?rest_route=%2Fwp%2Fv2%2Ftranslator&post=26414"},{"taxonomy":"source","embeddable":true,"href":"https:\/\/rioonwatch.org.br\/index.php?rest_route=%2Fwp%2Fv2%2Fsource&post=26414"},{"taxonomy":"ilustrador","embeddable":true,"href":"https:\/\/rioonwatch.org.br\/index.php?rest_route=%2Fwp%2Fv2%2Filustrador&post=26414"},{"taxonomy":"fotografo","embeddable":true,"href":"https:\/\/rioonwatch.org.br\/index.php?rest_route=%2Fwp%2Fv2%2Ffotografo&post=26414"}],"curies":[{"name":"wp","href":"https:\/\/api.w.org\/{rel}","templated":true}]}}