{"id":26438,"date":"2017-06-24T11:23:17","date_gmt":"2017-06-24T14:23:17","guid":{"rendered":"http:\/\/rioonwatch.org.br\/?p=26438"},"modified":"2024-06-20T16:24:35","modified_gmt":"2024-06-20T19:24:35","slug":"vida-apos-a-remocao-a-luta-de-heloisa-helena-contra-a-discriminacao-racial-e-religiosa-entrevista","status":"publish","type":"post","link":"https:\/\/rioonwatch.org.br\/?p=26438","title":{"rendered":"Vida Ap\u00f3s a Remo\u00e7\u00e3o: A Luta de Heloisa Helena Contra o Racismo Religioso [ENTREVISTA]"},"content":{"rendered":"<p style=\"text-align: right;\"><em><strong><a href=\"http:\/\/bit.ly\/2tps2ZN\" target=\"_blank\" rel=\"noopener noreferrer\">Click Here for English<img decoding=\"async\" width=\"20\" height=\"20\" class=\"alignright wp-image-15790\" src=\"http:\/\/rioonwatch.org.br\/wp-content\/uploads\/2012\/08\/EN-standard-e1439583104716.jpg\" alt=\"\" \/><\/a><\/strong><\/em><\/p>\n<p><strong><em>Em 24 de fevereiro de 2016, a Prefeitura do Rio <a href=\"http:\/\/bit.ly\/1WLtygo\" target=\"_blank\" rel=\"noopener\">demoliu a casa de Heloisa Helena Costa Berto<\/a>, uma das \u00faltimas a ser destru\u00edda na Vila Aut\u00f3dromo, ao lado do Parque Ol\u00edmpico. Depois de mais de um ano, o RioOnWatch procurou Heloisa Helena para saber a respeito de sua vida ap\u00f3s a remo\u00e7\u00e3o, suas reflex\u00f5es sobre a Cidade Ol\u00edmpica e sua luta atual para aumentar a consci\u00eancia negra diante da discrimina\u00e7\u00e3o religiosa e racial generalizada no Brasil.<\/em><\/strong><\/p>\n<p><span style=\"font-weight: 400;\">A viagem de \u00f4nibus de <a href=\"http:\/\/bit.ly\/1UOUNIr\" target=\"_blank\" rel=\"noopener\">Heloisa Helena Costa Berto<\/a> de sua nova casa em <a href=\"http:\/\/bit.ly\/1SmE8Zn\" target=\"_blank\" rel=\"noopener\">Guaratiba<\/a> para o Centro do Rio geralmente leva de tr\u00eas a tr\u00eas horas e meia. Da sua casa anterior na <a href=\"http:\/\/bit.ly\/Nfddvg\" target=\"_blank\" rel=\"noopener\">Vila Aut\u00f3dromo<\/a>, \u00e0s vezes a viagem de \u00f4nibus para o Centro levava duas horas, mas a casa estava abrigada no meio das regi\u00f5es em r\u00e1pido desenvolvimento de <a href=\"http:\/\/bit.ly\/1HgPTzq\" target=\"_blank\" rel=\"noopener\">Jacarepagu\u00e1<\/a> e <a href=\"http:\/\/bit.ly\/19BBUhf\" target=\"_blank\" rel=\"noopener\">Barra da Tijuca<\/a>. Vivendo l\u00e1, ela n\u00e3o se sentia nas margens da cidade como acontece ao viver em Guaratiba. Para Heloisa Helena, a <a href=\"http:\/\/bit.ly\/1OZJk8o\" target=\"_blank\" rel=\"noopener\">remo\u00e7\u00e3o da Vila Aut\u00f3dromo<\/a> deve ser contextualizada dentro da <a href=\"http:\/\/bit.ly\/1Knx3UB\" target=\"_blank\" rel=\"noopener\">longa hist\u00f3ria<\/a> do Rio de empurrar os pobres para a periferia para criar uma cidade da elite.<\/span><\/p>\n<blockquote><p>&#8220;<span style=\"font-weight: 400;\">Quando [o <a href=\"http:\/\/bit.ly\/1k4eA6c\" target=\"_blank\" rel=\"noopener\">Prefeito Eduardo Paes<\/a>] falava que iria higienizar a Barra da Tijuca, tirando a Vila Aut\u00f3dromo&#8230; era como se fossemos sujos. N\u00e3o, n\u00e3o, n\u00e3o, n\u00e3o. \u00c9ramos pessoas normais que moravam em casas normais. As casas eram feitas de tijolos todos normais. Minha casa era normal. Era uma casa pobre, de acordo com minha situa\u00e7\u00e3o. Mas era uma casa normal\u2026 Essa tend\u00eancia da <a href=\"http:\/\/bit.ly\/1ZvxO5p\" target=\"_blank\" rel=\"noopener\">higieniza\u00e7\u00e3o da cidade<\/a>, \u00e9 uma coisa antiga\u2026 Isso come\u00e7ou desde a <a href=\"http:\/\/bit.ly\/1Knx3UB\" target=\"_blank\" rel=\"noopener\">\u00e9poca de Pereira Passos<\/a>, que foi um prefeito aqui no Rio de Janeiro, h\u00e1 muitos anos, que come\u00e7ou a retirar e desfazer as favelas. E ele ia formando a cidade, e tirando as pessoas, colocando as pessoas \u00e0 margem da cidade. Fazendo a marginaliza\u00e7\u00e3o da povo. Por exemplo, eu agora, eu estou \u00e0 margem\u2026 porque eu n\u00e3o tenho condi\u00e7\u00f5es mais de morar aqui&#8230; Em geral, isso acontece com quem? Com pessoas que s\u00e3o mais pobres. Pessoas que s\u00e3o mais pobres, s\u00e3o negras. Eles n\u00e3o queriam ver negros ali, eles n\u00e3o queriam ver pobres ali.&#8221;<\/span><\/p><\/blockquote>\n<p><a href=\"http:\/\/rioonwatch.org.br\/wp-content\/uploads\/2017\/06\/Heloisa-Helena-2-620x264.jpg\"><img fetchpriority=\"high\" decoding=\"async\" class=\"aligncenter wp-image-26446 size-full\" title=\"Heloisa Helena em sua antiga casa com jardim na Vila Aut\u00f3dromo, em 2015.\" src=\"http:\/\/rioonwatch.org.br\/wp-content\/uploads\/2017\/06\/Heloisa-Helena-2-620x264.jpg\" alt=\"\" width=\"620\" height=\"264\" \/><\/a><\/p>\n<p><span style=\"font-weight: 400;\">Heloisa Helena sofreu muito com um <a href=\"http:\/\/bit.ly\/1LiYCRR\" target=\"_blank\" rel=\"noopener\">processo prolongado de negocia\u00e7\u00e3o<\/a> da sua casa na Vila Aut\u00f3dromo, que n\u00e3o era apenas sua casa, mas tamb\u00e9m um local sagrado, um terreiro para sua pr\u00e1tica de <a href=\"http:\/\/bit.ly\/1O3659r\" target=\"_blank\" rel=\"noopener\">Candombl\u00e9<\/a>. O Candombl\u00e9 \u00e9 uma religi\u00e3o afro-brasileira, que h\u00e1 muito tempo sofre discrimina\u00e7\u00e3o em todo o Brasil. Enquanto o prefeito Eduardo Paes dizia \u00e0 imprensa que qualquer um que quisesse ficar na comunidade poderia faz\u00ea-lo, os funcion\u00e1rios da prefeitura <a href=\"http:\/\/bit.ly\/1QHprD5\" target=\"_blank\" rel=\"noopener\">intimidaram e pressionaram<\/a> Heloisa Helena,\u00a0insistindo que os moradores teriam que sair.\u00a0<\/span>Sobre a forma como esta lacuna entre as declara\u00e7\u00f5es p\u00fablicas e privadas fazia ela se sentir, ela disse:<\/p>\n<blockquote><p>&#8220;<span style=\"font-weight: 400;\">\u00c9 uma sensa\u00e7\u00e3o de impot\u00eancia, porque voc\u00ea sente que na realidade \u00e9 um jogo pol\u00edtico muito grande&#8230; Em rela\u00e7\u00e3o ao negociador, ele tinha um prazer de diminuir a pessoa. \u00c9 o trabalho dele: diminuir a pessoa, deixar a pessoa se sentindo menos. Para qu\u00ea? Para que pudesse diminuir o valor do im\u00f3vel da pessoa e n\u00e3o pagar quase nada. Do mesmo modo, era a forma com que eles faziam as demoli\u00e7\u00f5es, era tudo de uma forma planejada. Porque eles destru\u00edam as paredes da casa, deixavam os entulhos para deixar&#8230; apar\u00eancia de p\u00f3s-guerra. Para as pessoas que estavam l\u00e1 se sentirem mal a ponto de querer ir embora daquele lugar. S\u00f3 que eles n\u00e3o contavam que teria tantas pessoas, que teria um grupo de pessoas resistentes, mesmo com tudo isso acontecendo.&#8221;<\/span><\/p><\/blockquote>\n<p><span style=\"font-weight: 400;\">Foi gra\u00e7as \u00e0 <a href=\"http:\/\/bit.ly\/1rtuaxu\" target=\"_blank\" rel=\"noopener\">resist\u00eancia de seus vizinhos<\/a> que as fam\u00edlias que foram embora da comunidade receberam indeniza\u00e7\u00f5es mais elevadas do que as que foram oferecidas originalmente. Poucas fam\u00edlias foram\u00a0<a href=\"http:\/\/bit.ly\/2aWmvRL\" target=\"_blank\" rel=\"noopener\">reassentadas nas vinte novas casas<\/a> no local original da comunidade, at\u00e9 mesmo outras que queriam permanecer&#8211;como Heloisa Helena&#8211;que foram exclu\u00eddos desse acordo final. Heloisa Helena enfatizou que esta resist\u00eancia ia muito mais al\u00e9m dos meses pr\u00e9-Ol\u00edmpicos que receberam a cobertura de m\u00eddia global mais intensa:<\/span><\/p>\n<blockquote><p>&#8220;<span style=\"font-weight: 400;\">Aquela luta, ela n\u00e3o foi ganha agora. Aquelas vinte casas que est\u00e3o l\u00e1, n\u00e3o foram ganhas agora. Essa \u00e9 uma luta que vem de vinte anos. Foram todos os ex-presidentes da comunidade que lutaram muito at\u00e9 chegar aquela ponto. Foi a <a href=\"http:\/\/bit.ly\/19UK9Xq\" target=\"_blank\" rel=\"noopener\">Dona Jane<\/a> que saiu de l\u00e1. Foi meu padastro que foi presidente da associa\u00e7\u00e3o de moradores, que lutou. A Teresinha, que tamb\u00e9m n\u00e3o estava mais l\u00e1, e acabou indo para o ONU, para tamb\u00e9m falar sobre a Vila Aut\u00f3dromo. Isso foi vinte anos atr\u00e1s. E a Dona Inalva, que nem foi mencionada como uma vencedora. Todas essas pessoas foram vencedoras. Que s\u00e3o os guerreiros que n\u00e3o s\u00e3o mencionados.&#8221;<\/span><\/p><\/blockquote>\n<p><span style=\"font-weight: 400;\">Ela reconhece que sua pr\u00f3pria resist\u00eancia come\u00e7ou relativamente tarde no processo. Ela come\u00e7ou a escrever sobre sua experi\u00eancia atrav\u00e9s de cartas que ela publicou como <a href=\"http:\/\/bit.ly\/1UOUNIr\" target=\"_blank\" rel=\"noopener\">mat\u00e9rias no <em>RioOnWatch<\/em><\/a> em 2015.<\/span><\/p>\n<blockquote><p>&#8220;<span style=\"font-weight: 400;\">Tive uma necessidade de botar pra fora, o que estava acontecendo\u2026 Foi uma forma de expor o que estava acontecendo, n\u00e3o s\u00f3 comigo, mas com todo mundo\u2026 No momento em que eu escrevi, as coisas estavam em uma situa\u00e7\u00e3o t\u00e3o dif\u00edcil, t\u00e3o dolorosa, que a \u00fanica maneira&#8211;eu sinto, umas das \u00faltimas formas&#8211;para me defender, era justamente tornar o assunto p\u00fablico. Ent\u00e3o era uma forma de defesa. Ent\u00e3o, por isso resolvi me expor.&#8221;<\/span><\/p><\/blockquote>\n<p><a href=\"http:\/\/rioonwatch.org.br\/wp-content\/uploads\/2017\/06\/Heloisa-Helena-aceita-pre\u0302mio-620x264.jpg\"><img decoding=\"async\" class=\"aligncenter wp-image-26449 size-full\" title=\"Heloisa Helena recebe o pr\u00eamio Dandara da Assembl\u00e9ia Legislativa do Rio de Janeiro em maio de 2016, em reconhecimento \u00e0 sua luta pela habita\u00e7\u00e3o e contra a discrimina\u00e7\u00e3o.\" src=\"http:\/\/rioonwatch.org.br\/wp-content\/uploads\/2017\/06\/Heloisa-Helena-aceita-pre\u0302mio-620x264.jpg\" alt=\"\" width=\"620\" height=\"264\" \/><\/a><\/p>\n<p>Al\u00e9m de ser uma forma de defesa, compartilhar sua experi\u00eancia tamb\u00e9m resultou em um enorme escape emocional para Helena Heloisa, que <a href=\"http:\/\/bit.ly\/1LiYCRR\" target=\"_blank\" rel=\"noopener\">sofria de doen\u00e7as f\u00edsicas e depress\u00e3o<\/a> enquanto negociava com a prefeitura.<\/p>\n<blockquote><p>&#8220;<span style=\"font-weight: 400;\">Eu senti uma liberdade, porque \u00e9 muito ruim voc\u00ea reter os sentimentos. E quando voc\u00ea exp\u00f5e aquilo que voc\u00ea sente, voc\u00ea coloca para fora, voc\u00ea sente liberdade&#8230; Fui muito ferida, muito ferida. Eu fui ferida naquilo de mais profundo que eu tinha, que era amor a minha religi\u00e3o. Fui humilhada quando chamaram minha religi\u00e3o de lixo. Eu fui muito ferida&#8230; Eu quero respeito. Eu n\u00e3o quero ser tolerada. Eu quero respeito.&#8221;<\/span><\/p><\/blockquote>\n<p><span style=\"font-weight: 400;\">Ela tamb\u00e9m come\u00e7ou a contar sua hist\u00f3ria em eventos p\u00fablicos. Desde apresenta\u00e7\u00f5es no <a href=\"http:\/\/bit.ly\/2t1AIVN\" target=\"_blank\" rel=\"noopener\">Senado<\/a> e na ONU em Bras\u00edlia at\u00e9 semin\u00e1rios acad\u00eamicos e reuni\u00f5es de estudantes negros em todo o pa\u00eds, denunciou as viola\u00e7\u00f5es dos direitos de moradia da comunidade e falou sobre o particular &#8220;<a href=\"http:\/\/bit.ly\/1KiFeTl\" target=\"_blank\" rel=\"noopener\">racismo<\/a> religioso&#8221; que experimentou quando seu <a href=\"http:\/\/bit.ly\/1WLtygo\" target=\"_blank\" rel=\"noopener\">local de Candombl\u00e9 foi destru\u00eddo<\/a>, mas a igreja cat\u00f3lica do bairro foi deixada intacta. A luta de Heloisa Helena contra o racismo religioso \u00e9 agora seu foco principal, a for\u00e7a motriz de v\u00e1rios projetos em que ela est\u00e1 trabalhando atualmente. Uma delas \u00e9 uma colabora\u00e7\u00e3o com um representante do estado para obter o termo &#8220;racismo religioso&#8221; explicitamente reconhecido pela lei, em vez de apenas &#8220;preconceito&#8221;. Ela explicou:<\/span><\/p>\n<blockquote><p>&#8220;<span style=\"font-weight: 400;\">Colocando a express\u00e3o \u2018racismo religioso\u2019&#8230; qualquer pessoa que pratique o racismo religioso ser\u00e1 penalizada com as mesmas penas do racismo que \u00e9 um crime inafian\u00e7\u00e1vel. Fa\u00e7o entrevistas para saber sobre as pessoas que est\u00e3o sendo amea\u00e7adas, que est\u00e3o sofrendo racismo, para que possam se comunicar comigo e eu possa colocar tudo isso em um documento.&#8221;<\/span><\/p><\/blockquote>\n<p><span style=\"font-weight: 400;\">Ela est\u00e1 acompanhando uma ampla gama de casos de discrimina\u00e7\u00e3o racialmente motivados em todo o Brasil. Em um caso, um homem foi preso depois que ele estava tocando atabaque, e seu vizinho reclamou. O vizinho o chamou de &#8220;bruxo macaco&#8221;. Heloisa Helena est\u00e1 particularmente preocupada com o n\u00famero de casos recentes em que centros espiritas tradicionais <a href=\"http:\/\/bit.ly\/2rvjcYh\" target=\"_blank\" rel=\"noopener\">foram invadidos e incendiados<\/a>, especialmente no estado de Goi\u00e1s.<\/span><\/p>\n<blockquote><p>&#8220;<span style=\"font-weight: 400;\">S\u00e3o muitos casos. Eu queria documentar tudo isso. Fazer esse documento para ent\u00e3o virar lei.&#8221;<\/span><\/p><\/blockquote>\n<p><span style=\"font-weight: 400;\">Al\u00e9m de seu trabalho de pesquisa, Heloisa Helena est\u00e1 trabalhando com o Deputado Estadual Flavio Serafini para resgatar e preservar uma cole\u00e7\u00e3o de materiais religiosos tradicionais que foram apreendidos pela pol\u00edcia h\u00e1 mais de um s\u00e9culo:<\/span><\/p>\n<blockquote><p><span style=\"font-weight: 400;\">&#8220;H\u00e1 mais de cem anos foi uma \u00e9poca muito ruim para quem era <a href=\"http:\/\/bit.ly\/2rYdi24\" target=\"_blank\" rel=\"noopener\">esp\u00edrita<\/a>. Porque a pol\u00edcia chegava, entrava e pegava todo os nossos materiais. Eles guardaram tudo isso na delegacia. Todo esse material foi pego de muitos centros de umbanda e de candombl\u00e9. Est\u00e1 tudo no Museu da Pol\u00edcia Militar&#8230; A denomina\u00e7\u00e3o que eles d\u00e3o, \u00e9 &#8216;materiais demon\u00edacos&#8217;, alguma coisa assim. Eles colocam o t\u00edtulo assim. Ent\u00e3o isso da\u00ed j\u00e1 traz um\u00a0<a href=\"http:\/\/bit.ly\/1O380uG\" target=\"_blank\" rel=\"noopener\">preconceito<\/a> enorme em rela\u00e7\u00e3o a religi\u00e3o. E n\u00f3s estamos agora entrando com um projeto pra libertar todo esse material e colocar num museu. O local a gente ainda n\u00e3o sabe, porque est\u00e1 tudo em planejamento\u2026 a gente tem que ver qual ser\u00e1 o local correto para que esse material seja conservado corretamente.&#8221;<\/span><\/p><\/blockquote>\n<p><a href=\"http:\/\/rioonwatch.org.br\/wp-content\/uploads\/2017\/06\/Heloisa-Helena-blog-image.jpg\"><img loading=\"lazy\" decoding=\"async\" class=\"alignright wp-image-26452\" title=\"Logo do blog da Heloisa Helena\" src=\"http:\/\/rioonwatch.org.br\/wp-content\/uploads\/2017\/06\/Heloisa-Helena-blog-image.jpg\" alt=\"\" width=\"150\" height=\"178\" srcset=\"https:\/\/rioonwatch.org.br\/wp-content\/uploads\/2017\/06\/Heloisa-Helena-blog-image.jpg 674w, https:\/\/rioonwatch.org.br\/wp-content\/uploads\/2017\/06\/Heloisa-Helena-blog-image-222x264.jpg 222w, https:\/\/rioonwatch.org.br\/wp-content\/uploads\/2017\/06\/Heloisa-Helena-blog-image-522x620.jpg 522w\" sizes=\"(max-width: 150px) 100vw, 150px\" \/><\/a><span style=\"font-weight: 400;\">Para aumentar a consci\u00eancia sobre esses exemplos de discrimina\u00e7\u00e3o racial e religiosa generalizada e sobre projetos que visam abord\u00e1-lo, Heloisa Helena est\u00e1 iniciando um blog que re\u00fane reflex\u00f5es, fotografias e entrevistas de sua pesquisa. Ela tamb\u00e9m planeja usar o blog para contribuir com o que v\u00ea como um crescente movimento de consci\u00eancia negra no Brasil. Refletindo sobre a aboli\u00e7\u00e3o da\u00a0<a href=\"http:\/\/bit.ly\/1Hg4Zj3\" target=\"_blank\" rel=\"noopener\">escravid\u00e3o<\/a>\u00a0em 1888, ela disse:<\/span><\/p>\n<blockquote><p>&#8220;<span style=\"font-weight: 400;\">Na realidade, colocou um monte de negros no meio da rua, sem nenhuma estrutura e nenhuma pol\u00edtica p\u00fablica para que eles conseguissem se sustentar. Como ainda hoje, continuamos na mesma situa\u00e7\u00e3o. Eu acho que h\u00e1 pouqu\u00edssimo, s\u00f3 h\u00e1 poucos anos, \u00e9 que n\u00f3s estamos conseguindo fazer com que a nossa voz seja ouvida. Com a globaliza\u00e7\u00e3o, com a conscientiza\u00e7\u00e3o, com a valoriza\u00e7\u00e3o cultural at\u00e9 mesmo do modo de falar, da religi\u00e3o, do cabelo e da liberdade. Eu uso roupas coloridas, de acordo com a minha cultura e a minha ancestralidade.&#8221;<\/span><\/p><\/blockquote>\n<p><span style=\"font-weight: 400;\">Ainda assim, ela aponta exemplos de amigos que &#8220;<a href=\"https:\/\/tgam.ca\/2ssJyOc\" target=\"_blank\" rel=\"noopener\">se recusam a dizer que s\u00e3o negros<\/a>&#8220;. Ela argumenta que a lei que exige que as escolas ensinem a hist\u00f3ria e a cultura negra n\u00e3o \u00e9 seguida e, como resultado, &#8220;a crian\u00e7a negra tem vergonha de ser negra&#8221;.<\/span><\/p>\n<blockquote><p>&#8220;<span style=\"font-weight: 400;\">Voc\u00ea tem que conscientizar as pessoas que a sua cor \u00e9 negra, e que \u00e9 bonita. Voc\u00ea tem que tirar tristeza daquela cor. Voc\u00ea tem que botar aquela cor como s\u00edmbolo de luta e de vit\u00f3ria. Ensinando que teve pessoas que lutaram e vencerem, e houveram pessoas guerreiras daquela cor. \u00c9 essa conscientiza\u00e7\u00e3o&#8211;\u00e9 por isso que hoje batalho.&#8221;<\/span><\/p><\/blockquote>\n<!-- AddThis Advanced Settings generic via filter on the_content --><!-- AddThis Share Buttons generic via filter on the_content -->","protected":false},"excerpt":{"rendered":"<div class=\"mh-excerpt\"><p>Click Here for English Em 24 de fevereiro de 2016, a Prefeitura do Rio demoliu a casa de Heloisa Helena Costa Berto, uma das \u00faltimas a ser destru\u00edda na Vila Aut\u00f3dromo, ao lado do Parque <a class=\"mh-excerpt-more\" href=\"https:\/\/rioonwatch.org.br\/?p=26438\" title=\"Vida Ap\u00f3s a Remo\u00e7\u00e3o: A Luta de Heloisa Helena Contra o Racismo Religioso [ENTREVISTA]\">[&#8230;]<\/a><!-- AddThis Advanced Settings generic via filter on get_the_excerpt --><!-- AddThis Share Buttons generic via filter on get_the_excerpt --><\/p>\n<\/div>","protected":false},"author":129,"featured_media":26510,"comment_status":"closed","ping_status":"closed","sticky":false,"template":"","format":"standard","meta":{"_acf_changed":false,"_monsterinsights_skip_tracking":false,"_monsterinsights_sitenote_active":false,"_monsterinsights_sitenote_note":"","_monsterinsights_sitenote_category":0,"footnotes":""},"categories":[1614,2051,1621,1629,1626],"tags":[3253,309,1541,1530,513,1306,2396,245,128,1240,1021,1111,78,126,1297,936,125,14,432,55],"writer":[1199],"translator":[1971],"source":[],"ilustrador":[],"fotografo":[],"class_list":{"0":"post-26438","1":"post","2":"type-post","3":"status-publish","4":"format-standard","5":"has-post-thumbnail","7":"category-olhonasremocoes","8":"category-olhonolegado","9":"category-destaque","10":"category-entrevistas-e-perfis","11":"category-por-observadores-internacionais","12":"tag-antirracismo","13":"tag-ativismo","14":"tag-candomble","15":"tag-midia-comunitaria","16":"tag-cultura-afro-brasileira","17":"tag-exclusao","18":"tag-flavio-serafini","19":"tag-guaratiba","20":"tag-historia","21":"tag-megaeventos","22":"tag-mito-do-legado","23":"tag-museu","24":"tag-olimpiadas","25":"tag-preconceito","26":"tag-preservacao-historica","27":"tag-raca","28":"tag-religiao","29":"tag-remocao","30":"tag-resistencia","31":"tag-vila-autodromo","32":"writer-cerianne-robertson","33":"translator-geovanna-giannini"},"acf":[],"yoast_head":"<!-- This site is optimized with the Yoast SEO plugin v25.6 - https:\/\/yoast.com\/wordpress\/plugins\/seo\/ -->\n<title>Vida Ap\u00f3s a Remo\u00e7\u00e3o: A Luta de Heloisa Helena Contra o Racismo Religioso [ENTREVISTA] - RioOnWatch<\/title>\n<meta name=\"robots\" content=\"index, follow, max-snippet:-1, max-image-preview:large, max-video-preview:-1\" \/>\n<link rel=\"canonical\" href=\"https:\/\/rioonwatch.org.br\/?p=26438\" \/>\n<meta property=\"og:locale\" content=\"pt_BR\" \/>\n<meta property=\"og:type\" content=\"article\" \/>\n<meta property=\"og:title\" content=\"Vida Ap\u00f3s a Remo\u00e7\u00e3o: A Luta de Heloisa Helena Contra o Racismo Religioso [ENTREVISTA] - RioOnWatch\" \/>\n<meta property=\"og:description\" content=\"Click Here for English Em 24 de fevereiro de 2016, a Prefeitura do Rio demoliu a casa de Heloisa Helena Costa Berto, uma das \u00faltimas a ser destru\u00edda na Vila Aut\u00f3dromo, ao lado do Parque [...]\" \/>\n<meta property=\"og:url\" content=\"https:\/\/rioonwatch.org.br\/?p=26438\" \/>\n<meta property=\"og:site_name\" content=\"RioOnWatch\" \/>\n<meta property=\"article:published_time\" content=\"2017-06-24T14:23:17+00:00\" \/>\n<meta property=\"article:modified_time\" content=\"2024-06-20T19:24:35+00:00\" \/>\n<meta property=\"og:image\" content=\"https:\/\/rioonwatch.org.br\/wp-content\/uploads\/2017\/06\/Heloisa-Helena-in-Front-Line-Defenders-video.jpg\" \/>\n\t<meta property=\"og:image:width\" content=\"1671\" \/>\n\t<meta property=\"og:image:height\" content=\"760\" \/>\n\t<meta property=\"og:image:type\" content=\"image\/jpeg\" \/>\n<meta name=\"author\" content=\"Admin\" \/>\n<meta name=\"twitter:card\" content=\"summary_large_image\" \/>\n<meta name=\"twitter:label1\" content=\"Escrito por\" \/>\n\t<meta name=\"twitter:data1\" content=\"Admin\" \/>\n\t<meta name=\"twitter:label2\" content=\"Est. tempo de leitura\" \/>\n\t<meta name=\"twitter:data2\" content=\"9 minutos\" \/>\n<script type=\"application\/ld+json\" class=\"yoast-schema-graph\">{\"@context\":\"https:\/\/schema.org\",\"@graph\":[{\"@type\":\"Article\",\"@id\":\"https:\/\/rioonwatch.org.br\/?p=26438#article\",\"isPartOf\":{\"@id\":\"https:\/\/rioonwatch.org.br\/?p=26438\"},\"author\":{\"name\":\"Admin\",\"@id\":\"https:\/\/rioonwatch.org.br\/#\/schema\/person\/11d64c290506f9df50c71b850c473f68\"},\"headline\":\"Vida Ap\u00f3s a Remo\u00e7\u00e3o: A Luta de Heloisa Helena Contra o Racismo Religioso [ENTREVISTA]\",\"datePublished\":\"2017-06-24T14:23:17+00:00\",\"dateModified\":\"2024-06-20T19:24:35+00:00\",\"mainEntityOfPage\":{\"@id\":\"https:\/\/rioonwatch.org.br\/?p=26438\"},\"wordCount\":1820,\"publisher\":{\"@id\":\"https:\/\/rioonwatch.org.br\/#organization\"},\"image\":{\"@id\":\"https:\/\/rioonwatch.org.br\/?p=26438#primaryimage\"},\"thumbnailUrl\":\"https:\/\/rioonwatch.org.br\/wp-content\/uploads\/2017\/06\/Heloisa-Helena-in-Front-Line-Defenders-video.jpg\",\"keywords\":[\"Antirracismo\",\"ativismo\",\"Candombl\u00e9\",\"Comunica\u00e7\u00e3o Comunit\u00e1ria\",\"Cultura Afro-brasileira\",\"exclus\u00e3o\",\"Fl\u00e1vio Serafini\",\"Guaratiba\",\"hist\u00f3ria\",\"Megaeventos\",\"mito do legado\",\"museu\",\"Olimp\u00edadas\",\"preconceito\",\"preserva\u00e7\u00e3o hist\u00f3rica\",\"ra\u00e7a\",\"religi\u00e3o\",\"Remo\u00e7\u00e3o\",\"resist\u00eancia\",\"Vila Aut\u00f3dromo\"],\"articleSection\":[\"#OlhoNasRemo\u00e7\u00f5es\",\"#OlhoNoLegado\",\"*Destaque\",\"Entrevistas e Perfis\",\"Escrito por Aliados\"],\"inLanguage\":\"pt-BR\"},{\"@type\":\"WebPage\",\"@id\":\"https:\/\/rioonwatch.org.br\/?p=26438\",\"url\":\"https:\/\/rioonwatch.org.br\/?p=26438\",\"name\":\"Vida Ap\u00f3s a Remo\u00e7\u00e3o: A Luta de Heloisa Helena Contra o Racismo Religioso [ENTREVISTA] - RioOnWatch\",\"isPartOf\":{\"@id\":\"https:\/\/rioonwatch.org.br\/#website\"},\"primaryImageOfPage\":{\"@id\":\"https:\/\/rioonwatch.org.br\/?p=26438#primaryimage\"},\"image\":{\"@id\":\"https:\/\/rioonwatch.org.br\/?p=26438#primaryimage\"},\"thumbnailUrl\":\"https:\/\/rioonwatch.org.br\/wp-content\/uploads\/2017\/06\/Heloisa-Helena-in-Front-Line-Defenders-video.jpg\",\"datePublished\":\"2017-06-24T14:23:17+00:00\",\"dateModified\":\"2024-06-20T19:24:35+00:00\",\"breadcrumb\":{\"@id\":\"https:\/\/rioonwatch.org.br\/?p=26438#breadcrumb\"},\"inLanguage\":\"pt-BR\",\"potentialAction\":[{\"@type\":\"ReadAction\",\"target\":[\"https:\/\/rioonwatch.org.br\/?p=26438\"]}]},{\"@type\":\"ImageObject\",\"inLanguage\":\"pt-BR\",\"@id\":\"https:\/\/rioonwatch.org.br\/?p=26438#primaryimage\",\"url\":\"https:\/\/rioonwatch.org.br\/wp-content\/uploads\/2017\/06\/Heloisa-Helena-in-Front-Line-Defenders-video.jpg\",\"contentUrl\":\"https:\/\/rioonwatch.org.br\/wp-content\/uploads\/2017\/06\/Heloisa-Helena-in-Front-Line-Defenders-video.jpg\",\"width\":1671,\"height\":760,\"caption\":\"Heloisa Helena em v\u00eddeo da ONG Front Line Defenders\"},{\"@type\":\"BreadcrumbList\",\"@id\":\"https:\/\/rioonwatch.org.br\/?p=26438#breadcrumb\",\"itemListElement\":[{\"@type\":\"ListItem\",\"position\":1,\"name\":\"In\u00edcio\",\"item\":\"https:\/\/rioonwatch.org.br\/\"},{\"@type\":\"ListItem\",\"position\":2,\"name\":\"Vida Ap\u00f3s a Remo\u00e7\u00e3o: A Luta de Heloisa Helena Contra o Racismo Religioso [ENTREVISTA]\"}]},{\"@type\":\"WebSite\",\"@id\":\"https:\/\/rioonwatch.org.br\/#website\",\"url\":\"https:\/\/rioonwatch.org.br\/\",\"name\":\"RioOnWatch\",\"description\":\"relatos das favelas cariocas\",\"publisher\":{\"@id\":\"https:\/\/rioonwatch.org.br\/#organization\"},\"potentialAction\":[{\"@type\":\"SearchAction\",\"target\":{\"@type\":\"EntryPoint\",\"urlTemplate\":\"https:\/\/rioonwatch.org.br\/?s={search_term_string}\"},\"query-input\":{\"@type\":\"PropertyValueSpecification\",\"valueRequired\":true,\"valueName\":\"search_term_string\"}}],\"inLanguage\":\"pt-BR\"},{\"@type\":\"Organization\",\"@id\":\"https:\/\/rioonwatch.org.br\/#organization\",\"name\":\"RioOnWatch\",\"url\":\"https:\/\/rioonwatch.org.br\/\",\"logo\":{\"@type\":\"ImageObject\",\"inLanguage\":\"pt-BR\",\"@id\":\"https:\/\/rioonwatch.org.br\/#\/schema\/logo\/image\/\",\"url\":\"https:\/\/rioonwatch.org.br\/wp-content\/uploads\/2021\/06\/RioOnWatchcabecalhoPT11anos-2.png\",\"contentUrl\":\"https:\/\/rioonwatch.org.br\/wp-content\/uploads\/2021\/06\/RioOnWatchcabecalhoPT11anos-2.png\",\"width\":779,\"height\":277,\"caption\":\"RioOnWatch\"},\"image\":{\"@id\":\"https:\/\/rioonwatch.org.br\/#\/schema\/logo\/image\/\"}},{\"@type\":\"Person\",\"@id\":\"https:\/\/rioonwatch.org.br\/#\/schema\/person\/11d64c290506f9df50c71b850c473f68\",\"name\":\"Admin\",\"image\":{\"@type\":\"ImageObject\",\"inLanguage\":\"pt-BR\",\"@id\":\"https:\/\/rioonwatch.org.br\/#\/schema\/person\/image\/\",\"url\":\"https:\/\/secure.gravatar.com\/avatar\/56211ac74568383903349a1485e3c325?s=96&d=blank&r=g\",\"contentUrl\":\"https:\/\/secure.gravatar.com\/avatar\/56211ac74568383903349a1485e3c325?s=96&d=blank&r=g\",\"caption\":\"Admin\"},\"url\":\"https:\/\/rioonwatch.org.br\/?author=129\"}]}<\/script>\n<!-- \/ Yoast SEO plugin. -->","yoast_head_json":{"title":"Vida Ap\u00f3s a Remo\u00e7\u00e3o: A Luta de Heloisa Helena Contra o Racismo Religioso [ENTREVISTA] - RioOnWatch","robots":{"index":"index","follow":"follow","max-snippet":"max-snippet:-1","max-image-preview":"max-image-preview:large","max-video-preview":"max-video-preview:-1"},"canonical":"https:\/\/rioonwatch.org.br\/?p=26438","og_locale":"pt_BR","og_type":"article","og_title":"Vida Ap\u00f3s a Remo\u00e7\u00e3o: A Luta de Heloisa Helena Contra o Racismo Religioso [ENTREVISTA] - RioOnWatch","og_description":"Click Here for English Em 24 de fevereiro de 2016, a Prefeitura do Rio demoliu a casa de Heloisa Helena Costa Berto, uma das \u00faltimas a ser destru\u00edda na Vila Aut\u00f3dromo, ao lado do Parque [...]","og_url":"https:\/\/rioonwatch.org.br\/?p=26438","og_site_name":"RioOnWatch","article_published_time":"2017-06-24T14:23:17+00:00","article_modified_time":"2024-06-20T19:24:35+00:00","og_image":[{"width":1671,"height":760,"url":"https:\/\/rioonwatch.org.br\/wp-content\/uploads\/2017\/06\/Heloisa-Helena-in-Front-Line-Defenders-video.jpg","type":"image\/jpeg"}],"author":"Admin","twitter_card":"summary_large_image","twitter_misc":{"Escrito por":"Admin","Est. tempo de leitura":"9 minutos"},"schema":{"@context":"https:\/\/schema.org","@graph":[{"@type":"Article","@id":"https:\/\/rioonwatch.org.br\/?p=26438#article","isPartOf":{"@id":"https:\/\/rioonwatch.org.br\/?p=26438"},"author":{"name":"Admin","@id":"https:\/\/rioonwatch.org.br\/#\/schema\/person\/11d64c290506f9df50c71b850c473f68"},"headline":"Vida Ap\u00f3s a Remo\u00e7\u00e3o: A Luta de Heloisa Helena Contra o Racismo Religioso [ENTREVISTA]","datePublished":"2017-06-24T14:23:17+00:00","dateModified":"2024-06-20T19:24:35+00:00","mainEntityOfPage":{"@id":"https:\/\/rioonwatch.org.br\/?p=26438"},"wordCount":1820,"publisher":{"@id":"https:\/\/rioonwatch.org.br\/#organization"},"image":{"@id":"https:\/\/rioonwatch.org.br\/?p=26438#primaryimage"},"thumbnailUrl":"https:\/\/rioonwatch.org.br\/wp-content\/uploads\/2017\/06\/Heloisa-Helena-in-Front-Line-Defenders-video.jpg","keywords":["Antirracismo","ativismo","Candombl\u00e9","Comunica\u00e7\u00e3o Comunit\u00e1ria","Cultura Afro-brasileira","exclus\u00e3o","Fl\u00e1vio Serafini","Guaratiba","hist\u00f3ria","Megaeventos","mito do legado","museu","Olimp\u00edadas","preconceito","preserva\u00e7\u00e3o hist\u00f3rica","ra\u00e7a","religi\u00e3o","Remo\u00e7\u00e3o","resist\u00eancia","Vila Aut\u00f3dromo"],"articleSection":["#OlhoNasRemo\u00e7\u00f5es","#OlhoNoLegado","*Destaque","Entrevistas e Perfis","Escrito por Aliados"],"inLanguage":"pt-BR"},{"@type":"WebPage","@id":"https:\/\/rioonwatch.org.br\/?p=26438","url":"https:\/\/rioonwatch.org.br\/?p=26438","name":"Vida Ap\u00f3s a Remo\u00e7\u00e3o: A Luta de Heloisa Helena Contra o Racismo Religioso [ENTREVISTA] - RioOnWatch","isPartOf":{"@id":"https:\/\/rioonwatch.org.br\/#website"},"primaryImageOfPage":{"@id":"https:\/\/rioonwatch.org.br\/?p=26438#primaryimage"},"image":{"@id":"https:\/\/rioonwatch.org.br\/?p=26438#primaryimage"},"thumbnailUrl":"https:\/\/rioonwatch.org.br\/wp-content\/uploads\/2017\/06\/Heloisa-Helena-in-Front-Line-Defenders-video.jpg","datePublished":"2017-06-24T14:23:17+00:00","dateModified":"2024-06-20T19:24:35+00:00","breadcrumb":{"@id":"https:\/\/rioonwatch.org.br\/?p=26438#breadcrumb"},"inLanguage":"pt-BR","potentialAction":[{"@type":"ReadAction","target":["https:\/\/rioonwatch.org.br\/?p=26438"]}]},{"@type":"ImageObject","inLanguage":"pt-BR","@id":"https:\/\/rioonwatch.org.br\/?p=26438#primaryimage","url":"https:\/\/rioonwatch.org.br\/wp-content\/uploads\/2017\/06\/Heloisa-Helena-in-Front-Line-Defenders-video.jpg","contentUrl":"https:\/\/rioonwatch.org.br\/wp-content\/uploads\/2017\/06\/Heloisa-Helena-in-Front-Line-Defenders-video.jpg","width":1671,"height":760,"caption":"Heloisa Helena em v\u00eddeo da ONG Front Line Defenders"},{"@type":"BreadcrumbList","@id":"https:\/\/rioonwatch.org.br\/?p=26438#breadcrumb","itemListElement":[{"@type":"ListItem","position":1,"name":"In\u00edcio","item":"https:\/\/rioonwatch.org.br\/"},{"@type":"ListItem","position":2,"name":"Vida Ap\u00f3s a Remo\u00e7\u00e3o: A Luta de Heloisa Helena Contra o Racismo Religioso [ENTREVISTA]"}]},{"@type":"WebSite","@id":"https:\/\/rioonwatch.org.br\/#website","url":"https:\/\/rioonwatch.org.br\/","name":"RioOnWatch","description":"relatos das favelas cariocas","publisher":{"@id":"https:\/\/rioonwatch.org.br\/#organization"},"potentialAction":[{"@type":"SearchAction","target":{"@type":"EntryPoint","urlTemplate":"https:\/\/rioonwatch.org.br\/?s={search_term_string}"},"query-input":{"@type":"PropertyValueSpecification","valueRequired":true,"valueName":"search_term_string"}}],"inLanguage":"pt-BR"},{"@type":"Organization","@id":"https:\/\/rioonwatch.org.br\/#organization","name":"RioOnWatch","url":"https:\/\/rioonwatch.org.br\/","logo":{"@type":"ImageObject","inLanguage":"pt-BR","@id":"https:\/\/rioonwatch.org.br\/#\/schema\/logo\/image\/","url":"https:\/\/rioonwatch.org.br\/wp-content\/uploads\/2021\/06\/RioOnWatchcabecalhoPT11anos-2.png","contentUrl":"https:\/\/rioonwatch.org.br\/wp-content\/uploads\/2021\/06\/RioOnWatchcabecalhoPT11anos-2.png","width":779,"height":277,"caption":"RioOnWatch"},"image":{"@id":"https:\/\/rioonwatch.org.br\/#\/schema\/logo\/image\/"}},{"@type":"Person","@id":"https:\/\/rioonwatch.org.br\/#\/schema\/person\/11d64c290506f9df50c71b850c473f68","name":"Admin","image":{"@type":"ImageObject","inLanguage":"pt-BR","@id":"https:\/\/rioonwatch.org.br\/#\/schema\/person\/image\/","url":"https:\/\/secure.gravatar.com\/avatar\/56211ac74568383903349a1485e3c325?s=96&d=blank&r=g","contentUrl":"https:\/\/secure.gravatar.com\/avatar\/56211ac74568383903349a1485e3c325?s=96&d=blank&r=g","caption":"Admin"},"url":"https:\/\/rioonwatch.org.br\/?author=129"}]}},"_links":{"self":[{"href":"https:\/\/rioonwatch.org.br\/index.php?rest_route=\/wp\/v2\/posts\/26438"}],"collection":[{"href":"https:\/\/rioonwatch.org.br\/index.php?rest_route=\/wp\/v2\/posts"}],"about":[{"href":"https:\/\/rioonwatch.org.br\/index.php?rest_route=\/wp\/v2\/types\/post"}],"author":[{"embeddable":true,"href":"https:\/\/rioonwatch.org.br\/index.php?rest_route=\/wp\/v2\/users\/129"}],"replies":[{"embeddable":true,"href":"https:\/\/rioonwatch.org.br\/index.php?rest_route=%2Fwp%2Fv2%2Fcomments&post=26438"}],"version-history":[{"count":19,"href":"https:\/\/rioonwatch.org.br\/index.php?rest_route=\/wp\/v2\/posts\/26438\/revisions"}],"predecessor-version":[{"id":26505,"href":"https:\/\/rioonwatch.org.br\/index.php?rest_route=\/wp\/v2\/posts\/26438\/revisions\/26505"}],"wp:featuredmedia":[{"embeddable":true,"href":"https:\/\/rioonwatch.org.br\/index.php?rest_route=\/wp\/v2\/media\/26510"}],"wp:attachment":[{"href":"https:\/\/rioonwatch.org.br\/index.php?rest_route=%2Fwp%2Fv2%2Fmedia&parent=26438"}],"wp:term":[{"taxonomy":"category","embeddable":true,"href":"https:\/\/rioonwatch.org.br\/index.php?rest_route=%2Fwp%2Fv2%2Fcategories&post=26438"},{"taxonomy":"post_tag","embeddable":true,"href":"https:\/\/rioonwatch.org.br\/index.php?rest_route=%2Fwp%2Fv2%2Ftags&post=26438"},{"taxonomy":"writer","embeddable":true,"href":"https:\/\/rioonwatch.org.br\/index.php?rest_route=%2Fwp%2Fv2%2Fwriter&post=26438"},{"taxonomy":"translator","embeddable":true,"href":"https:\/\/rioonwatch.org.br\/index.php?rest_route=%2Fwp%2Fv2%2Ftranslator&post=26438"},{"taxonomy":"source","embeddable":true,"href":"https:\/\/rioonwatch.org.br\/index.php?rest_route=%2Fwp%2Fv2%2Fsource&post=26438"},{"taxonomy":"ilustrador","embeddable":true,"href":"https:\/\/rioonwatch.org.br\/index.php?rest_route=%2Fwp%2Fv2%2Filustrador&post=26438"},{"taxonomy":"fotografo","embeddable":true,"href":"https:\/\/rioonwatch.org.br\/index.php?rest_route=%2Fwp%2Fv2%2Ffotografo&post=26438"}],"curies":[{"name":"wp","href":"https:\/\/api.w.org\/{rel}","templated":true}]}}