{"id":26478,"date":"2017-07-04T08:19:26","date_gmt":"2017-07-04T11:19:26","guid":{"rendered":"http:\/\/rioonwatch.org.br\/?p=26478"},"modified":"2017-10-20T10:02:15","modified_gmt":"2017-10-20T13:02:15","slug":"conexao-maputo-rio-de-janeiro-parte-2-os-desafios-comuns-da-regularizacao-e-da-gentrificacao","status":"publish","type":"post","link":"https:\/\/rioonwatch.org.br\/?p=26478","title":{"rendered":"Conex\u00e3o Maputo-Rio de Janeiro Parte 2: Os Desafios Comuns da Regulariza\u00e7\u00e3o e da Gentrifica\u00e7\u00e3o"},"content":{"rendered":"<p style=\"text-align: right;\"><em><strong><a href=\"http:\/\/bit.ly\/2gxjVbP\" target=\"_blank\" rel=\"noopener noreferrer\">Click Here for English<img decoding=\"async\" width=\"20\" height=\"20\" class=\"alignright wp-image-15790\" src=\"http:\/\/rioonwatch.org.br\/wp-content\/uploads\/2012\/08\/EN-standard-e1439583104716.jpg\" alt=\"\" \/><\/a><\/strong><\/em><\/p>\n<p><em>Esta \u00e9 a segunda mat\u00e9ria de uma <a href=\"http:\/\/bit.ly\/2sYTUGm\" target=\"_blank\" rel=\"noopener noreferrer\">s\u00e9rie de tr\u00eas sobre conex\u00f5es entre as favelas cariocas e os cani\u00e7os maputenses<\/a>\u00a0que enfocam hist\u00f3ria, regulariza\u00e7\u00e3o e cultura.<\/em><\/p>\n<p>Em Maputo, capital de Mo\u00e7ambique, 80% da popula\u00e7\u00e3o vive nos chamados assentamentos informais, tamb\u00e9m conhecidos por seu nome hist\u00f3rico \u201ccani\u00e7os\u201d, como mostrou a primeira mat\u00e9ria <a href=\"http:\/\/bit.ly\/2sYTUGm\" target=\"_blank\" rel=\"noopener\">dessa s\u00e9rie<\/a>. \u00c9 poss\u00edvel tra\u00e7ar alguns paralelos entre as favelas cariocas e os cani\u00e7os maputenses, dentre eles o desafio da <span style=\"font-weight: 400;\"><a href=\"http:\/\/bit.ly\/1g5NTqt\" target=\"_blank\" rel=\"noopener noreferrer\">regulariza\u00e7\u00e3o fundi\u00e1ria<\/a>. <\/span><\/p>\n<p><span style=\"font-weight: 400;\">Em Mo\u00e7ambique, toda a terra pertence ao Estado, heran\u00e7a da administra\u00e7\u00e3o socialista do pa\u00eds, e n\u00e3o \u00e9 permitido comercializ\u00e1-la. O governo concede um Direito de Uso e Aproveitamento da Terra (DUAT) semelhante \u00e0s <a href=\"http:\/\/bit.ly\/2qIWqiP\" target=\"_blank\" rel=\"noopener noreferrer\">concess\u00f5es de uso real<\/a> no Rio, mas somente cerca de 10% das habita\u00e7\u00f5es mo\u00e7ambicanas o possuem, devido \u00e0 falta de informa\u00e7\u00e3o e ao tempo, investimento e burocracia necess\u00e1rios para obt\u00ea-lo. Na pr\u00e1tica, no entanto, o valor da terra acaba embutido no pre\u00e7o de venda do im\u00f3vel nela constru\u00eddo.<\/span><\/p>\n<p><span style=\"font-weight: 400;\">A posse da terra \u00e9 garantida majoritariamente por via oral, pelo testemunho de vizinhos. O testemunho oral tem valor legal na resolu\u00e7\u00e3o de disputas pela terra, mas n\u00e3o fornece outras garantias para al\u00e9m disso. A grande maioria da popula\u00e7\u00e3o n\u00e3o tem acesso a financiamentos habitacionais para construir ou reformar suas casas, j\u00e1 que n\u00e3o pode usar seus terrenos como garantia de pagamento ou mesmo n\u00e3o consegue provar seu endere\u00e7o fixo. Al\u00e9m disso, essa falta de documenta\u00e7\u00e3o torna-os mais vulner\u00e1veis a remo\u00e7\u00f5es, como acontece diante de grandes empreendimentos, para os quais s\u00e3o concedidos terrenos ocupados por cani\u00e7os por parte do governo,\u00a0<a href=\"http:\/\/bit.ly\/1XkzywK\" target=\"_blank\" rel=\"noopener noreferrer\">em vista do capital que v\u00e3o injetar na economia<\/a>, ou mesmo por troca de favores.<\/span><\/p>\n<p><a href=\"http:\/\/rioonwatch.org.br\/wp-content\/uploads\/2017\/05\/DUAT-mulher.jpg\"><img fetchpriority=\"high\" decoding=\"async\" class=\"aligncenter wp-image-25739 size-content\" title=\"Campanha pela facilita\u00e7\u00e3o de obten\u00e7\u00e3o do DUAT por parte das mulheres como forma de empoderamento. Foto: ActionAid Mozambique.\" src=\"http:\/\/rioonwatch.org.br\/wp-content\/uploads\/2017\/05\/DUAT-mulher-620x264.jpg\" alt=\"\" width=\"620\" height=\"264\" \/><\/a><\/p>\n<p><span style=\"font-weight: 400;\">De maneira similar, argumenta-se que, no Rio, <a href=\"http:\/\/bit.ly\/2jOtulR\" target=\"_blank\" rel=\"noopener noreferrer\">a falta de titula\u00e7\u00e3o significa dificuldade de acesso a cr\u00e9dito, a emprego e vulnerabilidade a remo\u00e7\u00f5es<\/a><\/span><span style=\"font-weight: 400;\">. No Rio, no entanto, a titula\u00e7\u00e3o pode significar a integra\u00e7\u00e3o da resid\u00eancia no mercado imobili\u00e1rio formal, o que pode se traduzir na cobran\u00e7a de <a href=\"http:\/\/bit.ly\/2fhyVEk\" target=\"_blank\" rel=\"noopener\">impostos<\/a> e um aumento do custo de vida de toda a vizinhan\u00e7a, e por consequ\u00eancia, a chamada &#8216;remo\u00e7\u00e3o branca&#8217;, ou <a href=\"http:\/\/bit.ly\/184FqS4\" target=\"_blank\" rel=\"noopener noreferrer\">gentrifica\u00e7\u00e3o<\/a>. Enquanto isso,\u00a0em Mo\u00e7ambique, o car\u00e1ter estatal da terra garante a isen\u00e7\u00e3o de impostos sobre a terra usada para habita\u00e7\u00e3o ou para fins agr\u00edcolas. Isso por\u00e9m \u00e9 usado como <a href=\"http:\/\/bit.ly\/2fhyVEk\" target=\"_blank\" rel=\"noopener\">argumento para a\u00a0baixa arrecada\u00e7\u00e3o<\/a> usado para justificar a baixa capacidade de provis\u00e3o de <a href=\"http:\/\/bit.ly\/2rtF87b\" target=\"_blank\" rel=\"noopener noreferrer\">servi\u00e7os p\u00fablicos<\/a>&#8211;e a falta de <a href=\"http:\/\/bit.ly\/1Vz7dGF\" target=\"_blank\" rel=\"noopener noreferrer\">infraestrutura<\/a> ainda \u00e9 uma caracter\u00edstica marcante dos cani\u00e7os da cidade. <\/span><\/p>\n<p><span style=\"font-weight: 400;\">Em ambos os cen\u00e1rios, <a href=\"http:\/\/bit.ly\/14mmjmG\" target=\"_blank\" rel=\"noopener noreferrer\">a regulariza\u00e7\u00e3o fundi\u00e1ria traz com ela o risco da gentrifica\u00e7\u00e3o<\/a>. Mesmo diante da proibi\u00e7\u00e3o da comercializa\u00e7\u00e3o da terra, o valor dela e de sua localiza\u00e7\u00e3o acaba sendo embutido no valor da propriedade nela constru\u00edda, e os pre\u00e7os podem se tornar proibitivos para os habitantes originais. Al\u00e9m do risco posto por uma poss\u00edvel regulariza\u00e7\u00e3o fundi\u00e1ria, a gentrifica\u00e7\u00e3o j\u00e1 \u00e9 uma amea\u00e7a real como resultado de programas de requalifica\u00e7\u00e3o lan\u00e7ado pelo governo de Mo\u00e7ambique, que contam\u00a0com o capital privado e, por consequ\u00eancia, os seus interesses. No bairro de Polana Cani\u00e7o A, o programa existente de requalifica\u00e7\u00e3o visa refor\u00e7ar os servi\u00e7os b\u00e1sicos locais (como constru\u00e7\u00e3o de valas de drenagem, pavimenta\u00e7\u00e3o de via de acesso, recupera\u00e7\u00e3o de espa\u00e7os p\u00fablicos, estabelecimento de coleta de lixo), necessidade real dos atuais moradores, mas prev\u00ea tamb\u00e9m a constru\u00e7\u00e3o de 30.000 apartamentos de classe m\u00e9dia, que podem deslanchar\u00a0a gentrifica\u00e7\u00e3o em seguida.<\/span><\/p>\n<p><a href=\"http:\/\/rioonwatch.org.br\/wp-content\/uploads\/2017\/05\/Casa-de-cani\u00e7o.jpg\"><img decoding=\"async\" class=\"aligncenter wp-image-25741 size-content\" title=\"Mulher em frente a uma casa de cani\u00e7o em Polana Cani\u00e7o. Foto: Blog Sou do Polana Cani\u00e7o B.\" src=\"http:\/\/rioonwatch.org.br\/wp-content\/uploads\/2017\/05\/Casa-de-cani\u00e7o-620x264.jpg\" alt=\"\" width=\"620\" height=\"264\" srcset=\"https:\/\/rioonwatch.org.br\/wp-content\/uploads\/2017\/05\/Casa-de-cani\u00e7o-620x264.jpg 620w, https:\/\/rioonwatch.org.br\/wp-content\/uploads\/2017\/05\/Casa-de-cani\u00e7o-1030x438.jpg 1030w, https:\/\/rioonwatch.org.br\/wp-content\/uploads\/2017\/05\/Casa-de-cani\u00e7o-940x400.jpg 940w\" sizes=\"(max-width: 620px) 100vw, 620px\" \/><\/a><\/p>\n<p><span style=\"font-weight: 400;\">Os atuais moradores, de mais baixa renda, s\u00e3o frequentemente <a href=\"http:\/\/bit.ly\/2rmICrl\" target=\"_blank\" rel=\"noopener noreferrer\">aliciados a deixarem suas casas para abrir espa\u00e7o para tais empreendimentos imobili\u00e1rios<\/a><\/span><span style=\"font-weight: 400;\">. Alguns j\u00e1 demonstram saudosismo pelas antigas din\u00e2micas familiares do bairro, onde todos se conheciam e se cumprimentavam, refor\u00e7ando n\u00e3o s\u00f3 a sensa\u00e7\u00e3o de camaradagem, mas como de <a href=\"http:\/\/bit.ly\/1ikC58E\" target=\"_blank\" rel=\"noopener noreferrer\">seguran\u00e7a<\/a>&#8211;sentimento tamb\u00e9m comumente relatado por moradores de favelas no Rio. Hoje o bairro maputense Polana Cani\u00e7o A\u00a0<a href=\"http:\/\/bit.ly\/2qoofgi\" target=\"_blank\" rel=\"noopener noreferrer\">testemunha um aumento da criminalidade<\/a>, principalmente em assaltos a resid\u00eancia.<\/span><\/p>\n<p><span style=\"font-weight: 400;\">Para fazer frente \u00e0 essa for\u00e7a gentrificadora, existe um projeto n\u00e3o-governamental piloto de requalifica\u00e7\u00e3o urbana que prop\u00f5e construir no lugar de uma casa de estrutura prec\u00e1ria, duas novas casas geminadas. Em troca da cess\u00e3o do terreno e de uma pequena contribui\u00e7\u00e3o, a fam\u00edlia que vivia l\u00e1 originalmente recebe uma nova casa, enquanto a segunda casa \u00e9 vendida para fam\u00edlias de classe m\u00e9dia que est\u00e3o sendo atra\u00eddas para o bairro por sua proximidade ao centro da cidade, como forma de financiar o projeto. Todo o projeto est\u00e1 alinhado ao plano municipal para a \u00e1rea, que prop\u00f4s o adensamento do bairro, hoje com baixa densidade populacional. Chamado de <a href=\"http:\/\/bit.ly\/2pRejbR\" target=\"_blank\" rel=\"noopener noreferrer\">Casa Minha Nosso Bairro<\/a>, o projeto buscou uma de suas refer\u00eancias no programa do governo federal <a href=\"http:\/\/bit.ly\/Y4U9oJ\" target=\"_blank\" rel=\"noopener noreferrer\">Minha Casa Minha Vida<\/a>. Diferente do programa brasileiro, no entanto, trata-se de uma iniciativa privada que precisa ser rent\u00e1vel, mas que possui princ\u00edpios<\/span><span style=\"font-weight: 400;\">\u00a0sociais.<\/span><\/p>\n<p><a href=\"http:\/\/rioonwatch.org.br\/wp-content\/uploads\/2017\/05\/Minha-Casa-Nosso-Bairro.jpg\"><img loading=\"lazy\" decoding=\"async\" class=\"aligncenter wp-image-25738 size-content\" title=\"Casa piloto do projeto Casa Minha, Nosso Bairro em Polana Cani\u00e7o A. Foto: Saint Louis Studio.\" src=\"http:\/\/rioonwatch.org.br\/wp-content\/uploads\/2017\/05\/Minha-Casa-Nosso-Bairro-620x264.jpg\" alt=\"\" width=\"620\" height=\"264\" srcset=\"https:\/\/rioonwatch.org.br\/wp-content\/uploads\/2017\/05\/Minha-Casa-Nosso-Bairro-620x264.jpg 620w, https:\/\/rioonwatch.org.br\/wp-content\/uploads\/2017\/05\/Minha-Casa-Nosso-Bairro-940x400.jpg 940w\" sizes=\"(max-width: 620px) 100vw, 620px\" \/><\/a><\/p>\n<p><span style=\"font-weight: 400;\">De maneira similar \u00e0 constru\u00e7\u00e3o sobre <a href=\"http:\/\/bit.ly\/2mmOQb3\" target=\"_blank\" rel=\"noopener noreferrer\">lajes<\/a> e de puxadinhos no Rio, o projeto prev\u00ea o crescimento org\u00e2nico das fam\u00edlias na forma da possibilidade de uma constru\u00e7\u00e3o incremental: as varandas podem ser transformadas em dois novos quartos, e um novo andar pode ser constru\u00eddo sobre o primeiro ou o segundo, mas tudo feito com assist\u00eancia t\u00e9cnica e materiais de boa qualidade. A l\u00f3gica desse crescimento da resid\u00eancia em resposta ao crescimento da fam\u00edlia est\u00e1 inserida na l\u00f3gica da <a href=\"http:\/\/bit.ly\/2eOwLB7\" target=\"_blank\" rel=\"noopener noreferrer\">auto-constru\u00e7\u00e3o<\/a> que predomina nesses espa\u00e7os, tanto no Rio quanto em Maputo, <a href=\"http:\/\/bit.ly\/104CmUd\" target=\"_blank\" rel=\"noopener noreferrer\">na qual n\u00e3o se contrata empreiteira e muitas vezes envolve familiares e vizinhos<\/a>. <\/span><\/p>\n<p><span style=\"font-weight: 400;\">\u201cAuto-constru\u00e7\u00e3o n\u00e3o \u00e9 precariedade, \u00e9 oportunidade\u201d, disse Alfonso Cabrillo, que fundou o projeto junto ao seu irm\u00e3o, Federico. Ou seja, se feita com a assist\u00eancia t\u00e9cnica adequada, a <a href=\"http:\/\/bit.ly\/104CmUd\" target=\"_blank\" rel=\"noopener noreferrer\">modalidade \u00e9 uma forma de solu\u00e7\u00e3o<\/a>: reduz custos e traz benef\u00edcios como processos participativos e alinhados \u00e0s necessidades do morador, al\u00e9m de criar envolvimento no processo e comprometimento com o resultado final, contribuindo para sua sustentabilidade. No Rio, <a href=\"http:\/\/bit.ly\/2eOwLB7\" target=\"_blank\" rel=\"noopener noreferrer\">a l\u00f3gica da auto-constru\u00e7\u00e3o j\u00e1 foi aproveitada em programas habitacionais<\/a>, como foi o caso do <a href=\"http:\/\/bit.ly\/1KyrzGq\" target=\"_blank\" rel=\"noopener noreferrer\">Minha Casa Minha Vida &#8211; Entidades<\/a><\/span><span style=\"font-weight: 400;\">.<\/span><\/p>\n<p><a href=\"http:\/\/rioonwatch.org.br\/wp-content\/uploads\/2017\/05\/Minha-Casa-Nosso-Bairro-2.jpg\"><img loading=\"lazy\" decoding=\"async\" class=\"aligncenter wp-image-25742 size-content\" title=\"Varanda da casa piloto, onde poder\u00e1 ser constru\u00eddo um novo c\u00f4modo. Foto: Saint Louis Studio.\" src=\"http:\/\/rioonwatch.org.br\/wp-content\/uploads\/2017\/05\/Minha-Casa-Nosso-Bairro-2-620x264.jpg\" alt=\"\" width=\"620\" height=\"264\" \/><\/a><\/p>\n<p><span style=\"font-weight: 400;\">Com base em suas investiga\u00e7\u00f5es, Alfonso atribui as dificuldades de implementa\u00e7\u00e3o e de manuten\u00e7\u00e3o de programas habitacionais \u00e0 descentralidade de planejamento: \u201cno Brasil a quest\u00e3o da <a href=\"http:\/\/bit.ly\/2gaxv3y\" target=\"_blank\" rel=\"noopener noreferrer\">habita\u00e7\u00e3o<\/a> \u00e9 do governo central, <a href=\"http:\/\/bit.ly\/1WkJojx\" target=\"_blank\" rel=\"noopener noreferrer\">mobilidade<\/a>\u00a0\u00e9 em grande parte do estado e\u00a0<a href=\"http:\/\/bit.ly\/2pDlBCj\" target=\"_blank\" rel=\"noopener noreferrer\">urbanismo<\/a> \u00e9 do munic\u00edpio. H\u00e1 portanto um problema enorme de coordena\u00e7\u00e3o\u201d. Ele defende um modelo \u00fanico que aborde as diferentes problem\u00e1ticas do bairro de forma integrada, ao inv\u00e9s de fragmentada em diversos programas.<\/span><\/p>\n<p><em>Esta \u00e9 a segunda mat\u00e9ria de uma <a href=\"http:\/\/bit.ly\/2sYTUGm\" target=\"_blank\" rel=\"noopener noreferrer\">s\u00e9rie de tr\u00eas sobre conex\u00f5es entre as favelas cariocas e os cani\u00e7os maputenses<\/a>\u00a0que enfocam hist\u00f3ria, regulariza\u00e7\u00e3o e cultura.<\/em><\/p>\n<!-- AddThis Advanced Settings generic via filter on the_content --><!-- AddThis Share Buttons generic via filter on the_content -->","protected":false},"excerpt":{"rendered":"<div class=\"mh-excerpt\"><p>Click Here for English Esta \u00e9 a segunda mat\u00e9ria de uma s\u00e9rie de tr\u00eas sobre conex\u00f5es entre as favelas cariocas e os cani\u00e7os maputenses\u00a0que enfocam hist\u00f3ria, regulariza\u00e7\u00e3o e cultura. Em Maputo, capital de Mo\u00e7ambique, 80% <a class=\"mh-excerpt-more\" href=\"https:\/\/rioonwatch.org.br\/?p=26478\" title=\"Conex\u00e3o Maputo-Rio de Janeiro Parte 2: Os Desafios Comuns da Regulariza\u00e7\u00e3o e da Gentrifica\u00e7\u00e3o\">[&#8230;]<\/a><!-- AddThis Advanced Settings generic via filter on get_the_excerpt --><!-- AddThis Share Buttons generic via filter on get_the_excerpt --><\/p>\n<\/div>","protected":false},"author":3,"featured_media":25735,"comment_status":"closed","ping_status":"closed","sticky":false,"template":"","format":"standard","meta":{"_acf_changed":false,"_monsterinsights_skip_tracking":false,"_monsterinsights_sitenote_active":false,"_monsterinsights_sitenote_note":"","_monsterinsights_sitenote_category":0,"footnotes":""},"categories":[1617,1618,1614,1857,1621,1632,344],"tags":[759,656,396,992,395,2009,1443,246,988,2145,838,82,14,2144,900],"writer":[1994],"translator":[],"source":[],"ilustrador":[],"fotografo":[],"class_list":{"0":"post-26478","1":"post","2":"type-post","3":"status-publish","4":"format-standard","5":"has-post-thumbnail","7":"category-olhonagentrificacao","8":"category-olhonaparticipacao","9":"category-olhonasremocoes","10":"category-olhonaurbanizacao","11":"category-destaque","12":"category-pesquisa-e-analise","13":"category-politicas","14":"tag-comparacao-internacional","15":"tag-concessao-de-uso","16":"tag-especulacao-imobiliaria","17":"tag-financiamento-imobiliario","18":"tag-gentrificacao-remocao-branca","19":"tag-impostos","20":"tag-laje","21":"tag-minha-casa-minha-vida","22":"tag-minha-casa-minha-vida-entidades","23":"tag-mocambique","24":"tag-politica-publica","25":"tag-regularizacao-fundiaria","26":"tag-remocao","27":"tag-serie-maputo-rio","28":"tag-titulacao-de-terras","29":"writer-luisa-fenizola"},"acf":[],"yoast_head":"<!-- This site is optimized with the Yoast SEO plugin v25.6 - https:\/\/yoast.com\/wordpress\/plugins\/seo\/ -->\n<title>Conex\u00e3o Maputo-Rio de Janeiro Parte 2: Os Desafios Comuns da Regulariza\u00e7\u00e3o e da Gentrifica\u00e7\u00e3o - RioOnWatch<\/title>\n<meta name=\"robots\" content=\"index, follow, max-snippet:-1, max-image-preview:large, max-video-preview:-1\" \/>\n<link rel=\"canonical\" href=\"https:\/\/rioonwatch.org.br\/?p=26478\" \/>\n<meta property=\"og:locale\" content=\"pt_BR\" \/>\n<meta property=\"og:type\" content=\"article\" \/>\n<meta property=\"og:title\" content=\"Conex\u00e3o Maputo-Rio de Janeiro Parte 2: Os Desafios Comuns da Regulariza\u00e7\u00e3o e da Gentrifica\u00e7\u00e3o - RioOnWatch\" \/>\n<meta property=\"og:description\" content=\"Click Here for English Esta \u00e9 a segunda mat\u00e9ria de uma s\u00e9rie de tr\u00eas sobre conex\u00f5es entre as favelas cariocas e os cani\u00e7os maputenses\u00a0que enfocam hist\u00f3ria, regulariza\u00e7\u00e3o e cultura. Em Maputo, capital de Mo\u00e7ambique, 80% [...]\" \/>\n<meta property=\"og:url\" content=\"https:\/\/rioonwatch.org.br\/?p=26478\" \/>\n<meta property=\"og:site_name\" content=\"RioOnWatch\" \/>\n<meta property=\"article:published_time\" content=\"2017-07-04T11:19:26+00:00\" \/>\n<meta property=\"article:modified_time\" content=\"2017-10-20T13:02:15+00:00\" \/>\n<meta property=\"og:image\" content=\"https:\/\/rioonwatch.org.br\/wp-content\/uploads\/2017\/05\/chamanculo.jpg\" \/>\n\t<meta property=\"og:image:width\" content=\"625\" \/>\n\t<meta property=\"og:image:height\" content=\"230\" \/>\n\t<meta property=\"og:image:type\" content=\"image\/jpeg\" \/>\n<meta name=\"author\" content=\"Admin\" \/>\n<meta name=\"twitter:card\" content=\"summary_large_image\" \/>\n<meta name=\"twitter:label1\" content=\"Escrito por\" \/>\n\t<meta name=\"twitter:data1\" content=\"Admin\" \/>\n\t<meta name=\"twitter:label2\" content=\"Est. tempo de leitura\" \/>\n\t<meta name=\"twitter:data2\" content=\"6 minutos\" \/>\n<script type=\"application\/ld+json\" class=\"yoast-schema-graph\">{\"@context\":\"https:\/\/schema.org\",\"@graph\":[{\"@type\":\"Article\",\"@id\":\"https:\/\/rioonwatch.org.br\/?p=26478#article\",\"isPartOf\":{\"@id\":\"https:\/\/rioonwatch.org.br\/?p=26478\"},\"author\":{\"name\":\"Admin\",\"@id\":\"https:\/\/rioonwatch.org.br\/#\/schema\/person\/c6c09a0b56b38f0157a45b963ef3f269\"},\"headline\":\"Conex\u00e3o Maputo-Rio de Janeiro Parte 2: Os Desafios Comuns da Regulariza\u00e7\u00e3o e da Gentrifica\u00e7\u00e3o\",\"datePublished\":\"2017-07-04T11:19:26+00:00\",\"dateModified\":\"2017-10-20T13:02:15+00:00\",\"mainEntityOfPage\":{\"@id\":\"https:\/\/rioonwatch.org.br\/?p=26478\"},\"wordCount\":1223,\"publisher\":{\"@id\":\"https:\/\/rioonwatch.org.br\/#organization\"},\"image\":{\"@id\":\"https:\/\/rioonwatch.org.br\/?p=26478#primaryimage\"},\"thumbnailUrl\":\"https:\/\/rioonwatch.org.br\/wp-content\/uploads\/2017\/05\/chamanculo.jpg\",\"keywords\":[\"compara\u00e7\u00e3o internacional\",\"concess\u00e3o de uso\",\"especula\u00e7\u00e3o imobili\u00e1ria\",\"financiamento imobili\u00e1rio\",\"gentrifica\u00e7\u00e3o\",\"impostos\",\"laje\",\"Minha Casa Minha Vida\",\"Minha Casa Minha Vida-Entidades\",\"Mo\u00e7ambique\",\"pol\u00edtica p\u00fablica\",\"regulariza\u00e7\u00e3o fundi\u00e1ria\",\"Remo\u00e7\u00e3o\",\"S\u00e9rie: Maputo-Rio\",\"titula\u00e7\u00e3o de terras\"],\"articleSection\":[\"#OlhoNaGentrifica\u00e7\u00e3o\",\"#OlhoNaParticipa\u00e7\u00e3o\",\"#OlhoNasRemo\u00e7\u00f5es\",\"#OlhoNaUrbaniza\u00e7\u00e3o\",\"*Destaque\",\"Dados e Pesquisa\",\"Pol\u00edticas\"],\"inLanguage\":\"pt-BR\"},{\"@type\":\"WebPage\",\"@id\":\"https:\/\/rioonwatch.org.br\/?p=26478\",\"url\":\"https:\/\/rioonwatch.org.br\/?p=26478\",\"name\":\"Conex\u00e3o Maputo-Rio de Janeiro Parte 2: Os Desafios Comuns da Regulariza\u00e7\u00e3o e da Gentrifica\u00e7\u00e3o - RioOnWatch\",\"isPartOf\":{\"@id\":\"https:\/\/rioonwatch.org.br\/#website\"},\"primaryImageOfPage\":{\"@id\":\"https:\/\/rioonwatch.org.br\/?p=26478#primaryimage\"},\"image\":{\"@id\":\"https:\/\/rioonwatch.org.br\/?p=26478#primaryimage\"},\"thumbnailUrl\":\"https:\/\/rioonwatch.org.br\/wp-content\/uploads\/2017\/05\/chamanculo.jpg\",\"datePublished\":\"2017-07-04T11:19:26+00:00\",\"dateModified\":\"2017-10-20T13:02:15+00:00\",\"breadcrumb\":{\"@id\":\"https:\/\/rioonwatch.org.br\/?p=26478#breadcrumb\"},\"inLanguage\":\"pt-BR\",\"potentialAction\":[{\"@type\":\"ReadAction\",\"target\":[\"https:\/\/rioonwatch.org.br\/?p=26478\"]}]},{\"@type\":\"ImageObject\",\"inLanguage\":\"pt-BR\",\"@id\":\"https:\/\/rioonwatch.org.br\/?p=26478#primaryimage\",\"url\":\"https:\/\/rioonwatch.org.br\/wp-content\/uploads\/2017\/05\/chamanculo.jpg\",\"contentUrl\":\"https:\/\/rioonwatch.org.br\/wp-content\/uploads\/2017\/05\/chamanculo.jpg\",\"width\":625,\"height\":230,\"caption\":\"Chamanculo\"},{\"@type\":\"BreadcrumbList\",\"@id\":\"https:\/\/rioonwatch.org.br\/?p=26478#breadcrumb\",\"itemListElement\":[{\"@type\":\"ListItem\",\"position\":1,\"name\":\"In\u00edcio\",\"item\":\"https:\/\/rioonwatch.org.br\/\"},{\"@type\":\"ListItem\",\"position\":2,\"name\":\"Conex\u00e3o Maputo-Rio de Janeiro Parte 2: Os Desafios Comuns da Regulariza\u00e7\u00e3o e da Gentrifica\u00e7\u00e3o\"}]},{\"@type\":\"WebSite\",\"@id\":\"https:\/\/rioonwatch.org.br\/#website\",\"url\":\"https:\/\/rioonwatch.org.br\/\",\"name\":\"RioOnWatch\",\"description\":\"relatos das favelas cariocas\",\"publisher\":{\"@id\":\"https:\/\/rioonwatch.org.br\/#organization\"},\"potentialAction\":[{\"@type\":\"SearchAction\",\"target\":{\"@type\":\"EntryPoint\",\"urlTemplate\":\"https:\/\/rioonwatch.org.br\/?s={search_term_string}\"},\"query-input\":{\"@type\":\"PropertyValueSpecification\",\"valueRequired\":true,\"valueName\":\"search_term_string\"}}],\"inLanguage\":\"pt-BR\"},{\"@type\":\"Organization\",\"@id\":\"https:\/\/rioonwatch.org.br\/#organization\",\"name\":\"RioOnWatch\",\"url\":\"https:\/\/rioonwatch.org.br\/\",\"logo\":{\"@type\":\"ImageObject\",\"inLanguage\":\"pt-BR\",\"@id\":\"https:\/\/rioonwatch.org.br\/#\/schema\/logo\/image\/\",\"url\":\"https:\/\/rioonwatch.org.br\/wp-content\/uploads\/2021\/06\/RioOnWatchcabecalhoPT11anos-2.png\",\"contentUrl\":\"https:\/\/rioonwatch.org.br\/wp-content\/uploads\/2021\/06\/RioOnWatchcabecalhoPT11anos-2.png\",\"width\":779,\"height\":277,\"caption\":\"RioOnWatch\"},\"image\":{\"@id\":\"https:\/\/rioonwatch.org.br\/#\/schema\/logo\/image\/\"}},{\"@type\":\"Person\",\"@id\":\"https:\/\/rioonwatch.org.br\/#\/schema\/person\/c6c09a0b56b38f0157a45b963ef3f269\",\"name\":\"Admin\",\"image\":{\"@type\":\"ImageObject\",\"inLanguage\":\"pt-BR\",\"@id\":\"https:\/\/rioonwatch.org.br\/#\/schema\/person\/image\/\",\"url\":\"https:\/\/secure.gravatar.com\/avatar\/da45c89efd4810dc70c16a5da3419806?s=96&d=blank&r=g\",\"contentUrl\":\"https:\/\/secure.gravatar.com\/avatar\/da45c89efd4810dc70c16a5da3419806?s=96&d=blank&r=g\",\"caption\":\"Admin\"},\"url\":\"https:\/\/rioonwatch.org.br\/?author=3\"}]}<\/script>\n<!-- \/ Yoast SEO plugin. -->","yoast_head_json":{"title":"Conex\u00e3o Maputo-Rio de Janeiro Parte 2: Os Desafios Comuns da Regulariza\u00e7\u00e3o e da Gentrifica\u00e7\u00e3o - RioOnWatch","robots":{"index":"index","follow":"follow","max-snippet":"max-snippet:-1","max-image-preview":"max-image-preview:large","max-video-preview":"max-video-preview:-1"},"canonical":"https:\/\/rioonwatch.org.br\/?p=26478","og_locale":"pt_BR","og_type":"article","og_title":"Conex\u00e3o Maputo-Rio de Janeiro Parte 2: Os Desafios Comuns da Regulariza\u00e7\u00e3o e da Gentrifica\u00e7\u00e3o - RioOnWatch","og_description":"Click Here for English Esta \u00e9 a segunda mat\u00e9ria de uma s\u00e9rie de tr\u00eas sobre conex\u00f5es entre as favelas cariocas e os cani\u00e7os maputenses\u00a0que enfocam hist\u00f3ria, regulariza\u00e7\u00e3o e cultura. Em Maputo, capital de Mo\u00e7ambique, 80% [...]","og_url":"https:\/\/rioonwatch.org.br\/?p=26478","og_site_name":"RioOnWatch","article_published_time":"2017-07-04T11:19:26+00:00","article_modified_time":"2017-10-20T13:02:15+00:00","og_image":[{"width":625,"height":230,"url":"https:\/\/rioonwatch.org.br\/wp-content\/uploads\/2017\/05\/chamanculo.jpg","type":"image\/jpeg"}],"author":"Admin","twitter_card":"summary_large_image","twitter_misc":{"Escrito por":"Admin","Est. tempo de leitura":"6 minutos"},"schema":{"@context":"https:\/\/schema.org","@graph":[{"@type":"Article","@id":"https:\/\/rioonwatch.org.br\/?p=26478#article","isPartOf":{"@id":"https:\/\/rioonwatch.org.br\/?p=26478"},"author":{"name":"Admin","@id":"https:\/\/rioonwatch.org.br\/#\/schema\/person\/c6c09a0b56b38f0157a45b963ef3f269"},"headline":"Conex\u00e3o Maputo-Rio de Janeiro Parte 2: Os Desafios Comuns da Regulariza\u00e7\u00e3o e da Gentrifica\u00e7\u00e3o","datePublished":"2017-07-04T11:19:26+00:00","dateModified":"2017-10-20T13:02:15+00:00","mainEntityOfPage":{"@id":"https:\/\/rioonwatch.org.br\/?p=26478"},"wordCount":1223,"publisher":{"@id":"https:\/\/rioonwatch.org.br\/#organization"},"image":{"@id":"https:\/\/rioonwatch.org.br\/?p=26478#primaryimage"},"thumbnailUrl":"https:\/\/rioonwatch.org.br\/wp-content\/uploads\/2017\/05\/chamanculo.jpg","keywords":["compara\u00e7\u00e3o internacional","concess\u00e3o de uso","especula\u00e7\u00e3o imobili\u00e1ria","financiamento imobili\u00e1rio","gentrifica\u00e7\u00e3o","impostos","laje","Minha Casa Minha Vida","Minha Casa Minha Vida-Entidades","Mo\u00e7ambique","pol\u00edtica p\u00fablica","regulariza\u00e7\u00e3o fundi\u00e1ria","Remo\u00e7\u00e3o","S\u00e9rie: Maputo-Rio","titula\u00e7\u00e3o de terras"],"articleSection":["#OlhoNaGentrifica\u00e7\u00e3o","#OlhoNaParticipa\u00e7\u00e3o","#OlhoNasRemo\u00e7\u00f5es","#OlhoNaUrbaniza\u00e7\u00e3o","*Destaque","Dados e Pesquisa","Pol\u00edticas"],"inLanguage":"pt-BR"},{"@type":"WebPage","@id":"https:\/\/rioonwatch.org.br\/?p=26478","url":"https:\/\/rioonwatch.org.br\/?p=26478","name":"Conex\u00e3o Maputo-Rio de Janeiro Parte 2: Os Desafios Comuns da Regulariza\u00e7\u00e3o e da Gentrifica\u00e7\u00e3o - RioOnWatch","isPartOf":{"@id":"https:\/\/rioonwatch.org.br\/#website"},"primaryImageOfPage":{"@id":"https:\/\/rioonwatch.org.br\/?p=26478#primaryimage"},"image":{"@id":"https:\/\/rioonwatch.org.br\/?p=26478#primaryimage"},"thumbnailUrl":"https:\/\/rioonwatch.org.br\/wp-content\/uploads\/2017\/05\/chamanculo.jpg","datePublished":"2017-07-04T11:19:26+00:00","dateModified":"2017-10-20T13:02:15+00:00","breadcrumb":{"@id":"https:\/\/rioonwatch.org.br\/?p=26478#breadcrumb"},"inLanguage":"pt-BR","potentialAction":[{"@type":"ReadAction","target":["https:\/\/rioonwatch.org.br\/?p=26478"]}]},{"@type":"ImageObject","inLanguage":"pt-BR","@id":"https:\/\/rioonwatch.org.br\/?p=26478#primaryimage","url":"https:\/\/rioonwatch.org.br\/wp-content\/uploads\/2017\/05\/chamanculo.jpg","contentUrl":"https:\/\/rioonwatch.org.br\/wp-content\/uploads\/2017\/05\/chamanculo.jpg","width":625,"height":230,"caption":"Chamanculo"},{"@type":"BreadcrumbList","@id":"https:\/\/rioonwatch.org.br\/?p=26478#breadcrumb","itemListElement":[{"@type":"ListItem","position":1,"name":"In\u00edcio","item":"https:\/\/rioonwatch.org.br\/"},{"@type":"ListItem","position":2,"name":"Conex\u00e3o Maputo-Rio de Janeiro Parte 2: Os Desafios Comuns da Regulariza\u00e7\u00e3o e da Gentrifica\u00e7\u00e3o"}]},{"@type":"WebSite","@id":"https:\/\/rioonwatch.org.br\/#website","url":"https:\/\/rioonwatch.org.br\/","name":"RioOnWatch","description":"relatos das favelas cariocas","publisher":{"@id":"https:\/\/rioonwatch.org.br\/#organization"},"potentialAction":[{"@type":"SearchAction","target":{"@type":"EntryPoint","urlTemplate":"https:\/\/rioonwatch.org.br\/?s={search_term_string}"},"query-input":{"@type":"PropertyValueSpecification","valueRequired":true,"valueName":"search_term_string"}}],"inLanguage":"pt-BR"},{"@type":"Organization","@id":"https:\/\/rioonwatch.org.br\/#organization","name":"RioOnWatch","url":"https:\/\/rioonwatch.org.br\/","logo":{"@type":"ImageObject","inLanguage":"pt-BR","@id":"https:\/\/rioonwatch.org.br\/#\/schema\/logo\/image\/","url":"https:\/\/rioonwatch.org.br\/wp-content\/uploads\/2021\/06\/RioOnWatchcabecalhoPT11anos-2.png","contentUrl":"https:\/\/rioonwatch.org.br\/wp-content\/uploads\/2021\/06\/RioOnWatchcabecalhoPT11anos-2.png","width":779,"height":277,"caption":"RioOnWatch"},"image":{"@id":"https:\/\/rioonwatch.org.br\/#\/schema\/logo\/image\/"}},{"@type":"Person","@id":"https:\/\/rioonwatch.org.br\/#\/schema\/person\/c6c09a0b56b38f0157a45b963ef3f269","name":"Admin","image":{"@type":"ImageObject","inLanguage":"pt-BR","@id":"https:\/\/rioonwatch.org.br\/#\/schema\/person\/image\/","url":"https:\/\/secure.gravatar.com\/avatar\/da45c89efd4810dc70c16a5da3419806?s=96&d=blank&r=g","contentUrl":"https:\/\/secure.gravatar.com\/avatar\/da45c89efd4810dc70c16a5da3419806?s=96&d=blank&r=g","caption":"Admin"},"url":"https:\/\/rioonwatch.org.br\/?author=3"}]}},"_links":{"self":[{"href":"https:\/\/rioonwatch.org.br\/index.php?rest_route=\/wp\/v2\/posts\/26478"}],"collection":[{"href":"https:\/\/rioonwatch.org.br\/index.php?rest_route=\/wp\/v2\/posts"}],"about":[{"href":"https:\/\/rioonwatch.org.br\/index.php?rest_route=\/wp\/v2\/types\/post"}],"author":[{"embeddable":true,"href":"https:\/\/rioonwatch.org.br\/index.php?rest_route=\/wp\/v2\/users\/3"}],"replies":[{"embeddable":true,"href":"https:\/\/rioonwatch.org.br\/index.php?rest_route=%2Fwp%2Fv2%2Fcomments&post=26478"}],"version-history":[{"count":11,"href":"https:\/\/rioonwatch.org.br\/index.php?rest_route=\/wp\/v2\/posts\/26478\/revisions"}],"predecessor-version":[{"id":29041,"href":"https:\/\/rioonwatch.org.br\/index.php?rest_route=\/wp\/v2\/posts\/26478\/revisions\/29041"}],"wp:featuredmedia":[{"embeddable":true,"href":"https:\/\/rioonwatch.org.br\/index.php?rest_route=\/wp\/v2\/media\/25735"}],"wp:attachment":[{"href":"https:\/\/rioonwatch.org.br\/index.php?rest_route=%2Fwp%2Fv2%2Fmedia&parent=26478"}],"wp:term":[{"taxonomy":"category","embeddable":true,"href":"https:\/\/rioonwatch.org.br\/index.php?rest_route=%2Fwp%2Fv2%2Fcategories&post=26478"},{"taxonomy":"post_tag","embeddable":true,"href":"https:\/\/rioonwatch.org.br\/index.php?rest_route=%2Fwp%2Fv2%2Ftags&post=26478"},{"taxonomy":"writer","embeddable":true,"href":"https:\/\/rioonwatch.org.br\/index.php?rest_route=%2Fwp%2Fv2%2Fwriter&post=26478"},{"taxonomy":"translator","embeddable":true,"href":"https:\/\/rioonwatch.org.br\/index.php?rest_route=%2Fwp%2Fv2%2Ftranslator&post=26478"},{"taxonomy":"source","embeddable":true,"href":"https:\/\/rioonwatch.org.br\/index.php?rest_route=%2Fwp%2Fv2%2Fsource&post=26478"},{"taxonomy":"ilustrador","embeddable":true,"href":"https:\/\/rioonwatch.org.br\/index.php?rest_route=%2Fwp%2Fv2%2Filustrador&post=26478"},{"taxonomy":"fotografo","embeddable":true,"href":"https:\/\/rioonwatch.org.br\/index.php?rest_route=%2Fwp%2Fv2%2Ffotografo&post=26478"}],"curies":[{"name":"wp","href":"https:\/\/api.w.org\/{rel}","templated":true}]}}