{"id":2652,"date":"2011-12-02T12:25:00","date_gmt":"2011-12-02T15:25:00","guid":{"rendered":"http:\/\/favela.info\/?p=2652"},"modified":"2016-05-26T11:15:49","modified_gmt":"2016-05-26T14:15:49","slug":"despejo-de-ong-comunitaria-apos-a-pacificacao-do-vidigal","status":"publish","type":"post","link":"https:\/\/rioonwatch.org.br\/?p=2652","title":{"rendered":"Despejo de ONG Comunit\u00e1ria Ap\u00f3s a &#8220;Pacifica\u00e7\u00e3o&#8221; do Vidigal"},"content":{"rendered":"<p style=\"text-align: right;\"><em><strong><a href=\"http:\/\/bit.ly\/1WHuWDY\" target=\"_blank\">Click Here for English<img decoding=\"async\" width=\"20\" height=\"20\" class=\"alignright wp-image-15790\" src=\"http:\/\/rioonwatch.org.br\/wp-content\/uploads\/2012\/08\/EN-standard-e1439583104716.jpg\" alt=\"\" \/><\/a><\/strong><\/em><\/p>\n<p><img fetchpriority=\"high\" decoding=\"async\" class=\"size-medium wp-image-2274 alignright\" title=\"O Vidigal visto do Leblon\" src=\"http:\/\/rioonwatch.org\/wp-content\/uploads\/2011\/11\/LeblonVidigal.jpg\" alt=\"\" width=\"310\" height=\"201\" \/>Ao chegar em cima do Vidigal, uma das mais belas vistas de favelas da Zona Sul do Rio de Janeiro, em um moto-t\u00e1xi no s\u00e1bado n\u00e3o pude deixar de notar, a cada volta da moto, a elevada concentra\u00e7\u00e3o de oficiais e soldados da Unidade de Pol\u00edcia Pacificadora (<a href=\"http:\/\/bit.ly\/vzNfgb\">UPP<\/a>). Esta nova presen\u00e7a f\u00edsica \u00e9 uma diferen\u00e7a marcante em rela\u00e7\u00e3o ao Vidigal que visitei no m\u00eas passado. Famosa por ser localizado acima do Sheraton no final do Leblon com vista para o oceano, a favela do Vidigal foi ocupada pelo Batalh\u00e3o de Opera\u00e7\u00f5es Especiais (Bope) na manh\u00e3 do domingo 13 de novembro, juntamente com as favelas da Rocinha e Ch\u00e1cara do C\u00e9u. A ocupa\u00e7\u00e3o da pol\u00edcia, apelidado de &#8220;Opera\u00e7\u00e3o Choque de Paz&#8221;, marcou a<a href=\"http:\/\/glo.bo\/w2o45U\"> instala\u00e7\u00e3o da 19\u00aa UPP<\/a> em favelas no Rio de Janeiro. Hoje, 280 mil dos moradores da cidade vivem sob programas de UPP.<\/p>\n<p><img decoding=\"async\" class=\"size-medium wp-image-2274 alignright\" title=\"Soldados da UPP na Vila Ol\u00edmpica no topo do Vidigal\" src=\"http:\/\/rioonwatch.org\/wp-content\/uploads\/2011\/11\/UPP-officers.jpg\" alt=\"\" width=\"269\" height=\"202\" \/><\/p>\n<p>A UPP, tamb\u00e9m conhecido como o &#8220;Pol\u00edcia da Paz\u201d ou policiamento comunit\u00e1rio, representa um instrumento importante para o governo do estado, uma vez que recupera os territ\u00f3rios perdidos para o tr\u00e1fico de drogas. A promessa feita pelo Estado \u00e9 que a presen\u00e7a da pol\u00edcia, permite ao<a href=\"http:\/\/bit.ly\/sIOqCq\"> governo a inclus\u00e3o social<\/a> e paz para os setores mais carentes da popula\u00e7\u00e3o. Este novo modelo de seguran\u00e7a p\u00fablica e policiamento foi criado para promover uma boa rela\u00e7\u00e3o entre a popula\u00e7\u00e3o e a pol\u00edcia, bem como o fortalecimento das pol\u00edticas sociais em v\u00e1rias favelas.<\/p>\n<p>Felizmente, o Estado n\u00e3o parte do zero quanto ao desenvolvimento de programas sociais em comunidades como Vidigal. J\u00e1 existem in\u00fameras importantes organiza\u00e7\u00f5es de base comunit\u00e1ria com vasta experi\u00eancia no apoio a moradores. Uma delas \u00e9 o GASCO (Grupo de A\u00e7\u00e3o Social Comunit\u00e1ria), fundado por<a href=\"http:\/\/on.fb.me\/rupRIZ\"> Bernadete Soares Pereira<\/a> em 2007 para promover a inclus\u00e3o social, cidadania e auto-estima das fam\u00edlias e indiv\u00edduos que vivem em Vidigal. O GASCO desenvolve projetos e programas sociais, educacionais, culturais e esportivas, bem como eventos e competi\u00e7\u00f5es. A organiza\u00e7\u00e3o tamb\u00e9m desenvolve projetos para a defesa e expans\u00e3o dos direitos das mulheres, crian\u00e7as, adolescentes e idosos.<\/p>\n<p><img loading=\"lazy\" decoding=\"async\" class=\"size-medium wp-image-2274 alignright\" title=\"Jovens participantes do torneio de v\u00f4lei\" src=\"http:\/\/rioonwatch.org\/wp-content\/uploads\/2011\/11\/Youth.jpg\" alt=\"\" width=\"269\" height=\"202\" \/><\/p>\n<p>No \u00faltimo s\u00e1bado, 26 de novembro, quando o moto-t\u00e1xi me deixou na Vila Ol\u00edmpica, o complexo de esporte aberto \u00e0 comunidade que faz fronteira com a sede do GASCO, eu fui recebido com a mesma energia positiva que testemunhei na minha primeira visita alguns meses antes. Neste s\u00e1bado o GASCO realizou um torneio de v\u00f4lei para as crian\u00e7as e adolescentes da comunidade que participam regularmente das aulas semanais e dos jogos. A cena l\u00fadica da juventude feliz, e instrutores e volunt\u00e1rios igualmente entusiasmado, recebendo trof\u00e9us e medalhas por suas realiza\u00e7\u00f5es capturam e sintetizam a miss\u00e3o do GASCO. Ap\u00f3s a dispers\u00e3o da celebra\u00e7\u00e3o para outras \u00e1reas do Vidigal, eu acompanhei Bernadete no espa\u00e7o da ONG, composta por seis salas, que ocupam um pr\u00e9dio de dois andares. Este espa\u00e7o estava abandonado, ent\u00e3o o GASCO assumiu o espa\u00e7o em 2007 e deu-lhe como finalidade a sua sede, investindo em seu desenvolvimento. Desde ent\u00e3o, Bernadete tem continuamente tentado receber o t\u00edtulo de posse de acordo com as leis de usucapi\u00e3o brasileira.<\/p>\n<p>Foi com grande emo\u00e7\u00e3o que Bernadete recebeu a not\u00edcia da implementa\u00e7\u00e3o da UPP em sua comunidade. Quando eu a vi s\u00e1bado, ela me disse: &#8220;Eu me senti muito feliz, pensei que ir\u00edamos ter pol\u00edticas p\u00fablicas para a nossa comunidade que foi abandonada por muitos anos. Tudo vai para a Rocinha, o Vidigal n\u00e3o ganha nada. H\u00e1 apenas n\u00f3s aqui, fazendo o trabalho do Estado, sem dinheiro, com muito sacrif\u00edcio. Ent\u00e3o eu pensei: agora a nossa qualidade de vida vai melhorar. &#8220;Em seu mural do Facebook no dia 13 de novembro, ela anunciou: &#8220;A not\u00edcia aqui \u00e9 encorajadora. Agora \u00e9 hora de come\u00e7ar a trabalhar imediatamente em a\u00e7\u00f5es sociais: educa\u00e7\u00e3o, sa\u00fade, saneamento, lazer, inclus\u00e3o digital, gera\u00e7\u00e3o de emprego, apoio e encorajamento do esp\u00edrito empresarial &#8230; Vamos estar todos unidos nessa tarefa&#8221;. Bernadete esperava que com a chegada da UPP e\u00a0<a href=\"http:\/\/bit.ly\/tNrTId\">UPP Social<\/a> viriam os programas sociais para a comunidade, uma vez que a pol\u00edcia tenha ocupado a comunidade, e que sua ONG seria um aliado natural de apoio a esses programas sociais.<\/p>\n<p><img loading=\"lazy\" decoding=\"async\" class=\"size-medium wp-image-2274 alignright\" title=\"Notifica\u00e7\u00e3o de despejo da prefeitura\" src=\"http:\/\/rioonwatch.org\/wp-content\/uploads\/2011\/11\/LetterFromCity.png\" alt=\"\" width=\"241\" height=\"359\" \/><\/p>\n<p>Mas em vez disso, na sexta-feira, 25 de novembro, dois homens que trabalham para a Prefeitura visitaram o GASCO e entregaram a Bernadete uma notifica\u00e7\u00e3o de despejo, solicitando que o GASCO desocupasse o local na segunda-feira dia 28 de novembro (dois dias). A exist\u00eancia da ONG est\u00e1 agora comprometida. Nenhum espa\u00e7o alternativo foi oferecido. Com Bernadete eu me sentei em uma das salas da organiza\u00e7\u00e3o, cercada por uma infinidade de computadores doados, e ela me contou a sua principal preocupa\u00e7\u00e3o e a pergunta que fez aos dois homens que entregaram o aviso pr\u00e9vio, ela queria saber o que ela faria com os equipamentos que ela tinha recolhido ao longo dos \u00faltimos quatro anos.<\/p>\n<p>Segundo a notifica\u00e7\u00e3o, a prefeitura quer reformar o pr\u00e9dio e utiliz\u00e1-lo, a fim de criar projetos p\u00fablicos. Os investimentos e reformas j\u00e1 realizadas pelo GASCO para melhorar a infra-estrutura do edif\u00edcio parecem irrelevantes. Desde quando o GASCO ocupou o pr\u00e9dio, h\u00e1 quatro anos, a Prefeitura n\u00e3o demostrou interesse em ocupar ou reformar o espa\u00e7o de propriedade p\u00fablica abandonado at\u00e9 a &#8220;pacifica\u00e7\u00e3o&#8221; recente de Vidigal e a chegada da UPP. De acordo com Bernadete, \u201co novo interesse no Vidigal decorre do desejo do poder p\u00fablico de retratar positivamente o Rio de Janeiro, e suas favelas, como seguro, acolhedor e preparado para receber grandes eventos nos pr\u00f3ximos anos\u201d. Conseq\u00fcentemente, a conclus\u00e3o que ela e outros est\u00e3o chegando dos motivos da Prefeitura ao melhorar a situa\u00e7\u00e3o em algumas das favelas do Rio de Janeiro, como Vidigal, n\u00e3o \u00e9 realmente uma quest\u00e3o de melhorar a vida dos moradores, mas uma quest\u00e3o de vaidade, apar\u00eancia e pol\u00edtica. O Presidente da Associa\u00e7\u00e3o do Bairro Vidigal foi recentemente<a href=\"http:\/\/bit.ly\/vGXR5w\"> filmado<\/a> explicando que pouco est\u00e1 sendo feito pelo governo, exceto o fornecimento de t\u00edtulo de posse, que j\u00e1 est\u00e1 provocando <a href=\"http:\/\/bit.ly\/ulHv5V\">gentrifica\u00e7\u00e3o<\/a>.<\/p>\n<p><img loading=\"lazy\" decoding=\"async\" class=\"size-medium wp-image-2274 alignright\" title=\"Bernadete preocupada com o computadores\" src=\"http:\/\/rioonwatch.org\/wp-content\/uploads\/2011\/11\/BernadeteAtComputer.jpg\" alt=\"\" width=\"269\" height=\"202\" \/><\/p>\n<p>Quanto mais eu falava com Bernadete mais claro ficava que os membros do GASCO n\u00e3o suspeitavam e estavam completamente inocentes a respeito dos planos da Prefeitura, assim como os moradores que continuaram a entrar e sair da sala, chocados pela not\u00edcia de Bernadete. Isto foi confirmado quando Bernadete explicou que ela acreditava e esperava que a implementa\u00e7\u00e3o da UPP iria finalmente permitir a presen\u00e7a do Estado, e portanto, mais facilidade de acesso e programas sociais para a comunidade. Al\u00e9m disso, Bernadete tinha esperado que a Prefeitura e o Estado iriam tentar integrar-se com os l\u00edderes comunit\u00e1rios j\u00e1 existentes e as institui\u00e7\u00f5es locais, atrav\u00e9s da colabora\u00e7\u00e3o, o que poderia fortalecer o que j\u00e1 havia sido realizado por anos, sem qualquer compensa\u00e7\u00e3o ou a presen\u00e7a do Estado, mas com o sacrif\u00edcio e determina\u00e7\u00e3o incans\u00e1vel de volunt\u00e1rios na comunidade para melhorar a qualidade de vida dos moradores do Vidigal.<\/p>\n<p><img loading=\"lazy\" decoding=\"async\" class=\"size-medium wp-image-2274 alignright\" title=\"GASCO- Bazar de roupas\" src=\"http:\/\/rioonwatch.org\/wp-content\/uploads\/2011\/11\/Clothes.jpg\" alt=\"\" width=\"269\" height=\"202\" \/><\/p>\n<p>Eu perguntei a Bernadete se ela acreditava que a Prefeitura e o Estado teriam sucesso na melhoria da qualidade de vida no Vidigal. Ela explicou que, embora h\u00e1 a possibilidade, o governo ter\u00e1 que ganhar a confian\u00e7a e o apoio dos moradores, o que exige a participa\u00e7\u00e3o dos moradores atuais da comunidade que conhecem e podem comunicar efetivamente as reais necessidades e desejos dos moradores, eliminando muitos das abordagens que o governo assume como sendo necess\u00e1rias.<\/p>\n<p>Na segunda-feira, dia 28, houve uma primeira reuni\u00e3o na comunidade onde foi criado um f\u00f3rum com alguns l\u00edderes da comunidade e institui\u00e7\u00f5es que formaram uma comiss\u00e3o que ir\u00e1 apresentar o que a comunidade quer e precisa da Prefeitura. Al\u00e9m disso, Bernadete est\u00e1 solicitando apoio jur\u00eddico dos defensores p\u00fablicos do Rio de Janeiro, para quem ela j\u00e1 reuniu documentos. O GASCO tamb\u00e9m est\u00e1 estendendo a m\u00e3o aos pol\u00edticos e usando o<a href=\"http:\/\/on.fb.me\/uEKu9Y\"> Facebook<\/a> e as redes sociais, em geral, para espalhar a palavra e ganhar apoio.\u00a0Na ter\u00e7a-feira dia 29, houve um <a href=\"http:\/\/on.fb.me\/sDJeHf\">protesto<\/a> na comunidade em favor da perman\u00eancia do GASCO na sua sede atual.<\/p>\n<p><img loading=\"lazy\" decoding=\"async\" class=\"size-medium wp-image-2274 alignright\" title=\"Vidigal visto de cima\" src=\"http:\/\/rioonwatch.org\/wp-content\/uploads\/2011\/11\/From-above.jpg\" alt=\"\" width=\"302\" height=\"193\" \/> A abordagem da Prefeitura a esta situa\u00e7\u00e3o, tomando um espa\u00e7o que tinha anteriormente abandonado e que no qual j\u00e1 foi dada uma poderosa fun\u00e7\u00e3o social pelo GASCO, foi realizado com zero de participa\u00e7\u00e3o, nenhuma tentativa de ouvir ou conversar com moradores da comunidade. Tamb\u00e9m n\u00e3o houve tentativa de levar em conta as implica\u00e7\u00f5es de suas a\u00e7\u00f5es, pelas quais organiza\u00e7\u00f5es comunit\u00e1rias de base est\u00e3o agora se sentindo amea\u00e7ado por um programa que deveria apoi\u00e1-los. Como resultado, apesar do papel potencial positivo da chegada da UPP e do setor p\u00fablico poder desempenhar a\u00e7\u00f5es na comunidade, uma organiza\u00e7\u00e3o comunit\u00e1ria e uma l\u00edderen\u00e7a da comunidade firme est\u00e1 sem alternativa a n\u00e3o ser lutar para garantir a sobreviv\u00eancia do GASCO uma solu\u00e7\u00e3o social criada por iniciativa pr\u00f3pria e um programa que j\u00e1 est\u00e1 comprovadamente beneficiando a comunidade.<\/p>\n<!-- AddThis Advanced Settings generic via filter on the_content --><!-- AddThis Share Buttons generic via filter on the_content -->","protected":false},"excerpt":{"rendered":"<div class=\"mh-excerpt\"><p>Click Here for English Ao chegar em cima do Vidigal, uma das mais belas vistas de favelas da Zona Sul do Rio de Janeiro, em um moto-t\u00e1xi no s\u00e1bado n\u00e3o pude deixar de notar, a <a class=\"mh-excerpt-more\" href=\"https:\/\/rioonwatch.org.br\/?p=2652\" title=\"Despejo de ONG Comunit\u00e1ria Ap\u00f3s a &#8220;Pacifica\u00e7\u00e3o&#8221; do Vidigal\">[&#8230;]<\/a><!-- AddThis Advanced Settings generic via filter on get_the_excerpt --><!-- AddThis Share Buttons generic via filter on get_the_excerpt --><\/p>\n<\/div>","protected":false},"author":129,"featured_media":2663,"comment_status":"open","ping_status":"closed","sticky":false,"template":"","format":"standard","meta":{"_acf_changed":false,"_monsterinsights_skip_tracking":false,"_monsterinsights_sitenote_active":false,"_monsterinsights_sitenote_note":"","_monsterinsights_sitenote_category":0,"footnotes":""},"categories":[1617,1618,1614,346,344,1620],"tags":[395,358,356,359,14,16,92,353,354],"writer":[352],"translator":[273],"source":[],"ilustrador":[],"fotografo":[],"class_list":{"0":"post-2652","1":"post","2":"type-post","3":"status-publish","4":"format-standard","5":"has-post-thumbnail","7":"category-olhonagentrificacao","8":"category-olhonaparticipacao","9":"category-olhonasremocoes","10":"category-denuncias","11":"category-politicas","12":"category-olhonaupp","13":"tag-gentrificacao-remocao-branca","14":"tag-organizacao-comunitaria","15":"tag-pacificacao","16":"tag-participacao-zero","17":"tag-remocao","18":"tag-rocinha","19":"tag-upp","20":"tag-upp-social","21":"tag-vidigal","22":"writer-maria-mancinelli","23":"translator-roseli-franco"},"acf":[],"yoast_head":"<!-- This site is optimized with the Yoast SEO plugin v25.6 - https:\/\/yoast.com\/wordpress\/plugins\/seo\/ -->\n<title>Despejo de ONG Comunit\u00e1ria Ap\u00f3s a &quot;Pacifica\u00e7\u00e3o&quot; do Vidigal - RioOnWatch<\/title>\n<meta name=\"robots\" content=\"index, follow, max-snippet:-1, max-image-preview:large, max-video-preview:-1\" \/>\n<link rel=\"canonical\" href=\"https:\/\/rioonwatch.org.br\/?p=2652\" \/>\n<meta property=\"og:locale\" content=\"pt_BR\" \/>\n<meta property=\"og:type\" content=\"article\" \/>\n<meta property=\"og:title\" content=\"Despejo de ONG Comunit\u00e1ria Ap\u00f3s a &quot;Pacifica\u00e7\u00e3o&quot; do Vidigal - RioOnWatch\" \/>\n<meta property=\"og:description\" content=\"Click Here for English Ao chegar em cima do Vidigal, uma das mais belas vistas de favelas da Zona Sul do Rio de Janeiro, em um moto-t\u00e1xi no s\u00e1bado n\u00e3o pude deixar de notar, a [...]\" \/>\n<meta property=\"og:url\" content=\"https:\/\/rioonwatch.org.br\/?p=2652\" \/>\n<meta property=\"og:site_name\" content=\"RioOnWatch\" \/>\n<meta property=\"article:published_time\" content=\"2011-12-02T15:25:00+00:00\" \/>\n<meta property=\"article:modified_time\" content=\"2016-05-26T14:15:49+00:00\" \/>\n<meta property=\"og:image\" content=\"https:\/\/rioonwatch.org.br\/wp-content\/uploads\/2011\/12\/Boy.jpg\" \/>\n\t<meta property=\"og:image:width\" content=\"300\" \/>\n\t<meta property=\"og:image:height\" content=\"211\" \/>\n\t<meta property=\"og:image:type\" content=\"image\/jpeg\" \/>\n<meta name=\"author\" content=\"Admin\" \/>\n<meta name=\"twitter:card\" content=\"summary_large_image\" \/>\n<meta name=\"twitter:label1\" content=\"Escrito por\" \/>\n\t<meta name=\"twitter:data1\" content=\"Admin\" \/>\n\t<meta name=\"twitter:label2\" content=\"Est. tempo de leitura\" \/>\n\t<meta name=\"twitter:data2\" content=\"8 minutos\" \/>\n<script type=\"application\/ld+json\" class=\"yoast-schema-graph\">{\"@context\":\"https:\/\/schema.org\",\"@graph\":[{\"@type\":\"Article\",\"@id\":\"https:\/\/rioonwatch.org.br\/?p=2652#article\",\"isPartOf\":{\"@id\":\"https:\/\/rioonwatch.org.br\/?p=2652\"},\"author\":{\"name\":\"Admin\",\"@id\":\"https:\/\/rioonwatch.org.br\/#\/schema\/person\/11d64c290506f9df50c71b850c473f68\"},\"headline\":\"Despejo de ONG Comunit\u00e1ria Ap\u00f3s a &#8220;Pacifica\u00e7\u00e3o&#8221; do Vidigal\",\"datePublished\":\"2011-12-02T15:25:00+00:00\",\"dateModified\":\"2016-05-26T14:15:49+00:00\",\"mainEntityOfPage\":{\"@id\":\"https:\/\/rioonwatch.org.br\/?p=2652\"},\"wordCount\":1596,\"commentCount\":0,\"publisher\":{\"@id\":\"https:\/\/rioonwatch.org.br\/#organization\"},\"image\":{\"@id\":\"https:\/\/rioonwatch.org.br\/?p=2652#primaryimage\"},\"thumbnailUrl\":\"https:\/\/rioonwatch.org.br\/wp-content\/uploads\/2011\/12\/Boy.jpg\",\"keywords\":[\"gentrifica\u00e7\u00e3o\",\"organiza\u00e7\u00e3o comunit\u00e1ria\",\"pacifica\u00e7\u00e3o\",\"participa\u00e7\u00e3o zero\",\"Remo\u00e7\u00e3o\",\"Rocinha\",\"UPP\",\"UPP Social\",\"Vidigal\"],\"articleSection\":[\"#OlhoNaGentrifica\u00e7\u00e3o\",\"#OlhoNaParticipa\u00e7\u00e3o\",\"#OlhoNasRemo\u00e7\u00f5es\",\"Den\u00fancias\",\"Pol\u00edticas\",\"Seguran\u00e7a P\u00fablica\"],\"inLanguage\":\"pt-BR\",\"potentialAction\":[{\"@type\":\"CommentAction\",\"name\":\"Comment\",\"target\":[\"https:\/\/rioonwatch.org.br\/?p=2652#respond\"]}]},{\"@type\":\"WebPage\",\"@id\":\"https:\/\/rioonwatch.org.br\/?p=2652\",\"url\":\"https:\/\/rioonwatch.org.br\/?p=2652\",\"name\":\"Despejo de ONG Comunit\u00e1ria Ap\u00f3s a \\\"Pacifica\u00e7\u00e3o\\\" do Vidigal - RioOnWatch\",\"isPartOf\":{\"@id\":\"https:\/\/rioonwatch.org.br\/#website\"},\"primaryImageOfPage\":{\"@id\":\"https:\/\/rioonwatch.org.br\/?p=2652#primaryimage\"},\"image\":{\"@id\":\"https:\/\/rioonwatch.org.br\/?p=2652#primaryimage\"},\"thumbnailUrl\":\"https:\/\/rioonwatch.org.br\/wp-content\/uploads\/2011\/12\/Boy.jpg\",\"datePublished\":\"2011-12-02T15:25:00+00:00\",\"dateModified\":\"2016-05-26T14:15:49+00:00\",\"breadcrumb\":{\"@id\":\"https:\/\/rioonwatch.org.br\/?p=2652#breadcrumb\"},\"inLanguage\":\"pt-BR\",\"potentialAction\":[{\"@type\":\"ReadAction\",\"target\":[\"https:\/\/rioonwatch.org.br\/?p=2652\"]}]},{\"@type\":\"ImageObject\",\"inLanguage\":\"pt-BR\",\"@id\":\"https:\/\/rioonwatch.org.br\/?p=2652#primaryimage\",\"url\":\"https:\/\/rioonwatch.org.br\/wp-content\/uploads\/2011\/12\/Boy.jpg\",\"contentUrl\":\"https:\/\/rioonwatch.org.br\/wp-content\/uploads\/2011\/12\/Boy.jpg\",\"width\":300,\"height\":211},{\"@type\":\"BreadcrumbList\",\"@id\":\"https:\/\/rioonwatch.org.br\/?p=2652#breadcrumb\",\"itemListElement\":[{\"@type\":\"ListItem\",\"position\":1,\"name\":\"In\u00edcio\",\"item\":\"https:\/\/rioonwatch.org.br\/\"},{\"@type\":\"ListItem\",\"position\":2,\"name\":\"Despejo de ONG Comunit\u00e1ria Ap\u00f3s a &#8220;Pacifica\u00e7\u00e3o&#8221; do Vidigal\"}]},{\"@type\":\"WebSite\",\"@id\":\"https:\/\/rioonwatch.org.br\/#website\",\"url\":\"https:\/\/rioonwatch.org.br\/\",\"name\":\"RioOnWatch\",\"description\":\"relatos das favelas cariocas\",\"publisher\":{\"@id\":\"https:\/\/rioonwatch.org.br\/#organization\"},\"potentialAction\":[{\"@type\":\"SearchAction\",\"target\":{\"@type\":\"EntryPoint\",\"urlTemplate\":\"https:\/\/rioonwatch.org.br\/?s={search_term_string}\"},\"query-input\":{\"@type\":\"PropertyValueSpecification\",\"valueRequired\":true,\"valueName\":\"search_term_string\"}}],\"inLanguage\":\"pt-BR\"},{\"@type\":\"Organization\",\"@id\":\"https:\/\/rioonwatch.org.br\/#organization\",\"name\":\"RioOnWatch\",\"url\":\"https:\/\/rioonwatch.org.br\/\",\"logo\":{\"@type\":\"ImageObject\",\"inLanguage\":\"pt-BR\",\"@id\":\"https:\/\/rioonwatch.org.br\/#\/schema\/logo\/image\/\",\"url\":\"https:\/\/rioonwatch.org.br\/wp-content\/uploads\/2021\/06\/RioOnWatchcabecalhoPT11anos-2.png\",\"contentUrl\":\"https:\/\/rioonwatch.org.br\/wp-content\/uploads\/2021\/06\/RioOnWatchcabecalhoPT11anos-2.png\",\"width\":779,\"height\":277,\"caption\":\"RioOnWatch\"},\"image\":{\"@id\":\"https:\/\/rioonwatch.org.br\/#\/schema\/logo\/image\/\"}},{\"@type\":\"Person\",\"@id\":\"https:\/\/rioonwatch.org.br\/#\/schema\/person\/11d64c290506f9df50c71b850c473f68\",\"name\":\"Admin\",\"image\":{\"@type\":\"ImageObject\",\"inLanguage\":\"pt-BR\",\"@id\":\"https:\/\/rioonwatch.org.br\/#\/schema\/person\/image\/\",\"url\":\"https:\/\/secure.gravatar.com\/avatar\/56211ac74568383903349a1485e3c325?s=96&d=blank&r=g\",\"contentUrl\":\"https:\/\/secure.gravatar.com\/avatar\/56211ac74568383903349a1485e3c325?s=96&d=blank&r=g\",\"caption\":\"Admin\"},\"url\":\"https:\/\/rioonwatch.org.br\/?author=129\"}]}<\/script>\n<!-- \/ Yoast SEO plugin. -->","yoast_head_json":{"title":"Despejo de ONG Comunit\u00e1ria Ap\u00f3s a \"Pacifica\u00e7\u00e3o\" do Vidigal - RioOnWatch","robots":{"index":"index","follow":"follow","max-snippet":"max-snippet:-1","max-image-preview":"max-image-preview:large","max-video-preview":"max-video-preview:-1"},"canonical":"https:\/\/rioonwatch.org.br\/?p=2652","og_locale":"pt_BR","og_type":"article","og_title":"Despejo de ONG Comunit\u00e1ria Ap\u00f3s a \"Pacifica\u00e7\u00e3o\" do Vidigal - RioOnWatch","og_description":"Click Here for English Ao chegar em cima do Vidigal, uma das mais belas vistas de favelas da Zona Sul do Rio de Janeiro, em um moto-t\u00e1xi no s\u00e1bado n\u00e3o pude deixar de notar, a [...]","og_url":"https:\/\/rioonwatch.org.br\/?p=2652","og_site_name":"RioOnWatch","article_published_time":"2011-12-02T15:25:00+00:00","article_modified_time":"2016-05-26T14:15:49+00:00","og_image":[{"width":300,"height":211,"url":"https:\/\/rioonwatch.org.br\/wp-content\/uploads\/2011\/12\/Boy.jpg","type":"image\/jpeg"}],"author":"Admin","twitter_card":"summary_large_image","twitter_misc":{"Escrito por":"Admin","Est. tempo de leitura":"8 minutos"},"schema":{"@context":"https:\/\/schema.org","@graph":[{"@type":"Article","@id":"https:\/\/rioonwatch.org.br\/?p=2652#article","isPartOf":{"@id":"https:\/\/rioonwatch.org.br\/?p=2652"},"author":{"name":"Admin","@id":"https:\/\/rioonwatch.org.br\/#\/schema\/person\/11d64c290506f9df50c71b850c473f68"},"headline":"Despejo de ONG Comunit\u00e1ria Ap\u00f3s a &#8220;Pacifica\u00e7\u00e3o&#8221; do Vidigal","datePublished":"2011-12-02T15:25:00+00:00","dateModified":"2016-05-26T14:15:49+00:00","mainEntityOfPage":{"@id":"https:\/\/rioonwatch.org.br\/?p=2652"},"wordCount":1596,"commentCount":0,"publisher":{"@id":"https:\/\/rioonwatch.org.br\/#organization"},"image":{"@id":"https:\/\/rioonwatch.org.br\/?p=2652#primaryimage"},"thumbnailUrl":"https:\/\/rioonwatch.org.br\/wp-content\/uploads\/2011\/12\/Boy.jpg","keywords":["gentrifica\u00e7\u00e3o","organiza\u00e7\u00e3o comunit\u00e1ria","pacifica\u00e7\u00e3o","participa\u00e7\u00e3o zero","Remo\u00e7\u00e3o","Rocinha","UPP","UPP Social","Vidigal"],"articleSection":["#OlhoNaGentrifica\u00e7\u00e3o","#OlhoNaParticipa\u00e7\u00e3o","#OlhoNasRemo\u00e7\u00f5es","Den\u00fancias","Pol\u00edticas","Seguran\u00e7a P\u00fablica"],"inLanguage":"pt-BR","potentialAction":[{"@type":"CommentAction","name":"Comment","target":["https:\/\/rioonwatch.org.br\/?p=2652#respond"]}]},{"@type":"WebPage","@id":"https:\/\/rioonwatch.org.br\/?p=2652","url":"https:\/\/rioonwatch.org.br\/?p=2652","name":"Despejo de ONG Comunit\u00e1ria Ap\u00f3s a \"Pacifica\u00e7\u00e3o\" do Vidigal - RioOnWatch","isPartOf":{"@id":"https:\/\/rioonwatch.org.br\/#website"},"primaryImageOfPage":{"@id":"https:\/\/rioonwatch.org.br\/?p=2652#primaryimage"},"image":{"@id":"https:\/\/rioonwatch.org.br\/?p=2652#primaryimage"},"thumbnailUrl":"https:\/\/rioonwatch.org.br\/wp-content\/uploads\/2011\/12\/Boy.jpg","datePublished":"2011-12-02T15:25:00+00:00","dateModified":"2016-05-26T14:15:49+00:00","breadcrumb":{"@id":"https:\/\/rioonwatch.org.br\/?p=2652#breadcrumb"},"inLanguage":"pt-BR","potentialAction":[{"@type":"ReadAction","target":["https:\/\/rioonwatch.org.br\/?p=2652"]}]},{"@type":"ImageObject","inLanguage":"pt-BR","@id":"https:\/\/rioonwatch.org.br\/?p=2652#primaryimage","url":"https:\/\/rioonwatch.org.br\/wp-content\/uploads\/2011\/12\/Boy.jpg","contentUrl":"https:\/\/rioonwatch.org.br\/wp-content\/uploads\/2011\/12\/Boy.jpg","width":300,"height":211},{"@type":"BreadcrumbList","@id":"https:\/\/rioonwatch.org.br\/?p=2652#breadcrumb","itemListElement":[{"@type":"ListItem","position":1,"name":"In\u00edcio","item":"https:\/\/rioonwatch.org.br\/"},{"@type":"ListItem","position":2,"name":"Despejo de ONG Comunit\u00e1ria Ap\u00f3s a &#8220;Pacifica\u00e7\u00e3o&#8221; do Vidigal"}]},{"@type":"WebSite","@id":"https:\/\/rioonwatch.org.br\/#website","url":"https:\/\/rioonwatch.org.br\/","name":"RioOnWatch","description":"relatos das favelas cariocas","publisher":{"@id":"https:\/\/rioonwatch.org.br\/#organization"},"potentialAction":[{"@type":"SearchAction","target":{"@type":"EntryPoint","urlTemplate":"https:\/\/rioonwatch.org.br\/?s={search_term_string}"},"query-input":{"@type":"PropertyValueSpecification","valueRequired":true,"valueName":"search_term_string"}}],"inLanguage":"pt-BR"},{"@type":"Organization","@id":"https:\/\/rioonwatch.org.br\/#organization","name":"RioOnWatch","url":"https:\/\/rioonwatch.org.br\/","logo":{"@type":"ImageObject","inLanguage":"pt-BR","@id":"https:\/\/rioonwatch.org.br\/#\/schema\/logo\/image\/","url":"https:\/\/rioonwatch.org.br\/wp-content\/uploads\/2021\/06\/RioOnWatchcabecalhoPT11anos-2.png","contentUrl":"https:\/\/rioonwatch.org.br\/wp-content\/uploads\/2021\/06\/RioOnWatchcabecalhoPT11anos-2.png","width":779,"height":277,"caption":"RioOnWatch"},"image":{"@id":"https:\/\/rioonwatch.org.br\/#\/schema\/logo\/image\/"}},{"@type":"Person","@id":"https:\/\/rioonwatch.org.br\/#\/schema\/person\/11d64c290506f9df50c71b850c473f68","name":"Admin","image":{"@type":"ImageObject","inLanguage":"pt-BR","@id":"https:\/\/rioonwatch.org.br\/#\/schema\/person\/image\/","url":"https:\/\/secure.gravatar.com\/avatar\/56211ac74568383903349a1485e3c325?s=96&d=blank&r=g","contentUrl":"https:\/\/secure.gravatar.com\/avatar\/56211ac74568383903349a1485e3c325?s=96&d=blank&r=g","caption":"Admin"},"url":"https:\/\/rioonwatch.org.br\/?author=129"}]}},"_links":{"self":[{"href":"https:\/\/rioonwatch.org.br\/index.php?rest_route=\/wp\/v2\/posts\/2652"}],"collection":[{"href":"https:\/\/rioonwatch.org.br\/index.php?rest_route=\/wp\/v2\/posts"}],"about":[{"href":"https:\/\/rioonwatch.org.br\/index.php?rest_route=\/wp\/v2\/types\/post"}],"author":[{"embeddable":true,"href":"https:\/\/rioonwatch.org.br\/index.php?rest_route=\/wp\/v2\/users\/129"}],"replies":[{"embeddable":true,"href":"https:\/\/rioonwatch.org.br\/index.php?rest_route=%2Fwp%2Fv2%2Fcomments&post=2652"}],"version-history":[{"count":24,"href":"https:\/\/rioonwatch.org.br\/index.php?rest_route=\/wp\/v2\/posts\/2652\/revisions"}],"predecessor-version":[{"id":20020,"href":"https:\/\/rioonwatch.org.br\/index.php?rest_route=\/wp\/v2\/posts\/2652\/revisions\/20020"}],"wp:featuredmedia":[{"embeddable":true,"href":"https:\/\/rioonwatch.org.br\/index.php?rest_route=\/wp\/v2\/media\/2663"}],"wp:attachment":[{"href":"https:\/\/rioonwatch.org.br\/index.php?rest_route=%2Fwp%2Fv2%2Fmedia&parent=2652"}],"wp:term":[{"taxonomy":"category","embeddable":true,"href":"https:\/\/rioonwatch.org.br\/index.php?rest_route=%2Fwp%2Fv2%2Fcategories&post=2652"},{"taxonomy":"post_tag","embeddable":true,"href":"https:\/\/rioonwatch.org.br\/index.php?rest_route=%2Fwp%2Fv2%2Ftags&post=2652"},{"taxonomy":"writer","embeddable":true,"href":"https:\/\/rioonwatch.org.br\/index.php?rest_route=%2Fwp%2Fv2%2Fwriter&post=2652"},{"taxonomy":"translator","embeddable":true,"href":"https:\/\/rioonwatch.org.br\/index.php?rest_route=%2Fwp%2Fv2%2Ftranslator&post=2652"},{"taxonomy":"source","embeddable":true,"href":"https:\/\/rioonwatch.org.br\/index.php?rest_route=%2Fwp%2Fv2%2Fsource&post=2652"},{"taxonomy":"ilustrador","embeddable":true,"href":"https:\/\/rioonwatch.org.br\/index.php?rest_route=%2Fwp%2Fv2%2Filustrador&post=2652"},{"taxonomy":"fotografo","embeddable":true,"href":"https:\/\/rioonwatch.org.br\/index.php?rest_route=%2Fwp%2Fv2%2Ffotografo&post=2652"}],"curies":[{"name":"wp","href":"https:\/\/api.w.org\/{rel}","templated":true}]}}