{"id":26539,"date":"2017-06-28T08:04:16","date_gmt":"2017-06-28T11:04:16","guid":{"rendered":"http:\/\/rioonwatch.org.br\/?p=26539"},"modified":"2017-06-29T08:37:07","modified_gmt":"2017-06-29T11:37:07","slug":"coletivo-papo-reto-cria-calendarios-de-tiros-e-de-celebracoes-em-resposta-a-violencia-policial","status":"publish","type":"post","link":"https:\/\/rioonwatch.org.br\/?p=26539","title":{"rendered":"Coletivo Papo Reto Cria Calend\u00e1rios de Tiros e de Celebra\u00e7\u00f5es em Resposta \u00e0 Viol\u00eancia Policial"},"content":{"rendered":"<p style=\"text-align: right;\"><em><strong><a href=\"http:\/\/bit.ly\/2tcdEXX\" target=\"_blank\" rel=\"noopener noreferrer\">Click Here for English<img decoding=\"async\" width=\"20\" height=\"20\" class=\"alignright wp-image-15790\" src=\"http:\/\/rioonwatch.org.br\/wp-content\/uploads\/2012\/08\/EN-standard-e1439583104716.jpg\" alt=\"\" \/><\/a><\/strong><\/em><\/p>\n<p><span style=\"font-weight: 400;\">No dia 2 de junho, o <a href=\"http:\/\/bit.ly\/1CLd514\" target=\"_blank\" rel=\"noopener noreferrer\">Coletivo Papo Reto<\/a>, um <a href=\"http:\/\/bit.ly\/2afsPlR\" target=\"_blank\" rel=\"noopener\">coletivo de comunica\u00e7\u00e3o independente<\/a>\u00a0do\u00a0<a href=\"http:\/\/bit.ly\/U0MiGm\" target=\"_blank\" rel=\"noopener noreferrer\">Complexo do Alem\u00e3o<\/a>, <a href=\"http:\/\/bit.ly\/WximDf\" target=\"_blank\" rel=\"noopener\">Zona Norte<\/a> do Rio, inaugurou dois calend\u00e1rios de resist\u00eancia complementares, como uma resposta \u00e0 forte viol\u00eancia policial vivenciada diariamente pela comunidade.<\/span><\/p>\n<p><span style=\"font-weight: 400;\">O primeiro, intitulado <a href=\"http:\/\/bit.ly\/2scha2C\" target=\"_blank\" rel=\"noopener noreferrer\">Calend\u00e1rio dos Tiros<\/a>, marca todos os dias em que tiros disparados por policiais s\u00e3o ouvidos por moradores da comunidade. A frequ\u00eancia com que os tiros s\u00e3o disparados \u00e9 um importante indicador do n\u00edvel de viol\u00eancia vivido na favela, e o calend\u00e1rio, marcado quase que totalmente por cruzes vermelhas no m\u00eas de maio (somente 10 dias do m\u00eas foram deixados em branco, indicando que n\u00e3o foram ouvidos tiros), deixa clara a realidade enfrentada diariamente pelos moradores do Alem\u00e3o.<\/span><\/p>\n<p><a href=\"http:\/\/rioonwatch.org.br\/wp-content\/uploads\/2017\/06\/Tiros-em-maio.jpg\"><img fetchpriority=\"high\" decoding=\"async\" class=\"aligncenter wp-image-26517 size-content\" title=\"Os tiroteios da pol\u00edcia ouvidos no Alem\u00e3o no m\u00eas de maio.\" src=\"http:\/\/rioonwatch.org.br\/wp-content\/uploads\/2017\/06\/Tiros-em-maio-620x264.jpg\" alt=\"\" width=\"620\" height=\"264\" \/><\/a><\/p>\n<p><span style=\"font-weight: 400;\">O segundo calend\u00e1rio, nomeado de <a href=\"http:\/\/bit.ly\/2scjXch\" target=\"_blank\" rel=\"noopener\">Dias de Celebra\u00e7\u00e3o<\/a>, foi criado para celebrar \u201ciniciativas que constroem um Complexo do Alem\u00e3o cheio de esporte, lazer promo\u00e7\u00e3o da sa\u00fade e pequenos e grandes avan\u00e7os na luta pela garantia de direitos!\u201d. Este calend\u00e1rio destaca e celebra os sucessos di\u00e1rios na constru\u00e7\u00e3o da comunidade e na luta pela dignidade, apesar dos moradores serem for\u00e7ados a viver em situa\u00e7\u00e3o de constante conflito em raz\u00e3o da viol\u00eancia policial.<\/span><\/p>\n<p><span style=\"font-weight: 400;\">Os calend\u00e1rios se complementam, mostrando como moradores respondem e resistem \u00e0 <a href=\"http:\/\/bit.ly\/1mtYvXK\" target=\"_blank\" rel=\"noopener\">ocupa\u00e7\u00e3o da Pol\u00edcia Militar<\/a> que <a href=\"https:\/\/glo.bo\/2misHuC\" target=\"_blank\" rel=\"noopener\">aterroriza a comunidade<\/a>. O m\u00eas de maio foi particularmente importante porque, depois de muita luta e persist\u00eancia, foi concedida a aprova\u00e7\u00e3o oficial para estabelecer a &#8220;Semana Estadual de Luta das M\u00e3es e familiares V\u00edtimas da Viol\u00eancia do Estado&#8221;. \u00a0<\/span><\/p>\n<p><a href=\"http:\/\/rioonwatch.org.br\/wp-content\/uploads\/2017\/06\/Celebration-days.jpg\"><img decoding=\"async\" class=\"aligncenter wp-image-26518 size-content\" title=\"Eventos comemorativos de maio na comunidade\" src=\"http:\/\/rioonwatch.org.br\/wp-content\/uploads\/2017\/06\/Celebration-days-620x264.jpg\" alt=\"\" width=\"620\" height=\"264\" \/><\/a><\/p>\n<p><span style=\"font-weight: 400;\">Juntamente com eventos relativos a filmes e poesia, os dias de celebra\u00e7\u00e3o incluem: o dia em que a <a href=\"http:\/\/bit.ly\/1kcl02n\" target=\"_blank\" rel=\"noopener\">Defensoria P\u00fablica<\/a>\u00a0pediu \u00e0 Justi\u00e7a que intimasse a <a href=\"http:\/\/bit.ly\/2oSIhuT\" target=\"_blank\" rel=\"noopener\">Policia Militar a desocupar casas<\/a> invadidas na <a href=\"http:\/\/bit.ly\/2thx0dj\" target=\"_blank\" rel=\"noopener noreferrer\">Pra\u00e7a do Samba<\/a>; o dia em que a plataforma <a href=\"http:\/\/bit.ly\/2r3Oruv\" target=\"_blank\" rel=\"noopener noreferrer\">VivosEmN\u00f3s<\/a>\u00a0foi criada&#8211;essa plataforma usa a mem\u00f3ria como ferramenta de mobiliza\u00e7\u00e3o contra o alto \u00edndice de homic\u00eddios na Am\u00e9rica Latina; e ainda, o dia em que a Corte Interamericana de Direitos Humanos <a href=\"http:\/\/VivosEmN\u00f3s\" target=\"_blank\" rel=\"noopener\">condenou o Brasil por viola\u00e7\u00e3o dos direitos de moradores de favelas<\/a>, durante incurs\u00f5es policiais de massa na favela de Nova Bras\u00edlia em 1994 e 1995.<\/span><\/p>\n<p><span style=\"font-weight: 400;\">Um calend\u00e1rio mais detalhado ser\u00e1 divulgado em breve tanto no blog como no <a href=\"http:\/\/bit.ly\/1OFTvwT\" target=\"_blank\" rel=\"noopener noreferrer\">website<\/a>\u00a0do Coletivo Papo Reto. A longa e <a href=\"http:\/\/bit.ly\/2tiYm2S\" target=\"_blank\" rel=\"noopener\">dif\u00edcil luta da comunidade do Alem\u00e3o contra a brutal ocupa\u00e7\u00e3o do Ex\u00e9rcito e da Pol\u00edcia Militar<\/a> v\u00eam sendo extensivamente documentada <a href=\"http:\/\/on.fb.me\/1QuH6gN\" target=\"_blank\" rel=\"noopener\">pelo coletivo em sua p\u00e1gina no Facebook<\/a>, em seu <a href=\"http:\/\/bit.ly\/1KeWagw\" target=\"_blank\" rel=\"noopener\">canal do YouTube<\/a> e outras plataformas.\u00a0<\/span><span style=\"font-weight: 400;\">O Coletivo Papo Reto <a href=\"http:\/\/bit.ly\/2afsPlR\" target=\"_blank\" rel=\"noopener\">usa uma estrat\u00e9gia de \u201cm\u00eddia de guerrilha\u201d para a comunica\u00e7\u00e3o<\/a>, assumindo um papel inestim\u00e1vel e <a href=\"http:\/\/nyti.ms\/2pqGAsC\" target=\"_blank\" rel=\"noopener\">mundialmente reconhecido<\/a>\u00a0por documentar a experi\u00eancia dos moradores e pelo combate \u00e0 injusti\u00e7a. Membros do Coletivo Papo Reto nos informaram que organizadores de outras favelas j\u00e1 entraram em contato pedindo dicas para lan\u00e7ar seus pr\u00f3prios calend\u00e1rios de Tiros e de Celebra\u00e7\u00e3o.<\/span><\/p>\n<p><a href=\"http:\/\/rioonwatch.org.br\/wp-content\/uploads\/2017\/06\/Alemao.jpg\"><img loading=\"lazy\" decoding=\"async\" class=\"aligncenter wp-image-26515 size-medium\" title=\"Alem\u00e3o visto do telef\u00e9rico, que deixou de funcionar em 2016.\" src=\"http:\/\/rioonwatch.org.br\/wp-content\/uploads\/2017\/06\/Alemao-620x620.jpg\" alt=\"\" width=\"620\" height=\"620\" srcset=\"https:\/\/rioonwatch.org.br\/wp-content\/uploads\/2017\/06\/Alemao-620x620.jpg 620w, https:\/\/rioonwatch.org.br\/wp-content\/uploads\/2017\/06\/Alemao-629x629.jpg 629w, https:\/\/rioonwatch.org.br\/wp-content\/uploads\/2017\/06\/Alemao.jpg 720w\" sizes=\"(max-width: 620px) 100vw, 620px\" \/><\/a><\/p>\n<!-- AddThis Advanced Settings generic via filter on the_content --><!-- AddThis Share Buttons generic via filter on the_content -->","protected":false},"excerpt":{"rendered":"<div class=\"mh-excerpt\"><p>Click Here for English No dia 2 de junho, o Coletivo Papo Reto, um coletivo de comunica\u00e7\u00e3o independente\u00a0do\u00a0Complexo do Alem\u00e3o, Zona Norte do Rio, inaugurou dois calend\u00e1rios de resist\u00eancia complementares, como uma resposta \u00e0 forte <a class=\"mh-excerpt-more\" href=\"https:\/\/rioonwatch.org.br\/?p=26539\" title=\"Coletivo Papo Reto Cria Calend\u00e1rios de Tiros e de Celebra\u00e7\u00f5es em Resposta \u00e0 Viol\u00eancia Policial\">[&#8230;]<\/a><!-- AddThis Advanced Settings generic via filter on get_the_excerpt --><!-- AddThis Share Buttons generic via filter on get_the_excerpt --><\/p>\n<\/div>","protected":false},"author":3,"featured_media":26515,"comment_status":"closed","ping_status":"closed","sticky":false,"template":"","format":"standard","meta":{"_acf_changed":false,"_monsterinsights_skip_tracking":false,"_monsterinsights_sitenote_active":false,"_monsterinsights_sitenote_note":"","_monsterinsights_sitenote_category":0,"footnotes":""},"categories":[1621,1627,1626,1613,1616,1612,342],"tags":[948,217,1530,1418,379,1108,358,774,432,476,92,52,1144,218],"writer":[2129],"translator":[1959],"source":[],"ilustrador":[],"fotografo":[],"class_list":{"0":"post-26539","1":"post","2":"type-post","3":"status-publish","4":"format-standard","5":"has-post-thumbnail","7":"category-destaque","8":"category-relato-de-evento","9":"category-por-observadores-internacionais","10":"category-midia-comunitaria","11":"category-qualidades-da-favela","12":"category-sociedade-civil","13":"category-solucoes","14":"tag-coletivo","15":"tag-complexo-do-alemao","16":"tag-midia-comunitaria","17":"tag-coletivo-papo-reto","18":"tag-midia-social","19":"tag-ocupacao-militar","20":"tag-organizacao-comunitaria","21":"tag-policia-militar","22":"tag-resistencia","23":"tag-solucao-comunitaria","24":"tag-upp","25":"tag-violencia-policial","26":"tag-violencia-urbana","27":"tag-zona-norte","28":"writer-chloe-villalobos","29":"translator-paula-varajao"},"acf":[],"yoast_head":"<!-- This site is optimized with the Yoast SEO plugin v25.6 - https:\/\/yoast.com\/wordpress\/plugins\/seo\/ -->\n<title>Coletivo Papo Reto Cria Calend\u00e1rios de Tiros e de Celebra\u00e7\u00f5es em Resposta \u00e0 Viol\u00eancia Policial - RioOnWatch<\/title>\n<meta name=\"robots\" content=\"index, follow, max-snippet:-1, max-image-preview:large, max-video-preview:-1\" \/>\n<link rel=\"canonical\" href=\"https:\/\/rioonwatch.org.br\/?p=26539\" \/>\n<meta property=\"og:locale\" content=\"pt_BR\" \/>\n<meta property=\"og:type\" content=\"article\" \/>\n<meta property=\"og:title\" content=\"Coletivo Papo Reto Cria Calend\u00e1rios de Tiros e de Celebra\u00e7\u00f5es em Resposta \u00e0 Viol\u00eancia Policial - RioOnWatch\" \/>\n<meta property=\"og:description\" content=\"Click Here for English No dia 2 de junho, o Coletivo Papo Reto, um coletivo de comunica\u00e7\u00e3o independente\u00a0do\u00a0Complexo do Alem\u00e3o, Zona Norte do Rio, inaugurou dois calend\u00e1rios de resist\u00eancia complementares, como uma resposta \u00e0 forte [...]\" \/>\n<meta property=\"og:url\" content=\"https:\/\/rioonwatch.org.br\/?p=26539\" \/>\n<meta property=\"og:site_name\" content=\"RioOnWatch\" \/>\n<meta property=\"article:published_time\" content=\"2017-06-28T11:04:16+00:00\" \/>\n<meta property=\"article:modified_time\" content=\"2017-06-29T11:37:07+00:00\" \/>\n<meta property=\"og:image\" content=\"https:\/\/rioonwatch.org.br\/wp-content\/uploads\/2017\/06\/Alemao.jpg\" \/>\n\t<meta property=\"og:image:width\" content=\"720\" \/>\n\t<meta property=\"og:image:height\" content=\"720\" \/>\n\t<meta property=\"og:image:type\" content=\"image\/jpeg\" \/>\n<meta name=\"author\" content=\"Admin\" \/>\n<meta name=\"twitter:card\" content=\"summary_large_image\" \/>\n<meta name=\"twitter:label1\" content=\"Escrito por\" \/>\n\t<meta name=\"twitter:data1\" content=\"Admin\" \/>\n\t<meta name=\"twitter:label2\" content=\"Est. tempo de leitura\" \/>\n\t<meta name=\"twitter:data2\" content=\"3 minutos\" \/>\n<script type=\"application\/ld+json\" class=\"yoast-schema-graph\">{\"@context\":\"https:\/\/schema.org\",\"@graph\":[{\"@type\":\"Article\",\"@id\":\"https:\/\/rioonwatch.org.br\/?p=26539#article\",\"isPartOf\":{\"@id\":\"https:\/\/rioonwatch.org.br\/?p=26539\"},\"author\":{\"name\":\"Admin\",\"@id\":\"https:\/\/rioonwatch.org.br\/#\/schema\/person\/c6c09a0b56b38f0157a45b963ef3f269\"},\"headline\":\"Coletivo Papo Reto Cria Calend\u00e1rios de Tiros e de Celebra\u00e7\u00f5es em Resposta \u00e0 Viol\u00eancia Policial\",\"datePublished\":\"2017-06-28T11:04:16+00:00\",\"dateModified\":\"2017-06-29T11:37:07+00:00\",\"mainEntityOfPage\":{\"@id\":\"https:\/\/rioonwatch.org.br\/?p=26539\"},\"wordCount\":539,\"publisher\":{\"@id\":\"https:\/\/rioonwatch.org.br\/#organization\"},\"image\":{\"@id\":\"https:\/\/rioonwatch.org.br\/?p=26539#primaryimage\"},\"thumbnailUrl\":\"https:\/\/rioonwatch.org.br\/wp-content\/uploads\/2017\/06\/Alemao.jpg\",\"keywords\":[\"coletivo\",\"Complexo do Alem\u00e3o\",\"Comunica\u00e7\u00e3o Comunit\u00e1ria\",\"Instituto Papo Reto\",\"m\u00eddia social\",\"ocupa\u00e7\u00e3o militar\",\"organiza\u00e7\u00e3o comunit\u00e1ria\",\"Pol\u00edcia Militar\",\"resist\u00eancia\",\"solu\u00e7\u00e3o comunit\u00e1ria\",\"UPP\",\"viol\u00eancia policial\",\"viol\u00eancia urbana\",\"Zona Norte\"],\"articleSection\":[\"*Destaque\",\"Cobertura de Eventos\",\"Escrito por Aliados\",\"M\u00eddia Comunit\u00e1ria\",\"Qualidades da Favela\",\"Sociedade Civil\",\"Solu\u00e7\u00f5es\"],\"inLanguage\":\"pt-BR\"},{\"@type\":\"WebPage\",\"@id\":\"https:\/\/rioonwatch.org.br\/?p=26539\",\"url\":\"https:\/\/rioonwatch.org.br\/?p=26539\",\"name\":\"Coletivo Papo Reto Cria Calend\u00e1rios de Tiros e de Celebra\u00e7\u00f5es em Resposta \u00e0 Viol\u00eancia Policial - RioOnWatch\",\"isPartOf\":{\"@id\":\"https:\/\/rioonwatch.org.br\/#website\"},\"primaryImageOfPage\":{\"@id\":\"https:\/\/rioonwatch.org.br\/?p=26539#primaryimage\"},\"image\":{\"@id\":\"https:\/\/rioonwatch.org.br\/?p=26539#primaryimage\"},\"thumbnailUrl\":\"https:\/\/rioonwatch.org.br\/wp-content\/uploads\/2017\/06\/Alemao.jpg\",\"datePublished\":\"2017-06-28T11:04:16+00:00\",\"dateModified\":\"2017-06-29T11:37:07+00:00\",\"breadcrumb\":{\"@id\":\"https:\/\/rioonwatch.org.br\/?p=26539#breadcrumb\"},\"inLanguage\":\"pt-BR\",\"potentialAction\":[{\"@type\":\"ReadAction\",\"target\":[\"https:\/\/rioonwatch.org.br\/?p=26539\"]}]},{\"@type\":\"ImageObject\",\"inLanguage\":\"pt-BR\",\"@id\":\"https:\/\/rioonwatch.org.br\/?p=26539#primaryimage\",\"url\":\"https:\/\/rioonwatch.org.br\/wp-content\/uploads\/2017\/06\/Alemao.jpg\",\"contentUrl\":\"https:\/\/rioonwatch.org.br\/wp-content\/uploads\/2017\/06\/Alemao.jpg\",\"width\":720,\"height\":720},{\"@type\":\"BreadcrumbList\",\"@id\":\"https:\/\/rioonwatch.org.br\/?p=26539#breadcrumb\",\"itemListElement\":[{\"@type\":\"ListItem\",\"position\":1,\"name\":\"In\u00edcio\",\"item\":\"https:\/\/rioonwatch.org.br\/\"},{\"@type\":\"ListItem\",\"position\":2,\"name\":\"Coletivo Papo Reto Cria Calend\u00e1rios de Tiros e de Celebra\u00e7\u00f5es em Resposta \u00e0 Viol\u00eancia Policial\"}]},{\"@type\":\"WebSite\",\"@id\":\"https:\/\/rioonwatch.org.br\/#website\",\"url\":\"https:\/\/rioonwatch.org.br\/\",\"name\":\"RioOnWatch\",\"description\":\"relatos das favelas cariocas\",\"publisher\":{\"@id\":\"https:\/\/rioonwatch.org.br\/#organization\"},\"potentialAction\":[{\"@type\":\"SearchAction\",\"target\":{\"@type\":\"EntryPoint\",\"urlTemplate\":\"https:\/\/rioonwatch.org.br\/?s={search_term_string}\"},\"query-input\":{\"@type\":\"PropertyValueSpecification\",\"valueRequired\":true,\"valueName\":\"search_term_string\"}}],\"inLanguage\":\"pt-BR\"},{\"@type\":\"Organization\",\"@id\":\"https:\/\/rioonwatch.org.br\/#organization\",\"name\":\"RioOnWatch\",\"url\":\"https:\/\/rioonwatch.org.br\/\",\"logo\":{\"@type\":\"ImageObject\",\"inLanguage\":\"pt-BR\",\"@id\":\"https:\/\/rioonwatch.org.br\/#\/schema\/logo\/image\/\",\"url\":\"https:\/\/rioonwatch.org.br\/wp-content\/uploads\/2021\/06\/RioOnWatchcabecalhoPT11anos-2.png\",\"contentUrl\":\"https:\/\/rioonwatch.org.br\/wp-content\/uploads\/2021\/06\/RioOnWatchcabecalhoPT11anos-2.png\",\"width\":779,\"height\":277,\"caption\":\"RioOnWatch\"},\"image\":{\"@id\":\"https:\/\/rioonwatch.org.br\/#\/schema\/logo\/image\/\"}},{\"@type\":\"Person\",\"@id\":\"https:\/\/rioonwatch.org.br\/#\/schema\/person\/c6c09a0b56b38f0157a45b963ef3f269\",\"name\":\"Admin\",\"image\":{\"@type\":\"ImageObject\",\"inLanguage\":\"pt-BR\",\"@id\":\"https:\/\/rioonwatch.org.br\/#\/schema\/person\/image\/\",\"url\":\"https:\/\/secure.gravatar.com\/avatar\/da45c89efd4810dc70c16a5da3419806?s=96&d=blank&r=g\",\"contentUrl\":\"https:\/\/secure.gravatar.com\/avatar\/da45c89efd4810dc70c16a5da3419806?s=96&d=blank&r=g\",\"caption\":\"Admin\"},\"url\":\"https:\/\/rioonwatch.org.br\/?author=3\"}]}<\/script>\n<!-- \/ Yoast SEO plugin. -->","yoast_head_json":{"title":"Coletivo Papo Reto Cria Calend\u00e1rios de Tiros e de Celebra\u00e7\u00f5es em Resposta \u00e0 Viol\u00eancia Policial - RioOnWatch","robots":{"index":"index","follow":"follow","max-snippet":"max-snippet:-1","max-image-preview":"max-image-preview:large","max-video-preview":"max-video-preview:-1"},"canonical":"https:\/\/rioonwatch.org.br\/?p=26539","og_locale":"pt_BR","og_type":"article","og_title":"Coletivo Papo Reto Cria Calend\u00e1rios de Tiros e de Celebra\u00e7\u00f5es em Resposta \u00e0 Viol\u00eancia Policial - RioOnWatch","og_description":"Click Here for English No dia 2 de junho, o Coletivo Papo Reto, um coletivo de comunica\u00e7\u00e3o independente\u00a0do\u00a0Complexo do Alem\u00e3o, Zona Norte do Rio, inaugurou dois calend\u00e1rios de resist\u00eancia complementares, como uma resposta \u00e0 forte [...]","og_url":"https:\/\/rioonwatch.org.br\/?p=26539","og_site_name":"RioOnWatch","article_published_time":"2017-06-28T11:04:16+00:00","article_modified_time":"2017-06-29T11:37:07+00:00","og_image":[{"width":720,"height":720,"url":"https:\/\/rioonwatch.org.br\/wp-content\/uploads\/2017\/06\/Alemao.jpg","type":"image\/jpeg"}],"author":"Admin","twitter_card":"summary_large_image","twitter_misc":{"Escrito por":"Admin","Est. tempo de leitura":"3 minutos"},"schema":{"@context":"https:\/\/schema.org","@graph":[{"@type":"Article","@id":"https:\/\/rioonwatch.org.br\/?p=26539#article","isPartOf":{"@id":"https:\/\/rioonwatch.org.br\/?p=26539"},"author":{"name":"Admin","@id":"https:\/\/rioonwatch.org.br\/#\/schema\/person\/c6c09a0b56b38f0157a45b963ef3f269"},"headline":"Coletivo Papo Reto Cria Calend\u00e1rios de Tiros e de Celebra\u00e7\u00f5es em Resposta \u00e0 Viol\u00eancia Policial","datePublished":"2017-06-28T11:04:16+00:00","dateModified":"2017-06-29T11:37:07+00:00","mainEntityOfPage":{"@id":"https:\/\/rioonwatch.org.br\/?p=26539"},"wordCount":539,"publisher":{"@id":"https:\/\/rioonwatch.org.br\/#organization"},"image":{"@id":"https:\/\/rioonwatch.org.br\/?p=26539#primaryimage"},"thumbnailUrl":"https:\/\/rioonwatch.org.br\/wp-content\/uploads\/2017\/06\/Alemao.jpg","keywords":["coletivo","Complexo do Alem\u00e3o","Comunica\u00e7\u00e3o Comunit\u00e1ria","Instituto Papo Reto","m\u00eddia social","ocupa\u00e7\u00e3o militar","organiza\u00e7\u00e3o comunit\u00e1ria","Pol\u00edcia Militar","resist\u00eancia","solu\u00e7\u00e3o comunit\u00e1ria","UPP","viol\u00eancia policial","viol\u00eancia urbana","Zona Norte"],"articleSection":["*Destaque","Cobertura de Eventos","Escrito por Aliados","M\u00eddia Comunit\u00e1ria","Qualidades da Favela","Sociedade Civil","Solu\u00e7\u00f5es"],"inLanguage":"pt-BR"},{"@type":"WebPage","@id":"https:\/\/rioonwatch.org.br\/?p=26539","url":"https:\/\/rioonwatch.org.br\/?p=26539","name":"Coletivo Papo Reto Cria Calend\u00e1rios de Tiros e de Celebra\u00e7\u00f5es em Resposta \u00e0 Viol\u00eancia Policial - RioOnWatch","isPartOf":{"@id":"https:\/\/rioonwatch.org.br\/#website"},"primaryImageOfPage":{"@id":"https:\/\/rioonwatch.org.br\/?p=26539#primaryimage"},"image":{"@id":"https:\/\/rioonwatch.org.br\/?p=26539#primaryimage"},"thumbnailUrl":"https:\/\/rioonwatch.org.br\/wp-content\/uploads\/2017\/06\/Alemao.jpg","datePublished":"2017-06-28T11:04:16+00:00","dateModified":"2017-06-29T11:37:07+00:00","breadcrumb":{"@id":"https:\/\/rioonwatch.org.br\/?p=26539#breadcrumb"},"inLanguage":"pt-BR","potentialAction":[{"@type":"ReadAction","target":["https:\/\/rioonwatch.org.br\/?p=26539"]}]},{"@type":"ImageObject","inLanguage":"pt-BR","@id":"https:\/\/rioonwatch.org.br\/?p=26539#primaryimage","url":"https:\/\/rioonwatch.org.br\/wp-content\/uploads\/2017\/06\/Alemao.jpg","contentUrl":"https:\/\/rioonwatch.org.br\/wp-content\/uploads\/2017\/06\/Alemao.jpg","width":720,"height":720},{"@type":"BreadcrumbList","@id":"https:\/\/rioonwatch.org.br\/?p=26539#breadcrumb","itemListElement":[{"@type":"ListItem","position":1,"name":"In\u00edcio","item":"https:\/\/rioonwatch.org.br\/"},{"@type":"ListItem","position":2,"name":"Coletivo Papo Reto Cria Calend\u00e1rios de Tiros e de Celebra\u00e7\u00f5es em Resposta \u00e0 Viol\u00eancia Policial"}]},{"@type":"WebSite","@id":"https:\/\/rioonwatch.org.br\/#website","url":"https:\/\/rioonwatch.org.br\/","name":"RioOnWatch","description":"relatos das favelas cariocas","publisher":{"@id":"https:\/\/rioonwatch.org.br\/#organization"},"potentialAction":[{"@type":"SearchAction","target":{"@type":"EntryPoint","urlTemplate":"https:\/\/rioonwatch.org.br\/?s={search_term_string}"},"query-input":{"@type":"PropertyValueSpecification","valueRequired":true,"valueName":"search_term_string"}}],"inLanguage":"pt-BR"},{"@type":"Organization","@id":"https:\/\/rioonwatch.org.br\/#organization","name":"RioOnWatch","url":"https:\/\/rioonwatch.org.br\/","logo":{"@type":"ImageObject","inLanguage":"pt-BR","@id":"https:\/\/rioonwatch.org.br\/#\/schema\/logo\/image\/","url":"https:\/\/rioonwatch.org.br\/wp-content\/uploads\/2021\/06\/RioOnWatchcabecalhoPT11anos-2.png","contentUrl":"https:\/\/rioonwatch.org.br\/wp-content\/uploads\/2021\/06\/RioOnWatchcabecalhoPT11anos-2.png","width":779,"height":277,"caption":"RioOnWatch"},"image":{"@id":"https:\/\/rioonwatch.org.br\/#\/schema\/logo\/image\/"}},{"@type":"Person","@id":"https:\/\/rioonwatch.org.br\/#\/schema\/person\/c6c09a0b56b38f0157a45b963ef3f269","name":"Admin","image":{"@type":"ImageObject","inLanguage":"pt-BR","@id":"https:\/\/rioonwatch.org.br\/#\/schema\/person\/image\/","url":"https:\/\/secure.gravatar.com\/avatar\/da45c89efd4810dc70c16a5da3419806?s=96&d=blank&r=g","contentUrl":"https:\/\/secure.gravatar.com\/avatar\/da45c89efd4810dc70c16a5da3419806?s=96&d=blank&r=g","caption":"Admin"},"url":"https:\/\/rioonwatch.org.br\/?author=3"}]}},"_links":{"self":[{"href":"https:\/\/rioonwatch.org.br\/index.php?rest_route=\/wp\/v2\/posts\/26539"}],"collection":[{"href":"https:\/\/rioonwatch.org.br\/index.php?rest_route=\/wp\/v2\/posts"}],"about":[{"href":"https:\/\/rioonwatch.org.br\/index.php?rest_route=\/wp\/v2\/types\/post"}],"author":[{"embeddable":true,"href":"https:\/\/rioonwatch.org.br\/index.php?rest_route=\/wp\/v2\/users\/3"}],"replies":[{"embeddable":true,"href":"https:\/\/rioonwatch.org.br\/index.php?rest_route=%2Fwp%2Fv2%2Fcomments&post=26539"}],"version-history":[{"count":2,"href":"https:\/\/rioonwatch.org.br\/index.php?rest_route=\/wp\/v2\/posts\/26539\/revisions"}],"predecessor-version":[{"id":26541,"href":"https:\/\/rioonwatch.org.br\/index.php?rest_route=\/wp\/v2\/posts\/26539\/revisions\/26541"}],"wp:featuredmedia":[{"embeddable":true,"href":"https:\/\/rioonwatch.org.br\/index.php?rest_route=\/wp\/v2\/media\/26515"}],"wp:attachment":[{"href":"https:\/\/rioonwatch.org.br\/index.php?rest_route=%2Fwp%2Fv2%2Fmedia&parent=26539"}],"wp:term":[{"taxonomy":"category","embeddable":true,"href":"https:\/\/rioonwatch.org.br\/index.php?rest_route=%2Fwp%2Fv2%2Fcategories&post=26539"},{"taxonomy":"post_tag","embeddable":true,"href":"https:\/\/rioonwatch.org.br\/index.php?rest_route=%2Fwp%2Fv2%2Ftags&post=26539"},{"taxonomy":"writer","embeddable":true,"href":"https:\/\/rioonwatch.org.br\/index.php?rest_route=%2Fwp%2Fv2%2Fwriter&post=26539"},{"taxonomy":"translator","embeddable":true,"href":"https:\/\/rioonwatch.org.br\/index.php?rest_route=%2Fwp%2Fv2%2Ftranslator&post=26539"},{"taxonomy":"source","embeddable":true,"href":"https:\/\/rioonwatch.org.br\/index.php?rest_route=%2Fwp%2Fv2%2Fsource&post=26539"},{"taxonomy":"ilustrador","embeddable":true,"href":"https:\/\/rioonwatch.org.br\/index.php?rest_route=%2Fwp%2Fv2%2Filustrador&post=26539"},{"taxonomy":"fotografo","embeddable":true,"href":"https:\/\/rioonwatch.org.br\/index.php?rest_route=%2Fwp%2Fv2%2Ffotografo&post=26539"}],"curies":[{"name":"wp","href":"https:\/\/api.w.org\/{rel}","templated":true}]}}