{"id":26543,"date":"2017-06-29T08:36:45","date_gmt":"2017-06-29T11:36:45","guid":{"rendered":"http:\/\/rioonwatch.org.br\/?p=26543"},"modified":"2017-06-29T08:43:17","modified_gmt":"2017-06-29T11:43:17","slug":"biblioteca-comunitaria-no-alemao-busca-apoio-e-voluntarios","status":"publish","type":"post","link":"https:\/\/rioonwatch.org.br\/?p=26543","title":{"rendered":"Biblioteca Comunit\u00e1ria no Alem\u00e3o Busca Apoio e Volunt\u00e1rios"},"content":{"rendered":"<p style=\"text-align: right;\"><em><strong><a href=\"http:\/\/bit.ly\/2sdOW9D\" target=\"_blank\" rel=\"noopener noreferrer\">Click Here for English<img decoding=\"async\" width=\"20\" height=\"20\" class=\"alignright wp-image-15790\" src=\"http:\/\/rioonwatch.org.br\/wp-content\/uploads\/2012\/08\/EN-standard-e1439583104716.jpg\" alt=\"\" \/><\/a><\/strong><\/em><\/p>\n<p><span style=\"font-weight: 400;\"> &#8220;N\u00f3s sempre esperamos pela transforma\u00e7\u00e3o do nosso mundo, mas o mundo nunca ser\u00e1 transformado se n\u00e3o come\u00e7armos pela <\/span><a href=\"http:\/\/bit.ly\/1UTyUWE\" target=\"_blank\" rel=\"noopener\"><span style=\"font-weight: 400;\">mente dos jovens<\/span><\/a>.<span style=\"font-weight: 400;\">&#8221; Estas s\u00e3o as palavras que levam Paulo Cesar Avelino, um pastor do <\/span><a href=\"http:\/\/bit.ly\/U0MiGm\" target=\"_blank\" rel=\"noopener\"><span style=\"font-weight: 400;\">Complexo do Alem\u00e3o<\/span><\/a><span style=\"font-weight: 400;\">, a infundir seus projetos voltados para o desenvolvimento da juventude local com grande amor e cuidado. Paulo, agora com 55 anos de idade, cresceu no Alem\u00e3o e recorda com grande carinho a &#8220;paz e felicidade&#8221; que experimentou com a abund\u00e2ncia de &#8220;<\/span><a href=\"http:\/\/bit.ly\/1mAUeBN\" target=\"_blank\" rel=\"noopener\"><span style=\"font-weight: 400;\">espa\u00e7o livre para correr<\/span><\/a><span style=\"font-weight: 400;\">&#8220;. Hoje em dia, no entanto, muitos moradores do Alem\u00e3o acabam por ficar em casa devido ao <\/span><a href=\"http:\/\/bit.ly\/2qwOz46\" target=\"_blank\" rel=\"noopener\"><span style=\"font-weight: 400;\">aumento da viol\u00eancia<\/span><\/a><span style=\"font-weight: 400;\"> e <\/span><a href=\"http:\/\/bit.ly\/1OX4GAP\" target=\"_blank\" rel=\"noopener\"><span style=\"font-weight: 400;\">do uso da tecnologia<\/span><\/a><span style=\"font-weight: 400;\">. Muitas vezes, Paulo explica: &#8220;<\/span><a href=\"https:\/\/glo.bo\/2misHuC\" target=\"_blank\" rel=\"noopener\"><span style=\"font-weight: 400;\">Somos ref\u00e9ns em nossas pr\u00f3prias casas<\/span><\/a><span style=\"font-weight: 400;\">&#8220;.<\/span><\/p>\n<p><span style=\"font-weight: 400;\"><a href=\"http:\/\/rioonwatch.org.br\/wp-content\/uploads\/2017\/06\/Chadrez.jpg\"><img fetchpriority=\"high\" decoding=\"async\" class=\"wp-image-26548 alignright\" src=\"http:\/\/rioonwatch.org.br\/wp-content\/uploads\/2017\/06\/Chadrez.jpg\" alt=\"\" width=\"300\" height=\"200\" srcset=\"https:\/\/rioonwatch.org.br\/wp-content\/uploads\/2017\/06\/Chadrez.jpg 480w, https:\/\/rioonwatch.org.br\/wp-content\/uploads\/2017\/06\/Chadrez-396x264.jpg 396w\" sizes=\"(max-width: 300px) 100vw, 300px\" \/><\/a>Infelizmente, existem poucas atividades e oportunidades para adolescentes atualmente no Alem\u00e3o. &#8220;N\u00e3o tem quase nada para fazer,&#8221; explica Paulo. Esta quest\u00e3o surgiu em parte devido \u00e0 falta de investimentos governamentais. H\u00e1 seis anos, o antigo campo de futebol e a regi\u00e3o em seu entorno&#8211;espa\u00e7o que era muito utilizado para reunir a vizinhan\u00e7a&#8211;<\/span><a href=\"http:\/\/bit.ly\/2nOBYrR\" target=\"_blank\" rel=\"noopener\"><span style=\"font-weight: 400;\">foram convertidos pela prefeitura em um parque de ciclismo<\/span><\/a><span style=\"font-weight: 400;\"> para as Olimp\u00edadas<\/span><span style=\"font-weight: 400;\">. Por\u00e9m, devido \u00e0 m\u00e1 administra\u00e7\u00e3o, o parque n\u00e3o foi finalizado, nem \u00e9 utilizado.<\/span><\/p>\n<p><span style=\"font-weight: 400;\">Em contraste, Paulo pessoalmente investiu muito tempo e seus recursos limitados para o desenvolvimento de tr\u00eas projetos separados para beneficiar jovens do Alem\u00e3o. Os dois primeiros, um pequeno parque e uma piscina, depois de muito uso e manuten\u00e7\u00e3o, eventualmente se desgastaram at\u00e9 n\u00e3o ter mais reparo. Mas em 2010, o pastor passou para o &#8220;sonho que sempre teve&#8221;: fundar uma biblioteca comunit\u00e1ria. &#8220;Eu sempre amei ler e sempre fui curioso&#8221;, comenta Paulo. De fato, quando crian\u00e7a, Paulo era t\u00e3o curioso que procurava cada nova palavra em seu pr\u00f3prio dicion\u00e1rio. Agora, com a experi\u00eancia de uma vida inteira, o pastor entende como a educa\u00e7\u00e3o e a cultura podem afetar positivamente a dignidade e a motiva\u00e7\u00e3o dos jovens, especialmente os de classes mais baixas.\u00a0<\/span>Com ajuda, estes jovens podem superar barreiras. &#8220;Eles s\u00e3o o produto de um processo espec\u00edfico de <a href=\"http:\/\/bit.ly\/2l0pM9h\" target=\"_blank\" rel=\"noopener\">car\u00eancia de ensino, consci\u00eancia e amor<\/a>&#8220;, diz Paulo. Sua solu\u00e7\u00e3o? Simplificando, &#8220;n\u00e3o h\u00e1 nada melhor do que o conhecimento&#8221;.<\/p>\n<p><span style=\"font-weight: 400;\"><a href=\"http:\/\/rioonwatch.org.br\/wp-content\/uploads\/2017\/06\/Brincando.jpg\"><img decoding=\"async\" class=\"wp-image-26551 alignright\" src=\"http:\/\/rioonwatch.org.br\/wp-content\/uploads\/2017\/06\/Brincando.jpg\" alt=\"\" width=\"300\" height=\"169\" srcset=\"https:\/\/rioonwatch.org.br\/wp-content\/uploads\/2017\/06\/Brincando.jpg 480w, https:\/\/rioonwatch.org.br\/wp-content\/uploads\/2017\/06\/Brincando-469x264.jpg 469w, https:\/\/rioonwatch.org.br\/wp-content\/uploads\/2017\/06\/Brincando-174x98.jpg 174w\" sizes=\"(max-width: 300px) 100vw, 300px\" \/><\/a>Mas isso n\u00e3o quer dizer que o projeto n\u00e3o tenha um papel de entretenimento tamb\u00e9m. Quando a biblioteca est\u00e1 aberta, \u00e9 poss\u00edvel ver crian\u00e7as brincando com v\u00e1rios brinquedos e jogos que o pastor arrecadou. Enquanto isso, para os jovens adultos, Paulo conta que <\/span><i><span style=\"font-weight: 400;\">50 Tons de Cinza<\/span><\/i><span style=\"font-weight: 400;\"> tem sido frequentemente retirado para leitura. O pastor tamb\u00e9m identifica uma importante rela\u00e7\u00e3o entre entretenimento e a constru\u00e7\u00e3o da comunidade. Paulo lembra vividamente quando somente uma casa no Alem\u00e3o tinha televis\u00e3o, e como todos se reuniam l\u00e1 para assistir filmes, como se fosse um cinema. Voltando para o atual Rio de Janeiro, Paulo <\/span><a href=\"http:\/\/bit.ly\/15fIvxU\" target=\"_blank\" rel=\"noopener\"><span style=\"font-weight: 400;\">cita a biblioteca em Manguinhos<\/span><\/a><span style=\"font-weight: 400;\"> como um exemplo do poder dos filmes para atrair grandes multid\u00f5es. Depois da biblioteca do bairro de Manguinhos come\u00e7ar a projetar filmes, &#8220;os jovens come\u00e7aram a frequent\u00e1-la, e aqueles que n\u00e3o queriam ver os filmes acabavam lendo os livros&#8221;, aumentando ainda mais os frequentadores. Esta uni\u00e3o dos membros da comunidade para aprender e aproveitar a companhia um do outro \u00e9 de crucial import\u00e2ncia para um contraponto\u00a0<\/span><a href=\"http:\/\/abr.ai\/2trbcgn\" target=\"_blank\" rel=\"noopener\"><span style=\"font-weight: 400;\">\u00e0 cultura de consumo atual no Brasil<\/span><\/a><span style=\"font-weight: 400;\">. De modo geral, o pastor observa que &#8220;as pessoas est\u00e3o mais preocupadas em ter do que em ser&#8221;.<\/span><\/p>\n<p><span style=\"font-weight: 400;\"><a href=\"http:\/\/rioonwatch.org.br\/wp-content\/uploads\/2017\/06\/Paulinho.jpg\"><img loading=\"lazy\" decoding=\"async\" class=\"alignright wp-image-26554\" title=\"Paulo cuida da biblioteca. Foto por Hector Santos| Ra\u00edzes em Movimento\" src=\"http:\/\/rioonwatch.org.br\/wp-content\/uploads\/2017\/06\/Paulinho.jpg\" alt=\"Paulo cuida da biblioteca. Foto por Hector Santos| Ra\u00edzes em Movimento\" width=\"300\" height=\"200\" srcset=\"https:\/\/rioonwatch.org.br\/wp-content\/uploads\/2017\/06\/Paulinho.jpg 1000w, https:\/\/rioonwatch.org.br\/wp-content\/uploads\/2017\/06\/Paulinho-396x264.jpg 396w, https:\/\/rioonwatch.org.br\/wp-content\/uploads\/2017\/06\/Paulinho-620x414.jpg 620w, https:\/\/rioonwatch.org.br\/wp-content\/uploads\/2017\/06\/Paulinho-768x512.jpg 768w\" sizes=\"(max-width: 300px) 100vw, 300px\" \/><\/a>No futuro, Paulo espera poder adicionar uma sala de proje\u00e7\u00e3o cinematogr\u00e1fica \u00e0 biblioteca comunit\u00e1ria em um espa\u00e7o de 35 metros quadrados. Infelizmente, recursos financeiros s\u00e3o atualmente a principal barreira para esta instala\u00e7\u00e3o. Assim, as doa\u00e7\u00f5es s\u00e3o cruciais, e o pastor tem considerado a implementa\u00e7\u00e3o de um sistema de contribui\u00e7\u00f5es mensais para quem puder doar. Da mesma maneira, Paulo precisa de mais apoio para ajud\u00e1-lo a manter a biblioteca aberta. Apesar de ter graves problemas na coluna vertebral que o levam \u00e0 fisioterapia durante toda a semana, ele consegue abrir a biblioteca, a maioria das ter\u00e7as, quintas e s\u00e1bados a partir das 9:00h at\u00e9 o in\u00edcio da tarde, reabrindo novamente \u00e0s 17:00h por um per\u00edodo mais curto. No entanto, o pastor sabe que frequentar uma biblioteca, assim como tantas outras atividades, \u00e9 uma rotina que requer estabilidade e disponibilidade da pr\u00f3pria institui\u00e7\u00e3o. Para garantir que a biblioteca permane\u00e7a aberta pelo maior tempo poss\u00edvel e cumpra seu papel na luta contra a desigualdade educacional, Paulo est\u00e1 pedindo a ajuda de volunt\u00e1rios que possam atuar em turnos para abrir a biblioteca e ajudar as crian\u00e7as da vizinhan\u00e7a.<\/span><\/p>\n<p><span style=\"font-weight: 400;\">Caso voc\u00ea, ou algu\u00e9m que voc\u00ea conhe\u00e7a possa oferecer livros, recursos financeiros, ou tempo \u00e0 biblioteca comunit\u00e1ria, por favor entre em contato com Paulo Avelino\u00a0<\/span><a href=\"mailto:pauloavelino@oi.com.br\"><span style=\"font-weight: 400;\">atrav\u00e9s deste e-mail.<\/span><\/a><\/p>\n<!-- AddThis Advanced Settings generic via filter on the_content --><!-- AddThis Share Buttons generic via filter on the_content -->","protected":false},"excerpt":{"rendered":"<div class=\"mh-excerpt\"><p>Click Here for English &#8220;N\u00f3s sempre esperamos pela transforma\u00e7\u00e3o do nosso mundo, mas o mundo nunca ser\u00e1 transformado se n\u00e3o come\u00e7armos pela mente dos jovens.&#8221; Estas s\u00e3o as palavras que levam Paulo Cesar Avelino, um <a class=\"mh-excerpt-more\" href=\"https:\/\/rioonwatch.org.br\/?p=26543\" title=\"Biblioteca Comunit\u00e1ria no Alem\u00e3o Busca Apoio e Volunt\u00e1rios\">[&#8230;]<\/a><!-- AddThis Advanced Settings generic via filter on get_the_excerpt --><!-- AddThis Share Buttons generic via filter on get_the_excerpt --><\/p>\n<\/div>","protected":false},"author":129,"featured_media":26545,"comment_status":"closed","ping_status":"closed","sticky":false,"template":"","format":"standard","meta":{"_acf_changed":false,"_monsterinsights_skip_tracking":false,"_monsterinsights_sitenote_active":false,"_monsterinsights_sitenote_note":"","_monsterinsights_sitenote_category":0,"footnotes":""},"categories":[1629,1626,1388,1616,342],"tags":[1905,1005,217,2070,316,113,358,476,218],"writer":[2111],"translator":[2068],"source":[],"ilustrador":[],"fotografo":[],"class_list":{"0":"post-26543","1":"post","2":"type-post","3":"status-publish","4":"format-standard","5":"has-post-thumbnail","7":"category-entrevistas-e-perfis","8":"category-por-observadores-internacionais","9":"category-formas-de-apoiar","10":"category-qualidades-da-favela","11":"category-solucoes","12":"tag-alfabetizacao","13":"tag-biblioteca","14":"tag-complexo-do-alemao","15":"tag-direito-a-educacao","16":"tag-educacao","17":"tag-juventude","18":"tag-organizacao-comunitaria","19":"tag-solucao-comunitaria","20":"tag-zona-norte","21":"writer-evan-fantozzi","22":"translator-gisele-rosati"},"acf":[],"yoast_head":"<!-- This site is optimized with the Yoast SEO plugin v25.6 - https:\/\/yoast.com\/wordpress\/plugins\/seo\/ -->\n<title>Biblioteca Comunit\u00e1ria no Alem\u00e3o Busca Apoio e Volunt\u00e1rios - RioOnWatch<\/title>\n<meta name=\"robots\" content=\"index, follow, max-snippet:-1, max-image-preview:large, max-video-preview:-1\" \/>\n<link rel=\"canonical\" href=\"https:\/\/rioonwatch.org.br\/?p=26543\" \/>\n<meta property=\"og:locale\" content=\"pt_BR\" \/>\n<meta property=\"og:type\" content=\"article\" \/>\n<meta property=\"og:title\" content=\"Biblioteca Comunit\u00e1ria no Alem\u00e3o Busca Apoio e Volunt\u00e1rios - RioOnWatch\" \/>\n<meta property=\"og:description\" content=\"Click Here for English &#8220;N\u00f3s sempre esperamos pela transforma\u00e7\u00e3o do nosso mundo, mas o mundo nunca ser\u00e1 transformado se n\u00e3o come\u00e7armos pela mente dos jovens.&#8221; Estas s\u00e3o as palavras que levam Paulo Cesar Avelino, um [...]\" \/>\n<meta property=\"og:url\" content=\"https:\/\/rioonwatch.org.br\/?p=26543\" \/>\n<meta property=\"og:site_name\" content=\"RioOnWatch\" \/>\n<meta property=\"article:published_time\" content=\"2017-06-29T11:36:45+00:00\" \/>\n<meta property=\"article:modified_time\" content=\"2017-06-29T11:43:17+00:00\" \/>\n<meta property=\"og:image\" content=\"https:\/\/rioonwatch.org.br\/wp-content\/uploads\/2017\/06\/maos.jpg\" \/>\n\t<meta property=\"og:image:width\" content=\"1600\" \/>\n\t<meta property=\"og:image:height\" content=\"1067\" \/>\n\t<meta property=\"og:image:type\" content=\"image\/jpeg\" \/>\n<meta name=\"author\" content=\"Admin\" \/>\n<meta name=\"twitter:card\" content=\"summary_large_image\" \/>\n<meta name=\"twitter:label1\" content=\"Escrito por\" \/>\n\t<meta name=\"twitter:data1\" content=\"Admin\" \/>\n\t<meta name=\"twitter:label2\" content=\"Est. tempo de leitura\" \/>\n\t<meta name=\"twitter:data2\" content=\"4 minutos\" \/>\n<script type=\"application\/ld+json\" class=\"yoast-schema-graph\">{\"@context\":\"https:\/\/schema.org\",\"@graph\":[{\"@type\":\"Article\",\"@id\":\"https:\/\/rioonwatch.org.br\/?p=26543#article\",\"isPartOf\":{\"@id\":\"https:\/\/rioonwatch.org.br\/?p=26543\"},\"author\":{\"name\":\"Admin\",\"@id\":\"https:\/\/rioonwatch.org.br\/#\/schema\/person\/11d64c290506f9df50c71b850c473f68\"},\"headline\":\"Biblioteca Comunit\u00e1ria no Alem\u00e3o Busca Apoio e Volunt\u00e1rios\",\"datePublished\":\"2017-06-29T11:36:45+00:00\",\"dateModified\":\"2017-06-29T11:43:17+00:00\",\"mainEntityOfPage\":{\"@id\":\"https:\/\/rioonwatch.org.br\/?p=26543\"},\"wordCount\":844,\"publisher\":{\"@id\":\"https:\/\/rioonwatch.org.br\/#organization\"},\"image\":{\"@id\":\"https:\/\/rioonwatch.org.br\/?p=26543#primaryimage\"},\"thumbnailUrl\":\"https:\/\/rioonwatch.org.br\/wp-content\/uploads\/2017\/06\/maos.jpg\",\"keywords\":[\"alfabetiza\u00e7\u00e3o\",\"Bibliotecas\",\"Complexo do Alem\u00e3o\",\"direito \u00e0 educa\u00e7\u00e3o\",\"educa\u00e7\u00e3o\",\"juventude\",\"organiza\u00e7\u00e3o comunit\u00e1ria\",\"solu\u00e7\u00e3o comunit\u00e1ria\",\"Zona Norte\"],\"articleSection\":[\"Entrevistas e Perfis\",\"Escrito por Aliados\",\"Formas de Apoiar\",\"Qualidades da Favela\",\"Solu\u00e7\u00f5es\"],\"inLanguage\":\"pt-BR\"},{\"@type\":\"WebPage\",\"@id\":\"https:\/\/rioonwatch.org.br\/?p=26543\",\"url\":\"https:\/\/rioonwatch.org.br\/?p=26543\",\"name\":\"Biblioteca Comunit\u00e1ria no Alem\u00e3o Busca Apoio e Volunt\u00e1rios - RioOnWatch\",\"isPartOf\":{\"@id\":\"https:\/\/rioonwatch.org.br\/#website\"},\"primaryImageOfPage\":{\"@id\":\"https:\/\/rioonwatch.org.br\/?p=26543#primaryimage\"},\"image\":{\"@id\":\"https:\/\/rioonwatch.org.br\/?p=26543#primaryimage\"},\"thumbnailUrl\":\"https:\/\/rioonwatch.org.br\/wp-content\/uploads\/2017\/06\/maos.jpg\",\"datePublished\":\"2017-06-29T11:36:45+00:00\",\"dateModified\":\"2017-06-29T11:43:17+00:00\",\"breadcrumb\":{\"@id\":\"https:\/\/rioonwatch.org.br\/?p=26543#breadcrumb\"},\"inLanguage\":\"pt-BR\",\"potentialAction\":[{\"@type\":\"ReadAction\",\"target\":[\"https:\/\/rioonwatch.org.br\/?p=26543\"]}]},{\"@type\":\"ImageObject\",\"inLanguage\":\"pt-BR\",\"@id\":\"https:\/\/rioonwatch.org.br\/?p=26543#primaryimage\",\"url\":\"https:\/\/rioonwatch.org.br\/wp-content\/uploads\/2017\/06\/maos.jpg\",\"contentUrl\":\"https:\/\/rioonwatch.org.br\/wp-content\/uploads\/2017\/06\/maos.jpg\",\"width\":1600,\"height\":1067,\"caption\":\"Decora\u00e7\u00e3o da biblioteca. Foto por Hector Santos| Ra\u00edzes em Movimento\"},{\"@type\":\"BreadcrumbList\",\"@id\":\"https:\/\/rioonwatch.org.br\/?p=26543#breadcrumb\",\"itemListElement\":[{\"@type\":\"ListItem\",\"position\":1,\"name\":\"In\u00edcio\",\"item\":\"https:\/\/rioonwatch.org.br\/\"},{\"@type\":\"ListItem\",\"position\":2,\"name\":\"Biblioteca Comunit\u00e1ria no Alem\u00e3o Busca Apoio e Volunt\u00e1rios\"}]},{\"@type\":\"WebSite\",\"@id\":\"https:\/\/rioonwatch.org.br\/#website\",\"url\":\"https:\/\/rioonwatch.org.br\/\",\"name\":\"RioOnWatch\",\"description\":\"relatos das favelas cariocas\",\"publisher\":{\"@id\":\"https:\/\/rioonwatch.org.br\/#organization\"},\"potentialAction\":[{\"@type\":\"SearchAction\",\"target\":{\"@type\":\"EntryPoint\",\"urlTemplate\":\"https:\/\/rioonwatch.org.br\/?s={search_term_string}\"},\"query-input\":{\"@type\":\"PropertyValueSpecification\",\"valueRequired\":true,\"valueName\":\"search_term_string\"}}],\"inLanguage\":\"pt-BR\"},{\"@type\":\"Organization\",\"@id\":\"https:\/\/rioonwatch.org.br\/#organization\",\"name\":\"RioOnWatch\",\"url\":\"https:\/\/rioonwatch.org.br\/\",\"logo\":{\"@type\":\"ImageObject\",\"inLanguage\":\"pt-BR\",\"@id\":\"https:\/\/rioonwatch.org.br\/#\/schema\/logo\/image\/\",\"url\":\"https:\/\/rioonwatch.org.br\/wp-content\/uploads\/2021\/06\/RioOnWatchcabecalhoPT11anos-2.png\",\"contentUrl\":\"https:\/\/rioonwatch.org.br\/wp-content\/uploads\/2021\/06\/RioOnWatchcabecalhoPT11anos-2.png\",\"width\":779,\"height\":277,\"caption\":\"RioOnWatch\"},\"image\":{\"@id\":\"https:\/\/rioonwatch.org.br\/#\/schema\/logo\/image\/\"}},{\"@type\":\"Person\",\"@id\":\"https:\/\/rioonwatch.org.br\/#\/schema\/person\/11d64c290506f9df50c71b850c473f68\",\"name\":\"Admin\",\"image\":{\"@type\":\"ImageObject\",\"inLanguage\":\"pt-BR\",\"@id\":\"https:\/\/rioonwatch.org.br\/#\/schema\/person\/image\/\",\"url\":\"https:\/\/secure.gravatar.com\/avatar\/56211ac74568383903349a1485e3c325?s=96&d=blank&r=g\",\"contentUrl\":\"https:\/\/secure.gravatar.com\/avatar\/56211ac74568383903349a1485e3c325?s=96&d=blank&r=g\",\"caption\":\"Admin\"},\"url\":\"https:\/\/rioonwatch.org.br\/?author=129\"}]}<\/script>\n<!-- \/ Yoast SEO plugin. -->","yoast_head_json":{"title":"Biblioteca Comunit\u00e1ria no Alem\u00e3o Busca Apoio e Volunt\u00e1rios - RioOnWatch","robots":{"index":"index","follow":"follow","max-snippet":"max-snippet:-1","max-image-preview":"max-image-preview:large","max-video-preview":"max-video-preview:-1"},"canonical":"https:\/\/rioonwatch.org.br\/?p=26543","og_locale":"pt_BR","og_type":"article","og_title":"Biblioteca Comunit\u00e1ria no Alem\u00e3o Busca Apoio e Volunt\u00e1rios - RioOnWatch","og_description":"Click Here for English &#8220;N\u00f3s sempre esperamos pela transforma\u00e7\u00e3o do nosso mundo, mas o mundo nunca ser\u00e1 transformado se n\u00e3o come\u00e7armos pela mente dos jovens.&#8221; Estas s\u00e3o as palavras que levam Paulo Cesar Avelino, um [...]","og_url":"https:\/\/rioonwatch.org.br\/?p=26543","og_site_name":"RioOnWatch","article_published_time":"2017-06-29T11:36:45+00:00","article_modified_time":"2017-06-29T11:43:17+00:00","og_image":[{"width":1600,"height":1067,"url":"https:\/\/rioonwatch.org.br\/wp-content\/uploads\/2017\/06\/maos.jpg","type":"image\/jpeg"}],"author":"Admin","twitter_card":"summary_large_image","twitter_misc":{"Escrito por":"Admin","Est. tempo de leitura":"4 minutos"},"schema":{"@context":"https:\/\/schema.org","@graph":[{"@type":"Article","@id":"https:\/\/rioonwatch.org.br\/?p=26543#article","isPartOf":{"@id":"https:\/\/rioonwatch.org.br\/?p=26543"},"author":{"name":"Admin","@id":"https:\/\/rioonwatch.org.br\/#\/schema\/person\/11d64c290506f9df50c71b850c473f68"},"headline":"Biblioteca Comunit\u00e1ria no Alem\u00e3o Busca Apoio e Volunt\u00e1rios","datePublished":"2017-06-29T11:36:45+00:00","dateModified":"2017-06-29T11:43:17+00:00","mainEntityOfPage":{"@id":"https:\/\/rioonwatch.org.br\/?p=26543"},"wordCount":844,"publisher":{"@id":"https:\/\/rioonwatch.org.br\/#organization"},"image":{"@id":"https:\/\/rioonwatch.org.br\/?p=26543#primaryimage"},"thumbnailUrl":"https:\/\/rioonwatch.org.br\/wp-content\/uploads\/2017\/06\/maos.jpg","keywords":["alfabetiza\u00e7\u00e3o","Bibliotecas","Complexo do Alem\u00e3o","direito \u00e0 educa\u00e7\u00e3o","educa\u00e7\u00e3o","juventude","organiza\u00e7\u00e3o comunit\u00e1ria","solu\u00e7\u00e3o comunit\u00e1ria","Zona Norte"],"articleSection":["Entrevistas e Perfis","Escrito por Aliados","Formas de Apoiar","Qualidades da Favela","Solu\u00e7\u00f5es"],"inLanguage":"pt-BR"},{"@type":"WebPage","@id":"https:\/\/rioonwatch.org.br\/?p=26543","url":"https:\/\/rioonwatch.org.br\/?p=26543","name":"Biblioteca Comunit\u00e1ria no Alem\u00e3o Busca Apoio e Volunt\u00e1rios - RioOnWatch","isPartOf":{"@id":"https:\/\/rioonwatch.org.br\/#website"},"primaryImageOfPage":{"@id":"https:\/\/rioonwatch.org.br\/?p=26543#primaryimage"},"image":{"@id":"https:\/\/rioonwatch.org.br\/?p=26543#primaryimage"},"thumbnailUrl":"https:\/\/rioonwatch.org.br\/wp-content\/uploads\/2017\/06\/maos.jpg","datePublished":"2017-06-29T11:36:45+00:00","dateModified":"2017-06-29T11:43:17+00:00","breadcrumb":{"@id":"https:\/\/rioonwatch.org.br\/?p=26543#breadcrumb"},"inLanguage":"pt-BR","potentialAction":[{"@type":"ReadAction","target":["https:\/\/rioonwatch.org.br\/?p=26543"]}]},{"@type":"ImageObject","inLanguage":"pt-BR","@id":"https:\/\/rioonwatch.org.br\/?p=26543#primaryimage","url":"https:\/\/rioonwatch.org.br\/wp-content\/uploads\/2017\/06\/maos.jpg","contentUrl":"https:\/\/rioonwatch.org.br\/wp-content\/uploads\/2017\/06\/maos.jpg","width":1600,"height":1067,"caption":"Decora\u00e7\u00e3o da biblioteca. Foto por Hector Santos| Ra\u00edzes em Movimento"},{"@type":"BreadcrumbList","@id":"https:\/\/rioonwatch.org.br\/?p=26543#breadcrumb","itemListElement":[{"@type":"ListItem","position":1,"name":"In\u00edcio","item":"https:\/\/rioonwatch.org.br\/"},{"@type":"ListItem","position":2,"name":"Biblioteca Comunit\u00e1ria no Alem\u00e3o Busca Apoio e Volunt\u00e1rios"}]},{"@type":"WebSite","@id":"https:\/\/rioonwatch.org.br\/#website","url":"https:\/\/rioonwatch.org.br\/","name":"RioOnWatch","description":"relatos das favelas cariocas","publisher":{"@id":"https:\/\/rioonwatch.org.br\/#organization"},"potentialAction":[{"@type":"SearchAction","target":{"@type":"EntryPoint","urlTemplate":"https:\/\/rioonwatch.org.br\/?s={search_term_string}"},"query-input":{"@type":"PropertyValueSpecification","valueRequired":true,"valueName":"search_term_string"}}],"inLanguage":"pt-BR"},{"@type":"Organization","@id":"https:\/\/rioonwatch.org.br\/#organization","name":"RioOnWatch","url":"https:\/\/rioonwatch.org.br\/","logo":{"@type":"ImageObject","inLanguage":"pt-BR","@id":"https:\/\/rioonwatch.org.br\/#\/schema\/logo\/image\/","url":"https:\/\/rioonwatch.org.br\/wp-content\/uploads\/2021\/06\/RioOnWatchcabecalhoPT11anos-2.png","contentUrl":"https:\/\/rioonwatch.org.br\/wp-content\/uploads\/2021\/06\/RioOnWatchcabecalhoPT11anos-2.png","width":779,"height":277,"caption":"RioOnWatch"},"image":{"@id":"https:\/\/rioonwatch.org.br\/#\/schema\/logo\/image\/"}},{"@type":"Person","@id":"https:\/\/rioonwatch.org.br\/#\/schema\/person\/11d64c290506f9df50c71b850c473f68","name":"Admin","image":{"@type":"ImageObject","inLanguage":"pt-BR","@id":"https:\/\/rioonwatch.org.br\/#\/schema\/person\/image\/","url":"https:\/\/secure.gravatar.com\/avatar\/56211ac74568383903349a1485e3c325?s=96&d=blank&r=g","contentUrl":"https:\/\/secure.gravatar.com\/avatar\/56211ac74568383903349a1485e3c325?s=96&d=blank&r=g","caption":"Admin"},"url":"https:\/\/rioonwatch.org.br\/?author=129"}]}},"_links":{"self":[{"href":"https:\/\/rioonwatch.org.br\/index.php?rest_route=\/wp\/v2\/posts\/26543"}],"collection":[{"href":"https:\/\/rioonwatch.org.br\/index.php?rest_route=\/wp\/v2\/posts"}],"about":[{"href":"https:\/\/rioonwatch.org.br\/index.php?rest_route=\/wp\/v2\/types\/post"}],"author":[{"embeddable":true,"href":"https:\/\/rioonwatch.org.br\/index.php?rest_route=\/wp\/v2\/users\/129"}],"replies":[{"embeddable":true,"href":"https:\/\/rioonwatch.org.br\/index.php?rest_route=%2Fwp%2Fv2%2Fcomments&post=26543"}],"version-history":[{"count":13,"href":"https:\/\/rioonwatch.org.br\/index.php?rest_route=\/wp\/v2\/posts\/26543\/revisions"}],"predecessor-version":[{"id":26560,"href":"https:\/\/rioonwatch.org.br\/index.php?rest_route=\/wp\/v2\/posts\/26543\/revisions\/26560"}],"wp:featuredmedia":[{"embeddable":true,"href":"https:\/\/rioonwatch.org.br\/index.php?rest_route=\/wp\/v2\/media\/26545"}],"wp:attachment":[{"href":"https:\/\/rioonwatch.org.br\/index.php?rest_route=%2Fwp%2Fv2%2Fmedia&parent=26543"}],"wp:term":[{"taxonomy":"category","embeddable":true,"href":"https:\/\/rioonwatch.org.br\/index.php?rest_route=%2Fwp%2Fv2%2Fcategories&post=26543"},{"taxonomy":"post_tag","embeddable":true,"href":"https:\/\/rioonwatch.org.br\/index.php?rest_route=%2Fwp%2Fv2%2Ftags&post=26543"},{"taxonomy":"writer","embeddable":true,"href":"https:\/\/rioonwatch.org.br\/index.php?rest_route=%2Fwp%2Fv2%2Fwriter&post=26543"},{"taxonomy":"translator","embeddable":true,"href":"https:\/\/rioonwatch.org.br\/index.php?rest_route=%2Fwp%2Fv2%2Ftranslator&post=26543"},{"taxonomy":"source","embeddable":true,"href":"https:\/\/rioonwatch.org.br\/index.php?rest_route=%2Fwp%2Fv2%2Fsource&post=26543"},{"taxonomy":"ilustrador","embeddable":true,"href":"https:\/\/rioonwatch.org.br\/index.php?rest_route=%2Fwp%2Fv2%2Filustrador&post=26543"},{"taxonomy":"fotografo","embeddable":true,"href":"https:\/\/rioonwatch.org.br\/index.php?rest_route=%2Fwp%2Fv2%2Ffotografo&post=26543"}],"curies":[{"name":"wp","href":"https:\/\/api.w.org\/{rel}","templated":true}]}}