{"id":26620,"date":"2017-07-01T10:07:36","date_gmt":"2017-07-01T13:07:36","guid":{"rendered":"http:\/\/rioonwatch.org.br\/?p=26620"},"modified":"2017-07-03T07:45:35","modified_gmt":"2017-07-03T10:45:35","slug":"icictfiocruz-mapeia-injustica-ambiental-e-coloca-horto-no-mapa-2","status":"publish","type":"post","link":"https:\/\/rioonwatch.org.br\/?p=26620","title":{"rendered":"ENSP\/Fiocruz Mapeia Injusti\u00e7a Ambiental e Coloca Horto no Mapa"},"content":{"rendered":"<p style=\"text-align: right;\"><em><strong><a href=\"http:\/\/bit.ly\/2seCVAy\" target=\"_blank\" rel=\"noopener noreferrer\">Click Here for English<img decoding=\"async\" width=\"20\" height=\"20\" class=\"alignright wp-image-15790\" src=\"http:\/\/rioonwatch.org.br\/wp-content\/uploads\/2012\/08\/EN-standard-e1439583104716.jpg\" alt=\"\" \/><\/a><\/strong><\/em><\/p>\n<p><span style=\"font-weight: 400;\">O <a href=\"http:\/\/bit.ly\/11b2TzL\" target=\"_blank\" rel=\"noopener\">Horto<\/a> \u00e9 uma comunidade verdejante na <a href=\"http:\/\/bit.ly\/1mNsDyk\" target=\"_blank\" rel=\"noopener\">Zona Sul<\/a> do Rio de Janeiro que existe <a href=\"http:\/\/bit.ly\/2bYn6qA\" target=\"_blank\" rel=\"noopener\">h\u00e1 mais de 200 anos<\/a>. A comunidade&#8211;que foi fundada por antigos trabalhadores do Jardim Bot\u00e2nico que receberam permiss\u00e3o para construir suas casas no local, incluindo os escravos nos primeiros anos do Jardim Bot\u00e2nico&#8211;tem sido amea\u00e7ada de remo\u00e7\u00e3o <a href=\"http:\/\/bit.ly\/12lVeS2\" target=\"_blank\" rel=\"noopener\">desde a d\u00e9cada de 1960<\/a>. Em 2013, e <a href=\"http:\/\/bit.ly\/2sGArtS\" target=\"_blank\" rel=\"noopener\">agora noticiado no novo site da comunidade<\/a> do\u00a0Horto, a comunidade foi inclu\u00edda no\u00a0<\/span><a href=\"http:\/\/bit.ly\/2teAxtf\" target=\"_blank\" rel=\"noopener\">Mapa de Conflitos Envolvendo Injusti\u00e7a Ambiental e Sa\u00fade no Brasil<\/a>\u00a0<span style=\"font-weight: 400;\">feito pela <a href=\"http:\/\/bit.ly\/YWSczy\" target=\"_blank\" rel=\"noopener\">Escola Nacional de Sa\u00fade P\u00fablica<\/a> (ENSP)<\/span><span style=\"font-weight: 400;\">\u00a0da Funda\u00e7\u00e3o Oswaldo Cruz (<a href=\"http:\/\/bit.ly\/2srWrF8\" target=\"_blank\" rel=\"noopener\">Fiocruz<\/a>), junto com a <a href=\"http:\/\/bit.ly\/2uyQ2cq\" target=\"_blank\" rel=\"noopener\">FASE<\/a>, e contando com apoio t\u00e9cnico do\u00a0<a href=\"http:\/\/bit.ly\/2sKOhuJ\" target=\"_blank\" rel=\"noopener\">Instituto de Comunica\u00e7\u00e3o e Informa\u00e7\u00e3o Cient\u00edfica e Tecnol\u00f3gica em Sa\u00fade<\/a>\u00a0(ICICT). A equipe do ENSP\/Fiocruz trabalhou com a <a href=\"http:\/\/bit.ly\/2uaXavH\" target=\"_blank\" rel=\"noopener\">Rede Brasileira de Justi\u00e7a Ambiental<\/a> (RBJA) construindo o mapa com base em mapas anteriores sobre justi\u00e7a ambiental, como o\u00a0<a href=\"http:\/\/bit.ly\/2sgaOvT\" target=\"_blank\" rel=\"noopener\">Mapa dos Conflitos Ambientais do Estado do Rio de Janeiro<\/a>.<\/span><\/p>\n<p><span style=\"font-weight: 400;\">O mapa foi lan\u00e7ado em mar\u00e7o de 2010, com 297 casos, e novos conflitos foram sendo mapeados at\u00e9 chegar em 571 em agosto de 2016. Ele<\/span><span style=\"font-weight: 400;\">\u00a0inclui filtros para localiza\u00e7\u00e3o, popula\u00e7\u00e3o afetada e causa do conflito, assim como uma caixa de pesquisa. \u201cNosso objetivo n\u00e3o se reduz a listar territ\u00f3rios onde riscos e impactos ambientais afetam diferentes popula\u00e7\u00f5es, mas sim tornar p\u00fablicas vozes que lutam por justi\u00e7a ambiental de popula\u00e7\u00f5es freq\u00fcentemente discriminadas e invisibilizadas pelas institui\u00e7\u00f5es e pela m\u00eddia\u201d, escreve a equipe. Cada ponto no mapa cont\u00e9m n\u00e3o apenas os principais fatos sobre o conflito, mas tamb\u00e9m inclui uma s\u00edntese dos eventos com uma longa perspectiva hist\u00f3rica, uma linha do tempo e refer\u00eancias. A equipe criou um mapa que n\u00e3o \u00e9 \u201cfechado\u201d, que pode ser \u201co momento inicial de um novo espa\u00e7o para den\u00fancias, para o monitoramento de pol\u00edticas p\u00fablicas e, ainda, de desafio para que o Estado, em seus diversos n\u00edveis, responda \u00e0s necessidades da cidadania\u201d. <\/span><\/p>\n<p><a href=\"http:\/\/rioonwatch.org.br\/wp-content\/uploads\/2017\/06\/Map.jpg\"><img fetchpriority=\"high\" decoding=\"async\" class=\"aligncenter wp-image-26588 size-content\" title=\"Comunidades na regi\u00e3o do Rio de Janeiro inclu\u00eddas no mapa.\" src=\"http:\/\/rioonwatch.org.br\/wp-content\/uploads\/2017\/06\/Map-620x264.jpg\" alt=\"Comunidades na regi\u00e3o do Rio de Janeiro inclu\u00eddas no mapa.\" width=\"620\" height=\"264\" \/><\/a><\/p>\n<p><span style=\"font-weight: 400;\">Os criadores do mapa destacam escalas de solu\u00e7\u00f5es potenciais&#8211;que esses problemas devem ser identificados e solucionados em escalas de curto, m\u00e9dio e longo prazo, e que institui\u00e7\u00f5es e sistemas econ\u00f4micos tamb\u00e9m precisam ser modificados para respeitar os direitos \u00e0 terra e a sa\u00fade das popula\u00e7\u00f5es afetadas.<\/span><\/p>\n<p><span style=\"font-weight: 400;\">A meta inicial era mapear cerca de 15 grandes conflitos ambientais em cada estado brasileiro. A equipe estava interessada em mapear a dissemina\u00e7\u00e3o regional de certos tipos de conflitos pelo Brasil, que eles escolheram avaliar por \u201ctipo de popula\u00e7\u00e3o atingida e o local do conflito\u201d (popula\u00e7\u00f5es ind\u00edgenas, trabalhadores, quilombolas, etc.), tipo de dano \u00e0 sa\u00fade ou ao ambiente (desnutri\u00e7\u00e3o, contamina\u00e7\u00e3o da \u00e1gua, etc.), contexto do conflito, e disponibilidade de pesquisas anteriores ou informa\u00e7\u00f5es sobre o conflito. Depois que os dados de cada caso foram coletados, a equipe de mapeamento verificou suas informa\u00e7\u00f5es com ativistas e pesquisadores trabalhando de perto com os casos. <\/span><\/p>\n<p><a href=\"http:\/\/rioonwatch.org.br\/wp-content\/uploads\/2017\/06\/Table1.gif\"><img decoding=\"async\" class=\"aligncenter size-full wp-image-26589\" src=\"http:\/\/rioonwatch.org.br\/wp-content\/uploads\/2017\/06\/Table1.gif\" alt=\"\" width=\"538\" height=\"426\" \/><\/a><\/p>\n<p><span style=\"font-weight: 400;\">Ap\u00f3s analisar os resultados na tabela (acima), os pesquisadores descobriram que o Norte e o Nordeste correspondem a mais de 50% dos casos, enquanto S\u00e3o Paulo, Minas Gerais, Rio de Janeiro, Amazonas e Bahia tamb\u00e9m ocupavam posi\u00e7\u00f5es altas no ranking devido aos seus altos n\u00edveis de industrializa\u00e7\u00e3o, densidade urbana e consequente polui\u00e7\u00e3o. Estes estados tamb\u00e9m s\u00e3o conhecidos por terem muitos movimentos de ativistas. A equipe notou que no Norte, no Nordeste e no Centro-Oeste h\u00e1 um crescimento de novas ind\u00fastrias, que trazem consigo projetos de agricultura corporativa e infraestrutura. <\/span><\/p>\n<p><span style=\"font-weight: 400;\">Dados geogr\u00e1ficos iniciais tamb\u00e9m destacaram diferentes escalas de conflito: eles notaram que em certos estados, como o Acre e o Amap\u00e1, conflitos ambientais envolvem quase todos os munic\u00edpios do estado, enquanto em estados como S\u00e3o Paulo, h\u00e1 muito menos envolvidos. A maior parte dos casos de injusti\u00e7a ambiental e sa\u00fade s\u00e3o rurais, o que pode ser um resultado da extra\u00e7\u00e3o de recursos e da explora\u00e7\u00e3o da terra. Entretanto, prev\u00ea-se que os casos em condi\u00e7\u00f5es urbanas&#8211;despejo de lixo, saneamento, etc.&#8211; aumentar\u00e3o nos pr\u00f3ximos anos.<\/span><\/p>\n<p><a href=\"http:\/\/rioonwatch.org.br\/wp-content\/uploads\/2017\/06\/AffectedGroups.gif\"><img loading=\"lazy\" decoding=\"async\" class=\"aligncenter size-full wp-image-26591\" src=\"http:\/\/rioonwatch.org.br\/wp-content\/uploads\/2017\/06\/AffectedGroups.gif\" alt=\"\" width=\"585\" height=\"438\" \/><\/a><\/p>\n<p><span style=\"font-weight: 400;\">O <a href=\"http:\/\/bit.ly\/2rYxC43\" target=\"_blank\" rel=\"noopener\">mapa cont\u00e9m uma hist\u00f3ria detalhada sobre o uso da terra na regi\u00e3o do Horto<\/a>, come\u00e7ando pelos tempos coloniais. A comunidade bicenten\u00e1ria \u00e9 o lar de 589 fam\u00edlias, e est\u00e1 <a href=\"http:\/\/bit.ly\/2mNPBIK\" target=\"_blank\" rel=\"noopener\">correndo o risco de ser removida pelo Jardim Bot\u00e2nico do Rio<\/a>. O resumo explica que em 1811 a lideran\u00e7a do parque construiu moradia no local para os trabalhadores do Jardim e do <a href=\"http:\/\/bit.ly\/1CGbQBS\" target=\"_blank\" rel=\"noopener\">Parque Nacional da Tijuca<\/a>. Desde ent\u00e3o, a comunidade cresceu e, em 1950, trabalhadores receberam permiss\u00e3o oficial para construir casas mais pr\u00f3ximas ao Jardim. Nos anos 1980 o Horto come\u00e7ou a enfrentar as primeiras amea\u00e7as de remo\u00e7\u00e3o com a chegada da\u00a0<a href=\"http:\/\/bit.ly\/1VtRpVb\" target=\"_blank\" rel=\"noopener\">Globo<\/a>\u00a0e de mans\u00f5es na \u00e1rea. <\/span><\/p>\n<p><span style=\"font-weight: 400;\">Nos anos 2000, a reconstru\u00e7\u00e3o do <a href=\"http:\/\/bit.ly\/2mNPBIK\" target=\"_blank\" rel=\"noopener\">Solar da Imperatriz<\/a> destruiu os locais hist\u00f3ricos relacionados \u00e0 escravid\u00e3o. Em 2005, a pol\u00edcia interveio violentamente no Horto, resultando na morte de um morador e em outros moradores feridos. Em 2010, o Horto apareceu na lista de comunidades programadas para serem removidas antes de 2012 com base na localiza\u00e7\u00e3o de algumas casas em \u00e1rea de risco ou prote\u00e7\u00e3o ambiental. No mesmo ano, o <a href=\"http:\/\/bit.ly\/2sn6X5b\" target=\"_blank\" rel=\"noopener\">Museu do Horto<\/a> foi reconhecido como um \u201cponto de mem\u00f3ria\u201d entre os museus brasileiros. Em um segundo dossi\u00ea em 2013, os moradores do Horto reivindicaram seus direitos \u00e0 sua habita\u00e7\u00e3o tradicional e argumentaram que a comunidade \u00e9 de valor hist\u00f3rico para a cidade do Rio de Janeiro. <a href=\"http:\/\/bit.ly\/2rYxC43\" target=\"_blank\" rel=\"noopener\">O resumo segue<\/a> com uma variedade de refer\u00eancias de informa\u00e7\u00f5es sobre o Horto.<\/span><\/p>\n<p><a href=\"http:\/\/rioonwatch.org.br\/wp-content\/uploads\/2017\/06\/image-8.jpeg\"><img loading=\"lazy\" decoding=\"async\" class=\"aligncenter size-content wp-image-26594\" src=\"http:\/\/rioonwatch.org.br\/wp-content\/uploads\/2017\/06\/image-8-620x264.jpeg\" alt=\"\" width=\"620\" height=\"264\" \/><\/a><br \/>\n<span style=\"font-weight: 400;\">Outros casos destacados no mapa da injusti\u00e7a ambiental na cidade do Rio de Janeiro incluem o <a href=\"http:\/\/bit.ly\/VVrdp9\" target=\"_blank\" rel=\"noopener\">Quilombo da Pedra do Sal<\/a>, que est\u00e1 lutando para \u201cgarantir seu espa\u00e7o\u201d em meio \u00e0s mudan\u00e7as na <a href=\"http:\/\/bit.ly\/1cVBDvL\" target=\"_blank\" rel=\"noopener\">Zona Portu\u00e1ria<\/a>, e a Ocupa\u00e7\u00e3o <a href=\"http:\/\/bit.ly\/1pjYKHH\" target=\"_blank\" rel=\"noopener\">Manoel Congo<\/a>, que est\u00e1 desenvolvendo projetos de restaura\u00e7\u00e3o. <\/span><\/p>\n<p><span style=\"font-weight: 400;\">O mapa tamb\u00e9m cont\u00e9m um espa\u00e7o para observadores sugerirem novos conflitos a serem mapeados com a inten\u00e7\u00e3o de que o mapa continue a crescer como espa\u00e7o de conscientiza\u00e7\u00e3o e voz para esses conflitos. Por\u00e9m, recentemente os recursos do projeto&#8211;oriundos de investimento vindo do Minist\u00e9rio da Sa\u00fade para a Fiocruz&#8211;foram bloqueados. Com isso, o trabalho est\u00e1 paralisado enquanto seus organizadores procuram recursos alternativos que permitam a retomada dada a import\u00e2ncia para as comunidades envolvidas nos conflitos.<\/span><\/p>\n<p><em>Mat\u00e9ria atualizada \u00e0s 13:23 de 2 de julho de 2017.<\/em><\/p>\n<!-- AddThis Advanced Settings generic via filter on the_content --><!-- AddThis Share Buttons generic via filter on the_content -->","protected":false},"excerpt":{"rendered":"<div class=\"mh-excerpt\"><p>Click Here for English O Horto \u00e9 uma comunidade verdejante na Zona Sul do Rio de Janeiro que existe h\u00e1 mais de 200 anos. A comunidade&#8211;que foi fundada por antigos trabalhadores do Jardim Bot\u00e2nico que <a class=\"mh-excerpt-more\" href=\"https:\/\/rioonwatch.org.br\/?p=26620\" title=\"ENSP\/Fiocruz Mapeia Injusti\u00e7a Ambiental e Coloca Horto no Mapa\">[&#8230;]<\/a><!-- AddThis Advanced Settings generic via filter on get_the_excerpt --><!-- AddThis Share Buttons generic via filter on get_the_excerpt --><\/p>\n<\/div>","protected":false},"author":3,"featured_media":26564,"comment_status":"closed","ping_status":"closed","sticky":false,"template":"","format":"standard","meta":{"_acf_changed":false,"_monsterinsights_skip_tracking":false,"_monsterinsights_sitenote_active":false,"_monsterinsights_sitenote_note":"","_monsterinsights_sitenote_category":0,"footnotes":""},"categories":[1614,1621,1632,1626,342,1639],"tags":[424,2146,733,1574,734,1712,106,1191,567,2139,14,294,1347,404,383],"writer":[2124],"translator":[1862],"source":[],"ilustrador":[],"fotografo":[],"class_list":{"0":"post-26620","1":"post","2":"type-post","3":"status-publish","4":"format-standard","5":"has-post-thumbnail","7":"category-olhonasremocoes","8":"category-destaque","9":"category-pesquisa-e-analise","10":"category-por-observadores-internacionais","11":"category-solucoes","12":"category-sustentabilidade","13":"tag-direito-a-moradia","14":"tag-fiocruz","15":"tag-horto","16":"tag-indigenas","17":"tag-jardim-botanico","18":"tag-mapa","19":"tag-meio-ambiente","20":"tag-museu-do-horto","21":"tag-quilombo","22":"tag-justica-ambiental","23":"tag-remocao","24":"tag-saude","25":"tag-solucao","26":"tag-sustentabilidade","27":"tag-zona-sul","28":"writer-raine-robichaud","29":"translator-caroline-quintanilha"},"acf":[],"yoast_head":"<!-- This site is optimized with the Yoast SEO plugin v25.6 - https:\/\/yoast.com\/wordpress\/plugins\/seo\/ -->\n<title>ENSP\/Fiocruz Mapeia Injusti\u00e7a Ambiental e Coloca Horto no Mapa - RioOnWatch<\/title>\n<meta name=\"robots\" content=\"index, follow, max-snippet:-1, max-image-preview:large, max-video-preview:-1\" \/>\n<link rel=\"canonical\" href=\"https:\/\/rioonwatch.org.br\/?p=26620\" \/>\n<meta property=\"og:locale\" content=\"pt_BR\" \/>\n<meta property=\"og:type\" content=\"article\" \/>\n<meta property=\"og:title\" content=\"ENSP\/Fiocruz Mapeia Injusti\u00e7a Ambiental e Coloca Horto no Mapa - RioOnWatch\" \/>\n<meta property=\"og:description\" content=\"Click Here for English O Horto \u00e9 uma comunidade verdejante na Zona Sul do Rio de Janeiro que existe h\u00e1 mais de 200 anos. A comunidade&#8211;que foi fundada por antigos trabalhadores do Jardim Bot\u00e2nico que [...]\" \/>\n<meta property=\"og:url\" content=\"https:\/\/rioonwatch.org.br\/?p=26620\" \/>\n<meta property=\"og:site_name\" content=\"RioOnWatch\" \/>\n<meta property=\"article:published_time\" content=\"2017-07-01T13:07:36+00:00\" \/>\n<meta property=\"article:modified_time\" content=\"2017-07-03T10:45:35+00:00\" \/>\n<meta property=\"og:image\" content=\"https:\/\/rioonwatch.org.br\/wp-content\/uploads\/2017\/06\/mapa.jpg\" \/>\n\t<meta property=\"og:image:width\" content=\"1405\" \/>\n\t<meta property=\"og:image:height\" content=\"448\" \/>\n\t<meta property=\"og:image:type\" content=\"image\/jpeg\" \/>\n<meta name=\"author\" content=\"Admin\" \/>\n<meta name=\"twitter:card\" content=\"summary_large_image\" \/>\n<meta name=\"twitter:label1\" content=\"Escrito por\" \/>\n\t<meta name=\"twitter:data1\" content=\"Admin\" \/>\n\t<meta name=\"twitter:label2\" content=\"Est. tempo de leitura\" \/>\n\t<meta name=\"twitter:data2\" content=\"6 minutos\" \/>\n<script type=\"application\/ld+json\" class=\"yoast-schema-graph\">{\"@context\":\"https:\/\/schema.org\",\"@graph\":[{\"@type\":\"Article\",\"@id\":\"https:\/\/rioonwatch.org.br\/?p=26620#article\",\"isPartOf\":{\"@id\":\"https:\/\/rioonwatch.org.br\/?p=26620\"},\"author\":{\"name\":\"Admin\",\"@id\":\"https:\/\/rioonwatch.org.br\/#\/schema\/person\/c6c09a0b56b38f0157a45b963ef3f269\"},\"headline\":\"ENSP\/Fiocruz Mapeia Injusti\u00e7a Ambiental e Coloca Horto no Mapa\",\"datePublished\":\"2017-07-01T13:07:36+00:00\",\"dateModified\":\"2017-07-03T10:45:35+00:00\",\"mainEntityOfPage\":{\"@id\":\"https:\/\/rioonwatch.org.br\/?p=26620\"},\"wordCount\":1114,\"publisher\":{\"@id\":\"https:\/\/rioonwatch.org.br\/#organization\"},\"image\":{\"@id\":\"https:\/\/rioonwatch.org.br\/?p=26620#primaryimage\"},\"thumbnailUrl\":\"https:\/\/rioonwatch.org.br\/wp-content\/uploads\/2017\/06\/mapa.jpg\",\"keywords\":[\"Direito \u00e0 Moradia\",\"Fiocruz\",\"Horto\",\"ind\u00edgenas\",\"Jardim Bot\u00e2nico\",\"mapa\",\"meio ambiente\",\"Museu do Horto\",\"Quilombo\",\"Racismo ambiental\",\"Remo\u00e7\u00e3o\",\"sa\u00fade\",\"solu\u00e7\u00e3o\",\"sustentabilidade\",\"Zona Sul\"],\"articleSection\":[\"#OlhoNasRemo\u00e7\u00f5es\",\"*Destaque\",\"Dados e Pesquisa\",\"Escrito por Aliados\",\"Solu\u00e7\u00f5es\",\"Sustentabilidade\"],\"inLanguage\":\"pt-BR\"},{\"@type\":\"WebPage\",\"@id\":\"https:\/\/rioonwatch.org.br\/?p=26620\",\"url\":\"https:\/\/rioonwatch.org.br\/?p=26620\",\"name\":\"ENSP\/Fiocruz Mapeia Injusti\u00e7a Ambiental e Coloca Horto no Mapa - RioOnWatch\",\"isPartOf\":{\"@id\":\"https:\/\/rioonwatch.org.br\/#website\"},\"primaryImageOfPage\":{\"@id\":\"https:\/\/rioonwatch.org.br\/?p=26620#primaryimage\"},\"image\":{\"@id\":\"https:\/\/rioonwatch.org.br\/?p=26620#primaryimage\"},\"thumbnailUrl\":\"https:\/\/rioonwatch.org.br\/wp-content\/uploads\/2017\/06\/mapa.jpg\",\"datePublished\":\"2017-07-01T13:07:36+00:00\",\"dateModified\":\"2017-07-03T10:45:35+00:00\",\"breadcrumb\":{\"@id\":\"https:\/\/rioonwatch.org.br\/?p=26620#breadcrumb\"},\"inLanguage\":\"pt-BR\",\"potentialAction\":[{\"@type\":\"ReadAction\",\"target\":[\"https:\/\/rioonwatch.org.br\/?p=26620\"]}]},{\"@type\":\"ImageObject\",\"inLanguage\":\"pt-BR\",\"@id\":\"https:\/\/rioonwatch.org.br\/?p=26620#primaryimage\",\"url\":\"https:\/\/rioonwatch.org.br\/wp-content\/uploads\/2017\/06\/mapa.jpg\",\"contentUrl\":\"https:\/\/rioonwatch.org.br\/wp-content\/uploads\/2017\/06\/mapa.jpg\",\"width\":1405,\"height\":448},{\"@type\":\"BreadcrumbList\",\"@id\":\"https:\/\/rioonwatch.org.br\/?p=26620#breadcrumb\",\"itemListElement\":[{\"@type\":\"ListItem\",\"position\":1,\"name\":\"In\u00edcio\",\"item\":\"https:\/\/rioonwatch.org.br\/\"},{\"@type\":\"ListItem\",\"position\":2,\"name\":\"ENSP\/Fiocruz Mapeia Injusti\u00e7a Ambiental e Coloca Horto no Mapa\"}]},{\"@type\":\"WebSite\",\"@id\":\"https:\/\/rioonwatch.org.br\/#website\",\"url\":\"https:\/\/rioonwatch.org.br\/\",\"name\":\"RioOnWatch\",\"description\":\"relatos das favelas cariocas\",\"publisher\":{\"@id\":\"https:\/\/rioonwatch.org.br\/#organization\"},\"potentialAction\":[{\"@type\":\"SearchAction\",\"target\":{\"@type\":\"EntryPoint\",\"urlTemplate\":\"https:\/\/rioonwatch.org.br\/?s={search_term_string}\"},\"query-input\":{\"@type\":\"PropertyValueSpecification\",\"valueRequired\":true,\"valueName\":\"search_term_string\"}}],\"inLanguage\":\"pt-BR\"},{\"@type\":\"Organization\",\"@id\":\"https:\/\/rioonwatch.org.br\/#organization\",\"name\":\"RioOnWatch\",\"url\":\"https:\/\/rioonwatch.org.br\/\",\"logo\":{\"@type\":\"ImageObject\",\"inLanguage\":\"pt-BR\",\"@id\":\"https:\/\/rioonwatch.org.br\/#\/schema\/logo\/image\/\",\"url\":\"https:\/\/rioonwatch.org.br\/wp-content\/uploads\/2021\/06\/RioOnWatchcabecalhoPT11anos-2.png\",\"contentUrl\":\"https:\/\/rioonwatch.org.br\/wp-content\/uploads\/2021\/06\/RioOnWatchcabecalhoPT11anos-2.png\",\"width\":779,\"height\":277,\"caption\":\"RioOnWatch\"},\"image\":{\"@id\":\"https:\/\/rioonwatch.org.br\/#\/schema\/logo\/image\/\"}},{\"@type\":\"Person\",\"@id\":\"https:\/\/rioonwatch.org.br\/#\/schema\/person\/c6c09a0b56b38f0157a45b963ef3f269\",\"name\":\"Admin\",\"image\":{\"@type\":\"ImageObject\",\"inLanguage\":\"pt-BR\",\"@id\":\"https:\/\/rioonwatch.org.br\/#\/schema\/person\/image\/\",\"url\":\"https:\/\/secure.gravatar.com\/avatar\/da45c89efd4810dc70c16a5da3419806?s=96&d=blank&r=g\",\"contentUrl\":\"https:\/\/secure.gravatar.com\/avatar\/da45c89efd4810dc70c16a5da3419806?s=96&d=blank&r=g\",\"caption\":\"Admin\"},\"url\":\"https:\/\/rioonwatch.org.br\/?author=3\"}]}<\/script>\n<!-- \/ Yoast SEO plugin. -->","yoast_head_json":{"title":"ENSP\/Fiocruz Mapeia Injusti\u00e7a Ambiental e Coloca Horto no Mapa - RioOnWatch","robots":{"index":"index","follow":"follow","max-snippet":"max-snippet:-1","max-image-preview":"max-image-preview:large","max-video-preview":"max-video-preview:-1"},"canonical":"https:\/\/rioonwatch.org.br\/?p=26620","og_locale":"pt_BR","og_type":"article","og_title":"ENSP\/Fiocruz Mapeia Injusti\u00e7a Ambiental e Coloca Horto no Mapa - RioOnWatch","og_description":"Click Here for English O Horto \u00e9 uma comunidade verdejante na Zona Sul do Rio de Janeiro que existe h\u00e1 mais de 200 anos. A comunidade&#8211;que foi fundada por antigos trabalhadores do Jardim Bot\u00e2nico que [...]","og_url":"https:\/\/rioonwatch.org.br\/?p=26620","og_site_name":"RioOnWatch","article_published_time":"2017-07-01T13:07:36+00:00","article_modified_time":"2017-07-03T10:45:35+00:00","og_image":[{"width":1405,"height":448,"url":"https:\/\/rioonwatch.org.br\/wp-content\/uploads\/2017\/06\/mapa.jpg","type":"image\/jpeg"}],"author":"Admin","twitter_card":"summary_large_image","twitter_misc":{"Escrito por":"Admin","Est. tempo de leitura":"6 minutos"},"schema":{"@context":"https:\/\/schema.org","@graph":[{"@type":"Article","@id":"https:\/\/rioonwatch.org.br\/?p=26620#article","isPartOf":{"@id":"https:\/\/rioonwatch.org.br\/?p=26620"},"author":{"name":"Admin","@id":"https:\/\/rioonwatch.org.br\/#\/schema\/person\/c6c09a0b56b38f0157a45b963ef3f269"},"headline":"ENSP\/Fiocruz Mapeia Injusti\u00e7a Ambiental e Coloca Horto no Mapa","datePublished":"2017-07-01T13:07:36+00:00","dateModified":"2017-07-03T10:45:35+00:00","mainEntityOfPage":{"@id":"https:\/\/rioonwatch.org.br\/?p=26620"},"wordCount":1114,"publisher":{"@id":"https:\/\/rioonwatch.org.br\/#organization"},"image":{"@id":"https:\/\/rioonwatch.org.br\/?p=26620#primaryimage"},"thumbnailUrl":"https:\/\/rioonwatch.org.br\/wp-content\/uploads\/2017\/06\/mapa.jpg","keywords":["Direito \u00e0 Moradia","Fiocruz","Horto","ind\u00edgenas","Jardim Bot\u00e2nico","mapa","meio ambiente","Museu do Horto","Quilombo","Racismo ambiental","Remo\u00e7\u00e3o","sa\u00fade","solu\u00e7\u00e3o","sustentabilidade","Zona Sul"],"articleSection":["#OlhoNasRemo\u00e7\u00f5es","*Destaque","Dados e Pesquisa","Escrito por Aliados","Solu\u00e7\u00f5es","Sustentabilidade"],"inLanguage":"pt-BR"},{"@type":"WebPage","@id":"https:\/\/rioonwatch.org.br\/?p=26620","url":"https:\/\/rioonwatch.org.br\/?p=26620","name":"ENSP\/Fiocruz Mapeia Injusti\u00e7a Ambiental e Coloca Horto no Mapa - RioOnWatch","isPartOf":{"@id":"https:\/\/rioonwatch.org.br\/#website"},"primaryImageOfPage":{"@id":"https:\/\/rioonwatch.org.br\/?p=26620#primaryimage"},"image":{"@id":"https:\/\/rioonwatch.org.br\/?p=26620#primaryimage"},"thumbnailUrl":"https:\/\/rioonwatch.org.br\/wp-content\/uploads\/2017\/06\/mapa.jpg","datePublished":"2017-07-01T13:07:36+00:00","dateModified":"2017-07-03T10:45:35+00:00","breadcrumb":{"@id":"https:\/\/rioonwatch.org.br\/?p=26620#breadcrumb"},"inLanguage":"pt-BR","potentialAction":[{"@type":"ReadAction","target":["https:\/\/rioonwatch.org.br\/?p=26620"]}]},{"@type":"ImageObject","inLanguage":"pt-BR","@id":"https:\/\/rioonwatch.org.br\/?p=26620#primaryimage","url":"https:\/\/rioonwatch.org.br\/wp-content\/uploads\/2017\/06\/mapa.jpg","contentUrl":"https:\/\/rioonwatch.org.br\/wp-content\/uploads\/2017\/06\/mapa.jpg","width":1405,"height":448},{"@type":"BreadcrumbList","@id":"https:\/\/rioonwatch.org.br\/?p=26620#breadcrumb","itemListElement":[{"@type":"ListItem","position":1,"name":"In\u00edcio","item":"https:\/\/rioonwatch.org.br\/"},{"@type":"ListItem","position":2,"name":"ENSP\/Fiocruz Mapeia Injusti\u00e7a Ambiental e Coloca Horto no Mapa"}]},{"@type":"WebSite","@id":"https:\/\/rioonwatch.org.br\/#website","url":"https:\/\/rioonwatch.org.br\/","name":"RioOnWatch","description":"relatos das favelas cariocas","publisher":{"@id":"https:\/\/rioonwatch.org.br\/#organization"},"potentialAction":[{"@type":"SearchAction","target":{"@type":"EntryPoint","urlTemplate":"https:\/\/rioonwatch.org.br\/?s={search_term_string}"},"query-input":{"@type":"PropertyValueSpecification","valueRequired":true,"valueName":"search_term_string"}}],"inLanguage":"pt-BR"},{"@type":"Organization","@id":"https:\/\/rioonwatch.org.br\/#organization","name":"RioOnWatch","url":"https:\/\/rioonwatch.org.br\/","logo":{"@type":"ImageObject","inLanguage":"pt-BR","@id":"https:\/\/rioonwatch.org.br\/#\/schema\/logo\/image\/","url":"https:\/\/rioonwatch.org.br\/wp-content\/uploads\/2021\/06\/RioOnWatchcabecalhoPT11anos-2.png","contentUrl":"https:\/\/rioonwatch.org.br\/wp-content\/uploads\/2021\/06\/RioOnWatchcabecalhoPT11anos-2.png","width":779,"height":277,"caption":"RioOnWatch"},"image":{"@id":"https:\/\/rioonwatch.org.br\/#\/schema\/logo\/image\/"}},{"@type":"Person","@id":"https:\/\/rioonwatch.org.br\/#\/schema\/person\/c6c09a0b56b38f0157a45b963ef3f269","name":"Admin","image":{"@type":"ImageObject","inLanguage":"pt-BR","@id":"https:\/\/rioonwatch.org.br\/#\/schema\/person\/image\/","url":"https:\/\/secure.gravatar.com\/avatar\/da45c89efd4810dc70c16a5da3419806?s=96&d=blank&r=g","contentUrl":"https:\/\/secure.gravatar.com\/avatar\/da45c89efd4810dc70c16a5da3419806?s=96&d=blank&r=g","caption":"Admin"},"url":"https:\/\/rioonwatch.org.br\/?author=3"}]}},"_links":{"self":[{"href":"https:\/\/rioonwatch.org.br\/index.php?rest_route=\/wp\/v2\/posts\/26620"}],"collection":[{"href":"https:\/\/rioonwatch.org.br\/index.php?rest_route=\/wp\/v2\/posts"}],"about":[{"href":"https:\/\/rioonwatch.org.br\/index.php?rest_route=\/wp\/v2\/types\/post"}],"author":[{"embeddable":true,"href":"https:\/\/rioonwatch.org.br\/index.php?rest_route=\/wp\/v2\/users\/3"}],"replies":[{"embeddable":true,"href":"https:\/\/rioonwatch.org.br\/index.php?rest_route=%2Fwp%2Fv2%2Fcomments&post=26620"}],"version-history":[{"count":6,"href":"https:\/\/rioonwatch.org.br\/index.php?rest_route=\/wp\/v2\/posts\/26620\/revisions"}],"predecessor-version":[{"id":26628,"href":"https:\/\/rioonwatch.org.br\/index.php?rest_route=\/wp\/v2\/posts\/26620\/revisions\/26628"}],"wp:featuredmedia":[{"embeddable":true,"href":"https:\/\/rioonwatch.org.br\/index.php?rest_route=\/wp\/v2\/media\/26564"}],"wp:attachment":[{"href":"https:\/\/rioonwatch.org.br\/index.php?rest_route=%2Fwp%2Fv2%2Fmedia&parent=26620"}],"wp:term":[{"taxonomy":"category","embeddable":true,"href":"https:\/\/rioonwatch.org.br\/index.php?rest_route=%2Fwp%2Fv2%2Fcategories&post=26620"},{"taxonomy":"post_tag","embeddable":true,"href":"https:\/\/rioonwatch.org.br\/index.php?rest_route=%2Fwp%2Fv2%2Ftags&post=26620"},{"taxonomy":"writer","embeddable":true,"href":"https:\/\/rioonwatch.org.br\/index.php?rest_route=%2Fwp%2Fv2%2Fwriter&post=26620"},{"taxonomy":"translator","embeddable":true,"href":"https:\/\/rioonwatch.org.br\/index.php?rest_route=%2Fwp%2Fv2%2Ftranslator&post=26620"},{"taxonomy":"source","embeddable":true,"href":"https:\/\/rioonwatch.org.br\/index.php?rest_route=%2Fwp%2Fv2%2Fsource&post=26620"},{"taxonomy":"ilustrador","embeddable":true,"href":"https:\/\/rioonwatch.org.br\/index.php?rest_route=%2Fwp%2Fv2%2Filustrador&post=26620"},{"taxonomy":"fotografo","embeddable":true,"href":"https:\/\/rioonwatch.org.br\/index.php?rest_route=%2Fwp%2Fv2%2Ffotografo&post=26620"}],"curies":[{"name":"wp","href":"https:\/\/api.w.org\/{rel}","templated":true}]}}