{"id":26635,"date":"2017-07-06T07:00:37","date_gmt":"2017-07-06T10:00:37","guid":{"rendered":"http:\/\/rioonwatch.org.br\/?p=26635"},"modified":"2018-05-29T16:49:08","modified_gmt":"2018-05-29T19:49:08","slug":"crivella-divulga-plano-estrategico-de-sua-gestao-como-fica-o-plano-para-as-favelas","status":"publish","type":"post","link":"https:\/\/rioonwatch.org.br\/?p=26635","title":{"rendered":"Crivella Divulga Plano Estrat\u00e9gico de Sua Gest\u00e3o: Como Fica o Plano para as Favelas?"},"content":{"rendered":"<p style=\"text-align: right;\"><em><strong><a href=\"http:\/\/bit.ly\/2tDw6b0\" target=\"_blank\" rel=\"noopener noreferrer\">Click Here for English<img decoding=\"async\" width=\"20\" height=\"20\" class=\"alignright wp-image-15790\" src=\"http:\/\/rioonwatch.org.br\/wp-content\/uploads\/2012\/08\/EN-standard-e1439583104716.jpg\" alt=\"\" \/><\/a><\/strong><\/em><\/p>\n<p>A prefeitura entregou nesta ter\u00e7a-feira dia 4 de julho, com alguns dias de atraso, a proposta de <a href=\"http:\/\/bit.ly\/2so0CCJ\" target=\"_blank\" rel=\"noopener\">Plano Estrat\u00e9gico<\/a> para a gest\u00e3o municipal 2017-2020. S\u00e3o quatro grandes dimens\u00f5es tem\u00e1ticas&#8211;Economia, Social, Urbano-Ambiental e Governan\u00e7a&#8211;cobertas por 65 iniciativas estrat\u00e9gicas e 101 metas. O plano \u00e9 muito mais robusto que o programa de governo do candidato Marcelo Crivella, que possu\u00eda apenas 50 metas e <a href=\"http:\/\/bit.ly\/2eJhYU8\" target=\"_blank\" rel=\"noopener\">n\u00e3o mencionava a palavra \u201cfavela\u201d<\/a>, onde <a href=\"http:\/\/glo.bo\/2dpB44V\" target=\"_blank\" rel=\"noopener\">vive pelo menos 23% da popula\u00e7\u00e3o da cidade<\/a>. No Plano, s\u00e3o 13 as men\u00e7\u00f5es, ainda que seja poss\u00edvel argumentar que as defini\u00e7\u00f5es utilizadas reforcem de certa forma o <a href=\"http:\/\/bit.ly\/P4itK0\" target=\"_blank\" rel=\"noopener\">estigma<\/a> de favela como um problema a ser resolvido, uma abordagem que por natureza limita o potencial de deslanchar solu\u00e7\u00f5es baseadas no potencial destes territ\u00f3rios. \u00c9 o caso das nomenclaturas \u201cassentamentos informais prec\u00e1rios\u201d e \u201ccomunidades carentes\u201d, e da defini\u00e7\u00e3o de favela assumida no Plano Estrat\u00e9gico:<\/p>\n<blockquote><p><em>\u201c\u00c1rea predominantemente habitacional, caracterizada por ocupa\u00e7\u00e3o clandestina e de baixa renda, precariedade da infraestrutura urbana e de servi\u00e7os p\u00fablicos, vias estreitas e alinhamento irregular, aus\u00eancia de parcelamento formal e v\u00ednculos de propriedade e constru\u00e7\u00f5es n\u00e3o licenciadas, em desacordo com os padr\u00f5es legais vigentes.\u201d (Lei complementar n\u00ba 111 de 1\/2\/2011)<\/em><\/p><\/blockquote>\n<p>Ainda assim, o Plano reconhece que a cidade possui \u201cdiferen\u00e7as agudas de renda e qualidade de vida dentro de seus bairros, divididos entre a <a href=\"http:\/\/bit.ly\/1k9v77u\" target=\"_blank\" rel=\"noopener\">cidade formal e as comunidades de baixa renda<\/a>\u201d, cuja proximidade leva a um movimento duplo de conviv\u00eancia e segrega\u00e7\u00e3o. Coloca, ainda, que o crescimento de favelas pode ser atribu\u00eddo a \u201cuma aus\u00eancia hist\u00f3rica de pol\u00edticas e financiamento de moradias de baixa renda\u201d e que faltou, ao longo do tempo, vontade pol\u00edtica para resolver quest\u00f5es como \u201ca regulariza\u00e7\u00e3o fundi\u00e1ria e a integra\u00e7\u00e3o social e produtiva da favela \u00e0 cidade\u201d.<\/p>\n<p>O momento agora \u00e9 de cidad\u00e3os, especialistas e organiza\u00e7\u00f5es da sociedade civil discutirem as metas apresentadas no Plano e contribu\u00edrem para a sua revis\u00e3o ao longo dos pr\u00f3ximos tr\u00eas meses, em plataforma online ou em oficinas tem\u00e1ticas a serem divulgadas pela prefeitura. A seguir, buscamos trazer insumos para esses debates, ressaltando alguns pontos do Plano que trazem impactos diretos sobre as favelas, e outros nos quais o impacto sobre as favelas n\u00e3o foi diretamente considerado.<\/p>\n<h3><a href=\"http:\/\/rioonwatch.org.br\/wp-content\/uploads\/2017\/07\/jacarezinho.jpg\"><img fetchpriority=\"high\" decoding=\"async\" class=\"aligncenter wp-image-26651 size-content\" title=\"Vis\u00e3o a\u00e9rea da Favela do Jacarezinho, Rio de Janeiro, Brasil. Mar\u00e7o\/2013. Credito: Leo Lima, Favela em Foco\" src=\"http:\/\/rioonwatch.org.br\/wp-content\/uploads\/2017\/07\/jacarezinho-620x264.jpg\" alt=\"\" width=\"620\" height=\"264\" srcset=\"https:\/\/rioonwatch.org.br\/wp-content\/uploads\/2017\/07\/jacarezinho-620x264.jpg 620w, https:\/\/rioonwatch.org.br\/wp-content\/uploads\/2017\/07\/jacarezinho-940x400.jpg 940w\" sizes=\"(max-width: 620px) 100vw, 620px\" \/><\/a><\/h3>\n<h3>As favelas no Plano Estrat\u00e9gico<\/h3>\n<p>As men\u00e7\u00f5es aos territ\u00f3rios de favelas est\u00e3o concentradas na dimens\u00e3o urbana ambiental, especialmente no que diz respeito \u00e0s tr\u00eas seguintes iniciativas estrat\u00e9gicas:<\/p>\n<h4><strong>Mais Moradias<\/strong><\/h4>\n<p>O \u201cMais Moradias\u201d visar\u00e1 reduzir o\u00a0<a href=\"http:\/\/bit.ly\/1P4KCe6\" target=\"_blank\" rel=\"noopener\">d\u00e9ficit habitacional<\/a>, especialmente de fam\u00edlias com renda de at\u00e9 R$1,8 mil em \u00e1reas tidas como de risco ou extrema precariedade. Para isso, o munic\u00edpio compromete-se a alienar terrenos municipais e produzir casas, implementar programas de incentivo \u00e0 produ\u00e7\u00e3o de Habita\u00e7\u00f5es de Interesse Social e fomentar a contrata\u00e7\u00e3o de unidades do <a href=\"http:\/\/bit.ly\/Y4U9oJ\" target=\"_blank\" rel=\"noopener\">Minha Casa Minha Vida<\/a>, dentre outros. Mais especificamente, compromete-se a implementar o Plano de Habita\u00e7\u00e3o de Interesse Social da <a href=\"http:\/\/bit.ly\/1cVBDvL\" target=\"_blank\" rel=\"noopener\">Regi\u00e3o do Porto<\/a> (incluindo a cria\u00e7\u00e3o de unidades habitacionais, o aluguel social e regulariza\u00e7\u00e3o fundi\u00e1ria) e de \u201cproduzir Unidades Habitacionais de Interesse P\u00fablico na favela do <a href=\"http:\/\/bit.ly\/19t7wK0\" target=\"_blank\" rel=\"noopener\">Jacarezinho<\/a>\u201d. O crit\u00e9rio de sele\u00e7\u00e3o do Jacarezinho n\u00e3o foi divulgado, tampouco o que seriam habita\u00e7\u00f5es de interesse p\u00fablico em vez de social.<\/p>\n<h4><strong>Territ\u00f3rios Integrados<\/strong><\/h4>\n<p>O &#8220;Territ\u00f3rios Integrados&#8221; compreender\u00e1 a\u00e7\u00f5es que contribuam para \u201cintegra\u00e7\u00e3o urban\u00edstica, social, econ\u00f4mica e cultural dos moradores dos assentamentos prec\u00e1rios informais \u00e0 cidade\u201d, incluindo a \u201curbaniza\u00e7\u00e3o e implanta\u00e7\u00e3o de infraestrutura em assentamentos prec\u00e1rios\u201d, o desenvolvimento de \u201cestudos visando \u00e0 requalifica\u00e7\u00e3o das comunidades de <a href=\"http:\/\/bit.ly\/2l0Hf1G\" target=\"_blank\" rel=\"noopener\">Rio das Pedras<\/a> e da <a href=\"http:\/\/bit.ly\/10BvARw\" target=\"_blank\" rel=\"noopener\">Mar\u00e9<\/a>\u201d, a \u201cregulariza\u00e7\u00e3o urban\u00edstica e <a href=\"http:\/\/bit.ly\/1g5NTqt\" target=\"_blank\" rel=\"noopener\">fundi\u00e1ria<\/a> atrav\u00e9s da aprova\u00e7\u00e3o de Projetos de Alinhamentos e Loteamentos e de reconhecimento de logradouros em \u00c1reas de Especial Interesse Social (<a href=\"http:\/\/bit.ly\/2izP6C1\" target=\"_blank\" rel=\"noopener\">AEIS<\/a>)\u201d, a disponibiliza\u00e7\u00e3o de \u201cinforma\u00e7\u00f5es digitais, por meio do SIURB, referentes a projetos de infraestrutura para inicialmente 50 favelas\u201d, a \u201crecupera\u00e7\u00e3o de domic\u00edlios prec\u00e1rios e requalifica\u00e7\u00e3o de conjuntos habitacionais\u201d, entre outros.<\/p>\n<h4><strong>Centralidades Cariocas<\/strong><\/h4>\n<p>&#8220;Centralidades Cariocas&#8221; promover\u00e1 a contrata\u00e7\u00e3o de novas unidades habitacionais na \u00e1rea central e a ocupa\u00e7\u00e3o ou revitaliza\u00e7\u00e3o de im\u00f3veis vazios e subutilizados para fortalecer o potencial habitacional do <a href=\"http:\/\/bit.ly\/1qX7nZG\" target=\"_blank\" rel=\"noopener\">Centro<\/a> e aliviar o d\u00e9ficit habitacional do resto da cidade.<\/p>\n<h3><a href=\"http:\/\/rioonwatch.org.br\/wp-content\/uploads\/2017\/07\/Rio-das-Pedras.-Foto-Custodio-Coimbra-O-Globo.jpg\"><img decoding=\"async\" class=\"aligncenter wp-image-26650 size-content\" title=\"Rio das Pedras. Foto Custodio Coimbra - O Globo\" src=\"http:\/\/rioonwatch.org.br\/wp-content\/uploads\/2017\/07\/Rio-das-Pedras.-Foto-Custodio-Coimbra-O-Globo-620x264.jpg\" alt=\"\" width=\"620\" height=\"264\" srcset=\"https:\/\/rioonwatch.org.br\/wp-content\/uploads\/2017\/07\/Rio-das-Pedras.-Foto-Custodio-Coimbra-O-Globo-620x264.jpg 620w, https:\/\/rioonwatch.org.br\/wp-content\/uploads\/2017\/07\/Rio-das-Pedras.-Foto-Custodio-Coimbra-O-Globo-940x400.jpg 940w\" sizes=\"(max-width: 620px) 100vw, 620px\" \/><\/a><\/h3>\n<p>Essas tr\u00eas iniciativas estrat\u00e9gicas&#8211;Mais Moradias, Territ\u00f3rios Integrados, e Centralidades Cariocas&#8211;est\u00e3o alinhadas \u00e0s seguintes metas que dizem respeito a favelas:<\/p>\n<ul>\n<li><strong>M73: Beneficiar 21 favelas em \u00c1reas de Especial Interesse Social (AEIS), realizando obras de urbaniza\u00e7\u00e3o at\u00e9 2020.\u00a0<\/strong>Sua inclus\u00e3o representa um avan\u00e7o, mas levanta quest\u00f5es que n\u00e3o s\u00e3o abarcadas no Plano de como essa urbaniza\u00e7\u00e3o ser\u00e1 feita. Ela ter\u00e1 <a href=\"http:\/\/bit.ly\/1rOePGu\" target=\"_blank\" rel=\"noopener\">participa\u00e7\u00e3o da popula\u00e7\u00e3o<\/a> no seu planejamento e execu\u00e7\u00e3o? Ser\u00e1 feita por meio de programas <a href=\"http:\/\/bit.ly\/1muQwLu\" target=\"_blank\" rel=\"noopener\">previamente estudadas<\/a> e existentes, como o <a href=\"http:\/\/bit.ly\/yUD1ZW\" target=\"_blank\" rel=\"noopener\">Morar Carioca<\/a>, ou por novos programas? Envolver\u00e1 <a href=\"http:\/\/bit.ly\/1Rq1j7H\" target=\"_blank\" rel=\"noopener\">parcerias p\u00fablico-privadas<\/a>? Quais ser\u00e3o os crit\u00e9rios de escolha dessas favelas? Como foi definido esse n\u00famero e qual a dimens\u00e3o das favelas que ser\u00e3o escolhidas, em termos de fam\u00edlias que ser\u00e3o impactadas?<\/li>\n<li><strong>M74: Concluir os estudos para Requalifica\u00e7\u00e3o Urbana de <a href=\"http:\/\/bit.ly\/2l0Hf1G\" target=\"_blank\" rel=\"noopener\">Rio das Pedras<\/a> at\u00e9 2018.\u00a0<\/strong>Crivella anunciou ainda em campanha que iria utilizar-se de concess\u00f5es e parcerias p\u00fablico-privadas para resolver o d\u00e9ficit habitacional de Rio das Pedras, apostando na verticaliza\u00e7\u00e3o. Essa estrat\u00e9gia j\u00e1 foi adotada por especuladores milicianos que constru\u00edram pr\u00e9dios sem licen\u00e7a da prefeitura. Os problemas de infraestrutura v\u00e3o al\u00e9m da quest\u00e3o habitacional, incluindo problemas de saneamento, que tamb\u00e9m precisam ser abarcados pelo estudo.<\/li>\n<li><strong>M75: Beneficiar 100.000 domic\u00edlios com procedimentos de regulariza\u00e7\u00e3o urban\u00edstica e fundi\u00e1ria at\u00e9 2020.\u00a0<\/strong>De forma simplificada, o debate sobre as vantagens e desvantagens da regulariza\u00e7\u00e3o fundi\u00e1ria nas favelas incluem, de um lado, o acesso \u00e0 cr\u00e9dito e a possibilidade de venda no mercado formal e, do outro, o in\u00edcio de uma <a href=\"http:\/\/bit.ly\/2jOtulR\" target=\"_blank\" rel=\"noopener\">tributa\u00e7\u00e3o proibitiva para a perman\u00eancia na favela e a inser\u00e7\u00e3o da terra no mercado<\/a>, abrindo espa\u00e7o para a <a href=\"http:\/\/bit.ly\/184FqS4\" target=\"_blank\" rel=\"noopener\">gentrifica\u00e7\u00e3o<\/a>. No caso espec\u00edfico do Rio, onde <a href=\"http:\/\/bit.ly\/2hq7gD6\" target=\"_blank\" rel=\"noopener\">favelas tituladas como a Vila Aut\u00f3dromo historicamente correm o mesmo risco de remo\u00e7\u00e3o<\/a> quanto n\u00e3o-tituladas, o t\u00edtulo n\u00e3o \u00e9 sin\u00f4nimo de garantia de perman\u00eancia.<\/li>\n<li><strong>M76: Garantir que 14.204 moradias n\u00e3o estar\u00e3o em \u00e1rea de alto risco geol\u00f3gico-geot\u00e9cnico no Maci\u00e7o da Tijuca at\u00e9 2020.\u00a0<\/strong>O Plano afirma que s\u00e3o 20.664 as fam\u00edlias em \u00e1reas de risco no entorno do Maci\u00e7o da Tijuca e nos <a href=\"http:\/\/bit.ly\/U0MiGm\" target=\"_blank\" rel=\"noopener\">Complexos do Alem\u00e3o<\/a> e da <a href=\"http:\/\/bit.ly\/1rX07t8\" target=\"_blank\" rel=\"noopener\">Penha<\/a>, mas a meta se restringe ao Maci\u00e7o da Tijuca. Essa meta ser\u00e1 medida pelos \u201cn\u00fameros acumulado de moradias retiradas de \u00e1rea de alto risco\u201d. Isso abre espa\u00e7o para duas interpreta\u00e7\u00f5es: a retirada da categoria de risco pela realiza\u00e7\u00e3o de obras de infraestrutura que reduzam os riscos, ou a remo\u00e7\u00e3o das resid\u00eancias, o que \u00e9 preocupante. Ser\u00e3o priorizadas as obras de infraestrutura para n\u00e3o desarticular o tecido social das comunidades pelo reassentamento em \u00e1reas distantes? Ou o <a href=\"http:\/\/bit.ly\/184DRpn\" target=\"_blank\" rel=\"noopener\">discurso do risco ser\u00e1 apropriado para justificar remo\u00e7\u00f5es<\/a> violentas? \u00c9 importante analisar melhor estes dados pois existe um <a href=\"http:\/\/bit.ly\/RiscoFavelas\" target=\"_blank\" rel=\"noopener\">hist\u00f3rico da GEO-Rio exagerando os riscos<\/a> em certas favelas aparentemente para justificar a remo\u00e7\u00e3o for\u00e7ada. \u00c9 preciso ter um plano de a\u00e7\u00e3o claro, constru\u00eddo de forma participativa, e pautado na compatibiliza\u00e7\u00e3o do risco f\u00edsico e da din\u00e2mica de pertencimento dos moradores.<\/li>\n<li><strong>M77: Contratar 20.000 Unidades Habitacionais de Interesse Social at\u00e9 dezembro de 2020.\u00a0<\/strong>Faz-se necess\u00e1rio conhecer os crit\u00e9rios de distribui\u00e7\u00e3o geogr\u00e1fica dessas unidades. \u00c9 desej\u00e1vel que estejam localizadas em \u00e1reas centrais subutilizadas, promovendo o uso misto, do que em locais distantes e desarticulados em termos de transporte, <a href=\"http:\/\/bit.ly\/2dqkrAR\" target=\"_blank\" rel=\"noopener\">como frequentemente \u00e9 o caso<\/a>.<\/li>\n<\/ul>\n<p>Na dimens\u00e3o da Economia, algumas metas e iniciativas falam da descentraliza\u00e7\u00e3o do emprego para as <a href=\"http:\/\/bit.ly\/WximDf\" target=\"_blank\" rel=\"noopener\">Zonas Norte<\/a> e <a href=\"http:\/\/bit.ly\/11tBmFR\" target=\"_blank\" rel=\"noopener\">Oeste<\/a>, a capacita\u00e7\u00e3o de jovens de \u00e1reas vulner\u00e1veis e mais suscet\u00edveis \u00e0 <a href=\"http:\/\/bit.ly\/2lLLX07\" target=\"_blank\" rel=\"noopener\">informalidade<\/a> e a prioriza\u00e7\u00e3o de compras por parte do munic\u00edpio de atividades exercidas em regi\u00f5es mais vulner\u00e1veis da cidade (que ser\u00e3o chamadas de Zona Franca Social). O Plano traz, ainda, uma plataforma online, chamada de <a href=\"http:\/\/bit.ly\/2sGUGZv\" target=\"_blank\" rel=\"noopener\">Rede Comunidade Integrada<\/a>, para conectar ofertas e demandas locais, cujo projeto piloto ser\u00e1 implementado nas comunidades da Mar\u00e9.\u00a0Na dimens\u00e3o ambiental, a\u00a0\u201creadequa\u00e7\u00e3o ambiental dos rios pr\u00f3ximos a comunidades carentes\u201d, como parte do <a href=\"https:\/\/glo.bo\/2tpYdIY\" target=\"_blank\" rel=\"noopener\">programa Rios Cariocas<\/a>, poder\u00e1 levar a remo\u00e7\u00f5es pautadas no argumento ambiental. Al\u00e9m disso, pode-se questionar a restri\u00e7\u00e3o do programa aos rios pr\u00f3ximos a \u201ccomunidades carentes\u201d, em vez de trazer uma justificativa ambiental como crit\u00e9rio.<\/p>\n<p>J\u00e1 a dimens\u00e3o Social engloba quest\u00f5es de <a href=\"http:\/\/bit.ly\/1kzUmMv\" target=\"_blank\" rel=\"noopener\">sa\u00fade<\/a>, <a href=\"http:\/\/bit.ly\/1fRNcBs\" target=\"_blank\" rel=\"noopener\">seguran\u00e7a p\u00fablica<\/a>, <a href=\"http:\/\/bit.ly\/1acNApR\" target=\"_blank\" rel=\"noopener\">educa\u00e7\u00e3o<\/a>, <a href=\"http:\/\/bit.ly\/1NzHxSq\" target=\"_blank\" rel=\"noopener\">cultura<\/a>, entre outros. No \u00e2mbito da sa\u00fade, prev\u00ea-se a expans\u00e3o do <a href=\"http:\/\/bit.ly\/2sGykHN\" target=\"_blank\" rel=\"noopener\">Programa Sa\u00fade da Fam\u00edlia<\/a>, al\u00e9m da expans\u00e3o no n\u00famero de leitos, policl\u00ednicas e procedimentos cir\u00fargicos. Para a educa\u00e7\u00e3o, o Plano prop\u00f5e a abertura de 40.000 vagas em creche, 15.000 em pr\u00e9-escolas e 45% dos alunos matriculados em tempo integral na rede p\u00fablica. O plano ainda compromete-se com a reforma e reabertura de equipamentos culturais, muitos dos quais est\u00e3o localizados em favelas (como a <a href=\"http:\/\/bit.ly\/1mvK9a8\" target=\"_blank\" rel=\"noopener\">Biblioteca Parque Manguinhos<\/a>, <a href=\"http:\/\/glo.bo\/2kQV83l\" target=\"_blank\" rel=\"noopener\">fechada no ano passado por falta de verbas<\/a>) apesar de n\u00e3o prever a cria\u00e7\u00e3o de novos.<\/p>\n<p><a href=\"http:\/\/rioonwatch.org.br\/wp-content\/uploads\/2017\/07\/Guarda-Municipal.jpg\"><img loading=\"lazy\" decoding=\"async\" class=\"aligncenter wp-image-26680 size-content\" title=\"A\u00e7\u00e3o de policiamento ostensivo da Guarda Municipal contra foli\u00f5es com uso de spray de pimenta durante o carnaval. Foto: Robson Monte \/ Divulga\u00e7\u00e3o O Dia.\" src=\"http:\/\/rioonwatch.org.br\/wp-content\/uploads\/2017\/07\/Guarda-Municipal-620x264.jpg\" alt=\"A\u00e7\u00e3o de policiamento ostensivo da Guarda Municipal contra foli\u00f5es com uso de spray de pimenta durante o carnaval. Foto: Robson Monte \/ Divulga\u00e7\u00e3o O Dia.\" width=\"620\" height=\"264\" \/><\/a><\/p>\n<h3>As favelas fora do plano<\/h3>\n<p>Consideramos que alguns pontos levantados no Plano deveriam ter sido trazidos em sua dimens\u00e3o territorializada, pelo impacto que t\u00eam sobre as favelas. Eles incluem, mas n\u00e3o se limitam \u00e0s seguintes iniciativas:<\/p>\n<h4><strong>Rio de Janeiro a Janeiro<\/strong><\/h4>\n<p>A iniciativa &#8220;Rio de Janeiro a Janeiro&#8221; visa a promo\u00e7\u00e3o de eventos culturais e art\u00edsticos, al\u00e9m do incentivo ao turismo, mas n\u00e3o menciona em nenhum momento <a href=\"http:\/\/bit.ly\/1a1M6kK\" target=\"_blank\" rel=\"noopener\">atividades culturais<\/a> e <a href=\"http:\/\/bit.ly\/2rhRWQ2\" target=\"_blank\" rel=\"noopener\">tur\u00edsticas desenvolvidas em favelas<\/a>. Essas atividades geram emprego e renda dentro da comunidade, al\u00e9m de refor\u00e7arem a seguran\u00e7a e estimularem a autoestima, mas ao n\u00e3o reconhecer essas manifesta\u00e7\u00f5es, tampouco a necessidade de incentiv\u00e1-las, o Plano n\u00e3o fornece garantia contra as <a href=\"http:\/\/bit.ly\/2sLa3vW\" target=\"_blank\" rel=\"noopener\">barreiras que t\u00eam sido postas ao seu acontecimento<\/a> pelos comandos das UPPs, entre outros.<\/p>\n<h4><strong>Seguran\u00e7a Cidad\u00e3 \/ Pol\u00edticas de Incentivo e Programa Presente<\/strong><\/h4>\n<p>As iniciativas de seguran\u00e7a p\u00fablica do Plano n\u00e3o fazem men\u00e7\u00e3o a pol\u00edticas e a\u00e7\u00f5es voltadas para favelas, onde se <a href=\"http:\/\/bit.ly\/2to5Y51\" target=\"_blank\" rel=\"noopener\">concentra a maior letalidade do munic\u00edpio<\/a>. Poderia-se atribuir isso \u00e0 atua\u00e7\u00e3o limitada da prefeitura sobre o tema devido a sua n\u00e3o inger\u00eancia sobre a Pol\u00edcia Militar, mas h\u00e1 uma meta que versa sobre a redu\u00e7\u00e3o dos crimes de baixa letalidade na orla da cidade, levantando o questionamento de onde estariam as metas para o resto da cidade, n\u00e3o tur\u00edstica e menos abastada.<\/p>\n<p>Al\u00e9m disso, tais iniciativas tratam da requalifica\u00e7\u00e3o do trabalho da <a href=\"http:\/\/bit.ly\/1lsMZxQ\" target=\"_blank\" rel=\"noopener\">Guarda Municipal<\/a> e do incremento do programa de guarda de proximidade. O trabalho da Guarda ser\u00e1 pautado em um \u201cpoliciamento comunit\u00e1rio e de vigil\u00e2ncia ostensiva\u201d, por meio de uma atua\u00e7\u00e3o mais \u201cproativa\u201d, o que levanta preocupa\u00e7\u00f5es em termos de quem ser\u00e1 protegido e contra quem, ainda mais com a inten\u00e7\u00e3o atual da prefeitura de <a href=\"https:\/\/glo.bo\/2uLbtra\" target=\"_blank\" rel=\"noopener\">armar a Guarda<\/a>. Assim, colocam-se duas importantes perguntas: quais ser\u00e3o as \u00e1reas da cidade que contar\u00e3o com esse policiamento, e contra quem essa vigil\u00e2ncia ostensiva ser\u00e1 feita?<\/p>\n<p>\u00c9 previsto ainda \u201co pagamento de bonifica\u00e7\u00e3o aos agentes da seguran\u00e7a p\u00fablica estadual e municipal\u201d, o que incluiria a Pol\u00edcia Militar, ainda que n\u00e3o seja do escopo da prefeitura. O incentivo a uma vigil\u00e2ncia dita \u201costensiva\u201d e a remunera\u00e7\u00e3o por metas de \u201credu\u00e7\u00e3o da criminalidade\u201d n\u00e3o definidas de forma bastante precisa arriscam levar \u00e0 autoriza\u00e7\u00e3o de pr\u00e1ticas j\u00e1 comuns de trucul\u00eancia e de atua\u00e7\u00e3o racista das for\u00e7as de seguran\u00e7a.<\/p>\n<p>Metas vinculadas:<\/p>\n<ul>\n<li><strong>M43: Reduzir em 50% os \u00edndices criminais de baixa letalidade na orla da cidade do Rio de Janeiro, at\u00e9 2020.<\/strong><\/li>\n<li><strong>M44: Manter 80% dos guardas municipais do efetivo dispon\u00edvel em policiamento comunit\u00e1rio e vigil\u00e2ncia ostensiva da cidade (extramuros) diariamente, at\u00e9 2020.<\/strong><\/li>\n<li><strong>M46: Criar o Fundo Especial de Ordem P\u00fablica (FEOP), at\u00e9 2018, para incrementar a Pol\u00edtica da Guarda de Proximidade na cidade do Rio de Janeiro.<\/strong><\/li>\n<\/ul>\n<h4><strong>Pelos Direitos Humanos<\/strong><\/h4>\n<p>A iniciativa visa a cria\u00e7\u00e3o de n\u00facleos de Direitos Humanos em cada uma das 5 \u00e1reas de planejamento, \u201cque promovam o di\u00e1logo permanente sobre Direitos Humanos, propiciando uma an\u00e1lise da realidade local \u00e0 luz dos temas preconizados\u201d. Apesar da dimens\u00e3o territorial trazida, falta uma men\u00e7\u00e3o mais espec\u00edfica \u00e0s favelas, tanto em termos de atua\u00e7\u00e3o territorial desses n\u00facleos, quanto das tem\u00e1ticas abordadas. <a href=\"http:\/\/bit.ly\/2dKGkPl\" target=\"_blank\" rel=\"noopener\">Como falar de direitos humanos<\/a> no Rio de Janeiro sem mencionar viola\u00e7\u00f5es que incluem remo\u00e7\u00f5es, invas\u00f5es de domic\u00edlio, c\u00e1rcere privado, viol\u00eancia policial desproporcional e enviesada?<\/p>\n<h4><strong>Expans\u00e3o do Saneamento<\/strong><\/h4>\n<p>A iniciativa foca somente na expans\u00e3o de <a href=\"http:\/\/bit.ly\/1diQ7Xa\" target=\"_blank\" rel=\"noopener\">saneamento<\/a> na AP4 (Barra da Tijuca e Jacarepagu\u00e1), que ser\u00e1 feito por meio de concess\u00f5es privadas, n\u00e3o levando em considera\u00e7\u00e3o que essa infraestrutura \u00e9 a <a href=\"http:\/\/bit.ly\/2cD3jZc\" target=\"_blank\" rel=\"noopener\">maior demanda<\/a> em territ\u00f3rios de favela\u00a0<a href=\"http:\/\/bit.ly\/1NzuogA\" target=\"_blank\" rel=\"noopener\">por toda a cidade<\/a>.<\/p>\n<p><a href=\"http:\/\/rioonwatch.org.br\/wp-content\/uploads\/2017\/07\/Audiencia-Vila.jpg\"><img loading=\"lazy\" decoding=\"async\" class=\"aligncenter wp-image-26679 size-content\" title=\"Exemplo de participa\u00e7\u00e3o cidad\u00e3 e monitoramento: audi\u00eancia p\u00fablica pela perman\u00eancia da Vila Aut\u00f3dromo na C\u00e2mara Municipal do Rio. Foto: M\u00eddia Ninja.\" src=\"http:\/\/rioonwatch.org.br\/wp-content\/uploads\/2017\/07\/Audiencia-Vila-620x264.jpg\" alt=\"Exemplo de participa\u00e7\u00e3o cidad\u00e3 e monitoramento: audi\u00eancia p\u00fablica pela perman\u00eancia da Vila Aut\u00f3dromo na C\u00e2mara Municipal do Rio. Foto: M\u00eddia Ninja.\" width=\"620\" height=\"264\" srcset=\"https:\/\/rioonwatch.org.br\/wp-content\/uploads\/2017\/07\/Audiencia-Vila-620x264.jpg 620w, https:\/\/rioonwatch.org.br\/wp-content\/uploads\/2017\/07\/Audiencia-Vila-940x400.jpg 940w\" sizes=\"(max-width: 620px) 100vw, 620px\" \/><\/a><\/p>\n<h3>E agora?<\/h3>\n<p>Na dimens\u00e3o da governan\u00e7a, o pr\u00f3prio Plano j\u00e1 afirma que visa promover a transpar\u00eancia e a participa\u00e7\u00e3o da popula\u00e7\u00e3o nas pol\u00edticas p\u00fablicas, buscando uma governan\u00e7a descentralizada mais pr\u00f3xima da popula\u00e7\u00e3o, de forma a reduzir as desigualdades regionais. Para isso, a prefeitura comprometeu-se em divulgar as datas das oficinas para consulta acerca do Plano, al\u00e9m de uma plataforma online para onde contribui\u00e7\u00f5es poder\u00e3o ser enviadas. Depois de consolidado, a prefeitura comprometeu-se com a disponibiliza\u00e7\u00e3o de relat\u00f3rios semestrais e anuais para avaliar o andamento do Plano, al\u00e9m de plataformas de <a href=\"http:\/\/bit.ly\/EscadaParticipacao\" target=\"_blank\" rel=\"noopener\">monitoramento e controle social<\/a>.<\/p>\n<p>Agora cabe \u00e0 popula\u00e7\u00e3o avaliar a adequa\u00e7\u00e3o das metas colocadas e o que falta ser abrangido pelo Plano para propor mudan\u00e7as ou inclus\u00f5es e, posteriormente o monitoramento das metas e a cobran\u00e7a de suas implementa\u00e7\u00f5es, para al\u00e9m dos canais fornecidos pela prefeitura. <a href=\"http:\/\/bit.ly\/2qScNX2\" target=\"_blank\" rel=\"noopener\">Divulgaremos em nossa p\u00e1gina<\/a> a agenda de consultas e os canais dispon\u00edveis para a participa\u00e7\u00e3o.<\/p>\n<!-- AddThis Advanced Settings generic via filter on the_content --><!-- AddThis Share Buttons generic via filter on the_content -->","protected":false},"excerpt":{"rendered":"<div class=\"mh-excerpt\"><p>Click Here for English A prefeitura entregou nesta ter\u00e7a-feira dia 4 de julho, com alguns dias de atraso, a proposta de Plano Estrat\u00e9gico para a gest\u00e3o municipal 2017-2020. S\u00e3o quatro grandes dimens\u00f5es tem\u00e1ticas&#8211;Economia, Social, Urbano-Ambiental <a class=\"mh-excerpt-more\" href=\"https:\/\/rioonwatch.org.br\/?p=26635\" title=\"Crivella Divulga Plano Estrat\u00e9gico de Sua Gest\u00e3o: Como Fica o Plano para as Favelas?\">[&#8230;]<\/a><!-- AddThis Advanced Settings generic via filter on get_the_excerpt --><!-- AddThis Share Buttons generic via filter on get_the_excerpt --><\/p>\n<\/div>","protected":false},"author":152,"featured_media":26675,"comment_status":"closed","ping_status":"closed","sticky":false,"template":"","format":"standard","meta":{"_acf_changed":false,"_monsterinsights_skip_tracking":false,"_monsterinsights_sitenote_active":false,"_monsterinsights_sitenote_note":"","_monsterinsights_sitenote_category":0,"footnotes":""},"categories":[2089,1617,1618,1614,1857,1621,1632,1631,344,342],"tags":[911,2056,274,259,332,217,730,1220,424,88,395,889,1173,994,599,1982,106,246,270,505,304,2148,838,494,82,14,1393],"writer":[777],"translator":[],"source":[],"ilustrador":[],"fotografo":[],"class_list":{"0":"post-26635","1":"post","2":"type-post","3":"status-publish","4":"format-standard","5":"has-post-thumbnail","7":"category-monitoramento","8":"category-olhonagentrificacao","9":"category-olhonaparticipacao","10":"category-olhonasremocoes","11":"category-olhonaurbanizacao","12":"category-destaque","13":"category-pesquisa-e-analise","14":"category-entendendo-o-rio","15":"category-politicas","16":"category-solucoes","17":"tag-area-de-risco","18":"tag-aeis-zeis","19":"tag-barra-da-tijuca","20":"tag-centro","21":"tag-complexo-da-mare","22":"tag-complexo-do-alemao","23":"tag-conjunto-habitacional","24":"tag-deficit-habitacional","25":"tag-direito-a-moradia","26":"tag-direitos-humanos","27":"tag-gentrificacao-remocao-branca","28":"tag-geo-rio","29":"tag-guarda-municipal","30":"tag-habitacao-publica","31":"tag-jacarezinho","32":"tag-marcelo-crivella","33":"tag-meio-ambiente","34":"tag-minha-casa-minha-vida","35":"tag-morar-carioca","36":"tag-parceria-publico-privado","37":"tag-participacao","38":"tag-plano-estrategico","39":"tag-politica-publica","40":"tag-regiao-do-porto","41":"tag-regularizacao-fundiaria","42":"tag-remocao","43":"tag-rio-das-pedras","44":"writer-rioonwatch"},"acf":[],"yoast_head":"<!-- This site is optimized with the Yoast SEO plugin v25.6 - https:\/\/yoast.com\/wordpress\/plugins\/seo\/ -->\n<title>Crivella Divulga Plano Estrat\u00e9gico de Sua Gest\u00e3o: Como Fica o Plano para as Favelas? - RioOnWatch<\/title>\n<meta name=\"robots\" content=\"index, follow, max-snippet:-1, max-image-preview:large, max-video-preview:-1\" \/>\n<link rel=\"canonical\" href=\"https:\/\/rioonwatch.org.br\/?p=26635\" \/>\n<meta property=\"og:locale\" content=\"pt_BR\" \/>\n<meta property=\"og:type\" content=\"article\" \/>\n<meta property=\"og:title\" content=\"Crivella Divulga Plano Estrat\u00e9gico de Sua Gest\u00e3o: Como Fica o Plano para as Favelas? - RioOnWatch\" \/>\n<meta property=\"og:description\" content=\"Click Here for English A prefeitura entregou nesta ter\u00e7a-feira dia 4 de julho, com alguns dias de atraso, a proposta de Plano Estrat\u00e9gico para a gest\u00e3o municipal 2017-2020. S\u00e3o quatro grandes dimens\u00f5es tem\u00e1ticas&#8211;Economia, Social, Urbano-Ambiental [...]\" \/>\n<meta property=\"og:url\" content=\"https:\/\/rioonwatch.org.br\/?p=26635\" \/>\n<meta property=\"og:site_name\" content=\"RioOnWatch\" \/>\n<meta property=\"article:published_time\" content=\"2017-07-06T10:00:37+00:00\" \/>\n<meta property=\"article:modified_time\" content=\"2018-05-29T19:49:08+00:00\" \/>\n<meta property=\"og:image\" content=\"https:\/\/rioonwatch.org.br\/wp-content\/uploads\/2017\/07\/Plano-Estrategico.jpg\" \/>\n\t<meta property=\"og:image:width\" content=\"1651\" \/>\n\t<meta property=\"og:image:height\" content=\"1132\" \/>\n\t<meta property=\"og:image:type\" content=\"image\/jpeg\" \/>\n<meta name=\"author\" content=\"Luisa Fenizola\" \/>\n<meta name=\"twitter:card\" content=\"summary_large_image\" \/>\n<meta name=\"twitter:label1\" content=\"Escrito por\" \/>\n\t<meta name=\"twitter:data1\" content=\"Luisa Fenizola\" \/>\n\t<meta name=\"twitter:label2\" content=\"Est. tempo de leitura\" \/>\n\t<meta name=\"twitter:data2\" content=\"12 minutos\" \/>\n<script type=\"application\/ld+json\" class=\"yoast-schema-graph\">{\"@context\":\"https:\/\/schema.org\",\"@graph\":[{\"@type\":\"Article\",\"@id\":\"https:\/\/rioonwatch.org.br\/?p=26635#article\",\"isPartOf\":{\"@id\":\"https:\/\/rioonwatch.org.br\/?p=26635\"},\"author\":{\"name\":\"Luisa Fenizola\",\"@id\":\"https:\/\/rioonwatch.org.br\/#\/schema\/person\/f443c6b55bb6e80842280318076491c5\"},\"headline\":\"Crivella Divulga Plano Estrat\u00e9gico de Sua Gest\u00e3o: Como Fica o Plano para as Favelas?\",\"datePublished\":\"2017-07-06T10:00:37+00:00\",\"dateModified\":\"2018-05-29T19:49:08+00:00\",\"mainEntityOfPage\":{\"@id\":\"https:\/\/rioonwatch.org.br\/?p=26635\"},\"wordCount\":2446,\"publisher\":{\"@id\":\"https:\/\/rioonwatch.org.br\/#organization\"},\"image\":{\"@id\":\"https:\/\/rioonwatch.org.br\/?p=26635#primaryimage\"},\"thumbnailUrl\":\"https:\/\/rioonwatch.org.br\/wp-content\/uploads\/2017\/07\/Plano-Estrategico.jpg\",\"keywords\":[\"\\\"\u00e1rea de risco\\\"\",\"AEIS \/ ZEIS\",\"Barra da Tijuca\",\"Centro\",\"Complexo da Mar\u00e9\",\"Complexo do Alem\u00e3o\",\"conjunto habitacional\",\"d\u00e9ficit habitacional\",\"Direito \u00e0 Moradia\",\"Direitos Humanos\",\"gentrifica\u00e7\u00e3o\",\"GEO-Rio\",\"Guarda Municipal\",\"habita\u00e7\u00e3o p\u00fablica\",\"Jacarezinho\",\"Marcelo Crivella\",\"meio ambiente\",\"Minha Casa Minha Vida\",\"Morar Carioca\",\"Parceria P\u00fablico-Privada\",\"participa\u00e7\u00e3o\",\"Plano Estrat\u00e9gico\",\"pol\u00edtica p\u00fablica\",\"Regi\u00e3o do Porto\",\"regulariza\u00e7\u00e3o fundi\u00e1ria\",\"Remo\u00e7\u00e3o\",\"Rio das Pedras\"],\"articleSection\":[\"#Monitoramento\",\"#OlhoNaGentrifica\u00e7\u00e3o\",\"#OlhoNaParticipa\u00e7\u00e3o\",\"#OlhoNasRemo\u00e7\u00f5es\",\"#OlhoNaUrbaniza\u00e7\u00e3o\",\"*Destaque\",\"Dados e Pesquisa\",\"Entendendo o Rio\",\"Pol\u00edticas\",\"Solu\u00e7\u00f5es\"],\"inLanguage\":\"pt-BR\"},{\"@type\":\"WebPage\",\"@id\":\"https:\/\/rioonwatch.org.br\/?p=26635\",\"url\":\"https:\/\/rioonwatch.org.br\/?p=26635\",\"name\":\"Crivella Divulga Plano Estrat\u00e9gico de Sua Gest\u00e3o: Como Fica o Plano para as Favelas? - RioOnWatch\",\"isPartOf\":{\"@id\":\"https:\/\/rioonwatch.org.br\/#website\"},\"primaryImageOfPage\":{\"@id\":\"https:\/\/rioonwatch.org.br\/?p=26635#primaryimage\"},\"image\":{\"@id\":\"https:\/\/rioonwatch.org.br\/?p=26635#primaryimage\"},\"thumbnailUrl\":\"https:\/\/rioonwatch.org.br\/wp-content\/uploads\/2017\/07\/Plano-Estrategico.jpg\",\"datePublished\":\"2017-07-06T10:00:37+00:00\",\"dateModified\":\"2018-05-29T19:49:08+00:00\",\"breadcrumb\":{\"@id\":\"https:\/\/rioonwatch.org.br\/?p=26635#breadcrumb\"},\"inLanguage\":\"pt-BR\",\"potentialAction\":[{\"@type\":\"ReadAction\",\"target\":[\"https:\/\/rioonwatch.org.br\/?p=26635\"]}]},{\"@type\":\"ImageObject\",\"inLanguage\":\"pt-BR\",\"@id\":\"https:\/\/rioonwatch.org.br\/?p=26635#primaryimage\",\"url\":\"https:\/\/rioonwatch.org.br\/wp-content\/uploads\/2017\/07\/Plano-Estrategico.jpg\",\"contentUrl\":\"https:\/\/rioonwatch.org.br\/wp-content\/uploads\/2017\/07\/Plano-Estrategico.jpg\",\"width\":1651,\"height\":1132},{\"@type\":\"BreadcrumbList\",\"@id\":\"https:\/\/rioonwatch.org.br\/?p=26635#breadcrumb\",\"itemListElement\":[{\"@type\":\"ListItem\",\"position\":1,\"name\":\"In\u00edcio\",\"item\":\"https:\/\/rioonwatch.org.br\/\"},{\"@type\":\"ListItem\",\"position\":2,\"name\":\"Crivella Divulga Plano Estrat\u00e9gico de Sua Gest\u00e3o: Como Fica o Plano para as Favelas?\"}]},{\"@type\":\"WebSite\",\"@id\":\"https:\/\/rioonwatch.org.br\/#website\",\"url\":\"https:\/\/rioonwatch.org.br\/\",\"name\":\"RioOnWatch\",\"description\":\"relatos das favelas cariocas\",\"publisher\":{\"@id\":\"https:\/\/rioonwatch.org.br\/#organization\"},\"potentialAction\":[{\"@type\":\"SearchAction\",\"target\":{\"@type\":\"EntryPoint\",\"urlTemplate\":\"https:\/\/rioonwatch.org.br\/?s={search_term_string}\"},\"query-input\":{\"@type\":\"PropertyValueSpecification\",\"valueRequired\":true,\"valueName\":\"search_term_string\"}}],\"inLanguage\":\"pt-BR\"},{\"@type\":\"Organization\",\"@id\":\"https:\/\/rioonwatch.org.br\/#organization\",\"name\":\"RioOnWatch\",\"url\":\"https:\/\/rioonwatch.org.br\/\",\"logo\":{\"@type\":\"ImageObject\",\"inLanguage\":\"pt-BR\",\"@id\":\"https:\/\/rioonwatch.org.br\/#\/schema\/logo\/image\/\",\"url\":\"https:\/\/rioonwatch.org.br\/wp-content\/uploads\/2021\/06\/RioOnWatchcabecalhoPT11anos-2.png\",\"contentUrl\":\"https:\/\/rioonwatch.org.br\/wp-content\/uploads\/2021\/06\/RioOnWatchcabecalhoPT11anos-2.png\",\"width\":779,\"height\":277,\"caption\":\"RioOnWatch\"},\"image\":{\"@id\":\"https:\/\/rioonwatch.org.br\/#\/schema\/logo\/image\/\"}},{\"@type\":\"Person\",\"@id\":\"https:\/\/rioonwatch.org.br\/#\/schema\/person\/f443c6b55bb6e80842280318076491c5\",\"name\":\"Luisa Fenizola\",\"image\":{\"@type\":\"ImageObject\",\"inLanguage\":\"pt-BR\",\"@id\":\"https:\/\/rioonwatch.org.br\/#\/schema\/person\/image\/\",\"url\":\"https:\/\/secure.gravatar.com\/avatar\/a3d551110162b9f876cbbdaaecf75663?s=96&d=blank&r=g\",\"contentUrl\":\"https:\/\/secure.gravatar.com\/avatar\/a3d551110162b9f876cbbdaaecf75663?s=96&d=blank&r=g\",\"caption\":\"Luisa Fenizola\"},\"url\":\"https:\/\/rioonwatch.org.br\/?author=152\"}]}<\/script>\n<!-- \/ Yoast SEO plugin. -->","yoast_head_json":{"title":"Crivella Divulga Plano Estrat\u00e9gico de Sua Gest\u00e3o: Como Fica o Plano para as Favelas? - RioOnWatch","robots":{"index":"index","follow":"follow","max-snippet":"max-snippet:-1","max-image-preview":"max-image-preview:large","max-video-preview":"max-video-preview:-1"},"canonical":"https:\/\/rioonwatch.org.br\/?p=26635","og_locale":"pt_BR","og_type":"article","og_title":"Crivella Divulga Plano Estrat\u00e9gico de Sua Gest\u00e3o: Como Fica o Plano para as Favelas? - RioOnWatch","og_description":"Click Here for English A prefeitura entregou nesta ter\u00e7a-feira dia 4 de julho, com alguns dias de atraso, a proposta de Plano Estrat\u00e9gico para a gest\u00e3o municipal 2017-2020. S\u00e3o quatro grandes dimens\u00f5es tem\u00e1ticas&#8211;Economia, Social, Urbano-Ambiental [...]","og_url":"https:\/\/rioonwatch.org.br\/?p=26635","og_site_name":"RioOnWatch","article_published_time":"2017-07-06T10:00:37+00:00","article_modified_time":"2018-05-29T19:49:08+00:00","og_image":[{"width":1651,"height":1132,"url":"https:\/\/rioonwatch.org.br\/wp-content\/uploads\/2017\/07\/Plano-Estrategico.jpg","type":"image\/jpeg"}],"author":"Luisa Fenizola","twitter_card":"summary_large_image","twitter_misc":{"Escrito por":"Luisa Fenizola","Est. tempo de leitura":"12 minutos"},"schema":{"@context":"https:\/\/schema.org","@graph":[{"@type":"Article","@id":"https:\/\/rioonwatch.org.br\/?p=26635#article","isPartOf":{"@id":"https:\/\/rioonwatch.org.br\/?p=26635"},"author":{"name":"Luisa Fenizola","@id":"https:\/\/rioonwatch.org.br\/#\/schema\/person\/f443c6b55bb6e80842280318076491c5"},"headline":"Crivella Divulga Plano Estrat\u00e9gico de Sua Gest\u00e3o: Como Fica o Plano para as Favelas?","datePublished":"2017-07-06T10:00:37+00:00","dateModified":"2018-05-29T19:49:08+00:00","mainEntityOfPage":{"@id":"https:\/\/rioonwatch.org.br\/?p=26635"},"wordCount":2446,"publisher":{"@id":"https:\/\/rioonwatch.org.br\/#organization"},"image":{"@id":"https:\/\/rioonwatch.org.br\/?p=26635#primaryimage"},"thumbnailUrl":"https:\/\/rioonwatch.org.br\/wp-content\/uploads\/2017\/07\/Plano-Estrategico.jpg","keywords":["\"\u00e1rea de risco\"","AEIS \/ ZEIS","Barra da Tijuca","Centro","Complexo da Mar\u00e9","Complexo do Alem\u00e3o","conjunto habitacional","d\u00e9ficit habitacional","Direito \u00e0 Moradia","Direitos Humanos","gentrifica\u00e7\u00e3o","GEO-Rio","Guarda Municipal","habita\u00e7\u00e3o p\u00fablica","Jacarezinho","Marcelo Crivella","meio ambiente","Minha Casa Minha Vida","Morar Carioca","Parceria P\u00fablico-Privada","participa\u00e7\u00e3o","Plano Estrat\u00e9gico","pol\u00edtica p\u00fablica","Regi\u00e3o do Porto","regulariza\u00e7\u00e3o fundi\u00e1ria","Remo\u00e7\u00e3o","Rio das Pedras"],"articleSection":["#Monitoramento","#OlhoNaGentrifica\u00e7\u00e3o","#OlhoNaParticipa\u00e7\u00e3o","#OlhoNasRemo\u00e7\u00f5es","#OlhoNaUrbaniza\u00e7\u00e3o","*Destaque","Dados e Pesquisa","Entendendo o Rio","Pol\u00edticas","Solu\u00e7\u00f5es"],"inLanguage":"pt-BR"},{"@type":"WebPage","@id":"https:\/\/rioonwatch.org.br\/?p=26635","url":"https:\/\/rioonwatch.org.br\/?p=26635","name":"Crivella Divulga Plano Estrat\u00e9gico de Sua Gest\u00e3o: Como Fica o Plano para as Favelas? - RioOnWatch","isPartOf":{"@id":"https:\/\/rioonwatch.org.br\/#website"},"primaryImageOfPage":{"@id":"https:\/\/rioonwatch.org.br\/?p=26635#primaryimage"},"image":{"@id":"https:\/\/rioonwatch.org.br\/?p=26635#primaryimage"},"thumbnailUrl":"https:\/\/rioonwatch.org.br\/wp-content\/uploads\/2017\/07\/Plano-Estrategico.jpg","datePublished":"2017-07-06T10:00:37+00:00","dateModified":"2018-05-29T19:49:08+00:00","breadcrumb":{"@id":"https:\/\/rioonwatch.org.br\/?p=26635#breadcrumb"},"inLanguage":"pt-BR","potentialAction":[{"@type":"ReadAction","target":["https:\/\/rioonwatch.org.br\/?p=26635"]}]},{"@type":"ImageObject","inLanguage":"pt-BR","@id":"https:\/\/rioonwatch.org.br\/?p=26635#primaryimage","url":"https:\/\/rioonwatch.org.br\/wp-content\/uploads\/2017\/07\/Plano-Estrategico.jpg","contentUrl":"https:\/\/rioonwatch.org.br\/wp-content\/uploads\/2017\/07\/Plano-Estrategico.jpg","width":1651,"height":1132},{"@type":"BreadcrumbList","@id":"https:\/\/rioonwatch.org.br\/?p=26635#breadcrumb","itemListElement":[{"@type":"ListItem","position":1,"name":"In\u00edcio","item":"https:\/\/rioonwatch.org.br\/"},{"@type":"ListItem","position":2,"name":"Crivella Divulga Plano Estrat\u00e9gico de Sua Gest\u00e3o: Como Fica o Plano para as Favelas?"}]},{"@type":"WebSite","@id":"https:\/\/rioonwatch.org.br\/#website","url":"https:\/\/rioonwatch.org.br\/","name":"RioOnWatch","description":"relatos das favelas cariocas","publisher":{"@id":"https:\/\/rioonwatch.org.br\/#organization"},"potentialAction":[{"@type":"SearchAction","target":{"@type":"EntryPoint","urlTemplate":"https:\/\/rioonwatch.org.br\/?s={search_term_string}"},"query-input":{"@type":"PropertyValueSpecification","valueRequired":true,"valueName":"search_term_string"}}],"inLanguage":"pt-BR"},{"@type":"Organization","@id":"https:\/\/rioonwatch.org.br\/#organization","name":"RioOnWatch","url":"https:\/\/rioonwatch.org.br\/","logo":{"@type":"ImageObject","inLanguage":"pt-BR","@id":"https:\/\/rioonwatch.org.br\/#\/schema\/logo\/image\/","url":"https:\/\/rioonwatch.org.br\/wp-content\/uploads\/2021\/06\/RioOnWatchcabecalhoPT11anos-2.png","contentUrl":"https:\/\/rioonwatch.org.br\/wp-content\/uploads\/2021\/06\/RioOnWatchcabecalhoPT11anos-2.png","width":779,"height":277,"caption":"RioOnWatch"},"image":{"@id":"https:\/\/rioonwatch.org.br\/#\/schema\/logo\/image\/"}},{"@type":"Person","@id":"https:\/\/rioonwatch.org.br\/#\/schema\/person\/f443c6b55bb6e80842280318076491c5","name":"Luisa Fenizola","image":{"@type":"ImageObject","inLanguage":"pt-BR","@id":"https:\/\/rioonwatch.org.br\/#\/schema\/person\/image\/","url":"https:\/\/secure.gravatar.com\/avatar\/a3d551110162b9f876cbbdaaecf75663?s=96&d=blank&r=g","contentUrl":"https:\/\/secure.gravatar.com\/avatar\/a3d551110162b9f876cbbdaaecf75663?s=96&d=blank&r=g","caption":"Luisa Fenizola"},"url":"https:\/\/rioonwatch.org.br\/?author=152"}]}},"_links":{"self":[{"href":"https:\/\/rioonwatch.org.br\/index.php?rest_route=\/wp\/v2\/posts\/26635"}],"collection":[{"href":"https:\/\/rioonwatch.org.br\/index.php?rest_route=\/wp\/v2\/posts"}],"about":[{"href":"https:\/\/rioonwatch.org.br\/index.php?rest_route=\/wp\/v2\/types\/post"}],"author":[{"embeddable":true,"href":"https:\/\/rioonwatch.org.br\/index.php?rest_route=\/wp\/v2\/users\/152"}],"replies":[{"embeddable":true,"href":"https:\/\/rioonwatch.org.br\/index.php?rest_route=%2Fwp%2Fv2%2Fcomments&post=26635"}],"version-history":[{"count":38,"href":"https:\/\/rioonwatch.org.br\/index.php?rest_route=\/wp\/v2\/posts\/26635\/revisions"}],"predecessor-version":[{"id":33492,"href":"https:\/\/rioonwatch.org.br\/index.php?rest_route=\/wp\/v2\/posts\/26635\/revisions\/33492"}],"wp:featuredmedia":[{"embeddable":true,"href":"https:\/\/rioonwatch.org.br\/index.php?rest_route=\/wp\/v2\/media\/26675"}],"wp:attachment":[{"href":"https:\/\/rioonwatch.org.br\/index.php?rest_route=%2Fwp%2Fv2%2Fmedia&parent=26635"}],"wp:term":[{"taxonomy":"category","embeddable":true,"href":"https:\/\/rioonwatch.org.br\/index.php?rest_route=%2Fwp%2Fv2%2Fcategories&post=26635"},{"taxonomy":"post_tag","embeddable":true,"href":"https:\/\/rioonwatch.org.br\/index.php?rest_route=%2Fwp%2Fv2%2Ftags&post=26635"},{"taxonomy":"writer","embeddable":true,"href":"https:\/\/rioonwatch.org.br\/index.php?rest_route=%2Fwp%2Fv2%2Fwriter&post=26635"},{"taxonomy":"translator","embeddable":true,"href":"https:\/\/rioonwatch.org.br\/index.php?rest_route=%2Fwp%2Fv2%2Ftranslator&post=26635"},{"taxonomy":"source","embeddable":true,"href":"https:\/\/rioonwatch.org.br\/index.php?rest_route=%2Fwp%2Fv2%2Fsource&post=26635"},{"taxonomy":"ilustrador","embeddable":true,"href":"https:\/\/rioonwatch.org.br\/index.php?rest_route=%2Fwp%2Fv2%2Filustrador&post=26635"},{"taxonomy":"fotografo","embeddable":true,"href":"https:\/\/rioonwatch.org.br\/index.php?rest_route=%2Fwp%2Fv2%2Ffotografo&post=26635"}],"curies":[{"name":"wp","href":"https:\/\/api.w.org\/{rel}","templated":true}]}}