{"id":26689,"date":"2017-07-16T09:08:26","date_gmt":"2017-07-16T12:08:26","guid":{"rendered":"http:\/\/rioonwatch.org.br\/?p=26689"},"modified":"2023-04-19T22:48:48","modified_gmt":"2023-04-20T01:48:48","slug":"um-mesmo-mecanismo-nao-pode-regularizar-um-predio-na-barra-e-na-favela","status":"publish","type":"post","link":"https:\/\/rioonwatch.org.br\/?p=26689","title":{"rendered":"&#8220;Um Mesmo Mecanismo N\u00e3o Pode Regularizar um Pr\u00e9dio na Barra e na Favela&#8221;"},"content":{"rendered":"<p style=\"text-align: right;\"><em><strong><a href=\"http:\/\/bit.ly\/2vesnTo\" target=\"_blank\" rel=\"noopener noreferrer\">Click Here for English<img decoding=\"async\" width=\"20\" height=\"20\" class=\"alignright wp-image-15790\" src=\"http:\/\/rioonwatch.org.br\/wp-content\/uploads\/2012\/08\/EN-standard-e1439583104716.jpg\" alt=\"\" \/><\/a><\/strong><\/em><\/p>\n<p><span style=\"font-weight: 400;\">Presidente Michel Temer aprovou na \u00faltima ter\u00e7a-feira, dia 11 de julho, a <a href=\"http:\/\/bit.ly\/2uaOvNr\" target=\"_blank\" rel=\"noopener\">lei\u00a013.465\/2017<\/a>, baseada na\u00a0<a href=\"http:\/\/bit.ly\/2rtzd4c\" target=\"_blank\" rel=\"noopener\">MP 759<\/a>, que trata principalmente da regulariza\u00e7\u00e3o fundi\u00e1ria em terras federais. A san\u00e7\u00e3o presidencial ocorreu ap\u00f3s sua\u00a0<a href=\"http:\/\/bit.ly\/2tlkzwW\" target=\"_blank\" rel=\"noopener\">segunda aprova\u00e7\u00e3o na C\u00e2mara<\/a>, determinada por liminar do Supremo Tribunal Federal, que considerou muito substanciais as mudan\u00e7as feitas no texto da Medida Provis\u00f3ria durante a sua tramita\u00e7\u00e3o,\u00a0fruto de oito emendas (de mais de 400 propostas). <\/span><\/p>\n<p><span style=\"font-weight: 400;\">A sociedade civil tem se organizado para debater o direito \u00e0 moradia e os efeitos que as propostas de mudan\u00e7a na legisla\u00e7\u00e3o urbana, <a href=\"http:\/\/bit.ly\/2rtzd4c\" target=\"_blank\" rel=\"noopener\">incluindo a lei 13.465\/2017<\/a>, ter\u00e3o sobre ela. <\/span><span style=\"font-weight: 400;\">Dentre esses debates, foram<\/span><span style=\"font-weight: 400;\">\u00a0realizados<\/span><span style=\"font-weight: 400;\">\u00a0o <\/span><a href=\"http:\/\/bit.ly\/2tMQOpR\" target=\"_blank\" rel=\"noopener\"><span style=\"font-weight: 400;\">Semin\u00e1rio Direito \u00e0 Moradia e as Mudan\u00e7as na Legisla\u00e7\u00e3o Urbana<\/span><\/a><span style=\"font-weight: 400;\">, nos dias 23 e 30 de julho na <\/span><a href=\"http:\/\/bit.ly\/2tuQUj7\" target=\"_blank\" rel=\"noopener\"><span style=\"font-weight: 400;\">Defensoria P\u00fablica do Estado do Rio de Janeiro<\/span><\/a><span style=\"font-weight: 400;\">, e o debate <a href=\"http:\/\/bit.ly\/2uuBU4M\" target=\"_blank\" rel=\"noopener\">O Direito de Laje e a MP 759\/2016<\/a>, no dia 26 de julho na Comiss\u00e3o de Moradia da OAB-RJ, conjugando juristas, moradores de \u00e1reas vulner\u00e1veis e outros membros da sociedade civil.<\/span><\/p>\n<p>\u201cN\u00e3o se pode tratar igualmente os desiguais. Um mesmo mecanismo n\u00e3o pode regularizar um pr\u00e9dio na <a href=\"http:\/\/bit.ly\/2csCO9b\" target=\"_blank\" rel=\"noopener\">Barra da Tijuca<\/a> e na favela\u201d, colocou Jaqueline Montenegro, presidente do <a href=\"http:\/\/bit.ly\/1vGWMiR\" target=\"_blank\" rel=\"noopener\">Tribunal Regional Eleitoral do Rio<\/a>, durante o evento na OAB, fazendo alus\u00e3o a uma legisla\u00e7\u00e3o que versa sobre a regulariza\u00e7\u00e3o tanto para \u00e1reas de interesse social (a chamada Reurb-S), como para moradias de classe m\u00e9dia e grandes empreendimentos (a Reurb-E).<\/p>\n<p>Na pr\u00e1tica, o mecanismo aplicado em cada caso depende da autodeclara\u00e7\u00e3o do solicitante acerca da categoria em qual se enquadra, e da subsequente aprova\u00e7\u00e3o do munic\u00edpio dentro de 180 dias&#8211;findos os quais prevalecer\u00e1 a modalidade escolhida pelo requerente. Essa determina\u00e7\u00e3o arrisca que a preval\u00eancia da op\u00e7\u00e3o do solicitante passe a ser a regra e n\u00e3o a exce\u00e7\u00e3o, devido \u00e0 sobrecarga do munic\u00edpio, e poder\u00e1 abrir espa\u00e7os para corrup\u00e7\u00e3o. Assim, grandes empreendimentos poder\u00e3o ser beneficiados pela <a href=\"http:\/\/bit.ly\/2tVYI0C\" target=\"_blank\" rel=\"noopener\">isen\u00e7\u00e3o de taxas estendida aos im\u00f3veis regulados pela Reurb-S<\/a>, por exemplo. Jaqueline ainda denunciou a inadequa\u00e7\u00e3o de uma lei escrita por pessoas que nunca pisaram em favelas para regulamentar a vida em favelas, e defendeu leis pontuais em vez de uma lei geral e ambiciosa como esta.<\/p>\n<p><span style=\"font-weight: 400;\">Claudia Franco, professora de Direito Civil e especialista em direito real de laje, disse no mesmo evento que o papel do direito \u00e9 igualar as condi\u00e7\u00f5es que o mercado torna desigual e, portanto, \u00e9 preciso superar a defini\u00e7\u00e3o de moradia como mercadoria para alcan\u00e7ar a justi\u00e7a social. \u201cA favela \u00e9 a constata\u00e7\u00e3o arquitet\u00f4nica de que n\u00f3s n\u00e3o respeitamos os direitos sociais\u201d, colocou ela. Ela acredita que h\u00e1 descontinuidade entre o <a href=\"http:\/\/bit.ly\/2rtzd4c\" target=\"_blank\" rel=\"noopener\">direito de laje previsto na lei e o direito de laje da vida real<\/a>, que \u00e9 baseado na posse concreta do im\u00f3vel, n\u00e3o na propriedade legal dele. Claudia acha, ainda, que a simplifica\u00e7\u00e3o da regulariza\u00e7\u00e3o vai facilitar o processo para a classe m\u00e9dia, mas n\u00e3o vai beneficiar tanto os moradores da favela, pois a burocracia e os custos envolvidos em um processo de registro s\u00e3o proibitivos para eles.<\/span><\/p>\n<p><a href=\"http:\/\/rioonwatch.org.br\/wp-content\/uploads\/2017\/07\/direito-moradia-defensoria3.jpg\"><img fetchpriority=\"high\" decoding=\"async\" class=\"aligncenter wp-image-26692 size-content\" title=\"Ar\u00edcia Fernandes fala durante o Semin\u00e1rio Direito \u00e0 Moradia e as Mudan\u00e7as na Legisla\u00e7\u00e3o Urbana\" src=\"http:\/\/rioonwatch.org.br\/wp-content\/uploads\/2017\/07\/direito-moradia-defensoria3-620x264.jpg\" alt=\"\" width=\"620\" height=\"264\" srcset=\"https:\/\/rioonwatch.org.br\/wp-content\/uploads\/2017\/07\/direito-moradia-defensoria3-620x264.jpg 620w, https:\/\/rioonwatch.org.br\/wp-content\/uploads\/2017\/07\/direito-moradia-defensoria3-940x400.jpg 940w\" sizes=\"(max-width: 620px) 100vw, 620px\" \/><\/a><\/p>\n<p>Esses custos com o processo (documenta\u00e7\u00e3o cartorial e, no caso do Reurb-E, assist\u00eancia t\u00e9cnica obrigat\u00f3ria) simbolizar\u00e3o um aumento de arrecada\u00e7\u00e3o que poderia ser revertido para fins sociais, como um Fundo Municipal de Habita\u00e7\u00e3o de Interesse Social, como lembraram na Defensoria Ar\u00edcia Fernandes, professora da especializa\u00e7\u00e3o de <a href=\"http:\/\/bit.ly\/GRb6lx\" target=\"_blank\" rel=\"noopener\">Direito \u00e0 Cidade<\/a> na <a href=\"http:\/\/bit.ly\/2pzyYBq\" target=\"_blank\" rel=\"noopener\">UERJ<\/a>, e Luiz Claudio Vieira, diretor de regulariza\u00e7\u00e3o fundi\u00e1ria do Instituto de Terras e Cartografia do Estado do Rio de Janeiro (<a href=\"http:\/\/bit.ly\/2hcE71h\" target=\"_blank\" rel=\"noopener\">ITERJ<\/a>). Mas isso dificilmente ser\u00e1 realizado, pois, segundo ele, a regulariza\u00e7\u00e3o foi capturada por uma perspectiva mercadol\u00f3gica, representando uma ruptura normativa e narrativa de regulariza\u00e7\u00e3o como realiza\u00e7\u00e3o da fun\u00e7\u00e3o social da terra. Nesse sentido, ele acha que deve ser mantida a pol\u00edtica de <a href=\"http:\/\/bit.ly\/2qIWqiP\" target=\"_blank\" rel=\"noopener\">concess\u00e3o de uso<\/a> de terras p\u00fablicas, pois prev\u00ea que a terra pode ser retomada se estiver sendo usada para fins outros que moradia, enquanto o mecanismo privilegiado na lei 13.465\/2017\u00a0de doa\u00e7\u00e3o de terras p\u00fablicas permite que o novo possuidor disponha da terra, o que inclui a sua venda, n\u00e3o impedindo assim a especula\u00e7\u00e3o ou a gentrifica\u00e7\u00e3o. H\u00e1 quem conteste esse posicionamento, alegando que em certas comunidades, a concess\u00e3o de uso n\u00e3o resguarda a comunidade totalmente de <a href=\"http:\/\/bit.ly\/X51Qvb\" target=\"_blank\" rel=\"noopener\">remo\u00e7\u00e3o<\/a> e que \u00e9 prefer\u00edvel ter a posse sobre a terra.<\/p>\n<p><span style=\"font-weight: 400;\">\u00c9 o caso dos moradores do <a href=\"http:\/\/bit.ly\/11b2TzL\" target=\"_blank\" rel=\"noopener\">Horto<\/a>, como destacou Em\u00edlia de Souza, moradora e uma das lideran\u00e7as da <a href=\"http:\/\/bit.ly\/1piRAgk\" target=\"_blank\" rel=\"noopener\">resist\u00eancia<\/a> local, durante o debate na OAB. Para eles, a posse traz seguran\u00e7a contra a amea\u00e7a de remo\u00e7\u00e3o a qual os moradores s\u00e3o incessantemente submetidos. Em\u00edlia relatou a exist\u00eancia de um projeto antigo de regulariza\u00e7\u00e3o na comunidade, feito de forma participativa sob a lideran\u00e7a da <a href=\"http:\/\/bit.ly\/2fkSqf2\" target=\"_blank\" rel=\"noopener\">Secretaria de Patrim\u00f4nio da Uni\u00e3o<\/a>, mas que foi <a href=\"https:\/\/glo.bo\/2sKY45B\" target=\"_blank\" rel=\"noopener\">embargado pelo Tribunal de Contas da Uni\u00e3o em 2011<\/a>. Para ela, as dificuldades da comunidade para obter a regulariza\u00e7\u00e3o passam pelo preconceito e pela apropria\u00e7\u00e3o de um <a href=\"http:\/\/bit.ly\/2sVqhGY\" target=\"_blank\" rel=\"noopener\">discurso ambientalista<\/a> para justificar um suposto \u201cmau uso do bem p\u00fablico\u201d, que autoriza <a href=\"http:\/\/bit.ly\/2eIwvBg\" target=\"_blank\" rel=\"noopener\">a\u00e7\u00f5es de reintegra\u00e7\u00e3o de posse em terras p\u00fablicas com processos de regulariza\u00e7\u00e3o em andamento<\/a>.<\/span><\/p>\n<p><span style=\"font-weight: 400;\"><a href=\"http:\/\/rioonwatch.org.br\/wp-content\/uploads\/2016\/11\/horto-removal-military-police-before-tear-gas-1000x511.jpg\"><img decoding=\"async\" class=\"aligncenter wp-image-23490 size-content\" title=\"A\u00e7\u00e3o de remo\u00e7\u00e3o da Pol\u00edcia Militar na comunidade do Horto em 2016. \" src=\"http:\/\/rioonwatch.org.br\/wp-content\/uploads\/2016\/11\/horto-removal-military-police-before-tear-gas-1000x511-620x264.jpg\" alt=\"\" width=\"620\" height=\"264\" srcset=\"https:\/\/rioonwatch.org.br\/wp-content\/uploads\/2016\/11\/horto-removal-military-police-before-tear-gas-1000x511-620x264.jpg 620w, https:\/\/rioonwatch.org.br\/wp-content\/uploads\/2016\/11\/horto-removal-military-police-before-tear-gas-1000x511-940x400.jpg 940w\" sizes=\"(max-width: 620px) 100vw, 620px\" \/><\/a><\/span><\/p>\n<p><span style=\"font-weight: 400;\">Simone Rodrigues, advogada, moradora da <a href=\"http:\/\/bit.ly\/1bGQPcu\" target=\"_blank\" rel=\"noopener\">Vila Laboriaux<\/a> e integrante do <a href=\"http:\/\/bit.ly\/2cD3jZc\" target=\"_blank\" rel=\"noopener\">Rocinha Sem Fronteiras<\/a>, tamb\u00e9m defendeu a regulariza\u00e7\u00e3o, e colocou que os esfor\u00e7os nesse sentido frequentemente esbarram na incompreens\u00e3o da <a href=\"http:\/\/bit.ly\/2dEAkqT\" target=\"_blank\" rel=\"noopener\">fun\u00e7\u00e3o social da terra<\/a> por parte do judici\u00e1rio e na falta de vontade pol\u00edtica por parte do executivo. Um exemplo de entrave est\u00e1 na interrup\u00e7\u00e3o da concess\u00e3o das terras por parte da prefeitura, o que levou \u00e0 interrup\u00e7\u00e3o do processo de regulariza\u00e7\u00e3o em curso na comunidade por meio do <a href=\"http:\/\/bit.ly\/2uPhF18\" target=\"_blank\" rel=\"noopener\">programa Papel Passado<\/a> do Minist\u00e9rio das Cidades. Para ela, a regulariza\u00e7\u00e3o \u00e9 a \u00fanica seguran\u00e7a que se tem contra a remo\u00e7\u00e3o, como a que ocorreu durante o per\u00edodo pr\u00e9-Ol\u00edmpico e levou dois moradores idosos ao infarto.<\/span><\/p>\n<p><span style=\"font-weight: 400;\">A preocupa\u00e7\u00e3o de que s\u00f3 a regulariza\u00e7\u00e3o n\u00e3o resolve os desafios das favelas, e de que \u00e9 preciso garantir direitos e a provis\u00e3o de infraestrutura e servi\u00e7os, foi recorrentemente colocada. \u201cMuito se fala sobre moradia como se s\u00f3 isso importasse\u201d, disse Elizabeth Bezerra, moradora de Novo Palmares, Jacarepagu\u00e1, na Defensoria. \u201cRecentemente, <a href=\"http:\/\/abr.ai\/2uOXK2q\" target=\"_blank\" rel=\"noopener\">o Ministro da Sa\u00fade alegou que o povo inventa doen\u00e7a<\/a>. Para n\u00f3s, n\u00e3o basta estar entre quatro paredes de tijolos, <a href=\"http:\/\/bit.ly\/2jTRAbr\" target=\"_blank\" rel=\"noopener\">precisamos de sa\u00fade mental<\/a>\u201d, completou ela. Ar\u00edcia tamb\u00e9m defendeu ir al\u00e9m da quest\u00e3o cartorial quando disse que a regulariza\u00e7\u00e3o passa pela nomea\u00e7\u00e3o das ruas, pela adequa\u00e7\u00e3o ambiental, pela urbaniza\u00e7\u00e3o pr\u00e9via, pela aproxima\u00e7\u00e3o do equipamento coletivo e de <a href=\"http:\/\/bit.ly\/1rOePGu\" target=\"_blank\" rel=\"noopener\">mecanismos de participa\u00e7\u00e3o<\/a> aos moradores, de forma que a favela seja tratada como parte da cidade, que de fato \u00e9.<\/span><\/p>\n<p>O <a href=\"http:\/\/bit.ly\/1kcl02n\" target=\"_blank\" rel=\"noopener\">N\u00facleo de Terras e Habita\u00e7\u00e3o<\/a> (NUTH), que organizou o semin\u00e1rio na Defensoria,\u00a0tem sido um ator importante no debate e na frente de prote\u00e7\u00e3o do direito \u00e0 moradia na esfera jur\u00eddica, trabalhando fundamentalmente em torno de pol\u00edticas de combate \u00e0 segrega\u00e7\u00e3o socioespacial e criando espa\u00e7os de resist\u00eancia e de proposi\u00e7\u00e3o de ideias neste sentido. Representantes do NUTH fazem comumente a distin\u00e7\u00e3o entre o <a href=\"http:\/\/bit.ly\/1g73xCv\" target=\"_blank\" rel=\"noopener\">direito \u00e0 moradia<\/a> garantido pela <a href=\"http:\/\/bit.ly\/2gQ5jz4\" target=\"_blank\" rel=\"noopener\">constitui\u00e7\u00e3o<\/a> e o <a href=\"http:\/\/bit.ly\/2dFwbV4\" target=\"_blank\" rel=\"noopener\">direito \u00e0 propriedade da terra<\/a>, considerando que a lei 13.465\/2017\u00a0traz medidas contradit\u00f3rias ao primeiro ao privilegiar o \u00faltimo. Regina Bienenstein, do <a href=\"http:\/\/bit.ly\/2uP7Tfo\" target=\"_blank\" rel=\"noopener\">N\u00facleo de Estudos e Projetos Habitacionais e Urbanos<\/a> da UFF, colocou-se contr\u00e1ria a essa distin\u00e7\u00e3o: \u201cA terra \u00e9 o n\u00f3 da quest\u00e3o urbana e habitacional. As cidades s\u00e3o excludentes porque a terra est\u00e1 na m\u00e3o de poucos&#8221;.<\/p>\n<p><a href=\"http:\/\/rioonwatch.org.br\/wp-content\/uploads\/2017\/07\/direito-moradia-defensoria2.jpg\"><img loading=\"lazy\" decoding=\"async\" class=\"aligncenter wp-image-26691 size-content\" title=\"Semin\u00e1rio Direito \u00e0 Moradia e as Mudan\u00e7as na Legisla\u00e7\u00e3o Urbana. Foto: Assessoria Vereador Reimont.\" src=\"http:\/\/rioonwatch.org.br\/wp-content\/uploads\/2017\/07\/direito-moradia-defensoria2-620x264.jpg\" alt=\"\" width=\"620\" height=\"264\" srcset=\"https:\/\/rioonwatch.org.br\/wp-content\/uploads\/2017\/07\/direito-moradia-defensoria2-620x264.jpg 620w, https:\/\/rioonwatch.org.br\/wp-content\/uploads\/2017\/07\/direito-moradia-defensoria2-1030x438.jpg 1030w, https:\/\/rioonwatch.org.br\/wp-content\/uploads\/2017\/07\/direito-moradia-defensoria2-940x400.jpg 940w\" sizes=\"(max-width: 620px) 100vw, 620px\" \/><\/a><\/p>\n<p>O NUTH considera, ainda, que a setor imobili\u00e1rio\u00a0t\u00eam a inten\u00e7\u00e3o de expulsar para as fronteiras da cidade grupos vulner\u00e1veis, exagerando o processo j\u00e1 em curso de <a href=\"http:\/\/bit.ly\/11tBtBo\" target=\"_blank\" rel=\"noopener\">especula\u00e7\u00e3o imobili\u00e1ria<\/a> e periferiza\u00e7\u00e3o. A lei 13.465\/2017 tem potencial de contribuir para esse processo, ao inserir terras de fam\u00edlias de menor renda no mercado formal, o que permitir\u00e1 o uso da terra como reserva de valor, de maneira especulativa, em vez de seu uso pelo seu valor produtivo e social.\u00a0\u201cA cidade hoje n\u00e3o \u00e9 mais um ponto de encontro e rela\u00e7\u00f5es sociais, a cidade virou um neg\u00f3cio. A cidade exclui pessoas do meio nobre e as insere na periferia com a ilus\u00e3o de melhoria de vida, apenas para gerar riquezas das quais elas n\u00e3o fazem parte. Mas a\u00a0cidade \u00e9 nosso espa\u00e7o de luta. Para combater a <a href=\"http:\/\/bit.ly\/184FqS4\" target=\"_blank\" rel=\"noopener\">gentrifica\u00e7\u00e3o<\/a> precisamos sair da periferia e ir \u00e0s ruas lutar\u201d, colocou Jefferson Salazar, conselheiro da <a href=\"http:\/\/bit.ly\/2v4Z8lc\" target=\"_blank\" rel=\"noopener\">Federa\u00e7\u00e3o Nacional dos Arquitetos e Urbanistas<\/a>\u00a0(FNA), durante o mesmo evento.<\/p>\n<p>Ar\u00edcia, por sua vez, afirmou que cabe lutarmos para que a legisla\u00e7\u00e3o municipal mitigue os efeitos da lei 13.465\/2017, j\u00e1 que ela depende de outras legisla\u00e7\u00f5es para ser operacionalizada. Al\u00e9m disso, ela defende que a regula\u00e7\u00e3o referente \u00e0s <a href=\"http:\/\/bit.ly\/2izP6C1\" target=\"_blank\" rel=\"noopener\">Zonas de Especial Interesse Social<\/a> (ZEIS) deve prever a possibilidade de remembramento das terras ap\u00f3s o processo de regulariza\u00e7\u00e3o fundi\u00e1ria, para impedir a ocorr\u00eancia de gentrifica\u00e7\u00e3o pela aquisi\u00e7\u00e3o dos terrenos cont\u00ednuos por parte do capital privado para a constru\u00e7\u00e3o de grandes empreendimentos. Na lei 13.465\/2017, apesar das ZEIS serem mencionadas, \u00e9 feito de forma n\u00e3o-vinculante; isto \u00e9, o processo de regulariza\u00e7\u00e3o na nova lei n\u00e3o \u00e9 condicionado ao estabelecimento do interesse social da terra a ser regularizada.<\/p>\n<!-- AddThis Advanced Settings generic via filter on the_content --><!-- AddThis Share Buttons generic via filter on the_content -->","protected":false},"excerpt":{"rendered":"<div class=\"mh-excerpt\"><p>Click Here for English Presidente Michel Temer aprovou na \u00faltima ter\u00e7a-feira, dia 11 de julho, a lei\u00a013.465\/2017, baseada na\u00a0MP 759, que trata principalmente da regulariza\u00e7\u00e3o fundi\u00e1ria em terras federais. A san\u00e7\u00e3o presidencial ocorreu ap\u00f3s sua\u00a0segunda <a class=\"mh-excerpt-more\" href=\"https:\/\/rioonwatch.org.br\/?p=26689\" title=\"&#8220;Um Mesmo Mecanismo N\u00e3o Pode Regularizar um Pr\u00e9dio na Barra e na Favela&#8221;\">[&#8230;]<\/a><!-- AddThis Advanced Settings generic via filter on get_the_excerpt --><!-- AddThis Share Buttons generic via filter on get_the_excerpt --><\/p>\n<\/div>","protected":false},"author":152,"featured_media":26691,"comment_status":"closed","ping_status":"closed","sticky":false,"template":"","format":"standard","meta":{"_acf_changed":false,"_monsterinsights_skip_tracking":false,"_monsterinsights_sitenote_active":false,"_monsterinsights_sitenote_note":"","_monsterinsights_sitenote_category":0,"footnotes":""},"categories":[1617,1618,1614,1857,1621,1627,344,1612],"tags":[274,656,1057,90,424,550,396,340,395,1162,733,2039,447,634,1443,755,2086,2152,2151,82,14,2069,2037,2153],"writer":[2128,1994],"translator":[],"source":[],"ilustrador":[],"fotografo":[],"class_list":{"0":"post-26689","1":"post","2":"type-post","3":"status-publish","4":"format-standard","5":"has-post-thumbnail","7":"category-olhonagentrificacao","8":"category-olhonaparticipacao","9":"category-olhonasremocoes","10":"category-olhonaurbanizacao","11":"category-destaque","12":"category-relato-de-evento","13":"category-politicas","14":"category-sociedade-civil","15":"tag-barra-da-tijuca","16":"tag-concessao-de-uso","17":"tag-consequencias-das-remocoes-saude","18":"tag-defensoria-publica","19":"tag-direito-a-moradia","20":"tag-direito-a-terra","21":"tag-especulacao-imobiliaria","22":"tag-funcao-social","23":"tag-gentrificacao-remocao-branca","24":"tag-governo-federal","25":"tag-horto","26":"tag-iterj","27":"tag-jacarepagua","28":"tag-laboriaux","29":"tag-laje","30":"tag-lei","31":"tag-mp-759","32":"tag-novo-palmares","33":"tag-oab","34":"tag-regularizacao-fundiaria","35":"tag-remocao","36":"tag-saude-mental","37":"tag-uerj","38":"tag-uff","39":"writer-juliana-torres","40":"writer-luisa-fenizola"},"acf":[],"yoast_head":"<!-- This site is optimized with the Yoast SEO plugin v25.6 - https:\/\/yoast.com\/wordpress\/plugins\/seo\/ -->\n<title>&quot;Um Mesmo Mecanismo N\u00e3o Pode Regularizar um Pr\u00e9dio na Barra e na Favela&quot; - RioOnWatch<\/title>\n<meta name=\"robots\" content=\"index, follow, max-snippet:-1, max-image-preview:large, max-video-preview:-1\" \/>\n<link rel=\"canonical\" href=\"https:\/\/rioonwatch.org.br\/?p=26689\" \/>\n<meta property=\"og:locale\" content=\"pt_BR\" \/>\n<meta property=\"og:type\" content=\"article\" \/>\n<meta property=\"og:title\" content=\"&quot;Um Mesmo Mecanismo N\u00e3o Pode Regularizar um Pr\u00e9dio na Barra e na Favela&quot; - RioOnWatch\" \/>\n<meta property=\"og:description\" content=\"Click Here for English Presidente Michel Temer aprovou na \u00faltima ter\u00e7a-feira, dia 11 de julho, a lei\u00a013.465\/2017, baseada na\u00a0MP 759, que trata principalmente da regulariza\u00e7\u00e3o fundi\u00e1ria em terras federais. A san\u00e7\u00e3o presidencial ocorreu ap\u00f3s sua\u00a0segunda [...]\" \/>\n<meta property=\"og:url\" content=\"https:\/\/rioonwatch.org.br\/?p=26689\" \/>\n<meta property=\"og:site_name\" content=\"RioOnWatch\" \/>\n<meta property=\"article:published_time\" content=\"2017-07-16T12:08:26+00:00\" \/>\n<meta property=\"article:modified_time\" content=\"2023-04-20T01:48:48+00:00\" \/>\n<meta property=\"og:image\" content=\"https:\/\/rioonwatch.org.br\/wp-content\/uploads\/2017\/07\/direito-moradia-defensoria2.jpg\" \/>\n\t<meta property=\"og:image:width\" content=\"1440\" \/>\n\t<meta property=\"og:image:height\" content=\"635\" \/>\n\t<meta property=\"og:image:type\" content=\"image\/jpeg\" \/>\n<meta name=\"author\" content=\"Luisa Fenizola\" \/>\n<meta name=\"twitter:card\" content=\"summary_large_image\" \/>\n<meta name=\"twitter:label1\" content=\"Escrito por\" \/>\n\t<meta name=\"twitter:data1\" content=\"Luisa Fenizola\" \/>\n\t<meta name=\"twitter:label2\" content=\"Est. tempo de leitura\" \/>\n\t<meta name=\"twitter:data2\" content=\"8 minutos\" \/>\n<script type=\"application\/ld+json\" class=\"yoast-schema-graph\">{\"@context\":\"https:\/\/schema.org\",\"@graph\":[{\"@type\":\"Article\",\"@id\":\"https:\/\/rioonwatch.org.br\/?p=26689#article\",\"isPartOf\":{\"@id\":\"https:\/\/rioonwatch.org.br\/?p=26689\"},\"author\":{\"name\":\"Luisa Fenizola\",\"@id\":\"https:\/\/rioonwatch.org.br\/#\/schema\/person\/f443c6b55bb6e80842280318076491c5\"},\"headline\":\"&#8220;Um Mesmo Mecanismo N\u00e3o Pode Regularizar um Pr\u00e9dio na Barra e na Favela&#8221;\",\"datePublished\":\"2017-07-16T12:08:26+00:00\",\"dateModified\":\"2023-04-20T01:48:48+00:00\",\"mainEntityOfPage\":{\"@id\":\"https:\/\/rioonwatch.org.br\/?p=26689\"},\"wordCount\":1643,\"publisher\":{\"@id\":\"https:\/\/rioonwatch.org.br\/#organization\"},\"image\":{\"@id\":\"https:\/\/rioonwatch.org.br\/?p=26689#primaryimage\"},\"thumbnailUrl\":\"https:\/\/rioonwatch.org.br\/wp-content\/uploads\/2017\/07\/direito-moradia-defensoria2.jpg\",\"keywords\":[\"Barra da Tijuca\",\"concess\u00e3o de uso\",\"Consequ\u00eancias das remo\u00e7\u00f5es: sa\u00fade\",\"Defensoria P\u00fablica\",\"Direito \u00e0 Moradia\",\"direito \u00e0 terra\",\"especula\u00e7\u00e3o imobili\u00e1ria\",\"fun\u00e7\u00e3o social\",\"gentrifica\u00e7\u00e3o\",\"Governo Federal\",\"Horto\",\"ITERJ\",\"Jacarepagu\u00e1\",\"Laboriaux\",\"laje\",\"lei\",\"MP 759 \/ Lei 13.465\",\"Novo Palmares\",\"OAB\",\"regulariza\u00e7\u00e3o fundi\u00e1ria\",\"Remo\u00e7\u00e3o\",\"sa\u00fade mental\",\"UERJ\",\"UFF\"],\"articleSection\":[\"#OlhoNaGentrifica\u00e7\u00e3o\",\"#OlhoNaParticipa\u00e7\u00e3o\",\"#OlhoNasRemo\u00e7\u00f5es\",\"#OlhoNaUrbaniza\u00e7\u00e3o\",\"*Destaque\",\"Cobertura de Eventos\",\"Pol\u00edticas\",\"Sociedade Civil\"],\"inLanguage\":\"pt-BR\"},{\"@type\":\"WebPage\",\"@id\":\"https:\/\/rioonwatch.org.br\/?p=26689\",\"url\":\"https:\/\/rioonwatch.org.br\/?p=26689\",\"name\":\"\\\"Um Mesmo Mecanismo N\u00e3o Pode Regularizar um Pr\u00e9dio na Barra e na Favela\\\" - RioOnWatch\",\"isPartOf\":{\"@id\":\"https:\/\/rioonwatch.org.br\/#website\"},\"primaryImageOfPage\":{\"@id\":\"https:\/\/rioonwatch.org.br\/?p=26689#primaryimage\"},\"image\":{\"@id\":\"https:\/\/rioonwatch.org.br\/?p=26689#primaryimage\"},\"thumbnailUrl\":\"https:\/\/rioonwatch.org.br\/wp-content\/uploads\/2017\/07\/direito-moradia-defensoria2.jpg\",\"datePublished\":\"2017-07-16T12:08:26+00:00\",\"dateModified\":\"2023-04-20T01:48:48+00:00\",\"breadcrumb\":{\"@id\":\"https:\/\/rioonwatch.org.br\/?p=26689#breadcrumb\"},\"inLanguage\":\"pt-BR\",\"potentialAction\":[{\"@type\":\"ReadAction\",\"target\":[\"https:\/\/rioonwatch.org.br\/?p=26689\"]}]},{\"@type\":\"ImageObject\",\"inLanguage\":\"pt-BR\",\"@id\":\"https:\/\/rioonwatch.org.br\/?p=26689#primaryimage\",\"url\":\"https:\/\/rioonwatch.org.br\/wp-content\/uploads\/2017\/07\/direito-moradia-defensoria2.jpg\",\"contentUrl\":\"https:\/\/rioonwatch.org.br\/wp-content\/uploads\/2017\/07\/direito-moradia-defensoria2.jpg\",\"width\":1440,\"height\":635},{\"@type\":\"BreadcrumbList\",\"@id\":\"https:\/\/rioonwatch.org.br\/?p=26689#breadcrumb\",\"itemListElement\":[{\"@type\":\"ListItem\",\"position\":1,\"name\":\"In\u00edcio\",\"item\":\"https:\/\/rioonwatch.org.br\/\"},{\"@type\":\"ListItem\",\"position\":2,\"name\":\"&#8220;Um Mesmo Mecanismo N\u00e3o Pode Regularizar um Pr\u00e9dio na Barra e na Favela&#8221;\"}]},{\"@type\":\"WebSite\",\"@id\":\"https:\/\/rioonwatch.org.br\/#website\",\"url\":\"https:\/\/rioonwatch.org.br\/\",\"name\":\"RioOnWatch\",\"description\":\"relatos das favelas cariocas\",\"publisher\":{\"@id\":\"https:\/\/rioonwatch.org.br\/#organization\"},\"potentialAction\":[{\"@type\":\"SearchAction\",\"target\":{\"@type\":\"EntryPoint\",\"urlTemplate\":\"https:\/\/rioonwatch.org.br\/?s={search_term_string}\"},\"query-input\":{\"@type\":\"PropertyValueSpecification\",\"valueRequired\":true,\"valueName\":\"search_term_string\"}}],\"inLanguage\":\"pt-BR\"},{\"@type\":\"Organization\",\"@id\":\"https:\/\/rioonwatch.org.br\/#organization\",\"name\":\"RioOnWatch\",\"url\":\"https:\/\/rioonwatch.org.br\/\",\"logo\":{\"@type\":\"ImageObject\",\"inLanguage\":\"pt-BR\",\"@id\":\"https:\/\/rioonwatch.org.br\/#\/schema\/logo\/image\/\",\"url\":\"https:\/\/rioonwatch.org.br\/wp-content\/uploads\/2021\/06\/RioOnWatchcabecalhoPT11anos-2.png\",\"contentUrl\":\"https:\/\/rioonwatch.org.br\/wp-content\/uploads\/2021\/06\/RioOnWatchcabecalhoPT11anos-2.png\",\"width\":779,\"height\":277,\"caption\":\"RioOnWatch\"},\"image\":{\"@id\":\"https:\/\/rioonwatch.org.br\/#\/schema\/logo\/image\/\"}},{\"@type\":\"Person\",\"@id\":\"https:\/\/rioonwatch.org.br\/#\/schema\/person\/f443c6b55bb6e80842280318076491c5\",\"name\":\"Luisa Fenizola\",\"image\":{\"@type\":\"ImageObject\",\"inLanguage\":\"pt-BR\",\"@id\":\"https:\/\/rioonwatch.org.br\/#\/schema\/person\/image\/\",\"url\":\"https:\/\/secure.gravatar.com\/avatar\/a3d551110162b9f876cbbdaaecf75663?s=96&d=blank&r=g\",\"contentUrl\":\"https:\/\/secure.gravatar.com\/avatar\/a3d551110162b9f876cbbdaaecf75663?s=96&d=blank&r=g\",\"caption\":\"Luisa Fenizola\"},\"url\":\"https:\/\/rioonwatch.org.br\/?author=152\"}]}<\/script>\n<!-- \/ Yoast SEO plugin. -->","yoast_head_json":{"title":"\"Um Mesmo Mecanismo N\u00e3o Pode Regularizar um Pr\u00e9dio na Barra e na Favela\" - RioOnWatch","robots":{"index":"index","follow":"follow","max-snippet":"max-snippet:-1","max-image-preview":"max-image-preview:large","max-video-preview":"max-video-preview:-1"},"canonical":"https:\/\/rioonwatch.org.br\/?p=26689","og_locale":"pt_BR","og_type":"article","og_title":"\"Um Mesmo Mecanismo N\u00e3o Pode Regularizar um Pr\u00e9dio na Barra e na Favela\" - RioOnWatch","og_description":"Click Here for English Presidente Michel Temer aprovou na \u00faltima ter\u00e7a-feira, dia 11 de julho, a lei\u00a013.465\/2017, baseada na\u00a0MP 759, que trata principalmente da regulariza\u00e7\u00e3o fundi\u00e1ria em terras federais. A san\u00e7\u00e3o presidencial ocorreu ap\u00f3s sua\u00a0segunda [...]","og_url":"https:\/\/rioonwatch.org.br\/?p=26689","og_site_name":"RioOnWatch","article_published_time":"2017-07-16T12:08:26+00:00","article_modified_time":"2023-04-20T01:48:48+00:00","og_image":[{"width":1440,"height":635,"url":"https:\/\/rioonwatch.org.br\/wp-content\/uploads\/2017\/07\/direito-moradia-defensoria2.jpg","type":"image\/jpeg"}],"author":"Luisa Fenizola","twitter_card":"summary_large_image","twitter_misc":{"Escrito por":"Luisa Fenizola","Est. tempo de leitura":"8 minutos"},"schema":{"@context":"https:\/\/schema.org","@graph":[{"@type":"Article","@id":"https:\/\/rioonwatch.org.br\/?p=26689#article","isPartOf":{"@id":"https:\/\/rioonwatch.org.br\/?p=26689"},"author":{"name":"Luisa Fenizola","@id":"https:\/\/rioonwatch.org.br\/#\/schema\/person\/f443c6b55bb6e80842280318076491c5"},"headline":"&#8220;Um Mesmo Mecanismo N\u00e3o Pode Regularizar um Pr\u00e9dio na Barra e na Favela&#8221;","datePublished":"2017-07-16T12:08:26+00:00","dateModified":"2023-04-20T01:48:48+00:00","mainEntityOfPage":{"@id":"https:\/\/rioonwatch.org.br\/?p=26689"},"wordCount":1643,"publisher":{"@id":"https:\/\/rioonwatch.org.br\/#organization"},"image":{"@id":"https:\/\/rioonwatch.org.br\/?p=26689#primaryimage"},"thumbnailUrl":"https:\/\/rioonwatch.org.br\/wp-content\/uploads\/2017\/07\/direito-moradia-defensoria2.jpg","keywords":["Barra da Tijuca","concess\u00e3o de uso","Consequ\u00eancias das remo\u00e7\u00f5es: sa\u00fade","Defensoria P\u00fablica","Direito \u00e0 Moradia","direito \u00e0 terra","especula\u00e7\u00e3o imobili\u00e1ria","fun\u00e7\u00e3o social","gentrifica\u00e7\u00e3o","Governo Federal","Horto","ITERJ","Jacarepagu\u00e1","Laboriaux","laje","lei","MP 759 \/ Lei 13.465","Novo Palmares","OAB","regulariza\u00e7\u00e3o fundi\u00e1ria","Remo\u00e7\u00e3o","sa\u00fade mental","UERJ","UFF"],"articleSection":["#OlhoNaGentrifica\u00e7\u00e3o","#OlhoNaParticipa\u00e7\u00e3o","#OlhoNasRemo\u00e7\u00f5es","#OlhoNaUrbaniza\u00e7\u00e3o","*Destaque","Cobertura de Eventos","Pol\u00edticas","Sociedade Civil"],"inLanguage":"pt-BR"},{"@type":"WebPage","@id":"https:\/\/rioonwatch.org.br\/?p=26689","url":"https:\/\/rioonwatch.org.br\/?p=26689","name":"\"Um Mesmo Mecanismo N\u00e3o Pode Regularizar um Pr\u00e9dio na Barra e na Favela\" - RioOnWatch","isPartOf":{"@id":"https:\/\/rioonwatch.org.br\/#website"},"primaryImageOfPage":{"@id":"https:\/\/rioonwatch.org.br\/?p=26689#primaryimage"},"image":{"@id":"https:\/\/rioonwatch.org.br\/?p=26689#primaryimage"},"thumbnailUrl":"https:\/\/rioonwatch.org.br\/wp-content\/uploads\/2017\/07\/direito-moradia-defensoria2.jpg","datePublished":"2017-07-16T12:08:26+00:00","dateModified":"2023-04-20T01:48:48+00:00","breadcrumb":{"@id":"https:\/\/rioonwatch.org.br\/?p=26689#breadcrumb"},"inLanguage":"pt-BR","potentialAction":[{"@type":"ReadAction","target":["https:\/\/rioonwatch.org.br\/?p=26689"]}]},{"@type":"ImageObject","inLanguage":"pt-BR","@id":"https:\/\/rioonwatch.org.br\/?p=26689#primaryimage","url":"https:\/\/rioonwatch.org.br\/wp-content\/uploads\/2017\/07\/direito-moradia-defensoria2.jpg","contentUrl":"https:\/\/rioonwatch.org.br\/wp-content\/uploads\/2017\/07\/direito-moradia-defensoria2.jpg","width":1440,"height":635},{"@type":"BreadcrumbList","@id":"https:\/\/rioonwatch.org.br\/?p=26689#breadcrumb","itemListElement":[{"@type":"ListItem","position":1,"name":"In\u00edcio","item":"https:\/\/rioonwatch.org.br\/"},{"@type":"ListItem","position":2,"name":"&#8220;Um Mesmo Mecanismo N\u00e3o Pode Regularizar um Pr\u00e9dio na Barra e na Favela&#8221;"}]},{"@type":"WebSite","@id":"https:\/\/rioonwatch.org.br\/#website","url":"https:\/\/rioonwatch.org.br\/","name":"RioOnWatch","description":"relatos das favelas cariocas","publisher":{"@id":"https:\/\/rioonwatch.org.br\/#organization"},"potentialAction":[{"@type":"SearchAction","target":{"@type":"EntryPoint","urlTemplate":"https:\/\/rioonwatch.org.br\/?s={search_term_string}"},"query-input":{"@type":"PropertyValueSpecification","valueRequired":true,"valueName":"search_term_string"}}],"inLanguage":"pt-BR"},{"@type":"Organization","@id":"https:\/\/rioonwatch.org.br\/#organization","name":"RioOnWatch","url":"https:\/\/rioonwatch.org.br\/","logo":{"@type":"ImageObject","inLanguage":"pt-BR","@id":"https:\/\/rioonwatch.org.br\/#\/schema\/logo\/image\/","url":"https:\/\/rioonwatch.org.br\/wp-content\/uploads\/2021\/06\/RioOnWatchcabecalhoPT11anos-2.png","contentUrl":"https:\/\/rioonwatch.org.br\/wp-content\/uploads\/2021\/06\/RioOnWatchcabecalhoPT11anos-2.png","width":779,"height":277,"caption":"RioOnWatch"},"image":{"@id":"https:\/\/rioonwatch.org.br\/#\/schema\/logo\/image\/"}},{"@type":"Person","@id":"https:\/\/rioonwatch.org.br\/#\/schema\/person\/f443c6b55bb6e80842280318076491c5","name":"Luisa Fenizola","image":{"@type":"ImageObject","inLanguage":"pt-BR","@id":"https:\/\/rioonwatch.org.br\/#\/schema\/person\/image\/","url":"https:\/\/secure.gravatar.com\/avatar\/a3d551110162b9f876cbbdaaecf75663?s=96&d=blank&r=g","contentUrl":"https:\/\/secure.gravatar.com\/avatar\/a3d551110162b9f876cbbdaaecf75663?s=96&d=blank&r=g","caption":"Luisa Fenizola"},"url":"https:\/\/rioonwatch.org.br\/?author=152"}]}},"_links":{"self":[{"href":"https:\/\/rioonwatch.org.br\/index.php?rest_route=\/wp\/v2\/posts\/26689"}],"collection":[{"href":"https:\/\/rioonwatch.org.br\/index.php?rest_route=\/wp\/v2\/posts"}],"about":[{"href":"https:\/\/rioonwatch.org.br\/index.php?rest_route=\/wp\/v2\/types\/post"}],"author":[{"embeddable":true,"href":"https:\/\/rioonwatch.org.br\/index.php?rest_route=\/wp\/v2\/users\/152"}],"replies":[{"embeddable":true,"href":"https:\/\/rioonwatch.org.br\/index.php?rest_route=%2Fwp%2Fv2%2Fcomments&post=26689"}],"version-history":[{"count":29,"href":"https:\/\/rioonwatch.org.br\/index.php?rest_route=\/wp\/v2\/posts\/26689\/revisions"}],"predecessor-version":[{"id":27317,"href":"https:\/\/rioonwatch.org.br\/index.php?rest_route=\/wp\/v2\/posts\/26689\/revisions\/27317"}],"wp:featuredmedia":[{"embeddable":true,"href":"https:\/\/rioonwatch.org.br\/index.php?rest_route=\/wp\/v2\/media\/26691"}],"wp:attachment":[{"href":"https:\/\/rioonwatch.org.br\/index.php?rest_route=%2Fwp%2Fv2%2Fmedia&parent=26689"}],"wp:term":[{"taxonomy":"category","embeddable":true,"href":"https:\/\/rioonwatch.org.br\/index.php?rest_route=%2Fwp%2Fv2%2Fcategories&post=26689"},{"taxonomy":"post_tag","embeddable":true,"href":"https:\/\/rioonwatch.org.br\/index.php?rest_route=%2Fwp%2Fv2%2Ftags&post=26689"},{"taxonomy":"writer","embeddable":true,"href":"https:\/\/rioonwatch.org.br\/index.php?rest_route=%2Fwp%2Fv2%2Fwriter&post=26689"},{"taxonomy":"translator","embeddable":true,"href":"https:\/\/rioonwatch.org.br\/index.php?rest_route=%2Fwp%2Fv2%2Ftranslator&post=26689"},{"taxonomy":"source","embeddable":true,"href":"https:\/\/rioonwatch.org.br\/index.php?rest_route=%2Fwp%2Fv2%2Fsource&post=26689"},{"taxonomy":"ilustrador","embeddable":true,"href":"https:\/\/rioonwatch.org.br\/index.php?rest_route=%2Fwp%2Fv2%2Filustrador&post=26689"},{"taxonomy":"fotografo","embeddable":true,"href":"https:\/\/rioonwatch.org.br\/index.php?rest_route=%2Fwp%2Fv2%2Ffotografo&post=26689"}],"curies":[{"name":"wp","href":"https:\/\/api.w.org\/{rel}","templated":true}]}}