{"id":26723,"date":"2017-07-11T08:15:19","date_gmt":"2017-07-11T11:15:19","guid":{"rendered":"http:\/\/rioonwatch.org.br\/?p=26723"},"modified":"2017-08-01T10:53:22","modified_gmt":"2017-08-01T13:53:22","slug":"moradores-de-quatro-favelas-se-organizam-contra-criminalizacao-da-cultura-da-favela","status":"publish","type":"post","link":"https:\/\/rioonwatch.org.br\/?p=26723","title":{"rendered":"Manguinhos, Rocinha, Jacarezinho e CDD Se Mobilizam Contra Criminaliza\u00e7\u00e3o da Cultura da Favela"},"content":{"rendered":"<p style=\"text-align: right;\"><em><strong><a href=\"http:\/\/bit.ly\/2tVL0H8\" target=\"_blank\" rel=\"noopener noreferrer\">Click Here for English<img decoding=\"async\" width=\"20\" height=\"20\" class=\"alignright wp-image-15790\" src=\"http:\/\/rioonwatch.org.br\/wp-content\/uploads\/2012\/08\/EN-standard-e1439583104716.jpg\" alt=\"\" \/><\/a><\/strong><\/em><\/p>\n<p>A <a href=\"http:\/\/bit.ly\/183prJf\" target=\"_blank\" rel=\"noopener\">Resolu\u00e7\u00e3o 013<\/a>, que subordinava ao comando da <a href=\"http:\/\/bit.ly\/R5ueio\" target=\"_blank\" rel=\"noopener\">UPP<\/a>\u00a0o autoriza\u00e7\u00e3o ou n\u00e3o para a realiza\u00e7\u00e3o de eventos culturais, art\u00edsticos e esportivos nas favelas ocupadas, foi <a href=\"http:\/\/glo.bo\/1dwmvCw\" target=\"_blank\" rel=\"noopener\">revogada oficialmente h\u00e1 quatro anos pelo ent\u00e3o Governador S\u00e9rgio Cabral<\/a>, mas a pr\u00e1tica de controle da vida social dos moradores ainda \u00e9 realidade. Na quinta-feira, dia 7 de julho, moradores das favelas de <a href=\"http:\/\/bit.ly\/ZC9b6z\" target=\"_blank\" rel=\"noopener\">Manguinhos<\/a>, <a href=\"http:\/\/bit.ly\/16w2zz1\" target=\"_blank\" rel=\"noopener\">Rocinha<\/a>, <a href=\"http:\/\/bit.ly\/19t7wK0\" target=\"_blank\" rel=\"noopener\">Jacarezinho<\/a> e <a href=\"http:\/\/bit.ly\/10BzE4e\" target=\"_blank\" rel=\"noopener\">Cidade de Deus<\/a> que fazem parte do <a href=\"http:\/\/bit.ly\/2u5VBjI\" target=\"_blank\" rel=\"noopener\">Movimento Favelas Contra a Viol\u00eancia<\/a> e do <a href=\"https:\/\/glo.bo\/2tDPUru\" target=\"_blank\" rel=\"noopener\">Movimento Popular de Favelas<\/a>, se reuniram com representantes da Subsecretaria de Seguran\u00e7a P\u00fablica e da Secretaria de Cultura para debater as dificuldades nas quais a organiza\u00e7\u00e3o de manifesta\u00e7\u00f5es culturais nas favelas esbarra.<\/p>\n<p>\u201cAinda h\u00e1 uma determina\u00e7\u00e3o expressa do Comando da Pol\u00edcia Pacificadora de que a UPP deve regular os espa\u00e7os da favela. Eles acham que s\u00e3o donos da favela\u201d, disse uma moradora de Manguinhos. \u201cA pol\u00edcia est\u00e1 fazendo papel de juiz decidindo o que se pode e n\u00e3o fazer. Quem deveria fazer isso \u00e9 a prefeitura. N\u00e3o queremos ficar \u00e0 merc\u00ea da boa vontade do policial\u201d, disse outra.<\/p>\n<p><a href=\"http:\/\/rioonwatch.org.br\/wp-content\/uploads\/2017\/07\/UPP-\u00e9-fachada2.jpg\"><img fetchpriority=\"high\" decoding=\"async\" class=\"aligncenter wp-image-26734 size-content\" title=\"Picha\u00e7\u00e3o na esta\u00e7\u00e3o de trem em Manguinhos: &quot;UPP \u00e9 fachada&quot;\" src=\"http:\/\/rioonwatch.org.br\/wp-content\/uploads\/2017\/07\/UPP-\u00e9-fachada2-620x264.jpg\" alt=\"\" width=\"620\" height=\"264\" \/><\/a><\/p>\n<p>Mas a pr\u00f3pria prefeitura vem dificultando a operacionaliza\u00e7\u00e3o dos mecanismos legais que regulam tais manifesta\u00e7\u00f5es culturais. Como coloca o advogado e pesquisador de Coopera\u00e7\u00e3o Social da Fiocruz, Djefferson Amadeus, o direito \u00e0 realiza\u00e7\u00e3o dos eventos \u00e9 garantido, dentre outros mecanismos, pela <a href=\"http:\/\/bit.ly\/2uU65BM\" target=\"_blank\" rel=\"noopener\">lei municipal 5429\/2012<\/a>, na qual est\u00e1 prevista apenas a notifica\u00e7\u00e3o \u00e0 regi\u00e3o administrativa sobre o dia e o local da realiza\u00e7\u00e3o de manifesta\u00e7\u00f5es em espa\u00e7os p\u00fablicos por grupos culturais.<\/p>\n<p>Uma das barreiras colocadas por Crivella \u00e0 operacionaliza\u00e7\u00e3o dessa lei consiste no decreto 43.219\/17 do final de maio desse ano, que estabelece uma <a href=\"https:\/\/glo.bo\/2uAj3FC\" target=\"_blank\" rel=\"noopener\">comiss\u00e3o ligada ao gabinete do prefeito para aprovar eventos com p\u00fablico superior a 1000 pessoas<\/a>. O veto dessa comiss\u00e3o poder\u00e1 se dar inclusive durante a realiza\u00e7\u00e3o do evento, mesmo que ele possua as licen\u00e7as necess\u00e1rias. Al\u00e9m de burocratizar o processo, abre espa\u00e7o para a proibi\u00e7\u00e3o com base em motivos pol\u00edticos ou ideol\u00f3gicos. Logo depois do decreto, a prefeitura publicou a resolu\u00e7\u00e3o N\u00ba58, isentando celebra\u00e7\u00f5es religiosas dos procedimentos de Consulta Pr\u00e9via e de emiss\u00e3o de Alvar\u00e1 de Autoriza\u00e7\u00e3o Transit\u00f3ria. Crivella ainda regulamentou no in\u00edcio do m\u00eas uma lei que prev\u00ea <a href=\"https:\/\/glo.bo\/2uAwk0P\" target=\"_blank\" rel=\"noopener\">multa de at\u00e9 R$5000,00 por barulho excessivo em bares, festas e pra\u00e7as<\/a>.<\/p>\n<p>O que mais incomoda alguns moradores \u00e9 a n\u00e3o padroniza\u00e7\u00e3o das regras. \u201cAlgumas determina\u00e7\u00f5es parecem <a href=\"http:\/\/bit.ly\/2u8WVVf\" target=\"_blank\" rel=\"noopener\">s\u00f3 valer para as favelas<\/a>\u201d, disse uma moradora tamb\u00e9m do local. \u201cVamos ver se essas leis v\u00e3o se aplicar igualmente para o evento da <a href=\"http:\/\/bit.ly\/2qNn23c\" target=\"_blank\" rel=\"noopener\">Universal<\/a> e o baile funk\u201d, completou.<\/p>\n<p><a href=\"http:\/\/rioonwatch.org.br\/wp-content\/uploads\/2017\/07\/Baile-da-terceira-idade-no-Jacarezinho.-Foto-por-Gabi-Nehring.jpg\"><img decoding=\"async\" class=\"aligncenter wp-image-26760 size-content\" title=\"Baile da Terceira Idade no Jacarezinho. Foto: Gabi Nehring.\" src=\"http:\/\/rioonwatch.org.br\/wp-content\/uploads\/2017\/07\/Baile-da-terceira-idade-no-Jacarezinho.-Foto-por-Gabi-Nehring-620x264.jpg\" alt=\"\" width=\"620\" height=\"264\" srcset=\"https:\/\/rioonwatch.org.br\/wp-content\/uploads\/2017\/07\/Baile-da-terceira-idade-no-Jacarezinho.-Foto-por-Gabi-Nehring-620x264.jpg 620w, https:\/\/rioonwatch.org.br\/wp-content\/uploads\/2017\/07\/Baile-da-terceira-idade-no-Jacarezinho.-Foto-por-Gabi-Nehring-940x400.jpg 940w\" sizes=\"(max-width: 620px) 100vw, 620px\" \/><\/a><\/p>\n<p>\u201cAl\u00e9m dos barraqueiros que ficam sem emprego, a proibi\u00e7\u00e3o deixa de gerar renda para os moradores que alugam seus banheiros durante os eventos. Isso sem contar que simboliza a criminaliza\u00e7\u00e3o da cultura da favela\u201d, disse um morador. \u00c9 preciso reconhecer essas atividades como geradoras de emprego e renda dentro da comunidade, al\u00e9m de seu papel no refor\u00e7o da sensa\u00e7\u00e3o de seguran\u00e7a do local e no est\u00edmulo \u00e0 <a href=\"http:\/\/bit.ly\/2eHBbGm\" target=\"_blank\" rel=\"noopener\">autoestima<\/a> da popula\u00e7\u00e3o, dando-lhes uma op\u00e7\u00e3o de lazer.<\/p>\n<p>Na favela do Mandela 2, em Manguinhos, <a href=\"http:\/\/bit.ly\/2tS8mkl\" target=\"_blank\" rel=\"noopener\">a tradicional festa de Natal do ano passado n\u00e3o aconteceu<\/a>, porque a ent\u00e3o comandante da UPP alegou 3 dias antes da festa, durante o recesso de natal, que era preciso obter licen\u00e7as da 21\u00aa Delegacia, da prefeitura e do Corpo de Bombeiros. \u00a0A assessoria das UPPs disse que isso est\u00e1 de acordo com a \u201cResolu\u00e7\u00e3o N\u00ba013 da Seseg e Resolu\u00e7\u00e3o conjunta Seseg\/Sedec N\u00ba134\u201d \u2013 a primeira \u00e9 justamente a resolu\u00e7\u00e3o que foi revogada em 2014.<\/p>\n<p>Hoje as coisas est\u00e3o um pouco melhores. \u201cA antiga comandante da UPP era inflex\u00edvel, n\u00e3o queria di\u00e1logo. Fizemos v\u00e1rias reuni\u00f5es e colocaram um novo comandante. A\u00ed ele liberou um show e um baile semana passada no Mandela para amansar os moradores\u201d, disse uma moradora da comunidade. Ainda assim, os organizadores enfrentam obst\u00e1culos e buscam formas de contorn\u00e1-los. Uma delas tem sido renomear o \u201cbaile funk\u201d de \u201cpagofunk\u201d, que eles alegam ter mais chance de ser aprovado. Isso apesar do funk ter sido <a href=\"http:\/\/bit.ly\/2ty1bg1\" target=\"_blank\" rel=\"noopener\">reconhecido pela Alerj como patrim\u00f4nio cultural<\/a> em 2009.<\/p>\n<p><a href=\"http:\/\/rioonwatch.org.br\/wp-content\/uploads\/2017\/07\/CriAtivos.jpg\"><img loading=\"lazy\" decoding=\"async\" class=\"aligncenter wp-image-26764 size-content\" title=\"Vidigal, CriAtivos\" src=\"http:\/\/rioonwatch.org.br\/wp-content\/uploads\/2017\/07\/CriAtivos-620x264.jpg\" alt=\"\" width=\"620\" height=\"264\" srcset=\"https:\/\/rioonwatch.org.br\/wp-content\/uploads\/2017\/07\/CriAtivos-620x264.jpg 620w, https:\/\/rioonwatch.org.br\/wp-content\/uploads\/2017\/07\/CriAtivos-940x400.jpg 940w\" sizes=\"(max-width: 620px) 100vw, 620px\" \/><\/a><\/p>\n<p>\u201cA UPP diz que n\u00e3o pode autorizar baile por quest\u00e3o de seguran\u00e7a, pelo risco de viol\u00eancia, mas os policiais n\u00e3o prezam nem fazem nada pela nossa seguran\u00e7a no dia a dia. S\u00f3 ficam l\u00e1, entocados na base\u201d, disse outra moradora. Al\u00e9m disso, mesmo quando a autoriza\u00e7\u00e3o \u00e9 dada, n\u00e3o h\u00e1 nenhuma garantia de n\u00e3o haver opera\u00e7\u00e3o no dia, o que necessariamente suspende as atividades, seja por determina\u00e7\u00e3o expressa da pol\u00edcia, seja pelo medo de confronto.<\/p>\n<p>&#8220;A gente apenas est\u00e1 cobrando o que est\u00e1 previsto na lei, incluindo o <a href=\"http:\/\/bit.ly\/1QfYu5I\" target=\"_blank\" rel=\"noopener\">direito do morador a trabalho<\/a>, lazer e renda&#8221;, disse um morador de Manguinhos. Nesse sentido, reafirmou-se na reuni\u00e3o do dia 7 de julho a necessidade de coordenar os esfor\u00e7os das duas entidades para que a cultura possa se desenvolver nas favelas sem interfer\u00eancia injustificada da pol\u00edcia. Foi proposto o encaminhamento de uma Ordem de Servi\u00e7o\u00a0aos comandantes de UPPs e aos Batalh\u00f5es orientando qual o procedimento a ser adotado, para que as decis\u00f5es n\u00e3o sejam arbitr\u00e1rias. Os moradores da regi\u00e3o de Manguinhos reivindicaram ainda a realiza\u00e7\u00e3o de uma visita ou plen\u00e1ria na comunidade por parte da Subsecret\u00e1ria de Seguran\u00e7a.<\/p>\n<!-- AddThis Advanced Settings generic via filter on the_content --><!-- AddThis Share Buttons generic via filter on the_content -->","protected":false},"excerpt":{"rendered":"<div class=\"mh-excerpt\"><p>Click Here for English A Resolu\u00e7\u00e3o 013, que subordinava ao comando da UPP\u00a0o autoriza\u00e7\u00e3o ou n\u00e3o para a realiza\u00e7\u00e3o de eventos culturais, art\u00edsticos e esportivos nas favelas ocupadas, foi revogada oficialmente h\u00e1 quatro anos pelo <a class=\"mh-excerpt-more\" href=\"https:\/\/rioonwatch.org.br\/?p=26723\" title=\"Manguinhos, Rocinha, Jacarezinho e CDD Se Mobilizam Contra Criminaliza\u00e7\u00e3o da Cultura da Favela\">[&#8230;]<\/a><!-- AddThis Advanced Settings generic via filter on get_the_excerpt --><!-- AddThis Share Buttons generic via filter on get_the_excerpt --><\/p>\n<\/div>","protected":false},"author":152,"featured_media":26732,"comment_status":"closed","ping_status":"closed","sticky":false,"template":"","format":"standard","meta":{"_acf_changed":false,"_monsterinsights_skip_tracking":false,"_monsterinsights_sitenote_active":false,"_monsterinsights_sitenote_note":"","_monsterinsights_sitenote_category":0,"footnotes":""},"categories":[2089,1618,1621,1627,1615,346,1620,1612],"tags":[554,421,502,599,719,636,1982,1093,839,919,649,16,2120,2115,578,92,218],"writer":[1994],"translator":[],"source":[],"ilustrador":[],"fotografo":[],"class_list":{"0":"post-26723","1":"post","2":"type-post","3":"status-publish","4":"format-standard","5":"has-post-thumbnail","7":"category-monitoramento","8":"category-olhonaparticipacao","9":"category-destaque","10":"category-relato-de-evento","11":"category-cultura-da-favela","12":"category-denuncias","13":"category-olhonaupp","14":"category-sociedade-civil","15":"tag-cidade-de-deus","16":"tag-cultura-da-favela","17":"tag-funk","18":"tag-jacarezinho","19":"tag-lazer","20":"tag-manguinhos","21":"tag-marcelo-crivella","22":"tag-mandela","23":"tag-prioridades-publicas-equivocadas","24":"tag-reforma-da-policia","25":"tag-resolucao-013","26":"tag-rocinha","27":"tag-secretaria-de-cultura","28":"tag-secretaria-de-seguranca","29":"tag-trabalho-e-renda","30":"tag-upp","31":"tag-zona-norte","32":"writer-luisa-fenizola"},"acf":[],"yoast_head":"<!-- This site is optimized with the Yoast SEO plugin v25.6 - https:\/\/yoast.com\/wordpress\/plugins\/seo\/ -->\n<title>Manguinhos, Rocinha, Jacarezinho e CDD Se Mobilizam Contra Criminaliza\u00e7\u00e3o da Cultura da Favela - RioOnWatch<\/title>\n<meta name=\"robots\" content=\"index, follow, max-snippet:-1, max-image-preview:large, max-video-preview:-1\" \/>\n<link rel=\"canonical\" href=\"https:\/\/rioonwatch.org.br\/?p=26723\" \/>\n<meta property=\"og:locale\" content=\"pt_BR\" \/>\n<meta property=\"og:type\" content=\"article\" \/>\n<meta property=\"og:title\" content=\"Manguinhos, Rocinha, Jacarezinho e CDD Se Mobilizam Contra Criminaliza\u00e7\u00e3o da Cultura da Favela - RioOnWatch\" \/>\n<meta property=\"og:description\" content=\"Click Here for English A Resolu\u00e7\u00e3o 013, que subordinava ao comando da UPP\u00a0o autoriza\u00e7\u00e3o ou n\u00e3o para a realiza\u00e7\u00e3o de eventos culturais, art\u00edsticos e esportivos nas favelas ocupadas, foi revogada oficialmente h\u00e1 quatro anos pelo [...]\" \/>\n<meta property=\"og:url\" content=\"https:\/\/rioonwatch.org.br\/?p=26723\" \/>\n<meta property=\"og:site_name\" content=\"RioOnWatch\" \/>\n<meta property=\"article:published_time\" content=\"2017-07-11T11:15:19+00:00\" \/>\n<meta property=\"article:modified_time\" content=\"2017-08-01T13:53:22+00:00\" \/>\n<meta property=\"og:image\" content=\"https:\/\/rioonwatch.org.br\/wp-content\/uploads\/2017\/07\/Baile-Funk-Castelo-das-Pedras.jpg\" \/>\n\t<meta property=\"og:image:width\" content=\"720\" \/>\n\t<meta property=\"og:image:height\" content=\"479\" \/>\n\t<meta property=\"og:image:type\" content=\"image\/jpeg\" \/>\n<meta name=\"author\" content=\"Luisa Fenizola\" \/>\n<meta name=\"twitter:card\" content=\"summary_large_image\" \/>\n<meta name=\"twitter:label1\" content=\"Escrito por\" \/>\n\t<meta name=\"twitter:data1\" content=\"Luisa Fenizola\" \/>\n\t<meta name=\"twitter:label2\" content=\"Est. tempo de leitura\" \/>\n\t<meta name=\"twitter:data2\" content=\"5 minutos\" \/>\n<script type=\"application\/ld+json\" class=\"yoast-schema-graph\">{\"@context\":\"https:\/\/schema.org\",\"@graph\":[{\"@type\":\"Article\",\"@id\":\"https:\/\/rioonwatch.org.br\/?p=26723#article\",\"isPartOf\":{\"@id\":\"https:\/\/rioonwatch.org.br\/?p=26723\"},\"author\":{\"name\":\"Luisa Fenizola\",\"@id\":\"https:\/\/rioonwatch.org.br\/#\/schema\/person\/f443c6b55bb6e80842280318076491c5\"},\"headline\":\"Manguinhos, Rocinha, Jacarezinho e CDD Se Mobilizam Contra Criminaliza\u00e7\u00e3o da Cultura da Favela\",\"datePublished\":\"2017-07-11T11:15:19+00:00\",\"dateModified\":\"2017-08-01T13:53:22+00:00\",\"mainEntityOfPage\":{\"@id\":\"https:\/\/rioonwatch.org.br\/?p=26723\"},\"wordCount\":952,\"publisher\":{\"@id\":\"https:\/\/rioonwatch.org.br\/#organization\"},\"image\":{\"@id\":\"https:\/\/rioonwatch.org.br\/?p=26723#primaryimage\"},\"thumbnailUrl\":\"https:\/\/rioonwatch.org.br\/wp-content\/uploads\/2017\/07\/Baile-Funk-Castelo-das-Pedras.jpg\",\"keywords\":[\"Cidade de Deus\",\"cultura da favela\",\"funk\",\"Jacarezinho\",\"lazer\",\"Manguinhos\",\"Marcelo Crivella\",\"Nelson Mandela\",\"prioridades p\u00fablicas equivocadas\",\"reforma da pol\u00edcia\",\"Resolu\u00e7\u00e3o 013\",\"Rocinha\",\"Secretaria de Cultura\",\"Secretaria de Seguran\u00e7a\",\"Trabalho e renda\",\"UPP\",\"Zona Norte\"],\"articleSection\":[\"#Monitoramento\",\"#OlhoNaParticipa\u00e7\u00e3o\",\"*Destaque\",\"Cobertura de Eventos\",\"Cultura da Favela\",\"Den\u00fancias\",\"Seguran\u00e7a P\u00fablica\",\"Sociedade Civil\"],\"inLanguage\":\"pt-BR\"},{\"@type\":\"WebPage\",\"@id\":\"https:\/\/rioonwatch.org.br\/?p=26723\",\"url\":\"https:\/\/rioonwatch.org.br\/?p=26723\",\"name\":\"Manguinhos, Rocinha, Jacarezinho e CDD Se Mobilizam Contra Criminaliza\u00e7\u00e3o da Cultura da Favela - RioOnWatch\",\"isPartOf\":{\"@id\":\"https:\/\/rioonwatch.org.br\/#website\"},\"primaryImageOfPage\":{\"@id\":\"https:\/\/rioonwatch.org.br\/?p=26723#primaryimage\"},\"image\":{\"@id\":\"https:\/\/rioonwatch.org.br\/?p=26723#primaryimage\"},\"thumbnailUrl\":\"https:\/\/rioonwatch.org.br\/wp-content\/uploads\/2017\/07\/Baile-Funk-Castelo-das-Pedras.jpg\",\"datePublished\":\"2017-07-11T11:15:19+00:00\",\"dateModified\":\"2017-08-01T13:53:22+00:00\",\"breadcrumb\":{\"@id\":\"https:\/\/rioonwatch.org.br\/?p=26723#breadcrumb\"},\"inLanguage\":\"pt-BR\",\"potentialAction\":[{\"@type\":\"ReadAction\",\"target\":[\"https:\/\/rioonwatch.org.br\/?p=26723\"]}]},{\"@type\":\"ImageObject\",\"inLanguage\":\"pt-BR\",\"@id\":\"https:\/\/rioonwatch.org.br\/?p=26723#primaryimage\",\"url\":\"https:\/\/rioonwatch.org.br\/wp-content\/uploads\/2017\/07\/Baile-Funk-Castelo-das-Pedras.jpg\",\"contentUrl\":\"https:\/\/rioonwatch.org.br\/wp-content\/uploads\/2017\/07\/Baile-Funk-Castelo-das-Pedras.jpg\",\"width\":720,\"height\":479},{\"@type\":\"BreadcrumbList\",\"@id\":\"https:\/\/rioonwatch.org.br\/?p=26723#breadcrumb\",\"itemListElement\":[{\"@type\":\"ListItem\",\"position\":1,\"name\":\"In\u00edcio\",\"item\":\"https:\/\/rioonwatch.org.br\/\"},{\"@type\":\"ListItem\",\"position\":2,\"name\":\"Manguinhos, Rocinha, Jacarezinho e CDD Se Mobilizam Contra Criminaliza\u00e7\u00e3o da Cultura da Favela\"}]},{\"@type\":\"WebSite\",\"@id\":\"https:\/\/rioonwatch.org.br\/#website\",\"url\":\"https:\/\/rioonwatch.org.br\/\",\"name\":\"RioOnWatch\",\"description\":\"relatos das favelas cariocas\",\"publisher\":{\"@id\":\"https:\/\/rioonwatch.org.br\/#organization\"},\"potentialAction\":[{\"@type\":\"SearchAction\",\"target\":{\"@type\":\"EntryPoint\",\"urlTemplate\":\"https:\/\/rioonwatch.org.br\/?s={search_term_string}\"},\"query-input\":{\"@type\":\"PropertyValueSpecification\",\"valueRequired\":true,\"valueName\":\"search_term_string\"}}],\"inLanguage\":\"pt-BR\"},{\"@type\":\"Organization\",\"@id\":\"https:\/\/rioonwatch.org.br\/#organization\",\"name\":\"RioOnWatch\",\"url\":\"https:\/\/rioonwatch.org.br\/\",\"logo\":{\"@type\":\"ImageObject\",\"inLanguage\":\"pt-BR\",\"@id\":\"https:\/\/rioonwatch.org.br\/#\/schema\/logo\/image\/\",\"url\":\"https:\/\/rioonwatch.org.br\/wp-content\/uploads\/2021\/06\/RioOnWatchcabecalhoPT11anos-2.png\",\"contentUrl\":\"https:\/\/rioonwatch.org.br\/wp-content\/uploads\/2021\/06\/RioOnWatchcabecalhoPT11anos-2.png\",\"width\":779,\"height\":277,\"caption\":\"RioOnWatch\"},\"image\":{\"@id\":\"https:\/\/rioonwatch.org.br\/#\/schema\/logo\/image\/\"}},{\"@type\":\"Person\",\"@id\":\"https:\/\/rioonwatch.org.br\/#\/schema\/person\/f443c6b55bb6e80842280318076491c5\",\"name\":\"Luisa Fenizola\",\"image\":{\"@type\":\"ImageObject\",\"inLanguage\":\"pt-BR\",\"@id\":\"https:\/\/rioonwatch.org.br\/#\/schema\/person\/image\/\",\"url\":\"https:\/\/secure.gravatar.com\/avatar\/a3d551110162b9f876cbbdaaecf75663?s=96&d=blank&r=g\",\"contentUrl\":\"https:\/\/secure.gravatar.com\/avatar\/a3d551110162b9f876cbbdaaecf75663?s=96&d=blank&r=g\",\"caption\":\"Luisa Fenizola\"},\"url\":\"https:\/\/rioonwatch.org.br\/?author=152\"}]}<\/script>\n<!-- \/ Yoast SEO plugin. -->","yoast_head_json":{"title":"Manguinhos, Rocinha, Jacarezinho e CDD Se Mobilizam Contra Criminaliza\u00e7\u00e3o da Cultura da Favela - RioOnWatch","robots":{"index":"index","follow":"follow","max-snippet":"max-snippet:-1","max-image-preview":"max-image-preview:large","max-video-preview":"max-video-preview:-1"},"canonical":"https:\/\/rioonwatch.org.br\/?p=26723","og_locale":"pt_BR","og_type":"article","og_title":"Manguinhos, Rocinha, Jacarezinho e CDD Se Mobilizam Contra Criminaliza\u00e7\u00e3o da Cultura da Favela - RioOnWatch","og_description":"Click Here for English A Resolu\u00e7\u00e3o 013, que subordinava ao comando da UPP\u00a0o autoriza\u00e7\u00e3o ou n\u00e3o para a realiza\u00e7\u00e3o de eventos culturais, art\u00edsticos e esportivos nas favelas ocupadas, foi revogada oficialmente h\u00e1 quatro anos pelo [...]","og_url":"https:\/\/rioonwatch.org.br\/?p=26723","og_site_name":"RioOnWatch","article_published_time":"2017-07-11T11:15:19+00:00","article_modified_time":"2017-08-01T13:53:22+00:00","og_image":[{"width":720,"height":479,"url":"https:\/\/rioonwatch.org.br\/wp-content\/uploads\/2017\/07\/Baile-Funk-Castelo-das-Pedras.jpg","type":"image\/jpeg"}],"author":"Luisa Fenizola","twitter_card":"summary_large_image","twitter_misc":{"Escrito por":"Luisa Fenizola","Est. tempo de leitura":"5 minutos"},"schema":{"@context":"https:\/\/schema.org","@graph":[{"@type":"Article","@id":"https:\/\/rioonwatch.org.br\/?p=26723#article","isPartOf":{"@id":"https:\/\/rioonwatch.org.br\/?p=26723"},"author":{"name":"Luisa Fenizola","@id":"https:\/\/rioonwatch.org.br\/#\/schema\/person\/f443c6b55bb6e80842280318076491c5"},"headline":"Manguinhos, Rocinha, Jacarezinho e CDD Se Mobilizam Contra Criminaliza\u00e7\u00e3o da Cultura da Favela","datePublished":"2017-07-11T11:15:19+00:00","dateModified":"2017-08-01T13:53:22+00:00","mainEntityOfPage":{"@id":"https:\/\/rioonwatch.org.br\/?p=26723"},"wordCount":952,"publisher":{"@id":"https:\/\/rioonwatch.org.br\/#organization"},"image":{"@id":"https:\/\/rioonwatch.org.br\/?p=26723#primaryimage"},"thumbnailUrl":"https:\/\/rioonwatch.org.br\/wp-content\/uploads\/2017\/07\/Baile-Funk-Castelo-das-Pedras.jpg","keywords":["Cidade de Deus","cultura da favela","funk","Jacarezinho","lazer","Manguinhos","Marcelo Crivella","Nelson Mandela","prioridades p\u00fablicas equivocadas","reforma da pol\u00edcia","Resolu\u00e7\u00e3o 013","Rocinha","Secretaria de Cultura","Secretaria de Seguran\u00e7a","Trabalho e renda","UPP","Zona Norte"],"articleSection":["#Monitoramento","#OlhoNaParticipa\u00e7\u00e3o","*Destaque","Cobertura de Eventos","Cultura da Favela","Den\u00fancias","Seguran\u00e7a P\u00fablica","Sociedade Civil"],"inLanguage":"pt-BR"},{"@type":"WebPage","@id":"https:\/\/rioonwatch.org.br\/?p=26723","url":"https:\/\/rioonwatch.org.br\/?p=26723","name":"Manguinhos, Rocinha, Jacarezinho e CDD Se Mobilizam Contra Criminaliza\u00e7\u00e3o da Cultura da Favela - RioOnWatch","isPartOf":{"@id":"https:\/\/rioonwatch.org.br\/#website"},"primaryImageOfPage":{"@id":"https:\/\/rioonwatch.org.br\/?p=26723#primaryimage"},"image":{"@id":"https:\/\/rioonwatch.org.br\/?p=26723#primaryimage"},"thumbnailUrl":"https:\/\/rioonwatch.org.br\/wp-content\/uploads\/2017\/07\/Baile-Funk-Castelo-das-Pedras.jpg","datePublished":"2017-07-11T11:15:19+00:00","dateModified":"2017-08-01T13:53:22+00:00","breadcrumb":{"@id":"https:\/\/rioonwatch.org.br\/?p=26723#breadcrumb"},"inLanguage":"pt-BR","potentialAction":[{"@type":"ReadAction","target":["https:\/\/rioonwatch.org.br\/?p=26723"]}]},{"@type":"ImageObject","inLanguage":"pt-BR","@id":"https:\/\/rioonwatch.org.br\/?p=26723#primaryimage","url":"https:\/\/rioonwatch.org.br\/wp-content\/uploads\/2017\/07\/Baile-Funk-Castelo-das-Pedras.jpg","contentUrl":"https:\/\/rioonwatch.org.br\/wp-content\/uploads\/2017\/07\/Baile-Funk-Castelo-das-Pedras.jpg","width":720,"height":479},{"@type":"BreadcrumbList","@id":"https:\/\/rioonwatch.org.br\/?p=26723#breadcrumb","itemListElement":[{"@type":"ListItem","position":1,"name":"In\u00edcio","item":"https:\/\/rioonwatch.org.br\/"},{"@type":"ListItem","position":2,"name":"Manguinhos, Rocinha, Jacarezinho e CDD Se Mobilizam Contra Criminaliza\u00e7\u00e3o da Cultura da Favela"}]},{"@type":"WebSite","@id":"https:\/\/rioonwatch.org.br\/#website","url":"https:\/\/rioonwatch.org.br\/","name":"RioOnWatch","description":"relatos das favelas cariocas","publisher":{"@id":"https:\/\/rioonwatch.org.br\/#organization"},"potentialAction":[{"@type":"SearchAction","target":{"@type":"EntryPoint","urlTemplate":"https:\/\/rioonwatch.org.br\/?s={search_term_string}"},"query-input":{"@type":"PropertyValueSpecification","valueRequired":true,"valueName":"search_term_string"}}],"inLanguage":"pt-BR"},{"@type":"Organization","@id":"https:\/\/rioonwatch.org.br\/#organization","name":"RioOnWatch","url":"https:\/\/rioonwatch.org.br\/","logo":{"@type":"ImageObject","inLanguage":"pt-BR","@id":"https:\/\/rioonwatch.org.br\/#\/schema\/logo\/image\/","url":"https:\/\/rioonwatch.org.br\/wp-content\/uploads\/2021\/06\/RioOnWatchcabecalhoPT11anos-2.png","contentUrl":"https:\/\/rioonwatch.org.br\/wp-content\/uploads\/2021\/06\/RioOnWatchcabecalhoPT11anos-2.png","width":779,"height":277,"caption":"RioOnWatch"},"image":{"@id":"https:\/\/rioonwatch.org.br\/#\/schema\/logo\/image\/"}},{"@type":"Person","@id":"https:\/\/rioonwatch.org.br\/#\/schema\/person\/f443c6b55bb6e80842280318076491c5","name":"Luisa Fenizola","image":{"@type":"ImageObject","inLanguage":"pt-BR","@id":"https:\/\/rioonwatch.org.br\/#\/schema\/person\/image\/","url":"https:\/\/secure.gravatar.com\/avatar\/a3d551110162b9f876cbbdaaecf75663?s=96&d=blank&r=g","contentUrl":"https:\/\/secure.gravatar.com\/avatar\/a3d551110162b9f876cbbdaaecf75663?s=96&d=blank&r=g","caption":"Luisa Fenizola"},"url":"https:\/\/rioonwatch.org.br\/?author=152"}]}},"_links":{"self":[{"href":"https:\/\/rioonwatch.org.br\/index.php?rest_route=\/wp\/v2\/posts\/26723"}],"collection":[{"href":"https:\/\/rioonwatch.org.br\/index.php?rest_route=\/wp\/v2\/posts"}],"about":[{"href":"https:\/\/rioonwatch.org.br\/index.php?rest_route=\/wp\/v2\/types\/post"}],"author":[{"embeddable":true,"href":"https:\/\/rioonwatch.org.br\/index.php?rest_route=\/wp\/v2\/users\/152"}],"replies":[{"embeddable":true,"href":"https:\/\/rioonwatch.org.br\/index.php?rest_route=%2Fwp%2Fv2%2Fcomments&post=26723"}],"version-history":[{"count":18,"href":"https:\/\/rioonwatch.org.br\/index.php?rest_route=\/wp\/v2\/posts\/26723\/revisions"}],"predecessor-version":[{"id":27349,"href":"https:\/\/rioonwatch.org.br\/index.php?rest_route=\/wp\/v2\/posts\/26723\/revisions\/27349"}],"wp:featuredmedia":[{"embeddable":true,"href":"https:\/\/rioonwatch.org.br\/index.php?rest_route=\/wp\/v2\/media\/26732"}],"wp:attachment":[{"href":"https:\/\/rioonwatch.org.br\/index.php?rest_route=%2Fwp%2Fv2%2Fmedia&parent=26723"}],"wp:term":[{"taxonomy":"category","embeddable":true,"href":"https:\/\/rioonwatch.org.br\/index.php?rest_route=%2Fwp%2Fv2%2Fcategories&post=26723"},{"taxonomy":"post_tag","embeddable":true,"href":"https:\/\/rioonwatch.org.br\/index.php?rest_route=%2Fwp%2Fv2%2Ftags&post=26723"},{"taxonomy":"writer","embeddable":true,"href":"https:\/\/rioonwatch.org.br\/index.php?rest_route=%2Fwp%2Fv2%2Fwriter&post=26723"},{"taxonomy":"translator","embeddable":true,"href":"https:\/\/rioonwatch.org.br\/index.php?rest_route=%2Fwp%2Fv2%2Ftranslator&post=26723"},{"taxonomy":"source","embeddable":true,"href":"https:\/\/rioonwatch.org.br\/index.php?rest_route=%2Fwp%2Fv2%2Fsource&post=26723"},{"taxonomy":"ilustrador","embeddable":true,"href":"https:\/\/rioonwatch.org.br\/index.php?rest_route=%2Fwp%2Fv2%2Filustrador&post=26723"},{"taxonomy":"fotografo","embeddable":true,"href":"https:\/\/rioonwatch.org.br\/index.php?rest_route=%2Fwp%2Fv2%2Ffotografo&post=26723"}],"curies":[{"name":"wp","href":"https:\/\/api.w.org\/{rel}","templated":true}]}}