{"id":26768,"date":"2017-07-12T04:28:57","date_gmt":"2017-07-12T07:28:57","guid":{"rendered":"http:\/\/rioonwatch.org.br\/?p=26768"},"modified":"2024-06-20T16:25:27","modified_gmt":"2024-06-20T19:25:27","slug":"aldeia-maracana-realiza-oficina-popular-de-agroecologia-e-faz-planos-para-universidade-indigena","status":"publish","type":"post","link":"https:\/\/rioonwatch.org.br\/?p=26768","title":{"rendered":"Aldeia Maracan\u00e3 Realiza Oficina Popular de Agroecologia e Faz Planos para Universidade Ind\u00edgena"},"content":{"rendered":"<p style=\"text-align: right;\"><em><strong><a href=\"http:\/\/bit.ly\/2uR3bhu\" target=\"_blank\" rel=\"noopener noreferrer\">Click Here for English<img decoding=\"async\" width=\"20\" height=\"20\" class=\"alignright wp-image-15790\" src=\"http:\/\/rioonwatch.org.br\/wp-content\/uploads\/2012\/08\/EN-standard-e1439583104716.jpg\" alt=\"\" \/><\/a><\/strong><\/em><\/p>\n<p><span style=\"font-weight: 400;\">No dia 1 de julho, o <a href=\"http:\/\/bit.ly\/15BSkDc\" target=\"_blank\" rel=\"noopener\">assentamento ind\u00edgena urbano Aldeia Maracan\u00e3<\/a> organizou uma <a href=\"http:\/\/bit.ly\/2ufikNj\" target=\"_blank\" rel=\"noopener\">oficina de agroecologia e reflorestamento<\/a> com a organiza\u00e7\u00e3o <a href=\"http:\/\/bit.ly\/2ulzSnF\" target=\"_blank\" rel=\"noopener\">Educa\u00e7\u00e3o Popular na Cinel\u00e2ndia<\/a>. Cerca de quinze pessoas se reuniram para manter o jardim da ocupa\u00e7\u00e3o. Os volunt\u00e1rios adicionaram material verde no composto, plantaram plantas doadas e, literalmente, <a href=\"http:\/\/bit.ly\/2maxqvU\" target=\"_blank\" rel=\"noopener\">quebraram o concreto para preparar o solo<\/a> abaixo para plantar. Ao longo do processo, o grupo aprendeu sobre insumos para sistemas agroflorestais e ervas medicinais.<\/span><\/p>\n<p><span style=\"font-weight: 400;\">A Educa\u00e7\u00e3o Popular na Cinel\u00e2ndia foi fundada para rejeitar \u00e0 monetiza\u00e7\u00e3o dos conhecimentos sobre <a href=\"http:\/\/bit.ly\/2sczC9T\" target=\"_blank\" rel=\"noopener\">permacultura<\/a> e bioconstru\u00e7\u00e3o&#8211;muitas vezes as aulas destes saberes chegam a custar R$1000 e s\u00e3o estruturadas como sess\u00f5es de dia inteiro em locais remotos, uma condi\u00e7\u00e3o que remove esse conhecimento do contexto urbano cotidiano, onde poderia ser aplicado, e exclui pessoas incapazes de investir dinheiro e tempo. As aulas gratuitas de sexta-feira na <a href=\"http:\/\/bit.ly\/1XBoPPw\" target=\"_blank\" rel=\"noopener\">Cinel\u00e2ndia<\/a>, no <a href=\"http:\/\/bit.ly\/1qX7nZG\" target=\"_blank\" rel=\"noopener\">Centro<\/a> do Rio, s\u00e3o oferecidas como um curso aberto e como uma alternativa \u00e0s aulas caras de bioconstru\u00e7\u00e3o e permacultura. A oficina de s\u00e1bado deu ao grupo a oportunidade de aprender e praticar esses princ\u00edpios, ao mesmo tempo em que apoiava os esfor\u00e7os da Aldeia Maracan\u00e3.<\/span><\/p>\n<p><a href=\"http:\/\/rioonwatch.org.br\/wp-content\/uploads\/2017\/07\/20170701_162314-e1499176628347.jpg\"><img fetchpriority=\"high\" decoding=\"async\" class=\"alignright wp-image-26774\" title=\"Volunt\u00e1rios ajudam a transplantar plantas doadas.\" src=\"http:\/\/rioonwatch.org.br\/wp-content\/uploads\/2017\/07\/20170701_162314-e1499176628347.jpg\" alt=\"\" width=\"300\" height=\"533\" srcset=\"https:\/\/rioonwatch.org.br\/wp-content\/uploads\/2017\/07\/20170701_162314-e1499176628347.jpg 1440w, https:\/\/rioonwatch.org.br\/wp-content\/uploads\/2017\/07\/20170701_162314-e1499176628347-149x264.jpg 149w, https:\/\/rioonwatch.org.br\/wp-content\/uploads\/2017\/07\/20170701_162314-e1499176628347-349x620.jpg 349w, https:\/\/rioonwatch.org.br\/wp-content\/uploads\/2017\/07\/20170701_162314-e1499176628347-768x1365.jpg 768w, https:\/\/rioonwatch.org.br\/wp-content\/uploads\/2017\/07\/20170701_162314-e1499176628347-576x1024.jpg 576w\" sizes=\"(max-width: 300px) 100vw, 300px\" \/><\/a><\/p>\n<p>A<span style=\"font-weight: 400;\">p\u00f3s o <a href=\"http:\/\/bit.ly\/1thwVvp\" target=\"_blank\" rel=\"noopener\">mutir\u00e3o<\/a>, Urutau Guajajara, l\u00edder da Aldeia, pesquisador de lingu\u00edstica do Museu Nacional da UFRJ e professor de lingu\u00edstica na FAETEC-ISERJ, falou sobre a hist\u00f3ria e ocupa\u00e7\u00e3o da terra. O pr\u00e9dio do <a href=\"http:\/\/bit.ly\/2sCmfmH\" target=\"_blank\" rel=\"noopener\">Museu do \u00cdndio<\/a>,\u00a0fundado por <a href=\"http:\/\/bit.ly\/2tKEe86\" target=\"_blank\" rel=\"noopener\">Darcy Ribeiro<\/a>, foi abandonado na d\u00e9cada de 1970, depois foi usado pelo <a href=\"http:\/\/bit.ly\/2pGRwjq\" target=\"_blank\" rel=\"noopener\">Minist\u00e9rio da Agricultura<\/a> para armazenar sementes e realizar pesquisas e, finalmente, reocupado em <a href=\"http:\/\/bit.ly\/24XBovR\" target=\"_blank\" rel=\"noopener\">2006 pela resist\u00eancia ind\u00edgena<\/a>. A ocupa\u00e7\u00e3o foi <a href=\"http:\/\/bit.ly\/24XBovR\" target=\"_blank\" rel=\"noopener\">removida pelo governo estadual em 2013<\/a>, no in\u00edcio da <a href=\"http:\/\/bit.ly\/WfaiMR\" target=\"_blank\" rel=\"noopener\">Copa do Mundo<\/a>, e muitas fam\u00edlias foram <a href=\"http:\/\/bit.ly\/2cz1EEY\" target=\"_blank\" rel=\"noopener\">reassentadas em habita\u00e7\u00e3o p\u00fablica<\/a> como parte do programa <a href=\"http:\/\/bit.ly\/Y4U9oJ\" target=\"_blank\" rel=\"noopener\">Minha Casa Minha Vida<\/a>. A Aldeia foi <a href=\"http:\/\/bit.ly\/2tFvORL\" target=\"_blank\" rel=\"noopener\">reocupada novamente em 2016<\/a> por fam\u00edlias que est\u00e3o vivendo no local e alguns trechos do <a href=\"http:\/\/bit.ly\/2maxqvU\" target=\"_blank\" rel=\"noopener\">terreno do estacionamento foram recuperados com jardins<\/a>. O pr\u00e9dio em si precisa de manuten\u00e7\u00e3o&#8211;a prefeitura <a href=\"http:\/\/bit.ly\/1TYSJPR\" target=\"_blank\" rel=\"noopener\">prometeu restaurar o pr\u00e9dio<\/a>, mas logo depois <a href=\"http:\/\/bit.ly\/1lgN2VO\" target=\"_blank\" rel=\"noopener\">agendou sua demoli\u00e7\u00e3o<\/a>.<\/span><\/p>\n<p><span style=\"font-weight: 400;\">Guajajara criticou a percep\u00e7\u00e3o &#8220;Xinguan&#8221; dos povos ind\u00edgenas&#8211;a cren\u00e7a de que eles apenas vivem em assentamentos rurais, s\u00f3 falam l\u00ednguas ind\u00edgenas e n\u00e3o podem ser considerados em um contexto contempor\u00e2neo ou urbano. Ele enfatizou que \u00e9 imperativo que o governo veja a comunidade ind\u00edgena como ela \u00e9, com sua multiplicidade de experi\u00eancias. At\u00e9 que isso ocorra, a pol\u00edtica e o di\u00e1logo permanecer\u00e3o desiguais e prejudicados. Sobre a injusti\u00e7a nas tentativas do Estado de expulsar a ocupa\u00e7\u00e3o da Aldeia, Guajajara explica: &#8220;\u00e9 cruel saber que o \u00fanico espa\u00e7o que temos \u00e9 isso aqui&#8221;, especialmente porque &#8220;a nossa quest\u00e3o aqui \u00e9 cultural, e tudo o que \u00e9 feito aqui dentro da [Aldeia] diz respeito a quest\u00e3o ind\u00edgena&#8221;.<\/span><\/p>\n<p style=\"text-align: center;\"><a href=\"http:\/\/rioonwatch.org.br\/wp-content\/uploads\/2017\/07\/20170701_155646-e1499176557517.jpg\"><img decoding=\"async\" class=\"aligncenter wp-image-26778 size-content\" title=\"Uma das hortas na Aldeia Maracan\u00e3\" src=\"http:\/\/rioonwatch.org.br\/wp-content\/uploads\/2017\/07\/20170701_155646-e1499176557517-620x264.jpg\" alt=\"\" width=\"620\" height=\"264\" srcset=\"https:\/\/rioonwatch.org.br\/wp-content\/uploads\/2017\/07\/20170701_155646-e1499176557517-620x264.jpg 620w, https:\/\/rioonwatch.org.br\/wp-content\/uploads\/2017\/07\/20170701_155646-e1499176557517-940x400.jpg 940w\" sizes=\"(max-width: 620px) 100vw, 620px\" \/><\/a><\/p>\n<p><span style=\"font-weight: 400;\">O movimento de resist\u00eancia tem esperan\u00e7as de um dia criar uma Universidade Ind\u00edgena no local, dedicada ao estudo da l\u00edngua, da cultura, e da agricultura como outra forma de aprendizagem e conserva\u00e7\u00e3o da cultura ind\u00edgena. Guajajara explica que &#8220;sendo uma Universidade Ind\u00edgena, cabem outros projetos, como: um Centro Cultural, Pontos de Cultura e projetos de v\u00e1rias outras etnias e povos ind\u00edgenas&#8221;. No entanto, se somente um Centro Cultural for criado, n\u00e3o haveria oportunidade de haver tantos programas e fun\u00e7\u00f5es, como permitiria uma estrutura universit\u00e1ria &#8220;pensada, gerida e ministrada por ind\u00edgenas&#8221;.<\/span><\/p>\n<p><span style=\"font-weight: 400;\">Guajajara explicou que a localiza\u00e7\u00e3o e o contexto da Aldeia tornam-na ideal para atividades agr\u00edcolas, com a proximidade de quatro universidades, sua hist\u00f3ria com o Minist\u00e9rio da Agricultura, e porque &#8220;v\u00e1rios cursos [est\u00e3o] retornando \u00e0 quest\u00e3o da agricultura familiar, agricultura urbana, agroecologia. Por isso, o espa\u00e7o \u00e9 uma localiza\u00e7\u00e3o ideal&#8221;, explica Guajajara.<\/span><\/p>\n<p><span style=\"font-weight: 400;\">Na sequ\u00eancia da discuss\u00e3o, os l\u00edderes do projeto Educa\u00e7\u00e3o Popular realizaram um c\u00edrculo de conversa sobre o tema dos agrot\u00f3xicos e produtos qu\u00edmicos utilizados na agricultura. A discuss\u00e3o relacionou a quest\u00e3o tanto com os benef\u00edcios de plantar organicamente em casa, bem como os temas dos direitos e a sa\u00fade dos trabalhadores, polui\u00e7\u00e3o e destrui\u00e7\u00e3o da vida selvagem. Depois disso, quando a noite caiu, Guajajara conduziu o grupo em um passeio pelo antigo edif\u00edcio do Museu do \u00cdndio. As luzes do celular ricocheteavam nas paredes, iluminando murais de protesto, poemas e outras imagens de resist\u00eancia. Para concluir, a comunidade da Aldeia Maracan\u00e3 convidou os participantes da oficina para se unirem em torno de uma fogueira com m\u00fasicas tradicionais da cultura guarani e de ind\u00edgenas peruanas.<\/span><\/p>\n<!-- AddThis Advanced Settings generic via filter on the_content --><!-- AddThis Share Buttons generic via filter on the_content -->","protected":false},"excerpt":{"rendered":"<div class=\"mh-excerpt\"><p>Click Here for English No dia 1 de julho, o assentamento ind\u00edgena urbano Aldeia Maracan\u00e3 organizou uma oficina de agroecologia e reflorestamento com a organiza\u00e7\u00e3o Educa\u00e7\u00e3o Popular na Cinel\u00e2ndia. Cerca de quinze pessoas se reuniram <a class=\"mh-excerpt-more\" href=\"https:\/\/rioonwatch.org.br\/?p=26768\" title=\"Aldeia Maracan\u00e3 Realiza Oficina Popular de Agroecologia e Faz Planos para Universidade Ind\u00edgena\">[&#8230;]<\/a><!-- AddThis Advanced Settings generic via filter on get_the_excerpt --><!-- AddThis Share Buttons generic via filter on get_the_excerpt --><\/p>\n<\/div>","protected":false},"author":129,"featured_media":26770,"comment_status":"closed","ping_status":"closed","sticky":false,"template":"","format":"standard","meta":{"_acf_changed":false,"_monsterinsights_skip_tracking":false,"_monsterinsights_sitenote_active":false,"_monsterinsights_sitenote_note":"","_monsterinsights_sitenote_category":0,"footnotes":""},"categories":[2051,1621,1627,1626,1612,1639],"tags":[301,300,614,2150,259,405,389,550,1097,1574,466,1240,106,246,1021,276,407,430,432,404],"writer":[2124],"translator":[1971],"source":[],"ilustrador":[],"fotografo":[],"class_list":{"0":"post-26768","1":"post","2":"type-post","3":"status-publish","4":"format-standard","5":"has-post-thumbnail","7":"category-olhonolegado","8":"category-destaque","9":"category-relato-de-evento","10":"category-por-observadores-internacionais","11":"category-sociedade-civil","12":"category-sustentabilidade","13":"tag-agroecologia","14":"tag-agrofloresta","15":"tag-aldeia-maracana","16":"tag-bioconstrucao","17":"tag-centro","18":"tag-cinelandia","19":"tag-copa-do-mundo","20":"tag-direito-a-terra","21":"tag-horta-comunitaria","22":"tag-indigenas","23":"tag-maracana","24":"tag-megaeventos","25":"tag-meio-ambiente","26":"tag-minha-casa-minha-vida","27":"tag-mito-do-legado","28":"tag-mutirao","29":"tag-ocupacao","30":"tag-permacultura","31":"tag-resistencia","32":"tag-sustentabilidade","33":"writer-raine-robichaud","34":"translator-geovanna-giannini"},"acf":[],"yoast_head":"<!-- This site is optimized with the Yoast SEO plugin v25.6 - https:\/\/yoast.com\/wordpress\/plugins\/seo\/ -->\n<title>Aldeia Maracan\u00e3 Realiza Oficina Popular de Agroecologia e Faz Planos para Universidade Ind\u00edgena - RioOnWatch<\/title>\n<meta name=\"robots\" content=\"index, follow, max-snippet:-1, max-image-preview:large, max-video-preview:-1\" \/>\n<link rel=\"canonical\" href=\"https:\/\/rioonwatch.org.br\/?p=26768\" \/>\n<meta property=\"og:locale\" content=\"pt_BR\" \/>\n<meta property=\"og:type\" content=\"article\" \/>\n<meta property=\"og:title\" content=\"Aldeia Maracan\u00e3 Realiza Oficina Popular de Agroecologia e Faz Planos para Universidade Ind\u00edgena - RioOnWatch\" \/>\n<meta property=\"og:description\" content=\"Click Here for English No dia 1 de julho, o assentamento ind\u00edgena urbano Aldeia Maracan\u00e3 organizou uma oficina de agroecologia e reflorestamento com a organiza\u00e7\u00e3o Educa\u00e7\u00e3o Popular na Cinel\u00e2ndia. Cerca de quinze pessoas se reuniram [...]\" \/>\n<meta property=\"og:url\" content=\"https:\/\/rioonwatch.org.br\/?p=26768\" \/>\n<meta property=\"og:site_name\" content=\"RioOnWatch\" \/>\n<meta property=\"article:published_time\" content=\"2017-07-12T07:28:57+00:00\" \/>\n<meta property=\"article:modified_time\" content=\"2024-06-20T19:25:27+00:00\" \/>\n<meta property=\"og:image\" content=\"https:\/\/rioonwatch.org.br\/wp-content\/uploads\/2017\/07\/IMG_6069-e1488471993953.jpg\" \/>\n\t<meta property=\"og:image:width\" content=\"1024\" \/>\n\t<meta property=\"og:image:height\" content=\"768\" \/>\n\t<meta property=\"og:image:type\" content=\"image\/jpeg\" \/>\n<meta name=\"author\" content=\"Admin\" \/>\n<meta name=\"twitter:card\" content=\"summary_large_image\" \/>\n<meta name=\"twitter:label1\" content=\"Escrito por\" \/>\n\t<meta name=\"twitter:data1\" content=\"Admin\" \/>\n\t<meta name=\"twitter:label2\" content=\"Est. tempo de leitura\" \/>\n\t<meta name=\"twitter:data2\" content=\"4 minutos\" \/>\n<script type=\"application\/ld+json\" class=\"yoast-schema-graph\">{\"@context\":\"https:\/\/schema.org\",\"@graph\":[{\"@type\":\"Article\",\"@id\":\"https:\/\/rioonwatch.org.br\/?p=26768#article\",\"isPartOf\":{\"@id\":\"https:\/\/rioonwatch.org.br\/?p=26768\"},\"author\":{\"name\":\"Admin\",\"@id\":\"https:\/\/rioonwatch.org.br\/#\/schema\/person\/11d64c290506f9df50c71b850c473f68\"},\"headline\":\"Aldeia Maracan\u00e3 Realiza Oficina Popular de Agroecologia e Faz Planos para Universidade Ind\u00edgena\",\"datePublished\":\"2017-07-12T07:28:57+00:00\",\"dateModified\":\"2024-06-20T19:25:27+00:00\",\"mainEntityOfPage\":{\"@id\":\"https:\/\/rioonwatch.org.br\/?p=26768\"},\"wordCount\":813,\"publisher\":{\"@id\":\"https:\/\/rioonwatch.org.br\/#organization\"},\"image\":{\"@id\":\"https:\/\/rioonwatch.org.br\/?p=26768#primaryimage\"},\"thumbnailUrl\":\"https:\/\/rioonwatch.org.br\/wp-content\/uploads\/2017\/07\/IMG_6069-e1488471993953.jpg\",\"keywords\":[\"agroecologia\",\"agrofloresta\",\"Aldeia Maracan\u00e3\",\"bioconstru\u00e7\u00e3o\",\"Centro\",\"Cinel\u00e2ndia\",\"Copa do Mundo\",\"direito \u00e0 terra\",\"horta comunit\u00e1ria\",\"ind\u00edgenas\",\"Maracan\u00e3\",\"Megaeventos\",\"meio ambiente\",\"Minha Casa Minha Vida\",\"mito do legado\",\"mutir\u00e3o\",\"Ocupa\u00e7\u00e3o\",\"permacultura\",\"resist\u00eancia\",\"sustentabilidade\"],\"articleSection\":[\"#OlhoNoLegado\",\"*Destaque\",\"Cobertura de Eventos\",\"Escrito por Aliados\",\"Sociedade Civil\",\"Sustentabilidade\"],\"inLanguage\":\"pt-BR\"},{\"@type\":\"WebPage\",\"@id\":\"https:\/\/rioonwatch.org.br\/?p=26768\",\"url\":\"https:\/\/rioonwatch.org.br\/?p=26768\",\"name\":\"Aldeia Maracan\u00e3 Realiza Oficina Popular de Agroecologia e Faz Planos para Universidade Ind\u00edgena - RioOnWatch\",\"isPartOf\":{\"@id\":\"https:\/\/rioonwatch.org.br\/#website\"},\"primaryImageOfPage\":{\"@id\":\"https:\/\/rioonwatch.org.br\/?p=26768#primaryimage\"},\"image\":{\"@id\":\"https:\/\/rioonwatch.org.br\/?p=26768#primaryimage\"},\"thumbnailUrl\":\"https:\/\/rioonwatch.org.br\/wp-content\/uploads\/2017\/07\/IMG_6069-e1488471993953.jpg\",\"datePublished\":\"2017-07-12T07:28:57+00:00\",\"dateModified\":\"2024-06-20T19:25:27+00:00\",\"breadcrumb\":{\"@id\":\"https:\/\/rioonwatch.org.br\/?p=26768#breadcrumb\"},\"inLanguage\":\"pt-BR\",\"potentialAction\":[{\"@type\":\"ReadAction\",\"target\":[\"https:\/\/rioonwatch.org.br\/?p=26768\"]}]},{\"@type\":\"ImageObject\",\"inLanguage\":\"pt-BR\",\"@id\":\"https:\/\/rioonwatch.org.br\/?p=26768#primaryimage\",\"url\":\"https:\/\/rioonwatch.org.br\/wp-content\/uploads\/2017\/07\/IMG_6069-e1488471993953.jpg\",\"contentUrl\":\"https:\/\/rioonwatch.org.br\/wp-content\/uploads\/2017\/07\/IMG_6069-e1488471993953.jpg\",\"width\":1024,\"height\":768},{\"@type\":\"BreadcrumbList\",\"@id\":\"https:\/\/rioonwatch.org.br\/?p=26768#breadcrumb\",\"itemListElement\":[{\"@type\":\"ListItem\",\"position\":1,\"name\":\"In\u00edcio\",\"item\":\"https:\/\/rioonwatch.org.br\/\"},{\"@type\":\"ListItem\",\"position\":2,\"name\":\"Aldeia Maracan\u00e3 Realiza Oficina Popular de Agroecologia e Faz Planos para Universidade Ind\u00edgena\"}]},{\"@type\":\"WebSite\",\"@id\":\"https:\/\/rioonwatch.org.br\/#website\",\"url\":\"https:\/\/rioonwatch.org.br\/\",\"name\":\"RioOnWatch\",\"description\":\"relatos das favelas cariocas\",\"publisher\":{\"@id\":\"https:\/\/rioonwatch.org.br\/#organization\"},\"potentialAction\":[{\"@type\":\"SearchAction\",\"target\":{\"@type\":\"EntryPoint\",\"urlTemplate\":\"https:\/\/rioonwatch.org.br\/?s={search_term_string}\"},\"query-input\":{\"@type\":\"PropertyValueSpecification\",\"valueRequired\":true,\"valueName\":\"search_term_string\"}}],\"inLanguage\":\"pt-BR\"},{\"@type\":\"Organization\",\"@id\":\"https:\/\/rioonwatch.org.br\/#organization\",\"name\":\"RioOnWatch\",\"url\":\"https:\/\/rioonwatch.org.br\/\",\"logo\":{\"@type\":\"ImageObject\",\"inLanguage\":\"pt-BR\",\"@id\":\"https:\/\/rioonwatch.org.br\/#\/schema\/logo\/image\/\",\"url\":\"https:\/\/rioonwatch.org.br\/wp-content\/uploads\/2021\/06\/RioOnWatchcabecalhoPT11anos-2.png\",\"contentUrl\":\"https:\/\/rioonwatch.org.br\/wp-content\/uploads\/2021\/06\/RioOnWatchcabecalhoPT11anos-2.png\",\"width\":779,\"height\":277,\"caption\":\"RioOnWatch\"},\"image\":{\"@id\":\"https:\/\/rioonwatch.org.br\/#\/schema\/logo\/image\/\"}},{\"@type\":\"Person\",\"@id\":\"https:\/\/rioonwatch.org.br\/#\/schema\/person\/11d64c290506f9df50c71b850c473f68\",\"name\":\"Admin\",\"image\":{\"@type\":\"ImageObject\",\"inLanguage\":\"pt-BR\",\"@id\":\"https:\/\/rioonwatch.org.br\/#\/schema\/person\/image\/\",\"url\":\"https:\/\/secure.gravatar.com\/avatar\/56211ac74568383903349a1485e3c325?s=96&d=blank&r=g\",\"contentUrl\":\"https:\/\/secure.gravatar.com\/avatar\/56211ac74568383903349a1485e3c325?s=96&d=blank&r=g\",\"caption\":\"Admin\"},\"url\":\"https:\/\/rioonwatch.org.br\/?author=129\"}]}<\/script>\n<!-- \/ Yoast SEO plugin. -->","yoast_head_json":{"title":"Aldeia Maracan\u00e3 Realiza Oficina Popular de Agroecologia e Faz Planos para Universidade Ind\u00edgena - RioOnWatch","robots":{"index":"index","follow":"follow","max-snippet":"max-snippet:-1","max-image-preview":"max-image-preview:large","max-video-preview":"max-video-preview:-1"},"canonical":"https:\/\/rioonwatch.org.br\/?p=26768","og_locale":"pt_BR","og_type":"article","og_title":"Aldeia Maracan\u00e3 Realiza Oficina Popular de Agroecologia e Faz Planos para Universidade Ind\u00edgena - RioOnWatch","og_description":"Click Here for English No dia 1 de julho, o assentamento ind\u00edgena urbano Aldeia Maracan\u00e3 organizou uma oficina de agroecologia e reflorestamento com a organiza\u00e7\u00e3o Educa\u00e7\u00e3o Popular na Cinel\u00e2ndia. Cerca de quinze pessoas se reuniram [...]","og_url":"https:\/\/rioonwatch.org.br\/?p=26768","og_site_name":"RioOnWatch","article_published_time":"2017-07-12T07:28:57+00:00","article_modified_time":"2024-06-20T19:25:27+00:00","og_image":[{"width":1024,"height":768,"url":"https:\/\/rioonwatch.org.br\/wp-content\/uploads\/2017\/07\/IMG_6069-e1488471993953.jpg","type":"image\/jpeg"}],"author":"Admin","twitter_card":"summary_large_image","twitter_misc":{"Escrito por":"Admin","Est. tempo de leitura":"4 minutos"},"schema":{"@context":"https:\/\/schema.org","@graph":[{"@type":"Article","@id":"https:\/\/rioonwatch.org.br\/?p=26768#article","isPartOf":{"@id":"https:\/\/rioonwatch.org.br\/?p=26768"},"author":{"name":"Admin","@id":"https:\/\/rioonwatch.org.br\/#\/schema\/person\/11d64c290506f9df50c71b850c473f68"},"headline":"Aldeia Maracan\u00e3 Realiza Oficina Popular de Agroecologia e Faz Planos para Universidade Ind\u00edgena","datePublished":"2017-07-12T07:28:57+00:00","dateModified":"2024-06-20T19:25:27+00:00","mainEntityOfPage":{"@id":"https:\/\/rioonwatch.org.br\/?p=26768"},"wordCount":813,"publisher":{"@id":"https:\/\/rioonwatch.org.br\/#organization"},"image":{"@id":"https:\/\/rioonwatch.org.br\/?p=26768#primaryimage"},"thumbnailUrl":"https:\/\/rioonwatch.org.br\/wp-content\/uploads\/2017\/07\/IMG_6069-e1488471993953.jpg","keywords":["agroecologia","agrofloresta","Aldeia Maracan\u00e3","bioconstru\u00e7\u00e3o","Centro","Cinel\u00e2ndia","Copa do Mundo","direito \u00e0 terra","horta comunit\u00e1ria","ind\u00edgenas","Maracan\u00e3","Megaeventos","meio ambiente","Minha Casa Minha Vida","mito do legado","mutir\u00e3o","Ocupa\u00e7\u00e3o","permacultura","resist\u00eancia","sustentabilidade"],"articleSection":["#OlhoNoLegado","*Destaque","Cobertura de Eventos","Escrito por Aliados","Sociedade Civil","Sustentabilidade"],"inLanguage":"pt-BR"},{"@type":"WebPage","@id":"https:\/\/rioonwatch.org.br\/?p=26768","url":"https:\/\/rioonwatch.org.br\/?p=26768","name":"Aldeia Maracan\u00e3 Realiza Oficina Popular de Agroecologia e Faz Planos para Universidade Ind\u00edgena - RioOnWatch","isPartOf":{"@id":"https:\/\/rioonwatch.org.br\/#website"},"primaryImageOfPage":{"@id":"https:\/\/rioonwatch.org.br\/?p=26768#primaryimage"},"image":{"@id":"https:\/\/rioonwatch.org.br\/?p=26768#primaryimage"},"thumbnailUrl":"https:\/\/rioonwatch.org.br\/wp-content\/uploads\/2017\/07\/IMG_6069-e1488471993953.jpg","datePublished":"2017-07-12T07:28:57+00:00","dateModified":"2024-06-20T19:25:27+00:00","breadcrumb":{"@id":"https:\/\/rioonwatch.org.br\/?p=26768#breadcrumb"},"inLanguage":"pt-BR","potentialAction":[{"@type":"ReadAction","target":["https:\/\/rioonwatch.org.br\/?p=26768"]}]},{"@type":"ImageObject","inLanguage":"pt-BR","@id":"https:\/\/rioonwatch.org.br\/?p=26768#primaryimage","url":"https:\/\/rioonwatch.org.br\/wp-content\/uploads\/2017\/07\/IMG_6069-e1488471993953.jpg","contentUrl":"https:\/\/rioonwatch.org.br\/wp-content\/uploads\/2017\/07\/IMG_6069-e1488471993953.jpg","width":1024,"height":768},{"@type":"BreadcrumbList","@id":"https:\/\/rioonwatch.org.br\/?p=26768#breadcrumb","itemListElement":[{"@type":"ListItem","position":1,"name":"In\u00edcio","item":"https:\/\/rioonwatch.org.br\/"},{"@type":"ListItem","position":2,"name":"Aldeia Maracan\u00e3 Realiza Oficina Popular de Agroecologia e Faz Planos para Universidade Ind\u00edgena"}]},{"@type":"WebSite","@id":"https:\/\/rioonwatch.org.br\/#website","url":"https:\/\/rioonwatch.org.br\/","name":"RioOnWatch","description":"relatos das favelas cariocas","publisher":{"@id":"https:\/\/rioonwatch.org.br\/#organization"},"potentialAction":[{"@type":"SearchAction","target":{"@type":"EntryPoint","urlTemplate":"https:\/\/rioonwatch.org.br\/?s={search_term_string}"},"query-input":{"@type":"PropertyValueSpecification","valueRequired":true,"valueName":"search_term_string"}}],"inLanguage":"pt-BR"},{"@type":"Organization","@id":"https:\/\/rioonwatch.org.br\/#organization","name":"RioOnWatch","url":"https:\/\/rioonwatch.org.br\/","logo":{"@type":"ImageObject","inLanguage":"pt-BR","@id":"https:\/\/rioonwatch.org.br\/#\/schema\/logo\/image\/","url":"https:\/\/rioonwatch.org.br\/wp-content\/uploads\/2021\/06\/RioOnWatchcabecalhoPT11anos-2.png","contentUrl":"https:\/\/rioonwatch.org.br\/wp-content\/uploads\/2021\/06\/RioOnWatchcabecalhoPT11anos-2.png","width":779,"height":277,"caption":"RioOnWatch"},"image":{"@id":"https:\/\/rioonwatch.org.br\/#\/schema\/logo\/image\/"}},{"@type":"Person","@id":"https:\/\/rioonwatch.org.br\/#\/schema\/person\/11d64c290506f9df50c71b850c473f68","name":"Admin","image":{"@type":"ImageObject","inLanguage":"pt-BR","@id":"https:\/\/rioonwatch.org.br\/#\/schema\/person\/image\/","url":"https:\/\/secure.gravatar.com\/avatar\/56211ac74568383903349a1485e3c325?s=96&d=blank&r=g","contentUrl":"https:\/\/secure.gravatar.com\/avatar\/56211ac74568383903349a1485e3c325?s=96&d=blank&r=g","caption":"Admin"},"url":"https:\/\/rioonwatch.org.br\/?author=129"}]}},"_links":{"self":[{"href":"https:\/\/rioonwatch.org.br\/index.php?rest_route=\/wp\/v2\/posts\/26768"}],"collection":[{"href":"https:\/\/rioonwatch.org.br\/index.php?rest_route=\/wp\/v2\/posts"}],"about":[{"href":"https:\/\/rioonwatch.org.br\/index.php?rest_route=\/wp\/v2\/types\/post"}],"author":[{"embeddable":true,"href":"https:\/\/rioonwatch.org.br\/index.php?rest_route=\/wp\/v2\/users\/129"}],"replies":[{"embeddable":true,"href":"https:\/\/rioonwatch.org.br\/index.php?rest_route=%2Fwp%2Fv2%2Fcomments&post=26768"}],"version-history":[{"count":15,"href":"https:\/\/rioonwatch.org.br\/index.php?rest_route=\/wp\/v2\/posts\/26768\/revisions"}],"predecessor-version":[{"id":26782,"href":"https:\/\/rioonwatch.org.br\/index.php?rest_route=\/wp\/v2\/posts\/26768\/revisions\/26782"}],"wp:featuredmedia":[{"embeddable":true,"href":"https:\/\/rioonwatch.org.br\/index.php?rest_route=\/wp\/v2\/media\/26770"}],"wp:attachment":[{"href":"https:\/\/rioonwatch.org.br\/index.php?rest_route=%2Fwp%2Fv2%2Fmedia&parent=26768"}],"wp:term":[{"taxonomy":"category","embeddable":true,"href":"https:\/\/rioonwatch.org.br\/index.php?rest_route=%2Fwp%2Fv2%2Fcategories&post=26768"},{"taxonomy":"post_tag","embeddable":true,"href":"https:\/\/rioonwatch.org.br\/index.php?rest_route=%2Fwp%2Fv2%2Ftags&post=26768"},{"taxonomy":"writer","embeddable":true,"href":"https:\/\/rioonwatch.org.br\/index.php?rest_route=%2Fwp%2Fv2%2Fwriter&post=26768"},{"taxonomy":"translator","embeddable":true,"href":"https:\/\/rioonwatch.org.br\/index.php?rest_route=%2Fwp%2Fv2%2Ftranslator&post=26768"},{"taxonomy":"source","embeddable":true,"href":"https:\/\/rioonwatch.org.br\/index.php?rest_route=%2Fwp%2Fv2%2Fsource&post=26768"},{"taxonomy":"ilustrador","embeddable":true,"href":"https:\/\/rioonwatch.org.br\/index.php?rest_route=%2Fwp%2Fv2%2Filustrador&post=26768"},{"taxonomy":"fotografo","embeddable":true,"href":"https:\/\/rioonwatch.org.br\/index.php?rest_route=%2Fwp%2Fv2%2Ffotografo&post=26768"}],"curies":[{"name":"wp","href":"https:\/\/api.w.org\/{rel}","templated":true}]}}