{"id":26846,"date":"2017-10-25T10:10:49","date_gmt":"2017-10-25T13:10:49","guid":{"rendered":"http:\/\/rioonwatch.org.br\/?p=26846"},"modified":"2018-07-24T15:36:28","modified_gmt":"2018-07-24T18:36:28","slug":"frutcha-oficina-de-alimentacao-consciente-viva-e-vegana-na-cdd-redefavelasustentavel-perfil","status":"publish","type":"post","link":"https:\/\/rioonwatch.org.br\/?p=26846","title":{"rendered":"Frutch\u00e1-Oficina de Alimenta\u00e7\u00e3o Consciente Viva e Vegana na CDD #RedeFavelaSustent\u00e1vel [PERFIL]"},"content":{"rendered":"<p style=\"text-align: right;\"><em><strong><a href=\"http:\/\/bit.ly\/2A5LUa7\" target=\"_blank\" rel=\"noopener noreferrer\">Click Here for English<\/a><\/strong><\/em><strong><a href=\"http:\/\/bit.ly\/2A5LUa7\" target=\"_blank\" rel=\"noopener noreferrer\"><img decoding=\"async\" width=\"20\" height=\"20\" class=\"alignright wp-image-15790\" src=\"http:\/\/rioonwatch.org.br\/wp-content\/uploads\/2012\/08\/EN-standard-e1439583104716.jpg\" alt=\"\" \/><\/a><\/strong><\/p>\n<blockquote><p><b><span style=\"text-decoration: underline;\">Iniciativa<\/span><\/b>:<span style=\"font-weight: 400;\">\u00a0Frutch\u00e1 &#8211;\u00a0Oficina de Alimenta\u00e7\u00e3o Consciente Viva e Vegana\u00a0<\/span><span style=\"font-weight: 400;\"><br \/>\n<\/span><b><span style=\"text-decoration: underline;\">Contato<\/span><\/b>:<span style=\"font-weight: 400;\">\u00a0WhatsApp 21999714373 | <a href=\"mailto:frutcha@favelasustentavel.org\">Email<\/a><\/span><span style=\"font-weight: 400;\"><br \/>\n<\/span><b><span style=\"text-decoration: underline;\">Ano da Funda\u00e7\u00e3o<\/span><\/b>:<span style=\"font-weight: 400;\">\u00a02017<\/span><span style=\"font-weight: 400;\"><br \/>\n<\/span><span style=\"text-decoration: underline;\"><b>Comunidade<\/b><\/span>:<span style=\"font-weight: 400;\">\u00a0Cidade de Deus<\/span><br \/>\n<b><span style=\"text-decoration: underline;\">Miss\u00e3o<\/span><\/b>:<span style=\"font-weight: 400;\">\u00a0Oferecer conscientiza\u00e7\u00e3o e acesso \u00e0 alimenta\u00e7\u00e3o saud\u00e1vel e consciente, para a comunidade e a popula\u00e7\u00e3o em geral, atrav\u00e9s do conhecimento de todo o ciclo aliment\u00edcio, visando a preven\u00e7\u00e3o e a melhora de doen\u00e7as j\u00e1 existentes.<\/span><span style=\"font-weight: 400;\"><br \/>\n<\/span><b><span style=\"text-decoration: underline;\">Eventos P\u00fablicos<\/span><\/b>:<span style=\"font-weight: 400;\"> <a href=\"http:\/\/bit.ly\/2xVxiKq\" target=\"_blank\" rel=\"noopener\">Feira de Empreendedores Sustent\u00e1veis (FES)<\/a> em Jacarepagu\u00e1.<\/span><span style=\"font-weight: 400;\"><br \/>\n<\/span><b><span style=\"text-decoration: underline;\">Como Contribuir<\/span><\/b>:\u00a0Convidando a iniciativa para se apresentar em oficinas e participar de feiras de empreendedores sustent\u00e1veis para lecionar, divulgar e vender seus produtos. Solicitam-se para as oficinas\u00a0doa\u00e7\u00f5es de\u00a0computador, impressora e TV para apresenta\u00e7\u00e3o de v\u00eddeos motivacionais.<\/p><\/blockquote>\n<p>A Frutch\u00e1<em> &#8211;\u00a0<\/em>Oficina de Alimenta\u00e7\u00e3o Consciente Viva e Vegana,<i><em>\u00a0<\/em><\/i>\u00e9 uma iniciativa de Danielle Oliveira, 40 anos, moradora h\u00e1 15 anos da\u00a0<a href=\"http:\/\/bit.ly\/10BzE4e\" target=\"_blank\" rel=\"noopener\">Cidade de Deus<\/a>, <a href=\"http:\/\/bit.ly\/11tBmFR\" target=\"_blank\" rel=\"noopener\">Zona Oeste<\/a>. Danielle \u00e9 culinarista em alimenta\u00e7\u00e3o crud\u00ed-vegana (crua e vegana: alimentos crus de origem exclusivamente vegetal sem produtos de origem animal), trabalha com conservas feitas com vinagre do Kombuch\u00e1 e alimentos fermentados naturalmente. Danielle busca atrav\u00e9s das oficinas e dos alimentos que produz disseminar melhores h\u00e1bitos de vida para a sua comunidade, atrav\u00e9s da alimenta\u00e7\u00e3o consciente e de habilidades pr\u00e1ticas de cuidados com a sa\u00fade e a natureza. Ela acredita que ensinando <a href=\"http:\/\/bit.ly\/1OB93xx\" target=\"_blank\" rel=\"noopener\">agroecologia<\/a> e alimenta\u00e7\u00e3o saud\u00e1vel, pode-se melhorar a qualidade de vida na comunidade.<\/p>\n<p><a href=\"http:\/\/rioonwatch.org.br\/wp-content\/uploads\/2017\/10\/Alimentacao-vegana-cdd.jpg\"><img fetchpriority=\"high\" decoding=\"async\" class=\"wp-image-29077 alignright\" title=\"Conservas veganas naturais produzidas pela Frutch\u00e1. Foto Juliana Torres\" src=\"http:\/\/rioonwatch.org.br\/wp-content\/uploads\/2017\/10\/Alimentacao-vegana-cdd.jpg\" alt=\"\" width=\"300\" height=\"300\" srcset=\"https:\/\/rioonwatch.org.br\/wp-content\/uploads\/2017\/10\/Alimentacao-vegana-cdd.jpg 620w, https:\/\/rioonwatch.org.br\/wp-content\/uploads\/2017\/10\/Alimentacao-vegana-cdd-264x264.jpg 264w\" sizes=\"(max-width: 300px) 100vw, 300px\" \/><\/a><\/p>\n<p>Danielle desenvolveu seu aprendizado atrav\u00e9s de in\u00fameras oficinas de meio ambiente e alimenta\u00e7\u00e3o viva (germina\u00e7\u00e3o de sementes e brotos, hidrata\u00e7\u00e3o de castanhas,consumo de vegetais crus entre outras). Deste modo, ela se capacitou a trabalhar desce do cultivo at\u00e9 a prepara\u00e7\u00e3o dos alimentos para uma mudan\u00e7a nos h\u00e1bitos. A partir do estudo e benef\u00edcios pessoais vivenciados, ela viu a import\u00e2ncia de dividir o conhecimento com a sua comunidade, pois percebeu que h\u00e1 falta de informa\u00e7\u00e3o e por isso muitos consomem alimentos industrializados, alterados quimicamente. &#8220;A comunidade tem muito a se beneficiar aprendendo mais sobre alimenta\u00e7\u00e3o e natureza. Precisamos ter consci\u00eancia de que tudo que ela tem a nos oferecer s\u00f3 vem a nos beneficiar&#8221;, disse ela.<\/p>\n<h3>Empreendedorismo, oficinas e jardins na comunidade<\/h3>\n<p>Danielle se capacitou como empreendedora sustent\u00e1vel e aut\u00f4noma atrav\u00e9s de cursos realizados pelo <a href=\"http:\/\/bit.ly\/2z3ZECm\" target=\"_blank\" rel=\"noopener\">SEBRAE<\/a> e o pelo\u00a0<a href=\"http:\/\/bit.ly\/2qRuGID\" target=\"_blank\" rel=\"noopener\">Centro de Refer\u00eancia da Juventude (CRJ)<\/a>, na Cidade de Deus. Hoje, a Frutch\u00e1 participa de feiras e eventos para a promo\u00e7\u00e3o da <a href=\"http:\/\/bit.ly\/1kzUmMv\" target=\"_blank\" rel=\"noopener\">sa\u00fade<\/a> e <a href=\"http:\/\/bit.ly\/1v5zfI2\" target=\"_blank\" rel=\"noopener\">sustentabilidade<\/a>. A marca est\u00e1 presente na\u00a0<a href=\"http:\/\/bit.ly\/2zp0k1f\" target=\"_blank\" rel=\"noopener\">Feira Desapegue-se<\/a>\u00a0no Graja\u00fa e na\u00a0<a href=\"http:\/\/bit.ly\/2xVxiKq\" target=\"_blank\" rel=\"noopener\">Feira de Empreendedores Sustent\u00e1veis (FES)<\/a> em <a href=\"http:\/\/bit.ly\/1HgPTzq\" target=\"_blank\" rel=\"noopener\">Jacarepagu\u00e1<\/a>, al\u00e9m de outros eventos que promovem sustentabilidade vendendo e oferecendo oficinas, como, por exemplo, a oficina de suco de clorofila onde atuou como facilitadora no Col\u00e9gio Souza Marques em <a href=\"http:\/\/bit.ly\/1BdQnUh\" target=\"_blank\" rel=\"noopener\">Cascadura<\/a>.<\/p>\n<p><a href=\"http:\/\/rioonwatch.org.br\/wp-content\/uploads\/2017\/10\/Kombucha-na-feira-Desapegue-seok.jpg\"><img decoding=\"async\" class=\"aligncenter wp-image-29106 size-content\" title=\"Kombuch\u00e1 na Feira Desapegue-se. Foto Danielle oliveira\" src=\"http:\/\/rioonwatch.org.br\/wp-content\/uploads\/2017\/10\/Kombucha-na-feira-Desapegue-seok-620x264.jpg\" alt=\"\" width=\"620\" height=\"264\" \/><\/a><\/p>\n<p>Seu carro-chefe \u00e9 o\u00a0Kombuch\u00e1&#8211;bebida levemente gaseificada obtida a partir da fermenta\u00e7\u00e3o natural de ch\u00e1s ado\u00e7ados por cultura simbi\u00f3tica de leveduras e bact\u00e9rias saud\u00e1veis&#8211;produzido artesanalmente com ingredientes naturais e org\u00e2nicos. &#8220;Todo dia degusto avaliando seu teor de fermenta\u00e7\u00e3o. O processo tem ao todo duas etapas e pode durar at\u00e9 duas semanas durante o inverno&#8221;, ela conta. O elixir rico em vitamina C e nas vitaminas do complexo B possui propriedades fortes que impulsionam a\u00e7\u00f5es antioxidantes no organismo estimulando a flora intestinal.<\/p>\n<p><a href=\"http:\/\/rioonwatch.org.br\/wp-content\/uploads\/2017\/07\/DSCN3185.jpg\"><img loading=\"lazy\" decoding=\"async\" class=\"aligncenter wp-image-26850 size-content\" title=\"Cultura viva em processo de fermenta\u00e7\u00e3o - foto por Juliana Torres\" src=\"http:\/\/rioonwatch.org.br\/wp-content\/uploads\/2017\/07\/DSCN3185-620x264.jpg\" alt=\"\" width=\"620\" height=\"264\" srcset=\"https:\/\/rioonwatch.org.br\/wp-content\/uploads\/2017\/07\/DSCN3185-620x264.jpg 620w, https:\/\/rioonwatch.org.br\/wp-content\/uploads\/2017\/07\/DSCN3185-940x400.jpg 940w\" sizes=\"(max-width: 620px) 100vw, 620px\" \/><\/a><\/p>\n<p>Atualmente, Danielle est\u00e1 organizando suas oficinas de Alimenta\u00e7\u00e3o Consciente Viva e Vegana na unidade da Cidade de Deus do CRJ. O pequeno jardim que fica na entrada da organiza\u00e7\u00e3o foi disponibilizado para Danielle desenvolver um jardim medicinal comunit\u00e1rio, que est\u00e1 atualmente em processo de constru\u00e7\u00e3o.\u00a0&#8220;Eu tenho muita energia e sou apaixonada pelos projetos que fa\u00e7o, tenho muita dedica\u00e7\u00e3o e espero\u00a0passar para os outros&#8221;, ela afirmou.<\/p>\n<p><a href=\"http:\/\/rioonwatch.org.br\/wp-content\/uploads\/2017\/10\/Danielle-no-CRJ-na-Cidade-de-Deus.jpg\"><img loading=\"lazy\" decoding=\"async\" class=\"aligncenter wp-image-29079 size-content\" title=\"Danielle no CRJ na Cidade de Deus\" src=\"http:\/\/rioonwatch.org.br\/wp-content\/uploads\/2017\/10\/Danielle-no-CRJ-na-Cidade-de-Deus-620x264.jpg\" alt=\"\" width=\"620\" height=\"264\" \/><\/a><\/p>\n<p>Atrav\u00e9s do curso de suco de clorofila, Danielle ensina como a nutri\u00e7\u00e3o possibilita tratamentos naturais, redu\u00e7\u00e3o de peso, podendo at\u00e9 curar poss\u00edveis infec\u00e7\u00f5es. &#8220;A gente aprende a se preparar para ser nosso pr\u00f3prio m\u00e9dico com o conhecimento da alimenta\u00e7\u00e3o correta.&#8221; Danielle ressalta que uma vez que aprendemos sobre a promo\u00e7\u00e3o da sa\u00fade, tudo muda para melhor. Ela alerta que haja uma maior preocupa\u00e7\u00e3o quanto \u00e0s praticas de alimenta\u00e7\u00e3o que impactam todo o funcionamento f\u00edsico-mental do ser humano.<\/p>\n<p><a href=\"http:\/\/rioonwatch.org.br\/wp-content\/uploads\/2017\/10\/DSCN4181.jpg\"><img loading=\"lazy\" decoding=\"async\" class=\"aligncenter wp-image-28762 size-content\" title=\"Produtos artesanais e naturais da Frutch\u00e1.\" src=\"http:\/\/rioonwatch.org.br\/wp-content\/uploads\/2017\/10\/DSCN4181-620x264.jpg\" alt=\"\" width=\"620\" height=\"264\" srcset=\"https:\/\/rioonwatch.org.br\/wp-content\/uploads\/2017\/10\/DSCN4181-620x264.jpg 620w, https:\/\/rioonwatch.org.br\/wp-content\/uploads\/2017\/10\/DSCN4181-940x400.jpg 940w\" sizes=\"(max-width: 620px) 100vw, 620px\" \/><\/a><\/p>\n<p class=\"font_8\">Adepta da agroecol\u00f3gica, ela cultiva parte de seus temperos e <a href=\"http:\/\/bit.ly\/2yOE83z\" target=\"_blank\" rel=\"noopener\">PANCS<\/a> (plantas aliment\u00edcias n\u00e3o convencionais) no jardim da sua casa, e cuidando dos jardins das moradias ao seu redor. Ela cultiva mudas e auxilia seus amigos com suas pr\u00f3prias hortas caseiras. Danielle explica como \u00e9 fundamental a escolha e a qualidade dos ingredientes para a alimenta\u00e7\u00e3o na promo\u00e7\u00e3o da sa\u00fade: &#8220;Todos os ingredientes s\u00e3o muito bem pensados. Tudo que utilizo \u00e9 natural&#8211;o ch\u00e1 e as frutas: o ch\u00e1 \u00e9 ch\u00e1 verde e as frutas da esta\u00e7\u00e3o&#8221;.<\/p>\n<p><a href=\"http:\/\/rioonwatch.org.br\/wp-content\/uploads\/2017\/10\/Jardim-de-PANCS-da-Frutch\u00e1-na-Cidade-de-Deusok5.jpg\"><img loading=\"lazy\" decoding=\"async\" class=\"aligncenter wp-image-29119 size-content\" title=\"Jardim de PANCS da Frutch\u00e1 na Cidade de Deus. Foto por Danielle de Oliveira\" src=\"http:\/\/rioonwatch.org.br\/wp-content\/uploads\/2017\/10\/Jardim-de-PANCS-da-Frutch\u00e1-na-Cidade-de-Deusok5-620x264.jpg\" alt=\"\" width=\"620\" height=\"264\" \/><\/a><\/p>\n<p>Danielle sonha em juntar outros profissionais, produtores locais e colaboradores para organizar a primeira feira org\u00e2nica na Cidade de Deus, com estrutura fixa, com cursos mensais sobre alimenta\u00e7\u00e3o consciente e saud\u00e1vel visando levar conhecimento sobre sa\u00fade. Ela acredita que com esses eventos, as pessoas da regi\u00e3o ir\u00e3o em breve se educar e procurar melhores recursos para sua alimenta\u00e7\u00e3o.<\/p>\n<p><a href=\"http:\/\/rioonwatch.org.br\/wp-content\/uploads\/2017\/10\/Primeira-flora\u00e7\u00e3o-da-planta-medicinal-ora-pro-nobis-mo-cultivada-po-Danielle..jpg\"><img loading=\"lazy\" decoding=\"async\" class=\"aligncenter wp-image-29115 size-content\" title=\"Primeira flora\u00e7\u00e3o da planta medicinal ora pro n\u00f3bis cultivada por Danielle. Foto Danielle Oliveira\" src=\"http:\/\/rioonwatch.org.br\/wp-content\/uploads\/2017\/10\/Primeira-flora\u00e7\u00e3o-da-planta-medicinal-ora-pro-nobis-mo-cultivada-po-Danielle.-620x264.jpg\" alt=\"\" width=\"620\" height=\"264\" \/><\/a><\/p>\n<p>*Frutch\u00e1 &#8211;\u00a0Oficina de Alimenta\u00e7\u00e3o Consciente Viva e Vegana \u00e9 um dos mais de 100 projetos comunit\u00e1rios mapeados pela\u00a0<a href=\"http:\/\/bit.ly\/1aI.gif\" rel=\"prettyPhoto\">Comunidades Catalisadoras<\/a>\u00a0(ComCat)\u2013a organiza\u00e7\u00e3o que publica o\u00a0<em>RioOnWatch\u2013<\/em>como parte do nosso programa paralelo &#8216;<a href=\"http:\/\/bit.ly\/2zIHshe\" target=\"_blank\" rel=\"noopener\">Rede Favela Sustent\u00e1vel<\/a>&#8216; lan\u00e7ado em 2017 para reconhecer, apoiar, fortalecer e expandir as\u00a0<a href=\"http:\/\/www.bit.ly\/FavelaModelo\" target=\"_blank\" rel=\"noopener\">qualidades sustent\u00e1veis e movimentos comunit\u00e1rios inerentes \u00e0s<\/a>\u00a0favelas do Rio de Janeiro. Siga a <a href=\"http:\/\/bit.ly\/FBRFS\" target=\"_blank\" rel=\"noopener\">Rede Favela Sustent\u00e1vel no Facebook<\/a>.<\/p>\n<figure id=\"attachment_29171\" aria-describedby=\"caption-attachment-29171\" style=\"width: 620px\" class=\"wp-caption aligncenter\"><a href=\"http:\/\/rioonwatch.org.br\/wp-content\/uploads\/2017\/10\/CDD.png\"><img loading=\"lazy\" decoding=\"async\" class=\"wp-image-29171 size-content\" title=\"Cidade de Deus\" src=\"http:\/\/rioonwatch.org.br\/wp-content\/uploads\/2017\/10\/CDD-620x264.png\" alt=\"Cidade de Deus\" width=\"620\" height=\"264\" srcset=\"https:\/\/rioonwatch.org.br\/wp-content\/uploads\/2017\/10\/CDD-620x264.png 620w, https:\/\/rioonwatch.org.br\/wp-content\/uploads\/2017\/10\/CDD-940x400.png 940w\" sizes=\"(max-width: 620px) 100vw, 620px\" \/><\/a><figcaption id=\"caption-attachment-29171\" class=\"wp-caption-text\">Cidade de Deus<\/figcaption><\/figure>\n<!-- AddThis Advanced Settings generic via filter on the_content --><!-- AddThis Share Buttons generic via filter on the_content -->","protected":false},"excerpt":{"rendered":"<div class=\"mh-excerpt\"><p>Click Here for English Iniciativa:\u00a0Frutch\u00e1 &#8211;\u00a0Oficina de Alimenta\u00e7\u00e3o Consciente Viva e Vegana\u00a0 Contato:\u00a0WhatsApp 21999714373 | Email Ano da Funda\u00e7\u00e3o:\u00a02017 Comunidade:\u00a0Cidade de Deus Miss\u00e3o:\u00a0Oferecer conscientiza\u00e7\u00e3o e acesso \u00e0 alimenta\u00e7\u00e3o saud\u00e1vel e consciente, para a comunidade e <a class=\"mh-excerpt-more\" href=\"https:\/\/rioonwatch.org.br\/?p=26846\" title=\"Frutch\u00e1-Oficina de Alimenta\u00e7\u00e3o Consciente Viva e Vegana na CDD #RedeFavelaSustent\u00e1vel [PERFIL]\">[&#8230;]<\/a><!-- AddThis Advanced Settings generic via filter on get_the_excerpt --><!-- AddThis Share Buttons generic via filter on get_the_excerpt --><\/p>\n<\/div>","protected":false},"author":185,"featured_media":29140,"comment_status":"closed","ping_status":"closed","sticky":false,"template":"","format":"standard","meta":{"_acf_changed":false,"_monsterinsights_skip_tracking":false,"_monsterinsights_sitenote_active":false,"_monsterinsights_sitenote_note":"","_monsterinsights_sitenote_category":0,"footnotes":""},"categories":[1621,1629,1388,342,1639],"tags":[302,301,299,1492,554,731,1096,2126,2235,1097,447,2036,2074,294,2183,404,184],"writer":[2128],"translator":[],"source":[],"ilustrador":[],"fotografo":[],"class_list":{"0":"post-26846","1":"post","2":"type-post","3":"status-publish","4":"format-standard","5":"has-post-thumbnail","7":"category-destaque","8":"category-entrevistas-e-perfis","9":"category-formas-de-apoiar","10":"category-solucoes","11":"category-sustentabilidade","12":"tag-agricultura-urbana","13":"tag-agroecologia","14":"tag-alimentacao","15":"tag-cascadura","16":"tag-cidade-de-deus","17":"tag-empreendedorismo","18":"tag-favela-como-modelo-sustentavel","19":"tag-feira-organica","20":"tag-grajau","21":"tag-horta-comunitaria","22":"tag-jacarepagua","23":"tag-jardim","24":"tag-rede-favela-sustentavel","25":"tag-saude","26":"tag-sebrae","27":"tag-sustentabilidade","28":"tag-zona-oeste","29":"writer-juliana-torres"},"acf":[],"yoast_head":"<!-- This site is optimized with the Yoast SEO plugin v25.6 - https:\/\/yoast.com\/wordpress\/plugins\/seo\/ -->\n<title>Frutch\u00e1-Oficina de Alimenta\u00e7\u00e3o Consciente Viva e Vegana na CDD #RedeFavelaSustent\u00e1vel [PERFIL] - RioOnWatch<\/title>\n<meta name=\"robots\" content=\"index, follow, max-snippet:-1, max-image-preview:large, max-video-preview:-1\" \/>\n<link rel=\"canonical\" href=\"https:\/\/rioonwatch.org.br\/?p=26846\" \/>\n<meta property=\"og:locale\" content=\"pt_BR\" \/>\n<meta property=\"og:type\" content=\"article\" \/>\n<meta property=\"og:title\" content=\"Frutch\u00e1-Oficina de Alimenta\u00e7\u00e3o Consciente Viva e Vegana na CDD #RedeFavelaSustent\u00e1vel [PERFIL] - RioOnWatch\" \/>\n<meta property=\"og:description\" content=\"Click Here for English Iniciativa:\u00a0Frutch\u00e1 &#8211;\u00a0Oficina de Alimenta\u00e7\u00e3o Consciente Viva e Vegana\u00a0 Contato:\u00a0WhatsApp 21999714373 | Email Ano da Funda\u00e7\u00e3o:\u00a02017 Comunidade:\u00a0Cidade de Deus Miss\u00e3o:\u00a0Oferecer conscientiza\u00e7\u00e3o e acesso \u00e0 alimenta\u00e7\u00e3o saud\u00e1vel e consciente, para a comunidade e [...]\" \/>\n<meta property=\"og:url\" content=\"https:\/\/rioonwatch.org.br\/?p=26846\" \/>\n<meta property=\"og:site_name\" content=\"RioOnWatch\" \/>\n<meta property=\"article:published_time\" content=\"2017-10-25T13:10:49+00:00\" \/>\n<meta property=\"article:modified_time\" content=\"2018-07-24T18:36:28+00:00\" \/>\n<meta property=\"og:image\" content=\"https:\/\/rioonwatch.org.br\/wp-content\/uploads\/2017\/10\/Danielle-scaled.jpg\" \/>\n\t<meta property=\"og:image:width\" content=\"2560\" \/>\n\t<meta property=\"og:image:height\" content=\"1920\" \/>\n\t<meta property=\"og:image:type\" content=\"image\/jpeg\" \/>\n<meta name=\"author\" content=\"Ex Intern\" \/>\n<meta name=\"twitter:card\" content=\"summary_large_image\" \/>\n<meta name=\"twitter:label1\" content=\"Escrito por\" \/>\n\t<meta name=\"twitter:data1\" content=\"Ex Intern\" \/>\n\t<meta name=\"twitter:label2\" content=\"Est. tempo de leitura\" \/>\n\t<meta name=\"twitter:data2\" content=\"5 minutos\" \/>\n<script type=\"application\/ld+json\" class=\"yoast-schema-graph\">{\"@context\":\"https:\/\/schema.org\",\"@graph\":[{\"@type\":\"Article\",\"@id\":\"https:\/\/rioonwatch.org.br\/?p=26846#article\",\"isPartOf\":{\"@id\":\"https:\/\/rioonwatch.org.br\/?p=26846\"},\"author\":{\"name\":\"Ex Intern\",\"@id\":\"https:\/\/rioonwatch.org.br\/#\/schema\/person\/d9d9b44e2e2b3c7ece6b2117097ced03\"},\"headline\":\"Frutch\u00e1-Oficina de Alimenta\u00e7\u00e3o Consciente Viva e Vegana na CDD #RedeFavelaSustent\u00e1vel [PERFIL]\",\"datePublished\":\"2017-10-25T13:10:49+00:00\",\"dateModified\":\"2018-07-24T18:36:28+00:00\",\"mainEntityOfPage\":{\"@id\":\"https:\/\/rioonwatch.org.br\/?p=26846\"},\"wordCount\":981,\"publisher\":{\"@id\":\"https:\/\/rioonwatch.org.br\/#organization\"},\"image\":{\"@id\":\"https:\/\/rioonwatch.org.br\/?p=26846#primaryimage\"},\"thumbnailUrl\":\"https:\/\/rioonwatch.org.br\/wp-content\/uploads\/2017\/10\/Danielle-scaled.jpg\",\"keywords\":[\"agricultura urbana\",\"agroecologia\",\"alimenta\u00e7\u00e3o\",\"Cascadura\",\"Cidade de Deus\",\"empreendedorismo\",\"Favela Como Modelo Sustent\u00e1vel\",\"feira org\u00e2nica\",\"Graja\u00fa\",\"horta comunit\u00e1ria\",\"Jacarepagu\u00e1\",\"jardim\",\"Perfis Integrantes da Rede Favela Sustent\u00e1vel\",\"sa\u00fade\",\"Sebrae\",\"sustentabilidade\",\"Zona Oeste\"],\"articleSection\":[\"*Destaque\",\"Entrevistas e Perfis\",\"Formas de Apoiar\",\"Solu\u00e7\u00f5es\",\"Sustentabilidade\"],\"inLanguage\":\"pt-BR\"},{\"@type\":\"WebPage\",\"@id\":\"https:\/\/rioonwatch.org.br\/?p=26846\",\"url\":\"https:\/\/rioonwatch.org.br\/?p=26846\",\"name\":\"Frutch\u00e1-Oficina de Alimenta\u00e7\u00e3o Consciente Viva e Vegana na CDD #RedeFavelaSustent\u00e1vel [PERFIL] - RioOnWatch\",\"isPartOf\":{\"@id\":\"https:\/\/rioonwatch.org.br\/#website\"},\"primaryImageOfPage\":{\"@id\":\"https:\/\/rioonwatch.org.br\/?p=26846#primaryimage\"},\"image\":{\"@id\":\"https:\/\/rioonwatch.org.br\/?p=26846#primaryimage\"},\"thumbnailUrl\":\"https:\/\/rioonwatch.org.br\/wp-content\/uploads\/2017\/10\/Danielle-scaled.jpg\",\"datePublished\":\"2017-10-25T13:10:49+00:00\",\"dateModified\":\"2018-07-24T18:36:28+00:00\",\"breadcrumb\":{\"@id\":\"https:\/\/rioonwatch.org.br\/?p=26846#breadcrumb\"},\"inLanguage\":\"pt-BR\",\"potentialAction\":[{\"@type\":\"ReadAction\",\"target\":[\"https:\/\/rioonwatch.org.br\/?p=26846\"]}]},{\"@type\":\"ImageObject\",\"inLanguage\":\"pt-BR\",\"@id\":\"https:\/\/rioonwatch.org.br\/?p=26846#primaryimage\",\"url\":\"https:\/\/rioonwatch.org.br\/wp-content\/uploads\/2017\/10\/Danielle-scaled.jpg\",\"contentUrl\":\"https:\/\/rioonwatch.org.br\/wp-content\/uploads\/2017\/10\/Danielle-scaled.jpg\",\"width\":2560,\"height\":1920,\"caption\":\"Danielle Oliveira - foto por Juliana Torres\"},{\"@type\":\"BreadcrumbList\",\"@id\":\"https:\/\/rioonwatch.org.br\/?p=26846#breadcrumb\",\"itemListElement\":[{\"@type\":\"ListItem\",\"position\":1,\"name\":\"In\u00edcio\",\"item\":\"https:\/\/rioonwatch.org.br\/\"},{\"@type\":\"ListItem\",\"position\":2,\"name\":\"Frutch\u00e1-Oficina de Alimenta\u00e7\u00e3o Consciente Viva e Vegana na CDD #RedeFavelaSustent\u00e1vel [PERFIL]\"}]},{\"@type\":\"WebSite\",\"@id\":\"https:\/\/rioonwatch.org.br\/#website\",\"url\":\"https:\/\/rioonwatch.org.br\/\",\"name\":\"RioOnWatch\",\"description\":\"relatos das favelas cariocas\",\"publisher\":{\"@id\":\"https:\/\/rioonwatch.org.br\/#organization\"},\"potentialAction\":[{\"@type\":\"SearchAction\",\"target\":{\"@type\":\"EntryPoint\",\"urlTemplate\":\"https:\/\/rioonwatch.org.br\/?s={search_term_string}\"},\"query-input\":{\"@type\":\"PropertyValueSpecification\",\"valueRequired\":true,\"valueName\":\"search_term_string\"}}],\"inLanguage\":\"pt-BR\"},{\"@type\":\"Organization\",\"@id\":\"https:\/\/rioonwatch.org.br\/#organization\",\"name\":\"RioOnWatch\",\"url\":\"https:\/\/rioonwatch.org.br\/\",\"logo\":{\"@type\":\"ImageObject\",\"inLanguage\":\"pt-BR\",\"@id\":\"https:\/\/rioonwatch.org.br\/#\/schema\/logo\/image\/\",\"url\":\"https:\/\/rioonwatch.org.br\/wp-content\/uploads\/2021\/06\/RioOnWatchcabecalhoPT11anos-2.png\",\"contentUrl\":\"https:\/\/rioonwatch.org.br\/wp-content\/uploads\/2021\/06\/RioOnWatchcabecalhoPT11anos-2.png\",\"width\":779,\"height\":277,\"caption\":\"RioOnWatch\"},\"image\":{\"@id\":\"https:\/\/rioonwatch.org.br\/#\/schema\/logo\/image\/\"}},{\"@type\":\"Person\",\"@id\":\"https:\/\/rioonwatch.org.br\/#\/schema\/person\/d9d9b44e2e2b3c7ece6b2117097ced03\",\"name\":\"Ex Intern\",\"image\":{\"@type\":\"ImageObject\",\"inLanguage\":\"pt-BR\",\"@id\":\"https:\/\/rioonwatch.org.br\/#\/schema\/person\/image\/\",\"url\":\"https:\/\/secure.gravatar.com\/avatar\/7bfc488c898c6fb478cd556f856fbbe0?s=96&d=blank&r=g\",\"contentUrl\":\"https:\/\/secure.gravatar.com\/avatar\/7bfc488c898c6fb478cd556f856fbbe0?s=96&d=blank&r=g\",\"caption\":\"Ex Intern\"},\"url\":\"https:\/\/rioonwatch.org.br\/?author=185\"}]}<\/script>\n<!-- \/ Yoast SEO plugin. -->","yoast_head_json":{"title":"Frutch\u00e1-Oficina de Alimenta\u00e7\u00e3o Consciente Viva e Vegana na CDD #RedeFavelaSustent\u00e1vel [PERFIL] - RioOnWatch","robots":{"index":"index","follow":"follow","max-snippet":"max-snippet:-1","max-image-preview":"max-image-preview:large","max-video-preview":"max-video-preview:-1"},"canonical":"https:\/\/rioonwatch.org.br\/?p=26846","og_locale":"pt_BR","og_type":"article","og_title":"Frutch\u00e1-Oficina de Alimenta\u00e7\u00e3o Consciente Viva e Vegana na CDD #RedeFavelaSustent\u00e1vel [PERFIL] - RioOnWatch","og_description":"Click Here for English Iniciativa:\u00a0Frutch\u00e1 &#8211;\u00a0Oficina de Alimenta\u00e7\u00e3o Consciente Viva e Vegana\u00a0 Contato:\u00a0WhatsApp 21999714373 | Email Ano da Funda\u00e7\u00e3o:\u00a02017 Comunidade:\u00a0Cidade de Deus Miss\u00e3o:\u00a0Oferecer conscientiza\u00e7\u00e3o e acesso \u00e0 alimenta\u00e7\u00e3o saud\u00e1vel e consciente, para a comunidade e [...]","og_url":"https:\/\/rioonwatch.org.br\/?p=26846","og_site_name":"RioOnWatch","article_published_time":"2017-10-25T13:10:49+00:00","article_modified_time":"2018-07-24T18:36:28+00:00","og_image":[{"width":2560,"height":1920,"url":"https:\/\/rioonwatch.org.br\/wp-content\/uploads\/2017\/10\/Danielle-scaled.jpg","type":"image\/jpeg"}],"author":"Ex Intern","twitter_card":"summary_large_image","twitter_misc":{"Escrito por":"Ex Intern","Est. tempo de leitura":"5 minutos"},"schema":{"@context":"https:\/\/schema.org","@graph":[{"@type":"Article","@id":"https:\/\/rioonwatch.org.br\/?p=26846#article","isPartOf":{"@id":"https:\/\/rioonwatch.org.br\/?p=26846"},"author":{"name":"Ex Intern","@id":"https:\/\/rioonwatch.org.br\/#\/schema\/person\/d9d9b44e2e2b3c7ece6b2117097ced03"},"headline":"Frutch\u00e1-Oficina de Alimenta\u00e7\u00e3o Consciente Viva e Vegana na CDD #RedeFavelaSustent\u00e1vel [PERFIL]","datePublished":"2017-10-25T13:10:49+00:00","dateModified":"2018-07-24T18:36:28+00:00","mainEntityOfPage":{"@id":"https:\/\/rioonwatch.org.br\/?p=26846"},"wordCount":981,"publisher":{"@id":"https:\/\/rioonwatch.org.br\/#organization"},"image":{"@id":"https:\/\/rioonwatch.org.br\/?p=26846#primaryimage"},"thumbnailUrl":"https:\/\/rioonwatch.org.br\/wp-content\/uploads\/2017\/10\/Danielle-scaled.jpg","keywords":["agricultura urbana","agroecologia","alimenta\u00e7\u00e3o","Cascadura","Cidade de Deus","empreendedorismo","Favela Como Modelo Sustent\u00e1vel","feira org\u00e2nica","Graja\u00fa","horta comunit\u00e1ria","Jacarepagu\u00e1","jardim","Perfis Integrantes da Rede Favela Sustent\u00e1vel","sa\u00fade","Sebrae","sustentabilidade","Zona Oeste"],"articleSection":["*Destaque","Entrevistas e Perfis","Formas de Apoiar","Solu\u00e7\u00f5es","Sustentabilidade"],"inLanguage":"pt-BR"},{"@type":"WebPage","@id":"https:\/\/rioonwatch.org.br\/?p=26846","url":"https:\/\/rioonwatch.org.br\/?p=26846","name":"Frutch\u00e1-Oficina de Alimenta\u00e7\u00e3o Consciente Viva e Vegana na CDD #RedeFavelaSustent\u00e1vel [PERFIL] - RioOnWatch","isPartOf":{"@id":"https:\/\/rioonwatch.org.br\/#website"},"primaryImageOfPage":{"@id":"https:\/\/rioonwatch.org.br\/?p=26846#primaryimage"},"image":{"@id":"https:\/\/rioonwatch.org.br\/?p=26846#primaryimage"},"thumbnailUrl":"https:\/\/rioonwatch.org.br\/wp-content\/uploads\/2017\/10\/Danielle-scaled.jpg","datePublished":"2017-10-25T13:10:49+00:00","dateModified":"2018-07-24T18:36:28+00:00","breadcrumb":{"@id":"https:\/\/rioonwatch.org.br\/?p=26846#breadcrumb"},"inLanguage":"pt-BR","potentialAction":[{"@type":"ReadAction","target":["https:\/\/rioonwatch.org.br\/?p=26846"]}]},{"@type":"ImageObject","inLanguage":"pt-BR","@id":"https:\/\/rioonwatch.org.br\/?p=26846#primaryimage","url":"https:\/\/rioonwatch.org.br\/wp-content\/uploads\/2017\/10\/Danielle-scaled.jpg","contentUrl":"https:\/\/rioonwatch.org.br\/wp-content\/uploads\/2017\/10\/Danielle-scaled.jpg","width":2560,"height":1920,"caption":"Danielle Oliveira - foto por Juliana Torres"},{"@type":"BreadcrumbList","@id":"https:\/\/rioonwatch.org.br\/?p=26846#breadcrumb","itemListElement":[{"@type":"ListItem","position":1,"name":"In\u00edcio","item":"https:\/\/rioonwatch.org.br\/"},{"@type":"ListItem","position":2,"name":"Frutch\u00e1-Oficina de Alimenta\u00e7\u00e3o Consciente Viva e Vegana na CDD #RedeFavelaSustent\u00e1vel [PERFIL]"}]},{"@type":"WebSite","@id":"https:\/\/rioonwatch.org.br\/#website","url":"https:\/\/rioonwatch.org.br\/","name":"RioOnWatch","description":"relatos das favelas cariocas","publisher":{"@id":"https:\/\/rioonwatch.org.br\/#organization"},"potentialAction":[{"@type":"SearchAction","target":{"@type":"EntryPoint","urlTemplate":"https:\/\/rioonwatch.org.br\/?s={search_term_string}"},"query-input":{"@type":"PropertyValueSpecification","valueRequired":true,"valueName":"search_term_string"}}],"inLanguage":"pt-BR"},{"@type":"Organization","@id":"https:\/\/rioonwatch.org.br\/#organization","name":"RioOnWatch","url":"https:\/\/rioonwatch.org.br\/","logo":{"@type":"ImageObject","inLanguage":"pt-BR","@id":"https:\/\/rioonwatch.org.br\/#\/schema\/logo\/image\/","url":"https:\/\/rioonwatch.org.br\/wp-content\/uploads\/2021\/06\/RioOnWatchcabecalhoPT11anos-2.png","contentUrl":"https:\/\/rioonwatch.org.br\/wp-content\/uploads\/2021\/06\/RioOnWatchcabecalhoPT11anos-2.png","width":779,"height":277,"caption":"RioOnWatch"},"image":{"@id":"https:\/\/rioonwatch.org.br\/#\/schema\/logo\/image\/"}},{"@type":"Person","@id":"https:\/\/rioonwatch.org.br\/#\/schema\/person\/d9d9b44e2e2b3c7ece6b2117097ced03","name":"Ex Intern","image":{"@type":"ImageObject","inLanguage":"pt-BR","@id":"https:\/\/rioonwatch.org.br\/#\/schema\/person\/image\/","url":"https:\/\/secure.gravatar.com\/avatar\/7bfc488c898c6fb478cd556f856fbbe0?s=96&d=blank&r=g","contentUrl":"https:\/\/secure.gravatar.com\/avatar\/7bfc488c898c6fb478cd556f856fbbe0?s=96&d=blank&r=g","caption":"Ex Intern"},"url":"https:\/\/rioonwatch.org.br\/?author=185"}]}},"_links":{"self":[{"href":"https:\/\/rioonwatch.org.br\/index.php?rest_route=\/wp\/v2\/posts\/26846"}],"collection":[{"href":"https:\/\/rioonwatch.org.br\/index.php?rest_route=\/wp\/v2\/posts"}],"about":[{"href":"https:\/\/rioonwatch.org.br\/index.php?rest_route=\/wp\/v2\/types\/post"}],"author":[{"embeddable":true,"href":"https:\/\/rioonwatch.org.br\/index.php?rest_route=\/wp\/v2\/users\/185"}],"replies":[{"embeddable":true,"href":"https:\/\/rioonwatch.org.br\/index.php?rest_route=%2Fwp%2Fv2%2Fcomments&post=26846"}],"version-history":[{"count":82,"href":"https:\/\/rioonwatch.org.br\/index.php?rest_route=\/wp\/v2\/posts\/26846\/revisions"}],"predecessor-version":[{"id":34910,"href":"https:\/\/rioonwatch.org.br\/index.php?rest_route=\/wp\/v2\/posts\/26846\/revisions\/34910"}],"wp:featuredmedia":[{"embeddable":true,"href":"https:\/\/rioonwatch.org.br\/index.php?rest_route=\/wp\/v2\/media\/29140"}],"wp:attachment":[{"href":"https:\/\/rioonwatch.org.br\/index.php?rest_route=%2Fwp%2Fv2%2Fmedia&parent=26846"}],"wp:term":[{"taxonomy":"category","embeddable":true,"href":"https:\/\/rioonwatch.org.br\/index.php?rest_route=%2Fwp%2Fv2%2Fcategories&post=26846"},{"taxonomy":"post_tag","embeddable":true,"href":"https:\/\/rioonwatch.org.br\/index.php?rest_route=%2Fwp%2Fv2%2Ftags&post=26846"},{"taxonomy":"writer","embeddable":true,"href":"https:\/\/rioonwatch.org.br\/index.php?rest_route=%2Fwp%2Fv2%2Fwriter&post=26846"},{"taxonomy":"translator","embeddable":true,"href":"https:\/\/rioonwatch.org.br\/index.php?rest_route=%2Fwp%2Fv2%2Ftranslator&post=26846"},{"taxonomy":"source","embeddable":true,"href":"https:\/\/rioonwatch.org.br\/index.php?rest_route=%2Fwp%2Fv2%2Fsource&post=26846"},{"taxonomy":"ilustrador","embeddable":true,"href":"https:\/\/rioonwatch.org.br\/index.php?rest_route=%2Fwp%2Fv2%2Filustrador&post=26846"},{"taxonomy":"fotografo","embeddable":true,"href":"https:\/\/rioonwatch.org.br\/index.php?rest_route=%2Fwp%2Fv2%2Ffotografo&post=26846"}],"curies":[{"name":"wp","href":"https:\/\/api.w.org\/{rel}","templated":true}]}}