{"id":26854,"date":"2017-07-19T10:32:41","date_gmt":"2017-07-19T13:32:41","guid":{"rendered":"http:\/\/rioonwatch.org.br\/?p=26854"},"modified":"2017-07-19T10:36:02","modified_gmt":"2017-07-19T13:36:02","slug":"com-arraia-horto-celebra-e-fortalece-a-sua-resistencia-a-remocao","status":"publish","type":"post","link":"https:\/\/rioonwatch.org.br\/?p=26854","title":{"rendered":"Com Arrai\u00e1, Horto Celebra e Fortalece a Sua Resist\u00eancia \u00e0 Remo\u00e7\u00e3o"},"content":{"rendered":"<p style=\"text-align: right;\"><em><strong><a href=\"http:\/\/bit.ly\/2ucHID3\" target=\"_blank\" rel=\"noopener noreferrer\">Click Here for English<img decoding=\"async\" width=\"20\" height=\"20\" class=\"alignright wp-image-15790\" src=\"http:\/\/rioonwatch.org.br\/wp-content\/uploads\/2012\/08\/EN-standard-e1439583104716.jpg\" alt=\"\" \/><\/a><\/strong><\/em><\/p>\n<p>De sexta-feira 7 de julho a domingo 9 de julho, a <a href=\"http:\/\/bit.ly\/2ufkU4S\" target=\"_blank\" rel=\"noopener\">Comiss\u00e3o de Moradores do Horto<\/a>\u00a0realizou o <a href=\"http:\/\/bit.ly\/2uav6w0\" target=\"_blank\" rel=\"noopener\">Arrai\u00e1\u00a0do Horto<\/a>. Com o lema &#8220;De Arrai\u00e1 em Arrai\u00e1, o <a href=\"http:\/\/bit.ly\/11b2TzL\" target=\"_blank\" rel=\"noopener\">Horto<\/a> Resiste&#8221;, o Horto aproveitou a <a href=\"http:\/\/bit.ly\/299Ql7l\" target=\"_blank\" rel=\"noopener\">tradicional celebra\u00e7\u00e3o<\/a> para marcar mais um ano de resist\u00eancia em uma <a href=\"http:\/\/bit.ly\/2bYn6qA\" target=\"_blank\" rel=\"noopener\">hist\u00f3ria de duzentos anos<\/a> que se intensificou nos \u00faltimos anos devido a amea\u00e7a de remo\u00e7\u00e3o por parte do governo federal. Muitos moradores e amigos de outros locais juntaram-se para homenagear a luta da comunidade de forma festiva.<\/p>\n<p>Como explicou <a href=\"http:\/\/bit.ly\/2tOOJHw\" target=\"_blank\" rel=\"noopener\">Emerson da Souza<\/a>, atual presidente da <a href=\"http:\/\/bit.ly\/1TKfCB9\" target=\"_blank\" rel=\"noopener\">Associa\u00e7\u00e3o de Moradores e Amigos do Horto<\/a>, a ideia por tr\u00e1s desta edi\u00e7\u00e3o, em particular, era reunir os moradores da comunidade e reviver a resist\u00eancia e o esp\u00edrito da comunidade. De acordo com Emerson, a estrat\u00e9gia das autoridades at\u00e9 agora foi de &#8220;eliminar lugares onde a comunidade se encontra e se organiza politicamente&#8221;. Ele explicou que &#8220;na d\u00e9cada de 1950, esta era uma zona semi-rural&#8221;. O Horto tem organizado arrai\u00e1s h\u00e1 anos, mas com a atual amea\u00e7a de <a href=\"http:\/\/bit.ly\/X51Qvb\" target=\"_blank\" rel=\"noopener\">remo\u00e7\u00e3o<\/a>, esta edi\u00e7\u00e3o \u00e9 ainda mais importante. Al\u00e9m de comida e bebidas t\u00edpicas, a Comiss\u00e3o de Moradores do Horto tamb\u00e9m vendia camisetas com a frase: &#8220;Horto fica!&#8221;.<\/p>\n<p><a href=\"http:\/\/rioonwatch.org.br\/wp-content\/uploads\/2017\/07\/rsz_horto_emerson.jpg\"><img fetchpriority=\"high\" decoding=\"async\" class=\"aligncenter wp-image-26919 size-content\" title=\"Emerson de Souza apresenta a batalha da comunidade.\" src=\"http:\/\/rioonwatch.org.br\/wp-content\/uploads\/2017\/07\/rsz_horto_emerson-620x264.jpg\" alt=\"\" width=\"620\" height=\"264\" srcset=\"https:\/\/rioonwatch.org.br\/wp-content\/uploads\/2017\/07\/rsz_horto_emerson-620x264.jpg 620w, https:\/\/rioonwatch.org.br\/wp-content\/uploads\/2017\/07\/rsz_horto_emerson-940x400.jpg 940w\" sizes=\"(max-width: 620px) 100vw, 620px\" \/><\/a><\/p>\n<p>A comunidade hist\u00f3rica do Horto est\u00e1 situada na <a href=\"http:\/\/bit.ly\/1mNsDyk\" target=\"_blank\" rel=\"noopener\">Zona Sul<\/a> do Rio, entre o <a href=\"http:\/\/bit.ly\/1UfSVGa\" target=\"_blank\" rel=\"noopener\">Jardim Bot\u00e2nico<\/a> e o <a href=\"http:\/\/bit.ly\/1CGbQBS\" target=\"_blank\" rel=\"noopener\">Parque Nacional da Tijuca<\/a>. Existe h\u00e1 <a href=\"http:\/\/bit.ly\/2bYn6qA\" target=\"_blank\" rel=\"noopener\">mais de 200 anos<\/a> e tem sido amea\u00e7ada de remo\u00e7\u00e3o pelo Jardim Bot\u00e2nico <a href=\"http:\/\/bit.ly\/12lVeS2\" target=\"_blank\" rel=\"noopener\">desde a d\u00e9cada de 1960<\/a>. De acordo com Emerson, h\u00e1 cerca de 500 fam\u00edlias ainda sob amea\u00e7a de remo\u00e7\u00e3o na comunidade, e ele assegura que as remo\u00e7\u00f5es n\u00e3o t\u00eam base legal e est\u00e3o puramente ligadas a <a href=\"http:\/\/bit.ly\/11tBtBo\" target=\"_blank\" rel=\"noopener\">especula\u00e7\u00e3o imobili\u00e1ria<\/a>. As pessoas no Brasil agora est\u00e3o vivendo sob uma &#8220;ditadura do capital&#8221;, ele disse.<\/p>\n<p><a href=\"http:\/\/bit.ly\/2uS7SYY\" target=\"_blank\" rel=\"noopener\">Moacyr de Oliveira Paiva Jr<\/a>, que tamb\u00e9m \u00e9 presidente fundador da Comiss\u00e3o de Moradores do Horto, denuncia as remo\u00e7\u00f5es como inconstitucionais, explicando que a maioria dos antepassados dos moradores do Horto vieram trabalhar no Jardim Bot\u00e2nico, o mesmo Jardim Bot\u00e2nico que agora tenta remov\u00ea-los. Na verdade, as a\u00e7\u00f5es judiciais do Jardim Bot\u00e2nico contra os moradores de Horto foram apresentadas em 1985, enquanto o Brasil ainda era uma <a href=\"http:\/\/bit.ly\/1nQlHQA\" target=\"_blank\" rel=\"noopener\">ditadura militar<\/a>,\u00a0antes da <a href=\"http:\/\/bit.ly\/2gQ5jz4\" target=\"_blank\" rel=\"noopener\">Constitui\u00e7\u00e3o brasileira<\/a> atual ser estabelecida. Ele disse que sua esposa, Beatriz, \u00e9 a quarta gera\u00e7\u00e3o da fam\u00edlia que vive no Horto junto com sua filha Laura, portanto, da quinta gera\u00e7\u00e3o. H\u00e1 sua frente, Emerson apontou o morro e mostrou um <a href=\"http:\/\/bit.ly\/2nJVoyg\" target=\"_blank\" rel=\"noopener\">enorme duplo crit\u00e9rio<\/a>: &#8220;h\u00e1 casas na floresta acima do Jardim Bot\u00e2nico, por que eles podem ficar e n\u00f3s n\u00e3o?&#8221;<\/p>\n<p><a href=\"http:\/\/rioonwatch.org.br\/wp-content\/uploads\/2017\/07\/18920323_1475515829176872_8245368039664379551_n.jpg\"><img decoding=\"async\" class=\"wp-image-26925 alignright\" src=\"http:\/\/rioonwatch.org.br\/wp-content\/uploads\/2017\/07\/18920323_1475515829176872_8245368039664379551_n.jpg\" alt=\"\" width=\"300\" height=\"157\" \/><\/a><\/p>\n<p>A Comiss\u00e3o e a Associa\u00e7\u00e3o de Moradores e Amigos do Horto vem trabalhando juntos para combater a remo\u00e7\u00e3o h\u00e1 anos e usam todos os recursos legais dispon\u00edveis. Muitos moradores receberam notifica\u00e7\u00e3o de despejo sem ofertas de habita\u00e7\u00e3o alternativa ou indeniza\u00e7\u00e3o. O futuro da comunidade permanece altamente incerto. Em 2013, o Horto foi inclu\u00eddo no <a href=\"http:\/\/bit.ly\/2teAxtf\" target=\"_blank\" rel=\"noopener\">Mapa de Conflitos e Injusti\u00e7a Ambiental em Sa\u00fade no Brasil<\/a> realizado\u00a0pela <a href=\"http:\/\/bit.ly\/YWSczy\" target=\"_blank\" rel=\"noopener\">Escola Nacional de Sa\u00fade P\u00fablica<\/a> (ENSP). No mesmo ano, o <a href=\"http:\/\/bit.ly\/2sn6X5b\" target=\"_blank\" rel=\"noopener\">Museu do Horto<\/a> foi reconhecido como um &#8220;ponto de mem\u00f3ria&#8221; entre os museus brasileiros.<\/p>\n<p><a href=\"http:\/\/rioonwatch.org.br\/wp-content\/uploads\/2017\/07\/rsz_19944522_1365007500261060_8510248778403524183_o.jpg\"><img loading=\"lazy\" decoding=\"async\" class=\"aligncenter size-content wp-image-26927\" src=\"http:\/\/rioonwatch.org.br\/wp-content\/uploads\/2017\/07\/rsz_19944522_1365007500261060_8510248778403524183_o-620x264.jpg\" alt=\"\" width=\"620\" height=\"264\" srcset=\"https:\/\/rioonwatch.org.br\/wp-content\/uploads\/2017\/07\/rsz_19944522_1365007500261060_8510248778403524183_o-620x264.jpg 620w, https:\/\/rioonwatch.org.br\/wp-content\/uploads\/2017\/07\/rsz_19944522_1365007500261060_8510248778403524183_o-940x400.jpg 940w\" sizes=\"(max-width: 620px) 100vw, 620px\" \/><\/a><\/p>\n<p>O \u201carrai\u00e1\u201d foi um momento de estar juntos, compartilhar ideias, comidas, bebidas e de retomada dos espa\u00e7os p\u00fablicos do Horto, um breve momento de celebra\u00e7\u00e3o e alegria ao longo de sua batalha. Mas logo em seguida para a segunda-feira, 10 de julho, a Comiss\u00e3o j\u00e1 havia planejado uma reuni\u00e3o para pensar sobre a resist\u00eancia \u00e0 remo\u00e7\u00e3o e planejar novas a\u00e7\u00f5es. O arrai\u00e1 tamb\u00e9m foi outra ocasi\u00e3o para que os convidados conhecessem melhor a causa dos moradores do Horto. Parceiros de longa data como o <a href=\"http:\/\/bit.ly\/198ZCU1\" target=\"_blank\" rel=\"noopener\">Movimento Nacional de Luta pela Moradia (MNLM)<\/a> estavam presentes com uma barraca de comidas. Como <a href=\"http:\/\/bit.ly\/2vdQ0Hx\" target=\"_blank\" rel=\"noopener\">Moacyr<\/a> disse, &#8220;se acontecer em uma comunidade hist\u00f3rica como o Horto, pode acontecer em qualquer lugar&#8221;.<\/p>\n<p style=\"text-align: center;\"><a href=\"http:\/\/rioonwatch.org.br\/wp-content\/uploads\/2017\/07\/rsz_19679381_1365007920261018_6294500007911970710_o.jpg\"><img loading=\"lazy\" decoding=\"async\" class=\"aligncenter size-content wp-image-26931\" src=\"http:\/\/rioonwatch.org.br\/wp-content\/uploads\/2017\/07\/rsz_19679381_1365007920261018_6294500007911970710_o-620x264.jpg\" alt=\"\" width=\"620\" height=\"264\" srcset=\"https:\/\/rioonwatch.org.br\/wp-content\/uploads\/2017\/07\/rsz_19679381_1365007920261018_6294500007911970710_o-620x264.jpg 620w, https:\/\/rioonwatch.org.br\/wp-content\/uploads\/2017\/07\/rsz_19679381_1365007920261018_6294500007911970710_o-940x400.jpg 940w\" sizes=\"(max-width: 620px) 100vw, 620px\" \/><\/a><\/p>\n<!-- AddThis Advanced Settings generic via filter on the_content --><!-- AddThis Share Buttons generic via filter on the_content -->","protected":false},"excerpt":{"rendered":"<div class=\"mh-excerpt\"><p>Click Here for English De sexta-feira 7 de julho a domingo 9 de julho, a Comiss\u00e3o de Moradores do Horto\u00a0realizou o Arrai\u00e1\u00a0do Horto. Com o lema &#8220;De Arrai\u00e1 em Arrai\u00e1, o Horto Resiste&#8221;, o Horto <a class=\"mh-excerpt-more\" href=\"https:\/\/rioonwatch.org.br\/?p=26854\" title=\"Com Arrai\u00e1, Horto Celebra e Fortalece a Sua Resist\u00eancia \u00e0 Remo\u00e7\u00e3o\">[&#8230;]<\/a><!-- AddThis Advanced Settings generic via filter on get_the_excerpt --><!-- AddThis Share Buttons generic via filter on get_the_excerpt --><\/p>\n<\/div>","protected":false},"author":129,"featured_media":26858,"comment_status":"closed","ping_status":"closed","sticky":false,"template":"","format":"standard","meta":{"_acf_changed":false,"_monsterinsights_skip_tracking":false,"_monsterinsights_sitenote_active":false,"_monsterinsights_sitenote_note":"","_monsterinsights_sitenote_category":0,"footnotes":""},"categories":[1617,1614,1627,1626,342],"tags":[81,424,396,1893,735,395,128,733,734,246,780,1191,358,14,1966,432,476,383],"writer":[2157],"translator":[1491],"source":[],"ilustrador":[],"fotografo":[],"class_list":{"0":"post-26854","1":"post","2":"type-post","3":"status-publish","4":"format-standard","5":"has-post-thumbnail","7":"category-olhonagentrificacao","8":"category-olhonasremocoes","9":"category-relato-de-evento","10":"category-por-observadores-internacionais","11":"category-solucoes","12":"tag-cultura","13":"tag-direito-a-moradia","14":"tag-especulacao-imobiliaria","15":"tag-festa-junina","16":"tag-floresta-da-tijuca","17":"tag-gentrificacao-remocao-branca","18":"tag-historia","19":"tag-horto","20":"tag-jardim-botanico","21":"tag-minha-casa-minha-vida","22":"tag-mnlm","23":"tag-museu-do-horto","24":"tag-organizacao-comunitaria","25":"tag-remocao","26":"tag-resiliencia","27":"tag-resistencia","28":"tag-solucao-comunitaria","29":"tag-zona-sul","30":"writer-suzanne-chatelier","31":"translator-patricia-gomes"},"acf":[],"yoast_head":"<!-- This site is optimized with the Yoast SEO plugin v25.6 - https:\/\/yoast.com\/wordpress\/plugins\/seo\/ -->\n<title>Com Arrai\u00e1, Horto Celebra e Fortalece a Sua Resist\u00eancia \u00e0 Remo\u00e7\u00e3o - RioOnWatch<\/title>\n<meta name=\"robots\" content=\"index, follow, max-snippet:-1, max-image-preview:large, max-video-preview:-1\" \/>\n<link rel=\"canonical\" href=\"https:\/\/rioonwatch.org.br\/?p=26854\" \/>\n<meta property=\"og:locale\" content=\"pt_BR\" \/>\n<meta property=\"og:type\" content=\"article\" \/>\n<meta property=\"og:title\" content=\"Com Arrai\u00e1, Horto Celebra e Fortalece a Sua Resist\u00eancia \u00e0 Remo\u00e7\u00e3o - RioOnWatch\" \/>\n<meta property=\"og:description\" content=\"Click Here for English De sexta-feira 7 de julho a domingo 9 de julho, a Comiss\u00e3o de Moradores do Horto\u00a0realizou o Arrai\u00e1\u00a0do Horto. Com o lema &#8220;De Arrai\u00e1 em Arrai\u00e1, o Horto Resiste&#8221;, o Horto [...]\" \/>\n<meta property=\"og:url\" content=\"https:\/\/rioonwatch.org.br\/?p=26854\" \/>\n<meta property=\"og:site_name\" content=\"RioOnWatch\" \/>\n<meta property=\"article:published_time\" content=\"2017-07-19T13:32:41+00:00\" \/>\n<meta property=\"article:modified_time\" content=\"2017-07-19T13:36:02+00:00\" \/>\n<meta property=\"og:image\" content=\"https:\/\/rioonwatch.org.br\/wp-content\/uploads\/2017\/07\/rsz_19702647_1365008723594271_9066480232070112105_o.jpg\" \/>\n\t<meta property=\"og:image:width\" content=\"2000\" \/>\n\t<meta property=\"og:image:height\" content=\"1000\" \/>\n\t<meta property=\"og:image:type\" content=\"image\/jpeg\" \/>\n<meta name=\"author\" content=\"Admin\" \/>\n<meta name=\"twitter:card\" content=\"summary_large_image\" \/>\n<meta name=\"twitter:label1\" content=\"Escrito por\" \/>\n\t<meta name=\"twitter:data1\" content=\"Admin\" \/>\n\t<meta name=\"twitter:label2\" content=\"Est. tempo de leitura\" \/>\n\t<meta name=\"twitter:data2\" content=\"3 minutos\" \/>\n<script type=\"application\/ld+json\" class=\"yoast-schema-graph\">{\"@context\":\"https:\/\/schema.org\",\"@graph\":[{\"@type\":\"Article\",\"@id\":\"https:\/\/rioonwatch.org.br\/?p=26854#article\",\"isPartOf\":{\"@id\":\"https:\/\/rioonwatch.org.br\/?p=26854\"},\"author\":{\"name\":\"Admin\",\"@id\":\"https:\/\/rioonwatch.org.br\/#\/schema\/person\/11d64c290506f9df50c71b850c473f68\"},\"headline\":\"Com Arrai\u00e1, Horto Celebra e Fortalece a Sua Resist\u00eancia \u00e0 Remo\u00e7\u00e3o\",\"datePublished\":\"2017-07-19T13:32:41+00:00\",\"dateModified\":\"2017-07-19T13:36:02+00:00\",\"mainEntityOfPage\":{\"@id\":\"https:\/\/rioonwatch.org.br\/?p=26854\"},\"wordCount\":700,\"publisher\":{\"@id\":\"https:\/\/rioonwatch.org.br\/#organization\"},\"image\":{\"@id\":\"https:\/\/rioonwatch.org.br\/?p=26854#primaryimage\"},\"thumbnailUrl\":\"https:\/\/rioonwatch.org.br\/wp-content\/uploads\/2017\/07\/rsz_19702647_1365008723594271_9066480232070112105_o.jpg\",\"keywords\":[\"cultura\",\"Direito \u00e0 Moradia\",\"especula\u00e7\u00e3o imobili\u00e1ria\",\"festa junina\",\"Floresta da Tijuca\",\"gentrifica\u00e7\u00e3o\",\"hist\u00f3ria\",\"Horto\",\"Jardim Bot\u00e2nico\",\"Minha Casa Minha Vida\",\"MNLM\",\"Museu do Horto\",\"organiza\u00e7\u00e3o comunit\u00e1ria\",\"Remo\u00e7\u00e3o\",\"resili\u00eancia\",\"resist\u00eancia\",\"solu\u00e7\u00e3o comunit\u00e1ria\",\"Zona Sul\"],\"articleSection\":[\"#OlhoNaGentrifica\u00e7\u00e3o\",\"#OlhoNasRemo\u00e7\u00f5es\",\"Cobertura de Eventos\",\"Escrito por Aliados\",\"Solu\u00e7\u00f5es\"],\"inLanguage\":\"pt-BR\"},{\"@type\":\"WebPage\",\"@id\":\"https:\/\/rioonwatch.org.br\/?p=26854\",\"url\":\"https:\/\/rioonwatch.org.br\/?p=26854\",\"name\":\"Com Arrai\u00e1, Horto Celebra e Fortalece a Sua Resist\u00eancia \u00e0 Remo\u00e7\u00e3o - RioOnWatch\",\"isPartOf\":{\"@id\":\"https:\/\/rioonwatch.org.br\/#website\"},\"primaryImageOfPage\":{\"@id\":\"https:\/\/rioonwatch.org.br\/?p=26854#primaryimage\"},\"image\":{\"@id\":\"https:\/\/rioonwatch.org.br\/?p=26854#primaryimage\"},\"thumbnailUrl\":\"https:\/\/rioonwatch.org.br\/wp-content\/uploads\/2017\/07\/rsz_19702647_1365008723594271_9066480232070112105_o.jpg\",\"datePublished\":\"2017-07-19T13:32:41+00:00\",\"dateModified\":\"2017-07-19T13:36:02+00:00\",\"breadcrumb\":{\"@id\":\"https:\/\/rioonwatch.org.br\/?p=26854#breadcrumb\"},\"inLanguage\":\"pt-BR\",\"potentialAction\":[{\"@type\":\"ReadAction\",\"target\":[\"https:\/\/rioonwatch.org.br\/?p=26854\"]}]},{\"@type\":\"ImageObject\",\"inLanguage\":\"pt-BR\",\"@id\":\"https:\/\/rioonwatch.org.br\/?p=26854#primaryimage\",\"url\":\"https:\/\/rioonwatch.org.br\/wp-content\/uploads\/2017\/07\/rsz_19702647_1365008723594271_9066480232070112105_o.jpg\",\"contentUrl\":\"https:\/\/rioonwatch.org.br\/wp-content\/uploads\/2017\/07\/rsz_19702647_1365008723594271_9066480232070112105_o.jpg\",\"width\":2000,\"height\":1000},{\"@type\":\"BreadcrumbList\",\"@id\":\"https:\/\/rioonwatch.org.br\/?p=26854#breadcrumb\",\"itemListElement\":[{\"@type\":\"ListItem\",\"position\":1,\"name\":\"In\u00edcio\",\"item\":\"https:\/\/rioonwatch.org.br\/\"},{\"@type\":\"ListItem\",\"position\":2,\"name\":\"Com Arrai\u00e1, Horto Celebra e Fortalece a Sua Resist\u00eancia \u00e0 Remo\u00e7\u00e3o\"}]},{\"@type\":\"WebSite\",\"@id\":\"https:\/\/rioonwatch.org.br\/#website\",\"url\":\"https:\/\/rioonwatch.org.br\/\",\"name\":\"RioOnWatch\",\"description\":\"relatos das favelas cariocas\",\"publisher\":{\"@id\":\"https:\/\/rioonwatch.org.br\/#organization\"},\"potentialAction\":[{\"@type\":\"SearchAction\",\"target\":{\"@type\":\"EntryPoint\",\"urlTemplate\":\"https:\/\/rioonwatch.org.br\/?s={search_term_string}\"},\"query-input\":{\"@type\":\"PropertyValueSpecification\",\"valueRequired\":true,\"valueName\":\"search_term_string\"}}],\"inLanguage\":\"pt-BR\"},{\"@type\":\"Organization\",\"@id\":\"https:\/\/rioonwatch.org.br\/#organization\",\"name\":\"RioOnWatch\",\"url\":\"https:\/\/rioonwatch.org.br\/\",\"logo\":{\"@type\":\"ImageObject\",\"inLanguage\":\"pt-BR\",\"@id\":\"https:\/\/rioonwatch.org.br\/#\/schema\/logo\/image\/\",\"url\":\"https:\/\/rioonwatch.org.br\/wp-content\/uploads\/2021\/06\/RioOnWatchcabecalhoPT11anos-2.png\",\"contentUrl\":\"https:\/\/rioonwatch.org.br\/wp-content\/uploads\/2021\/06\/RioOnWatchcabecalhoPT11anos-2.png\",\"width\":779,\"height\":277,\"caption\":\"RioOnWatch\"},\"image\":{\"@id\":\"https:\/\/rioonwatch.org.br\/#\/schema\/logo\/image\/\"}},{\"@type\":\"Person\",\"@id\":\"https:\/\/rioonwatch.org.br\/#\/schema\/person\/11d64c290506f9df50c71b850c473f68\",\"name\":\"Admin\",\"image\":{\"@type\":\"ImageObject\",\"inLanguage\":\"pt-BR\",\"@id\":\"https:\/\/rioonwatch.org.br\/#\/schema\/person\/image\/\",\"url\":\"https:\/\/secure.gravatar.com\/avatar\/56211ac74568383903349a1485e3c325?s=96&d=blank&r=g\",\"contentUrl\":\"https:\/\/secure.gravatar.com\/avatar\/56211ac74568383903349a1485e3c325?s=96&d=blank&r=g\",\"caption\":\"Admin\"},\"url\":\"https:\/\/rioonwatch.org.br\/?author=129\"}]}<\/script>\n<!-- \/ Yoast SEO plugin. -->","yoast_head_json":{"title":"Com Arrai\u00e1, Horto Celebra e Fortalece a Sua Resist\u00eancia \u00e0 Remo\u00e7\u00e3o - RioOnWatch","robots":{"index":"index","follow":"follow","max-snippet":"max-snippet:-1","max-image-preview":"max-image-preview:large","max-video-preview":"max-video-preview:-1"},"canonical":"https:\/\/rioonwatch.org.br\/?p=26854","og_locale":"pt_BR","og_type":"article","og_title":"Com Arrai\u00e1, Horto Celebra e Fortalece a Sua Resist\u00eancia \u00e0 Remo\u00e7\u00e3o - RioOnWatch","og_description":"Click Here for English De sexta-feira 7 de julho a domingo 9 de julho, a Comiss\u00e3o de Moradores do Horto\u00a0realizou o Arrai\u00e1\u00a0do Horto. Com o lema &#8220;De Arrai\u00e1 em Arrai\u00e1, o Horto Resiste&#8221;, o Horto [...]","og_url":"https:\/\/rioonwatch.org.br\/?p=26854","og_site_name":"RioOnWatch","article_published_time":"2017-07-19T13:32:41+00:00","article_modified_time":"2017-07-19T13:36:02+00:00","og_image":[{"width":2000,"height":1000,"url":"https:\/\/rioonwatch.org.br\/wp-content\/uploads\/2017\/07\/rsz_19702647_1365008723594271_9066480232070112105_o.jpg","type":"image\/jpeg"}],"author":"Admin","twitter_card":"summary_large_image","twitter_misc":{"Escrito por":"Admin","Est. tempo de leitura":"3 minutos"},"schema":{"@context":"https:\/\/schema.org","@graph":[{"@type":"Article","@id":"https:\/\/rioonwatch.org.br\/?p=26854#article","isPartOf":{"@id":"https:\/\/rioonwatch.org.br\/?p=26854"},"author":{"name":"Admin","@id":"https:\/\/rioonwatch.org.br\/#\/schema\/person\/11d64c290506f9df50c71b850c473f68"},"headline":"Com Arrai\u00e1, Horto Celebra e Fortalece a Sua Resist\u00eancia \u00e0 Remo\u00e7\u00e3o","datePublished":"2017-07-19T13:32:41+00:00","dateModified":"2017-07-19T13:36:02+00:00","mainEntityOfPage":{"@id":"https:\/\/rioonwatch.org.br\/?p=26854"},"wordCount":700,"publisher":{"@id":"https:\/\/rioonwatch.org.br\/#organization"},"image":{"@id":"https:\/\/rioonwatch.org.br\/?p=26854#primaryimage"},"thumbnailUrl":"https:\/\/rioonwatch.org.br\/wp-content\/uploads\/2017\/07\/rsz_19702647_1365008723594271_9066480232070112105_o.jpg","keywords":["cultura","Direito \u00e0 Moradia","especula\u00e7\u00e3o imobili\u00e1ria","festa junina","Floresta da Tijuca","gentrifica\u00e7\u00e3o","hist\u00f3ria","Horto","Jardim Bot\u00e2nico","Minha Casa Minha Vida","MNLM","Museu do Horto","organiza\u00e7\u00e3o comunit\u00e1ria","Remo\u00e7\u00e3o","resili\u00eancia","resist\u00eancia","solu\u00e7\u00e3o comunit\u00e1ria","Zona Sul"],"articleSection":["#OlhoNaGentrifica\u00e7\u00e3o","#OlhoNasRemo\u00e7\u00f5es","Cobertura de Eventos","Escrito por Aliados","Solu\u00e7\u00f5es"],"inLanguage":"pt-BR"},{"@type":"WebPage","@id":"https:\/\/rioonwatch.org.br\/?p=26854","url":"https:\/\/rioonwatch.org.br\/?p=26854","name":"Com Arrai\u00e1, Horto Celebra e Fortalece a Sua Resist\u00eancia \u00e0 Remo\u00e7\u00e3o - RioOnWatch","isPartOf":{"@id":"https:\/\/rioonwatch.org.br\/#website"},"primaryImageOfPage":{"@id":"https:\/\/rioonwatch.org.br\/?p=26854#primaryimage"},"image":{"@id":"https:\/\/rioonwatch.org.br\/?p=26854#primaryimage"},"thumbnailUrl":"https:\/\/rioonwatch.org.br\/wp-content\/uploads\/2017\/07\/rsz_19702647_1365008723594271_9066480232070112105_o.jpg","datePublished":"2017-07-19T13:32:41+00:00","dateModified":"2017-07-19T13:36:02+00:00","breadcrumb":{"@id":"https:\/\/rioonwatch.org.br\/?p=26854#breadcrumb"},"inLanguage":"pt-BR","potentialAction":[{"@type":"ReadAction","target":["https:\/\/rioonwatch.org.br\/?p=26854"]}]},{"@type":"ImageObject","inLanguage":"pt-BR","@id":"https:\/\/rioonwatch.org.br\/?p=26854#primaryimage","url":"https:\/\/rioonwatch.org.br\/wp-content\/uploads\/2017\/07\/rsz_19702647_1365008723594271_9066480232070112105_o.jpg","contentUrl":"https:\/\/rioonwatch.org.br\/wp-content\/uploads\/2017\/07\/rsz_19702647_1365008723594271_9066480232070112105_o.jpg","width":2000,"height":1000},{"@type":"BreadcrumbList","@id":"https:\/\/rioonwatch.org.br\/?p=26854#breadcrumb","itemListElement":[{"@type":"ListItem","position":1,"name":"In\u00edcio","item":"https:\/\/rioonwatch.org.br\/"},{"@type":"ListItem","position":2,"name":"Com Arrai\u00e1, Horto Celebra e Fortalece a Sua Resist\u00eancia \u00e0 Remo\u00e7\u00e3o"}]},{"@type":"WebSite","@id":"https:\/\/rioonwatch.org.br\/#website","url":"https:\/\/rioonwatch.org.br\/","name":"RioOnWatch","description":"relatos das favelas cariocas","publisher":{"@id":"https:\/\/rioonwatch.org.br\/#organization"},"potentialAction":[{"@type":"SearchAction","target":{"@type":"EntryPoint","urlTemplate":"https:\/\/rioonwatch.org.br\/?s={search_term_string}"},"query-input":{"@type":"PropertyValueSpecification","valueRequired":true,"valueName":"search_term_string"}}],"inLanguage":"pt-BR"},{"@type":"Organization","@id":"https:\/\/rioonwatch.org.br\/#organization","name":"RioOnWatch","url":"https:\/\/rioonwatch.org.br\/","logo":{"@type":"ImageObject","inLanguage":"pt-BR","@id":"https:\/\/rioonwatch.org.br\/#\/schema\/logo\/image\/","url":"https:\/\/rioonwatch.org.br\/wp-content\/uploads\/2021\/06\/RioOnWatchcabecalhoPT11anos-2.png","contentUrl":"https:\/\/rioonwatch.org.br\/wp-content\/uploads\/2021\/06\/RioOnWatchcabecalhoPT11anos-2.png","width":779,"height":277,"caption":"RioOnWatch"},"image":{"@id":"https:\/\/rioonwatch.org.br\/#\/schema\/logo\/image\/"}},{"@type":"Person","@id":"https:\/\/rioonwatch.org.br\/#\/schema\/person\/11d64c290506f9df50c71b850c473f68","name":"Admin","image":{"@type":"ImageObject","inLanguage":"pt-BR","@id":"https:\/\/rioonwatch.org.br\/#\/schema\/person\/image\/","url":"https:\/\/secure.gravatar.com\/avatar\/56211ac74568383903349a1485e3c325?s=96&d=blank&r=g","contentUrl":"https:\/\/secure.gravatar.com\/avatar\/56211ac74568383903349a1485e3c325?s=96&d=blank&r=g","caption":"Admin"},"url":"https:\/\/rioonwatch.org.br\/?author=129"}]}},"_links":{"self":[{"href":"https:\/\/rioonwatch.org.br\/index.php?rest_route=\/wp\/v2\/posts\/26854"}],"collection":[{"href":"https:\/\/rioonwatch.org.br\/index.php?rest_route=\/wp\/v2\/posts"}],"about":[{"href":"https:\/\/rioonwatch.org.br\/index.php?rest_route=\/wp\/v2\/types\/post"}],"author":[{"embeddable":true,"href":"https:\/\/rioonwatch.org.br\/index.php?rest_route=\/wp\/v2\/users\/129"}],"replies":[{"embeddable":true,"href":"https:\/\/rioonwatch.org.br\/index.php?rest_route=%2Fwp%2Fv2%2Fcomments&post=26854"}],"version-history":[{"count":12,"href":"https:\/\/rioonwatch.org.br\/index.php?rest_route=\/wp\/v2\/posts\/26854\/revisions"}],"predecessor-version":[{"id":26969,"href":"https:\/\/rioonwatch.org.br\/index.php?rest_route=\/wp\/v2\/posts\/26854\/revisions\/26969"}],"wp:featuredmedia":[{"embeddable":true,"href":"https:\/\/rioonwatch.org.br\/index.php?rest_route=\/wp\/v2\/media\/26858"}],"wp:attachment":[{"href":"https:\/\/rioonwatch.org.br\/index.php?rest_route=%2Fwp%2Fv2%2Fmedia&parent=26854"}],"wp:term":[{"taxonomy":"category","embeddable":true,"href":"https:\/\/rioonwatch.org.br\/index.php?rest_route=%2Fwp%2Fv2%2Fcategories&post=26854"},{"taxonomy":"post_tag","embeddable":true,"href":"https:\/\/rioonwatch.org.br\/index.php?rest_route=%2Fwp%2Fv2%2Ftags&post=26854"},{"taxonomy":"writer","embeddable":true,"href":"https:\/\/rioonwatch.org.br\/index.php?rest_route=%2Fwp%2Fv2%2Fwriter&post=26854"},{"taxonomy":"translator","embeddable":true,"href":"https:\/\/rioonwatch.org.br\/index.php?rest_route=%2Fwp%2Fv2%2Ftranslator&post=26854"},{"taxonomy":"source","embeddable":true,"href":"https:\/\/rioonwatch.org.br\/index.php?rest_route=%2Fwp%2Fv2%2Fsource&post=26854"},{"taxonomy":"ilustrador","embeddable":true,"href":"https:\/\/rioonwatch.org.br\/index.php?rest_route=%2Fwp%2Fv2%2Filustrador&post=26854"},{"taxonomy":"fotografo","embeddable":true,"href":"https:\/\/rioonwatch.org.br\/index.php?rest_route=%2Fwp%2Fv2%2Ffotografo&post=26854"}],"curies":[{"name":"wp","href":"https:\/\/api.w.org\/{rel}","templated":true}]}}