{"id":26942,"date":"2017-07-20T10:02:56","date_gmt":"2017-07-20T13:02:56","guid":{"rendered":"http:\/\/rioonwatch.org.br\/?p=26942"},"modified":"2017-08-11T14:07:09","modified_gmt":"2017-08-11T17:07:09","slug":"o-que-e-patrimonio-museus-comunitarios-reivindicam-o-patrimonio-cultural-do-rio","status":"publish","type":"post","link":"https:\/\/rioonwatch.org.br\/?p=26942","title":{"rendered":"O Que \u00c9 Patrim\u00f4nio? Museus Comunit\u00e1rios Reivindicam o Patrim\u00f4nio Cultural do Rio"},"content":{"rendered":"<p style=\"text-align: right;\"><em><strong><a href=\"http:\/\/bit.ly\/2utdsn4\" target=\"_blank\" rel=\"noopener noreferrer\">Click Here for English<img decoding=\"async\" width=\"20\" height=\"20\" class=\"alignright wp-image-15790\" src=\"http:\/\/rioonwatch.org.br\/wp-content\/uploads\/2012\/08\/EN-standard-e1439583104716.jpg\" alt=\"\" \/><\/a><\/strong><\/em><\/p>\n<p><span style=\"font-weight: 400;\">No dia 8 de julho, o <a href=\"http:\/\/bit.ly\/2ueYsJ9\" target=\"_blank\" rel=\"noopener\">Instituto de Arte Tear<\/a>, com representantes do <a href=\"http:\/\/bit.ly\/1qhz1JJ\" target=\"_blank\" rel=\"noopener\">Museu da Mar\u00e9<\/a>,\u00a0<a href=\"http:\/\/bit.ly\/2teIdYu\" target=\"_blank\" rel=\"noopener\">Museu do Samba<\/a>,\u00a0<a href=\"http:\/\/bit.ly\/2ujfLto\" target=\"_blank\" rel=\"noopener\">Instituto dos Pretos Novos (IPN)<\/a> e\u00a0<a href=\"http:\/\/bit.ly\/2aJY2QE\" target=\"_blank\" rel=\"noopener\">Ecomuseu de Sepetiba<\/a>, organizou um col\u00f3quio intitulado <a href=\"http:\/\/bit.ly\/2tIZD32\" target=\"_blank\" rel=\"noopener\">Rotas da Mem\u00f3ria<\/a>, que explorou a quest\u00e3o do que se qualifica como patrim\u00f4nio. O evento, com o objetivo de responder a pergunta: &#8220;O\u00a0que \u00e9 o patrim\u00f4nio para n\u00f3s?&#8221;, representou a &#8220;culmin\u00e2ncia de diversos percursos pela mem\u00f3ria dos territ\u00f3rios, momento de partilha junto \u00e0 rede de <a href=\"http:\/\/bit.ly\/1E6NMXK\" target=\"_blank\" rel=\"noopener\">pontos de cultura<\/a>, como um convite a lan\u00e7armos juntos uma reflex\u00e3o\/a\u00e7\u00e3o sobre as mem\u00f3rias da cidade desde os territ\u00f3rios, agora redefinidores de outros patrim\u00f4nios poss\u00edveis&#8221;. O evento foi, em \u00faltima an\u00e1lise, &#8220;um convite a escrevermos de forma co-elaborAtiva cartografias po\u00e9ticas do patrimoni\u00e1vel&#8221;.<\/span><\/p>\n<p><a href=\"http:\/\/rioonwatch.org.br\/wp-content\/uploads\/2017\/07\/Luiz-Antonio-Simas.jpg\"><img fetchpriority=\"high\" decoding=\"async\" class=\"aligncenter wp-image-26945 size-medium\" src=\"http:\/\/rioonwatch.org.br\/wp-content\/uploads\/2017\/07\/Luiz-Antonio-Simas-620x323.jpg\" alt=\"\" width=\"620\" height=\"323\" srcset=\"https:\/\/rioonwatch.org.br\/wp-content\/uploads\/2017\/07\/Luiz-Antonio-Simas-620x323.jpg 620w, https:\/\/rioonwatch.org.br\/wp-content\/uploads\/2017\/07\/Luiz-Antonio-Simas-507x264.jpg 507w, https:\/\/rioonwatch.org.br\/wp-content\/uploads\/2017\/07\/Luiz-Antonio-Simas-768x400.jpg 768w, https:\/\/rioonwatch.org.br\/wp-content\/uploads\/2017\/07\/Luiz-Antonio-Simas-1024x533.jpg 1024w, https:\/\/rioonwatch.org.br\/wp-content\/uploads\/2017\/07\/Luiz-Antonio-Simas.jpg 1289w\" sizes=\"(max-width: 620px) 100vw, 620px\" \/><\/a><\/p>\n<p><span style=\"font-weight: 400;\">O col\u00f3quio de quatro horas foi aberto com uma vis\u00e3o geral do recente projeto cartogr\u00e1fico de mapeamento do Instituto Tear, de cinquenta pontos culturais no Rio, que foram classificados em rotas, uma ao longo da <a href=\"http:\/\/bit.ly\/2u8AUDZ\" target=\"_blank\" rel=\"noopener\">Avenida Brasil<\/a> na Zona Norte, por exemplo. As identidades foram mapeadas, mostrando n\u00e3o apenas rotas, mas pontos culturais, estabelecendo uma rede de centros e coletivos que juntos delineavam identidades culturais claras. Ao longo da apresenta\u00e7\u00e3o, o Instituto Tear enfatizou como o territ\u00f3rio \u00e9 algo que praticamos: &#8220;n\u00f3s o afetamos tanto quanto somos afetados por ele&#8221;. Em ambos os projetos de cartografia, o Instituto Tear realizou <a href=\"http:\/\/bit.ly\/2uiZZyZ\" target=\"_blank\" rel=\"noopener\">atividades<\/a> com membros das comunidades, explorando a quest\u00e3o do patrim\u00f4nio. Os membros discutiram o uso da cidade e organizaram interven\u00e7\u00f5es p\u00fablicas em diferentes pontos do seu territ\u00f3rio, tais como esta\u00e7\u00f5es de transporte p\u00fablico e em carros de metr\u00f4. Desta forma, o grupo entendeu como a &#8220;qualidade do espa\u00e7o p\u00fablico \u00e9 ativada pelas interven\u00e7\u00f5es populares&#8221; e, juntos, conseguiram criar uma amabilidade do espa\u00e7o.<\/span><\/p>\n<p><a href=\"http:\/\/rioonwatch.org.br\/wp-content\/uploads\/2017\/07\/Claudio-Honorato.jpg\"><img decoding=\"async\" class=\"aligncenter size-content wp-image-26947\" src=\"http:\/\/rioonwatch.org.br\/wp-content\/uploads\/2017\/07\/Claudio-Honorato-620x264.jpg\" alt=\"\" width=\"620\" height=\"264\" \/><\/a><\/p>\n<p><span style=\"font-weight: 400;\">A confer\u00eancia seguiu com dois palestrantes, come\u00e7ando com Lilian Amaral, artista visual e pesquisadora em arte p\u00fablica e patrim\u00f4nio cultural do <a href=\"http:\/\/bit.ly\/2vd7Dam\" target=\"_blank\" rel=\"noopener\">Media Lab, da Universidade Federal de Goi\u00e1s<\/a>. Ela enfatizou a import\u00e2ncia da pr\u00e1tica art\u00edstica em espa\u00e7os p\u00fablicos, em contraste com a produ\u00e7\u00e3o art\u00edstica. A pr\u00e1tica art\u00edstica \u00e9 uma maneira de criar significado e problematizar o que foi normalizado.<\/span><\/p>\n<p><span style=\"font-weight: 400;\">O segundo palestrante, historiador, escritor e pesquisador da mem\u00f3ria do Rio como uma cidade da di\u00e1spora, Luiz Antonio Simas, se engajou em <a href=\"http:\/\/bit.ly\/2t3XRe2\" target=\"_blank\" rel=\"noopener\">din\u00e2micas de conta\u00e7\u00e3o de est\u00f3rias<\/a>, misturando o samba tradicional e enfatizando o poder e a necessidade de criar um &#8220;curr\u00edculo de desgarrados&#8221;. Simas, nascido e criado na Zona Norte do Rio, explora a hist\u00f3ria dos bairros da <a href=\"http:\/\/bit.ly\/WximDf\" target=\"_blank\" rel=\"noopener\">Zona Norte<\/a> e d\u00e1 palestras p\u00fablicas sobre a hist\u00f3ria nas ruas e bares do Rio. Ele demonstrou como contar espontaneamente hist\u00f3rias que preservam o patrim\u00f4nio cultural e &#8220;afastam-se da gram\u00e1tica normativa&#8221;, desafiando a hist\u00f3ria formalizada.<\/span><\/p>\n<p><a href=\"http:\/\/rioonwatch.org.br\/wp-content\/uploads\/2017\/07\/Lilian-Amaral.jpg\"><img loading=\"lazy\" decoding=\"async\" class=\"aligncenter wp-image-26948 size-medium\" src=\"http:\/\/rioonwatch.org.br\/wp-content\/uploads\/2017\/07\/Lilian-Amaral-620x311.jpg\" alt=\"\" width=\"620\" height=\"311\" srcset=\"https:\/\/rioonwatch.org.br\/wp-content\/uploads\/2017\/07\/Lilian-Amaral-620x311.jpg 620w, https:\/\/rioonwatch.org.br\/wp-content\/uploads\/2017\/07\/Lilian-Amaral-527x264.jpg 527w, https:\/\/rioonwatch.org.br\/wp-content\/uploads\/2017\/07\/Lilian-Amaral-768x385.jpg 768w, https:\/\/rioonwatch.org.br\/wp-content\/uploads\/2017\/07\/Lilian-Amaral.jpg 898w\" sizes=\"(max-width: 620px) 100vw, 620px\" \/><\/a><\/p>\n<p><span style=\"font-weight: 400;\">Atrav\u00e9s do projeto de cartografia ao longo de um ano, e com o Instituto Tear como mediador cultural, est\u00e1 sendo formada uma rede entre o Museu da Mar\u00e9, o Museu do Samba, o Instituto Pretos Novos e o Ecomuseu Sepetiba. A rede reimagina formas de usar o territ\u00f3rio do Rio de Janeiro ao reclamar o <a href=\"http:\/\/bit.ly\/1FKOexi\" target=\"_blank\" rel=\"noopener\">direito \u00e0 cidade<\/a>,\u00a0e ao visitar uns aos outros atrav\u00e9s da cidade, em uma troca m\u00fatua de aprendizado. Cada museu luta para preservar e celebrar a heran\u00e7a cultural que, de outra forma, n\u00e3o seria considerado &#8220;patrim\u00f4nio&#8221; em um sentido tradicional.<\/span><\/p>\n<p><a href=\"http:\/\/rioonwatch.org.br\/wp-content\/uploads\/2017\/07\/Bianca-Wild.jpg\"><img loading=\"lazy\" decoding=\"async\" class=\"aligncenter wp-image-26949 size-medium\" src=\"http:\/\/rioonwatch.org.br\/wp-content\/uploads\/2017\/07\/Bianca-Wild-620x292.jpg\" alt=\"\" width=\"620\" height=\"292\" srcset=\"https:\/\/rioonwatch.org.br\/wp-content\/uploads\/2017\/07\/Bianca-Wild-620x292.jpg 620w, https:\/\/rioonwatch.org.br\/wp-content\/uploads\/2017\/07\/Bianca-Wild-561x264.jpg 561w, https:\/\/rioonwatch.org.br\/wp-content\/uploads\/2017\/07\/Bianca-Wild-768x362.jpg 768w, https:\/\/rioonwatch.org.br\/wp-content\/uploads\/2017\/07\/Bianca-Wild.jpg 896w\" sizes=\"(max-width: 620px) 100vw, 620px\" \/><\/a><\/p>\n<p><span style=\"font-weight: 400;\">Juntos, eles criam os &#8220;EntrePontos Cariocas&#8221;, que trabalham para promover criticamente a import\u00e2ncia da cultura popular e perif\u00e9rica brasileira no entendimento mais amplo de patrim\u00f4nio cultural. O projeto \u00e9 informado pelo crescente conceito de <a href=\"http:\/\/bit.ly\/2r8iRxL\" target=\"_blank\" rel=\"noopener\">museologia social<\/a>, freq\u00fcentemente associado a museus comunit\u00e1rios que tratam todo um territ\u00f3rio como museu, onde a preserva\u00e7\u00e3o cultural \u00e9 alcan\u00e7ada atrav\u00e9s da celebra\u00e7\u00e3o do que est\u00e1 vivo, em contraste com a natureza estagnada dos museus tradicionais. O territ\u00f3rio como espa\u00e7o de encontro cultural permite que as pessoas reivindiquem a signific\u00e2ncia de seus espa\u00e7os p\u00fablicos. Ao faz\u00ea-lo, produtores culturais baseados em comunidades est\u00e3o ganhando ag\u00eancia em sua atua\u00e7\u00e3o e definindo o que \u00e9 patrim\u00f4nio para eles, em vez de herdar um conceito imposto por outros. Os EntrePontos Cariocas, juntamente com o conceito de museologia social, est\u00e3o abrindo um caminho cr\u00edtico para a resist\u00eancia cultural e empoderamento no Rio de Janeiro.<\/span><\/p>\n<p><a href=\"http:\/\/rioonwatch.org.br\/wp-content\/uploads\/2017\/07\/Georgie-Echeverri.jpg\"><img loading=\"lazy\" decoding=\"async\" class=\"aligncenter size-content wp-image-26950\" src=\"http:\/\/rioonwatch.org.br\/wp-content\/uploads\/2017\/07\/Georgie-Echeverri-620x264.jpg\" alt=\"\" width=\"620\" height=\"264\" \/><\/a><\/p>\n<!-- AddThis Advanced Settings generic via filter on the_content --><!-- AddThis Share Buttons generic via filter on the_content -->","protected":false},"excerpt":{"rendered":"<div class=\"mh-excerpt\"><p>Click Here for English No dia 8 de julho, o Instituto de Arte Tear, com representantes do Museu da Mar\u00e9,\u00a0Museu do Samba,\u00a0Instituto dos Pretos Novos (IPN) e\u00a0Ecomuseu de Sepetiba, organizou um col\u00f3quio intitulado Rotas da <a class=\"mh-excerpt-more\" href=\"https:\/\/rioonwatch.org.br\/?p=26942\" title=\"O Que \u00c9 Patrim\u00f4nio? Museus Comunit\u00e1rios Reivindicam o Patrim\u00f4nio Cultural do Rio\">[&#8230;]<\/a><!-- AddThis Advanced Settings generic via filter on get_the_excerpt --><!-- AddThis Share Buttons generic via filter on get_the_excerpt --><\/p>\n<\/div>","protected":false},"author":129,"featured_media":26944,"comment_status":"closed","ping_status":"closed","sticky":false,"template":"","format":"standard","meta":{"_acf_changed":false,"_monsterinsights_skip_tracking":false,"_monsterinsights_sitenote_active":false,"_monsterinsights_sitenote_note":"","_monsterinsights_sitenote_category":0,"footnotes":""},"categories":[1618,1621,1627,1615,1626,1612,342,1639,1628],"tags":[1854,332,81,421,831,128,841,469,2188,1111,1106,2158,1297,1194,1412,494,23,218,184],"writer":[2129],"translator":[1971],"source":[],"ilustrador":[],"fotografo":[],"class_list":{"0":"post-26942","1":"post","2":"type-post","3":"status-publish","4":"format-standard","5":"has-post-thumbnail","7":"category-olhonaparticipacao","8":"category-destaque","9":"category-relato-de-evento","10":"category-cultura-da-favela","11":"category-por-observadores-internacionais","12":"category-sociedade-civil","13":"category-solucoes","14":"category-sustentabilidade","15":"category-turismo-na-favela","16":"tag-avenida-brasil","17":"tag-complexo-da-mare","18":"tag-cultura","19":"tag-cultura-da-favela","20":"tag-direito-a-cidade","21":"tag-historia","22":"tag-historia-oral","23":"tag-memoria","24":"tag-museologia-social","25":"tag-museu","26":"tag-museu-da-mare","27":"tag-museu-do-samba","28":"tag-preservacao-historica","29":"tag-pretos-novos","30":"tag-producao-cultural","31":"tag-regiao-do-porto","32":"tag-sepetiba","33":"tag-zona-norte","34":"tag-zona-oeste","35":"writer-chloe-villalobos","36":"translator-geovanna-giannini"},"acf":[],"yoast_head":"<!-- This site is optimized with the Yoast SEO plugin v25.6 - https:\/\/yoast.com\/wordpress\/plugins\/seo\/ -->\n<title>O Que \u00c9 Patrim\u00f4nio? Museus Comunit\u00e1rios Reivindicam o Patrim\u00f4nio Cultural do Rio - RioOnWatch<\/title>\n<meta name=\"robots\" content=\"index, follow, max-snippet:-1, max-image-preview:large, max-video-preview:-1\" \/>\n<link rel=\"canonical\" href=\"https:\/\/rioonwatch.org.br\/?p=26942\" \/>\n<meta property=\"og:locale\" content=\"pt_BR\" \/>\n<meta property=\"og:type\" content=\"article\" \/>\n<meta property=\"og:title\" content=\"O Que \u00c9 Patrim\u00f4nio? Museus Comunit\u00e1rios Reivindicam o Patrim\u00f4nio Cultural do Rio - RioOnWatch\" \/>\n<meta property=\"og:description\" content=\"Click Here for English No dia 8 de julho, o Instituto de Arte Tear, com representantes do Museu da Mar\u00e9,\u00a0Museu do Samba,\u00a0Instituto dos Pretos Novos (IPN) e\u00a0Ecomuseu de Sepetiba, organizou um col\u00f3quio intitulado Rotas da [...]\" \/>\n<meta property=\"og:url\" content=\"https:\/\/rioonwatch.org.br\/?p=26942\" \/>\n<meta property=\"og:site_name\" content=\"RioOnWatch\" \/>\n<meta property=\"article:published_time\" content=\"2017-07-20T13:02:56+00:00\" \/>\n<meta property=\"article:modified_time\" content=\"2017-08-11T17:07:09+00:00\" \/>\n<meta property=\"og:image\" content=\"https:\/\/rioonwatch.org.br\/wp-content\/uploads\/2017\/07\/Luiz-Antonio-de-Oliveira.jpg\" \/>\n\t<meta property=\"og:image:width\" content=\"896\" \/>\n\t<meta property=\"og:image:height\" content=\"467\" \/>\n\t<meta property=\"og:image:type\" content=\"image\/jpeg\" \/>\n<meta name=\"author\" content=\"Admin\" \/>\n<meta name=\"twitter:card\" content=\"summary_large_image\" \/>\n<meta name=\"twitter:label1\" content=\"Escrito por\" \/>\n\t<meta name=\"twitter:data1\" content=\"Admin\" \/>\n\t<meta name=\"twitter:label2\" content=\"Est. tempo de leitura\" \/>\n\t<meta name=\"twitter:data2\" content=\"4 minutos\" \/>\n<script type=\"application\/ld+json\" class=\"yoast-schema-graph\">{\"@context\":\"https:\/\/schema.org\",\"@graph\":[{\"@type\":\"Article\",\"@id\":\"https:\/\/rioonwatch.org.br\/?p=26942#article\",\"isPartOf\":{\"@id\":\"https:\/\/rioonwatch.org.br\/?p=26942\"},\"author\":{\"name\":\"Admin\",\"@id\":\"https:\/\/rioonwatch.org.br\/#\/schema\/person\/11d64c290506f9df50c71b850c473f68\"},\"headline\":\"O Que \u00c9 Patrim\u00f4nio? Museus Comunit\u00e1rios Reivindicam o Patrim\u00f4nio Cultural do Rio\",\"datePublished\":\"2017-07-20T13:02:56+00:00\",\"dateModified\":\"2017-08-11T17:07:09+00:00\",\"mainEntityOfPage\":{\"@id\":\"https:\/\/rioonwatch.org.br\/?p=26942\"},\"wordCount\":776,\"publisher\":{\"@id\":\"https:\/\/rioonwatch.org.br\/#organization\"},\"image\":{\"@id\":\"https:\/\/rioonwatch.org.br\/?p=26942#primaryimage\"},\"thumbnailUrl\":\"https:\/\/rioonwatch.org.br\/wp-content\/uploads\/2017\/07\/Luiz-Antonio-de-Oliveira.jpg\",\"keywords\":[\"Avenida Brasil\",\"Complexo da Mar\u00e9\",\"cultura\",\"cultura da favela\",\"Direito \u00e0 Cidade\",\"hist\u00f3ria\",\"hist\u00f3ria oral\",\"Mem\u00f3rias Faveladas\",\"museologia social\",\"museu\",\"Museu da Mar\u00e9\",\"Museu do Samba\",\"preserva\u00e7\u00e3o hist\u00f3rica\",\"Pretos Novos\",\"produ\u00e7\u00e3o cultural\",\"Regi\u00e3o do Porto\",\"Sepetiba\",\"Zona Norte\",\"Zona Oeste\"],\"articleSection\":[\"#OlhoNaParticipa\u00e7\u00e3o\",\"*Destaque\",\"Cobertura de Eventos\",\"Cultura da Favela\",\"Escrito por Aliados\",\"Sociedade Civil\",\"Solu\u00e7\u00f5es\",\"Sustentabilidade\",\"Turismo na Favela\"],\"inLanguage\":\"pt-BR\"},{\"@type\":\"WebPage\",\"@id\":\"https:\/\/rioonwatch.org.br\/?p=26942\",\"url\":\"https:\/\/rioonwatch.org.br\/?p=26942\",\"name\":\"O Que \u00c9 Patrim\u00f4nio? Museus Comunit\u00e1rios Reivindicam o Patrim\u00f4nio Cultural do Rio - RioOnWatch\",\"isPartOf\":{\"@id\":\"https:\/\/rioonwatch.org.br\/#website\"},\"primaryImageOfPage\":{\"@id\":\"https:\/\/rioonwatch.org.br\/?p=26942#primaryimage\"},\"image\":{\"@id\":\"https:\/\/rioonwatch.org.br\/?p=26942#primaryimage\"},\"thumbnailUrl\":\"https:\/\/rioonwatch.org.br\/wp-content\/uploads\/2017\/07\/Luiz-Antonio-de-Oliveira.jpg\",\"datePublished\":\"2017-07-20T13:02:56+00:00\",\"dateModified\":\"2017-08-11T17:07:09+00:00\",\"breadcrumb\":{\"@id\":\"https:\/\/rioonwatch.org.br\/?p=26942#breadcrumb\"},\"inLanguage\":\"pt-BR\",\"potentialAction\":[{\"@type\":\"ReadAction\",\"target\":[\"https:\/\/rioonwatch.org.br\/?p=26942\"]}]},{\"@type\":\"ImageObject\",\"inLanguage\":\"pt-BR\",\"@id\":\"https:\/\/rioonwatch.org.br\/?p=26942#primaryimage\",\"url\":\"https:\/\/rioonwatch.org.br\/wp-content\/uploads\/2017\/07\/Luiz-Antonio-de-Oliveira.jpg\",\"contentUrl\":\"https:\/\/rioonwatch.org.br\/wp-content\/uploads\/2017\/07\/Luiz-Antonio-de-Oliveira.jpg\",\"width\":896,\"height\":467},{\"@type\":\"BreadcrumbList\",\"@id\":\"https:\/\/rioonwatch.org.br\/?p=26942#breadcrumb\",\"itemListElement\":[{\"@type\":\"ListItem\",\"position\":1,\"name\":\"In\u00edcio\",\"item\":\"https:\/\/rioonwatch.org.br\/\"},{\"@type\":\"ListItem\",\"position\":2,\"name\":\"O Que \u00c9 Patrim\u00f4nio? Museus Comunit\u00e1rios Reivindicam o Patrim\u00f4nio Cultural do Rio\"}]},{\"@type\":\"WebSite\",\"@id\":\"https:\/\/rioonwatch.org.br\/#website\",\"url\":\"https:\/\/rioonwatch.org.br\/\",\"name\":\"RioOnWatch\",\"description\":\"relatos das favelas cariocas\",\"publisher\":{\"@id\":\"https:\/\/rioonwatch.org.br\/#organization\"},\"potentialAction\":[{\"@type\":\"SearchAction\",\"target\":{\"@type\":\"EntryPoint\",\"urlTemplate\":\"https:\/\/rioonwatch.org.br\/?s={search_term_string}\"},\"query-input\":{\"@type\":\"PropertyValueSpecification\",\"valueRequired\":true,\"valueName\":\"search_term_string\"}}],\"inLanguage\":\"pt-BR\"},{\"@type\":\"Organization\",\"@id\":\"https:\/\/rioonwatch.org.br\/#organization\",\"name\":\"RioOnWatch\",\"url\":\"https:\/\/rioonwatch.org.br\/\",\"logo\":{\"@type\":\"ImageObject\",\"inLanguage\":\"pt-BR\",\"@id\":\"https:\/\/rioonwatch.org.br\/#\/schema\/logo\/image\/\",\"url\":\"https:\/\/rioonwatch.org.br\/wp-content\/uploads\/2021\/06\/RioOnWatchcabecalhoPT11anos-2.png\",\"contentUrl\":\"https:\/\/rioonwatch.org.br\/wp-content\/uploads\/2021\/06\/RioOnWatchcabecalhoPT11anos-2.png\",\"width\":779,\"height\":277,\"caption\":\"RioOnWatch\"},\"image\":{\"@id\":\"https:\/\/rioonwatch.org.br\/#\/schema\/logo\/image\/\"}},{\"@type\":\"Person\",\"@id\":\"https:\/\/rioonwatch.org.br\/#\/schema\/person\/11d64c290506f9df50c71b850c473f68\",\"name\":\"Admin\",\"image\":{\"@type\":\"ImageObject\",\"inLanguage\":\"pt-BR\",\"@id\":\"https:\/\/rioonwatch.org.br\/#\/schema\/person\/image\/\",\"url\":\"https:\/\/secure.gravatar.com\/avatar\/56211ac74568383903349a1485e3c325?s=96&d=blank&r=g\",\"contentUrl\":\"https:\/\/secure.gravatar.com\/avatar\/56211ac74568383903349a1485e3c325?s=96&d=blank&r=g\",\"caption\":\"Admin\"},\"url\":\"https:\/\/rioonwatch.org.br\/?author=129\"}]}<\/script>\n<!-- \/ Yoast SEO plugin. -->","yoast_head_json":{"title":"O Que \u00c9 Patrim\u00f4nio? Museus Comunit\u00e1rios Reivindicam o Patrim\u00f4nio Cultural do Rio - RioOnWatch","robots":{"index":"index","follow":"follow","max-snippet":"max-snippet:-1","max-image-preview":"max-image-preview:large","max-video-preview":"max-video-preview:-1"},"canonical":"https:\/\/rioonwatch.org.br\/?p=26942","og_locale":"pt_BR","og_type":"article","og_title":"O Que \u00c9 Patrim\u00f4nio? Museus Comunit\u00e1rios Reivindicam o Patrim\u00f4nio Cultural do Rio - RioOnWatch","og_description":"Click Here for English No dia 8 de julho, o Instituto de Arte Tear, com representantes do Museu da Mar\u00e9,\u00a0Museu do Samba,\u00a0Instituto dos Pretos Novos (IPN) e\u00a0Ecomuseu de Sepetiba, organizou um col\u00f3quio intitulado Rotas da [...]","og_url":"https:\/\/rioonwatch.org.br\/?p=26942","og_site_name":"RioOnWatch","article_published_time":"2017-07-20T13:02:56+00:00","article_modified_time":"2017-08-11T17:07:09+00:00","og_image":[{"width":896,"height":467,"url":"https:\/\/rioonwatch.org.br\/wp-content\/uploads\/2017\/07\/Luiz-Antonio-de-Oliveira.jpg","type":"image\/jpeg"}],"author":"Admin","twitter_card":"summary_large_image","twitter_misc":{"Escrito por":"Admin","Est. tempo de leitura":"4 minutos"},"schema":{"@context":"https:\/\/schema.org","@graph":[{"@type":"Article","@id":"https:\/\/rioonwatch.org.br\/?p=26942#article","isPartOf":{"@id":"https:\/\/rioonwatch.org.br\/?p=26942"},"author":{"name":"Admin","@id":"https:\/\/rioonwatch.org.br\/#\/schema\/person\/11d64c290506f9df50c71b850c473f68"},"headline":"O Que \u00c9 Patrim\u00f4nio? Museus Comunit\u00e1rios Reivindicam o Patrim\u00f4nio Cultural do Rio","datePublished":"2017-07-20T13:02:56+00:00","dateModified":"2017-08-11T17:07:09+00:00","mainEntityOfPage":{"@id":"https:\/\/rioonwatch.org.br\/?p=26942"},"wordCount":776,"publisher":{"@id":"https:\/\/rioonwatch.org.br\/#organization"},"image":{"@id":"https:\/\/rioonwatch.org.br\/?p=26942#primaryimage"},"thumbnailUrl":"https:\/\/rioonwatch.org.br\/wp-content\/uploads\/2017\/07\/Luiz-Antonio-de-Oliveira.jpg","keywords":["Avenida Brasil","Complexo da Mar\u00e9","cultura","cultura da favela","Direito \u00e0 Cidade","hist\u00f3ria","hist\u00f3ria oral","Mem\u00f3rias Faveladas","museologia social","museu","Museu da Mar\u00e9","Museu do Samba","preserva\u00e7\u00e3o hist\u00f3rica","Pretos Novos","produ\u00e7\u00e3o cultural","Regi\u00e3o do Porto","Sepetiba","Zona Norte","Zona Oeste"],"articleSection":["#OlhoNaParticipa\u00e7\u00e3o","*Destaque","Cobertura de Eventos","Cultura da Favela","Escrito por Aliados","Sociedade Civil","Solu\u00e7\u00f5es","Sustentabilidade","Turismo na Favela"],"inLanguage":"pt-BR"},{"@type":"WebPage","@id":"https:\/\/rioonwatch.org.br\/?p=26942","url":"https:\/\/rioonwatch.org.br\/?p=26942","name":"O Que \u00c9 Patrim\u00f4nio? Museus Comunit\u00e1rios Reivindicam o Patrim\u00f4nio Cultural do Rio - RioOnWatch","isPartOf":{"@id":"https:\/\/rioonwatch.org.br\/#website"},"primaryImageOfPage":{"@id":"https:\/\/rioonwatch.org.br\/?p=26942#primaryimage"},"image":{"@id":"https:\/\/rioonwatch.org.br\/?p=26942#primaryimage"},"thumbnailUrl":"https:\/\/rioonwatch.org.br\/wp-content\/uploads\/2017\/07\/Luiz-Antonio-de-Oliveira.jpg","datePublished":"2017-07-20T13:02:56+00:00","dateModified":"2017-08-11T17:07:09+00:00","breadcrumb":{"@id":"https:\/\/rioonwatch.org.br\/?p=26942#breadcrumb"},"inLanguage":"pt-BR","potentialAction":[{"@type":"ReadAction","target":["https:\/\/rioonwatch.org.br\/?p=26942"]}]},{"@type":"ImageObject","inLanguage":"pt-BR","@id":"https:\/\/rioonwatch.org.br\/?p=26942#primaryimage","url":"https:\/\/rioonwatch.org.br\/wp-content\/uploads\/2017\/07\/Luiz-Antonio-de-Oliveira.jpg","contentUrl":"https:\/\/rioonwatch.org.br\/wp-content\/uploads\/2017\/07\/Luiz-Antonio-de-Oliveira.jpg","width":896,"height":467},{"@type":"BreadcrumbList","@id":"https:\/\/rioonwatch.org.br\/?p=26942#breadcrumb","itemListElement":[{"@type":"ListItem","position":1,"name":"In\u00edcio","item":"https:\/\/rioonwatch.org.br\/"},{"@type":"ListItem","position":2,"name":"O Que \u00c9 Patrim\u00f4nio? Museus Comunit\u00e1rios Reivindicam o Patrim\u00f4nio Cultural do Rio"}]},{"@type":"WebSite","@id":"https:\/\/rioonwatch.org.br\/#website","url":"https:\/\/rioonwatch.org.br\/","name":"RioOnWatch","description":"relatos das favelas cariocas","publisher":{"@id":"https:\/\/rioonwatch.org.br\/#organization"},"potentialAction":[{"@type":"SearchAction","target":{"@type":"EntryPoint","urlTemplate":"https:\/\/rioonwatch.org.br\/?s={search_term_string}"},"query-input":{"@type":"PropertyValueSpecification","valueRequired":true,"valueName":"search_term_string"}}],"inLanguage":"pt-BR"},{"@type":"Organization","@id":"https:\/\/rioonwatch.org.br\/#organization","name":"RioOnWatch","url":"https:\/\/rioonwatch.org.br\/","logo":{"@type":"ImageObject","inLanguage":"pt-BR","@id":"https:\/\/rioonwatch.org.br\/#\/schema\/logo\/image\/","url":"https:\/\/rioonwatch.org.br\/wp-content\/uploads\/2021\/06\/RioOnWatchcabecalhoPT11anos-2.png","contentUrl":"https:\/\/rioonwatch.org.br\/wp-content\/uploads\/2021\/06\/RioOnWatchcabecalhoPT11anos-2.png","width":779,"height":277,"caption":"RioOnWatch"},"image":{"@id":"https:\/\/rioonwatch.org.br\/#\/schema\/logo\/image\/"}},{"@type":"Person","@id":"https:\/\/rioonwatch.org.br\/#\/schema\/person\/11d64c290506f9df50c71b850c473f68","name":"Admin","image":{"@type":"ImageObject","inLanguage":"pt-BR","@id":"https:\/\/rioonwatch.org.br\/#\/schema\/person\/image\/","url":"https:\/\/secure.gravatar.com\/avatar\/56211ac74568383903349a1485e3c325?s=96&d=blank&r=g","contentUrl":"https:\/\/secure.gravatar.com\/avatar\/56211ac74568383903349a1485e3c325?s=96&d=blank&r=g","caption":"Admin"},"url":"https:\/\/rioonwatch.org.br\/?author=129"}]}},"_links":{"self":[{"href":"https:\/\/rioonwatch.org.br\/index.php?rest_route=\/wp\/v2\/posts\/26942"}],"collection":[{"href":"https:\/\/rioonwatch.org.br\/index.php?rest_route=\/wp\/v2\/posts"}],"about":[{"href":"https:\/\/rioonwatch.org.br\/index.php?rest_route=\/wp\/v2\/types\/post"}],"author":[{"embeddable":true,"href":"https:\/\/rioonwatch.org.br\/index.php?rest_route=\/wp\/v2\/users\/129"}],"replies":[{"embeddable":true,"href":"https:\/\/rioonwatch.org.br\/index.php?rest_route=%2Fwp%2Fv2%2Fcomments&post=26942"}],"version-history":[{"count":7,"href":"https:\/\/rioonwatch.org.br\/index.php?rest_route=\/wp\/v2\/posts\/26942\/revisions"}],"predecessor-version":[{"id":27015,"href":"https:\/\/rioonwatch.org.br\/index.php?rest_route=\/wp\/v2\/posts\/26942\/revisions\/27015"}],"wp:featuredmedia":[{"embeddable":true,"href":"https:\/\/rioonwatch.org.br\/index.php?rest_route=\/wp\/v2\/media\/26944"}],"wp:attachment":[{"href":"https:\/\/rioonwatch.org.br\/index.php?rest_route=%2Fwp%2Fv2%2Fmedia&parent=26942"}],"wp:term":[{"taxonomy":"category","embeddable":true,"href":"https:\/\/rioonwatch.org.br\/index.php?rest_route=%2Fwp%2Fv2%2Fcategories&post=26942"},{"taxonomy":"post_tag","embeddable":true,"href":"https:\/\/rioonwatch.org.br\/index.php?rest_route=%2Fwp%2Fv2%2Ftags&post=26942"},{"taxonomy":"writer","embeddable":true,"href":"https:\/\/rioonwatch.org.br\/index.php?rest_route=%2Fwp%2Fv2%2Fwriter&post=26942"},{"taxonomy":"translator","embeddable":true,"href":"https:\/\/rioonwatch.org.br\/index.php?rest_route=%2Fwp%2Fv2%2Ftranslator&post=26942"},{"taxonomy":"source","embeddable":true,"href":"https:\/\/rioonwatch.org.br\/index.php?rest_route=%2Fwp%2Fv2%2Fsource&post=26942"},{"taxonomy":"ilustrador","embeddable":true,"href":"https:\/\/rioonwatch.org.br\/index.php?rest_route=%2Fwp%2Fv2%2Filustrador&post=26942"},{"taxonomy":"fotografo","embeddable":true,"href":"https:\/\/rioonwatch.org.br\/index.php?rest_route=%2Fwp%2Fv2%2Ffotografo&post=26942"}],"curies":[{"name":"wp","href":"https:\/\/api.w.org\/{rel}","templated":true}]}}