{"id":26952,"date":"2017-09-05T13:11:58","date_gmt":"2017-09-05T16:11:58","guid":{"rendered":"http:\/\/rioonwatch.org.br\/?p=26952"},"modified":"2026-04-14T10:00:51","modified_gmt":"2026-04-14T13:00:51","slug":"historia-do-projeto-rio-na-mare-parte-2-aliados-juntem-se-a-luta","status":"publish","type":"post","link":"https:\/\/rioonwatch.org.br\/?p=26952","title":{"rendered":"Hist\u00f3ria do \u2018Projeto Rio\u2019 na Mar\u00e9 Parte 2: Aliados Juntem-se \u00e0 Luta"},"content":{"rendered":"<p style=\"text-align: right;\"><em><strong><a href=\"http:\/\/bit.ly\/2tvPeaX\" target=\"_blank\" rel=\"noopener noreferrer\">Click Here for English<img decoding=\"async\" width=\"20\" height=\"20\" class=\"alignright wp-image-15790\" src=\"http:\/\/rioonwatch.org.br\/wp-content\/uploads\/2012\/08\/EN-standard-e1439583104716.jpg\" alt=\"\" \/><\/a><\/strong><\/em><\/p>\n<p><em>Esta \u00e9 a segunda mat\u00e9ria de uma\u00a0<a href=\"http:\/\/bit.ly\/2upxtLo\" target=\"_blank\" rel=\"noopener noreferrer\">s\u00e9rie de tr\u00eas sobre a hist\u00f3ria do programa de renova\u00e7\u00e3o urbana Projeto Rio na Mar\u00e9<\/a>.<\/em><\/p>\n<p>A eficiente resist\u00eancia por parte dos moradores da Mar\u00e9 se mostrou ainda mais crucial, pois o apoio esperado da Igreja Cat\u00f3lica em oposi\u00e7\u00e3o ao Projeto Rio em junho, julho e meses depois n\u00e3o se materializou, for\u00e7ando os moradores da Mar\u00e9 a dependerem ainda mais dos seus pr\u00f3prios esfor\u00e7os.<\/p>\n<p><span style=\"font-weight: 400;\">Enquanto isso, o governo teve uma boa raz\u00e3o em esperar por um aliado acad\u00eamico imponente&#8211;a Universidade Federal do Rio de Janeiro (<\/span><a href=\"http:\/\/bit.ly\/2vzRMTC\" target=\"_blank\" rel=\"noopener\"><span style=\"font-weight: 400;\">UFRJ<\/span><\/a>)&#8211;que\u00a0<span style=\"font-weight: 400;\">\u00e9 vis\u00edvel em partes da Mar\u00e9, localizada na Ilha do Fund\u00e3o, ilha criada em um projeto de aterro<\/span><span style=\"font-weight: 400;\">\u00a0anterior\u00a0<\/span><span style=\"font-weight: 400;\">realizado <\/span><a href=\"http:\/\/bit.ly\/2jQgHwX\" target=\"_blank\" rel=\"noopener\"><span style=\"font-weight: 400;\">entre 1949 e 1952<\/span><\/a><span style=\"font-weight: 400;\">. O Departamento Nacional de Obras\u00a0de Saneamento (DNOS) e o Minist\u00e9rio do Interior esperavam que a UFRJ apoiasse o projeto que prometia retirar os moradores da favela para fora da ba\u00eda, e tamb\u00e9m tinham esperan\u00e7a que isso concedesse um selo cient\u00edfico de aprova\u00e7\u00e3o ao Projeto Rio; para esse fim, autoridades solicitaram a universidade que formasse um grupo de trabalho para examinar as\u00a0<\/span><span style=\"font-weight: 400;\"><a href=\"http:\/\/bit.ly\/184DRpn\" target=\"_blank\" rel=\"noopener\">ramifica\u00e7\u00f5es ambientais<\/a> do plano<\/span><span style=\"font-weight: 400;\">. Na mesa redonda com os l\u00edderes da Mar\u00e9 em junho, o chefe do DNOS revelou que o governo estava esperando pelo relat\u00f3rio da universidade para discutir quaisquer modifica\u00e7\u00f5es s\u00e9rias para o plano proposto. Autoridades e observadores, evidentemente, esperavam que a UFRJ apoiasse o Projeto Rio e ajudasse a oprimir o protesto com sua per\u00edcia. Uma primeira mat\u00e9ria, de junho, publicado no jornal <\/span><i><span style=\"font-weight: 400;\">\u00daltima Hora<\/span><\/i><span style=\"font-weight: 400;\"> chegou at\u00e9 mesmo a mostrar as not\u00edcias da cria\u00e7\u00e3o do grupo de trabalho da universidade sob o t\u00edtulo \u201cUFRJ Apoia o Projeto\u201d.<\/span><\/p>\n<p><a href=\"http:\/\/rioonwatch.org.br\/wp-content\/uploads\/2017\/07\/UFRJ-apo\u0301ia.png\"><img fetchpriority=\"high\" decoding=\"async\" class=\"aligncenter wp-image-26962 size-content\" title=\"Foto de uma reuni\u00e3o &quot;t\u00e9cnicos de diversas \u00e1reas, continuam o debate&quot;, no t\u00edtulo &quot;UFRJ apoia o projeto&quot;, publicado em O Fluminense, 13 de junho de 1979.\" src=\"http:\/\/rioonwatch.org.br\/wp-content\/uploads\/2017\/07\/UFRJ-apo\u0301ia-620x264.png\" alt=\"\" width=\"620\" height=\"264\" \/><\/a><\/p>\n<p><span style=\"font-weight: 400;\">A avalia\u00e7\u00e3o da UFRJ do Projeto Rio, entretanto, surpreendeu o DNOS e o Minist\u00e9rio do Interior. Publicado no come\u00e7o de setembro, o relat\u00f3rio condenou o projeto pelo impacto negativo que ele teria no ecossistema da <\/span><a href=\"http:\/\/bit.ly\/2r9MYTq\" target=\"_blank\" rel=\"noopener\"><span style=\"font-weight: 400;\">Ba\u00eda de Guanabara<\/span><\/a><span style=\"font-weight: 400;\">. Um segundo relat\u00f3rio, completado em outubro, demandou que o projeto n\u00e3o fizesse grandes mudan\u00e7as no layout atual da borda noroeste da ba\u00eda, seja no continente ou no Fund\u00e3o. Um professor e membro do grupo de trabalho respons\u00e1vel pelos estudos criticou o DNOS na imprensa por sua falta de planejamento para preven\u00e7\u00e3o de uma polui\u00e7\u00e3o adicional da ba\u00eda e defendeu a conserva\u00e7\u00e3o de manguezais que limitavam a \u00e1gua.\u00a0Em vez de refor\u00e7ar as afirma\u00e7\u00f5es do DNOS de que o projeto iria fornecer um servi\u00e7o ambiental \u00e0 \u00e1rea, a UFRJ acabou se juntando ao Oscar Niemeyer e ao <a href=\"http:\/\/bit.ly\/2u7YbYa\" target=\"_blank\" rel=\"noopener\">Instituto de Arquitetos do Brasil (IAB)<\/a> como mais um especialista t\u00e9cnico respeitado publicamente questionando a sensatez do Projeto Rio.<\/span><\/p>\n<p><span style=\"font-weight: 400;\">A oposi\u00e7\u00e3o oficial da universidade ao projeto, entretanto, mesmo sendo inequ\u00edvoca e fortemente publicada durante os meses de setembro e outubro, colocou as preocupa\u00e7\u00f5es ambientais acima das sociais. As dez demandas inclusas no relat\u00f3rio de outubro n\u00e3o mencionaram os moradores da Mar\u00e9, o \u00faltimo somente aludindo vagamente em \u201cassegurar a melhoria crescente da qualidade de vida de seus habitantes\u201d de uma das \u201cgrandes metr\u00f3poles\u201d do Brasil. Os primeiros cinco itens do relat\u00f3rio, em contraste, mostraram uma grande preocupa\u00e7\u00e3o com a ilha da Cidade Universit\u00e1ria (Fund\u00e3o) enfatizando que o governo n\u00e3o deveria estreitar o canal entre a ilha e o continente ou criar praias p\u00fablicas no Fund\u00e3o. Uma boa parte da oposi\u00e7\u00e3o da UFRJ ao Projeto Rio resultou do potencial do projeto para afetar a configura\u00e7\u00e3o da universidade em sua ilha na ba\u00eda. A tomada de posi\u00e7\u00e3o distinta da UFRJ no Projeto Rio, entretanto, embora egoc\u00eantrica, demonstrou que haviam v\u00e1rios tipos de cr\u00edticas leg\u00edtimas ao projeto e indica que alguns dos opositores que pressionaram o governo\u00a0tinham pouco ou nada a ver com a favela.<\/span><\/p>\n<p><span style=\"font-weight: 400;\">Alguns universit\u00e1rios que apoiavam os moradores, entretanto, focaram no elemento humano da quest\u00e3o. O Projeto Rio aparentemente tornou-se uma causa c\u00e9lebre entre os estudantes universit\u00e1rios, mesmo que seus professores preferissem enfatizar os riscos ambientais da iniciativa. A presen\u00e7a de Manoelino da Silva, presidente da Comiss\u00e3o de Defesa das Favelas da Mar\u00e9 (Codefam), \u201cfoi bastante aplaudido\u201d pelos estudantes da Universidade Federal Fluminense (<a href=\"http:\/\/bit.ly\/2qKMZk4\" target=\"_blank\" rel=\"noopener noreferrer\">UFF<\/a>)\u00a0<\/span><span style=\"font-weight: 400;\">em Niter\u00f3i em um debate com a presen\u00e7a de representantes do DNOS presidido por oficiais militares em abril de 1979. Estudantes da Faculdade de Arquitetura e Urbanismo Silva e Souza tamb\u00e9m acompanharam Niemeyer em sua visita \u00e0 Mar\u00e9 e expressaram seu apoio aos moradores em termos ainda mais fortes do que ele.<\/span><\/p>\n<p><span style=\"font-weight: 400;\">Quando um dos professores do instituto tentou amenizar a posi\u00e7\u00e3o de Niemeyer ao comentar, \u201c\u00e9\u00a0preciso ficar patente que nossa presen\u00e7a n\u00e3o significa colis\u00e3o com os planos do governo para a \u00e1rea, at\u00e9 porque n\u00e3o os conhecemos em detalhe\u201d, os estudantes rapidamente \u201cfrisaram que o professor falava apenas pela faculdade e por ele&#8221;. O destemor dos estudantes ao desafiar uma pol\u00edtica governamental, assim como uma\u00a0s\u00e9rie de artigos de opini\u00e3o publicados em torno do an\u00fancio do Projeto Rio em junho, sugere uma disposi\u00e7\u00e3o para assumir a causa da favela e se solidarizar com os marginalizados em um momento de aumento de oportunidade para o ativismo.<\/span><\/p>\n<p><a href=\"http:\/\/rioonwatch.org.br\/wp-content\/uploads\/2017\/07\/Mare\u0301-view-1.png\"><img decoding=\"async\" class=\"aligncenter wp-image-26963 size-content\" title=\"Imagem da favela que trata da falta de infraestrutura de saneamento e esgoto, publicada na Ultima Hora em mar\u00e7o de 1979.\" src=\"http:\/\/rioonwatch.org.br\/wp-content\/uploads\/2017\/07\/Mare\u0301-view-1-548x264.png\" alt=\"\" width=\"548\" height=\"264\" \/><\/a><\/p>\n<p><span style=\"font-weight: 400;\">Ocasionalmente, por\u00e9m, a oposi\u00e7\u00e3o ao projeto desfocou a linha entre as atitudes pr\u00f3-favela e as anti-governamentais. Uma mat\u00e9ria espec\u00edfica publicada em setembro depreciou a falta de transpar\u00eancia do projeto e a imprecis\u00e3o de seu plano, atitudes compartilhadas por muitos, incluindo o IAB apenas um m\u00eas depois. Sua autora, entretanto, foi <a href=\"http:\/\/bit.ly\/2rkFuPB\" target=\"_blank\" rel=\"noopener noreferrer\">Sandra Cavalcanti<\/a><\/span><span style=\"font-weight: 400;\">, uma not\u00f3ria defensora de remo\u00e7\u00f5es de favelas desde a d\u00e9cada de 1960. Tr\u00eas anos ap\u00f3s escrever esse texto, Sandra Cavalcanti candidatou-se para governadora do Estado do Rio de Janeiro por um partido de oposi\u00e7\u00e3o. Sua condena\u00e7\u00e3o de um projeto que parecia adaptar-se bem com suas prioridades em 1979 sublinham o oportunismo pol\u00edtico em curso atrav\u00e9s do come\u00e7o da<\/span><span style=\"font-weight: 400;\"> abertura<\/span><span style=\"font-weight: 400;\">\u00a0democr\u00e1tica, uma vez que ela demarcou o Projeto Rio mais como um ponto de vulnerabilidade do governo do que como uma quest\u00e3o importante em si mesma.<\/span><\/p>\n<p><span style=\"font-weight: 400;\">Vale mencionar, al\u00e9m disso, um aliado que os moradores da Mar\u00e9 surpreendentemente n\u00e3o encontraram ao seu lado ao longo desta hist\u00f3ria. A Igreja&#8211;que na \u00e9poca estava desempenhando um papel chave de organiza\u00e7\u00e3o em outras favelas atrav\u00e9s do programa da <a href=\"http:\/\/bit.ly\/16XiLo6\" target=\"_blank\" rel=\"noopener noreferrer\">Pastoral das Favelas<\/a>&#8212;<\/span><span style=\"font-weight: 400;\">esteve notavelmente ausente da resist\u00eancia na Mar\u00e9<\/span><span style=\"font-weight: 400;\">. 1979 foi o ano em que a Pastoral organizou o retorno da <a href=\"http:\/\/bit.ly\/VV4Ddn\" target=\"_blank\" rel=\"noopener\">Federa\u00e7\u00e3o das Associa\u00e7\u00f5es de Favelas do Estado do Rio de Janeiro (Faferj)<\/a>,<\/span><span style=\"font-weight: 400;\">\u00a0reanimando uma organiza\u00e7\u00e3o uma vez poderosa que havia ca\u00eddo em apatia durante a ditadura. H\u00e1 apenas uma \u00fanica men\u00e7\u00e3o da participa\u00e7\u00e3o do\u00a0<\/span><a href=\"https:\/\/glo.bo\/2rttnhr\" target=\"_blank\" rel=\"noopener\"><span style=\"font-weight: 400;\">Cardeal Eugenio Sales<\/span><\/a><span style=\"font-weight: 400;\">, um forte advers\u00e1rio das remo\u00e7\u00f5es, em um n\u00famero n\u00e3o especificado de reuni\u00f5es com representantes do Minist\u00e9rio do Interior em junho. Nestes encontros n\u00e3o est\u00e1 claro se alguns l\u00edderes comunit\u00e1rios de Mar\u00e9 estiveram presentes. A Codefam alcan\u00e7ou o Congresso Nacional dos Bispos Brasileiros no mesmo m\u00eas, mas tamb\u00e9m enviou propostas para a Ordem dos Advogados do Brasil (OAB) e para um n\u00famero de deputados ao mesmo tempo. De fato, a mesa redonda em junho menciona o Cardeal Eugenio Sales como tendo aconselhado o DNOS dizendo \u201cn\u00e3o desista do projeto\u201d, aparentemente tendo comprado a promessa do governo de que o Projeto Rio representava a melhor alternativa para remo\u00e7\u00e3o.<\/span><\/p>\n<p><a href=\"http:\/\/rioonwatch.org.br\/wp-content\/uploads\/2017\/07\/Mare\u0301-view-2.png\"><img loading=\"lazy\" decoding=\"async\" class=\"aligncenter wp-image-26964 size-content\" title=\"Uma imagem de Mar\u00e9 da Ba\u00eda de Guanabara, publicada no Jornal do Brasil em setembro de 1979.\" src=\"http:\/\/rioonwatch.org.br\/wp-content\/uploads\/2017\/07\/Mare\u0301-view-2-484x264.png\" alt=\"\" width=\"484\" height=\"264\" \/><\/a><\/p>\n<p><span style=\"font-weight: 400;\">O n\u00famero e a variedade de apoiadores que a Mar\u00e9 na realidade pode contar em oposi\u00e7\u00e3o ao Projeto Rio, foi incomumente pequeno para a favela em 1979. Significativamente, todos os representantes da Codefam na importante mesa redonda de junho eram moradores da Mar\u00e9.\u00a0<\/span><span style=\"font-weight: 400;\">Niemeyer e os estudantes do Silva e Souza eram aparentemente os \u00fanicos estranhos ativamente engajados com a favela, e s\u00f3 ent\u00e3o a convite da Codefam; IAB e UFRJ, por sua vez, conduziram a sua oposi\u00e7\u00e3o ao projeto fora do Complexo. A habilidade de se organizar sem grande ajuda externa da Mar\u00e9 se deve a sua <\/span><a href=\"http:\/\/bit.ly\/1CKy6Jl\" target=\"_blank\" rel=\"noopener\"><span style=\"font-weight: 400;\">longa hist\u00f3ria de mobiliza\u00e7\u00e3o comunit\u00e1ria<\/span><\/a><span style=\"font-weight: 400;\">. O sucesso do Complexo em livrar-se da amea\u00e7a do Projeto Rio com um n\u00famero relativamente pequeno de apoiadores externos&#8211;e\u00a0alguns desses com agendas pr\u00f3prias que tinham pouco a ver com o destino da favela&#8211;ilustra o qu\u00e3o extraordin\u00e1rio foi a conquista de modifica\u00e7\u00e3o do Projeto Rio. <\/span><\/p>\n<p><span style=\"font-weight: 400;\">Na verdade, a diferen\u00e7a entre o foco dos moradores e os prop\u00f3sitos variados dos supostos aliados destaca um aspecto chave da luta da Mar\u00e9 contra o Projeto Rio. Para os moradores do Complexo, a <\/span><span style=\"font-weight: 400;\">abertura<\/span><span style=\"font-weight: 400;\"> em 1979 n\u00e3o representou primariamente um momento para ampliar os limites da democracia brasileira; em vez disso, marcou mais uma parte, embora esta com um final mais feliz gra\u00e7as em parte \u00e0s mudan\u00e7as pol\u00edticas, na luta pela sobreviv\u00eancia que continua desde a d\u00e9cada de 1940. Enquanto os estudantes universit\u00e1rios e futuros pol\u00edticos se agitavam por mais voz no governo, a Codefam fez o uso da <\/span><span style=\"font-weight: 400;\">abertura<\/span><span style=\"font-weight: 400;\">, n\u00e3o como um fim em si mesmo, mas para realizar os mais b\u00e1sicos dos objetivos e prevenir a destrui\u00e7\u00e3o das casas. A pr\u00e1tica da divis\u00e3o entre a favela e a cidade formal persistiu atrav\u00e9s da luta contra o Projeto Rio, a despeito das liga\u00e7\u00f5es forjadas entre a Codefam e v\u00e1rios grupos externos, dada a discrep\u00e2ncia fundamental entre o que o Projeto Rio significou para os moradores e para seus aliados.<\/span><\/p>\n<p><em>Esta \u00e9 a segunda mat\u00e9ria de uma\u00a0<a href=\"http:\/\/bit.ly\/2upxtLo\" target=\"_blank\" rel=\"noopener noreferrer\">s\u00e9rie de tr\u00eas sobre a hist\u00f3ria do programa de renova\u00e7\u00e3o urbana Projeto Rio na Mar\u00e9<\/a>.<\/em><\/p>\n<p>A pesquisa para esta mat\u00e9ria foi feita atrav\u00e9s do acervo existente no Arquivo Dona Orosina Vieira do Museu da Mar\u00e9. As fontes de jornais usados foram:\u00a0<i>Assessoria de Comunica\u00e7\u00e3o Social\u00a0<\/i>(1980),\u00a0<i>O Dia\u00a0<\/i>(1979-1981),\u00a0<i>O Fluminense\u00a0<\/i>(1979),\u00a0<i>O Globo\u00a0<\/i>(1979-1980),\u00a0<i>Isto \u00c9\u00a0<\/i>(1979),\u00a0<i>Jornal do Brasil\u00a0<\/i>(1979-1981),\u00a0<i>Jornal do Com\u00e9rcio\u00a0<\/i>(1981),\u00a0<i>Luta\u00a0<\/i>(1979-1981),\u00a0<i>Tribuna da Imprensa\u00a0<\/i>(1979),\u00a0<i>\u00daltima Hora\u00a0<\/i>(1979-1981),\u00a0todos reunidos no arquivo do Museu da Mar\u00e9.<\/p>\n<h4>Fontes:<\/h4>\n<ol>\n<li>Barbassa, Juliana.\u00a0<i>Dan\u00e7ando Com o Diabo na Cidade de Deus: <\/i>\u00a0<i>Rio de Janeiro \u00e0 Beira<\/i> Nova Iorque: Simon &amp; Schuster, 2015.<\/li>\n<li>Freitas, J\u00e2nio de. \u201cImprensa e democracia.\u201d\u00a0<i>Folha de S. Paulo<\/i>\u00a0(3 de junho de 2012).<\/li>\n<li>Guillermoprieto, Alma.\u00a0<i>Samba<\/i>. Nova Iorque: Vintage, 1990.<\/li>\n<li>Jacques, Paola Berenstein. \u201cCartografias da Mar\u00e9.\u201d Na <i>Mar\u00e9<\/i>:<i> Vida Na Favela<\/i>. \u00a0Rio de Janeiro: Casa da Palavra, 2002.<\/li>\n<li>McCann, Bryan.\u00a0<i>Tempos Dif\u00edceis na Cidade Maravilhosa: Da Ditadura \u00e0 Democracia nas Favelas do Rio de Janeiro.<\/i>\u00a0Durham and London: Duke University Press, 2014.<\/li>\n<li>Perlman, Janice E.\u00a0<i>Favela: Quatro D\u00e9cadas Vivendo \u00e0 Beira no Rio de Janeiro.<\/i> Nova Iorque: Oxford University Press, 2010.<\/li>\n<li>Silva, Cl\u00e1udia Rose Ribeiro da. Mar\u00e9: A Inven\u00e7\u00e3o de um Bairro. Tese de Mestrado. Funda\u00e7\u00e3o Get\u00falio Vargas: Centro de Pesquisa e Documenta\u00e7\u00e3o de Hist\u00f3ria Contempor\u00e2nea do Brasil, 2006.<\/li>\n<li>Williams, Daryl; Chazkel, Amy; Knauss, Paulo, editores.\u00a0<i>Leitor do Rio de Janeiro:\u00a0Hist\u00f3ria, Cultura, Pol\u00edtica<\/i>. Duke University Press, 2016.<\/li>\n<\/ol>\n<hr \/>\n<h3><em>S\u00e9rie Completa:\u00a0<a href=\"http:\/\/bit.ly\/2upxtLo\" target=\"_blank\" rel=\"noopener noreferrer\">Hist\u00f3ria do Projeto Rio na Mar\u00e9<\/a><\/em><\/h3>\n<p>Parte 1:\u00a0<a href=\"http:\/\/bit.ly\/2uyGr9P\" target=\"_blank\" rel=\"noopener\">O Canto da Sereia<\/a><br \/>\nParte 2:\u00a0<a href=\"http:\/\/bit.ly\/2eCsAW0\" target=\"_blank\" rel=\"noopener\">Aliados Juntem-se \u00e0 Luta<\/a><br \/>\nParte 3: <a href=\"http:\/\/bit.ly\/2y3zgoG\" target=\"_blank\" rel=\"noopener\">Desagrega\u00e7\u00e3o do Governo<\/a><\/p>\n<!-- AddThis Advanced Settings generic via filter on the_content --><!-- AddThis Share Buttons generic via filter on the_content -->","protected":false},"excerpt":{"rendered":"<div class=\"mh-excerpt\"><p>Click Here for English Esta \u00e9 a segunda mat\u00e9ria de uma\u00a0s\u00e9rie de tr\u00eas sobre a hist\u00f3ria do programa de renova\u00e7\u00e3o urbana Projeto Rio na Mar\u00e9. A eficiente resist\u00eancia por parte dos moradores da Mar\u00e9 se <a class=\"mh-excerpt-more\" href=\"https:\/\/rioonwatch.org.br\/?p=26952\" title=\"Hist\u00f3ria do \u2018Projeto Rio\u2019 na Mar\u00e9 Parte 2: Aliados Juntem-se \u00e0 Luta\">[&#8230;]<\/a><!-- AddThis Advanced Settings generic via filter on get_the_excerpt --><!-- AddThis Share Buttons generic via filter on get_the_excerpt --><\/p>\n<\/div>","protected":false},"author":129,"featured_media":26955,"comment_status":"closed","ping_status":"closed","sticky":false,"template":"","format":"standard","meta":{"_acf_changed":false,"_monsterinsights_skip_tracking":false,"_monsterinsights_sitenote_active":false,"_monsterinsights_sitenote_note":"","_monsterinsights_sitenote_category":0,"footnotes":""},"categories":[1618,1632,1626,1616,1612],"tags":[804,332,424,128,705,2548,1151,1037,2151,358,2156,304,86,838,2155,763,2154,218],"writer":[2109],"translator":[1870],"source":[],"ilustrador":[],"fotografo":[],"class_list":{"0":"post-26952","1":"post","2":"type-post","3":"status-publish","4":"format-standard","5":"has-post-thumbnail","7":"category-olhonaparticipacao","8":"category-pesquisa-e-analise","9":"category-por-observadores-internacionais","10":"category-qualidades-da-favela","11":"category-sociedade-civil","12":"tag-baia-da-guanabara","13":"tag-complexo-da-mare","14":"tag-direito-a-moradia","15":"tag-historia","16":"tag-iab","17":"tag-igreja-catolica","18":"tag-organizacao","19":"tag-moradia","20":"tag-oab","21":"tag-organizacao-comunitaria","22":"tag-oscar-niemeyer","23":"tag-participacao","24":"tag-pastoral-de-favelas","25":"tag-politica-publica","26":"tag-projeto-rio","27":"tag-protesto","28":"tag-serie-projeto-rio","29":"tag-zona-norte","30":"writer-claire-jones","31":"translator-halina-machado"},"acf":[],"yoast_head":"<!-- This site is optimized with the Yoast SEO plugin v25.6 - https:\/\/yoast.com\/wordpress\/plugins\/seo\/ -->\n<title>Hist\u00f3ria do \u2018Projeto Rio\u2019 na Mar\u00e9 Parte 2: Aliados Juntem-se \u00e0 Luta - RioOnWatch<\/title>\n<meta name=\"robots\" content=\"index, follow, max-snippet:-1, max-image-preview:large, max-video-preview:-1\" \/>\n<link rel=\"canonical\" href=\"https:\/\/rioonwatch.org.br\/?p=26952\" \/>\n<meta property=\"og:locale\" content=\"pt_BR\" \/>\n<meta property=\"og:type\" content=\"article\" \/>\n<meta property=\"og:title\" content=\"Hist\u00f3ria do \u2018Projeto Rio\u2019 na Mar\u00e9 Parte 2: Aliados Juntem-se \u00e0 Luta - RioOnWatch\" \/>\n<meta property=\"og:description\" content=\"Click Here for English Esta \u00e9 a segunda mat\u00e9ria de uma\u00a0s\u00e9rie de tr\u00eas sobre a hist\u00f3ria do programa de renova\u00e7\u00e3o urbana Projeto Rio na Mar\u00e9. A eficiente resist\u00eancia por parte dos moradores da Mar\u00e9 se [...]\" \/>\n<meta property=\"og:url\" content=\"https:\/\/rioonwatch.org.br\/?p=26952\" \/>\n<meta property=\"og:site_name\" content=\"RioOnWatch\" \/>\n<meta property=\"article:published_time\" content=\"2017-09-05T16:11:58+00:00\" \/>\n<meta property=\"article:modified_time\" content=\"2026-04-14T13:00:51+00:00\" \/>\n<meta property=\"og:image\" content=\"https:\/\/rioonwatch.org.br\/wp-content\/uploads\/2017\/07\/Klabin.png\" \/>\n\t<meta property=\"og:image:width\" content=\"702\" \/>\n\t<meta property=\"og:image:height\" content=\"386\" \/>\n\t<meta property=\"og:image:type\" content=\"image\/png\" \/>\n<meta name=\"author\" content=\"Admin\" \/>\n<meta name=\"twitter:card\" content=\"summary_large_image\" \/>\n<meta name=\"twitter:label1\" content=\"Escrito por\" \/>\n\t<meta name=\"twitter:data1\" content=\"Admin\" \/>\n\t<meta name=\"twitter:label2\" content=\"Est. tempo de leitura\" \/>\n\t<meta name=\"twitter:data2\" content=\"10 minutos\" \/>\n<script type=\"application\/ld+json\" class=\"yoast-schema-graph\">{\"@context\":\"https:\/\/schema.org\",\"@graph\":[{\"@type\":\"Article\",\"@id\":\"https:\/\/rioonwatch.org.br\/?p=26952#article\",\"isPartOf\":{\"@id\":\"https:\/\/rioonwatch.org.br\/?p=26952\"},\"author\":{\"name\":\"Admin\",\"@id\":\"https:\/\/rioonwatch.org.br\/#\/schema\/person\/11d64c290506f9df50c71b850c473f68\"},\"headline\":\"Hist\u00f3ria do \u2018Projeto Rio\u2019 na Mar\u00e9 Parte 2: Aliados Juntem-se \u00e0 Luta\",\"datePublished\":\"2017-09-05T16:11:58+00:00\",\"dateModified\":\"2026-04-14T13:00:51+00:00\",\"mainEntityOfPage\":{\"@id\":\"https:\/\/rioonwatch.org.br\/?p=26952\"},\"wordCount\":1915,\"publisher\":{\"@id\":\"https:\/\/rioonwatch.org.br\/#organization\"},\"image\":{\"@id\":\"https:\/\/rioonwatch.org.br\/?p=26952#primaryimage\"},\"thumbnailUrl\":\"https:\/\/rioonwatch.org.br\/wp-content\/uploads\/2017\/07\/Klabin.png\",\"keywords\":[\"Ba\u00eda da Guanabara\",\"Complexo da Mar\u00e9\",\"Direito \u00e0 Moradia\",\"hist\u00f3ria\",\"IAB\",\"Igreja Cat\u00f3lica\",\"mobiliza\u00e7\u00e3o\",\"moradia\",\"OAB\",\"organiza\u00e7\u00e3o comunit\u00e1ria\",\"Oscar Niemeyer\",\"participa\u00e7\u00e3o\",\"Pastoral das Favelas\",\"pol\u00edtica p\u00fablica\",\"Projeto Rio\",\"protesto\",\"S\u00e9rie: Projeto Rio\",\"Zona Norte\"],\"articleSection\":[\"#OlhoNaParticipa\u00e7\u00e3o\",\"Dados e Pesquisa\",\"Escrito por Aliados\",\"Qualidades da Favela\",\"Sociedade Civil\"],\"inLanguage\":\"pt-BR\"},{\"@type\":\"WebPage\",\"@id\":\"https:\/\/rioonwatch.org.br\/?p=26952\",\"url\":\"https:\/\/rioonwatch.org.br\/?p=26952\",\"name\":\"Hist\u00f3ria do \u2018Projeto Rio\u2019 na Mar\u00e9 Parte 2: Aliados Juntem-se \u00e0 Luta - RioOnWatch\",\"isPartOf\":{\"@id\":\"https:\/\/rioonwatch.org.br\/#website\"},\"primaryImageOfPage\":{\"@id\":\"https:\/\/rioonwatch.org.br\/?p=26952#primaryimage\"},\"image\":{\"@id\":\"https:\/\/rioonwatch.org.br\/?p=26952#primaryimage\"},\"thumbnailUrl\":\"https:\/\/rioonwatch.org.br\/wp-content\/uploads\/2017\/07\/Klabin.png\",\"datePublished\":\"2017-09-05T16:11:58+00:00\",\"dateModified\":\"2026-04-14T13:00:51+00:00\",\"breadcrumb\":{\"@id\":\"https:\/\/rioonwatch.org.br\/?p=26952#breadcrumb\"},\"inLanguage\":\"pt-BR\",\"potentialAction\":[{\"@type\":\"ReadAction\",\"target\":[\"https:\/\/rioonwatch.org.br\/?p=26952\"]}]},{\"@type\":\"ImageObject\",\"inLanguage\":\"pt-BR\",\"@id\":\"https:\/\/rioonwatch.org.br\/?p=26952#primaryimage\",\"url\":\"https:\/\/rioonwatch.org.br\/wp-content\/uploads\/2017\/07\/Klabin.png\",\"contentUrl\":\"https:\/\/rioonwatch.org.br\/wp-content\/uploads\/2017\/07\/Klabin.png\",\"width\":702,\"height\":386},{\"@type\":\"BreadcrumbList\",\"@id\":\"https:\/\/rioonwatch.org.br\/?p=26952#breadcrumb\",\"itemListElement\":[{\"@type\":\"ListItem\",\"position\":1,\"name\":\"In\u00edcio\",\"item\":\"https:\/\/rioonwatch.org.br\/\"},{\"@type\":\"ListItem\",\"position\":2,\"name\":\"Hist\u00f3ria do \u2018Projeto Rio\u2019 na Mar\u00e9 Parte 2: Aliados Juntem-se \u00e0 Luta\"}]},{\"@type\":\"WebSite\",\"@id\":\"https:\/\/rioonwatch.org.br\/#website\",\"url\":\"https:\/\/rioonwatch.org.br\/\",\"name\":\"RioOnWatch\",\"description\":\"relatos das favelas cariocas\",\"publisher\":{\"@id\":\"https:\/\/rioonwatch.org.br\/#organization\"},\"potentialAction\":[{\"@type\":\"SearchAction\",\"target\":{\"@type\":\"EntryPoint\",\"urlTemplate\":\"https:\/\/rioonwatch.org.br\/?s={search_term_string}\"},\"query-input\":{\"@type\":\"PropertyValueSpecification\",\"valueRequired\":true,\"valueName\":\"search_term_string\"}}],\"inLanguage\":\"pt-BR\"},{\"@type\":\"Organization\",\"@id\":\"https:\/\/rioonwatch.org.br\/#organization\",\"name\":\"RioOnWatch\",\"url\":\"https:\/\/rioonwatch.org.br\/\",\"logo\":{\"@type\":\"ImageObject\",\"inLanguage\":\"pt-BR\",\"@id\":\"https:\/\/rioonwatch.org.br\/#\/schema\/logo\/image\/\",\"url\":\"https:\/\/rioonwatch.org.br\/wp-content\/uploads\/2021\/06\/RioOnWatchcabecalhoPT11anos-2.png\",\"contentUrl\":\"https:\/\/rioonwatch.org.br\/wp-content\/uploads\/2021\/06\/RioOnWatchcabecalhoPT11anos-2.png\",\"width\":779,\"height\":277,\"caption\":\"RioOnWatch\"},\"image\":{\"@id\":\"https:\/\/rioonwatch.org.br\/#\/schema\/logo\/image\/\"}},{\"@type\":\"Person\",\"@id\":\"https:\/\/rioonwatch.org.br\/#\/schema\/person\/11d64c290506f9df50c71b850c473f68\",\"name\":\"Admin\",\"image\":{\"@type\":\"ImageObject\",\"inLanguage\":\"pt-BR\",\"@id\":\"https:\/\/rioonwatch.org.br\/#\/schema\/person\/image\/\",\"url\":\"https:\/\/secure.gravatar.com\/avatar\/56211ac74568383903349a1485e3c325?s=96&d=blank&r=g\",\"contentUrl\":\"https:\/\/secure.gravatar.com\/avatar\/56211ac74568383903349a1485e3c325?s=96&d=blank&r=g\",\"caption\":\"Admin\"},\"url\":\"https:\/\/rioonwatch.org.br\/?author=129\"}]}<\/script>\n<!-- \/ Yoast SEO plugin. -->","yoast_head_json":{"title":"Hist\u00f3ria do \u2018Projeto Rio\u2019 na Mar\u00e9 Parte 2: Aliados Juntem-se \u00e0 Luta - RioOnWatch","robots":{"index":"index","follow":"follow","max-snippet":"max-snippet:-1","max-image-preview":"max-image-preview:large","max-video-preview":"max-video-preview:-1"},"canonical":"https:\/\/rioonwatch.org.br\/?p=26952","og_locale":"pt_BR","og_type":"article","og_title":"Hist\u00f3ria do \u2018Projeto Rio\u2019 na Mar\u00e9 Parte 2: Aliados Juntem-se \u00e0 Luta - RioOnWatch","og_description":"Click Here for English Esta \u00e9 a segunda mat\u00e9ria de uma\u00a0s\u00e9rie de tr\u00eas sobre a hist\u00f3ria do programa de renova\u00e7\u00e3o urbana Projeto Rio na Mar\u00e9. A eficiente resist\u00eancia por parte dos moradores da Mar\u00e9 se [...]","og_url":"https:\/\/rioonwatch.org.br\/?p=26952","og_site_name":"RioOnWatch","article_published_time":"2017-09-05T16:11:58+00:00","article_modified_time":"2026-04-14T13:00:51+00:00","og_image":[{"width":702,"height":386,"url":"https:\/\/rioonwatch.org.br\/wp-content\/uploads\/2017\/07\/Klabin.png","type":"image\/png"}],"author":"Admin","twitter_card":"summary_large_image","twitter_misc":{"Escrito por":"Admin","Est. tempo de leitura":"10 minutos"},"schema":{"@context":"https:\/\/schema.org","@graph":[{"@type":"Article","@id":"https:\/\/rioonwatch.org.br\/?p=26952#article","isPartOf":{"@id":"https:\/\/rioonwatch.org.br\/?p=26952"},"author":{"name":"Admin","@id":"https:\/\/rioonwatch.org.br\/#\/schema\/person\/11d64c290506f9df50c71b850c473f68"},"headline":"Hist\u00f3ria do \u2018Projeto Rio\u2019 na Mar\u00e9 Parte 2: Aliados Juntem-se \u00e0 Luta","datePublished":"2017-09-05T16:11:58+00:00","dateModified":"2026-04-14T13:00:51+00:00","mainEntityOfPage":{"@id":"https:\/\/rioonwatch.org.br\/?p=26952"},"wordCount":1915,"publisher":{"@id":"https:\/\/rioonwatch.org.br\/#organization"},"image":{"@id":"https:\/\/rioonwatch.org.br\/?p=26952#primaryimage"},"thumbnailUrl":"https:\/\/rioonwatch.org.br\/wp-content\/uploads\/2017\/07\/Klabin.png","keywords":["Ba\u00eda da Guanabara","Complexo da Mar\u00e9","Direito \u00e0 Moradia","hist\u00f3ria","IAB","Igreja Cat\u00f3lica","mobiliza\u00e7\u00e3o","moradia","OAB","organiza\u00e7\u00e3o comunit\u00e1ria","Oscar Niemeyer","participa\u00e7\u00e3o","Pastoral das Favelas","pol\u00edtica p\u00fablica","Projeto Rio","protesto","S\u00e9rie: Projeto Rio","Zona Norte"],"articleSection":["#OlhoNaParticipa\u00e7\u00e3o","Dados e Pesquisa","Escrito por Aliados","Qualidades da Favela","Sociedade Civil"],"inLanguage":"pt-BR"},{"@type":"WebPage","@id":"https:\/\/rioonwatch.org.br\/?p=26952","url":"https:\/\/rioonwatch.org.br\/?p=26952","name":"Hist\u00f3ria do \u2018Projeto Rio\u2019 na Mar\u00e9 Parte 2: Aliados Juntem-se \u00e0 Luta - RioOnWatch","isPartOf":{"@id":"https:\/\/rioonwatch.org.br\/#website"},"primaryImageOfPage":{"@id":"https:\/\/rioonwatch.org.br\/?p=26952#primaryimage"},"image":{"@id":"https:\/\/rioonwatch.org.br\/?p=26952#primaryimage"},"thumbnailUrl":"https:\/\/rioonwatch.org.br\/wp-content\/uploads\/2017\/07\/Klabin.png","datePublished":"2017-09-05T16:11:58+00:00","dateModified":"2026-04-14T13:00:51+00:00","breadcrumb":{"@id":"https:\/\/rioonwatch.org.br\/?p=26952#breadcrumb"},"inLanguage":"pt-BR","potentialAction":[{"@type":"ReadAction","target":["https:\/\/rioonwatch.org.br\/?p=26952"]}]},{"@type":"ImageObject","inLanguage":"pt-BR","@id":"https:\/\/rioonwatch.org.br\/?p=26952#primaryimage","url":"https:\/\/rioonwatch.org.br\/wp-content\/uploads\/2017\/07\/Klabin.png","contentUrl":"https:\/\/rioonwatch.org.br\/wp-content\/uploads\/2017\/07\/Klabin.png","width":702,"height":386},{"@type":"BreadcrumbList","@id":"https:\/\/rioonwatch.org.br\/?p=26952#breadcrumb","itemListElement":[{"@type":"ListItem","position":1,"name":"In\u00edcio","item":"https:\/\/rioonwatch.org.br\/"},{"@type":"ListItem","position":2,"name":"Hist\u00f3ria do \u2018Projeto Rio\u2019 na Mar\u00e9 Parte 2: Aliados Juntem-se \u00e0 Luta"}]},{"@type":"WebSite","@id":"https:\/\/rioonwatch.org.br\/#website","url":"https:\/\/rioonwatch.org.br\/","name":"RioOnWatch","description":"relatos das favelas cariocas","publisher":{"@id":"https:\/\/rioonwatch.org.br\/#organization"},"potentialAction":[{"@type":"SearchAction","target":{"@type":"EntryPoint","urlTemplate":"https:\/\/rioonwatch.org.br\/?s={search_term_string}"},"query-input":{"@type":"PropertyValueSpecification","valueRequired":true,"valueName":"search_term_string"}}],"inLanguage":"pt-BR"},{"@type":"Organization","@id":"https:\/\/rioonwatch.org.br\/#organization","name":"RioOnWatch","url":"https:\/\/rioonwatch.org.br\/","logo":{"@type":"ImageObject","inLanguage":"pt-BR","@id":"https:\/\/rioonwatch.org.br\/#\/schema\/logo\/image\/","url":"https:\/\/rioonwatch.org.br\/wp-content\/uploads\/2021\/06\/RioOnWatchcabecalhoPT11anos-2.png","contentUrl":"https:\/\/rioonwatch.org.br\/wp-content\/uploads\/2021\/06\/RioOnWatchcabecalhoPT11anos-2.png","width":779,"height":277,"caption":"RioOnWatch"},"image":{"@id":"https:\/\/rioonwatch.org.br\/#\/schema\/logo\/image\/"}},{"@type":"Person","@id":"https:\/\/rioonwatch.org.br\/#\/schema\/person\/11d64c290506f9df50c71b850c473f68","name":"Admin","image":{"@type":"ImageObject","inLanguage":"pt-BR","@id":"https:\/\/rioonwatch.org.br\/#\/schema\/person\/image\/","url":"https:\/\/secure.gravatar.com\/avatar\/56211ac74568383903349a1485e3c325?s=96&d=blank&r=g","contentUrl":"https:\/\/secure.gravatar.com\/avatar\/56211ac74568383903349a1485e3c325?s=96&d=blank&r=g","caption":"Admin"},"url":"https:\/\/rioonwatch.org.br\/?author=129"}]}},"_links":{"self":[{"href":"https:\/\/rioonwatch.org.br\/index.php?rest_route=\/wp\/v2\/posts\/26952"}],"collection":[{"href":"https:\/\/rioonwatch.org.br\/index.php?rest_route=\/wp\/v2\/posts"}],"about":[{"href":"https:\/\/rioonwatch.org.br\/index.php?rest_route=\/wp\/v2\/types\/post"}],"author":[{"embeddable":true,"href":"https:\/\/rioonwatch.org.br\/index.php?rest_route=\/wp\/v2\/users\/129"}],"replies":[{"embeddable":true,"href":"https:\/\/rioonwatch.org.br\/index.php?rest_route=%2Fwp%2Fv2%2Fcomments&post=26952"}],"version-history":[{"count":16,"href":"https:\/\/rioonwatch.org.br\/index.php?rest_route=\/wp\/v2\/posts\/26952\/revisions"}],"predecessor-version":[{"id":28351,"href":"https:\/\/rioonwatch.org.br\/index.php?rest_route=\/wp\/v2\/posts\/26952\/revisions\/28351"}],"wp:featuredmedia":[{"embeddable":true,"href":"https:\/\/rioonwatch.org.br\/index.php?rest_route=\/wp\/v2\/media\/26955"}],"wp:attachment":[{"href":"https:\/\/rioonwatch.org.br\/index.php?rest_route=%2Fwp%2Fv2%2Fmedia&parent=26952"}],"wp:term":[{"taxonomy":"category","embeddable":true,"href":"https:\/\/rioonwatch.org.br\/index.php?rest_route=%2Fwp%2Fv2%2Fcategories&post=26952"},{"taxonomy":"post_tag","embeddable":true,"href":"https:\/\/rioonwatch.org.br\/index.php?rest_route=%2Fwp%2Fv2%2Ftags&post=26952"},{"taxonomy":"writer","embeddable":true,"href":"https:\/\/rioonwatch.org.br\/index.php?rest_route=%2Fwp%2Fv2%2Fwriter&post=26952"},{"taxonomy":"translator","embeddable":true,"href":"https:\/\/rioonwatch.org.br\/index.php?rest_route=%2Fwp%2Fv2%2Ftranslator&post=26952"},{"taxonomy":"source","embeddable":true,"href":"https:\/\/rioonwatch.org.br\/index.php?rest_route=%2Fwp%2Fv2%2Fsource&post=26952"},{"taxonomy":"ilustrador","embeddable":true,"href":"https:\/\/rioonwatch.org.br\/index.php?rest_route=%2Fwp%2Fv2%2Filustrador&post=26952"},{"taxonomy":"fotografo","embeddable":true,"href":"https:\/\/rioonwatch.org.br\/index.php?rest_route=%2Fwp%2Fv2%2Ffotografo&post=26952"}],"curies":[{"name":"wp","href":"https:\/\/api.w.org\/{rel}","templated":true}]}}