{"id":27016,"date":"2017-07-20T17:59:44","date_gmt":"2017-07-20T20:59:44","guid":{"rendered":"http:\/\/rioonwatch.org.br\/?p=27016"},"modified":"2024-05-24T12:40:36","modified_gmt":"2024-05-24T15:40:36","slug":"comeca-o-segundo-julho-negro-no-rio-estao-nos-matando-por-causa-do-racismo-institucionalizado","status":"publish","type":"post","link":"https:\/\/rioonwatch.org.br\/?p=27016","title":{"rendered":"Dia 1: Come\u00e7a o Segundo &#8216;Julho Negro&#8217; no Rio: &#8216;Est\u00e3o nos matando por causa do racismo institucionalizado&#8217;"},"content":{"rendered":"<p style=\"text-align: right;\"><em><strong><a href=\"http:\/\/bit.ly\/2uAnweg\" target=\"_blank\" rel=\"noopener noreferrer\">Click Here for English<img decoding=\"async\" width=\"20\" height=\"20\" class=\"alignright wp-image-15790\" src=\"http:\/\/rioonwatch.org.br\/wp-content\/uploads\/2012\/08\/EN-standard-e1439583104716.jpg\" alt=\"\" \/><\/a><\/strong><\/em><\/p>\n<p>Esta semana marca o segundo <a href=\"http:\/\/bit.ly\/2vnBq17\" target=\"_blank\" rel=\"noopener\">Julho Negro<\/a>, evento iniciado <a href=\"http:\/\/bit.ly\/2ahWez3\" target=\"_blank\" rel=\"noopener\">h\u00e1 um ano, quando ativistas do Black Lives Matter<\/a> visitaram fam\u00edlias v\u00edtimas de viol\u00eancia policial no Rio de Janeiro. A <a href=\"http:\/\/bit.ly\/2uaOmJ0\" target=\"_blank\" rel=\"noopener\">s\u00e9rie de eventos desta semana<\/a> visa chamar a aten\u00e7\u00e3o para as viola\u00e7\u00f5es de direitos humanos, especificamente a viol\u00eancia contra jovens negros de baixa renda das favelas do Rio de Janeiro. O encontro de lan\u00e7amento na manh\u00e3 de segunda-feira na <a href=\"http:\/\/bit.ly\/2vG8Y9W\" target=\"_blank\" rel=\"noopener\">Casa P\u00fablica<\/a> em Botafogo marcou a unifica\u00e7\u00e3o de v\u00e1rios movimentos, todos com o mesmo objetivo: acabar com o assassinato desnecess\u00e1rio de jovens negros inocentes do Rio.<\/p>\n<p>O evento come\u00e7ou com um discurso de Gizele Martins, moradora da <a href=\"http:\/\/bit.ly\/10BvARw\" target=\"_blank\" rel=\"noopener\">Mar\u00e9<\/a> e ativista do <a href=\"http:\/\/bit.ly\/2uJrRMF\" target=\"_blank\" rel=\"noopener\">Movimento de Moradores de Favelas<\/a>\u00a0do Rio. &#8220;Julho Negro \u00e9 uma semana de atividades para pautar ra\u00e7a, classe,\u00a0<a href=\"http:\/\/bit.ly\/29GfPqt\" target=\"_blank\" rel=\"noopener\">g\u00eanero<\/a>\u00a0e seguran\u00e7a publica. A gente est\u00e1 vendo um <a href=\"https:\/\/glo.bo\/2ny9WDZ\" target=\"_blank\" rel=\"noopener\">aumento de assassinatos<\/a>. A gente est\u00e1 voltando como se fosse os anos 90&#8243;, disse Gizele.<\/p>\n<p>Ana Paula Oliveira, fundadora do movimento <a href=\"http:\/\/bit.ly\/2qF2KF4\" target=\"_blank\" rel=\"noopener\">M\u00e3es de Manguinhos<\/a>, acompanhava o evento. Ana Paula perdeu seu filho, Jonatha, para a <a href=\"http:\/\/bit.ly\/1i0t9Hc\" target=\"_blank\" rel=\"noopener\">viol\u00eancia policial<\/a> em 2014. Ela foi r\u00e1pida ao tocar na quest\u00e3o do racismo subjacente presente nas intera\u00e7\u00f5es entre policiais e moradores de favela: &#8220;N\u00e3o \u00e9 qualquer pessoa que esta morrendo. Tem perfil. \u00c9 importante a gente dizer que est\u00e3o nos matando porque h\u00e1 um racismo institucional&#8221;.<\/p>\n<p><a href=\"http:\/\/rioonwatch.org.br\/wp-content\/uploads\/2017\/07\/Ana-Paula-interview.jpg\"><img fetchpriority=\"high\" decoding=\"async\" class=\"aligncenter wp-image-27023 size-content\" title=\" Ana Paula \u00e9 entrevistada.\" src=\"http:\/\/rioonwatch.org.br\/wp-content\/uploads\/2017\/07\/Ana-Paula-interview-620x264.jpg\" alt=\"\" width=\"620\" height=\"264\" srcset=\"https:\/\/rioonwatch.org.br\/wp-content\/uploads\/2017\/07\/Ana-Paula-interview-620x264.jpg 620w, https:\/\/rioonwatch.org.br\/wp-content\/uploads\/2017\/07\/Ana-Paula-interview-940x400.jpg 940w\" sizes=\"(max-width: 620px) 100vw, 620px\" \/><\/a><\/p>\n<p>Juntamente com a presen\u00e7a de grupos comunit\u00e1rios na mesa redonda de segunda-feira, tamb\u00e9m havia representantes de movimentos haitianos e palestinos. Clarens Therry, um imigrante haitiano e l\u00edder da <a href=\"http:\/\/bit.ly\/2uaPBYP\" target=\"_blank\" rel=\"noopener\">Uni\u00e3o Social dos Imigrantes Haitianos<\/a>,\u00a0compartilhou algumas palavras sobre sua pr\u00f3pria experi\u00eancia: &#8220;Eu me sinto respons\u00e1vel como cidad\u00e3o, como pessoa humana, e como estrangeiro negro aqui nesse pa\u00eds sobre a quest\u00e3o do genoc\u00eddio&#8221;.<\/p>\n<p>Pedro Charbel, coordenador da Am\u00e9rica Latina do <a href=\"http:\/\/bit.ly\/2uIVJJj\" target=\"_blank\" rel=\"noopener\">Comit\u00ea Nacional BDS Palestino<\/a>, uma rede global de ativistas que trabalham para chamar a aten\u00e7\u00e3o para as viola\u00e7\u00f5es de direitos humanos contra o povo palestino, estabeleceu conex\u00f5es entre movimentos para a justi\u00e7a nas favelas e a sua experi\u00eancia na luta pelos direitos palestinos: &#8220;Eu luto por ningu\u00e9m, eu luto com o oprimido, e \u00e9 isso que a gente faz com o povo palestino. Se a gente continuar lutando sozinho a gente n\u00e3o vai ganhar dessa barb\u00e1rie&#8221;.<\/p>\n<p><a href=\"http:\/\/rioonwatch.org.br\/wp-content\/uploads\/2017\/07\/54e7b803-f617-493f-ba07-5cbcdf4955d1.jpg\"><img decoding=\"async\" class=\"aligncenter wp-image-27025 size-content\" title=\"V\u00edtimas da viol\u00eancia\" src=\"http:\/\/rioonwatch.org.br\/wp-content\/uploads\/2017\/07\/54e7b803-f617-493f-ba07-5cbcdf4955d1-620x264.jpg\" alt=\"\" width=\"620\" height=\"264\" srcset=\"https:\/\/rioonwatch.org.br\/wp-content\/uploads\/2017\/07\/54e7b803-f617-493f-ba07-5cbcdf4955d1-620x264.jpg 620w, https:\/\/rioonwatch.org.br\/wp-content\/uploads\/2017\/07\/54e7b803-f617-493f-ba07-5cbcdf4955d1-940x400.jpg 940w\" sizes=\"(max-width: 620px) 100vw, 620px\" \/><\/a><\/p>\n<p>Um tema marcante ao longo da discuss\u00e3o foi a import\u00e2ncia de unir movimentos em uma escala internacional. Alguns dos participantes estiveram em outras cidades para se encontrarem com fam\u00edlias v\u00edtimas de viol\u00eancia policial e abordaram a import\u00e2ncia da solidariedade. &#8220;\u00c9 importante que essa luta seja global&#8221;, afirmou Ana Paula.<\/p>\n<p>O evento terminou com um <a href=\"http:\/\/bit.ly\/2ubLwUa\" target=\"_blank\" rel=\"noopener\">v\u00eddeo impactante<\/a> de um membro do movimento norte-americano\u00a0<a href=\"http:\/\/bit.ly\/2tL7Hgs\" target=\"_blank\" rel=\"noopener\">Black Lives Matter<\/a>, Waltrina Middleton, que aborda aliados brasileiros na luta pela justi\u00e7a racial. As atividades continuam at\u00e9 sexta-feira 21 de julho, e todas as informa\u00e7\u00f5es relevantes ao tema podem ser encontradas <a href=\"http:\/\/bit.ly\/2uaOmJ0\" target=\"_blank\" rel=\"noopener\">aqui<\/a>.<\/p>\n<!-- AddThis Advanced Settings generic via filter on the_content --><!-- AddThis Share Buttons generic via filter on the_content -->","protected":false},"excerpt":{"rendered":"<div class=\"mh-excerpt\"><p>Click Here for English Esta semana marca o segundo Julho Negro, evento iniciado h\u00e1 um ano, quando ativistas do Black Lives Matter visitaram fam\u00edlias v\u00edtimas de viol\u00eancia policial no Rio de Janeiro. A s\u00e9rie de <a class=\"mh-excerpt-more\" href=\"https:\/\/rioonwatch.org.br\/?p=27016\" title=\"Dia 1: Come\u00e7a o Segundo &#8216;Julho Negro&#8217; no Rio: &#8216;Est\u00e3o nos matando por causa do racismo institucionalizado&#8217;\">[&#8230;]<\/a><!-- AddThis Advanced Settings generic via filter on get_the_excerpt --><!-- AddThis Share Buttons generic via filter on get_the_excerpt --><\/p>\n<\/div>","protected":false},"author":129,"featured_media":27020,"comment_status":"closed","ping_status":"closed","sticky":false,"template":"","format":"standard","meta":{"_acf_changed":false,"_monsterinsights_skip_tracking":false,"_monsterinsights_sitenote_active":false,"_monsterinsights_sitenote_note":"","_monsterinsights_sitenote_category":0,"footnotes":""},"categories":[1627,1626,1612,342],"tags":[3253,2159,759,1471,88,922,1936,113,2160,2161,636,936,52],"writer":[2075],"translator":[1491],"source":[],"ilustrador":[],"fotografo":[],"class_list":{"0":"post-27016","1":"post","2":"type-post","3":"status-publish","4":"format-standard","5":"has-post-thumbnail","7":"category-relato-de-evento","8":"category-por-observadores-internacionais","9":"category-sociedade-civil","10":"category-solucoes","11":"tag-antirracismo","12":"tag-black-lives-matter","13":"tag-comparacao-internacional","14":"tag-corrupcao-policial","15":"tag-direitos-humanos","16":"tag-evento","17":"tag-julho-negro","18":"tag-juventude","19":"tag-maes-de-maio","20":"tag-maes-de-manguinhos","21":"tag-manguinhos","22":"tag-raca","23":"tag-violencia-policial","24":"writer-emilia-sens","25":"translator-patricia-gomes"},"acf":[],"yoast_head":"<!-- This site is optimized with the Yoast SEO plugin v25.6 - https:\/\/yoast.com\/wordpress\/plugins\/seo\/ -->\n<title>Dia 1: Come\u00e7a o Segundo &#039;Julho Negro&#039; no Rio: &#039;Est\u00e3o nos matando por causa do racismo institucionalizado&#039; - RioOnWatch<\/title>\n<meta name=\"robots\" content=\"index, follow, max-snippet:-1, max-image-preview:large, max-video-preview:-1\" \/>\n<link rel=\"canonical\" href=\"https:\/\/rioonwatch.org.br\/?p=27016\" \/>\n<meta property=\"og:locale\" content=\"pt_BR\" \/>\n<meta property=\"og:type\" content=\"article\" \/>\n<meta property=\"og:title\" content=\"Dia 1: Come\u00e7a o Segundo &#039;Julho Negro&#039; no Rio: &#039;Est\u00e3o nos matando por causa do racismo institucionalizado&#039; - RioOnWatch\" \/>\n<meta property=\"og:description\" content=\"Click Here for English Esta semana marca o segundo Julho Negro, evento iniciado h\u00e1 um ano, quando ativistas do Black Lives Matter visitaram fam\u00edlias v\u00edtimas de viol\u00eancia policial no Rio de Janeiro. A s\u00e9rie de [...]\" \/>\n<meta property=\"og:url\" content=\"https:\/\/rioonwatch.org.br\/?p=27016\" \/>\n<meta property=\"og:site_name\" content=\"RioOnWatch\" \/>\n<meta property=\"article:published_time\" content=\"2017-07-20T20:59:44+00:00\" \/>\n<meta property=\"article:modified_time\" content=\"2024-05-24T15:40:36+00:00\" \/>\n<meta property=\"og:image\" content=\"https:\/\/rioonwatch.org.br\/wp-content\/uploads\/2017\/07\/19598837_1626794040696522_5006162269130462928_n-1.jpg\" \/>\n\t<meta property=\"og:image:width\" content=\"960\" \/>\n\t<meta property=\"og:image:height\" content=\"365\" \/>\n\t<meta property=\"og:image:type\" content=\"image\/jpeg\" \/>\n<meta name=\"author\" content=\"Admin\" \/>\n<meta name=\"twitter:card\" content=\"summary_large_image\" \/>\n<meta name=\"twitter:label1\" content=\"Escrito por\" \/>\n\t<meta name=\"twitter:data1\" content=\"Admin\" \/>\n\t<meta name=\"twitter:label2\" content=\"Est. tempo de leitura\" \/>\n\t<meta name=\"twitter:data2\" content=\"3 minutos\" \/>\n<script type=\"application\/ld+json\" class=\"yoast-schema-graph\">{\"@context\":\"https:\/\/schema.org\",\"@graph\":[{\"@type\":\"Article\",\"@id\":\"https:\/\/rioonwatch.org.br\/?p=27016#article\",\"isPartOf\":{\"@id\":\"https:\/\/rioonwatch.org.br\/?p=27016\"},\"author\":{\"name\":\"Admin\",\"@id\":\"https:\/\/rioonwatch.org.br\/#\/schema\/person\/11d64c290506f9df50c71b850c473f68\"},\"headline\":\"Dia 1: Come\u00e7a o Segundo &#8216;Julho Negro&#8217; no Rio: &#8216;Est\u00e3o nos matando por causa do racismo institucionalizado&#8217;\",\"datePublished\":\"2017-07-20T20:59:44+00:00\",\"dateModified\":\"2024-05-24T15:40:36+00:00\",\"mainEntityOfPage\":{\"@id\":\"https:\/\/rioonwatch.org.br\/?p=27016\"},\"wordCount\":523,\"publisher\":{\"@id\":\"https:\/\/rioonwatch.org.br\/#organization\"},\"image\":{\"@id\":\"https:\/\/rioonwatch.org.br\/?p=27016#primaryimage\"},\"thumbnailUrl\":\"https:\/\/rioonwatch.org.br\/wp-content\/uploads\/2017\/07\/19598837_1626794040696522_5006162269130462928_n-1.jpg\",\"keywords\":[\"Antirracismo\",\"Black Lives Matter\",\"compara\u00e7\u00e3o internacional\",\"corrup\u00e7\u00e3o policial\",\"Direitos Humanos\",\"evento\",\"Julho Negro\",\"juventude\",\"M\u00e3es de Maio\",\"M\u00e3es de Manguinhos\",\"Manguinhos\",\"ra\u00e7a\",\"viol\u00eancia policial\"],\"articleSection\":[\"Cobertura de Eventos\",\"Escrito por Aliados\",\"Sociedade Civil\",\"Solu\u00e7\u00f5es\"],\"inLanguage\":\"pt-BR\"},{\"@type\":\"WebPage\",\"@id\":\"https:\/\/rioonwatch.org.br\/?p=27016\",\"url\":\"https:\/\/rioonwatch.org.br\/?p=27016\",\"name\":\"Dia 1: Come\u00e7a o Segundo 'Julho Negro' no Rio: 'Est\u00e3o nos matando por causa do racismo institucionalizado' - RioOnWatch\",\"isPartOf\":{\"@id\":\"https:\/\/rioonwatch.org.br\/#website\"},\"primaryImageOfPage\":{\"@id\":\"https:\/\/rioonwatch.org.br\/?p=27016#primaryimage\"},\"image\":{\"@id\":\"https:\/\/rioonwatch.org.br\/?p=27016#primaryimage\"},\"thumbnailUrl\":\"https:\/\/rioonwatch.org.br\/wp-content\/uploads\/2017\/07\/19598837_1626794040696522_5006162269130462928_n-1.jpg\",\"datePublished\":\"2017-07-20T20:59:44+00:00\",\"dateModified\":\"2024-05-24T15:40:36+00:00\",\"breadcrumb\":{\"@id\":\"https:\/\/rioonwatch.org.br\/?p=27016#breadcrumb\"},\"inLanguage\":\"pt-BR\",\"potentialAction\":[{\"@type\":\"ReadAction\",\"target\":[\"https:\/\/rioonwatch.org.br\/?p=27016\"]}]},{\"@type\":\"ImageObject\",\"inLanguage\":\"pt-BR\",\"@id\":\"https:\/\/rioonwatch.org.br\/?p=27016#primaryimage\",\"url\":\"https:\/\/rioonwatch.org.br\/wp-content\/uploads\/2017\/07\/19598837_1626794040696522_5006162269130462928_n-1.jpg\",\"contentUrl\":\"https:\/\/rioonwatch.org.br\/wp-content\/uploads\/2017\/07\/19598837_1626794040696522_5006162269130462928_n-1.jpg\",\"width\":960,\"height\":365},{\"@type\":\"BreadcrumbList\",\"@id\":\"https:\/\/rioonwatch.org.br\/?p=27016#breadcrumb\",\"itemListElement\":[{\"@type\":\"ListItem\",\"position\":1,\"name\":\"In\u00edcio\",\"item\":\"https:\/\/rioonwatch.org.br\/\"},{\"@type\":\"ListItem\",\"position\":2,\"name\":\"Dia 1: Come\u00e7a o Segundo &#8216;Julho Negro&#8217; no Rio: &#8216;Est\u00e3o nos matando por causa do racismo institucionalizado&#8217;\"}]},{\"@type\":\"WebSite\",\"@id\":\"https:\/\/rioonwatch.org.br\/#website\",\"url\":\"https:\/\/rioonwatch.org.br\/\",\"name\":\"RioOnWatch\",\"description\":\"relatos das favelas cariocas\",\"publisher\":{\"@id\":\"https:\/\/rioonwatch.org.br\/#organization\"},\"potentialAction\":[{\"@type\":\"SearchAction\",\"target\":{\"@type\":\"EntryPoint\",\"urlTemplate\":\"https:\/\/rioonwatch.org.br\/?s={search_term_string}\"},\"query-input\":{\"@type\":\"PropertyValueSpecification\",\"valueRequired\":true,\"valueName\":\"search_term_string\"}}],\"inLanguage\":\"pt-BR\"},{\"@type\":\"Organization\",\"@id\":\"https:\/\/rioonwatch.org.br\/#organization\",\"name\":\"RioOnWatch\",\"url\":\"https:\/\/rioonwatch.org.br\/\",\"logo\":{\"@type\":\"ImageObject\",\"inLanguage\":\"pt-BR\",\"@id\":\"https:\/\/rioonwatch.org.br\/#\/schema\/logo\/image\/\",\"url\":\"https:\/\/rioonwatch.org.br\/wp-content\/uploads\/2021\/06\/RioOnWatchcabecalhoPT11anos-2.png\",\"contentUrl\":\"https:\/\/rioonwatch.org.br\/wp-content\/uploads\/2021\/06\/RioOnWatchcabecalhoPT11anos-2.png\",\"width\":779,\"height\":277,\"caption\":\"RioOnWatch\"},\"image\":{\"@id\":\"https:\/\/rioonwatch.org.br\/#\/schema\/logo\/image\/\"}},{\"@type\":\"Person\",\"@id\":\"https:\/\/rioonwatch.org.br\/#\/schema\/person\/11d64c290506f9df50c71b850c473f68\",\"name\":\"Admin\",\"image\":{\"@type\":\"ImageObject\",\"inLanguage\":\"pt-BR\",\"@id\":\"https:\/\/rioonwatch.org.br\/#\/schema\/person\/image\/\",\"url\":\"https:\/\/secure.gravatar.com\/avatar\/56211ac74568383903349a1485e3c325?s=96&d=blank&r=g\",\"contentUrl\":\"https:\/\/secure.gravatar.com\/avatar\/56211ac74568383903349a1485e3c325?s=96&d=blank&r=g\",\"caption\":\"Admin\"},\"url\":\"https:\/\/rioonwatch.org.br\/?author=129\"}]}<\/script>\n<!-- \/ Yoast SEO plugin. -->","yoast_head_json":{"title":"Dia 1: Come\u00e7a o Segundo 'Julho Negro' no Rio: 'Est\u00e3o nos matando por causa do racismo institucionalizado' - RioOnWatch","robots":{"index":"index","follow":"follow","max-snippet":"max-snippet:-1","max-image-preview":"max-image-preview:large","max-video-preview":"max-video-preview:-1"},"canonical":"https:\/\/rioonwatch.org.br\/?p=27016","og_locale":"pt_BR","og_type":"article","og_title":"Dia 1: Come\u00e7a o Segundo 'Julho Negro' no Rio: 'Est\u00e3o nos matando por causa do racismo institucionalizado' - RioOnWatch","og_description":"Click Here for English Esta semana marca o segundo Julho Negro, evento iniciado h\u00e1 um ano, quando ativistas do Black Lives Matter visitaram fam\u00edlias v\u00edtimas de viol\u00eancia policial no Rio de Janeiro. A s\u00e9rie de [...]","og_url":"https:\/\/rioonwatch.org.br\/?p=27016","og_site_name":"RioOnWatch","article_published_time":"2017-07-20T20:59:44+00:00","article_modified_time":"2024-05-24T15:40:36+00:00","og_image":[{"width":960,"height":365,"url":"https:\/\/rioonwatch.org.br\/wp-content\/uploads\/2017\/07\/19598837_1626794040696522_5006162269130462928_n-1.jpg","type":"image\/jpeg"}],"author":"Admin","twitter_card":"summary_large_image","twitter_misc":{"Escrito por":"Admin","Est. tempo de leitura":"3 minutos"},"schema":{"@context":"https:\/\/schema.org","@graph":[{"@type":"Article","@id":"https:\/\/rioonwatch.org.br\/?p=27016#article","isPartOf":{"@id":"https:\/\/rioonwatch.org.br\/?p=27016"},"author":{"name":"Admin","@id":"https:\/\/rioonwatch.org.br\/#\/schema\/person\/11d64c290506f9df50c71b850c473f68"},"headline":"Dia 1: Come\u00e7a o Segundo &#8216;Julho Negro&#8217; no Rio: &#8216;Est\u00e3o nos matando por causa do racismo institucionalizado&#8217;","datePublished":"2017-07-20T20:59:44+00:00","dateModified":"2024-05-24T15:40:36+00:00","mainEntityOfPage":{"@id":"https:\/\/rioonwatch.org.br\/?p=27016"},"wordCount":523,"publisher":{"@id":"https:\/\/rioonwatch.org.br\/#organization"},"image":{"@id":"https:\/\/rioonwatch.org.br\/?p=27016#primaryimage"},"thumbnailUrl":"https:\/\/rioonwatch.org.br\/wp-content\/uploads\/2017\/07\/19598837_1626794040696522_5006162269130462928_n-1.jpg","keywords":["Antirracismo","Black Lives Matter","compara\u00e7\u00e3o internacional","corrup\u00e7\u00e3o policial","Direitos Humanos","evento","Julho Negro","juventude","M\u00e3es de Maio","M\u00e3es de Manguinhos","Manguinhos","ra\u00e7a","viol\u00eancia policial"],"articleSection":["Cobertura de Eventos","Escrito por Aliados","Sociedade Civil","Solu\u00e7\u00f5es"],"inLanguage":"pt-BR"},{"@type":"WebPage","@id":"https:\/\/rioonwatch.org.br\/?p=27016","url":"https:\/\/rioonwatch.org.br\/?p=27016","name":"Dia 1: Come\u00e7a o Segundo 'Julho Negro' no Rio: 'Est\u00e3o nos matando por causa do racismo institucionalizado' - RioOnWatch","isPartOf":{"@id":"https:\/\/rioonwatch.org.br\/#website"},"primaryImageOfPage":{"@id":"https:\/\/rioonwatch.org.br\/?p=27016#primaryimage"},"image":{"@id":"https:\/\/rioonwatch.org.br\/?p=27016#primaryimage"},"thumbnailUrl":"https:\/\/rioonwatch.org.br\/wp-content\/uploads\/2017\/07\/19598837_1626794040696522_5006162269130462928_n-1.jpg","datePublished":"2017-07-20T20:59:44+00:00","dateModified":"2024-05-24T15:40:36+00:00","breadcrumb":{"@id":"https:\/\/rioonwatch.org.br\/?p=27016#breadcrumb"},"inLanguage":"pt-BR","potentialAction":[{"@type":"ReadAction","target":["https:\/\/rioonwatch.org.br\/?p=27016"]}]},{"@type":"ImageObject","inLanguage":"pt-BR","@id":"https:\/\/rioonwatch.org.br\/?p=27016#primaryimage","url":"https:\/\/rioonwatch.org.br\/wp-content\/uploads\/2017\/07\/19598837_1626794040696522_5006162269130462928_n-1.jpg","contentUrl":"https:\/\/rioonwatch.org.br\/wp-content\/uploads\/2017\/07\/19598837_1626794040696522_5006162269130462928_n-1.jpg","width":960,"height":365},{"@type":"BreadcrumbList","@id":"https:\/\/rioonwatch.org.br\/?p=27016#breadcrumb","itemListElement":[{"@type":"ListItem","position":1,"name":"In\u00edcio","item":"https:\/\/rioonwatch.org.br\/"},{"@type":"ListItem","position":2,"name":"Dia 1: Come\u00e7a o Segundo &#8216;Julho Negro&#8217; no Rio: &#8216;Est\u00e3o nos matando por causa do racismo institucionalizado&#8217;"}]},{"@type":"WebSite","@id":"https:\/\/rioonwatch.org.br\/#website","url":"https:\/\/rioonwatch.org.br\/","name":"RioOnWatch","description":"relatos das favelas cariocas","publisher":{"@id":"https:\/\/rioonwatch.org.br\/#organization"},"potentialAction":[{"@type":"SearchAction","target":{"@type":"EntryPoint","urlTemplate":"https:\/\/rioonwatch.org.br\/?s={search_term_string}"},"query-input":{"@type":"PropertyValueSpecification","valueRequired":true,"valueName":"search_term_string"}}],"inLanguage":"pt-BR"},{"@type":"Organization","@id":"https:\/\/rioonwatch.org.br\/#organization","name":"RioOnWatch","url":"https:\/\/rioonwatch.org.br\/","logo":{"@type":"ImageObject","inLanguage":"pt-BR","@id":"https:\/\/rioonwatch.org.br\/#\/schema\/logo\/image\/","url":"https:\/\/rioonwatch.org.br\/wp-content\/uploads\/2021\/06\/RioOnWatchcabecalhoPT11anos-2.png","contentUrl":"https:\/\/rioonwatch.org.br\/wp-content\/uploads\/2021\/06\/RioOnWatchcabecalhoPT11anos-2.png","width":779,"height":277,"caption":"RioOnWatch"},"image":{"@id":"https:\/\/rioonwatch.org.br\/#\/schema\/logo\/image\/"}},{"@type":"Person","@id":"https:\/\/rioonwatch.org.br\/#\/schema\/person\/11d64c290506f9df50c71b850c473f68","name":"Admin","image":{"@type":"ImageObject","inLanguage":"pt-BR","@id":"https:\/\/rioonwatch.org.br\/#\/schema\/person\/image\/","url":"https:\/\/secure.gravatar.com\/avatar\/56211ac74568383903349a1485e3c325?s=96&d=blank&r=g","contentUrl":"https:\/\/secure.gravatar.com\/avatar\/56211ac74568383903349a1485e3c325?s=96&d=blank&r=g","caption":"Admin"},"url":"https:\/\/rioonwatch.org.br\/?author=129"}]}},"_links":{"self":[{"href":"https:\/\/rioonwatch.org.br\/index.php?rest_route=\/wp\/v2\/posts\/27016"}],"collection":[{"href":"https:\/\/rioonwatch.org.br\/index.php?rest_route=\/wp\/v2\/posts"}],"about":[{"href":"https:\/\/rioonwatch.org.br\/index.php?rest_route=\/wp\/v2\/types\/post"}],"author":[{"embeddable":true,"href":"https:\/\/rioonwatch.org.br\/index.php?rest_route=\/wp\/v2\/users\/129"}],"replies":[{"embeddable":true,"href":"https:\/\/rioonwatch.org.br\/index.php?rest_route=%2Fwp%2Fv2%2Fcomments&post=27016"}],"version-history":[{"count":17,"href":"https:\/\/rioonwatch.org.br\/index.php?rest_route=\/wp\/v2\/posts\/27016\/revisions"}],"predecessor-version":[{"id":27129,"href":"https:\/\/rioonwatch.org.br\/index.php?rest_route=\/wp\/v2\/posts\/27016\/revisions\/27129"}],"wp:featuredmedia":[{"embeddable":true,"href":"https:\/\/rioonwatch.org.br\/index.php?rest_route=\/wp\/v2\/media\/27020"}],"wp:attachment":[{"href":"https:\/\/rioonwatch.org.br\/index.php?rest_route=%2Fwp%2Fv2%2Fmedia&parent=27016"}],"wp:term":[{"taxonomy":"category","embeddable":true,"href":"https:\/\/rioonwatch.org.br\/index.php?rest_route=%2Fwp%2Fv2%2Fcategories&post=27016"},{"taxonomy":"post_tag","embeddable":true,"href":"https:\/\/rioonwatch.org.br\/index.php?rest_route=%2Fwp%2Fv2%2Ftags&post=27016"},{"taxonomy":"writer","embeddable":true,"href":"https:\/\/rioonwatch.org.br\/index.php?rest_route=%2Fwp%2Fv2%2Fwriter&post=27016"},{"taxonomy":"translator","embeddable":true,"href":"https:\/\/rioonwatch.org.br\/index.php?rest_route=%2Fwp%2Fv2%2Ftranslator&post=27016"},{"taxonomy":"source","embeddable":true,"href":"https:\/\/rioonwatch.org.br\/index.php?rest_route=%2Fwp%2Fv2%2Fsource&post=27016"},{"taxonomy":"ilustrador","embeddable":true,"href":"https:\/\/rioonwatch.org.br\/index.php?rest_route=%2Fwp%2Fv2%2Filustrador&post=27016"},{"taxonomy":"fotografo","embeddable":true,"href":"https:\/\/rioonwatch.org.br\/index.php?rest_route=%2Fwp%2Fv2%2Ffotografo&post=27016"}],"curies":[{"name":"wp","href":"https:\/\/api.w.org\/{rel}","templated":true}]}}