{"id":27038,"date":"2017-07-28T16:07:27","date_gmt":"2017-07-28T19:07:27","guid":{"rendered":"http:\/\/rioonwatch.org.br\/?p=27038"},"modified":"2017-07-31T13:30:55","modified_gmt":"2017-07-31T16:30:55","slug":"moradores-das-favelas-contribuem-para-o-debate-sobre-juventude-seguranca-e-violencia","status":"publish","type":"post","link":"https:\/\/rioonwatch.org.br\/?p=27038","title":{"rendered":"Moradores de Favela Falam em Debate Sobre &#8216;Juventude, Seguran\u00e7a e Viol\u00eancia&#8217; no Rio de Encontros"},"content":{"rendered":"<p style=\"text-align: right;\"><em><strong><a href=\"http:\/\/bit.ly\/2tfX1H5\" target=\"_blank\" rel=\"noopener noreferrer\">Click Here for English<img decoding=\"async\" width=\"20\" height=\"20\" class=\"alignright wp-image-15790\" src=\"http:\/\/rioonwatch.org.br\/wp-content\/uploads\/2012\/08\/EN-standard-e1439583104716.jpg\" alt=\"\" \/><\/a><\/strong><\/em><\/p>\n<p>No dia 13 de julho, o <a href=\"http:\/\/bit.ly\/2tnesd0\" target=\"_blank\" rel=\"noopener\">Rio de Encontros<\/a> organizou o debate &#8220;<a href=\"http:\/\/bit.ly\/2u5kz2N\" target=\"_blank\" rel=\"noopener\">Juventude, Seguran\u00e7a e Viol\u00eancia<\/a>&#8220;, no <a href=\"http:\/\/bit.ly\/1SI6aBP\" target=\"_blank\" rel=\"noopener\">Museu de Arte do Rio (MAR)<\/a> na <a href=\"http:\/\/bit.ly\/1cVBDvL\" target=\"_blank\" rel=\"noopener\">Regi\u00e3o Portu\u00e1ria do Rio de Janeiro<\/a>. Durante o evento, ativistas sociais, acad\u00eamicos e moradores de favelas discutiram o impacto da viol\u00eancia sobre os <a href=\"http:\/\/bit.ly\/1pABiXX\" target=\"_blank\" rel=\"noopener\">jovens<\/a> e as perspectivas de\u00a0<a href=\"http:\/\/bit.ly\/29GfPqt\" target=\"_blank\" rel=\"noopener\">mulheres<\/a> sobre a viol\u00eancia, juntamente com o papel das <a href=\"http:\/\/bit.ly\/R5ueio\" target=\"_blank\" rel=\"noopener\">UPPs<\/a> e dos <a href=\"http:\/\/bit.ly\/1ZVXkRS\" target=\"_blank\" rel=\"noopener\">meios de comunica\u00e7\u00e3o nas favelas<\/a>. O debate incluiu um painel de palestrantes que compartilharam perspectivas e conhecimentos sobre viol\u00eancia e juventude. Participaram do evento: Charles Siqueira, Coordenador do <a href=\"http:\/\/bit.ly\/1SoJsev\" target=\"_blank\" rel=\"noopener\">Nave do Conhecimento em Triagem<\/a>; <a href=\"http:\/\/bit.ly\/2uzBNYe\" target=\"_blank\" rel=\"noopener\">Guilherme Pimentel<\/a>, um advogado que escreve para <a href=\"http:\/\/bit.ly\/2uFnhiB\" target=\"_blank\" rel=\"noopener\">Nossas<\/a>\u00a0e coordena o\u00a0<a href=\"http:\/\/bit.ly\/2g278dh\" target=\"_blank\" rel=\"noopener\">Defezap<\/a>; Marciel de Freitas, policial da UPP; e <a href=\"http:\/\/bit.ly\/2u6SWI5\" target=\"_blank\" rel=\"noopener\">Betinho Casas Novas<\/a>, fot\u00f3grafo especializado em <a href=\"http:\/\/bit.ly\/2qwOz46\" target=\"_blank\" rel=\"noopener\">conflitos urbanos<\/a>.<\/p>\n<p><a href=\"http:\/\/rioonwatch.org.br\/wp-content\/uploads\/2017\/07\/IMG_3096.jpg\"><img fetchpriority=\"high\" decoding=\"async\" class=\"aligncenter wp-image-27043 size-content\" title=\"Betinho Casas Novas. Foto por Sophie Kurschner\" src=\"http:\/\/rioonwatch.org.br\/wp-content\/uploads\/2017\/07\/IMG_3096-620x264.jpg\" alt=\"\" width=\"620\" height=\"264\" srcset=\"https:\/\/rioonwatch.org.br\/wp-content\/uploads\/2017\/07\/IMG_3096-620x264.jpg 620w, https:\/\/rioonwatch.org.br\/wp-content\/uploads\/2017\/07\/IMG_3096-940x400.jpg 940w\" sizes=\"(max-width: 620px) 100vw, 620px\" \/><\/a><\/p>\n<p>Nascido e criado no\u00a0<a href=\"http:\/\/bit.ly\/U0MiGm\" target=\"_blank\" rel=\"noopener\">Complexo do Alem\u00e3o<\/a>, Betinho Casas Novas compartilhou suas <a href=\"http:\/\/bit.ly\/2oSIhuT\" target=\"_blank\" rel=\"noopener\">experi\u00eancias pessoais com a pol\u00edcia e a viol\u00eancia relacionada ao tr\u00e1fico<\/a>. Vivendo no Alem\u00e3o, Betinho, amigos e familiares foram freq\u00fcentemente cercados por conflitos entre fac\u00e7\u00f5es de drogas em que as <a href=\"http:\/\/bit.ly\/21moYM5\" target=\"_blank\" rel=\"noopener\">v\u00edtimas<\/a> comuns eram civis, gerando uma vida cotidiana perigosa. Durante o debate, Betinho lembrou as perdas que teve.\u00a0&#8220;Eu cresci nesta \u00e9poca violenta no Alem\u00e3o. As pessoas eram atingidas por tiros, t\u00ednhamos medo de sair de casa&#8221;.<\/p>\n<p>Al\u00e9m do perigo constante e o medo de perder amigos, os conflitos entre <a href=\"http:\/\/bit.ly\/2ug6sHS\" target=\"_blank\" rel=\"noopener\">fac\u00e7\u00f5es rivais<\/a> e policiais limitou o acesso \u00e0 educa\u00e7\u00e3o para Betinho e outros estudantes. Muitas vezes, lutas entre fac\u00e7\u00f5es colocam alunos em risco ao caminhar para ou da <a href=\"http:\/\/bit.ly\/2kzOiye\" target=\"_blank\" rel=\"noopener\">escola<\/a> e causam bloqueios freq\u00fcentes. &#8220;Morei em um lugar chamado Beco da Morte, onde aconteciam as execu\u00e7\u00f5es. Perdi um ano de estudo por n\u00e3o poder ir \u00e0 escola, porque eu sa\u00eda e tinha peda\u00e7os de corpos na minha porta&#8221;, lembrou Betinho. A constante exposi\u00e7\u00e3o \u00e0s fac\u00e7\u00f5es, o fechamento das escolas e condi\u00e7\u00f5es de vida dif\u00edceis levam alguns jovens a se envolverem com as fac\u00e7\u00f5es e perpetuarem o ciclo de viol\u00eancia. Muitos dos amigos de inf\u00e2ncia de Betinho sucumbiram a essas press\u00f5es. &#8220;Eu represento a estat\u00edstica quem n\u00e3o entrou no tr\u00e1fico, mas cresci com muitas pessoas que entraram. Faltam aulas, recursos, servi\u00e7os para os jovens. Eu acho que existe um preconceito que acha que todos os jovens da favela v\u00e3o ser vendedores ou empregados, mas eles podem ser atletas, jornalistas, professores&#8221;. Betinho explica que \u00e9 essa falta de oportunidade que muitas vezes leva os jovens \u00e0 atividade do tr\u00e1fico.<\/p>\n<p><a href=\"http:\/\/rioonwatch.org.br\/wp-content\/uploads\/2017\/07\/IMG_3094.jpg\"><img decoding=\"async\" class=\"aligncenter wp-image-27046 size-content\" title=\"Guilherme Pimentel. Foto por Sophie Kurschner\" src=\"http:\/\/rioonwatch.org.br\/wp-content\/uploads\/2017\/07\/IMG_3094-620x264.jpg\" alt=\"\" width=\"620\" height=\"264\" srcset=\"https:\/\/rioonwatch.org.br\/wp-content\/uploads\/2017\/07\/IMG_3094-620x264.jpg 620w, https:\/\/rioonwatch.org.br\/wp-content\/uploads\/2017\/07\/IMG_3094-940x400.jpg 940w\" sizes=\"(max-width: 620px) 100vw, 620px\" \/><\/a><\/p>\n<p>Al\u00e9m de falar sobre suas experi\u00eancias de inf\u00e2ncia, Betinho discutiu as conseq\u00fc\u00eancias negativas que a interven\u00e7\u00e3o da UPP, nos \u00faltimos anos, causou em sua comunidade ao oprimir os moradores e <a href=\"https:\/\/glo.bo\/2uHvqCq\" target=\"_blank\" rel=\"noopener\">desestabilizar o bairro<\/a>. O que levou a uma depress\u00e3o econ\u00f4mica de longo prazo no Alem\u00e3o, que s\u00f3 piorou as condi\u00e7\u00f5es dos moradores, e enquanto isso os combates entre policiais e traficantes continuam. Betinho comentou: &#8220;O Alem\u00e3o n\u00e3o foi a primeira favela pacificada, mas \u00e9 a mais emblem\u00e1tica. As UPPs vieram para a comunidade com programas sociais e servi\u00e7os p\u00fablicos, mas todos acabaram depois de uns meses. Depois de oito meses, todos os <a href=\"http:\/\/bit.ly\/2dh1scX\" target=\"_blank\" rel=\"noopener\">neg\u00f3cios<\/a> foram fechados e a gente ficou dependente das ONGs&#8221;. Ele enfatizou a necessidade de um novo come\u00e7o com novas metodologias que <a href=\"http:\/\/bit.ly\/2jHAtxv\" target=\"_blank\" rel=\"noopener\">repensem o papel do policiamento<\/a> e adotem uma abordagem mais hol\u00edstica das interven\u00e7\u00f5es comunit\u00e1rias, a fim de serem mais sens\u00edveis \u00e0s necessidades dos moradores e evitar consequ\u00eancias n\u00e3o desejadas. &#8220;Pobreza n\u00e3o \u00e9 caso de pol\u00edcia. Precisamos parar de falar que as <a href=\"http:\/\/bit.ly\/2uwv0yT\" target=\"_blank\" rel=\"noopener\">UPPs n\u00e3o deram certo<\/a>. Isso acabou. O que precisamos agora \u00e9 de uma nova pol\u00edtica de seguran\u00e7a p\u00fablica\u201d.<\/p>\n<p><a href=\"http:\/\/rioonwatch.org.br\/wp-content\/uploads\/2017\/07\/IMG_3093.jpg\"><img loading=\"lazy\" decoding=\"async\" class=\"aligncenter wp-image-27048 size-content\" title=\"Charles Siqueira. Foto por Sophie Kurschner\" src=\"http:\/\/rioonwatch.org.br\/wp-content\/uploads\/2017\/07\/IMG_3093-620x264.jpg\" alt=\"\" width=\"620\" height=\"264\" srcset=\"https:\/\/rioonwatch.org.br\/wp-content\/uploads\/2017\/07\/IMG_3093-620x264.jpg 620w, https:\/\/rioonwatch.org.br\/wp-content\/uploads\/2017\/07\/IMG_3093-940x400.jpg 940w\" sizes=\"(max-width: 620px) 100vw, 620px\" \/><\/a><\/p>\n<p>Os outros painelistas discutiram suas experi\u00eancias nas \u00e1reas de juventude, seguran\u00e7a e viol\u00eancia, incluindo de que forma o munic\u00edpio poderia interagir com os jovens a fim de criar espa\u00e7os mais seguros. Guilherme Pimentel tem trabalhado para melhorar a responsabilidade da pol\u00edcia, e para fornecer ferramentas aos jovens para se protegerem contra a viol\u00eancia policial atrav\u00e9s da rede que ele coordena, o\u00a0<a href=\"http:\/\/bit.ly\/28vWKiY\" target=\"_blank\" rel=\"noopener\">Defezap<\/a>. Ele comentou sobre a quest\u00e3o da opress\u00e3o do Estado e da viol\u00eancia policial: &#8220;As autoridades trabalham para melhorar a educa\u00e7\u00e3o e os cuidados de sa\u00fade, mas por que esses exerc\u00edcios de cidadania n\u00e3o se aplicam quando se trata de seguran\u00e7a?&#8221; Segundo Pimentel, &#8220;as favelas s\u00e3o ilhas, com uma cultura e estrutura espec\u00edfica. Voc\u00ea tem que realmente conhecer a favela se voc\u00ea quer fazer alguma coisa. Voc\u00ea n\u00e3o pode chegar com planos prontos para implementar&#8221;. Ele continuou a explicar que o Defezap fez um projeto para os moradores denunciarem incidentes de viol\u00eancia do Estado e contribuir para as percep\u00e7\u00f5es sobre seguran\u00e7a p\u00fablica e direitos humanos. Esse \u00e9 um exemplo de &#8220;uma maneira discreta, us\u00e1vel e confi\u00e1vel de conscientizar e dar atualiza\u00e7\u00f5es sobre a viol\u00eancia em tempo real&#8221;. Os moradores podem registrar qualquer forma de viol\u00eancia ou viola\u00e7\u00e3o do Estado e posteriormente envi\u00e1-los anonimamente atrav\u00e9s do WhatsApp, ap\u00f3s o qual as autoridades respons\u00e1veis s\u00e3o notificadas.<\/p>\n<p>V\u00e1rios painelistas enfatizaram ainda mais o papel que as tecnologias podem desempenhar na <a href=\"http:\/\/bit.ly\/1rOePGu\" target=\"_blank\" rel=\"noopener\">constru\u00e7\u00e3o da participa\u00e7\u00e3o comunit\u00e1ria<\/a> e na democratiza\u00e7\u00e3o do conhecimento. Como parte das tentativas de disponibilizar tecnologias para os moradores da <a href=\"http:\/\/bit.ly\/WximDf\" target=\"_blank\" rel=\"noopener\">Zona Norte<\/a>, Charles Siqueira reconheceu os desafios enfrentados por jovens de favelas que, muitas vezes, n\u00e3o possuem os recursos necess\u00e1rios para ter sucesso. Ele descreveu sua posi\u00e7\u00e3o sobre o tema da viol\u00eancia juvenil: &#8220;N\u00e3o sou juiz de nada. Isso me abriu um canal de di\u00e1logo na comunidade. Sou um interlocutor com credibilidade com a pol\u00edcia e o tr\u00e1fico sem ter envolvimento com ningu\u00e9m&#8221;.<\/p>\n<p><a href=\"http:\/\/rioonwatch.org.br\/wp-content\/uploads\/2017\/07\/IMG_3106.jpg\"><img loading=\"lazy\" decoding=\"async\" class=\"aligncenter wp-image-27050 size-content\" title=\"Marciel de Freitas. Foto por Sophie Kurschner\" src=\"http:\/\/rioonwatch.org.br\/wp-content\/uploads\/2017\/07\/IMG_3106-620x264.jpg\" alt=\"\" width=\"620\" height=\"264\" srcset=\"https:\/\/rioonwatch.org.br\/wp-content\/uploads\/2017\/07\/IMG_3106-620x264.jpg 620w, https:\/\/rioonwatch.org.br\/wp-content\/uploads\/2017\/07\/IMG_3106-940x400.jpg 940w\" sizes=\"(max-width: 620px) 100vw, 620px\" \/><\/a><\/p>\n<p>Como membro da UPP, Marciel de Freitas est\u00e1 em uma posi\u00e7\u00e3o muito diferente, comentando sobre como ele \u00e9 visto: &#8220;As pessoas dizem que eu n\u00e3o tenho o rosto de um policial. Eles dizem isso por causa dos estere\u00f3tipos existentes. Ser policial \u00e9 ser um profissional e n\u00e3o um rosto feio&#8221;. Ao longo do debate, Marciel conseguiu dar um \u201crosto\u201d para UPP, al\u00e9m de levantar os problemas da institui\u00e7\u00e3o: &#8220;No mundo todo, a viol\u00eancia est\u00e1 diretamente ligada \u00e0 corrup\u00e7\u00e3o. Onde uma cresce, a outra tamb\u00e9m aumenta&#8221;.<\/p>\n<p><a href=\"http:\/\/rioonwatch.org.br\/wp-content\/uploads\/2017\/07\/IMG_3098.jpg\"><img loading=\"lazy\" decoding=\"async\" class=\"aligncenter wp-image-27051 size-content\" title=\"Debate com o p\u00fablico. Foto por Sophie Kurschner\" src=\"http:\/\/rioonwatch.org.br\/wp-content\/uploads\/2017\/07\/IMG_3098-620x264.jpg\" alt=\"\" width=\"620\" height=\"264\" srcset=\"https:\/\/rioonwatch.org.br\/wp-content\/uploads\/2017\/07\/IMG_3098-620x264.jpg 620w, https:\/\/rioonwatch.org.br\/wp-content\/uploads\/2017\/07\/IMG_3098-940x400.jpg 940w\" sizes=\"(max-width: 620px) 100vw, 620px\" \/><\/a><\/p>\n<p>Al\u00e9m da discuss\u00e3o, o debate foi aberto para coment\u00e1rios e perguntas do p\u00fablico. Durante este tempo, Luis Fernando Pinto, morador de Senador Camar\u00e1, leu um poema que escreveu para refletir sobre a viol\u00eancia vivida pelos moradores da favela. Mais tarde comentou: &#8220;Este poema foi inspirado por minhas experi\u00eancias, viv\u00eancia nesse territ\u00f3rio. Tenho 27 anos morando em Senador Camar\u00e1. Ent\u00e3o s\u00e3o experi\u00eancias e hist\u00f3rias a partir da minha janela, a partir de minhas andan\u00e7as das ruas do territ\u00f3rio. Eu vejo a quest\u00e3o da sobreviv\u00eancia. Todo dia tem estas quest\u00f5es: Ser\u00e1 que vou dormir? Ser\u00e1 que vai ter um amanh\u00e3?&#8221; Outros membros do p\u00fablico tamb\u00e9m contribu\u00edram com poemas, opini\u00f5es e perguntas, aos quais os painelistas responderam. Um morador de uma favela da <a href=\"http:\/\/bit.ly\/11tBmFR\" target=\"_blank\" rel=\"noopener\">Zona Oeste<\/a> comentou que no evento &#8220;houve um senso de revolu\u00e7\u00e3o, e todos tinham o poder de falar, e tamb\u00e9m haviam pessoas de v\u00e1rias partes da cidade. Acho que o di\u00e1logo sempre \u00e9 v\u00e1lido. Mesmo que falem de coisas muito complicadas e pesadas, sempre \u00e9 v\u00e1lido&#8221;.<\/p>\n<!-- AddThis Advanced Settings generic via filter on the_content --><!-- AddThis Share Buttons generic via filter on the_content -->","protected":false},"excerpt":{"rendered":"<div class=\"mh-excerpt\"><p>Click Here for English No dia 13 de julho, o Rio de Encontros organizou o debate &#8220;Juventude, Seguran\u00e7a e Viol\u00eancia&#8220;, no Museu de Arte do Rio (MAR) na Regi\u00e3o Portu\u00e1ria do Rio de Janeiro. Durante <a class=\"mh-excerpt-more\" href=\"https:\/\/rioonwatch.org.br\/?p=27038\" title=\"Moradores de Favela Falam em Debate Sobre &#8216;Juventude, Seguran\u00e7a e Viol\u00eancia&#8217; no Rio de Encontros\">[&#8230;]<\/a><!-- AddThis Advanced Settings generic via filter on get_the_excerpt --><!-- AddThis Share Buttons generic via filter on get_the_excerpt --><\/p>\n<\/div>","protected":false},"author":129,"featured_media":27041,"comment_status":"closed","ping_status":"closed","sticky":false,"template":"","format":"standard","meta":{"_acf_changed":false,"_monsterinsights_skip_tracking":false,"_monsterinsights_sitenote_active":false,"_monsterinsights_sitenote_note":"","_monsterinsights_sitenote_category":0,"footnotes":""},"categories":[1627,1626],"tags":[217,1386,709,113,774,919,494,279,2172,562,92,30,218,184],"writer":[2110],"translator":[1491],"source":[],"ilustrador":[],"fotografo":[],"class_list":{"0":"post-27038","1":"post","2":"type-post","3":"status-publish","4":"format-standard","5":"has-post-thumbnail","7":"category-relato-de-evento","8":"category-por-observadores-internacionais","9":"tag-complexo-do-alemao","10":"tag-critica-a-politica","11":"tag-debate","12":"tag-juventude","13":"tag-policia-militar","14":"tag-reforma-da-policia","15":"tag-regiao-do-porto","16":"tag-seguranca","17":"tag-senador-camara","18":"tag-trafico-de-drogas","19":"tag-upp","20":"tag-violencia","21":"tag-zona-norte","22":"tag-zona-oeste","23":"writer-brian-mcnamara","24":"translator-patricia-gomes"},"acf":[],"yoast_head":"<!-- This site is optimized with the Yoast SEO plugin v25.6 - https:\/\/yoast.com\/wordpress\/plugins\/seo\/ -->\n<title>Moradores de Favela Falam em Debate Sobre &#039;Juventude, Seguran\u00e7a e Viol\u00eancia&#039; no Rio de Encontros - RioOnWatch<\/title>\n<meta name=\"robots\" content=\"index, follow, max-snippet:-1, max-image-preview:large, max-video-preview:-1\" \/>\n<link rel=\"canonical\" href=\"https:\/\/rioonwatch.org.br\/?p=27038\" \/>\n<meta property=\"og:locale\" content=\"pt_BR\" \/>\n<meta property=\"og:type\" content=\"article\" \/>\n<meta property=\"og:title\" content=\"Moradores de Favela Falam em Debate Sobre &#039;Juventude, Seguran\u00e7a e Viol\u00eancia&#039; no Rio de Encontros - RioOnWatch\" \/>\n<meta property=\"og:description\" content=\"Click Here for English No dia 13 de julho, o Rio de Encontros organizou o debate &#8220;Juventude, Seguran\u00e7a e Viol\u00eancia&#8220;, no Museu de Arte do Rio (MAR) na Regi\u00e3o Portu\u00e1ria do Rio de Janeiro. Durante [...]\" \/>\n<meta property=\"og:url\" content=\"https:\/\/rioonwatch.org.br\/?p=27038\" \/>\n<meta property=\"og:site_name\" content=\"RioOnWatch\" \/>\n<meta property=\"article:published_time\" content=\"2017-07-28T19:07:27+00:00\" \/>\n<meta property=\"article:modified_time\" content=\"2017-07-31T16:30:55+00:00\" \/>\n<meta property=\"og:image\" content=\"https:\/\/rioonwatch.org.br\/wp-content\/uploads\/2017\/07\/IMG_3097.jpg\" \/>\n\t<meta property=\"og:image:width\" content=\"1920\" \/>\n\t<meta property=\"og:image:height\" content=\"1280\" \/>\n\t<meta property=\"og:image:type\" content=\"image\/jpeg\" \/>\n<meta name=\"author\" content=\"Admin\" \/>\n<meta name=\"twitter:card\" content=\"summary_large_image\" \/>\n<meta name=\"twitter:label1\" content=\"Escrito por\" \/>\n\t<meta name=\"twitter:data1\" content=\"Admin\" \/>\n\t<meta name=\"twitter:label2\" content=\"Est. tempo de leitura\" \/>\n\t<meta name=\"twitter:data2\" content=\"6 minutos\" \/>\n<script type=\"application\/ld+json\" class=\"yoast-schema-graph\">{\"@context\":\"https:\/\/schema.org\",\"@graph\":[{\"@type\":\"Article\",\"@id\":\"https:\/\/rioonwatch.org.br\/?p=27038#article\",\"isPartOf\":{\"@id\":\"https:\/\/rioonwatch.org.br\/?p=27038\"},\"author\":{\"name\":\"Admin\",\"@id\":\"https:\/\/rioonwatch.org.br\/#\/schema\/person\/11d64c290506f9df50c71b850c473f68\"},\"headline\":\"Moradores de Favela Falam em Debate Sobre &#8216;Juventude, Seguran\u00e7a e Viol\u00eancia&#8217; no Rio de Encontros\",\"datePublished\":\"2017-07-28T19:07:27+00:00\",\"dateModified\":\"2017-07-31T16:30:55+00:00\",\"mainEntityOfPage\":{\"@id\":\"https:\/\/rioonwatch.org.br\/?p=27038\"},\"wordCount\":1299,\"publisher\":{\"@id\":\"https:\/\/rioonwatch.org.br\/#organization\"},\"image\":{\"@id\":\"https:\/\/rioonwatch.org.br\/?p=27038#primaryimage\"},\"thumbnailUrl\":\"https:\/\/rioonwatch.org.br\/wp-content\/uploads\/2017\/07\/IMG_3097.jpg\",\"keywords\":[\"Complexo do Alem\u00e3o\",\"cr\u00edtica \u00e0 pol\u00edtica\",\"debate\",\"juventude\",\"Pol\u00edcia Militar\",\"reforma da pol\u00edcia\",\"Regi\u00e3o do Porto\",\"seguran\u00e7a\",\"Senador Camar\u00e1\",\"tr\u00e1fico de drogas\",\"UPP\",\"viol\u00eancia\",\"Zona Norte\",\"Zona Oeste\"],\"articleSection\":[\"Cobertura de Eventos\",\"Escrito por Aliados\"],\"inLanguage\":\"pt-BR\"},{\"@type\":\"WebPage\",\"@id\":\"https:\/\/rioonwatch.org.br\/?p=27038\",\"url\":\"https:\/\/rioonwatch.org.br\/?p=27038\",\"name\":\"Moradores de Favela Falam em Debate Sobre 'Juventude, Seguran\u00e7a e Viol\u00eancia' no Rio de Encontros - RioOnWatch\",\"isPartOf\":{\"@id\":\"https:\/\/rioonwatch.org.br\/#website\"},\"primaryImageOfPage\":{\"@id\":\"https:\/\/rioonwatch.org.br\/?p=27038#primaryimage\"},\"image\":{\"@id\":\"https:\/\/rioonwatch.org.br\/?p=27038#primaryimage\"},\"thumbnailUrl\":\"https:\/\/rioonwatch.org.br\/wp-content\/uploads\/2017\/07\/IMG_3097.jpg\",\"datePublished\":\"2017-07-28T19:07:27+00:00\",\"dateModified\":\"2017-07-31T16:30:55+00:00\",\"breadcrumb\":{\"@id\":\"https:\/\/rioonwatch.org.br\/?p=27038#breadcrumb\"},\"inLanguage\":\"pt-BR\",\"potentialAction\":[{\"@type\":\"ReadAction\",\"target\":[\"https:\/\/rioonwatch.org.br\/?p=27038\"]}]},{\"@type\":\"ImageObject\",\"inLanguage\":\"pt-BR\",\"@id\":\"https:\/\/rioonwatch.org.br\/?p=27038#primaryimage\",\"url\":\"https:\/\/rioonwatch.org.br\/wp-content\/uploads\/2017\/07\/IMG_3097.jpg\",\"contentUrl\":\"https:\/\/rioonwatch.org.br\/wp-content\/uploads\/2017\/07\/IMG_3097.jpg\",\"width\":1920,\"height\":1280},{\"@type\":\"BreadcrumbList\",\"@id\":\"https:\/\/rioonwatch.org.br\/?p=27038#breadcrumb\",\"itemListElement\":[{\"@type\":\"ListItem\",\"position\":1,\"name\":\"In\u00edcio\",\"item\":\"https:\/\/rioonwatch.org.br\/\"},{\"@type\":\"ListItem\",\"position\":2,\"name\":\"Moradores de Favela Falam em Debate Sobre &#8216;Juventude, Seguran\u00e7a e Viol\u00eancia&#8217; no Rio de Encontros\"}]},{\"@type\":\"WebSite\",\"@id\":\"https:\/\/rioonwatch.org.br\/#website\",\"url\":\"https:\/\/rioonwatch.org.br\/\",\"name\":\"RioOnWatch\",\"description\":\"relatos das favelas cariocas\",\"publisher\":{\"@id\":\"https:\/\/rioonwatch.org.br\/#organization\"},\"potentialAction\":[{\"@type\":\"SearchAction\",\"target\":{\"@type\":\"EntryPoint\",\"urlTemplate\":\"https:\/\/rioonwatch.org.br\/?s={search_term_string}\"},\"query-input\":{\"@type\":\"PropertyValueSpecification\",\"valueRequired\":true,\"valueName\":\"search_term_string\"}}],\"inLanguage\":\"pt-BR\"},{\"@type\":\"Organization\",\"@id\":\"https:\/\/rioonwatch.org.br\/#organization\",\"name\":\"RioOnWatch\",\"url\":\"https:\/\/rioonwatch.org.br\/\",\"logo\":{\"@type\":\"ImageObject\",\"inLanguage\":\"pt-BR\",\"@id\":\"https:\/\/rioonwatch.org.br\/#\/schema\/logo\/image\/\",\"url\":\"https:\/\/rioonwatch.org.br\/wp-content\/uploads\/2021\/06\/RioOnWatchcabecalhoPT11anos-2.png\",\"contentUrl\":\"https:\/\/rioonwatch.org.br\/wp-content\/uploads\/2021\/06\/RioOnWatchcabecalhoPT11anos-2.png\",\"width\":779,\"height\":277,\"caption\":\"RioOnWatch\"},\"image\":{\"@id\":\"https:\/\/rioonwatch.org.br\/#\/schema\/logo\/image\/\"}},{\"@type\":\"Person\",\"@id\":\"https:\/\/rioonwatch.org.br\/#\/schema\/person\/11d64c290506f9df50c71b850c473f68\",\"name\":\"Admin\",\"image\":{\"@type\":\"ImageObject\",\"inLanguage\":\"pt-BR\",\"@id\":\"https:\/\/rioonwatch.org.br\/#\/schema\/person\/image\/\",\"url\":\"https:\/\/secure.gravatar.com\/avatar\/56211ac74568383903349a1485e3c325?s=96&d=blank&r=g\",\"contentUrl\":\"https:\/\/secure.gravatar.com\/avatar\/56211ac74568383903349a1485e3c325?s=96&d=blank&r=g\",\"caption\":\"Admin\"},\"url\":\"https:\/\/rioonwatch.org.br\/?author=129\"}]}<\/script>\n<!-- \/ Yoast SEO plugin. -->","yoast_head_json":{"title":"Moradores de Favela Falam em Debate Sobre 'Juventude, Seguran\u00e7a e Viol\u00eancia' no Rio de Encontros - RioOnWatch","robots":{"index":"index","follow":"follow","max-snippet":"max-snippet:-1","max-image-preview":"max-image-preview:large","max-video-preview":"max-video-preview:-1"},"canonical":"https:\/\/rioonwatch.org.br\/?p=27038","og_locale":"pt_BR","og_type":"article","og_title":"Moradores de Favela Falam em Debate Sobre 'Juventude, Seguran\u00e7a e Viol\u00eancia' no Rio de Encontros - RioOnWatch","og_description":"Click Here for English No dia 13 de julho, o Rio de Encontros organizou o debate &#8220;Juventude, Seguran\u00e7a e Viol\u00eancia&#8220;, no Museu de Arte do Rio (MAR) na Regi\u00e3o Portu\u00e1ria do Rio de Janeiro. Durante [...]","og_url":"https:\/\/rioonwatch.org.br\/?p=27038","og_site_name":"RioOnWatch","article_published_time":"2017-07-28T19:07:27+00:00","article_modified_time":"2017-07-31T16:30:55+00:00","og_image":[{"width":1920,"height":1280,"url":"https:\/\/rioonwatch.org.br\/wp-content\/uploads\/2017\/07\/IMG_3097.jpg","type":"image\/jpeg"}],"author":"Admin","twitter_card":"summary_large_image","twitter_misc":{"Escrito por":"Admin","Est. tempo de leitura":"6 minutos"},"schema":{"@context":"https:\/\/schema.org","@graph":[{"@type":"Article","@id":"https:\/\/rioonwatch.org.br\/?p=27038#article","isPartOf":{"@id":"https:\/\/rioonwatch.org.br\/?p=27038"},"author":{"name":"Admin","@id":"https:\/\/rioonwatch.org.br\/#\/schema\/person\/11d64c290506f9df50c71b850c473f68"},"headline":"Moradores de Favela Falam em Debate Sobre &#8216;Juventude, Seguran\u00e7a e Viol\u00eancia&#8217; no Rio de Encontros","datePublished":"2017-07-28T19:07:27+00:00","dateModified":"2017-07-31T16:30:55+00:00","mainEntityOfPage":{"@id":"https:\/\/rioonwatch.org.br\/?p=27038"},"wordCount":1299,"publisher":{"@id":"https:\/\/rioonwatch.org.br\/#organization"},"image":{"@id":"https:\/\/rioonwatch.org.br\/?p=27038#primaryimage"},"thumbnailUrl":"https:\/\/rioonwatch.org.br\/wp-content\/uploads\/2017\/07\/IMG_3097.jpg","keywords":["Complexo do Alem\u00e3o","cr\u00edtica \u00e0 pol\u00edtica","debate","juventude","Pol\u00edcia Militar","reforma da pol\u00edcia","Regi\u00e3o do Porto","seguran\u00e7a","Senador Camar\u00e1","tr\u00e1fico de drogas","UPP","viol\u00eancia","Zona Norte","Zona Oeste"],"articleSection":["Cobertura de Eventos","Escrito por Aliados"],"inLanguage":"pt-BR"},{"@type":"WebPage","@id":"https:\/\/rioonwatch.org.br\/?p=27038","url":"https:\/\/rioonwatch.org.br\/?p=27038","name":"Moradores de Favela Falam em Debate Sobre 'Juventude, Seguran\u00e7a e Viol\u00eancia' no Rio de Encontros - RioOnWatch","isPartOf":{"@id":"https:\/\/rioonwatch.org.br\/#website"},"primaryImageOfPage":{"@id":"https:\/\/rioonwatch.org.br\/?p=27038#primaryimage"},"image":{"@id":"https:\/\/rioonwatch.org.br\/?p=27038#primaryimage"},"thumbnailUrl":"https:\/\/rioonwatch.org.br\/wp-content\/uploads\/2017\/07\/IMG_3097.jpg","datePublished":"2017-07-28T19:07:27+00:00","dateModified":"2017-07-31T16:30:55+00:00","breadcrumb":{"@id":"https:\/\/rioonwatch.org.br\/?p=27038#breadcrumb"},"inLanguage":"pt-BR","potentialAction":[{"@type":"ReadAction","target":["https:\/\/rioonwatch.org.br\/?p=27038"]}]},{"@type":"ImageObject","inLanguage":"pt-BR","@id":"https:\/\/rioonwatch.org.br\/?p=27038#primaryimage","url":"https:\/\/rioonwatch.org.br\/wp-content\/uploads\/2017\/07\/IMG_3097.jpg","contentUrl":"https:\/\/rioonwatch.org.br\/wp-content\/uploads\/2017\/07\/IMG_3097.jpg","width":1920,"height":1280},{"@type":"BreadcrumbList","@id":"https:\/\/rioonwatch.org.br\/?p=27038#breadcrumb","itemListElement":[{"@type":"ListItem","position":1,"name":"In\u00edcio","item":"https:\/\/rioonwatch.org.br\/"},{"@type":"ListItem","position":2,"name":"Moradores de Favela Falam em Debate Sobre &#8216;Juventude, Seguran\u00e7a e Viol\u00eancia&#8217; no Rio de Encontros"}]},{"@type":"WebSite","@id":"https:\/\/rioonwatch.org.br\/#website","url":"https:\/\/rioonwatch.org.br\/","name":"RioOnWatch","description":"relatos das favelas cariocas","publisher":{"@id":"https:\/\/rioonwatch.org.br\/#organization"},"potentialAction":[{"@type":"SearchAction","target":{"@type":"EntryPoint","urlTemplate":"https:\/\/rioonwatch.org.br\/?s={search_term_string}"},"query-input":{"@type":"PropertyValueSpecification","valueRequired":true,"valueName":"search_term_string"}}],"inLanguage":"pt-BR"},{"@type":"Organization","@id":"https:\/\/rioonwatch.org.br\/#organization","name":"RioOnWatch","url":"https:\/\/rioonwatch.org.br\/","logo":{"@type":"ImageObject","inLanguage":"pt-BR","@id":"https:\/\/rioonwatch.org.br\/#\/schema\/logo\/image\/","url":"https:\/\/rioonwatch.org.br\/wp-content\/uploads\/2021\/06\/RioOnWatchcabecalhoPT11anos-2.png","contentUrl":"https:\/\/rioonwatch.org.br\/wp-content\/uploads\/2021\/06\/RioOnWatchcabecalhoPT11anos-2.png","width":779,"height":277,"caption":"RioOnWatch"},"image":{"@id":"https:\/\/rioonwatch.org.br\/#\/schema\/logo\/image\/"}},{"@type":"Person","@id":"https:\/\/rioonwatch.org.br\/#\/schema\/person\/11d64c290506f9df50c71b850c473f68","name":"Admin","image":{"@type":"ImageObject","inLanguage":"pt-BR","@id":"https:\/\/rioonwatch.org.br\/#\/schema\/person\/image\/","url":"https:\/\/secure.gravatar.com\/avatar\/56211ac74568383903349a1485e3c325?s=96&d=blank&r=g","contentUrl":"https:\/\/secure.gravatar.com\/avatar\/56211ac74568383903349a1485e3c325?s=96&d=blank&r=g","caption":"Admin"},"url":"https:\/\/rioonwatch.org.br\/?author=129"}]}},"_links":{"self":[{"href":"https:\/\/rioonwatch.org.br\/index.php?rest_route=\/wp\/v2\/posts\/27038"}],"collection":[{"href":"https:\/\/rioonwatch.org.br\/index.php?rest_route=\/wp\/v2\/posts"}],"about":[{"href":"https:\/\/rioonwatch.org.br\/index.php?rest_route=\/wp\/v2\/types\/post"}],"author":[{"embeddable":true,"href":"https:\/\/rioonwatch.org.br\/index.php?rest_route=\/wp\/v2\/users\/129"}],"replies":[{"embeddable":true,"href":"https:\/\/rioonwatch.org.br\/index.php?rest_route=%2Fwp%2Fv2%2Fcomments&post=27038"}],"version-history":[{"count":16,"href":"https:\/\/rioonwatch.org.br\/index.php?rest_route=\/wp\/v2\/posts\/27038\/revisions"}],"predecessor-version":[{"id":27344,"href":"https:\/\/rioonwatch.org.br\/index.php?rest_route=\/wp\/v2\/posts\/27038\/revisions\/27344"}],"wp:featuredmedia":[{"embeddable":true,"href":"https:\/\/rioonwatch.org.br\/index.php?rest_route=\/wp\/v2\/media\/27041"}],"wp:attachment":[{"href":"https:\/\/rioonwatch.org.br\/index.php?rest_route=%2Fwp%2Fv2%2Fmedia&parent=27038"}],"wp:term":[{"taxonomy":"category","embeddable":true,"href":"https:\/\/rioonwatch.org.br\/index.php?rest_route=%2Fwp%2Fv2%2Fcategories&post=27038"},{"taxonomy":"post_tag","embeddable":true,"href":"https:\/\/rioonwatch.org.br\/index.php?rest_route=%2Fwp%2Fv2%2Ftags&post=27038"},{"taxonomy":"writer","embeddable":true,"href":"https:\/\/rioonwatch.org.br\/index.php?rest_route=%2Fwp%2Fv2%2Fwriter&post=27038"},{"taxonomy":"translator","embeddable":true,"href":"https:\/\/rioonwatch.org.br\/index.php?rest_route=%2Fwp%2Fv2%2Ftranslator&post=27038"},{"taxonomy":"source","embeddable":true,"href":"https:\/\/rioonwatch.org.br\/index.php?rest_route=%2Fwp%2Fv2%2Fsource&post=27038"},{"taxonomy":"ilustrador","embeddable":true,"href":"https:\/\/rioonwatch.org.br\/index.php?rest_route=%2Fwp%2Fv2%2Filustrador&post=27038"},{"taxonomy":"fotografo","embeddable":true,"href":"https:\/\/rioonwatch.org.br\/index.php?rest_route=%2Fwp%2Fv2%2Ffotografo&post=27038"}],"curies":[{"name":"wp","href":"https:\/\/api.w.org\/{rel}","templated":true}]}}