{"id":27055,"date":"2017-07-21T11:48:43","date_gmt":"2017-07-21T14:48:43","guid":{"rendered":"http:\/\/rioonwatch.org.br\/?p=27055"},"modified":"2021-06-27T10:52:19","modified_gmt":"2021-06-27T13:52:19","slug":"dia-2-julho-negro-protesta-violencia-policial-e-racismo-no-24o-aniversario-da-chacina-da-candelaria","status":"publish","type":"post","link":"https:\/\/rioonwatch.org.br\/?p=27055","title":{"rendered":"Dia 2: &#8216;Julho Negro&#8217; Protesta Viol\u00eancia Policial no 24\u00ba Anivers\u00e1rio da Chacina da Candel\u00e1ria"},"content":{"rendered":"<p style=\"text-align: right;\"><em><strong><a href=\"http:\/\/bit.ly\/2gPl65Z\" target=\"_blank\" rel=\"noopener noreferrer\">Click Here for English<img decoding=\"async\" width=\"20\" height=\"20\" class=\"alignright wp-image-15790\" src=\"http:\/\/rioonwatch.org.br\/wp-content\/uploads\/2012\/08\/EN-standard-e1439583104716.jpg\" alt=\"\" \/><\/a><\/strong><\/em><\/p>\n<p>Esta semana marca o segundo <a href=\"http:\/\/bit.ly\/2vnBq17\" target=\"_blank\" rel=\"noopener\">Julho Negro<\/a>, evento iniciado\u00a0<a href=\"http:\/\/bit.ly\/2ahWez3\" target=\"_blank\" rel=\"noopener\">h\u00e1 um ano, quando ativistas do Black Lives Matter<\/a>\u00a0visitaram fam\u00edlias v\u00edtimas de viol\u00eancia policial no Rio de Janeiro. A <a href=\"http:\/\/bit.ly\/2uaOmJ0\" target=\"_blank\" rel=\"noopener\">s\u00e9rie de eventos que acontecem esta semana<\/a> chamam a aten\u00e7\u00e3o para viola\u00e7\u00f5es de direitos humanos, especificamente a viol\u00eancia contra jovens negros das favelas do Rio de Janeiro. Ter\u00e7a-feira \u00e0 noite testemunhou um protesto hist\u00f3rico lembrando a chacina da Candel\u00e1ria de 1993, organizado pela <a href=\"http:\/\/bit.ly\/1On4Hwl\" target=\"_blank\" rel=\"noopener\">Rede de Comunidades e Movimentos contra a Viol\u00eancia<\/a>, uma rede de apoio para m\u00e3es e fam\u00edlias que perderam entes queridos para a viol\u00eancia policial. Foi o momento de reunir e unificar uma s\u00e9rie de movimentos organizados sob a rede, denunciar o doloroso epis\u00f3dio da Candel\u00e1ria e enfrentar a <a href=\"http:\/\/bit.ly\/1mtYvXK\" target=\"_blank\" rel=\"noopener\">Pol\u00edcia Militar<\/a>, o <a href=\"http:\/\/bit.ly\/1KiFeTl\" target=\"_blank\" rel=\"noopener\">racismo<\/a> e a <a href=\"http:\/\/bit.ly\/1i0t9Hc\" target=\"_blank\" rel=\"noopener\">viol\u00eancia policial<\/a> nas favelas do Rio de Janeiro em geral.<\/p>\n<p><a href=\"http:\/\/rioonwatch.org.br\/wp-content\/uploads\/2017\/07\/Ato-1.png\"><img fetchpriority=\"high\" decoding=\"async\" class=\"aligncenter wp-image-27059 size-content\" title=\"M\u00e3es e familiares de v\u00edtimas de viol\u00eancia policial\" src=\"http:\/\/rioonwatch.org.br\/wp-content\/uploads\/2017\/07\/Ato-1-620x264.png\" alt=\"M\u00e3es e familiares de v\u00edtimas de viol\u00eancia policial\" width=\"620\" height=\"264\" srcset=\"https:\/\/rioonwatch.org.br\/wp-content\/uploads\/2017\/07\/Ato-1-620x264.png 620w, https:\/\/rioonwatch.org.br\/wp-content\/uploads\/2017\/07\/Ato-1-940x400.png 940w\" sizes=\"(max-width: 620px) 100vw, 620px\" \/><\/a><\/p>\n<p>A chacina da Candel\u00e1ria aconteceu na noite de 23 de julho de 1993, nos degraus da hist\u00f3rica Igreja da Candel\u00e1ria, no <a href=\"http:\/\/bit.ly\/1qX7nZG\" target=\"_blank\" rel=\"noopener\">Centro<\/a> do Rio de Janeiro. Oito jovens sem-teto foram mortos e dezenas feridos por um grupo de nove homens, v\u00e1rios dos quais policiais. Tr\u00eas policiais foram condenados por longas senten\u00e7as; no entanto, nenhum deles cumpriu a pena.<\/p>\n<p><a href=\"http:\/\/rioonwatch.org.br\/wp-content\/uploads\/2017\/07\/Ato-2.jpg\"><img decoding=\"async\" class=\"aligncenter wp-image-27058 size-content\" title=\"Ana L\u00facia, da Rede de Comunidades contra a Viol\u00eancia, marca a chacina de Acari em 1990\" src=\"http:\/\/rioonwatch.org.br\/wp-content\/uploads\/2017\/07\/Ato-2-620x264.jpg\" alt=\"Ana L\u00facia, da Rede de Comunidades contra a Viol\u00eancia, marca a chacina de Acari em 1990\" width=\"620\" height=\"264\" srcset=\"https:\/\/rioonwatch.org.br\/wp-content\/uploads\/2017\/07\/Ato-2-620x264.jpg 620w, https:\/\/rioonwatch.org.br\/wp-content\/uploads\/2017\/07\/Ato-2-940x400.jpg 940w\" sizes=\"(max-width: 620px) 100vw, 620px\" \/><\/a><\/p>\n<p>Pessoas e movimentos reuniram-se na ter\u00e7a-feira \u00e0s 17h para lembrar esta atrocidade e cantaram todos juntos, &#8220;nunca mais&#8221;. Banners que exibiam nomes e fotos de v\u00edtimas assassinadas pela Pol\u00edcia Militar e falsos cad\u00e1veres foram exibidos em frente \u00e0 Igreja da Candel\u00e1ria. Gizele Martins, moradora da <a href=\"http:\/\/bit.ly\/10BvARw\" target=\"_blank\" rel=\"noopener\">Mar\u00e9<\/a> e ativista do\u00a0<a href=\"http:\/\/bit.ly\/2uJrRMF\" target=\"_blank\" rel=\"noopener\">Movimento das Favelas do Rio<\/a>, apresentou o Julho Negro e explicou o prop\u00f3sito do encontro. Jos\u00e9 Luiz Faria, pai do Pequeno Maicon, um menino de dois anos morto em 1996 por uma bala perdida durante uma incurs\u00e3o da Pol\u00edcia Militar em sua comunidade, contou sua hist\u00f3ria traum\u00e1tica questionando a utilidade dessas invas\u00f5es, descrevendo os diferentes sistemas implantados para &#8220;limpar&#8221; v\u00e1rias favelas (como as <a href=\"http:\/\/bit.ly\/R5ueio\" target=\"_blank\" rel=\"noopener\">Unidades de Pol\u00edcia Pacificadora<\/a>) e denunciando a viol\u00eancia e injusti\u00e7a. Ele tamb\u00e9m criticou o Minist\u00e9rio P\u00fablico, o &#8220;principal \u00f3rg\u00e3o respons\u00e1vel por esses eventos&#8221;, segundo ele. <a href=\"http:\/\/bit.ly\/1USvsNF\" target=\"_blank\" rel=\"noopener\">M\u00f4nica Cunha<\/a>, membro da Rede de Comunidades e Movimentos contra a Viol\u00eancia e co-fundadora do <a href=\"http:\/\/on.fb.me\/1LbJlEx\" target=\"_blank\" rel=\"noopener\">Movimento Moleque<\/a>, um dos movimentos da Rede, denunciou o racismo viciosamente e disse que todos esses assassinatos e viol\u00eancia s\u00e3o essencialmente um produto do racismo, nada mais, e t\u00eam que parar.<\/p>\n<p><a href=\"http:\/\/rioonwatch.org.br\/wp-content\/uploads\/2017\/07\/Ato-3.jpg\"><img loading=\"lazy\" decoding=\"async\" class=\"aligncenter wp-image-27060 size-large\" title=\"Jos\u00e9 Luiz Faria Da Silva. Foto por Katja Schilir\u00f2\" src=\"http:\/\/rioonwatch.org.br\/wp-content\/uploads\/2017\/07\/Ato-3-1024x682.jpg\" alt=\"Jos\u00e9 Luiz Faria Da Silva. Foto por Katja Schilir\u00f2\" width=\"620\" height=\"413\" srcset=\"https:\/\/rioonwatch.org.br\/wp-content\/uploads\/2017\/07\/Ato-3-1024x682.jpg 1024w, https:\/\/rioonwatch.org.br\/wp-content\/uploads\/2017\/07\/Ato-3-396x264.jpg 396w, https:\/\/rioonwatch.org.br\/wp-content\/uploads\/2017\/07\/Ato-3-620x413.jpg 620w, https:\/\/rioonwatch.org.br\/wp-content\/uploads\/2017\/07\/Ato-3-768x512.jpg 768w, https:\/\/rioonwatch.org.br\/wp-content\/uploads\/2017\/07\/Ato-3.jpg 2001w\" sizes=\"(max-width: 620px) 100vw, 620px\" \/><\/a><\/p>\n<p>Em seguida, os diferentes movimentos <a href=\"http:\/\/bit.ly\/12hqS0g\" target=\"_blank\" rel=\"noopener\">se juntaram e marcharam<\/a> da Igreja da Candel\u00e1ria para a Esta\u00e7\u00e3o Central, carregando banners e falsos corpos mortos, cantando e falando atrav\u00e9s do megafone. Funcion\u00e1rios da Prefeitura supervisionavam a marcha. Slogans e m\u00fasicas inclu\u00edam: &#8220;Tem que acabar! Eu quero o fim da Pol\u00edcia Militar!&#8221;, &#8220;A pr\u00f3xima v\u00edtima pode ser voc\u00ea&#8221;, &#8220;Candel\u00e1ria nunca mais&#8221;, e &#8220;Para o fim do racismo e genoc\u00eddio do povo preto&#8221;.<\/p>\n<p>Frans\u00e9rgio Goulart, historiador e membro do <a href=\"http:\/\/bit.ly\/2bBKqrV\" target=\"_blank\" rel=\"noopener\">F\u00f3rum Social de Manguinhos<\/a>, leu mensagens de apoio dos ativistas da <a href=\"http:\/\/bit.ly\/2uicpUJ\" target=\"_blank\" rel=\"noopener\">Black Lives Matter<\/a> nos Estados Unidos, que participaram da primeira edi\u00e7\u00e3o do Julho Negro no ano passado. Quando chegaram \u00e0 Esta\u00e7\u00e3o Central, houve mais palestras e os nomes, as datas de morte de pessoas assassinadas na Candel\u00e1ria e uma s\u00e9rie de favelas foram listadas com o grito de &#8220;Presente!&#8221; em cada nome. Este foi um evento altamente emocional: a maioria das pessoas presentes perdeu pelo menos um membro da fam\u00edlia devido a interven\u00e7\u00f5es policiais nas favelas.<\/p>\n<p><a href=\"http:\/\/rioonwatch.org.br\/wp-content\/uploads\/2017\/07\/Ato.png\"><img loading=\"lazy\" decoding=\"async\" class=\"aligncenter wp-image-27057 size-content\" title=\"Protesto segue da Igreja da Candel\u00e1ria para a Esta\u00e7\u00e3o Central\" src=\"http:\/\/rioonwatch.org.br\/wp-content\/uploads\/2017\/07\/Ato-620x264.png\" alt=\"Protesto segue da Igreja da Candel\u00e1ria para a Esta\u00e7\u00e3o Central\" width=\"620\" height=\"264\" srcset=\"https:\/\/rioonwatch.org.br\/wp-content\/uploads\/2017\/07\/Ato-620x264.png 620w, https:\/\/rioonwatch.org.br\/wp-content\/uploads\/2017\/07\/Ato-1030x438.png 1030w, https:\/\/rioonwatch.org.br\/wp-content\/uploads\/2017\/07\/Ato-940x400.png 940w\" sizes=\"(max-width: 620px) 100vw, 620px\" \/><\/a><\/p>\n<!-- AddThis Advanced Settings generic via filter on the_content --><!-- AddThis Share Buttons generic via filter on the_content -->","protected":false},"excerpt":{"rendered":"<div class=\"mh-excerpt\"><p>Click Here for English Esta semana marca o segundo Julho Negro, evento iniciado\u00a0h\u00e1 um ano, quando ativistas do Black Lives Matter\u00a0visitaram fam\u00edlias v\u00edtimas de viol\u00eancia policial no Rio de Janeiro. A s\u00e9rie de eventos que <a class=\"mh-excerpt-more\" href=\"https:\/\/rioonwatch.org.br\/?p=27055\" title=\"Dia 2: &#8216;Julho Negro&#8217; Protesta Viol\u00eancia Policial no 24\u00ba Anivers\u00e1rio da Chacina da Candel\u00e1ria\">[&#8230;]<\/a><!-- AddThis Advanced Settings generic via filter on get_the_excerpt --><!-- AddThis Share Buttons generic via filter on get_the_excerpt --><\/p>\n<\/div>","protected":false},"author":3,"featured_media":27057,"comment_status":"closed","ping_status":"closed","sticky":false,"template":"","format":"standard","meta":{"_acf_changed":false,"_monsterinsights_skip_tracking":false,"_monsterinsights_sitenote_active":false,"_monsterinsights_sitenote_note":"","_monsterinsights_sitenote_category":0,"footnotes":""},"categories":[1618,1621,1627,346,1626,1620,1612,342],"tags":[2159,259,787,2162,759,332,818,802,1936,2160,2161,1151,3061,774,763,283,432,1308,92,920,52],"writer":[2157],"translator":[1491],"source":[],"ilustrador":[],"fotografo":[],"class_list":{"0":"post-27055","1":"post","2":"type-post","3":"status-publish","4":"format-standard","5":"has-post-thumbnail","7":"category-olhonaparticipacao","8":"category-destaque","9":"category-relato-de-evento","10":"category-denuncias","11":"category-por-observadores-internacionais","12":"category-olhonaupp","13":"category-sociedade-civil","14":"category-solucoes","15":"tag-black-lives-matter","16":"tag-centro","17":"tag-chacina","18":"tag-chacina-da-candelaria","19":"tag-comparacao-internacional","20":"tag-complexo-da-mare","21":"tag-eua","22":"tag-forum-de-manguinhos","23":"tag-julho-negro","24":"tag-maes-de-maio","25":"tag-maes-de-manguinhos","26":"tag-organizacao","27":"tag-movimento-moleque","28":"tag-policia-militar","29":"tag-protesto","30":"tag-rede-contra-violencia","31":"tag-resistencia","32":"tag-taticas-de-organizacao","33":"tag-upp","34":"tag-violencia-de-estado","35":"tag-violencia-policial","36":"writer-suzanne-chatelier","37":"translator-patricia-gomes"},"acf":[],"yoast_head":"<!-- This site is optimized with the Yoast SEO plugin v25.6 - https:\/\/yoast.com\/wordpress\/plugins\/seo\/ -->\n<title>Dia 2: &#039;Julho Negro&#039; Protesta Viol\u00eancia Policial no 24\u00ba Anivers\u00e1rio da Chacina da Candel\u00e1ria - RioOnWatch<\/title>\n<meta name=\"robots\" content=\"index, follow, max-snippet:-1, max-image-preview:large, max-video-preview:-1\" \/>\n<link rel=\"canonical\" href=\"https:\/\/rioonwatch.org.br\/?p=27055\" \/>\n<meta property=\"og:locale\" content=\"pt_BR\" \/>\n<meta property=\"og:type\" content=\"article\" \/>\n<meta property=\"og:title\" content=\"Dia 2: &#039;Julho Negro&#039; Protesta Viol\u00eancia Policial no 24\u00ba Anivers\u00e1rio da Chacina da Candel\u00e1ria - RioOnWatch\" \/>\n<meta property=\"og:description\" content=\"Click Here for English Esta semana marca o segundo Julho Negro, evento iniciado\u00a0h\u00e1 um ano, quando ativistas do Black Lives Matter\u00a0visitaram fam\u00edlias v\u00edtimas de viol\u00eancia policial no Rio de Janeiro. A s\u00e9rie de eventos que [...]\" \/>\n<meta property=\"og:url\" content=\"https:\/\/rioonwatch.org.br\/?p=27055\" \/>\n<meta property=\"og:site_name\" content=\"RioOnWatch\" \/>\n<meta property=\"article:published_time\" content=\"2017-07-21T14:48:43+00:00\" \/>\n<meta property=\"article:modified_time\" content=\"2021-06-27T13:52:19+00:00\" \/>\n<meta property=\"og:image\" content=\"https:\/\/rioonwatch.org.br\/wp-content\/uploads\/2017\/07\/Ato-1147x629.png\" \/>\n\t<meta property=\"og:image:width\" content=\"1147\" \/>\n\t<meta property=\"og:image:height\" content=\"629\" \/>\n\t<meta property=\"og:image:type\" content=\"image\/png\" \/>\n<meta name=\"author\" content=\"Admin\" \/>\n<meta name=\"twitter:card\" content=\"summary_large_image\" \/>\n<meta name=\"twitter:label1\" content=\"Escrito por\" \/>\n\t<meta name=\"twitter:data1\" content=\"Admin\" \/>\n\t<meta name=\"twitter:label2\" content=\"Est. tempo de leitura\" \/>\n\t<meta name=\"twitter:data2\" content=\"3 minutos\" \/>\n<script type=\"application\/ld+json\" class=\"yoast-schema-graph\">{\"@context\":\"https:\/\/schema.org\",\"@graph\":[{\"@type\":\"Article\",\"@id\":\"https:\/\/rioonwatch.org.br\/?p=27055#article\",\"isPartOf\":{\"@id\":\"https:\/\/rioonwatch.org.br\/?p=27055\"},\"author\":{\"name\":\"Admin\",\"@id\":\"https:\/\/rioonwatch.org.br\/#\/schema\/person\/c6c09a0b56b38f0157a45b963ef3f269\"},\"headline\":\"Dia 2: &#8216;Julho Negro&#8217; Protesta Viol\u00eancia Policial no 24\u00ba Anivers\u00e1rio da Chacina da Candel\u00e1ria\",\"datePublished\":\"2017-07-21T14:48:43+00:00\",\"dateModified\":\"2021-06-27T13:52:19+00:00\",\"mainEntityOfPage\":{\"@id\":\"https:\/\/rioonwatch.org.br\/?p=27055\"},\"wordCount\":620,\"publisher\":{\"@id\":\"https:\/\/rioonwatch.org.br\/#organization\"},\"image\":{\"@id\":\"https:\/\/rioonwatch.org.br\/?p=27055#primaryimage\"},\"thumbnailUrl\":\"https:\/\/rioonwatch.org.br\/wp-content\/uploads\/2017\/07\/Ato.png\",\"keywords\":[\"Black Lives Matter\",\"Centro\",\"chacina\",\"chacina da Candel\u00e1ria\",\"compara\u00e7\u00e3o internacional\",\"Complexo da Mar\u00e9\",\"EUA\",\"F\u00f3rum de Manguinhos\",\"Julho Negro\",\"M\u00e3es de Maio\",\"M\u00e3es de Manguinhos\",\"mobiliza\u00e7\u00e3o\",\"Movimento Moleque\",\"Pol\u00edcia Militar\",\"protesto\",\"Rede Contra Viol\u00eancia\",\"resist\u00eancia\",\"t\u00e1ticas de organiza\u00e7\u00e3o\",\"UPP\",\"viol\u00eancia de Estado\",\"viol\u00eancia policial\"],\"articleSection\":[\"#OlhoNaParticipa\u00e7\u00e3o\",\"*Destaque\",\"Cobertura de Eventos\",\"Den\u00fancias\",\"Escrito por Aliados\",\"Seguran\u00e7a P\u00fablica\",\"Sociedade Civil\",\"Solu\u00e7\u00f5es\"],\"inLanguage\":\"pt-BR\"},{\"@type\":\"WebPage\",\"@id\":\"https:\/\/rioonwatch.org.br\/?p=27055\",\"url\":\"https:\/\/rioonwatch.org.br\/?p=27055\",\"name\":\"Dia 2: 'Julho Negro' Protesta Viol\u00eancia Policial no 24\u00ba Anivers\u00e1rio da Chacina da Candel\u00e1ria - RioOnWatch\",\"isPartOf\":{\"@id\":\"https:\/\/rioonwatch.org.br\/#website\"},\"primaryImageOfPage\":{\"@id\":\"https:\/\/rioonwatch.org.br\/?p=27055#primaryimage\"},\"image\":{\"@id\":\"https:\/\/rioonwatch.org.br\/?p=27055#primaryimage\"},\"thumbnailUrl\":\"https:\/\/rioonwatch.org.br\/wp-content\/uploads\/2017\/07\/Ato.png\",\"datePublished\":\"2017-07-21T14:48:43+00:00\",\"dateModified\":\"2021-06-27T13:52:19+00:00\",\"breadcrumb\":{\"@id\":\"https:\/\/rioonwatch.org.br\/?p=27055#breadcrumb\"},\"inLanguage\":\"pt-BR\",\"potentialAction\":[{\"@type\":\"ReadAction\",\"target\":[\"https:\/\/rioonwatch.org.br\/?p=27055\"]}]},{\"@type\":\"ImageObject\",\"inLanguage\":\"pt-BR\",\"@id\":\"https:\/\/rioonwatch.org.br\/?p=27055#primaryimage\",\"url\":\"https:\/\/rioonwatch.org.br\/wp-content\/uploads\/2017\/07\/Ato.png\",\"contentUrl\":\"https:\/\/rioonwatch.org.br\/wp-content\/uploads\/2017\/07\/Ato.png\",\"width\":2000,\"height\":1097},{\"@type\":\"BreadcrumbList\",\"@id\":\"https:\/\/rioonwatch.org.br\/?p=27055#breadcrumb\",\"itemListElement\":[{\"@type\":\"ListItem\",\"position\":1,\"name\":\"In\u00edcio\",\"item\":\"https:\/\/rioonwatch.org.br\/\"},{\"@type\":\"ListItem\",\"position\":2,\"name\":\"Dia 2: &#8216;Julho Negro&#8217; Protesta Viol\u00eancia Policial no 24\u00ba Anivers\u00e1rio da Chacina da Candel\u00e1ria\"}]},{\"@type\":\"WebSite\",\"@id\":\"https:\/\/rioonwatch.org.br\/#website\",\"url\":\"https:\/\/rioonwatch.org.br\/\",\"name\":\"RioOnWatch\",\"description\":\"relatos das favelas cariocas\",\"publisher\":{\"@id\":\"https:\/\/rioonwatch.org.br\/#organization\"},\"potentialAction\":[{\"@type\":\"SearchAction\",\"target\":{\"@type\":\"EntryPoint\",\"urlTemplate\":\"https:\/\/rioonwatch.org.br\/?s={search_term_string}\"},\"query-input\":{\"@type\":\"PropertyValueSpecification\",\"valueRequired\":true,\"valueName\":\"search_term_string\"}}],\"inLanguage\":\"pt-BR\"},{\"@type\":\"Organization\",\"@id\":\"https:\/\/rioonwatch.org.br\/#organization\",\"name\":\"RioOnWatch\",\"url\":\"https:\/\/rioonwatch.org.br\/\",\"logo\":{\"@type\":\"ImageObject\",\"inLanguage\":\"pt-BR\",\"@id\":\"https:\/\/rioonwatch.org.br\/#\/schema\/logo\/image\/\",\"url\":\"https:\/\/rioonwatch.org.br\/wp-content\/uploads\/2021\/06\/RioOnWatchcabecalhoPT11anos-2.png\",\"contentUrl\":\"https:\/\/rioonwatch.org.br\/wp-content\/uploads\/2021\/06\/RioOnWatchcabecalhoPT11anos-2.png\",\"width\":779,\"height\":277,\"caption\":\"RioOnWatch\"},\"image\":{\"@id\":\"https:\/\/rioonwatch.org.br\/#\/schema\/logo\/image\/\"}},{\"@type\":\"Person\",\"@id\":\"https:\/\/rioonwatch.org.br\/#\/schema\/person\/c6c09a0b56b38f0157a45b963ef3f269\",\"name\":\"Admin\",\"image\":{\"@type\":\"ImageObject\",\"inLanguage\":\"pt-BR\",\"@id\":\"https:\/\/rioonwatch.org.br\/#\/schema\/person\/image\/\",\"url\":\"https:\/\/secure.gravatar.com\/avatar\/da45c89efd4810dc70c16a5da3419806?s=96&d=blank&r=g\",\"contentUrl\":\"https:\/\/secure.gravatar.com\/avatar\/da45c89efd4810dc70c16a5da3419806?s=96&d=blank&r=g\",\"caption\":\"Admin\"},\"url\":\"https:\/\/rioonwatch.org.br\/?author=3\"}]}<\/script>\n<!-- \/ Yoast SEO plugin. -->","yoast_head_json":{"title":"Dia 2: 'Julho Negro' Protesta Viol\u00eancia Policial no 24\u00ba Anivers\u00e1rio da Chacina da Candel\u00e1ria - RioOnWatch","robots":{"index":"index","follow":"follow","max-snippet":"max-snippet:-1","max-image-preview":"max-image-preview:large","max-video-preview":"max-video-preview:-1"},"canonical":"https:\/\/rioonwatch.org.br\/?p=27055","og_locale":"pt_BR","og_type":"article","og_title":"Dia 2: 'Julho Negro' Protesta Viol\u00eancia Policial no 24\u00ba Anivers\u00e1rio da Chacina da Candel\u00e1ria - RioOnWatch","og_description":"Click Here for English Esta semana marca o segundo Julho Negro, evento iniciado\u00a0h\u00e1 um ano, quando ativistas do Black Lives Matter\u00a0visitaram fam\u00edlias v\u00edtimas de viol\u00eancia policial no Rio de Janeiro. A s\u00e9rie de eventos que [...]","og_url":"https:\/\/rioonwatch.org.br\/?p=27055","og_site_name":"RioOnWatch","article_published_time":"2017-07-21T14:48:43+00:00","article_modified_time":"2021-06-27T13:52:19+00:00","og_image":[{"width":1147,"height":629,"url":"https:\/\/rioonwatch.org.br\/wp-content\/uploads\/2017\/07\/Ato-1147x629.png","type":"image\/png"}],"author":"Admin","twitter_card":"summary_large_image","twitter_misc":{"Escrito por":"Admin","Est. tempo de leitura":"3 minutos"},"schema":{"@context":"https:\/\/schema.org","@graph":[{"@type":"Article","@id":"https:\/\/rioonwatch.org.br\/?p=27055#article","isPartOf":{"@id":"https:\/\/rioonwatch.org.br\/?p=27055"},"author":{"name":"Admin","@id":"https:\/\/rioonwatch.org.br\/#\/schema\/person\/c6c09a0b56b38f0157a45b963ef3f269"},"headline":"Dia 2: &#8216;Julho Negro&#8217; Protesta Viol\u00eancia Policial no 24\u00ba Anivers\u00e1rio da Chacina da Candel\u00e1ria","datePublished":"2017-07-21T14:48:43+00:00","dateModified":"2021-06-27T13:52:19+00:00","mainEntityOfPage":{"@id":"https:\/\/rioonwatch.org.br\/?p=27055"},"wordCount":620,"publisher":{"@id":"https:\/\/rioonwatch.org.br\/#organization"},"image":{"@id":"https:\/\/rioonwatch.org.br\/?p=27055#primaryimage"},"thumbnailUrl":"https:\/\/rioonwatch.org.br\/wp-content\/uploads\/2017\/07\/Ato.png","keywords":["Black Lives Matter","Centro","chacina","chacina da Candel\u00e1ria","compara\u00e7\u00e3o internacional","Complexo da Mar\u00e9","EUA","F\u00f3rum de Manguinhos","Julho Negro","M\u00e3es de Maio","M\u00e3es de Manguinhos","mobiliza\u00e7\u00e3o","Movimento Moleque","Pol\u00edcia Militar","protesto","Rede Contra Viol\u00eancia","resist\u00eancia","t\u00e1ticas de organiza\u00e7\u00e3o","UPP","viol\u00eancia de Estado","viol\u00eancia policial"],"articleSection":["#OlhoNaParticipa\u00e7\u00e3o","*Destaque","Cobertura de Eventos","Den\u00fancias","Escrito por Aliados","Seguran\u00e7a P\u00fablica","Sociedade Civil","Solu\u00e7\u00f5es"],"inLanguage":"pt-BR"},{"@type":"WebPage","@id":"https:\/\/rioonwatch.org.br\/?p=27055","url":"https:\/\/rioonwatch.org.br\/?p=27055","name":"Dia 2: 'Julho Negro' Protesta Viol\u00eancia Policial no 24\u00ba Anivers\u00e1rio da Chacina da Candel\u00e1ria - RioOnWatch","isPartOf":{"@id":"https:\/\/rioonwatch.org.br\/#website"},"primaryImageOfPage":{"@id":"https:\/\/rioonwatch.org.br\/?p=27055#primaryimage"},"image":{"@id":"https:\/\/rioonwatch.org.br\/?p=27055#primaryimage"},"thumbnailUrl":"https:\/\/rioonwatch.org.br\/wp-content\/uploads\/2017\/07\/Ato.png","datePublished":"2017-07-21T14:48:43+00:00","dateModified":"2021-06-27T13:52:19+00:00","breadcrumb":{"@id":"https:\/\/rioonwatch.org.br\/?p=27055#breadcrumb"},"inLanguage":"pt-BR","potentialAction":[{"@type":"ReadAction","target":["https:\/\/rioonwatch.org.br\/?p=27055"]}]},{"@type":"ImageObject","inLanguage":"pt-BR","@id":"https:\/\/rioonwatch.org.br\/?p=27055#primaryimage","url":"https:\/\/rioonwatch.org.br\/wp-content\/uploads\/2017\/07\/Ato.png","contentUrl":"https:\/\/rioonwatch.org.br\/wp-content\/uploads\/2017\/07\/Ato.png","width":2000,"height":1097},{"@type":"BreadcrumbList","@id":"https:\/\/rioonwatch.org.br\/?p=27055#breadcrumb","itemListElement":[{"@type":"ListItem","position":1,"name":"In\u00edcio","item":"https:\/\/rioonwatch.org.br\/"},{"@type":"ListItem","position":2,"name":"Dia 2: &#8216;Julho Negro&#8217; Protesta Viol\u00eancia Policial no 24\u00ba Anivers\u00e1rio da Chacina da Candel\u00e1ria"}]},{"@type":"WebSite","@id":"https:\/\/rioonwatch.org.br\/#website","url":"https:\/\/rioonwatch.org.br\/","name":"RioOnWatch","description":"relatos das favelas cariocas","publisher":{"@id":"https:\/\/rioonwatch.org.br\/#organization"},"potentialAction":[{"@type":"SearchAction","target":{"@type":"EntryPoint","urlTemplate":"https:\/\/rioonwatch.org.br\/?s={search_term_string}"},"query-input":{"@type":"PropertyValueSpecification","valueRequired":true,"valueName":"search_term_string"}}],"inLanguage":"pt-BR"},{"@type":"Organization","@id":"https:\/\/rioonwatch.org.br\/#organization","name":"RioOnWatch","url":"https:\/\/rioonwatch.org.br\/","logo":{"@type":"ImageObject","inLanguage":"pt-BR","@id":"https:\/\/rioonwatch.org.br\/#\/schema\/logo\/image\/","url":"https:\/\/rioonwatch.org.br\/wp-content\/uploads\/2021\/06\/RioOnWatchcabecalhoPT11anos-2.png","contentUrl":"https:\/\/rioonwatch.org.br\/wp-content\/uploads\/2021\/06\/RioOnWatchcabecalhoPT11anos-2.png","width":779,"height":277,"caption":"RioOnWatch"},"image":{"@id":"https:\/\/rioonwatch.org.br\/#\/schema\/logo\/image\/"}},{"@type":"Person","@id":"https:\/\/rioonwatch.org.br\/#\/schema\/person\/c6c09a0b56b38f0157a45b963ef3f269","name":"Admin","image":{"@type":"ImageObject","inLanguage":"pt-BR","@id":"https:\/\/rioonwatch.org.br\/#\/schema\/person\/image\/","url":"https:\/\/secure.gravatar.com\/avatar\/da45c89efd4810dc70c16a5da3419806?s=96&d=blank&r=g","contentUrl":"https:\/\/secure.gravatar.com\/avatar\/da45c89efd4810dc70c16a5da3419806?s=96&d=blank&r=g","caption":"Admin"},"url":"https:\/\/rioonwatch.org.br\/?author=3"}]}},"_links":{"self":[{"href":"https:\/\/rioonwatch.org.br\/index.php?rest_route=\/wp\/v2\/posts\/27055"}],"collection":[{"href":"https:\/\/rioonwatch.org.br\/index.php?rest_route=\/wp\/v2\/posts"}],"about":[{"href":"https:\/\/rioonwatch.org.br\/index.php?rest_route=\/wp\/v2\/types\/post"}],"author":[{"embeddable":true,"href":"https:\/\/rioonwatch.org.br\/index.php?rest_route=\/wp\/v2\/users\/3"}],"replies":[{"embeddable":true,"href":"https:\/\/rioonwatch.org.br\/index.php?rest_route=%2Fwp%2Fv2%2Fcomments&post=27055"}],"version-history":[{"count":20,"href":"https:\/\/rioonwatch.org.br\/index.php?rest_route=\/wp\/v2\/posts\/27055\/revisions"}],"predecessor-version":[{"id":27131,"href":"https:\/\/rioonwatch.org.br\/index.php?rest_route=\/wp\/v2\/posts\/27055\/revisions\/27131"}],"wp:featuredmedia":[{"embeddable":true,"href":"https:\/\/rioonwatch.org.br\/index.php?rest_route=\/wp\/v2\/media\/27057"}],"wp:attachment":[{"href":"https:\/\/rioonwatch.org.br\/index.php?rest_route=%2Fwp%2Fv2%2Fmedia&parent=27055"}],"wp:term":[{"taxonomy":"category","embeddable":true,"href":"https:\/\/rioonwatch.org.br\/index.php?rest_route=%2Fwp%2Fv2%2Fcategories&post=27055"},{"taxonomy":"post_tag","embeddable":true,"href":"https:\/\/rioonwatch.org.br\/index.php?rest_route=%2Fwp%2Fv2%2Ftags&post=27055"},{"taxonomy":"writer","embeddable":true,"href":"https:\/\/rioonwatch.org.br\/index.php?rest_route=%2Fwp%2Fv2%2Fwriter&post=27055"},{"taxonomy":"translator","embeddable":true,"href":"https:\/\/rioonwatch.org.br\/index.php?rest_route=%2Fwp%2Fv2%2Ftranslator&post=27055"},{"taxonomy":"source","embeddable":true,"href":"https:\/\/rioonwatch.org.br\/index.php?rest_route=%2Fwp%2Fv2%2Fsource&post=27055"},{"taxonomy":"ilustrador","embeddable":true,"href":"https:\/\/rioonwatch.org.br\/index.php?rest_route=%2Fwp%2Fv2%2Filustrador&post=27055"},{"taxonomy":"fotografo","embeddable":true,"href":"https:\/\/rioonwatch.org.br\/index.php?rest_route=%2Fwp%2Fv2%2Ffotografo&post=27055"}],"curies":[{"name":"wp","href":"https:\/\/api.w.org\/{rel}","templated":true}]}}