{"id":27077,"date":"2017-07-21T16:07:03","date_gmt":"2017-07-21T19:07:03","guid":{"rendered":"http:\/\/rioonwatch.org.br\/?p=27077"},"modified":"2023-08-01T16:43:46","modified_gmt":"2023-08-01T19:43:46","slug":"dia-3-masculinidades-e-as-opressoes-do-machismo-discutidas-neste-julho-negro","status":"publish","type":"post","link":"https:\/\/rioonwatch.org.br\/?p=27077","title":{"rendered":"Dia 3: Din\u00e2mica &#8216;Machistas An\u00f4nimos&#8217; Usada para Discutir &#8216;Masculinidades e as Opress\u00f5es do Machismo&#8217; Neste &#8216;Julho Negro&#8217;"},"content":{"rendered":"<p style=\"text-align: right;\"><em><strong><a href=\"http:\/\/bit.ly\/2uIg9RI\" target=\"_blank\" rel=\"noopener noreferrer\">Click Here for English<img decoding=\"async\" width=\"20\" height=\"20\" class=\"alignright wp-image-15790\" src=\"http:\/\/rioonwatch.org.br\/wp-content\/uploads\/2012\/08\/EN-standard-e1439583104716.jpg\" alt=\"\" \/><\/a><\/strong><\/em><\/p>\n<p>No terceiro dia do segundo anual\u00a0<a href=\"http:\/\/bit.ly\/2vnBq17\" target=\"_blank\" rel=\"noopener\">Julho Negro<\/a>, o <a href=\"http:\/\/bit.ly\/1pK8M6N\" target=\"_blank\" rel=\"noopener\">F\u00f3rum de Juventudes do Rio de Janeiro<\/a> organizou um debate p\u00fablico sobre &#8220;<a href=\"http:\/\/bit.ly\/2ttICLS\" target=\"_blank\" rel=\"noopener\">Masculinidades e as Opress\u00f5es do Machismo<\/a>&#8220;. Foi a <a href=\"http:\/\/bit.ly\/2uaOmJ0\" target=\"_blank\" rel=\"noopener\">primeira vez<\/a> que o sexismo foi debatido durante a s\u00e9rie de eventos que aconteceram <a href=\"http:\/\/bit.ly\/2uEpryC\" target=\"_blank\" rel=\"noopener\">esta semana<\/a>.<\/p>\n<p>A discuss\u00e3o com aproximadamente sessenta participantes ocorreu no <a href=\"http:\/\/bit.ly\/2tOmhnr\" target=\"_blank\" rel=\"noopener\">Instituto Brasileiro de An\u00e1lise Econ\u00f4mica e Social (Ibase)<\/a>. Em poucos minutos, a sala estava t\u00e3o lotada que v\u00e1rios tiveram que sentar no ch\u00e3o.<\/p>\n<p>Marcus Nascimento do <a href=\"http:\/\/bit.ly\/2oj4964\" target=\"_blank\" rel=\"noopener\">Instituto Fernandes Figueira de Sa\u00fade da Mulher, da Crian\u00e7a e do Adolescente<\/a> da <a href=\"http:\/\/bit.ly\/2vIXZML\" target=\"_blank\" rel=\"noopener\">Fiocruz<\/a>, apresentou uma breve introdu\u00e7\u00e3o sobre o machismo onipresente no Brasil. Ele se concentrou nas m\u00faltiplas formas di\u00e1rias e muitas vezes sutis de sexismo que a maioria dos homens perpetua e experimenta, como os pais que mostram carinho para seus filhos apenas at\u00e9 uma certa idade. Quando seus filhos envelhecem, sua educa\u00e7\u00e3o emocional difere muito das suas filhas. Al\u00e9m disso, quando os homens se encontram, eles devem se dar um tapa nas costas em vez de trocarem abra\u00e7os, como as mulheres fazem quando se encontram. &#8220;Temos que desnaturalizar a viol\u00eancia&#8221;, disse ele. &#8220;Ningu\u00e9m nasceu violento.&#8221;<\/p>\n<p>Os oradores seguintes Andr\u00e9 Sobrinho da Fiocruz e Carlos Humberto da <a href=\"http:\/\/bit.ly\/2ucyrbB\" target=\"_blank\" rel=\"noopener\">Di\u00e1spora Black<\/a> refletiram sobre o privil\u00e9gio masculino e a necessidade de come\u00e7ar com si mesmo em vez de culpar os outros. Carlos trouxe um pequeno espelho e pediu a todos os presentes para darem uma olhada em si mesmo e compartilhar sua pr\u00f3pria hist\u00f3ria pessoal de machismo. A sugest\u00e3o foi bem-vinda pelo p\u00fablico, sendo apelidada de &#8220;Machistas An\u00f4nimos&#8221;.<\/p>\n<p><a href=\"http:\/\/rioonwatch.org.br\/wp-content\/uploads\/2017\/07\/Machismo-Julho-Negro-2.jpg\"><img fetchpriority=\"high\" decoding=\"async\" class=\"aligncenter wp-image-27078\" title=\"Foto por Tati Ana Lima\" src=\"http:\/\/rioonwatch.org.br\/wp-content\/uploads\/2017\/07\/Machismo-Julho-Negro-2.jpg\" alt=\"Foto por Tati Ana Lima\" width=\"620\" height=\"171\" srcset=\"https:\/\/rioonwatch.org.br\/wp-content\/uploads\/2017\/07\/Machismo-Julho-Negro-2.jpg 960w, https:\/\/rioonwatch.org.br\/wp-content\/uploads\/2017\/07\/Machismo-Julho-Negro-2-620x171.jpg 620w, https:\/\/rioonwatch.org.br\/wp-content\/uploads\/2017\/07\/Machismo-Julho-Negro-2-768x212.jpg 768w\" sizes=\"(max-width: 620px) 100vw, 620px\" \/><\/a><\/p>\n<p>Exemplos de machismo mencionados pelos participantes variaram de &#8220;roubar&#8221; um beijo sem pedir, at\u00e9 continuar dormindo enquanto a mulher cuida do rec\u00e9m-nascido todas as noites. Outros falaram de chamar um baixo desempenho desportivo de &#8220;gay&#8221; ou escolher &#8220;profiss\u00f5es masculinas&#8221; em vez de &#8220;carreiras femininas&#8221;. Muitos contaram hist\u00f3rias de sua inf\u00e2ncia, quando eram melhor tratados do que suas irm\u00e3s, nunca pedidos para lavar a lou\u00e7a e dados condi\u00e7\u00f5es melhores de ensino. Este tratamento preferencial em um est\u00e1gio inicial foi uma experi\u00eancia que muitos dos participantes compartilharam.<\/p>\n<p>No entanto, as causas mais profundas continuaram \u00e0 discutir. Carlos lembrou que &#8220;muitas das hist\u00f3rias come\u00e7am com &#8216;minha m\u00e3e&#8217;. Assim \u00e9 a mulher de novo que est\u00e1 sendo culpada, agora pelo pr\u00f3prio machismo&#8221;. Em resposta, uma m\u00e3e que estava presente pediu para outras mulheres pensarem no que elas mesmas fazem para perpetuar o machismo, e pararem de reproduzir uma cultura machista.<\/p>\n<p>Outra mulher questionou o sofrimento que uma cultura machista gera para os homens: &#8220;O que acontece com os homens que n\u00e3o podem satisfazer as exig\u00eancias da masculinidade? Muitas vezes, nem aprenderam a chorar&#8221;.<\/p>\n<p>Em sua declara\u00e7\u00e3o final, Andr\u00e9 concluiu: &#8220;Lutar para perder seu pr\u00f3prio privil\u00e9gio \u00e9 realmente dif\u00edcil&#8221;.<\/p>\n<!-- AddThis Advanced Settings generic via filter on the_content --><!-- AddThis Share Buttons generic via filter on the_content -->","protected":false},"excerpt":{"rendered":"<div class=\"mh-excerpt\"><p>Click Here for English No terceiro dia do segundo anual\u00a0Julho Negro, o F\u00f3rum de Juventudes do Rio de Janeiro organizou um debate p\u00fablico sobre &#8220;Masculinidades e as Opress\u00f5es do Machismo&#8220;. Foi a primeira vez que <a class=\"mh-excerpt-more\" href=\"https:\/\/rioonwatch.org.br\/?p=27077\" title=\"Dia 3: Din\u00e2mica &#8216;Machistas An\u00f4nimos&#8217; Usada para Discutir &#8216;Masculinidades e as Opress\u00f5es do Machismo&#8217; Neste &#8216;Julho Negro&#8217;\">[&#8230;]<\/a><!-- AddThis Advanced Settings generic via filter on get_the_excerpt --><!-- AddThis Share Buttons generic via filter on get_the_excerpt --><\/p>\n<\/div>","protected":false},"author":3,"featured_media":27079,"comment_status":"closed","ping_status":"closed","sticky":false,"template":"","format":"standard","meta":{"_acf_changed":false,"_monsterinsights_skip_tracking":false,"_monsterinsights_sitenote_active":false,"_monsterinsights_sitenote_note":"","_monsterinsights_sitenote_category":0,"footnotes":""},"categories":[1621,1627,1631,1626,1612,342],"tags":[2159,709,1110,88,2146,662,42,490,1936,1398,2163,476,30,2387],"writer":[1972],"translator":[1491],"source":[],"ilustrador":[],"fotografo":[],"class_list":{"0":"post-27077","1":"post","2":"type-post","3":"status-publish","4":"format-standard","5":"has-post-thumbnail","7":"category-destaque","8":"category-relato-de-evento","9":"category-entendendo-o-rio","10":"category-por-observadores-internacionais","11":"category-sociedade-civil","12":"category-solucoes","13":"tag-black-lives-matter","14":"tag-debate","15":"tag-direitos-dos-homossexuais","16":"tag-direitos-humanos","17":"tag-fiocruz","18":"tag-forum-de-juventude-do-rio-de-janeiro","19":"tag-genero","20":"tag-ibase","21":"tag-julho-negro","22":"tag-lgbt","23":"tag-sexismo","24":"tag-solucao-comunitaria","25":"tag-violencia","26":"tag-violencia-contra-a-mulher","27":"writer-lisa-hollenbach","28":"translator-patricia-gomes"},"acf":[],"yoast_head":"<!-- This site is optimized with the Yoast SEO plugin v25.6 - https:\/\/yoast.com\/wordpress\/plugins\/seo\/ -->\n<title>Dia 3: Din\u00e2mica &#039;Machistas An\u00f4nimos&#039; Usada para Discutir &#039;Masculinidades e as Opress\u00f5es do Machismo&#039; Neste &#039;Julho Negro&#039; - RioOnWatch<\/title>\n<meta name=\"robots\" content=\"index, follow, max-snippet:-1, max-image-preview:large, max-video-preview:-1\" \/>\n<link rel=\"canonical\" href=\"https:\/\/rioonwatch.org.br\/?p=27077\" \/>\n<meta property=\"og:locale\" content=\"pt_BR\" \/>\n<meta property=\"og:type\" content=\"article\" \/>\n<meta property=\"og:title\" content=\"Dia 3: Din\u00e2mica &#039;Machistas An\u00f4nimos&#039; Usada para Discutir &#039;Masculinidades e as Opress\u00f5es do Machismo&#039; Neste &#039;Julho Negro&#039; - RioOnWatch\" \/>\n<meta property=\"og:description\" content=\"Click Here for English No terceiro dia do segundo anual\u00a0Julho Negro, o F\u00f3rum de Juventudes do Rio de Janeiro organizou um debate p\u00fablico sobre &#8220;Masculinidades e as Opress\u00f5es do Machismo&#8220;. Foi a primeira vez que [...]\" \/>\n<meta property=\"og:url\" content=\"https:\/\/rioonwatch.org.br\/?p=27077\" \/>\n<meta property=\"og:site_name\" content=\"RioOnWatch\" \/>\n<meta property=\"article:published_time\" content=\"2017-07-21T19:07:03+00:00\" \/>\n<meta property=\"article:modified_time\" content=\"2023-08-01T19:43:46+00:00\" \/>\n<meta property=\"og:image\" content=\"https:\/\/rioonwatch.org.br\/wp-content\/uploads\/2017\/07\/Machismo-Julho-Negro-1.jpg\" \/>\n\t<meta property=\"og:image:width\" content=\"640\" \/>\n\t<meta property=\"og:image:height\" content=\"480\" \/>\n\t<meta property=\"og:image:type\" content=\"image\/jpeg\" \/>\n<meta name=\"author\" content=\"Admin\" \/>\n<meta name=\"twitter:card\" content=\"summary_large_image\" \/>\n<meta name=\"twitter:label1\" content=\"Escrito por\" \/>\n\t<meta name=\"twitter:data1\" content=\"Admin\" \/>\n\t<meta name=\"twitter:label2\" content=\"Est. tempo de leitura\" \/>\n\t<meta name=\"twitter:data2\" content=\"2 minutos\" \/>\n<script type=\"application\/ld+json\" class=\"yoast-schema-graph\">{\"@context\":\"https:\/\/schema.org\",\"@graph\":[{\"@type\":\"Article\",\"@id\":\"https:\/\/rioonwatch.org.br\/?p=27077#article\",\"isPartOf\":{\"@id\":\"https:\/\/rioonwatch.org.br\/?p=27077\"},\"author\":{\"name\":\"Admin\",\"@id\":\"https:\/\/rioonwatch.org.br\/#\/schema\/person\/c6c09a0b56b38f0157a45b963ef3f269\"},\"headline\":\"Dia 3: Din\u00e2mica &#8216;Machistas An\u00f4nimos&#8217; Usada para Discutir &#8216;Masculinidades e as Opress\u00f5es do Machismo&#8217; Neste &#8216;Julho Negro&#8217;\",\"datePublished\":\"2017-07-21T19:07:03+00:00\",\"dateModified\":\"2023-08-01T19:43:46+00:00\",\"mainEntityOfPage\":{\"@id\":\"https:\/\/rioonwatch.org.br\/?p=27077\"},\"wordCount\":518,\"publisher\":{\"@id\":\"https:\/\/rioonwatch.org.br\/#organization\"},\"image\":{\"@id\":\"https:\/\/rioonwatch.org.br\/?p=27077#primaryimage\"},\"thumbnailUrl\":\"https:\/\/rioonwatch.org.br\/wp-content\/uploads\/2017\/07\/Machismo-Julho-Negro-1.jpg\",\"keywords\":[\"Black Lives Matter\",\"debate\",\"direitos dos homossexuais\",\"Direitos Humanos\",\"Fiocruz\",\"Forum de Juventudes do Rio de Janeiro\",\"g\u00eanero\",\"iBase\",\"Julho Negro\",\"LGBTQIAPN+\",\"sexismo\",\"solu\u00e7\u00e3o comunit\u00e1ria\",\"viol\u00eancia\",\"viol\u00eancia contra a mulher\"],\"articleSection\":[\"*Destaque\",\"Cobertura de Eventos\",\"Entendendo o Rio\",\"Escrito por Aliados\",\"Sociedade Civil\",\"Solu\u00e7\u00f5es\"],\"inLanguage\":\"pt-BR\"},{\"@type\":\"WebPage\",\"@id\":\"https:\/\/rioonwatch.org.br\/?p=27077\",\"url\":\"https:\/\/rioonwatch.org.br\/?p=27077\",\"name\":\"Dia 3: Din\u00e2mica 'Machistas An\u00f4nimos' Usada para Discutir 'Masculinidades e as Opress\u00f5es do Machismo' Neste 'Julho Negro' - RioOnWatch\",\"isPartOf\":{\"@id\":\"https:\/\/rioonwatch.org.br\/#website\"},\"primaryImageOfPage\":{\"@id\":\"https:\/\/rioonwatch.org.br\/?p=27077#primaryimage\"},\"image\":{\"@id\":\"https:\/\/rioonwatch.org.br\/?p=27077#primaryimage\"},\"thumbnailUrl\":\"https:\/\/rioonwatch.org.br\/wp-content\/uploads\/2017\/07\/Machismo-Julho-Negro-1.jpg\",\"datePublished\":\"2017-07-21T19:07:03+00:00\",\"dateModified\":\"2023-08-01T19:43:46+00:00\",\"breadcrumb\":{\"@id\":\"https:\/\/rioonwatch.org.br\/?p=27077#breadcrumb\"},\"inLanguage\":\"pt-BR\",\"potentialAction\":[{\"@type\":\"ReadAction\",\"target\":[\"https:\/\/rioonwatch.org.br\/?p=27077\"]}]},{\"@type\":\"ImageObject\",\"inLanguage\":\"pt-BR\",\"@id\":\"https:\/\/rioonwatch.org.br\/?p=27077#primaryimage\",\"url\":\"https:\/\/rioonwatch.org.br\/wp-content\/uploads\/2017\/07\/Machismo-Julho-Negro-1.jpg\",\"contentUrl\":\"https:\/\/rioonwatch.org.br\/wp-content\/uploads\/2017\/07\/Machismo-Julho-Negro-1.jpg\",\"width\":640,\"height\":480},{\"@type\":\"BreadcrumbList\",\"@id\":\"https:\/\/rioonwatch.org.br\/?p=27077#breadcrumb\",\"itemListElement\":[{\"@type\":\"ListItem\",\"position\":1,\"name\":\"In\u00edcio\",\"item\":\"https:\/\/rioonwatch.org.br\/\"},{\"@type\":\"ListItem\",\"position\":2,\"name\":\"Dia 3: Din\u00e2mica &#8216;Machistas An\u00f4nimos&#8217; Usada para Discutir &#8216;Masculinidades e as Opress\u00f5es do Machismo&#8217; Neste &#8216;Julho Negro&#8217;\"}]},{\"@type\":\"WebSite\",\"@id\":\"https:\/\/rioonwatch.org.br\/#website\",\"url\":\"https:\/\/rioonwatch.org.br\/\",\"name\":\"RioOnWatch\",\"description\":\"relatos das favelas cariocas\",\"publisher\":{\"@id\":\"https:\/\/rioonwatch.org.br\/#organization\"},\"potentialAction\":[{\"@type\":\"SearchAction\",\"target\":{\"@type\":\"EntryPoint\",\"urlTemplate\":\"https:\/\/rioonwatch.org.br\/?s={search_term_string}\"},\"query-input\":{\"@type\":\"PropertyValueSpecification\",\"valueRequired\":true,\"valueName\":\"search_term_string\"}}],\"inLanguage\":\"pt-BR\"},{\"@type\":\"Organization\",\"@id\":\"https:\/\/rioonwatch.org.br\/#organization\",\"name\":\"RioOnWatch\",\"url\":\"https:\/\/rioonwatch.org.br\/\",\"logo\":{\"@type\":\"ImageObject\",\"inLanguage\":\"pt-BR\",\"@id\":\"https:\/\/rioonwatch.org.br\/#\/schema\/logo\/image\/\",\"url\":\"https:\/\/rioonwatch.org.br\/wp-content\/uploads\/2021\/06\/RioOnWatchcabecalhoPT11anos-2.png\",\"contentUrl\":\"https:\/\/rioonwatch.org.br\/wp-content\/uploads\/2021\/06\/RioOnWatchcabecalhoPT11anos-2.png\",\"width\":779,\"height\":277,\"caption\":\"RioOnWatch\"},\"image\":{\"@id\":\"https:\/\/rioonwatch.org.br\/#\/schema\/logo\/image\/\"}},{\"@type\":\"Person\",\"@id\":\"https:\/\/rioonwatch.org.br\/#\/schema\/person\/c6c09a0b56b38f0157a45b963ef3f269\",\"name\":\"Admin\",\"image\":{\"@type\":\"ImageObject\",\"inLanguage\":\"pt-BR\",\"@id\":\"https:\/\/rioonwatch.org.br\/#\/schema\/person\/image\/\",\"url\":\"https:\/\/secure.gravatar.com\/avatar\/da45c89efd4810dc70c16a5da3419806?s=96&d=blank&r=g\",\"contentUrl\":\"https:\/\/secure.gravatar.com\/avatar\/da45c89efd4810dc70c16a5da3419806?s=96&d=blank&r=g\",\"caption\":\"Admin\"},\"url\":\"https:\/\/rioonwatch.org.br\/?author=3\"}]}<\/script>\n<!-- \/ Yoast SEO plugin. -->","yoast_head_json":{"title":"Dia 3: Din\u00e2mica 'Machistas An\u00f4nimos' Usada para Discutir 'Masculinidades e as Opress\u00f5es do Machismo' Neste 'Julho Negro' - RioOnWatch","robots":{"index":"index","follow":"follow","max-snippet":"max-snippet:-1","max-image-preview":"max-image-preview:large","max-video-preview":"max-video-preview:-1"},"canonical":"https:\/\/rioonwatch.org.br\/?p=27077","og_locale":"pt_BR","og_type":"article","og_title":"Dia 3: Din\u00e2mica 'Machistas An\u00f4nimos' Usada para Discutir 'Masculinidades e as Opress\u00f5es do Machismo' Neste 'Julho Negro' - RioOnWatch","og_description":"Click Here for English No terceiro dia do segundo anual\u00a0Julho Negro, o F\u00f3rum de Juventudes do Rio de Janeiro organizou um debate p\u00fablico sobre &#8220;Masculinidades e as Opress\u00f5es do Machismo&#8220;. Foi a primeira vez que [...]","og_url":"https:\/\/rioonwatch.org.br\/?p=27077","og_site_name":"RioOnWatch","article_published_time":"2017-07-21T19:07:03+00:00","article_modified_time":"2023-08-01T19:43:46+00:00","og_image":[{"width":640,"height":480,"url":"https:\/\/rioonwatch.org.br\/wp-content\/uploads\/2017\/07\/Machismo-Julho-Negro-1.jpg","type":"image\/jpeg"}],"author":"Admin","twitter_card":"summary_large_image","twitter_misc":{"Escrito por":"Admin","Est. tempo de leitura":"2 minutos"},"schema":{"@context":"https:\/\/schema.org","@graph":[{"@type":"Article","@id":"https:\/\/rioonwatch.org.br\/?p=27077#article","isPartOf":{"@id":"https:\/\/rioonwatch.org.br\/?p=27077"},"author":{"name":"Admin","@id":"https:\/\/rioonwatch.org.br\/#\/schema\/person\/c6c09a0b56b38f0157a45b963ef3f269"},"headline":"Dia 3: Din\u00e2mica &#8216;Machistas An\u00f4nimos&#8217; Usada para Discutir &#8216;Masculinidades e as Opress\u00f5es do Machismo&#8217; Neste &#8216;Julho Negro&#8217;","datePublished":"2017-07-21T19:07:03+00:00","dateModified":"2023-08-01T19:43:46+00:00","mainEntityOfPage":{"@id":"https:\/\/rioonwatch.org.br\/?p=27077"},"wordCount":518,"publisher":{"@id":"https:\/\/rioonwatch.org.br\/#organization"},"image":{"@id":"https:\/\/rioonwatch.org.br\/?p=27077#primaryimage"},"thumbnailUrl":"https:\/\/rioonwatch.org.br\/wp-content\/uploads\/2017\/07\/Machismo-Julho-Negro-1.jpg","keywords":["Black Lives Matter","debate","direitos dos homossexuais","Direitos Humanos","Fiocruz","Forum de Juventudes do Rio de Janeiro","g\u00eanero","iBase","Julho Negro","LGBTQIAPN+","sexismo","solu\u00e7\u00e3o comunit\u00e1ria","viol\u00eancia","viol\u00eancia contra a mulher"],"articleSection":["*Destaque","Cobertura de Eventos","Entendendo o Rio","Escrito por Aliados","Sociedade Civil","Solu\u00e7\u00f5es"],"inLanguage":"pt-BR"},{"@type":"WebPage","@id":"https:\/\/rioonwatch.org.br\/?p=27077","url":"https:\/\/rioonwatch.org.br\/?p=27077","name":"Dia 3: Din\u00e2mica 'Machistas An\u00f4nimos' Usada para Discutir 'Masculinidades e as Opress\u00f5es do Machismo' Neste 'Julho Negro' - RioOnWatch","isPartOf":{"@id":"https:\/\/rioonwatch.org.br\/#website"},"primaryImageOfPage":{"@id":"https:\/\/rioonwatch.org.br\/?p=27077#primaryimage"},"image":{"@id":"https:\/\/rioonwatch.org.br\/?p=27077#primaryimage"},"thumbnailUrl":"https:\/\/rioonwatch.org.br\/wp-content\/uploads\/2017\/07\/Machismo-Julho-Negro-1.jpg","datePublished":"2017-07-21T19:07:03+00:00","dateModified":"2023-08-01T19:43:46+00:00","breadcrumb":{"@id":"https:\/\/rioonwatch.org.br\/?p=27077#breadcrumb"},"inLanguage":"pt-BR","potentialAction":[{"@type":"ReadAction","target":["https:\/\/rioonwatch.org.br\/?p=27077"]}]},{"@type":"ImageObject","inLanguage":"pt-BR","@id":"https:\/\/rioonwatch.org.br\/?p=27077#primaryimage","url":"https:\/\/rioonwatch.org.br\/wp-content\/uploads\/2017\/07\/Machismo-Julho-Negro-1.jpg","contentUrl":"https:\/\/rioonwatch.org.br\/wp-content\/uploads\/2017\/07\/Machismo-Julho-Negro-1.jpg","width":640,"height":480},{"@type":"BreadcrumbList","@id":"https:\/\/rioonwatch.org.br\/?p=27077#breadcrumb","itemListElement":[{"@type":"ListItem","position":1,"name":"In\u00edcio","item":"https:\/\/rioonwatch.org.br\/"},{"@type":"ListItem","position":2,"name":"Dia 3: Din\u00e2mica &#8216;Machistas An\u00f4nimos&#8217; Usada para Discutir &#8216;Masculinidades e as Opress\u00f5es do Machismo&#8217; Neste &#8216;Julho Negro&#8217;"}]},{"@type":"WebSite","@id":"https:\/\/rioonwatch.org.br\/#website","url":"https:\/\/rioonwatch.org.br\/","name":"RioOnWatch","description":"relatos das favelas cariocas","publisher":{"@id":"https:\/\/rioonwatch.org.br\/#organization"},"potentialAction":[{"@type":"SearchAction","target":{"@type":"EntryPoint","urlTemplate":"https:\/\/rioonwatch.org.br\/?s={search_term_string}"},"query-input":{"@type":"PropertyValueSpecification","valueRequired":true,"valueName":"search_term_string"}}],"inLanguage":"pt-BR"},{"@type":"Organization","@id":"https:\/\/rioonwatch.org.br\/#organization","name":"RioOnWatch","url":"https:\/\/rioonwatch.org.br\/","logo":{"@type":"ImageObject","inLanguage":"pt-BR","@id":"https:\/\/rioonwatch.org.br\/#\/schema\/logo\/image\/","url":"https:\/\/rioonwatch.org.br\/wp-content\/uploads\/2021\/06\/RioOnWatchcabecalhoPT11anos-2.png","contentUrl":"https:\/\/rioonwatch.org.br\/wp-content\/uploads\/2021\/06\/RioOnWatchcabecalhoPT11anos-2.png","width":779,"height":277,"caption":"RioOnWatch"},"image":{"@id":"https:\/\/rioonwatch.org.br\/#\/schema\/logo\/image\/"}},{"@type":"Person","@id":"https:\/\/rioonwatch.org.br\/#\/schema\/person\/c6c09a0b56b38f0157a45b963ef3f269","name":"Admin","image":{"@type":"ImageObject","inLanguage":"pt-BR","@id":"https:\/\/rioonwatch.org.br\/#\/schema\/person\/image\/","url":"https:\/\/secure.gravatar.com\/avatar\/da45c89efd4810dc70c16a5da3419806?s=96&d=blank&r=g","contentUrl":"https:\/\/secure.gravatar.com\/avatar\/da45c89efd4810dc70c16a5da3419806?s=96&d=blank&r=g","caption":"Admin"},"url":"https:\/\/rioonwatch.org.br\/?author=3"}]}},"_links":{"self":[{"href":"https:\/\/rioonwatch.org.br\/index.php?rest_route=\/wp\/v2\/posts\/27077"}],"collection":[{"href":"https:\/\/rioonwatch.org.br\/index.php?rest_route=\/wp\/v2\/posts"}],"about":[{"href":"https:\/\/rioonwatch.org.br\/index.php?rest_route=\/wp\/v2\/types\/post"}],"author":[{"embeddable":true,"href":"https:\/\/rioonwatch.org.br\/index.php?rest_route=\/wp\/v2\/users\/3"}],"replies":[{"embeddable":true,"href":"https:\/\/rioonwatch.org.br\/index.php?rest_route=%2Fwp%2Fv2%2Fcomments&post=27077"}],"version-history":[{"count":8,"href":"https:\/\/rioonwatch.org.br\/index.php?rest_route=\/wp\/v2\/posts\/27077\/revisions"}],"predecessor-version":[{"id":27133,"href":"https:\/\/rioonwatch.org.br\/index.php?rest_route=\/wp\/v2\/posts\/27077\/revisions\/27133"}],"wp:featuredmedia":[{"embeddable":true,"href":"https:\/\/rioonwatch.org.br\/index.php?rest_route=\/wp\/v2\/media\/27079"}],"wp:attachment":[{"href":"https:\/\/rioonwatch.org.br\/index.php?rest_route=%2Fwp%2Fv2%2Fmedia&parent=27077"}],"wp:term":[{"taxonomy":"category","embeddable":true,"href":"https:\/\/rioonwatch.org.br\/index.php?rest_route=%2Fwp%2Fv2%2Fcategories&post=27077"},{"taxonomy":"post_tag","embeddable":true,"href":"https:\/\/rioonwatch.org.br\/index.php?rest_route=%2Fwp%2Fv2%2Ftags&post=27077"},{"taxonomy":"writer","embeddable":true,"href":"https:\/\/rioonwatch.org.br\/index.php?rest_route=%2Fwp%2Fv2%2Fwriter&post=27077"},{"taxonomy":"translator","embeddable":true,"href":"https:\/\/rioonwatch.org.br\/index.php?rest_route=%2Fwp%2Fv2%2Ftranslator&post=27077"},{"taxonomy":"source","embeddable":true,"href":"https:\/\/rioonwatch.org.br\/index.php?rest_route=%2Fwp%2Fv2%2Fsource&post=27077"},{"taxonomy":"ilustrador","embeddable":true,"href":"https:\/\/rioonwatch.org.br\/index.php?rest_route=%2Fwp%2Fv2%2Filustrador&post=27077"},{"taxonomy":"fotografo","embeddable":true,"href":"https:\/\/rioonwatch.org.br\/index.php?rest_route=%2Fwp%2Fv2%2Ffotografo&post=27077"}],"curies":[{"name":"wp","href":"https:\/\/api.w.org\/{rel}","templated":true}]}}