{"id":27095,"date":"2017-07-25T23:25:46","date_gmt":"2017-07-26T02:25:46","guid":{"rendered":"http:\/\/rioonwatch.org.br\/?p=27095"},"modified":"2018-06-13T13:22:16","modified_gmt":"2018-06-13T16:22:16","slug":"dia-4-para-alem-dos-numeros-a-baixada-grita-por-uma-analise-critica-do-atlas-da-violencia","status":"publish","type":"post","link":"https:\/\/rioonwatch.org.br\/?p=27095","title":{"rendered":"Julho Negro Dia 4b: &#8216;Para Al\u00e9m dos N\u00fameros&#8217;, a Baixada Grita por uma An\u00e1lise Cr\u00edtica do Atlas da Viol\u00eancia"},"content":{"rendered":"<p style=\"text-align: right;\"><em><strong><a href=\"http:\/\/bit.ly\/2gWYuQQ\" target=\"_blank\" rel=\"noopener noreferrer\">Click Here for English<img decoding=\"async\" width=\"20\" height=\"20\" class=\"alignright wp-image-15790\" src=\"http:\/\/rioonwatch.org.br\/wp-content\/uploads\/2012\/08\/EN-standard-e1439583104716.jpg\" alt=\"\" \/><\/a><\/strong><\/em><\/p>\n<p>Como parte da semana <a href=\"http:\/\/bit.ly\/2vnBq17\" target=\"_blank\" rel=\"noopener\">Julho Negro<\/a>, o <a href=\"http:\/\/bit.ly\/2o9Uc8b\" target=\"_blank\" rel=\"noopener\">Centro de Direitos Humanos da Diocese de Nova Igua\u00e7u<\/a> e o <a href=\"http:\/\/bit.ly\/2rb1xcB\" target=\"_blank\" rel=\"noopener noreferrer\">F\u00f3rum Grita Baixada<\/a>\u00a0realizaram um painel para discutir o <a href=\"http:\/\/bit.ly\/2gWyTI4\" target=\"_blank\" rel=\"noopener\">Atlas de Viol\u00eancia 2017<\/a>, um estudo publicado recentemente sobre a viol\u00eancia e homic\u00eddios no Brasil realizado pelo <a href=\"http:\/\/bit.ly\/2v33ry7\" target=\"_blank\" rel=\"noopener\">Instituto de Pesquisa Econ\u00f4mica Aplicada<\/a> (IPEA). O estudo mostra que jovens negros s\u00e3o as principais v\u00edtimas da viol\u00eancia no Brasil. O painel do Julho Negro, intitulado &#8220;Para Al\u00e9m dos N\u00fameros&#8221;, ilustrou a import\u00e2ncia da humaniza\u00e7\u00e3o das estat\u00edsticas e das pesquisas. Especificamente, os pesquisadores revelaram o <a href=\"http:\/\/bit.ly\/2buISj2\" target=\"_blank\" rel=\"noopener\">racismo institucionalizado<\/a> por tr\u00e1s dos n\u00fameros surpreendentes que colocam a pol\u00edcia brasileira como uma das <a href=\"http:\/\/bit.ly\/2tUXJZP\" target=\"_blank\" rel=\"noopener\">mais assassinas<\/a> em todo o mundo.<\/p>\n<p><a href=\"http:\/\/bit.ly\/2vSskZF\" target=\"_blank\" rel=\"noopener\">O painel<\/a> aconteceu em <a href=\"http:\/\/bit.ly\/1xgiXjq\" target=\"_blank\" rel=\"noopener\">Nova Igua\u00e7u<\/a>, na <a href=\"http:\/\/bit.ly\/1SH1OYa\" target=\"_blank\" rel=\"noopener\">Baixada Fluminense<\/a>, regi\u00e3o que convive com a <a href=\"http:\/\/bit.ly\/1K8LVUg\" target=\"_blank\" rel=\"noopener\">neglig\u00eancia do Estado<\/a> e tem uma forte hist\u00f3ria de <a href=\"http:\/\/bit.ly\/1piRAgk\" target=\"_blank\" rel=\"noopener\">resist\u00eancia<\/a>. Como um membro da audi\u00eancia comentou, &#8220;a Baixada sempre gritou&#8221; desde suas ra\u00edzes como o <a href=\"http:\/\/bit.ly\/2tuhzvH\" target=\"_blank\" rel=\"noopener\">Quilombo de Igua\u00e7u<\/a>, e continua sua luta para ser ouvida. Esta n\u00e3o \u00e9 a primeira vez que v\u00e1rias organiza\u00e7\u00f5es da Baixada manifestam suas preocupa\u00e7\u00f5es com a seguran\u00e7a p\u00fablica e a viol\u00eancia policial generalizada. Em setembro de 2016, <a href=\"http:\/\/bit.ly\/2d5GaAt\" target=\"_blank\" rel=\"noopener\">outro relat\u00f3rio foi divulgado<\/a> sobre a viola\u00e7\u00e3o do Estado em rela\u00e7\u00e3o aos direitos humanos.<\/p>\n<p><a href=\"http:\/\/rioonwatch.org.br\/wp-content\/uploads\/2017\/07\/Atlas-de-Violencia.png\"><img fetchpriority=\"high\" decoding=\"async\" class=\"aligncenter size-medium wp-image-27101\" src=\"http:\/\/rioonwatch.org.br\/wp-content\/uploads\/2017\/07\/Atlas-de-Violencia-620x436.png\" alt=\"\" width=\"620\" height=\"436\" srcset=\"https:\/\/rioonwatch.org.br\/wp-content\/uploads\/2017\/07\/Atlas-de-Violencia-620x436.png 620w, https:\/\/rioonwatch.org.br\/wp-content\/uploads\/2017\/07\/Atlas-de-Violencia-375x264.png 375w, https:\/\/rioonwatch.org.br\/wp-content\/uploads\/2017\/07\/Atlas-de-Violencia.png 699w\" sizes=\"(max-width: 620px) 100vw, 620px\" \/><\/a><\/p>\n<p>O Atlas de Viol\u00eancia 2017 mostra que, em rela\u00e7\u00e3o aos 48.136 homic\u00eddios ocorridos no Brasil em 2005, o n\u00famero de mortes aumentou significativamente nos \u00faltimos dez anos. Em 2015, o pa\u00eds registrou um total de 59.080 homic\u00eddios, uma propor\u00e7\u00e3o de 28,9 mortes por cada 100.000 habitantes.<\/p>\n<p>Embora a taxa de homic\u00eddios do Rio tenha diminu\u00eddo significativamente em 36,4% entre 2005 e 2015, recentemente, as estat\u00edsticas de \u00f3bitos associados a interven\u00e7\u00f5es policiais legais (sem contar atividades <a href=\"http:\/\/bit.ly\/1fQqGHL\" target=\"_blank\" rel=\"noopener\">ilegais ou il\u00edcitas<\/a>) e as opera\u00e7\u00f5es de guerra no Rio aumentaram. Este ano, os assassinatos por policiais no Rio de Janeiro aumentaram 60% (178 mortes) em rela\u00e7\u00e3o a janeiro a abril de 2016 (111). Enquanto trocas de tiro da pol\u00edcia deixam <a href=\"https:\/\/glo.bo\/2v4hShi\" target=\"_blank\" rel=\"noopener\">v\u00edtima ap\u00f3s v\u00edtima inocentes<\/a>, e moradores de favelas se engajam em protesto ap\u00f3s protesto contra a viol\u00eancia, a <a href=\"http:\/\/bit.ly\/2tw4jL3\" target=\"_blank\" rel=\"noopener\">legitimidade e a efic\u00e1cia de interven\u00e7\u00f5es policiais como solu\u00e7\u00e3o para a criminalidade e a viol\u00eancia s\u00e3o cada vez mais debatidas<\/a>.<\/p>\n<p><a href=\"http:\/\/rioonwatch.org.br\/wp-content\/uploads\/2017\/07\/20170720_192944.jpg\"><img decoding=\"async\" class=\"aligncenter wp-image-27102 size-content\" title=\"Fonte: Grita Baixada\" src=\"http:\/\/rioonwatch.org.br\/wp-content\/uploads\/2017\/07\/20170720_192944-620x264.jpg\" alt=\"\" width=\"620\" height=\"264\" srcset=\"https:\/\/rioonwatch.org.br\/wp-content\/uploads\/2017\/07\/20170720_192944-620x264.jpg 620w, https:\/\/rioonwatch.org.br\/wp-content\/uploads\/2017\/07\/20170720_192944-940x400.jpg 940w\" sizes=\"(max-width: 620px) 100vw, 620px\" \/><\/a><\/p>\n<p>Juntamente e para al\u00e9m do reconhecimento desses n\u00fameros, o evento abriu o debate para falar sobre as conseq\u00fc\u00eancias e experi\u00eancias sociais das comunidades que vivem sob constantes opera\u00e7\u00f5es policiais militarizadas em favelas e a condi\u00e7\u00e3o de\u00a0<a href=\"http:\/\/bit.ly\/2buISj2\" target=\"_blank\" rel=\"noopener\">criminaliza\u00e7\u00e3o<\/a>. Compreender o contexto social do Rio, e neste caso da Baixada, permite uma an\u00e1lise cr\u00edtica das estat\u00edsticas recentemente publicadas. A Baixada vive o problema grave das\u00a0<a href=\"http:\/\/bit.ly\/1fQqGHL\" target=\"_blank\" rel=\"noopener\">mil\u00edcias<\/a>. A pol\u00edcia \u00e9 altamente militarizada e usa <a href=\"http:\/\/bit.ly\/2kzOiye\" target=\"_blank\" rel=\"noopener\">caveir\u00f5es<\/a>. Execu\u00e7\u00f5es pela pol\u00edcia s\u00e3o comuns, como o caso em Japeri, onde pelo menos oito pessoas foram assassinadas pelo <a href=\"http:\/\/bit.ly\/17Rt28e\" target=\"_blank\" rel=\"noopener\">BOPE<\/a>. A viol\u00eancia vivida pelos moradores da Baixada e as pessoas que vivem nas favelas do Rio \u00e9 uma conseq\u00fc\u00eancia da cont\u00ednua mentalidade <a href=\"http:\/\/bit.ly\/1Hg4Zj3\" target=\"_blank\" rel=\"noopener\">escravocrata da sociedade<\/a>\u00a0brasileira, que \u00e9 encarnada e perpetuada pelo Estado.\u00a0Este entendimento, ao lado do Atlas da Viol\u00eancia, preparou o terreno para um debate produtivo sobre alternativas para garantir uma seguran\u00e7a p\u00fablica em que as vidas das pessoas s\u00e3o preservadas e valorizadas.<\/p>\n<p>O primeiro palestrante foi Frans\u00e9rgio Goulart, historiador e assessor pol\u00edtico do Centro de Direitos Humanos da Diocese de Nova Igua\u00e7u. Ativista comprometido na luta para acabar com a viol\u00eancia do Estado contra os moradores das favelas, Frans\u00e9rgio falou sobre o <a href=\"http:\/\/bit.ly\/2qTopcb\" target=\"_blank\" rel=\"noopener\">papel da branquitude<\/a> e da supremacia branca no debate sobre a seguran\u00e7a p\u00fablica. &#8220;No debate de seguran\u00e7a p\u00fablica sempre se fala de pol\u00edcia, dos negros, etc. que s\u00e3o dados que de alguma forma a popula\u00e7\u00e3o negra j\u00e1 sabe. Que outros fatores a gente precisa colocar nesse debate?&#8221; Frans\u00e9rgio continuou a explicar que o privil\u00e9gio branco precisa ser adicionado ao debate para enfrentar a quest\u00e3o da seguran\u00e7a p\u00fablica: &#8220;O fim do racismo s\u00f3 ser\u00e1 poss\u00edvel com o fim da branquitude&#8230; Se a gente n\u00e3o enfrentar e pautar o tema do privil\u00e9gio, n\u00e3o vamos conseguir ter uma pol\u00edtica de seguran\u00e7a&#8221;. Frans\u00e9rgio continuou confrontando o papel dos pesquisadores brancos: &#8220;Os brancos pesquisadores pouco falam que os indices de homic\u00eddio entre os brancos diminuem. T\u00eam que se entender como oppressor&#8221;. Essa autoconsci\u00eancia \u00e9 crucial para erradicar a supremacia branca. Ele continuou enfatizando o potencial do movimento das <a href=\"http:\/\/bit.ly\/2qF2KF4\" target=\"_blank\" rel=\"noopener noreferrer\">M\u00e3es e Familiares de V\u00edtimas do Terrorismo do Estado<\/a>: &#8220;Se tem hoje um movimento revolucion\u00e1rio, s\u00e3o m\u00e3es e familiares de v\u00edtimas do Estado&#8230; Elas s\u00e3o hoje um grupo, maioria mulheres negras muito potente nessa luta. Essa rede nacional hoje \u00e9 o grande ator protagonista contra a viol\u00eancia do Estado no Brasil&#8221;.<\/p>\n<p><a href=\"http:\/\/rioonwatch.org.br\/wp-content\/uploads\/2017\/07\/Atlas-de-Violencia-3.jpg\"><img loading=\"lazy\" decoding=\"async\" class=\"aligncenter size-content wp-image-27105\" src=\"http:\/\/rioonwatch.org.br\/wp-content\/uploads\/2017\/07\/Atlas-de-Violencia-3-620x264.jpg\" alt=\"\" width=\"620\" height=\"264\" srcset=\"https:\/\/rioonwatch.org.br\/wp-content\/uploads\/2017\/07\/Atlas-de-Violencia-3-620x264.jpg 620w, https:\/\/rioonwatch.org.br\/wp-content\/uploads\/2017\/07\/Atlas-de-Violencia-3-940x400.jpg 940w\" sizes=\"(max-width: 620px) 100vw, 620px\" \/><\/a><\/p>\n<p>O painel inclu\u00eda outros integrantes, sendo eles: <a href=\"http:\/\/bit.ly\/2qF2KF4\" target=\"_blank\" rel=\"noopener\">Daniel Cerqueira<\/a>, pesquisador do IPEA, e <a href=\"http:\/\/bit.ly\/2eHLDkS\" target=\"_blank\" rel=\"noopener\">Jurema Werneck<\/a>, diretora executiva da <a href=\"http:\/\/bit.ly\/1o92vjf\" target=\"_blank\" rel=\"noopener\">Anistia Internacional Brasil<\/a>. &#8220;A assist\u00eancia publica tem que enfrentar o racismo em todas suas dimens\u00f5es&#8221;, afirmou Jurema enquanto explicava como a seguran\u00e7a p\u00fablica \u00e9 historicamente militarizada no pa\u00eds e, portanto, a &#8220;seguran\u00e7a cidad\u00e3&#8221; deveria ser vista e pressionada como uma pol\u00edtica de seguran\u00e7a alternativa. A seguran\u00e7a cidad\u00e3, ela explica, realmente serve para proteger seus cidad\u00e3os em vez de usar a viol\u00eancia contra eles atrav\u00e9s da militariza\u00e7\u00e3o. &#8220;O levantamento conduzido pelo <a href=\"http:\/\/bit.ly\/2vSIzpg\" target=\"_blank\" rel=\"noopener\">CESeC<\/a>\u00a0(Centro de Estudos de Seguran\u00e7a e Cidadania) no Rio mostra que 92% acha que a pol\u00edcia n\u00e3o tem direito de matar ningu\u00e9m&#8230; A gente precisa contestar a perspectiva e rela\u00e7\u00e3o entre a seguran\u00e7a p\u00fablica e a\u00a0<a href=\"http:\/\/bit.ly\/2tyn2Se\" target=\"_blank\" rel=\"noopener\">guerra \u00e0s drogas<\/a>. Todo mundo sabe que uma guerra produz mortes, mata muito&#8221;. Ela continuou argumentando pelo desarmamento da pol\u00edcia: &#8220;O Brasil precisa reconhecer o protocolo internacional para proteger as vidas das pessoas. Se n\u00fameros demonstram que a pol\u00edcia est\u00e1 matando, essa for\u00e7a precisa ser desarmada&#8221;.<\/p>\n<p>Ap\u00f3s os palestrantes, a plat\u00e9ia p\u00f4de fazer coment\u00e1rios e perguntas, nos quais os participantes, em sua maioria moradores da Baixada, ampliaram as discuss\u00f5es cr\u00edticas. Os t\u00f3picos abordados inclu\u00edram a necessidade de centralizar a discuss\u00e3o&#8211;em debates sobre seguran\u00e7a p\u00fablica&#8211;nos privil\u00e9gios e nas estrat\u00e9gias da elite para se manter no poder. A Prefeitura investe em educa\u00e7\u00e3o, seguran\u00e7a e sa\u00fade em \u00e1reas ricas, como a Zona Sul da cidade, mas envia policiais militares violentos para favelas e neglig\u00eancia suas necessidades b\u00e1sicas. A viol\u00eancia do Estado funciona como uma ferramenta de opress\u00e3o e, de fato, serve para preservar a supremacia e privil\u00e9gio dos brancos. As pessoas tamb\u00e9m falaram como o Estado est\u00e1 envolvido no planejamento contra-insurgente. A pol\u00edcia apresentou um manual para contra-insurg\u00eancia em 2015, e uma <a href=\"http:\/\/bit.ly\/2gWXcFu\" target=\"_blank\" rel=\"noopener\">lei antiterrorista<\/a> tamb\u00e9m foi recentemente aprovada, que criminaliza ainda mais as popula\u00e7\u00f5es pobres e negras no Brasil. O evento terminou com o reconhecimento de que &#8220;as vit\u00f3rias s\u00e3o realizadas atrav\u00e9s de processos&#8221;, destacando a import\u00e2ncia de celebrar vit\u00f3rias conquistadas na luta contra a viol\u00eancia do Estado e reconhecendo que a luta continua, com mais vit\u00f3rias por vir.<\/p>\n<!-- AddThis Advanced Settings generic via filter on the_content --><!-- AddThis Share Buttons generic via filter on the_content -->","protected":false},"excerpt":{"rendered":"<div class=\"mh-excerpt\"><p>Click Here for English Como parte da semana Julho Negro, o Centro de Direitos Humanos da Diocese de Nova Igua\u00e7u e o F\u00f3rum Grita Baixada\u00a0realizaram um painel para discutir o Atlas de Viol\u00eancia 2017, um <a class=\"mh-excerpt-more\" href=\"https:\/\/rioonwatch.org.br\/?p=27095\" title=\"Julho Negro Dia 4b: &#8216;Para Al\u00e9m dos N\u00fameros&#8217;, a Baixada Grita por uma An\u00e1lise Cr\u00edtica do Atlas da Viol\u00eancia\">[&#8230;]<\/a><!-- AddThis Advanced Settings generic via filter on get_the_excerpt --><!-- AddThis Share Buttons generic via filter on get_the_excerpt --><\/p>\n<\/div>","protected":false},"author":129,"featured_media":27097,"comment_status":"closed","ping_status":"closed","sticky":false,"template":"","format":"standard","meta":{"_acf_changed":false,"_monsterinsights_skip_tracking":false,"_monsterinsights_sitenote_active":false,"_monsterinsights_sitenote_note":"","_monsterinsights_sitenote_category":0,"footnotes":""},"categories":[1618,1621,1627,346,1626,344,1612],"tags":[1796,959,347,2379,1239,88,1372,2253,2164,1584,1936,482,417,961,358,304,774,92,30,920,52],"writer":[2129,2149],"translator":[1491],"source":[],"ilustrador":[],"fotografo":[],"class_list":{"0":"post-27095","1":"post","2":"type-post","3":"status-publish","4":"format-standard","5":"has-post-thumbnail","7":"category-olhonaparticipacao","8":"category-destaque","9":"category-relato-de-evento","10":"category-denuncias","11":"category-por-observadores-internacionais","12":"category-politicas","13":"category-sociedade-civil","14":"tag-anistia-internacional","15":"tag-baixada-fluminense","16":"tag-bope","17":"tag-caveirao","18":"tag-criminalizacao-da-pobreza","19":"tag-direitos-humanos","20":"tag-grande-rio","21":"tag-guerra-as-drogas","22":"tag-ipea","23":"tag-japeri","24":"tag-julho-negro","25":"tag-milicia","26":"tag-negligencia-do-estado","27":"tag-nova-iguacu","28":"tag-organizacao-comunitaria","29":"tag-participacao","30":"tag-policia-militar","31":"tag-upp","32":"tag-violencia","33":"tag-violencia-de-estado","34":"tag-violencia-policial","35":"writer-chloe-villalobos","36":"writer-gigi-ong-alok","37":"translator-patricia-gomes"},"acf":[],"yoast_head":"<!-- This site is optimized with the Yoast SEO plugin v25.6 - https:\/\/yoast.com\/wordpress\/plugins\/seo\/ -->\n<title>Julho Negro Dia 4b: &#039;Para Al\u00e9m dos N\u00fameros&#039;, a Baixada Grita por uma An\u00e1lise Cr\u00edtica do Atlas da Viol\u00eancia - RioOnWatch<\/title>\n<meta name=\"robots\" content=\"index, follow, max-snippet:-1, max-image-preview:large, max-video-preview:-1\" \/>\n<link rel=\"canonical\" href=\"https:\/\/rioonwatch.org.br\/?p=27095\" \/>\n<meta property=\"og:locale\" content=\"pt_BR\" \/>\n<meta property=\"og:type\" content=\"article\" \/>\n<meta property=\"og:title\" content=\"Julho Negro Dia 4b: &#039;Para Al\u00e9m dos N\u00fameros&#039;, a Baixada Grita por uma An\u00e1lise Cr\u00edtica do Atlas da Viol\u00eancia - RioOnWatch\" \/>\n<meta property=\"og:description\" content=\"Click Here for English Como parte da semana Julho Negro, o Centro de Direitos Humanos da Diocese de Nova Igua\u00e7u e o F\u00f3rum Grita Baixada\u00a0realizaram um painel para discutir o Atlas de Viol\u00eancia 2017, um [...]\" \/>\n<meta property=\"og:url\" content=\"https:\/\/rioonwatch.org.br\/?p=27095\" \/>\n<meta property=\"og:site_name\" content=\"RioOnWatch\" \/>\n<meta property=\"article:published_time\" content=\"2017-07-26T02:25:46+00:00\" \/>\n<meta property=\"article:modified_time\" content=\"2018-06-13T16:22:16+00:00\" \/>\n<meta property=\"og:image\" content=\"https:\/\/rioonwatch.org.br\/wp-content\/uploads\/2017\/07\/alem-dos-numeros.png\" \/>\n\t<meta property=\"og:image:width\" content=\"672\" \/>\n\t<meta property=\"og:image:height\" content=\"253\" \/>\n\t<meta property=\"og:image:type\" content=\"image\/png\" \/>\n<meta name=\"author\" content=\"Admin\" \/>\n<meta name=\"twitter:card\" content=\"summary_large_image\" \/>\n<meta name=\"twitter:label1\" content=\"Escrito por\" \/>\n\t<meta name=\"twitter:data1\" content=\"Admin\" \/>\n\t<meta name=\"twitter:label2\" content=\"Est. tempo de leitura\" \/>\n\t<meta name=\"twitter:data2\" content=\"6 minutos\" \/>\n<script type=\"application\/ld+json\" class=\"yoast-schema-graph\">{\"@context\":\"https:\/\/schema.org\",\"@graph\":[{\"@type\":\"Article\",\"@id\":\"https:\/\/rioonwatch.org.br\/?p=27095#article\",\"isPartOf\":{\"@id\":\"https:\/\/rioonwatch.org.br\/?p=27095\"},\"author\":{\"name\":\"Admin\",\"@id\":\"https:\/\/rioonwatch.org.br\/#\/schema\/person\/11d64c290506f9df50c71b850c473f68\"},\"headline\":\"Julho Negro Dia 4b: &#8216;Para Al\u00e9m dos N\u00fameros&#8217;, a Baixada Grita por uma An\u00e1lise Cr\u00edtica do Atlas da Viol\u00eancia\",\"datePublished\":\"2017-07-26T02:25:46+00:00\",\"dateModified\":\"2018-06-13T16:22:16+00:00\",\"mainEntityOfPage\":{\"@id\":\"https:\/\/rioonwatch.org.br\/?p=27095\"},\"wordCount\":1274,\"publisher\":{\"@id\":\"https:\/\/rioonwatch.org.br\/#organization\"},\"image\":{\"@id\":\"https:\/\/rioonwatch.org.br\/?p=27095#primaryimage\"},\"thumbnailUrl\":\"https:\/\/rioonwatch.org.br\/wp-content\/uploads\/2017\/07\/alem-dos-numeros.png\",\"keywords\":[\"Anistia Internacional\",\"Baixada Fluminense\",\"BOPE\",\"caveir\u00e3o\",\"criminaliza\u00e7\u00e3o da pobreza\",\"Direitos Humanos\",\"Grande Rio\",\"guerra \u00e0s drogas\",\"IPEA\",\"Japeri\",\"Julho Negro\",\"Mil\u00edcia\",\"Neglig\u00eancia do Estado\",\"Nova Igua\u00e7u\",\"organiza\u00e7\u00e3o comunit\u00e1ria\",\"participa\u00e7\u00e3o\",\"Pol\u00edcia Militar\",\"UPP\",\"viol\u00eancia\",\"viol\u00eancia de Estado\",\"viol\u00eancia policial\"],\"articleSection\":[\"#OlhoNaParticipa\u00e7\u00e3o\",\"*Destaque\",\"Cobertura de Eventos\",\"Den\u00fancias\",\"Escrito por Aliados\",\"Pol\u00edticas\",\"Sociedade Civil\"],\"inLanguage\":\"pt-BR\"},{\"@type\":\"WebPage\",\"@id\":\"https:\/\/rioonwatch.org.br\/?p=27095\",\"url\":\"https:\/\/rioonwatch.org.br\/?p=27095\",\"name\":\"Julho Negro Dia 4b: 'Para Al\u00e9m dos N\u00fameros', a Baixada Grita por uma An\u00e1lise Cr\u00edtica do Atlas da Viol\u00eancia - RioOnWatch\",\"isPartOf\":{\"@id\":\"https:\/\/rioonwatch.org.br\/#website\"},\"primaryImageOfPage\":{\"@id\":\"https:\/\/rioonwatch.org.br\/?p=27095#primaryimage\"},\"image\":{\"@id\":\"https:\/\/rioonwatch.org.br\/?p=27095#primaryimage\"},\"thumbnailUrl\":\"https:\/\/rioonwatch.org.br\/wp-content\/uploads\/2017\/07\/alem-dos-numeros.png\",\"datePublished\":\"2017-07-26T02:25:46+00:00\",\"dateModified\":\"2018-06-13T16:22:16+00:00\",\"breadcrumb\":{\"@id\":\"https:\/\/rioonwatch.org.br\/?p=27095#breadcrumb\"},\"inLanguage\":\"pt-BR\",\"potentialAction\":[{\"@type\":\"ReadAction\",\"target\":[\"https:\/\/rioonwatch.org.br\/?p=27095\"]}]},{\"@type\":\"ImageObject\",\"inLanguage\":\"pt-BR\",\"@id\":\"https:\/\/rioonwatch.org.br\/?p=27095#primaryimage\",\"url\":\"https:\/\/rioonwatch.org.br\/wp-content\/uploads\/2017\/07\/alem-dos-numeros.png\",\"contentUrl\":\"https:\/\/rioonwatch.org.br\/wp-content\/uploads\/2017\/07\/alem-dos-numeros.png\",\"width\":672,\"height\":253},{\"@type\":\"BreadcrumbList\",\"@id\":\"https:\/\/rioonwatch.org.br\/?p=27095#breadcrumb\",\"itemListElement\":[{\"@type\":\"ListItem\",\"position\":1,\"name\":\"In\u00edcio\",\"item\":\"https:\/\/rioonwatch.org.br\/\"},{\"@type\":\"ListItem\",\"position\":2,\"name\":\"Julho Negro Dia 4b: &#8216;Para Al\u00e9m dos N\u00fameros&#8217;, a Baixada Grita por uma An\u00e1lise Cr\u00edtica do Atlas da Viol\u00eancia\"}]},{\"@type\":\"WebSite\",\"@id\":\"https:\/\/rioonwatch.org.br\/#website\",\"url\":\"https:\/\/rioonwatch.org.br\/\",\"name\":\"RioOnWatch\",\"description\":\"relatos das favelas cariocas\",\"publisher\":{\"@id\":\"https:\/\/rioonwatch.org.br\/#organization\"},\"potentialAction\":[{\"@type\":\"SearchAction\",\"target\":{\"@type\":\"EntryPoint\",\"urlTemplate\":\"https:\/\/rioonwatch.org.br\/?s={search_term_string}\"},\"query-input\":{\"@type\":\"PropertyValueSpecification\",\"valueRequired\":true,\"valueName\":\"search_term_string\"}}],\"inLanguage\":\"pt-BR\"},{\"@type\":\"Organization\",\"@id\":\"https:\/\/rioonwatch.org.br\/#organization\",\"name\":\"RioOnWatch\",\"url\":\"https:\/\/rioonwatch.org.br\/\",\"logo\":{\"@type\":\"ImageObject\",\"inLanguage\":\"pt-BR\",\"@id\":\"https:\/\/rioonwatch.org.br\/#\/schema\/logo\/image\/\",\"url\":\"https:\/\/rioonwatch.org.br\/wp-content\/uploads\/2021\/06\/RioOnWatchcabecalhoPT11anos-2.png\",\"contentUrl\":\"https:\/\/rioonwatch.org.br\/wp-content\/uploads\/2021\/06\/RioOnWatchcabecalhoPT11anos-2.png\",\"width\":779,\"height\":277,\"caption\":\"RioOnWatch\"},\"image\":{\"@id\":\"https:\/\/rioonwatch.org.br\/#\/schema\/logo\/image\/\"}},{\"@type\":\"Person\",\"@id\":\"https:\/\/rioonwatch.org.br\/#\/schema\/person\/11d64c290506f9df50c71b850c473f68\",\"name\":\"Admin\",\"image\":{\"@type\":\"ImageObject\",\"inLanguage\":\"pt-BR\",\"@id\":\"https:\/\/rioonwatch.org.br\/#\/schema\/person\/image\/\",\"url\":\"https:\/\/secure.gravatar.com\/avatar\/56211ac74568383903349a1485e3c325?s=96&d=blank&r=g\",\"contentUrl\":\"https:\/\/secure.gravatar.com\/avatar\/56211ac74568383903349a1485e3c325?s=96&d=blank&r=g\",\"caption\":\"Admin\"},\"url\":\"https:\/\/rioonwatch.org.br\/?author=129\"}]}<\/script>\n<!-- \/ Yoast SEO plugin. -->","yoast_head_json":{"title":"Julho Negro Dia 4b: 'Para Al\u00e9m dos N\u00fameros', a Baixada Grita por uma An\u00e1lise Cr\u00edtica do Atlas da Viol\u00eancia - RioOnWatch","robots":{"index":"index","follow":"follow","max-snippet":"max-snippet:-1","max-image-preview":"max-image-preview:large","max-video-preview":"max-video-preview:-1"},"canonical":"https:\/\/rioonwatch.org.br\/?p=27095","og_locale":"pt_BR","og_type":"article","og_title":"Julho Negro Dia 4b: 'Para Al\u00e9m dos N\u00fameros', a Baixada Grita por uma An\u00e1lise Cr\u00edtica do Atlas da Viol\u00eancia - RioOnWatch","og_description":"Click Here for English Como parte da semana Julho Negro, o Centro de Direitos Humanos da Diocese de Nova Igua\u00e7u e o F\u00f3rum Grita Baixada\u00a0realizaram um painel para discutir o Atlas de Viol\u00eancia 2017, um [...]","og_url":"https:\/\/rioonwatch.org.br\/?p=27095","og_site_name":"RioOnWatch","article_published_time":"2017-07-26T02:25:46+00:00","article_modified_time":"2018-06-13T16:22:16+00:00","og_image":[{"width":672,"height":253,"url":"https:\/\/rioonwatch.org.br\/wp-content\/uploads\/2017\/07\/alem-dos-numeros.png","type":"image\/png"}],"author":"Admin","twitter_card":"summary_large_image","twitter_misc":{"Escrito por":"Admin","Est. tempo de leitura":"6 minutos"},"schema":{"@context":"https:\/\/schema.org","@graph":[{"@type":"Article","@id":"https:\/\/rioonwatch.org.br\/?p=27095#article","isPartOf":{"@id":"https:\/\/rioonwatch.org.br\/?p=27095"},"author":{"name":"Admin","@id":"https:\/\/rioonwatch.org.br\/#\/schema\/person\/11d64c290506f9df50c71b850c473f68"},"headline":"Julho Negro Dia 4b: &#8216;Para Al\u00e9m dos N\u00fameros&#8217;, a Baixada Grita por uma An\u00e1lise Cr\u00edtica do Atlas da Viol\u00eancia","datePublished":"2017-07-26T02:25:46+00:00","dateModified":"2018-06-13T16:22:16+00:00","mainEntityOfPage":{"@id":"https:\/\/rioonwatch.org.br\/?p=27095"},"wordCount":1274,"publisher":{"@id":"https:\/\/rioonwatch.org.br\/#organization"},"image":{"@id":"https:\/\/rioonwatch.org.br\/?p=27095#primaryimage"},"thumbnailUrl":"https:\/\/rioonwatch.org.br\/wp-content\/uploads\/2017\/07\/alem-dos-numeros.png","keywords":["Anistia Internacional","Baixada Fluminense","BOPE","caveir\u00e3o","criminaliza\u00e7\u00e3o da pobreza","Direitos Humanos","Grande Rio","guerra \u00e0s drogas","IPEA","Japeri","Julho Negro","Mil\u00edcia","Neglig\u00eancia do Estado","Nova Igua\u00e7u","organiza\u00e7\u00e3o comunit\u00e1ria","participa\u00e7\u00e3o","Pol\u00edcia Militar","UPP","viol\u00eancia","viol\u00eancia de Estado","viol\u00eancia policial"],"articleSection":["#OlhoNaParticipa\u00e7\u00e3o","*Destaque","Cobertura de Eventos","Den\u00fancias","Escrito por Aliados","Pol\u00edticas","Sociedade Civil"],"inLanguage":"pt-BR"},{"@type":"WebPage","@id":"https:\/\/rioonwatch.org.br\/?p=27095","url":"https:\/\/rioonwatch.org.br\/?p=27095","name":"Julho Negro Dia 4b: 'Para Al\u00e9m dos N\u00fameros', a Baixada Grita por uma An\u00e1lise Cr\u00edtica do Atlas da Viol\u00eancia - RioOnWatch","isPartOf":{"@id":"https:\/\/rioonwatch.org.br\/#website"},"primaryImageOfPage":{"@id":"https:\/\/rioonwatch.org.br\/?p=27095#primaryimage"},"image":{"@id":"https:\/\/rioonwatch.org.br\/?p=27095#primaryimage"},"thumbnailUrl":"https:\/\/rioonwatch.org.br\/wp-content\/uploads\/2017\/07\/alem-dos-numeros.png","datePublished":"2017-07-26T02:25:46+00:00","dateModified":"2018-06-13T16:22:16+00:00","breadcrumb":{"@id":"https:\/\/rioonwatch.org.br\/?p=27095#breadcrumb"},"inLanguage":"pt-BR","potentialAction":[{"@type":"ReadAction","target":["https:\/\/rioonwatch.org.br\/?p=27095"]}]},{"@type":"ImageObject","inLanguage":"pt-BR","@id":"https:\/\/rioonwatch.org.br\/?p=27095#primaryimage","url":"https:\/\/rioonwatch.org.br\/wp-content\/uploads\/2017\/07\/alem-dos-numeros.png","contentUrl":"https:\/\/rioonwatch.org.br\/wp-content\/uploads\/2017\/07\/alem-dos-numeros.png","width":672,"height":253},{"@type":"BreadcrumbList","@id":"https:\/\/rioonwatch.org.br\/?p=27095#breadcrumb","itemListElement":[{"@type":"ListItem","position":1,"name":"In\u00edcio","item":"https:\/\/rioonwatch.org.br\/"},{"@type":"ListItem","position":2,"name":"Julho Negro Dia 4b: &#8216;Para Al\u00e9m dos N\u00fameros&#8217;, a Baixada Grita por uma An\u00e1lise Cr\u00edtica do Atlas da Viol\u00eancia"}]},{"@type":"WebSite","@id":"https:\/\/rioonwatch.org.br\/#website","url":"https:\/\/rioonwatch.org.br\/","name":"RioOnWatch","description":"relatos das favelas cariocas","publisher":{"@id":"https:\/\/rioonwatch.org.br\/#organization"},"potentialAction":[{"@type":"SearchAction","target":{"@type":"EntryPoint","urlTemplate":"https:\/\/rioonwatch.org.br\/?s={search_term_string}"},"query-input":{"@type":"PropertyValueSpecification","valueRequired":true,"valueName":"search_term_string"}}],"inLanguage":"pt-BR"},{"@type":"Organization","@id":"https:\/\/rioonwatch.org.br\/#organization","name":"RioOnWatch","url":"https:\/\/rioonwatch.org.br\/","logo":{"@type":"ImageObject","inLanguage":"pt-BR","@id":"https:\/\/rioonwatch.org.br\/#\/schema\/logo\/image\/","url":"https:\/\/rioonwatch.org.br\/wp-content\/uploads\/2021\/06\/RioOnWatchcabecalhoPT11anos-2.png","contentUrl":"https:\/\/rioonwatch.org.br\/wp-content\/uploads\/2021\/06\/RioOnWatchcabecalhoPT11anos-2.png","width":779,"height":277,"caption":"RioOnWatch"},"image":{"@id":"https:\/\/rioonwatch.org.br\/#\/schema\/logo\/image\/"}},{"@type":"Person","@id":"https:\/\/rioonwatch.org.br\/#\/schema\/person\/11d64c290506f9df50c71b850c473f68","name":"Admin","image":{"@type":"ImageObject","inLanguage":"pt-BR","@id":"https:\/\/rioonwatch.org.br\/#\/schema\/person\/image\/","url":"https:\/\/secure.gravatar.com\/avatar\/56211ac74568383903349a1485e3c325?s=96&d=blank&r=g","contentUrl":"https:\/\/secure.gravatar.com\/avatar\/56211ac74568383903349a1485e3c325?s=96&d=blank&r=g","caption":"Admin"},"url":"https:\/\/rioonwatch.org.br\/?author=129"}]}},"_links":{"self":[{"href":"https:\/\/rioonwatch.org.br\/index.php?rest_route=\/wp\/v2\/posts\/27095"}],"collection":[{"href":"https:\/\/rioonwatch.org.br\/index.php?rest_route=\/wp\/v2\/posts"}],"about":[{"href":"https:\/\/rioonwatch.org.br\/index.php?rest_route=\/wp\/v2\/types\/post"}],"author":[{"embeddable":true,"href":"https:\/\/rioonwatch.org.br\/index.php?rest_route=\/wp\/v2\/users\/129"}],"replies":[{"embeddable":true,"href":"https:\/\/rioonwatch.org.br\/index.php?rest_route=%2Fwp%2Fv2%2Fcomments&post=27095"}],"version-history":[{"count":18,"href":"https:\/\/rioonwatch.org.br\/index.php?rest_route=\/wp\/v2\/posts\/27095\/revisions"}],"predecessor-version":[{"id":27177,"href":"https:\/\/rioonwatch.org.br\/index.php?rest_route=\/wp\/v2\/posts\/27095\/revisions\/27177"}],"wp:featuredmedia":[{"embeddable":true,"href":"https:\/\/rioonwatch.org.br\/index.php?rest_route=\/wp\/v2\/media\/27097"}],"wp:attachment":[{"href":"https:\/\/rioonwatch.org.br\/index.php?rest_route=%2Fwp%2Fv2%2Fmedia&parent=27095"}],"wp:term":[{"taxonomy":"category","embeddable":true,"href":"https:\/\/rioonwatch.org.br\/index.php?rest_route=%2Fwp%2Fv2%2Fcategories&post=27095"},{"taxonomy":"post_tag","embeddable":true,"href":"https:\/\/rioonwatch.org.br\/index.php?rest_route=%2Fwp%2Fv2%2Ftags&post=27095"},{"taxonomy":"writer","embeddable":true,"href":"https:\/\/rioonwatch.org.br\/index.php?rest_route=%2Fwp%2Fv2%2Fwriter&post=27095"},{"taxonomy":"translator","embeddable":true,"href":"https:\/\/rioonwatch.org.br\/index.php?rest_route=%2Fwp%2Fv2%2Ftranslator&post=27095"},{"taxonomy":"source","embeddable":true,"href":"https:\/\/rioonwatch.org.br\/index.php?rest_route=%2Fwp%2Fv2%2Fsource&post=27095"},{"taxonomy":"ilustrador","embeddable":true,"href":"https:\/\/rioonwatch.org.br\/index.php?rest_route=%2Fwp%2Fv2%2Filustrador&post=27095"},{"taxonomy":"fotografo","embeddable":true,"href":"https:\/\/rioonwatch.org.br\/index.php?rest_route=%2Fwp%2Fv2%2Ffotografo&post=27095"}],"curies":[{"name":"wp","href":"https:\/\/api.w.org\/{rel}","templated":true}]}}