{"id":27135,"date":"2017-08-01T09:15:53","date_gmt":"2017-08-01T12:15:53","guid":{"rendered":"http:\/\/rioonwatch.org.br\/?p=27135"},"modified":"2017-08-04T09:39:13","modified_gmt":"2017-08-04T12:39:13","slug":"aplicativo-inovador-expoe-a-historia-obscura-do-porto-do-rio-de-janeiro","status":"publish","type":"post","link":"https:\/\/rioonwatch.org.br\/?p=27135","title":{"rendered":"Aplicativo Inovador Exp\u00f5e a Hist\u00f3ria Obscura do Porto do Rio de Janeiro"},"content":{"rendered":"<p style=\"text-align: right;\"><em><strong><a href=\"http:\/\/bit.ly\/2u80usy\" target=\"_blank\" rel=\"noopener noreferrer\">Click Here for English<img decoding=\"async\" width=\"20\" height=\"20\" class=\"alignright wp-image-15790\" src=\"http:\/\/rioonwatch.org.br\/wp-content\/uploads\/2012\/08\/EN-standard-e1439583104716.jpg\" alt=\"\" \/><\/a><\/strong><\/em><\/p>\n<p><span style=\"font-weight: 400;\">Nenhuma \u00e1rea urbano no Rio de Janeiro mudou mais nos \u00faltimos cinco anos do que a <a href=\"http:\/\/bit.ly\/1cVBDvL\" target=\"_blank\" rel=\"noopener\">Regi\u00e3o Portu\u00e1ria<\/a>. H\u00e1 pouco tempo, era uma \u00e1rea fortemente negligenciada, com armaz\u00e9ns portu\u00e1rios e edif\u00edcios abandonados, resultado de uma desintegra\u00e7\u00e3o caracter\u00edstica, associada \u00e0 falta de coopera\u00e7\u00e3o entre as tr\u00eas esferas do poder p\u00fablico&#8211;grande parte do terreno do Porto pertence ao governo federal, que por anos n\u00e3o esteve disposto a liberar o territ\u00f3rio para o desenvolvimento pelo munic\u00edpio. Uma importante via expressa elevada, a Perimetral, cortava a regi\u00e3o e era em grande parte respons\u00e1vel pela baix\u00edssima qualidade do ar na regi\u00e3o.<\/span><\/p>\n<p><span style=\"font-weight: 400;\">Esse impasse mudou durante a administra\u00e7\u00e3o do <a href=\"http:\/\/bit.ly\/1k4eA6c\" target=\"_blank\" rel=\"noopener\">Prefeito Eduardo Paes<\/a> (2010-2016), uma administra\u00e7\u00e3o alinhada aos governos federal e estadual e que utilizou os prazos da <a href=\"http:\/\/bit.ly\/WfaiMR\" target=\"_blank\" rel=\"noopener\">Copa do Mundo de 2014<\/a>\u00a0e das <a href=\"http:\/\/bit.ly\/PkLXlQ\" target=\"_blank\" rel=\"noopener\">Olimp\u00edadas de 2016<\/a> como ferramenta para acelerar as obras de infraestrutura, tornando a revitaliza\u00e7\u00e3o do Porto sua prioridade pessoal de legado. Seu programa de revitaliza\u00e7\u00e3o <a href=\"http:\/\/bit.ly\/1y5AQhF\" target=\"_blank\" rel=\"noopener\">Porto Maravilha<\/a>\u00a0gastou mais de <a href=\"http:\/\/bit.ly\/2uyalbc\" target=\"_blank\" rel=\"noopener\">R$8 bilh\u00f5es<\/a> e basicamente transformou a regi\u00e3o em atra\u00e7\u00e3o tur\u00edstica. O cais se tornou acess\u00edvel novamente, o tr\u00e2nsito foi canalizado subterraneamente para um t\u00fanel de quase 5km, e o primeiro sistema de <a href=\"http:\/\/bit.ly\/2gRYcpk\" target=\"_blank\" rel=\"noopener\">VLT<\/a> do Rio foi introduzido. V\u00e1rios museus e atra\u00e7\u00f5es foram abertos, incluindo o <a href=\"http:\/\/bit.ly\/2tXgrQB\" target=\"_blank\" rel=\"noopener\">Museu de Arte do Rio<\/a> (MAR), o <a href=\"http:\/\/bit.ly\/2bSb27c\" target=\"_blank\" rel=\"noopener\">Museu do Amanh\u00e3<\/a> e o novo aqu\u00e1rio da cidade, o AquaRio.<\/span><\/p>\n<p><a href=\"http:\/\/rioonwatch.org.br\/wp-content\/uploads\/2017\/07\/App-screenshot-2.png\"><img fetchpriority=\"high\" decoding=\"async\" class=\"alignright wp-image-27145\" title=\"Aplicativo anuncia a descoberta de um cemit\u00e9rio de jovens escravos.\" src=\"http:\/\/rioonwatch.org.br\/wp-content\/uploads\/2017\/07\/App-screenshot-2.png\" alt=\"\" width=\"169\" height=\"300\" srcset=\"https:\/\/rioonwatch.org.br\/wp-content\/uploads\/2017\/07\/App-screenshot-2.png 1080w, https:\/\/rioonwatch.org.br\/wp-content\/uploads\/2017\/07\/App-screenshot-2-149x264.png 149w, https:\/\/rioonwatch.org.br\/wp-content\/uploads\/2017\/07\/App-screenshot-2-349x620.png 349w, https:\/\/rioonwatch.org.br\/wp-content\/uploads\/2017\/07\/App-screenshot-2-768x1365.png 768w, https:\/\/rioonwatch.org.br\/wp-content\/uploads\/2017\/07\/App-screenshot-2-576x1024.png 576w\" sizes=\"(max-width: 169px) 100vw, 169px\" \/><\/a><\/p>\n<p><span style=\"font-weight: 400;\">No entanto, nenhum n\u00edvel de higieniza\u00e7\u00e3o&#8211;da <a href=\"https:\/\/glo.bo\/2uqOhCp\" target=\"_blank\" rel=\"noopener\">renovada Pra\u00e7a Mau\u00e1<\/a>, do atraente Boulevard Ol\u00edmpico,\u00a0<\/span><span style=\"font-weight: 400;\">ou dos brilhantes trilhos leves&#8211;pode mascarar a hist\u00f3ria por tr\u00e1s de todo esse desenvolvimento. Esse mesmo porto recebeu o <a href=\"http:\/\/bit.ly\/2gUSg3q\" target=\"_blank\" rel=\"noopener\">maior n\u00famero de africanos escravizados na hist\u00f3ria da humanidade<\/a>. E os restos de muitos deles ainda est\u00e3o l\u00e1, literalmente e figurativamente.<\/span><\/p>\n<p><span style=\"font-weight: 400;\">A fim de tornar acess\u00edvel aos visitantes a hist\u00f3ria mais \u00edntima do Porto assim como as interven\u00e7\u00f5es na regi\u00e3o nos \u00faltimos anos, a\u00a0<a href=\"http:\/\/bit.ly\/18ucK6e\" target=\"_blank\" rel=\"noopener\">Ag\u00eancia P\u00fablica<\/a>\u00a0de jornalismo investigativo lan\u00e7ou recentemente um aplicativo para uso exclusivo na \u00e1rea do porto, chamado <a href=\"http:\/\/bit.ly\/2taduPY\" target=\"_blank\" rel=\"noopener\">Museu do Ontem<\/a>.<\/span><\/p>\n<p><span style=\"font-weight: 400;\">Usando tecnologia de Realidade Aumentada, fatos e hist\u00f3rias sobre a regi\u00e3o que ningu\u00e9m pode ver \u00e0 primeira vista se tornam vis\u00edveis. O aplicativo combina jornalismo, arte, tecnologia e uma pitada de &#8220;Pok\u00e9mon Go&#8221; para trazer ao p\u00fablico uma nova vis\u00e3o da regi\u00e3o portu\u00e1ria. Como o t\u00edtulo sugere, o foco est\u00e1 na rica hist\u00f3ria do bairro. Mas em vez de capturar monstros min\u00fasculos, o usu\u00e1rio desbloqueia hist\u00f3rias ao se aproximar geograficamente.<\/span><\/p>\n<p><span style=\"font-weight: 400;\">No seu celular, voc\u00ea pode realmente ver onde a fam\u00edlia real portuguesa desembarcou em 1808; onde a Rep\u00fablica foi proclamada em 1889; onde a Princesa Isabel assinou a Lei \u00c1urea em 1888, acabando com a escravid\u00e3o, mas tamb\u00e9m onde operou o maior porto negreiro das Am\u00e9ricas antes do fim da escravid\u00e3o. Todos esses eventos est\u00e3o marcados em um mapa a partir de 1830. Mas tamb\u00e9m h\u00e1 marca\u00e7\u00f5es relacionadas a acontecimentos dos s\u00e9culos XX e XXI: por exemplo, onde o presidente Jo\u00e3o Goulart realizou o com\u00edcio durante a manifesta\u00e7\u00e3o na Esta\u00e7\u00e3o Central do Rio, que teve como resposta o golpe militar de 1964; um pr\u00e9dio que serviu como centro de tortura da ditadura e que hoje \u00e9 uma delegacia de pol\u00edcia; e at\u00e9 mesmo lugares mais recentes, como locais em que ocorreu atos de corrup\u00e7\u00e3o investigados pela <a href=\"http:\/\/bit.ly\/2vXYov4\" target=\"_blank\" rel=\"noopener\">Opera\u00e7\u00e3o Lava Jato<\/a>.<\/span><\/p>\n<p><span style=\"font-weight: 400;\"><a href=\"http:\/\/rioonwatch.org.br\/wp-content\/uploads\/2017\/07\/IMG_0826.png\"><img decoding=\"async\" class=\"aligncenter wp-image-27148 size-content\" title=\"Eduardo Cunha retratado no Museu de Ontem.\" src=\"http:\/\/rioonwatch.org.br\/wp-content\/uploads\/2017\/07\/IMG_0826-620x264.png\" alt=\"\" width=\"620\" height=\"264\" \/><\/a><br \/>\n<\/span><span style=\"font-weight: 400;\">Ent\u00e3o, quando voc\u00ea estiver na Pra\u00e7a Mau\u00e1 de frente para o Museu do Amanh\u00e3, um desenho do ex-presidente da C\u00e2mara dos Deputados, Eduardo Cunha, aparecer\u00e1 na sua tela, dizendo que &#8220;<\/span><span style=\"font-weight: 400;\">as empresas que realizaram a obra do famoso Porto Maravilha tiveram que pagar R$52 milh\u00f5es, ou 1,5% do valor total do dinheiro p\u00fablico investido para o desenvolvimento imobili\u00e1rio da \u00e1rea (em propina)&#8221;, supostamente paga a Cunha, <a href=\"https:\/\/glo.bo\/2uuIZ7K\" target=\"_blank\" rel=\"noopener\">que est\u00e1 agora na pris\u00e3o<\/a>.<\/span><\/p>\n<p><span style=\"font-weight: 400;\">No Largo da Carioca surge outra hist\u00f3ria da Opera\u00e7\u00e3o Lava Jato, ainda menos conhecida pelo p\u00fablico: em 2012, um homem andava por a\u00ed com uma mala com R$100.000, que de fato era propina. Ele foi assaltado e chamou a pol\u00edcia. Eles pegaram o ladr\u00e3o que foi preso, enquanto o homem com o dinheiro do suborno foi liberado.<\/span><\/p>\n<p><span style=\"font-weight: 400;\"><a href=\"http:\/\/rioonwatch.org.br\/wp-content\/uploads\/2017\/07\/App-screenshot.png\"><img loading=\"lazy\" decoding=\"async\" class=\"alignright wp-image-27150\" title=\"O aplicativo anuncia o local onde oito crian\u00e7as de rua foram assassinadas em 1993.\" src=\"http:\/\/rioonwatch.org.br\/wp-content\/uploads\/2017\/07\/App-screenshot.png\" alt=\"\" width=\"169\" height=\"300\" srcset=\"https:\/\/rioonwatch.org.br\/wp-content\/uploads\/2017\/07\/App-screenshot.png 1080w, https:\/\/rioonwatch.org.br\/wp-content\/uploads\/2017\/07\/App-screenshot-149x264.png 149w, https:\/\/rioonwatch.org.br\/wp-content\/uploads\/2017\/07\/App-screenshot-349x620.png 349w, https:\/\/rioonwatch.org.br\/wp-content\/uploads\/2017\/07\/App-screenshot-768x1365.png 768w, https:\/\/rioonwatch.org.br\/wp-content\/uploads\/2017\/07\/App-screenshot-576x1024.png 576w\" sizes=\"(max-width: 169px) 100vw, 169px\" \/><\/a>Ambas as hist\u00f3rias fazem parte de um passeio inteiro dedicado aos esc\u00e2ndalos de corrup\u00e7\u00e3o, com dura\u00e7\u00e3o de mais de uma hora. Al\u00e9m do Tour da Corrup\u00e7\u00e3o, existem quatro outros: o Tour do Samba, que come\u00e7a nos primeiros <a href=\"http:\/\/bit.ly\/2uuhXxa\" target=\"_blank\" rel=\"noopener\">terreiros de Candombl\u00e9<\/a> e leva o participante a v\u00e1rias escolas de samba famosas; o Tour dos Fantasmas, que compartilha momentos importantes e tristes da hist\u00f3ria brasileira que raramente s\u00e3o ensinados, mas que assombram o Centro at\u00e9 hoje, como a <a href=\"https:\/\/glo.bo\/2tX3CWv\" target=\"_blank\" rel=\"noopener\">chacina da Candel\u00e1ria<\/a>; o Tour da Hist\u00f3ria, que se concentra nos eventos hist\u00f3ricos mais importantes da regi\u00e3o; e o Tour do Terror, que revela hist\u00f3rias aterrorizantes dos tempos da escravid\u00e3o e da ditadura. Pode n\u00e3o ser por coincid\u00eancia que o \u00faltimo \u00e9, infelizmente, o mais longo.<\/span><\/p>\n<p><span style=\"font-weight: 400;\">&#8220;No Brasil, pouco valor \u00e9 dado ao nosso passado hist\u00f3rico e tamb\u00e9m h\u00e1 poucas ferramentas para descobri-lo&#8221;, diz Mariana Sim\u00f5es, gestora da Casa P\u00fablica, centro de refer\u00eancia da Ag\u00eancia P\u00fablica no Rio de Janeiro. Essa falta de conhecimento ou aprecia\u00e7\u00e3o se aplica ainda mais \u00e0 hist\u00f3ria dos negros no Brasil. Durante as obras de constru\u00e7\u00e3o do projeto Porto Maravilha, mais e mais partes desta heran\u00e7a esquecida apareceram, sendo o cais do Valongo a mais famosa delas. O cais foi o maior ponto de chegada de africanos escravizados do Brasil&#8211;<a href=\"http:\/\/bit.ly\/1S9AAtc\" target=\"_blank\" rel=\"noopener\">e do mundo<\/a>. Neste m\u00eas, os realizadores desta hist\u00f3ria est\u00e3o comemorando a conquista do status de <a href=\"http:\/\/bit.ly\/2tR4z68\" target=\"_blank\" rel=\"noopener\">patrim\u00f4nio mundial da UNESCO<\/a>. Segundo a UNESCO, o cais do Valongo \u00e9 &#8220;(&#8230;) o vest\u00edgio f\u00edsico mais importante da chegada de escravos africanos no continente americano. Do ponto de vista hist\u00f3rico, \u00e9 um testemunho de um dos epis\u00f3dios mais brutais na hist\u00f3ria da humanidade&#8221;. Apesar da sua import\u00e2ncia, o local \u00e9 insuficientemente cuidado, com apenas uma placa que explica algumas informa\u00e7\u00f5es b\u00e1sicas. No entanto, o cais traz, pelo menos, mais informa\u00e7\u00e3o aos visitantes do que outros lugares que tamb\u00e9m fazem parte da significativa <a href=\"http:\/\/bit.ly\/29y4HuI\" target=\"_blank\" rel=\"noopener\">hist\u00f3ria africana da regi\u00e3o<\/a>. <\/span><\/p>\n<p><a href=\"http:\/\/rioonwatch.org.br\/wp-content\/uploads\/2017\/07\/rsz_veja-pontos-turisticos-e-historicos-da-cidade-do-rio-de-janeiro-foto-tomaz-silva-agencia-brasil0014.jpg\"><img loading=\"lazy\" decoding=\"async\" class=\"aligncenter wp-image-27153 size-content\" title=\"Cais do Valongo, tal como est\u00e1 hoje. (Tomaz Silva\/Ag\u00eancia Brasil)\" src=\"http:\/\/rioonwatch.org.br\/wp-content\/uploads\/2017\/07\/rsz_veja-pontos-turisticos-e-historicos-da-cidade-do-rio-de-janeiro-foto-tomaz-silva-agencia-brasil0014-620x264.jpg\" alt=\"\" width=\"620\" height=\"264\" srcset=\"https:\/\/rioonwatch.org.br\/wp-content\/uploads\/2017\/07\/rsz_veja-pontos-turisticos-e-historicos-da-cidade-do-rio-de-janeiro-foto-tomaz-silva-agencia-brasil0014-620x264.jpg 620w, https:\/\/rioonwatch.org.br\/wp-content\/uploads\/2017\/07\/rsz_veja-pontos-turisticos-e-historicos-da-cidade-do-rio-de-janeiro-foto-tomaz-silva-agencia-brasil0014-940x400.jpg 940w\" sizes=\"(max-width: 620px) 100vw, 620px\" \/><\/a><\/p>\n<p><span style=\"font-weight: 400;\">O aplicativo Museu do Ontem n\u00e3o pode alterar a invisibilidade inerente em uma hist\u00f3ria insuficientemente documentada, mas serve para tornar a regi\u00e3o mais vis\u00edvel e fornece informa\u00e7\u00f5es que estimulam a reflex\u00e3o. Para Gabriele Roza, da Casa P\u00fablica, que ajudou a realizar pesquisas para o aplicativo, uma das partes mais traum\u00e1ticas pode ser ouvida na Pra\u00e7a dos Estivadores, local onde os escravos tamb\u00e9m eram vendidos. Uma voz l\u00ea an\u00fancios de escravos em um jornal, pessoas sendo descritas como mercadoria.<\/span><\/p>\n<p><span style=\"font-weight: 400;\">Em outro lugar do passeio, os visitantes descobrem que a famosa <a href=\"http:\/\/bit.ly\/2klorrA\" target=\"_blank\" rel=\"noopener\">Pedra do Sal<\/a>, onde o sal era vendido&#8211;e que agora abriga um <a href=\"http:\/\/bit.ly\/VVrdp9\" target=\"_blank\" rel=\"noopener\">quilombo<\/a>, al\u00e9m de ter se tornado famosa nos \u00faltimos anos devido ao samba de rua de toda segunda-feira e por outros eventos&#8211;era, na verdade, tr\u00eas vezes maior.<\/span><\/p>\n<p><span style=\"font-weight: 400;\">Outra hist\u00f3ria narra a origem dos chamados \u201ctigres\u201d: &#8220;Devido a pouca profundidade do len\u00e7ol fre\u00e1tico, a constru\u00e7\u00e3o de fossas sanit\u00e1rias era proibida. A urina e as fezes dos moradores, recolhidas durante a noite, eram transportadas de manh\u00e3, para serem despejadas no mar por escravos que carregavam grande ton\u00e9is de esgoto nas costas. Durante o percurso, parte do conte\u00fado desses ton\u00e9is, repleto de am\u00f4nia e ureia, caia sobre a pele, e com o passar do tempo, deixava listras brancas sobre suas costas negras. Por isto, esses escravos eram conhecidos como \u2018tigres\u2019. Devido a falta de um sistema de coleta de esgotos, os \u2018tigres\u2019 continuaram em atividade no Rio de Janeiro at\u00e9 1860\u201d. <\/span><\/p>\n<p><span style=\"font-weight: 400;\"><a href=\"http:\/\/rioonwatch.org.br\/wp-content\/uploads\/2017\/07\/landing-of-slaves-in-cais-do-valongo-painted-by-rugendas-in-1835-e1431619895836.jpg\"><img loading=\"lazy\" decoding=\"async\" class=\"aligncenter size-content wp-image-27155\" src=\"http:\/\/rioonwatch.org.br\/wp-content\/uploads\/2017\/07\/landing-of-slaves-in-cais-do-valongo-painted-by-rugendas-in-1835-e1431619895836-620x264.jpg\" alt=\"\" width=\"620\" height=\"264\" srcset=\"https:\/\/rioonwatch.org.br\/wp-content\/uploads\/2017\/07\/landing-of-slaves-in-cais-do-valongo-painted-by-rugendas-in-1835-e1431619895836-620x264.jpg 620w, https:\/\/rioonwatch.org.br\/wp-content\/uploads\/2017\/07\/landing-of-slaves-in-cais-do-valongo-painted-by-rugendas-in-1835-e1431619895836-940x400.jpg 940w\" sizes=\"(max-width: 620px) 100vw, 620px\" \/><\/a><br \/>\n<\/span><span style=\"font-weight: 400;\">No total, cerca de 160 pontos no antigo Centro do Rio s\u00e3o cobertos pelo aplicativo. Os usu\u00e1rios tamb\u00e9m podem clicar e fazer sugest\u00f5es para que mais lugares sejam inclu\u00eddos. &#8220;Para n\u00f3s, a \u00e1rea do porto \u00e9 como um (pequeno) aqu\u00e1rio. \u00c9 um reflexo do que \u00e9 a hist\u00f3ria brasileira&#8221;, diz Mariana. \u00c9 por isso que a Casa P\u00fablica n\u00e3o pretende incluir outros bairros do Rio. Em vez disso, seu objetivo \u00e9 expandir o alcance do aplicativo, especialmente para os estudantes. Eles tamb\u00e9m trabalham com guias tur\u00edsticos alternativos como <a href=\"http:\/\/bit.ly\/2l07NfM\" target=\"_blank\" rel=\"noopener\">Cosme Felippsen<\/a>, da <a href=\"http:\/\/bit.ly\/UBMUVJ\" target=\"_blank\" rel=\"noopener\">Provid\u00eancia<\/a>, primeira favela do Rio, que tamb\u00e9m fica na Regi\u00e3o Portu\u00e1ria. Cosme usa o aplicativo em seus passeios.<\/span><\/p>\n<p><span style=\"font-weight: 400;\">Mas, mesmo sem mais divulga\u00e7\u00e3o, a Casa P\u00fablica est\u00e1 feliz com o crescente n\u00famero de downloads: &#8220;n\u00f3s n\u00e3o t\u00ednhamos um objetivo espec\u00edfico em mente&#8230; esper\u00e1vamos obter pelo menos 1.000 downloads. N\u00f3s superamos esse n\u00famero h\u00e1 muito tempo. Em apenas um m\u00eas, mais de duas mil pessoas baixaram o aplicativo\u201d.<\/span><\/p>\n<p><span style=\"font-weight: 400;\">A ideia em si surgiu h\u00e1 um ano no Laborat\u00f3rio de Inova\u00e7\u00e3o da Casa P\u00fablica. Foi criada por jornalistas que trabalham para a Casa P\u00fablica em parceria com o desenvolvedor holand\u00eas Babak Fakhazadeh, com ilustra\u00e7\u00f5es da artista paulistana\u00a0<a href=\"http:\/\/bit.ly\/2tT7CJf\" target=\"_blank\" rel=\"noopener\">Juliana Russo<\/a>\u00a0e narra\u00e7\u00f5es da cantora <a href=\"http:\/\/bit.ly\/2ur3NOE\" target=\"_blank\" rel=\"noopener\">Anelis Assump\u00e7\u00e3o<\/a>. Al\u00e9m disso, o historiador <a href=\"http:\/\/bit.ly\/2tHxECf\" target=\"_blank\" rel=\"noopener\">Laurentino Gomes<\/a> permitiu o uso do conte\u00fado de seu premiado livro de hist\u00f3ria \u201c1808\u201d. Sua contribui\u00e7\u00e3o \u00e9 uma das raz\u00f5es pelas quais a Casa P\u00fablica escolheu 1830 como data para o mapa hist\u00f3rico inclu\u00eddo no aplicativo. &#8220;Al\u00e9m disso, n\u00e3o queremos voltar tanto no tempo, a ponto de n\u00e3o reconhecermos a regi\u00e3o\u201d, diz Mariana.<\/span><\/p>\n<p><strong><a href=\"http:\/\/bit.ly\/2uUCsEn\" target=\"_blank\" rel=\"noopener\">Baixe aqui o aplicativo no Google Play<\/a>. <a href=\"http:\/\/apple.co\/2uZZzKM\" target=\"_blank\" rel=\"noopener\">E aqui na Apple Store<\/a>. <\/strong><\/p>\n<h3><strong> Saiba mais sobre o Museu do Ontem:<\/strong><br \/>\n<iframe src=\"https:\/\/player.vimeo.com\/video\/222758832\" width=\"620\" height=\"349\" frameborder=\"0\" allowfullscreen=\"allowfullscreen\"><\/iframe><\/h3>\n<!-- AddThis Advanced Settings generic via filter on the_content --><!-- AddThis Share Buttons generic via filter on the_content -->","protected":false},"excerpt":{"rendered":"<div class=\"mh-excerpt\"><p>Click Here for English Nenhuma \u00e1rea urbano no Rio de Janeiro mudou mais nos \u00faltimos cinco anos do que a Regi\u00e3o Portu\u00e1ria. H\u00e1 pouco tempo, era uma \u00e1rea fortemente negligenciada, com armaz\u00e9ns portu\u00e1rios e edif\u00edcios <a class=\"mh-excerpt-more\" href=\"https:\/\/rioonwatch.org.br\/?p=27135\" title=\"Aplicativo Inovador Exp\u00f5e a Hist\u00f3ria Obscura do Porto do Rio de Janeiro\">[&#8230;]<\/a><!-- AddThis Advanced Settings generic via filter on get_the_excerpt --><!-- AddThis Share Buttons generic via filter on get_the_excerpt --><\/p>\n<\/div>","protected":false},"author":129,"featured_media":27137,"comment_status":"closed","ping_status":"closed","sticky":false,"template":"","format":"standard","meta":{"_acf_changed":false,"_monsterinsights_skip_tracking":false,"_monsterinsights_sitenote_active":false,"_monsterinsights_sitenote_note":"","_monsterinsights_sitenote_category":0,"footnotes":""},"categories":[1617,2051,1621,1631,1626,342],"tags":[1818,1693,1902,259,310,1023,1730,484,514,128,2175,1751,433,1748,1228,936,494,1457,825,1694],"writer":[1972],"translator":[1176],"source":[],"ilustrador":[],"fotografo":[],"class_list":{"0":"post-27135","1":"post","2":"type-post","3":"status-publish","4":"format-standard","5":"has-post-thumbnail","7":"category-olhonagentrificacao","8":"category-olhonolegado","9":"category-destaque","10":"category-entendendo-o-rio","11":"category-por-observadores-internacionais","12":"category-solucoes","13":"tag-aplicativo","14":"tag-cais-do-valongo","15":"tag-casa-publica","16":"tag-centro","17":"tag-corrupcao","18":"tag-ditadura-militar","19":"tag-eduardo-cunha","20":"tag-prefeito-eduardo-paes","21":"tag-escravidao","22":"tag-historia","23":"tag-museu-de-arte-do-rio","24":"tag-museu-do-amanha","25":"tag-porto-maravilha","26":"tag-praca-maua","27":"tag-quilombo-da-pedra-do-sal","28":"tag-raca","29":"tag-regiao-do-porto","30":"tag-tecnologia","31":"tag-turismo","32":"tag-valongo","33":"writer-lisa-hollenbach","34":"translator-fernanda-lacerda"},"acf":[],"yoast_head":"<!-- This site is optimized with the Yoast SEO plugin v25.6 - https:\/\/yoast.com\/wordpress\/plugins\/seo\/ -->\n<title>Aplicativo Inovador Exp\u00f5e a Hist\u00f3ria Obscura do Porto do Rio de Janeiro - RioOnWatch<\/title>\n<meta name=\"robots\" content=\"index, follow, max-snippet:-1, max-image-preview:large, max-video-preview:-1\" \/>\n<link rel=\"canonical\" href=\"https:\/\/rioonwatch.org.br\/?p=27135\" \/>\n<meta property=\"og:locale\" content=\"pt_BR\" \/>\n<meta property=\"og:type\" content=\"article\" \/>\n<meta property=\"og:title\" content=\"Aplicativo Inovador Exp\u00f5e a Hist\u00f3ria Obscura do Porto do Rio de Janeiro - RioOnWatch\" \/>\n<meta property=\"og:description\" content=\"Click Here for English Nenhuma \u00e1rea urbano no Rio de Janeiro mudou mais nos \u00faltimos cinco anos do que a Regi\u00e3o Portu\u00e1ria. H\u00e1 pouco tempo, era uma \u00e1rea fortemente negligenciada, com armaz\u00e9ns portu\u00e1rios e edif\u00edcios [...]\" \/>\n<meta property=\"og:url\" content=\"https:\/\/rioonwatch.org.br\/?p=27135\" \/>\n<meta property=\"og:site_name\" content=\"RioOnWatch\" \/>\n<meta property=\"article:published_time\" content=\"2017-08-01T12:15:53+00:00\" \/>\n<meta property=\"article:modified_time\" content=\"2017-08-04T12:39:13+00:00\" \/>\n<meta property=\"og:image\" content=\"https:\/\/rioonwatch.org.br\/wp-content\/uploads\/2017\/07\/Museum-of-Yesterday-map.jpg\" \/>\n\t<meta property=\"og:image:width\" content=\"1091\" \/>\n\t<meta property=\"og:image:height\" content=\"600\" \/>\n\t<meta property=\"og:image:type\" content=\"image\/jpeg\" \/>\n<meta name=\"author\" content=\"Admin\" \/>\n<meta name=\"twitter:card\" content=\"summary_large_image\" \/>\n<meta name=\"twitter:label1\" content=\"Escrito por\" \/>\n\t<meta name=\"twitter:data1\" content=\"Admin\" \/>\n\t<meta name=\"twitter:label2\" content=\"Est. tempo de leitura\" \/>\n\t<meta name=\"twitter:data2\" content=\"8 minutos\" \/>\n<script type=\"application\/ld+json\" class=\"yoast-schema-graph\">{\"@context\":\"https:\/\/schema.org\",\"@graph\":[{\"@type\":\"Article\",\"@id\":\"https:\/\/rioonwatch.org.br\/?p=27135#article\",\"isPartOf\":{\"@id\":\"https:\/\/rioonwatch.org.br\/?p=27135\"},\"author\":{\"name\":\"Admin\",\"@id\":\"https:\/\/rioonwatch.org.br\/#\/schema\/person\/11d64c290506f9df50c71b850c473f68\"},\"headline\":\"Aplicativo Inovador Exp\u00f5e a Hist\u00f3ria Obscura do Porto do Rio de Janeiro\",\"datePublished\":\"2017-08-01T12:15:53+00:00\",\"dateModified\":\"2017-08-04T12:39:13+00:00\",\"mainEntityOfPage\":{\"@id\":\"https:\/\/rioonwatch.org.br\/?p=27135\"},\"wordCount\":1680,\"publisher\":{\"@id\":\"https:\/\/rioonwatch.org.br\/#organization\"},\"image\":{\"@id\":\"https:\/\/rioonwatch.org.br\/?p=27135#primaryimage\"},\"thumbnailUrl\":\"https:\/\/rioonwatch.org.br\/wp-content\/uploads\/2017\/07\/Museum-of-Yesterday-map.jpg\",\"keywords\":[\"aplicativo\",\"Cais do Valongo\",\"Casa P\u00fablica\",\"Centro\",\"corrup\u00e7\u00e3o\",\"Ditadura Militar\",\"Eduardo Cunha\",\"Eduardo Paes\",\"escravid\u00e3o\",\"hist\u00f3ria\",\"Museu de Arte do Rio\",\"Museu do Amanh\u00e3\",\"Porto Maravilha\",\"Pra\u00e7a Mau\u00e1\",\"Quilombo da Pedra do Sal\",\"ra\u00e7a\",\"Regi\u00e3o do Porto\",\"tecnologia\",\"turismo\",\"Valongo\"],\"articleSection\":[\"#OlhoNaGentrifica\u00e7\u00e3o\",\"#OlhoNoLegado\",\"*Destaque\",\"Entendendo o Rio\",\"Escrito por Aliados\",\"Solu\u00e7\u00f5es\"],\"inLanguage\":\"pt-BR\"},{\"@type\":\"WebPage\",\"@id\":\"https:\/\/rioonwatch.org.br\/?p=27135\",\"url\":\"https:\/\/rioonwatch.org.br\/?p=27135\",\"name\":\"Aplicativo Inovador Exp\u00f5e a Hist\u00f3ria Obscura do Porto do Rio de Janeiro - RioOnWatch\",\"isPartOf\":{\"@id\":\"https:\/\/rioonwatch.org.br\/#website\"},\"primaryImageOfPage\":{\"@id\":\"https:\/\/rioonwatch.org.br\/?p=27135#primaryimage\"},\"image\":{\"@id\":\"https:\/\/rioonwatch.org.br\/?p=27135#primaryimage\"},\"thumbnailUrl\":\"https:\/\/rioonwatch.org.br\/wp-content\/uploads\/2017\/07\/Museum-of-Yesterday-map.jpg\",\"datePublished\":\"2017-08-01T12:15:53+00:00\",\"dateModified\":\"2017-08-04T12:39:13+00:00\",\"breadcrumb\":{\"@id\":\"https:\/\/rioonwatch.org.br\/?p=27135#breadcrumb\"},\"inLanguage\":\"pt-BR\",\"potentialAction\":[{\"@type\":\"ReadAction\",\"target\":[\"https:\/\/rioonwatch.org.br\/?p=27135\"]}]},{\"@type\":\"ImageObject\",\"inLanguage\":\"pt-BR\",\"@id\":\"https:\/\/rioonwatch.org.br\/?p=27135#primaryimage\",\"url\":\"https:\/\/rioonwatch.org.br\/wp-content\/uploads\/2017\/07\/Museum-of-Yesterday-map.jpg\",\"contentUrl\":\"https:\/\/rioonwatch.org.br\/wp-content\/uploads\/2017\/07\/Museum-of-Yesterday-map.jpg\",\"width\":1091,\"height\":600},{\"@type\":\"BreadcrumbList\",\"@id\":\"https:\/\/rioonwatch.org.br\/?p=27135#breadcrumb\",\"itemListElement\":[{\"@type\":\"ListItem\",\"position\":1,\"name\":\"In\u00edcio\",\"item\":\"https:\/\/rioonwatch.org.br\/\"},{\"@type\":\"ListItem\",\"position\":2,\"name\":\"Aplicativo Inovador Exp\u00f5e a Hist\u00f3ria Obscura do Porto do Rio de Janeiro\"}]},{\"@type\":\"WebSite\",\"@id\":\"https:\/\/rioonwatch.org.br\/#website\",\"url\":\"https:\/\/rioonwatch.org.br\/\",\"name\":\"RioOnWatch\",\"description\":\"relatos das favelas cariocas\",\"publisher\":{\"@id\":\"https:\/\/rioonwatch.org.br\/#organization\"},\"potentialAction\":[{\"@type\":\"SearchAction\",\"target\":{\"@type\":\"EntryPoint\",\"urlTemplate\":\"https:\/\/rioonwatch.org.br\/?s={search_term_string}\"},\"query-input\":{\"@type\":\"PropertyValueSpecification\",\"valueRequired\":true,\"valueName\":\"search_term_string\"}}],\"inLanguage\":\"pt-BR\"},{\"@type\":\"Organization\",\"@id\":\"https:\/\/rioonwatch.org.br\/#organization\",\"name\":\"RioOnWatch\",\"url\":\"https:\/\/rioonwatch.org.br\/\",\"logo\":{\"@type\":\"ImageObject\",\"inLanguage\":\"pt-BR\",\"@id\":\"https:\/\/rioonwatch.org.br\/#\/schema\/logo\/image\/\",\"url\":\"https:\/\/rioonwatch.org.br\/wp-content\/uploads\/2021\/06\/RioOnWatchcabecalhoPT11anos-2.png\",\"contentUrl\":\"https:\/\/rioonwatch.org.br\/wp-content\/uploads\/2021\/06\/RioOnWatchcabecalhoPT11anos-2.png\",\"width\":779,\"height\":277,\"caption\":\"RioOnWatch\"},\"image\":{\"@id\":\"https:\/\/rioonwatch.org.br\/#\/schema\/logo\/image\/\"}},{\"@type\":\"Person\",\"@id\":\"https:\/\/rioonwatch.org.br\/#\/schema\/person\/11d64c290506f9df50c71b850c473f68\",\"name\":\"Admin\",\"image\":{\"@type\":\"ImageObject\",\"inLanguage\":\"pt-BR\",\"@id\":\"https:\/\/rioonwatch.org.br\/#\/schema\/person\/image\/\",\"url\":\"https:\/\/secure.gravatar.com\/avatar\/56211ac74568383903349a1485e3c325?s=96&d=blank&r=g\",\"contentUrl\":\"https:\/\/secure.gravatar.com\/avatar\/56211ac74568383903349a1485e3c325?s=96&d=blank&r=g\",\"caption\":\"Admin\"},\"url\":\"https:\/\/rioonwatch.org.br\/?author=129\"}]}<\/script>\n<!-- \/ Yoast SEO plugin. -->","yoast_head_json":{"title":"Aplicativo Inovador Exp\u00f5e a Hist\u00f3ria Obscura do Porto do Rio de Janeiro - RioOnWatch","robots":{"index":"index","follow":"follow","max-snippet":"max-snippet:-1","max-image-preview":"max-image-preview:large","max-video-preview":"max-video-preview:-1"},"canonical":"https:\/\/rioonwatch.org.br\/?p=27135","og_locale":"pt_BR","og_type":"article","og_title":"Aplicativo Inovador Exp\u00f5e a Hist\u00f3ria Obscura do Porto do Rio de Janeiro - RioOnWatch","og_description":"Click Here for English Nenhuma \u00e1rea urbano no Rio de Janeiro mudou mais nos \u00faltimos cinco anos do que a Regi\u00e3o Portu\u00e1ria. H\u00e1 pouco tempo, era uma \u00e1rea fortemente negligenciada, com armaz\u00e9ns portu\u00e1rios e edif\u00edcios [...]","og_url":"https:\/\/rioonwatch.org.br\/?p=27135","og_site_name":"RioOnWatch","article_published_time":"2017-08-01T12:15:53+00:00","article_modified_time":"2017-08-04T12:39:13+00:00","og_image":[{"width":1091,"height":600,"url":"https:\/\/rioonwatch.org.br\/wp-content\/uploads\/2017\/07\/Museum-of-Yesterday-map.jpg","type":"image\/jpeg"}],"author":"Admin","twitter_card":"summary_large_image","twitter_misc":{"Escrito por":"Admin","Est. tempo de leitura":"8 minutos"},"schema":{"@context":"https:\/\/schema.org","@graph":[{"@type":"Article","@id":"https:\/\/rioonwatch.org.br\/?p=27135#article","isPartOf":{"@id":"https:\/\/rioonwatch.org.br\/?p=27135"},"author":{"name":"Admin","@id":"https:\/\/rioonwatch.org.br\/#\/schema\/person\/11d64c290506f9df50c71b850c473f68"},"headline":"Aplicativo Inovador Exp\u00f5e a Hist\u00f3ria Obscura do Porto do Rio de Janeiro","datePublished":"2017-08-01T12:15:53+00:00","dateModified":"2017-08-04T12:39:13+00:00","mainEntityOfPage":{"@id":"https:\/\/rioonwatch.org.br\/?p=27135"},"wordCount":1680,"publisher":{"@id":"https:\/\/rioonwatch.org.br\/#organization"},"image":{"@id":"https:\/\/rioonwatch.org.br\/?p=27135#primaryimage"},"thumbnailUrl":"https:\/\/rioonwatch.org.br\/wp-content\/uploads\/2017\/07\/Museum-of-Yesterday-map.jpg","keywords":["aplicativo","Cais do Valongo","Casa P\u00fablica","Centro","corrup\u00e7\u00e3o","Ditadura Militar","Eduardo Cunha","Eduardo Paes","escravid\u00e3o","hist\u00f3ria","Museu de Arte do Rio","Museu do Amanh\u00e3","Porto Maravilha","Pra\u00e7a Mau\u00e1","Quilombo da Pedra do Sal","ra\u00e7a","Regi\u00e3o do Porto","tecnologia","turismo","Valongo"],"articleSection":["#OlhoNaGentrifica\u00e7\u00e3o","#OlhoNoLegado","*Destaque","Entendendo o Rio","Escrito por Aliados","Solu\u00e7\u00f5es"],"inLanguage":"pt-BR"},{"@type":"WebPage","@id":"https:\/\/rioonwatch.org.br\/?p=27135","url":"https:\/\/rioonwatch.org.br\/?p=27135","name":"Aplicativo Inovador Exp\u00f5e a Hist\u00f3ria Obscura do Porto do Rio de Janeiro - RioOnWatch","isPartOf":{"@id":"https:\/\/rioonwatch.org.br\/#website"},"primaryImageOfPage":{"@id":"https:\/\/rioonwatch.org.br\/?p=27135#primaryimage"},"image":{"@id":"https:\/\/rioonwatch.org.br\/?p=27135#primaryimage"},"thumbnailUrl":"https:\/\/rioonwatch.org.br\/wp-content\/uploads\/2017\/07\/Museum-of-Yesterday-map.jpg","datePublished":"2017-08-01T12:15:53+00:00","dateModified":"2017-08-04T12:39:13+00:00","breadcrumb":{"@id":"https:\/\/rioonwatch.org.br\/?p=27135#breadcrumb"},"inLanguage":"pt-BR","potentialAction":[{"@type":"ReadAction","target":["https:\/\/rioonwatch.org.br\/?p=27135"]}]},{"@type":"ImageObject","inLanguage":"pt-BR","@id":"https:\/\/rioonwatch.org.br\/?p=27135#primaryimage","url":"https:\/\/rioonwatch.org.br\/wp-content\/uploads\/2017\/07\/Museum-of-Yesterday-map.jpg","contentUrl":"https:\/\/rioonwatch.org.br\/wp-content\/uploads\/2017\/07\/Museum-of-Yesterday-map.jpg","width":1091,"height":600},{"@type":"BreadcrumbList","@id":"https:\/\/rioonwatch.org.br\/?p=27135#breadcrumb","itemListElement":[{"@type":"ListItem","position":1,"name":"In\u00edcio","item":"https:\/\/rioonwatch.org.br\/"},{"@type":"ListItem","position":2,"name":"Aplicativo Inovador Exp\u00f5e a Hist\u00f3ria Obscura do Porto do Rio de Janeiro"}]},{"@type":"WebSite","@id":"https:\/\/rioonwatch.org.br\/#website","url":"https:\/\/rioonwatch.org.br\/","name":"RioOnWatch","description":"relatos das favelas cariocas","publisher":{"@id":"https:\/\/rioonwatch.org.br\/#organization"},"potentialAction":[{"@type":"SearchAction","target":{"@type":"EntryPoint","urlTemplate":"https:\/\/rioonwatch.org.br\/?s={search_term_string}"},"query-input":{"@type":"PropertyValueSpecification","valueRequired":true,"valueName":"search_term_string"}}],"inLanguage":"pt-BR"},{"@type":"Organization","@id":"https:\/\/rioonwatch.org.br\/#organization","name":"RioOnWatch","url":"https:\/\/rioonwatch.org.br\/","logo":{"@type":"ImageObject","inLanguage":"pt-BR","@id":"https:\/\/rioonwatch.org.br\/#\/schema\/logo\/image\/","url":"https:\/\/rioonwatch.org.br\/wp-content\/uploads\/2021\/06\/RioOnWatchcabecalhoPT11anos-2.png","contentUrl":"https:\/\/rioonwatch.org.br\/wp-content\/uploads\/2021\/06\/RioOnWatchcabecalhoPT11anos-2.png","width":779,"height":277,"caption":"RioOnWatch"},"image":{"@id":"https:\/\/rioonwatch.org.br\/#\/schema\/logo\/image\/"}},{"@type":"Person","@id":"https:\/\/rioonwatch.org.br\/#\/schema\/person\/11d64c290506f9df50c71b850c473f68","name":"Admin","image":{"@type":"ImageObject","inLanguage":"pt-BR","@id":"https:\/\/rioonwatch.org.br\/#\/schema\/person\/image\/","url":"https:\/\/secure.gravatar.com\/avatar\/56211ac74568383903349a1485e3c325?s=96&d=blank&r=g","contentUrl":"https:\/\/secure.gravatar.com\/avatar\/56211ac74568383903349a1485e3c325?s=96&d=blank&r=g","caption":"Admin"},"url":"https:\/\/rioonwatch.org.br\/?author=129"}]}},"_links":{"self":[{"href":"https:\/\/rioonwatch.org.br\/index.php?rest_route=\/wp\/v2\/posts\/27135"}],"collection":[{"href":"https:\/\/rioonwatch.org.br\/index.php?rest_route=\/wp\/v2\/posts"}],"about":[{"href":"https:\/\/rioonwatch.org.br\/index.php?rest_route=\/wp\/v2\/types\/post"}],"author":[{"embeddable":true,"href":"https:\/\/rioonwatch.org.br\/index.php?rest_route=\/wp\/v2\/users\/129"}],"replies":[{"embeddable":true,"href":"https:\/\/rioonwatch.org.br\/index.php?rest_route=%2Fwp%2Fv2%2Fcomments&post=27135"}],"version-history":[{"count":17,"href":"https:\/\/rioonwatch.org.br\/index.php?rest_route=\/wp\/v2\/posts\/27135\/revisions"}],"predecessor-version":[{"id":27353,"href":"https:\/\/rioonwatch.org.br\/index.php?rest_route=\/wp\/v2\/posts\/27135\/revisions\/27353"}],"wp:featuredmedia":[{"embeddable":true,"href":"https:\/\/rioonwatch.org.br\/index.php?rest_route=\/wp\/v2\/media\/27137"}],"wp:attachment":[{"href":"https:\/\/rioonwatch.org.br\/index.php?rest_route=%2Fwp%2Fv2%2Fmedia&parent=27135"}],"wp:term":[{"taxonomy":"category","embeddable":true,"href":"https:\/\/rioonwatch.org.br\/index.php?rest_route=%2Fwp%2Fv2%2Fcategories&post=27135"},{"taxonomy":"post_tag","embeddable":true,"href":"https:\/\/rioonwatch.org.br\/index.php?rest_route=%2Fwp%2Fv2%2Ftags&post=27135"},{"taxonomy":"writer","embeddable":true,"href":"https:\/\/rioonwatch.org.br\/index.php?rest_route=%2Fwp%2Fv2%2Fwriter&post=27135"},{"taxonomy":"translator","embeddable":true,"href":"https:\/\/rioonwatch.org.br\/index.php?rest_route=%2Fwp%2Fv2%2Ftranslator&post=27135"},{"taxonomy":"source","embeddable":true,"href":"https:\/\/rioonwatch.org.br\/index.php?rest_route=%2Fwp%2Fv2%2Fsource&post=27135"},{"taxonomy":"ilustrador","embeddable":true,"href":"https:\/\/rioonwatch.org.br\/index.php?rest_route=%2Fwp%2Fv2%2Filustrador&post=27135"},{"taxonomy":"fotografo","embeddable":true,"href":"https:\/\/rioonwatch.org.br\/index.php?rest_route=%2Fwp%2Fv2%2Ffotografo&post=27135"}],"curies":[{"name":"wp","href":"https:\/\/api.w.org\/{rel}","templated":true}]}}