{"id":27159,"date":"2017-07-25T22:22:28","date_gmt":"2017-07-26T01:22:28","guid":{"rendered":"http:\/\/rioonwatch.org.br\/?p=27159"},"modified":"2017-12-13T22:34:42","modified_gmt":"2017-12-14T01:34:42","slug":"julho-negro-dia-4a-solidariedade-internacional-quanto-a-militarizacao-das-vidas-na-palestina-no-haiti-e-no-brasil","status":"publish","type":"post","link":"https:\/\/rioonwatch.org.br\/?p=27159","title":{"rendered":"Julho Negro Dia 4a: Solidariedade Internacional Quanto \u00e0 Militariza\u00e7\u00e3o das Vidas na Palestina, no Haiti e no Brasil"},"content":{"rendered":"<p style=\"text-align: right;\"><em><strong><a href=\"http:\/\/bit.ly\/2v3zrlq\" target=\"_blank\" rel=\"noopener noreferrer\">Click Here for English<img decoding=\"async\" width=\"20\" height=\"20\" class=\"alignright wp-image-15790\" src=\"http:\/\/rioonwatch.org.br\/wp-content\/uploads\/2012\/08\/EN-standard-e1439583104716.jpg\" alt=\"\" \/><\/a><\/strong><\/em><\/p>\n<p><span style=\"font-weight: 400;\">Como parte da semana do <a href=\"http:\/\/bit.ly\/2vnBq17\" target=\"_blank\" rel=\"noopener\">Julho Negro<\/a>, representantes do <a href=\"http:\/\/bit.ly\/1syJQ3k\" target=\"_blank\" rel=\"noopener\">movimento M\u00e3es de Maio<\/a>, <a href=\"http:\/\/bit.ly\/2v6aTs2\" target=\"_blank\" rel=\"noopener\">M\u00e3es de Manguinhos<\/a>, <a href=\"http:\/\/bit.ly\/1On4Hwl\" target=\"_blank\" rel=\"noopener\">Rede de Comunidades e Movimentos Contra a Viol\u00eancia<\/a>\u00a0e de resist\u00eancia do Haiti e da Palestina se <a href=\"http:\/\/bit.ly\/2tGqdeK\" target=\"_blank\" rel=\"noopener\">reuniram para discutir militariza\u00e7\u00e3o<\/a> e viol\u00eancia estatal em escala global e como movimentos de resist\u00eancia podem crescer juntos e compartilhar estrat\u00e9gias. <a href=\"http:\/\/bit.ly\/24KePW5\" target=\"_blank\" rel=\"noopener\">Gizele Martins<\/a>, jornalista comunit\u00e1ria do jornal <a href=\"http:\/\/bit.ly\/1mk1XUj\" target=\"_blank\" rel=\"noopener\"><em>O Cidad\u00e3o<\/em><\/a> na\u00a0<a href=\"http:\/\/bit.ly\/10BvARw\" target=\"_blank\" rel=\"noopener\">Mar\u00e9<\/a>, apresentou a discuss\u00e3o, descrevendo os <a href=\"http:\/\/bit.ly\/29T9kjb\" target=\"_blank\" rel=\"noopener\">gastos desproporcionais do Estado<\/a> com policiamento, armas e interven\u00e7\u00f5es violentas em <a href=\"http:\/\/bit.ly\/1K8LVUg\" target=\"_blank\" rel=\"noopener\">compara\u00e7\u00e3o com servi\u00e7os p\u00fablicos<\/a> em sua comunidade.<\/span><\/p>\n<p><span style=\"font-weight: 400;\">Soraya Misleh, uma refugiada palestina de segunda gera\u00e7\u00e3o no Brasil e autora de <a href=\"http:\/\/bit.ly\/2tANwqe\" target=\"_blank\" rel=\"noopener\">Al Nakba \u2013 um estudo sobre a cat\u00e1strofe palestina<\/a>, tra\u00e7ou <a href=\"http:\/\/bit.ly\/2tzj1wJ\" target=\"_blank\" rel=\"noopener\">paralelos entre eventos nas favelas do Rio<\/a> e em <a href=\"http:\/\/bit.ly\/2uw66Pf\" target=\"_blank\" rel=\"noopener\">territ\u00f3rios palestinos<\/a> ocupados. Misleh \u00e9 a diretora de comunica\u00e7\u00e3o e imprensa do Instituto da Cultura \u00c1rabe (<a href=\"http:\/\/bit.ly\/2gV8JVM\" target=\"_blank\" rel=\"noopener\">ICArabe<\/a>) em S\u00e3o Paulo. Ela descreveu o deslocamento e a tortura sofridos pelos palestinos impingidas pelas autoridades israelenses, mantendo no lugar um estado fortemente militarizado e segregado, que tamb\u00e9m <a href=\"http:\/\/bit.ly\/2h1y7JM\" target=\"_blank\" rel=\"noopener\">exportou armas e policiais treinados para o Brasil<\/a>, armas usadas contra moradores de favelas no Rio. Misleh comparou a arquitetura dos campos de refugiados, sua realidade fortemente policiada, com as realidades das favelas ocupadas pela pol\u00edcia no Rio. O encarceramento em massa e as condi\u00e7\u00f5es de pris\u00e3o desumanas tamb\u00e9m s\u00e3o experimentados na Palestina e no Rio. A militariza\u00e7\u00e3o da pol\u00edcia nas favelas do Rio como parte da &#8216;<a href=\"http:\/\/bit.ly\/2vHv2l9\" target=\"_blank\" rel=\"noopener\">Guerra \u00e0s Drogas<\/a>&#8216; na cidade pode estar ligada \u00e0s estrat\u00e9gias de poder usadas por Israel para manter o que a ONU reconheceu como um <a href=\"http:\/\/bit.ly\/2v3qys4\" target=\"_blank\" rel=\"noopener\">estado de apartheid<\/a>. Misleh argumentou que ambos os estados est\u00e3o usando a militariza\u00e7\u00e3o sob a justificativa da seguran\u00e7a essencialmente para cometer genoc\u00eddio contra suas popula\u00e7\u00f5es indesejadas. Ela enfatizou a import\u00e2ncia de fazer essas conex\u00f5es transnacionais como uma maneira de entender como a <a href=\"http:\/\/bit.ly\/2tGqEFT\" target=\"_blank\" rel=\"noopener\">militariza\u00e7\u00e3o da vida das pessoas \u00e9 parte de uma luta global<\/a>.<\/span><\/p>\n<p><a href=\"http:\/\/rioonwatch.org.br\/wp-content\/uploads\/2017\/07\/Julho-Negro-Militzarizacao-Haiti.jpg\"><img fetchpriority=\"high\" decoding=\"async\" class=\"aligncenter size-content wp-image-27165\" src=\"http:\/\/rioonwatch.org.br\/wp-content\/uploads\/2017\/07\/Julho-Negro-Militzarizacao-Haiti-620x264.jpg\" alt=\"\" width=\"620\" height=\"264\" srcset=\"https:\/\/rioonwatch.org.br\/wp-content\/uploads\/2017\/07\/Julho-Negro-Militzarizacao-Haiti-620x264.jpg 620w, https:\/\/rioonwatch.org.br\/wp-content\/uploads\/2017\/07\/Julho-Negro-Militzarizacao-Haiti-940x400.jpg 940w\" sizes=\"(max-width: 620px) 100vw, 620px\" \/><\/a><\/p>\n<p><span style=\"font-weight: 400;\">Os la\u00e7os financeiros e estrat\u00e9gicos entre o ex\u00e9rcito israelense, a pol\u00edcia do Rio de Janeiro e a pol\u00edcia dos Estados Unidos tamb\u00e9m foram discutidos em detalhes&#8211;essas organiza\u00e7\u00f5es de seguran\u00e7a s\u00e3o conhecidas por trocar armas, tanques e estrat\u00e9gias de treinamento. O fato de que &#8220;s\u00e3o as mesmas armas&#8221;, explicou Misleh, para ela ressalta ainda mais que a realidade \u00e9 &#8220;apenas uma luta&#8221;.<\/span><\/p>\n<p><span style=\"font-weight: 400;\"><a href=\"http:\/\/rioonwatch.org.br\/wp-content\/uploads\/2017\/07\/Julho-Negro-Militarizacao-de-Vidas.jpg\"><img decoding=\"async\" class=\"wp-image-27168 alignright\" src=\"http:\/\/rioonwatch.org.br\/wp-content\/uploads\/2017\/07\/Julho-Negro-Militarizacao-de-Vidas.jpg\" alt=\"\" width=\"300\" height=\"450\" srcset=\"https:\/\/rioonwatch.org.br\/wp-content\/uploads\/2017\/07\/Julho-Negro-Militarizacao-de-Vidas.jpg 640w, https:\/\/rioonwatch.org.br\/wp-content\/uploads\/2017\/07\/Julho-Negro-Militarizacao-de-Vidas-176x264.jpg 176w, https:\/\/rioonwatch.org.br\/wp-content\/uploads\/2017\/07\/Julho-Negro-Militarizacao-de-Vidas-413x620.jpg 413w\" sizes=\"(max-width: 300px) 100vw, 300px\" \/><\/a>Clarens Therry, um imigrante <a href=\"http:\/\/bit.ly\/2uzcRhr\" target=\"_blank\" rel=\"noopener\">haitiano<\/a> e l\u00edder da <a href=\"http:\/\/bit.ly\/2uaPBYP\" target=\"_blank\" rel=\"noopener\">Uni\u00e3o Social dos Imigrantes Haitianos<\/a> (USIH), discutiu o importante legado da Revolu\u00e7\u00e3o Haitiana, e como o Haitianismo&#8211;a derrubada das pot\u00eancias coloniais por uma revolta de escravos&#8211;tem sido temida pelo governo brasileiro, pois desafia muitos mitos populares baseados em ra\u00e7a. Ele invocou a base de muitas democracias, os princ\u00edpios franceses de &#8220;liberdade, igualdade e fraternidade&#8221;, explicando como os pr\u00f3prios governos que se formaram a partir desses princ\u00edpios est\u00e3o negando aos cidad\u00e3os o &#8220;direito \u00e0 vida&#8221;. Therry desafiou outros aspectos da <a href=\"http:\/\/bit.ly\/2nykUtN\" target=\"_blank\" rel=\"noopener\">academia e a normaliza\u00e7\u00e3o de ideais coloniais<\/a>&#8211;ele criticou o cego respeito por figuras hist\u00f3ricas e caracterizou o individualismo como uma &#8220;doen\u00e7a&#8221; trazida pelas sociedades europeias. Com base no precedente haitiano, ele explicou, de outra forma, que uma revolu\u00e7\u00e3o, \u00e9 poss\u00edvel: &#8220;fizemos uma revolu\u00e7\u00e3o e faremos uma revolu\u00e7\u00e3o aqui no Brasil tamb\u00e9m&#8221;.<\/span><\/p>\n<p><span style=\"font-weight: 400;\">D\u00e9bora Maria da Silva, fundadora e organizadora do <a href=\"http:\/\/bit.ly\/2tALNgx\" target=\"_blank\" rel=\"noopener\">M\u00e3es de Maio<\/a>, discutiu a necessidade de pesquisadores de movimentos de resist\u00eancia falarem diretamente com as m\u00e3es, como contadoras de hist\u00f3rias do dia-a-dia, e que a dist\u00e2ncia entre academia e a realidade desses movimentos impedem que a pesquisa seja eficaz.<\/span><\/p>\n<p><span style=\"font-weight: 400;\">Outros ressaltaram a import\u00e2ncia da inclus\u00e3o da resist\u00eancia ind\u00edgena na resist\u00eancia coletiva. Gizele Martins refletiu sobre sua experi\u00eancia de interc\u00e2mbio na Palestina e a <a href=\"http:\/\/bit.ly\/28PEyK3\" target=\"_blank\" rel=\"noopener\">import\u00e2ncia de viajar<\/a> para entender as lutas dos outros e aplicar esse conhecimento no pa\u00eds de origem. Ela tamb\u00e9m se perguntou como os <a href=\"http:\/\/bit.ly\/2nTDJqX\" target=\"_blank\" rel=\"noopener\">movimentos globais poderiam ajudar uns aos outros<\/a>, o que abriu o espa\u00e7o para uma conversa frut\u00edfera. Na atmosfera emocional, os participantes expressaram como, al\u00e9m de semelhan\u00e7as hist\u00f3ricas e pol\u00edticas, havia um senso mais imediato de identifica\u00e7\u00e3o e solidariedade com as v\u00edtimas globais da viol\u00eancia estatal. O evento concluiu com um sentimento de for\u00e7a e uni\u00e3o, pois como Therry afirmou, &#8220;um povo unido \u00e9 um povo que vence&#8221;.<\/span><\/p>\n<!-- AddThis Advanced Settings generic via filter on the_content --><!-- AddThis Share Buttons generic via filter on the_content -->","protected":false},"excerpt":{"rendered":"<div class=\"mh-excerpt\"><p>Click Here for English Como parte da semana do Julho Negro, representantes do movimento M\u00e3es de Maio, M\u00e3es de Manguinhos, Rede de Comunidades e Movimentos Contra a Viol\u00eancia\u00a0e de resist\u00eancia do Haiti e da Palestina <a class=\"mh-excerpt-more\" href=\"https:\/\/rioonwatch.org.br\/?p=27159\" title=\"Julho Negro Dia 4a: Solidariedade Internacional Quanto \u00e0 Militariza\u00e7\u00e3o das Vidas na Palestina, no Haiti e no Brasil\">[&#8230;]<\/a><!-- AddThis Advanced Settings generic via filter on get_the_excerpt --><!-- AddThis Share Buttons generic via filter on get_the_excerpt --><\/p>\n<\/div>","protected":false},"author":129,"featured_media":27161,"comment_status":"closed","ping_status":"closed","sticky":false,"template":"","format":"standard","meta":{"_acf_changed":false,"_monsterinsights_skip_tracking":false,"_monsterinsights_sitenote_active":false,"_monsterinsights_sitenote_note":"","_monsterinsights_sitenote_category":0,"footnotes":""},"categories":[346,1626,1612],"tags":[759,332,88,818,2253,1710,330,1936,417,358,2168,774,839,432,2167,92,920,52],"writer":[2129,2124],"translator":[1971],"source":[],"ilustrador":[],"fotografo":[],"class_list":{"0":"post-27159","1":"post","2":"type-post","3":"status-publish","4":"format-standard","5":"has-post-thumbnail","7":"category-denuncias","8":"category-por-observadores-internacionais","9":"category-sociedade-civil","10":"tag-comparacao-internacional","11":"tag-complexo-da-mare","12":"tag-direitos-humanos","13":"tag-eua","14":"tag-guerra-as-drogas","15":"tag-haiti","16":"tag-imigracao","17":"tag-julho-negro","18":"tag-negligencia-do-estado","19":"tag-organizacao-comunitaria","20":"tag-palestina","21":"tag-policia-militar","22":"tag-prioridades-publicas-equivocadas","23":"tag-resistencia","24":"tag-uniao","25":"tag-upp","26":"tag-violencia-de-estado","27":"tag-violencia-policial","28":"writer-chloe-villalobos","29":"writer-raine-robichaud","30":"translator-geovanna-giannini"},"acf":[],"yoast_head":"<!-- This site is optimized with the Yoast SEO plugin v25.6 - https:\/\/yoast.com\/wordpress\/plugins\/seo\/ -->\n<title>Julho Negro Dia 4a: Solidariedade Internacional Quanto \u00e0 Militariza\u00e7\u00e3o das Vidas na Palestina, no Haiti e no Brasil - RioOnWatch<\/title>\n<meta name=\"robots\" content=\"index, follow, max-snippet:-1, max-image-preview:large, max-video-preview:-1\" \/>\n<link rel=\"canonical\" href=\"https:\/\/rioonwatch.org.br\/?p=27159\" \/>\n<meta property=\"og:locale\" content=\"pt_BR\" \/>\n<meta property=\"og:type\" content=\"article\" \/>\n<meta property=\"og:title\" content=\"Julho Negro Dia 4a: Solidariedade Internacional Quanto \u00e0 Militariza\u00e7\u00e3o das Vidas na Palestina, no Haiti e no Brasil - RioOnWatch\" \/>\n<meta property=\"og:description\" content=\"Click Here for English Como parte da semana do Julho Negro, representantes do movimento M\u00e3es de Maio, M\u00e3es de Manguinhos, Rede de Comunidades e Movimentos Contra a Viol\u00eancia\u00a0e de resist\u00eancia do Haiti e da Palestina [...]\" \/>\n<meta property=\"og:url\" content=\"https:\/\/rioonwatch.org.br\/?p=27159\" \/>\n<meta property=\"og:site_name\" content=\"RioOnWatch\" \/>\n<meta property=\"article:published_time\" content=\"2017-07-26T01:22:28+00:00\" \/>\n<meta property=\"article:modified_time\" content=\"2017-12-14T01:34:42+00:00\" \/>\n<meta property=\"og:image\" content=\"https:\/\/rioonwatch.org.br\/wp-content\/uploads\/2017\/07\/Julho-Negro-Militarizacao-de-Vidas-.jpg\" \/>\n\t<meta property=\"og:image:width\" content=\"960\" \/>\n\t<meta property=\"og:image:height\" content=\"540\" \/>\n\t<meta property=\"og:image:type\" content=\"image\/jpeg\" \/>\n<meta name=\"author\" content=\"Admin\" \/>\n<meta name=\"twitter:card\" content=\"summary_large_image\" \/>\n<meta name=\"twitter:label1\" content=\"Escrito por\" \/>\n\t<meta name=\"twitter:data1\" content=\"Admin\" \/>\n\t<meta name=\"twitter:label2\" content=\"Est. tempo de leitura\" \/>\n\t<meta name=\"twitter:data2\" content=\"4 minutos\" \/>\n<script type=\"application\/ld+json\" class=\"yoast-schema-graph\">{\"@context\":\"https:\/\/schema.org\",\"@graph\":[{\"@type\":\"Article\",\"@id\":\"https:\/\/rioonwatch.org.br\/?p=27159#article\",\"isPartOf\":{\"@id\":\"https:\/\/rioonwatch.org.br\/?p=27159\"},\"author\":{\"name\":\"Admin\",\"@id\":\"https:\/\/rioonwatch.org.br\/#\/schema\/person\/11d64c290506f9df50c71b850c473f68\"},\"headline\":\"Julho Negro Dia 4a: Solidariedade Internacional Quanto \u00e0 Militariza\u00e7\u00e3o das Vidas na Palestina, no Haiti e no Brasil\",\"datePublished\":\"2017-07-26T01:22:28+00:00\",\"dateModified\":\"2017-12-14T01:34:42+00:00\",\"mainEntityOfPage\":{\"@id\":\"https:\/\/rioonwatch.org.br\/?p=27159\"},\"wordCount\":778,\"publisher\":{\"@id\":\"https:\/\/rioonwatch.org.br\/#organization\"},\"image\":{\"@id\":\"https:\/\/rioonwatch.org.br\/?p=27159#primaryimage\"},\"thumbnailUrl\":\"https:\/\/rioonwatch.org.br\/wp-content\/uploads\/2017\/07\/Julho-Negro-Militarizacao-de-Vidas-.jpg\",\"keywords\":[\"compara\u00e7\u00e3o internacional\",\"Complexo da Mar\u00e9\",\"Direitos Humanos\",\"EUA\",\"guerra \u00e0s drogas\",\"Haiti\",\"imigra\u00e7\u00e3o\",\"Julho Negro\",\"Neglig\u00eancia do Estado\",\"organiza\u00e7\u00e3o comunit\u00e1ria\",\"Palestina\",\"Pol\u00edcia Militar\",\"prioridades p\u00fablicas equivocadas\",\"resist\u00eancia\",\"uni\u00e3o\",\"UPP\",\"viol\u00eancia de Estado\",\"viol\u00eancia policial\"],\"articleSection\":[\"Den\u00fancias\",\"Escrito por Aliados\",\"Sociedade Civil\"],\"inLanguage\":\"pt-BR\"},{\"@type\":\"WebPage\",\"@id\":\"https:\/\/rioonwatch.org.br\/?p=27159\",\"url\":\"https:\/\/rioonwatch.org.br\/?p=27159\",\"name\":\"Julho Negro Dia 4a: Solidariedade Internacional Quanto \u00e0 Militariza\u00e7\u00e3o das Vidas na Palestina, no Haiti e no Brasil - RioOnWatch\",\"isPartOf\":{\"@id\":\"https:\/\/rioonwatch.org.br\/#website\"},\"primaryImageOfPage\":{\"@id\":\"https:\/\/rioonwatch.org.br\/?p=27159#primaryimage\"},\"image\":{\"@id\":\"https:\/\/rioonwatch.org.br\/?p=27159#primaryimage\"},\"thumbnailUrl\":\"https:\/\/rioonwatch.org.br\/wp-content\/uploads\/2017\/07\/Julho-Negro-Militarizacao-de-Vidas-.jpg\",\"datePublished\":\"2017-07-26T01:22:28+00:00\",\"dateModified\":\"2017-12-14T01:34:42+00:00\",\"breadcrumb\":{\"@id\":\"https:\/\/rioonwatch.org.br\/?p=27159#breadcrumb\"},\"inLanguage\":\"pt-BR\",\"potentialAction\":[{\"@type\":\"ReadAction\",\"target\":[\"https:\/\/rioonwatch.org.br\/?p=27159\"]}]},{\"@type\":\"ImageObject\",\"inLanguage\":\"pt-BR\",\"@id\":\"https:\/\/rioonwatch.org.br\/?p=27159#primaryimage\",\"url\":\"https:\/\/rioonwatch.org.br\/wp-content\/uploads\/2017\/07\/Julho-Negro-Militarizacao-de-Vidas-.jpg\",\"contentUrl\":\"https:\/\/rioonwatch.org.br\/wp-content\/uploads\/2017\/07\/Julho-Negro-Militarizacao-de-Vidas-.jpg\",\"width\":960,\"height\":540},{\"@type\":\"BreadcrumbList\",\"@id\":\"https:\/\/rioonwatch.org.br\/?p=27159#breadcrumb\",\"itemListElement\":[{\"@type\":\"ListItem\",\"position\":1,\"name\":\"In\u00edcio\",\"item\":\"https:\/\/rioonwatch.org.br\/\"},{\"@type\":\"ListItem\",\"position\":2,\"name\":\"Julho Negro Dia 4a: Solidariedade Internacional Quanto \u00e0 Militariza\u00e7\u00e3o das Vidas na Palestina, no Haiti e no Brasil\"}]},{\"@type\":\"WebSite\",\"@id\":\"https:\/\/rioonwatch.org.br\/#website\",\"url\":\"https:\/\/rioonwatch.org.br\/\",\"name\":\"RioOnWatch\",\"description\":\"relatos das favelas cariocas\",\"publisher\":{\"@id\":\"https:\/\/rioonwatch.org.br\/#organization\"},\"potentialAction\":[{\"@type\":\"SearchAction\",\"target\":{\"@type\":\"EntryPoint\",\"urlTemplate\":\"https:\/\/rioonwatch.org.br\/?s={search_term_string}\"},\"query-input\":{\"@type\":\"PropertyValueSpecification\",\"valueRequired\":true,\"valueName\":\"search_term_string\"}}],\"inLanguage\":\"pt-BR\"},{\"@type\":\"Organization\",\"@id\":\"https:\/\/rioonwatch.org.br\/#organization\",\"name\":\"RioOnWatch\",\"url\":\"https:\/\/rioonwatch.org.br\/\",\"logo\":{\"@type\":\"ImageObject\",\"inLanguage\":\"pt-BR\",\"@id\":\"https:\/\/rioonwatch.org.br\/#\/schema\/logo\/image\/\",\"url\":\"https:\/\/rioonwatch.org.br\/wp-content\/uploads\/2021\/06\/RioOnWatchcabecalhoPT11anos-2.png\",\"contentUrl\":\"https:\/\/rioonwatch.org.br\/wp-content\/uploads\/2021\/06\/RioOnWatchcabecalhoPT11anos-2.png\",\"width\":779,\"height\":277,\"caption\":\"RioOnWatch\"},\"image\":{\"@id\":\"https:\/\/rioonwatch.org.br\/#\/schema\/logo\/image\/\"}},{\"@type\":\"Person\",\"@id\":\"https:\/\/rioonwatch.org.br\/#\/schema\/person\/11d64c290506f9df50c71b850c473f68\",\"name\":\"Admin\",\"image\":{\"@type\":\"ImageObject\",\"inLanguage\":\"pt-BR\",\"@id\":\"https:\/\/rioonwatch.org.br\/#\/schema\/person\/image\/\",\"url\":\"https:\/\/secure.gravatar.com\/avatar\/56211ac74568383903349a1485e3c325?s=96&d=blank&r=g\",\"contentUrl\":\"https:\/\/secure.gravatar.com\/avatar\/56211ac74568383903349a1485e3c325?s=96&d=blank&r=g\",\"caption\":\"Admin\"},\"url\":\"https:\/\/rioonwatch.org.br\/?author=129\"}]}<\/script>\n<!-- \/ Yoast SEO plugin. -->","yoast_head_json":{"title":"Julho Negro Dia 4a: Solidariedade Internacional Quanto \u00e0 Militariza\u00e7\u00e3o das Vidas na Palestina, no Haiti e no Brasil - RioOnWatch","robots":{"index":"index","follow":"follow","max-snippet":"max-snippet:-1","max-image-preview":"max-image-preview:large","max-video-preview":"max-video-preview:-1"},"canonical":"https:\/\/rioonwatch.org.br\/?p=27159","og_locale":"pt_BR","og_type":"article","og_title":"Julho Negro Dia 4a: Solidariedade Internacional Quanto \u00e0 Militariza\u00e7\u00e3o das Vidas na Palestina, no Haiti e no Brasil - RioOnWatch","og_description":"Click Here for English Como parte da semana do Julho Negro, representantes do movimento M\u00e3es de Maio, M\u00e3es de Manguinhos, Rede de Comunidades e Movimentos Contra a Viol\u00eancia\u00a0e de resist\u00eancia do Haiti e da Palestina [...]","og_url":"https:\/\/rioonwatch.org.br\/?p=27159","og_site_name":"RioOnWatch","article_published_time":"2017-07-26T01:22:28+00:00","article_modified_time":"2017-12-14T01:34:42+00:00","og_image":[{"width":960,"height":540,"url":"https:\/\/rioonwatch.org.br\/wp-content\/uploads\/2017\/07\/Julho-Negro-Militarizacao-de-Vidas-.jpg","type":"image\/jpeg"}],"author":"Admin","twitter_card":"summary_large_image","twitter_misc":{"Escrito por":"Admin","Est. tempo de leitura":"4 minutos"},"schema":{"@context":"https:\/\/schema.org","@graph":[{"@type":"Article","@id":"https:\/\/rioonwatch.org.br\/?p=27159#article","isPartOf":{"@id":"https:\/\/rioonwatch.org.br\/?p=27159"},"author":{"name":"Admin","@id":"https:\/\/rioonwatch.org.br\/#\/schema\/person\/11d64c290506f9df50c71b850c473f68"},"headline":"Julho Negro Dia 4a: Solidariedade Internacional Quanto \u00e0 Militariza\u00e7\u00e3o das Vidas na Palestina, no Haiti e no Brasil","datePublished":"2017-07-26T01:22:28+00:00","dateModified":"2017-12-14T01:34:42+00:00","mainEntityOfPage":{"@id":"https:\/\/rioonwatch.org.br\/?p=27159"},"wordCount":778,"publisher":{"@id":"https:\/\/rioonwatch.org.br\/#organization"},"image":{"@id":"https:\/\/rioonwatch.org.br\/?p=27159#primaryimage"},"thumbnailUrl":"https:\/\/rioonwatch.org.br\/wp-content\/uploads\/2017\/07\/Julho-Negro-Militarizacao-de-Vidas-.jpg","keywords":["compara\u00e7\u00e3o internacional","Complexo da Mar\u00e9","Direitos Humanos","EUA","guerra \u00e0s drogas","Haiti","imigra\u00e7\u00e3o","Julho Negro","Neglig\u00eancia do Estado","organiza\u00e7\u00e3o comunit\u00e1ria","Palestina","Pol\u00edcia Militar","prioridades p\u00fablicas equivocadas","resist\u00eancia","uni\u00e3o","UPP","viol\u00eancia de Estado","viol\u00eancia policial"],"articleSection":["Den\u00fancias","Escrito por Aliados","Sociedade Civil"],"inLanguage":"pt-BR"},{"@type":"WebPage","@id":"https:\/\/rioonwatch.org.br\/?p=27159","url":"https:\/\/rioonwatch.org.br\/?p=27159","name":"Julho Negro Dia 4a: Solidariedade Internacional Quanto \u00e0 Militariza\u00e7\u00e3o das Vidas na Palestina, no Haiti e no Brasil - RioOnWatch","isPartOf":{"@id":"https:\/\/rioonwatch.org.br\/#website"},"primaryImageOfPage":{"@id":"https:\/\/rioonwatch.org.br\/?p=27159#primaryimage"},"image":{"@id":"https:\/\/rioonwatch.org.br\/?p=27159#primaryimage"},"thumbnailUrl":"https:\/\/rioonwatch.org.br\/wp-content\/uploads\/2017\/07\/Julho-Negro-Militarizacao-de-Vidas-.jpg","datePublished":"2017-07-26T01:22:28+00:00","dateModified":"2017-12-14T01:34:42+00:00","breadcrumb":{"@id":"https:\/\/rioonwatch.org.br\/?p=27159#breadcrumb"},"inLanguage":"pt-BR","potentialAction":[{"@type":"ReadAction","target":["https:\/\/rioonwatch.org.br\/?p=27159"]}]},{"@type":"ImageObject","inLanguage":"pt-BR","@id":"https:\/\/rioonwatch.org.br\/?p=27159#primaryimage","url":"https:\/\/rioonwatch.org.br\/wp-content\/uploads\/2017\/07\/Julho-Negro-Militarizacao-de-Vidas-.jpg","contentUrl":"https:\/\/rioonwatch.org.br\/wp-content\/uploads\/2017\/07\/Julho-Negro-Militarizacao-de-Vidas-.jpg","width":960,"height":540},{"@type":"BreadcrumbList","@id":"https:\/\/rioonwatch.org.br\/?p=27159#breadcrumb","itemListElement":[{"@type":"ListItem","position":1,"name":"In\u00edcio","item":"https:\/\/rioonwatch.org.br\/"},{"@type":"ListItem","position":2,"name":"Julho Negro Dia 4a: Solidariedade Internacional Quanto \u00e0 Militariza\u00e7\u00e3o das Vidas na Palestina, no Haiti e no Brasil"}]},{"@type":"WebSite","@id":"https:\/\/rioonwatch.org.br\/#website","url":"https:\/\/rioonwatch.org.br\/","name":"RioOnWatch","description":"relatos das favelas cariocas","publisher":{"@id":"https:\/\/rioonwatch.org.br\/#organization"},"potentialAction":[{"@type":"SearchAction","target":{"@type":"EntryPoint","urlTemplate":"https:\/\/rioonwatch.org.br\/?s={search_term_string}"},"query-input":{"@type":"PropertyValueSpecification","valueRequired":true,"valueName":"search_term_string"}}],"inLanguage":"pt-BR"},{"@type":"Organization","@id":"https:\/\/rioonwatch.org.br\/#organization","name":"RioOnWatch","url":"https:\/\/rioonwatch.org.br\/","logo":{"@type":"ImageObject","inLanguage":"pt-BR","@id":"https:\/\/rioonwatch.org.br\/#\/schema\/logo\/image\/","url":"https:\/\/rioonwatch.org.br\/wp-content\/uploads\/2021\/06\/RioOnWatchcabecalhoPT11anos-2.png","contentUrl":"https:\/\/rioonwatch.org.br\/wp-content\/uploads\/2021\/06\/RioOnWatchcabecalhoPT11anos-2.png","width":779,"height":277,"caption":"RioOnWatch"},"image":{"@id":"https:\/\/rioonwatch.org.br\/#\/schema\/logo\/image\/"}},{"@type":"Person","@id":"https:\/\/rioonwatch.org.br\/#\/schema\/person\/11d64c290506f9df50c71b850c473f68","name":"Admin","image":{"@type":"ImageObject","inLanguage":"pt-BR","@id":"https:\/\/rioonwatch.org.br\/#\/schema\/person\/image\/","url":"https:\/\/secure.gravatar.com\/avatar\/56211ac74568383903349a1485e3c325?s=96&d=blank&r=g","contentUrl":"https:\/\/secure.gravatar.com\/avatar\/56211ac74568383903349a1485e3c325?s=96&d=blank&r=g","caption":"Admin"},"url":"https:\/\/rioonwatch.org.br\/?author=129"}]}},"_links":{"self":[{"href":"https:\/\/rioonwatch.org.br\/index.php?rest_route=\/wp\/v2\/posts\/27159"}],"collection":[{"href":"https:\/\/rioonwatch.org.br\/index.php?rest_route=\/wp\/v2\/posts"}],"about":[{"href":"https:\/\/rioonwatch.org.br\/index.php?rest_route=\/wp\/v2\/types\/post"}],"author":[{"embeddable":true,"href":"https:\/\/rioonwatch.org.br\/index.php?rest_route=\/wp\/v2\/users\/129"}],"replies":[{"embeddable":true,"href":"https:\/\/rioonwatch.org.br\/index.php?rest_route=%2Fwp%2Fv2%2Fcomments&post=27159"}],"version-history":[{"count":11,"href":"https:\/\/rioonwatch.org.br\/index.php?rest_route=\/wp\/v2\/posts\/27159\/revisions"}],"predecessor-version":[{"id":27175,"href":"https:\/\/rioonwatch.org.br\/index.php?rest_route=\/wp\/v2\/posts\/27159\/revisions\/27175"}],"wp:featuredmedia":[{"embeddable":true,"href":"https:\/\/rioonwatch.org.br\/index.php?rest_route=\/wp\/v2\/media\/27161"}],"wp:attachment":[{"href":"https:\/\/rioonwatch.org.br\/index.php?rest_route=%2Fwp%2Fv2%2Fmedia&parent=27159"}],"wp:term":[{"taxonomy":"category","embeddable":true,"href":"https:\/\/rioonwatch.org.br\/index.php?rest_route=%2Fwp%2Fv2%2Fcategories&post=27159"},{"taxonomy":"post_tag","embeddable":true,"href":"https:\/\/rioonwatch.org.br\/index.php?rest_route=%2Fwp%2Fv2%2Ftags&post=27159"},{"taxonomy":"writer","embeddable":true,"href":"https:\/\/rioonwatch.org.br\/index.php?rest_route=%2Fwp%2Fv2%2Fwriter&post=27159"},{"taxonomy":"translator","embeddable":true,"href":"https:\/\/rioonwatch.org.br\/index.php?rest_route=%2Fwp%2Fv2%2Ftranslator&post=27159"},{"taxonomy":"source","embeddable":true,"href":"https:\/\/rioonwatch.org.br\/index.php?rest_route=%2Fwp%2Fv2%2Fsource&post=27159"},{"taxonomy":"ilustrador","embeddable":true,"href":"https:\/\/rioonwatch.org.br\/index.php?rest_route=%2Fwp%2Fv2%2Filustrador&post=27159"},{"taxonomy":"fotografo","embeddable":true,"href":"https:\/\/rioonwatch.org.br\/index.php?rest_route=%2Fwp%2Fv2%2Ffotografo&post=27159"}],"curies":[{"name":"wp","href":"https:\/\/api.w.org\/{rel}","templated":true}]}}