{"id":27178,"date":"2017-07-27T11:13:20","date_gmt":"2017-07-27T14:13:20","guid":{"rendered":"http:\/\/rioonwatch.org.br\/?p=27178"},"modified":"2017-10-01T12:40:42","modified_gmt":"2017-10-01T15:40:42","slug":"prefeitura-do-rio-nos-nao-vamos-ter-cultura-nenhuma-em-areas-sublevadas","status":"publish","type":"post","link":"https:\/\/rioonwatch.org.br\/?p=27178","title":{"rendered":"Prefeitura do Rio: \u201cN\u00f3s N\u00e3o Vamos Ter Cultura Nenhuma em \u00c1reas Sublevadas\u201d"},"content":{"rendered":"<p style=\"text-align: right;\"><em><strong><a href=\"http:\/\/bit.ly\/2u0YQwd\" target=\"_blank\" rel=\"noopener noreferrer\">Click Here for English<img decoding=\"async\" width=\"20\" height=\"20\" class=\"alignright wp-image-15790\" src=\"http:\/\/rioonwatch.org.br\/wp-content\/uploads\/2012\/08\/EN-standard-e1439583104716.jpg\" alt=\"\" \/><\/a><\/strong><\/em><\/p>\n<p>Durante transmiss\u00e3o ao vivo na Band News para discutir o <a href=\"http:\/\/bit.ly\/2tPJMzV\" target=\"_blank\" rel=\"noopener\">Plano Estrat\u00e9gico da gest\u00e3o Crivella<\/a>, a Subsecret\u00e1ria de Planejamento do Rio de Janeiro, <a href=\"http:\/\/bit.ly\/2tZqcxz\" target=\"_blank\" rel=\"noopener\">Asp\u00e1sia Camargo<\/a>, quando questionada acerca do papel da produ\u00e7\u00e3o cultural na redu\u00e7\u00e3o das <a href=\"http:\/\/bit.ly\/1owRf9p\" target=\"_blank\" rel=\"noopener\">desigualdades<\/a> e na promo\u00e7\u00e3o da <a href=\"http:\/\/bit.ly\/1fRNcBs\" target=\"_blank\" rel=\"noopener\">seguran\u00e7a<\/a> em territ\u00f3rios de favela, disse: \u201cDe uma coisa eu tenho certeza: n\u00f3s n\u00e3o vamos ter <a href=\"http:\/\/bit.ly\/1NzHxSq\" target=\"_blank\" rel=\"noopener\">cultura<\/a> nenhuma em \u00e1reas sublevadas. [&#8230;] Sublevadas pela viol\u00eancia, pelos assassinatos, pelo descontrole, pelas mil\u00edcias\u201d (em torno do minuto 30:00).<\/p>\n<p>https:\/\/www.facebook.com\/bandnewsfmrio\/videos\/1788604517819545\/<\/p>\n<p>Segundo o <a href=\"http:\/\/bit.ly\/2tD3qMW\" target=\"_blank\" rel=\"noopener\">dicion\u00e1rio<\/a>, sublevado \u00e9 \u201camotinado, revoltado\u201d. A op\u00e7\u00e3o de se referir a territ\u00f3rios de favela pelo termo revela um posicionamento pol\u00edtico por parte da prefeitura de <a href=\"http:\/\/bit.ly\/2buISj2\" target=\"_blank\" rel=\"noopener\">encarar as favelas como um espa\u00e7o de irracionalidade e viol\u00eancia<\/a>, e a declara\u00e7\u00e3o em si legitima a continuidade de a\u00e7\u00f5es que v\u00eam sendo tomadas pela prefeitura no sentido de <a href=\"http:\/\/bit.ly\/2sLa3vW\" target=\"_blank\" rel=\"noopener\">dificultar a realiza\u00e7\u00e3o de eventos culturais nas favelas<\/a>. Exemplo disso foi a <a href=\"https:\/\/glo.bo\/2uAj3FC\" target=\"_blank\" rel=\"noopener\">cria\u00e7\u00e3o em maio desse ano de uma comiss\u00e3o especial<\/a>\u00a0ligada ao gabinete do prefeito para aprovar eventos com p\u00fablico superior a 1000 pessoas, alongando o processo de consulta pr\u00e9via e aumentando o n\u00famero de licen\u00e7as necess\u00e1rias, al\u00e9m de conferir \u00e0 comiss\u00e3o a possibilidade de veto inclusive <em>durante<\/em> a realiza\u00e7\u00e3o do evento.<\/p>\n<p>Durante <a href=\"http:\/\/bit.ly\/14P8gmB\" target=\"_blank\" rel=\"noopener\">audi\u00eancia p\u00fablica para debater o Plano<\/a> na Tijuca na \u00faltima ter\u00e7a-feira, 26 de julho, a subsecret\u00e1ria primeiramente negou que tivesse feito tal afirma\u00e7\u00e3o, mas ao longo de sua fala voltou a colocar que n\u00e3o \u00e9 poss\u00edvel fazer cultura em \u00e1reas onde predomina a viol\u00eancia. Segundo <a href=\"http:\/\/bit.ly\/2x7NSS5\" target=\"_blank\" rel=\"noopener\">Asp\u00e1sia<\/a>, a prefeitura n\u00e3o tem capacidade para mitigar essa viol\u00eancia, atribuindo-a ao fluxo de armas e drogas, cuja entrada deveria ser impedida pelas for\u00e7as do governo federal, mas ela disse tamb\u00e9m que a prefeitura est\u00e1 agindo para ajudar essas for\u00e7as falidas, inclusive as do estado, a se soerguer. Isso ser\u00e1 feito pela requalifica\u00e7\u00e3o do trabalho da <a href=\"http:\/\/bit.ly\/1lsMZxQ\" target=\"_blank\" rel=\"noopener\">Guarda Municipal<\/a> na dire\u00e7\u00e3o de um policiamento ostensivo.<\/p>\n<p>\u201cA gente sabe que tem uma lista enorme de coisas que eram produzidas no <a href=\"http:\/\/bit.ly\/XuDNKV\" target=\"_blank\" rel=\"noopener\">Vidigal<\/a>, eram produzidas na <a href=\"http:\/\/bit.ly\/2kmO9hl\" target=\"_blank\" rel=\"noopener\">Rocinha<\/a>, s\u00e3o produzidas em outros bairros\u201d, reconheceu Asp\u00e1sia. A produ\u00e7\u00e3o cultural nas favelas, no entanto, n\u00e3o est\u00e1 circunscrita ao passado, como ela parece colocar, e nem se restringe a essas duas favelas de grande visibilidade na <a href=\"http:\/\/bit.ly\/1mNsDyk\" target=\"_blank\" rel=\"noopener\">Zona Sul<\/a>. As favelas s\u00e3o ainda hoje e cada vez mais <a href=\"http:\/\/bit.ly\/1VWEgC2\" target=\"_blank\" rel=\"noopener\">espa\u00e7os de efervesc\u00eancia cultural<\/a>. As favelas cariocas t\u00eam <a href=\"http:\/\/bit.ly\/V0UrTq\" target=\"_blank\" rel=\"noopener\">museus<\/a>, <a href=\"http:\/\/bit.ly\/2hKr5cm\" target=\"_blank\" rel=\"noopener\">grupos de teatro<\/a>, <a href=\"http:\/\/bit.ly\/1YceYBp\" target=\"_blank\" rel=\"noopener\">festivais liter\u00e1rios<\/a>, <a href=\"http:\/\/bit.ly\/2arIVNw\" target=\"_blank\" rel=\"noopener\">cineclubes<\/a>, <a href=\"http:\/\/bit.ly\/2sUlxA0\" target=\"_blank\" rel=\"noopener\">bibliotecas<\/a>. S\u00e3o o espa\u00e7o de <a href=\"http:\/\/bit.ly\/27bj6FX\" target=\"_blank\" rel=\"noopener\">reprodu\u00e7\u00e3o do samba, do rap, do funk<\/a>, do <a href=\"http:\/\/bit.ly\/2e23WMf\" target=\"_blank\" rel=\"noopener\">jongo<\/a>, do <a href=\"http:\/\/bit.ly\/2tKlmJt\" target=\"_blank\" rel=\"noopener\">charme<\/a>, do <a href=\"http:\/\/bit.ly\/2vIXljj\" target=\"_blank\" rel=\"noopener\">break<\/a>, da <a href=\"http:\/\/bit.ly\/2arIVNw\" target=\"_blank\" rel=\"noopener\">capoeira<\/a>, do <a href=\"http:\/\/bit.ly\/2bFgIkp\" target=\"_blank\" rel=\"noopener\">passinho<\/a>. S\u00e3o o espa\u00e7o do <a href=\"http:\/\/bit.ly\/2hjhVTg\" target=\"_blank\" rel=\"noopener\">grafite<\/a>, das batalhas de DJ e dos <a href=\"http:\/\/bit.ly\/2gFkHlG\" target=\"_blank\" rel=\"noopener\">slams de poesia<\/a>. S\u00e3o o espa\u00e7o de <a href=\"http:\/\/bit.ly\/1nRGA0I\" target=\"_blank\" rel=\"noopener\">busca constante por solu\u00e7\u00e3o e inova\u00e7\u00e3o<\/a>, espa\u00e7o da <a href=\"http:\/\/bit.ly\/2hSFCi4\" target=\"_blank\" rel=\"noopener\">reinven\u00e7\u00e3o<\/a>, da <a href=\"http:\/\/bit.ly\/2h6msG4\" target=\"_blank\" rel=\"noopener\">economia criativa e solid\u00e1ria<\/a>.<\/p>\n<p><a href=\"http:\/\/rioonwatch.org.br\/wp-content\/uploads\/2016\/05\/10791324495_e1f25cfcec_c.jpg\"><img fetchpriority=\"high\" decoding=\"async\" class=\"aligncenter wp-image-19506 size-content\" title=\"Batalha de passinho. Foto: M\u00eddia Ninja.\" src=\"http:\/\/rioonwatch.org.br\/wp-content\/uploads\/2016\/05\/10791324495_e1f25cfcec_c-620x264.jpg\" alt=\"\" width=\"620\" height=\"264\" \/><\/a><\/p>\n<p>A prefeitura parece querer ir contra a demanda popular e a tend\u00eancia esperada de valorizar e promover a cultura nesses espa\u00e7os ao fazer tal afirma\u00e7\u00e3o. Falta no Plano Estrat\u00e9gico uma pol\u00edtica de fomento aos artistas e produtores culturais, faltam estrat\u00e9gias de <a href=\"http:\/\/bit.ly\/1bHWcLD\" target=\"_blank\" rel=\"noopener\">descentraliza\u00e7\u00e3o dos equipamentos culturais<\/a> na dire\u00e7\u00e3o das\u00a0<a href=\"http:\/\/bit.ly\/11tBmFR\" target=\"_blank\" rel=\"noopener\">Zonas Oeste<\/a>\u00a0e\u00a0<a href=\"http:\/\/bit.ly\/WximDf\" target=\"_blank\" rel=\"noopener\">Norte<\/a>\u00a0(concentrados hoje no <a href=\"http:\/\/bit.ly\/1qX7nZG\" target=\"_blank\" rel=\"noopener\">Centro<\/a> e na <a href=\"http:\/\/bit.ly\/1mNsDyk\" target=\"_blank\" rel=\"noopener\">Zona Sul<\/a>). Mas mesmo que a prefeitura aja ativamente na forma de barreiras colocadas \u00e0 realiza\u00e7\u00e3o de eventos ou passivamente pela aus\u00eancia de incentivo e reconhecimento do potencial cultural das favelas, essa profecia n\u00e3o se efetivar\u00e1, porque a favela \u00e9 a encarna\u00e7\u00e3o da vida que se desenvolve apesar da aus\u00eancia&#8211;e \u00e0s vezes mesmo em resist\u00eancia \u00e0 presen\u00e7a&#8211;do poder p\u00fablico.<\/p>\n<p>Vai ter cultura na favela, sim. E vai ser pela cultura que os moradores v\u00e3o continuar a resistir, viver, sobreviver. E se a prefeitura souber canalizar esfor\u00e7os na dire\u00e7\u00e3o de pol\u00edticas p\u00fablicas transversais, a produ\u00e7\u00e3o cultural poder\u00e1 gerar <a href=\"http:\/\/bit.ly\/2fz8ak8\" target=\"_blank\" rel=\"noopener\">renda<\/a>, <a href=\"http:\/\/bit.ly\/1jbCBX3\" target=\"_blank\" rel=\"noopener\">emprego<\/a>, <a href=\"http:\/\/bit.ly\/1fRNcBs\" target=\"_blank\" rel=\"noopener\">seguran\u00e7a<\/a>, la\u00e7os de sociabilidade, <a href=\"http:\/\/bit.ly\/2eHBbGm\" target=\"_blank\" rel=\"noopener\">autoestima<\/a> e reduzir o <a href=\"http:\/\/bit.ly\/1owRf9p\" target=\"_blank\" rel=\"noopener\">abismo entre asfalto e favela<\/a>, efetivando <a href=\"http:\/\/bit.ly\/1FKOexi\" target=\"_blank\" rel=\"noopener\">em termos de direitos<\/a> o que a favela j\u00e1 \u00e9 em termos pr\u00e1ticos: parte da cidade.<\/p>\n<!-- AddThis Advanced Settings generic via filter on the_content --><!-- AddThis Share Buttons generic via filter on the_content -->","protected":false},"excerpt":{"rendered":"<div class=\"mh-excerpt\"><p>Click Here for English Durante transmiss\u00e3o ao vivo na Band News para discutir o Plano Estrat\u00e9gico da gest\u00e3o Crivella, a Subsecret\u00e1ria de Planejamento do Rio de Janeiro, Asp\u00e1sia Camargo, quando questionada acerca do papel da <a class=\"mh-excerpt-more\" href=\"https:\/\/rioonwatch.org.br\/?p=27178\" title=\"Prefeitura do Rio: \u201cN\u00f3s N\u00e3o Vamos Ter Cultura Nenhuma em \u00c1reas Sublevadas\u201d\">[&#8230;]<\/a><!-- AddThis Advanced Settings generic via filter on get_the_excerpt --><!-- AddThis Share Buttons generic via filter on get_the_excerpt --><\/p>\n<\/div>","protected":false},"author":152,"featured_media":27181,"comment_status":"closed","ping_status":"closed","sticky":false,"template":"","format":"standard","meta":{"_acf_changed":false,"_monsterinsights_skip_tracking":false,"_monsterinsights_sitenote_active":false,"_monsterinsights_sitenote_note":"","_monsterinsights_sitenote_category":0,"footnotes":""},"categories":[2089,1618,1615,344],"tags":[2220,1361,1005,921,1239,81,421,413,502,1314,1173,1912,1982,1950,2148,102,1511,1412,16,650,335,578,354,218,184],"writer":[1994],"translator":[],"source":[],"ilustrador":[],"fotografo":[],"class_list":{"0":"post-27178","1":"post","2":"type-post","3":"status-publish","4":"format-standard","5":"has-post-thumbnail","7":"category-monitoramento","8":"category-olhonaparticipacao","9":"category-cultura-da-favela","10":"category-politicas","11":"tag-aspasia-camargo","12":"tag-autoestima","13":"tag-biblioteca","14":"tag-capoeira","15":"tag-criminalizacao-da-pobreza","16":"tag-cultura","17":"tag-cultura-da-favela","18":"tag-desigualdade","19":"tag-funk","20":"tag-grafite","21":"tag-guarda-municipal","22":"tag-jongo","23":"tag-marcelo-crivella","24":"tag-passinho","25":"tag-plano-estrategico","26":"tag-poesia","27":"tag-politica-de-seguranca","28":"tag-producao-cultural","29":"tag-rocinha","30":"tag-samba","31":"tag-teatro","32":"tag-trabalho-e-renda","33":"tag-vidigal","34":"tag-zona-norte","35":"tag-zona-oeste","36":"writer-luisa-fenizola"},"acf":[],"yoast_head":"<!-- This site is optimized with the Yoast SEO plugin v25.6 - https:\/\/yoast.com\/wordpress\/plugins\/seo\/ -->\n<title>Prefeitura do Rio: \u201cN\u00f3s N\u00e3o Vamos Ter Cultura Nenhuma em \u00c1reas Sublevadas\u201d - RioOnWatch<\/title>\n<meta name=\"robots\" content=\"index, follow, max-snippet:-1, max-image-preview:large, max-video-preview:-1\" \/>\n<link rel=\"canonical\" href=\"https:\/\/rioonwatch.org.br\/?p=27178\" \/>\n<meta property=\"og:locale\" content=\"pt_BR\" \/>\n<meta property=\"og:type\" content=\"article\" \/>\n<meta property=\"og:title\" content=\"Prefeitura do Rio: \u201cN\u00f3s N\u00e3o Vamos Ter Cultura Nenhuma em \u00c1reas Sublevadas\u201d - RioOnWatch\" \/>\n<meta property=\"og:description\" content=\"Click Here for English Durante transmiss\u00e3o ao vivo na Band News para discutir o Plano Estrat\u00e9gico da gest\u00e3o Crivella, a Subsecret\u00e1ria de Planejamento do Rio de Janeiro, Asp\u00e1sia Camargo, quando questionada acerca do papel da [...]\" \/>\n<meta property=\"og:url\" content=\"https:\/\/rioonwatch.org.br\/?p=27178\" \/>\n<meta property=\"og:site_name\" content=\"RioOnWatch\" \/>\n<meta property=\"article:published_time\" content=\"2017-07-27T14:13:20+00:00\" \/>\n<meta property=\"article:modified_time\" content=\"2017-10-01T15:40:42+00:00\" \/>\n<meta property=\"og:image\" content=\"https:\/\/rioonwatch.org.br\/wp-content\/uploads\/2017\/07\/dialogoscariocas.jpg\" \/>\n\t<meta property=\"og:image:width\" content=\"960\" \/>\n\t<meta property=\"og:image:height\" content=\"720\" \/>\n\t<meta property=\"og:image:type\" content=\"image\/jpeg\" \/>\n<meta name=\"author\" content=\"Luisa Fenizola\" \/>\n<meta name=\"twitter:card\" content=\"summary_large_image\" \/>\n<meta name=\"twitter:label1\" content=\"Escrito por\" \/>\n\t<meta name=\"twitter:data1\" content=\"Luisa Fenizola\" \/>\n\t<meta name=\"twitter:label2\" content=\"Est. tempo de leitura\" \/>\n\t<meta name=\"twitter:data2\" content=\"4 minutos\" \/>\n<script type=\"application\/ld+json\" class=\"yoast-schema-graph\">{\"@context\":\"https:\/\/schema.org\",\"@graph\":[{\"@type\":\"Article\",\"@id\":\"https:\/\/rioonwatch.org.br\/?p=27178#article\",\"isPartOf\":{\"@id\":\"https:\/\/rioonwatch.org.br\/?p=27178\"},\"author\":{\"name\":\"Luisa Fenizola\",\"@id\":\"https:\/\/rioonwatch.org.br\/#\/schema\/person\/f443c6b55bb6e80842280318076491c5\"},\"headline\":\"Prefeitura do Rio: \u201cN\u00f3s N\u00e3o Vamos Ter Cultura Nenhuma em \u00c1reas Sublevadas\u201d\",\"datePublished\":\"2017-07-27T14:13:20+00:00\",\"dateModified\":\"2017-10-01T15:40:42+00:00\",\"mainEntityOfPage\":{\"@id\":\"https:\/\/rioonwatch.org.br\/?p=27178\"},\"wordCount\":736,\"publisher\":{\"@id\":\"https:\/\/rioonwatch.org.br\/#organization\"},\"image\":{\"@id\":\"https:\/\/rioonwatch.org.br\/?p=27178#primaryimage\"},\"thumbnailUrl\":\"https:\/\/rioonwatch.org.br\/wp-content\/uploads\/2017\/07\/dialogoscariocas.jpg\",\"keywords\":[\"Asp\u00e1sia Camargo\",\"autoestima\",\"Bibliotecas\",\"capoeira\",\"criminaliza\u00e7\u00e3o da pobreza\",\"cultura\",\"cultura da favela\",\"desigualdade\",\"funk\",\"grafite\",\"Guarda Municipal\",\"jongo\",\"Marcelo Crivella\",\"passinho\",\"Plano Estrat\u00e9gico\",\"poesia\",\"pol\u00edtica de seguran\u00e7a\",\"produ\u00e7\u00e3o cultural\",\"Rocinha\",\"samba\",\"teatro\",\"Trabalho e renda\",\"Vidigal\",\"Zona Norte\",\"Zona Oeste\"],\"articleSection\":[\"#Monitoramento\",\"#OlhoNaParticipa\u00e7\u00e3o\",\"Cultura da Favela\",\"Pol\u00edticas\"],\"inLanguage\":\"pt-BR\"},{\"@type\":\"WebPage\",\"@id\":\"https:\/\/rioonwatch.org.br\/?p=27178\",\"url\":\"https:\/\/rioonwatch.org.br\/?p=27178\",\"name\":\"Prefeitura do Rio: \u201cN\u00f3s N\u00e3o Vamos Ter Cultura Nenhuma em \u00c1reas Sublevadas\u201d - RioOnWatch\",\"isPartOf\":{\"@id\":\"https:\/\/rioonwatch.org.br\/#website\"},\"primaryImageOfPage\":{\"@id\":\"https:\/\/rioonwatch.org.br\/?p=27178#primaryimage\"},\"image\":{\"@id\":\"https:\/\/rioonwatch.org.br\/?p=27178#primaryimage\"},\"thumbnailUrl\":\"https:\/\/rioonwatch.org.br\/wp-content\/uploads\/2017\/07\/dialogoscariocas.jpg\",\"datePublished\":\"2017-07-27T14:13:20+00:00\",\"dateModified\":\"2017-10-01T15:40:42+00:00\",\"breadcrumb\":{\"@id\":\"https:\/\/rioonwatch.org.br\/?p=27178#breadcrumb\"},\"inLanguage\":\"pt-BR\",\"potentialAction\":[{\"@type\":\"ReadAction\",\"target\":[\"https:\/\/rioonwatch.org.br\/?p=27178\"]}]},{\"@type\":\"ImageObject\",\"inLanguage\":\"pt-BR\",\"@id\":\"https:\/\/rioonwatch.org.br\/?p=27178#primaryimage\",\"url\":\"https:\/\/rioonwatch.org.br\/wp-content\/uploads\/2017\/07\/dialogoscariocas.jpg\",\"contentUrl\":\"https:\/\/rioonwatch.org.br\/wp-content\/uploads\/2017\/07\/dialogoscariocas.jpg\",\"width\":960,\"height\":720},{\"@type\":\"BreadcrumbList\",\"@id\":\"https:\/\/rioonwatch.org.br\/?p=27178#breadcrumb\",\"itemListElement\":[{\"@type\":\"ListItem\",\"position\":1,\"name\":\"In\u00edcio\",\"item\":\"https:\/\/rioonwatch.org.br\/\"},{\"@type\":\"ListItem\",\"position\":2,\"name\":\"Prefeitura do Rio: \u201cN\u00f3s N\u00e3o Vamos Ter Cultura Nenhuma em \u00c1reas Sublevadas\u201d\"}]},{\"@type\":\"WebSite\",\"@id\":\"https:\/\/rioonwatch.org.br\/#website\",\"url\":\"https:\/\/rioonwatch.org.br\/\",\"name\":\"RioOnWatch\",\"description\":\"relatos das favelas cariocas\",\"publisher\":{\"@id\":\"https:\/\/rioonwatch.org.br\/#organization\"},\"potentialAction\":[{\"@type\":\"SearchAction\",\"target\":{\"@type\":\"EntryPoint\",\"urlTemplate\":\"https:\/\/rioonwatch.org.br\/?s={search_term_string}\"},\"query-input\":{\"@type\":\"PropertyValueSpecification\",\"valueRequired\":true,\"valueName\":\"search_term_string\"}}],\"inLanguage\":\"pt-BR\"},{\"@type\":\"Organization\",\"@id\":\"https:\/\/rioonwatch.org.br\/#organization\",\"name\":\"RioOnWatch\",\"url\":\"https:\/\/rioonwatch.org.br\/\",\"logo\":{\"@type\":\"ImageObject\",\"inLanguage\":\"pt-BR\",\"@id\":\"https:\/\/rioonwatch.org.br\/#\/schema\/logo\/image\/\",\"url\":\"https:\/\/rioonwatch.org.br\/wp-content\/uploads\/2021\/06\/RioOnWatchcabecalhoPT11anos-2.png\",\"contentUrl\":\"https:\/\/rioonwatch.org.br\/wp-content\/uploads\/2021\/06\/RioOnWatchcabecalhoPT11anos-2.png\",\"width\":779,\"height\":277,\"caption\":\"RioOnWatch\"},\"image\":{\"@id\":\"https:\/\/rioonwatch.org.br\/#\/schema\/logo\/image\/\"}},{\"@type\":\"Person\",\"@id\":\"https:\/\/rioonwatch.org.br\/#\/schema\/person\/f443c6b55bb6e80842280318076491c5\",\"name\":\"Luisa Fenizola\",\"image\":{\"@type\":\"ImageObject\",\"inLanguage\":\"pt-BR\",\"@id\":\"https:\/\/rioonwatch.org.br\/#\/schema\/person\/image\/\",\"url\":\"https:\/\/secure.gravatar.com\/avatar\/a3d551110162b9f876cbbdaaecf75663?s=96&d=blank&r=g\",\"contentUrl\":\"https:\/\/secure.gravatar.com\/avatar\/a3d551110162b9f876cbbdaaecf75663?s=96&d=blank&r=g\",\"caption\":\"Luisa Fenizola\"},\"url\":\"https:\/\/rioonwatch.org.br\/?author=152\"}]}<\/script>\n<!-- \/ Yoast SEO plugin. -->","yoast_head_json":{"title":"Prefeitura do Rio: \u201cN\u00f3s N\u00e3o Vamos Ter Cultura Nenhuma em \u00c1reas Sublevadas\u201d - RioOnWatch","robots":{"index":"index","follow":"follow","max-snippet":"max-snippet:-1","max-image-preview":"max-image-preview:large","max-video-preview":"max-video-preview:-1"},"canonical":"https:\/\/rioonwatch.org.br\/?p=27178","og_locale":"pt_BR","og_type":"article","og_title":"Prefeitura do Rio: \u201cN\u00f3s N\u00e3o Vamos Ter Cultura Nenhuma em \u00c1reas Sublevadas\u201d - RioOnWatch","og_description":"Click Here for English Durante transmiss\u00e3o ao vivo na Band News para discutir o Plano Estrat\u00e9gico da gest\u00e3o Crivella, a Subsecret\u00e1ria de Planejamento do Rio de Janeiro, Asp\u00e1sia Camargo, quando questionada acerca do papel da [...]","og_url":"https:\/\/rioonwatch.org.br\/?p=27178","og_site_name":"RioOnWatch","article_published_time":"2017-07-27T14:13:20+00:00","article_modified_time":"2017-10-01T15:40:42+00:00","og_image":[{"width":960,"height":720,"url":"https:\/\/rioonwatch.org.br\/wp-content\/uploads\/2017\/07\/dialogoscariocas.jpg","type":"image\/jpeg"}],"author":"Luisa Fenizola","twitter_card":"summary_large_image","twitter_misc":{"Escrito por":"Luisa Fenizola","Est. tempo de leitura":"4 minutos"},"schema":{"@context":"https:\/\/schema.org","@graph":[{"@type":"Article","@id":"https:\/\/rioonwatch.org.br\/?p=27178#article","isPartOf":{"@id":"https:\/\/rioonwatch.org.br\/?p=27178"},"author":{"name":"Luisa Fenizola","@id":"https:\/\/rioonwatch.org.br\/#\/schema\/person\/f443c6b55bb6e80842280318076491c5"},"headline":"Prefeitura do Rio: \u201cN\u00f3s N\u00e3o Vamos Ter Cultura Nenhuma em \u00c1reas Sublevadas\u201d","datePublished":"2017-07-27T14:13:20+00:00","dateModified":"2017-10-01T15:40:42+00:00","mainEntityOfPage":{"@id":"https:\/\/rioonwatch.org.br\/?p=27178"},"wordCount":736,"publisher":{"@id":"https:\/\/rioonwatch.org.br\/#organization"},"image":{"@id":"https:\/\/rioonwatch.org.br\/?p=27178#primaryimage"},"thumbnailUrl":"https:\/\/rioonwatch.org.br\/wp-content\/uploads\/2017\/07\/dialogoscariocas.jpg","keywords":["Asp\u00e1sia Camargo","autoestima","Bibliotecas","capoeira","criminaliza\u00e7\u00e3o da pobreza","cultura","cultura da favela","desigualdade","funk","grafite","Guarda Municipal","jongo","Marcelo Crivella","passinho","Plano Estrat\u00e9gico","poesia","pol\u00edtica de seguran\u00e7a","produ\u00e7\u00e3o cultural","Rocinha","samba","teatro","Trabalho e renda","Vidigal","Zona Norte","Zona Oeste"],"articleSection":["#Monitoramento","#OlhoNaParticipa\u00e7\u00e3o","Cultura da Favela","Pol\u00edticas"],"inLanguage":"pt-BR"},{"@type":"WebPage","@id":"https:\/\/rioonwatch.org.br\/?p=27178","url":"https:\/\/rioonwatch.org.br\/?p=27178","name":"Prefeitura do Rio: \u201cN\u00f3s N\u00e3o Vamos Ter Cultura Nenhuma em \u00c1reas Sublevadas\u201d - RioOnWatch","isPartOf":{"@id":"https:\/\/rioonwatch.org.br\/#website"},"primaryImageOfPage":{"@id":"https:\/\/rioonwatch.org.br\/?p=27178#primaryimage"},"image":{"@id":"https:\/\/rioonwatch.org.br\/?p=27178#primaryimage"},"thumbnailUrl":"https:\/\/rioonwatch.org.br\/wp-content\/uploads\/2017\/07\/dialogoscariocas.jpg","datePublished":"2017-07-27T14:13:20+00:00","dateModified":"2017-10-01T15:40:42+00:00","breadcrumb":{"@id":"https:\/\/rioonwatch.org.br\/?p=27178#breadcrumb"},"inLanguage":"pt-BR","potentialAction":[{"@type":"ReadAction","target":["https:\/\/rioonwatch.org.br\/?p=27178"]}]},{"@type":"ImageObject","inLanguage":"pt-BR","@id":"https:\/\/rioonwatch.org.br\/?p=27178#primaryimage","url":"https:\/\/rioonwatch.org.br\/wp-content\/uploads\/2017\/07\/dialogoscariocas.jpg","contentUrl":"https:\/\/rioonwatch.org.br\/wp-content\/uploads\/2017\/07\/dialogoscariocas.jpg","width":960,"height":720},{"@type":"BreadcrumbList","@id":"https:\/\/rioonwatch.org.br\/?p=27178#breadcrumb","itemListElement":[{"@type":"ListItem","position":1,"name":"In\u00edcio","item":"https:\/\/rioonwatch.org.br\/"},{"@type":"ListItem","position":2,"name":"Prefeitura do Rio: \u201cN\u00f3s N\u00e3o Vamos Ter Cultura Nenhuma em \u00c1reas Sublevadas\u201d"}]},{"@type":"WebSite","@id":"https:\/\/rioonwatch.org.br\/#website","url":"https:\/\/rioonwatch.org.br\/","name":"RioOnWatch","description":"relatos das favelas cariocas","publisher":{"@id":"https:\/\/rioonwatch.org.br\/#organization"},"potentialAction":[{"@type":"SearchAction","target":{"@type":"EntryPoint","urlTemplate":"https:\/\/rioonwatch.org.br\/?s={search_term_string}"},"query-input":{"@type":"PropertyValueSpecification","valueRequired":true,"valueName":"search_term_string"}}],"inLanguage":"pt-BR"},{"@type":"Organization","@id":"https:\/\/rioonwatch.org.br\/#organization","name":"RioOnWatch","url":"https:\/\/rioonwatch.org.br\/","logo":{"@type":"ImageObject","inLanguage":"pt-BR","@id":"https:\/\/rioonwatch.org.br\/#\/schema\/logo\/image\/","url":"https:\/\/rioonwatch.org.br\/wp-content\/uploads\/2021\/06\/RioOnWatchcabecalhoPT11anos-2.png","contentUrl":"https:\/\/rioonwatch.org.br\/wp-content\/uploads\/2021\/06\/RioOnWatchcabecalhoPT11anos-2.png","width":779,"height":277,"caption":"RioOnWatch"},"image":{"@id":"https:\/\/rioonwatch.org.br\/#\/schema\/logo\/image\/"}},{"@type":"Person","@id":"https:\/\/rioonwatch.org.br\/#\/schema\/person\/f443c6b55bb6e80842280318076491c5","name":"Luisa Fenizola","image":{"@type":"ImageObject","inLanguage":"pt-BR","@id":"https:\/\/rioonwatch.org.br\/#\/schema\/person\/image\/","url":"https:\/\/secure.gravatar.com\/avatar\/a3d551110162b9f876cbbdaaecf75663?s=96&d=blank&r=g","contentUrl":"https:\/\/secure.gravatar.com\/avatar\/a3d551110162b9f876cbbdaaecf75663?s=96&d=blank&r=g","caption":"Luisa Fenizola"},"url":"https:\/\/rioonwatch.org.br\/?author=152"}]}},"_links":{"self":[{"href":"https:\/\/rioonwatch.org.br\/index.php?rest_route=\/wp\/v2\/posts\/27178"}],"collection":[{"href":"https:\/\/rioonwatch.org.br\/index.php?rest_route=\/wp\/v2\/posts"}],"about":[{"href":"https:\/\/rioonwatch.org.br\/index.php?rest_route=\/wp\/v2\/types\/post"}],"author":[{"embeddable":true,"href":"https:\/\/rioonwatch.org.br\/index.php?rest_route=\/wp\/v2\/users\/152"}],"replies":[{"embeddable":true,"href":"https:\/\/rioonwatch.org.br\/index.php?rest_route=%2Fwp%2Fv2%2Fcomments&post=27178"}],"version-history":[{"count":12,"href":"https:\/\/rioonwatch.org.br\/index.php?rest_route=\/wp\/v2\/posts\/27178\/revisions"}],"predecessor-version":[{"id":28605,"href":"https:\/\/rioonwatch.org.br\/index.php?rest_route=\/wp\/v2\/posts\/27178\/revisions\/28605"}],"wp:featuredmedia":[{"embeddable":true,"href":"https:\/\/rioonwatch.org.br\/index.php?rest_route=\/wp\/v2\/media\/27181"}],"wp:attachment":[{"href":"https:\/\/rioonwatch.org.br\/index.php?rest_route=%2Fwp%2Fv2%2Fmedia&parent=27178"}],"wp:term":[{"taxonomy":"category","embeddable":true,"href":"https:\/\/rioonwatch.org.br\/index.php?rest_route=%2Fwp%2Fv2%2Fcategories&post=27178"},{"taxonomy":"post_tag","embeddable":true,"href":"https:\/\/rioonwatch.org.br\/index.php?rest_route=%2Fwp%2Fv2%2Ftags&post=27178"},{"taxonomy":"writer","embeddable":true,"href":"https:\/\/rioonwatch.org.br\/index.php?rest_route=%2Fwp%2Fv2%2Fwriter&post=27178"},{"taxonomy":"translator","embeddable":true,"href":"https:\/\/rioonwatch.org.br\/index.php?rest_route=%2Fwp%2Fv2%2Ftranslator&post=27178"},{"taxonomy":"source","embeddable":true,"href":"https:\/\/rioonwatch.org.br\/index.php?rest_route=%2Fwp%2Fv2%2Fsource&post=27178"},{"taxonomy":"ilustrador","embeddable":true,"href":"https:\/\/rioonwatch.org.br\/index.php?rest_route=%2Fwp%2Fv2%2Filustrador&post=27178"},{"taxonomy":"fotografo","embeddable":true,"href":"https:\/\/rioonwatch.org.br\/index.php?rest_route=%2Fwp%2Fv2%2Ffotografo&post=27178"}],"curies":[{"name":"wp","href":"https:\/\/api.w.org\/{rel}","templated":true}]}}