{"id":27186,"date":"2017-07-31T13:28:22","date_gmt":"2017-07-31T16:28:22","guid":{"rendered":"http:\/\/rioonwatch.org.br\/?p=27186"},"modified":"2017-08-03T15:14:11","modified_gmt":"2017-08-03T18:14:11","slug":"reabertura-da-biblioteca-parque-de-manguinhos-uma-luta-de-todos","status":"publish","type":"post","link":"https:\/\/rioonwatch.org.br\/?p=27186","title":{"rendered":"Reabertura da Biblioteca Parque de Manguinhos: Uma Luta de Todos"},"content":{"rendered":"<p style=\"text-align: right;\"><em><strong><a href=\"http:\/\/bit.ly\/2vx3KRX\" target=\"_blank\" rel=\"noopener noreferrer\">Click Here for English<img decoding=\"async\" width=\"20\" height=\"20\" class=\"alignright wp-image-15790\" src=\"http:\/\/rioonwatch.org.br\/wp-content\/uploads\/2012\/08\/EN-standard-e1439583104716.jpg\" alt=\"\" \/><\/a><\/strong><\/em><\/p>\n<p>\u201c\u00c9 preciso que a leitura seja um ato de amor\u201d, afirmava <a href=\"http:\/\/bit.ly\/2kT3C9s\" target=\"_blank\" rel=\"noopener\">Paulo Freire<\/a>. Para os moradores do <a href=\"http:\/\/bit.ly\/ZC9b6z\" target=\"_blank\" rel=\"noopener\">Complexo de Manguinhos<\/a>, conjunto de favelas da <a href=\"http:\/\/bit.ly\/WximDf\" target=\"_blank\" rel=\"noopener\">Zona Norte<\/a> do Rio de Janeiro, a presen\u00e7a de um espa\u00e7o como a Biblioteca Parque de Manguinhos representa, desde sua origem, a possibilidade de reinventar suas rela\u00e7\u00f5es com o local onde vivem, trabalhar e tamb\u00e9m desenvolverem seus afetos. Uma biblioteca na favela. Um territ\u00f3rio historicamente negligenciado, vulnerabilizado e atacado. Um lugar onde a garantia de direitos b\u00e1sicos \u00e9 luta cotidiana.<\/p>\n<p>Inaugurada em abril de 2010, durante as obras do <a href=\"http:\/\/bit.ly\/2cjFrcg\" target=\"_blank\" rel=\"noopener\">PAC Manguinhos<\/a>&#8211;um conjunto de pol\u00edticas p\u00fablicas voltadas ao desenvolvimento socioecon\u00f4mico e urban\u00edstico promovido pelo governo federal&#8211;a Biblioteca Parque foi planejada com o intuito de ser um espa\u00e7o de refer\u00eancia para um novo olhar da cultura e literatura na periferia da cidade. Com uma estrutura f\u00edsica e de programa\u00e7\u00e3o de atividades pr\u00f3xima a um centro cultural, o espa\u00e7o acolheu diversos coletivos de Manguinhos dos mais variados segmentos culturais: <a href=\"http:\/\/bit.ly\/2c9m5pZ\" target=\"_blank\" rel=\"noopener\">teatro<\/a>, <a href=\"http:\/\/bit.ly\/1TDWJkq\" target=\"_blank\" rel=\"noopener\">m\u00fasica<\/a>, poesia, artes pl\u00e1sticas, cinema e <a href=\"http:\/\/bit.ly\/2aFXVEg\" target=\"_blank\" rel=\"noopener\">dan\u00e7a<\/a> se combinaram e produziram experi\u00eancias ricas de <a href=\"http:\/\/bit.ly\/14P8gmB\" target=\"_blank\" rel=\"noopener\">participa\u00e7\u00e3o social<\/a>. <a href=\"http:\/\/bit.ly\/2fVE2Mq\" target=\"_blank\" rel=\"noopener\">Ballet Manguinhos<\/a>, o grupo de teatro <a href=\"http:\/\/on.fb.me\/1NgV6We\" target=\"_blank\" rel=\"noopener\">Manguinhos em Cena<\/a>, <a href=\"http:\/\/bit.ly\/2qcva97\" target=\"_blank\" rel=\"noopener\">Ecomuseu de Manguinhos<\/a>, <a href=\"http:\/\/bit.ly\/2uCgIdD\" target=\"_blank\" rel=\"noopener\">Sarau Po\u00e9tico de Manguinhos<\/a> e o jornal <a href=\"http:\/\/bit.ly\/2sFMSDN\" target=\"_blank\" rel=\"noopener\">Fala Manguinhos<\/a> s\u00e3o apenas alguns dos grupos que ocuparam a biblioteca com atividades voltadas \u00e0 comunidade. E, claro, os moradores, estudantes e trabalhadores que circulavam diariamente pela Biblioteca Parque, formando um p\u00fablico ativo entre as fileiras de livros.<\/p>\n<p><a href=\"http:\/\/rioonwatch.org.br\/wp-content\/uploads\/2017\/07\/DSC_4705.jpg\"><img fetchpriority=\"high\" decoding=\"async\" class=\"aligncenter wp-image-27193 size-content\" title=\"Ensaio do Ballet Manguinhos no espa\u00e7o da Biblioteca. Foto: Ana Maria Silva e Jordana Coelho.\" src=\"http:\/\/rioonwatch.org.br\/wp-content\/uploads\/2017\/07\/DSC_4705-620x264.jpg\" alt=\"\" width=\"620\" height=\"264\" srcset=\"https:\/\/rioonwatch.org.br\/wp-content\/uploads\/2017\/07\/DSC_4705-620x264.jpg 620w, https:\/\/rioonwatch.org.br\/wp-content\/uploads\/2017\/07\/DSC_4705-940x400.jpg 940w\" sizes=\"(max-width: 620px) 100vw, 620px\" \/><\/a><\/p>\n<p>Em 2016, ano de seu <a href=\"http:\/\/glo.bo\/2kQV83l\" target=\"_blank\" rel=\"noopener\">fechamento<\/a>, come\u00e7aram os avisos pr\u00e9vios aos funcion\u00e1rios e uma s\u00e9rie de demiss\u00f5es. A gest\u00e3o j\u00e1 havia sido transferida com o prazo de um ano para a ger\u00eancia da prefeitura, j\u00e1 apontando para um quadro de aus\u00eancia de recursos justificada pelo governo do Estado. Com a crise generalizada, com desdobramentos em \u00e1reas estrat\u00e9gicas como <a href=\"http:\/\/bit.ly\/1acNApR\" target=\"_blank\" rel=\"noopener\">educa\u00e7\u00e3o<\/a> e <a href=\"http:\/\/bit.ly\/1kzUmMv\" target=\"_blank\" rel=\"noopener\">sa\u00fade<\/a>, assistimos tamb\u00e9m a descontinuidade de espa\u00e7os como a <a href=\"http:\/\/bit.ly\/2vJtUO0\" target=\"_blank\" rel=\"noopener\">Casa da Mulher<\/a>, voltada ao acolhimento de mulheres v\u00edtimas de viol\u00eancia e que necessitam de orienta\u00e7\u00e3o judicial, psicol\u00f3gica e de outras naturezas. E a Biblioteca Parque de Manguinhos seguindo o mesmo destino.<\/p>\n<p>Moradores, trabalhadores e coletivos de Manguinhos seguem mobilizados desde ent\u00e3o, em defesa do espa\u00e7o, reivindicando a reabertura da biblioteca, a retomada dos servi\u00e7os de empr\u00e9stimo de livros e a reativa\u00e7\u00e3o das instala\u00e7\u00f5es para uso dos moradores e grupos art\u00edstico-culturais e de organiza\u00e7\u00e3o comunit\u00e1ria de Manguinhos. A luta em defesa da Biblioteca Parque de Manguinhos entrou na agenda de mobiliza\u00e7\u00e3o do territ\u00f3rio, com <a href=\"http:\/\/glo.bo\/2kir4vO\" target=\"_blank\" rel=\"noopener\">atividades de enfrentamento<\/a> e den\u00fancia de viola\u00e7\u00f5es de direitos, entendendo a <a href=\"http:\/\/bit.ly\/1NzHxSq\" target=\"_blank\" rel=\"noopener\">cultura<\/a> como elemento estruturante na promo\u00e7\u00e3o de cidadania e dignidade para as pessoas. O <a href=\"http:\/\/bit.ly\/2uZNQye\" target=\"_blank\" rel=\"noopener\">II S\u00e1bado Cultural \u201cEu s\u00f3 quero \u00e9 ser feliz: em defesa da cultura na favela onde eu nasci\u201d<\/a>, que aconteceu em mar\u00e7o de 2017, \u00e9 um exemplo de a\u00e7\u00e3o nesse sentido.<\/p>\n<p>Ap\u00f3s meses de falta de respostas definitivas e a\u00e7\u00f5es concretas do governo, em maio deste ano a nova <a href=\"http:\/\/bit.ly\/2w0S5qP\" target=\"_blank\" rel=\"noopener\">superintend\u00eancia de Leitura e Conhecimento da Secretaria Estadual de Cultura<\/a> passa a reconhecer as reivindica\u00e7\u00f5es dos coletivos e grupos reunidos no <a href=\"http:\/\/bit.ly\/2v8rYlc\" target=\"_blank\" rel=\"noopener\">Conselho Comunit\u00e1rio de Manguinhos<\/a> e se compromete a garantir os recursos b\u00e1sicos para a reabertura durante um ano, a partir de agosto de 2017. Acompanhando de perto, com reuni\u00f5es no territ\u00f3rio e na pr\u00f3pria superintend\u00eancia, os moradores e coletivos locais seguem engajados na defesa da participa\u00e7\u00e3o ativa em todos os processos de reativa\u00e7\u00e3o da Biblioteca Parque de Manguinhos junto ao governo.<\/p>\n<p><a href=\"http:\/\/rioonwatch.org.br\/wp-content\/uploads\/2017\/07\/reuni\u00e3o-2.jpg\"><img decoding=\"async\" class=\"aligncenter wp-image-27194 size-content\" title=\"Encontro na Biblioteca com a Superintend\u00eancia de Leitura e Conhecimento. Foto: Edilano Cavalcante.\" src=\"http:\/\/rioonwatch.org.br\/wp-content\/uploads\/2017\/07\/reuni\u00e3o-2-620x264.jpg\" alt=\"\" width=\"620\" height=\"264\" srcset=\"https:\/\/rioonwatch.org.br\/wp-content\/uploads\/2017\/07\/reuni\u00e3o-2-620x264.jpg 620w, https:\/\/rioonwatch.org.br\/wp-content\/uploads\/2017\/07\/reuni\u00e3o-2-940x400.jpg 940w\" sizes=\"(max-width: 620px) 100vw, 620px\" \/><\/a><\/p>\n<p>Essa \u00e9 uma luta que re\u00fane grupos de diferentes segmentos e parceiros em prol da continuidade de <a href=\"http:\/\/bit.ly\/2v2enLx\" target=\"_blank\" rel=\"noopener\">espa\u00e7os de produ\u00e7\u00e3o cultural de periferia<\/a>, de uma cultura feita por e para Manguinhos. O que se defende aqui n\u00e3o \u00e9 apenas a preserva\u00e7\u00e3o de um aparelho p\u00fablico do Estado. O que se reivindica, essencialmente, \u00e9 a manuten\u00e7\u00e3o das rela\u00e7\u00f5es que foram produzidas internamente, entre o morador e a pr\u00f3pria comunidade. Um movimento sens\u00edvel de reconhecimento das potencialidades locais, um olhar para dentro. A Biblioteca Parque de Manguinhos como um espa\u00e7o de conflu\u00eancia de ideias e a\u00e7\u00f5es, de leituras e escutas. E lutar por ela tamb\u00e9m \u00e9 um ato de amor.<\/p>\n<p><em>Mat\u00e9ria escrita por Renata Dutra e produzida por parceria entre RioOnWatch e <a href=\"http:\/\/bit.ly\/2sFMSDN\" target=\"_blank\" rel=\"noopener\">Fala Manguinhos<\/a>.\u00a0Renata Dutra, 20 anos, \u00e9 estudante de jornalismo da UNISUAM, moradora da comunidade do Amorim em Manguinhos e jornalista do Fala Manguinhos!.\u00a0Como pr\u00e1tica de comunica\u00e7\u00e3o comunit\u00e1ria produzida por e para Manguinhos, o Fala Manguinhos! tem em sua origem a defesa dos direitos humanos e ambientais, promo\u00e7\u00e3o de cidadania e sa\u00fade com a participa\u00e7\u00e3o direta dos moradores e moradoras nas decis\u00f5es que envolvem a Ag\u00eancia de Comunica\u00e7\u00e3o Comunit\u00e1ria de Manguinhos, a partir dos encontros do grupo de comunica\u00e7\u00e3o do Conselho Comunit\u00e1rio.\u00a0Siga o Fala Manguinhos pelo <a href=\"http:\/\/bit.ly\/2tJCn2e\" target=\"_blank\" rel=\"noopener\">Facebook aqui<\/a>.<\/em><\/p>\n<hr \/>\n<h4><em>Atualiza\u00e7\u00e3o em 2 de agosto,\u00a0<\/em><em>15h<\/em><em>&#8211;Resposta da Superintend\u00eancia de Leitura e Con<span style=\"color: #000000;\">hecimento da Secretaria de Cultura:\u00a0<\/span><\/em><span style=\"color: #000000;\"><em>Dentro de uma semana ser\u00e1 aberto o processo de licita\u00e7\u00e3o para a contrata\u00e7\u00e3o de uma empresa que\u00a0ir\u00e1 realizar o recrutamento e sele\u00e7\u00e3o dos funcion\u00e1rios da Biblioteca.\u00a0<\/em><em>Espera-se que em torno do dia 15 a empresa esteja contratada.\u00a0<\/em><em>Segundo o superintendente<\/em><em>,<\/em><em>\u00a0os funcion\u00e1rios da secretaria est\u00e3o emprenhados com a reabertura e o processo todo contar\u00e1 com a participa\u00e7\u00e3o dos grupos de moradores de Manguinhos.<\/em><\/span><\/h4>\n<!-- AddThis Advanced Settings generic via filter on the_content --><!-- AddThis Share Buttons generic via filter on the_content -->","protected":false},"excerpt":{"rendered":"<div class=\"mh-excerpt\"><p>Click Here for English \u201c\u00c9 preciso que a leitura seja um ato de amor\u201d, afirmava Paulo Freire. Para os moradores do Complexo de Manguinhos, conjunto de favelas da Zona Norte do Rio de Janeiro, a <a class=\"mh-excerpt-more\" href=\"https:\/\/rioonwatch.org.br\/?p=27186\" title=\"Reabertura da Biblioteca Parque de Manguinhos: Uma Luta de Todos\">[&#8230;]<\/a><!-- AddThis Advanced Settings generic via filter on get_the_excerpt --><!-- AddThis Share Buttons generic via filter on get_the_excerpt --><\/p>\n<\/div>","protected":false},"author":152,"featured_media":27192,"comment_status":"closed","ping_status":"closed","sticky":false,"template":"","format":"standard","meta":{"_acf_changed":false,"_monsterinsights_skip_tracking":false,"_monsterinsights_sitenote_active":false,"_monsterinsights_sitenote_note":"","_monsterinsights_sitenote_category":0,"footnotes":""},"categories":[2089,1618,1621,1615,1625,344],"tags":[2031,1005,81,421,316,2174,636,304,899,1412,294,2120,218],"writer":[2170],"translator":[],"source":[],"ilustrador":[],"fotografo":[],"class_list":{"0":"post-27186","1":"post","2":"type-post","3":"status-publish","4":"format-standard","5":"has-post-thumbnail","7":"category-monitoramento","8":"category-olhonaparticipacao","9":"category-destaque","10":"category-cultura-da-favela","11":"category-por-correspondentes-comunitarios","12":"category-politicas","13":"tag-ballet","14":"tag-biblioteca","15":"tag-cultura","16":"tag-cultura-da-favela","17":"tag-educacao","18":"tag-fala-manguinhos","19":"tag-manguinhos","20":"tag-participacao","21":"tag-preservacao-de-cultura","22":"tag-producao-cultural","23":"tag-saude","24":"tag-secretaria-de-cultura","25":"tag-zona-norte","26":"writer-renata-dutra"},"acf":[],"yoast_head":"<!-- This site is optimized with the Yoast SEO plugin v25.6 - https:\/\/yoast.com\/wordpress\/plugins\/seo\/ -->\n<title>Reabertura da Biblioteca Parque de Manguinhos: Uma Luta de Todos - RioOnWatch<\/title>\n<meta name=\"robots\" content=\"index, follow, max-snippet:-1, max-image-preview:large, max-video-preview:-1\" \/>\n<link rel=\"canonical\" href=\"https:\/\/rioonwatch.org.br\/?p=27186\" \/>\n<meta property=\"og:locale\" content=\"pt_BR\" \/>\n<meta property=\"og:type\" content=\"article\" \/>\n<meta property=\"og:title\" content=\"Reabertura da Biblioteca Parque de Manguinhos: Uma Luta de Todos - RioOnWatch\" \/>\n<meta property=\"og:description\" content=\"Click Here for English \u201c\u00c9 preciso que a leitura seja um ato de amor\u201d, afirmava Paulo Freire. Para os moradores do Complexo de Manguinhos, conjunto de favelas da Zona Norte do Rio de Janeiro, a [...]\" \/>\n<meta property=\"og:url\" content=\"https:\/\/rioonwatch.org.br\/?p=27186\" \/>\n<meta property=\"og:site_name\" content=\"RioOnWatch\" \/>\n<meta property=\"article:published_time\" content=\"2017-07-31T16:28:22+00:00\" \/>\n<meta property=\"article:modified_time\" content=\"2017-08-03T18:14:11+00:00\" \/>\n<meta property=\"og:image\" content=\"https:\/\/rioonwatch.org.br\/wp-content\/uploads\/2017\/07\/reuiniao-1-scaled.jpg\" \/>\n\t<meta property=\"og:image:width\" content=\"2560\" \/>\n\t<meta property=\"og:image:height\" content=\"1440\" \/>\n\t<meta property=\"og:image:type\" content=\"image\/jpeg\" \/>\n<meta name=\"author\" content=\"Luisa Fenizola\" \/>\n<meta name=\"twitter:card\" content=\"summary_large_image\" \/>\n<meta name=\"twitter:label1\" content=\"Escrito por\" \/>\n\t<meta name=\"twitter:data1\" content=\"Luisa Fenizola\" \/>\n\t<meta name=\"twitter:label2\" content=\"Est. tempo de leitura\" \/>\n\t<meta name=\"twitter:data2\" content=\"5 minutos\" \/>\n<script type=\"application\/ld+json\" class=\"yoast-schema-graph\">{\"@context\":\"https:\/\/schema.org\",\"@graph\":[{\"@type\":\"Article\",\"@id\":\"https:\/\/rioonwatch.org.br\/?p=27186#article\",\"isPartOf\":{\"@id\":\"https:\/\/rioonwatch.org.br\/?p=27186\"},\"author\":{\"name\":\"Luisa Fenizola\",\"@id\":\"https:\/\/rioonwatch.org.br\/#\/schema\/person\/f443c6b55bb6e80842280318076491c5\"},\"headline\":\"Reabertura da Biblioteca Parque de Manguinhos: Uma Luta de Todos\",\"datePublished\":\"2017-07-31T16:28:22+00:00\",\"dateModified\":\"2017-08-03T18:14:11+00:00\",\"mainEntityOfPage\":{\"@id\":\"https:\/\/rioonwatch.org.br\/?p=27186\"},\"wordCount\":947,\"publisher\":{\"@id\":\"https:\/\/rioonwatch.org.br\/#organization\"},\"image\":{\"@id\":\"https:\/\/rioonwatch.org.br\/?p=27186#primaryimage\"},\"thumbnailUrl\":\"https:\/\/rioonwatch.org.br\/wp-content\/uploads\/2017\/07\/reuiniao-1-scaled.jpg\",\"keywords\":[\"ballet\",\"Bibliotecas\",\"cultura\",\"cultura da favela\",\"educa\u00e7\u00e3o\",\"Fala Manguinhos\",\"Manguinhos\",\"participa\u00e7\u00e3o\",\"preserva\u00e7\u00e3o de cultura\",\"produ\u00e7\u00e3o cultural\",\"sa\u00fade\",\"Secretaria de Cultura\",\"Zona Norte\"],\"articleSection\":[\"#Monitoramento\",\"#OlhoNaParticipa\u00e7\u00e3o\",\"*Destaque\",\"Cultura da Favela\",\"Escrito por Comunicadores Populares\",\"Pol\u00edticas\"],\"inLanguage\":\"pt-BR\"},{\"@type\":\"WebPage\",\"@id\":\"https:\/\/rioonwatch.org.br\/?p=27186\",\"url\":\"https:\/\/rioonwatch.org.br\/?p=27186\",\"name\":\"Reabertura da Biblioteca Parque de Manguinhos: Uma Luta de Todos - RioOnWatch\",\"isPartOf\":{\"@id\":\"https:\/\/rioonwatch.org.br\/#website\"},\"primaryImageOfPage\":{\"@id\":\"https:\/\/rioonwatch.org.br\/?p=27186#primaryimage\"},\"image\":{\"@id\":\"https:\/\/rioonwatch.org.br\/?p=27186#primaryimage\"},\"thumbnailUrl\":\"https:\/\/rioonwatch.org.br\/wp-content\/uploads\/2017\/07\/reuiniao-1-scaled.jpg\",\"datePublished\":\"2017-07-31T16:28:22+00:00\",\"dateModified\":\"2017-08-03T18:14:11+00:00\",\"breadcrumb\":{\"@id\":\"https:\/\/rioonwatch.org.br\/?p=27186#breadcrumb\"},\"inLanguage\":\"pt-BR\",\"potentialAction\":[{\"@type\":\"ReadAction\",\"target\":[\"https:\/\/rioonwatch.org.br\/?p=27186\"]}]},{\"@type\":\"ImageObject\",\"inLanguage\":\"pt-BR\",\"@id\":\"https:\/\/rioonwatch.org.br\/?p=27186#primaryimage\",\"url\":\"https:\/\/rioonwatch.org.br\/wp-content\/uploads\/2017\/07\/reuiniao-1-scaled.jpg\",\"contentUrl\":\"https:\/\/rioonwatch.org.br\/wp-content\/uploads\/2017\/07\/reuiniao-1-scaled.jpg\",\"width\":2560,\"height\":1440},{\"@type\":\"BreadcrumbList\",\"@id\":\"https:\/\/rioonwatch.org.br\/?p=27186#breadcrumb\",\"itemListElement\":[{\"@type\":\"ListItem\",\"position\":1,\"name\":\"In\u00edcio\",\"item\":\"https:\/\/rioonwatch.org.br\/\"},{\"@type\":\"ListItem\",\"position\":2,\"name\":\"Reabertura da Biblioteca Parque de Manguinhos: Uma Luta de Todos\"}]},{\"@type\":\"WebSite\",\"@id\":\"https:\/\/rioonwatch.org.br\/#website\",\"url\":\"https:\/\/rioonwatch.org.br\/\",\"name\":\"RioOnWatch\",\"description\":\"relatos das favelas cariocas\",\"publisher\":{\"@id\":\"https:\/\/rioonwatch.org.br\/#organization\"},\"potentialAction\":[{\"@type\":\"SearchAction\",\"target\":{\"@type\":\"EntryPoint\",\"urlTemplate\":\"https:\/\/rioonwatch.org.br\/?s={search_term_string}\"},\"query-input\":{\"@type\":\"PropertyValueSpecification\",\"valueRequired\":true,\"valueName\":\"search_term_string\"}}],\"inLanguage\":\"pt-BR\"},{\"@type\":\"Organization\",\"@id\":\"https:\/\/rioonwatch.org.br\/#organization\",\"name\":\"RioOnWatch\",\"url\":\"https:\/\/rioonwatch.org.br\/\",\"logo\":{\"@type\":\"ImageObject\",\"inLanguage\":\"pt-BR\",\"@id\":\"https:\/\/rioonwatch.org.br\/#\/schema\/logo\/image\/\",\"url\":\"https:\/\/rioonwatch.org.br\/wp-content\/uploads\/2021\/06\/RioOnWatchcabecalhoPT11anos-2.png\",\"contentUrl\":\"https:\/\/rioonwatch.org.br\/wp-content\/uploads\/2021\/06\/RioOnWatchcabecalhoPT11anos-2.png\",\"width\":779,\"height\":277,\"caption\":\"RioOnWatch\"},\"image\":{\"@id\":\"https:\/\/rioonwatch.org.br\/#\/schema\/logo\/image\/\"}},{\"@type\":\"Person\",\"@id\":\"https:\/\/rioonwatch.org.br\/#\/schema\/person\/f443c6b55bb6e80842280318076491c5\",\"name\":\"Luisa Fenizola\",\"image\":{\"@type\":\"ImageObject\",\"inLanguage\":\"pt-BR\",\"@id\":\"https:\/\/rioonwatch.org.br\/#\/schema\/person\/image\/\",\"url\":\"https:\/\/secure.gravatar.com\/avatar\/a3d551110162b9f876cbbdaaecf75663?s=96&d=blank&r=g\",\"contentUrl\":\"https:\/\/secure.gravatar.com\/avatar\/a3d551110162b9f876cbbdaaecf75663?s=96&d=blank&r=g\",\"caption\":\"Luisa Fenizola\"},\"url\":\"https:\/\/rioonwatch.org.br\/?author=152\"}]}<\/script>\n<!-- \/ Yoast SEO plugin. -->","yoast_head_json":{"title":"Reabertura da Biblioteca Parque de Manguinhos: Uma Luta de Todos - RioOnWatch","robots":{"index":"index","follow":"follow","max-snippet":"max-snippet:-1","max-image-preview":"max-image-preview:large","max-video-preview":"max-video-preview:-1"},"canonical":"https:\/\/rioonwatch.org.br\/?p=27186","og_locale":"pt_BR","og_type":"article","og_title":"Reabertura da Biblioteca Parque de Manguinhos: Uma Luta de Todos - RioOnWatch","og_description":"Click Here for English \u201c\u00c9 preciso que a leitura seja um ato de amor\u201d, afirmava Paulo Freire. Para os moradores do Complexo de Manguinhos, conjunto de favelas da Zona Norte do Rio de Janeiro, a [...]","og_url":"https:\/\/rioonwatch.org.br\/?p=27186","og_site_name":"RioOnWatch","article_published_time":"2017-07-31T16:28:22+00:00","article_modified_time":"2017-08-03T18:14:11+00:00","og_image":[{"width":2560,"height":1440,"url":"https:\/\/rioonwatch.org.br\/wp-content\/uploads\/2017\/07\/reuiniao-1-scaled.jpg","type":"image\/jpeg"}],"author":"Luisa Fenizola","twitter_card":"summary_large_image","twitter_misc":{"Escrito por":"Luisa Fenizola","Est. tempo de leitura":"5 minutos"},"schema":{"@context":"https:\/\/schema.org","@graph":[{"@type":"Article","@id":"https:\/\/rioonwatch.org.br\/?p=27186#article","isPartOf":{"@id":"https:\/\/rioonwatch.org.br\/?p=27186"},"author":{"name":"Luisa Fenizola","@id":"https:\/\/rioonwatch.org.br\/#\/schema\/person\/f443c6b55bb6e80842280318076491c5"},"headline":"Reabertura da Biblioteca Parque de Manguinhos: Uma Luta de Todos","datePublished":"2017-07-31T16:28:22+00:00","dateModified":"2017-08-03T18:14:11+00:00","mainEntityOfPage":{"@id":"https:\/\/rioonwatch.org.br\/?p=27186"},"wordCount":947,"publisher":{"@id":"https:\/\/rioonwatch.org.br\/#organization"},"image":{"@id":"https:\/\/rioonwatch.org.br\/?p=27186#primaryimage"},"thumbnailUrl":"https:\/\/rioonwatch.org.br\/wp-content\/uploads\/2017\/07\/reuiniao-1-scaled.jpg","keywords":["ballet","Bibliotecas","cultura","cultura da favela","educa\u00e7\u00e3o","Fala Manguinhos","Manguinhos","participa\u00e7\u00e3o","preserva\u00e7\u00e3o de cultura","produ\u00e7\u00e3o cultural","sa\u00fade","Secretaria de Cultura","Zona Norte"],"articleSection":["#Monitoramento","#OlhoNaParticipa\u00e7\u00e3o","*Destaque","Cultura da Favela","Escrito por Comunicadores Populares","Pol\u00edticas"],"inLanguage":"pt-BR"},{"@type":"WebPage","@id":"https:\/\/rioonwatch.org.br\/?p=27186","url":"https:\/\/rioonwatch.org.br\/?p=27186","name":"Reabertura da Biblioteca Parque de Manguinhos: Uma Luta de Todos - RioOnWatch","isPartOf":{"@id":"https:\/\/rioonwatch.org.br\/#website"},"primaryImageOfPage":{"@id":"https:\/\/rioonwatch.org.br\/?p=27186#primaryimage"},"image":{"@id":"https:\/\/rioonwatch.org.br\/?p=27186#primaryimage"},"thumbnailUrl":"https:\/\/rioonwatch.org.br\/wp-content\/uploads\/2017\/07\/reuiniao-1-scaled.jpg","datePublished":"2017-07-31T16:28:22+00:00","dateModified":"2017-08-03T18:14:11+00:00","breadcrumb":{"@id":"https:\/\/rioonwatch.org.br\/?p=27186#breadcrumb"},"inLanguage":"pt-BR","potentialAction":[{"@type":"ReadAction","target":["https:\/\/rioonwatch.org.br\/?p=27186"]}]},{"@type":"ImageObject","inLanguage":"pt-BR","@id":"https:\/\/rioonwatch.org.br\/?p=27186#primaryimage","url":"https:\/\/rioonwatch.org.br\/wp-content\/uploads\/2017\/07\/reuiniao-1-scaled.jpg","contentUrl":"https:\/\/rioonwatch.org.br\/wp-content\/uploads\/2017\/07\/reuiniao-1-scaled.jpg","width":2560,"height":1440},{"@type":"BreadcrumbList","@id":"https:\/\/rioonwatch.org.br\/?p=27186#breadcrumb","itemListElement":[{"@type":"ListItem","position":1,"name":"In\u00edcio","item":"https:\/\/rioonwatch.org.br\/"},{"@type":"ListItem","position":2,"name":"Reabertura da Biblioteca Parque de Manguinhos: Uma Luta de Todos"}]},{"@type":"WebSite","@id":"https:\/\/rioonwatch.org.br\/#website","url":"https:\/\/rioonwatch.org.br\/","name":"RioOnWatch","description":"relatos das favelas cariocas","publisher":{"@id":"https:\/\/rioonwatch.org.br\/#organization"},"potentialAction":[{"@type":"SearchAction","target":{"@type":"EntryPoint","urlTemplate":"https:\/\/rioonwatch.org.br\/?s={search_term_string}"},"query-input":{"@type":"PropertyValueSpecification","valueRequired":true,"valueName":"search_term_string"}}],"inLanguage":"pt-BR"},{"@type":"Organization","@id":"https:\/\/rioonwatch.org.br\/#organization","name":"RioOnWatch","url":"https:\/\/rioonwatch.org.br\/","logo":{"@type":"ImageObject","inLanguage":"pt-BR","@id":"https:\/\/rioonwatch.org.br\/#\/schema\/logo\/image\/","url":"https:\/\/rioonwatch.org.br\/wp-content\/uploads\/2021\/06\/RioOnWatchcabecalhoPT11anos-2.png","contentUrl":"https:\/\/rioonwatch.org.br\/wp-content\/uploads\/2021\/06\/RioOnWatchcabecalhoPT11anos-2.png","width":779,"height":277,"caption":"RioOnWatch"},"image":{"@id":"https:\/\/rioonwatch.org.br\/#\/schema\/logo\/image\/"}},{"@type":"Person","@id":"https:\/\/rioonwatch.org.br\/#\/schema\/person\/f443c6b55bb6e80842280318076491c5","name":"Luisa Fenizola","image":{"@type":"ImageObject","inLanguage":"pt-BR","@id":"https:\/\/rioonwatch.org.br\/#\/schema\/person\/image\/","url":"https:\/\/secure.gravatar.com\/avatar\/a3d551110162b9f876cbbdaaecf75663?s=96&d=blank&r=g","contentUrl":"https:\/\/secure.gravatar.com\/avatar\/a3d551110162b9f876cbbdaaecf75663?s=96&d=blank&r=g","caption":"Luisa Fenizola"},"url":"https:\/\/rioonwatch.org.br\/?author=152"}]}},"_links":{"self":[{"href":"https:\/\/rioonwatch.org.br\/index.php?rest_route=\/wp\/v2\/posts\/27186"}],"collection":[{"href":"https:\/\/rioonwatch.org.br\/index.php?rest_route=\/wp\/v2\/posts"}],"about":[{"href":"https:\/\/rioonwatch.org.br\/index.php?rest_route=\/wp\/v2\/types\/post"}],"author":[{"embeddable":true,"href":"https:\/\/rioonwatch.org.br\/index.php?rest_route=\/wp\/v2\/users\/152"}],"replies":[{"embeddable":true,"href":"https:\/\/rioonwatch.org.br\/index.php?rest_route=%2Fwp%2Fv2%2Fcomments&post=27186"}],"version-history":[{"count":13,"href":"https:\/\/rioonwatch.org.br\/index.php?rest_route=\/wp\/v2\/posts\/27186\/revisions"}],"predecessor-version":[{"id":27415,"href":"https:\/\/rioonwatch.org.br\/index.php?rest_route=\/wp\/v2\/posts\/27186\/revisions\/27415"}],"wp:featuredmedia":[{"embeddable":true,"href":"https:\/\/rioonwatch.org.br\/index.php?rest_route=\/wp\/v2\/media\/27192"}],"wp:attachment":[{"href":"https:\/\/rioonwatch.org.br\/index.php?rest_route=%2Fwp%2Fv2%2Fmedia&parent=27186"}],"wp:term":[{"taxonomy":"category","embeddable":true,"href":"https:\/\/rioonwatch.org.br\/index.php?rest_route=%2Fwp%2Fv2%2Fcategories&post=27186"},{"taxonomy":"post_tag","embeddable":true,"href":"https:\/\/rioonwatch.org.br\/index.php?rest_route=%2Fwp%2Fv2%2Ftags&post=27186"},{"taxonomy":"writer","embeddable":true,"href":"https:\/\/rioonwatch.org.br\/index.php?rest_route=%2Fwp%2Fv2%2Fwriter&post=27186"},{"taxonomy":"translator","embeddable":true,"href":"https:\/\/rioonwatch.org.br\/index.php?rest_route=%2Fwp%2Fv2%2Ftranslator&post=27186"},{"taxonomy":"source","embeddable":true,"href":"https:\/\/rioonwatch.org.br\/index.php?rest_route=%2Fwp%2Fv2%2Fsource&post=27186"},{"taxonomy":"ilustrador","embeddable":true,"href":"https:\/\/rioonwatch.org.br\/index.php?rest_route=%2Fwp%2Fv2%2Filustrador&post=27186"},{"taxonomy":"fotografo","embeddable":true,"href":"https:\/\/rioonwatch.org.br\/index.php?rest_route=%2Fwp%2Fv2%2Ffotografo&post=27186"}],"curies":[{"name":"wp","href":"https:\/\/api.w.org\/{rel}","templated":true}]}}