{"id":27188,"date":"2017-07-27T10:03:26","date_gmt":"2017-07-27T13:03:26","guid":{"rendered":"http:\/\/rioonwatch.org.br\/?p=27188"},"modified":"2017-08-08T07:44:32","modified_gmt":"2017-08-08T10:44:32","slug":"julho-negro-dia-5-mesa-redonda-sobre-encarceramento-em-massa-no-brasil","status":"publish","type":"post","link":"https:\/\/rioonwatch.org.br\/?p=27188","title":{"rendered":"Julho Negro Dia 5: Mesa Redonda Sobre Encarceramento em Massa no Brasil"},"content":{"rendered":"<p style=\"text-align: right;\"><em><strong><a href=\"http:\/\/bit.ly\/2uXIOCU\" target=\"_blank\" rel=\"noopener noreferrer\">Click Here for English<img decoding=\"async\" width=\"20\" height=\"20\" class=\"alignright wp-image-15790\" src=\"http:\/\/rioonwatch.org.br\/wp-content\/uploads\/2012\/08\/EN-standard-e1439583104716.jpg\" alt=\"\" \/><\/a><\/strong><\/em><\/p>\n<p>Na sexta-feira passada, 20 de julho, no \u00faltimo dia da semana do <a href=\"http:\/\/bit.ly\/2vnBq17\" target=\"_blank\" rel=\"noopener\">Julho Negro<\/a>, o <a href=\"http:\/\/bit.ly\/1qhz1JJ\" target=\"_blank\" rel=\"noopener\">Museu da Mar\u00e9<\/a> realizou uma mesa redonda sobre o encarceramento em massa e a criminaliza\u00e7\u00e3o de moradores de favelas no Brasil. Participaram do evento representantes da <a href=\"http:\/\/bit.ly\/2vIWsHJ\" target=\"_blank\" rel=\"noopener\">Campanha Pela Liberdade de Rafael Braga<\/a>, Associa\u00e7\u00e3o de Familiares de Presos (AFAP) e <a href=\"http:\/\/bit.ly\/2tERE4z\" target=\"_blank\" rel=\"noopener\">Eu Sou Eu, Reflexo de Uma Vida na Pris\u00e3o<\/a>\u00a0compartilhando suas experi\u00eancias como ativistas na \u00e1rea de justi\u00e7a prisional.<\/p>\n<p>Em 2015 havia 622.000 pessoas encarceradas no Brasil, sendo 28.000 no Rio. Hoje, a popula\u00e7\u00e3o encarcerada do Rio \u00e9 de 51.000 e continua crescendo. 62% dos encarcerados no Brasil s\u00e3o negros. No Cear\u00e1, enquanto 69% da popula\u00e7\u00e3o do estado \u00e9 negra, 98% das mulheres encarceradas s\u00e3o negras. 41% dos encarcerados s\u00e3o mantidos na pris\u00e3o sem uma senten\u00e7a, e 37% acabam absolvidos. A maioria dos brasileiros presos na pris\u00e3o est\u00e3o l\u00e1 por crimes contra a propriedade e n\u00e3o representam uma s\u00e9ria amea\u00e7a. Esses n\u00fameros ajudam a situar como o racismo institucionalizado se manifesta.<\/p>\n<p><a href=\"http:\/\/rioonwatch.org.br\/wp-content\/uploads\/2017\/07\/Julho-Negro-Encarceramento.jpg\"><img fetchpriority=\"high\" decoding=\"async\" class=\"aligncenter size-content wp-image-27198\" src=\"http:\/\/rioonwatch.org.br\/wp-content\/uploads\/2017\/07\/Julho-Negro-Encarceramento-620x264.jpg\" alt=\"\" width=\"620\" height=\"264\" srcset=\"https:\/\/rioonwatch.org.br\/wp-content\/uploads\/2017\/07\/Julho-Negro-Encarceramento-620x264.jpg 620w, https:\/\/rioonwatch.org.br\/wp-content\/uploads\/2017\/07\/Julho-Negro-Encarceramento-940x400.jpg 940w\" sizes=\"(max-width: 620px) 100vw, 620px\" \/><\/a><\/p>\n<p>A discuss\u00e3o se concentrou na conex\u00e3o entre o encarceramento em massa e os sistemas de domina\u00e7\u00e3o, a supremacia branca, o patriarcado, o capitalismo e os legados coloniais. Em particular, as pris\u00f5es do Brasil de hoje foram descritas como uma continua\u00e7\u00e3o da sociedade escravocrata, cuja l\u00f3gica nunca foi efetivamente desmantelada no ethos cultural, e onde as popula\u00e7\u00f5es negras, ind\u00edgenas e de baixa renda s\u00e3o privadas de direitos e liberdades. &#8220;O Brasil sempre foi um territ\u00f3rio de pris\u00e3o, n\u00e3o foi constru\u00eddo para ter uma popula\u00e7\u00e3o de cor&#8221;, disse\u00a0<a href=\"http:\/\/bit.ly\/2vILNwE\" target=\"_blank\" rel=\"noopener\">Clarens Therry<\/a>, imigrante haitiano e l\u00edder da <a href=\"http:\/\/bit.ly\/2uaPBYP\" target=\"_blank\" rel=\"noopener\">Uni\u00e3o Social de Imigrantes Haitianos<\/a> (USIH). Historicamente, a primeira pris\u00e3o foi constru\u00edda para receber &#8220;escravos desobedientes&#8221;.<\/p>\n<p>Os palestrantes discutiram o <a href=\"http:\/\/bit.ly\/2tCVwTO\" target=\"_blank\" rel=\"noopener\">objetivo de reduzir massivamente a popula\u00e7\u00e3o prisional<\/a> com base em uma compreens\u00e3o cr\u00edtica do sistema de encarceramento enraizada na escravid\u00e3o e no racismo. A <a href=\"http:\/\/bit.ly\/2w01vCH\" target=\"_blank\" rel=\"noopener\">Frente Estadual pelo Desencarceramento<\/a> foi lan\u00e7ada no Rio em 26 de janeiro em resposta as condi\u00e7\u00f5es desumanas das pris\u00f5es (em 2016, pelo menos 256 pessoas encarceradas morreram sob cust\u00f3dia do Estado no Rio de Janeiro), a privatiza\u00e7\u00e3o crescente das pris\u00f5es e as injusti\u00e7as causadas pelo sistema judicial. As pris\u00f5es no Brasil geralmente abrigam 50-70 pessoas em um espa\u00e7o destinado a 30. \u00c9 comum que as pessoas durmam diretamente no ch\u00e3o e a propaga\u00e7\u00e3o de doen\u00e7as bacterianas \u00e9 uma quest\u00e3o urgente.<\/p>\n<p><a href=\"http:\/\/rioonwatch.org.br\/wp-content\/uploads\/2017\/07\/Julho-Negro-Encarceramento3.jpg\"><img decoding=\"async\" class=\"aligncenter size-content wp-image-27200\" src=\"http:\/\/rioonwatch.org.br\/wp-content\/uploads\/2017\/07\/Julho-Negro-Encarceramento3-620x264.jpg\" alt=\"\" width=\"620\" height=\"264\" srcset=\"https:\/\/rioonwatch.org.br\/wp-content\/uploads\/2017\/07\/Julho-Negro-Encarceramento3-620x264.jpg 620w, https:\/\/rioonwatch.org.br\/wp-content\/uploads\/2017\/07\/Julho-Negro-Encarceramento3-940x400.jpg 940w\" sizes=\"(max-width: 620px) 100vw, 620px\" \/><\/a><\/p>\n<p>Al\u00e9m de terem que viver em condi\u00e7\u00f5es traumatizantes nas pris\u00f5es, o governo n\u00e3o fornece sistemas de apoio para devolver os internos \u00e0 sociedade e apoi\u00e1-los na busca por emprego. Samuel Lorenzo, ex-preso e agora membro ativo da Eu Sou Eu, uma organiza\u00e7\u00e3o que promove o aprimoramento dos direitos e condi\u00e7\u00f5es dos prisioneiros, explicou: &#8220;<span style=\"font-weight: 400;\">Uma das principais falhas do Estado \u00e9 que o reingresso na sociedade das pessoas que foram encarceradas n\u00e3o \u00e9 priorizado&#8221;.\u00a0<\/span>De fato, como v\u00e1rias pessoas argumentaram durante a discuss\u00e3o, os interesses econ\u00f4micos e a m\u00e3o de obra barata s\u00e3o priorizados sobre o direito \u00e0 reabilita\u00e7\u00e3o, criando assim um sistema de exclus\u00e3o e injusti\u00e7a a longo prazo para aqueles que foram anteriormente encarcerados.<\/p>\n<p>Daisy, representante da Campanha pela Liberdade de <a href=\"http:\/\/bit.ly\/2qnbtyE\" target=\"_blank\" rel=\"noopener\">Rafael Braga<\/a>, descreveu o julgamento do jovem e a luta pela liberdade. As acusa\u00e7\u00f5es arbitr\u00e1rias para a pris\u00e3o de Rafael atra\u00edram <a href=\"http:\/\/bit.ly\/2qaffsX\" target=\"_blank\" rel=\"noopener\">visibilidade global<\/a> e a campanha para sua liberta\u00e7\u00e3o ganhou <a href=\"http:\/\/bit.ly\/2qnbtyE\" target=\"_blank\" rel=\"noopener\">apoio maci\u00e7o do p\u00fablico<\/a>. Ela descreveu que ser jovem e negro no Brasil \u00e9 um perfil v\u00e1lido para ser encarcerado: &#8220;<span style=\"font-weight: 400;\">O encarceramento de Rafael simboliza a <a href=\"http:\/\/bit.ly\/2buISj2\" target=\"_blank\" rel=\"noopener\">criminaliza\u00e7\u00e3o de pretos pobres<\/a><\/span>&#8220;. No caso de Rafael Braga, os termos e a prova de sua senten\u00e7a s\u00e3o completamente <a href=\"http:\/\/bit.ly\/2pqlsDL\" target=\"_blank\" rel=\"noopener\">arbitr\u00e1rios<\/a>. Ao negligenciar outras formas de evid\u00eancia, os relat\u00f3rios policiais serviram de prova suficiente para sua pris\u00e3o. Durante seu julgamento, o juiz rotulou Rafael Braga como tendo &#8220;personalidade para o crime&#8221;, apesar de ser preso por carregar uma garrafa de Pinho Sol. Daisy explicou que o encarceramento em massa de jovens negros tem um impacto social al\u00e9m das vidas dos condenados: &#8220;<span style=\"font-weight: 400;\">Quando se prende um homem negro, se prende toda fam\u00edlia. A fam\u00edlia e as mulheres <a href=\"http:\/\/bit.ly\/1USvsNF\" target=\"_blank\" rel=\"noopener\">sofrem essa viol\u00eancia tamb\u00e9m<\/a>&#8220;.<\/span><\/p>\n<p><a href=\"http:\/\/rioonwatch.org.br\/wp-content\/uploads\/2017\/07\/IMG_3325.jpg\"><img loading=\"lazy\" decoding=\"async\" class=\"aligncenter size-content wp-image-27202\" src=\"http:\/\/rioonwatch.org.br\/wp-content\/uploads\/2017\/07\/IMG_3325-620x264.jpg\" alt=\"\" width=\"620\" height=\"264\" srcset=\"https:\/\/rioonwatch.org.br\/wp-content\/uploads\/2017\/07\/IMG_3325-620x264.jpg 620w, https:\/\/rioonwatch.org.br\/wp-content\/uploads\/2017\/07\/IMG_3325-940x400.jpg 940w\" sizes=\"(max-width: 620px) 100vw, 620px\" \/><\/a><\/p>\n<p>A discuss\u00e3o foi ent\u00e3o aberta ao p\u00fablico. Pessoas como Clarens Therry\u00a0e Deborah Maria da Silva, fundadora e organizadora do <a href=\"http:\/\/bit.ly\/2vILNwE\" target=\"_blank\" rel=\"noopener\">M\u00e3es de Maio<\/a>, falaram e fizeram apelos \u00e0 a\u00e7\u00e3o. A necessidade de aprender com as estrat\u00e9gias de resist\u00eancia passadas, como a revolu\u00e7\u00e3o haitiana e a exist\u00eancia de quase 100 anos do <a href=\"http:\/\/bit.ly\/1x2pFu4\" target=\"_blank\" rel=\"noopener\">Quilombo dos Palmares<\/a> s\u00e3o necess\u00e1rias. Al\u00e9m disso, as pessoas falaram sobre a necessidade de criminalizar a escravid\u00e3o. As pessoas negras e pobres est\u00e3o sendo criminalizadas no Brasil, enquanto a longa hist\u00f3ria da escravid\u00e3o do pa\u00eds e sua continua\u00e7\u00e3o atrav\u00e9s da militariza\u00e7\u00e3o do Estado ainda n\u00e3o foram criminalizadas. A discuss\u00e3o terminou com um forte apelo \u00e0 a\u00e7\u00e3o e a necessidade de centralizar a experi\u00eancia e o conhecimento daqueles mais afetados pela <a href=\"http:\/\/bit.ly\/1zLJ2W9\" target=\"_blank\" rel=\"noopener\">viol\u00eancia do Estado<\/a>. &#8220;<span style=\"font-weight: 400;\">A gente j\u00e1 sabe que n\u00e3o adianta ter solu\u00e7\u00f5es de cima para baixo, temos que lutar de baixo para cima<\/span>&#8220;, disse Clarens. Al\u00e9m disso, &#8220;a<span style=\"font-weight: 400;\">\u00a0revolu\u00e7\u00e3o tem que ir para as ruas<\/span>&#8220;.<\/p>\n<p>A <a href=\"http:\/\/bit.ly\/2vnBq17\" target=\"_blank\" rel=\"noopener\">s\u00e9rie de eventos, protestos e conversas que compuseram a segunda semana do Julho Negro<\/a> revelou, claramente, a rela\u00e7\u00e3o da viol\u00eancia e o crime no Brasil com o racismo e sua utiliza\u00e7\u00e3o como ferramenta para oprimir pessoas de baixa renda, com <a href=\"http:\/\/bit.ly\/2gUSg3q\" target=\"_blank\" rel=\"noopener\">ra\u00edzes profundas nos tempos da escravid\u00e3o<\/a>. Os espa\u00e7os, em toda a regi\u00e3o metropolitana do Rio&#8211;que acolheram os diversos eventos durante toda a semana do Julho Negro&#8211;desde um <a href=\"http:\/\/bit.ly\/2gQ8lrC\" target=\"_blank\" rel=\"noopener\">protesto marcando a chacina da Candel\u00e1ria<\/a> a <a href=\"http:\/\/bit.ly\/2eKOklO\" target=\"_blank\" rel=\"noopener\">um painel de discuss\u00e3o sobre dados e estat\u00edsticas em uma igreja da Baixada Fluminense<\/a>&#8211;s\u00e3o manifesta\u00e7\u00f5es crescentes de um movimento contra crimes e injusti\u00e7as de <a href=\"http:\/\/bit.ly\/2uyDRhi\" target=\"_blank\" rel=\"noopener\">um aparelho estatal que n\u00e3o funciona<\/a>. A <a href=\"http:\/\/bit.ly\/2eNEdg6\" target=\"_blank\" rel=\"noopener\">poderosa e extensa programa\u00e7\u00e3o<\/a> reuniu dezenas de organiza\u00e7\u00f5es comunit\u00e1rias, grupos de ativistas e indiv\u00edduos de comunidades locais e de todo o mundo. Suas presen\u00e7as evocativas, falas e hist\u00f3rias impulsionam o movimento global de igualdade e dignidade.<\/p>\n<!-- AddThis Advanced Settings generic via filter on the_content --><!-- AddThis Share Buttons generic via filter on the_content -->","protected":false},"excerpt":{"rendered":"<div class=\"mh-excerpt\"><p>Click Here for English Na sexta-feira passada, 20 de julho, no \u00faltimo dia da semana do Julho Negro, o Museu da Mar\u00e9 realizou uma mesa redonda sobre o encarceramento em massa e a criminaliza\u00e7\u00e3o de <a class=\"mh-excerpt-more\" href=\"https:\/\/rioonwatch.org.br\/?p=27188\" title=\"Julho Negro Dia 5: Mesa Redonda Sobre Encarceramento em Massa no Brasil\">[&#8230;]<\/a><!-- AddThis Advanced Settings generic via filter on get_the_excerpt --><!-- AddThis Share Buttons generic via filter on get_the_excerpt --><\/p>\n<\/div>","protected":false},"author":129,"featured_media":27190,"comment_status":"closed","ping_status":"closed","sticky":false,"template":"","format":"standard","meta":{"_acf_changed":false,"_monsterinsights_skip_tracking":false,"_monsterinsights_sitenote_active":false,"_monsterinsights_sitenote_note":"","_monsterinsights_sitenote_category":0,"footnotes":""},"categories":[1618,1621,1627,346,1626,344,1612],"tags":[2159,332,709,88,1710,1936,2160,2161,1106,358,1721,2181,283,919,432,2065,92,52,218],"writer":[2129,2149],"translator":[1491],"source":[],"ilustrador":[],"fotografo":[],"class_list":{"0":"post-27188","1":"post","2":"type-post","3":"status-publish","4":"format-standard","5":"has-post-thumbnail","7":"category-olhonaparticipacao","8":"category-destaque","9":"category-relato-de-evento","10":"category-denuncias","11":"category-por-observadores-internacionais","12":"category-politicas","13":"category-sociedade-civil","14":"tag-black-lives-matter","15":"tag-complexo-da-mare","16":"tag-debate","17":"tag-direitos-humanos","18":"tag-haiti","19":"tag-julho-negro","20":"tag-maes-de-maio","21":"tag-maes-de-manguinhos","22":"tag-museu-da-mare","23":"tag-organizacao-comunitaria","24":"tag-prisoes","25":"tag-rafael-braga","26":"tag-rede-contra-violencia","27":"tag-reforma-da-policia","28":"tag-resistencia","29":"tag-sistema-penitenciario","30":"tag-upp","31":"tag-violencia-policial","32":"tag-zona-norte","33":"writer-chloe-villalobos","34":"writer-gigi-ong-alok","35":"translator-patricia-gomes"},"acf":[],"yoast_head":"<!-- This site is optimized with the Yoast SEO plugin v25.6 - https:\/\/yoast.com\/wordpress\/plugins\/seo\/ -->\n<title>Julho Negro Dia 5: Mesa Redonda Sobre Encarceramento em Massa no Brasil - RioOnWatch<\/title>\n<meta name=\"robots\" content=\"index, follow, max-snippet:-1, max-image-preview:large, max-video-preview:-1\" \/>\n<link rel=\"canonical\" href=\"https:\/\/rioonwatch.org.br\/?p=27188\" \/>\n<meta property=\"og:locale\" content=\"pt_BR\" \/>\n<meta property=\"og:type\" content=\"article\" \/>\n<meta property=\"og:title\" content=\"Julho Negro Dia 5: Mesa Redonda Sobre Encarceramento em Massa no Brasil - RioOnWatch\" \/>\n<meta property=\"og:description\" content=\"Click Here for English Na sexta-feira passada, 20 de julho, no \u00faltimo dia da semana do Julho Negro, o Museu da Mar\u00e9 realizou uma mesa redonda sobre o encarceramento em massa e a criminaliza\u00e7\u00e3o de [...]\" \/>\n<meta property=\"og:url\" content=\"https:\/\/rioonwatch.org.br\/?p=27188\" \/>\n<meta property=\"og:site_name\" content=\"RioOnWatch\" \/>\n<meta property=\"article:published_time\" content=\"2017-07-27T13:03:26+00:00\" \/>\n<meta property=\"article:modified_time\" content=\"2017-08-08T10:44:32+00:00\" \/>\n<meta property=\"og:image\" content=\"https:\/\/rioonwatch.org.br\/wp-content\/uploads\/2017\/07\/Julho-Negro-Encarceramento2-scaled.jpg\" \/>\n\t<meta property=\"og:image:width\" content=\"2560\" \/>\n\t<meta property=\"og:image:height\" content=\"1920\" \/>\n\t<meta property=\"og:image:type\" content=\"image\/jpeg\" \/>\n<meta name=\"author\" content=\"Admin\" \/>\n<meta name=\"twitter:card\" content=\"summary_large_image\" \/>\n<meta name=\"twitter:label1\" content=\"Escrito por\" \/>\n\t<meta name=\"twitter:data1\" content=\"Admin\" \/>\n\t<meta name=\"twitter:label2\" content=\"Est. tempo de leitura\" \/>\n\t<meta name=\"twitter:data2\" content=\"5 minutos\" \/>\n<script type=\"application\/ld+json\" class=\"yoast-schema-graph\">{\"@context\":\"https:\/\/schema.org\",\"@graph\":[{\"@type\":\"Article\",\"@id\":\"https:\/\/rioonwatch.org.br\/?p=27188#article\",\"isPartOf\":{\"@id\":\"https:\/\/rioonwatch.org.br\/?p=27188\"},\"author\":{\"name\":\"Admin\",\"@id\":\"https:\/\/rioonwatch.org.br\/#\/schema\/person\/11d64c290506f9df50c71b850c473f68\"},\"headline\":\"Julho Negro Dia 5: Mesa Redonda Sobre Encarceramento em Massa no Brasil\",\"datePublished\":\"2017-07-27T13:03:26+00:00\",\"dateModified\":\"2017-08-08T10:44:32+00:00\",\"mainEntityOfPage\":{\"@id\":\"https:\/\/rioonwatch.org.br\/?p=27188\"},\"wordCount\":1085,\"publisher\":{\"@id\":\"https:\/\/rioonwatch.org.br\/#organization\"},\"image\":{\"@id\":\"https:\/\/rioonwatch.org.br\/?p=27188#primaryimage\"},\"thumbnailUrl\":\"https:\/\/rioonwatch.org.br\/wp-content\/uploads\/2017\/07\/Julho-Negro-Encarceramento2-scaled.jpg\",\"keywords\":[\"Black Lives Matter\",\"Complexo da Mar\u00e9\",\"debate\",\"Direitos Humanos\",\"Haiti\",\"Julho Negro\",\"M\u00e3es de Maio\",\"M\u00e3es de Manguinhos\",\"Museu da Mar\u00e9\",\"organiza\u00e7\u00e3o comunit\u00e1ria\",\"pris\u00f5es\",\"Rafael Braga\",\"Rede Contra Viol\u00eancia\",\"reforma da pol\u00edcia\",\"resist\u00eancia\",\"sistema penitenci\u00e1rio\",\"UPP\",\"viol\u00eancia policial\",\"Zona Norte\"],\"articleSection\":[\"#OlhoNaParticipa\u00e7\u00e3o\",\"*Destaque\",\"Cobertura de Eventos\",\"Den\u00fancias\",\"Escrito por Aliados\",\"Pol\u00edticas\",\"Sociedade Civil\"],\"inLanguage\":\"pt-BR\"},{\"@type\":\"WebPage\",\"@id\":\"https:\/\/rioonwatch.org.br\/?p=27188\",\"url\":\"https:\/\/rioonwatch.org.br\/?p=27188\",\"name\":\"Julho Negro Dia 5: Mesa Redonda Sobre Encarceramento em Massa no Brasil - RioOnWatch\",\"isPartOf\":{\"@id\":\"https:\/\/rioonwatch.org.br\/#website\"},\"primaryImageOfPage\":{\"@id\":\"https:\/\/rioonwatch.org.br\/?p=27188#primaryimage\"},\"image\":{\"@id\":\"https:\/\/rioonwatch.org.br\/?p=27188#primaryimage\"},\"thumbnailUrl\":\"https:\/\/rioonwatch.org.br\/wp-content\/uploads\/2017\/07\/Julho-Negro-Encarceramento2-scaled.jpg\",\"datePublished\":\"2017-07-27T13:03:26+00:00\",\"dateModified\":\"2017-08-08T10:44:32+00:00\",\"breadcrumb\":{\"@id\":\"https:\/\/rioonwatch.org.br\/?p=27188#breadcrumb\"},\"inLanguage\":\"pt-BR\",\"potentialAction\":[{\"@type\":\"ReadAction\",\"target\":[\"https:\/\/rioonwatch.org.br\/?p=27188\"]}]},{\"@type\":\"ImageObject\",\"inLanguage\":\"pt-BR\",\"@id\":\"https:\/\/rioonwatch.org.br\/?p=27188#primaryimage\",\"url\":\"https:\/\/rioonwatch.org.br\/wp-content\/uploads\/2017\/07\/Julho-Negro-Encarceramento2-scaled.jpg\",\"contentUrl\":\"https:\/\/rioonwatch.org.br\/wp-content\/uploads\/2017\/07\/Julho-Negro-Encarceramento2-scaled.jpg\",\"width\":2560,\"height\":1920},{\"@type\":\"BreadcrumbList\",\"@id\":\"https:\/\/rioonwatch.org.br\/?p=27188#breadcrumb\",\"itemListElement\":[{\"@type\":\"ListItem\",\"position\":1,\"name\":\"In\u00edcio\",\"item\":\"https:\/\/rioonwatch.org.br\/\"},{\"@type\":\"ListItem\",\"position\":2,\"name\":\"Julho Negro Dia 5: Mesa Redonda Sobre Encarceramento em Massa no Brasil\"}]},{\"@type\":\"WebSite\",\"@id\":\"https:\/\/rioonwatch.org.br\/#website\",\"url\":\"https:\/\/rioonwatch.org.br\/\",\"name\":\"RioOnWatch\",\"description\":\"relatos das favelas cariocas\",\"publisher\":{\"@id\":\"https:\/\/rioonwatch.org.br\/#organization\"},\"potentialAction\":[{\"@type\":\"SearchAction\",\"target\":{\"@type\":\"EntryPoint\",\"urlTemplate\":\"https:\/\/rioonwatch.org.br\/?s={search_term_string}\"},\"query-input\":{\"@type\":\"PropertyValueSpecification\",\"valueRequired\":true,\"valueName\":\"search_term_string\"}}],\"inLanguage\":\"pt-BR\"},{\"@type\":\"Organization\",\"@id\":\"https:\/\/rioonwatch.org.br\/#organization\",\"name\":\"RioOnWatch\",\"url\":\"https:\/\/rioonwatch.org.br\/\",\"logo\":{\"@type\":\"ImageObject\",\"inLanguage\":\"pt-BR\",\"@id\":\"https:\/\/rioonwatch.org.br\/#\/schema\/logo\/image\/\",\"url\":\"https:\/\/rioonwatch.org.br\/wp-content\/uploads\/2021\/06\/RioOnWatchcabecalhoPT11anos-2.png\",\"contentUrl\":\"https:\/\/rioonwatch.org.br\/wp-content\/uploads\/2021\/06\/RioOnWatchcabecalhoPT11anos-2.png\",\"width\":779,\"height\":277,\"caption\":\"RioOnWatch\"},\"image\":{\"@id\":\"https:\/\/rioonwatch.org.br\/#\/schema\/logo\/image\/\"}},{\"@type\":\"Person\",\"@id\":\"https:\/\/rioonwatch.org.br\/#\/schema\/person\/11d64c290506f9df50c71b850c473f68\",\"name\":\"Admin\",\"image\":{\"@type\":\"ImageObject\",\"inLanguage\":\"pt-BR\",\"@id\":\"https:\/\/rioonwatch.org.br\/#\/schema\/person\/image\/\",\"url\":\"https:\/\/secure.gravatar.com\/avatar\/56211ac74568383903349a1485e3c325?s=96&d=blank&r=g\",\"contentUrl\":\"https:\/\/secure.gravatar.com\/avatar\/56211ac74568383903349a1485e3c325?s=96&d=blank&r=g\",\"caption\":\"Admin\"},\"url\":\"https:\/\/rioonwatch.org.br\/?author=129\"}]}<\/script>\n<!-- \/ Yoast SEO plugin. -->","yoast_head_json":{"title":"Julho Negro Dia 5: Mesa Redonda Sobre Encarceramento em Massa no Brasil - RioOnWatch","robots":{"index":"index","follow":"follow","max-snippet":"max-snippet:-1","max-image-preview":"max-image-preview:large","max-video-preview":"max-video-preview:-1"},"canonical":"https:\/\/rioonwatch.org.br\/?p=27188","og_locale":"pt_BR","og_type":"article","og_title":"Julho Negro Dia 5: Mesa Redonda Sobre Encarceramento em Massa no Brasil - RioOnWatch","og_description":"Click Here for English Na sexta-feira passada, 20 de julho, no \u00faltimo dia da semana do Julho Negro, o Museu da Mar\u00e9 realizou uma mesa redonda sobre o encarceramento em massa e a criminaliza\u00e7\u00e3o de [...]","og_url":"https:\/\/rioonwatch.org.br\/?p=27188","og_site_name":"RioOnWatch","article_published_time":"2017-07-27T13:03:26+00:00","article_modified_time":"2017-08-08T10:44:32+00:00","og_image":[{"width":2560,"height":1920,"url":"https:\/\/rioonwatch.org.br\/wp-content\/uploads\/2017\/07\/Julho-Negro-Encarceramento2-scaled.jpg","type":"image\/jpeg"}],"author":"Admin","twitter_card":"summary_large_image","twitter_misc":{"Escrito por":"Admin","Est. tempo de leitura":"5 minutos"},"schema":{"@context":"https:\/\/schema.org","@graph":[{"@type":"Article","@id":"https:\/\/rioonwatch.org.br\/?p=27188#article","isPartOf":{"@id":"https:\/\/rioonwatch.org.br\/?p=27188"},"author":{"name":"Admin","@id":"https:\/\/rioonwatch.org.br\/#\/schema\/person\/11d64c290506f9df50c71b850c473f68"},"headline":"Julho Negro Dia 5: Mesa Redonda Sobre Encarceramento em Massa no Brasil","datePublished":"2017-07-27T13:03:26+00:00","dateModified":"2017-08-08T10:44:32+00:00","mainEntityOfPage":{"@id":"https:\/\/rioonwatch.org.br\/?p=27188"},"wordCount":1085,"publisher":{"@id":"https:\/\/rioonwatch.org.br\/#organization"},"image":{"@id":"https:\/\/rioonwatch.org.br\/?p=27188#primaryimage"},"thumbnailUrl":"https:\/\/rioonwatch.org.br\/wp-content\/uploads\/2017\/07\/Julho-Negro-Encarceramento2-scaled.jpg","keywords":["Black Lives Matter","Complexo da Mar\u00e9","debate","Direitos Humanos","Haiti","Julho Negro","M\u00e3es de Maio","M\u00e3es de Manguinhos","Museu da Mar\u00e9","organiza\u00e7\u00e3o comunit\u00e1ria","pris\u00f5es","Rafael Braga","Rede Contra Viol\u00eancia","reforma da pol\u00edcia","resist\u00eancia","sistema penitenci\u00e1rio","UPP","viol\u00eancia policial","Zona Norte"],"articleSection":["#OlhoNaParticipa\u00e7\u00e3o","*Destaque","Cobertura de Eventos","Den\u00fancias","Escrito por Aliados","Pol\u00edticas","Sociedade Civil"],"inLanguage":"pt-BR"},{"@type":"WebPage","@id":"https:\/\/rioonwatch.org.br\/?p=27188","url":"https:\/\/rioonwatch.org.br\/?p=27188","name":"Julho Negro Dia 5: Mesa Redonda Sobre Encarceramento em Massa no Brasil - RioOnWatch","isPartOf":{"@id":"https:\/\/rioonwatch.org.br\/#website"},"primaryImageOfPage":{"@id":"https:\/\/rioonwatch.org.br\/?p=27188#primaryimage"},"image":{"@id":"https:\/\/rioonwatch.org.br\/?p=27188#primaryimage"},"thumbnailUrl":"https:\/\/rioonwatch.org.br\/wp-content\/uploads\/2017\/07\/Julho-Negro-Encarceramento2-scaled.jpg","datePublished":"2017-07-27T13:03:26+00:00","dateModified":"2017-08-08T10:44:32+00:00","breadcrumb":{"@id":"https:\/\/rioonwatch.org.br\/?p=27188#breadcrumb"},"inLanguage":"pt-BR","potentialAction":[{"@type":"ReadAction","target":["https:\/\/rioonwatch.org.br\/?p=27188"]}]},{"@type":"ImageObject","inLanguage":"pt-BR","@id":"https:\/\/rioonwatch.org.br\/?p=27188#primaryimage","url":"https:\/\/rioonwatch.org.br\/wp-content\/uploads\/2017\/07\/Julho-Negro-Encarceramento2-scaled.jpg","contentUrl":"https:\/\/rioonwatch.org.br\/wp-content\/uploads\/2017\/07\/Julho-Negro-Encarceramento2-scaled.jpg","width":2560,"height":1920},{"@type":"BreadcrumbList","@id":"https:\/\/rioonwatch.org.br\/?p=27188#breadcrumb","itemListElement":[{"@type":"ListItem","position":1,"name":"In\u00edcio","item":"https:\/\/rioonwatch.org.br\/"},{"@type":"ListItem","position":2,"name":"Julho Negro Dia 5: Mesa Redonda Sobre Encarceramento em Massa no Brasil"}]},{"@type":"WebSite","@id":"https:\/\/rioonwatch.org.br\/#website","url":"https:\/\/rioonwatch.org.br\/","name":"RioOnWatch","description":"relatos das favelas cariocas","publisher":{"@id":"https:\/\/rioonwatch.org.br\/#organization"},"potentialAction":[{"@type":"SearchAction","target":{"@type":"EntryPoint","urlTemplate":"https:\/\/rioonwatch.org.br\/?s={search_term_string}"},"query-input":{"@type":"PropertyValueSpecification","valueRequired":true,"valueName":"search_term_string"}}],"inLanguage":"pt-BR"},{"@type":"Organization","@id":"https:\/\/rioonwatch.org.br\/#organization","name":"RioOnWatch","url":"https:\/\/rioonwatch.org.br\/","logo":{"@type":"ImageObject","inLanguage":"pt-BR","@id":"https:\/\/rioonwatch.org.br\/#\/schema\/logo\/image\/","url":"https:\/\/rioonwatch.org.br\/wp-content\/uploads\/2021\/06\/RioOnWatchcabecalhoPT11anos-2.png","contentUrl":"https:\/\/rioonwatch.org.br\/wp-content\/uploads\/2021\/06\/RioOnWatchcabecalhoPT11anos-2.png","width":779,"height":277,"caption":"RioOnWatch"},"image":{"@id":"https:\/\/rioonwatch.org.br\/#\/schema\/logo\/image\/"}},{"@type":"Person","@id":"https:\/\/rioonwatch.org.br\/#\/schema\/person\/11d64c290506f9df50c71b850c473f68","name":"Admin","image":{"@type":"ImageObject","inLanguage":"pt-BR","@id":"https:\/\/rioonwatch.org.br\/#\/schema\/person\/image\/","url":"https:\/\/secure.gravatar.com\/avatar\/56211ac74568383903349a1485e3c325?s=96&d=blank&r=g","contentUrl":"https:\/\/secure.gravatar.com\/avatar\/56211ac74568383903349a1485e3c325?s=96&d=blank&r=g","caption":"Admin"},"url":"https:\/\/rioonwatch.org.br\/?author=129"}]}},"_links":{"self":[{"href":"https:\/\/rioonwatch.org.br\/index.php?rest_route=\/wp\/v2\/posts\/27188"}],"collection":[{"href":"https:\/\/rioonwatch.org.br\/index.php?rest_route=\/wp\/v2\/posts"}],"about":[{"href":"https:\/\/rioonwatch.org.br\/index.php?rest_route=\/wp\/v2\/types\/post"}],"author":[{"embeddable":true,"href":"https:\/\/rioonwatch.org.br\/index.php?rest_route=\/wp\/v2\/users\/129"}],"replies":[{"embeddable":true,"href":"https:\/\/rioonwatch.org.br\/index.php?rest_route=%2Fwp%2Fv2%2Fcomments&post=27188"}],"version-history":[{"count":11,"href":"https:\/\/rioonwatch.org.br\/index.php?rest_route=\/wp\/v2\/posts\/27188\/revisions"}],"predecessor-version":[{"id":27209,"href":"https:\/\/rioonwatch.org.br\/index.php?rest_route=\/wp\/v2\/posts\/27188\/revisions\/27209"}],"wp:featuredmedia":[{"embeddable":true,"href":"https:\/\/rioonwatch.org.br\/index.php?rest_route=\/wp\/v2\/media\/27190"}],"wp:attachment":[{"href":"https:\/\/rioonwatch.org.br\/index.php?rest_route=%2Fwp%2Fv2%2Fmedia&parent=27188"}],"wp:term":[{"taxonomy":"category","embeddable":true,"href":"https:\/\/rioonwatch.org.br\/index.php?rest_route=%2Fwp%2Fv2%2Fcategories&post=27188"},{"taxonomy":"post_tag","embeddable":true,"href":"https:\/\/rioonwatch.org.br\/index.php?rest_route=%2Fwp%2Fv2%2Ftags&post=27188"},{"taxonomy":"writer","embeddable":true,"href":"https:\/\/rioonwatch.org.br\/index.php?rest_route=%2Fwp%2Fv2%2Fwriter&post=27188"},{"taxonomy":"translator","embeddable":true,"href":"https:\/\/rioonwatch.org.br\/index.php?rest_route=%2Fwp%2Fv2%2Ftranslator&post=27188"},{"taxonomy":"source","embeddable":true,"href":"https:\/\/rioonwatch.org.br\/index.php?rest_route=%2Fwp%2Fv2%2Fsource&post=27188"},{"taxonomy":"ilustrador","embeddable":true,"href":"https:\/\/rioonwatch.org.br\/index.php?rest_route=%2Fwp%2Fv2%2Filustrador&post=27188"},{"taxonomy":"fotografo","embeddable":true,"href":"https:\/\/rioonwatch.org.br\/index.php?rest_route=%2Fwp%2Fv2%2Ffotografo&post=27188"}],"curies":[{"name":"wp","href":"https:\/\/api.w.org\/{rel}","templated":true}]}}