{"id":27259,"date":"2017-07-31T08:39:52","date_gmt":"2017-07-31T11:39:52","guid":{"rendered":"http:\/\/rioonwatch.org.br\/?p=27259"},"modified":"2024-06-20T16:24:35","modified_gmt":"2024-06-20T19:24:35","slug":"projetos-olimpicos-e-destruicao-ramos-deixado-de-lado-sem-espacos-publicos-calcadas-arvores-e-mais-quelegado","status":"publish","type":"post","link":"https:\/\/rioonwatch.org.br\/?p=27259","title":{"rendered":"Obras Ol\u00edmpicas e Ramos: Deixado de Lado Sem Espa\u00e7os P\u00fablicos, Cal\u00e7adas, e \u00c1rvores #QueLegado"},"content":{"rendered":"<p style=\"text-align: right;\"><em><strong><a href=\"http:\/\/bit.ly\/2uYC3yg\" target=\"_blank\" rel=\"noopener noreferrer\">Click Here for English<img decoding=\"async\" width=\"20\" height=\"20\" class=\"alignright wp-image-15790\" src=\"http:\/\/rioonwatch.org.br\/wp-content\/uploads\/2012\/08\/EN-standard-e1439583104716.jpg\" alt=\"\" \/><\/a><\/strong><\/em><\/p>\n<p>Faz um ano desde que <a href=\"http:\/\/bit.ly\/29InBAk\" target=\"_blank\" rel=\"noopener\">apresentei aqui no <em>RioOnWatch<\/em><\/a>\u00a0uma vis\u00e3o do legado negativo, ou o legado suburbano das <a href=\"http:\/\/bit.ly\/PkLXlQ\" target=\"_blank\" rel=\"noopener\">Olimp\u00edadas<\/a> do Rio de Janeiro, e muito se evoluiu nas\u00a0<a href=\"http:\/\/bit.ly\/2sHSH5z\" target=\"_blank\" rel=\"noopener\" data-saferedirecturl=\"https:\/\/www.google.com\/url?hl=pt-BR&amp;q=https:\/\/medium.com\/@hugo.costa.carioca\/o-que-o-rio-de-janeiro-ganhou-com-as-olimp%25C3%25ADadas-87830d6ae99d&amp;source=gmail&amp;ust=1501292728380000&amp;usg=AFQjCNGxtsIKJTlTNxVk7VzSGdWEI1Ji8w\">pesquisas sobre o tema<\/a>, embora a\u00a0<a href=\"http:\/\/bit.ly\/2u3jneK\" target=\"_blank\" rel=\"noopener\" data-saferedirecturl=\"https:\/\/www.google.com\/url?hl=pt-BR&amp;q=https:\/\/www.youtube.com\/watch?v%3DiOk71ysoc-Y&amp;source=gmail&amp;ust=1501292728380000&amp;usg=AFQjCNHRiXAbrl3Rp-xdAII2HnwZz7XKcA\">recupera\u00e7\u00e3o urbana desta parte<\/a>\u00a0da cidade em nada tenha sido tratada. Atualmente, as discuss\u00f5es sobre o legado Ol\u00edmpico do Rio ocorrem em todas as esferas (federal, estadual e municipal) e em todos os poderes (executivo, legislativo e judici\u00e1rio), sobre o que fazer com as estruturas constru\u00eddas ou reformadas para as Olimp\u00edadas: os pr\u00e9dios, est\u00e1dios, campos e piscinas, mas somente tratando destas \u00e1reas que juntas somam meio milh\u00e3o de quil\u00f4metros quadrados dentro de um\u00a0<a href=\"http:\/\/bit.ly\/2v3iG9M\" target=\"_blank\" rel=\"noopener\" data-saferedirecturl=\"https:\/\/www.google.com\/url?hl=pt-BR&amp;q=http:\/\/cidades.ibge.gov.br\/xtras\/perfil.php?codmun%3D330455&amp;source=gmail&amp;ust=1501292728380000&amp;usg=AFQjCNG544qRxXlvEcJiUkBPE6AfZ7jxSg\">munic\u00edpio com 1200 milh\u00f5es de quil\u00f4metros quadrados<\/a>\u00a0no total.<\/p>\n<p><a href=\"http:\/\/rioonwatch.org.br\/wp-content\/uploads\/2017\/07\/Viaduto-Renatinho-Partideiro.jpg\"><img fetchpriority=\"high\" decoding=\"async\" class=\"aligncenter wp-image-27261 size-content\" title=\"Inaugura\u00e7\u00e3o do BRT Transcarioca, em Ramos - junho de 2014 (Imagem da Prefeitura do Rio)\" src=\"http:\/\/rioonwatch.org.br\/wp-content\/uploads\/2017\/07\/Viaduto-Renatinho-Partideiro-620x264.jpg\" alt=\"\" width=\"620\" height=\"264\" srcset=\"https:\/\/rioonwatch.org.br\/wp-content\/uploads\/2017\/07\/Viaduto-Renatinho-Partideiro-620x264.jpg 620w, https:\/\/rioonwatch.org.br\/wp-content\/uploads\/2017\/07\/Viaduto-Renatinho-Partideiro-940x400.jpg 940w\" sizes=\"(max-width: 620px) 100vw, 620px\" \/><\/a><\/p>\n<p>A grande repercuss\u00e3o da <a href=\"http:\/\/bit.ly\/29InBAk\" target=\"_blank\" rel=\"noopener\">mat\u00e9ria, de um ano atr\u00e1s, no <em>RioOnWatch<\/em><\/a> sobre o tema atraiu interessados, do mundo todo, em conhecer o sub\u00farbio de <a href=\"http:\/\/bit.ly\/2hh5d4o\" target=\"_blank\" rel=\"noopener\">Ramos<\/a>, pois at\u00e9 ent\u00e3o o Rio de Janeiro em uma vis\u00e3o internacional era apenas belos bairros litor\u00e2neos ou grandes favelas, n\u00e3o havendo nada entre estes extremos sociais e urban\u00edsticos no Rio. Surpreenderam-se em descobrir que a popula\u00e7\u00e3o da orla carioca (<a href=\"http:\/\/bit.ly\/1mNsDyk\" target=\"_blank\" rel=\"noopener\">Zona Sul<\/a>, <a href=\"http:\/\/bit.ly\/19BBUhf\" target=\"_blank\" rel=\"noopener\">Barra<\/a> e <a href=\"http:\/\/bit.ly\/2u4bHJ6\" target=\"_blank\" rel=\"noopener\">Recreio<\/a>) correspondia a apenas 16% da popula\u00e7\u00e3o do Rio (Censo IBGE 2010) e que a popula\u00e7\u00e3o das favelas 24%, e logo perceberam que a maior parte dos cariocas viviam nos ent\u00e3o ignorados, nacionalmente e internacionalmente, sub\u00farbios.<\/p>\n<p>A primeira reportagem foi da TV polonesa, que ap\u00f3s conhecer o bairro de Ramos e seus \u00edcones de abandono Ol\u00edmpico, quiseram conhecer outros locais da\u00a0<a href=\"http:\/\/bit.ly\/29ymZ2T\" target=\"_blank\" rel=\"noopener\" data-saferedirecturl=\"https:\/\/www.google.com\/url?hl=pt-BR&amp;q=https:\/\/pt.wikipedia.org\/wiki\/Zona_da_Leopoldina&amp;source=gmail&amp;ust=1501292728380000&amp;usg=AFQjCNHnOKnWIQ34UklAHiMCBK5JAviQpw\">Zona da Leopoldina<\/a>\u00a0na <a href=\"http:\/\/bit.ly\/WximDf\" target=\"_blank\" rel=\"noopener\">Zona Norte<\/a> do Rio. Levei-os na Esta\u00e7\u00e3o de <a href=\"http:\/\/bit.ly\/ZC9b6z\" target=\"_blank\" rel=\"noopener\">Manguinhos<\/a> e ap\u00f3s algumas filmagens fomos &#8220;gentilmente convidados&#8221; a nos retirar da esta\u00e7\u00e3o e parar de filmar por uma pessoa com uma Uzi apontando-nos a arma das margens da Rua Leopoldo Bulh\u00f5es. Naquele momento uma sutil diferen\u00e7a entre bairros suburbanos e favelas veio a tona para os poloneses.<\/p>\n<p>A segunda reportagem que acompanhei foi para o\u00a0<a href=\"http:\/\/bit.ly\/2tIs1Q8\" target=\"_blank\" rel=\"noopener\">site americano de not\u00edcias\u00a0<em>Vice<\/em><\/a>\u00a0onde ap\u00f3s cumprir o\u00a0<i>script\u00a0<\/i>sobre a destrui\u00e7\u00e3o do bairro pela obra Ol\u00edmpica, levei-os a Igreja da Penha, onde foi poss\u00edvel ver o <a href=\"http:\/\/bit.ly\/U0MiGm\" target=\"_blank\" rel=\"noopener\">Complexo do Alem\u00e3o<\/a> e explicar as t\u00eanues diferen\u00e7as urban\u00edsticas entre sub\u00farbios e favelas de uma forma mais segura do que a que fiz com os poloneses. Chamou aten\u00e7\u00e3o que para o\u00a0<em>Vice<\/em> a Prefeitura do Rio emitiu uma nota oficial igual que ao do <a href=\"https:\/\/glo.bo\/2vcZSW5\" target=\"_blank\" rel=\"noopener\">Jornal<em> O Globo<\/em><\/a>, tentando explicar&#8211;com algumas informa\u00e7\u00f5es question\u00e1veis&#8211;o que havia ocorrido em Ramos. A publica\u00e7\u00e3o do <em>O Globo<\/em> tamb\u00e9m veio por consequ\u00eancia da mat\u00e9ria no <em>RioOnWatch<\/em>.<\/p>\n<p>Logo depois\u00a0<a href=\"http:\/\/bit.ly\/2dodVhq\" target=\"_blank\" rel=\"noopener\" data-saferedirecturl=\"https:\/\/www.google.com\/url?hl=pt-BR&amp;q=http:\/\/www.francetvinfo.fr\/sports\/jo\/criminalite-galopante-betonisation-sentiment-d-abandon-les-jo-ne-font-pas-de-quartier-a-ramos_1591307.html&amp;source=gmail&amp;ust=1501292728380000&amp;usg=AFQjCNF1Lir-9jf5eXp5Mv6ppjoucdIODA\">vieram jornalistas franceses<\/a>, de diversos canais de m\u00eddia, com interesse devido a proposta de se <a href=\"http:\/\/bit.ly\/2sQPG0C\" target=\"_blank\" rel=\"noopener\" data-saferedirecturl=\"https:\/\/www.google.com\/url?hl=pt-BR&amp;q=https:\/\/brasil.elpais.com\/brasil\/2017\/07\/11\/deportes\/1499796997_871266.html&amp;source=gmail&amp;ust=1501292728380000&amp;usg=AFQjCNHh2g3X1Phygn-90f1vLvTOxUhmCQ\">sediar as Olimp\u00edadas em Paris<\/a>,\u00a0mostrando o Rio de Janeiro e os &#8220;benef\u00edcios&#8221; de ser uma cidade-sede. Foi simples mostrar o Rio Ramos que passa pelo bairro e que manteve seu terr\u00edvel\u00a0<a href=\"http:\/\/bit.ly\/2u3IZYD\" target=\"_blank\" rel=\"noopener\" data-saferedirecturl=\"https:\/\/www.google.com\/url?hl=pt-BR&amp;q=http:\/\/sustentabilidade.estadao.com.br\/noticias\/geral,fracasso-em-despoluicao-da-baia-de-guanabara-ja-virou-legado-olimpico,10000021251&amp;source=gmail&amp;ust=1501292728380000&amp;usg=AFQjCNFrMwX8QBEAin0tLGYbTRMHRRpLWw\">potencial poluidor da Baia da Guanabara<\/a>\u00a0com a coleta\u00a0<i>in natura<\/i>\u00a0de esgoto do Complexo do Alem\u00e3o e de bairros da Leopoldina desembocando na mesma. Como sabemos, o legado da <a href=\"http:\/\/bit.ly\/1NzuogA\" target=\"_blank\" rel=\"noopener\">Ba\u00eda da Guanabara despolu\u00edda<\/a> em nada evoluiu, e como legado p\u00f3s-Ol\u00edmpico em termos de projetos de despolui\u00e7\u00e3o tivemos a\u00a0<a href=\"https:\/\/glo.bo\/2v2UIv2\" target=\"_blank\" rel=\"noopener\" data-saferedirecturl=\"https:\/\/www.google.com\/url?hl=pt-BR&amp;q=https:\/\/oglobo.globo.com\/rio\/video-caua-reymond-encontra-sofa-em-visita-as-lagoas-poluidas-da-barra-21615825&amp;source=gmail&amp;ust=1501292728380000&amp;usg=AFQjCNE__rWhxwCbp0kfC_VuIYRW3NI03A\">mera mudan\u00e7a de foco para a despolui\u00e7\u00e3o das lagoas da Barra<\/a>, bem longe de Ramos mas com um mercado imobili\u00e1rio pungente voltado a um p\u00fablico espec\u00edfico da cidade, que\u00a0&#8220;<a href=\"http:\/\/bbc.in\/1DEagFx\" target=\"_blank\" rel=\"noopener\" data-saferedirecturl=\"https:\/\/www.google.com\/url?hl=pt-BR&amp;q=http:\/\/www.bbc.com\/portuguese\/noticias\/2015\/08\/150809_construtora_olimpiada_jp&amp;source=gmail&amp;ust=1501292728380000&amp;usg=AFQjCNEWBuS5Btod-SMXbaldZpQu7_a6Vw\">n\u00e3o inclui pobre<\/a>&#8220;.<\/p>\n<p><a href=\"http:\/\/rioonwatch.org.br\/wp-content\/uploads\/2017\/07\/MAPA-APO.jpg\"><img decoding=\"async\" class=\"aligncenter wp-image-27263 size-full\" title=\"Mapa da Autoridade P\u00fablica Ol\u00edmpica mostra locais de competi\u00e7\u00e3o. Inclus\u00e3o no mapa para o bairro de Ramos para localiza\u00e7\u00e3o do leitor.\" src=\"http:\/\/rioonwatch.org.br\/wp-content\/uploads\/2017\/07\/MAPA-APO.jpg\" alt=\"\" width=\"500\" height=\"278\" srcset=\"https:\/\/rioonwatch.org.br\/wp-content\/uploads\/2017\/07\/MAPA-APO.jpg 500w, https:\/\/rioonwatch.org.br\/wp-content\/uploads\/2017\/07\/MAPA-APO-475x264.jpg 475w, https:\/\/rioonwatch.org.br\/wp-content\/uploads\/2017\/07\/MAPA-APO-174x98.jpg 174w\" sizes=\"(max-width: 500px) 100vw, 500px\" \/><\/a><\/p>\n<p>At\u00e9 mesmo a percep\u00e7\u00e3o de pobres no entorno da Lagoa de Jacarepagu\u00e1 fazem a Prefeitura do Rio p\u00f3s-Ol\u00edmpica&#8211;que teve como legado uma\u00a0<a href=\"http:\/\/bit.ly\/2v3nf3X\" target=\"_blank\" rel=\"noopener\" data-saferedirecturl=\"https:\/\/www.google.com\/url?hl=pt-BR&amp;q=http:\/\/odia.ig.com.br\/rio-de-janeiro\/2017-04-25\/crivella-prefeitura-do-rio-pode-nao-ter-como-pagar-funcionalismo-em-setembro.html&amp;source=gmail&amp;ust=1501292728380000&amp;usg=AFQjCNHDxa5IGvui_PxllzjGE4plSXd92w\">declarada falta de recursos<\/a>\u00a0para administrar a cidade&#8211;descobrir\u00a0<a href=\"https:\/\/glo.bo\/2pWGA04\" target=\"_blank\" rel=\"noopener\" data-saferedirecturl=\"https:\/\/www.google.com\/url?hl=pt-BR&amp;q=https:\/\/oglobo.globo.com\/rio\/rio-das-pedras-ganha-projeto-para-virar-bairro-vertical-21345321&amp;source=gmail&amp;ust=1501292728380000&amp;usg=AFQjCNHAG-qixdHbiAVz59L8RQKMH2U2OQ\">novas fontes de recursos<\/a>\u00a0para manter a\u00a0<a href=\"https:\/\/glo.bo\/2h7Uxt1\" target=\"_blank\" rel=\"noopener\" data-saferedirecturl=\"https:\/\/www.google.com\/url?hl=pt-BR&amp;q=https:\/\/oglobo.globo.com\/rio\/apesar-da-crise-governo-do-estado-planeja-expansao-do-metro-ate-recreio-21122314&amp;source=gmail&amp;ust=1501292728380000&amp;usg=AFQjCNEw-4tqEWQYHmzI-UURUVwqoHgjlA\">pol\u00edtica de valoriza\u00e7\u00e3o da &#8220;Cidade Ol\u00edmpica&#8221;<\/a>\u00a0nas proximidades da Barra da Tijuca, priorizando inclusive favelas que &#8220;n\u00e3o condizem&#8221; com a regi\u00e3o do entorno. A nova aposta de urbaniza\u00e7\u00e3o de\u00a0<a href=\"http:\/\/bit.ly\/2l0Hf1G\" target=\"_blank\" rel=\"noopener\">Rio das Pedras<\/a> (uma grande comunidade as margens da lagoas da Barra) atrav\u00e9s de <a href=\"http:\/\/bit.ly\/1Rq1j7H\" target=\"_blank\" rel=\"noopener\">Parceria P\u00fablico-Privada<\/a>\u00a0(PPP) \u00e9 um modelo parecido com a do <a href=\"http:\/\/bit.ly\/UR7rn7\" target=\"_blank\" rel=\"noopener\">Porto Maravilha<\/a>,\u00a0<a href=\"https:\/\/glo.bo\/2tIocdX\" target=\"_blank\" rel=\"noopener\" data-saferedirecturl=\"https:\/\/www.google.com\/url?hl=pt-BR&amp;q=https:\/\/oglobo.globo.com\/rio\/prefeitura-assumira-servicos-no-porto-maravilha-durante-paralisacao-da-concessionaria-21551332&amp;source=gmail&amp;ust=1501292728380000&amp;usg=AFQjCNEqijYgmQf37QKRporSs02g0SKvWA\">recentemente declarada como invi\u00e1vel<\/a>\u00a0pela pr\u00f3pria concession\u00e1ria respons\u00e1vel.<\/p>\n<div>\n<p>Enquanto isto, voltando a Ramos, o que foi mostrado no <em>RioOnWatch<\/em> e divulgado ao redor do mundo, n\u00e3o gerou interesse pela Prefeitura do Rio. A \u00fanica mudan\u00e7a em tudo que foi apresentado foi a passarela que havia ficado pela metade no bairro que deixou de ter\u00a0<a href=\"http:\/\/bit.ly\/2acXAsH\" target=\"_blank\" rel=\"noopener\" data-saferedirecturl=\"https:\/\/www.google.com\/url?hl=pt-BR&amp;q=http:\/\/noticias.r7.com\/rio-de-janeiro\/balanco-geral-rj\/videos\/moradores-reclamam-de-obras-inacabadas-em-passarelas-no-rio-15102015&amp;source=gmail&amp;ust=1501292728380000&amp;usg=AFQjCNErjQa4emqqkozfOOeRFHus6zuGYg\">um guarda corpo em madeira prestes a cair<\/a>\u00a0e passou a ter um guarda corpo de tijolos prestes a cair.<\/p>\n<p>O legado Ol\u00edmpico trouxe outras sequelas de polui\u00e7\u00e3o, dentre as quais, a sa\u00fade respirat\u00f3ria de crian\u00e7as de zero a quatro anos de idade, que se revelou com a divulga\u00e7\u00e3o da primeira estat\u00edstica de Interna\u00e7\u00e3o por Infec\u00e7\u00e3o Respirat\u00f3ria Aguda ap\u00f3s as obras do <a href=\"http:\/\/bit.ly\/1ssUF4R\" target=\"_blank\" rel=\"noopener\">BRT TransCarioca<\/a> na regi\u00e3o. Em 2014, a Regi\u00e3o Administrativa de Ramos, que incluem os bairros de Ramos, <a href=\"http:\/\/bit.ly\/2eUQkrK\" target=\"_blank\" rel=\"noopener\">Olaria<\/a> e <a href=\"http:\/\/bit.ly\/2tQII0c\" target=\"_blank\" rel=\"noopener\">Bonsucesso<\/a> (todos que receberam o corredor expresso de \u00f4nibus articulados BRT TransCarioca)\u00a0<a href=\"http:\/\/bit.ly\/2vcQvWl\" target=\"_blank\" rel=\"noopener\" data-saferedirecturl=\"https:\/\/www.google.com\/url?hl=pt-BR&amp;q=http:\/\/riocomovamos.org.br\/indicadores-regionalizados\/indicador\/internacao-por-ira-na-rede-publica\/&amp;source=gmail&amp;ust=1501292728380000&amp;usg=AFQjCNFFgalXSFm1MENjZQHfOiJfu1reQA\">apresentou o pior resultado da cidade neste indicador, com 33 crian\u00e7as em 1000 internadas<\/a>.<\/p>\n<div>\n<p><a href=\"http:\/\/rioonwatch.org.br\/wp-content\/uploads\/2017\/07\/Pra\u00e7a-Prof-Muor\u00e3o-Filhook.jpg\"><img loading=\"lazy\" decoding=\"async\" class=\"alignright wp-image-27269\" title=\"Legado Ol\u00edmpico de Ramos: substitui\u00e7\u00e3o de \u00e1reas verdes de lazer p\u00fablicas por corredores de \u00f4nibus de grande porte. Pra\u00e7a Professor Mour\u00e3o Filho (fonte: Google Street View - 2011 e 2016) \" src=\"http:\/\/rioonwatch.org.br\/wp-content\/uploads\/2017\/07\/Pra\u00e7a-Prof-Muor\u00e3o-Filhook.jpg\" alt=\"\" width=\"350\" height=\"323\" srcset=\"https:\/\/rioonwatch.org.br\/wp-content\/uploads\/2017\/07\/Pra\u00e7a-Prof-Muor\u00e3o-Filhook.jpg 435w, https:\/\/rioonwatch.org.br\/wp-content\/uploads\/2017\/07\/Pra\u00e7a-Prof-Muor\u00e3o-Filhook-286x264.jpg 286w\" sizes=\"(max-width: 350px) 100vw, 350px\" \/><\/a>De acordo com\u00a0<a href=\"http:\/\/arcg.is\/2h7Jksk\" target=\"_blank\" rel=\"noopener\">dados de Uso de Solo de 2016<\/a>\u00a0do Instituto Pereira Passos (IPP), vinculados a Prefeitura do Rio, a regi\u00e3o administrativa de Ramos acabou ficando com o legado Ol\u00edmpico\u00a0de <a href=\"https:\/\/glo.bo\/2v3tjJw\" target=\"_blank\" rel=\"noopener\">terceira pior disponibilidade de \u00e1reas p\u00fablicas verdes de lazer da cidade<\/a>, n\u00e3o atingindo sequer o m\u00ednimo indicado pela Organiza\u00e7\u00e3o Mundial da Sa\u00fade (OMS) de 12 metros quadrados de \u00e1reas verdes p\u00fablicas de lazer por habitante.<\/p>\n<div>\n<p>No <a href=\"http:\/\/bit.ly\/2tWrpKW\" target=\"_blank\" rel=\"noopener\">Plano Estrat\u00e9gico 2017-2020<\/a> do Rio de Janeiro (documento rec\u00e9m-divulgado com o plano de gest\u00e3o do prefeito eleito e <a href=\"http:\/\/bit.ly\/2tNFESn\" target=\"_blank\" rel=\"noopener\">atualmente recebendo rea\u00e7\u00f5es do p\u00fablico<\/a> online), cita-se que a popula\u00e7\u00e3o de Ramos, residente da \u00c1rea de Planejamento 3 (Zona Norte sem incluir a <a href=\"http:\/\/bit.ly\/1KFTsNJ\" target=\"_blank\" rel=\"noopener\">Grande Tijuca<\/a>) j\u00e1 foi agraciada com o Parque Madureira (<a href=\"http:\/\/bit.ly\/2eSJx1A\" target=\"_blank\" rel=\"noopener\" data-saferedirecturl=\"https:\/\/www.google.com\/url?hl=pt-BR&amp;q=https:\/\/www.google.com.br\/maps\/dir\/Ramos,%2BRio%2Bde%2BJaneiro%2B-%2BRJ,%2B21031-800\/Parque%2BMadureira%2B-%2BRua%2BParque%2BMadureira%2B-%2BMadureira,%2BRio%2Bde%2BJaneiro%2B-%2BRJ\/@-22.8542971,-43.3379403,13z\/data%3D!3m1!4b1!4m14!4m13!1m5!1m1!1s0x997bf99ea6e07b:0x3bf0a612d4a7adbf!2m2!1d-43.2602922!2d-22.8547848!1m5!1m1!1s0x996326b395687f:0xcb885c830a394e0c!2m2!1d-43.3456202!2d-22.8634008!3e2&amp;source=gmail&amp;ust=1501292728381000&amp;usg=AFQjCNG0D1UC_DfmIlGg3vji2UO1dZvixg\">11 km de dist\u00e2ncia de Ramos<\/a>). Quer dizer: n\u00e3o h\u00e1 qualquer plano de cria\u00e7\u00e3o de \u00e1reas que venham a <a href=\"http:\/\/bit.ly\/2veBWkq\" target=\"_blank\" rel=\"noopener\">compensar as \u00e1reas verdes perdidas<\/a> para as obras das Olimp\u00edadas. Passa-se\u00a0desapercebida\u00a0a quest\u00e3o por mais uma gest\u00e3o municipal.<\/p>\n<\/div>\n<p>Not\u00edcias mais recentes citam que exatamente no trecho de Ramos (Lote 2 do BRT Transcarioca) desta obra Ol\u00edmpica de liga\u00e7\u00e3o do aeroporto internacional a Barra da Tijuca, h\u00e1 den\u00fancia oficial\u00a0<span style=\"font-weight: 400;\">de <\/span><a href=\"http:\/\/bit.ly\/2eSibJe\" target=\"_blank\" rel=\"noopener\"><span style=\"font-weight: 400;\">corrup\u00e7\u00e3o, envolvendo propina<\/span><\/a>\u00a0n\u00e3o somente ao ex-secret\u00e1rio municipal de Obras, mas tamb\u00e9m ao Tribunal de Contas do Munic\u00edpio (TCM), que deveria zelar pela lisura das a\u00e7\u00f5es da Prefeitura.<\/p>\n<p><span style=\"font-weight: 400;\">Na avalia\u00e7\u00e3o do Minist\u00e9rio P\u00fablico do Rio de Janeiro (MPRJ), atrav\u00e9s da 2\u00aa Promotoria de Justi\u00e7a de Tutela Coletiva de Defesa da Ordem Urban\u00edstica da Capital, tudo isto se resumiu a esta avalia\u00e7\u00e3o:<\/span><\/p>\n<blockquote><p><span style=\"font-weight: 400;\">&#8220;No caso em tela, os fatos noticiados n\u00e3o se revestem, ao menos neste momento, de nenhuma das caracter\u00edsticas que fariam presentes direitos difusos, coletivos ou individuais homog\u00eaneos, n\u00e3o ensejando qualquer medida, seja de \u00edndole extrajudicial, seja de car\u00e1ter judicial a ser adotada pelo Minist\u00e9rio P\u00fablico.\u00a0<\/span><\/p>\n<p>(&#8230;)<\/p>\n<p><span style=\"font-weight: 400;\">Assim, casos em que haja pequena relev\u00e2ncia social e que o n\u00famero de pessoas atingidas n\u00e3o seja de grande monta e que se tratem de casos facilmente resolvidos na esfera administrativa devem ser resolvidos pelo Poder P\u00fablico, somente se justificando a interven\u00e7\u00e3o Ministerial quando haja inequ\u00edvoca omiss\u00e3o, uma vez que se para cada estabelecimento irregular, fechamento de rua, ocupa\u00e7\u00e3o de cal\u00e7ada ou constru\u00e7\u00e3o irregular, tiver de ser instaurado um inqu\u00e9rito civil, a atua\u00e7\u00e3o do Minist\u00e9rio P\u00fablico na tutela coletiva da ordem urban\u00edstica estar\u00e1 fadada ao fracasso, eis que os recursos humanos e materiais n\u00e3o podem ser utilizados para toda e qualquer not\u00edcia de dano, se justificando a atua\u00e7\u00e3o ministerial tamb\u00e9m como \u00f3rg\u00e3o agente quando haja relev\u00e2ncia social.<\/span><\/p>\n<p><span style=\"font-weight: 400;\">Por estas raz\u00f5es, determina-se, com fulcro na autoriza\u00e7\u00e3o do art. 8\u00ba, da Resolu\u00e7\u00e3o GPGJ n\u00ba 1.769\/12, o ARQUIVAMENTO desta representa\u00e7\u00e3o, em raz\u00e3o de seu INDEFERIMENTO.&#8221;<\/span><\/p><\/blockquote>\n<p><span style=\"font-weight: 400;\">O grande resumo de um ano p\u00f3s-Olimp\u00edadas \u00e9 que bairros da Zona da Leopoldina (<\/span><a href=\"https:\/\/glo.bo\/2vP7o6G\" target=\"_blank\" rel=\"noopener\"><span style=\"font-weight: 400;\">na Zona Norte que era cotada para receber<\/span><\/a><span style=\"font-weight: 400;\"> o <\/span><a href=\"http:\/\/bit.ly\/1oG0g8b\" target=\"_blank\" rel=\"noopener\"><span style=\"font-weight: 400;\">grande legado na proposta da Rio 2004<\/span><\/a><span style=\"font-weight: 400;\">) se manter\u00e3o na pol\u00edtica predominante do \u00faltimo meio s\u00e9culo&#8211;de esquecimento e abandono.<\/span><\/p>\n<p><span style=\"font-weight: 400;\"><em>Hugo Costa tem 42 anos, formado em Geografia pela UFF, blogueiro e morador do bairro de Ramos.<\/em><\/span><\/p>\n<h3><b>Abaixo assista v\u00eddeo com Hugo Costa com reportagem sobre os transtornos causados pela TransCarioca:<\/b><\/h3>\n<\/div>\n<\/div>\n<p><iframe src=\"https:\/\/www.youtube.com\/embed\/iOk71ysoc-Y\" width=\"560\" height=\"315\" frameborder=\"0\" allowfullscreen=\"allowfullscreen\"><\/iframe><\/p>\n<!-- AddThis Advanced Settings generic via filter on the_content --><!-- AddThis Share Buttons generic via filter on the_content -->","protected":false},"excerpt":{"rendered":"<div class=\"mh-excerpt\"><p>Click Here for English Faz um ano desde que apresentei aqui no RioOnWatch\u00a0uma vis\u00e3o do legado negativo, ou o legado suburbano das Olimp\u00edadas do Rio de Janeiro, e muito se evoluiu nas\u00a0pesquisas sobre o tema, <a class=\"mh-excerpt-more\" href=\"https:\/\/rioonwatch.org.br\/?p=27259\" title=\"Obras Ol\u00edmpicas e Ramos: Deixado de Lado Sem Espa\u00e7os P\u00fablicos, Cal\u00e7adas, e \u00c1rvores #QueLegado\">[&#8230;]<\/a><!-- AddThis Advanced Settings generic via filter on get_the_excerpt --><!-- AddThis Share Buttons generic via filter on get_the_excerpt --><\/p>\n<\/div>","protected":false},"author":129,"featured_media":27272,"comment_status":"closed","ping_status":"closed","sticky":false,"template":"","format":"standard","meta":{"_acf_changed":false,"_monsterinsights_skip_tracking":false,"_monsterinsights_sitenote_active":false,"_monsterinsights_sitenote_note":"","_monsterinsights_sitenote_category":0,"footnotes":""},"categories":[1618,2051,1635,1621,346,1726],"tags":[531,804,274,2061,497,217,484,1147,1523,465,722,2173,636,1240,1021,1760,417,2060,78,505,498,2148,581,839,2011,1393,294,122,218,184],"writer":[1907],"translator":[],"source":[],"ilustrador":[],"fotografo":[],"class_list":{"0":"post-27259","1":"post","2":"type-post","3":"status-publish","4":"format-standard","5":"has-post-thumbnail","7":"category-olhonaparticipacao","8":"category-olhonolegado","9":"category-1635","10":"category-destaque","11":"category-denuncias","12":"category-transporte","13":"tag-area-de-lazer","14":"tag-baia-da-guanabara","15":"tag-barra-da-tijuca","16":"tag-bonsucesso","17":"tag-brt","18":"tag-complexo-do-alemao","19":"tag-prefeito-eduardo-paes","20":"tag-espacos-verdes","21":"tag-instituto-pereira-passos-ipp","22":"tag-lagoa-de-jacarepagua","23":"tag-legado","24":"tag-leopoldina","25":"tag-manguinhos","26":"tag-megaeventos","27":"tag-mito-do-legado","28":"tag-narrativa-midiatica","29":"tag-negligencia-do-estado","30":"tag-olaria","31":"tag-olimpiadas","32":"tag-parceria-publico-privado","33":"tag-penha","34":"tag-plano-estrategico","35":"tag-poluicao","36":"tag-prioridades-publicas-equivocadas","37":"tag-ramos","38":"tag-rio-das-pedras","39":"tag-saude","40":"tag-transcarioca","41":"tag-zona-norte","42":"tag-zona-oeste","43":"writer-hugo-costa"},"acf":[],"yoast_head":"<!-- This site is optimized with the Yoast SEO plugin v25.6 - https:\/\/yoast.com\/wordpress\/plugins\/seo\/ -->\n<title>Obras Ol\u00edmpicas e Ramos: Deixado de Lado Sem Espa\u00e7os P\u00fablicos, Cal\u00e7adas, e \u00c1rvores #QueLegado - RioOnWatch<\/title>\n<meta name=\"robots\" content=\"index, follow, max-snippet:-1, max-image-preview:large, max-video-preview:-1\" \/>\n<link rel=\"canonical\" href=\"https:\/\/rioonwatch.org.br\/?p=27259\" \/>\n<meta property=\"og:locale\" content=\"pt_BR\" \/>\n<meta property=\"og:type\" content=\"article\" \/>\n<meta property=\"og:title\" content=\"Obras Ol\u00edmpicas e Ramos: Deixado de Lado Sem Espa\u00e7os P\u00fablicos, Cal\u00e7adas, e \u00c1rvores #QueLegado - RioOnWatch\" \/>\n<meta property=\"og:description\" content=\"Click Here for English Faz um ano desde que apresentei aqui no RioOnWatch\u00a0uma vis\u00e3o do legado negativo, ou o legado suburbano das Olimp\u00edadas do Rio de Janeiro, e muito se evoluiu nas\u00a0pesquisas sobre o tema, [...]\" \/>\n<meta property=\"og:url\" content=\"https:\/\/rioonwatch.org.br\/?p=27259\" \/>\n<meta property=\"og:site_name\" content=\"RioOnWatch\" \/>\n<meta property=\"article:published_time\" content=\"2017-07-31T11:39:52+00:00\" \/>\n<meta property=\"article:modified_time\" content=\"2024-06-20T19:24:35+00:00\" \/>\n<meta property=\"og:image\" content=\"https:\/\/rioonwatch.org.br\/wp-content\/uploads\/2017\/07\/Entrevista_TV_Polonesa_Ramos-1.jpg\" \/>\n\t<meta property=\"og:image:width\" content=\"1253\" \/>\n\t<meta property=\"og:image:height\" content=\"699\" \/>\n\t<meta property=\"og:image:type\" content=\"image\/jpeg\" \/>\n<meta name=\"author\" content=\"Admin\" \/>\n<meta name=\"twitter:card\" content=\"summary_large_image\" \/>\n<meta name=\"twitter:label1\" content=\"Escrito por\" \/>\n\t<meta name=\"twitter:data1\" content=\"Admin\" \/>\n\t<meta name=\"twitter:label2\" content=\"Est. tempo de leitura\" \/>\n\t<meta name=\"twitter:data2\" content=\"7 minutos\" \/>\n<script type=\"application\/ld+json\" class=\"yoast-schema-graph\">{\"@context\":\"https:\/\/schema.org\",\"@graph\":[{\"@type\":\"Article\",\"@id\":\"https:\/\/rioonwatch.org.br\/?p=27259#article\",\"isPartOf\":{\"@id\":\"https:\/\/rioonwatch.org.br\/?p=27259\"},\"author\":{\"name\":\"Admin\",\"@id\":\"https:\/\/rioonwatch.org.br\/#\/schema\/person\/11d64c290506f9df50c71b850c473f68\"},\"headline\":\"Obras Ol\u00edmpicas e Ramos: Deixado de Lado Sem Espa\u00e7os P\u00fablicos, Cal\u00e7adas, e \u00c1rvores #QueLegado\",\"datePublished\":\"2017-07-31T11:39:52+00:00\",\"dateModified\":\"2024-06-20T19:24:35+00:00\",\"mainEntityOfPage\":{\"@id\":\"https:\/\/rioonwatch.org.br\/?p=27259\"},\"wordCount\":1482,\"publisher\":{\"@id\":\"https:\/\/rioonwatch.org.br\/#organization\"},\"image\":{\"@id\":\"https:\/\/rioonwatch.org.br\/?p=27259#primaryimage\"},\"thumbnailUrl\":\"https:\/\/rioonwatch.org.br\/wp-content\/uploads\/2017\/07\/Entrevista_TV_Polonesa_Ramos-1.jpg\",\"keywords\":[\"\u00e1rea de lazer\",\"Ba\u00eda da Guanabara\",\"Barra da Tijuca\",\"Bonsucesso\",\"BRT\",\"Complexo do Alem\u00e3o\",\"Eduardo Paes\",\"espa\u00e7os verdes\",\"Instituto Pereira Passos (IPP)\",\"Lagoa de Jacarepagu\u00e1\",\"Legado Ol\u00edmpico\",\"Leopoldina\",\"Manguinhos\",\"Megaeventos\",\"mito do legado\",\"narrativa midi\u00e1tica\",\"Neglig\u00eancia do Estado\",\"Olaria\",\"Olimp\u00edadas\",\"Parceria P\u00fablico-Privada\",\"Penha\",\"Plano Estrat\u00e9gico\",\"polui\u00e7\u00e3o\",\"prioridades p\u00fablicas equivocadas\",\"Ramos\",\"Rio das Pedras\",\"sa\u00fade\",\"TransCarioca\",\"Zona Norte\",\"Zona Oeste\"],\"articleSection\":[\"#OlhoNaParticipa\u00e7\u00e3o\",\"#OlhoNoLegado\",\"#Rio2016\",\"*Destaque\",\"Den\u00fancias\",\"Transporte\"],\"inLanguage\":\"pt-BR\"},{\"@type\":\"WebPage\",\"@id\":\"https:\/\/rioonwatch.org.br\/?p=27259\",\"url\":\"https:\/\/rioonwatch.org.br\/?p=27259\",\"name\":\"Obras Ol\u00edmpicas e Ramos: Deixado de Lado Sem Espa\u00e7os P\u00fablicos, Cal\u00e7adas, e \u00c1rvores #QueLegado - RioOnWatch\",\"isPartOf\":{\"@id\":\"https:\/\/rioonwatch.org.br\/#website\"},\"primaryImageOfPage\":{\"@id\":\"https:\/\/rioonwatch.org.br\/?p=27259#primaryimage\"},\"image\":{\"@id\":\"https:\/\/rioonwatch.org.br\/?p=27259#primaryimage\"},\"thumbnailUrl\":\"https:\/\/rioonwatch.org.br\/wp-content\/uploads\/2017\/07\/Entrevista_TV_Polonesa_Ramos-1.jpg\",\"datePublished\":\"2017-07-31T11:39:52+00:00\",\"dateModified\":\"2024-06-20T19:24:35+00:00\",\"breadcrumb\":{\"@id\":\"https:\/\/rioonwatch.org.br\/?p=27259#breadcrumb\"},\"inLanguage\":\"pt-BR\",\"potentialAction\":[{\"@type\":\"ReadAction\",\"target\":[\"https:\/\/rioonwatch.org.br\/?p=27259\"]}]},{\"@type\":\"ImageObject\",\"inLanguage\":\"pt-BR\",\"@id\":\"https:\/\/rioonwatch.org.br\/?p=27259#primaryimage\",\"url\":\"https:\/\/rioonwatch.org.br\/wp-content\/uploads\/2017\/07\/Entrevista_TV_Polonesa_Ramos-1.jpg\",\"contentUrl\":\"https:\/\/rioonwatch.org.br\/wp-content\/uploads\/2017\/07\/Entrevista_TV_Polonesa_Ramos-1.jpg\",\"width\":1253,\"height\":699},{\"@type\":\"BreadcrumbList\",\"@id\":\"https:\/\/rioonwatch.org.br\/?p=27259#breadcrumb\",\"itemListElement\":[{\"@type\":\"ListItem\",\"position\":1,\"name\":\"In\u00edcio\",\"item\":\"https:\/\/rioonwatch.org.br\/\"},{\"@type\":\"ListItem\",\"position\":2,\"name\":\"Obras Ol\u00edmpicas e Ramos: Deixado de Lado Sem Espa\u00e7os P\u00fablicos, Cal\u00e7adas, e \u00c1rvores #QueLegado\"}]},{\"@type\":\"WebSite\",\"@id\":\"https:\/\/rioonwatch.org.br\/#website\",\"url\":\"https:\/\/rioonwatch.org.br\/\",\"name\":\"RioOnWatch\",\"description\":\"relatos das favelas cariocas\",\"publisher\":{\"@id\":\"https:\/\/rioonwatch.org.br\/#organization\"},\"potentialAction\":[{\"@type\":\"SearchAction\",\"target\":{\"@type\":\"EntryPoint\",\"urlTemplate\":\"https:\/\/rioonwatch.org.br\/?s={search_term_string}\"},\"query-input\":{\"@type\":\"PropertyValueSpecification\",\"valueRequired\":true,\"valueName\":\"search_term_string\"}}],\"inLanguage\":\"pt-BR\"},{\"@type\":\"Organization\",\"@id\":\"https:\/\/rioonwatch.org.br\/#organization\",\"name\":\"RioOnWatch\",\"url\":\"https:\/\/rioonwatch.org.br\/\",\"logo\":{\"@type\":\"ImageObject\",\"inLanguage\":\"pt-BR\",\"@id\":\"https:\/\/rioonwatch.org.br\/#\/schema\/logo\/image\/\",\"url\":\"https:\/\/rioonwatch.org.br\/wp-content\/uploads\/2021\/06\/RioOnWatchcabecalhoPT11anos-2.png\",\"contentUrl\":\"https:\/\/rioonwatch.org.br\/wp-content\/uploads\/2021\/06\/RioOnWatchcabecalhoPT11anos-2.png\",\"width\":779,\"height\":277,\"caption\":\"RioOnWatch\"},\"image\":{\"@id\":\"https:\/\/rioonwatch.org.br\/#\/schema\/logo\/image\/\"}},{\"@type\":\"Person\",\"@id\":\"https:\/\/rioonwatch.org.br\/#\/schema\/person\/11d64c290506f9df50c71b850c473f68\",\"name\":\"Admin\",\"image\":{\"@type\":\"ImageObject\",\"inLanguage\":\"pt-BR\",\"@id\":\"https:\/\/rioonwatch.org.br\/#\/schema\/person\/image\/\",\"url\":\"https:\/\/secure.gravatar.com\/avatar\/56211ac74568383903349a1485e3c325?s=96&d=blank&r=g\",\"contentUrl\":\"https:\/\/secure.gravatar.com\/avatar\/56211ac74568383903349a1485e3c325?s=96&d=blank&r=g\",\"caption\":\"Admin\"},\"url\":\"https:\/\/rioonwatch.org.br\/?author=129\"}]}<\/script>\n<!-- \/ Yoast SEO plugin. -->","yoast_head_json":{"title":"Obras Ol\u00edmpicas e Ramos: Deixado de Lado Sem Espa\u00e7os P\u00fablicos, Cal\u00e7adas, e \u00c1rvores #QueLegado - RioOnWatch","robots":{"index":"index","follow":"follow","max-snippet":"max-snippet:-1","max-image-preview":"max-image-preview:large","max-video-preview":"max-video-preview:-1"},"canonical":"https:\/\/rioonwatch.org.br\/?p=27259","og_locale":"pt_BR","og_type":"article","og_title":"Obras Ol\u00edmpicas e Ramos: Deixado de Lado Sem Espa\u00e7os P\u00fablicos, Cal\u00e7adas, e \u00c1rvores #QueLegado - RioOnWatch","og_description":"Click Here for English Faz um ano desde que apresentei aqui no RioOnWatch\u00a0uma vis\u00e3o do legado negativo, ou o legado suburbano das Olimp\u00edadas do Rio de Janeiro, e muito se evoluiu nas\u00a0pesquisas sobre o tema, [...]","og_url":"https:\/\/rioonwatch.org.br\/?p=27259","og_site_name":"RioOnWatch","article_published_time":"2017-07-31T11:39:52+00:00","article_modified_time":"2024-06-20T19:24:35+00:00","og_image":[{"width":1253,"height":699,"url":"https:\/\/rioonwatch.org.br\/wp-content\/uploads\/2017\/07\/Entrevista_TV_Polonesa_Ramos-1.jpg","type":"image\/jpeg"}],"author":"Admin","twitter_card":"summary_large_image","twitter_misc":{"Escrito por":"Admin","Est. tempo de leitura":"7 minutos"},"schema":{"@context":"https:\/\/schema.org","@graph":[{"@type":"Article","@id":"https:\/\/rioonwatch.org.br\/?p=27259#article","isPartOf":{"@id":"https:\/\/rioonwatch.org.br\/?p=27259"},"author":{"name":"Admin","@id":"https:\/\/rioonwatch.org.br\/#\/schema\/person\/11d64c290506f9df50c71b850c473f68"},"headline":"Obras Ol\u00edmpicas e Ramos: Deixado de Lado Sem Espa\u00e7os P\u00fablicos, Cal\u00e7adas, e \u00c1rvores #QueLegado","datePublished":"2017-07-31T11:39:52+00:00","dateModified":"2024-06-20T19:24:35+00:00","mainEntityOfPage":{"@id":"https:\/\/rioonwatch.org.br\/?p=27259"},"wordCount":1482,"publisher":{"@id":"https:\/\/rioonwatch.org.br\/#organization"},"image":{"@id":"https:\/\/rioonwatch.org.br\/?p=27259#primaryimage"},"thumbnailUrl":"https:\/\/rioonwatch.org.br\/wp-content\/uploads\/2017\/07\/Entrevista_TV_Polonesa_Ramos-1.jpg","keywords":["\u00e1rea de lazer","Ba\u00eda da Guanabara","Barra da Tijuca","Bonsucesso","BRT","Complexo do Alem\u00e3o","Eduardo Paes","espa\u00e7os verdes","Instituto Pereira Passos (IPP)","Lagoa de Jacarepagu\u00e1","Legado Ol\u00edmpico","Leopoldina","Manguinhos","Megaeventos","mito do legado","narrativa midi\u00e1tica","Neglig\u00eancia do Estado","Olaria","Olimp\u00edadas","Parceria P\u00fablico-Privada","Penha","Plano Estrat\u00e9gico","polui\u00e7\u00e3o","prioridades p\u00fablicas equivocadas","Ramos","Rio das Pedras","sa\u00fade","TransCarioca","Zona Norte","Zona Oeste"],"articleSection":["#OlhoNaParticipa\u00e7\u00e3o","#OlhoNoLegado","#Rio2016","*Destaque","Den\u00fancias","Transporte"],"inLanguage":"pt-BR"},{"@type":"WebPage","@id":"https:\/\/rioonwatch.org.br\/?p=27259","url":"https:\/\/rioonwatch.org.br\/?p=27259","name":"Obras Ol\u00edmpicas e Ramos: Deixado de Lado Sem Espa\u00e7os P\u00fablicos, Cal\u00e7adas, e \u00c1rvores #QueLegado - RioOnWatch","isPartOf":{"@id":"https:\/\/rioonwatch.org.br\/#website"},"primaryImageOfPage":{"@id":"https:\/\/rioonwatch.org.br\/?p=27259#primaryimage"},"image":{"@id":"https:\/\/rioonwatch.org.br\/?p=27259#primaryimage"},"thumbnailUrl":"https:\/\/rioonwatch.org.br\/wp-content\/uploads\/2017\/07\/Entrevista_TV_Polonesa_Ramos-1.jpg","datePublished":"2017-07-31T11:39:52+00:00","dateModified":"2024-06-20T19:24:35+00:00","breadcrumb":{"@id":"https:\/\/rioonwatch.org.br\/?p=27259#breadcrumb"},"inLanguage":"pt-BR","potentialAction":[{"@type":"ReadAction","target":["https:\/\/rioonwatch.org.br\/?p=27259"]}]},{"@type":"ImageObject","inLanguage":"pt-BR","@id":"https:\/\/rioonwatch.org.br\/?p=27259#primaryimage","url":"https:\/\/rioonwatch.org.br\/wp-content\/uploads\/2017\/07\/Entrevista_TV_Polonesa_Ramos-1.jpg","contentUrl":"https:\/\/rioonwatch.org.br\/wp-content\/uploads\/2017\/07\/Entrevista_TV_Polonesa_Ramos-1.jpg","width":1253,"height":699},{"@type":"BreadcrumbList","@id":"https:\/\/rioonwatch.org.br\/?p=27259#breadcrumb","itemListElement":[{"@type":"ListItem","position":1,"name":"In\u00edcio","item":"https:\/\/rioonwatch.org.br\/"},{"@type":"ListItem","position":2,"name":"Obras Ol\u00edmpicas e Ramos: Deixado de Lado Sem Espa\u00e7os P\u00fablicos, Cal\u00e7adas, e \u00c1rvores #QueLegado"}]},{"@type":"WebSite","@id":"https:\/\/rioonwatch.org.br\/#website","url":"https:\/\/rioonwatch.org.br\/","name":"RioOnWatch","description":"relatos das favelas cariocas","publisher":{"@id":"https:\/\/rioonwatch.org.br\/#organization"},"potentialAction":[{"@type":"SearchAction","target":{"@type":"EntryPoint","urlTemplate":"https:\/\/rioonwatch.org.br\/?s={search_term_string}"},"query-input":{"@type":"PropertyValueSpecification","valueRequired":true,"valueName":"search_term_string"}}],"inLanguage":"pt-BR"},{"@type":"Organization","@id":"https:\/\/rioonwatch.org.br\/#organization","name":"RioOnWatch","url":"https:\/\/rioonwatch.org.br\/","logo":{"@type":"ImageObject","inLanguage":"pt-BR","@id":"https:\/\/rioonwatch.org.br\/#\/schema\/logo\/image\/","url":"https:\/\/rioonwatch.org.br\/wp-content\/uploads\/2021\/06\/RioOnWatchcabecalhoPT11anos-2.png","contentUrl":"https:\/\/rioonwatch.org.br\/wp-content\/uploads\/2021\/06\/RioOnWatchcabecalhoPT11anos-2.png","width":779,"height":277,"caption":"RioOnWatch"},"image":{"@id":"https:\/\/rioonwatch.org.br\/#\/schema\/logo\/image\/"}},{"@type":"Person","@id":"https:\/\/rioonwatch.org.br\/#\/schema\/person\/11d64c290506f9df50c71b850c473f68","name":"Admin","image":{"@type":"ImageObject","inLanguage":"pt-BR","@id":"https:\/\/rioonwatch.org.br\/#\/schema\/person\/image\/","url":"https:\/\/secure.gravatar.com\/avatar\/56211ac74568383903349a1485e3c325?s=96&d=blank&r=g","contentUrl":"https:\/\/secure.gravatar.com\/avatar\/56211ac74568383903349a1485e3c325?s=96&d=blank&r=g","caption":"Admin"},"url":"https:\/\/rioonwatch.org.br\/?author=129"}]}},"_links":{"self":[{"href":"https:\/\/rioonwatch.org.br\/index.php?rest_route=\/wp\/v2\/posts\/27259"}],"collection":[{"href":"https:\/\/rioonwatch.org.br\/index.php?rest_route=\/wp\/v2\/posts"}],"about":[{"href":"https:\/\/rioonwatch.org.br\/index.php?rest_route=\/wp\/v2\/types\/post"}],"author":[{"embeddable":true,"href":"https:\/\/rioonwatch.org.br\/index.php?rest_route=\/wp\/v2\/users\/129"}],"replies":[{"embeddable":true,"href":"https:\/\/rioonwatch.org.br\/index.php?rest_route=%2Fwp%2Fv2%2Fcomments&post=27259"}],"version-history":[{"count":47,"href":"https:\/\/rioonwatch.org.br\/index.php?rest_route=\/wp\/v2\/posts\/27259\/revisions"}],"predecessor-version":[{"id":27380,"href":"https:\/\/rioonwatch.org.br\/index.php?rest_route=\/wp\/v2\/posts\/27259\/revisions\/27380"}],"wp:featuredmedia":[{"embeddable":true,"href":"https:\/\/rioonwatch.org.br\/index.php?rest_route=\/wp\/v2\/media\/27272"}],"wp:attachment":[{"href":"https:\/\/rioonwatch.org.br\/index.php?rest_route=%2Fwp%2Fv2%2Fmedia&parent=27259"}],"wp:term":[{"taxonomy":"category","embeddable":true,"href":"https:\/\/rioonwatch.org.br\/index.php?rest_route=%2Fwp%2Fv2%2Fcategories&post=27259"},{"taxonomy":"post_tag","embeddable":true,"href":"https:\/\/rioonwatch.org.br\/index.php?rest_route=%2Fwp%2Fv2%2Ftags&post=27259"},{"taxonomy":"writer","embeddable":true,"href":"https:\/\/rioonwatch.org.br\/index.php?rest_route=%2Fwp%2Fv2%2Fwriter&post=27259"},{"taxonomy":"translator","embeddable":true,"href":"https:\/\/rioonwatch.org.br\/index.php?rest_route=%2Fwp%2Fv2%2Ftranslator&post=27259"},{"taxonomy":"source","embeddable":true,"href":"https:\/\/rioonwatch.org.br\/index.php?rest_route=%2Fwp%2Fv2%2Fsource&post=27259"},{"taxonomy":"ilustrador","embeddable":true,"href":"https:\/\/rioonwatch.org.br\/index.php?rest_route=%2Fwp%2Fv2%2Filustrador&post=27259"},{"taxonomy":"fotografo","embeddable":true,"href":"https:\/\/rioonwatch.org.br\/index.php?rest_route=%2Fwp%2Fv2%2Ffotografo&post=27259"}],"curies":[{"name":"wp","href":"https:\/\/api.w.org\/{rel}","templated":true}]}}