{"id":27416,"date":"2017-10-05T10:16:02","date_gmt":"2017-10-05T13:16:02","guid":{"rendered":"http:\/\/rioonwatch.org.br\/?p=27416"},"modified":"2018-01-24T15:16:13","modified_gmt":"2018-01-24T18:16:13","slug":"prevencao-do-crime-atraves-do-design-ambiental-cpted-nas-favelas-do-rio-uma-introducao","status":"publish","type":"post","link":"https:\/\/rioonwatch.org.br\/?p=27416","title":{"rendered":"Preven\u00e7\u00e3o de Crimes Atrav\u00e9s do Design Ambiental (CPTED) nas Favelas do Rio: Uma Introdu\u00e7\u00e3o"},"content":{"rendered":"<p style=\"text-align: right;\"><em><strong><a href=\"http:\/\/bit.ly\/2ttRJXP\" target=\"_blank\" rel=\"noopener noreferrer\">Click Here for English<img decoding=\"async\" width=\"20\" height=\"20\" class=\"alignright wp-image-15790\" src=\"http:\/\/rioonwatch.org.br\/wp-content\/uploads\/2012\/08\/EN-standard-e1439583104716.jpg\" alt=\"\" \/><\/a><\/strong><\/em><\/p>\n<p><i>Esta \u00e9 a primeira mat\u00e9ria de uma <\/i><a href=\"http:\/\/bit.ly\/2zxm5Ab\" target=\"_blank\" rel=\"noopener\"><i>s\u00e9rie de quatro partes<\/i><\/a><i> sobre a\u00a0<\/i><em>Preven\u00e7\u00e3o de Crimes Atrav\u00e9s do Design Ambiental (CPTED)<\/em>.<\/p>\n<p><span style=\"font-weight: 400;\">As cidades est\u00e3o enfrentando desafios sem precedentes, e em lugar algum isso \u00e9 mais evidente do que nas favelas do Rio de Janeiro. \u00c0 medida que a aten\u00e7\u00e3o do mundo se transferiu para outros lugares, no ano seguinte aos <a href=\"http:\/\/bit.ly\/PkLXlQ\">Jogos Ol\u00edmpicos<\/a> do Rio de 2016, a cidade tem vivenciado uma <a href=\"http:\/\/bit.ly\/2vKbJYY\" target=\"_blank\" rel=\"noopener\">escalada de viol\u00eancia<\/a>. Para os moradores das favelas, parece haver um ciclo insidioso no qual s\u00e3o negligenciadas pelo Estado e criminalizados pela sociedade, deixando suas comunidades como alvos f\u00e1ceis para o crime organizado, o que, por sua vez, produz um <a href=\"http:\/\/bit.ly\/P4itK0\" target=\"_blank\" rel=\"noopener\">estigma<\/a> usado para justificar a <a href=\"http:\/\/bit.ly\/2uWw9j8\" target=\"_blank\" rel=\"noopener\">neglig\u00eancia cont\u00ednua, por um lado, e a repress\u00e3o, por outro<\/a>.<\/span><\/p>\n<p><span style=\"font-weight: 400;\">O contexto dominante do Rio de hoje \u00e9, portanto, uma situa\u00e7\u00e3o de <a href=\"http:\/\/bit.ly\/1K8LVUg\" target=\"_blank\" rel=\"noopener\">neglig\u00eancia<\/a> e <a href=\"http:\/\/bit.ly\/R5ueio\" target=\"_blank\" rel=\"noopener\">repress\u00e3o do Estado<\/a> como pol\u00edticas para as favelas, o que apenas aumenta a <a href=\"http:\/\/bit.ly\/1zLJ2W9\" target=\"_blank\" rel=\"noopener\">inseguran\u00e7a<\/a> e o perigo para moradores e cidad\u00e3os em geral. Essa realidade produz uma sensa\u00e7\u00e3o de desesperan\u00e7a, que somente alimenta o desespero e, provavelmente, o crime. Alguma coisa pode ser feita?<\/span><\/p>\n<p><span style=\"font-weight: 400;\">Essas quest\u00f5es foram colocadas no contexto dos Estados Unidos por cidad\u00e3os-ativistas na d\u00e9cada de 1960<\/span><span style=\"font-weight: 400;\">. <\/span><span style=\"font-weight: 400;\"><a href=\"http:\/\/bit.ly\/2wRwIJu\" target=\"_blank\" rel=\"noopener\">Jane Jacobs<\/a> est\u00e1 entre as mais conhecidas ativistas, e ela ajudou a criar um movimento de base contra a renova\u00e7\u00e3o urbana e a limpeza social.<\/span> <span style=\"font-weight: 400;\">O princ\u00edpio em torno do qual <a href=\"http:\/\/bit.ly\/2sg4wwt\" target=\"_blank\" rel=\"noopener\">planejadores defensores<\/a>\u00a0(advocacy planners) e ativistas-cidad\u00e3os atuavam era que, num contexto de <a href=\"http:\/\/bit.ly\/1owRf9p\" target=\"_blank\" rel=\"noopener\">desigualdade<\/a> e viol\u00eancia, os planejadores urbanos deveriam buscar <a href=\"http:\/\/bit.ly\/1rOePGu\" target=\"_blank\" rel=\"noopener\">mecanismos de empoderamento<\/a> dos moradores, que lhes permitissem resistir \u00e0s press\u00f5es do desenvolvimento, exigir melhorias comunit\u00e1rias necess\u00e1rias e aproveitar esses benef\u00edcios no futuro.<\/span><\/p>\n<p><span style=\"font-weight: 400;\">Uma ferramenta de planejamento desenvolvida nesse per\u00edodo se chama\u00a0<a href=\"http:\/\/bit.ly\/2yJJpGE\" target=\"_blank\" rel=\"noopener\">Preven\u00e7\u00e3o de Crimes atrav\u00e9s do Design Ambiental<\/a> ou <a href=\"http:\/\/bit.ly\/2u0izZb\" target=\"_blank\" rel=\"noopener\">CPTED<\/a>. O CPTED surgiu na d\u00e9cada de 1960 como um m\u00e9todo de cria\u00e7\u00e3o de comunidades mais seguras, atrav\u00e9s de planejamento de base e interven\u00e7\u00f5es de design, como melhor ilumina\u00e7\u00e3o, remo\u00e7\u00e3o adequada de lixo e promo\u00e7\u00e3o de um senso de propriedade que facilite a vigil\u00e2ncia de espa\u00e7os p\u00fablicos pelos moradores. O conceito come\u00e7ou com a no\u00e7\u00e3o de <a href=\"http:\/\/bit.ly\/2fjTtjI\" target=\"_blank\" rel=\"noopener\">Jane Jacobs<\/a> da efic\u00e1cia de estabelecer &#8220;olhos na rua&#8221;.<\/span><\/p>\n<p><span style=\"font-weight: 400;\">Nas \u00faltimas d\u00e9cadas, entretanto, o CPTED passou a representar uma teoria obscura e inacess\u00edvel, usada por especialistas em seguran\u00e7a e policiamento. Em vez de promover a seguran\u00e7a e a vitalidade dentro das comunidades, os cr\u00edticos apontaram para o uso excessivo de c\u00e2meras de vigil\u00e2ncia, cercas, port\u00f5es, alarmes e guardas de seguran\u00e7a, que isolam os moradores e reduzem as oportunidades para interagir, bem como intervir e impedir o crime.<\/span><\/p>\n<p><a href=\"http:\/\/rioonwatch.org.br\/wp-content\/uploads\/2017\/08\/Security-in-Asa-Branca.jpg\"><img fetchpriority=\"high\" decoding=\"async\" class=\"aligncenter wp-image-27722 size-content\" title=\"Iniciativa de seguran\u00e7a comunit\u00e1ria. Foto de Phie van Rompu\" src=\"http:\/\/rioonwatch.org.br\/wp-content\/uploads\/2017\/08\/Security-in-Asa-Branca-620x264.jpg\" alt=\"\" width=\"620\" height=\"264\" srcset=\"https:\/\/rioonwatch.org.br\/wp-content\/uploads\/2017\/08\/Security-in-Asa-Branca-620x264.jpg 620w, https:\/\/rioonwatch.org.br\/wp-content\/uploads\/2017\/08\/Security-in-Asa-Branca-940x400.jpg 940w\" sizes=\"(max-width: 620px) 100vw, 620px\" \/><\/a><\/p>\n<p><span style=\"font-weight: 400;\">Recentemente, os planejadores urbanos procuraram reverter essa tend\u00eancia, retornando \u00e0s ra\u00edzes do CPTED, <a href=\"http:\/\/bit.ly\/2sSRcl6\" target=\"_blank\" rel=\"noopener\">defendendo<\/a> uma maior \u00eanfase no uso de suas t\u00e9cnicas para melhorar a conex\u00e3o e programa\u00e7\u00e3o social, em vez de se concentrar apenas em aspectos f\u00edsicos do meio ambiente. Assim, ao inv\u00e9s de confiar apenas no uso de port\u00f5es, alarmes e outros dispositivos para aumentar o controle sobre o espa\u00e7o, o CPTED tem o potencial de usar design e programa\u00e7\u00e3o para aumentar a apropria\u00e7\u00e3o do espa\u00e7o e a conex\u00e3o entre os moradores, o que leva \u00e0 maior seguran\u00e7a.<\/span><\/p>\n<p><span style=\"font-weight: 400;\">Embora n\u00e3o seja conhecido como tal, o CPTED j\u00e1 \u00e9 amplamente aplicado nas favelas do Rio de Janeiro, particularmente em comunidades que mant\u00eam com sucesso a seguran\u00e7a ou resistem aos conflitos. Moradores da <a href=\"http:\/\/bit.ly\/UKOXUX\" target=\"_blank\" rel=\"noopener\">Asa Branca<\/a>, uma favela de tamanho m\u00e9dio no bairro Curicica do Rio de Janeiro, <a href=\"http:\/\/bit.ly\/2bu6FAD\" target=\"_blank\" rel=\"noopener\">perto do Parque Ol\u00edmpico<\/a>, mantiveram a comunidade livre de ocupa\u00e7\u00e3o por narcotraficantes ou mil\u00edcias, atrav\u00e9s de uma combina\u00e7\u00e3o de interven\u00e7\u00f5es f\u00edsicas, como ruas perpendiculares \u00e0 rua principal sem sa\u00eddas adicionais ou vielas (tornando impratic\u00e1veis esconderijos e rotas de fugas) e <a href=\"http:\/\/bit.ly\/1NHYYky\" target=\"_blank\" rel=\"noopener\">interven\u00e7\u00f5es sociais<\/a>, como eventos regulares que re\u00fanem moradores. Eventos incluindo competi\u00e7\u00f5es de futebol da comunidade, desfiles de carnaval,\u00a0<\/span><span style=\"font-weight: 400;\">festas, churrascos e muito mais, est\u00e3o constantemente em andamento.<\/span><\/p>\n<p><a href=\"http:\/\/rioonwatch.org.br\/wp-content\/uploads\/2017\/08\/Webp.net-resizeimage-1.jpg\"><img decoding=\"async\" class=\"aligncenter wp-image-27724 size-content\" title=\"Asa Branca\" src=\"http:\/\/rioonwatch.org.br\/wp-content\/uploads\/2017\/08\/Webp.net-resizeimage-1-620x264.jpg\" alt=\"\" width=\"620\" height=\"264\" srcset=\"https:\/\/rioonwatch.org.br\/wp-content\/uploads\/2017\/08\/Webp.net-resizeimage-1-620x264.jpg 620w, https:\/\/rioonwatch.org.br\/wp-content\/uploads\/2017\/08\/Webp.net-resizeimage-1-940x400.jpg 940w\" sizes=\"(max-width: 620px) 100vw, 620px\" \/><\/a><\/p>\n<p><span style=\"font-weight: 400;\">Enfatizar os aspectos sociais do CPTED tem o potencial de armar moradores com uma nova ferramenta para enfrentar a viol\u00eancia e a desigualdade dentro das comunidades. Poderia ser usada como parte de um modelo de planejamento inclusivo, que aumenta a vigil\u00e2ncia pelos pr\u00f3prios moradores, ao inv\u00e9s da <a href=\"http:\/\/bit.ly\/2to5Y51\" target=\"_blank\" rel=\"noopener\">presen\u00e7a policial imposta pelo Estado, o que no Rio \u00e9 frequentemente contraproducente<\/a>. As t\u00e9cnicas CPTED que criam espa\u00e7os p\u00fablicos compartilhados e programa\u00e7\u00e3o complementar tamb\u00e9m podem aumentar a conex\u00e3o e a solidariedade entre os moradores, fortalecendo sua capacidade de prevenir problemas antes que surgem ou enfrent\u00e1-los \u00e0 medida que surgem.<\/span><\/p>\n<p><span style=\"font-weight: 400;\">Essa \u00e9 a postura adotada pela <a href=\"http:\/\/bit.ly\/1NbnQ2C\" target=\"_blank\" rel=\"noopener\">Associa\u00e7\u00e3o de Moradores<\/a>\u00a0da <a href=\"http:\/\/bit.ly\/110zVNZ\" target=\"_blank\" rel=\"noopener\">Babil\u00f4nia<\/a>, em resposta a uma recente renova\u00e7\u00e3o da viol\u00eancia na comunidade: os moradores est\u00e3o planejando interven\u00e7\u00f5es em quatro pra\u00e7as comunit\u00e1rias, com o prop\u00f3sito de obter mais &#8220;olhos na rua&#8221;, atrav\u00e9s de novas oportunidades sociais.<\/span><\/p>\n<p><span style=\"font-weight: 400;\">Por mais promissor que seja o CPTED, no entanto, existe o risco de exagerar o impacto que pode ter na preven\u00e7\u00e3o da criminalidade, ao encobrir as desigualdades que est\u00e3o na raiz do crime e da viol\u00eancia<\/span><span style=\"font-weight: 400;\">. <\/span><span style=\"font-weight: 400;\">No contexto espec\u00edfico do Rio de Janeiro, grande parte do desafio decorre da desigualdade, algo que n\u00e3o pode ser abordado apenas pelo design. A <a href=\"http:\/\/bit.ly\/2xRFkj2\" target=\"_blank\" rel=\"noopener\">desigualdade severa<\/a> no Rio pode ser vista no <a href=\"http:\/\/bit.ly\/2rIKEpK\" target=\"_blank\" rel=\"noopener\">sistema educacional<\/a> muito injusto em <a href=\"http:\/\/bit.ly\/2kMXvQK\" target=\"_blank\" rel=\"noopener\">todos os n\u00edveis<\/a>, na <a href=\"http:\/\/bit.ly\/2buISj2\" target=\"_blank\" rel=\"noopener\">criminaliza\u00e7\u00e3o<\/a> dos moradores de baixa renda e dos <a href=\"http:\/\/bit.ly\/2qaffsX\" target=\"_blank\" rel=\"noopener\">sem-teto<\/a>, bem como no <a href=\"https:\/\/tgam.ca\/2ssJyOc\" target=\"_blank\" rel=\"noopener\">racismo<\/a>, que contribuem para uma escassez de oportunidades para a popula\u00e7\u00e3o impactada, sendo alguns consequentemente atra\u00eddos para o crime.<\/span><\/p>\n<p><span style=\"font-weight: 400;\">O CPTED deve ser usado como uma ferramenta complementar para outras reformas muito necess\u00e1rias, mas sua promessa reside no fato de que pode proporcionar aos moradores o <a href=\"http:\/\/bit.ly\/1rOePGu\" target=\"_blank\" rel=\"noopener\">controle sobre o planejamento urbano da comunidade<\/a> e o apoio aos <a href=\"http:\/\/bit.ly\/1yiwr0i\" target=\"_blank\" rel=\"noopener\">esfor\u00e7os de governan\u00e7a comunit\u00e1ria<\/a>. Ao projetar e criar seus pr\u00f3prios espa\u00e7os, os moradores est\u00e3o em uma posi\u00e7\u00e3o mais forte para exigir certos servi\u00e7os municipais&#8211;como melhor ilumina\u00e7\u00e3o e servi\u00e7os de coleta de lixo&#8211;ao mesmo tempo em que reivindicam maior dom\u00ednio sobre a comunidade, atrav\u00e9s da programa\u00e7\u00e3o e uso de seus espa\u00e7os p\u00fablicos.<\/span><\/p>\n<p><span style=\"font-weight: 400;\">Para l\u00edderes comunit\u00e1rios e planejadores urbanos que procuram usar o design para melhorar \u00e1reas que enfrentam injusti\u00e7a e conflitos, o objetivo principal \u00e9 sempre aumentar a conex\u00e3o e o senso de comunidade. O CPTED tem o potencial de reunir os membros da comunidade de forma a promover o conhecimento sobre planejamento, a apropria\u00e7\u00e3o do espa\u00e7o e a seguran\u00e7a. \u00c0 medida que os moradores implementam programas e disponibilizam mais espa\u00e7os para a intera\u00e7\u00e3o da comunidade, h\u00e1 um maior potencial para comunidades mais fortes, mais seguras e mais resilientes.<\/span><\/p>\n<p><i>Esta \u00e9 a primeira mat\u00e9ria de uma <\/i><a href=\"http:\/\/bit.ly\/2zxm5Ab\" target=\"_blank\" rel=\"noopener\"><i>s\u00e9rie de quatro partes<\/i><\/a><i> sobre a\u00a0<\/i><em>Preven\u00e7\u00e3o de Crimes Atrav\u00e9s do Design Ambiental (CPTED)<\/em>.<\/p>\n<p><em>Mayu Takeda \u00e9 mestranda em planejamento urbano na Harvard Graduate School of Design.<\/em><\/p>\n<!-- AddThis Advanced Settings generic via filter on the_content --><!-- AddThis Share Buttons generic via filter on the_content -->","protected":false},"excerpt":{"rendered":"<div class=\"mh-excerpt\"><p>Click Here for English Esta \u00e9 a primeira mat\u00e9ria de uma s\u00e9rie de quatro partes sobre a\u00a0Preven\u00e7\u00e3o de Crimes Atrav\u00e9s do Design Ambiental (CPTED). As cidades est\u00e3o enfrentando desafios sem precedentes, e em lugar algum <a class=\"mh-excerpt-more\" href=\"https:\/\/rioonwatch.org.br\/?p=27416\" title=\"Preven\u00e7\u00e3o de Crimes Atrav\u00e9s do Design Ambiental (CPTED) nas Favelas do Rio: Uma Introdu\u00e7\u00e3o\">[&#8230;]<\/a><!-- AddThis Advanced Settings generic via filter on get_the_excerpt --><!-- AddThis Share Buttons generic via filter on get_the_excerpt --><\/p>\n<\/div>","protected":false},"author":129,"featured_media":27717,"comment_status":"closed","ping_status":"closed","sticky":false,"template":"","format":"standard","meta":{"_acf_changed":false,"_monsterinsights_skip_tracking":false,"_monsterinsights_sitenote_active":false,"_monsterinsights_sitenote_note":"","_monsterinsights_sitenote_category":0,"footnotes":""},"categories":[1626,1616,1612,342],"tags":[321,655,837,2226,446,528,708,276,358,949,812,279,672,2236,476,184,383],"writer":[2225],"translator":[1491],"source":[],"ilustrador":[],"fotografo":[],"class_list":{"0":"post-27416","1":"post","2":"type-post","3":"status-publish","4":"format-standard","5":"has-post-thumbnail","7":"category-por-observadores-internacionais","8":"category-qualidades-da-favela","9":"category-sociedade-civil","10":"category-solucoes","11":"tag-asa-branca","12":"tag-associacao-de-moradores","13":"tag-auto-planejamento","14":"tag-cpted","15":"tag-curicica","16":"tag-design-da-favela","17":"tag-morro-da-babilonia","18":"tag-mutirao","19":"tag-organizacao-comunitaria","20":"tag-planejamento-comunitario","21":"tag-planejamento-urbano","22":"tag-seguranca","23":"tag-seguranca-publica","24":"tag-serie-cpted","25":"tag-solucao-comunitaria","26":"tag-zona-oeste","27":"tag-zona-sul","28":"writer-mayu-takeda","29":"translator-patricia-gomes"},"acf":[],"yoast_head":"<!-- This site is optimized with the Yoast SEO plugin v25.6 - https:\/\/yoast.com\/wordpress\/plugins\/seo\/ -->\n<title>Preven\u00e7\u00e3o de Crimes Atrav\u00e9s do Design Ambiental (CPTED) nas Favelas do Rio: Uma Introdu\u00e7\u00e3o - RioOnWatch<\/title>\n<meta name=\"robots\" content=\"index, follow, max-snippet:-1, max-image-preview:large, max-video-preview:-1\" \/>\n<link rel=\"canonical\" href=\"https:\/\/rioonwatch.org.br\/?p=27416\" \/>\n<meta property=\"og:locale\" content=\"pt_BR\" \/>\n<meta property=\"og:type\" content=\"article\" \/>\n<meta property=\"og:title\" content=\"Preven\u00e7\u00e3o de Crimes Atrav\u00e9s do Design Ambiental (CPTED) nas Favelas do Rio: Uma Introdu\u00e7\u00e3o - RioOnWatch\" \/>\n<meta property=\"og:description\" content=\"Click Here for English Esta \u00e9 a primeira mat\u00e9ria de uma s\u00e9rie de quatro partes sobre a\u00a0Preven\u00e7\u00e3o de Crimes Atrav\u00e9s do Design Ambiental (CPTED). As cidades est\u00e3o enfrentando desafios sem precedentes, e em lugar algum [...]\" \/>\n<meta property=\"og:url\" content=\"https:\/\/rioonwatch.org.br\/?p=27416\" \/>\n<meta property=\"og:site_name\" content=\"RioOnWatch\" \/>\n<meta property=\"article:published_time\" content=\"2017-10-05T13:16:02+00:00\" \/>\n<meta property=\"article:modified_time\" content=\"2018-01-24T18:16:13+00:00\" \/>\n<meta property=\"og:image\" content=\"https:\/\/rioonwatch.org.br\/wp-content\/uploads\/2017\/08\/Webp.net-resizeimage-839x629.jpg\" \/>\n\t<meta property=\"og:image:width\" content=\"839\" \/>\n\t<meta property=\"og:image:height\" content=\"629\" \/>\n\t<meta property=\"og:image:type\" content=\"image\/jpeg\" \/>\n<meta name=\"author\" content=\"Admin\" \/>\n<meta name=\"twitter:card\" content=\"summary_large_image\" \/>\n<meta name=\"twitter:label1\" content=\"Escrito por\" \/>\n\t<meta name=\"twitter:data1\" content=\"Admin\" \/>\n\t<meta name=\"twitter:label2\" content=\"Est. tempo de leitura\" \/>\n\t<meta name=\"twitter:data2\" content=\"6 minutos\" \/>\n<script type=\"application\/ld+json\" class=\"yoast-schema-graph\">{\"@context\":\"https:\/\/schema.org\",\"@graph\":[{\"@type\":\"Article\",\"@id\":\"https:\/\/rioonwatch.org.br\/?p=27416#article\",\"isPartOf\":{\"@id\":\"https:\/\/rioonwatch.org.br\/?p=27416\"},\"author\":{\"name\":\"Admin\",\"@id\":\"https:\/\/rioonwatch.org.br\/#\/schema\/person\/11d64c290506f9df50c71b850c473f68\"},\"headline\":\"Preven\u00e7\u00e3o de Crimes Atrav\u00e9s do Design Ambiental (CPTED) nas Favelas do Rio: Uma Introdu\u00e7\u00e3o\",\"datePublished\":\"2017-10-05T13:16:02+00:00\",\"dateModified\":\"2018-01-24T18:16:13+00:00\",\"mainEntityOfPage\":{\"@id\":\"https:\/\/rioonwatch.org.br\/?p=27416\"},\"wordCount\":1238,\"publisher\":{\"@id\":\"https:\/\/rioonwatch.org.br\/#organization\"},\"image\":{\"@id\":\"https:\/\/rioonwatch.org.br\/?p=27416#primaryimage\"},\"thumbnailUrl\":\"https:\/\/rioonwatch.org.br\/wp-content\/uploads\/2017\/08\/Webp.net-resizeimage.jpg\",\"keywords\":[\"Asa Branca\",\"Associa\u00e7\u00e3o de Moradores\",\"auto-planejamento\",\"CPTED\",\"Curicica\",\"design da favela\",\"Morro da Babil\u00f4nia\",\"mutir\u00e3o\",\"organiza\u00e7\u00e3o comunit\u00e1ria\",\"planejamento comunit\u00e1rio\",\"planejamento urbano\",\"seguran\u00e7a\",\"seguran\u00e7a p\u00fablica\",\"S\u00e9rie: CPTED\",\"solu\u00e7\u00e3o comunit\u00e1ria\",\"Zona Oeste\",\"Zona Sul\"],\"articleSection\":[\"Escrito por Aliados\",\"Qualidades da Favela\",\"Sociedade Civil\",\"Solu\u00e7\u00f5es\"],\"inLanguage\":\"pt-BR\"},{\"@type\":\"WebPage\",\"@id\":\"https:\/\/rioonwatch.org.br\/?p=27416\",\"url\":\"https:\/\/rioonwatch.org.br\/?p=27416\",\"name\":\"Preven\u00e7\u00e3o de Crimes Atrav\u00e9s do Design Ambiental (CPTED) nas Favelas do Rio: Uma Introdu\u00e7\u00e3o - RioOnWatch\",\"isPartOf\":{\"@id\":\"https:\/\/rioonwatch.org.br\/#website\"},\"primaryImageOfPage\":{\"@id\":\"https:\/\/rioonwatch.org.br\/?p=27416#primaryimage\"},\"image\":{\"@id\":\"https:\/\/rioonwatch.org.br\/?p=27416#primaryimage\"},\"thumbnailUrl\":\"https:\/\/rioonwatch.org.br\/wp-content\/uploads\/2017\/08\/Webp.net-resizeimage.jpg\",\"datePublished\":\"2017-10-05T13:16:02+00:00\",\"dateModified\":\"2018-01-24T18:16:13+00:00\",\"breadcrumb\":{\"@id\":\"https:\/\/rioonwatch.org.br\/?p=27416#breadcrumb\"},\"inLanguage\":\"pt-BR\",\"potentialAction\":[{\"@type\":\"ReadAction\",\"target\":[\"https:\/\/rioonwatch.org.br\/?p=27416\"]}]},{\"@type\":\"ImageObject\",\"inLanguage\":\"pt-BR\",\"@id\":\"https:\/\/rioonwatch.org.br\/?p=27416#primaryimage\",\"url\":\"https:\/\/rioonwatch.org.br\/wp-content\/uploads\/2017\/08\/Webp.net-resizeimage.jpg\",\"contentUrl\":\"https:\/\/rioonwatch.org.br\/wp-content\/uploads\/2017\/08\/Webp.net-resizeimage.jpg\",\"width\":1536,\"height\":1152},{\"@type\":\"BreadcrumbList\",\"@id\":\"https:\/\/rioonwatch.org.br\/?p=27416#breadcrumb\",\"itemListElement\":[{\"@type\":\"ListItem\",\"position\":1,\"name\":\"In\u00edcio\",\"item\":\"https:\/\/rioonwatch.org.br\/\"},{\"@type\":\"ListItem\",\"position\":2,\"name\":\"Preven\u00e7\u00e3o de Crimes Atrav\u00e9s do Design Ambiental (CPTED) nas Favelas do Rio: Uma Introdu\u00e7\u00e3o\"}]},{\"@type\":\"WebSite\",\"@id\":\"https:\/\/rioonwatch.org.br\/#website\",\"url\":\"https:\/\/rioonwatch.org.br\/\",\"name\":\"RioOnWatch\",\"description\":\"relatos das favelas cariocas\",\"publisher\":{\"@id\":\"https:\/\/rioonwatch.org.br\/#organization\"},\"potentialAction\":[{\"@type\":\"SearchAction\",\"target\":{\"@type\":\"EntryPoint\",\"urlTemplate\":\"https:\/\/rioonwatch.org.br\/?s={search_term_string}\"},\"query-input\":{\"@type\":\"PropertyValueSpecification\",\"valueRequired\":true,\"valueName\":\"search_term_string\"}}],\"inLanguage\":\"pt-BR\"},{\"@type\":\"Organization\",\"@id\":\"https:\/\/rioonwatch.org.br\/#organization\",\"name\":\"RioOnWatch\",\"url\":\"https:\/\/rioonwatch.org.br\/\",\"logo\":{\"@type\":\"ImageObject\",\"inLanguage\":\"pt-BR\",\"@id\":\"https:\/\/rioonwatch.org.br\/#\/schema\/logo\/image\/\",\"url\":\"https:\/\/rioonwatch.org.br\/wp-content\/uploads\/2021\/06\/RioOnWatchcabecalhoPT11anos-2.png\",\"contentUrl\":\"https:\/\/rioonwatch.org.br\/wp-content\/uploads\/2021\/06\/RioOnWatchcabecalhoPT11anos-2.png\",\"width\":779,\"height\":277,\"caption\":\"RioOnWatch\"},\"image\":{\"@id\":\"https:\/\/rioonwatch.org.br\/#\/schema\/logo\/image\/\"}},{\"@type\":\"Person\",\"@id\":\"https:\/\/rioonwatch.org.br\/#\/schema\/person\/11d64c290506f9df50c71b850c473f68\",\"name\":\"Admin\",\"image\":{\"@type\":\"ImageObject\",\"inLanguage\":\"pt-BR\",\"@id\":\"https:\/\/rioonwatch.org.br\/#\/schema\/person\/image\/\",\"url\":\"https:\/\/secure.gravatar.com\/avatar\/56211ac74568383903349a1485e3c325?s=96&d=blank&r=g\",\"contentUrl\":\"https:\/\/secure.gravatar.com\/avatar\/56211ac74568383903349a1485e3c325?s=96&d=blank&r=g\",\"caption\":\"Admin\"},\"url\":\"https:\/\/rioonwatch.org.br\/?author=129\"}]}<\/script>\n<!-- \/ Yoast SEO plugin. -->","yoast_head_json":{"title":"Preven\u00e7\u00e3o de Crimes Atrav\u00e9s do Design Ambiental (CPTED) nas Favelas do Rio: Uma Introdu\u00e7\u00e3o - RioOnWatch","robots":{"index":"index","follow":"follow","max-snippet":"max-snippet:-1","max-image-preview":"max-image-preview:large","max-video-preview":"max-video-preview:-1"},"canonical":"https:\/\/rioonwatch.org.br\/?p=27416","og_locale":"pt_BR","og_type":"article","og_title":"Preven\u00e7\u00e3o de Crimes Atrav\u00e9s do Design Ambiental (CPTED) nas Favelas do Rio: Uma Introdu\u00e7\u00e3o - RioOnWatch","og_description":"Click Here for English Esta \u00e9 a primeira mat\u00e9ria de uma s\u00e9rie de quatro partes sobre a\u00a0Preven\u00e7\u00e3o de Crimes Atrav\u00e9s do Design Ambiental (CPTED). As cidades est\u00e3o enfrentando desafios sem precedentes, e em lugar algum [...]","og_url":"https:\/\/rioonwatch.org.br\/?p=27416","og_site_name":"RioOnWatch","article_published_time":"2017-10-05T13:16:02+00:00","article_modified_time":"2018-01-24T18:16:13+00:00","og_image":[{"width":839,"height":629,"url":"https:\/\/rioonwatch.org.br\/wp-content\/uploads\/2017\/08\/Webp.net-resizeimage-839x629.jpg","type":"image\/jpeg"}],"author":"Admin","twitter_card":"summary_large_image","twitter_misc":{"Escrito por":"Admin","Est. tempo de leitura":"6 minutos"},"schema":{"@context":"https:\/\/schema.org","@graph":[{"@type":"Article","@id":"https:\/\/rioonwatch.org.br\/?p=27416#article","isPartOf":{"@id":"https:\/\/rioonwatch.org.br\/?p=27416"},"author":{"name":"Admin","@id":"https:\/\/rioonwatch.org.br\/#\/schema\/person\/11d64c290506f9df50c71b850c473f68"},"headline":"Preven\u00e7\u00e3o de Crimes Atrav\u00e9s do Design Ambiental (CPTED) nas Favelas do Rio: Uma Introdu\u00e7\u00e3o","datePublished":"2017-10-05T13:16:02+00:00","dateModified":"2018-01-24T18:16:13+00:00","mainEntityOfPage":{"@id":"https:\/\/rioonwatch.org.br\/?p=27416"},"wordCount":1238,"publisher":{"@id":"https:\/\/rioonwatch.org.br\/#organization"},"image":{"@id":"https:\/\/rioonwatch.org.br\/?p=27416#primaryimage"},"thumbnailUrl":"https:\/\/rioonwatch.org.br\/wp-content\/uploads\/2017\/08\/Webp.net-resizeimage.jpg","keywords":["Asa Branca","Associa\u00e7\u00e3o de Moradores","auto-planejamento","CPTED","Curicica","design da favela","Morro da Babil\u00f4nia","mutir\u00e3o","organiza\u00e7\u00e3o comunit\u00e1ria","planejamento comunit\u00e1rio","planejamento urbano","seguran\u00e7a","seguran\u00e7a p\u00fablica","S\u00e9rie: CPTED","solu\u00e7\u00e3o comunit\u00e1ria","Zona Oeste","Zona Sul"],"articleSection":["Escrito por Aliados","Qualidades da Favela","Sociedade Civil","Solu\u00e7\u00f5es"],"inLanguage":"pt-BR"},{"@type":"WebPage","@id":"https:\/\/rioonwatch.org.br\/?p=27416","url":"https:\/\/rioonwatch.org.br\/?p=27416","name":"Preven\u00e7\u00e3o de Crimes Atrav\u00e9s do Design Ambiental (CPTED) nas Favelas do Rio: Uma Introdu\u00e7\u00e3o - RioOnWatch","isPartOf":{"@id":"https:\/\/rioonwatch.org.br\/#website"},"primaryImageOfPage":{"@id":"https:\/\/rioonwatch.org.br\/?p=27416#primaryimage"},"image":{"@id":"https:\/\/rioonwatch.org.br\/?p=27416#primaryimage"},"thumbnailUrl":"https:\/\/rioonwatch.org.br\/wp-content\/uploads\/2017\/08\/Webp.net-resizeimage.jpg","datePublished":"2017-10-05T13:16:02+00:00","dateModified":"2018-01-24T18:16:13+00:00","breadcrumb":{"@id":"https:\/\/rioonwatch.org.br\/?p=27416#breadcrumb"},"inLanguage":"pt-BR","potentialAction":[{"@type":"ReadAction","target":["https:\/\/rioonwatch.org.br\/?p=27416"]}]},{"@type":"ImageObject","inLanguage":"pt-BR","@id":"https:\/\/rioonwatch.org.br\/?p=27416#primaryimage","url":"https:\/\/rioonwatch.org.br\/wp-content\/uploads\/2017\/08\/Webp.net-resizeimage.jpg","contentUrl":"https:\/\/rioonwatch.org.br\/wp-content\/uploads\/2017\/08\/Webp.net-resizeimage.jpg","width":1536,"height":1152},{"@type":"BreadcrumbList","@id":"https:\/\/rioonwatch.org.br\/?p=27416#breadcrumb","itemListElement":[{"@type":"ListItem","position":1,"name":"In\u00edcio","item":"https:\/\/rioonwatch.org.br\/"},{"@type":"ListItem","position":2,"name":"Preven\u00e7\u00e3o de Crimes Atrav\u00e9s do Design Ambiental (CPTED) nas Favelas do Rio: Uma Introdu\u00e7\u00e3o"}]},{"@type":"WebSite","@id":"https:\/\/rioonwatch.org.br\/#website","url":"https:\/\/rioonwatch.org.br\/","name":"RioOnWatch","description":"relatos das favelas cariocas","publisher":{"@id":"https:\/\/rioonwatch.org.br\/#organization"},"potentialAction":[{"@type":"SearchAction","target":{"@type":"EntryPoint","urlTemplate":"https:\/\/rioonwatch.org.br\/?s={search_term_string}"},"query-input":{"@type":"PropertyValueSpecification","valueRequired":true,"valueName":"search_term_string"}}],"inLanguage":"pt-BR"},{"@type":"Organization","@id":"https:\/\/rioonwatch.org.br\/#organization","name":"RioOnWatch","url":"https:\/\/rioonwatch.org.br\/","logo":{"@type":"ImageObject","inLanguage":"pt-BR","@id":"https:\/\/rioonwatch.org.br\/#\/schema\/logo\/image\/","url":"https:\/\/rioonwatch.org.br\/wp-content\/uploads\/2021\/06\/RioOnWatchcabecalhoPT11anos-2.png","contentUrl":"https:\/\/rioonwatch.org.br\/wp-content\/uploads\/2021\/06\/RioOnWatchcabecalhoPT11anos-2.png","width":779,"height":277,"caption":"RioOnWatch"},"image":{"@id":"https:\/\/rioonwatch.org.br\/#\/schema\/logo\/image\/"}},{"@type":"Person","@id":"https:\/\/rioonwatch.org.br\/#\/schema\/person\/11d64c290506f9df50c71b850c473f68","name":"Admin","image":{"@type":"ImageObject","inLanguage":"pt-BR","@id":"https:\/\/rioonwatch.org.br\/#\/schema\/person\/image\/","url":"https:\/\/secure.gravatar.com\/avatar\/56211ac74568383903349a1485e3c325?s=96&d=blank&r=g","contentUrl":"https:\/\/secure.gravatar.com\/avatar\/56211ac74568383903349a1485e3c325?s=96&d=blank&r=g","caption":"Admin"},"url":"https:\/\/rioonwatch.org.br\/?author=129"}]}},"_links":{"self":[{"href":"https:\/\/rioonwatch.org.br\/index.php?rest_route=\/wp\/v2\/posts\/27416"}],"collection":[{"href":"https:\/\/rioonwatch.org.br\/index.php?rest_route=\/wp\/v2\/posts"}],"about":[{"href":"https:\/\/rioonwatch.org.br\/index.php?rest_route=\/wp\/v2\/types\/post"}],"author":[{"embeddable":true,"href":"https:\/\/rioonwatch.org.br\/index.php?rest_route=\/wp\/v2\/users\/129"}],"replies":[{"embeddable":true,"href":"https:\/\/rioonwatch.org.br\/index.php?rest_route=%2Fwp%2Fv2%2Fcomments&post=27416"}],"version-history":[{"count":18,"href":"https:\/\/rioonwatch.org.br\/index.php?rest_route=\/wp\/v2\/posts\/27416\/revisions"}],"predecessor-version":[{"id":30873,"href":"https:\/\/rioonwatch.org.br\/index.php?rest_route=\/wp\/v2\/posts\/27416\/revisions\/30873"}],"wp:featuredmedia":[{"embeddable":true,"href":"https:\/\/rioonwatch.org.br\/index.php?rest_route=\/wp\/v2\/media\/27717"}],"wp:attachment":[{"href":"https:\/\/rioonwatch.org.br\/index.php?rest_route=%2Fwp%2Fv2%2Fmedia&parent=27416"}],"wp:term":[{"taxonomy":"category","embeddable":true,"href":"https:\/\/rioonwatch.org.br\/index.php?rest_route=%2Fwp%2Fv2%2Fcategories&post=27416"},{"taxonomy":"post_tag","embeddable":true,"href":"https:\/\/rioonwatch.org.br\/index.php?rest_route=%2Fwp%2Fv2%2Ftags&post=27416"},{"taxonomy":"writer","embeddable":true,"href":"https:\/\/rioonwatch.org.br\/index.php?rest_route=%2Fwp%2Fv2%2Fwriter&post=27416"},{"taxonomy":"translator","embeddable":true,"href":"https:\/\/rioonwatch.org.br\/index.php?rest_route=%2Fwp%2Fv2%2Ftranslator&post=27416"},{"taxonomy":"source","embeddable":true,"href":"https:\/\/rioonwatch.org.br\/index.php?rest_route=%2Fwp%2Fv2%2Fsource&post=27416"},{"taxonomy":"ilustrador","embeddable":true,"href":"https:\/\/rioonwatch.org.br\/index.php?rest_route=%2Fwp%2Fv2%2Filustrador&post=27416"},{"taxonomy":"fotografo","embeddable":true,"href":"https:\/\/rioonwatch.org.br\/index.php?rest_route=%2Fwp%2Fv2%2Ffotografo&post=27416"}],"curies":[{"name":"wp","href":"https:\/\/api.w.org\/{rel}","templated":true}]}}