{"id":27419,"date":"2017-08-05T09:01:59","date_gmt":"2017-08-05T12:01:59","guid":{"rendered":"http:\/\/rioonwatch.org.br\/?p=27419"},"modified":"2024-06-20T16:24:34","modified_gmt":"2024-06-20T19:24:34","slug":"documentario-favela-olimpica-conta-historia-de-resistencia-olimpica-da-vila-autodromo-resenha","status":"publish","type":"post","link":"https:\/\/rioonwatch.org.br\/?p=27419","title":{"rendered":"&#8216;Favela Ol\u00edmpica&#8217; Conta Hist\u00f3ria de Resist\u00eancia Ol\u00edmpica da Vila Aut\u00f3dromo [RESENHA]"},"content":{"rendered":"<p style=\"text-align: right;\"><em><strong><a href=\"http:\/\/bit.ly\/2v1JHbb\" target=\"_blank\" rel=\"noopener noreferrer\">Click Here for English<img decoding=\"async\" width=\"20\" height=\"20\" class=\"alignright wp-image-15790\" src=\"http:\/\/rioonwatch.org.br\/wp-content\/uploads\/2012\/08\/EN-standard-e1439583104716.jpg\" alt=\"\" \/><\/a><\/strong><\/em><\/p>\n<h3><strong>A estr\u00e9ia mundial de Favela Ol\u00edmpica acontecer\u00e1 hoje,\u00a0<\/strong><strong>5 de agosto,\u00a0<\/strong><strong>no anivers\u00e1rio da cerim\u00f4nia de abertura dos Jogos Ol\u00edmpicos Rio 2016,\u00a0<a href=\"http:\/\/bit.ly\/2u7A9t8\" target=\"_blank\" rel=\"noopener\">no Festival de Locarno<\/a> na Su\u00ed\u00e7a.<\/strong><\/h3>\n<p><a href=\"http:\/\/bit.ly\/2eW0dpf\" target=\"_blank\" rel=\"noopener\">Favela Ol\u00edmpica<\/a>\u00a0\u00e9 um document\u00e1rio sobre a batalha Ol\u00edmpica dos moradores da pequena favela <a href=\"http:\/\/bit.ly\/Nfddvg\" target=\"_blank\" rel=\"noopener\">Vila Aut\u00f3dromo<\/a>, perto do Parque Ol\u00edmpico Rio 2016, e a prefeitura. O filme inicia\u00a0dois anos antes dos <a href=\"http:\/\/bit.ly\/PkLXlQ\" target=\"_blank\" rel=\"noopener\">Jogos Ol\u00edmpicos de 2016<\/a>, e mostra a <a href=\"http:\/\/bit.ly\/1rtuaxu\" target=\"_blank\" rel=\"noopener\">longa hist\u00f3ria de resist\u00eancia<\/a> da comunidade contra a \u00e2nsia das autoridades em remover os moradores e suas casas. Os moradores da Vila Aut\u00f3dromo\u00a0expressam suas vozes ao longo do filme, assim como arquitetos da Rio 2016 e o ex-prefeito do Rio, Eduardo Paes. Atrav\u00e9s do filme, seu escritor e diretor, o su\u00ed\u00e7o Samuel Chalard, mostra com sucesso o terr\u00edvel impacto de <a href=\"http:\/\/bit.ly\/1uZ9w6o\" target=\"_blank\" rel=\"noopener\">megaeventos<\/a>\u00a0como os Jogos Ol\u00edmpicos, questionando sua pr\u00f3pria estrutura l\u00f3gica, com a Vila Aut\u00f3dromo <a href=\"http:\/\/bit.ly\/1OZJk8o\" target=\"_blank\" rel=\"noopener\">infelizmente fornecendo um claro estudo de caso<\/a>. Durante mais de dois anos, um membro da equipe morou no Rio e visitou a Vila Aut\u00f3dromo em dias cr\u00edticos para filmar, e Samuel Chalard a cada tr\u00eas meses passava dez dias na Vila para filmar e documentar o processo de resist\u00eancia e remo\u00e7\u00e3o na comunidade.<\/p>\n<p>As imagens do filme foram captadas principalmente na Vila Aut\u00f3dromo, mostrando imagens chocantes <a href=\"http:\/\/bit.ly\/2kEVR74\" target=\"_blank\" rel=\"noopener\">antes e depois do processo de remo\u00e7\u00e3o<\/a>. Das 700 fam\u00edlias que viviam originalmente, apenas 20 conseguiram permanecer e agora vivem em <a href=\"http:\/\/bit.ly\/2aWmvRL\" target=\"_blank\" rel=\"noopener\">casas brancas id\u00eanticas constru\u00eddas pela prefeitura<\/a>. As casas originais foram destru\u00eddas uma ap\u00f3s a outra durante v\u00e1rios anos. Apenas uma casa original ainda est\u00e1 em p\u00e9, a do ex-pescador de 51 anos, <a href=\"http:\/\/bit.ly\/25y5Vx4\" target=\"_blank\" rel=\"noopener\">Delmo de Oliveira<\/a>, que se tornou uma figura da resist\u00eancia e aparece no document\u00e1rio, juntamente com a querida e agora famosa\u00a0<a href=\"http:\/\/bit.ly\/1pcDODu\" target=\"_blank\" rel=\"noopener\">Maria da Penha<\/a>, fonte eterna de otimismo e esperan\u00e7a da comunidade.<\/p>\n<p>Os cineastas conseguiram tamb\u00e9m dispor do discurso oficial entrevistando, em especial, arquitetos da arena Ol\u00edmpica de handebol\u00a0de 2016, que <a href=\"https:\/\/glo.bo\/2wr1c4i\" target=\"_blank\" rel=\"noopener\">falaram sobre os planos de transforma\u00e7\u00e3o da arena<\/a> em quatro escolas p\u00fablicas ap\u00f3s os Jogos, <a href=\"http:\/\/bit.ly\/1FM0mN6\" target=\"_blank\" rel=\"noopener\">o que nunca aconteceu<\/a>. Eles tamb\u00e9m conseguiram entrevistar o <a href=\"http:\/\/bit.ly\/1T0EshR\" target=\"_blank\" rel=\"noopener\">excelente marqueteiro<\/a> e prefeito do Rio de Janeiro, <a href=\"http:\/\/bit.ly\/1k4eA6c\" target=\"_blank\" rel=\"noopener\">Eduardo Paes<\/a>. De acordo com Samuel Chalard, foi muito dif\u00edcil obter essa entrevista e, uma vez aprovada, levou mais de nove meses para uma data ser marcada. O document\u00e1rio mostra a clara lacuna e os conflitos de interesse entre as autoridades e os moradores, e que as autoridades, inicialmente, n\u00e3o perceberam o qu\u00e3o bem organizados e determinados a ficar os moradores da Vila Aut\u00f3dromo eram.<\/p>\n<p><a href=\"http:\/\/rioonwatch.org.br\/wp-content\/uploads\/2017\/08\/atg_1-1.jpg\"><img fetchpriority=\"high\" decoding=\"async\" class=\"aligncenter size-medium wp-image-27425\" src=\"http:\/\/rioonwatch.org.br\/wp-content\/uploads\/2017\/08\/atg_1-1-620x349.jpg\" alt=\"\" width=\"620\" height=\"349\" srcset=\"https:\/\/rioonwatch.org.br\/wp-content\/uploads\/2017\/08\/atg_1-1-620x349.jpg 620w, https:\/\/rioonwatch.org.br\/wp-content\/uploads\/2017\/08\/atg_1-1-469x264.jpg 469w, https:\/\/rioonwatch.org.br\/wp-content\/uploads\/2017\/08\/atg_1-1-580x326.jpg 580w, https:\/\/rioonwatch.org.br\/wp-content\/uploads\/2017\/08\/atg_1-1-174x98.jpg 174w, https:\/\/rioonwatch.org.br\/wp-content\/uploads\/2017\/08\/atg_1-1.jpg 640w\" sizes=\"(max-width: 620px) 100vw, 620px\" \/><\/a><\/p>\n<p>O filme come\u00e7a depois de v\u00e1rios anos de resist\u00eancia quando <a href=\"http:\/\/bit.ly\/2m4W8B8\" target=\"_blank\" rel=\"noopener\">alguns moradores estavam desistindo e aceitando sair<\/a> em meio a intimida\u00e7\u00e3o, quando os ofereciam crescentes indeniza\u00e7\u00f5es financeiras ou op\u00e7\u00f5es alternativas de habita\u00e7\u00e3o, \u00e0s vezes, as duas possibilidades. Alguns recusaram, declarando que <a href=\"http:\/\/bit.ly\/2tM3Dxc\" target=\"_blank\" rel=\"noopener\">suas casas eram suas vidas e n\u00e3o tinham nenhum pre\u00e7o associado a elas<\/a>. Mas, com a aproxima\u00e7\u00e3o dos Jogos, as press\u00f5es e ofertas de compensa\u00e7\u00e3o cresceram e mais e mais moradores aceitaram, algumas receberam chaves at\u00e9 para m\u00faltiplos apartamentos. Com a sa\u00edda de cada fam\u00edlia, os que resistiam ficavam cada vez mais vulner\u00e1veis. As autoridades institu\u00edram a,\u00a0<a href=\"http:\/\/bit.ly\/1xk2DAs\" target=\"_blank\" rel=\"noopener\">altamente question\u00e1vel, desapropria\u00e7\u00e3o via decreto<\/a>\u00a0para destruir casas remanescentes. O p\u00fablico pode sentir a tens\u00e3o aumentar em todo o document\u00e1rio. A falta de preocupa\u00e7\u00e3o das autoridades e representantes da justi\u00e7a \u00e9 claramente notada. Um exemplo impressionante \u00e9 quando os ju\u00edzes federais visitam a comunidade para tomar uma decis\u00e3o sobre seu futuro, mas mal saem de seus carros escuros para ouvir os l\u00edderes comunit\u00e1rios.<\/p>\n<p><a href=\"http:\/\/rioonwatch.org.br\/wp-content\/uploads\/2017\/08\/rsz_1img_5541.jpg\"><img decoding=\"async\" class=\"aligncenter wp-image-27428 size-medium\" src=\"http:\/\/rioonwatch.org.br\/wp-content\/uploads\/2017\/08\/rsz_1img_5541-620x314.jpg\" alt=\"\" width=\"620\" height=\"314\" srcset=\"https:\/\/rioonwatch.org.br\/wp-content\/uploads\/2017\/08\/rsz_1img_5541-620x314.jpg 620w, https:\/\/rioonwatch.org.br\/wp-content\/uploads\/2017\/08\/rsz_1img_5541-521x264.jpg 521w, https:\/\/rioonwatch.org.br\/wp-content\/uploads\/2017\/08\/rsz_1img_5541-768x389.jpg 768w, https:\/\/rioonwatch.org.br\/wp-content\/uploads\/2017\/08\/rsz_1img_5541-1024x519.jpg 1024w, https:\/\/rioonwatch.org.br\/wp-content\/uploads\/2017\/08\/rsz_1img_5541.jpg 2016w\" sizes=\"(max-width: 620px) 100vw, 620px\" \/><\/a><\/p>\n<p>Algumas cenas s\u00e3o particularmente dolorosas de assistir. O confronto violento entre a pol\u00edcia e os moradores em junho de 2015 terminou nos <a href=\"http:\/\/bit.ly\/1MjkbPG\" target=\"_blank\" rel=\"noopener\">jornais do mundo inteiro<\/a> com a imagem do <a href=\"http:\/\/bit.ly\/1MjkbPG\" target=\"_blank\" rel=\"noopener\">rosto sereno da pequena Maria da Penha totalmente ensanguentado<\/a>. Al\u00e9m disso, a triste imagem da destrui\u00e7\u00e3o de algumas casas, como a de uma das mais dedicadas resistentes de longa data, <a href=\"http:\/\/bit.ly\/1JeDBbH\" target=\"_blank\" rel=\"noopener\">Jane Nascimento<\/a>, retirada atrav\u00e9s do decreto.<\/p>\n<p>O filme termina com imagens emocionantes de Luiz, marido de Penha e professor de educa\u00e7\u00e3o f\u00edsica, refletindo sobre os Jogos Ol\u00edmpicos e seus valores.\u00a0N\u00e3o vamos contar aqui, j\u00e1 que voc\u00ea ver\u00e1 o filme!<\/p>\n<p>O document\u00e1rio foi exibido pela primeira vez no dia 9 de julho na <a href=\"http:\/\/bit.ly\/2nTDJqX\" target=\"_blank\" rel=\"noopener\">Igreja Cat\u00f3lica S\u00e3o Jos\u00e9 Oper\u00e1rio<\/a> da Vila Aut\u00f3dromo. A atmosfera na exibi\u00e7\u00e3o privada e n\u00e3o oficial na comunidade foi muito especial, o p\u00fablico reagiu vividamente a certas cenas, vaiando Eduardo Paes ou chorando quando viram as casas serem destru\u00eddas ou o confronto com a pol\u00edcia. A maioria dos moradores estava feliz em ver as imagens das suas casas originais. Explicando o t\u00edtulo, Samuel Chalard disse que a escolha se deu principalmente para atrair um p\u00fablico estrangeiro, mas os membros da comunidade concordaram. O document\u00e1rio \u00e9 mais um legado da resist\u00eancia da Vila Aut\u00f3dromo: um aviso e inspira\u00e7\u00e3o para outros. Mas como Delmo disse depois da exibi\u00e7\u00e3o, a luta est\u00e1 longe de terminar.<\/p>\n<h4>No Brasil, o lan\u00e7amento oficial ser\u00e1 na\u00a0<a href=\"http:\/\/bit.ly\/2wlzUvX\" target=\"_blank\" rel=\"noopener\">41\u00aa Mostra Internacional de Cinema de S\u00e3o Paulo<\/a>, de 19 de outubro a 1 de novembro de 2017. Saiba mais sobre\u00a0<a href=\"http:\/\/bit.ly\/2u00EkQ\" target=\"_blank\" rel=\"noopener\">Favela Ol\u00edmpica on Facebook<\/a>.<\/h4>\n<p><a href=\"http:\/\/rioonwatch.org.br\/wp-content\/uploads\/2017\/08\/atg_13-e1500003198140.jpg\"><img loading=\"lazy\" decoding=\"async\" class=\"aligncenter size-medium wp-image-27433\" src=\"http:\/\/rioonwatch.org.br\/wp-content\/uploads\/2017\/08\/atg_13-e1500003198140-620x349.jpg\" alt=\"\" width=\"620\" height=\"349\" srcset=\"https:\/\/rioonwatch.org.br\/wp-content\/uploads\/2017\/08\/atg_13-e1500003198140-620x349.jpg 620w, https:\/\/rioonwatch.org.br\/wp-content\/uploads\/2017\/08\/atg_13-e1500003198140-469x264.jpg 469w, https:\/\/rioonwatch.org.br\/wp-content\/uploads\/2017\/08\/atg_13-e1500003198140-580x326.jpg 580w, https:\/\/rioonwatch.org.br\/wp-content\/uploads\/2017\/08\/atg_13-e1500003198140-174x98.jpg 174w, https:\/\/rioonwatch.org.br\/wp-content\/uploads\/2017\/08\/atg_13-e1500003198140.jpg 640w\" sizes=\"(max-width: 620px) 100vw, 620px\" \/><\/a><\/p>\n<!-- AddThis Advanced Settings generic via filter on the_content --><!-- AddThis Share Buttons generic via filter on the_content -->","protected":false},"excerpt":{"rendered":"<div class=\"mh-excerpt\"><p>Click Here for English A estr\u00e9ia mundial de Favela Ol\u00edmpica acontecer\u00e1 hoje,\u00a05 de agosto,\u00a0no anivers\u00e1rio da cerim\u00f4nia de abertura dos Jogos Ol\u00edmpicos Rio 2016,\u00a0no Festival de Locarno na Su\u00ed\u00e7a. Favela Ol\u00edmpica\u00a0\u00e9 um document\u00e1rio sobre a <a class=\"mh-excerpt-more\" href=\"https:\/\/rioonwatch.org.br\/?p=27419\" title=\"&#8216;Favela Ol\u00edmpica&#8217; Conta Hist\u00f3ria de Resist\u00eancia Ol\u00edmpica da Vila Aut\u00f3dromo [RESENHA]\">[&#8230;]<\/a><!-- AddThis Advanced Settings generic via filter on get_the_excerpt --><!-- AddThis Share Buttons generic via filter on get_the_excerpt --><\/p>\n<\/div>","protected":false},"author":129,"featured_media":27421,"comment_status":"closed","ping_status":"closed","sticky":false,"template":"","format":"standard","meta":{"_acf_changed":false,"_monsterinsights_skip_tracking":false,"_monsterinsights_sitenote_active":false,"_monsterinsights_sitenote_note":"","_monsterinsights_sitenote_category":0,"footnotes":""},"categories":[1617,1614,1621,1627,1626,1624],"tags":[424,88,484,396,395,1240,246,78,358,763,14,3437,432,354,55,52],"writer":[2157],"translator":[1491],"source":[],"ilustrador":[],"fotografo":[],"class_list":{"0":"post-27419","1":"post","2":"type-post","3":"status-publish","4":"format-standard","5":"has-post-thumbnail","7":"category-olhonagentrificacao","8":"category-olhonasremocoes","9":"category-destaque","10":"category-relato-de-evento","11":"category-por-observadores-internacionais","12":"category-resenha","13":"tag-direito-a-moradia","14":"tag-direitos-humanos","15":"tag-prefeito-eduardo-paes","16":"tag-especulacao-imobiliaria","17":"tag-gentrificacao-remocao-branca","18":"tag-megaeventos","19":"tag-minha-casa-minha-vida","20":"tag-olimpiadas","21":"tag-organizacao-comunitaria","22":"tag-protesto","23":"tag-remocao","24":"tag-resenha-de-filme","25":"tag-resistencia","26":"tag-vidigal","27":"tag-vila-autodromo","28":"tag-violencia-policial","29":"writer-suzanne-chatelier","30":"translator-patricia-gomes"},"acf":[],"yoast_head":"<!-- This site is optimized with the Yoast SEO plugin v25.6 - https:\/\/yoast.com\/wordpress\/plugins\/seo\/ -->\n<title>&#039;Favela Ol\u00edmpica&#039; Conta Hist\u00f3ria de Resist\u00eancia Ol\u00edmpica da Vila Aut\u00f3dromo [RESENHA] - RioOnWatch<\/title>\n<meta name=\"robots\" content=\"index, follow, max-snippet:-1, max-image-preview:large, max-video-preview:-1\" \/>\n<link rel=\"canonical\" href=\"https:\/\/rioonwatch.org.br\/?p=27419\" \/>\n<meta property=\"og:locale\" content=\"pt_BR\" \/>\n<meta property=\"og:type\" content=\"article\" \/>\n<meta property=\"og:title\" content=\"&#039;Favela Ol\u00edmpica&#039; Conta Hist\u00f3ria de Resist\u00eancia Ol\u00edmpica da Vila Aut\u00f3dromo [RESENHA] - RioOnWatch\" \/>\n<meta property=\"og:description\" content=\"Click Here for English A estr\u00e9ia mundial de Favela Ol\u00edmpica acontecer\u00e1 hoje,\u00a05 de agosto,\u00a0no anivers\u00e1rio da cerim\u00f4nia de abertura dos Jogos Ol\u00edmpicos Rio 2016,\u00a0no Festival de Locarno na Su\u00ed\u00e7a. Favela Ol\u00edmpica\u00a0\u00e9 um document\u00e1rio sobre a [...]\" \/>\n<meta property=\"og:url\" content=\"https:\/\/rioonwatch.org.br\/?p=27419\" \/>\n<meta property=\"og:site_name\" content=\"RioOnWatch\" \/>\n<meta property=\"article:published_time\" content=\"2017-08-05T12:01:59+00:00\" \/>\n<meta property=\"article:modified_time\" content=\"2024-06-20T19:24:34+00:00\" \/>\n<meta property=\"og:image\" content=\"https:\/\/rioonwatch.org.br\/wp-content\/uploads\/2017\/08\/Favela-Olimpica.jpg\" \/>\n\t<meta property=\"og:image:width\" content=\"673\" \/>\n\t<meta property=\"og:image:height\" content=\"960\" \/>\n\t<meta property=\"og:image:type\" content=\"image\/jpeg\" \/>\n<meta name=\"author\" content=\"Admin\" \/>\n<meta name=\"twitter:card\" content=\"summary_large_image\" \/>\n<meta name=\"twitter:label1\" content=\"Escrito por\" \/>\n\t<meta name=\"twitter:data1\" content=\"Admin\" \/>\n\t<meta name=\"twitter:label2\" content=\"Est. tempo de leitura\" \/>\n\t<meta name=\"twitter:data2\" content=\"5 minutos\" \/>\n<script type=\"application\/ld+json\" class=\"yoast-schema-graph\">{\"@context\":\"https:\/\/schema.org\",\"@graph\":[{\"@type\":\"Article\",\"@id\":\"https:\/\/rioonwatch.org.br\/?p=27419#article\",\"isPartOf\":{\"@id\":\"https:\/\/rioonwatch.org.br\/?p=27419\"},\"author\":{\"name\":\"Admin\",\"@id\":\"https:\/\/rioonwatch.org.br\/#\/schema\/person\/11d64c290506f9df50c71b850c473f68\"},\"headline\":\"&#8216;Favela Ol\u00edmpica&#8217; Conta Hist\u00f3ria de Resist\u00eancia Ol\u00edmpica da Vila Aut\u00f3dromo [RESENHA]\",\"datePublished\":\"2017-08-05T12:01:59+00:00\",\"dateModified\":\"2024-06-20T19:24:34+00:00\",\"mainEntityOfPage\":{\"@id\":\"https:\/\/rioonwatch.org.br\/?p=27419\"},\"wordCount\":935,\"publisher\":{\"@id\":\"https:\/\/rioonwatch.org.br\/#organization\"},\"image\":{\"@id\":\"https:\/\/rioonwatch.org.br\/?p=27419#primaryimage\"},\"thumbnailUrl\":\"https:\/\/rioonwatch.org.br\/wp-content\/uploads\/2017\/08\/Favela-Olimpica.jpg\",\"keywords\":[\"Direito \u00e0 Moradia\",\"Direitos Humanos\",\"Eduardo Paes\",\"especula\u00e7\u00e3o imobili\u00e1ria\",\"gentrifica\u00e7\u00e3o\",\"Megaeventos\",\"Minha Casa Minha Vida\",\"Olimp\u00edadas\",\"organiza\u00e7\u00e3o comunit\u00e1ria\",\"protesto\",\"Remo\u00e7\u00e3o\",\"Resenha de filme\",\"resist\u00eancia\",\"Vidigal\",\"Vila Aut\u00f3dromo\",\"viol\u00eancia policial\"],\"articleSection\":[\"#OlhoNaGentrifica\u00e7\u00e3o\",\"#OlhoNasRemo\u00e7\u00f5es\",\"*Destaque\",\"Cobertura de Eventos\",\"Escrito por Aliados\",\"Resenhas\"],\"inLanguage\":\"pt-BR\"},{\"@type\":\"WebPage\",\"@id\":\"https:\/\/rioonwatch.org.br\/?p=27419\",\"url\":\"https:\/\/rioonwatch.org.br\/?p=27419\",\"name\":\"'Favela Ol\u00edmpica' Conta Hist\u00f3ria de Resist\u00eancia Ol\u00edmpica da Vila Aut\u00f3dromo [RESENHA] - RioOnWatch\",\"isPartOf\":{\"@id\":\"https:\/\/rioonwatch.org.br\/#website\"},\"primaryImageOfPage\":{\"@id\":\"https:\/\/rioonwatch.org.br\/?p=27419#primaryimage\"},\"image\":{\"@id\":\"https:\/\/rioonwatch.org.br\/?p=27419#primaryimage\"},\"thumbnailUrl\":\"https:\/\/rioonwatch.org.br\/wp-content\/uploads\/2017\/08\/Favela-Olimpica.jpg\",\"datePublished\":\"2017-08-05T12:01:59+00:00\",\"dateModified\":\"2024-06-20T19:24:34+00:00\",\"breadcrumb\":{\"@id\":\"https:\/\/rioonwatch.org.br\/?p=27419#breadcrumb\"},\"inLanguage\":\"pt-BR\",\"potentialAction\":[{\"@type\":\"ReadAction\",\"target\":[\"https:\/\/rioonwatch.org.br\/?p=27419\"]}]},{\"@type\":\"ImageObject\",\"inLanguage\":\"pt-BR\",\"@id\":\"https:\/\/rioonwatch.org.br\/?p=27419#primaryimage\",\"url\":\"https:\/\/rioonwatch.org.br\/wp-content\/uploads\/2017\/08\/Favela-Olimpica.jpg\",\"contentUrl\":\"https:\/\/rioonwatch.org.br\/wp-content\/uploads\/2017\/08\/Favela-Olimpica.jpg\",\"width\":673,\"height\":960},{\"@type\":\"BreadcrumbList\",\"@id\":\"https:\/\/rioonwatch.org.br\/?p=27419#breadcrumb\",\"itemListElement\":[{\"@type\":\"ListItem\",\"position\":1,\"name\":\"In\u00edcio\",\"item\":\"https:\/\/rioonwatch.org.br\/\"},{\"@type\":\"ListItem\",\"position\":2,\"name\":\"&#8216;Favela Ol\u00edmpica&#8217; Conta Hist\u00f3ria de Resist\u00eancia Ol\u00edmpica da Vila Aut\u00f3dromo [RESENHA]\"}]},{\"@type\":\"WebSite\",\"@id\":\"https:\/\/rioonwatch.org.br\/#website\",\"url\":\"https:\/\/rioonwatch.org.br\/\",\"name\":\"RioOnWatch\",\"description\":\"relatos das favelas cariocas\",\"publisher\":{\"@id\":\"https:\/\/rioonwatch.org.br\/#organization\"},\"potentialAction\":[{\"@type\":\"SearchAction\",\"target\":{\"@type\":\"EntryPoint\",\"urlTemplate\":\"https:\/\/rioonwatch.org.br\/?s={search_term_string}\"},\"query-input\":{\"@type\":\"PropertyValueSpecification\",\"valueRequired\":true,\"valueName\":\"search_term_string\"}}],\"inLanguage\":\"pt-BR\"},{\"@type\":\"Organization\",\"@id\":\"https:\/\/rioonwatch.org.br\/#organization\",\"name\":\"RioOnWatch\",\"url\":\"https:\/\/rioonwatch.org.br\/\",\"logo\":{\"@type\":\"ImageObject\",\"inLanguage\":\"pt-BR\",\"@id\":\"https:\/\/rioonwatch.org.br\/#\/schema\/logo\/image\/\",\"url\":\"https:\/\/rioonwatch.org.br\/wp-content\/uploads\/2021\/06\/RioOnWatchcabecalhoPT11anos-2.png\",\"contentUrl\":\"https:\/\/rioonwatch.org.br\/wp-content\/uploads\/2021\/06\/RioOnWatchcabecalhoPT11anos-2.png\",\"width\":779,\"height\":277,\"caption\":\"RioOnWatch\"},\"image\":{\"@id\":\"https:\/\/rioonwatch.org.br\/#\/schema\/logo\/image\/\"}},{\"@type\":\"Person\",\"@id\":\"https:\/\/rioonwatch.org.br\/#\/schema\/person\/11d64c290506f9df50c71b850c473f68\",\"name\":\"Admin\",\"image\":{\"@type\":\"ImageObject\",\"inLanguage\":\"pt-BR\",\"@id\":\"https:\/\/rioonwatch.org.br\/#\/schema\/person\/image\/\",\"url\":\"https:\/\/secure.gravatar.com\/avatar\/56211ac74568383903349a1485e3c325?s=96&d=blank&r=g\",\"contentUrl\":\"https:\/\/secure.gravatar.com\/avatar\/56211ac74568383903349a1485e3c325?s=96&d=blank&r=g\",\"caption\":\"Admin\"},\"url\":\"https:\/\/rioonwatch.org.br\/?author=129\"}]}<\/script>\n<!-- \/ Yoast SEO plugin. -->","yoast_head_json":{"title":"'Favela Ol\u00edmpica' Conta Hist\u00f3ria de Resist\u00eancia Ol\u00edmpica da Vila Aut\u00f3dromo [RESENHA] - RioOnWatch","robots":{"index":"index","follow":"follow","max-snippet":"max-snippet:-1","max-image-preview":"max-image-preview:large","max-video-preview":"max-video-preview:-1"},"canonical":"https:\/\/rioonwatch.org.br\/?p=27419","og_locale":"pt_BR","og_type":"article","og_title":"'Favela Ol\u00edmpica' Conta Hist\u00f3ria de Resist\u00eancia Ol\u00edmpica da Vila Aut\u00f3dromo [RESENHA] - RioOnWatch","og_description":"Click Here for English A estr\u00e9ia mundial de Favela Ol\u00edmpica acontecer\u00e1 hoje,\u00a05 de agosto,\u00a0no anivers\u00e1rio da cerim\u00f4nia de abertura dos Jogos Ol\u00edmpicos Rio 2016,\u00a0no Festival de Locarno na Su\u00ed\u00e7a. Favela Ol\u00edmpica\u00a0\u00e9 um document\u00e1rio sobre a [...]","og_url":"https:\/\/rioonwatch.org.br\/?p=27419","og_site_name":"RioOnWatch","article_published_time":"2017-08-05T12:01:59+00:00","article_modified_time":"2024-06-20T19:24:34+00:00","og_image":[{"width":673,"height":960,"url":"https:\/\/rioonwatch.org.br\/wp-content\/uploads\/2017\/08\/Favela-Olimpica.jpg","type":"image\/jpeg"}],"author":"Admin","twitter_card":"summary_large_image","twitter_misc":{"Escrito por":"Admin","Est. tempo de leitura":"5 minutos"},"schema":{"@context":"https:\/\/schema.org","@graph":[{"@type":"Article","@id":"https:\/\/rioonwatch.org.br\/?p=27419#article","isPartOf":{"@id":"https:\/\/rioonwatch.org.br\/?p=27419"},"author":{"name":"Admin","@id":"https:\/\/rioonwatch.org.br\/#\/schema\/person\/11d64c290506f9df50c71b850c473f68"},"headline":"&#8216;Favela Ol\u00edmpica&#8217; Conta Hist\u00f3ria de Resist\u00eancia Ol\u00edmpica da Vila Aut\u00f3dromo [RESENHA]","datePublished":"2017-08-05T12:01:59+00:00","dateModified":"2024-06-20T19:24:34+00:00","mainEntityOfPage":{"@id":"https:\/\/rioonwatch.org.br\/?p=27419"},"wordCount":935,"publisher":{"@id":"https:\/\/rioonwatch.org.br\/#organization"},"image":{"@id":"https:\/\/rioonwatch.org.br\/?p=27419#primaryimage"},"thumbnailUrl":"https:\/\/rioonwatch.org.br\/wp-content\/uploads\/2017\/08\/Favela-Olimpica.jpg","keywords":["Direito \u00e0 Moradia","Direitos Humanos","Eduardo Paes","especula\u00e7\u00e3o imobili\u00e1ria","gentrifica\u00e7\u00e3o","Megaeventos","Minha Casa Minha Vida","Olimp\u00edadas","organiza\u00e7\u00e3o comunit\u00e1ria","protesto","Remo\u00e7\u00e3o","Resenha de filme","resist\u00eancia","Vidigal","Vila Aut\u00f3dromo","viol\u00eancia policial"],"articleSection":["#OlhoNaGentrifica\u00e7\u00e3o","#OlhoNasRemo\u00e7\u00f5es","*Destaque","Cobertura de Eventos","Escrito por Aliados","Resenhas"],"inLanguage":"pt-BR"},{"@type":"WebPage","@id":"https:\/\/rioonwatch.org.br\/?p=27419","url":"https:\/\/rioonwatch.org.br\/?p=27419","name":"'Favela Ol\u00edmpica' Conta Hist\u00f3ria de Resist\u00eancia Ol\u00edmpica da Vila Aut\u00f3dromo [RESENHA] - RioOnWatch","isPartOf":{"@id":"https:\/\/rioonwatch.org.br\/#website"},"primaryImageOfPage":{"@id":"https:\/\/rioonwatch.org.br\/?p=27419#primaryimage"},"image":{"@id":"https:\/\/rioonwatch.org.br\/?p=27419#primaryimage"},"thumbnailUrl":"https:\/\/rioonwatch.org.br\/wp-content\/uploads\/2017\/08\/Favela-Olimpica.jpg","datePublished":"2017-08-05T12:01:59+00:00","dateModified":"2024-06-20T19:24:34+00:00","breadcrumb":{"@id":"https:\/\/rioonwatch.org.br\/?p=27419#breadcrumb"},"inLanguage":"pt-BR","potentialAction":[{"@type":"ReadAction","target":["https:\/\/rioonwatch.org.br\/?p=27419"]}]},{"@type":"ImageObject","inLanguage":"pt-BR","@id":"https:\/\/rioonwatch.org.br\/?p=27419#primaryimage","url":"https:\/\/rioonwatch.org.br\/wp-content\/uploads\/2017\/08\/Favela-Olimpica.jpg","contentUrl":"https:\/\/rioonwatch.org.br\/wp-content\/uploads\/2017\/08\/Favela-Olimpica.jpg","width":673,"height":960},{"@type":"BreadcrumbList","@id":"https:\/\/rioonwatch.org.br\/?p=27419#breadcrumb","itemListElement":[{"@type":"ListItem","position":1,"name":"In\u00edcio","item":"https:\/\/rioonwatch.org.br\/"},{"@type":"ListItem","position":2,"name":"&#8216;Favela Ol\u00edmpica&#8217; Conta Hist\u00f3ria de Resist\u00eancia Ol\u00edmpica da Vila Aut\u00f3dromo [RESENHA]"}]},{"@type":"WebSite","@id":"https:\/\/rioonwatch.org.br\/#website","url":"https:\/\/rioonwatch.org.br\/","name":"RioOnWatch","description":"relatos das favelas cariocas","publisher":{"@id":"https:\/\/rioonwatch.org.br\/#organization"},"potentialAction":[{"@type":"SearchAction","target":{"@type":"EntryPoint","urlTemplate":"https:\/\/rioonwatch.org.br\/?s={search_term_string}"},"query-input":{"@type":"PropertyValueSpecification","valueRequired":true,"valueName":"search_term_string"}}],"inLanguage":"pt-BR"},{"@type":"Organization","@id":"https:\/\/rioonwatch.org.br\/#organization","name":"RioOnWatch","url":"https:\/\/rioonwatch.org.br\/","logo":{"@type":"ImageObject","inLanguage":"pt-BR","@id":"https:\/\/rioonwatch.org.br\/#\/schema\/logo\/image\/","url":"https:\/\/rioonwatch.org.br\/wp-content\/uploads\/2021\/06\/RioOnWatchcabecalhoPT11anos-2.png","contentUrl":"https:\/\/rioonwatch.org.br\/wp-content\/uploads\/2021\/06\/RioOnWatchcabecalhoPT11anos-2.png","width":779,"height":277,"caption":"RioOnWatch"},"image":{"@id":"https:\/\/rioonwatch.org.br\/#\/schema\/logo\/image\/"}},{"@type":"Person","@id":"https:\/\/rioonwatch.org.br\/#\/schema\/person\/11d64c290506f9df50c71b850c473f68","name":"Admin","image":{"@type":"ImageObject","inLanguage":"pt-BR","@id":"https:\/\/rioonwatch.org.br\/#\/schema\/person\/image\/","url":"https:\/\/secure.gravatar.com\/avatar\/56211ac74568383903349a1485e3c325?s=96&d=blank&r=g","contentUrl":"https:\/\/secure.gravatar.com\/avatar\/56211ac74568383903349a1485e3c325?s=96&d=blank&r=g","caption":"Admin"},"url":"https:\/\/rioonwatch.org.br\/?author=129"}]}},"_links":{"self":[{"href":"https:\/\/rioonwatch.org.br\/index.php?rest_route=\/wp\/v2\/posts\/27419"}],"collection":[{"href":"https:\/\/rioonwatch.org.br\/index.php?rest_route=\/wp\/v2\/posts"}],"about":[{"href":"https:\/\/rioonwatch.org.br\/index.php?rest_route=\/wp\/v2\/types\/post"}],"author":[{"embeddable":true,"href":"https:\/\/rioonwatch.org.br\/index.php?rest_route=\/wp\/v2\/users\/129"}],"replies":[{"embeddable":true,"href":"https:\/\/rioonwatch.org.br\/index.php?rest_route=%2Fwp%2Fv2%2Fcomments&post=27419"}],"version-history":[{"count":16,"href":"https:\/\/rioonwatch.org.br\/index.php?rest_route=\/wp\/v2\/posts\/27419\/revisions"}],"predecessor-version":[{"id":27455,"href":"https:\/\/rioonwatch.org.br\/index.php?rest_route=\/wp\/v2\/posts\/27419\/revisions\/27455"}],"wp:featuredmedia":[{"embeddable":true,"href":"https:\/\/rioonwatch.org.br\/index.php?rest_route=\/wp\/v2\/media\/27421"}],"wp:attachment":[{"href":"https:\/\/rioonwatch.org.br\/index.php?rest_route=%2Fwp%2Fv2%2Fmedia&parent=27419"}],"wp:term":[{"taxonomy":"category","embeddable":true,"href":"https:\/\/rioonwatch.org.br\/index.php?rest_route=%2Fwp%2Fv2%2Fcategories&post=27419"},{"taxonomy":"post_tag","embeddable":true,"href":"https:\/\/rioonwatch.org.br\/index.php?rest_route=%2Fwp%2Fv2%2Ftags&post=27419"},{"taxonomy":"writer","embeddable":true,"href":"https:\/\/rioonwatch.org.br\/index.php?rest_route=%2Fwp%2Fv2%2Fwriter&post=27419"},{"taxonomy":"translator","embeddable":true,"href":"https:\/\/rioonwatch.org.br\/index.php?rest_route=%2Fwp%2Fv2%2Ftranslator&post=27419"},{"taxonomy":"source","embeddable":true,"href":"https:\/\/rioonwatch.org.br\/index.php?rest_route=%2Fwp%2Fv2%2Fsource&post=27419"},{"taxonomy":"ilustrador","embeddable":true,"href":"https:\/\/rioonwatch.org.br\/index.php?rest_route=%2Fwp%2Fv2%2Filustrador&post=27419"},{"taxonomy":"fotografo","embeddable":true,"href":"https:\/\/rioonwatch.org.br\/index.php?rest_route=%2Fwp%2Fv2%2Ffotografo&post=27419"}],"curies":[{"name":"wp","href":"https:\/\/api.w.org\/{rel}","templated":true}]}}