{"id":27450,"date":"2017-08-14T10:15:11","date_gmt":"2017-08-14T13:15:11","guid":{"rendered":"http:\/\/rioonwatch.org.br\/?p=27450"},"modified":"2017-08-17T13:33:35","modified_gmt":"2017-08-17T16:33:35","slug":"curso-de-territorializacao-de-politicas-publicas-estimula-moradores-de-favelas-a-pensar-a-politica-e-a-elaborar-projetos","status":"publish","type":"post","link":"https:\/\/rioonwatch.org.br\/?p=27450","title":{"rendered":"Curso &#8216;Territorializa\u00e7\u00e3o de Pol\u00edticas P\u00fablicas&#8217; Estimula Moradores de Favelas a Pensar Pol\u00edtica"},"content":{"rendered":"<p>Desde maio, o curso <a href=\"http:\/\/bit.ly\/2vJvlzi\" target=\"_blank\" rel=\"noopener\">Estrat\u00e9gias para Territorializa\u00e7\u00e3o de Pol\u00edticas P\u00fablicas em Favelas<\/a>, organizado pela Coopera\u00e7\u00e3o Social da Presid\u00eancia da <a href=\"http:\/\/bit.ly\/2vIXZML\" target=\"_blank\" rel=\"noopener\">Fiocruz<\/a>, tem atendido moradores da regi\u00e3o, especialmente das favelas de <a href=\"http:\/\/bit.ly\/ZC9b6z\" target=\"_blank\" rel=\"noopener\">Manguinhos<\/a>, <a href=\"http:\/\/bit.ly\/2v4vLvW\" target=\"_blank\" rel=\"noopener\">Jacarezinho<\/a>, Arar\u00e1, <a href=\"http:\/\/bit.ly\/U0MiGm\" target=\"_blank\" rel=\"noopener\">Alem\u00e3o<\/a> e <a href=\"http:\/\/bit.ly\/10BvARw\" target=\"_blank\" rel=\"noopener\">Mar\u00e9<\/a>. No primeiro m\u00f3dulo, focado na governan\u00e7a territorial democr\u00e1tica dos espa\u00e7os de favela, buscou-se o fortalecimento dos conhecimentos dos moradores acerca de pol\u00edticas p\u00fablicas, como de <a href=\"http:\/\/bit.ly\/1kzUmMv\" target=\"_blank\" rel=\"noopener\">sa\u00fade<\/a>, e de mecanismos de <a href=\"http:\/\/bit.ly\/14P8gmB\" target=\"_blank\" rel=\"noopener\">participa\u00e7\u00e3o<\/a>, incluindo a constru\u00e7\u00e3o, o acompanhamento e o <a href=\"http:\/\/bit.ly\/1rOePGu\" target=\"_blank\" rel=\"noopener\">controle social de tais pol\u00edticas<\/a>. Essa forma\u00e7\u00e3o inicial ir\u00e1 fomentar a elabora\u00e7\u00e3o de projetos, abordada no segundo m\u00f3dulo, que ter\u00e1 in\u00edcio em setembro.<\/p>\n<p>Na <a href=\"http:\/\/bit.ly\/2rQTLlE\" target=\"_blank\" rel=\"noopener\">aula inaugural<\/a>,\u00a0Ana Keila Stauffer, diretora da Escola Polit\u00e9cnica de Sa\u00fade Joaquim Ven\u00e2ncio, onde o curso ocorre, ressaltou a import\u00e2ncia da iniciativa no contexto atual de viol\u00eancia que a regi\u00e3o vive, que ela atribuiu a uma sociabilidade de explora\u00e7\u00e3o econ\u00f4mica. Para ela, o engajamento no curso \u00e9 sinal de um papel ativo dos moradores no que diz respeito \u00e0 sua emancipa\u00e7\u00e3o das opress\u00f5es.<\/p>\n<p>Observa-se recorrentemente a nega\u00e7\u00e3o desse agenciamento nos discursos politicos paternalistas e assistencialistas comuns, que costumam infantilizar ou despir de potenciais o morador da favela. Nesse sentido \u00e9 que o curso se soma a esfor\u00e7os diversos da sociedade civil de promover um\u00a0<a href=\"http:\/\/bit.ly\/1rOePGu\" target=\"_blank\" rel=\"noopener\">aprofundamento democr\u00e1tico<\/a>\u00a0que permita a incid\u00eancia sobre a formula\u00e7\u00e3o e execu\u00e7\u00e3o de <a href=\"http:\/\/bit.ly\/1SgXd1Q\" target=\"_blank\" rel=\"noopener\">pol\u00edticas p\u00fablicas<\/a>, essencial em um contexto em que direitos pol\u00edticos s\u00e3o recorrentemente negados e <a href=\"http:\/\/bit.ly\/2dKGkPl\" target=\"_blank\" rel=\"noopener\">direitos humanos<\/a> recha\u00e7ados.<\/p>\n<p><a href=\"http:\/\/rioonwatch.org.br\/wp-content\/uploads\/2017\/08\/mesa.jpg\"><img fetchpriority=\"high\" decoding=\"async\" class=\"aligncenter wp-image-27464 size-content\" title=\"A mesa da aula inaugural contou com a participa\u00e7\u00e3o, dentre outros, de N\u00edsia Trindade, Leon\u00eddio Madureira e Ana Keyla Stauffer. Foto: Ana Maurice.\" src=\"http:\/\/rioonwatch.org.br\/wp-content\/uploads\/2017\/08\/mesa-620x264.jpg\" alt=\"\" width=\"620\" height=\"264\" srcset=\"https:\/\/rioonwatch.org.br\/wp-content\/uploads\/2017\/08\/mesa-620x264.jpg 620w, https:\/\/rioonwatch.org.br\/wp-content\/uploads\/2017\/08\/mesa-940x400.jpg 940w\" sizes=\"(max-width: 620px) 100vw, 620px\" \/><\/a><\/p>\n<p>A presidente da <a href=\"http:\/\/bit.ly\/2vIXZML\" target=\"_blank\" rel=\"noopener\">Fiocruz<\/a>, N\u00edsia Trindade, destacou o hist\u00f3rico de lutas e resist\u00eancias das favelas, que foi o recorte territorial priorizado no curso. Para ela, esse recorte permitiu simultaneamente o entendimento da favela em sua pluralidade e a percep\u00e7\u00e3o de que a particularidade da din\u00e2mica de atua\u00e7\u00e3o do Estado nesses territ\u00f3rios tamb\u00e9m constitui a cidade. Isso \u00e9 particularmente significativo para entendermos que os desafios das favelas n\u00e3o devem ser encarados como desafios isolados, j\u00e1 que a favela \u00e9 parte integral da cidade.<\/p>\n<p>\u201cA proposta dessa forma\u00e7\u00e3o \u00e9 que v\u00e1 ao encontro do que os movimentos sociais, as lideran\u00e7as populares e ativistas v\u00eam produzindo em seus territ\u00f3rios. Ela n\u00e3o vem de uma luz que vem da escola, da academia. Mas (vem) de uma a\u00e7\u00e3o, da pesquisa militante da pr\u00f3pria Coopera\u00e7\u00e3o Social e de seus parceiros em territ\u00f3rios socioambientalmente vulnerabilizados\u201d, colocou Leon\u00eddio Madureira, coordenador de Coopera\u00e7\u00e3o Social da Presid\u00eancia.<\/p>\n<p>Para Edilano Cavalcanti, morador de <a href=\"http:\/\/bit.ly\/ZC9b6z\" target=\"_blank\" rel=\"noopener\">Manguinhos<\/a> e da equipe do jornal comunit\u00e1rio <a href=\"http:\/\/bit.ly\/2hAT0f6\" target=\"_blank\" rel=\"noopener\">Fala Manguinhos<\/a>, esse objetivo foi atingido. Ele relatou ter ficado um pouco desconfiado no in\u00edcio pela ambi\u00e7\u00e3o do conte\u00fado do curso e de sua proposta, apesar de confiar no trabalho das pessoas que estavam organizando. \u201cPra minha surpresa eu descobri que <a href=\"http:\/\/bit.ly\/2oT94aC\" target=\"_blank\" rel=\"noopener\">o aprendizado a que o curso se propunha n\u00e3o ia vir somente<\/a> pelos instrutores convidados, mas tamb\u00e9m viria pela equipe de alunos&#8211;acho que a palavra n\u00e3o seria nem alunos, mas ouvintes, instrutores tamb\u00e9m&#8211;de diferentes favelas, diferentes movimentos sociais, cada um com uma experi\u00eancia riqu\u00edssima. Cada vez que eu vou para a oficina, para a roda de debate, eu aprendo muito dos meus colegas. T\u00e1 sendo uma troca muito rica de conhecimentos de rua, do plural, da experi\u00eancia na pr\u00e1tica. E a pessoa que vem da academia, com uma experi\u00eancia mais t\u00e9cnica de pesquisador, vem fortalecer isso a partir de outra perspectiva\u201d, disse ele.<\/p>\n<p>\u201cMas o caldeir\u00e3o que me move a ir pras aulas \u00e9 ver essa galera da minha rua, da Mar\u00e9, do Jacar\u00e9, do Alem\u00e3o e aprender com essa galera atuante, efervescente, desse territ\u00f3rio de favela ao mesmo tempo <a href=\"http:\/\/bit.ly\/1piRAgk\" target=\"_blank\" rel=\"noopener\">super-resistente<\/a> e superdeflagrado\u201d, ele completa. A reuni\u00e3o de tantos moradores engajados em um mesmo espa\u00e7o duas vezes na semana teve inclusive forte impacto na cria\u00e7\u00e3o de redes e no fortalecimento da atua\u00e7\u00e3o de moradores como multiplicadores do conhecimento em suas comunidades.<\/p>\n<p><a href=\"http:\/\/rioonwatch.org.br\/wp-content\/uploads\/2017\/08\/IMG_4525.jpg\"><img decoding=\"async\" class=\"aligncenter wp-image-27463 size-content\" title=\"Rodada de apresenta\u00e7\u00e3o de alunos de diferentes territ\u00f3rios. Foto: Ana Maurice.\" src=\"http:\/\/rioonwatch.org.br\/wp-content\/uploads\/2017\/08\/IMG_4525-620x264.jpg\" alt=\"\" width=\"620\" height=\"264\" srcset=\"https:\/\/rioonwatch.org.br\/wp-content\/uploads\/2017\/08\/IMG_4525-620x264.jpg 620w, https:\/\/rioonwatch.org.br\/wp-content\/uploads\/2017\/08\/IMG_4525-940x400.jpg 940w\" sizes=\"(max-width: 620px) 100vw, 620px\" \/><\/a><\/p>\n<p>A aluna e moradora do <a href=\"http:\/\/bit.ly\/2aI9r39\" target=\"_blank\" rel=\"noopener\">Jacarezinho<\/a> Sirleia Aleixo, por sua vez, emocionou a todos j\u00e1 na primeira aula ao contar sua trajet\u00f3ria. Tendo cursado s\u00f3 at\u00e9 a s\u00e9tima s\u00e9rie, ela diz que se descobriu \u201cmilitante via arte\u201d. \u201cEu era uma negra que aceitava tudo o que falassem de ruim sobre negros\u201d, disse ela. At\u00e9 que a filha ingressou no <a href=\"http:\/\/bit.ly\/2c9m5pZ\" target=\"_blank\" rel=\"noopener\">teatro<\/a> e a m\u00e3e foi se descobrindo junto com ela atriz e escritora, al\u00e9m de ativista. Hoje, al\u00e9m da atua\u00e7\u00e3o, ela toca um projeto chamado <a href=\"http:\/\/bit.ly\/2uh5xdm\" target=\"_blank\" rel=\"noopener\">#FavelaCultural<\/a>, que promove <a href=\"http:\/\/bit.ly\/1NzHxSq\" target=\"_blank\" rel=\"noopener\">atividades culturais<\/a> na comunidade, e est\u00e1 envolvida em um projeto de interc\u00e2mbio de <a href=\"http:\/\/bit.ly\/1RIYG0S\" target=\"_blank\" rel=\"noopener\">grafite<\/a> junto com o <a href=\"http:\/\/on.fb.me\/1NgV6We\" target=\"_blank\" rel=\"noopener\">Manguinhos em Cena<\/a>, grupo de teatro do qual faz parte. Ela mesmo que escreveu as propostas para os editais: \u201ceu que tenho a ideia, eu que fa\u00e7o o or\u00e7amento, eu que escrevo o projeto. E minhas filhas me ajudam. Eu s\u00f3 tenho at\u00e9 a 7\u00aa s\u00e9rie, mas j\u00e1 ganhei projeto de [milhares de reais]. Mas s\u00e3o projetos soltos, sem lugar fixo, sem suporte financeiro por mais tempo&#8221;.<\/p>\n<p>Quando come\u00e7ou o curso, ela disse que n\u00e3o sabia muito o que esperar dele. \u201cMas eu deixei de fazer um curso de teatro no mesmo hor\u00e1rio para fazer esse curso. E t\u00e1 sendo uma preciosidade. Eu comecei a pensar projeto, a pensar de forma pol\u00edtica. Eu fugia de pol\u00edtica, para mim era coisa de vereador. Aqui eu aprendi que sozinho n\u00e3o se chega muito longe\u201d, disse ela.<\/p>\n<p>Sirleia ficou conhecida no grupo por sempre territorializar todas as quest\u00f5es que eram apresentadas, destacando a realidade da sua comunidade. Durante um levantamento feito junto aos alunos acerca da presen\u00e7a institucional nas favelas l\u00e1 representadas, o Jacarezinho foi identificado como o \u00fanico que n\u00e3o possu\u00eda institui\u00e7\u00f5es de pesquisa ou projetos de universidades. Al\u00e9m disso, a presen\u00e7a do Estado s\u00f3 foi lembrada na <a href=\"http:\/\/bit.ly\/2uAXAuV\" target=\"_blank\" rel=\"noopener\">FAETEC<\/a>, na <a href=\"http:\/\/bit.ly\/R5ueio\" target=\"_blank\" rel=\"noopener\">UPP<\/a> e na sede da regi\u00e3o administrativa, e um n\u00famero muito menor de ONGs foi levantado, quando comparado ao volume de <a href=\"http:\/\/bit.ly\/1hbVyYn\" target=\"_blank\" rel=\"noopener\">organiza\u00e7\u00f5es da sociedade civil na Mar\u00e9<\/a> e no Alem\u00e3o, por exemplo. Mas ela reconheceu que na presen\u00e7a do com\u00e9rcio \u00e9 que a comunidade se deslanchava das outras.<\/p>\n<p><a href=\"http:\/\/rioonwatch.org.br\/wp-content\/uploads\/2017\/08\/alunas.jpg\"><img decoding=\"async\" class=\"aligncenter wp-image-27459 size-content\" title=\"Alunas do curso; Sirleia no segundo plano. Foto: Ana Maurice.\" src=\"http:\/\/rioonwatch.org.br\/wp-content\/uploads\/2017\/08\/alunas-620x264.jpg\" alt=\"\" width=\"620\" height=\"264\" srcset=\"https:\/\/rioonwatch.org.br\/wp-content\/uploads\/2017\/08\/alunas-620x264.jpg 620w, https:\/\/rioonwatch.org.br\/wp-content\/uploads\/2017\/08\/alunas-1030x438.jpg 1030w, https:\/\/rioonwatch.org.br\/wp-content\/uploads\/2017\/08\/alunas-940x400.jpg 940w\" sizes=\"(max-width: 620px) 100vw, 620px\" \/><\/a><\/p>\n<p>Agora, com o primeiro m\u00f3dulo se aproximando do fim, os alunos reuniram-se em grupos de acordo com suas \u00e1reas de interesse para identificar situa\u00e7\u00f5es e problemas que enfrentam no seu cotidiano, e pensar junto \u00e0 coordena\u00e7\u00e3o do curso caminhos para a sua solu\u00e7\u00e3o. O diagn\u00f3stico dever\u00e1 ser elaborado pelos alunos, buscando desenhar estrat\u00e9gias de enfrentamento que envolvam pessoas de territ\u00f3rios diferentes. S\u00f3 ent\u00e3o come\u00e7ar\u00e3o a pensar em termos de organograma e or\u00e7amento, por exemplo.<\/p>\n<p>No segundo m\u00f3dulo, que come\u00e7a em setembro, ser\u00e3o apresentadas metodologias e\u00a0ferramentas para a elabora\u00e7\u00e3o desses projetos de base comunit\u00e1ria, desde a reda\u00e7\u00e3o at\u00e9 a\u00a0capta\u00e7\u00e3o de recursos. Al\u00e9m dos alunos do m\u00f3dulo Governan\u00e7a Territorial Democr\u00e1tica, novas\u00a0vagas ser\u00e3o preenchidas por indica\u00e7\u00f5es de organiza\u00e7\u00f5es comunit\u00e1rias e lideran\u00e7as dos\u00a0movimentos sociais das cinco comunidades.<\/p>\n<!-- AddThis Advanced Settings generic via filter on the_content --><!-- AddThis Share Buttons generic via filter on the_content -->","protected":false},"excerpt":{"rendered":"<div class=\"mh-excerpt\"><p>Desde maio, o curso Estrat\u00e9gias para Territorializa\u00e7\u00e3o de Pol\u00edticas P\u00fablicas em Favelas, organizado pela Coopera\u00e7\u00e3o Social da Presid\u00eancia da Fiocruz, tem atendido moradores da regi\u00e3o, especialmente das favelas de Manguinhos, Jacarezinho, Arar\u00e1, Alem\u00e3o e Mar\u00e9. <a class=\"mh-excerpt-more\" href=\"https:\/\/rioonwatch.org.br\/?p=27450\" title=\"Curso &#8216;Territorializa\u00e7\u00e3o de Pol\u00edticas P\u00fablicas&#8217; Estimula Moradores de Favelas a Pensar Pol\u00edtica\">[&#8230;]<\/a><!-- AddThis Advanced Settings generic via filter on get_the_excerpt --><!-- AddThis Share Buttons generic via filter on get_the_excerpt --><\/p>\n<\/div>","protected":false},"author":152,"featured_media":27459,"comment_status":"closed","ping_status":"closed","sticky":false,"template":"","format":"standard","meta":{"_acf_changed":false,"_monsterinsights_skip_tracking":false,"_monsterinsights_sitenote_active":false,"_monsterinsights_sitenote_note":"","_monsterinsights_sitenote_category":0,"footnotes":""},"categories":[1618,1621,1627,1616,342],"tags":[1446,332,217,1917,81,688,2174,2146,599,636,1151,1707,304,838,335,2167,30,218],"writer":[1994],"translator":[],"source":[],"ilustrador":[],"fotografo":[],"class_list":{"0":"post-27450","1":"post","2":"type-post","3":"status-publish","4":"format-standard","5":"has-post-thumbnail","7":"category-olhonaparticipacao","8":"category-destaque","9":"category-relato-de-evento","10":"category-qualidades-da-favela","11":"category-solucoes","12":"tag-capacitacao","13":"tag-complexo-da-mare","14":"tag-complexo-do-alemao","15":"tag-comunidade-x-academia","16":"tag-cultura","17":"tag-empoderamento","18":"tag-fala-manguinhos","19":"tag-fiocruz","20":"tag-jacarezinho","21":"tag-manguinhos","22":"tag-organizacao","23":"tag-parque-arara","24":"tag-participacao","25":"tag-politica-publica","26":"tag-teatro","27":"tag-uniao","28":"tag-violencia","29":"tag-zona-norte","30":"writer-luisa-fenizola"},"acf":[],"yoast_head":"<!-- This site is optimized with the Yoast SEO plugin v25.6 - https:\/\/yoast.com\/wordpress\/plugins\/seo\/ -->\n<title>Curso &#039;Territorializa\u00e7\u00e3o de Pol\u00edticas P\u00fablicas&#039; Estimula Moradores de Favelas a Pensar Pol\u00edtica - RioOnWatch<\/title>\n<meta name=\"robots\" content=\"index, follow, max-snippet:-1, max-image-preview:large, max-video-preview:-1\" \/>\n<link rel=\"canonical\" href=\"https:\/\/rioonwatch.org.br\/?p=27450\" \/>\n<meta property=\"og:locale\" content=\"pt_BR\" \/>\n<meta property=\"og:type\" content=\"article\" \/>\n<meta property=\"og:title\" content=\"Curso &#039;Territorializa\u00e7\u00e3o de Pol\u00edticas P\u00fablicas&#039; Estimula Moradores de Favelas a Pensar Pol\u00edtica - RioOnWatch\" \/>\n<meta property=\"og:description\" content=\"Desde maio, o curso Estrat\u00e9gias para Territorializa\u00e7\u00e3o de Pol\u00edticas P\u00fablicas em Favelas, organizado pela Coopera\u00e7\u00e3o Social da Presid\u00eancia da Fiocruz, tem atendido moradores da regi\u00e3o, especialmente das favelas de Manguinhos, Jacarezinho, Arar\u00e1, Alem\u00e3o e Mar\u00e9. [...]\" \/>\n<meta property=\"og:url\" content=\"https:\/\/rioonwatch.org.br\/?p=27450\" \/>\n<meta property=\"og:site_name\" content=\"RioOnWatch\" \/>\n<meta property=\"article:published_time\" content=\"2017-08-14T13:15:11+00:00\" \/>\n<meta property=\"article:modified_time\" content=\"2017-08-17T16:33:35+00:00\" \/>\n<meta property=\"og:image\" content=\"https:\/\/rioonwatch.org.br\/wp-content\/uploads\/2017\/08\/alunas-scaled.jpg\" \/>\n\t<meta property=\"og:image:width\" content=\"2560\" \/>\n\t<meta property=\"og:image:height\" content=\"1707\" \/>\n\t<meta property=\"og:image:type\" content=\"image\/jpeg\" \/>\n<meta name=\"author\" content=\"Luisa Fenizola\" \/>\n<meta name=\"twitter:card\" content=\"summary_large_image\" \/>\n<meta name=\"twitter:label1\" content=\"Escrito por\" \/>\n\t<meta name=\"twitter:data1\" content=\"Luisa Fenizola\" \/>\n\t<meta name=\"twitter:label2\" content=\"Est. tempo de leitura\" \/>\n\t<meta name=\"twitter:data2\" content=\"6 minutos\" \/>\n<script type=\"application\/ld+json\" class=\"yoast-schema-graph\">{\"@context\":\"https:\/\/schema.org\",\"@graph\":[{\"@type\":\"Article\",\"@id\":\"https:\/\/rioonwatch.org.br\/?p=27450#article\",\"isPartOf\":{\"@id\":\"https:\/\/rioonwatch.org.br\/?p=27450\"},\"author\":{\"name\":\"Luisa Fenizola\",\"@id\":\"https:\/\/rioonwatch.org.br\/#\/schema\/person\/f443c6b55bb6e80842280318076491c5\"},\"headline\":\"Curso &#8216;Territorializa\u00e7\u00e3o de Pol\u00edticas P\u00fablicas&#8217; Estimula Moradores de Favelas a Pensar Pol\u00edtica\",\"datePublished\":\"2017-08-14T13:15:11+00:00\",\"dateModified\":\"2017-08-17T16:33:35+00:00\",\"mainEntityOfPage\":{\"@id\":\"https:\/\/rioonwatch.org.br\/?p=27450\"},\"wordCount\":1237,\"publisher\":{\"@id\":\"https:\/\/rioonwatch.org.br\/#organization\"},\"image\":{\"@id\":\"https:\/\/rioonwatch.org.br\/?p=27450#primaryimage\"},\"thumbnailUrl\":\"https:\/\/rioonwatch.org.br\/wp-content\/uploads\/2017\/08\/alunas-scaled.jpg\",\"keywords\":[\"capacita\u00e7\u00e3o\",\"Complexo da Mar\u00e9\",\"Complexo do Alem\u00e3o\",\"comunidade x academia\",\"cultura\",\"empoderamento\",\"Fala Manguinhos\",\"Fiocruz\",\"Jacarezinho\",\"Manguinhos\",\"mobiliza\u00e7\u00e3o\",\"Parque Arar\u00e1\",\"participa\u00e7\u00e3o\",\"pol\u00edtica p\u00fablica\",\"teatro\",\"uni\u00e3o\",\"viol\u00eancia\",\"Zona Norte\"],\"articleSection\":[\"#OlhoNaParticipa\u00e7\u00e3o\",\"*Destaque\",\"Cobertura de Eventos\",\"Qualidades da Favela\",\"Solu\u00e7\u00f5es\"],\"inLanguage\":\"pt-BR\"},{\"@type\":\"WebPage\",\"@id\":\"https:\/\/rioonwatch.org.br\/?p=27450\",\"url\":\"https:\/\/rioonwatch.org.br\/?p=27450\",\"name\":\"Curso 'Territorializa\u00e7\u00e3o de Pol\u00edticas P\u00fablicas' Estimula Moradores de Favelas a Pensar Pol\u00edtica - RioOnWatch\",\"isPartOf\":{\"@id\":\"https:\/\/rioonwatch.org.br\/#website\"},\"primaryImageOfPage\":{\"@id\":\"https:\/\/rioonwatch.org.br\/?p=27450#primaryimage\"},\"image\":{\"@id\":\"https:\/\/rioonwatch.org.br\/?p=27450#primaryimage\"},\"thumbnailUrl\":\"https:\/\/rioonwatch.org.br\/wp-content\/uploads\/2017\/08\/alunas-scaled.jpg\",\"datePublished\":\"2017-08-14T13:15:11+00:00\",\"dateModified\":\"2017-08-17T16:33:35+00:00\",\"breadcrumb\":{\"@id\":\"https:\/\/rioonwatch.org.br\/?p=27450#breadcrumb\"},\"inLanguage\":\"pt-BR\",\"potentialAction\":[{\"@type\":\"ReadAction\",\"target\":[\"https:\/\/rioonwatch.org.br\/?p=27450\"]}]},{\"@type\":\"ImageObject\",\"inLanguage\":\"pt-BR\",\"@id\":\"https:\/\/rioonwatch.org.br\/?p=27450#primaryimage\",\"url\":\"https:\/\/rioonwatch.org.br\/wp-content\/uploads\/2017\/08\/alunas-scaled.jpg\",\"contentUrl\":\"https:\/\/rioonwatch.org.br\/wp-content\/uploads\/2017\/08\/alunas-scaled.jpg\",\"width\":2560,\"height\":1707},{\"@type\":\"BreadcrumbList\",\"@id\":\"https:\/\/rioonwatch.org.br\/?p=27450#breadcrumb\",\"itemListElement\":[{\"@type\":\"ListItem\",\"position\":1,\"name\":\"In\u00edcio\",\"item\":\"https:\/\/rioonwatch.org.br\/\"},{\"@type\":\"ListItem\",\"position\":2,\"name\":\"Curso &#8216;Territorializa\u00e7\u00e3o de Pol\u00edticas P\u00fablicas&#8217; Estimula Moradores de Favelas a Pensar Pol\u00edtica\"}]},{\"@type\":\"WebSite\",\"@id\":\"https:\/\/rioonwatch.org.br\/#website\",\"url\":\"https:\/\/rioonwatch.org.br\/\",\"name\":\"RioOnWatch\",\"description\":\"relatos das favelas cariocas\",\"publisher\":{\"@id\":\"https:\/\/rioonwatch.org.br\/#organization\"},\"potentialAction\":[{\"@type\":\"SearchAction\",\"target\":{\"@type\":\"EntryPoint\",\"urlTemplate\":\"https:\/\/rioonwatch.org.br\/?s={search_term_string}\"},\"query-input\":{\"@type\":\"PropertyValueSpecification\",\"valueRequired\":true,\"valueName\":\"search_term_string\"}}],\"inLanguage\":\"pt-BR\"},{\"@type\":\"Organization\",\"@id\":\"https:\/\/rioonwatch.org.br\/#organization\",\"name\":\"RioOnWatch\",\"url\":\"https:\/\/rioonwatch.org.br\/\",\"logo\":{\"@type\":\"ImageObject\",\"inLanguage\":\"pt-BR\",\"@id\":\"https:\/\/rioonwatch.org.br\/#\/schema\/logo\/image\/\",\"url\":\"https:\/\/rioonwatch.org.br\/wp-content\/uploads\/2021\/06\/RioOnWatchcabecalhoPT11anos-2.png\",\"contentUrl\":\"https:\/\/rioonwatch.org.br\/wp-content\/uploads\/2021\/06\/RioOnWatchcabecalhoPT11anos-2.png\",\"width\":779,\"height\":277,\"caption\":\"RioOnWatch\"},\"image\":{\"@id\":\"https:\/\/rioonwatch.org.br\/#\/schema\/logo\/image\/\"}},{\"@type\":\"Person\",\"@id\":\"https:\/\/rioonwatch.org.br\/#\/schema\/person\/f443c6b55bb6e80842280318076491c5\",\"name\":\"Luisa Fenizola\",\"image\":{\"@type\":\"ImageObject\",\"inLanguage\":\"pt-BR\",\"@id\":\"https:\/\/rioonwatch.org.br\/#\/schema\/person\/image\/\",\"url\":\"https:\/\/secure.gravatar.com\/avatar\/a3d551110162b9f876cbbdaaecf75663?s=96&d=blank&r=g\",\"contentUrl\":\"https:\/\/secure.gravatar.com\/avatar\/a3d551110162b9f876cbbdaaecf75663?s=96&d=blank&r=g\",\"caption\":\"Luisa Fenizola\"},\"url\":\"https:\/\/rioonwatch.org.br\/?author=152\"}]}<\/script>\n<!-- \/ Yoast SEO plugin. -->","yoast_head_json":{"title":"Curso 'Territorializa\u00e7\u00e3o de Pol\u00edticas P\u00fablicas' Estimula Moradores de Favelas a Pensar Pol\u00edtica - RioOnWatch","robots":{"index":"index","follow":"follow","max-snippet":"max-snippet:-1","max-image-preview":"max-image-preview:large","max-video-preview":"max-video-preview:-1"},"canonical":"https:\/\/rioonwatch.org.br\/?p=27450","og_locale":"pt_BR","og_type":"article","og_title":"Curso 'Territorializa\u00e7\u00e3o de Pol\u00edticas P\u00fablicas' Estimula Moradores de Favelas a Pensar Pol\u00edtica - RioOnWatch","og_description":"Desde maio, o curso Estrat\u00e9gias para Territorializa\u00e7\u00e3o de Pol\u00edticas P\u00fablicas em Favelas, organizado pela Coopera\u00e7\u00e3o Social da Presid\u00eancia da Fiocruz, tem atendido moradores da regi\u00e3o, especialmente das favelas de Manguinhos, Jacarezinho, Arar\u00e1, Alem\u00e3o e Mar\u00e9. [...]","og_url":"https:\/\/rioonwatch.org.br\/?p=27450","og_site_name":"RioOnWatch","article_published_time":"2017-08-14T13:15:11+00:00","article_modified_time":"2017-08-17T16:33:35+00:00","og_image":[{"width":2560,"height":1707,"url":"https:\/\/rioonwatch.org.br\/wp-content\/uploads\/2017\/08\/alunas-scaled.jpg","type":"image\/jpeg"}],"author":"Luisa Fenizola","twitter_card":"summary_large_image","twitter_misc":{"Escrito por":"Luisa Fenizola","Est. tempo de leitura":"6 minutos"},"schema":{"@context":"https:\/\/schema.org","@graph":[{"@type":"Article","@id":"https:\/\/rioonwatch.org.br\/?p=27450#article","isPartOf":{"@id":"https:\/\/rioonwatch.org.br\/?p=27450"},"author":{"name":"Luisa Fenizola","@id":"https:\/\/rioonwatch.org.br\/#\/schema\/person\/f443c6b55bb6e80842280318076491c5"},"headline":"Curso &#8216;Territorializa\u00e7\u00e3o de Pol\u00edticas P\u00fablicas&#8217; Estimula Moradores de Favelas a Pensar Pol\u00edtica","datePublished":"2017-08-14T13:15:11+00:00","dateModified":"2017-08-17T16:33:35+00:00","mainEntityOfPage":{"@id":"https:\/\/rioonwatch.org.br\/?p=27450"},"wordCount":1237,"publisher":{"@id":"https:\/\/rioonwatch.org.br\/#organization"},"image":{"@id":"https:\/\/rioonwatch.org.br\/?p=27450#primaryimage"},"thumbnailUrl":"https:\/\/rioonwatch.org.br\/wp-content\/uploads\/2017\/08\/alunas-scaled.jpg","keywords":["capacita\u00e7\u00e3o","Complexo da Mar\u00e9","Complexo do Alem\u00e3o","comunidade x academia","cultura","empoderamento","Fala Manguinhos","Fiocruz","Jacarezinho","Manguinhos","mobiliza\u00e7\u00e3o","Parque Arar\u00e1","participa\u00e7\u00e3o","pol\u00edtica p\u00fablica","teatro","uni\u00e3o","viol\u00eancia","Zona Norte"],"articleSection":["#OlhoNaParticipa\u00e7\u00e3o","*Destaque","Cobertura de Eventos","Qualidades da Favela","Solu\u00e7\u00f5es"],"inLanguage":"pt-BR"},{"@type":"WebPage","@id":"https:\/\/rioonwatch.org.br\/?p=27450","url":"https:\/\/rioonwatch.org.br\/?p=27450","name":"Curso 'Territorializa\u00e7\u00e3o de Pol\u00edticas P\u00fablicas' Estimula Moradores de Favelas a Pensar Pol\u00edtica - RioOnWatch","isPartOf":{"@id":"https:\/\/rioonwatch.org.br\/#website"},"primaryImageOfPage":{"@id":"https:\/\/rioonwatch.org.br\/?p=27450#primaryimage"},"image":{"@id":"https:\/\/rioonwatch.org.br\/?p=27450#primaryimage"},"thumbnailUrl":"https:\/\/rioonwatch.org.br\/wp-content\/uploads\/2017\/08\/alunas-scaled.jpg","datePublished":"2017-08-14T13:15:11+00:00","dateModified":"2017-08-17T16:33:35+00:00","breadcrumb":{"@id":"https:\/\/rioonwatch.org.br\/?p=27450#breadcrumb"},"inLanguage":"pt-BR","potentialAction":[{"@type":"ReadAction","target":["https:\/\/rioonwatch.org.br\/?p=27450"]}]},{"@type":"ImageObject","inLanguage":"pt-BR","@id":"https:\/\/rioonwatch.org.br\/?p=27450#primaryimage","url":"https:\/\/rioonwatch.org.br\/wp-content\/uploads\/2017\/08\/alunas-scaled.jpg","contentUrl":"https:\/\/rioonwatch.org.br\/wp-content\/uploads\/2017\/08\/alunas-scaled.jpg","width":2560,"height":1707},{"@type":"BreadcrumbList","@id":"https:\/\/rioonwatch.org.br\/?p=27450#breadcrumb","itemListElement":[{"@type":"ListItem","position":1,"name":"In\u00edcio","item":"https:\/\/rioonwatch.org.br\/"},{"@type":"ListItem","position":2,"name":"Curso &#8216;Territorializa\u00e7\u00e3o de Pol\u00edticas P\u00fablicas&#8217; Estimula Moradores de Favelas a Pensar Pol\u00edtica"}]},{"@type":"WebSite","@id":"https:\/\/rioonwatch.org.br\/#website","url":"https:\/\/rioonwatch.org.br\/","name":"RioOnWatch","description":"relatos das favelas cariocas","publisher":{"@id":"https:\/\/rioonwatch.org.br\/#organization"},"potentialAction":[{"@type":"SearchAction","target":{"@type":"EntryPoint","urlTemplate":"https:\/\/rioonwatch.org.br\/?s={search_term_string}"},"query-input":{"@type":"PropertyValueSpecification","valueRequired":true,"valueName":"search_term_string"}}],"inLanguage":"pt-BR"},{"@type":"Organization","@id":"https:\/\/rioonwatch.org.br\/#organization","name":"RioOnWatch","url":"https:\/\/rioonwatch.org.br\/","logo":{"@type":"ImageObject","inLanguage":"pt-BR","@id":"https:\/\/rioonwatch.org.br\/#\/schema\/logo\/image\/","url":"https:\/\/rioonwatch.org.br\/wp-content\/uploads\/2021\/06\/RioOnWatchcabecalhoPT11anos-2.png","contentUrl":"https:\/\/rioonwatch.org.br\/wp-content\/uploads\/2021\/06\/RioOnWatchcabecalhoPT11anos-2.png","width":779,"height":277,"caption":"RioOnWatch"},"image":{"@id":"https:\/\/rioonwatch.org.br\/#\/schema\/logo\/image\/"}},{"@type":"Person","@id":"https:\/\/rioonwatch.org.br\/#\/schema\/person\/f443c6b55bb6e80842280318076491c5","name":"Luisa Fenizola","image":{"@type":"ImageObject","inLanguage":"pt-BR","@id":"https:\/\/rioonwatch.org.br\/#\/schema\/person\/image\/","url":"https:\/\/secure.gravatar.com\/avatar\/a3d551110162b9f876cbbdaaecf75663?s=96&d=blank&r=g","contentUrl":"https:\/\/secure.gravatar.com\/avatar\/a3d551110162b9f876cbbdaaecf75663?s=96&d=blank&r=g","caption":"Luisa Fenizola"},"url":"https:\/\/rioonwatch.org.br\/?author=152"}]}},"_links":{"self":[{"href":"https:\/\/rioonwatch.org.br\/index.php?rest_route=\/wp\/v2\/posts\/27450"}],"collection":[{"href":"https:\/\/rioonwatch.org.br\/index.php?rest_route=\/wp\/v2\/posts"}],"about":[{"href":"https:\/\/rioonwatch.org.br\/index.php?rest_route=\/wp\/v2\/types\/post"}],"author":[{"embeddable":true,"href":"https:\/\/rioonwatch.org.br\/index.php?rest_route=\/wp\/v2\/users\/152"}],"replies":[{"embeddable":true,"href":"https:\/\/rioonwatch.org.br\/index.php?rest_route=%2Fwp%2Fv2%2Fcomments&post=27450"}],"version-history":[{"count":15,"href":"https:\/\/rioonwatch.org.br\/index.php?rest_route=\/wp\/v2\/posts\/27450\/revisions"}],"predecessor-version":[{"id":27690,"href":"https:\/\/rioonwatch.org.br\/index.php?rest_route=\/wp\/v2\/posts\/27450\/revisions\/27690"}],"wp:featuredmedia":[{"embeddable":true,"href":"https:\/\/rioonwatch.org.br\/index.php?rest_route=\/wp\/v2\/media\/27459"}],"wp:attachment":[{"href":"https:\/\/rioonwatch.org.br\/index.php?rest_route=%2Fwp%2Fv2%2Fmedia&parent=27450"}],"wp:term":[{"taxonomy":"category","embeddable":true,"href":"https:\/\/rioonwatch.org.br\/index.php?rest_route=%2Fwp%2Fv2%2Fcategories&post=27450"},{"taxonomy":"post_tag","embeddable":true,"href":"https:\/\/rioonwatch.org.br\/index.php?rest_route=%2Fwp%2Fv2%2Ftags&post=27450"},{"taxonomy":"writer","embeddable":true,"href":"https:\/\/rioonwatch.org.br\/index.php?rest_route=%2Fwp%2Fv2%2Fwriter&post=27450"},{"taxonomy":"translator","embeddable":true,"href":"https:\/\/rioonwatch.org.br\/index.php?rest_route=%2Fwp%2Fv2%2Ftranslator&post=27450"},{"taxonomy":"source","embeddable":true,"href":"https:\/\/rioonwatch.org.br\/index.php?rest_route=%2Fwp%2Fv2%2Fsource&post=27450"},{"taxonomy":"ilustrador","embeddable":true,"href":"https:\/\/rioonwatch.org.br\/index.php?rest_route=%2Fwp%2Fv2%2Filustrador&post=27450"},{"taxonomy":"fotografo","embeddable":true,"href":"https:\/\/rioonwatch.org.br\/index.php?rest_route=%2Fwp%2Fv2%2Ffotografo&post=27450"}],"curies":[{"name":"wp","href":"https:\/\/api.w.org\/{rel}","templated":true}]}}