{"id":27472,"date":"2017-08-08T08:14:12","date_gmt":"2017-08-08T11:14:12","guid":{"rendered":"http:\/\/rioonwatch.org.br\/?p=27472"},"modified":"2024-05-24T12:40:36","modified_gmt":"2024-05-24T15:40:36","slug":"o-racismo-institucional-do-judiciario-e-os-casos-rafael-braga-e-ogo-alves","status":"publish","type":"post","link":"https:\/\/rioonwatch.org.br\/?p=27472","title":{"rendered":"O Racismo Institucional do Judici\u00e1rio e os Casos Rafael Braga e Ogo Alves"},"content":{"rendered":"<p style=\"text-align: right;\"><a href=\"http:\/\/bit.ly\/2up8LI5\" target=\"_blank\" rel=\"noopener\"><em><strong>Click Here for English<img decoding=\"async\" width=\"20\" height=\"20\" class=\"alignright wp-image-15790\" src=\"http:\/\/rioonwatch.org.br\/wp-content\/uploads\/2012\/08\/EN-standard-e1439583104716.jpg\" \/><\/strong><\/em><\/a><\/p>\n<p>Rafael Braga foi <a href=\"http:\/\/bit.ly\/2qaffsX\" target=\"_blank\" rel=\"noopener noreferrer\">detido durante as manifesta\u00e7\u00f5es de 2013 por portar um Pinho Sol<\/a>, e novamente detido no in\u00edcio de 2016, um m\u00eas ap\u00f3s ser liberado para cumprir a pena em liberdade, por porte de drogas, que alguns alegam inclusive que foram os pr\u00f3prios policiais que colocaram em sua posse. Dessa vez, <a href=\"http:\/\/bit.ly\/2qnbtyE\" target=\"_blank\" rel=\"noopener noreferrer\">foi sentenciado<\/a> a 11 anos por tr\u00e1fico de drogas. <a href=\"http:\/\/bit.ly\/2vIV4aX\" target=\"_blank\" rel=\"noopener noreferrer\">Ogo Alves da Silva<\/a>, por sua vez, hoje j\u00e1 maior de idade, encontra-se detido em uma unidade do <a href=\"http:\/\/bit.ly\/1USvsNF\" target=\"_blank\" rel=\"noopener noreferrer\">Degase<\/a>\u00a0desde 2015, acusado pelo esfaqueamento de um m\u00e9dico na Lagoa.<\/p>\n<p>Ambos t\u00eam algumas coisas em comum: s\u00e3o jovens, negros, pobres. Rafael, morador de rua. Ogo, morador da favela de <a href=\"http:\/\/bit.ly\/ZC9b6z\" target=\"_blank\" rel=\"noopener noreferrer\">Manguinhos<\/a>, na <a href=\"http:\/\/bit.ly\/WximDf\" target=\"_blank\" rel=\"noopener noreferrer\">Zona Norte<\/a> da cidade&#8211;local inclusive <a href=\"http:\/\/bit.ly\/2vIV4aX\" target=\"_blank\" rel=\"noopener noreferrer\">onde se encontrava no momento do crime<\/a>, ocorrido a mais de 15km de dist\u00e2ncia, <a href=\"https:\/\/glo.bo\/2vdWFV0\" target=\"_blank\" rel=\"noopener noreferrer\">segundo testemunhas do processo<\/a>.<\/p>\n<p>Mas a pol\u00edcia precisava de um suspeito para acalmar os \u00e2nimos da popula\u00e7\u00e3o ap\u00f3s um crime que chocou a todos&#8211;uma vida por uma bicicleta, um m\u00e9dico, na <a href=\"http:\/\/bit.ly\/1mNsDyk\" target=\"_blank\" rel=\"noopener noreferrer\">Zona Sul<\/a> da cidade. Ent\u00e3o policiais foram at\u00e9 a casa de Ogo, que j\u00e1 tinha passagens por furtos na regi\u00e3o da <a href=\"http:\/\/bit.ly\/1MgZiq1\" target=\"_blank\" rel=\"noopener noreferrer\">Lagoa<\/a>, onde n\u00e3o s\u00f3 encontrou a sua m\u00e3e, dona Jane, mas encontrou tamb\u00e9m facas. Dona Jane \u00e9 catadora, e as facas que serviram de prova contra seu filho <a href=\"http:\/\/bit.ly\/2vIV4aX\" target=\"_blank\" rel=\"noopener noreferrer\">s\u00e3o seus instrumentos de trabalho<\/a> na coleta e manipula\u00e7\u00e3o do lixo.<\/p>\n<p><a href=\"http:\/\/rioonwatch.org.br\/wp-content\/uploads\/2017\/08\/Hogo1.jpg\"><img fetchpriority=\"high\" decoding=\"async\" class=\"aligncenter wp-image-27474 size-content\" title=\"Ogo \u00e9 detido pela pol\u00edcia. Foto: Fabio Rossi \/ Ag\u00eancia O Globo (20\/05\/2015).\" src=\"http:\/\/rioonwatch.org.br\/wp-content\/uploads\/2017\/08\/Hogo1-620x264.jpg\" alt=\"\" width=\"620\" height=\"264\" \/><\/a><\/p>\n<p>A \u00fanica testemunha do crime, um frentista, afirmou na hora que eram dois os criminosos, um branco e um negro, mas que <a href=\"https:\/\/glo.bo\/2fnqBbN\" target=\"_blank\" rel=\"noopener noreferrer\">n\u00e3o seria capaz de reconhec\u00ea-los devido \u00e0 rapidez do ocorrido<\/a>. Dois dias depois, quando Ogo foi detido, no entanto, ele reconheceu-o em uma foto como o autor do crime, em um <a href=\"https:\/\/glo.bo\/2fnqBbN\" target=\"_blank\" rel=\"noopener noreferrer\">depoimento com divers<\/a><a href=\"https:\/\/glo.bo\/2fnqBbN\" target=\"_blank\" rel=\"noopener noreferrer\">as discrep\u00e2ncias<\/a> em rela\u00e7\u00e3o ao primeiro.<\/p>\n<p><img decoding=\"async\" class=\"alignright wp-image-27493 size-thumbnail\" title=\"Dona Jane Maria, m\u00e3e de Ogo\" src=\"http:\/\/rioonwatch.org.br\/wp-content\/uploads\/2017\/08\/Jane-Maria-365x264.jpg\" alt=\"\" width=\"365\" height=\"264\" srcset=\"https:\/\/rioonwatch.org.br\/wp-content\/uploads\/2017\/08\/Jane-Maria-365x264.jpg 365w, https:\/\/rioonwatch.org.br\/wp-content\/uploads\/2017\/08\/Jane-Maria.jpg 510w\" sizes=\"(max-width: 365px) 100vw, 365px\" \/><\/p>\n<p>Alguns dias depois um segundo adolescente, de 15 anos,\u00a0<a href=\"https:\/\/glo.bo\/2vH493w\" target=\"_blank\" rel=\"noopener noreferrer\">tamb\u00e9m negro<\/a>, se entregou afirmando participa\u00e7\u00e3o no crime.\u00a0Menos de duas semanas mais tarde, um terceiro\u00a0adolescente se entregou \u00e0 pol\u00edcia, afirmando que havia praticado o crime com o segundo adolescente detido e <a href=\"https:\/\/glo.bo\/2uiJAqy\" target=\"_blank\" rel=\"noopener noreferrer\">inocentando o Ogo<\/a>.<\/p>\n<p>Rafael e Ogo permanecem presos mesmo diante da falta de provas que os condenem&#8211;ou melhor, de um uso seletivo das provas e testemunhos. Ogo foi condenado com base no testemunho contradit\u00f3rio de um homem e em uma suposta arma encontrada em sua casa, mas n\u00e3o foi absolvido mesmo ap\u00f3s ter sido inocentado por algu\u00e9m que confessou o crime. Rafael foi preso com uma quantidade de drogas considerada pequena e <a href=\"http:\/\/bit.ly\/2vyw3z3\" target=\"_blank\" rel=\"noopener noreferrer\">com base somente no testemunho dos pr\u00f3prios policiais que efetuaram a pris\u00e3o<\/a>, como \u00e9 frequente no caso de jovens negros. Mas <a href=\"http:\/\/bit.ly\/2qaffsX\" target=\"_blank\" rel=\"noopener noreferrer\">os limites entre o que caracteriza &#8220;uso&#8221;, n\u00e3o criminalizado, \u00a0e o que caracteriza &#8220;tr\u00e1fico&#8221; n\u00e3o s\u00e3o bem definidos em lei<\/a>, cabendo ao juiz a decis\u00e3o em cada caso. E a justi\u00e7a tem uma <a href=\"http:\/\/bit.ly\/2hCxfeO\" target=\"_blank\" rel=\"noopener noreferrer\">probabilidade muito maior de chamar de tr\u00e1fico quando o sujeito \u00e9 negro do que quando \u00e9 branco<\/a>, ainda que as quantidades sejam as mesmas. O caso do Ogo e o caso do Rafael ilustram a pior face do nosso sistema judici\u00e1rio: o racismo institucional e a <a href=\"http:\/\/bit.ly\/2buISj2\" target=\"_blank\" rel=\"noopener noreferrer\">criminaliza\u00e7\u00e3o da pobreza<\/a> que condenam com base na cor e na origem social e que conferem a brancos e negros um acesso desigual aos meios jur\u00eddicos.<\/p>\n<p><a href=\"http:\/\/rioonwatch.org.br\/wp-content\/uploads\/2017\/08\/Protestos-Rafael-Braga.jpg\"><img loading=\"lazy\" decoding=\"async\" class=\"aligncenter wp-image-27494 size-content\" title=\"O caso de Rafael Braga tem instigado in\u00fameros debates e protestos pelo Rio de Janeiro e todo o Brasil.\" src=\"http:\/\/rioonwatch.org.br\/wp-content\/uploads\/2017\/08\/Protestos-Rafael-Braga-620x264.jpg\" alt=\"O caso de Rafael Braga tem instigado in\u00fameros debates e protestos pelo Rio de Janeiro e todo o Brasil.\" width=\"620\" height=\"264\" srcset=\"https:\/\/rioonwatch.org.br\/wp-content\/uploads\/2017\/08\/Protestos-Rafael-Braga-620x264.jpg 620w, https:\/\/rioonwatch.org.br\/wp-content\/uploads\/2017\/08\/Protestos-Rafael-Braga-940x400.jpg 940w\" sizes=\"(max-width: 620px) 100vw, 620px\" \/><\/a><\/p>\n<p>Rafael e Ogo t\u00eam ainda outra coisa em comum: os dois ser\u00e3o julgados hoje, no Tribunal de Justi\u00e7a do Rio de Janeiro. Rafael teve seu pedido de <em>habeas corpus<\/em> indeferido na semana passada e haver\u00e1 uma nova audi\u00eancia hoje; caso seja negado, ele permanecer\u00e1 preso at\u00e9 o julgamento pelo suposto crime. Ogo obteve no \u00faltimo julgamento um voto a favor de sua absolvi\u00e7\u00e3o por parte de um dos desembargadores, de forma que o caso ser\u00e1 julgado novamente. Se absolvido, Ogo poder\u00e1 ser indenizado pelo Estado pelos mais de dois anos que passou no Degase.<\/p>\n<p>No Degase, Ogo tem um <a href=\"http:\/\/bit.ly\/2vIV4aX\" target=\"_blank\" rel=\"noopener noreferrer\">\u00f3timo relat\u00f3rio de comportamento<\/a> e j\u00e1 est\u00e1 cursando o Ensino M\u00e9dio, tendo entrado na institui\u00e7\u00e3o cursando a 5\u00aa s\u00e9rie do Ensino Fundamental. Al\u00e9m de destacarem o bom desempenho escolar dele, professores alegaram que Ogo diz ter dois sonhos: morar em Barcelona, pois adora pedalar, e ouviu dizer que l\u00e1 h\u00e1 muitas ciclovias, e ser advogado, para lutar contra injusti\u00e7as.<\/p>\n<!-- AddThis Advanced Settings generic via filter on the_content --><!-- AddThis Share Buttons generic via filter on the_content -->","protected":false},"excerpt":{"rendered":"<div class=\"mh-excerpt\"><p>Click Here for English Rafael Braga foi detido durante as manifesta\u00e7\u00f5es de 2013 por portar um Pinho Sol, e novamente detido no in\u00edcio de 2016, um m\u00eas ap\u00f3s ser liberado para cumprir a pena em <a class=\"mh-excerpt-more\" href=\"https:\/\/rioonwatch.org.br\/?p=27472\" title=\"O Racismo Institucional do Judici\u00e1rio e os Casos Rafael Braga e Ogo Alves\">[&#8230;]<\/a><!-- AddThis Advanced Settings generic via filter on get_the_excerpt --><!-- AddThis Share Buttons generic via filter on get_the_excerpt --><\/p>\n<\/div>","protected":false},"author":152,"featured_media":27491,"comment_status":"closed","ping_status":"closed","sticky":false,"template":"","format":"standard","meta":{"_acf_changed":false,"_monsterinsights_skip_tracking":false,"_monsterinsights_sitenote_active":false,"_monsterinsights_sitenote_note":"","_monsterinsights_sitenote_category":0,"footnotes":""},"categories":[346,1620],"tags":[3253,2159,103,1471,1239,2645,1551,2161,636,243,774,2181,218,383],"writer":[1994],"translator":[],"source":[],"ilustrador":[],"fotografo":[],"class_list":{"0":"post-27472","1":"post","2":"type-post","3":"status-publish","4":"format-standard","5":"has-post-thumbnail","7":"category-denuncias","8":"category-olhonaupp","9":"tag-antirracismo","10":"tag-black-lives-matter","11":"tag-catadores","12":"tag-corrupcao-policial","13":"tag-criminalizacao-da-pobreza","14":"tag-degase","15":"tag-lagoa","16":"tag-maes-de-manguinhos","17":"tag-manguinhos","18":"tag-moradores-de-rua","19":"tag-policia-militar","20":"tag-rafael-braga","21":"tag-zona-norte","22":"tag-zona-sul","23":"writer-luisa-fenizola"},"acf":[],"yoast_head":"<!-- This site is optimized with the Yoast SEO plugin v25.6 - https:\/\/yoast.com\/wordpress\/plugins\/seo\/ -->\n<title>O Racismo Institucional do Judici\u00e1rio e os Casos Rafael Braga e Ogo Alves - RioOnWatch<\/title>\n<meta name=\"robots\" content=\"index, follow, max-snippet:-1, max-image-preview:large, max-video-preview:-1\" \/>\n<link rel=\"canonical\" href=\"https:\/\/rioonwatch.org.br\/?p=27472\" \/>\n<meta property=\"og:locale\" content=\"pt_BR\" \/>\n<meta property=\"og:type\" content=\"article\" \/>\n<meta property=\"og:title\" content=\"O Racismo Institucional do Judici\u00e1rio e os Casos Rafael Braga e Ogo Alves - RioOnWatch\" \/>\n<meta property=\"og:description\" content=\"Click Here for English Rafael Braga foi detido durante as manifesta\u00e7\u00f5es de 2013 por portar um Pinho Sol, e novamente detido no in\u00edcio de 2016, um m\u00eas ap\u00f3s ser liberado para cumprir a pena em [...]\" \/>\n<meta property=\"og:url\" content=\"https:\/\/rioonwatch.org.br\/?p=27472\" \/>\n<meta property=\"og:site_name\" content=\"RioOnWatch\" \/>\n<meta property=\"article:published_time\" content=\"2017-08-08T11:14:12+00:00\" \/>\n<meta property=\"article:modified_time\" content=\"2024-05-24T15:40:36+00:00\" \/>\n<meta property=\"og:image\" content=\"https:\/\/rioonwatch.org.br\/wp-content\/uploads\/2017\/08\/Vini-Oliveira-Charges.png\" \/>\n\t<meta property=\"og:image:width\" content=\"723\" \/>\n\t<meta property=\"og:image:height\" content=\"723\" \/>\n\t<meta property=\"og:image:type\" content=\"image\/png\" \/>\n<meta name=\"author\" content=\"Luisa Fenizola\" \/>\n<meta name=\"twitter:card\" content=\"summary_large_image\" \/>\n<meta name=\"twitter:label1\" content=\"Escrito por\" \/>\n\t<meta name=\"twitter:data1\" content=\"Luisa Fenizola\" \/>\n\t<meta name=\"twitter:label2\" content=\"Est. tempo de leitura\" \/>\n\t<meta name=\"twitter:data2\" content=\"5 minutos\" \/>\n<script type=\"application\/ld+json\" class=\"yoast-schema-graph\">{\"@context\":\"https:\/\/schema.org\",\"@graph\":[{\"@type\":\"Article\",\"@id\":\"https:\/\/rioonwatch.org.br\/?p=27472#article\",\"isPartOf\":{\"@id\":\"https:\/\/rioonwatch.org.br\/?p=27472\"},\"author\":{\"name\":\"Luisa Fenizola\",\"@id\":\"https:\/\/rioonwatch.org.br\/#\/schema\/person\/f443c6b55bb6e80842280318076491c5\"},\"headline\":\"O Racismo Institucional do Judici\u00e1rio e os Casos Rafael Braga e Ogo Alves\",\"datePublished\":\"2017-08-08T11:14:12+00:00\",\"dateModified\":\"2024-05-24T15:40:36+00:00\",\"mainEntityOfPage\":{\"@id\":\"https:\/\/rioonwatch.org.br\/?p=27472\"},\"wordCount\":742,\"publisher\":{\"@id\":\"https:\/\/rioonwatch.org.br\/#organization\"},\"image\":{\"@id\":\"https:\/\/rioonwatch.org.br\/?p=27472#primaryimage\"},\"thumbnailUrl\":\"https:\/\/rioonwatch.org.br\/wp-content\/uploads\/2017\/08\/Vini-Oliveira-Charges.png\",\"keywords\":[\"Antirracismo\",\"Black Lives Matter\",\"catadores\",\"corrup\u00e7\u00e3o policial\",\"criminaliza\u00e7\u00e3o da pobreza\",\"DEGASE\",\"Lagoa\",\"M\u00e3es de Manguinhos\",\"Manguinhos\",\"Moradores em Situa\u00e7\u00e3o de Rua\",\"Pol\u00edcia Militar\",\"Rafael Braga\",\"Zona Norte\",\"Zona Sul\"],\"articleSection\":[\"Den\u00fancias\",\"Seguran\u00e7a P\u00fablica\"],\"inLanguage\":\"pt-BR\"},{\"@type\":\"WebPage\",\"@id\":\"https:\/\/rioonwatch.org.br\/?p=27472\",\"url\":\"https:\/\/rioonwatch.org.br\/?p=27472\",\"name\":\"O Racismo Institucional do Judici\u00e1rio e os Casos Rafael Braga e Ogo Alves - RioOnWatch\",\"isPartOf\":{\"@id\":\"https:\/\/rioonwatch.org.br\/#website\"},\"primaryImageOfPage\":{\"@id\":\"https:\/\/rioonwatch.org.br\/?p=27472#primaryimage\"},\"image\":{\"@id\":\"https:\/\/rioonwatch.org.br\/?p=27472#primaryimage\"},\"thumbnailUrl\":\"https:\/\/rioonwatch.org.br\/wp-content\/uploads\/2017\/08\/Vini-Oliveira-Charges.png\",\"datePublished\":\"2017-08-08T11:14:12+00:00\",\"dateModified\":\"2024-05-24T15:40:36+00:00\",\"breadcrumb\":{\"@id\":\"https:\/\/rioonwatch.org.br\/?p=27472#breadcrumb\"},\"inLanguage\":\"pt-BR\",\"potentialAction\":[{\"@type\":\"ReadAction\",\"target\":[\"https:\/\/rioonwatch.org.br\/?p=27472\"]}]},{\"@type\":\"ImageObject\",\"inLanguage\":\"pt-BR\",\"@id\":\"https:\/\/rioonwatch.org.br\/?p=27472#primaryimage\",\"url\":\"https:\/\/rioonwatch.org.br\/wp-content\/uploads\/2017\/08\/Vini-Oliveira-Charges.png\",\"contentUrl\":\"https:\/\/rioonwatch.org.br\/wp-content\/uploads\/2017\/08\/Vini-Oliveira-Charges.png\",\"width\":723,\"height\":723},{\"@type\":\"BreadcrumbList\",\"@id\":\"https:\/\/rioonwatch.org.br\/?p=27472#breadcrumb\",\"itemListElement\":[{\"@type\":\"ListItem\",\"position\":1,\"name\":\"In\u00edcio\",\"item\":\"https:\/\/rioonwatch.org.br\/\"},{\"@type\":\"ListItem\",\"position\":2,\"name\":\"O Racismo Institucional do Judici\u00e1rio e os Casos Rafael Braga e Ogo Alves\"}]},{\"@type\":\"WebSite\",\"@id\":\"https:\/\/rioonwatch.org.br\/#website\",\"url\":\"https:\/\/rioonwatch.org.br\/\",\"name\":\"RioOnWatch\",\"description\":\"relatos das favelas cariocas\",\"publisher\":{\"@id\":\"https:\/\/rioonwatch.org.br\/#organization\"},\"potentialAction\":[{\"@type\":\"SearchAction\",\"target\":{\"@type\":\"EntryPoint\",\"urlTemplate\":\"https:\/\/rioonwatch.org.br\/?s={search_term_string}\"},\"query-input\":{\"@type\":\"PropertyValueSpecification\",\"valueRequired\":true,\"valueName\":\"search_term_string\"}}],\"inLanguage\":\"pt-BR\"},{\"@type\":\"Organization\",\"@id\":\"https:\/\/rioonwatch.org.br\/#organization\",\"name\":\"RioOnWatch\",\"url\":\"https:\/\/rioonwatch.org.br\/\",\"logo\":{\"@type\":\"ImageObject\",\"inLanguage\":\"pt-BR\",\"@id\":\"https:\/\/rioonwatch.org.br\/#\/schema\/logo\/image\/\",\"url\":\"https:\/\/rioonwatch.org.br\/wp-content\/uploads\/2021\/06\/RioOnWatchcabecalhoPT11anos-2.png\",\"contentUrl\":\"https:\/\/rioonwatch.org.br\/wp-content\/uploads\/2021\/06\/RioOnWatchcabecalhoPT11anos-2.png\",\"width\":779,\"height\":277,\"caption\":\"RioOnWatch\"},\"image\":{\"@id\":\"https:\/\/rioonwatch.org.br\/#\/schema\/logo\/image\/\"}},{\"@type\":\"Person\",\"@id\":\"https:\/\/rioonwatch.org.br\/#\/schema\/person\/f443c6b55bb6e80842280318076491c5\",\"name\":\"Luisa Fenizola\",\"image\":{\"@type\":\"ImageObject\",\"inLanguage\":\"pt-BR\",\"@id\":\"https:\/\/rioonwatch.org.br\/#\/schema\/person\/image\/\",\"url\":\"https:\/\/secure.gravatar.com\/avatar\/a3d551110162b9f876cbbdaaecf75663?s=96&d=blank&r=g\",\"contentUrl\":\"https:\/\/secure.gravatar.com\/avatar\/a3d551110162b9f876cbbdaaecf75663?s=96&d=blank&r=g\",\"caption\":\"Luisa Fenizola\"},\"url\":\"https:\/\/rioonwatch.org.br\/?author=152\"}]}<\/script>\n<!-- \/ Yoast SEO plugin. -->","yoast_head_json":{"title":"O Racismo Institucional do Judici\u00e1rio e os Casos Rafael Braga e Ogo Alves - RioOnWatch","robots":{"index":"index","follow":"follow","max-snippet":"max-snippet:-1","max-image-preview":"max-image-preview:large","max-video-preview":"max-video-preview:-1"},"canonical":"https:\/\/rioonwatch.org.br\/?p=27472","og_locale":"pt_BR","og_type":"article","og_title":"O Racismo Institucional do Judici\u00e1rio e os Casos Rafael Braga e Ogo Alves - RioOnWatch","og_description":"Click Here for English Rafael Braga foi detido durante as manifesta\u00e7\u00f5es de 2013 por portar um Pinho Sol, e novamente detido no in\u00edcio de 2016, um m\u00eas ap\u00f3s ser liberado para cumprir a pena em [...]","og_url":"https:\/\/rioonwatch.org.br\/?p=27472","og_site_name":"RioOnWatch","article_published_time":"2017-08-08T11:14:12+00:00","article_modified_time":"2024-05-24T15:40:36+00:00","og_image":[{"width":723,"height":723,"url":"https:\/\/rioonwatch.org.br\/wp-content\/uploads\/2017\/08\/Vini-Oliveira-Charges.png","type":"image\/png"}],"author":"Luisa Fenizola","twitter_card":"summary_large_image","twitter_misc":{"Escrito por":"Luisa Fenizola","Est. tempo de leitura":"5 minutos"},"schema":{"@context":"https:\/\/schema.org","@graph":[{"@type":"Article","@id":"https:\/\/rioonwatch.org.br\/?p=27472#article","isPartOf":{"@id":"https:\/\/rioonwatch.org.br\/?p=27472"},"author":{"name":"Luisa Fenizola","@id":"https:\/\/rioonwatch.org.br\/#\/schema\/person\/f443c6b55bb6e80842280318076491c5"},"headline":"O Racismo Institucional do Judici\u00e1rio e os Casos Rafael Braga e Ogo Alves","datePublished":"2017-08-08T11:14:12+00:00","dateModified":"2024-05-24T15:40:36+00:00","mainEntityOfPage":{"@id":"https:\/\/rioonwatch.org.br\/?p=27472"},"wordCount":742,"publisher":{"@id":"https:\/\/rioonwatch.org.br\/#organization"},"image":{"@id":"https:\/\/rioonwatch.org.br\/?p=27472#primaryimage"},"thumbnailUrl":"https:\/\/rioonwatch.org.br\/wp-content\/uploads\/2017\/08\/Vini-Oliveira-Charges.png","keywords":["Antirracismo","Black Lives Matter","catadores","corrup\u00e7\u00e3o policial","criminaliza\u00e7\u00e3o da pobreza","DEGASE","Lagoa","M\u00e3es de Manguinhos","Manguinhos","Moradores em Situa\u00e7\u00e3o de Rua","Pol\u00edcia Militar","Rafael Braga","Zona Norte","Zona Sul"],"articleSection":["Den\u00fancias","Seguran\u00e7a P\u00fablica"],"inLanguage":"pt-BR"},{"@type":"WebPage","@id":"https:\/\/rioonwatch.org.br\/?p=27472","url":"https:\/\/rioonwatch.org.br\/?p=27472","name":"O Racismo Institucional do Judici\u00e1rio e os Casos Rafael Braga e Ogo Alves - RioOnWatch","isPartOf":{"@id":"https:\/\/rioonwatch.org.br\/#website"},"primaryImageOfPage":{"@id":"https:\/\/rioonwatch.org.br\/?p=27472#primaryimage"},"image":{"@id":"https:\/\/rioonwatch.org.br\/?p=27472#primaryimage"},"thumbnailUrl":"https:\/\/rioonwatch.org.br\/wp-content\/uploads\/2017\/08\/Vini-Oliveira-Charges.png","datePublished":"2017-08-08T11:14:12+00:00","dateModified":"2024-05-24T15:40:36+00:00","breadcrumb":{"@id":"https:\/\/rioonwatch.org.br\/?p=27472#breadcrumb"},"inLanguage":"pt-BR","potentialAction":[{"@type":"ReadAction","target":["https:\/\/rioonwatch.org.br\/?p=27472"]}]},{"@type":"ImageObject","inLanguage":"pt-BR","@id":"https:\/\/rioonwatch.org.br\/?p=27472#primaryimage","url":"https:\/\/rioonwatch.org.br\/wp-content\/uploads\/2017\/08\/Vini-Oliveira-Charges.png","contentUrl":"https:\/\/rioonwatch.org.br\/wp-content\/uploads\/2017\/08\/Vini-Oliveira-Charges.png","width":723,"height":723},{"@type":"BreadcrumbList","@id":"https:\/\/rioonwatch.org.br\/?p=27472#breadcrumb","itemListElement":[{"@type":"ListItem","position":1,"name":"In\u00edcio","item":"https:\/\/rioonwatch.org.br\/"},{"@type":"ListItem","position":2,"name":"O Racismo Institucional do Judici\u00e1rio e os Casos Rafael Braga e Ogo Alves"}]},{"@type":"WebSite","@id":"https:\/\/rioonwatch.org.br\/#website","url":"https:\/\/rioonwatch.org.br\/","name":"RioOnWatch","description":"relatos das favelas cariocas","publisher":{"@id":"https:\/\/rioonwatch.org.br\/#organization"},"potentialAction":[{"@type":"SearchAction","target":{"@type":"EntryPoint","urlTemplate":"https:\/\/rioonwatch.org.br\/?s={search_term_string}"},"query-input":{"@type":"PropertyValueSpecification","valueRequired":true,"valueName":"search_term_string"}}],"inLanguage":"pt-BR"},{"@type":"Organization","@id":"https:\/\/rioonwatch.org.br\/#organization","name":"RioOnWatch","url":"https:\/\/rioonwatch.org.br\/","logo":{"@type":"ImageObject","inLanguage":"pt-BR","@id":"https:\/\/rioonwatch.org.br\/#\/schema\/logo\/image\/","url":"https:\/\/rioonwatch.org.br\/wp-content\/uploads\/2021\/06\/RioOnWatchcabecalhoPT11anos-2.png","contentUrl":"https:\/\/rioonwatch.org.br\/wp-content\/uploads\/2021\/06\/RioOnWatchcabecalhoPT11anos-2.png","width":779,"height":277,"caption":"RioOnWatch"},"image":{"@id":"https:\/\/rioonwatch.org.br\/#\/schema\/logo\/image\/"}},{"@type":"Person","@id":"https:\/\/rioonwatch.org.br\/#\/schema\/person\/f443c6b55bb6e80842280318076491c5","name":"Luisa Fenizola","image":{"@type":"ImageObject","inLanguage":"pt-BR","@id":"https:\/\/rioonwatch.org.br\/#\/schema\/person\/image\/","url":"https:\/\/secure.gravatar.com\/avatar\/a3d551110162b9f876cbbdaaecf75663?s=96&d=blank&r=g","contentUrl":"https:\/\/secure.gravatar.com\/avatar\/a3d551110162b9f876cbbdaaecf75663?s=96&d=blank&r=g","caption":"Luisa Fenizola"},"url":"https:\/\/rioonwatch.org.br\/?author=152"}]}},"_links":{"self":[{"href":"https:\/\/rioonwatch.org.br\/index.php?rest_route=\/wp\/v2\/posts\/27472"}],"collection":[{"href":"https:\/\/rioonwatch.org.br\/index.php?rest_route=\/wp\/v2\/posts"}],"about":[{"href":"https:\/\/rioonwatch.org.br\/index.php?rest_route=\/wp\/v2\/types\/post"}],"author":[{"embeddable":true,"href":"https:\/\/rioonwatch.org.br\/index.php?rest_route=\/wp\/v2\/users\/152"}],"replies":[{"embeddable":true,"href":"https:\/\/rioonwatch.org.br\/index.php?rest_route=%2Fwp%2Fv2%2Fcomments&post=27472"}],"version-history":[{"count":19,"href":"https:\/\/rioonwatch.org.br\/index.php?rest_route=\/wp\/v2\/posts\/27472\/revisions"}],"predecessor-version":[{"id":70398,"href":"https:\/\/rioonwatch.org.br\/index.php?rest_route=\/wp\/v2\/posts\/27472\/revisions\/70398"}],"wp:featuredmedia":[{"embeddable":true,"href":"https:\/\/rioonwatch.org.br\/index.php?rest_route=\/wp\/v2\/media\/27491"}],"wp:attachment":[{"href":"https:\/\/rioonwatch.org.br\/index.php?rest_route=%2Fwp%2Fv2%2Fmedia&parent=27472"}],"wp:term":[{"taxonomy":"category","embeddable":true,"href":"https:\/\/rioonwatch.org.br\/index.php?rest_route=%2Fwp%2Fv2%2Fcategories&post=27472"},{"taxonomy":"post_tag","embeddable":true,"href":"https:\/\/rioonwatch.org.br\/index.php?rest_route=%2Fwp%2Fv2%2Ftags&post=27472"},{"taxonomy":"writer","embeddable":true,"href":"https:\/\/rioonwatch.org.br\/index.php?rest_route=%2Fwp%2Fv2%2Fwriter&post=27472"},{"taxonomy":"translator","embeddable":true,"href":"https:\/\/rioonwatch.org.br\/index.php?rest_route=%2Fwp%2Fv2%2Ftranslator&post=27472"},{"taxonomy":"source","embeddable":true,"href":"https:\/\/rioonwatch.org.br\/index.php?rest_route=%2Fwp%2Fv2%2Fsource&post=27472"},{"taxonomy":"ilustrador","embeddable":true,"href":"https:\/\/rioonwatch.org.br\/index.php?rest_route=%2Fwp%2Fv2%2Filustrador&post=27472"},{"taxonomy":"fotografo","embeddable":true,"href":"https:\/\/rioonwatch.org.br\/index.php?rest_route=%2Fwp%2Fv2%2Ffotografo&post=27472"}],"curies":[{"name":"wp","href":"https:\/\/api.w.org\/{rel}","templated":true}]}}