{"id":27500,"date":"2017-08-09T13:59:22","date_gmt":"2017-08-09T16:59:22","guid":{"rendered":"http:\/\/rioonwatch.org.br\/?p=27500"},"modified":"2024-06-20T16:24:34","modified_gmt":"2024-06-20T19:24:34","slug":"um-ano-apos-as-olimpiadas-o-que-restou-no-rio-e-no-complexo-do-alemao-quelegado-opiniao","status":"publish","type":"post","link":"https:\/\/rioonwatch.org.br\/?p=27500","title":{"rendered":"Um Ano Ap\u00f3s as Olimp\u00edadas: O Que Restou no Rio e no Complexo do Alem\u00e3o? #QueLegado [OPINI\u00c3O]"},"content":{"rendered":"<p style=\"text-align: right;\"><em><strong><a href=\"http:\/\/bit.ly\/2uYHWe3\" target=\"_blank\" rel=\"noopener noreferrer\">Click Here for English<img decoding=\"async\" width=\"20\" height=\"20\" class=\"alignright wp-image-15790\" src=\"http:\/\/rioonwatch.org.br\/wp-content\/uploads\/2012\/08\/EN-standard-e1439583104716.jpg\" alt=\"\" \/><\/a><\/strong><\/em><\/p>\n<h3><span style=\"font-weight: 400;\">O que tens movido os cora\u00e7\u00f5es aflitos nesses dias de caos e extrema inseguran\u00e7a? <\/span><\/h3>\n<p><span style=\"font-weight: 400;\">Observando os dias atuais, \u00e9 percept\u00edvel o medo e o estado de p\u00e2nico que todos t\u00eam vivido cotidianamente. Um passo \u00e0 frente \u00e9 algo desafiador. \u00c9 um ato de agradecimento se permanecermos vivos. Pois est\u00e1 cada dia mais dif\u00edcil viver nessa cidade do medo, essa cidade que se afundou em corrup\u00e7\u00e3o institucionalizada e patrocinada por governantes que s\u00f3 pensaram em <a href=\"http:\/\/bit.ly\/1VBXgHI\" target=\"_blank\" rel=\"noopener\">roubar do povo, de forma descabida e sem nenhum pudor, o que ainda restava<\/a>.<\/span><\/p>\n<p><span style=\"font-weight: 400;\">A forma como vejo tudo aqui do alto do morro me faz <a href=\"http:\/\/bit.ly\/2wdfTbT\" target=\"_blank\" rel=\"noopener\">enxergar com mais nitidez os fatos<\/a>. O desenrolar dessa hist\u00f3ria macabra que foi tramada num enredo onde os idealizadores, em seus gabinetes refrigerados, <a href=\"http:\/\/bit.ly\/2vcNP9T\" target=\"_blank\" rel=\"noopener\">pensaram e arquitetaram as mais diversas formas de lucrar<\/a> nas grandes obras que o estado mostrou nos an\u00fancios dos grandes eventos que vieram. Eles pensaram nos m\u00ednimos detalhes, e com tudo isso estamos sofrendo hoje, passando as mais duras penas, a condena\u00e7\u00e3o involunt\u00e1ria causada por indiv\u00edduos que de forma covarde tiraram esperan\u00e7a e sonhos de milhares de pessoas. Servidores passando fome, seguran\u00e7a em colapso, os cofres do estado saqueados, hospitais sendo fechados e m\u00e9dicos demitidos, escolas sem aulas e o crescente n\u00famero de adolescentes e jovens sendo for\u00e7ados a conviverem sem um futuro, entre outras atrocidades que estamos presenciando e sentido na pele. \u00a0<\/span><\/p>\n<p><span style=\"font-weight: 400;\">Estamos sendo exterminados de forma absurda, ataques covardes, causados por incompet\u00eancia de m\u00e1 gest\u00e3o, de governantes que escolheram desviar recursos sagrados que seriam para deixar o tal \u201c<a href=\"http:\/\/bit.ly\/1ps41Xf\" target=\"_blank\" rel=\"noopener\">legado<\/a>\u201d. O que nos restou depois da passagem dos eventos foi apenas <a href=\"http:\/\/bbc.in\/2vmxQEU\" target=\"_blank\" rel=\"noopener\">dor, morte e desesperan\u00e7a<\/a>. Tudo que estamos passando hoje era previsto neste advento com progn\u00f3stico nefasto. J\u00e1 sab\u00edamos que seria assim e todos os que estavam envolvidos tamb\u00e9m sabiam. Mesmo assim prosseguiram nesse plano de surrupiar os cofres p\u00fablicos em favor dos interesses das grandes <a href=\"http:\/\/bit.ly\/2bYyXSB\" target=\"_blank\" rel=\"noopener\">corpora\u00e7\u00f5es que lucraram<\/a> e foram embora daqui com os bolsos cheios de dinheiro. <a href=\"http:\/\/bit.ly\/2aegnWH\" target=\"_blank\" rel=\"noopener\">As favelas foram onde mais houveram ataques<\/a> por conta desse caos instalado. Perdemos muito com tudo isso. Um exemplo aqui no <a href=\"http:\/\/bit.ly\/U0MiGm\" target=\"_blank\" rel=\"noopener\">Complexo do Alem\u00e3o<\/a> foi o <a href=\"https:\/\/glo.bo\/2vJZbCX\" target=\"_blank\" rel=\"noopener\">fechamento da Cl\u00ednica da Fam\u00edlia de Palmeiras<\/a>, o <a href=\"http:\/\/bit.ly\/2oqONME\" target=\"_blank\" rel=\"noopener\">abandono das esta\u00e7\u00f5es do telef\u00e9rico e seu fechamento<\/a>, trazendo um enorme transtorno na locomo\u00e7\u00e3o de centenas de moradores que usavam como transporte modal. E o\u00a0<a href=\"http:\/\/bit.ly\/2vBTZBE\" target=\"_blank\" rel=\"noopener\">encerramento de atividades da Biblioteca Parque do Alem\u00e3o<\/a>. Isso sem contar com o aumento desordenado dos tiroteios di\u00e1rios causando um p\u00e2nico assustador! Pessoas baleadas e mortas foi o saldo dessa insanidade que foi trazer para c\u00e1 esses grandes eventos.<\/span><\/p>\n<p><a href=\"http:\/\/rioonwatch.org.br\/wp-content\/uploads\/2017\/08\/Foto-2-Bruno-Itan-1.jpg\"><img fetchpriority=\"high\" decoding=\"async\" class=\"aligncenter wp-image-27507 size-content\" title=\"Balas e soldados no Complexo do Alem\u00e3o- Foto por Bruno Itan \" src=\"http:\/\/rioonwatch.org.br\/wp-content\/uploads\/2017\/08\/Foto-2-Bruno-Itan-1-620x264.jpg\" alt=\"\" width=\"620\" height=\"264\" \/><\/a><\/p>\n<p><span style=\"font-weight: 400;\">Sem os <a href=\"http:\/\/bit.ly\/2i2Oj8K\" target=\"_blank\" rel=\"noopener\">holofotes das m\u00eddias<\/a> que estavam aqui para cobrirem os grandes eventos, o pano de fundo veio a baixo e com isso os abusos foram intensificados e v\u00e1rias viola\u00e7\u00f5es dos direitos humanos ficaram cada vez mais intensas. O\u00a0<a href=\"https:\/\/glo.bo\/2vBvHYg\" target=\"_blank\" rel=\"noopener\">desvio de verbas que atenderiam as demandas de habita\u00e7\u00e3o<\/a> fizeram com que elas n\u00e3o fossem executados. A finaliza\u00e7\u00e3o das obras do <a href=\"http:\/\/bit.ly\/NnSmIP\" target=\"_blank\" rel=\"noopener\">PAC<\/a>\u00a0foi deixada de m\u00e3o e assim outras centenas de pessoas foram prejudicadas diretamente.<\/span><\/p>\n<p><span style=\"font-weight: 400;\">\u00c9 muito triste relacionar um per\u00edodo \u00e1ureo de pr\u00e9-eventos a esse per\u00edodo atual. Antes <a href=\"http:\/\/bit.ly\/2wdfTbT\" target=\"_blank\" rel=\"noopener\">havia uma gota de esperan\u00e7a<\/a>, turistas, uma sensa\u00e7\u00e3o de seguran\u00e7a, mesmo que falsa, mas havia. E hoje nenhuma pontinha de luz no fundo do t\u00fanel. <\/span><\/p>\n<p><span style=\"font-weight: 400;\">No per\u00edodo em que sonhamos com as melhorias, foi um \u00eaxtase, um frenesi de muitos moradores se capacitando para trabalhar com turismo, buscando aprendizagem atrav\u00e9s do Sebrae que fez in\u00fameros moradores acreditarem que valeria a pena tornarem-se micro-empreendedores. Ledo engano. Quantos jovens sonharam em se tornar artistas de teatro, ou mesmo m\u00fasicos, ou ainda cursaram uma universidade e sa\u00edram da condi\u00e7\u00e3o em que se encontravam, temporariamente? Presenciei muitos adolescentes motivados a buscarem escolas e cursos para se ingressarem no programa Jovem Aprendiz. E, no final,\u00a0<a href=\"http:\/\/bit.ly\/2h9qD7u\" target=\"_blank\" rel=\"noopener\">todos esses sonhos foram tirados de forma covarde<\/a>, pois estes projetos foram impedidos de continuar por conta da falta de verba e tamb\u00e9m da viol\u00eancia.<\/span><\/p>\n<p><span style=\"font-weight: 400;\">Hoje choro com aqueles que assim como eu acreditaram que aqui teria uma continuidade, pessoas que abriram pens\u00e3o, hospedaria, melhoraram a padaria, os mercadinhos, e at\u00e9 mesmo suas resid\u00eancias. Hoje se veem for\u00e7ados a olhar para seus empreendimentos desvalorizados e sem futuro. Olhando para os cabos e n\u00e3o vendo as gondolas circularem. Andar com medo nos nossos becos e vielas \u00e9 algo muito triste.<\/span><\/p>\n<p><a href=\"http:\/\/rioonwatch.org.br\/wp-content\/uploads\/2017\/08\/Foto-1-Bento-Fabio-2.jpg\"><img decoding=\"async\" class=\"aligncenter wp-image-27508 size-content\" title=\"Esta\u00e7\u00e3o do telef\u00e9rico com atividades paradas. Foto por Bento Fabio\" src=\"http:\/\/rioonwatch.org.br\/wp-content\/uploads\/2017\/08\/Foto-1-Bento-Fabio-2-620x264.jpg\" alt=\"\" width=\"620\" height=\"264\" \/><\/a><\/p>\n<p><span style=\"font-weight: 400;\">A <a href=\"http:\/\/bit.ly\/2wu4qVg\" target=\"_blank\" rel=\"noopener\">Jornada da Juventude<\/a>, a <a href=\"http:\/\/bit.ly\/WfaiMR\" target=\"_blank\" rel=\"noopener\">Copa do Mundo<\/a>, as <a href=\"http:\/\/bit.ly\/PkLXlQ\" target=\"_blank\" rel=\"noopener\">Olimp\u00edadas<\/a> passaram e o que ficou? Um rastro de d\u00edvidas e <a href=\"https:\/\/glo.bo\/2umvWm2\" target=\"_blank\" rel=\"noopener\">obras inacabadas<\/a>. Obras superfaturadas que foram conclu\u00eddas est\u00e3o hoje abandonadas. O Rio n\u00e3o merecia isso. Esse estado \u00e9 rico e bonito. N\u00e3o merecia ser saqueado por essa quadrilha que ainda continua a governar com m\u00e3o \u201cleve\u201d os destinos de milh\u00f5es de pessoas.<\/span><\/p>\n<p>Finalizando, deixo aqui o meu desabafo, daqui do alto do morro de onde falei&#8211;muito antes disso para alguns ve\u00edculos de comunica\u00e7\u00e3o&#8211;que quando passasse esses eventos o Rio iria mergulhar em um caos total. E tudo que falei est\u00e1 se cumprindo, inclusive num texto desse mesmo portal, chamado\u00a0<a href=\"http:\/\/bit.ly\/1D4z9JL\" target=\"_blank\" rel=\"noopener\">Um dia ap\u00f3s\u00a0o t\u00e9rmino das Olimp\u00edadas de 2016 aqui no Rio\u2026<\/a>\u00a0onde retratei ironicamente como seria se fosse da vontade dos governantes uma real mudan\u00e7a. E vejo que hoje, um ano ap\u00f3s o t\u00e9rmino dos Jogos Ol\u00edmpicos, nada do que relatei naquele texto aconteceu. Pior, est\u00e1 pior do que antes.<\/p>\n<p>O legado hoje \u00e9 mortes em vias expressas, mais tiroteios nas favelas, medo e incertezas de como ser\u00e1 o amanh\u00e3.<\/p>\n<p>N\u00e3o suportamos mais isso!<\/p>\n<p><em>Cleber Araujo \u00e9 morador do Complexo do Alem\u00e3o, onde atrav\u00e9s das redes sociais mostra a favela em suas mais diversas formas e momentos.<\/em><\/p>\n<!-- AddThis Advanced Settings generic via filter on the_content --><!-- AddThis Share Buttons generic via filter on the_content -->","protected":false},"excerpt":{"rendered":"<div class=\"mh-excerpt\"><p>Click Here for English O que tens movido os cora\u00e7\u00f5es aflitos nesses dias de caos e extrema inseguran\u00e7a? Observando os dias atuais, \u00e9 percept\u00edvel o medo e o estado de p\u00e2nico que todos t\u00eam vivido <a class=\"mh-excerpt-more\" href=\"https:\/\/rioonwatch.org.br\/?p=27500\" title=\"Um Ano Ap\u00f3s as Olimp\u00edadas: O Que Restou no Rio e no Complexo do Alem\u00e3o? #QueLegado [OPINI\u00c3O]\">[&#8230;]<\/a><!-- AddThis Advanced Settings generic via filter on get_the_excerpt --><!-- AddThis Share Buttons generic via filter on get_the_excerpt --><\/p>\n<\/div>","protected":false},"author":129,"featured_media":27504,"comment_status":"closed","ping_status":"closed","sticky":false,"template":"","format":"standard","meta":{"_acf_changed":false,"_monsterinsights_skip_tracking":false,"_monsterinsights_sitenote_active":false,"_monsterinsights_sitenote_note":"","_monsterinsights_sitenote_category":0,"footnotes":""},"categories":[2051,1635,1621,346,1625,1630],"tags":[2185,217,310,687,2182,722,1240,574,1021,417,78,307,36,2183,262,825,218],"writer":[1284],"translator":[],"source":[],"ilustrador":[],"fotografo":[],"class_list":{"0":"post-27500","1":"post","2":"type-post","3":"status-publish","4":"format-standard","5":"has-post-thumbnail","7":"category-olhonolegado","8":"category-1635","9":"category-destaque","10":"category-denuncias","11":"category-por-correspondentes-comunitarios","12":"category-opiniao","13":"tag-biblioteca-parque","14":"tag-complexo-do-alemao","15":"tag-corrupcao","16":"tag-economia","17":"tag-jornada-da-juventude","18":"tag-legado","19":"tag-megaeventos","20":"tag-microempreendedor","21":"tag-mito-do-legado","22":"tag-negligencia-do-estado","23":"tag-olimpiadas","24":"tag-opiniao","25":"tag-pac","26":"tag-sebrae","27":"tag-teleferico","28":"tag-turismo","29":"tag-zona-norte","30":"writer-cleber-araujo"},"acf":[],"yoast_head":"<!-- This site is optimized with the Yoast SEO plugin v25.6 - https:\/\/yoast.com\/wordpress\/plugins\/seo\/ -->\n<title>Um Ano Ap\u00f3s as Olimp\u00edadas: O Que Restou no Rio e no Complexo do Alem\u00e3o? #QueLegado [OPINI\u00c3O] - RioOnWatch<\/title>\n<meta name=\"robots\" content=\"index, follow, max-snippet:-1, max-image-preview:large, max-video-preview:-1\" \/>\n<link rel=\"canonical\" href=\"https:\/\/rioonwatch.org.br\/?p=27500\" \/>\n<meta property=\"og:locale\" content=\"pt_BR\" \/>\n<meta property=\"og:type\" content=\"article\" \/>\n<meta property=\"og:title\" content=\"Um Ano Ap\u00f3s as Olimp\u00edadas: O Que Restou no Rio e no Complexo do Alem\u00e3o? #QueLegado [OPINI\u00c3O] - RioOnWatch\" \/>\n<meta property=\"og:description\" content=\"Click Here for English O que tens movido os cora\u00e7\u00f5es aflitos nesses dias de caos e extrema inseguran\u00e7a? Observando os dias atuais, \u00e9 percept\u00edvel o medo e o estado de p\u00e2nico que todos t\u00eam vivido [...]\" \/>\n<meta property=\"og:url\" content=\"https:\/\/rioonwatch.org.br\/?p=27500\" \/>\n<meta property=\"og:site_name\" content=\"RioOnWatch\" \/>\n<meta property=\"article:published_time\" content=\"2017-08-09T16:59:22+00:00\" \/>\n<meta property=\"article:modified_time\" content=\"2024-06-20T19:24:34+00:00\" \/>\n<meta property=\"og:image\" content=\"https:\/\/rioonwatch.org.br\/wp-content\/uploads\/2017\/08\/Foto-2-Bento-Fabio-1.jpg\" \/>\n\t<meta property=\"og:image:width\" content=\"960\" \/>\n\t<meta property=\"og:image:height\" content=\"640\" \/>\n\t<meta property=\"og:image:type\" content=\"image\/jpeg\" \/>\n<meta name=\"author\" content=\"Admin\" \/>\n<meta name=\"twitter:card\" content=\"summary_large_image\" \/>\n<meta name=\"twitter:label1\" content=\"Escrito por\" \/>\n\t<meta name=\"twitter:data1\" content=\"Admin\" \/>\n\t<meta name=\"twitter:label2\" content=\"Est. tempo de leitura\" \/>\n\t<meta name=\"twitter:data2\" content=\"5 minutos\" \/>\n<script type=\"application\/ld+json\" class=\"yoast-schema-graph\">{\"@context\":\"https:\/\/schema.org\",\"@graph\":[{\"@type\":\"Article\",\"@id\":\"https:\/\/rioonwatch.org.br\/?p=27500#article\",\"isPartOf\":{\"@id\":\"https:\/\/rioonwatch.org.br\/?p=27500\"},\"author\":{\"name\":\"Admin\",\"@id\":\"https:\/\/rioonwatch.org.br\/#\/schema\/person\/11d64c290506f9df50c71b850c473f68\"},\"headline\":\"Um Ano Ap\u00f3s as Olimp\u00edadas: O Que Restou no Rio e no Complexo do Alem\u00e3o? #QueLegado [OPINI\u00c3O]\",\"datePublished\":\"2017-08-09T16:59:22+00:00\",\"dateModified\":\"2024-06-20T19:24:34+00:00\",\"mainEntityOfPage\":{\"@id\":\"https:\/\/rioonwatch.org.br\/?p=27500\"},\"wordCount\":1011,\"publisher\":{\"@id\":\"https:\/\/rioonwatch.org.br\/#organization\"},\"image\":{\"@id\":\"https:\/\/rioonwatch.org.br\/?p=27500#primaryimage\"},\"thumbnailUrl\":\"https:\/\/rioonwatch.org.br\/wp-content\/uploads\/2017\/08\/Foto-2-Bento-Fabio-1.jpg\",\"keywords\":[\"Biblioteca Parque\",\"Complexo do Alem\u00e3o\",\"corrup\u00e7\u00e3o\",\"economia\",\"Jornada da Juventude\",\"Legado Ol\u00edmpico\",\"Megaeventos\",\"microempreendedor\",\"mito do legado\",\"Neglig\u00eancia do Estado\",\"Olimp\u00edadas\",\"opini\u00e3o\",\"PAC\",\"Sebrae\",\"telef\u00e9rico\",\"turismo\",\"Zona Norte\"],\"articleSection\":[\"#OlhoNoLegado\",\"#Rio2016\",\"*Destaque\",\"Den\u00fancias\",\"Escrito por Comunicadores Populares\",\"Opini\u00e3o\"],\"inLanguage\":\"pt-BR\"},{\"@type\":\"WebPage\",\"@id\":\"https:\/\/rioonwatch.org.br\/?p=27500\",\"url\":\"https:\/\/rioonwatch.org.br\/?p=27500\",\"name\":\"Um Ano Ap\u00f3s as Olimp\u00edadas: O Que Restou no Rio e no Complexo do Alem\u00e3o? #QueLegado [OPINI\u00c3O] - RioOnWatch\",\"isPartOf\":{\"@id\":\"https:\/\/rioonwatch.org.br\/#website\"},\"primaryImageOfPage\":{\"@id\":\"https:\/\/rioonwatch.org.br\/?p=27500#primaryimage\"},\"image\":{\"@id\":\"https:\/\/rioonwatch.org.br\/?p=27500#primaryimage\"},\"thumbnailUrl\":\"https:\/\/rioonwatch.org.br\/wp-content\/uploads\/2017\/08\/Foto-2-Bento-Fabio-1.jpg\",\"datePublished\":\"2017-08-09T16:59:22+00:00\",\"dateModified\":\"2024-06-20T19:24:34+00:00\",\"breadcrumb\":{\"@id\":\"https:\/\/rioonwatch.org.br\/?p=27500#breadcrumb\"},\"inLanguage\":\"pt-BR\",\"potentialAction\":[{\"@type\":\"ReadAction\",\"target\":[\"https:\/\/rioonwatch.org.br\/?p=27500\"]}]},{\"@type\":\"ImageObject\",\"inLanguage\":\"pt-BR\",\"@id\":\"https:\/\/rioonwatch.org.br\/?p=27500#primaryimage\",\"url\":\"https:\/\/rioonwatch.org.br\/wp-content\/uploads\/2017\/08\/Foto-2-Bento-Fabio-1.jpg\",\"contentUrl\":\"https:\/\/rioonwatch.org.br\/wp-content\/uploads\/2017\/08\/Foto-2-Bento-Fabio-1.jpg\",\"width\":960,\"height\":640},{\"@type\":\"BreadcrumbList\",\"@id\":\"https:\/\/rioonwatch.org.br\/?p=27500#breadcrumb\",\"itemListElement\":[{\"@type\":\"ListItem\",\"position\":1,\"name\":\"In\u00edcio\",\"item\":\"https:\/\/rioonwatch.org.br\/\"},{\"@type\":\"ListItem\",\"position\":2,\"name\":\"Um Ano Ap\u00f3s as Olimp\u00edadas: O Que Restou no Rio e no Complexo do Alem\u00e3o? #QueLegado [OPINI\u00c3O]\"}]},{\"@type\":\"WebSite\",\"@id\":\"https:\/\/rioonwatch.org.br\/#website\",\"url\":\"https:\/\/rioonwatch.org.br\/\",\"name\":\"RioOnWatch\",\"description\":\"relatos das favelas cariocas\",\"publisher\":{\"@id\":\"https:\/\/rioonwatch.org.br\/#organization\"},\"potentialAction\":[{\"@type\":\"SearchAction\",\"target\":{\"@type\":\"EntryPoint\",\"urlTemplate\":\"https:\/\/rioonwatch.org.br\/?s={search_term_string}\"},\"query-input\":{\"@type\":\"PropertyValueSpecification\",\"valueRequired\":true,\"valueName\":\"search_term_string\"}}],\"inLanguage\":\"pt-BR\"},{\"@type\":\"Organization\",\"@id\":\"https:\/\/rioonwatch.org.br\/#organization\",\"name\":\"RioOnWatch\",\"url\":\"https:\/\/rioonwatch.org.br\/\",\"logo\":{\"@type\":\"ImageObject\",\"inLanguage\":\"pt-BR\",\"@id\":\"https:\/\/rioonwatch.org.br\/#\/schema\/logo\/image\/\",\"url\":\"https:\/\/rioonwatch.org.br\/wp-content\/uploads\/2021\/06\/RioOnWatchcabecalhoPT11anos-2.png\",\"contentUrl\":\"https:\/\/rioonwatch.org.br\/wp-content\/uploads\/2021\/06\/RioOnWatchcabecalhoPT11anos-2.png\",\"width\":779,\"height\":277,\"caption\":\"RioOnWatch\"},\"image\":{\"@id\":\"https:\/\/rioonwatch.org.br\/#\/schema\/logo\/image\/\"}},{\"@type\":\"Person\",\"@id\":\"https:\/\/rioonwatch.org.br\/#\/schema\/person\/11d64c290506f9df50c71b850c473f68\",\"name\":\"Admin\",\"image\":{\"@type\":\"ImageObject\",\"inLanguage\":\"pt-BR\",\"@id\":\"https:\/\/rioonwatch.org.br\/#\/schema\/person\/image\/\",\"url\":\"https:\/\/secure.gravatar.com\/avatar\/56211ac74568383903349a1485e3c325?s=96&d=blank&r=g\",\"contentUrl\":\"https:\/\/secure.gravatar.com\/avatar\/56211ac74568383903349a1485e3c325?s=96&d=blank&r=g\",\"caption\":\"Admin\"},\"url\":\"https:\/\/rioonwatch.org.br\/?author=129\"}]}<\/script>\n<!-- \/ Yoast SEO plugin. -->","yoast_head_json":{"title":"Um Ano Ap\u00f3s as Olimp\u00edadas: O Que Restou no Rio e no Complexo do Alem\u00e3o? #QueLegado [OPINI\u00c3O] - RioOnWatch","robots":{"index":"index","follow":"follow","max-snippet":"max-snippet:-1","max-image-preview":"max-image-preview:large","max-video-preview":"max-video-preview:-1"},"canonical":"https:\/\/rioonwatch.org.br\/?p=27500","og_locale":"pt_BR","og_type":"article","og_title":"Um Ano Ap\u00f3s as Olimp\u00edadas: O Que Restou no Rio e no Complexo do Alem\u00e3o? #QueLegado [OPINI\u00c3O] - RioOnWatch","og_description":"Click Here for English O que tens movido os cora\u00e7\u00f5es aflitos nesses dias de caos e extrema inseguran\u00e7a? Observando os dias atuais, \u00e9 percept\u00edvel o medo e o estado de p\u00e2nico que todos t\u00eam vivido [...]","og_url":"https:\/\/rioonwatch.org.br\/?p=27500","og_site_name":"RioOnWatch","article_published_time":"2017-08-09T16:59:22+00:00","article_modified_time":"2024-06-20T19:24:34+00:00","og_image":[{"width":960,"height":640,"url":"https:\/\/rioonwatch.org.br\/wp-content\/uploads\/2017\/08\/Foto-2-Bento-Fabio-1.jpg","type":"image\/jpeg"}],"author":"Admin","twitter_card":"summary_large_image","twitter_misc":{"Escrito por":"Admin","Est. tempo de leitura":"5 minutos"},"schema":{"@context":"https:\/\/schema.org","@graph":[{"@type":"Article","@id":"https:\/\/rioonwatch.org.br\/?p=27500#article","isPartOf":{"@id":"https:\/\/rioonwatch.org.br\/?p=27500"},"author":{"name":"Admin","@id":"https:\/\/rioonwatch.org.br\/#\/schema\/person\/11d64c290506f9df50c71b850c473f68"},"headline":"Um Ano Ap\u00f3s as Olimp\u00edadas: O Que Restou no Rio e no Complexo do Alem\u00e3o? #QueLegado [OPINI\u00c3O]","datePublished":"2017-08-09T16:59:22+00:00","dateModified":"2024-06-20T19:24:34+00:00","mainEntityOfPage":{"@id":"https:\/\/rioonwatch.org.br\/?p=27500"},"wordCount":1011,"publisher":{"@id":"https:\/\/rioonwatch.org.br\/#organization"},"image":{"@id":"https:\/\/rioonwatch.org.br\/?p=27500#primaryimage"},"thumbnailUrl":"https:\/\/rioonwatch.org.br\/wp-content\/uploads\/2017\/08\/Foto-2-Bento-Fabio-1.jpg","keywords":["Biblioteca Parque","Complexo do Alem\u00e3o","corrup\u00e7\u00e3o","economia","Jornada da Juventude","Legado Ol\u00edmpico","Megaeventos","microempreendedor","mito do legado","Neglig\u00eancia do Estado","Olimp\u00edadas","opini\u00e3o","PAC","Sebrae","telef\u00e9rico","turismo","Zona Norte"],"articleSection":["#OlhoNoLegado","#Rio2016","*Destaque","Den\u00fancias","Escrito por Comunicadores Populares","Opini\u00e3o"],"inLanguage":"pt-BR"},{"@type":"WebPage","@id":"https:\/\/rioonwatch.org.br\/?p=27500","url":"https:\/\/rioonwatch.org.br\/?p=27500","name":"Um Ano Ap\u00f3s as Olimp\u00edadas: O Que Restou no Rio e no Complexo do Alem\u00e3o? #QueLegado [OPINI\u00c3O] - RioOnWatch","isPartOf":{"@id":"https:\/\/rioonwatch.org.br\/#website"},"primaryImageOfPage":{"@id":"https:\/\/rioonwatch.org.br\/?p=27500#primaryimage"},"image":{"@id":"https:\/\/rioonwatch.org.br\/?p=27500#primaryimage"},"thumbnailUrl":"https:\/\/rioonwatch.org.br\/wp-content\/uploads\/2017\/08\/Foto-2-Bento-Fabio-1.jpg","datePublished":"2017-08-09T16:59:22+00:00","dateModified":"2024-06-20T19:24:34+00:00","breadcrumb":{"@id":"https:\/\/rioonwatch.org.br\/?p=27500#breadcrumb"},"inLanguage":"pt-BR","potentialAction":[{"@type":"ReadAction","target":["https:\/\/rioonwatch.org.br\/?p=27500"]}]},{"@type":"ImageObject","inLanguage":"pt-BR","@id":"https:\/\/rioonwatch.org.br\/?p=27500#primaryimage","url":"https:\/\/rioonwatch.org.br\/wp-content\/uploads\/2017\/08\/Foto-2-Bento-Fabio-1.jpg","contentUrl":"https:\/\/rioonwatch.org.br\/wp-content\/uploads\/2017\/08\/Foto-2-Bento-Fabio-1.jpg","width":960,"height":640},{"@type":"BreadcrumbList","@id":"https:\/\/rioonwatch.org.br\/?p=27500#breadcrumb","itemListElement":[{"@type":"ListItem","position":1,"name":"In\u00edcio","item":"https:\/\/rioonwatch.org.br\/"},{"@type":"ListItem","position":2,"name":"Um Ano Ap\u00f3s as Olimp\u00edadas: O Que Restou no Rio e no Complexo do Alem\u00e3o? #QueLegado [OPINI\u00c3O]"}]},{"@type":"WebSite","@id":"https:\/\/rioonwatch.org.br\/#website","url":"https:\/\/rioonwatch.org.br\/","name":"RioOnWatch","description":"relatos das favelas cariocas","publisher":{"@id":"https:\/\/rioonwatch.org.br\/#organization"},"potentialAction":[{"@type":"SearchAction","target":{"@type":"EntryPoint","urlTemplate":"https:\/\/rioonwatch.org.br\/?s={search_term_string}"},"query-input":{"@type":"PropertyValueSpecification","valueRequired":true,"valueName":"search_term_string"}}],"inLanguage":"pt-BR"},{"@type":"Organization","@id":"https:\/\/rioonwatch.org.br\/#organization","name":"RioOnWatch","url":"https:\/\/rioonwatch.org.br\/","logo":{"@type":"ImageObject","inLanguage":"pt-BR","@id":"https:\/\/rioonwatch.org.br\/#\/schema\/logo\/image\/","url":"https:\/\/rioonwatch.org.br\/wp-content\/uploads\/2021\/06\/RioOnWatchcabecalhoPT11anos-2.png","contentUrl":"https:\/\/rioonwatch.org.br\/wp-content\/uploads\/2021\/06\/RioOnWatchcabecalhoPT11anos-2.png","width":779,"height":277,"caption":"RioOnWatch"},"image":{"@id":"https:\/\/rioonwatch.org.br\/#\/schema\/logo\/image\/"}},{"@type":"Person","@id":"https:\/\/rioonwatch.org.br\/#\/schema\/person\/11d64c290506f9df50c71b850c473f68","name":"Admin","image":{"@type":"ImageObject","inLanguage":"pt-BR","@id":"https:\/\/rioonwatch.org.br\/#\/schema\/person\/image\/","url":"https:\/\/secure.gravatar.com\/avatar\/56211ac74568383903349a1485e3c325?s=96&d=blank&r=g","contentUrl":"https:\/\/secure.gravatar.com\/avatar\/56211ac74568383903349a1485e3c325?s=96&d=blank&r=g","caption":"Admin"},"url":"https:\/\/rioonwatch.org.br\/?author=129"}]}},"_links":{"self":[{"href":"https:\/\/rioonwatch.org.br\/index.php?rest_route=\/wp\/v2\/posts\/27500"}],"collection":[{"href":"https:\/\/rioonwatch.org.br\/index.php?rest_route=\/wp\/v2\/posts"}],"about":[{"href":"https:\/\/rioonwatch.org.br\/index.php?rest_route=\/wp\/v2\/types\/post"}],"author":[{"embeddable":true,"href":"https:\/\/rioonwatch.org.br\/index.php?rest_route=\/wp\/v2\/users\/129"}],"replies":[{"embeddable":true,"href":"https:\/\/rioonwatch.org.br\/index.php?rest_route=%2Fwp%2Fv2%2Fcomments&post=27500"}],"version-history":[{"count":20,"href":"https:\/\/rioonwatch.org.br\/index.php?rest_route=\/wp\/v2\/posts\/27500\/revisions"}],"predecessor-version":[{"id":27792,"href":"https:\/\/rioonwatch.org.br\/index.php?rest_route=\/wp\/v2\/posts\/27500\/revisions\/27792"}],"wp:featuredmedia":[{"embeddable":true,"href":"https:\/\/rioonwatch.org.br\/index.php?rest_route=\/wp\/v2\/media\/27504"}],"wp:attachment":[{"href":"https:\/\/rioonwatch.org.br\/index.php?rest_route=%2Fwp%2Fv2%2Fmedia&parent=27500"}],"wp:term":[{"taxonomy":"category","embeddable":true,"href":"https:\/\/rioonwatch.org.br\/index.php?rest_route=%2Fwp%2Fv2%2Fcategories&post=27500"},{"taxonomy":"post_tag","embeddable":true,"href":"https:\/\/rioonwatch.org.br\/index.php?rest_route=%2Fwp%2Fv2%2Ftags&post=27500"},{"taxonomy":"writer","embeddable":true,"href":"https:\/\/rioonwatch.org.br\/index.php?rest_route=%2Fwp%2Fv2%2Fwriter&post=27500"},{"taxonomy":"translator","embeddable":true,"href":"https:\/\/rioonwatch.org.br\/index.php?rest_route=%2Fwp%2Fv2%2Ftranslator&post=27500"},{"taxonomy":"source","embeddable":true,"href":"https:\/\/rioonwatch.org.br\/index.php?rest_route=%2Fwp%2Fv2%2Fsource&post=27500"},{"taxonomy":"ilustrador","embeddable":true,"href":"https:\/\/rioonwatch.org.br\/index.php?rest_route=%2Fwp%2Fv2%2Filustrador&post=27500"},{"taxonomy":"fotografo","embeddable":true,"href":"https:\/\/rioonwatch.org.br\/index.php?rest_route=%2Fwp%2Fv2%2Ffotografo&post=27500"}],"curies":[{"name":"wp","href":"https:\/\/api.w.org\/{rel}","templated":true}]}}