{"id":2753,"date":"2011-12-15T09:00:28","date_gmt":"2011-12-15T12:00:28","guid":{"rendered":"http:\/\/favela.info\/?p=2753"},"modified":"2016-01-19T09:50:17","modified_gmt":"2016-01-19T12:50:17","slug":"o-campo-possibilita-a-escolha-de-novos-caminhos-na-zona-oeste","status":"publish","type":"post","link":"https:\/\/rioonwatch.org.br\/?p=2753","title":{"rendered":"O Campo possibilita a escolha de novos caminhos na Zona Oeste"},"content":{"rendered":"<p style=\"text-align: right;\"><em><strong><a href=\"http:\/\/bit.ly\/1G9RGUG\" target=\"_blank\">Click Here for English<img decoding=\"async\" width=\"20\" height=\"20\" class=\"alignright wp-image-15790\" src=\"http:\/\/rioonwatch.org.br\/wp-content\/uploads\/2012\/08\/EN-standard-e1439583104716.jpg\" alt=\"\" \/><\/a><\/strong><\/em><\/p>\n<p align=\"JUSTIFY\"><a href=\"http:\/\/favela.info\/?attachment_id=2755\" rel=\"attachment wp-att-2755\"><img fetchpriority=\"high\" decoding=\"async\" class=\"size-medium wp-image-2755 alignright\" title=\"favela antares\" src=\"http:\/\/favela.info\/wp-content\/uploads\/2011\/12\/favela-antares-300x195.jpg\" alt=\"\" width=\"300\" height=\"195\" \/><\/a>A dist\u00e2ncia entre os bairros de Santa Cruz, Campo Grande, Bangu e outros adjacentes a Zona Oeste do Rio de Janeiro, em rela\u00e7\u00e3o ao Centro da Cidade sempre fez com que o desenvolvimento da regi\u00e3o fosse mais atrasado, at\u00e9 mesmo no que diz respeito a programas destinados \u00e0s periferias. O descaso por parte dos governantes que dura longos anos, motivou um grupo de moradores, inicialmente da favela de Antares no bairro de<a href=\"http:\/\/bit.ly\/rKg2Z7\"> Santa Cruz<\/a>,\u00a0ainda nos anos 80 a se organizarem com o objetivo de reivindicar seus direitos como cidad\u00e3os. Com o passar dos anos e a inclus\u00e3o de novas lideran\u00e7as comunit\u00e1rias, o grupo se fortaleceu, se instituiu e deu in\u00edcio ao que hoje \u00e9 um dos pioneiros e \u00fanicos movimentos que lutam pela capacita\u00e7\u00e3o e autoafirma\u00e7\u00e3o do povo das favelas, exclusivamente, da Zona Oeste da cidade.<\/p>\n<p>O Campo <a href=\"http:\/\/bit.ly\/tdgGBC\">(Centro de Apoio aos Movimentos Populares da Zona Oeste<\/a>) focaliza tr\u00eas \u00e1reas de atua\u00e7\u00e3o, consideradas desde a funda\u00e7\u00e3o da ONG as mais problem\u00e1ticas na regi\u00e3o: Sa\u00fade, Educa\u00e7\u00e3o e Juventude. Com programas destinados a essas \u00e1reas o Campo conseguia parcerias que viabilizavam amplia\u00e7\u00f5es e percebia cada vez mais a participa\u00e7\u00e3o da juventude, como conta B\u00e1rbara Cristina, a Tina, coordenadora do Programa da Juventude: \u201c Muitos jovens participavam e buscavam espa\u00e7os para ter voz, ent\u00e3o a institui\u00e7\u00e3o percebeu que atrav\u00e9s dos jovens se conseguia mobilizar.\u201d Em 1990 os jovens ganharam mais espa\u00e7o dentro da institui\u00e7\u00e3o e se definiam como a vertente que impulsionaria o Campo \u201c O jovem participava, vinha debater temas e foi percebendo que poderia ser mais que s\u00f3 um encontro de jovens.\u201dcontinua Tina. Foi ent\u00e3o criado o Centro da Juventude, programa que visa o protagonismo juvenil, oferecendo-os o conhecimento necess\u00e1rio para alcan\u00e7ar seus objetivos.<\/p>\n<p><a href=\"http:\/\/favela.info\/?attachment_id=2758\" rel=\"attachment wp-att-2758\"><img decoding=\"async\" class=\"size-medium wp-image-2758 alignleft\" title=\"Aula de dan\u00e7a\" src=\"http:\/\/favela.info\/wp-content\/uploads\/2011\/12\/Aula-de-dan\u00e7a-300x189.jpg\" alt=\"\" width=\"300\" height=\"189\" srcset=\"https:\/\/rioonwatch.org.br\/wp-content\/uploads\/2011\/12\/Aula-de-dan\u00e7a-300x189.jpg 300w, https:\/\/rioonwatch.org.br\/wp-content\/uploads\/2011\/12\/Aula-de-dan\u00e7a-150x94.jpg 150w, https:\/\/rioonwatch.org.br\/wp-content\/uploads\/2011\/12\/Aula-de-dan\u00e7a.jpg 674w\" sizes=\"(max-width: 300px) 100vw, 300px\" \/><\/a>A fim de expandir seu quadro de participantes o Campo buscou uma linguagem que fosse atraente aos jovens, come\u00e7ava assim a forte liga\u00e7\u00e3o entre a ONG e o hip-hop \u201c Nas comunidades da zona oeste o hip-hop atingia os jovens, chegava aos que n\u00e3o sa\u00edam da comunidade e n\u00e3o tinham acesso a cultura nem a educa\u00e7\u00e3o \u201c. Com dificuldades de atuar nas favelas em fun\u00e7\u00e3o do tr\u00e1fico o programa Centro da Junventude se utilizou do hip-hop como arma principal para levar os jovens junto ao projeto. As aulas das oficinas de Rap, Dj, Break Dance e Graffit, assim como todas as atividades da Institui\u00e7\u00e3o s\u00e3o realizadas em uma casa de dois andares, na rua Camanducaia, no centro de Campo Grande, \u00e1rea menos disputada por lideran\u00e7as comunit\u00e1rias ou at\u00e9 mesmo o pr\u00f3prio tr\u00e1fico.<\/p>\n<p>Tina tamb\u00e9m foi uma das jovens beneficiadas pelo programa e explica como se deu seu desenvolvimento na institui\u00e7\u00e3o: \u201c Eu percebi que poderia escolher outros caminhos, me identifiquei com o projeto de hip-hop, de adolescente (usu\u00e1ria do servi\u00e7o) eu virei coordenadora do projeto e a\u00ed escolhi fazer Servi\u00e7o Social. A institui\u00e7\u00e3o me deu meios pra que escolhesse uma profiss\u00e3o, me oportunizou a entrada na faculdade e hoje eu sou a Assistente Social do programa Centro da Juventude.\u201d Tina \u00e9 um dos grandes exemplos de retorno que o Campo teve ao mudar a vida de tantos jovens ao longo dos anos.<\/p>\n<p>Robson Brito Ribeiro, o Robinho, 28 anos, ex-morador de Santa Margarida, entrou no Campo em 1996 e conta como se<a href=\"http:\/\/favela.info\/?attachment_id=2765\" rel=\"attachment wp-att-2765\"><img loading=\"lazy\" decoding=\"async\" class=\"size-medium wp-image-2765 alignright\" title=\"Robson - prof de dan\u00e7a do Campo\" src=\"http:\/\/favela.info\/wp-content\/uploads\/2011\/12\/Robson-prof-de-dan\u00e7a-do-Campo4-300x244.jpg\" alt=\"\" width=\"300\" height=\"244\" srcset=\"https:\/\/rioonwatch.org.br\/wp-content\/uploads\/2011\/12\/Robson-prof-de-dan\u00e7a-do-Campo4-300x244.jpg 300w, https:\/\/rioonwatch.org.br\/wp-content\/uploads\/2011\/12\/Robson-prof-de-dan\u00e7a-do-Campo4-150x122.jpg 150w, https:\/\/rioonwatch.org.br\/wp-content\/uploads\/2011\/12\/Robson-prof-de-dan\u00e7a-do-Campo4.jpg 532w\" sizes=\"(max-width: 300px) 100vw, 300px\" \/><\/a> aproximou da cultura hip-hop \u201c Um dia na rua n\u00f3s fomos andar de skate e vimos uns caras se jogando no ch\u00e3o igual a uns \u201cmalucos\u201d e a\u00ed dissemos: p\u00f4, vamos copiar aquilo l\u00e1 no CJ (Centro da Juventude)!\u201d e o resultado foi dos melhores lembra Robinho \u201c Aquela nossa maluqu\u00edce atra\u00eda muita gente.\u201d. Robinho lembra ainda que a base educacional que aprendeu no projeto foi important\u00edssima para o seu crescimento profissional \u201c Agente n\u00e3o tinha muito bem uma estrutura familiar, n\u00e3o sabia o que era com licen\u00e7a, bom-dia, por favor. Aquele curso abriu as portas e as nossas mentes de uma forma incr\u00edvel!\u201d Robinho \u00e9 um dos poucos de sua gera\u00e7\u00e3o no Centro da Juventude que seguiram a carreira na dan\u00e7a, em 1999, sentindo que precisaria de mais do que a institui\u00e7\u00e3o poderia lhe oferecer ele fez uma mudan\u00e7a que considera a melhor alternativa que escolheu em sua vida \u201c Fui pra um Estado onde se vive e se respira a cultura que \u00e9 Bras\u00edlia \u201d.<\/p>\n<p>Na sua volta para o Rio de Janeiro, em 2003, Robinho trouxe informa\u00e7\u00f5es para o grupo que causaram um novo \u201cboom\u201d no projeto. Sua aus\u00eancia por conta de novas viagens se tornaram frequentes \u201c o filho a casa retorna \u201c brinca o dan\u00e7arino lembrando o famoso ditado popular que muito bem se encaixa na sua situa\u00e7\u00e3o. Robinho se tornou dan\u00e7arino profissional e atualmente alterna seus projetos pessoais com as aulas no Campo, por\u00e9m em ambos repassando a cultura que adquiriu na sua institui\u00e7\u00e3o de origem e que acredita que pode salvar as vidas de muitos jovens das favelas, tendo a si pr\u00f3prio como exemplo.<\/p>\n<p>Assista o v\u00eddeo sobre o Campo!<\/p>\n<p><iframe src=\"http:\/\/www.youtube.com\/embed\/ezxAyGuWCw8\" width=\"560\" height=\"315\" frameborder=\"0\"><\/iframe><\/p>\n<!-- AddThis Advanced Settings generic via filter on the_content --><!-- AddThis Share Buttons generic via filter on the_content -->","protected":false},"excerpt":{"rendered":"<div class=\"mh-excerpt\"><p>Click Here for English A dist\u00e2ncia entre os bairros de Santa Cruz, Campo Grande, Bangu e outros adjacentes a Zona Oeste do Rio de Janeiro, em rela\u00e7\u00e3o ao Centro da Cidade sempre fez com que <a class=\"mh-excerpt-more\" href=\"https:\/\/rioonwatch.org.br\/?p=2753\" title=\"O Campo possibilita a escolha de novos caminhos na Zona Oeste\">[&#8230;]<\/a><!-- AddThis Advanced Settings generic via filter on get_the_excerpt --><!-- AddThis Share Buttons generic via filter on get_the_excerpt --><\/p>\n<\/div>","protected":false},"author":129,"featured_media":2759,"comment_status":"open","ping_status":"closed","sticky":false,"template":"","format":"standard","meta":{"_acf_changed":false,"_monsterinsights_skip_tracking":false,"_monsterinsights_sitenote_active":false,"_monsterinsights_sitenote_note":"","_monsterinsights_sitenote_category":0,"footnotes":""},"categories":[1615,342],"tags":[18,113,134,184],"writer":[197],"translator":[],"source":[],"ilustrador":[],"fotografo":[],"class_list":{"0":"post-2753","1":"post","2":"type-post","3":"status-publish","4":"format-standard","5":"has-post-thumbnail","7":"category-cultura-da-favela","8":"category-solucoes","9":"tag-hip-hop","10":"tag-juventude","11":"tag-santa-cruz","12":"tag-zona-oeste","13":"writer-saulo-araujo"},"acf":[],"yoast_head":"<!-- This site is optimized with the Yoast SEO plugin v25.6 - https:\/\/yoast.com\/wordpress\/plugins\/seo\/ -->\n<title>O Campo possibilita a escolha de novos caminhos na Zona Oeste - RioOnWatch<\/title>\n<meta name=\"robots\" content=\"index, follow, max-snippet:-1, max-image-preview:large, max-video-preview:-1\" \/>\n<link rel=\"canonical\" href=\"https:\/\/rioonwatch.org.br\/?p=2753\" \/>\n<meta property=\"og:locale\" content=\"pt_BR\" \/>\n<meta property=\"og:type\" content=\"article\" \/>\n<meta property=\"og:title\" content=\"O Campo possibilita a escolha de novos caminhos na Zona Oeste - RioOnWatch\" \/>\n<meta property=\"og:description\" content=\"Click Here for English A dist\u00e2ncia entre os bairros de Santa Cruz, Campo Grande, Bangu e outros adjacentes a Zona Oeste do Rio de Janeiro, em rela\u00e7\u00e3o ao Centro da Cidade sempre fez com que [...]\" \/>\n<meta property=\"og:url\" content=\"https:\/\/rioonwatch.org.br\/?p=2753\" \/>\n<meta property=\"og:site_name\" content=\"RioOnWatch\" \/>\n<meta property=\"article:published_time\" content=\"2011-12-15T12:00:28+00:00\" \/>\n<meta property=\"article:modified_time\" content=\"2016-01-19T12:50:17+00:00\" \/>\n<meta property=\"og:image\" content=\"https:\/\/rioonwatch.org.br\/wp-content\/uploads\/2011\/12\/O-Campo-grafiti.jpg\" \/>\n\t<meta property=\"og:image:width\" content=\"529\" \/>\n\t<meta property=\"og:image:height\" content=\"430\" \/>\n\t<meta property=\"og:image:type\" content=\"image\/jpeg\" \/>\n<meta name=\"author\" content=\"Admin\" \/>\n<meta name=\"twitter:card\" content=\"summary_large_image\" \/>\n<meta name=\"twitter:label1\" content=\"Escrito por\" \/>\n\t<meta name=\"twitter:data1\" content=\"Admin\" \/>\n\t<meta name=\"twitter:label2\" content=\"Est. tempo de leitura\" \/>\n\t<meta name=\"twitter:data2\" content=\"4 minutos\" \/>\n<script type=\"application\/ld+json\" class=\"yoast-schema-graph\">{\"@context\":\"https:\/\/schema.org\",\"@graph\":[{\"@type\":\"Article\",\"@id\":\"https:\/\/rioonwatch.org.br\/?p=2753#article\",\"isPartOf\":{\"@id\":\"https:\/\/rioonwatch.org.br\/?p=2753\"},\"author\":{\"name\":\"Admin\",\"@id\":\"https:\/\/rioonwatch.org.br\/#\/schema\/person\/11d64c290506f9df50c71b850c473f68\"},\"headline\":\"O Campo possibilita a escolha de novos caminhos na Zona Oeste\",\"datePublished\":\"2011-12-15T12:00:28+00:00\",\"dateModified\":\"2016-01-19T12:50:17+00:00\",\"mainEntityOfPage\":{\"@id\":\"https:\/\/rioonwatch.org.br\/?p=2753\"},\"wordCount\":880,\"commentCount\":0,\"publisher\":{\"@id\":\"https:\/\/rioonwatch.org.br\/#organization\"},\"image\":{\"@id\":\"https:\/\/rioonwatch.org.br\/?p=2753#primaryimage\"},\"thumbnailUrl\":\"https:\/\/rioonwatch.org.br\/wp-content\/uploads\/2011\/12\/O-Campo-grafiti.jpg\",\"keywords\":[\"Hip Hop\",\"juventude\",\"Santa Cruz\",\"Zona Oeste\"],\"articleSection\":[\"Cultura da Favela\",\"Solu\u00e7\u00f5es\"],\"inLanguage\":\"pt-BR\",\"potentialAction\":[{\"@type\":\"CommentAction\",\"name\":\"Comment\",\"target\":[\"https:\/\/rioonwatch.org.br\/?p=2753#respond\"]}]},{\"@type\":\"WebPage\",\"@id\":\"https:\/\/rioonwatch.org.br\/?p=2753\",\"url\":\"https:\/\/rioonwatch.org.br\/?p=2753\",\"name\":\"O Campo possibilita a escolha de novos caminhos na Zona Oeste - RioOnWatch\",\"isPartOf\":{\"@id\":\"https:\/\/rioonwatch.org.br\/#website\"},\"primaryImageOfPage\":{\"@id\":\"https:\/\/rioonwatch.org.br\/?p=2753#primaryimage\"},\"image\":{\"@id\":\"https:\/\/rioonwatch.org.br\/?p=2753#primaryimage\"},\"thumbnailUrl\":\"https:\/\/rioonwatch.org.br\/wp-content\/uploads\/2011\/12\/O-Campo-grafiti.jpg\",\"datePublished\":\"2011-12-15T12:00:28+00:00\",\"dateModified\":\"2016-01-19T12:50:17+00:00\",\"breadcrumb\":{\"@id\":\"https:\/\/rioonwatch.org.br\/?p=2753#breadcrumb\"},\"inLanguage\":\"pt-BR\",\"potentialAction\":[{\"@type\":\"ReadAction\",\"target\":[\"https:\/\/rioonwatch.org.br\/?p=2753\"]}]},{\"@type\":\"ImageObject\",\"inLanguage\":\"pt-BR\",\"@id\":\"https:\/\/rioonwatch.org.br\/?p=2753#primaryimage\",\"url\":\"https:\/\/rioonwatch.org.br\/wp-content\/uploads\/2011\/12\/O-Campo-grafiti.jpg\",\"contentUrl\":\"https:\/\/rioonwatch.org.br\/wp-content\/uploads\/2011\/12\/O-Campo-grafiti.jpg\",\"width\":529,\"height\":430},{\"@type\":\"BreadcrumbList\",\"@id\":\"https:\/\/rioonwatch.org.br\/?p=2753#breadcrumb\",\"itemListElement\":[{\"@type\":\"ListItem\",\"position\":1,\"name\":\"In\u00edcio\",\"item\":\"https:\/\/rioonwatch.org.br\/\"},{\"@type\":\"ListItem\",\"position\":2,\"name\":\"O Campo possibilita a escolha de novos caminhos na Zona Oeste\"}]},{\"@type\":\"WebSite\",\"@id\":\"https:\/\/rioonwatch.org.br\/#website\",\"url\":\"https:\/\/rioonwatch.org.br\/\",\"name\":\"RioOnWatch\",\"description\":\"relatos das favelas cariocas\",\"publisher\":{\"@id\":\"https:\/\/rioonwatch.org.br\/#organization\"},\"potentialAction\":[{\"@type\":\"SearchAction\",\"target\":{\"@type\":\"EntryPoint\",\"urlTemplate\":\"https:\/\/rioonwatch.org.br\/?s={search_term_string}\"},\"query-input\":{\"@type\":\"PropertyValueSpecification\",\"valueRequired\":true,\"valueName\":\"search_term_string\"}}],\"inLanguage\":\"pt-BR\"},{\"@type\":\"Organization\",\"@id\":\"https:\/\/rioonwatch.org.br\/#organization\",\"name\":\"RioOnWatch\",\"url\":\"https:\/\/rioonwatch.org.br\/\",\"logo\":{\"@type\":\"ImageObject\",\"inLanguage\":\"pt-BR\",\"@id\":\"https:\/\/rioonwatch.org.br\/#\/schema\/logo\/image\/\",\"url\":\"https:\/\/rioonwatch.org.br\/wp-content\/uploads\/2021\/06\/RioOnWatchcabecalhoPT11anos-2.png\",\"contentUrl\":\"https:\/\/rioonwatch.org.br\/wp-content\/uploads\/2021\/06\/RioOnWatchcabecalhoPT11anos-2.png\",\"width\":779,\"height\":277,\"caption\":\"RioOnWatch\"},\"image\":{\"@id\":\"https:\/\/rioonwatch.org.br\/#\/schema\/logo\/image\/\"}},{\"@type\":\"Person\",\"@id\":\"https:\/\/rioonwatch.org.br\/#\/schema\/person\/11d64c290506f9df50c71b850c473f68\",\"name\":\"Admin\",\"image\":{\"@type\":\"ImageObject\",\"inLanguage\":\"pt-BR\",\"@id\":\"https:\/\/rioonwatch.org.br\/#\/schema\/person\/image\/\",\"url\":\"https:\/\/secure.gravatar.com\/avatar\/56211ac74568383903349a1485e3c325?s=96&d=blank&r=g\",\"contentUrl\":\"https:\/\/secure.gravatar.com\/avatar\/56211ac74568383903349a1485e3c325?s=96&d=blank&r=g\",\"caption\":\"Admin\"},\"url\":\"https:\/\/rioonwatch.org.br\/?author=129\"}]}<\/script>\n<!-- \/ Yoast SEO plugin. -->","yoast_head_json":{"title":"O Campo possibilita a escolha de novos caminhos na Zona Oeste - RioOnWatch","robots":{"index":"index","follow":"follow","max-snippet":"max-snippet:-1","max-image-preview":"max-image-preview:large","max-video-preview":"max-video-preview:-1"},"canonical":"https:\/\/rioonwatch.org.br\/?p=2753","og_locale":"pt_BR","og_type":"article","og_title":"O Campo possibilita a escolha de novos caminhos na Zona Oeste - RioOnWatch","og_description":"Click Here for English A dist\u00e2ncia entre os bairros de Santa Cruz, Campo Grande, Bangu e outros adjacentes a Zona Oeste do Rio de Janeiro, em rela\u00e7\u00e3o ao Centro da Cidade sempre fez com que [...]","og_url":"https:\/\/rioonwatch.org.br\/?p=2753","og_site_name":"RioOnWatch","article_published_time":"2011-12-15T12:00:28+00:00","article_modified_time":"2016-01-19T12:50:17+00:00","og_image":[{"width":529,"height":430,"url":"https:\/\/rioonwatch.org.br\/wp-content\/uploads\/2011\/12\/O-Campo-grafiti.jpg","type":"image\/jpeg"}],"author":"Admin","twitter_card":"summary_large_image","twitter_misc":{"Escrito por":"Admin","Est. tempo de leitura":"4 minutos"},"schema":{"@context":"https:\/\/schema.org","@graph":[{"@type":"Article","@id":"https:\/\/rioonwatch.org.br\/?p=2753#article","isPartOf":{"@id":"https:\/\/rioonwatch.org.br\/?p=2753"},"author":{"name":"Admin","@id":"https:\/\/rioonwatch.org.br\/#\/schema\/person\/11d64c290506f9df50c71b850c473f68"},"headline":"O Campo possibilita a escolha de novos caminhos na Zona Oeste","datePublished":"2011-12-15T12:00:28+00:00","dateModified":"2016-01-19T12:50:17+00:00","mainEntityOfPage":{"@id":"https:\/\/rioonwatch.org.br\/?p=2753"},"wordCount":880,"commentCount":0,"publisher":{"@id":"https:\/\/rioonwatch.org.br\/#organization"},"image":{"@id":"https:\/\/rioonwatch.org.br\/?p=2753#primaryimage"},"thumbnailUrl":"https:\/\/rioonwatch.org.br\/wp-content\/uploads\/2011\/12\/O-Campo-grafiti.jpg","keywords":["Hip Hop","juventude","Santa Cruz","Zona Oeste"],"articleSection":["Cultura da Favela","Solu\u00e7\u00f5es"],"inLanguage":"pt-BR","potentialAction":[{"@type":"CommentAction","name":"Comment","target":["https:\/\/rioonwatch.org.br\/?p=2753#respond"]}]},{"@type":"WebPage","@id":"https:\/\/rioonwatch.org.br\/?p=2753","url":"https:\/\/rioonwatch.org.br\/?p=2753","name":"O Campo possibilita a escolha de novos caminhos na Zona Oeste - RioOnWatch","isPartOf":{"@id":"https:\/\/rioonwatch.org.br\/#website"},"primaryImageOfPage":{"@id":"https:\/\/rioonwatch.org.br\/?p=2753#primaryimage"},"image":{"@id":"https:\/\/rioonwatch.org.br\/?p=2753#primaryimage"},"thumbnailUrl":"https:\/\/rioonwatch.org.br\/wp-content\/uploads\/2011\/12\/O-Campo-grafiti.jpg","datePublished":"2011-12-15T12:00:28+00:00","dateModified":"2016-01-19T12:50:17+00:00","breadcrumb":{"@id":"https:\/\/rioonwatch.org.br\/?p=2753#breadcrumb"},"inLanguage":"pt-BR","potentialAction":[{"@type":"ReadAction","target":["https:\/\/rioonwatch.org.br\/?p=2753"]}]},{"@type":"ImageObject","inLanguage":"pt-BR","@id":"https:\/\/rioonwatch.org.br\/?p=2753#primaryimage","url":"https:\/\/rioonwatch.org.br\/wp-content\/uploads\/2011\/12\/O-Campo-grafiti.jpg","contentUrl":"https:\/\/rioonwatch.org.br\/wp-content\/uploads\/2011\/12\/O-Campo-grafiti.jpg","width":529,"height":430},{"@type":"BreadcrumbList","@id":"https:\/\/rioonwatch.org.br\/?p=2753#breadcrumb","itemListElement":[{"@type":"ListItem","position":1,"name":"In\u00edcio","item":"https:\/\/rioonwatch.org.br\/"},{"@type":"ListItem","position":2,"name":"O Campo possibilita a escolha de novos caminhos na Zona Oeste"}]},{"@type":"WebSite","@id":"https:\/\/rioonwatch.org.br\/#website","url":"https:\/\/rioonwatch.org.br\/","name":"RioOnWatch","description":"relatos das favelas cariocas","publisher":{"@id":"https:\/\/rioonwatch.org.br\/#organization"},"potentialAction":[{"@type":"SearchAction","target":{"@type":"EntryPoint","urlTemplate":"https:\/\/rioonwatch.org.br\/?s={search_term_string}"},"query-input":{"@type":"PropertyValueSpecification","valueRequired":true,"valueName":"search_term_string"}}],"inLanguage":"pt-BR"},{"@type":"Organization","@id":"https:\/\/rioonwatch.org.br\/#organization","name":"RioOnWatch","url":"https:\/\/rioonwatch.org.br\/","logo":{"@type":"ImageObject","inLanguage":"pt-BR","@id":"https:\/\/rioonwatch.org.br\/#\/schema\/logo\/image\/","url":"https:\/\/rioonwatch.org.br\/wp-content\/uploads\/2021\/06\/RioOnWatchcabecalhoPT11anos-2.png","contentUrl":"https:\/\/rioonwatch.org.br\/wp-content\/uploads\/2021\/06\/RioOnWatchcabecalhoPT11anos-2.png","width":779,"height":277,"caption":"RioOnWatch"},"image":{"@id":"https:\/\/rioonwatch.org.br\/#\/schema\/logo\/image\/"}},{"@type":"Person","@id":"https:\/\/rioonwatch.org.br\/#\/schema\/person\/11d64c290506f9df50c71b850c473f68","name":"Admin","image":{"@type":"ImageObject","inLanguage":"pt-BR","@id":"https:\/\/rioonwatch.org.br\/#\/schema\/person\/image\/","url":"https:\/\/secure.gravatar.com\/avatar\/56211ac74568383903349a1485e3c325?s=96&d=blank&r=g","contentUrl":"https:\/\/secure.gravatar.com\/avatar\/56211ac74568383903349a1485e3c325?s=96&d=blank&r=g","caption":"Admin"},"url":"https:\/\/rioonwatch.org.br\/?author=129"}]}},"_links":{"self":[{"href":"https:\/\/rioonwatch.org.br\/index.php?rest_route=\/wp\/v2\/posts\/2753"}],"collection":[{"href":"https:\/\/rioonwatch.org.br\/index.php?rest_route=\/wp\/v2\/posts"}],"about":[{"href":"https:\/\/rioonwatch.org.br\/index.php?rest_route=\/wp\/v2\/types\/post"}],"author":[{"embeddable":true,"href":"https:\/\/rioonwatch.org.br\/index.php?rest_route=\/wp\/v2\/users\/129"}],"replies":[{"embeddable":true,"href":"https:\/\/rioonwatch.org.br\/index.php?rest_route=%2Fwp%2Fv2%2Fcomments&post=2753"}],"version-history":[{"count":18,"href":"https:\/\/rioonwatch.org.br\/index.php?rest_route=\/wp\/v2\/posts\/2753\/revisions"}],"predecessor-version":[{"id":18100,"href":"https:\/\/rioonwatch.org.br\/index.php?rest_route=\/wp\/v2\/posts\/2753\/revisions\/18100"}],"wp:featuredmedia":[{"embeddable":true,"href":"https:\/\/rioonwatch.org.br\/index.php?rest_route=\/wp\/v2\/media\/2759"}],"wp:attachment":[{"href":"https:\/\/rioonwatch.org.br\/index.php?rest_route=%2Fwp%2Fv2%2Fmedia&parent=2753"}],"wp:term":[{"taxonomy":"category","embeddable":true,"href":"https:\/\/rioonwatch.org.br\/index.php?rest_route=%2Fwp%2Fv2%2Fcategories&post=2753"},{"taxonomy":"post_tag","embeddable":true,"href":"https:\/\/rioonwatch.org.br\/index.php?rest_route=%2Fwp%2Fv2%2Ftags&post=2753"},{"taxonomy":"writer","embeddable":true,"href":"https:\/\/rioonwatch.org.br\/index.php?rest_route=%2Fwp%2Fv2%2Fwriter&post=2753"},{"taxonomy":"translator","embeddable":true,"href":"https:\/\/rioonwatch.org.br\/index.php?rest_route=%2Fwp%2Fv2%2Ftranslator&post=2753"},{"taxonomy":"source","embeddable":true,"href":"https:\/\/rioonwatch.org.br\/index.php?rest_route=%2Fwp%2Fv2%2Fsource&post=2753"},{"taxonomy":"ilustrador","embeddable":true,"href":"https:\/\/rioonwatch.org.br\/index.php?rest_route=%2Fwp%2Fv2%2Filustrador&post=2753"},{"taxonomy":"fotografo","embeddable":true,"href":"https:\/\/rioonwatch.org.br\/index.php?rest_route=%2Fwp%2Fv2%2Ffotografo&post=2753"}],"curies":[{"name":"wp","href":"https:\/\/api.w.org\/{rel}","templated":true}]}}