{"id":27590,"date":"2017-08-15T12:07:01","date_gmt":"2017-08-15T15:07:01","guid":{"rendered":"http:\/\/rioonwatch.org.br\/?p=27590"},"modified":"2024-06-20T16:25:03","modified_gmt":"2024-06-20T19:25:03","slug":"um-ano-apos-as-olimpiadas-a-ditadura-em-tempos-de-estado-democratico-quelegado-opiniao","status":"publish","type":"post","link":"https:\/\/rioonwatch.org.br\/?p=27590","title":{"rendered":"Um Ano Ap\u00f3s as Olimp\u00edadas: A Ditadura em Tempos de Estado Democr\u00e1tico [OPINI\u00c3O]"},"content":{"rendered":"<p style=\"text-align: right;\"><em><strong><a href=\"http:\/\/bit.ly\/2fXSBTG\" target=\"_blank\" rel=\"noopener noreferrer\">Click Here for English<img decoding=\"async\" width=\"20\" height=\"20\" class=\"alignright wp-image-15790\" src=\"http:\/\/rioonwatch.org.br\/wp-content\/uploads\/2012\/08\/EN-standard-e1439583104716.jpg\" alt=\"\" \/><\/a><\/strong><\/em><\/p>\n<p><span style=\"font-weight: 400;\">A <a href=\"http:\/\/bit.ly\/2tkeX6r\" target=\"_blank\" rel=\"noopener\">militariza\u00e7\u00e3o<\/a> se faz presente desde sempre na vida favelada, pois nos <a href=\"http:\/\/bit.ly\/2cUojex\" target=\"_blank\" rel=\"noopener\">mais de 100 anos de favelas<\/a>\u00a0n\u00f3s somos tratados pelo Estado como <a href=\"http:\/\/bit.ly\/2buISj2\" target=\"_blank\" rel=\"noopener\">criminosos<\/a>, <a href=\"http:\/\/bit.ly\/2v2enLx\" target=\"_blank\" rel=\"noopener\">violentos<\/a> e marginais. <\/span><\/p>\n<p><span style=\"font-weight: 400;\">O Estado nos <a href=\"http:\/\/bit.ly\/2buISj2\" target=\"_blank\" rel=\"noopener\">criminaliza<\/a> todos os dias. P\u00f5e em cima de n\u00f3s a culpa por existirmos. Lembro que na minha inf\u00e2ncia no conjunto de favelas da <a href=\"http:\/\/bit.ly\/10BvARw\" target=\"_blank\" rel=\"noopener\">Mar\u00e9<\/a>, localizada na <a href=\"http:\/\/bit.ly\/WximDf\" target=\"_blank\" rel=\"noopener\">Zona Norte<\/a> do Rio de Janeiro, a brincadeira era sempre interrompida por caveir\u00f5es que invadiam as nossas ruas. <a href=\"http:\/\/bit.ly\/2pxxfff\" target=\"_blank\" rel=\"noopener\">Tiros atrapalhavam o nosso sono<\/a>. Gritos e pedidos de socorro ainda est\u00e3o at\u00e9 hoje nos meus ouvidos, eu ainda ou\u00e7o.<\/span><\/p>\n<p><span style=\"font-weight: 400;\">A <a href=\"http:\/\/bit.ly\/1WLfndF\" target=\"_blank\" rel=\"noopener\">democracia<\/a> nunca funcionou para o espa\u00e7o favelado. As <a href=\"http:\/\/bit.ly\/1Ks98Hk\" target=\"_blank\" rel=\"noopener\">torturas<\/a>, os esquartejamentos, o <a href=\"http:\/\/bit.ly\/1avvB5R\" target=\"_blank\" rel=\"noopener\">toque de recolher<\/a> ainda fazem parte da minha vida. Durante estes mais de 10 anos de <a href=\"http:\/\/bit.ly\/1uZ9w6o\" target=\"_blank\" rel=\"noopener\">magaeventos<\/a> no Rio de Janeiro, a Mar\u00e9 passou a ficar cada dia mais militarizada. Lembro que <a href=\"http:\/\/bit.ly\/2vWrSx1\" target=\"_blank\" rel=\"noopener\">durante os Jogos Pan-Americanos<\/a>, em 2007, para al\u00e9m das amea\u00e7as de <a href=\"http:\/\/bit.ly\/X51Qvb\" target=\"_blank\" rel=\"noopener\">remo\u00e7\u00f5es<\/a> naquela \u00e9poca, nossa favela mais uma vez sofreu com a militariza\u00e7\u00e3o por causa dos grandes eventos esportivos, o que n\u00e3o foi e n\u00e3o \u00e9 por acaso, j\u00e1 que a Mar\u00e9 est\u00e1 pr\u00f3xima \u00e0s vias expressas da\u00a0<a href=\"http:\/\/bit.ly\/2u8AUDZ\" target=\"_blank\" rel=\"noopener\">Avenida Brasil<\/a>, <a href=\"http:\/\/bit.ly\/2uqhaij\" target=\"_blank\" rel=\"noopener\">Linha Vermelha<\/a> e <a href=\"http:\/\/bit.ly\/2usnWA1\" target=\"_blank\" rel=\"noopener\">Linha Amarela<\/a>. Estamos bem pr\u00f3ximos tamb\u00e9m ao Aeroporto Internacional do Gale\u00e3o, localizado na Ilha do Governador.<\/span><span style=\"font-weight: 400;\"><span style=\"font-weight: 400;\"><br \/>\n<\/span><\/span><\/p>\n<p><a href=\"http:\/\/rioonwatch.org.br\/wp-content\/uploads\/2017\/08\/Barreira.jpg\"><img fetchpriority=\"high\" decoding=\"async\" class=\"aligncenter wp-image-27679 size-content\" title=\"Muro erguido entre a Mar\u00e9 e a Linha Vermelha \u00e9 chamado de &quot;barreira ac\u00fastica&quot;. Foto: Daniel Marenco\/Ag\u00eancia O Globo\" src=\"http:\/\/rioonwatch.org.br\/wp-content\/uploads\/2017\/08\/Barreira-620x264.jpg\" alt=\"Muro erguido entre a Mar\u00e9 e a Linha Vermelha \u00e9 chamado de &quot;barreira ac\u00fastica&quot;. Foto: Daniel Marenco\/Ag\u00eancia O Globo\" width=\"620\" height=\"264\" srcset=\"https:\/\/rioonwatch.org.br\/wp-content\/uploads\/2017\/08\/Barreira-620x264.jpg 620w, https:\/\/rioonwatch.org.br\/wp-content\/uploads\/2017\/08\/Barreira-940x400.jpg 940w\" sizes=\"(max-width: 620px) 100vw, 620px\" \/><\/a><\/p>\n<p><span style=\"font-weight: 400;\">Assim como no Pan em 2007, no ano de 2013, durante a <a href=\"http:\/\/bit.ly\/1yz3Tgo\" target=\"_blank\" rel=\"noopener\">Copa das Confedera\u00e7\u00f5es<\/a>, tivemos a favela cercada mais uma vez pela For\u00e7a Nacional e, enquanto havia um mundo se divertindo e gritando gol, <a href=\"http:\/\/bit.ly\/12Ltp31\" target=\"_blank\" rel=\"noopener\">n\u00f3s mareenses sofremos com uma chacina<\/a>. Foram 13 pessoas <a href=\"http:\/\/bit.ly\/2vTd6aA\" target=\"_blank\" rel=\"noopener\">assassinadas pelo BOPE<\/a>, mas teve o apoio da For\u00e7a Nacional. Eles invadiram a favela quando moradores tentaram protestar na Avenida Brasil contra o aumento das passagens, contra a criminaliza\u00e7\u00e3o da favela e outros temas que estavam na \u2018moda\u2019 naquele momento de grandes protestos pelo pa\u00eds, mas \u00e9 bom sempre lembrar que a &#8220;bala na favela n\u00e3o \u00e9 de borracha, \u00e9 fuzil&#8221;.<\/span><\/p>\n<p><span style=\"font-weight: 400;\">Em 2014 n\u00e3o foi diferente, a realidade s\u00f3 passou a piorar com a chegada da <a href=\"http:\/\/bit.ly\/WfaiMR\" target=\"_blank\" rel=\"noopener\">Copa do Mundo<\/a>. No final de 2013, recebemos a not\u00edcia atrav\u00e9s dos telejornais que ter\u00edamos em toda a Mar\u00e9 a invas\u00e3o das for\u00e7as de <a href=\"http:\/\/bit.ly\/1TX3xOk\" target=\"_blank\" rel=\"noopener\">pacifica\u00e7\u00e3o<\/a>, atrav\u00e9s do Ex\u00e9rcito.<\/span><\/p>\n<p><span style=\"font-weight: 400;\"><a href=\"http:\/\/bit.ly\/2rBO6BB\" target=\"_blank\" rel=\"noopener\">O Ex\u00e9rcito ficou na Mar\u00e9 durante um ano e cinco meses<\/a>\u00a0e foram gastos <a href=\"https:\/\/glo.bo\/2uKzvlw\" target=\"_blank\" rel=\"noopener\">1,7 milh\u00e3o por dia<\/a> para a perman\u00eancia dos soldados. Mais de 500 milh\u00f5es em um ano e cinco meses. Mas, em 7 anos, o governo <a href=\"http:\/\/bit.ly\/2hM4sEF\" target=\"_blank\" rel=\"noopener\">investiu apenas 350 milh\u00f5es<\/a> em outras <a href=\"http:\/\/bit.ly\/1SgXd1Q\" target=\"_blank\" rel=\"noopener\">pol\u00edticas p\u00fablicas<\/a>, levantando o debate acerca de <a href=\"http:\/\/bit.ly\/2wdfTbT\" target=\"_blank\" rel=\"noopener\">qual \u00e9 a maior prioridade de investimento dentro de uma favela<\/a>. Lembrando que tivemos tamb\u00e9m um soldado para cada 55 moradores da Mar\u00e9, mas <a href=\"http:\/\/bit.ly\/1KWha5E\" target=\"_blank\" rel=\"noopener\">nunca tivemos um m\u00e9dico<\/a> ou <a href=\"http:\/\/bit.ly\/22eNWbv\" target=\"_blank\" rel=\"noopener\">um professor<\/a> para cada 55 moradores da Mar\u00e9.<\/span><\/p>\n<p><a href=\"http:\/\/rioonwatch.org.br\/wp-content\/uploads\/2017\/08\/mar\u00e91.jpg\"><img decoding=\"async\" class=\"aligncenter wp-image-27591 size-content\" title=\"Protesto na Mar\u00e9 contra viol\u00eancia e criminaliza\u00e7\u00e3o dos moradores em 2013. Foto: Reynaldo Vasconcelos\/Futura Press\" src=\"http:\/\/rioonwatch.org.br\/wp-content\/uploads\/2017\/08\/mar\u00e91-615x264.jpg\" alt=\"\" width=\"615\" height=\"264\" \/><\/a><\/p>\n<p><span style=\"font-weight: 400;\"><a href=\"http:\/\/bit.ly\/2vTgOB2\" target=\"_blank\" rel=\"noopener\">Tanques e mais tanques de guerra circulavam livremente<\/a> a qualquer hora do dia e da noite pelas nossas ruas. Praticamente cada esquina da Mar\u00e9 tinha um tanque de guerra. \u00c9ramos n\u00f3s os alvos, os inimigos, os perigosos, os que poderiam amea\u00e7ar aquele grande evento. Tudo isso s\u00f3 <a href=\"http:\/\/bit.ly\/P4itK0\" target=\"_blank\" rel=\"noopener\">por sermos favelados<\/a>, apenas por isso.<\/span><\/p>\n<p><span style=\"font-weight: 400;\">Nas <a href=\"http:\/\/bit.ly\/PkLXlQ\" target=\"_blank\" rel=\"noopener\">Olimp\u00edadas<\/a> sofremos o mesmo. <a href=\"http:\/\/bit.ly\/2vDBBG3\" target=\"_blank\" rel=\"noopener\">A cada semana eram mais de cinco moradores entre feridos e assassinados<\/a>. Foi o per\u00edodo em que <a href=\"http:\/\/bit.ly\/2uKlfJF\" target=\"_blank\" rel=\"noopener\">o governo mais gastou com a militariza\u00e7\u00e3o<\/a>&#8211;foram bilh\u00f5es com compras de armas, coletes, spray, bombas. E o investimento em <a href=\"http:\/\/bit.ly\/1acNApR\" target=\"_blank\" rel=\"noopener\">educa\u00e7\u00e3o<\/a> e <a href=\"http:\/\/bit.ly\/1kzUmMv\" target=\"_blank\" rel=\"noopener\">sa\u00fade<\/a>? Mais uma vez, nos perguntamos: qual a prioridade de atendimento e de direitos que temos e merecemos nesta cidade chamada maravilhosa? <\/span><\/p>\n<p><span style=\"font-weight: 400;\">A gente se pergunta: quantos mais morrer\u00e3o? Quantas novas m\u00e3es e familiares de v\u00edtimas v\u00e3o surgir? Quantas casas iremos perder? Quantos sangues iremos lavar? Quantas l\u00e1grimas ainda iremos derramar? Quantas vezes ainda correremos do caveir\u00e3o? Quantas censuras iremos sofrer? Quantos tanques de guerra eu ainda vou ver na porta da minha casa? N\u00e3o podemos mais sobreviver assim. Queremos o <a href=\"http:\/\/bit.ly\/2uBMLJs\" target=\"_blank\" rel=\"noopener\">direito \u00e0 vida<\/a>, o direito de existir, respirar, ser parte da cidade e n\u00e3o a margem! O Estado democr\u00e1tico de direito s\u00f3 funciona para uma minoria branca, rica e que mora no asfalto. Para a favela esse Estado n\u00e3o funciona, ele nunca nos deu o direito de existir.<\/span><\/p>\n<p><em>Gizele Martins, de 32 anos, \u00e9 jornalista e comunicadora comunit\u00e1ria do conjunto de favelas da Mar\u00e9.<\/em><\/p>\n<!-- AddThis Advanced Settings generic via filter on the_content --><!-- AddThis Share Buttons generic via filter on the_content -->","protected":false},"excerpt":{"rendered":"<div class=\"mh-excerpt\"><p>Click Here for English A militariza\u00e7\u00e3o se faz presente desde sempre na vida favelada, pois nos mais de 100 anos de favelas\u00a0n\u00f3s somos tratados pelo Estado como criminosos, violentos e marginais. O Estado nos criminaliza <a class=\"mh-excerpt-more\" href=\"https:\/\/rioonwatch.org.br\/?p=27590\" title=\"Um Ano Ap\u00f3s as Olimp\u00edadas: A Ditadura em Tempos de Estado Democr\u00e1tico [OPINI\u00c3O]\">[&#8230;]<\/a><!-- AddThis Advanced Settings generic via filter on get_the_excerpt --><!-- AddThis Share Buttons generic via filter on get_the_excerpt --><\/p>\n<\/div>","protected":false},"author":152,"featured_media":27677,"comment_status":"closed","ping_status":"closed","sticky":false,"template":"","format":"standard","meta":{"_acf_changed":false,"_monsterinsights_skip_tracking":false,"_monsterinsights_sitenote_active":false,"_monsterinsights_sitenote_note":"","_monsterinsights_sitenote_category":0,"footnotes":""},"categories":[2051,1635,1621,346,1625,1630,344,1620],"tags":[386,1854,332,772,389,1239,831,2070,88,316,2190,722,2013,2012,1240,1108,78,774,1511,838,763,1143,218],"writer":[1699],"translator":[],"source":[],"ilustrador":[],"fotografo":[],"class_list":{"0":"post-27590","1":"post","2":"type-post","3":"status-publish","4":"format-standard","5":"has-post-thumbnail","7":"category-olhonolegado","8":"category-1635","9":"category-destaque","10":"category-denuncias","11":"category-por-correspondentes-comunitarios","12":"category-opiniao","13":"category-politicas","14":"category-olhonaupp","15":"tag-estigma","16":"tag-avenida-brasil","17":"tag-complexo-da-mare","18":"tag-copa-das-confederacoes","19":"tag-copa-do-mundo","20":"tag-criminalizacao-da-pobreza","21":"tag-direito-a-cidade","22":"tag-direito-a-educacao","23":"tag-direitos-humanos","24":"tag-educacao","25":"tag-jogos-pan-americanos","26":"tag-legado","27":"tag-linha-amarela","28":"tag-linha-vermelha","29":"tag-megaeventos","30":"tag-ocupacao-militar","31":"tag-olimpiadas","32":"tag-policia-militar","33":"tag-politica-de-seguranca","34":"tag-politica-publica","35":"tag-protesto","36":"tag-tortura","37":"tag-zona-norte","38":"writer-gizele-martins"},"acf":[],"yoast_head":"<!-- This site is optimized with the Yoast SEO plugin v25.6 - https:\/\/yoast.com\/wordpress\/plugins\/seo\/ -->\n<title>Um Ano Ap\u00f3s as Olimp\u00edadas: A Ditadura em Tempos de Estado Democr\u00e1tico [OPINI\u00c3O] - RioOnWatch<\/title>\n<meta name=\"robots\" content=\"index, follow, max-snippet:-1, max-image-preview:large, max-video-preview:-1\" \/>\n<link rel=\"canonical\" href=\"https:\/\/rioonwatch.org.br\/?p=27590\" \/>\n<meta property=\"og:locale\" content=\"pt_BR\" \/>\n<meta property=\"og:type\" content=\"article\" \/>\n<meta property=\"og:title\" content=\"Um Ano Ap\u00f3s as Olimp\u00edadas: A Ditadura em Tempos de Estado Democr\u00e1tico [OPINI\u00c3O] - RioOnWatch\" \/>\n<meta property=\"og:description\" content=\"Click Here for English A militariza\u00e7\u00e3o se faz presente desde sempre na vida favelada, pois nos mais de 100 anos de favelas\u00a0n\u00f3s somos tratados pelo Estado como criminosos, violentos e marginais. O Estado nos criminaliza [...]\" \/>\n<meta property=\"og:url\" content=\"https:\/\/rioonwatch.org.br\/?p=27590\" \/>\n<meta property=\"og:site_name\" content=\"RioOnWatch\" \/>\n<meta property=\"article:published_time\" content=\"2017-08-15T15:07:01+00:00\" \/>\n<meta property=\"article:modified_time\" content=\"2024-06-20T19:25:03+00:00\" \/>\n<meta property=\"og:image\" content=\"https:\/\/rioonwatch.org.br\/wp-content\/uploads\/2017\/08\/Tanque.jpg\" \/>\n\t<meta property=\"og:image:width\" content=\"1265\" \/>\n\t<meta property=\"og:image:height\" content=\"550\" \/>\n\t<meta property=\"og:image:type\" content=\"image\/jpeg\" \/>\n<meta name=\"author\" content=\"Luisa Fenizola\" \/>\n<meta name=\"twitter:card\" content=\"summary_large_image\" \/>\n<meta name=\"twitter:label1\" content=\"Escrito por\" \/>\n\t<meta name=\"twitter:data1\" content=\"Luisa Fenizola\" \/>\n\t<meta name=\"twitter:label2\" content=\"Est. tempo de leitura\" \/>\n\t<meta name=\"twitter:data2\" content=\"4 minutos\" \/>\n<script type=\"application\/ld+json\" class=\"yoast-schema-graph\">{\"@context\":\"https:\/\/schema.org\",\"@graph\":[{\"@type\":\"Article\",\"@id\":\"https:\/\/rioonwatch.org.br\/?p=27590#article\",\"isPartOf\":{\"@id\":\"https:\/\/rioonwatch.org.br\/?p=27590\"},\"author\":{\"name\":\"Luisa Fenizola\",\"@id\":\"https:\/\/rioonwatch.org.br\/#\/schema\/person\/f443c6b55bb6e80842280318076491c5\"},\"headline\":\"Um Ano Ap\u00f3s as Olimp\u00edadas: A Ditadura em Tempos de Estado Democr\u00e1tico [OPINI\u00c3O]\",\"datePublished\":\"2017-08-15T15:07:01+00:00\",\"dateModified\":\"2024-06-20T19:25:03+00:00\",\"mainEntityOfPage\":{\"@id\":\"https:\/\/rioonwatch.org.br\/?p=27590\"},\"wordCount\":749,\"publisher\":{\"@id\":\"https:\/\/rioonwatch.org.br\/#organization\"},\"image\":{\"@id\":\"https:\/\/rioonwatch.org.br\/?p=27590#primaryimage\"},\"thumbnailUrl\":\"https:\/\/rioonwatch.org.br\/wp-content\/uploads\/2017\/08\/Tanque.jpg\",\"keywords\":[\"#StopFavelaStigma\",\"Avenida Brasil\",\"Complexo da Mar\u00e9\",\"Copa das Confedera\u00e7\u00f5es\",\"Copa do Mundo\",\"criminaliza\u00e7\u00e3o da pobreza\",\"Direito \u00e0 Cidade\",\"direito \u00e0 educa\u00e7\u00e3o\",\"Direitos Humanos\",\"educa\u00e7\u00e3o\",\"Jogos Pan-Americanos\",\"Legado Ol\u00edmpico\",\"Linha Amarela\",\"Linha Vermelha\",\"Megaeventos\",\"ocupa\u00e7\u00e3o militar\",\"Olimp\u00edadas\",\"Pol\u00edcia Militar\",\"pol\u00edtica de seguran\u00e7a\",\"pol\u00edtica p\u00fablica\",\"protesto\",\"tortura\",\"Zona Norte\"],\"articleSection\":[\"#OlhoNoLegado\",\"#Rio2016\",\"*Destaque\",\"Den\u00fancias\",\"Escrito por Comunicadores Populares\",\"Opini\u00e3o\",\"Pol\u00edticas\",\"Seguran\u00e7a P\u00fablica\"],\"inLanguage\":\"pt-BR\"},{\"@type\":\"WebPage\",\"@id\":\"https:\/\/rioonwatch.org.br\/?p=27590\",\"url\":\"https:\/\/rioonwatch.org.br\/?p=27590\",\"name\":\"Um Ano Ap\u00f3s as Olimp\u00edadas: A Ditadura em Tempos de Estado Democr\u00e1tico [OPINI\u00c3O] - RioOnWatch\",\"isPartOf\":{\"@id\":\"https:\/\/rioonwatch.org.br\/#website\"},\"primaryImageOfPage\":{\"@id\":\"https:\/\/rioonwatch.org.br\/?p=27590#primaryimage\"},\"image\":{\"@id\":\"https:\/\/rioonwatch.org.br\/?p=27590#primaryimage\"},\"thumbnailUrl\":\"https:\/\/rioonwatch.org.br\/wp-content\/uploads\/2017\/08\/Tanque.jpg\",\"datePublished\":\"2017-08-15T15:07:01+00:00\",\"dateModified\":\"2024-06-20T19:25:03+00:00\",\"breadcrumb\":{\"@id\":\"https:\/\/rioonwatch.org.br\/?p=27590#breadcrumb\"},\"inLanguage\":\"pt-BR\",\"potentialAction\":[{\"@type\":\"ReadAction\",\"target\":[\"https:\/\/rioonwatch.org.br\/?p=27590\"]}]},{\"@type\":\"ImageObject\",\"inLanguage\":\"pt-BR\",\"@id\":\"https:\/\/rioonwatch.org.br\/?p=27590#primaryimage\",\"url\":\"https:\/\/rioonwatch.org.br\/wp-content\/uploads\/2017\/08\/Tanque.jpg\",\"contentUrl\":\"https:\/\/rioonwatch.org.br\/wp-content\/uploads\/2017\/08\/Tanque.jpg\",\"width\":1265,\"height\":550,\"caption\":\"Militares e ve\u00edculos montam guarda numa das entradas do Complexo da Mar\u00e9. Fonte: Antonio Scorza\/Ag\u00eancia O Globo\"},{\"@type\":\"BreadcrumbList\",\"@id\":\"https:\/\/rioonwatch.org.br\/?p=27590#breadcrumb\",\"itemListElement\":[{\"@type\":\"ListItem\",\"position\":1,\"name\":\"In\u00edcio\",\"item\":\"https:\/\/rioonwatch.org.br\/\"},{\"@type\":\"ListItem\",\"position\":2,\"name\":\"Um Ano Ap\u00f3s as Olimp\u00edadas: A Ditadura em Tempos de Estado Democr\u00e1tico [OPINI\u00c3O]\"}]},{\"@type\":\"WebSite\",\"@id\":\"https:\/\/rioonwatch.org.br\/#website\",\"url\":\"https:\/\/rioonwatch.org.br\/\",\"name\":\"RioOnWatch\",\"description\":\"relatos das favelas cariocas\",\"publisher\":{\"@id\":\"https:\/\/rioonwatch.org.br\/#organization\"},\"potentialAction\":[{\"@type\":\"SearchAction\",\"target\":{\"@type\":\"EntryPoint\",\"urlTemplate\":\"https:\/\/rioonwatch.org.br\/?s={search_term_string}\"},\"query-input\":{\"@type\":\"PropertyValueSpecification\",\"valueRequired\":true,\"valueName\":\"search_term_string\"}}],\"inLanguage\":\"pt-BR\"},{\"@type\":\"Organization\",\"@id\":\"https:\/\/rioonwatch.org.br\/#organization\",\"name\":\"RioOnWatch\",\"url\":\"https:\/\/rioonwatch.org.br\/\",\"logo\":{\"@type\":\"ImageObject\",\"inLanguage\":\"pt-BR\",\"@id\":\"https:\/\/rioonwatch.org.br\/#\/schema\/logo\/image\/\",\"url\":\"https:\/\/rioonwatch.org.br\/wp-content\/uploads\/2021\/06\/RioOnWatchcabecalhoPT11anos-2.png\",\"contentUrl\":\"https:\/\/rioonwatch.org.br\/wp-content\/uploads\/2021\/06\/RioOnWatchcabecalhoPT11anos-2.png\",\"width\":779,\"height\":277,\"caption\":\"RioOnWatch\"},\"image\":{\"@id\":\"https:\/\/rioonwatch.org.br\/#\/schema\/logo\/image\/\"}},{\"@type\":\"Person\",\"@id\":\"https:\/\/rioonwatch.org.br\/#\/schema\/person\/f443c6b55bb6e80842280318076491c5\",\"name\":\"Luisa Fenizola\",\"image\":{\"@type\":\"ImageObject\",\"inLanguage\":\"pt-BR\",\"@id\":\"https:\/\/rioonwatch.org.br\/#\/schema\/person\/image\/\",\"url\":\"https:\/\/secure.gravatar.com\/avatar\/a3d551110162b9f876cbbdaaecf75663?s=96&d=blank&r=g\",\"contentUrl\":\"https:\/\/secure.gravatar.com\/avatar\/a3d551110162b9f876cbbdaaecf75663?s=96&d=blank&r=g\",\"caption\":\"Luisa Fenizola\"},\"url\":\"https:\/\/rioonwatch.org.br\/?author=152\"}]}<\/script>\n<!-- \/ Yoast SEO plugin. -->","yoast_head_json":{"title":"Um Ano Ap\u00f3s as Olimp\u00edadas: A Ditadura em Tempos de Estado Democr\u00e1tico [OPINI\u00c3O] - RioOnWatch","robots":{"index":"index","follow":"follow","max-snippet":"max-snippet:-1","max-image-preview":"max-image-preview:large","max-video-preview":"max-video-preview:-1"},"canonical":"https:\/\/rioonwatch.org.br\/?p=27590","og_locale":"pt_BR","og_type":"article","og_title":"Um Ano Ap\u00f3s as Olimp\u00edadas: A Ditadura em Tempos de Estado Democr\u00e1tico [OPINI\u00c3O] - RioOnWatch","og_description":"Click Here for English A militariza\u00e7\u00e3o se faz presente desde sempre na vida favelada, pois nos mais de 100 anos de favelas\u00a0n\u00f3s somos tratados pelo Estado como criminosos, violentos e marginais. O Estado nos criminaliza [...]","og_url":"https:\/\/rioonwatch.org.br\/?p=27590","og_site_name":"RioOnWatch","article_published_time":"2017-08-15T15:07:01+00:00","article_modified_time":"2024-06-20T19:25:03+00:00","og_image":[{"width":1265,"height":550,"url":"https:\/\/rioonwatch.org.br\/wp-content\/uploads\/2017\/08\/Tanque.jpg","type":"image\/jpeg"}],"author":"Luisa Fenizola","twitter_card":"summary_large_image","twitter_misc":{"Escrito por":"Luisa Fenizola","Est. tempo de leitura":"4 minutos"},"schema":{"@context":"https:\/\/schema.org","@graph":[{"@type":"Article","@id":"https:\/\/rioonwatch.org.br\/?p=27590#article","isPartOf":{"@id":"https:\/\/rioonwatch.org.br\/?p=27590"},"author":{"name":"Luisa Fenizola","@id":"https:\/\/rioonwatch.org.br\/#\/schema\/person\/f443c6b55bb6e80842280318076491c5"},"headline":"Um Ano Ap\u00f3s as Olimp\u00edadas: A Ditadura em Tempos de Estado Democr\u00e1tico [OPINI\u00c3O]","datePublished":"2017-08-15T15:07:01+00:00","dateModified":"2024-06-20T19:25:03+00:00","mainEntityOfPage":{"@id":"https:\/\/rioonwatch.org.br\/?p=27590"},"wordCount":749,"publisher":{"@id":"https:\/\/rioonwatch.org.br\/#organization"},"image":{"@id":"https:\/\/rioonwatch.org.br\/?p=27590#primaryimage"},"thumbnailUrl":"https:\/\/rioonwatch.org.br\/wp-content\/uploads\/2017\/08\/Tanque.jpg","keywords":["#StopFavelaStigma","Avenida Brasil","Complexo da Mar\u00e9","Copa das Confedera\u00e7\u00f5es","Copa do Mundo","criminaliza\u00e7\u00e3o da pobreza","Direito \u00e0 Cidade","direito \u00e0 educa\u00e7\u00e3o","Direitos Humanos","educa\u00e7\u00e3o","Jogos Pan-Americanos","Legado Ol\u00edmpico","Linha Amarela","Linha Vermelha","Megaeventos","ocupa\u00e7\u00e3o militar","Olimp\u00edadas","Pol\u00edcia Militar","pol\u00edtica de seguran\u00e7a","pol\u00edtica p\u00fablica","protesto","tortura","Zona Norte"],"articleSection":["#OlhoNoLegado","#Rio2016","*Destaque","Den\u00fancias","Escrito por Comunicadores Populares","Opini\u00e3o","Pol\u00edticas","Seguran\u00e7a P\u00fablica"],"inLanguage":"pt-BR"},{"@type":"WebPage","@id":"https:\/\/rioonwatch.org.br\/?p=27590","url":"https:\/\/rioonwatch.org.br\/?p=27590","name":"Um Ano Ap\u00f3s as Olimp\u00edadas: A Ditadura em Tempos de Estado Democr\u00e1tico [OPINI\u00c3O] - RioOnWatch","isPartOf":{"@id":"https:\/\/rioonwatch.org.br\/#website"},"primaryImageOfPage":{"@id":"https:\/\/rioonwatch.org.br\/?p=27590#primaryimage"},"image":{"@id":"https:\/\/rioonwatch.org.br\/?p=27590#primaryimage"},"thumbnailUrl":"https:\/\/rioonwatch.org.br\/wp-content\/uploads\/2017\/08\/Tanque.jpg","datePublished":"2017-08-15T15:07:01+00:00","dateModified":"2024-06-20T19:25:03+00:00","breadcrumb":{"@id":"https:\/\/rioonwatch.org.br\/?p=27590#breadcrumb"},"inLanguage":"pt-BR","potentialAction":[{"@type":"ReadAction","target":["https:\/\/rioonwatch.org.br\/?p=27590"]}]},{"@type":"ImageObject","inLanguage":"pt-BR","@id":"https:\/\/rioonwatch.org.br\/?p=27590#primaryimage","url":"https:\/\/rioonwatch.org.br\/wp-content\/uploads\/2017\/08\/Tanque.jpg","contentUrl":"https:\/\/rioonwatch.org.br\/wp-content\/uploads\/2017\/08\/Tanque.jpg","width":1265,"height":550,"caption":"Militares e ve\u00edculos montam guarda numa das entradas do Complexo da Mar\u00e9. Fonte: Antonio Scorza\/Ag\u00eancia O Globo"},{"@type":"BreadcrumbList","@id":"https:\/\/rioonwatch.org.br\/?p=27590#breadcrumb","itemListElement":[{"@type":"ListItem","position":1,"name":"In\u00edcio","item":"https:\/\/rioonwatch.org.br\/"},{"@type":"ListItem","position":2,"name":"Um Ano Ap\u00f3s as Olimp\u00edadas: A Ditadura em Tempos de Estado Democr\u00e1tico [OPINI\u00c3O]"}]},{"@type":"WebSite","@id":"https:\/\/rioonwatch.org.br\/#website","url":"https:\/\/rioonwatch.org.br\/","name":"RioOnWatch","description":"relatos das favelas cariocas","publisher":{"@id":"https:\/\/rioonwatch.org.br\/#organization"},"potentialAction":[{"@type":"SearchAction","target":{"@type":"EntryPoint","urlTemplate":"https:\/\/rioonwatch.org.br\/?s={search_term_string}"},"query-input":{"@type":"PropertyValueSpecification","valueRequired":true,"valueName":"search_term_string"}}],"inLanguage":"pt-BR"},{"@type":"Organization","@id":"https:\/\/rioonwatch.org.br\/#organization","name":"RioOnWatch","url":"https:\/\/rioonwatch.org.br\/","logo":{"@type":"ImageObject","inLanguage":"pt-BR","@id":"https:\/\/rioonwatch.org.br\/#\/schema\/logo\/image\/","url":"https:\/\/rioonwatch.org.br\/wp-content\/uploads\/2021\/06\/RioOnWatchcabecalhoPT11anos-2.png","contentUrl":"https:\/\/rioonwatch.org.br\/wp-content\/uploads\/2021\/06\/RioOnWatchcabecalhoPT11anos-2.png","width":779,"height":277,"caption":"RioOnWatch"},"image":{"@id":"https:\/\/rioonwatch.org.br\/#\/schema\/logo\/image\/"}},{"@type":"Person","@id":"https:\/\/rioonwatch.org.br\/#\/schema\/person\/f443c6b55bb6e80842280318076491c5","name":"Luisa Fenizola","image":{"@type":"ImageObject","inLanguage":"pt-BR","@id":"https:\/\/rioonwatch.org.br\/#\/schema\/person\/image\/","url":"https:\/\/secure.gravatar.com\/avatar\/a3d551110162b9f876cbbdaaecf75663?s=96&d=blank&r=g","contentUrl":"https:\/\/secure.gravatar.com\/avatar\/a3d551110162b9f876cbbdaaecf75663?s=96&d=blank&r=g","caption":"Luisa Fenizola"},"url":"https:\/\/rioonwatch.org.br\/?author=152"}]}},"_links":{"self":[{"href":"https:\/\/rioonwatch.org.br\/index.php?rest_route=\/wp\/v2\/posts\/27590"}],"collection":[{"href":"https:\/\/rioonwatch.org.br\/index.php?rest_route=\/wp\/v2\/posts"}],"about":[{"href":"https:\/\/rioonwatch.org.br\/index.php?rest_route=\/wp\/v2\/types\/post"}],"author":[{"embeddable":true,"href":"https:\/\/rioonwatch.org.br\/index.php?rest_route=\/wp\/v2\/users\/152"}],"replies":[{"embeddable":true,"href":"https:\/\/rioonwatch.org.br\/index.php?rest_route=%2Fwp%2Fv2%2Fcomments&post=27590"}],"version-history":[{"count":23,"href":"https:\/\/rioonwatch.org.br\/index.php?rest_route=\/wp\/v2\/posts\/27590\/revisions"}],"predecessor-version":[{"id":27819,"href":"https:\/\/rioonwatch.org.br\/index.php?rest_route=\/wp\/v2\/posts\/27590\/revisions\/27819"}],"wp:featuredmedia":[{"embeddable":true,"href":"https:\/\/rioonwatch.org.br\/index.php?rest_route=\/wp\/v2\/media\/27677"}],"wp:attachment":[{"href":"https:\/\/rioonwatch.org.br\/index.php?rest_route=%2Fwp%2Fv2%2Fmedia&parent=27590"}],"wp:term":[{"taxonomy":"category","embeddable":true,"href":"https:\/\/rioonwatch.org.br\/index.php?rest_route=%2Fwp%2Fv2%2Fcategories&post=27590"},{"taxonomy":"post_tag","embeddable":true,"href":"https:\/\/rioonwatch.org.br\/index.php?rest_route=%2Fwp%2Fv2%2Ftags&post=27590"},{"taxonomy":"writer","embeddable":true,"href":"https:\/\/rioonwatch.org.br\/index.php?rest_route=%2Fwp%2Fv2%2Fwriter&post=27590"},{"taxonomy":"translator","embeddable":true,"href":"https:\/\/rioonwatch.org.br\/index.php?rest_route=%2Fwp%2Fv2%2Ftranslator&post=27590"},{"taxonomy":"source","embeddable":true,"href":"https:\/\/rioonwatch.org.br\/index.php?rest_route=%2Fwp%2Fv2%2Fsource&post=27590"},{"taxonomy":"ilustrador","embeddable":true,"href":"https:\/\/rioonwatch.org.br\/index.php?rest_route=%2Fwp%2Fv2%2Filustrador&post=27590"},{"taxonomy":"fotografo","embeddable":true,"href":"https:\/\/rioonwatch.org.br\/index.php?rest_route=%2Fwp%2Fv2%2Ffotografo&post=27590"}],"curies":[{"name":"wp","href":"https:\/\/api.w.org\/{rel}","templated":true}]}}