{"id":27649,"date":"2017-08-21T07:00:25","date_gmt":"2017-08-21T10:00:25","guid":{"rendered":"http:\/\/rioonwatch.org.br\/?p=27649"},"modified":"2017-09-02T13:57:28","modified_gmt":"2017-09-02T16:57:28","slug":"debate-e-atividades-marcaram-o-iv-encontro-do-plano-popular-para-as-vargens","status":"publish","type":"post","link":"https:\/\/rioonwatch.org.br\/?p=27649","title":{"rendered":"Debate e Atividades Marcaram o IV Encontro do Plano Popular para as Vargens"},"content":{"rendered":"<p>No dia 12 de agosto, ocorreu o <a href=\"http:\/\/bit.ly\/2veUihz\" target=\"_blank\" rel=\"noopener\">IV Encontro do Plano Popular para as Vargens<\/a>, na <a href=\"http:\/\/bit.ly\/11tBmFR\" target=\"_blank\" rel=\"noopener\">Zona Oeste<\/a>, para debater as mudan\u00e7as urban\u00edsticas na regi\u00e3o, que possui ampla cobertura vegetal e \u00e9 fortemente rural, contendo parte da popula\u00e7\u00e3o voltada \u00e0 atividades agr\u00edcolas.<\/p>\n<p>O encontro foi organizado por um <a href=\"http:\/\/bit.ly\/2x9MT4d\" target=\"_blank\" rel=\"noopener\">grupo de articuladores<\/a> atuante\u00a0e foi realizado no\u00a0Col\u00e9gio Estadual Te\u00f3filo Moreira da Costa em <a href=\"http:\/\/bit.ly\/29Mlmx2\" target=\"_blank\" rel=\"noopener\">Vargem Grande<\/a>. O evento tinha v\u00e1rios ambientes de participa\u00e7\u00e3o simult\u00e2neos, coordenado por uma rede de integrantes socioambientais da regi\u00e3o que articularam os espa\u00e7os e demonstraram tecnologias sociais como a\u00a0<a href=\"http:\/\/bit.ly\/2rxdju8\" target=\"_blank\" rel=\"noopener\">compostagem<\/a>, separa\u00e7\u00e3o do lixo e reaproveitamento de material, t\u00e9cnicas voltadas para a <a href=\"http:\/\/bit.ly\/2qUJeqE\" target=\"_blank\" rel=\"noopener\">agricultura urbana<\/a> realizada em pequenos espa\u00e7os e prot\u00f3tipo de capta\u00e7\u00e3o de \u00e1gua das chuvas.<\/p>\n<p><a href=\"http:\/\/rioonwatch.org.br\/wp-content\/uploads\/2017\/08\/DSCN3853.jpg\"><img fetchpriority=\"high\" decoding=\"async\" class=\"aligncenter wp-image-27743 size-content\" title=\"Atividades Infantis - Foto por Juliana Torres\" src=\"http:\/\/rioonwatch.org.br\/wp-content\/uploads\/2017\/08\/DSCN3853-620x264.jpg\" alt=\"\" width=\"620\" height=\"264\" srcset=\"https:\/\/rioonwatch.org.br\/wp-content\/uploads\/2017\/08\/DSCN3853-620x264.jpg 620w, https:\/\/rioonwatch.org.br\/wp-content\/uploads\/2017\/08\/DSCN3853-940x400.jpg 940w\" sizes=\"(max-width: 620px) 100vw, 620px\" \/><\/a><\/p>\n<h3>Atividades no evento<\/h3>\n<p>As atividades infantis que ocorreram na quadra poliesportiva foram organizadas por Mariana Bruce. Soci\u00f3loga e professora do col\u00e9gio, ela enfocou a import\u00e2ncia da introdu\u00e7\u00e3o das crian\u00e7as em espa\u00e7os de discuss\u00f5es pol\u00edtico-sociais para desde cedo auxiliar na forma\u00e7\u00e3o de opini\u00e3o e conscientiza\u00e7\u00e3o. Mariane afirmou: &#8220;Nos comprometemos a organizar um espa\u00e7o dedicado \u00e0s crian\u00e7as em todos os eventos, marchas e acampamentos. O movimento \u00e9 resultado e pr\u00e1tica da luta das mulheres&#8221;. Al\u00e9m de oferecer aux\u00edlio \u00e0s m\u00e3es que querem participar dos eventos e precisam levar seus filhos, Mariana \u00e9 integrante da\u00a0<a href=\"http:\/\/bit.ly\/2wUPIXN\" target=\"_blank\" rel=\"noopener\">Coletiva Hortel\u00e3<\/a>, organiza\u00e7\u00e3o de mulheres que trabalha com m\u00faltiplos temas geradores de di\u00e1logos, tais como: redes de fofoca, <a href=\"http:\/\/bit.ly\/2rBUppD\" target=\"_blank\" rel=\"noopener\">horta coletiva<\/a> e plantas medicinais, <a href=\"http:\/\/bit.ly\/1acNApR\" target=\"_blank\" rel=\"noopener\">educa\u00e7\u00e3o<\/a> e <a href=\"http:\/\/bit.ly\/1kzUmMv\" target=\"_blank\" rel=\"noopener\">sa\u00fade<\/a>. &#8220;Discutimos todos os temas da autogest\u00e3o de nossos territ\u00f3rios feministas fazendo enfrentamento a todas as viol\u00eancias cometidas contra as mulheres&#8221;, ela disse.<\/p>\n<p><a href=\"http:\/\/rioonwatch.org.br\/wp-content\/uploads\/2017\/08\/DSCN3840.jpg\"><img decoding=\"async\" class=\"aligncenter wp-image-27730 size-content\" title=\"Feira de produtores locais - Foto por Juliana Torres\" src=\"http:\/\/rioonwatch.org.br\/wp-content\/uploads\/2017\/08\/DSCN3840-620x264.jpg\" alt=\"\" width=\"620\" height=\"264\" srcset=\"https:\/\/rioonwatch.org.br\/wp-content\/uploads\/2017\/08\/DSCN3840-620x264.jpg 620w, https:\/\/rioonwatch.org.br\/wp-content\/uploads\/2017\/08\/DSCN3840-940x400.jpg 940w\" sizes=\"(max-width: 620px) 100vw, 620px\" \/><\/a><\/p>\n<p>A <a href=\"http:\/\/bit.ly\/2wVh7Zw\" target=\"_blank\" rel=\"noopener\">Feira da Ro\u00e7a de Vargem Grande<\/a>\u00a0esteve presente com uma barraca expondo frutas org\u00e2nicas cultivadas pela rede de agricultores e produtos artesanais com propriedades medicinais, desenvolvidos por Maraci Soares, moradora do <a href=\"http:\/\/bit.ly\/29R58Su\" target=\"_blank\" rel=\"noopener\">Quilombo do Camorim<\/a>, que tamb\u00e9m oferece <a href=\"http:\/\/bit.ly\/2ib8irk\" target=\"_blank\" rel=\"noopener\">oficinas de sabonetes naturais e uso de ervas<\/a>. Maraci enfatizou a import\u00e2ncia do artesanato como sendo uma &#8220;forma de resist\u00eancia das mulheres das Vargens e do <a href=\"http:\/\/bit.ly\/2ibbCm5\" target=\"_blank\" rel=\"noopener\">Comit\u00ea Popular das Mulheres da Zona Oeste<\/a>.<span class=\"text_exposed_show\">\u00a0O artesanato contribui para o enfrentamento ao desemprego e as injusti\u00e7as derivadas do capital. <a href=\"http:\/\/bit.ly\/2kkREmm\" target=\"_blank\" rel=\"noopener\">Fortalecer as pr\u00e1ticas de economia popular e solid\u00e1ria tamb\u00e9m \u00e9 construir nossas organiza\u00e7\u00f5es feministas<\/a>&#8220;.<\/span><\/p>\n<p><a href=\"http:\/\/rioonwatch.org.br\/wp-content\/uploads\/2017\/08\/DSCN3844.jpg\"><img decoding=\"async\" class=\"aligncenter wp-image-27731 size-content\" title=\"Mudas de plantas cultivadas pelos agricultores locais - Foto por Juliana Torres\" src=\"http:\/\/rioonwatch.org.br\/wp-content\/uploads\/2017\/08\/DSCN3844-620x264.jpg\" alt=\"Mudas de plantas cultivadas pelos agricultores locais - foto por Juliana Torres\" width=\"620\" height=\"264\" srcset=\"https:\/\/rioonwatch.org.br\/wp-content\/uploads\/2017\/08\/DSCN3844-620x264.jpg 620w, https:\/\/rioonwatch.org.br\/wp-content\/uploads\/2017\/08\/DSCN3844-940x400.jpg 940w\" sizes=\"(max-width: 620px) 100vw, 620px\" \/><\/a><\/p>\n<p>A <a href=\"http:\/\/bit.ly\/2uVGwkj\" target=\"_blank\" rel=\"noopener\">Rede Ecol\u00f3gica<\/a>&#8211;movimento social que visa fomentar o consumo \u00e9tico, solid\u00e1rio e ecol\u00f3gico articulando um <a href=\"http:\/\/bit.ly\/2ibotoj\" target=\"_blank\" rel=\"noopener\">coletivo de compras<\/a> de produtos agr\u00edcolas org\u00e2nicos&#8211;esteve presente representando o movimento pela alimenta\u00e7\u00e3o saud\u00e1vel e consciente. Integrante da Rede Ecol\u00f3gica, Annelise Fernandes apresentou as diretrizes do movimento: &#8220;devemos nos perguntar quando consumimos um produto: a quem estamos empoderando? N\u00e3o devemos financiar monop\u00f3lios que exploram agricultores e degradam o meio ambiente utilizando agrot\u00f3xicos. Devemos pensar em todo o &#8216;roteiro sustent\u00e1vel&#8217; da origem ao fim do ciclo alimentar&#8221;.<\/p>\n<h3><strong>Debate<\/strong><\/h3>\n<p>A mesa redonda foi iniciada por Elizabeth Bezerra, moradora e representante das lideran\u00e7as da comunidade <a href=\"http:\/\/bit.ly\/2wuei3Q\" target=\"_blank\" rel=\"noopener\">Novo Palmares<\/a>. Elizabeth destacou que os encontros deveriam enfocar a <a href=\"http:\/\/bit.ly\/1g5NTqt\" target=\"_blank\" rel=\"noopener\">regulariza\u00e7\u00e3o de terra<\/a>: &#8220;o pequeno agricultor quer apenas produzir o seu alimento, garantir a sua subsist\u00eancia&#8221;. Elizabeth acompanha as mudan\u00e7as urban\u00edsticas que v\u00eam contrariando a <a href=\"http:\/\/bit.ly\/2e7F1Lg\" target=\"_blank\" rel=\"noopener\">Constitui\u00e7\u00e3o<\/a> e o <a href=\"http:\/\/bit.ly\/1g73xCv\" target=\"_blank\" rel=\"noopener\">direito \u00e0 moradia<\/a>. &#8220;Urbanizam sem dar t\u00edtulo de propriedade, moro onde tem CEP mas ainda assim, o correio n\u00e3o chega. H\u00e1 comunidades que pagam <a href=\"http:\/\/bit.ly\/2v3ZPIi\" target=\"_blank\" rel=\"noopener\">IPTU<\/a> e ainda <a href=\"http:\/\/bit.ly\/1K8LVUg\" target=\"_blank\" rel=\"noopener\">carecem de servi\u00e7os de infraestrutura p\u00fablica<\/a>&#8220;, disse Elizabeth.<\/p>\n<p><a href=\"http:\/\/rioonwatch.org.br\/wp-content\/uploads\/2017\/08\/DSCN3874.jpg\"><img loading=\"lazy\" decoding=\"async\" class=\"aligncenter wp-image-27735 size-content\" title=\"Elizabeth Bezerra - Foto por Juliana Torres\" src=\"http:\/\/rioonwatch.org.br\/wp-content\/uploads\/2017\/08\/DSCN3874-620x264.jpg\" alt=\"\" width=\"620\" height=\"264\" srcset=\"https:\/\/rioonwatch.org.br\/wp-content\/uploads\/2017\/08\/DSCN3874-620x264.jpg 620w, https:\/\/rioonwatch.org.br\/wp-content\/uploads\/2017\/08\/DSCN3874-940x400.jpg 940w\" sizes=\"(max-width: 620px) 100vw, 620px\" \/><\/a><\/p>\n<p>Giovanna Berti, uma das articuladoras, moradora de Vargem Grande e m\u00e3e de alunos do col\u00e9gio, comp\u00f4s a mesa e destacou o adensamento e o modo que est\u00e1 sendo feita a urbaniza\u00e7\u00e3o das Vargens: &#8220;vemos edifica\u00e7\u00f5es para fins de <a href=\"http:\/\/bit.ly\/11tBtBo\" target=\"_blank\" rel=\"noopener\">especula\u00e7\u00e3o imobili\u00e1ria<\/a>. N\u00e3o vemos escolas ou postos de sa\u00fade serem implementados. \u00c9 sempre para o setor privado&#8221;.<\/p>\n<p><a href=\"http:\/\/rioonwatch.org.br\/wp-content\/uploads\/2017\/08\/DSCN3878.jpg\"><img loading=\"lazy\" decoding=\"async\" class=\"aligncenter wp-image-27736 size-content\" title=\"Giovanna Berti, a frente na foto, participa do debate.\" src=\"http:\/\/rioonwatch.org.br\/wp-content\/uploads\/2017\/08\/DSCN3878-620x264.jpg\" alt=\"\" width=\"620\" height=\"264\" srcset=\"https:\/\/rioonwatch.org.br\/wp-content\/uploads\/2017\/08\/DSCN3878-620x264.jpg 620w, https:\/\/rioonwatch.org.br\/wp-content\/uploads\/2017\/08\/DSCN3878-940x400.jpg 940w\" sizes=\"(max-width: 620px) 100vw, 620px\" \/><\/a><\/p>\n<p>Carlos Motta, professor do col\u00e9gio e pesquisador, enfocou as dificuldades enfrentadas devido aos meios legais: &#8220;Vivemos em um pa\u00eds burocr\u00e1tico onde o que menos vale \u00e9 a palavra. Dependemos de pap\u00e9is sem ter certeza de deixar bens que conquistamos para nossos filhos&#8221;, disse ele. Carlos afirmou que n\u00e3o podemos mudar sem criar uma consci\u00eancia e sem nos empoderar. Para ele &#8220;as comunidades est\u00e3o cheias de jovens com potenciais, a juventude \u00e9 um verdadeiro campo f\u00e9rtil que est\u00e1 vazio&#8221;. Carlos tamb\u00e9m pontuou as dificuldades encontradas por movimentos sociais: &#8220;O\u00a0<a href=\"http:\/\/bit.ly\/2icllZw\" target=\"_blank\" rel=\"noopener\">Movimento Por Uma Universidade Popular (MUP)<\/a>\u00a0sumiu junto com o avan\u00e7o das <a href=\"http:\/\/bit.ly\/1fQqGHL\" target=\"_blank\" rel=\"noopener\">mil\u00edcias<\/a>. As comunidades vivem o voto de cabresto. As favelas s\u00e3o palcos de curral eleitoral&#8221;.<\/p>\n<p><a href=\"http:\/\/rioonwatch.org.br\/wp-content\/uploads\/2017\/08\/DSCN3915.jpg\"><img loading=\"lazy\" decoding=\"async\" class=\"aligncenter wp-image-27740 size-content\" title=\"Professor do IPPUR Fabr\u00edcio Leal de Oliveira - Foto por Juliana Torres\" src=\"http:\/\/rioonwatch.org.br\/wp-content\/uploads\/2017\/08\/DSCN3915-620x264.jpg\" alt=\"\" width=\"620\" height=\"264\" srcset=\"https:\/\/rioonwatch.org.br\/wp-content\/uploads\/2017\/08\/DSCN3915-620x264.jpg 620w, https:\/\/rioonwatch.org.br\/wp-content\/uploads\/2017\/08\/DSCN3915-940x400.jpg 940w\" sizes=\"(max-width: 620px) 100vw, 620px\" \/><\/a><\/p>\n<p>O professor e pesquisador do Instituto de Pesquisa em Planejamento Urbano e Regional (<a href=\"http:\/\/bit.ly\/2lM821L\" target=\"_blank\" rel=\"noopener\">IPPUR<\/a>) da UFRJ, Fabr\u00edcio Leal de Oliveira, ressaltou um ponto positivo na crise econ\u00f4mica brasileira e, em especial, no Rio de Janeiro por frear o avan\u00e7o da especula\u00e7\u00e3o imobili\u00e1ria na regi\u00e3o. &#8220;Estamos vivendo uma \u00e9poca de pequena calmaria por conta da baixa do setor imobili\u00e1rio que vem expulsando agricultores e propriet\u00e1rios de s\u00edtios e terras verdes preservadas para dar vez \u00e0 condom\u00ednios concretados&#8221;, disse Fabr\u00edcio. O professor ainda questionou a posi\u00e7\u00e3o de \u00f3rg\u00e3os p\u00fablicos de fiscaliza\u00e7\u00e3o ambiental que multam os condom\u00ednios por infra\u00e7\u00f5es ambientais como despejo irregular de res\u00edduos e desmatamento, mas que ainda assim n\u00e3o impedem que eles sigam instalados.<\/p>\n<p><a href=\"http:\/\/rioonwatch.org.br\/wp-content\/uploads\/2017\/08\/DSCN3909.jpg\"><img loading=\"lazy\" decoding=\"async\" class=\"aligncenter wp-image-27739 size-content\" title=\"Maraci Soares fala ao centro. Foto por Juliana Torres\" src=\"http:\/\/rioonwatch.org.br\/wp-content\/uploads\/2017\/08\/DSCN3909-620x264.jpg\" alt=\"\" width=\"620\" height=\"264\" srcset=\"https:\/\/rioonwatch.org.br\/wp-content\/uploads\/2017\/08\/DSCN3909-620x264.jpg 620w, https:\/\/rioonwatch.org.br\/wp-content\/uploads\/2017\/08\/DSCN3909-940x400.jpg 940w\" sizes=\"(max-width: 620px) 100vw, 620px\" \/><\/a><\/p>\n<p>Para finalizar Maraci Soares, do <a href=\"http:\/\/bit.ly\/1SIHdD8\" target=\"_blank\" rel=\"noopener\">Quilombo do Camorim<\/a>, ressaltou a estrat\u00e9gia da <a href=\"http:\/\/bit.ly\/1OB93xx\" target=\"_blank\" rel=\"noopener\">agroecologia<\/a> dando continuidade \u00e0 luta pelo direito \u00e0 terra. Para ela a agroecologia gera &#8220;o resgate das nossas culturas, reconquista e afirma\u00e7\u00e3o da nossa resist\u00eancia, pois a agroecologia \u00e9 muito vasta e permeia todos os campos, mesmo fora do corredor verde sem acesso \u00e0 \u00e1gua&#8221;.<\/p>\n<!-- AddThis Advanced Settings generic via filter on the_content --><!-- AddThis Share Buttons generic via filter on the_content -->","protected":false},"excerpt":{"rendered":"<div class=\"mh-excerpt\"><p>No dia 12 de agosto, ocorreu o IV Encontro do Plano Popular para as Vargens, na Zona Oeste, para debater as mudan\u00e7as urban\u00edsticas na regi\u00e3o, que possui ampla cobertura vegetal e \u00e9 fortemente rural, contendo <a class=\"mh-excerpt-more\" href=\"https:\/\/rioonwatch.org.br\/?p=27649\" title=\"Debate e Atividades Marcaram o IV Encontro do Plano Popular para as Vargens\">[&#8230;]<\/a><!-- AddThis Advanced Settings generic via filter on get_the_excerpt --><!-- AddThis Share Buttons generic via filter on get_the_excerpt --><\/p>\n<\/div>","protected":false},"author":185,"featured_media":27744,"comment_status":"closed","ping_status":"closed","sticky":false,"template":"","format":"standard","meta":{"_acf_changed":false,"_monsterinsights_skip_tracking":false,"_monsterinsights_sitenote_active":false,"_monsterinsights_sitenote_note":"","_monsterinsights_sitenote_category":0,"footnotes":""},"categories":[1627,1612,342,1639],"tags":[302,301,1799,948,1226,2195,2070,550,303,687,363,396,2126,395,1097,1575,1040,2152,358,567,1740,404,900,1725,184],"writer":[2128],"translator":[],"source":[],"ilustrador":[],"fotografo":[],"class_list":{"0":"post-27649","1":"post","2":"type-post","3":"status-publish","4":"format-standard","5":"has-post-thumbnail","7":"category-relato-de-evento","8":"category-sociedade-civil","9":"category-solucoes","10":"category-sustentabilidade","11":"tag-agricultura-urbana","12":"tag-agroecologia","13":"tag-colegio","14":"tag-coletivo","15":"tag-constituicao","16":"tag-crise-economica","17":"tag-direito-a-educacao","18":"tag-direito-a-terra","19":"tag-ecologia","20":"tag-economia","21":"tag-educacao-ambiental","22":"tag-especulacao-imobiliaria","23":"tag-feira-organica","24":"tag-gentrificacao-remocao-branca","25":"tag-horta-comunitaria","26":"tag-ippur","27":"tag-iptu","28":"tag-novo-palmares","29":"tag-organizacao-comunitaria","30":"tag-quilombo","31":"tag-quilombo-do-camorim","32":"tag-sustentabilidade","33":"tag-titulacao-de-terras","34":"tag-vargem-grande","35":"tag-zona-oeste","36":"writer-juliana-torres"},"acf":[],"yoast_head":"<!-- This site is optimized with the Yoast SEO plugin v25.6 - https:\/\/yoast.com\/wordpress\/plugins\/seo\/ -->\n<title>Debate e Atividades Marcaram o IV Encontro do Plano Popular para as Vargens - RioOnWatch<\/title>\n<meta name=\"robots\" content=\"index, follow, max-snippet:-1, max-image-preview:large, max-video-preview:-1\" \/>\n<link rel=\"canonical\" href=\"https:\/\/rioonwatch.org.br\/?p=27649\" \/>\n<meta property=\"og:locale\" content=\"pt_BR\" \/>\n<meta property=\"og:type\" content=\"article\" \/>\n<meta property=\"og:title\" content=\"Debate e Atividades Marcaram o IV Encontro do Plano Popular para as Vargens - RioOnWatch\" \/>\n<meta property=\"og:description\" content=\"No dia 12 de agosto, ocorreu o IV Encontro do Plano Popular para as Vargens, na Zona Oeste, para debater as mudan\u00e7as urban\u00edsticas na regi\u00e3o, que possui ampla cobertura vegetal e \u00e9 fortemente rural, contendo [...]\" \/>\n<meta property=\"og:url\" content=\"https:\/\/rioonwatch.org.br\/?p=27649\" \/>\n<meta property=\"og:site_name\" content=\"RioOnWatch\" \/>\n<meta property=\"article:published_time\" content=\"2017-08-21T10:00:25+00:00\" \/>\n<meta property=\"article:modified_time\" content=\"2017-09-02T16:57:28+00:00\" \/>\n<meta property=\"og:image\" content=\"https:\/\/rioonwatch.org.br\/wp-content\/uploads\/2017\/08\/20597282_1424339257645614_5278041827960060777_n.jpg\" \/>\n\t<meta property=\"og:image:width\" content=\"817\" \/>\n\t<meta property=\"og:image:height\" content=\"312\" \/>\n\t<meta property=\"og:image:type\" content=\"image\/jpeg\" \/>\n<meta name=\"author\" content=\"Ex Intern\" \/>\n<meta name=\"twitter:card\" content=\"summary_large_image\" \/>\n<meta name=\"twitter:label1\" content=\"Escrito por\" \/>\n\t<meta name=\"twitter:data1\" content=\"Ex Intern\" \/>\n\t<meta name=\"twitter:label2\" content=\"Est. tempo de leitura\" \/>\n\t<meta name=\"twitter:data2\" content=\"5 minutos\" \/>\n<script type=\"application\/ld+json\" class=\"yoast-schema-graph\">{\"@context\":\"https:\/\/schema.org\",\"@graph\":[{\"@type\":\"Article\",\"@id\":\"https:\/\/rioonwatch.org.br\/?p=27649#article\",\"isPartOf\":{\"@id\":\"https:\/\/rioonwatch.org.br\/?p=27649\"},\"author\":{\"name\":\"Ex Intern\",\"@id\":\"https:\/\/rioonwatch.org.br\/#\/schema\/person\/d9d9b44e2e2b3c7ece6b2117097ced03\"},\"headline\":\"Debate e Atividades Marcaram o IV Encontro do Plano Popular para as Vargens\",\"datePublished\":\"2017-08-21T10:00:25+00:00\",\"dateModified\":\"2017-09-02T16:57:28+00:00\",\"mainEntityOfPage\":{\"@id\":\"https:\/\/rioonwatch.org.br\/?p=27649\"},\"wordCount\":984,\"publisher\":{\"@id\":\"https:\/\/rioonwatch.org.br\/#organization\"},\"image\":{\"@id\":\"https:\/\/rioonwatch.org.br\/?p=27649#primaryimage\"},\"thumbnailUrl\":\"https:\/\/rioonwatch.org.br\/wp-content\/uploads\/2017\/08\/20597282_1424339257645614_5278041827960060777_n.jpg\",\"keywords\":[\"agricultura urbana\",\"agroecologia\",\"Col\u00e9gio\",\"coletivo\",\"constitui\u00e7\u00e3o\",\"crise econ\u00f4mica\",\"direito \u00e0 educa\u00e7\u00e3o\",\"direito \u00e0 terra\",\"ecologia\",\"economia\",\"educa\u00e7\u00e3o ambiental\",\"especula\u00e7\u00e3o imobili\u00e1ria\",\"feira org\u00e2nica\",\"gentrifica\u00e7\u00e3o\",\"horta comunit\u00e1ria\",\"IPPUR\",\"IPTU\",\"Novo Palmares\",\"organiza\u00e7\u00e3o comunit\u00e1ria\",\"Quilombo\",\"Quilombo do Camorim\",\"sustentabilidade\",\"titula\u00e7\u00e3o de terras\",\"Vargem Grande\",\"Zona Oeste\"],\"articleSection\":[\"Cobertura de Eventos\",\"Sociedade Civil\",\"Solu\u00e7\u00f5es\",\"Sustentabilidade\"],\"inLanguage\":\"pt-BR\"},{\"@type\":\"WebPage\",\"@id\":\"https:\/\/rioonwatch.org.br\/?p=27649\",\"url\":\"https:\/\/rioonwatch.org.br\/?p=27649\",\"name\":\"Debate e Atividades Marcaram o IV Encontro do Plano Popular para as Vargens - RioOnWatch\",\"isPartOf\":{\"@id\":\"https:\/\/rioonwatch.org.br\/#website\"},\"primaryImageOfPage\":{\"@id\":\"https:\/\/rioonwatch.org.br\/?p=27649#primaryimage\"},\"image\":{\"@id\":\"https:\/\/rioonwatch.org.br\/?p=27649#primaryimage\"},\"thumbnailUrl\":\"https:\/\/rioonwatch.org.br\/wp-content\/uploads\/2017\/08\/20597282_1424339257645614_5278041827960060777_n.jpg\",\"datePublished\":\"2017-08-21T10:00:25+00:00\",\"dateModified\":\"2017-09-02T16:57:28+00:00\",\"breadcrumb\":{\"@id\":\"https:\/\/rioonwatch.org.br\/?p=27649#breadcrumb\"},\"inLanguage\":\"pt-BR\",\"potentialAction\":[{\"@type\":\"ReadAction\",\"target\":[\"https:\/\/rioonwatch.org.br\/?p=27649\"]}]},{\"@type\":\"ImageObject\",\"inLanguage\":\"pt-BR\",\"@id\":\"https:\/\/rioonwatch.org.br\/?p=27649#primaryimage\",\"url\":\"https:\/\/rioonwatch.org.br\/wp-content\/uploads\/2017\/08\/20597282_1424339257645614_5278041827960060777_n.jpg\",\"contentUrl\":\"https:\/\/rioonwatch.org.br\/wp-content\/uploads\/2017\/08\/20597282_1424339257645614_5278041827960060777_n.jpg\",\"width\":817,\"height\":312},{\"@type\":\"BreadcrumbList\",\"@id\":\"https:\/\/rioonwatch.org.br\/?p=27649#breadcrumb\",\"itemListElement\":[{\"@type\":\"ListItem\",\"position\":1,\"name\":\"In\u00edcio\",\"item\":\"https:\/\/rioonwatch.org.br\/\"},{\"@type\":\"ListItem\",\"position\":2,\"name\":\"Debate e Atividades Marcaram o IV Encontro do Plano Popular para as Vargens\"}]},{\"@type\":\"WebSite\",\"@id\":\"https:\/\/rioonwatch.org.br\/#website\",\"url\":\"https:\/\/rioonwatch.org.br\/\",\"name\":\"RioOnWatch\",\"description\":\"relatos das favelas cariocas\",\"publisher\":{\"@id\":\"https:\/\/rioonwatch.org.br\/#organization\"},\"potentialAction\":[{\"@type\":\"SearchAction\",\"target\":{\"@type\":\"EntryPoint\",\"urlTemplate\":\"https:\/\/rioonwatch.org.br\/?s={search_term_string}\"},\"query-input\":{\"@type\":\"PropertyValueSpecification\",\"valueRequired\":true,\"valueName\":\"search_term_string\"}}],\"inLanguage\":\"pt-BR\"},{\"@type\":\"Organization\",\"@id\":\"https:\/\/rioonwatch.org.br\/#organization\",\"name\":\"RioOnWatch\",\"url\":\"https:\/\/rioonwatch.org.br\/\",\"logo\":{\"@type\":\"ImageObject\",\"inLanguage\":\"pt-BR\",\"@id\":\"https:\/\/rioonwatch.org.br\/#\/schema\/logo\/image\/\",\"url\":\"https:\/\/rioonwatch.org.br\/wp-content\/uploads\/2021\/06\/RioOnWatchcabecalhoPT11anos-2.png\",\"contentUrl\":\"https:\/\/rioonwatch.org.br\/wp-content\/uploads\/2021\/06\/RioOnWatchcabecalhoPT11anos-2.png\",\"width\":779,\"height\":277,\"caption\":\"RioOnWatch\"},\"image\":{\"@id\":\"https:\/\/rioonwatch.org.br\/#\/schema\/logo\/image\/\"}},{\"@type\":\"Person\",\"@id\":\"https:\/\/rioonwatch.org.br\/#\/schema\/person\/d9d9b44e2e2b3c7ece6b2117097ced03\",\"name\":\"Ex Intern\",\"image\":{\"@type\":\"ImageObject\",\"inLanguage\":\"pt-BR\",\"@id\":\"https:\/\/rioonwatch.org.br\/#\/schema\/person\/image\/\",\"url\":\"https:\/\/secure.gravatar.com\/avatar\/7bfc488c898c6fb478cd556f856fbbe0?s=96&d=blank&r=g\",\"contentUrl\":\"https:\/\/secure.gravatar.com\/avatar\/7bfc488c898c6fb478cd556f856fbbe0?s=96&d=blank&r=g\",\"caption\":\"Ex Intern\"},\"url\":\"https:\/\/rioonwatch.org.br\/?author=185\"}]}<\/script>\n<!-- \/ Yoast SEO plugin. -->","yoast_head_json":{"title":"Debate e Atividades Marcaram o IV Encontro do Plano Popular para as Vargens - RioOnWatch","robots":{"index":"index","follow":"follow","max-snippet":"max-snippet:-1","max-image-preview":"max-image-preview:large","max-video-preview":"max-video-preview:-1"},"canonical":"https:\/\/rioonwatch.org.br\/?p=27649","og_locale":"pt_BR","og_type":"article","og_title":"Debate e Atividades Marcaram o IV Encontro do Plano Popular para as Vargens - RioOnWatch","og_description":"No dia 12 de agosto, ocorreu o IV Encontro do Plano Popular para as Vargens, na Zona Oeste, para debater as mudan\u00e7as urban\u00edsticas na regi\u00e3o, que possui ampla cobertura vegetal e \u00e9 fortemente rural, contendo [...]","og_url":"https:\/\/rioonwatch.org.br\/?p=27649","og_site_name":"RioOnWatch","article_published_time":"2017-08-21T10:00:25+00:00","article_modified_time":"2017-09-02T16:57:28+00:00","og_image":[{"width":817,"height":312,"url":"https:\/\/rioonwatch.org.br\/wp-content\/uploads\/2017\/08\/20597282_1424339257645614_5278041827960060777_n.jpg","type":"image\/jpeg"}],"author":"Ex Intern","twitter_card":"summary_large_image","twitter_misc":{"Escrito por":"Ex Intern","Est. tempo de leitura":"5 minutos"},"schema":{"@context":"https:\/\/schema.org","@graph":[{"@type":"Article","@id":"https:\/\/rioonwatch.org.br\/?p=27649#article","isPartOf":{"@id":"https:\/\/rioonwatch.org.br\/?p=27649"},"author":{"name":"Ex Intern","@id":"https:\/\/rioonwatch.org.br\/#\/schema\/person\/d9d9b44e2e2b3c7ece6b2117097ced03"},"headline":"Debate e Atividades Marcaram o IV Encontro do Plano Popular para as Vargens","datePublished":"2017-08-21T10:00:25+00:00","dateModified":"2017-09-02T16:57:28+00:00","mainEntityOfPage":{"@id":"https:\/\/rioonwatch.org.br\/?p=27649"},"wordCount":984,"publisher":{"@id":"https:\/\/rioonwatch.org.br\/#organization"},"image":{"@id":"https:\/\/rioonwatch.org.br\/?p=27649#primaryimage"},"thumbnailUrl":"https:\/\/rioonwatch.org.br\/wp-content\/uploads\/2017\/08\/20597282_1424339257645614_5278041827960060777_n.jpg","keywords":["agricultura urbana","agroecologia","Col\u00e9gio","coletivo","constitui\u00e7\u00e3o","crise econ\u00f4mica","direito \u00e0 educa\u00e7\u00e3o","direito \u00e0 terra","ecologia","economia","educa\u00e7\u00e3o ambiental","especula\u00e7\u00e3o imobili\u00e1ria","feira org\u00e2nica","gentrifica\u00e7\u00e3o","horta comunit\u00e1ria","IPPUR","IPTU","Novo Palmares","organiza\u00e7\u00e3o comunit\u00e1ria","Quilombo","Quilombo do Camorim","sustentabilidade","titula\u00e7\u00e3o de terras","Vargem Grande","Zona Oeste"],"articleSection":["Cobertura de Eventos","Sociedade Civil","Solu\u00e7\u00f5es","Sustentabilidade"],"inLanguage":"pt-BR"},{"@type":"WebPage","@id":"https:\/\/rioonwatch.org.br\/?p=27649","url":"https:\/\/rioonwatch.org.br\/?p=27649","name":"Debate e Atividades Marcaram o IV Encontro do Plano Popular para as Vargens - RioOnWatch","isPartOf":{"@id":"https:\/\/rioonwatch.org.br\/#website"},"primaryImageOfPage":{"@id":"https:\/\/rioonwatch.org.br\/?p=27649#primaryimage"},"image":{"@id":"https:\/\/rioonwatch.org.br\/?p=27649#primaryimage"},"thumbnailUrl":"https:\/\/rioonwatch.org.br\/wp-content\/uploads\/2017\/08\/20597282_1424339257645614_5278041827960060777_n.jpg","datePublished":"2017-08-21T10:00:25+00:00","dateModified":"2017-09-02T16:57:28+00:00","breadcrumb":{"@id":"https:\/\/rioonwatch.org.br\/?p=27649#breadcrumb"},"inLanguage":"pt-BR","potentialAction":[{"@type":"ReadAction","target":["https:\/\/rioonwatch.org.br\/?p=27649"]}]},{"@type":"ImageObject","inLanguage":"pt-BR","@id":"https:\/\/rioonwatch.org.br\/?p=27649#primaryimage","url":"https:\/\/rioonwatch.org.br\/wp-content\/uploads\/2017\/08\/20597282_1424339257645614_5278041827960060777_n.jpg","contentUrl":"https:\/\/rioonwatch.org.br\/wp-content\/uploads\/2017\/08\/20597282_1424339257645614_5278041827960060777_n.jpg","width":817,"height":312},{"@type":"BreadcrumbList","@id":"https:\/\/rioonwatch.org.br\/?p=27649#breadcrumb","itemListElement":[{"@type":"ListItem","position":1,"name":"In\u00edcio","item":"https:\/\/rioonwatch.org.br\/"},{"@type":"ListItem","position":2,"name":"Debate e Atividades Marcaram o IV Encontro do Plano Popular para as Vargens"}]},{"@type":"WebSite","@id":"https:\/\/rioonwatch.org.br\/#website","url":"https:\/\/rioonwatch.org.br\/","name":"RioOnWatch","description":"relatos das favelas cariocas","publisher":{"@id":"https:\/\/rioonwatch.org.br\/#organization"},"potentialAction":[{"@type":"SearchAction","target":{"@type":"EntryPoint","urlTemplate":"https:\/\/rioonwatch.org.br\/?s={search_term_string}"},"query-input":{"@type":"PropertyValueSpecification","valueRequired":true,"valueName":"search_term_string"}}],"inLanguage":"pt-BR"},{"@type":"Organization","@id":"https:\/\/rioonwatch.org.br\/#organization","name":"RioOnWatch","url":"https:\/\/rioonwatch.org.br\/","logo":{"@type":"ImageObject","inLanguage":"pt-BR","@id":"https:\/\/rioonwatch.org.br\/#\/schema\/logo\/image\/","url":"https:\/\/rioonwatch.org.br\/wp-content\/uploads\/2021\/06\/RioOnWatchcabecalhoPT11anos-2.png","contentUrl":"https:\/\/rioonwatch.org.br\/wp-content\/uploads\/2021\/06\/RioOnWatchcabecalhoPT11anos-2.png","width":779,"height":277,"caption":"RioOnWatch"},"image":{"@id":"https:\/\/rioonwatch.org.br\/#\/schema\/logo\/image\/"}},{"@type":"Person","@id":"https:\/\/rioonwatch.org.br\/#\/schema\/person\/d9d9b44e2e2b3c7ece6b2117097ced03","name":"Ex Intern","image":{"@type":"ImageObject","inLanguage":"pt-BR","@id":"https:\/\/rioonwatch.org.br\/#\/schema\/person\/image\/","url":"https:\/\/secure.gravatar.com\/avatar\/7bfc488c898c6fb478cd556f856fbbe0?s=96&d=blank&r=g","contentUrl":"https:\/\/secure.gravatar.com\/avatar\/7bfc488c898c6fb478cd556f856fbbe0?s=96&d=blank&r=g","caption":"Ex Intern"},"url":"https:\/\/rioonwatch.org.br\/?author=185"}]}},"_links":{"self":[{"href":"https:\/\/rioonwatch.org.br\/index.php?rest_route=\/wp\/v2\/posts\/27649"}],"collection":[{"href":"https:\/\/rioonwatch.org.br\/index.php?rest_route=\/wp\/v2\/posts"}],"about":[{"href":"https:\/\/rioonwatch.org.br\/index.php?rest_route=\/wp\/v2\/types\/post"}],"author":[{"embeddable":true,"href":"https:\/\/rioonwatch.org.br\/index.php?rest_route=\/wp\/v2\/users\/185"}],"replies":[{"embeddable":true,"href":"https:\/\/rioonwatch.org.br\/index.php?rest_route=%2Fwp%2Fv2%2Fcomments&post=27649"}],"version-history":[{"count":25,"href":"https:\/\/rioonwatch.org.br\/index.php?rest_route=\/wp\/v2\/posts\/27649\/revisions"}],"predecessor-version":[{"id":27816,"href":"https:\/\/rioonwatch.org.br\/index.php?rest_route=\/wp\/v2\/posts\/27649\/revisions\/27816"}],"wp:featuredmedia":[{"embeddable":true,"href":"https:\/\/rioonwatch.org.br\/index.php?rest_route=\/wp\/v2\/media\/27744"}],"wp:attachment":[{"href":"https:\/\/rioonwatch.org.br\/index.php?rest_route=%2Fwp%2Fv2%2Fmedia&parent=27649"}],"wp:term":[{"taxonomy":"category","embeddable":true,"href":"https:\/\/rioonwatch.org.br\/index.php?rest_route=%2Fwp%2Fv2%2Fcategories&post=27649"},{"taxonomy":"post_tag","embeddable":true,"href":"https:\/\/rioonwatch.org.br\/index.php?rest_route=%2Fwp%2Fv2%2Ftags&post=27649"},{"taxonomy":"writer","embeddable":true,"href":"https:\/\/rioonwatch.org.br\/index.php?rest_route=%2Fwp%2Fv2%2Fwriter&post=27649"},{"taxonomy":"translator","embeddable":true,"href":"https:\/\/rioonwatch.org.br\/index.php?rest_route=%2Fwp%2Fv2%2Ftranslator&post=27649"},{"taxonomy":"source","embeddable":true,"href":"https:\/\/rioonwatch.org.br\/index.php?rest_route=%2Fwp%2Fv2%2Fsource&post=27649"},{"taxonomy":"ilustrador","embeddable":true,"href":"https:\/\/rioonwatch.org.br\/index.php?rest_route=%2Fwp%2Fv2%2Filustrador&post=27649"},{"taxonomy":"fotografo","embeddable":true,"href":"https:\/\/rioonwatch.org.br\/index.php?rest_route=%2Fwp%2Fv2%2Ffotografo&post=27649"}],"curies":[{"name":"wp","href":"https:\/\/api.w.org\/{rel}","templated":true}]}}