{"id":27691,"date":"2017-08-17T12:40:10","date_gmt":"2017-08-17T15:40:10","guid":{"rendered":"http:\/\/rioonwatch.org.br\/?p=27691"},"modified":"2017-08-17T12:40:10","modified_gmt":"2017-08-17T15:40:10","slug":"barqueata-por-uma-baia-viva-chama-atencao-para-elemento-que-define-a-paisagem-iconica-do-rio","status":"publish","type":"post","link":"https:\/\/rioonwatch.org.br\/?p=27691","title":{"rendered":"Barqueata por Uma Ba\u00eda Viva Chama Aten\u00e7\u00e3o para Elemento Que Define a Paisagem Ic\u00f4nica do Rio"},"content":{"rendered":"<p style=\"text-align: right;\"><em><strong><a href=\"http:\/\/bit.ly\/2vmhA8q\" target=\"_blank\" rel=\"noopener noreferrer\">Click Here for English<img decoding=\"async\" width=\"20\" height=\"20\" class=\"alignright wp-image-15790\" src=\"http:\/\/rioonwatch.org.br\/wp-content\/uploads\/2012\/08\/EN-standard-e1439583104716.jpg\" alt=\"\" \/><\/a><\/strong><\/em><\/p>\n<p>No dia 5 de agosto, v\u00e1rios grupos interessados \u200b\u200bna limpeza da <a href=\"http:\/\/bit.ly\/1i8xoT1\" target=\"_blank\" rel=\"noopener\">Ba\u00eda de Guanabara<\/a> se reuniram para uma <a href=\"http:\/\/bit.ly\/2vcrRnY\" target=\"_blank\" rel=\"noopener\">barqueata em apoio aos pescadores da ba\u00eda<\/a>. As <a href=\"http:\/\/bit.ly\/2unCSUn\" target=\"_blank\" rel=\"noopener\">comunidades pesqueiras<\/a>\u00a0da Ba\u00eda de Guanabara t\u00eam sido prejudicadas de forma consistente com a polui\u00e7\u00e3o e a <a href=\"http:\/\/bit.ly\/2uLyevs\" target=\"_blank\" rel=\"noopener\">viol\u00eancia direta<\/a> da ind\u00fastria do petr\u00f3leo, bem como a <a href=\"https:\/\/glo.bo\/2x1l7qu\" target=\"_blank\" rel=\"noopener\">falsa promessa de uma ba\u00eda mais limpa<\/a> para os Jogos Ol\u00edmpicos de 2016.<\/p>\n<p>O evento foi organizado pela rede de organiza\u00e7\u00f5es <a href=\"http:\/\/bit.ly\/290hjd8\" target=\"_blank\" rel=\"noopener\">Ba\u00eda Viva<\/a>, <a href=\"http:\/\/bit.ly\/2vjbsfA\" target=\"_blank\" rel=\"noopener\">Casa Fluminense<\/a>, <a href=\"http:\/\/bit.ly\/2vBfTVF\" target=\"_blank\" rel=\"noopener\">Associa\u00e7\u00e3o de Pescadores Livres de Tubiacanga\u00a0(APELT)<\/a>, <a href=\"http:\/\/bit.ly\/2hHmEPE\" target=\"_blank\" rel=\"noopener\">F\u00f3rum de Pescadores e Amigos do Mar<\/a>, <a href=\"http:\/\/bit.ly\/2vgaAtq\" target=\"_blank\" rel=\"noopener\">Goethe-Institut Rio de Janeiro<\/a>,\u00a0e a <a href=\"http:\/\/bit.ly\/2vLMYhV\" target=\"_blank\" rel=\"noopener\">Associa\u00e7\u00e3o dos Ciclistas da Ilha do Governador\u00a0(ACIG)<\/a>. O evento come\u00e7ou com discursos que descreveram a import\u00e2ncia de uma ba\u00eda limpa, os <a href=\"http:\/\/bit.ly\/2w7wZL8\" target=\"_blank\" rel=\"noopener\">efeitos prejudiciais das atividades petroqu\u00edmicas<\/a> e a <a href=\"http:\/\/bit.ly\/20VNpMK\" target=\"_blank\" rel=\"noopener\">falta de a\u00e7\u00e3o governamental<\/a> sobre quest\u00f5es prementes de <a href=\"http:\/\/bit.ly\/1TpORFB\" target=\"_blank\" rel=\"noopener\">esgoto<\/a> e <a href=\"http:\/\/bit.ly\/29aV7kF\" target=\"_blank\" rel=\"noopener\">polui\u00e7\u00e3o<\/a>.<\/p>\n<p>Representantes de diferentes comunidades ind\u00edgenas falaram sobre a <a href=\"http:\/\/bit.ly\/2r9MYTq\" target=\"_blank\" rel=\"noopener\">import\u00e2ncia da \u00e1gua<\/a> nas culturas ind\u00edgenas e apresentaram algumas m\u00fasicas, incluindo uma can\u00e7\u00e3o tradicional para entrar na \u00e1gua antes do grupo embarcar. As m\u00fasicas compostas especificamente para a Ba\u00eda de Guanabara criticaram as tentativas das ind\u00fastrias de &#8220;comprarem&#8221; direitos sobre o meio ambiente, argumentando que o valor dos recursos naturais n\u00e3o podem ser quantificados.<\/p>\n<p><a href=\"http:\/\/rioonwatch.org.br\/wp-content\/uploads\/2017\/08\/barqueata1-940x400.jpg\"><img fetchpriority=\"high\" decoding=\"async\" class=\"aligncenter size-content wp-image-27696\" src=\"http:\/\/rioonwatch.org.br\/wp-content\/uploads\/2017\/08\/barqueata1-940x400-620x264.jpg\" alt=\"\" width=\"620\" height=\"264\" srcset=\"https:\/\/rioonwatch.org.br\/wp-content\/uploads\/2017\/08\/barqueata1-940x400-620x264.jpg 620w, https:\/\/rioonwatch.org.br\/wp-content\/uploads\/2017\/08\/barqueata1-940x400-768x327.jpg 768w, https:\/\/rioonwatch.org.br\/wp-content\/uploads\/2017\/08\/barqueata1-940x400.jpg 940w\" sizes=\"(max-width: 620px) 100vw, 620px\" \/><\/a><\/p>\n<p>S\u00e9rgio Ricardo, ecologista, planejador ambiental e coordenador do Ba\u00eda Viva, apresentou a agenda da organiza\u00e7\u00e3o, que ele espera que atenda \u00e0s necessidades dos <a href=\"http:\/\/bit.ly\/1Xn8G3E\" target=\"_blank\" rel=\"noopener\">diversos grupos que defendem uma ba\u00eda limpa<\/a>. O plano resultou em diferentes <a href=\"http:\/\/bit.ly\/2vOKsY0\" target=\"_blank\" rel=\"noopener\">f\u00f3runs<\/a> p\u00fablicos em torno da ba\u00eda, e na colabora\u00e7\u00e3o da academia e de outros parceiros p\u00fablicos. Ricardo falou sobre o estado atual da ba\u00eda e as necessidades que ele e sua organiza\u00e7\u00e3o identificaram que: &#8220;Infelizmente at\u00e9 hoje [as obras prometidas pelo governo] est\u00e3o <a href=\"http:\/\/bit.ly\/29qlzH8\" target=\"_blank\" rel=\"noopener\">incompletas<\/a>&#8220;, e a iniciativa precisa &#8220;<a href=\"http:\/\/bit.ly\/WClMpp\" target=\"_blank\" rel=\"noopener\">ampliar a participa\u00e7\u00e3o popular<\/a>&#8220;. Por exemplo, relat\u00f3rios como os apresentados no\u00a0<a href=\"http:\/\/bit.ly\/2vOKsY0\" target=\"_blank\" rel=\"noopener\">f\u00f3rum p\u00fablico na Mar\u00e9<\/a> mostram que as comunidades pr\u00f3ximas precisam de melhorias na infraestrutura, o que, por sua vez, desviaria a polui\u00e7\u00e3o da ba\u00eda.<\/p>\n<p><a href=\"http:\/\/rioonwatch.org.br\/wp-content\/uploads\/2017\/08\/barqueata4-940x400.jpg\"><img decoding=\"async\" class=\"aligncenter size-content wp-image-27698\" src=\"http:\/\/rioonwatch.org.br\/wp-content\/uploads\/2017\/08\/barqueata4-940x400-620x264.jpg\" alt=\"\" width=\"620\" height=\"264\" srcset=\"https:\/\/rioonwatch.org.br\/wp-content\/uploads\/2017\/08\/barqueata4-940x400-620x264.jpg 620w, https:\/\/rioonwatch.org.br\/wp-content\/uploads\/2017\/08\/barqueata4-940x400-768x327.jpg 768w, https:\/\/rioonwatch.org.br\/wp-content\/uploads\/2017\/08\/barqueata4-940x400.jpg 940w\" sizes=\"(max-width: 620px) 100vw, 620px\" \/><\/a><\/p>\n<p>Ele aconselhou que o governo deveria <a href=\"http:\/\/bit.ly\/2dkIxmM\" target=\"_blank\" rel=\"noopener\">trazer os recursos existentes e administrar<\/a>\u00a0os esfor\u00e7os para a limpeza da ba\u00eda. Um plano para a ba\u00eda deve ter a &#8220;s<span style=\"font-weight: 400;\">abedoria de ouvir as universidades&#8211;a universidade p\u00fablica que estuda essa ba\u00eda h\u00e1 quarenta anos&#8211;de ouvir os pescadores e ter uma outra agenda<\/span>&#8220;. Ele tamb\u00e9m explicou que as fontes de polui\u00e7\u00e3o v\u00e3o al\u00e9m do simples desvio de toxinas e esgoto para a \u00e1gua: &#8220;<span style=\"font-weight: 400;\">Al\u00e9m da ind\u00fastria de <a href=\"http:\/\/bit.ly\/2vZtwOm\" target=\"_blank\" rel=\"noopener\">petr\u00f3leo<\/a>, nos preocupa muito o que n\u00f3s chamamos de <a href=\"http:\/\/bit.ly\/2vgbwxY\" target=\"_blank\" rel=\"noopener\">assoreamento<\/a>. A ba\u00eda est\u00e1 secando em v\u00e1rios pontos. Isso \u00e9 uma preocupa\u00e7\u00e3o muito grande, e tem a ver com o <a href=\"http:\/\/bit.ly\/2vYJad2\" target=\"_blank\" rel=\"noopener\">desmatamento<\/a><\/span>&#8220;.<\/p>\n<p>Ele explicou que muitos barcos grandes na ba\u00eda, pertencentes a v\u00e1rias ind\u00fastrias, operam sem licen\u00e7a ambiental, e que apenas 12% da superf\u00edcie da ba\u00eda est\u00e1 dispon\u00edvel para os pescadores. A realidade \u00e9 que &#8220;s<span style=\"font-weight: 400;\">e um pescador encosta com seu pequeno barco perto de uma plataforma de oleoduto, de gasoduto&#8230; que \u00e9 ocupada pelo neg\u00f3cio do petr\u00f3leo, ele \u00e9 preso, a embarca\u00e7\u00e3o \u00e9 presa, e ele vira um criminoso ambiental. Existe um processo de criminaliza\u00e7\u00e3o dos pescadores aqui&#8221;.<\/span><\/p>\n<p><a href=\"http:\/\/rioonwatch.org.br\/wp-content\/uploads\/2017\/08\/barqueata6cropped-940x400.jpg\"><img loading=\"lazy\" decoding=\"async\" class=\"aligncenter size-content wp-image-27701\" src=\"http:\/\/rioonwatch.org.br\/wp-content\/uploads\/2017\/08\/barqueata6cropped-940x400-620x264.jpg\" alt=\"\" width=\"620\" height=\"264\" srcset=\"https:\/\/rioonwatch.org.br\/wp-content\/uploads\/2017\/08\/barqueata6cropped-940x400-620x264.jpg 620w, https:\/\/rioonwatch.org.br\/wp-content\/uploads\/2017\/08\/barqueata6cropped-940x400-768x327.jpg 768w, https:\/\/rioonwatch.org.br\/wp-content\/uploads\/2017\/08\/barqueata6cropped-940x400.jpg 940w\" sizes=\"(max-width: 620px) 100vw, 620px\" \/><\/a><\/p>\n<p>S\u00e9rgio Ricardo continuou dizendo que o barco passaria pela regi\u00e3o de <a href=\"http:\/\/bit.ly\/1Iuqpxq\" target=\"_blank\" rel=\"noopener\">S\u00e3o Gon\u00e7alo<\/a>, onde tem <a href=\"https:\/\/glo.bo\/2vB3rFc\" target=\"_blank\" rel=\"noopener\">uma taxa particularmente elevada de polui\u00e7\u00e3o<\/a> por esgoto e lixo. Os participantes embarcaram para a barqueata em um grande barco, enquanto um grupo de pescadores anexava bandeiras aos barcos e se juntou \u00e0 viagem. A quantidade<span class=\"m_-1903687560450132793Apple-converted-space\">\u00a0\u00a0<\/span>de barcos era impressionante&#8211;e eles passaram por diferentes pontos da paisagem ic\u00f4nica do Rio, como a Ponte Rio-Niter\u00f3i e as ilhas da ba\u00eda chamando a aten\u00e7\u00e3o para a necessidade de proteger esse elemento importante da cidade.<\/p>\n<p>Quando o barco retornou para a <a href=\"http:\/\/bit.ly\/1QR4XGc\" target=\"_blank\" rel=\"noopener\">Pra\u00e7a Mau\u00e1<\/a>, jovens violinistas da comunidade pesqueira se apresentaram. A tarde, os participantes se reuniram para uma bicicletada at\u00e9 a Pra\u00e7a Tiradentes, onde ocorria o evento&#8221;Jogos do Sul&#8221;, organizado pelo Institut Goethe.<\/p>\n<p><a href=\"http:\/\/rioonwatch.org.br\/wp-content\/uploads\/2017\/08\/barqueata2-940x400.jpg\"><img loading=\"lazy\" decoding=\"async\" class=\"aligncenter size-content wp-image-27702\" src=\"http:\/\/rioonwatch.org.br\/wp-content\/uploads\/2017\/08\/barqueata2-940x400-620x264.jpg\" alt=\"\" width=\"620\" height=\"264\" srcset=\"https:\/\/rioonwatch.org.br\/wp-content\/uploads\/2017\/08\/barqueata2-940x400-620x264.jpg 620w, https:\/\/rioonwatch.org.br\/wp-content\/uploads\/2017\/08\/barqueata2-940x400-768x327.jpg 768w, https:\/\/rioonwatch.org.br\/wp-content\/uploads\/2017\/08\/barqueata2-940x400.jpg 940w\" sizes=\"(max-width: 620px) 100vw, 620px\" \/><\/a><\/p>\n<!-- AddThis Advanced Settings generic via filter on the_content --><!-- AddThis Share Buttons generic via filter on the_content -->","protected":false},"excerpt":{"rendered":"<div class=\"mh-excerpt\"><p>Click Here for English No dia 5 de agosto, v\u00e1rios grupos interessados \u200b\u200bna limpeza da Ba\u00eda de Guanabara se reuniram para uma barqueata em apoio aos pescadores da ba\u00eda. As comunidades pesqueiras\u00a0da Ba\u00eda de Guanabara <a class=\"mh-excerpt-more\" href=\"https:\/\/rioonwatch.org.br\/?p=27691\" title=\"Barqueata por Uma Ba\u00eda Viva Chama Aten\u00e7\u00e3o para Elemento Que Define a Paisagem Ic\u00f4nica do Rio\">[&#8230;]<\/a><!-- AddThis Advanced Settings generic via filter on get_the_excerpt --><!-- AddThis Share Buttons generic via filter on get_the_excerpt --><\/p>\n<\/div>","protected":false},"author":129,"featured_media":27693,"comment_status":"closed","ping_status":"closed","sticky":false,"template":"","format":"standard","meta":{"_acf_changed":false,"_monsterinsights_skip_tracking":false,"_monsterinsights_sitenote_active":false,"_monsterinsights_sitenote_note":"","_monsterinsights_sitenote_category":0,"footnotes":""},"categories":[2051,1627,1626,1612,1639],"tags":[510,804,1597,738,332,1239,2096,322,1372,1574,360,106,359,581,1748,2139,432,231,404,1153,218],"writer":[2124],"translator":[1491],"source":[],"ilustrador":[],"fotografo":[],"class_list":{"0":"post-27691","1":"post","2":"type-post","3":"status-publish","4":"format-standard","5":"has-post-thumbnail","7":"category-olhonolegado","8":"category-relato-de-evento","9":"category-por-observadores-internacionais","10":"category-sociedade-civil","11":"category-sustentabilidade","12":"tag-agua","13":"tag-baia-da-guanabara","14":"tag-casa-fluminense","15":"tag-colonia-de-pescadores","16":"tag-complexo-da-mare","17":"tag-criminalizacao-da-pobreza","18":"tag-desmatamento","19":"tag-esgoto","20":"tag-grande-rio","21":"tag-indigenas","22":"tag-lixo","23":"tag-meio-ambiente","24":"tag-participacao-zero","25":"tag-poluicao","26":"tag-praca-maua","27":"tag-justica-ambiental","28":"tag-resistencia","29":"tag-sao-goncalo","30":"tag-sustentabilidade","31":"tag-uso-de-bicicleta","32":"tag-zona-norte","33":"writer-raine-robichaud","34":"translator-patricia-gomes"},"acf":[],"yoast_head":"<!-- This site is optimized with the Yoast SEO plugin v25.6 - https:\/\/yoast.com\/wordpress\/plugins\/seo\/ -->\n<title>Barqueata por Uma Ba\u00eda Viva Chama Aten\u00e7\u00e3o para Elemento Que Define a Paisagem Ic\u00f4nica do Rio - RioOnWatch<\/title>\n<meta name=\"robots\" content=\"index, follow, max-snippet:-1, max-image-preview:large, max-video-preview:-1\" \/>\n<link rel=\"canonical\" href=\"https:\/\/rioonwatch.org.br\/?p=27691\" \/>\n<meta property=\"og:locale\" content=\"pt_BR\" \/>\n<meta property=\"og:type\" content=\"article\" \/>\n<meta property=\"og:title\" content=\"Barqueata por Uma Ba\u00eda Viva Chama Aten\u00e7\u00e3o para Elemento Que Define a Paisagem Ic\u00f4nica do Rio - RioOnWatch\" \/>\n<meta property=\"og:description\" content=\"Click Here for English No dia 5 de agosto, v\u00e1rios grupos interessados \u200b\u200bna limpeza da Ba\u00eda de Guanabara se reuniram para uma barqueata em apoio aos pescadores da ba\u00eda. As comunidades pesqueiras\u00a0da Ba\u00eda de Guanabara [...]\" \/>\n<meta property=\"og:url\" content=\"https:\/\/rioonwatch.org.br\/?p=27691\" \/>\n<meta property=\"og:site_name\" content=\"RioOnWatch\" \/>\n<meta property=\"article:published_time\" content=\"2017-08-17T15:40:10+00:00\" \/>\n<meta property=\"og:image\" content=\"https:\/\/rioonwatch.org.br\/wp-content\/uploads\/2017\/08\/barqueata3.jpg\" \/>\n\t<meta property=\"og:image:width\" content=\"2560\" \/>\n\t<meta property=\"og:image:height\" content=\"1440\" \/>\n\t<meta property=\"og:image:type\" content=\"image\/jpeg\" \/>\n<meta name=\"author\" content=\"Admin\" \/>\n<meta name=\"twitter:card\" content=\"summary_large_image\" \/>\n<meta name=\"twitter:label1\" content=\"Escrito por\" \/>\n\t<meta name=\"twitter:data1\" content=\"Admin\" \/>\n\t<meta name=\"twitter:label2\" content=\"Est. tempo de leitura\" \/>\n\t<meta name=\"twitter:data2\" content=\"4 minutos\" \/>\n<script type=\"application\/ld+json\" class=\"yoast-schema-graph\">{\"@context\":\"https:\/\/schema.org\",\"@graph\":[{\"@type\":\"Article\",\"@id\":\"https:\/\/rioonwatch.org.br\/?p=27691#article\",\"isPartOf\":{\"@id\":\"https:\/\/rioonwatch.org.br\/?p=27691\"},\"author\":{\"name\":\"Admin\",\"@id\":\"https:\/\/rioonwatch.org.br\/#\/schema\/person\/11d64c290506f9df50c71b850c473f68\"},\"headline\":\"Barqueata por Uma Ba\u00eda Viva Chama Aten\u00e7\u00e3o para Elemento Que Define a Paisagem Ic\u00f4nica do Rio\",\"datePublished\":\"2017-08-17T15:40:10+00:00\",\"mainEntityOfPage\":{\"@id\":\"https:\/\/rioonwatch.org.br\/?p=27691\"},\"wordCount\":726,\"publisher\":{\"@id\":\"https:\/\/rioonwatch.org.br\/#organization\"},\"image\":{\"@id\":\"https:\/\/rioonwatch.org.br\/?p=27691#primaryimage\"},\"thumbnailUrl\":\"https:\/\/rioonwatch.org.br\/wp-content\/uploads\/2017\/08\/barqueata3.jpg\",\"keywords\":[\"\u00e1gua\",\"Ba\u00eda da Guanabara\",\"Casa Fluminense\",\"col\u00f4nia de pescadores\",\"Complexo da Mar\u00e9\",\"criminaliza\u00e7\u00e3o da pobreza\",\"desmatamento\",\"esgoto\",\"Grande Rio\",\"ind\u00edgenas\",\"lixo\",\"meio ambiente\",\"participa\u00e7\u00e3o zero\",\"polui\u00e7\u00e3o\",\"Pra\u00e7a Mau\u00e1\",\"Racismo ambiental\",\"resist\u00eancia\",\"S\u00e3o Gon\u00e7alo\",\"sustentabilidade\",\"uso de bicicleta\",\"Zona Norte\"],\"articleSection\":[\"#OlhoNoLegado\",\"Cobertura de Eventos\",\"Escrito por Aliados\",\"Sociedade Civil\",\"Sustentabilidade\"],\"inLanguage\":\"pt-BR\"},{\"@type\":\"WebPage\",\"@id\":\"https:\/\/rioonwatch.org.br\/?p=27691\",\"url\":\"https:\/\/rioonwatch.org.br\/?p=27691\",\"name\":\"Barqueata por Uma Ba\u00eda Viva Chama Aten\u00e7\u00e3o para Elemento Que Define a Paisagem Ic\u00f4nica do Rio - RioOnWatch\",\"isPartOf\":{\"@id\":\"https:\/\/rioonwatch.org.br\/#website\"},\"primaryImageOfPage\":{\"@id\":\"https:\/\/rioonwatch.org.br\/?p=27691#primaryimage\"},\"image\":{\"@id\":\"https:\/\/rioonwatch.org.br\/?p=27691#primaryimage\"},\"thumbnailUrl\":\"https:\/\/rioonwatch.org.br\/wp-content\/uploads\/2017\/08\/barqueata3.jpg\",\"datePublished\":\"2017-08-17T15:40:10+00:00\",\"breadcrumb\":{\"@id\":\"https:\/\/rioonwatch.org.br\/?p=27691#breadcrumb\"},\"inLanguage\":\"pt-BR\",\"potentialAction\":[{\"@type\":\"ReadAction\",\"target\":[\"https:\/\/rioonwatch.org.br\/?p=27691\"]}]},{\"@type\":\"ImageObject\",\"inLanguage\":\"pt-BR\",\"@id\":\"https:\/\/rioonwatch.org.br\/?p=27691#primaryimage\",\"url\":\"https:\/\/rioonwatch.org.br\/wp-content\/uploads\/2017\/08\/barqueata3.jpg\",\"contentUrl\":\"https:\/\/rioonwatch.org.br\/wp-content\/uploads\/2017\/08\/barqueata3.jpg\",\"width\":2560,\"height\":1440},{\"@type\":\"BreadcrumbList\",\"@id\":\"https:\/\/rioonwatch.org.br\/?p=27691#breadcrumb\",\"itemListElement\":[{\"@type\":\"ListItem\",\"position\":1,\"name\":\"In\u00edcio\",\"item\":\"https:\/\/rioonwatch.org.br\/\"},{\"@type\":\"ListItem\",\"position\":2,\"name\":\"Barqueata por Uma Ba\u00eda Viva Chama Aten\u00e7\u00e3o para Elemento Que Define a Paisagem Ic\u00f4nica do Rio\"}]},{\"@type\":\"WebSite\",\"@id\":\"https:\/\/rioonwatch.org.br\/#website\",\"url\":\"https:\/\/rioonwatch.org.br\/\",\"name\":\"RioOnWatch\",\"description\":\"relatos das favelas cariocas\",\"publisher\":{\"@id\":\"https:\/\/rioonwatch.org.br\/#organization\"},\"potentialAction\":[{\"@type\":\"SearchAction\",\"target\":{\"@type\":\"EntryPoint\",\"urlTemplate\":\"https:\/\/rioonwatch.org.br\/?s={search_term_string}\"},\"query-input\":{\"@type\":\"PropertyValueSpecification\",\"valueRequired\":true,\"valueName\":\"search_term_string\"}}],\"inLanguage\":\"pt-BR\"},{\"@type\":\"Organization\",\"@id\":\"https:\/\/rioonwatch.org.br\/#organization\",\"name\":\"RioOnWatch\",\"url\":\"https:\/\/rioonwatch.org.br\/\",\"logo\":{\"@type\":\"ImageObject\",\"inLanguage\":\"pt-BR\",\"@id\":\"https:\/\/rioonwatch.org.br\/#\/schema\/logo\/image\/\",\"url\":\"https:\/\/rioonwatch.org.br\/wp-content\/uploads\/2021\/06\/RioOnWatchcabecalhoPT11anos-2.png\",\"contentUrl\":\"https:\/\/rioonwatch.org.br\/wp-content\/uploads\/2021\/06\/RioOnWatchcabecalhoPT11anos-2.png\",\"width\":779,\"height\":277,\"caption\":\"RioOnWatch\"},\"image\":{\"@id\":\"https:\/\/rioonwatch.org.br\/#\/schema\/logo\/image\/\"}},{\"@type\":\"Person\",\"@id\":\"https:\/\/rioonwatch.org.br\/#\/schema\/person\/11d64c290506f9df50c71b850c473f68\",\"name\":\"Admin\",\"image\":{\"@type\":\"ImageObject\",\"inLanguage\":\"pt-BR\",\"@id\":\"https:\/\/rioonwatch.org.br\/#\/schema\/person\/image\/\",\"url\":\"https:\/\/secure.gravatar.com\/avatar\/56211ac74568383903349a1485e3c325?s=96&d=blank&r=g\",\"contentUrl\":\"https:\/\/secure.gravatar.com\/avatar\/56211ac74568383903349a1485e3c325?s=96&d=blank&r=g\",\"caption\":\"Admin\"},\"url\":\"https:\/\/rioonwatch.org.br\/?author=129\"}]}<\/script>\n<!-- \/ Yoast SEO plugin. -->","yoast_head_json":{"title":"Barqueata por Uma Ba\u00eda Viva Chama Aten\u00e7\u00e3o para Elemento Que Define a Paisagem Ic\u00f4nica do Rio - RioOnWatch","robots":{"index":"index","follow":"follow","max-snippet":"max-snippet:-1","max-image-preview":"max-image-preview:large","max-video-preview":"max-video-preview:-1"},"canonical":"https:\/\/rioonwatch.org.br\/?p=27691","og_locale":"pt_BR","og_type":"article","og_title":"Barqueata por Uma Ba\u00eda Viva Chama Aten\u00e7\u00e3o para Elemento Que Define a Paisagem Ic\u00f4nica do Rio - RioOnWatch","og_description":"Click Here for English No dia 5 de agosto, v\u00e1rios grupos interessados \u200b\u200bna limpeza da Ba\u00eda de Guanabara se reuniram para uma barqueata em apoio aos pescadores da ba\u00eda. As comunidades pesqueiras\u00a0da Ba\u00eda de Guanabara [...]","og_url":"https:\/\/rioonwatch.org.br\/?p=27691","og_site_name":"RioOnWatch","article_published_time":"2017-08-17T15:40:10+00:00","og_image":[{"width":2560,"height":1440,"url":"https:\/\/rioonwatch.org.br\/wp-content\/uploads\/2017\/08\/barqueata3.jpg","type":"image\/jpeg"}],"author":"Admin","twitter_card":"summary_large_image","twitter_misc":{"Escrito por":"Admin","Est. tempo de leitura":"4 minutos"},"schema":{"@context":"https:\/\/schema.org","@graph":[{"@type":"Article","@id":"https:\/\/rioonwatch.org.br\/?p=27691#article","isPartOf":{"@id":"https:\/\/rioonwatch.org.br\/?p=27691"},"author":{"name":"Admin","@id":"https:\/\/rioonwatch.org.br\/#\/schema\/person\/11d64c290506f9df50c71b850c473f68"},"headline":"Barqueata por Uma Ba\u00eda Viva Chama Aten\u00e7\u00e3o para Elemento Que Define a Paisagem Ic\u00f4nica do Rio","datePublished":"2017-08-17T15:40:10+00:00","mainEntityOfPage":{"@id":"https:\/\/rioonwatch.org.br\/?p=27691"},"wordCount":726,"publisher":{"@id":"https:\/\/rioonwatch.org.br\/#organization"},"image":{"@id":"https:\/\/rioonwatch.org.br\/?p=27691#primaryimage"},"thumbnailUrl":"https:\/\/rioonwatch.org.br\/wp-content\/uploads\/2017\/08\/barqueata3.jpg","keywords":["\u00e1gua","Ba\u00eda da Guanabara","Casa Fluminense","col\u00f4nia de pescadores","Complexo da Mar\u00e9","criminaliza\u00e7\u00e3o da pobreza","desmatamento","esgoto","Grande Rio","ind\u00edgenas","lixo","meio ambiente","participa\u00e7\u00e3o zero","polui\u00e7\u00e3o","Pra\u00e7a Mau\u00e1","Racismo ambiental","resist\u00eancia","S\u00e3o Gon\u00e7alo","sustentabilidade","uso de bicicleta","Zona Norte"],"articleSection":["#OlhoNoLegado","Cobertura de Eventos","Escrito por Aliados","Sociedade Civil","Sustentabilidade"],"inLanguage":"pt-BR"},{"@type":"WebPage","@id":"https:\/\/rioonwatch.org.br\/?p=27691","url":"https:\/\/rioonwatch.org.br\/?p=27691","name":"Barqueata por Uma Ba\u00eda Viva Chama Aten\u00e7\u00e3o para Elemento Que Define a Paisagem Ic\u00f4nica do Rio - RioOnWatch","isPartOf":{"@id":"https:\/\/rioonwatch.org.br\/#website"},"primaryImageOfPage":{"@id":"https:\/\/rioonwatch.org.br\/?p=27691#primaryimage"},"image":{"@id":"https:\/\/rioonwatch.org.br\/?p=27691#primaryimage"},"thumbnailUrl":"https:\/\/rioonwatch.org.br\/wp-content\/uploads\/2017\/08\/barqueata3.jpg","datePublished":"2017-08-17T15:40:10+00:00","breadcrumb":{"@id":"https:\/\/rioonwatch.org.br\/?p=27691#breadcrumb"},"inLanguage":"pt-BR","potentialAction":[{"@type":"ReadAction","target":["https:\/\/rioonwatch.org.br\/?p=27691"]}]},{"@type":"ImageObject","inLanguage":"pt-BR","@id":"https:\/\/rioonwatch.org.br\/?p=27691#primaryimage","url":"https:\/\/rioonwatch.org.br\/wp-content\/uploads\/2017\/08\/barqueata3.jpg","contentUrl":"https:\/\/rioonwatch.org.br\/wp-content\/uploads\/2017\/08\/barqueata3.jpg","width":2560,"height":1440},{"@type":"BreadcrumbList","@id":"https:\/\/rioonwatch.org.br\/?p=27691#breadcrumb","itemListElement":[{"@type":"ListItem","position":1,"name":"In\u00edcio","item":"https:\/\/rioonwatch.org.br\/"},{"@type":"ListItem","position":2,"name":"Barqueata por Uma Ba\u00eda Viva Chama Aten\u00e7\u00e3o para Elemento Que Define a Paisagem Ic\u00f4nica do Rio"}]},{"@type":"WebSite","@id":"https:\/\/rioonwatch.org.br\/#website","url":"https:\/\/rioonwatch.org.br\/","name":"RioOnWatch","description":"relatos das favelas cariocas","publisher":{"@id":"https:\/\/rioonwatch.org.br\/#organization"},"potentialAction":[{"@type":"SearchAction","target":{"@type":"EntryPoint","urlTemplate":"https:\/\/rioonwatch.org.br\/?s={search_term_string}"},"query-input":{"@type":"PropertyValueSpecification","valueRequired":true,"valueName":"search_term_string"}}],"inLanguage":"pt-BR"},{"@type":"Organization","@id":"https:\/\/rioonwatch.org.br\/#organization","name":"RioOnWatch","url":"https:\/\/rioonwatch.org.br\/","logo":{"@type":"ImageObject","inLanguage":"pt-BR","@id":"https:\/\/rioonwatch.org.br\/#\/schema\/logo\/image\/","url":"https:\/\/rioonwatch.org.br\/wp-content\/uploads\/2021\/06\/RioOnWatchcabecalhoPT11anos-2.png","contentUrl":"https:\/\/rioonwatch.org.br\/wp-content\/uploads\/2021\/06\/RioOnWatchcabecalhoPT11anos-2.png","width":779,"height":277,"caption":"RioOnWatch"},"image":{"@id":"https:\/\/rioonwatch.org.br\/#\/schema\/logo\/image\/"}},{"@type":"Person","@id":"https:\/\/rioonwatch.org.br\/#\/schema\/person\/11d64c290506f9df50c71b850c473f68","name":"Admin","image":{"@type":"ImageObject","inLanguage":"pt-BR","@id":"https:\/\/rioonwatch.org.br\/#\/schema\/person\/image\/","url":"https:\/\/secure.gravatar.com\/avatar\/56211ac74568383903349a1485e3c325?s=96&d=blank&r=g","contentUrl":"https:\/\/secure.gravatar.com\/avatar\/56211ac74568383903349a1485e3c325?s=96&d=blank&r=g","caption":"Admin"},"url":"https:\/\/rioonwatch.org.br\/?author=129"}]}},"_links":{"self":[{"href":"https:\/\/rioonwatch.org.br\/index.php?rest_route=\/wp\/v2\/posts\/27691"}],"collection":[{"href":"https:\/\/rioonwatch.org.br\/index.php?rest_route=\/wp\/v2\/posts"}],"about":[{"href":"https:\/\/rioonwatch.org.br\/index.php?rest_route=\/wp\/v2\/types\/post"}],"author":[{"embeddable":true,"href":"https:\/\/rioonwatch.org.br\/index.php?rest_route=\/wp\/v2\/users\/129"}],"replies":[{"embeddable":true,"href":"https:\/\/rioonwatch.org.br\/index.php?rest_route=%2Fwp%2Fv2%2Fcomments&post=27691"}],"version-history":[{"count":10,"href":"https:\/\/rioonwatch.org.br\/index.php?rest_route=\/wp\/v2\/posts\/27691\/revisions"}],"predecessor-version":[{"id":27747,"href":"https:\/\/rioonwatch.org.br\/index.php?rest_route=\/wp\/v2\/posts\/27691\/revisions\/27747"}],"wp:featuredmedia":[{"embeddable":true,"href":"https:\/\/rioonwatch.org.br\/index.php?rest_route=\/wp\/v2\/media\/27693"}],"wp:attachment":[{"href":"https:\/\/rioonwatch.org.br\/index.php?rest_route=%2Fwp%2Fv2%2Fmedia&parent=27691"}],"wp:term":[{"taxonomy":"category","embeddable":true,"href":"https:\/\/rioonwatch.org.br\/index.php?rest_route=%2Fwp%2Fv2%2Fcategories&post=27691"},{"taxonomy":"post_tag","embeddable":true,"href":"https:\/\/rioonwatch.org.br\/index.php?rest_route=%2Fwp%2Fv2%2Ftags&post=27691"},{"taxonomy":"writer","embeddable":true,"href":"https:\/\/rioonwatch.org.br\/index.php?rest_route=%2Fwp%2Fv2%2Fwriter&post=27691"},{"taxonomy":"translator","embeddable":true,"href":"https:\/\/rioonwatch.org.br\/index.php?rest_route=%2Fwp%2Fv2%2Ftranslator&post=27691"},{"taxonomy":"source","embeddable":true,"href":"https:\/\/rioonwatch.org.br\/index.php?rest_route=%2Fwp%2Fv2%2Fsource&post=27691"},{"taxonomy":"ilustrador","embeddable":true,"href":"https:\/\/rioonwatch.org.br\/index.php?rest_route=%2Fwp%2Fv2%2Filustrador&post=27691"},{"taxonomy":"fotografo","embeddable":true,"href":"https:\/\/rioonwatch.org.br\/index.php?rest_route=%2Fwp%2Fv2%2Ffotografo&post=27691"}],"curies":[{"name":"wp","href":"https:\/\/api.w.org\/{rel}","templated":true}]}}