{"id":27895,"date":"2017-08-25T10:17:30","date_gmt":"2017-08-25T13:17:30","guid":{"rendered":"http:\/\/rioonwatch.org.br\/?p=27895"},"modified":"2024-06-20T16:24:10","modified_gmt":"2024-06-20T19:24:10","slug":"tres-razoes-pelas-quais-charlottesville-poderia-acontecer-no-brasil","status":"publish","type":"post","link":"https:\/\/rioonwatch.org.br\/?p=27895","title":{"rendered":"Tr\u00eas Raz\u00f5es Pelas Quais Charlottesville Poderia Acontecer no Brasil"},"content":{"rendered":"<p style=\"text-align: right;\"><em><strong><a href=\"http:\/\/bit.ly\/2xvGWPu\" target=\"_blank\" rel=\"noopener noreferrer\">Click Here for English<img decoding=\"async\" width=\"20\" height=\"20\" class=\"alignright wp-image-15790\" src=\"http:\/\/rioonwatch.org.br\/wp-content\/uploads\/2012\/08\/EN-standard-e1439583104716.jpg\" alt=\"\" \/><\/a><\/strong><\/em><\/p>\n<p><span style=\"font-weight: 400;\">Durante o fim de semana de 12 de agosto, a cidade de Charlottesville, na Virg\u00ednia, EUA, foi palco de violentos confrontos entre os supremacistas brancos que participaram de uma manifesta\u00e7\u00e3o &#8220;<em>Unite the Right<\/em>&#8221; (Unir a Direita) e manifestantes anti-racistas. Provocada pelo plano das autoridades da prefeitura de remover uma <a href=\"https:\/\/glo.bo\/2vl0MMm\" target=\"_blank\" rel=\"noopener\">est\u00e1tua de Robert E. Lee<\/a> do Parque da Emancipa\u00e7\u00e3o, uma coaliz\u00e3o de grupos de extrema direita realizou uma manifesta\u00e7\u00e3o utilizando tochas na noite de sexta-feira. L\u00e1, eles cantavam slogans como &#8220;vidas brancas importam&#8221; e &#8220;sangue e solo&#8221;, um slogan chave nazista que promove a pureza racial branca e o anti-semitismo. Lee foi o principal general da Confedera\u00e7\u00e3o na luta dos Estados do Sul contra a aboli\u00e7\u00e3o da escravid\u00e3o durante a Guerra Civil dos EUA. Os nacionalistas brancos se manifestaram em torno de sua est\u00e1tua, a despeito de <a href=\"http:\/\/bit.ly\/2itS8JF\" target=\"_blank\" rel=\"noopener\">sua hist\u00f3ria como senhor de escravos<\/a>.<\/span><\/p>\n<p><span style=\"font-weight: 400;\">No dia seguinte, no s\u00e1bado, multid\u00f5es de contra-manifestantes <a href=\"http:\/\/theatln.tc\/2xtX2Jd\" target=\"_blank\" rel=\"noopener\">antifascistas<\/a> reuniram-se ao lado de grupos <a href=\"http:\/\/bit.ly\/2xx1KG0\" target=\"_blank\" rel=\"noopener\"><em>Alt-Right<\/em><\/a>\u00a0(abrevia\u00e7\u00e3o de &#8216;direita alternativa&#8217;, uma nova denomina\u00e7\u00e3o de extrema direita associada \u00e0 movimentos nacionalistas brancos nos EUA) armados com escudos, cassetetes e rifles. A <a href=\"http:\/\/wapo.st\/2fWMvmr\" target=\"_blank\" rel=\"noopener\">viol\u00eancia<\/a> entrou em erup\u00e7\u00e3o entre os dois lados. Manifestantes batiam com cassetetes, perfuraram, e pulverizaram produtos qu\u00edmicos uns nos outros. Quando a pol\u00edcia interveio a multid\u00e3o se dispersou, e o supremacista branco James Alex Fields Jr. dirigiu seu carro em dire\u00e7\u00e3o a uma multid\u00e3o e <a href=\"https:\/\/glo.bo\/2w2eCpK\" target=\"_blank\" rel=\"noopener\">matou a contra-protestante Heather D. Heyer<\/a>. Em outro lugar, os nacionalistas brancos derrubaram o <a href=\"http:\/\/ind.pn\/2vVNerK\" target=\"_blank\" rel=\"noopener\">manifestante negro DeAndre Harris<\/a> com barras de ferro, que o feriram gravemente. Apesar desses atos de terrorismo, o presidente Trump falou sobre a viol\u00eancia dos &#8220;<a href=\"https:\/\/glo.bo\/2xx6Pye\" target=\"_blank\" rel=\"noopener\">dois lados<\/a>&#8220;. Ele se recusou em m\u00faltiplas declara\u00e7\u00f5es a condenar o supremacia branca e os manifestantes neonazistas.<\/span><\/p>\n<p><a href=\"http:\/\/rioonwatch.org.br\/wp-content\/uploads\/2017\/08\/Crowd-Around-Jefferson-Statue-1.jpg\"><img fetchpriority=\"high\" decoding=\"async\" class=\"aligncenter wp-image-27915 size-content\" title=\"Multid\u00e3o de manifestantes e contra-manifestantes em torno da est\u00e1tua de Jefferson - Evelyn Hockstein \/ The Washington Post via Getty Images\" src=\"http:\/\/rioonwatch.org.br\/wp-content\/uploads\/2017\/08\/Crowd-Around-Jefferson-Statue-1-620x264.jpg\" alt=\"\" width=\"620\" height=\"264\" srcset=\"https:\/\/rioonwatch.org.br\/wp-content\/uploads\/2017\/08\/Crowd-Around-Jefferson-Statue-1-620x264.jpg 620w, https:\/\/rioonwatch.org.br\/wp-content\/uploads\/2017\/08\/Crowd-Around-Jefferson-Statue-1-940x400.jpg 940w\" sizes=\"(max-width: 620px) 100vw, 620px\" \/><\/a><\/p>\n<p><span style=\"font-weight: 400;\">Os eventos em Charlottesville provocaram uma conversa nacional nos EUA sobre monumentos de figuras confederadas em espa\u00e7os p\u00fablicos e o re-surgimento de grupos usando discurso explicitamente racista e baseado em \u00f3dio. Embora nenhum desses t\u00f3picos esteja sendo noticiado no Brasil, eles falam de uma hist\u00f3ria paralela e de uma realidade existente de <a href=\"http:\/\/bit.ly\/1uqz3CW\" target=\"_blank\" rel=\"noopener\">racismo<\/a> e intoler\u00e2ncia. Como os EUA, o <a href=\"http:\/\/bit.ly\/2gUSg3q\" target=\"_blank\" rel=\"noopener\">Brasil era uma sociedade escravista<\/a> durante a maior parte de sua hist\u00f3ria. A institui\u00e7\u00e3o da escravid\u00e3o durou 246 anos nos EUA e 358 anos no Brasil. Os portugueses trouxeram cerca de <a href=\"http:\/\/bit.ly\/2vl8KVS\" target=\"_blank\" rel=\"noopener\">2 milh\u00f5es de africanos escravizados<\/a> para o Rio de Janeiro (4 milh\u00f5es em todo o pa\u00eds), em contraste com os estimados 400.000 levados para os Estados Unidos. Esses legados influenciam as realidades raciais presentes em cada pa\u00eds, mesmo que a <a href=\"https:\/\/tgam.ca\/2ssJyOc\" target=\"_blank\" rel=\"noopener\">forma de racismo possa diferir entre os contextos<\/a>. Algo como as manifesta\u00e7\u00f5es de Charlottesville poderiam acontecer no Brasil hoje? Abaixo est\u00e3o tr\u00eas fatores importantes a serem considerados:<\/span><\/p>\n<h3><strong>1. <\/strong><strong>Est\u00e1tuas, Espa\u00e7o P\u00fablico e Hist\u00f3ria Contestada<\/strong><\/h3>\n<p><span style=\"font-weight: 400;\">Apenas dois dias ap\u00f3s os protestos de Charlottesville, uma ativista estudantil chamada Takiyah Thompson <a href=\"http:\/\/bit.ly\/2v46c2w\" target=\"_blank\" rel=\"noopener\">foi presa por seu papel em derrubar o Monumento dos Soldados Confederados em Durham<\/a>, Carolina do Norte. Takiyah escalou a est\u00e1tua e amarrou uma corda ao redor de seu pesco\u00e7o, e uma multid\u00e3o a usou para puxar a est\u00e1tua para o ch\u00e3o. O historiador Eric Foner explica que tais est\u00e1tuas representam uma &#8220;<a href=\"http:\/\/bit.ly\/2g3bQeg\" target=\"_blank\" rel=\"noopener\">imagem da Am\u00e9rica como uma sociedade branca<\/a>&#8220;. Os ativistas argumentam que elas honram as institui\u00e7\u00f5es da <a href=\"http:\/\/bit.ly\/1Hg4Zj3\" target=\"_blank\" rel=\"noopener\">escravid\u00e3o<\/a>, as segregacionistas <a href=\"http:\/\/bit.ly\/2fy96F2\" target=\"_blank\" rel=\"noopener\">leis Jim Crow<\/a> e a cont\u00ednua <a href=\"http:\/\/bit.ly\/2buISj2\" target=\"_blank\" rel=\"noopener\">discrimina\u00e7\u00e3o institucional<\/a> contra os afro-americanos.<\/span><\/p>\n<p><span style=\"font-weight: 400;\">Do mesmo modo, no Brasil, ativistas ind\u00edgenas <a href=\"http:\/\/bit.ly\/2vWW3DE\" target=\"_blank\" rel=\"noopener\">contestaram<\/a> o Monumento \u00e0s Bandeiras em S\u00e3o Paulo por causa da glorifica\u00e7\u00e3o de s\u00edmbolos racistas e coloniais. Um s\u00e9culo e meio depois da sua funda\u00e7\u00e3o em 1554, a cidade foi o ponto de partida para as bandeiras, <a href=\"http:\/\/bit.ly\/2xhmIJG\" target=\"_blank\" rel=\"noopener\">expedi\u00e7\u00f5es portuguesas para o interior do continente<\/a>. Estes bandeirantes capturaram e escravizaram povos ind\u00edgenas e lutaram contra assentamentos de ex-escravos conhecidos como <a href=\"http:\/\/bit.ly\/1ykJIW4\" target=\"_blank\" rel=\"noopener\">quilombos<\/a>. \u00c0 medida que S\u00e3o Paulo se modernizava, as representa\u00e7\u00f5es populares dos bandeirantes como exploradores brancos heroicos, sem armas, mas corajosos, proliferaram. Em 2016, o Monumento \u00e0s Bandeiras foi coberto de tinta vermelha ao lado de <a href=\"http:\/\/bit.ly\/2wwECva\" target=\"_blank\" rel=\"noopener\">protestos por direitos ind\u00edgenas<\/a>. Uma est\u00e1tua do bandeirante Borba Gato tamb\u00e9m foi condenada em um simulacro de &#8220;<a href=\"http:\/\/bit.ly\/2vcQQVb\" target=\"_blank\" rel=\"noopener\">julgamento popular<\/a>&#8221; e coberto de grafites.<\/span><\/p>\n<p><a href=\"http:\/\/rioonwatch.org.br\/wp-content\/uploads\/2017\/08\/bandeirantes-1.jpg\"><img decoding=\"async\" class=\"aligncenter wp-image-27917 size-content\" title=\"Monumento \u00e0s Bandeiras com banho de tinta em S\u00e3o Paulo - Felipe Larozza\/VICE\" src=\"http:\/\/rioonwatch.org.br\/wp-content\/uploads\/2017\/08\/bandeirantes-1-620x264.jpg\" alt=\"\" width=\"620\" height=\"264\" srcset=\"https:\/\/rioonwatch.org.br\/wp-content\/uploads\/2017\/08\/bandeirantes-1-620x264.jpg 620w, https:\/\/rioonwatch.org.br\/wp-content\/uploads\/2017\/08\/bandeirantes-1-940x400.jpg 940w\" sizes=\"(max-width: 620px) 100vw, 620px\" \/><\/a><\/p>\n<p><span style=\"font-weight: 400;\">Alguns cr\u00edticos americanos argumentam que as est\u00e1tuas confederadas deveriam ser <a href=\"http:\/\/nyti.ms\/2vqJvkb\" target=\"_blank\" rel=\"noopener\">contextualizadas, em vez de serem removidas<\/a>. Na <a href=\"http:\/\/bit.ly\/1cVBDvL\" target=\"_blank\" rel=\"noopener\">Zona Portu\u00e1ria<\/a> do Rio de Janeiro, uma forma que os ativistas descobriram de contextualizar e at\u00e9 aprofundar a compreens\u00e3o hist\u00f3rica na aus\u00eancia de reconhecimento pol\u00edtico \u00e9 criar <a href=\"http:\/\/bit.ly\/2uR9zIh\" target=\"_blank\" rel=\"noopener\">um aplicativo que qualquer pessoa que visite o Porto possa usar para explorar a verdadeira natureza da hist\u00f3ria da \u00e1rea<\/a>.<\/span><\/p>\n<p><span style=\"font-weight: 400;\">Ativistas afro-brasileiros atualmente est\u00e3o lutando para manter sua hist\u00f3ria no Porto. O projeto de revitaliza\u00e7\u00e3o <a href=\"http:\/\/bit.ly\/UR7rn7\" target=\"_blank\" rel=\"noopener\">Porto Maravilha<\/a>, lan\u00e7ado antes das Olimp\u00edadas de 2016, investiu fortunas em novos museus e sistemas de tr\u00e2nsito, tornando a regi\u00e3o uma atra\u00e7\u00e3o tur\u00edstica enquanto obscurecia sua hist\u00f3ria negra. O Porto \u00e9 o lar do\u00a0<a href=\"http:\/\/bit.ly\/1p2voxl\" target=\"_blank\" rel=\"noopener\">Cais do Valongo<\/a>, onde os navios negreiros chegavam ao Rio, e do <a href=\"http:\/\/bit.ly\/VVrdp9\" target=\"_blank\" rel=\"noopener\">Quilombo da Pedra do Sal<\/a>. Em uma recente <a href=\"http:\/\/bit.ly\/2vUJU1H\" target=\"_blank\" rel=\"noopener\">audi\u00eancia na C\u00e2mara Municipal<\/a> sobre o &#8220;Museu da Escravid\u00e3o e da Liberdade&#8221; no Porto, o membro do <a href=\"http:\/\/bit.ly\/2uFCWPo\" target=\"_blank\" rel=\"noopener\">Movimento Negro Unificado<\/a>, Marcelo Dias, disse: &#8220;O\u00a0debate que estamos tendo aqui \u00e9 o debate de retrata\u00e7\u00f5es hist\u00f3ricas para os negros. E as retrata\u00e7\u00f5es hist\u00f3ricas para os negros tamb\u00e9m significam a ocupa\u00e7\u00e3o de nossos espa\u00e7os\u201d.<\/span><\/p>\n<p><span style=\"font-weight: 400;\">No Brasil, como no Sul dos Estados Unidos, ativistas que lutam pela liberta\u00e7\u00e3o de grupos marginalizados voltaram-se para os marcos f\u00edsicos do \u00f3dio e da viol\u00eancia no espa\u00e7o p\u00fablico para enviar uma mensagem, seja para lembrar ou seguir adiante.<\/span><\/p>\n<h3><strong>2.\u00a0<\/strong><strong>Crimes de \u00d3dio e Religi\u00f5es Afro-Brasileiras<\/strong><\/h3>\n<p><span style=\"font-weight: 400;\">Grupos <em>Alt-Right<\/em> em Charlottesville mostraram uma s\u00e9rie de ideologias baseadas no \u00f3dio: anti-semitismo, milit\u00e2ncia anti-governo, supremacia branca, nazismo e sentimento anti-imigrante. A organiza\u00e7\u00e3o de monitoramento de \u00f3dio, Centro de Direito de Pobreza do Sul (SPLC) reporta\u00a0<a href=\"http:\/\/bit.ly\/2vnpfjw\" target=\"_blank\" rel=\"noopener\">um aumento no n\u00famero de grupos de \u00f3dio operando nos EUA<\/a>. Em 2016, o n\u00famero cresceu para de <a href=\"http:\/\/bit.ly\/2ipfbFy\" target=\"_blank\" rel=\"noopener\">892 para 917<\/a>. Os <a href=\"http:\/\/bit.ly\/2i4t3TF\" target=\"_blank\" rel=\"noopener\">crimes de \u00f3dio<\/a> aumentaram logo ap\u00f3s a elei\u00e7\u00e3o de Donald Trump, cuja <a href=\"http:\/\/bit.ly\/2vutv0t\" target=\"_blank\" rel=\"noopener\">toler\u00e2ncia chocante<\/a> aos grupos nacionalistas brancos ap\u00f3s Charlottesville j\u00e1 estava presente como tema em sua campanha.<\/span><\/p>\n<p><span style=\"font-weight: 400;\">No Brasil, a ret\u00f3rica de l\u00edderes de algumas denomina\u00e7\u00f5es crist\u00e3s neopentecostais, que experimentam uma\u00a0<a href=\"http:\/\/bit.ly\/2en5Udo\" target=\"_blank\" rel=\"noopener\">r\u00e1pida expans\u00e3o<\/a>, tem resultado na legitima\u00e7\u00e3o similar de crimes baseados em \u00f3dio. Os alvos desta persegui\u00e7\u00e3o s\u00e3o <a href=\"http:\/\/bit.ly\/1LiYCRR\" target=\"_blank\" rel=\"noopener\">seguidores do Candombl\u00e9 e Umbanda<\/a>, entre outras religi\u00f5es sincr\u00e9ticas. As estat\u00edsticas colocam os membros dessas religi\u00f5es como <a href=\"http:\/\/bit.ly\/2xsTsiJ\" target=\"_blank\" rel=\"noopener\">menos de 5% da popula\u00e7\u00e3o<\/a>, mas o censo de 2010 mostrou que 13% da popula\u00e7\u00e3o brasileira afirma ter mais de uma religi\u00e3o, muitas vezes incluindo algum envolvimento com a espiritualidade afro-brasileira.<\/span><\/p>\n<p><span style=\"font-weight: 400;\">Os praticantes dessas religi\u00f5es enfrentaram persegui\u00e7\u00e3o ao longo da hist\u00f3ria brasileira, historicamente rotulados como seitas pela maioria cat\u00f3lica. Entre 2012 e 2015, as estat\u00edsticas da Comiss\u00e3o de Combate \u00e0 Intoler\u00e2ncia Religiosa\u00a0(CCIR) mostraram que <a href=\"http:\/\/bbc.in\/2vpbCjS\" target=\"_blank\" rel=\"noopener\">70% das 1.104 infra\u00e7\u00f5es<\/a> registradas foram dirigidas a praticantes de religi\u00f5es afro-brasileiras. Seguindo as tend\u00eancias de crime de \u00f3dio nos EUA, o n\u00famero desses incidentes no Brasil aumentou <a href=\"http:\/\/bit.ly\/2ikUNVM\" target=\"_blank\" rel=\"noopener\">119% entre 2015 e 2016<\/a>. Isso inclui <a href=\"http:\/\/bit.ly\/2vtZ5eR\" target=\"_blank\" rel=\"noopener\">amea\u00e7as de morte, inc\u00eandio criminoso, vandalismo de propriedade e ataques f\u00edsicos<\/a>. Mais recentemente, em Nova Igua\u00e7u, Maria da Concei\u00e7\u00e3o da Silva, de 65 anos, foi <a href=\"http:\/\/bit.ly\/2xcyuVT\" target=\"_blank\" rel=\"noopener\">apedrejada<\/a>\u00a0pelo vizinho por ser praticante de Candombl\u00e9.<\/span><\/p>\n<p><a href=\"http:\/\/rioonwatch.org.br\/wp-content\/uploads\/2017\/08\/candomble.jpg\"><img loading=\"lazy\" decoding=\"async\" class=\"aligncenter wp-image-27923 size-content\" title=\"Praticantes do Candombl\u00e9 na Irmandade da Boa Morte na Bahia - Mario Tama \/ Getting Images\" src=\"http:\/\/rioonwatch.org.br\/wp-content\/uploads\/2017\/08\/candomble-620x264.jpg\" alt=\"\" width=\"620\" height=\"264\" srcset=\"https:\/\/rioonwatch.org.br\/wp-content\/uploads\/2017\/08\/candomble-620x264.jpg 620w, https:\/\/rioonwatch.org.br\/wp-content\/uploads\/2017\/08\/candomble-940x400.jpg 940w\" sizes=\"(max-width: 620px) 100vw, 620px\" \/><\/a><\/p>\n<p><span style=\"font-weight: 400;\">O neopentecostalismo no Brasil, no modelo das megaigrejas evang\u00e9licas nos EUA, associado \u00e0 <a href=\"http:\/\/bit.ly\/2qNn23c\" target=\"_blank\" rel=\"noopener\">Igreja Universal do Reino de Deus (IURD)<\/a>, defende a guerra espiritual contra as chamadas for\u00e7as do mal e sat\u00e2nicas das religi\u00f5es afro-brasileiras. A IURD chegou mesmo a formar a mil\u00edcia &#8220;<a href=\"http:\/\/bit.ly\/2wA1Lgd\" target=\"_blank\" rel=\"noopener\">Gladiadores do Altar<\/a>&#8220;, que provocou um\u00a0<a href=\"https:\/\/glo.bo\/2xurm6A\" target=\"_blank\" rel=\"noopener\">pedido de inqu\u00e9rito<\/a> por l\u00edderes religiosos afro-brasileiros. Prometendo e promovendo a prosperidade material, os neopentecostais criaram uma rede de 7000 igrejas com milh\u00f5es de seguidores e grande influ\u00eancia na pol\u00edtica brasileira. Jo\u00e3o Luiz Carneiro, professor de estudos religiosos da PUC-SP, diz que o racismo e o discurso neopentecostal &#8220;refor\u00e7am no p\u00fablico a imagem [da religi\u00e3o afro-brasileira] como vodum, sujo e que faz o mal&#8221;.<\/span><\/p>\n<p><span style=\"font-weight: 400;\">Embora esta combina\u00e7\u00e3o de intoler\u00e2ncia religiosa e racismo possa n\u00e3o funcionar exatamente como a supremacia branca opera nos EUA, ela fala sobre a presen\u00e7a comum de ret\u00f3rica expl\u00edcita baseada no \u00f3dio em ambos os pa\u00edses.<\/span><\/p>\n<h3><strong>3.\u00a0<\/strong><strong>Extremismo e Normalidade: Viol\u00eancia Policial<\/strong><\/h3>\n<p><span style=\"font-weight: 400;\">Na esteira de Charlottesville, alguns criticaram a <a href=\"http:\/\/wapo.st\/2xerTdE\" target=\"_blank\" rel=\"noopener\">lenta interven\u00e7\u00e3o da pol\u00edcia de Charlottesville<\/a> para impedir a viol\u00eancia dos protestos, que deixou um morto e 35 feridos. Em compara\u00e7\u00e3o, os protestos de 2014 pelos moradores negros de <a href=\"http:\/\/bit.ly\/1CjP9UP\" target=\"_blank\" rel=\"noopener\">Ferguson<\/a>, Missouri&#8211;ap\u00f3s um policial atirar em Michael Brown&#8211;geraram imediatamente for\u00e7as policiais militarizadas, e os protestos foram <a href=\"http:\/\/thebea.st\/2vhywdw\" target=\"_blank\" rel=\"noopener\">rotulados como &#8220;revolta&#8221; pela grande m\u00eddia<\/a>. Desta forma, Charlottesville se insere \u00e0 rede normalizada de <a href=\"http:\/\/bit.ly\/2vKUrht\" target=\"_blank\" rel=\"noopener\">racismo estrutural<\/a> ou institucional nos EUA, no policiamento e justi\u00e7a criminal, onde pessoas negras e latinas comp\u00f5em <a href=\"http:\/\/bit.ly\/2vh7Euh\" target=\"_blank\" rel=\"noopener\">69% da popula\u00e7\u00e3o encarcerada<\/a> apesar de serem minorias. Este sistema criminaliza desproporcionalmente, mata e trava pessoas negras e pardas, e sufoca sua express\u00e3o: um resultado extremo de um sistema &#8220;normal&#8221;.<\/span><\/p>\n<p><a href=\"http:\/\/rioonwatch.org.br\/wp-content\/uploads\/2017\/08\/Military-Police.jpg\"><img loading=\"lazy\" decoding=\"async\" class=\"aligncenter wp-image-27925 size-content\" title=\"Tropas federais no Rio, agosto de 2017 - Pedro Prado \/ Ponte Jornalismo\" src=\"http:\/\/rioonwatch.org.br\/wp-content\/uploads\/2017\/08\/Military-Police-620x264.jpg\" alt=\"\" width=\"620\" height=\"264\" srcset=\"https:\/\/rioonwatch.org.br\/wp-content\/uploads\/2017\/08\/Military-Police-620x264.jpg 620w, https:\/\/rioonwatch.org.br\/wp-content\/uploads\/2017\/08\/Military-Police-940x400.jpg 940w\" sizes=\"(max-width: 620px) 100vw, 620px\" \/><\/a><\/p>\n<p><span style=\"font-weight: 400;\">No Brasil, a <a href=\"http:\/\/bit.ly\/1i0t9Hc\" target=\"_blank\" rel=\"noopener\">viol\u00eancia policial<\/a> nas favelas de maioria afro-brasileira tamb\u00e9m \u00e9 &#8220;cotidiana&#8221;. Com um \u00edndice acelerando gra\u00e7as aos\u00a0<a href=\"http:\/\/bit.ly\/1ps41Xf\" target=\"_blank\" rel=\"noopener\">megaeventos como a Copa do Mundo e as Olimp\u00edadas<\/a>, a pol\u00edcia tem sido registrada em certos anos <a href=\"http:\/\/bit.ly\/1PDrYLE\" target=\"_blank\" rel=\"noopener\">matando na m\u00e9dia uma pessoa em rela\u00e7\u00e3o a cada 23 presas<\/a>, em compara\u00e7\u00e3o com 1 a cada 37.000 nos EUA. A pol\u00edcia do Rio, chamada de\u00a0<a href=\"http:\/\/bit.ly\/2aLX3zu\" target=\"_blank\" rel=\"noopener\">a mais violenta do mundo<\/a>, matou mais de <a href=\"http:\/\/bit.ly\/2dS2gqP\" target=\"_blank\" rel=\"noopener\">8.000 pessoas<\/a> na \u00faltima d\u00e9cada, das quais tr\u00eas quartos eram homens negros. A crise econ\u00f4mica p\u00f3s-Ol\u00edmpica no Rio, juntamente com\u00a0<a href=\"http:\/\/bit.ly\/2wdfTbT\" target=\"_blank\" rel=\"noopener\">falhas pol\u00edticas a longo prazo<\/a>, aumentou a viol\u00eancia no Rio em 2017. Em agosto, o estado do Rio ordenou que <a href=\"http:\/\/bit.ly\/2ivf23c\" target=\"_blank\" rel=\"noopener\">for\u00e7as armadas federais atuassem<\/a>\u00a0em cerca de oito favelas na Zona Norte, incluindo Jacarezinho, Alem\u00e3o e Manguinhos. Esta megaopera\u00e7\u00e3o deixou muitos mortos e <a href=\"http:\/\/bit.ly\/2x8VAN1\" target=\"_blank\" rel=\"noopener\">22.000 alunos incapazes de irem \u00e0 escola<\/a>. O jornal <em>Extra<\/em> come\u00e7ou a cobrir a viol\u00eancia em uma se\u00e7\u00e3o que denominou &#8220;Guerra no Rio&#8221;, provocando cr\u00edticas de outras fontes. Esta linguagem glorifica os <a href=\"http:\/\/bit.ly\/2vJSe2H\" target=\"_blank\" rel=\"noopener\">assassinatos &#8220;normais&#8221;<\/a> nas pol\u00edticas de policiamento falidas do Rio, e minimiza a experi\u00eancia dos moradores de viol\u00eancia extrema, que eles chamam de <a href=\"http:\/\/bit.ly\/2vV7mfs\" target=\"_blank\" rel=\"noopener\">massacre<\/a>.<\/span><\/p>\n<p><span style=\"font-weight: 400;\">A viol\u00eancia policial no Brasil levou a fundadora do coletivo feminista N\u00e3o Me Kahlo, Gabriela Moura, a escrever que &#8220;<a href=\"http:\/\/bit.ly\/2vm6ME0\" target=\"_blank\" rel=\"noopener\">tem um Charlottesville no Brasil todos os dias<\/a>&#8220;. A intoler\u00e2ncia, o <a href=\"http:\/\/bit.ly\/2viBHSl\" target=\"_blank\" rel=\"noopener\">\u00f3dio e o racismo institucional est\u00e3o profundamente arraigados em ambos os pa\u00edses<\/a>, como resultado de suas hist\u00f3rias e realidades presentes. <a href=\"http:\/\/bit.ly\/2ahWez3\" target=\"_blank\" rel=\"noopener\">A visita do ano passado<\/a> ao Rio de uma delega\u00e7\u00e3o de ativistas do <a href=\"http:\/\/bit.ly\/29YlkE5\" target=\"_blank\" rel=\"noopener\">#BlackLivesMatter<\/a> (Vidas Negras Importam) mostrou o potencial de se engajar contra o racismo atrav\u00e9s das fronteiras, e ajudou a despertar a organiza\u00e7\u00e3o dos eventos <a href=\"http:\/\/bit.ly\/2vnBq17\" target=\"_blank\" rel=\"noopener\">anuais Julho Negro por todo o Rio<\/a>. Grupos em cada pa\u00eds est\u00e3o cada vez mais olhando para o outro para ajudar a contextualizar seus pr\u00f3prios desafios e fortalecer suas lutas paralelas e entrela\u00e7adas para a liberta\u00e7\u00e3o.<\/span><\/p>\n<h4>Para mais nuances sobre o modo como a ra\u00e7a \u00e9 percebida no Brasil e esfor\u00e7os pol\u00edticos para reduzir o racismo institucional, ou\u00e7a o recente podcast, em ingl\u00eas, da <em>NPR<\/em> (R\u00e1dio P\u00fablica Nacional, canal de m\u00eddia sem fins lucrativos dos EUA), &#8220;Brasil em preto e branco&#8221;:<\/h4>\n<p><iframe title=\"NPR embedded audio player\" src=\"https:\/\/www.npr.org\/player\/embed\/542840797\/543264640\" width=\"100%\" height=\"200\" frameborder=\"0\" scrolling=\"no\"><\/iframe><\/p>\n<!-- AddThis Advanced Settings generic via filter on the_content --><!-- AddThis Share Buttons generic via filter on the_content -->","protected":false},"excerpt":{"rendered":"<div class=\"mh-excerpt\"><p>Click Here for English Durante o fim de semana de 12 de agosto, a cidade de Charlottesville, na Virg\u00ednia, EUA, foi palco de violentos confrontos entre os supremacistas brancos que participaram de uma manifesta\u00e7\u00e3o &#8220;Unite <a class=\"mh-excerpt-more\" href=\"https:\/\/rioonwatch.org.br\/?p=27895\" title=\"Tr\u00eas Raz\u00f5es Pelas Quais Charlottesville Poderia Acontecer no Brasil\">[&#8230;]<\/a><!-- AddThis Advanced Settings generic via filter on get_the_excerpt --><!-- AddThis Share Buttons generic via filter on get_the_excerpt --><\/p>\n<\/div>","protected":false},"author":129,"featured_media":27897,"comment_status":"closed","ping_status":"closed","sticky":false,"template":"","format":"standard","meta":{"_acf_changed":false,"_monsterinsights_skip_tracking":false,"_monsterinsights_sitenote_active":false,"_monsterinsights_sitenote_note":"","_monsterinsights_sitenote_category":0,"footnotes":""},"categories":[1621,346,1631,1626,344],"tags":[1534,3253,2159,759,217,1239,88,514,818,128,1574,599,2470,636,1240,482,1760,78,774,763,936,494,92,920,52,1144,218],"writer":[2198],"translator":[1971],"source":[],"ilustrador":[],"fotografo":[],"class_list":{"0":"post-27895","1":"post","2":"type-post","3":"status-publish","4":"format-standard","5":"has-post-thumbnail","7":"category-destaque","8":"category-denuncias","9":"category-entendendo-o-rio","10":"category-por-observadores-internacionais","11":"category-politicas","12":"tag-para-ingles-ver","13":"tag-antirracismo","14":"tag-black-lives-matter","15":"tag-comparacao-internacional","16":"tag-complexo-do-alemao","17":"tag-criminalizacao-da-pobreza","18":"tag-direitos-humanos","19":"tag-escravidao","20":"tag-eua","21":"tag-historia","22":"tag-indigenas","23":"tag-jacarezinho","24":"tag-listicle","25":"tag-manguinhos","26":"tag-megaeventos","27":"tag-milicia","28":"tag-narrativa-midiatica","29":"tag-olimpiadas","30":"tag-policia-militar","31":"tag-protesto","32":"tag-raca","33":"tag-regiao-do-porto","34":"tag-upp","35":"tag-violencia-de-estado","36":"tag-violencia-policial","37":"tag-violencia-urbana","38":"tag-zona-norte","39":"writer-lucas-smolcic-larson","40":"translator-geovanna-giannini"},"acf":[],"yoast_head":"<!-- This site is optimized with the Yoast SEO plugin v25.6 - https:\/\/yoast.com\/wordpress\/plugins\/seo\/ -->\n<title>Tr\u00eas Raz\u00f5es Pelas Quais Charlottesville Poderia Acontecer no Brasil - RioOnWatch<\/title>\n<meta name=\"robots\" content=\"index, follow, max-snippet:-1, max-image-preview:large, max-video-preview:-1\" \/>\n<link rel=\"canonical\" href=\"https:\/\/rioonwatch.org.br\/?p=27895\" \/>\n<meta property=\"og:locale\" content=\"pt_BR\" \/>\n<meta property=\"og:type\" content=\"article\" \/>\n<meta property=\"og:title\" content=\"Tr\u00eas Raz\u00f5es Pelas Quais Charlottesville Poderia Acontecer no Brasil - RioOnWatch\" \/>\n<meta property=\"og:description\" content=\"Click Here for English Durante o fim de semana de 12 de agosto, a cidade de Charlottesville, na Virg\u00ednia, EUA, foi palco de violentos confrontos entre os supremacistas brancos que participaram de uma manifesta\u00e7\u00e3o &#8220;Unite [...]\" \/>\n<meta property=\"og:url\" content=\"https:\/\/rioonwatch.org.br\/?p=27895\" \/>\n<meta property=\"og:site_name\" content=\"RioOnWatch\" \/>\n<meta property=\"article:published_time\" content=\"2017-08-25T13:17:30+00:00\" \/>\n<meta property=\"article:modified_time\" content=\"2024-06-20T19:24:10+00:00\" \/>\n<meta property=\"og:image\" content=\"https:\/\/rioonwatch.org.br\/wp-content\/uploads\/2017\/08\/Torch-Protestors-1.jpg\" \/>\n\t<meta property=\"og:image:width\" content=\"800\" \/>\n\t<meta property=\"og:image:height\" content=\"514\" \/>\n\t<meta property=\"og:image:type\" content=\"image\/jpeg\" \/>\n<meta name=\"author\" content=\"Admin\" \/>\n<meta name=\"twitter:card\" content=\"summary_large_image\" \/>\n<meta name=\"twitter:label1\" content=\"Escrito por\" \/>\n\t<meta name=\"twitter:data1\" content=\"Admin\" \/>\n\t<meta name=\"twitter:label2\" content=\"Est. tempo de leitura\" \/>\n\t<meta name=\"twitter:data2\" content=\"10 minutos\" \/>\n<script type=\"application\/ld+json\" class=\"yoast-schema-graph\">{\"@context\":\"https:\/\/schema.org\",\"@graph\":[{\"@type\":\"Article\",\"@id\":\"https:\/\/rioonwatch.org.br\/?p=27895#article\",\"isPartOf\":{\"@id\":\"https:\/\/rioonwatch.org.br\/?p=27895\"},\"author\":{\"name\":\"Admin\",\"@id\":\"https:\/\/rioonwatch.org.br\/#\/schema\/person\/11d64c290506f9df50c71b850c473f68\"},\"headline\":\"Tr\u00eas Raz\u00f5es Pelas Quais Charlottesville Poderia Acontecer no Brasil\",\"datePublished\":\"2017-08-25T13:17:30+00:00\",\"dateModified\":\"2024-06-20T19:24:10+00:00\",\"mainEntityOfPage\":{\"@id\":\"https:\/\/rioonwatch.org.br\/?p=27895\"},\"wordCount\":1982,\"publisher\":{\"@id\":\"https:\/\/rioonwatch.org.br\/#organization\"},\"image\":{\"@id\":\"https:\/\/rioonwatch.org.br\/?p=27895#primaryimage\"},\"thumbnailUrl\":\"https:\/\/rioonwatch.org.br\/wp-content\/uploads\/2017\/08\/Torch-Protestors-1.jpg\",\"keywords\":[\"\\\"para ingl\u00eas ver\\\"\",\"Antirracismo\",\"Black Lives Matter\",\"compara\u00e7\u00e3o internacional\",\"Complexo do Alem\u00e3o\",\"criminaliza\u00e7\u00e3o da pobreza\",\"Direitos Humanos\",\"escravid\u00e3o\",\"EUA\",\"hist\u00f3ria\",\"ind\u00edgenas\",\"Jacarezinho\",\"listicle\",\"Manguinhos\",\"Megaeventos\",\"Mil\u00edcia\",\"narrativa midi\u00e1tica\",\"Olimp\u00edadas\",\"Pol\u00edcia Militar\",\"protesto\",\"ra\u00e7a\",\"Regi\u00e3o do Porto\",\"UPP\",\"viol\u00eancia de Estado\",\"viol\u00eancia policial\",\"viol\u00eancia urbana\",\"Zona Norte\"],\"articleSection\":[\"*Destaque\",\"Den\u00fancias\",\"Entendendo o Rio\",\"Escrito por Aliados\",\"Pol\u00edticas\"],\"inLanguage\":\"pt-BR\"},{\"@type\":\"WebPage\",\"@id\":\"https:\/\/rioonwatch.org.br\/?p=27895\",\"url\":\"https:\/\/rioonwatch.org.br\/?p=27895\",\"name\":\"Tr\u00eas Raz\u00f5es Pelas Quais Charlottesville Poderia Acontecer no Brasil - RioOnWatch\",\"isPartOf\":{\"@id\":\"https:\/\/rioonwatch.org.br\/#website\"},\"primaryImageOfPage\":{\"@id\":\"https:\/\/rioonwatch.org.br\/?p=27895#primaryimage\"},\"image\":{\"@id\":\"https:\/\/rioonwatch.org.br\/?p=27895#primaryimage\"},\"thumbnailUrl\":\"https:\/\/rioonwatch.org.br\/wp-content\/uploads\/2017\/08\/Torch-Protestors-1.jpg\",\"datePublished\":\"2017-08-25T13:17:30+00:00\",\"dateModified\":\"2024-06-20T19:24:10+00:00\",\"breadcrumb\":{\"@id\":\"https:\/\/rioonwatch.org.br\/?p=27895#breadcrumb\"},\"inLanguage\":\"pt-BR\",\"potentialAction\":[{\"@type\":\"ReadAction\",\"target\":[\"https:\/\/rioonwatch.org.br\/?p=27895\"]}]},{\"@type\":\"ImageObject\",\"inLanguage\":\"pt-BR\",\"@id\":\"https:\/\/rioonwatch.org.br\/?p=27895#primaryimage\",\"url\":\"https:\/\/rioonwatch.org.br\/wp-content\/uploads\/2017\/08\/Torch-Protestors-1.jpg\",\"contentUrl\":\"https:\/\/rioonwatch.org.br\/wp-content\/uploads\/2017\/08\/Torch-Protestors-1.jpg\",\"width\":800,\"height\":514},{\"@type\":\"BreadcrumbList\",\"@id\":\"https:\/\/rioonwatch.org.br\/?p=27895#breadcrumb\",\"itemListElement\":[{\"@type\":\"ListItem\",\"position\":1,\"name\":\"In\u00edcio\",\"item\":\"https:\/\/rioonwatch.org.br\/\"},{\"@type\":\"ListItem\",\"position\":2,\"name\":\"Tr\u00eas Raz\u00f5es Pelas Quais Charlottesville Poderia Acontecer no Brasil\"}]},{\"@type\":\"WebSite\",\"@id\":\"https:\/\/rioonwatch.org.br\/#website\",\"url\":\"https:\/\/rioonwatch.org.br\/\",\"name\":\"RioOnWatch\",\"description\":\"relatos das favelas cariocas\",\"publisher\":{\"@id\":\"https:\/\/rioonwatch.org.br\/#organization\"},\"potentialAction\":[{\"@type\":\"SearchAction\",\"target\":{\"@type\":\"EntryPoint\",\"urlTemplate\":\"https:\/\/rioonwatch.org.br\/?s={search_term_string}\"},\"query-input\":{\"@type\":\"PropertyValueSpecification\",\"valueRequired\":true,\"valueName\":\"search_term_string\"}}],\"inLanguage\":\"pt-BR\"},{\"@type\":\"Organization\",\"@id\":\"https:\/\/rioonwatch.org.br\/#organization\",\"name\":\"RioOnWatch\",\"url\":\"https:\/\/rioonwatch.org.br\/\",\"logo\":{\"@type\":\"ImageObject\",\"inLanguage\":\"pt-BR\",\"@id\":\"https:\/\/rioonwatch.org.br\/#\/schema\/logo\/image\/\",\"url\":\"https:\/\/rioonwatch.org.br\/wp-content\/uploads\/2021\/06\/RioOnWatchcabecalhoPT11anos-2.png\",\"contentUrl\":\"https:\/\/rioonwatch.org.br\/wp-content\/uploads\/2021\/06\/RioOnWatchcabecalhoPT11anos-2.png\",\"width\":779,\"height\":277,\"caption\":\"RioOnWatch\"},\"image\":{\"@id\":\"https:\/\/rioonwatch.org.br\/#\/schema\/logo\/image\/\"}},{\"@type\":\"Person\",\"@id\":\"https:\/\/rioonwatch.org.br\/#\/schema\/person\/11d64c290506f9df50c71b850c473f68\",\"name\":\"Admin\",\"image\":{\"@type\":\"ImageObject\",\"inLanguage\":\"pt-BR\",\"@id\":\"https:\/\/rioonwatch.org.br\/#\/schema\/person\/image\/\",\"url\":\"https:\/\/secure.gravatar.com\/avatar\/56211ac74568383903349a1485e3c325?s=96&d=blank&r=g\",\"contentUrl\":\"https:\/\/secure.gravatar.com\/avatar\/56211ac74568383903349a1485e3c325?s=96&d=blank&r=g\",\"caption\":\"Admin\"},\"url\":\"https:\/\/rioonwatch.org.br\/?author=129\"}]}<\/script>\n<!-- \/ Yoast SEO plugin. -->","yoast_head_json":{"title":"Tr\u00eas Raz\u00f5es Pelas Quais Charlottesville Poderia Acontecer no Brasil - RioOnWatch","robots":{"index":"index","follow":"follow","max-snippet":"max-snippet:-1","max-image-preview":"max-image-preview:large","max-video-preview":"max-video-preview:-1"},"canonical":"https:\/\/rioonwatch.org.br\/?p=27895","og_locale":"pt_BR","og_type":"article","og_title":"Tr\u00eas Raz\u00f5es Pelas Quais Charlottesville Poderia Acontecer no Brasil - RioOnWatch","og_description":"Click Here for English Durante o fim de semana de 12 de agosto, a cidade de Charlottesville, na Virg\u00ednia, EUA, foi palco de violentos confrontos entre os supremacistas brancos que participaram de uma manifesta\u00e7\u00e3o &#8220;Unite [...]","og_url":"https:\/\/rioonwatch.org.br\/?p=27895","og_site_name":"RioOnWatch","article_published_time":"2017-08-25T13:17:30+00:00","article_modified_time":"2024-06-20T19:24:10+00:00","og_image":[{"width":800,"height":514,"url":"https:\/\/rioonwatch.org.br\/wp-content\/uploads\/2017\/08\/Torch-Protestors-1.jpg","type":"image\/jpeg"}],"author":"Admin","twitter_card":"summary_large_image","twitter_misc":{"Escrito por":"Admin","Est. tempo de leitura":"10 minutos"},"schema":{"@context":"https:\/\/schema.org","@graph":[{"@type":"Article","@id":"https:\/\/rioonwatch.org.br\/?p=27895#article","isPartOf":{"@id":"https:\/\/rioonwatch.org.br\/?p=27895"},"author":{"name":"Admin","@id":"https:\/\/rioonwatch.org.br\/#\/schema\/person\/11d64c290506f9df50c71b850c473f68"},"headline":"Tr\u00eas Raz\u00f5es Pelas Quais Charlottesville Poderia Acontecer no Brasil","datePublished":"2017-08-25T13:17:30+00:00","dateModified":"2024-06-20T19:24:10+00:00","mainEntityOfPage":{"@id":"https:\/\/rioonwatch.org.br\/?p=27895"},"wordCount":1982,"publisher":{"@id":"https:\/\/rioonwatch.org.br\/#organization"},"image":{"@id":"https:\/\/rioonwatch.org.br\/?p=27895#primaryimage"},"thumbnailUrl":"https:\/\/rioonwatch.org.br\/wp-content\/uploads\/2017\/08\/Torch-Protestors-1.jpg","keywords":["\"para ingl\u00eas ver\"","Antirracismo","Black Lives Matter","compara\u00e7\u00e3o internacional","Complexo do Alem\u00e3o","criminaliza\u00e7\u00e3o da pobreza","Direitos Humanos","escravid\u00e3o","EUA","hist\u00f3ria","ind\u00edgenas","Jacarezinho","listicle","Manguinhos","Megaeventos","Mil\u00edcia","narrativa midi\u00e1tica","Olimp\u00edadas","Pol\u00edcia Militar","protesto","ra\u00e7a","Regi\u00e3o do Porto","UPP","viol\u00eancia de Estado","viol\u00eancia policial","viol\u00eancia urbana","Zona Norte"],"articleSection":["*Destaque","Den\u00fancias","Entendendo o Rio","Escrito por Aliados","Pol\u00edticas"],"inLanguage":"pt-BR"},{"@type":"WebPage","@id":"https:\/\/rioonwatch.org.br\/?p=27895","url":"https:\/\/rioonwatch.org.br\/?p=27895","name":"Tr\u00eas Raz\u00f5es Pelas Quais Charlottesville Poderia Acontecer no Brasil - RioOnWatch","isPartOf":{"@id":"https:\/\/rioonwatch.org.br\/#website"},"primaryImageOfPage":{"@id":"https:\/\/rioonwatch.org.br\/?p=27895#primaryimage"},"image":{"@id":"https:\/\/rioonwatch.org.br\/?p=27895#primaryimage"},"thumbnailUrl":"https:\/\/rioonwatch.org.br\/wp-content\/uploads\/2017\/08\/Torch-Protestors-1.jpg","datePublished":"2017-08-25T13:17:30+00:00","dateModified":"2024-06-20T19:24:10+00:00","breadcrumb":{"@id":"https:\/\/rioonwatch.org.br\/?p=27895#breadcrumb"},"inLanguage":"pt-BR","potentialAction":[{"@type":"ReadAction","target":["https:\/\/rioonwatch.org.br\/?p=27895"]}]},{"@type":"ImageObject","inLanguage":"pt-BR","@id":"https:\/\/rioonwatch.org.br\/?p=27895#primaryimage","url":"https:\/\/rioonwatch.org.br\/wp-content\/uploads\/2017\/08\/Torch-Protestors-1.jpg","contentUrl":"https:\/\/rioonwatch.org.br\/wp-content\/uploads\/2017\/08\/Torch-Protestors-1.jpg","width":800,"height":514},{"@type":"BreadcrumbList","@id":"https:\/\/rioonwatch.org.br\/?p=27895#breadcrumb","itemListElement":[{"@type":"ListItem","position":1,"name":"In\u00edcio","item":"https:\/\/rioonwatch.org.br\/"},{"@type":"ListItem","position":2,"name":"Tr\u00eas Raz\u00f5es Pelas Quais Charlottesville Poderia Acontecer no Brasil"}]},{"@type":"WebSite","@id":"https:\/\/rioonwatch.org.br\/#website","url":"https:\/\/rioonwatch.org.br\/","name":"RioOnWatch","description":"relatos das favelas cariocas","publisher":{"@id":"https:\/\/rioonwatch.org.br\/#organization"},"potentialAction":[{"@type":"SearchAction","target":{"@type":"EntryPoint","urlTemplate":"https:\/\/rioonwatch.org.br\/?s={search_term_string}"},"query-input":{"@type":"PropertyValueSpecification","valueRequired":true,"valueName":"search_term_string"}}],"inLanguage":"pt-BR"},{"@type":"Organization","@id":"https:\/\/rioonwatch.org.br\/#organization","name":"RioOnWatch","url":"https:\/\/rioonwatch.org.br\/","logo":{"@type":"ImageObject","inLanguage":"pt-BR","@id":"https:\/\/rioonwatch.org.br\/#\/schema\/logo\/image\/","url":"https:\/\/rioonwatch.org.br\/wp-content\/uploads\/2021\/06\/RioOnWatchcabecalhoPT11anos-2.png","contentUrl":"https:\/\/rioonwatch.org.br\/wp-content\/uploads\/2021\/06\/RioOnWatchcabecalhoPT11anos-2.png","width":779,"height":277,"caption":"RioOnWatch"},"image":{"@id":"https:\/\/rioonwatch.org.br\/#\/schema\/logo\/image\/"}},{"@type":"Person","@id":"https:\/\/rioonwatch.org.br\/#\/schema\/person\/11d64c290506f9df50c71b850c473f68","name":"Admin","image":{"@type":"ImageObject","inLanguage":"pt-BR","@id":"https:\/\/rioonwatch.org.br\/#\/schema\/person\/image\/","url":"https:\/\/secure.gravatar.com\/avatar\/56211ac74568383903349a1485e3c325?s=96&d=blank&r=g","contentUrl":"https:\/\/secure.gravatar.com\/avatar\/56211ac74568383903349a1485e3c325?s=96&d=blank&r=g","caption":"Admin"},"url":"https:\/\/rioonwatch.org.br\/?author=129"}]}},"_links":{"self":[{"href":"https:\/\/rioonwatch.org.br\/index.php?rest_route=\/wp\/v2\/posts\/27895"}],"collection":[{"href":"https:\/\/rioonwatch.org.br\/index.php?rest_route=\/wp\/v2\/posts"}],"about":[{"href":"https:\/\/rioonwatch.org.br\/index.php?rest_route=\/wp\/v2\/types\/post"}],"author":[{"embeddable":true,"href":"https:\/\/rioonwatch.org.br\/index.php?rest_route=\/wp\/v2\/users\/129"}],"replies":[{"embeddable":true,"href":"https:\/\/rioonwatch.org.br\/index.php?rest_route=%2Fwp%2Fv2%2Fcomments&post=27895"}],"version-history":[{"count":19,"href":"https:\/\/rioonwatch.org.br\/index.php?rest_route=\/wp\/v2\/posts\/27895\/revisions"}],"predecessor-version":[{"id":27948,"href":"https:\/\/rioonwatch.org.br\/index.php?rest_route=\/wp\/v2\/posts\/27895\/revisions\/27948"}],"wp:featuredmedia":[{"embeddable":true,"href":"https:\/\/rioonwatch.org.br\/index.php?rest_route=\/wp\/v2\/media\/27897"}],"wp:attachment":[{"href":"https:\/\/rioonwatch.org.br\/index.php?rest_route=%2Fwp%2Fv2%2Fmedia&parent=27895"}],"wp:term":[{"taxonomy":"category","embeddable":true,"href":"https:\/\/rioonwatch.org.br\/index.php?rest_route=%2Fwp%2Fv2%2Fcategories&post=27895"},{"taxonomy":"post_tag","embeddable":true,"href":"https:\/\/rioonwatch.org.br\/index.php?rest_route=%2Fwp%2Fv2%2Ftags&post=27895"},{"taxonomy":"writer","embeddable":true,"href":"https:\/\/rioonwatch.org.br\/index.php?rest_route=%2Fwp%2Fv2%2Fwriter&post=27895"},{"taxonomy":"translator","embeddable":true,"href":"https:\/\/rioonwatch.org.br\/index.php?rest_route=%2Fwp%2Fv2%2Ftranslator&post=27895"},{"taxonomy":"source","embeddable":true,"href":"https:\/\/rioonwatch.org.br\/index.php?rest_route=%2Fwp%2Fv2%2Fsource&post=27895"},{"taxonomy":"ilustrador","embeddable":true,"href":"https:\/\/rioonwatch.org.br\/index.php?rest_route=%2Fwp%2Fv2%2Filustrador&post=27895"},{"taxonomy":"fotografo","embeddable":true,"href":"https:\/\/rioonwatch.org.br\/index.php?rest_route=%2Fwp%2Fv2%2Ffotografo&post=27895"}],"curies":[{"name":"wp","href":"https:\/\/api.w.org\/{rel}","templated":true}]}}