{"id":27901,"date":"2017-08-25T13:15:48","date_gmt":"2017-08-25T16:15:48","guid":{"rendered":"http:\/\/rioonwatch.org.br\/?p=27901"},"modified":"2017-08-29T15:22:14","modified_gmt":"2017-08-29T18:22:14","slug":"as-lutas-de-manguinhos-por-paz-com-garantia-de-direitos","status":"publish","type":"post","link":"https:\/\/rioonwatch.org.br\/?p=27901","title":{"rendered":"As Lutas de Manguinhos por Paz com Garantia de Direitos"},"content":{"rendered":"<p style=\"text-align: right;\"><em><strong><a href=\"http:\/\/bit.ly\/2xJzDDR\" target=\"_blank\" rel=\"noopener noreferrer\">Click Here for English<img decoding=\"async\" width=\"20\" height=\"20\" class=\"alignright wp-image-15790\" src=\"http:\/\/rioonwatch.org.br\/wp-content\/uploads\/2012\/08\/EN-standard-e1439583104716.jpg\" alt=\"\" \/><\/a><\/strong><\/em><\/p>\n<p>No \u00faltimo domingo, dia 20 de agosto, o ato-manifesto <a href=\"http:\/\/bit.ly\/2wCQ0pg\" target=\"_blank\" rel=\"noopener\">5a Caminhada da Paz com Garantia de Direitos<\/a>\u00a0reuniu\u00a0<a href=\"http:\/\/bit.ly\/1XjdXct\" target=\"_blank\" rel=\"noopener\">movimentos sociais<\/a>, organiza\u00e7\u00f5es e coletivos de <a href=\"http:\/\/bit.ly\/ZC9b6z\" target=\"_blank\" rel=\"noopener\">Manguinhos<\/a> e outras favelas da cidade para denunciar\u00a0a <a href=\"http:\/\/bit.ly\/1i0t9Hc\" target=\"_blank\" rel=\"noopener\">viol\u00eancia armada<\/a> e os cada vez mais recorrentes epis\u00f3dios de viola\u00e7\u00f5es de direitos que moradores,\u00a0trabalhadores e estudantes enfrentam todos os dias no territ\u00f3rio.<\/p>\n<p>Quando refletimos sobre a necessidade de reivindicar paz com garantia de direitos, fica evidente que\u00a0n\u00e3o \u00e9 de qualquer paz que estamos falando.\u00a0N\u00e3o falamos de uma paz abstrata, mas aquela\u00a0proporcionada pela garantia dos direitos fundamentais civis e constitucionais. Mas ainda estamos lutando para garantir direitos b\u00e1sicos? Parece um tanto anacr\u00f4nico que a\u00a0preserva\u00e7\u00e3o da vida ainda seja uma bandeira permanente de enfrentamento. Nas mesmas\u00a0comunidades que produzem o mundialmente conhecido carnaval, que ainda sofrem com as\u00a0<a href=\"http:\/\/bit.ly\/1owRf9p\" target=\"_blank\" rel=\"noopener\">desigualdades<\/a> sociais e econ\u00f4micas que se acentuam violentamente, lutar por direitos ainda \u00e9\u00a0necess\u00e1rio e urgente.<\/p>\n<p>\u00c9 preciso localizar os recentes acontecimentos na regi\u00e3o de Manguinhos e <a href=\"http:\/\/bit.ly\/19t7wK0\" target=\"_blank\" rel=\"noopener\">Jacarezinho<\/a> no espectro de\u00a0<a href=\"http:\/\/bit.ly\/1SgXd1Q\" target=\"_blank\" rel=\"noopener\">pol\u00edticas p\u00fablicas<\/a>&#8211;com foco na <a href=\"http:\/\/bit.ly\/1fRNcBs\" target=\"_blank\" rel=\"noopener\">seguran\u00e7a p\u00fablica<\/a>&#8211;que o Estado empreende h\u00e1 d\u00e9cadas nos territ\u00f3rios favelizados da cidade. Uma pol\u00edtica que se caracteriza, essencialmente, pela <a href=\"http:\/\/bit.ly\/2pxxfff\" target=\"_blank\" rel=\"noopener\">vulnerabiliza\u00e7\u00e3o\u00a0da popula\u00e7\u00e3o pobre e preta do Rio de Janeiro<\/a>. Nos Complexos de Manguinhos, Jacarezinho e <a href=\"http:\/\/bit.ly\/U0MiGm\" target=\"_blank\" rel=\"noopener\">Alem\u00e3o<\/a>&#8211;conjuntos de favelas vizinhos na <a href=\"http:\/\/bit.ly\/WximDf\" target=\"_blank\" rel=\"noopener\">Zona Norte<\/a> do Rio&#8211;ano ap\u00f3s ano os moradores e\u00a0moradoras presenciam o fechamento de escolas e creches, equipamentos p\u00fablicos (unidades de sa\u00fade,\u00a0<a href=\"http:\/\/bit.ly\/2vJtUO0\" target=\"_blank\" rel=\"noopener\">Casa da Mulher<\/a>, <a href=\"http:\/\/bit.ly\/2vlE7Do\" target=\"_blank\" rel=\"noopener\">Biblioteca Parque<\/a>, <a href=\"http:\/\/bit.ly\/2wCIudW\" target=\"_blank\" rel=\"noopener\">Casa do Trabalhador<\/a>), <a href=\"https:\/\/glo.bo\/2wa5UGK\" target=\"_blank\" rel=\"noopener\">impedimento do direito de ir e vir<\/a>, a morte de\u00a0seus familiares, amigos e amigas.<\/p>\n<p><a href=\"http:\/\/rioonwatch.org.br\/wp-content\/uploads\/2017\/08\/bandeira.jpg\"><img fetchpriority=\"high\" decoding=\"async\" class=\"aligncenter wp-image-27908 size-content\" title=\"Foto: Edilano Cavalcanti\" src=\"http:\/\/rioonwatch.org.br\/wp-content\/uploads\/2017\/08\/bandeira-620x264.jpg\" alt=\"\" width=\"620\" height=\"264\" srcset=\"https:\/\/rioonwatch.org.br\/wp-content\/uploads\/2017\/08\/bandeira-620x264.jpg 620w, https:\/\/rioonwatch.org.br\/wp-content\/uploads\/2017\/08\/bandeira-940x400.jpg 940w\" sizes=\"(max-width: 620px) 100vw, 620px\" \/><\/a><\/p>\n<p><a href=\"http:\/\/bit.ly\/2gQ8lrC\" target=\"_blank\" rel=\"noopener\">Vidas s\u00e3o ceifadas em sua maioria pela atua\u00e7\u00e3o armada do Estado<\/a>, em\u00a0um modelo de seguran\u00e7a p\u00fablica extremamente militarizado. O <a href=\"http:\/\/bit.ly\/2sFYLtG\" target=\"_blank\" rel=\"noopener\">combate \u00e0s drogas<\/a> \u00e9 usado como\u00a0argumento para opera\u00e7\u00f5es e incurs\u00f5es policiais que deixam como saldo negativo vidas inocentes\u00a0perdidas. O direito \u00e0 vida tem sido, com frequ\u00eancia, o direito mais violado nesses territ\u00f3rios. Quando o\u00a0mais b\u00e1sico dos direitos \u00e9 desrespeitado, todos os outros, que seriam capazes de garantir cidadania e dignidade, se\u00a0mostram cada vez mais distantes.<\/p>\n<p>A primeira edi\u00e7\u00e3o da Caminhada da Paz, ocorrida h\u00e1 12 anos, em 2005, foi \u00e0s ruas para levantar a\u00a0discuss\u00e3o sobre as mais diversas viola\u00e7\u00f5es ocorridas no territ\u00f3rio, a partir da <a href=\"http:\/\/bit.ly\/2wbntEl\" target=\"_blank\" rel=\"noopener\">Agenda Redutora da\u00a0Viol\u00eancia<\/a>&#8211;conjunto de atores sociais de Manguinhos reunidos em torno do tema. A constitui\u00e7\u00e3o da\u00a0<a href=\"http:\/\/bit.ly\/2u5VBjI\" target=\"_blank\" rel=\"noopener\">Comiss\u00e3o Contra a Viol\u00eancia<\/a>, em 2016, com reuni\u00f5es regulares de moradores, coletivos, organiza\u00e7\u00f5es comunit\u00e1rias e com apoio da ASFOC SN e da\u00a0<a href=\"http:\/\/bit.ly\/2vIXZML\" target=\"_blank\" rel=\"noopener\">Funda\u00e7\u00e3o Oswaldo Cruz<\/a>\u00a0(que integra o territ\u00f3rio de Manguinhos) para\u00a0discutir estrat\u00e9gias de enfrentamento \u00e0 viol\u00eancia e <a href=\"http:\/\/bit.ly\/1MsmVsX\" target=\"_blank\" rel=\"noopener\">viola\u00e7\u00f5es de direitos<\/a>, possibilitou a articula\u00e7\u00e3o de\u00a0uma agenda ativa de atividades em Manguinhos, como o I e II S\u00e1bado Cultural <a href=\"http:\/\/bit.ly\/2uZNQye\" target=\"_blank\" rel=\"noopener\">Eu S\u00f3 Quero \u00c9 Ser\u00a0Feliz<\/a>, com carta de rep\u00fadio \u00e0 viol\u00eancia armada e em <a href=\"http:\/\/bit.ly\/2vlE7Do\" target=\"_blank\" rel=\"noopener\">defesa da Biblioteca Parque de Manguinhos<\/a>,\u00a0respectivamente.<\/p>\n<p><a href=\"http:\/\/rioonwatch.org.br\/wp-content\/uploads\/2017\/08\/crian\u00e7as.jpg\"><img decoding=\"async\" class=\"aligncenter wp-image-27910 size-content\" title=\"Foto: Ana Maurice\" src=\"http:\/\/rioonwatch.org.br\/wp-content\/uploads\/2017\/08\/crian\u00e7as-620x264.jpg\" alt=\"\" width=\"620\" height=\"264\" \/><\/a><\/p>\n<p>Al\u00e9m disso, a Comiss\u00e3o tamb\u00e9m vem pressionando uma agenda com as inst\u00e2ncias de\u00a0governo respons\u00e1veis para garantir os direitos dos moradores e moradoras de favela. A edi\u00e7\u00e3o deste\u00a0ano busca dialogar com outras favelas da cidade e fortalecer uma rede popular que pressiona e\u00a0apresenta \u00e0 sociedade e ao poder p\u00fablico o horizonte de paz que queremos, com os direitos humanos e\u00a0constitucionais garantidos.<\/p>\n<p>Os <a href=\"http:\/\/bit.ly\/2vumdKd\" target=\"_blank\" rel=\"noopener\">recentes epis\u00f3dios de ataques violentos nas comunidades de Manguinhos e Jacarezinho<\/a>, com a presen\u00e7a massiva de agentes policiais dentro das favelas e moradores vitimados, fez com que a 5a\u00a0Caminhada da Paz com Garantia de Direitos reformulasse a a\u00e7\u00e3o no \u00faltimo domingo. A articula\u00e7\u00e3o que\u00a0vinha sendo constru\u00edda h\u00e1 meses pela comiss\u00e3o de organiza\u00e7\u00e3o da Caminhada decidiu por manter a\u00a0data, mas sem a programa\u00e7\u00e3o de a\u00e7\u00f5es sociais, presta\u00e7\u00e3o de servi\u00e7os e algumas atra\u00e7\u00f5es culturais. A\u00a0redu\u00e7\u00e3o do hor\u00e1rio tamb\u00e9m foi acordada, por conta da inseguran\u00e7a instaurada na regi\u00e3o.\u00a0A Caminhada percorreu em cortejo as ruas entre as comunidades do <a href=\"http:\/\/bit.ly\/1EzAHdz\" target=\"_blank\" rel=\"noopener\">Nelson Mandela<\/a> e Samora Machel\u00a0convocando as pessoas para o ato.<\/p>\n<p><a href=\"http:\/\/rioonwatch.org.br\/wp-content\/uploads\/2017\/08\/apresenta\u00e7\u00e3o-do-grupo-ballet-manguinhos-1ok.jpg\"><img loading=\"lazy\" decoding=\"async\" class=\"aligncenter wp-image-27935 size-content\" title=\"A apresenta\u00e7\u00e3o do Ballet Manguinhos foi uma das poucas atividades culturais mantidas. Foto: Ana Maurice\" src=\"http:\/\/rioonwatch.org.br\/wp-content\/uploads\/2017\/08\/apresenta\u00e7\u00e3o-do-grupo-ballet-manguinhos-1ok-620x264.jpg\" alt=\"\" width=\"620\" height=\"264\" \/><\/a><\/p>\n<p>No retorno para a Rua Leopoldo Bulh\u00f5es, a concentra\u00e7\u00e3o seguiu\u00a0para a frente do carro de som, onde representantes de coletivos e organiza\u00e7\u00f5es de Manguinhos fizeram\u00a0falas de enfrentamento \u00e0 viol\u00eancia, relembrando casos recentes que vitimaram moradores e moradoras\u00a0das comunidades&#8211;o n\u00famero divulgado at\u00e9 o momento \u00e9 de <a href=\"http:\/\/bit.ly\/2vhp2OG\" target=\"_blank\" rel=\"noopener\">sete pessoas mortas<\/a>, em dez dias de ataques. Essas inclu\u00edram\u00a0Georgina Maria Ferreira, 60 anos de idade, moradora do Jacarezinho, <a href=\"https:\/\/glo.bo\/2xhjZjN\" target=\"_blank\" rel=\"noopener\">baleada na cabe\u00e7a na\u00a0noite de s\u00e1bado<\/a>, dia 19, surpreendida por um carro blindado da Pol\u00edcia Civil enquanto voltava da casa de\u00a0uma amiga. A amiga que a acompanhava foi atingida na perna. Georgina morava h\u00e1 cerca de 40 anos\u00a0na comunidade.<\/p>\n<p>As falas dos coletivos, organiza\u00e7\u00f5es comunit\u00e1rias e representantes institucionais que estavam\u00a0presentes neste domingo no ato reafirmaram o enfrentamento \u00e0s viola\u00e7\u00f5es de direitos que moradores, trabalhadores e estudantes sofrem cotidianamente na regi\u00e3o. Os nomes das v\u00edtimas foram lembrados e ativistas foram homenageados na ocasi\u00e3o, assim como os projetos que contribuem para o\u00a0fortalecimento de espa\u00e7os de promo\u00e7\u00e3o de cidadania e direitos nas comunidades.<\/p>\n<p>O Sindicato dos Trabalhadores da Fiocruz (ASFOC SN) concedeu \u00e0 <a href=\"http:\/\/bit.ly\/2vIV4aX\" target=\"_blank\" rel=\"noopener\">Jane Maria Camilo<\/a>, ativista de Manguinhos e\u00a0integrante da <a href=\"http:\/\/bit.ly\/2xx8eFa\" target=\"_blank\" rel=\"noopener\">Organiza\u00e7\u00e3o Mulheres de Atitude<\/a>, a medalha Jorge Carelli de <a href=\"http:\/\/bit.ly\/1iqdzi3\" target=\"_blank\" rel=\"noopener\">Direitos Humanos<\/a>; assim\u00a0como o projeto de futebol feminino <a href=\"http:\/\/bit.ly\/2gaVLTV\" target=\"_blank\" rel=\"noopener\">Estrelas do Mandela<\/a> e a Comiss\u00e3o dos Agentes Comunit\u00e1rios de\u00a0Sa\u00fade de Manguinhos (Comacs). O Pr\u00eamio S\u00e9rgio Arouca de Sa\u00fade e Cidadania foi entregue ao <a href=\"http:\/\/bit.ly\/2r1e8OR\" target=\"_blank\" rel=\"noopener\">F\u00f3rum Basta de Viol\u00eancia<\/a>, do <a href=\"http:\/\/bit.ly\/10BvARw\" target=\"_blank\" rel=\"noopener\">Complexo da Mar\u00e9<\/a>, que re\u00fane moradores e moradoras, organiza\u00e7\u00f5es da\u00a0sociedade civil e comunit\u00e1ria junto a institui\u00e7\u00f5es de sa\u00fade e educa\u00e7\u00e3o para discutir e pensar solu\u00e7\u00f5es\u00a0para os problemas da viol\u00eancia no territ\u00f3rio.<\/p>\n<p><a href=\"http:\/\/rioonwatch.org.br\/wp-content\/uploads\/2017\/08\/jane-camilo-ok.jpg\"><img loading=\"lazy\" decoding=\"async\" class=\"aligncenter wp-image-27937 size-content\" title=\"Dona Jane recebendo o pr\u00eamio. Foto: Edilano Cavalcanti\" src=\"http:\/\/rioonwatch.org.br\/wp-content\/uploads\/2017\/08\/jane-camilo-ok-620x264.jpg\" alt=\"\" width=\"620\" height=\"264\" srcset=\"https:\/\/rioonwatch.org.br\/wp-content\/uploads\/2017\/08\/jane-camilo-ok-620x264.jpg 620w, https:\/\/rioonwatch.org.br\/wp-content\/uploads\/2017\/08\/jane-camilo-ok-940x400.jpg 940w\" sizes=\"(max-width: 620px) 100vw, 620px\" \/><\/a><\/p>\n<p>A carta da presidente da Funda\u00e7\u00e3o Oswaldo Cruz, N\u00edsia\u00a0Trindade Lima, foi lida durante o ato, reafirmando o compromisso da institui\u00e7\u00e3o com a luta contra as\u00a0viola\u00e7\u00f5es e pela garantia de direitos. Em julho, a presidente esteve em audi\u00eancia com o Governador Luiz Fernando Pez\u00e3o, reivindicando uma <a href=\"http:\/\/bit.ly\/2eC1Rfe\" target=\"_blank\" rel=\"noopener\">pol\u00edtica de seguran\u00e7a<\/a>\u00a0n\u00e3o baseada em um\u00a0<a href=\"https:\/\/glo.bo\/2w8hzn3\" target=\"_blank\" rel=\"noopener\">modelo de guerra<\/a>, que vulnerabiliza e coloca em risco a vida da popula\u00e7\u00e3o.<\/p>\n<p>Como ve\u00edculo de comunica\u00e7\u00e3o comunit\u00e1ria sediada no Complexo de Manguinhos, preocupado com o trato cr\u00edtico da informa\u00e7\u00e3o que diz respeito ao local, o <em><a href=\"http:\/\/bit.ly\/2sFMSDN\" target=\"_blank\" rel=\"noopener\">Fala Manguinhos!<\/a><\/em>\u00a0n\u00e3o poderia calar-se diante dos\u00a0recentes movimentos de <a href=\"https:\/\/glo.bo\/2xwL819\" target=\"_blank\" rel=\"noopener\">caracteriza\u00e7\u00e3o dos epis\u00f3dios de viol\u00eancia nas favelas cariocas em um contexto\u00a0de guerra por parte da m\u00eddia hegem\u00f4nica<\/a>. \u00c9 preciso que essa reflex\u00e3o seja feita com responsabilidade,\u00a0incluindo o olhar e a voz de quem vive nesses locais.<\/p>\n<p><em>Mat\u00e9ria escrita por Edilano Cavalcante e Brunna Arakaki e produzida por parceria entre RioOnWatch e\u00a0<a href=\"http:\/\/bit.ly\/2sFMSDN\" target=\"_blank\" rel=\"noopener\">Fala Manguinhos!<\/a>. Edilano \u00e9 coordenador da ag\u00eancia de comunica\u00e7\u00e3o comunit\u00e1ria Fala Manguinhos! e Brunna \u00e9 jornalista e colaboradora da mesma. Como pr\u00e1tica de comunica\u00e7\u00e3o comunit\u00e1ria produzida por e para Manguinhos, o Fala Manguinhos! tem em sua origem a defesa dos direitos humanos e ambientais, promo\u00e7\u00e3o de cidadania e sa\u00fade com a participa\u00e7\u00e3o direta dos moradores e moradoras nas decis\u00f5es que envolvem a Ag\u00eancia de Comunica\u00e7\u00e3o Comunit\u00e1ria de Manguinhos, a partir dos encontros do grupo de comunica\u00e7\u00e3o do Conselho Comunit\u00e1rio.\u00a0Siga o Fala Manguinhos pelo\u00a0<a href=\"http:\/\/bit.ly\/2tJCn2e\" target=\"_blank\" rel=\"noopener\">Facebook aqui<\/a>.\u00a0<\/em><\/p>\n<!-- AddThis Advanced Settings generic via filter on the_content --><!-- AddThis Share Buttons generic via filter on the_content -->","protected":false},"excerpt":{"rendered":"<div class=\"mh-excerpt\"><p>Click Here for English No \u00faltimo domingo, dia 20 de agosto, o ato-manifesto 5a Caminhada da Paz com Garantia de Direitos\u00a0reuniu\u00a0movimentos sociais, organiza\u00e7\u00f5es e coletivos de Manguinhos e outras favelas da cidade para denunciar\u00a0a viol\u00eancia <a class=\"mh-excerpt-more\" href=\"https:\/\/rioonwatch.org.br\/?p=27901\" title=\"As Lutas de Manguinhos por Paz com Garantia de Direitos\">[&#8230;]<\/a><!-- AddThis Advanced Settings generic via filter on get_the_excerpt --><!-- AddThis Share Buttons generic via filter on get_the_excerpt --><\/p>\n<\/div>","protected":false},"author":152,"featured_media":27906,"comment_status":"closed","ping_status":"closed","sticky":false,"template":"","format":"standard","meta":{"_acf_changed":false,"_monsterinsights_skip_tracking":false,"_monsterinsights_sitenote_active":false,"_monsterinsights_sitenote_note":"","_monsterinsights_sitenote_category":0,"footnotes":""},"categories":[1621,1627,346,1625,1613,1620,1612],"tags":[2185,332,217,937,88,2174,2146,599,636,1151,1093,1108,774,1511,838,763,283,432,2201,1364,920,52,218],"writer":[2200,2199],"translator":[],"source":[],"ilustrador":[],"fotografo":[],"class_list":{"0":"post-27901","1":"post","2":"type-post","3":"status-publish","4":"format-standard","5":"has-post-thumbnail","7":"category-destaque","8":"category-relato-de-evento","9":"category-denuncias","10":"category-por-correspondentes-comunitarios","11":"category-midia-comunitaria","12":"category-olhonaupp","13":"category-sociedade-civil","14":"tag-biblioteca-parque","15":"tag-complexo-da-mare","16":"tag-complexo-do-alemao","17":"tag-direito-de-ir-e-vir","18":"tag-direitos-humanos","19":"tag-fala-manguinhos","20":"tag-fiocruz","21":"tag-jacarezinho","22":"tag-manguinhos","23":"tag-organizacao","24":"tag-mandela","25":"tag-ocupacao-militar","26":"tag-policia-militar","27":"tag-politica-de-seguranca","28":"tag-politica-publica","29":"tag-protesto","30":"tag-rede-contra-violencia","31":"tag-resistencia","32":"tag-samora-machel","33":"tag-violacoes","34":"tag-violencia-de-estado","35":"tag-violencia-policial","36":"tag-zona-norte","37":"writer-brunna-arakaki","38":"writer-edilano-cavalcante"},"acf":[],"yoast_head":"<!-- This site is optimized with the Yoast SEO plugin v25.6 - https:\/\/yoast.com\/wordpress\/plugins\/seo\/ -->\n<title>As Lutas de Manguinhos por Paz com Garantia de Direitos - RioOnWatch<\/title>\n<meta name=\"robots\" content=\"index, follow, max-snippet:-1, max-image-preview:large, max-video-preview:-1\" \/>\n<link rel=\"canonical\" href=\"https:\/\/rioonwatch.org.br\/?p=27901\" \/>\n<meta property=\"og:locale\" content=\"pt_BR\" \/>\n<meta property=\"og:type\" content=\"article\" \/>\n<meta property=\"og:title\" content=\"As Lutas de Manguinhos por Paz com Garantia de Direitos - RioOnWatch\" \/>\n<meta property=\"og:description\" content=\"Click Here for English No \u00faltimo domingo, dia 20 de agosto, o ato-manifesto 5a Caminhada da Paz com Garantia de Direitos\u00a0reuniu\u00a0movimentos sociais, organiza\u00e7\u00f5es e coletivos de Manguinhos e outras favelas da cidade para denunciar\u00a0a viol\u00eancia [...]\" \/>\n<meta property=\"og:url\" content=\"https:\/\/rioonwatch.org.br\/?p=27901\" \/>\n<meta property=\"og:site_name\" content=\"RioOnWatch\" \/>\n<meta property=\"article:published_time\" content=\"2017-08-25T16:15:48+00:00\" \/>\n<meta property=\"article:modified_time\" content=\"2017-08-29T18:22:14+00:00\" \/>\n<meta property=\"og:image\" content=\"https:\/\/rioonwatch.org.br\/wp-content\/uploads\/2017\/08\/caminhada-1-scaled.jpg\" \/>\n\t<meta property=\"og:image:width\" content=\"2560\" \/>\n\t<meta property=\"og:image:height\" content=\"1457\" \/>\n\t<meta property=\"og:image:type\" content=\"image\/jpeg\" \/>\n<meta name=\"author\" content=\"Luisa Fenizola\" \/>\n<meta name=\"twitter:card\" content=\"summary_large_image\" \/>\n<meta name=\"twitter:label1\" content=\"Escrito por\" \/>\n\t<meta name=\"twitter:data1\" content=\"Luisa Fenizola\" \/>\n\t<meta name=\"twitter:label2\" content=\"Est. tempo de leitura\" \/>\n\t<meta name=\"twitter:data2\" content=\"6 minutos\" \/>\n<script type=\"application\/ld+json\" class=\"yoast-schema-graph\">{\"@context\":\"https:\/\/schema.org\",\"@graph\":[{\"@type\":\"Article\",\"@id\":\"https:\/\/rioonwatch.org.br\/?p=27901#article\",\"isPartOf\":{\"@id\":\"https:\/\/rioonwatch.org.br\/?p=27901\"},\"author\":{\"name\":\"Luisa Fenizola\",\"@id\":\"https:\/\/rioonwatch.org.br\/#\/schema\/person\/f443c6b55bb6e80842280318076491c5\"},\"headline\":\"As Lutas de Manguinhos por Paz com Garantia de Direitos\",\"datePublished\":\"2017-08-25T16:15:48+00:00\",\"dateModified\":\"2017-08-29T18:22:14+00:00\",\"mainEntityOfPage\":{\"@id\":\"https:\/\/rioonwatch.org.br\/?p=27901\"},\"wordCount\":1295,\"publisher\":{\"@id\":\"https:\/\/rioonwatch.org.br\/#organization\"},\"image\":{\"@id\":\"https:\/\/rioonwatch.org.br\/?p=27901#primaryimage\"},\"thumbnailUrl\":\"https:\/\/rioonwatch.org.br\/wp-content\/uploads\/2017\/08\/caminhada-1-scaled.jpg\",\"keywords\":[\"Biblioteca Parque\",\"Complexo da Mar\u00e9\",\"Complexo do Alem\u00e3o\",\"direito de ir e vir\",\"Direitos Humanos\",\"Fala Manguinhos\",\"Fiocruz\",\"Jacarezinho\",\"Manguinhos\",\"mobiliza\u00e7\u00e3o\",\"Nelson Mandela\",\"ocupa\u00e7\u00e3o militar\",\"Pol\u00edcia Militar\",\"pol\u00edtica de seguran\u00e7a\",\"pol\u00edtica p\u00fablica\",\"protesto\",\"Rede Contra Viol\u00eancia\",\"resist\u00eancia\",\"Samora Machel\",\"viola\u00e7\u00f5es\",\"viol\u00eancia de Estado\",\"viol\u00eancia policial\",\"Zona Norte\"],\"articleSection\":[\"*Destaque\",\"Cobertura de Eventos\",\"Den\u00fancias\",\"Escrito por Comunicadores Populares\",\"M\u00eddia Comunit\u00e1ria\",\"Seguran\u00e7a P\u00fablica\",\"Sociedade Civil\"],\"inLanguage\":\"pt-BR\"},{\"@type\":\"WebPage\",\"@id\":\"https:\/\/rioonwatch.org.br\/?p=27901\",\"url\":\"https:\/\/rioonwatch.org.br\/?p=27901\",\"name\":\"As Lutas de Manguinhos por Paz com Garantia de Direitos - RioOnWatch\",\"isPartOf\":{\"@id\":\"https:\/\/rioonwatch.org.br\/#website\"},\"primaryImageOfPage\":{\"@id\":\"https:\/\/rioonwatch.org.br\/?p=27901#primaryimage\"},\"image\":{\"@id\":\"https:\/\/rioonwatch.org.br\/?p=27901#primaryimage\"},\"thumbnailUrl\":\"https:\/\/rioonwatch.org.br\/wp-content\/uploads\/2017\/08\/caminhada-1-scaled.jpg\",\"datePublished\":\"2017-08-25T16:15:48+00:00\",\"dateModified\":\"2017-08-29T18:22:14+00:00\",\"breadcrumb\":{\"@id\":\"https:\/\/rioonwatch.org.br\/?p=27901#breadcrumb\"},\"inLanguage\":\"pt-BR\",\"potentialAction\":[{\"@type\":\"ReadAction\",\"target\":[\"https:\/\/rioonwatch.org.br\/?p=27901\"]}]},{\"@type\":\"ImageObject\",\"inLanguage\":\"pt-BR\",\"@id\":\"https:\/\/rioonwatch.org.br\/?p=27901#primaryimage\",\"url\":\"https:\/\/rioonwatch.org.br\/wp-content\/uploads\/2017\/08\/caminhada-1-scaled.jpg\",\"contentUrl\":\"https:\/\/rioonwatch.org.br\/wp-content\/uploads\/2017\/08\/caminhada-1-scaled.jpg\",\"width\":2560,\"height\":1457},{\"@type\":\"BreadcrumbList\",\"@id\":\"https:\/\/rioonwatch.org.br\/?p=27901#breadcrumb\",\"itemListElement\":[{\"@type\":\"ListItem\",\"position\":1,\"name\":\"In\u00edcio\",\"item\":\"https:\/\/rioonwatch.org.br\/\"},{\"@type\":\"ListItem\",\"position\":2,\"name\":\"As Lutas de Manguinhos por Paz com Garantia de Direitos\"}]},{\"@type\":\"WebSite\",\"@id\":\"https:\/\/rioonwatch.org.br\/#website\",\"url\":\"https:\/\/rioonwatch.org.br\/\",\"name\":\"RioOnWatch\",\"description\":\"relatos das favelas cariocas\",\"publisher\":{\"@id\":\"https:\/\/rioonwatch.org.br\/#organization\"},\"potentialAction\":[{\"@type\":\"SearchAction\",\"target\":{\"@type\":\"EntryPoint\",\"urlTemplate\":\"https:\/\/rioonwatch.org.br\/?s={search_term_string}\"},\"query-input\":{\"@type\":\"PropertyValueSpecification\",\"valueRequired\":true,\"valueName\":\"search_term_string\"}}],\"inLanguage\":\"pt-BR\"},{\"@type\":\"Organization\",\"@id\":\"https:\/\/rioonwatch.org.br\/#organization\",\"name\":\"RioOnWatch\",\"url\":\"https:\/\/rioonwatch.org.br\/\",\"logo\":{\"@type\":\"ImageObject\",\"inLanguage\":\"pt-BR\",\"@id\":\"https:\/\/rioonwatch.org.br\/#\/schema\/logo\/image\/\",\"url\":\"https:\/\/rioonwatch.org.br\/wp-content\/uploads\/2021\/06\/RioOnWatchcabecalhoPT11anos-2.png\",\"contentUrl\":\"https:\/\/rioonwatch.org.br\/wp-content\/uploads\/2021\/06\/RioOnWatchcabecalhoPT11anos-2.png\",\"width\":779,\"height\":277,\"caption\":\"RioOnWatch\"},\"image\":{\"@id\":\"https:\/\/rioonwatch.org.br\/#\/schema\/logo\/image\/\"}},{\"@type\":\"Person\",\"@id\":\"https:\/\/rioonwatch.org.br\/#\/schema\/person\/f443c6b55bb6e80842280318076491c5\",\"name\":\"Luisa Fenizola\",\"image\":{\"@type\":\"ImageObject\",\"inLanguage\":\"pt-BR\",\"@id\":\"https:\/\/rioonwatch.org.br\/#\/schema\/person\/image\/\",\"url\":\"https:\/\/secure.gravatar.com\/avatar\/a3d551110162b9f876cbbdaaecf75663?s=96&d=blank&r=g\",\"contentUrl\":\"https:\/\/secure.gravatar.com\/avatar\/a3d551110162b9f876cbbdaaecf75663?s=96&d=blank&r=g\",\"caption\":\"Luisa Fenizola\"},\"url\":\"https:\/\/rioonwatch.org.br\/?author=152\"}]}<\/script>\n<!-- \/ Yoast SEO plugin. -->","yoast_head_json":{"title":"As Lutas de Manguinhos por Paz com Garantia de Direitos - RioOnWatch","robots":{"index":"index","follow":"follow","max-snippet":"max-snippet:-1","max-image-preview":"max-image-preview:large","max-video-preview":"max-video-preview:-1"},"canonical":"https:\/\/rioonwatch.org.br\/?p=27901","og_locale":"pt_BR","og_type":"article","og_title":"As Lutas de Manguinhos por Paz com Garantia de Direitos - RioOnWatch","og_description":"Click Here for English No \u00faltimo domingo, dia 20 de agosto, o ato-manifesto 5a Caminhada da Paz com Garantia de Direitos\u00a0reuniu\u00a0movimentos sociais, organiza\u00e7\u00f5es e coletivos de Manguinhos e outras favelas da cidade para denunciar\u00a0a viol\u00eancia [...]","og_url":"https:\/\/rioonwatch.org.br\/?p=27901","og_site_name":"RioOnWatch","article_published_time":"2017-08-25T16:15:48+00:00","article_modified_time":"2017-08-29T18:22:14+00:00","og_image":[{"width":2560,"height":1457,"url":"https:\/\/rioonwatch.org.br\/wp-content\/uploads\/2017\/08\/caminhada-1-scaled.jpg","type":"image\/jpeg"}],"author":"Luisa Fenizola","twitter_card":"summary_large_image","twitter_misc":{"Escrito por":"Luisa Fenizola","Est. tempo de leitura":"6 minutos"},"schema":{"@context":"https:\/\/schema.org","@graph":[{"@type":"Article","@id":"https:\/\/rioonwatch.org.br\/?p=27901#article","isPartOf":{"@id":"https:\/\/rioonwatch.org.br\/?p=27901"},"author":{"name":"Luisa Fenizola","@id":"https:\/\/rioonwatch.org.br\/#\/schema\/person\/f443c6b55bb6e80842280318076491c5"},"headline":"As Lutas de Manguinhos por Paz com Garantia de Direitos","datePublished":"2017-08-25T16:15:48+00:00","dateModified":"2017-08-29T18:22:14+00:00","mainEntityOfPage":{"@id":"https:\/\/rioonwatch.org.br\/?p=27901"},"wordCount":1295,"publisher":{"@id":"https:\/\/rioonwatch.org.br\/#organization"},"image":{"@id":"https:\/\/rioonwatch.org.br\/?p=27901#primaryimage"},"thumbnailUrl":"https:\/\/rioonwatch.org.br\/wp-content\/uploads\/2017\/08\/caminhada-1-scaled.jpg","keywords":["Biblioteca Parque","Complexo da Mar\u00e9","Complexo do Alem\u00e3o","direito de ir e vir","Direitos Humanos","Fala Manguinhos","Fiocruz","Jacarezinho","Manguinhos","mobiliza\u00e7\u00e3o","Nelson Mandela","ocupa\u00e7\u00e3o militar","Pol\u00edcia Militar","pol\u00edtica de seguran\u00e7a","pol\u00edtica p\u00fablica","protesto","Rede Contra Viol\u00eancia","resist\u00eancia","Samora Machel","viola\u00e7\u00f5es","viol\u00eancia de Estado","viol\u00eancia policial","Zona Norte"],"articleSection":["*Destaque","Cobertura de Eventos","Den\u00fancias","Escrito por Comunicadores Populares","M\u00eddia Comunit\u00e1ria","Seguran\u00e7a P\u00fablica","Sociedade Civil"],"inLanguage":"pt-BR"},{"@type":"WebPage","@id":"https:\/\/rioonwatch.org.br\/?p=27901","url":"https:\/\/rioonwatch.org.br\/?p=27901","name":"As Lutas de Manguinhos por Paz com Garantia de Direitos - RioOnWatch","isPartOf":{"@id":"https:\/\/rioonwatch.org.br\/#website"},"primaryImageOfPage":{"@id":"https:\/\/rioonwatch.org.br\/?p=27901#primaryimage"},"image":{"@id":"https:\/\/rioonwatch.org.br\/?p=27901#primaryimage"},"thumbnailUrl":"https:\/\/rioonwatch.org.br\/wp-content\/uploads\/2017\/08\/caminhada-1-scaled.jpg","datePublished":"2017-08-25T16:15:48+00:00","dateModified":"2017-08-29T18:22:14+00:00","breadcrumb":{"@id":"https:\/\/rioonwatch.org.br\/?p=27901#breadcrumb"},"inLanguage":"pt-BR","potentialAction":[{"@type":"ReadAction","target":["https:\/\/rioonwatch.org.br\/?p=27901"]}]},{"@type":"ImageObject","inLanguage":"pt-BR","@id":"https:\/\/rioonwatch.org.br\/?p=27901#primaryimage","url":"https:\/\/rioonwatch.org.br\/wp-content\/uploads\/2017\/08\/caminhada-1-scaled.jpg","contentUrl":"https:\/\/rioonwatch.org.br\/wp-content\/uploads\/2017\/08\/caminhada-1-scaled.jpg","width":2560,"height":1457},{"@type":"BreadcrumbList","@id":"https:\/\/rioonwatch.org.br\/?p=27901#breadcrumb","itemListElement":[{"@type":"ListItem","position":1,"name":"In\u00edcio","item":"https:\/\/rioonwatch.org.br\/"},{"@type":"ListItem","position":2,"name":"As Lutas de Manguinhos por Paz com Garantia de Direitos"}]},{"@type":"WebSite","@id":"https:\/\/rioonwatch.org.br\/#website","url":"https:\/\/rioonwatch.org.br\/","name":"RioOnWatch","description":"relatos das favelas cariocas","publisher":{"@id":"https:\/\/rioonwatch.org.br\/#organization"},"potentialAction":[{"@type":"SearchAction","target":{"@type":"EntryPoint","urlTemplate":"https:\/\/rioonwatch.org.br\/?s={search_term_string}"},"query-input":{"@type":"PropertyValueSpecification","valueRequired":true,"valueName":"search_term_string"}}],"inLanguage":"pt-BR"},{"@type":"Organization","@id":"https:\/\/rioonwatch.org.br\/#organization","name":"RioOnWatch","url":"https:\/\/rioonwatch.org.br\/","logo":{"@type":"ImageObject","inLanguage":"pt-BR","@id":"https:\/\/rioonwatch.org.br\/#\/schema\/logo\/image\/","url":"https:\/\/rioonwatch.org.br\/wp-content\/uploads\/2021\/06\/RioOnWatchcabecalhoPT11anos-2.png","contentUrl":"https:\/\/rioonwatch.org.br\/wp-content\/uploads\/2021\/06\/RioOnWatchcabecalhoPT11anos-2.png","width":779,"height":277,"caption":"RioOnWatch"},"image":{"@id":"https:\/\/rioonwatch.org.br\/#\/schema\/logo\/image\/"}},{"@type":"Person","@id":"https:\/\/rioonwatch.org.br\/#\/schema\/person\/f443c6b55bb6e80842280318076491c5","name":"Luisa Fenizola","image":{"@type":"ImageObject","inLanguage":"pt-BR","@id":"https:\/\/rioonwatch.org.br\/#\/schema\/person\/image\/","url":"https:\/\/secure.gravatar.com\/avatar\/a3d551110162b9f876cbbdaaecf75663?s=96&d=blank&r=g","contentUrl":"https:\/\/secure.gravatar.com\/avatar\/a3d551110162b9f876cbbdaaecf75663?s=96&d=blank&r=g","caption":"Luisa Fenizola"},"url":"https:\/\/rioonwatch.org.br\/?author=152"}]}},"_links":{"self":[{"href":"https:\/\/rioonwatch.org.br\/index.php?rest_route=\/wp\/v2\/posts\/27901"}],"collection":[{"href":"https:\/\/rioonwatch.org.br\/index.php?rest_route=\/wp\/v2\/posts"}],"about":[{"href":"https:\/\/rioonwatch.org.br\/index.php?rest_route=\/wp\/v2\/types\/post"}],"author":[{"embeddable":true,"href":"https:\/\/rioonwatch.org.br\/index.php?rest_route=\/wp\/v2\/users\/152"}],"replies":[{"embeddable":true,"href":"https:\/\/rioonwatch.org.br\/index.php?rest_route=%2Fwp%2Fv2%2Fcomments&post=27901"}],"version-history":[{"count":25,"href":"https:\/\/rioonwatch.org.br\/index.php?rest_route=\/wp\/v2\/posts\/27901\/revisions"}],"predecessor-version":[{"id":27977,"href":"https:\/\/rioonwatch.org.br\/index.php?rest_route=\/wp\/v2\/posts\/27901\/revisions\/27977"}],"wp:featuredmedia":[{"embeddable":true,"href":"https:\/\/rioonwatch.org.br\/index.php?rest_route=\/wp\/v2\/media\/27906"}],"wp:attachment":[{"href":"https:\/\/rioonwatch.org.br\/index.php?rest_route=%2Fwp%2Fv2%2Fmedia&parent=27901"}],"wp:term":[{"taxonomy":"category","embeddable":true,"href":"https:\/\/rioonwatch.org.br\/index.php?rest_route=%2Fwp%2Fv2%2Fcategories&post=27901"},{"taxonomy":"post_tag","embeddable":true,"href":"https:\/\/rioonwatch.org.br\/index.php?rest_route=%2Fwp%2Fv2%2Ftags&post=27901"},{"taxonomy":"writer","embeddable":true,"href":"https:\/\/rioonwatch.org.br\/index.php?rest_route=%2Fwp%2Fv2%2Fwriter&post=27901"},{"taxonomy":"translator","embeddable":true,"href":"https:\/\/rioonwatch.org.br\/index.php?rest_route=%2Fwp%2Fv2%2Ftranslator&post=27901"},{"taxonomy":"source","embeddable":true,"href":"https:\/\/rioonwatch.org.br\/index.php?rest_route=%2Fwp%2Fv2%2Fsource&post=27901"},{"taxonomy":"ilustrador","embeddable":true,"href":"https:\/\/rioonwatch.org.br\/index.php?rest_route=%2Fwp%2Fv2%2Filustrador&post=27901"},{"taxonomy":"fotografo","embeddable":true,"href":"https:\/\/rioonwatch.org.br\/index.php?rest_route=%2Fwp%2Fv2%2Ffotografo&post=27901"}],"curies":[{"name":"wp","href":"https:\/\/api.w.org\/{rel}","templated":true}]}}