{"id":27961,"date":"2017-09-13T10:50:51","date_gmt":"2017-09-13T13:50:51","guid":{"rendered":"http:\/\/rioonwatch.org.br\/?p=27961"},"modified":"2024-06-20T16:24:09","modified_gmt":"2024-06-20T19:24:09","slug":"role-dos-favelados-conduz-a-uma-visao-de-dentro-da-zona-portuaria-do-rio","status":"publish","type":"post","link":"https:\/\/rioonwatch.org.br\/?p=27961","title":{"rendered":"&#8216;Rol\u00e9 dos Favelados&#8217; Conduz \u00e0 Uma Vis\u00e3o de Dentro da Zona Portu\u00e1ria do Rio"},"content":{"rendered":"<p style=\"text-align: right;\"><em><strong><a href=\"http:\/\/bit.ly\/2wnR8g5\" target=\"_blank\" rel=\"noopener noreferrer\">Click Here for English<img decoding=\"async\" width=\"20\" height=\"20\" class=\"alignright wp-image-15790\" src=\"http:\/\/rioonwatch.org.br\/wp-content\/uploads\/2012\/08\/EN-standard-e1439583104716.jpg\" alt=\"\" \/><\/a><\/strong><\/em><\/p>\n<p><span style=\"font-weight: 400;\">Recentemente, foi realizada uma nova edi\u00e7\u00e3o do singular tour <a href=\"http:\/\/bit.ly\/2l07NfM\" target=\"_blank\" rel=\"noopener\">Rol\u00e9 dos Favelados<\/a>, dessa vez questionando a <a href=\"http:\/\/bit.ly\/UR7rn7\" target=\"_blank\" rel=\"noopener\">revitaliza\u00e7\u00e3o da Zona Portu\u00e1ria<\/a> que antecedeu as Olimp\u00edadas de 2016. A ideia por tr\u00e1s do <a href=\"http:\/\/bit.ly\/2jQtrqt\" target=\"_blank\" rel=\"noopener\">Rol\u00e9 dos Favelados<\/a>\u00a0\u00e9 a de vivenciar uma vis\u00e3o cr\u00edtica do Rio de Janeiro em tours conduzidos por guias e ativistas de favelas. At\u00e9 agora, os tours j\u00e1 aconteceram no <a href=\"http:\/\/bit.ly\/UBMUVJ\" target=\"_blank\" rel=\"noopener\">Morro da Provid\u00eancia<\/a>, <a href=\"http:\/\/bit.ly\/YZD9al\" target=\"_blank\" rel=\"noopener\">Santa Marta<\/a> e <a href=\"http:\/\/bit.ly\/Nfddvg\" target=\"_blank\" rel=\"noopener\">Vila Aut\u00f3dromo<\/a>. Cada um deles foi conduzido por um ativista comunit\u00e1rio diferente e tinha por objetivo <a href=\"http:\/\/bit.ly\/2d30Pnn\" target=\"_blank\" rel=\"noopener\">combater a estigmatiza\u00e7\u00e3o<\/a> das favelas do Rio.<\/span><\/p>\n<p><span style=\"font-weight: 400;\">Envolvido em todos os tours \u00e9 o guia tur\u00edstico da Provid\u00eancia,\u00a0<a href=\"http:\/\/bit.ly\/2wGLC8n\" target=\"_blank\" rel=\"noopener\">Cosme Felippsen<\/a>, que no caso do tour da Zona Portu\u00e1ria estava acompanhado pela atriz e produtora Cintia Sant\u2019Anna. Cosme, graduado em turismo, come\u00e7ou a trabalhar como guia tur\u00edstico aos oito anos, reconhecendo a necessidade de mudar as percep\u00e7\u00f5es negativas que as pessoas que n\u00e3o moram em favelas t\u00eam delas. Cintia, tamb\u00e9m nascida na Provid\u00eancia, \u00e9 uma jovem inspiradora que criou em 2015 a plataforma online <a href=\"http:\/\/bit.ly\/2vLO2Bs\" target=\"_blank\" rel=\"noopener\">Entre o C\u00e9u e a Favela<\/a>, visando unir, divulgar e valorizar os produtos culturais, a arte e o desenvolvimento social no Morro da Provid\u00eancia e no vizinho, <a href=\"http:\/\/bit.ly\/2goikVi\" target=\"_blank\" rel=\"noopener\">Morro do Pinto<\/a>. Ela tamb\u00e9m \u00e9 co-fundadora da companhia\u00a0<a href=\"http:\/\/bit.ly\/2vkCwLs\" target=\"_blank\" rel=\"noopener\">Bando Teatro Favela<\/a>.<\/span><\/p>\n<p><span style=\"font-weight: 400;\">Ambos desejam divulgar uma mensagem mais profunda sobre as favelas como locais de valor hist\u00f3rico e criativo, ricos culturalmente e socialmente, e em constante transforma\u00e7\u00e3o. Eles veem os tours como uma oportunidade para os <a href=\"http:\/\/bit.ly\/2rhRWQ2\" target=\"_blank\" rel=\"noopener\">moradores quebrarem os estere\u00f3tipos negativos<\/a> que dominam as narrativas da m\u00eddia e dos formuladores de pol\u00edticas sobre as favelas e seus moradores. Ainda mais importante neste tour espec\u00edfico, eles querem desconstruir a narrativa oficial que propaga que a Zona Portu\u00e1ria estava \u201cabandonada\u201d antes de sua \u201crevitaliza\u00e7\u00e3o\u201d pelo projeto <a href=\"http:\/\/bit.ly\/UR7rn7\" target=\"_blank\" rel=\"noopener\">Porto Maravilha<\/a>, que essencialmente <a href=\"http:\/\/nyti.ms\/2wQ3Vs6\" target=\"_blank\" rel=\"noopener\">transformou a \u00e1rea em uma atra\u00e7\u00e3o tur\u00edstica<\/a>.<\/span><\/p>\n<p><span style=\"font-weight: 400;\">Essa \u00e1rea abriga o <a href=\"http:\/\/bit.ly\/1Fhf4uE\" target=\"_blank\" rel=\"noopener\">Morro da Provid\u00eancia, a primeira favela do Rio<\/a> e tamb\u00e9m outros pontos hist\u00f3ricos de import\u00e2ncia crucial para a cultura afro-brasileira, como o <a href=\"http:\/\/bit.ly\/1DhHrsS\" target=\"_blank\" rel=\"noopener\">Instituto Pretos Novos<\/a>\u00a0(IPN), o <a href=\"http:\/\/bit.ly\/1RjyYiv\" target=\"_blank\" rel=\"noopener\">Cais do Valongo<\/a>, o Jardim Suspenso do Valongo, e a\u00a0<a href=\"http:\/\/bit.ly\/2klorrA\" target=\"_blank\" rel=\"noopener\">Pedra do Sal<\/a>. O tour teve seu in\u00edcio na Pra\u00e7a da Harmonia e Visitou o IPN, o Cais do Valongo, uma galeria de arte de rua, a Pedra do Sal e terminou na <a href=\"https:\/\/glo.bo\/2uqOhCp\" target=\"_blank\" rel=\"noopener\">renovada Pra\u00e7a Mau\u00e1<\/a>, em frente ao <a href=\"http:\/\/bit.ly\/2wgaEtV\" target=\"_blank\" rel=\"noopener\">Museu de Arte do Rio<\/a> (MAR). Os participantes eram sobretudo brasileiros, alguns deles estudantes de arquitetura e urbanismo, professores e jornalistas.<\/span><\/p>\n<h3><strong>1. Instituto Pretos Novos, ou IPN<\/strong><\/h3>\n<p><span style=\"font-weight: 400;\"><a href=\"http:\/\/bit.ly\/1DhHrsS\" target=\"_blank\" rel=\"noopener\">Este museu<\/a> situado na <a href=\"http:\/\/bit.ly\/1cVBDvL\" target=\"_blank\" rel=\"noopener\">Regi\u00e3o Portu\u00e1ria do Rio<\/a> abriga o <a href=\"http:\/\/bit.ly\/2wqsuf0\" target=\"_blank\" rel=\"noopener\">maior cemit\u00e9rio de escravos<\/a> da Am\u00e9rica, um dos principais locais que preservam o legado da cidade como <a href=\"http:\/\/bit.ly\/1S9AAtc\" target=\"_blank\" rel=\"noopener\">o maior porto de entrada de escravos da hist\u00f3ria mundial<\/a>.<\/span><\/p>\n<p><a href=\"http:\/\/rioonwatch.org.br\/wp-content\/uploads\/2017\/08\/Befunky6.jpg\"><img fetchpriority=\"high\" decoding=\"async\" class=\"aligncenter wp-image-27967 size-content\" title=\"O tour passa pelos trilhos do VLT a caminho para o IPN.\" src=\"http:\/\/rioonwatch.org.br\/wp-content\/uploads\/2017\/08\/Befunky6-620x264.jpg\" alt=\"\" width=\"620\" height=\"264\" srcset=\"https:\/\/rioonwatch.org.br\/wp-content\/uploads\/2017\/08\/Befunky6-620x264.jpg 620w, https:\/\/rioonwatch.org.br\/wp-content\/uploads\/2017\/08\/Befunky6-940x400.jpg 940w\" sizes=\"(max-width: 620px) 100vw, 620px\" \/><\/a><\/p>\n<p><a href=\"http:\/\/rioonwatch.org.br\/wp-content\/uploads\/2017\/08\/Befunky3.jpg\"><img decoding=\"async\" class=\"aligncenter wp-image-27968 size-medium\" title=\"Cosme Felippsen descreve a import\u00e2ncia do IPN, do lado de fora de suas portas.\" src=\"http:\/\/rioonwatch.org.br\/wp-content\/uploads\/2017\/08\/Befunky3-620x300.jpg\" alt=\"\" width=\"620\" height=\"300\" srcset=\"https:\/\/rioonwatch.org.br\/wp-content\/uploads\/2017\/08\/Befunky3-620x300.jpg 620w, https:\/\/rioonwatch.org.br\/wp-content\/uploads\/2017\/08\/Befunky3-545x264.jpg 545w, https:\/\/rioonwatch.org.br\/wp-content\/uploads\/2017\/08\/Befunky3-768x372.jpg 768w, https:\/\/rioonwatch.org.br\/wp-content\/uploads\/2017\/08\/Befunky3-1024x496.jpg 1024w, https:\/\/rioonwatch.org.br\/wp-content\/uploads\/2017\/08\/Befunky3.jpg 2000w\" sizes=\"(max-width: 620px) 100vw, 620px\" \/><\/a><\/p>\n<h3><strong>2. O Cais do Valongo<span style=\"font-weight: 400;\"><br \/>\n<\/span><\/strong><\/h3>\n<p><span style=\"font-weight: 400;\"><a href=\"http:\/\/bit.ly\/1RjyYiv\" target=\"_blank\" rel=\"noopener\">O cais<\/a> foi o maior ponto de chegada de africanos escravizados trazidos ao Brasil&#8211;<a href=\"http:\/\/bit.ly\/1S9AAtc\" target=\"_blank\" rel=\"noopener\">ou a qualquer lugar<\/a>. Recentemente, foi reconhecido pela <a href=\"http:\/\/bit.ly\/2tR4z68\" target=\"_blank\" rel=\"noopener\">UNESCO como Patrim\u00f4nio da Humanidade<\/a>. De acordo com a UNESCO, &#8220;\u00e9 o mais importante vest\u00edgio f\u00edsico da chegada dos escravos africanos ao continente americano&#8221;. <a href=\"http:\/\/bit.ly\/2waGYzA\" target=\"_blank\" rel=\"noopener\">De um ponto de vista hist\u00f3rico<\/a>, &#8220;\u00e9 um local de mem\u00f3ria, que remete a um dos mais graves crimes perpetrados contra a humanidade&#8221;.<\/span><\/p>\n<p><a href=\"http:\/\/rioonwatch.org.br\/wp-content\/uploads\/2017\/08\/20431464_817484091767423_8710154820339267477_n.jpg\"><img loading=\"lazy\" decoding=\"async\" class=\"aligncenter wp-image-27969 size-content\" title=\"Grupo do tour possa em frente ao cais de Valongo.\" src=\"http:\/\/rioonwatch.org.br\/wp-content\/uploads\/2017\/08\/20431464_817484091767423_8710154820339267477_n-620x264.jpg\" alt=\"\" width=\"620\" height=\"264\" srcset=\"https:\/\/rioonwatch.org.br\/wp-content\/uploads\/2017\/08\/20431464_817484091767423_8710154820339267477_n-620x264.jpg 620w, https:\/\/rioonwatch.org.br\/wp-content\/uploads\/2017\/08\/20431464_817484091767423_8710154820339267477_n-940x400.jpg 940w\" sizes=\"(max-width: 620px) 100vw, 620px\" \/><\/a><\/p>\n<p><span style=\"font-weight: 400;\">Nesta parada, Cintia mostrou e explicou os diferentes aplicativos existentes&#8211;que permitem que os visitantes aprofundem seus conhecimentos sobre a Regi\u00e3o Portu\u00e1ria do Rio, sobretudo a regi\u00e3o conhecida como <a href=\"http:\/\/bit.ly\/29y4HuI\" target=\"_blank\" rel=\"noopener\">Pequena \u00c1frica<\/a>&#8211;tais como o <a href=\"http:\/\/bit.ly\/2uR9zIh\" target=\"_blank\" rel=\"noopener\">Museu do Ontem<\/a>\u00a0e <a href=\"http:\/\/bit.ly\/2vP0794\">Passados Presentes<\/a>. <\/span><\/p>\n<p><a href=\"http:\/\/rioonwatch.org.br\/wp-content\/uploads\/2017\/08\/Befunky4.jpg\"><img loading=\"lazy\" decoding=\"async\" class=\"aligncenter wp-image-27970 size-content\" title=\"Cintia Sant'Anna mostra como usar o aplicativo hist\u00f3rico &quot;Museu do Ontem&quot;.\" src=\"http:\/\/rioonwatch.org.br\/wp-content\/uploads\/2017\/08\/Befunky4-620x264.jpg\" alt=\"\" width=\"620\" height=\"264\" srcset=\"https:\/\/rioonwatch.org.br\/wp-content\/uploads\/2017\/08\/Befunky4-620x264.jpg 620w, https:\/\/rioonwatch.org.br\/wp-content\/uploads\/2017\/08\/Befunky4-940x400.jpg 940w\" sizes=\"(max-width: 620px) 100vw, 620px\" \/><\/a><\/p>\n<h3>3. <strong>Galeria de Arte de Rua<\/strong><\/h3>\n<p><span style=\"font-weight: 400;\">A galeria de arte de rua \u00e9 uma das entradas do Morro da Provid\u00eancia que foi usada por Cosme durante o tour na favela. Belos grafites feitos pelos artistas locais s\u00e3o exibidos nos muros. Cosme escolheu este local para fazer\u00a0a sua importante pergunta habitual ao p\u00fablico: \u201c<a href=\"http:\/\/bit.ly\/2vHfEUK\" target=\"_blank\" rel=\"noopener\">O que \u00e9 uma favela?<\/a>\u201d<\/span><\/p>\n<p><a href=\"http:\/\/rioonwatch.org.br\/wp-content\/uploads\/2017\/08\/Befunky2.jpg\"><img loading=\"lazy\" decoding=\"async\" class=\"aligncenter wp-image-27971 size-content\" title=\"Galeria de arte de rua da Provid\u00eancia\" src=\"http:\/\/rioonwatch.org.br\/wp-content\/uploads\/2017\/08\/Befunky2-620x264.jpg\" alt=\"\" width=\"620\" height=\"264\" srcset=\"https:\/\/rioonwatch.org.br\/wp-content\/uploads\/2017\/08\/Befunky2-620x264.jpg 620w, https:\/\/rioonwatch.org.br\/wp-content\/uploads\/2017\/08\/Befunky2-940x400.jpg 940w\" sizes=\"(max-width: 620px) 100vw, 620px\" \/><\/a><\/p>\n<p><a href=\"http:\/\/rioonwatch.org.br\/wp-content\/uploads\/2017\/08\/20376040_817484038434095_3270308329654074845_n.jpg\"><img loading=\"lazy\" decoding=\"async\" class=\"aligncenter wp-image-27972 size-content\" title=\"Grupo do tour possa na Galeria de arte de rua\" src=\"http:\/\/rioonwatch.org.br\/wp-content\/uploads\/2017\/08\/20376040_817484038434095_3270308329654074845_n-620x264.jpg\" alt=\"\" width=\"620\" height=\"264\" srcset=\"https:\/\/rioonwatch.org.br\/wp-content\/uploads\/2017\/08\/20376040_817484038434095_3270308329654074845_n-620x264.jpg 620w, https:\/\/rioonwatch.org.br\/wp-content\/uploads\/2017\/08\/20376040_817484038434095_3270308329654074845_n-940x400.jpg 940w\" sizes=\"(max-width: 620px) 100vw, 620px\" \/><\/a><\/p>\n<p><a href=\"http:\/\/rioonwatch.org.br\/wp-content\/uploads\/2017\/08\/IMG_6872.jpg\"><img loading=\"lazy\" decoding=\"async\" class=\"aligncenter wp-image-27973 size-content\" title=\"A Galeria de arte de rua sobe o morro.\" src=\"http:\/\/rioonwatch.org.br\/wp-content\/uploads\/2017\/08\/IMG_6872-620x264.jpg\" alt=\"\" width=\"620\" height=\"264\" srcset=\"https:\/\/rioonwatch.org.br\/wp-content\/uploads\/2017\/08\/IMG_6872-620x264.jpg 620w, https:\/\/rioonwatch.org.br\/wp-content\/uploads\/2017\/08\/IMG_6872-940x400.jpg 940w\" sizes=\"(max-width: 620px) 100vw, 620px\" \/><\/a><\/p>\n<h3><strong>4. Pedra do Sal<\/strong><\/h3>\n<p><span style=\"font-weight: 400;\">A <a href=\"http:\/\/bit.ly\/2klorrA\" target=\"_blank\" rel=\"noopener\">Pedra do Sal<\/a>, onde o sal e outras mercadorias foram comercializadas por centenas de anos&#8211;quando as \u00e1guas da <a href=\"http:\/\/bit.ly\/1i8xoT1\" target=\"_blank\" rel=\"noopener\">Ba\u00eda de Guanabara<\/a> ainda \u00e0 alcan\u00e7ava, antes de ser aterrada&#8211;abriga um <a href=\"http:\/\/bit.ly\/VVrdp9\" target=\"_blank\" rel=\"noopener\"><em>quilombo<\/em><\/a> e nos \u00faltimos anos novamente se tornou popular, devido as rodas de samba semanais que s\u00e3o realizadas no local, \u00e0s segundas e \u00e0s sextas, bem como por outros eventos. O local \u00e9 considerado o ber\u00e7o do samba brasileiro, j\u00e1 que diversas can\u00e7\u00f5es originais do ritmo foram escritas l\u00e1, h\u00e1 mais de cem anos. De acordo com Cintia, o a\u00e7\u00facar tamb\u00e9m era negociado na Pedra do Sal, em quantidades maiores do que as de sal. Moradores locais sempre realizaram festas na Pedra do Sal, mas desde a revitaliza\u00e7\u00e3o da regi\u00e3o, Cintia afirma que existem mais turistas do que locais. Ela utilizou essa parada para discutir <a href=\"http:\/\/bit.ly\/2sLa3vW\" target=\"_blank\" rel=\"noopener\">as \u00faltimas tentativas de criminaliza\u00e7\u00e3o do funk<\/a>, lembrando que a criminaliza\u00e7\u00e3o dos movimentos populares culturais j\u00e1 aconteceu muitas vezes na hist\u00f3ria do Brasil, inclusive com o samba.\u00a0<\/span><span style=\"font-weight: 400;\">Cintia explicou que, no geral, <a href=\"http:\/\/bit.ly\/2v2enLx\" target=\"_blank\" rel=\"noopener\">as autoridades gostam de manter o controle sobre as atividades relacionadas \u00e0s favelas<\/a>. At\u00e9 mesmo um recente festival de arte organizado por Cintia na Provid\u00eancia foi parado pela pol\u00edcia, que esteve presente durante todo o evento, dissuadindo os moradores de participarem. <\/span><\/p>\n<p><a href=\"http:\/\/rioonwatch.org.br\/wp-content\/uploads\/2017\/08\/IMG_6891.jpg\"><img loading=\"lazy\" decoding=\"async\" class=\"aligncenter wp-image-27974 size-content\" title=\"Grupo do tour na Pedra do Sal--com sua caracter\u00edstica arquitetura colonial portuguesa e os degraus esculpidos na rocha gran\u00edtica.\" src=\"http:\/\/rioonwatch.org.br\/wp-content\/uploads\/2017\/08\/IMG_6891-620x264.jpg\" alt=\"\" width=\"620\" height=\"264\" srcset=\"https:\/\/rioonwatch.org.br\/wp-content\/uploads\/2017\/08\/IMG_6891-620x264.jpg 620w, https:\/\/rioonwatch.org.br\/wp-content\/uploads\/2017\/08\/IMG_6891-940x400.jpg 940w\" sizes=\"(max-width: 620px) 100vw, 620px\" \/><\/a><\/p>\n<p><a href=\"http:\/\/rioonwatch.org.br\/wp-content\/uploads\/2017\/08\/Befunky1.jpg\"><img loading=\"lazy\" decoding=\"async\" class=\"aligncenter wp-image-27975 size-content\" title=\"Pedra do Sal, onde foram compostos os primeiros sambas, com sua arquitetura colonial portuguesa caracter\u00edstica e os degraus esculpidos na rocha gran\u00edtica.\" src=\"http:\/\/rioonwatch.org.br\/wp-content\/uploads\/2017\/08\/Befunky1-620x264.jpg\" alt=\"\" width=\"620\" height=\"264\" srcset=\"https:\/\/rioonwatch.org.br\/wp-content\/uploads\/2017\/08\/Befunky1-620x264.jpg 620w, https:\/\/rioonwatch.org.br\/wp-content\/uploads\/2017\/08\/Befunky1-940x400.jpg 940w\" sizes=\"(max-width: 620px) 100vw, 620px\" \/><\/a><\/p>\n<p><strong>Para seguir o trabalho de turismo comunit\u00e1rio de Cosme Felippsen e saber sobre o pr\u00f3ximo Rol\u00e9 dos Favelados, <a href=\"http:\/\/bit.ly\/2lz19RE\" target=\"_blank\" rel=\"noopener\">curta sua p\u00e1gina no Facebook<\/a>.<\/strong><\/p>\n<!-- AddThis Advanced Settings generic via filter on the_content --><!-- AddThis Share Buttons generic via filter on the_content -->","protected":false},"excerpt":{"rendered":"<div class=\"mh-excerpt\"><p>Click Here for English Recentemente, foi realizada uma nova edi\u00e7\u00e3o do singular tour Rol\u00e9 dos Favelados, dessa vez questionando a revitaliza\u00e7\u00e3o da Zona Portu\u00e1ria que antecedeu as Olimp\u00edadas de 2016. A ideia por tr\u00e1s do <a class=\"mh-excerpt-more\" href=\"https:\/\/rioonwatch.org.br\/?p=27961\" title=\"&#8216;Rol\u00e9 dos Favelados&#8217; Conduz \u00e0 Uma Vis\u00e3o de Dentro da Zona Portu\u00e1ria do Rio\">[&#8230;]<\/a><!-- AddThis Advanced Settings generic via filter on get_the_excerpt --><!-- AddThis Share Buttons generic via filter on get_the_excerpt --><\/p>\n<\/div>","protected":false},"author":129,"featured_media":27963,"comment_status":"closed","ping_status":"closed","sticky":false,"template":"","format":"standard","meta":{"_acf_changed":false,"_monsterinsights_skip_tracking":false,"_monsterinsights_sitenote_active":false,"_monsterinsights_sitenote_note":"","_monsterinsights_sitenote_category":0,"footnotes":""},"categories":[1617,1635,1627,1615,1626,1628],"tags":[804,1693,259,484,396,1447,1240,257,2175,78,358,1844,433,1748,1194,494,14,432,2349,476,825,218],"writer":[2157],"translator":[2032],"source":[],"ilustrador":[],"fotografo":[],"class_list":{"0":"post-27961","1":"post","2":"type-post","3":"status-publish","4":"format-standard","5":"has-post-thumbnail","7":"category-olhonagentrificacao","8":"category-1635","9":"category-relato-de-evento","10":"category-cultura-da-favela","11":"category-por-observadores-internacionais","12":"category-turismo-na-favela","13":"tag-baia-da-guanabara","14":"tag-cais-do-valongo","15":"tag-centro","16":"tag-prefeito-eduardo-paes","17":"tag-especulacao-imobiliaria","18":"tag-favela-tour","19":"tag-megaeventos","20":"tag-providencia","21":"tag-museu-de-arte-do-rio","22":"tag-olimpiadas","23":"tag-organizacao-comunitaria","24":"tag-pedra-do-sal","25":"tag-porto-maravilha","26":"tag-praca-maua","27":"tag-pretos-novos","28":"tag-regiao-do-porto","29":"tag-remocao","30":"tag-resistencia","31":"tag-role-dos-favelados","32":"tag-solucao-comunitaria","33":"tag-turismo","34":"tag-zona-norte","35":"writer-suzanne-chatelier","36":"translator-bruno-ferreira"},"acf":[],"yoast_head":"<!-- This site is optimized with the Yoast SEO plugin v25.6 - https:\/\/yoast.com\/wordpress\/plugins\/seo\/ -->\n<title>&#039;Rol\u00e9 dos Favelados&#039; Conduz \u00e0 Uma Vis\u00e3o de Dentro da Zona Portu\u00e1ria do Rio - RioOnWatch<\/title>\n<meta name=\"robots\" content=\"index, follow, max-snippet:-1, max-image-preview:large, max-video-preview:-1\" \/>\n<link rel=\"canonical\" href=\"https:\/\/rioonwatch.org.br\/?p=27961\" \/>\n<meta property=\"og:locale\" content=\"pt_BR\" \/>\n<meta property=\"og:type\" content=\"article\" \/>\n<meta property=\"og:title\" content=\"&#039;Rol\u00e9 dos Favelados&#039; Conduz \u00e0 Uma Vis\u00e3o de Dentro da Zona Portu\u00e1ria do Rio - RioOnWatch\" \/>\n<meta property=\"og:description\" content=\"Click Here for English Recentemente, foi realizada uma nova edi\u00e7\u00e3o do singular tour Rol\u00e9 dos Favelados, dessa vez questionando a revitaliza\u00e7\u00e3o da Zona Portu\u00e1ria que antecedeu as Olimp\u00edadas de 2016. A ideia por tr\u00e1s do [...]\" \/>\n<meta property=\"og:url\" content=\"https:\/\/rioonwatch.org.br\/?p=27961\" \/>\n<meta property=\"og:site_name\" content=\"RioOnWatch\" \/>\n<meta property=\"article:published_time\" content=\"2017-09-13T13:50:51+00:00\" \/>\n<meta property=\"article:modified_time\" content=\"2024-06-20T19:24:09+00:00\" \/>\n<meta property=\"og:image\" content=\"https:\/\/rioonwatch.org.br\/wp-content\/uploads\/2017\/08\/19620922_708127519375935_2112742350681050363_o.jpg\" \/>\n\t<meta property=\"og:image:width\" content=\"1280\" \/>\n\t<meta property=\"og:image:height\" content=\"640\" \/>\n\t<meta property=\"og:image:type\" content=\"image\/jpeg\" \/>\n<meta name=\"author\" content=\"Admin\" \/>\n<meta name=\"twitter:card\" content=\"summary_large_image\" \/>\n<meta name=\"twitter:label1\" content=\"Escrito por\" \/>\n\t<meta name=\"twitter:data1\" content=\"Admin\" \/>\n\t<meta name=\"twitter:label2\" content=\"Est. tempo de leitura\" \/>\n\t<meta name=\"twitter:data2\" content=\"5 minutos\" \/>\n<script type=\"application\/ld+json\" class=\"yoast-schema-graph\">{\"@context\":\"https:\/\/schema.org\",\"@graph\":[{\"@type\":\"Article\",\"@id\":\"https:\/\/rioonwatch.org.br\/?p=27961#article\",\"isPartOf\":{\"@id\":\"https:\/\/rioonwatch.org.br\/?p=27961\"},\"author\":{\"name\":\"Admin\",\"@id\":\"https:\/\/rioonwatch.org.br\/#\/schema\/person\/11d64c290506f9df50c71b850c473f68\"},\"headline\":\"&#8216;Rol\u00e9 dos Favelados&#8217; Conduz \u00e0 Uma Vis\u00e3o de Dentro da Zona Portu\u00e1ria do Rio\",\"datePublished\":\"2017-09-13T13:50:51+00:00\",\"dateModified\":\"2024-06-20T19:24:09+00:00\",\"mainEntityOfPage\":{\"@id\":\"https:\/\/rioonwatch.org.br\/?p=27961\"},\"wordCount\":924,\"publisher\":{\"@id\":\"https:\/\/rioonwatch.org.br\/#organization\"},\"image\":{\"@id\":\"https:\/\/rioonwatch.org.br\/?p=27961#primaryimage\"},\"thumbnailUrl\":\"https:\/\/rioonwatch.org.br\/wp-content\/uploads\/2017\/08\/19620922_708127519375935_2112742350681050363_o.jpg\",\"keywords\":[\"Ba\u00eda da Guanabara\",\"Cais do Valongo\",\"Centro\",\"Eduardo Paes\",\"especula\u00e7\u00e3o imobili\u00e1ria\",\"Favela Tours Comunit\u00e1rios\",\"Megaeventos\",\"Morro da Provid\u00eancia\",\"Museu de Arte do Rio\",\"Olimp\u00edadas\",\"organiza\u00e7\u00e3o comunit\u00e1ria\",\"Pedra do Sal\",\"Porto Maravilha\",\"Pra\u00e7a Mau\u00e1\",\"Pretos Novos\",\"Regi\u00e3o do Porto\",\"Remo\u00e7\u00e3o\",\"resist\u00eancia\",\"Rol\u00e9 dos Favelados\",\"solu\u00e7\u00e3o comunit\u00e1ria\",\"turismo\",\"Zona Norte\"],\"articleSection\":[\"#OlhoNaGentrifica\u00e7\u00e3o\",\"#Rio2016\",\"Cobertura de Eventos\",\"Cultura da Favela\",\"Escrito por Aliados\",\"Turismo na Favela\"],\"inLanguage\":\"pt-BR\"},{\"@type\":\"WebPage\",\"@id\":\"https:\/\/rioonwatch.org.br\/?p=27961\",\"url\":\"https:\/\/rioonwatch.org.br\/?p=27961\",\"name\":\"'Rol\u00e9 dos Favelados' Conduz \u00e0 Uma Vis\u00e3o de Dentro da Zona Portu\u00e1ria do Rio - RioOnWatch\",\"isPartOf\":{\"@id\":\"https:\/\/rioonwatch.org.br\/#website\"},\"primaryImageOfPage\":{\"@id\":\"https:\/\/rioonwatch.org.br\/?p=27961#primaryimage\"},\"image\":{\"@id\":\"https:\/\/rioonwatch.org.br\/?p=27961#primaryimage\"},\"thumbnailUrl\":\"https:\/\/rioonwatch.org.br\/wp-content\/uploads\/2017\/08\/19620922_708127519375935_2112742350681050363_o.jpg\",\"datePublished\":\"2017-09-13T13:50:51+00:00\",\"dateModified\":\"2024-06-20T19:24:09+00:00\",\"breadcrumb\":{\"@id\":\"https:\/\/rioonwatch.org.br\/?p=27961#breadcrumb\"},\"inLanguage\":\"pt-BR\",\"potentialAction\":[{\"@type\":\"ReadAction\",\"target\":[\"https:\/\/rioonwatch.org.br\/?p=27961\"]}]},{\"@type\":\"ImageObject\",\"inLanguage\":\"pt-BR\",\"@id\":\"https:\/\/rioonwatch.org.br\/?p=27961#primaryimage\",\"url\":\"https:\/\/rioonwatch.org.br\/wp-content\/uploads\/2017\/08\/19620922_708127519375935_2112742350681050363_o.jpg\",\"contentUrl\":\"https:\/\/rioonwatch.org.br\/wp-content\/uploads\/2017\/08\/19620922_708127519375935_2112742350681050363_o.jpg\",\"width\":1280,\"height\":640},{\"@type\":\"BreadcrumbList\",\"@id\":\"https:\/\/rioonwatch.org.br\/?p=27961#breadcrumb\",\"itemListElement\":[{\"@type\":\"ListItem\",\"position\":1,\"name\":\"In\u00edcio\",\"item\":\"https:\/\/rioonwatch.org.br\/\"},{\"@type\":\"ListItem\",\"position\":2,\"name\":\"&#8216;Rol\u00e9 dos Favelados&#8217; Conduz \u00e0 Uma Vis\u00e3o de Dentro da Zona Portu\u00e1ria do Rio\"}]},{\"@type\":\"WebSite\",\"@id\":\"https:\/\/rioonwatch.org.br\/#website\",\"url\":\"https:\/\/rioonwatch.org.br\/\",\"name\":\"RioOnWatch\",\"description\":\"relatos das favelas cariocas\",\"publisher\":{\"@id\":\"https:\/\/rioonwatch.org.br\/#organization\"},\"potentialAction\":[{\"@type\":\"SearchAction\",\"target\":{\"@type\":\"EntryPoint\",\"urlTemplate\":\"https:\/\/rioonwatch.org.br\/?s={search_term_string}\"},\"query-input\":{\"@type\":\"PropertyValueSpecification\",\"valueRequired\":true,\"valueName\":\"search_term_string\"}}],\"inLanguage\":\"pt-BR\"},{\"@type\":\"Organization\",\"@id\":\"https:\/\/rioonwatch.org.br\/#organization\",\"name\":\"RioOnWatch\",\"url\":\"https:\/\/rioonwatch.org.br\/\",\"logo\":{\"@type\":\"ImageObject\",\"inLanguage\":\"pt-BR\",\"@id\":\"https:\/\/rioonwatch.org.br\/#\/schema\/logo\/image\/\",\"url\":\"https:\/\/rioonwatch.org.br\/wp-content\/uploads\/2021\/06\/RioOnWatchcabecalhoPT11anos-2.png\",\"contentUrl\":\"https:\/\/rioonwatch.org.br\/wp-content\/uploads\/2021\/06\/RioOnWatchcabecalhoPT11anos-2.png\",\"width\":779,\"height\":277,\"caption\":\"RioOnWatch\"},\"image\":{\"@id\":\"https:\/\/rioonwatch.org.br\/#\/schema\/logo\/image\/\"}},{\"@type\":\"Person\",\"@id\":\"https:\/\/rioonwatch.org.br\/#\/schema\/person\/11d64c290506f9df50c71b850c473f68\",\"name\":\"Admin\",\"image\":{\"@type\":\"ImageObject\",\"inLanguage\":\"pt-BR\",\"@id\":\"https:\/\/rioonwatch.org.br\/#\/schema\/person\/image\/\",\"url\":\"https:\/\/secure.gravatar.com\/avatar\/56211ac74568383903349a1485e3c325?s=96&d=blank&r=g\",\"contentUrl\":\"https:\/\/secure.gravatar.com\/avatar\/56211ac74568383903349a1485e3c325?s=96&d=blank&r=g\",\"caption\":\"Admin\"},\"url\":\"https:\/\/rioonwatch.org.br\/?author=129\"}]}<\/script>\n<!-- \/ Yoast SEO plugin. -->","yoast_head_json":{"title":"'Rol\u00e9 dos Favelados' Conduz \u00e0 Uma Vis\u00e3o de Dentro da Zona Portu\u00e1ria do Rio - RioOnWatch","robots":{"index":"index","follow":"follow","max-snippet":"max-snippet:-1","max-image-preview":"max-image-preview:large","max-video-preview":"max-video-preview:-1"},"canonical":"https:\/\/rioonwatch.org.br\/?p=27961","og_locale":"pt_BR","og_type":"article","og_title":"'Rol\u00e9 dos Favelados' Conduz \u00e0 Uma Vis\u00e3o de Dentro da Zona Portu\u00e1ria do Rio - RioOnWatch","og_description":"Click Here for English Recentemente, foi realizada uma nova edi\u00e7\u00e3o do singular tour Rol\u00e9 dos Favelados, dessa vez questionando a revitaliza\u00e7\u00e3o da Zona Portu\u00e1ria que antecedeu as Olimp\u00edadas de 2016. A ideia por tr\u00e1s do [...]","og_url":"https:\/\/rioonwatch.org.br\/?p=27961","og_site_name":"RioOnWatch","article_published_time":"2017-09-13T13:50:51+00:00","article_modified_time":"2024-06-20T19:24:09+00:00","og_image":[{"width":1280,"height":640,"url":"https:\/\/rioonwatch.org.br\/wp-content\/uploads\/2017\/08\/19620922_708127519375935_2112742350681050363_o.jpg","type":"image\/jpeg"}],"author":"Admin","twitter_card":"summary_large_image","twitter_misc":{"Escrito por":"Admin","Est. tempo de leitura":"5 minutos"},"schema":{"@context":"https:\/\/schema.org","@graph":[{"@type":"Article","@id":"https:\/\/rioonwatch.org.br\/?p=27961#article","isPartOf":{"@id":"https:\/\/rioonwatch.org.br\/?p=27961"},"author":{"name":"Admin","@id":"https:\/\/rioonwatch.org.br\/#\/schema\/person\/11d64c290506f9df50c71b850c473f68"},"headline":"&#8216;Rol\u00e9 dos Favelados&#8217; Conduz \u00e0 Uma Vis\u00e3o de Dentro da Zona Portu\u00e1ria do Rio","datePublished":"2017-09-13T13:50:51+00:00","dateModified":"2024-06-20T19:24:09+00:00","mainEntityOfPage":{"@id":"https:\/\/rioonwatch.org.br\/?p=27961"},"wordCount":924,"publisher":{"@id":"https:\/\/rioonwatch.org.br\/#organization"},"image":{"@id":"https:\/\/rioonwatch.org.br\/?p=27961#primaryimage"},"thumbnailUrl":"https:\/\/rioonwatch.org.br\/wp-content\/uploads\/2017\/08\/19620922_708127519375935_2112742350681050363_o.jpg","keywords":["Ba\u00eda da Guanabara","Cais do Valongo","Centro","Eduardo Paes","especula\u00e7\u00e3o imobili\u00e1ria","Favela Tours Comunit\u00e1rios","Megaeventos","Morro da Provid\u00eancia","Museu de Arte do Rio","Olimp\u00edadas","organiza\u00e7\u00e3o comunit\u00e1ria","Pedra do Sal","Porto Maravilha","Pra\u00e7a Mau\u00e1","Pretos Novos","Regi\u00e3o do Porto","Remo\u00e7\u00e3o","resist\u00eancia","Rol\u00e9 dos Favelados","solu\u00e7\u00e3o comunit\u00e1ria","turismo","Zona Norte"],"articleSection":["#OlhoNaGentrifica\u00e7\u00e3o","#Rio2016","Cobertura de Eventos","Cultura da Favela","Escrito por Aliados","Turismo na Favela"],"inLanguage":"pt-BR"},{"@type":"WebPage","@id":"https:\/\/rioonwatch.org.br\/?p=27961","url":"https:\/\/rioonwatch.org.br\/?p=27961","name":"'Rol\u00e9 dos Favelados' Conduz \u00e0 Uma Vis\u00e3o de Dentro da Zona Portu\u00e1ria do Rio - RioOnWatch","isPartOf":{"@id":"https:\/\/rioonwatch.org.br\/#website"},"primaryImageOfPage":{"@id":"https:\/\/rioonwatch.org.br\/?p=27961#primaryimage"},"image":{"@id":"https:\/\/rioonwatch.org.br\/?p=27961#primaryimage"},"thumbnailUrl":"https:\/\/rioonwatch.org.br\/wp-content\/uploads\/2017\/08\/19620922_708127519375935_2112742350681050363_o.jpg","datePublished":"2017-09-13T13:50:51+00:00","dateModified":"2024-06-20T19:24:09+00:00","breadcrumb":{"@id":"https:\/\/rioonwatch.org.br\/?p=27961#breadcrumb"},"inLanguage":"pt-BR","potentialAction":[{"@type":"ReadAction","target":["https:\/\/rioonwatch.org.br\/?p=27961"]}]},{"@type":"ImageObject","inLanguage":"pt-BR","@id":"https:\/\/rioonwatch.org.br\/?p=27961#primaryimage","url":"https:\/\/rioonwatch.org.br\/wp-content\/uploads\/2017\/08\/19620922_708127519375935_2112742350681050363_o.jpg","contentUrl":"https:\/\/rioonwatch.org.br\/wp-content\/uploads\/2017\/08\/19620922_708127519375935_2112742350681050363_o.jpg","width":1280,"height":640},{"@type":"BreadcrumbList","@id":"https:\/\/rioonwatch.org.br\/?p=27961#breadcrumb","itemListElement":[{"@type":"ListItem","position":1,"name":"In\u00edcio","item":"https:\/\/rioonwatch.org.br\/"},{"@type":"ListItem","position":2,"name":"&#8216;Rol\u00e9 dos Favelados&#8217; Conduz \u00e0 Uma Vis\u00e3o de Dentro da Zona Portu\u00e1ria do Rio"}]},{"@type":"WebSite","@id":"https:\/\/rioonwatch.org.br\/#website","url":"https:\/\/rioonwatch.org.br\/","name":"RioOnWatch","description":"relatos das favelas cariocas","publisher":{"@id":"https:\/\/rioonwatch.org.br\/#organization"},"potentialAction":[{"@type":"SearchAction","target":{"@type":"EntryPoint","urlTemplate":"https:\/\/rioonwatch.org.br\/?s={search_term_string}"},"query-input":{"@type":"PropertyValueSpecification","valueRequired":true,"valueName":"search_term_string"}}],"inLanguage":"pt-BR"},{"@type":"Organization","@id":"https:\/\/rioonwatch.org.br\/#organization","name":"RioOnWatch","url":"https:\/\/rioonwatch.org.br\/","logo":{"@type":"ImageObject","inLanguage":"pt-BR","@id":"https:\/\/rioonwatch.org.br\/#\/schema\/logo\/image\/","url":"https:\/\/rioonwatch.org.br\/wp-content\/uploads\/2021\/06\/RioOnWatchcabecalhoPT11anos-2.png","contentUrl":"https:\/\/rioonwatch.org.br\/wp-content\/uploads\/2021\/06\/RioOnWatchcabecalhoPT11anos-2.png","width":779,"height":277,"caption":"RioOnWatch"},"image":{"@id":"https:\/\/rioonwatch.org.br\/#\/schema\/logo\/image\/"}},{"@type":"Person","@id":"https:\/\/rioonwatch.org.br\/#\/schema\/person\/11d64c290506f9df50c71b850c473f68","name":"Admin","image":{"@type":"ImageObject","inLanguage":"pt-BR","@id":"https:\/\/rioonwatch.org.br\/#\/schema\/person\/image\/","url":"https:\/\/secure.gravatar.com\/avatar\/56211ac74568383903349a1485e3c325?s=96&d=blank&r=g","contentUrl":"https:\/\/secure.gravatar.com\/avatar\/56211ac74568383903349a1485e3c325?s=96&d=blank&r=g","caption":"Admin"},"url":"https:\/\/rioonwatch.org.br\/?author=129"}]}},"_links":{"self":[{"href":"https:\/\/rioonwatch.org.br\/index.php?rest_route=\/wp\/v2\/posts\/27961"}],"collection":[{"href":"https:\/\/rioonwatch.org.br\/index.php?rest_route=\/wp\/v2\/posts"}],"about":[{"href":"https:\/\/rioonwatch.org.br\/index.php?rest_route=\/wp\/v2\/types\/post"}],"author":[{"embeddable":true,"href":"https:\/\/rioonwatch.org.br\/index.php?rest_route=\/wp\/v2\/users\/129"}],"replies":[{"embeddable":true,"href":"https:\/\/rioonwatch.org.br\/index.php?rest_route=%2Fwp%2Fv2%2Fcomments&post=27961"}],"version-history":[{"count":16,"href":"https:\/\/rioonwatch.org.br\/index.php?rest_route=\/wp\/v2\/posts\/27961\/revisions"}],"predecessor-version":[{"id":28257,"href":"https:\/\/rioonwatch.org.br\/index.php?rest_route=\/wp\/v2\/posts\/27961\/revisions\/28257"}],"wp:featuredmedia":[{"embeddable":true,"href":"https:\/\/rioonwatch.org.br\/index.php?rest_route=\/wp\/v2\/media\/27963"}],"wp:attachment":[{"href":"https:\/\/rioonwatch.org.br\/index.php?rest_route=%2Fwp%2Fv2%2Fmedia&parent=27961"}],"wp:term":[{"taxonomy":"category","embeddable":true,"href":"https:\/\/rioonwatch.org.br\/index.php?rest_route=%2Fwp%2Fv2%2Fcategories&post=27961"},{"taxonomy":"post_tag","embeddable":true,"href":"https:\/\/rioonwatch.org.br\/index.php?rest_route=%2Fwp%2Fv2%2Ftags&post=27961"},{"taxonomy":"writer","embeddable":true,"href":"https:\/\/rioonwatch.org.br\/index.php?rest_route=%2Fwp%2Fv2%2Fwriter&post=27961"},{"taxonomy":"translator","embeddable":true,"href":"https:\/\/rioonwatch.org.br\/index.php?rest_route=%2Fwp%2Fv2%2Ftranslator&post=27961"},{"taxonomy":"source","embeddable":true,"href":"https:\/\/rioonwatch.org.br\/index.php?rest_route=%2Fwp%2Fv2%2Fsource&post=27961"},{"taxonomy":"ilustrador","embeddable":true,"href":"https:\/\/rioonwatch.org.br\/index.php?rest_route=%2Fwp%2Fv2%2Filustrador&post=27961"},{"taxonomy":"fotografo","embeddable":true,"href":"https:\/\/rioonwatch.org.br\/index.php?rest_route=%2Fwp%2Fv2%2Ffotografo&post=27961"}],"curies":[{"name":"wp","href":"https:\/\/api.w.org\/{rel}","templated":true}]}}