{"id":28051,"date":"2017-09-07T13:29:59","date_gmt":"2017-09-07T16:29:59","guid":{"rendered":"http:\/\/rioonwatch.org.br\/?p=28051"},"modified":"2022-03-10T07:59:04","modified_gmt":"2022-03-10T10:59:04","slug":"puc-rio-e-camara-metropolitana-do-rio-de-janeiro-debatem-plano-estrategico-de-desenvolvimento-urbano-integrado-da-regiao-metropolitana-do-rio-de-janeiro","status":"publish","type":"post","link":"https:\/\/rioonwatch.org.br\/?p=28051","title":{"rendered":"PUC e C\u00e2mara Metropolitana Debatem Plano de Desenvolvimento Metropolitano"},"content":{"rendered":"<p style=\"text-align: right;\"><em><strong><a href=\"http:\/\/bit.ly\/2f3Jltc\" target=\"_blank\" rel=\"noopener noreferrer\">Click Here for Engish<img decoding=\"async\" width=\"20\" height=\"20\" class=\"alignright wp-image-15790\" src=\"http:\/\/rioonwatch.org.br\/wp-content\/uploads\/2012\/08\/EN-standard-e1439583104716.jpg\" alt=\"\" \/><\/a><\/strong><\/em><\/p>\n<p>Ap\u00f3s a <a href=\"http:\/\/bit.ly\/2wGICru\" target=\"_blank\" rel=\"noopener\">recente apresenta\u00e7\u00e3o do Plano de Desenvolvimento Urbano Integrado da Regi\u00e3o Metropolitana<\/a>, no audit\u00f3rio do Arquivo Geral da Cidade, no <a href=\"http:\/\/bit.ly\/1qX7nZG\" target=\"_blank\" rel=\"noopener\">Centro<\/a> do Rio, muitas organiza\u00e7\u00f5es da sociedade civil e do setor privado t\u00eam se unindo para elaborar cr\u00edticas e sugest\u00f5es mediante suas viv\u00eancias e contextos s\u00f3cio-espaciais.<\/p>\n<p>Visando colaborar e refletir sobre este processo, o Departamento de Arquitetura e Urbanismo da PUC-Rio e a C\u00e2mara Metropolitana do Rio realizaram, no dia 31 de agosto, uma <a href=\"http:\/\/bit.ly\/2eIyAzY\" target=\"_blank\" rel=\"noopener\">apresenta\u00e7\u00e3o e debate sobre o\u00a0Plano<\/a>\u00a0de Desenvolvimento Urbano Integrado da Regi\u00e3o Metropolitana do Rio de Janeiro (PDUI-RJ).<\/p>\n<p>O PDUI\u00a0\u00e9 uma iniciativa do Governo do Estado, por meio da C\u00e2mara Metropolitana. Como explicado na apresenta\u00e7\u00e3o <a href=\"http:\/\/bit.ly\/2wGLxz8\" target=\"_blank\" rel=\"noopener\">em seu site<\/a>, &#8220;O projeto pretende elaborar um conjunto de cen\u00e1rios, estrat\u00e9gias e instrumentos que orientem decis\u00f5es governamentais nos anos futuros e sejam refer\u00eancias para a sociedade fluminense&#8221;. O Plano\u00a0ainda est\u00e1 em processo de s\u00edntese e dever\u00e1 ser entregue no final de 2017 para ser submetido a aprova\u00e7\u00e3o da Assembleia Legislativa.<\/p>\n<p><img fetchpriority=\"high\" decoding=\"async\" class=\"aligncenter wp-image-28056 size-content\" title=\"Apresenta\u00e7\u00e3o de Vicente Loureiro - foto por Juliana Torres\" src=\"http:\/\/rioonwatch.org.br\/wp-content\/uploads\/2017\/09\/DSCN4038-620x264.jpg\" alt=\"\" width=\"620\" height=\"264\" srcset=\"https:\/\/rioonwatch.org.br\/wp-content\/uploads\/2017\/09\/DSCN4038-620x264.jpg 620w, https:\/\/rioonwatch.org.br\/wp-content\/uploads\/2017\/09\/DSCN4038-940x400.jpg 940w\" sizes=\"(max-width: 620px) 100vw, 620px\" \/><\/p>\n<p>O apresentador do evento foi Vicente Loureiro, arquiteto, urbanista e diretor executivo da C\u00e2mara Metropolitana do Rio de Janeiro, que deu destaque para estudos hist\u00f3ricos e casos de desenvolvimento urbano que apontam para os atuais desafios de <a href=\"http:\/\/bit.ly\/1WkJojx\" target=\"_blank\" rel=\"noopener\">mobilidade urbana<\/a> e <a href=\"http:\/\/bit.ly\/2gaxv3y\" target=\"_blank\" rel=\"noopener\">habita\u00e7\u00e3o<\/a>. Ele declarou que \u201co Plano de Desenvolvimento tem como um dos seus objetivos tra\u00e7ar estrat\u00e9gias para evitar a alta concentra\u00e7\u00e3o de atividades econ\u00f4micas em determinadas \u00e1reas da Regi\u00e3o Metropolitana&#8221;. Em seguida, descreveu a cidade como sendo uma metr\u00f3pole muito extensa com muitos trajetos a vencer encarecendo e criando alta depend\u00eancia de <a href=\"http:\/\/bit.ly\/1yzeVVK\" target=\"_blank\" rel=\"noopener\">transporte<\/a> por grandes modais. &#8220;O <a href=\"https:\/\/glo.bo\/2xb4wES\" target=\"_blank\" rel=\"noopener\">Rio concentra 75% dos empregos da regi\u00e3o<\/a>. N\u00e3o h\u00e1 sistema de transporte ou tecnologia que sustente este modelo. \u00c9 a <a href=\"http:\/\/bit.ly\/2w820KB\" target=\"_blank\" rel=\"noopener\">regi\u00e3o brasileira que registra o maior tempo di\u00e1rio em deslocamento<\/a>\u201d, disse ele. Vicente definiu a forma atual de espraiamento da cidade como insustent\u00e1vel.<\/p>\n<p>Em sua palestra ele exp\u00f4s que a centralidade da metr\u00f3pole concentra empregos e tamb\u00e9m <a href=\"http:\/\/bit.ly\/1bHWcLD\" target=\"_blank\" rel=\"noopener\">centraliza a riqueza cultural<\/a> e <a href=\"http:\/\/bit.ly\/1RiZS9W\" target=\"_blank\" rel=\"noopener\">ambiental<\/a>, polos de lazer e equipamentos p\u00fablicos. A car\u00eancia de estrutura\u00e7\u00e3o da Regi\u00e3o Metropolitana d\u00e1-se tamb\u00e9m pela demanda de servi\u00e7os n\u00e3o atendida. Vicente relatou que &#8220;85% das redes hospitalares est\u00e3o concentradas em \u00e1reas pr\u00f3ximas ao <a href=\"http:\/\/bit.ly\/1qX7nZG\" target=\"_blank\" rel=\"noopener\">Centro<\/a> do Rio&#8221;, e constatou que &#8220;\u00e9 preciso que estas redes tenham uma distribui\u00e7\u00e3o melhor para uma <a href=\"http:\/\/bit.ly\/1owRf9p\" target=\"_blank\" rel=\"noopener\">metr\u00f3pole mais justa e equ\u00e2nime<\/a>&#8220;. Vicente apresentou exemplos focais que podem se localizar preferencialmente em centralidades estrat\u00e9gicas, como o exemplo de universidades e hospitais de grande porte melhor distribu\u00eddos que poderiam contar com um setor de Trauma-Ortopedia para facilitar o deslocamento e poder tratar com mais efic\u00e1cia e rapidez os pacientes.<\/p>\n<p><a href=\"http:\/\/rioonwatch.org.br\/wp-content\/uploads\/2017\/09\/DSCN4040.jpg\"><img decoding=\"async\" class=\"aligncenter wp-image-28057 size-content\" title=\"Apresenta\u00e7\u00e3o de Vicente Loureiro - foto por Juliana Torres\" src=\"http:\/\/rioonwatch.org.br\/wp-content\/uploads\/2017\/09\/DSCN4040-620x264.jpg\" alt=\"\" width=\"620\" height=\"264\" srcset=\"https:\/\/rioonwatch.org.br\/wp-content\/uploads\/2017\/09\/DSCN4040-620x264.jpg 620w, https:\/\/rioonwatch.org.br\/wp-content\/uploads\/2017\/09\/DSCN4040-940x400.jpg 940w\" sizes=\"(max-width: 620px) 100vw, 620px\" \/><\/a><\/p>\n<p>Vicente tamb\u00e9m afirmou que cerca de 30% das \u00e1reas rurais da regi\u00e3o, que continham \u00e1reas verdes e livres ou para produ\u00e7\u00e3o agr\u00edcola, viraram loteamentos perif\u00e9ricos de conjuntura prec\u00e1ria gerando novas demandas de <a href=\"http:\/\/bit.ly\/1Vz7dGF\" target=\"_blank\" rel=\"noopener\">infraestrutura<\/a> p\u00fablica, e gerando maiores custos de servi\u00e7os b\u00e1sicos (como luz, g\u00e1s, \u00e1gua, e asfaltamento).<\/p>\n<p>Vicente apontou que os transportes de maior efici\u00eancia, como trem e metr\u00f4, s\u00e3o tamb\u00e9m os mais caros, e defendeu que \u00e9 necess\u00e1rio haver melhores conex\u00f5es entre os ramais de \u00f4nibus para atender a regi\u00e3o. &#8220;Se tiv\u00e9ssemos dinheiro&#8211;e n\u00e3o temos&#8211;conseguir\u00edamos acabar com a desconex\u00e3o instalando o metr\u00f4&#8221;, disse ele. Mas ressaltou que atualmente, a Linha 2 do metr\u00f4 vem perdendo passageiros por conta da crise econ\u00f4mica, e porque muitos benef\u00edcios, como o vale transporte, t\u00eam sido cortados. Como resultado, muitos passageiros t\u00eam optado por pegar \u00f4nibus e vans que t\u00eam menor custo.<\/p>\n<p>A <a href=\"http:\/\/bit.ly\/19BBUhf\" target=\"_blank\" rel=\"noopener\">Barra da Tijuca<\/a> foi apresentada como estudo de caso&#8211;implementada nos anos 1960 por L\u00facio Costa como uma nova centralidade, gerando emprego e habita\u00e7\u00e3o. Por\u00e9m ganhou uma forma peculiar, j\u00e1 que experimenta um contra senso, pois quem reside no bairro dificilmente trabalha no mesmo, e vice e versa. Considerando a quest\u00e3o centralidade e descentralidade, Vicente pontuou que &#8220;<a href=\"http:\/\/bit.ly\/1IAO1SP\" target=\"_blank\" rel=\"noopener\">Madureira<\/a> \u00e9 onde est\u00e1 a alma da nossa cidade, n\u00e3o apenas pelas escolas de samba e entretenimento que nasceram na regi\u00e3o, mas tamb\u00e9m pelo nosso sotaque, nosso &#8216;S&#8217; puxado [que] veio de l\u00e1&#8221;.<\/p>\n<p>O corpo docente do departamento de Arquitetura e Urbanismo da PUC-Rio estava presente e participou do debate, elaborando quest\u00f5es e sugerindo mudan\u00e7as no planejamento. Os professores Lu\u00eds Madeira e Pedro Lob\u00e3o sugeriram que <a href=\"http:\/\/bit.ly\/2eOOYis\" target=\"_blank\" rel=\"noopener\">fomentar as paisagens e \u00e1reas verdes<\/a> das regi\u00f5es perif\u00e9ricas geraria atratividade, e seria uma alternativa para a descentraliza\u00e7\u00e3o, visto que os maiores parques (<a href=\"http:\/\/bit.ly\/1CGbQBS\" target=\"_blank\" rel=\"noopener\">Parque Nacional da Tijuca<\/a>,\u00a0<a href=\"http:\/\/bit.ly\/1UfSVGa\" target=\"_blank\" rel=\"noopener\">Jardim Bot\u00e2nico<\/a>, Quinta da Boa Vista, Bosque da Barra) est\u00e3o localizados tamb\u00e9m na regi\u00e3o privilegiada da metr\u00f3pole, com pequenas exce\u00e7\u00f5es como o Parque Madureira.<\/p>\n<p><a href=\"http:\/\/rioonwatch.org.br\/wp-content\/uploads\/2017\/09\/DSCN4047.jpg\"><img loading=\"lazy\" decoding=\"async\" class=\"aligncenter wp-image-28055 size-content\" title=\"Vicente Loureiro e corpo docente PUC-Rio - foto por Juliana Torres\" src=\"http:\/\/rioonwatch.org.br\/wp-content\/uploads\/2017\/09\/DSCN4047-620x264.jpg\" alt=\"\" width=\"620\" height=\"264\" srcset=\"https:\/\/rioonwatch.org.br\/wp-content\/uploads\/2017\/09\/DSCN4047-620x264.jpg 620w, https:\/\/rioonwatch.org.br\/wp-content\/uploads\/2017\/09\/DSCN4047-940x400.jpg 940w\" sizes=\"(max-width: 620px) 100vw, 620px\" \/><\/a><\/p>\n<p>Vicente seguiu apresentando estudos de caso de planejamento urbano como <a href=\"http:\/\/bit.ly\/1xgiXjq\" target=\"_blank\" rel=\"noopener\">Nova Igua\u00e7u<\/a> e <a href=\"http:\/\/bit.ly\/1xSlxft\" target=\"_blank\" rel=\"noopener\">Duque de Caxias<\/a>, dois importantes polos econ\u00f4micos pr\u00f3ximos em espacialidade mas segregados pela mobilidade urbana. O passageiro que deseja <a href=\"http:\/\/bit.ly\/2vteVrJ\" target=\"_blank\" rel=\"noopener\">transitar de um local ao outro<\/a>, deve fazer baldea\u00e7\u00e3o no Rio de Janeiro, mostrando como o sistema \u00e9 pobre e est\u00e1 sendo revisado. &#8220;Os bairros <a href=\"http:\/\/bit.ly\/1OKB9XY\" target=\"_blank\" rel=\"noopener\">Leblon<\/a>\u00a0no Rio, e Austin em Nova Igua\u00e7u, foram criados no mesmo ano, contudo, est\u00e3o separados por s\u00e9culos em quest\u00f5es elementares como \u00e1gua e esgoto. Devemos buscar a universaliza\u00e7\u00e3o dos servi\u00e7os para remediar as diferen\u00e7as s\u00f3cio-espaciais&#8221;, ressaltou o arquiteto-urbanista. &#8220;O cart\u00e3o postal do Brasil \u00e9 o Rio de Janeiro. N\u00e3o podemos seguir apresentando agendas ambientais do s\u00e9culo XIX.&#8221;<\/p>\n<p>Vicente concluiu a apresenta\u00e7\u00e3o com projetos de investimento e oportunidades para bairros e regi\u00f5es perif\u00e9ricas da metr\u00f3pole visando hospedar a popula\u00e7\u00e3o. Ele declarou que o projeto <a href=\"http:\/\/bit.ly\/Y4U9oJ\" target=\"_blank\" rel=\"noopener\">Minha Casa Minha Vida<\/a>\u00a0carece <a href=\"http:\/\/bit.ly\/2dqkrAR\" target=\"_blank\" rel=\"noopener\">em qualidade do produto e projeto espacial<\/a>, mas ainda \u00e9 um importante alicerce para a popula\u00e7\u00e3o desabrigada ou em situa\u00e7\u00e3o de risco.<\/p>\n<p>Algumas das metas do Plano de Desenvolvimento&#8211;como condi\u00e7\u00f5es de habita\u00e7\u00e3o e gera\u00e7\u00e3o de renda&#8211;tamb\u00e9m foram debatidas. No final de sua apresenta\u00e7\u00e3o Vicente ressaltou a import\u00e2ncia de estabelecer contato permanente para avaliar a efici\u00eancia dos programas do PDUI implementados ao longo da sua gest\u00e3o.<\/p>\n<!-- AddThis Advanced Settings generic via filter on the_content --><!-- AddThis Share Buttons generic via filter on the_content -->","protected":false},"excerpt":{"rendered":"<div class=\"mh-excerpt\"><p>Click Here for Engish Ap\u00f3s a recente apresenta\u00e7\u00e3o do Plano de Desenvolvimento Urbano Integrado da Regi\u00e3o Metropolitana, no audit\u00f3rio do Arquivo Geral da Cidade, no Centro do Rio, muitas organiza\u00e7\u00f5es da sociedade civil e do <a class=\"mh-excerpt-more\" href=\"https:\/\/rioonwatch.org.br\/?p=28051\" title=\"PUC e C\u00e2mara Metropolitana Debatem Plano de Desenvolvimento Metropolitano\">[&#8230;]<\/a><!-- AddThis Advanced Settings generic via filter on get_the_excerpt --><!-- AddThis Share Buttons generic via filter on get_the_excerpt --><\/p>\n<\/div>","protected":false},"author":185,"featured_media":28078,"comment_status":"closed","ping_status":"closed","sticky":false,"template":"","format":"standard","meta":{"_acf_changed":false,"_monsterinsights_skip_tracking":false,"_monsterinsights_sitenote_active":false,"_monsterinsights_sitenote_note":"","_monsterinsights_sitenote_category":0,"footnotes":""},"categories":[1618,1857,1627,344,1726],"tags":[412,959,274,2205,259,1220,413,1091,811,1147,1660,638,1717,616,246,560,961,2204,812,1545,578,370,218,184,383],"writer":[2128],"translator":[],"source":[],"ilustrador":[],"fotografo":[],"class_list":{"0":"post-28051","1":"post","2":"type-post","3":"status-publish","4":"format-standard","5":"has-post-thumbnail","7":"category-olhonaparticipacao","8":"category-olhonaurbanizacao","9":"category-relato-de-evento","10":"category-politicas","11":"category-transporte","12":"tag-arborizacao","13":"tag-baixada-fluminense","14":"tag-barra-da-tijuca","15":"tag-camara-metropolitana","16":"tag-centro","17":"tag-deficit-habitacional","18":"tag-desigualdade","19":"tag-duque-de-caxias","20":"tag-espaco-publico","21":"tag-espacos-verdes","22":"tag-estado-do-rio","23":"tag-governo-do-estado","24":"tag-madureira","25":"tag-metro","26":"tag-minha-casa-minha-vida","27":"tag-mobilidade","28":"tag-nova-iguacu","29":"tag-pdui","30":"tag-planejamento-urbano","31":"tag-puc","32":"tag-trabalho-e-renda","33":"tag-transporte-publico","34":"tag-zona-norte","35":"tag-zona-oeste","36":"tag-zona-sul","37":"writer-juliana-torres"},"acf":[],"yoast_head":"<!-- This site is optimized with the Yoast SEO plugin v25.6 - https:\/\/yoast.com\/wordpress\/plugins\/seo\/ -->\n<title>PUC e C\u00e2mara Metropolitana Debatem Plano de Desenvolvimento Metropolitano - RioOnWatch<\/title>\n<meta name=\"robots\" content=\"index, follow, max-snippet:-1, max-image-preview:large, max-video-preview:-1\" \/>\n<link rel=\"canonical\" href=\"https:\/\/rioonwatch.org.br\/?p=28051\" \/>\n<meta property=\"og:locale\" content=\"pt_BR\" \/>\n<meta property=\"og:type\" content=\"article\" \/>\n<meta property=\"og:title\" content=\"PUC e C\u00e2mara Metropolitana Debatem Plano de Desenvolvimento Metropolitano - RioOnWatch\" \/>\n<meta property=\"og:description\" content=\"Click Here for Engish Ap\u00f3s a recente apresenta\u00e7\u00e3o do Plano de Desenvolvimento Urbano Integrado da Regi\u00e3o Metropolitana, no audit\u00f3rio do Arquivo Geral da Cidade, no Centro do Rio, muitas organiza\u00e7\u00f5es da sociedade civil e do [...]\" \/>\n<meta property=\"og:url\" content=\"https:\/\/rioonwatch.org.br\/?p=28051\" \/>\n<meta property=\"og:site_name\" content=\"RioOnWatch\" \/>\n<meta property=\"article:published_time\" content=\"2017-09-07T16:29:59+00:00\" \/>\n<meta property=\"article:modified_time\" content=\"2022-03-10T10:59:04+00:00\" \/>\n<meta property=\"og:image\" content=\"https:\/\/rioonwatch.org.br\/wp-content\/uploads\/2017\/09\/o-plano.jpg\" \/>\n\t<meta property=\"og:image:width\" content=\"855\" \/>\n\t<meta property=\"og:image:height\" content=\"296\" \/>\n\t<meta property=\"og:image:type\" content=\"image\/jpeg\" \/>\n<meta name=\"author\" content=\"Ex Intern\" \/>\n<meta name=\"twitter:card\" content=\"summary_large_image\" \/>\n<meta name=\"twitter:label1\" content=\"Escrito por\" \/>\n\t<meta name=\"twitter:data1\" content=\"Ex Intern\" \/>\n\t<meta name=\"twitter:label2\" content=\"Est. tempo de leitura\" \/>\n\t<meta name=\"twitter:data2\" content=\"5 minutos\" \/>\n<script type=\"application\/ld+json\" class=\"yoast-schema-graph\">{\"@context\":\"https:\/\/schema.org\",\"@graph\":[{\"@type\":\"Article\",\"@id\":\"https:\/\/rioonwatch.org.br\/?p=28051#article\",\"isPartOf\":{\"@id\":\"https:\/\/rioonwatch.org.br\/?p=28051\"},\"author\":{\"name\":\"Ex Intern\",\"@id\":\"https:\/\/rioonwatch.org.br\/#\/schema\/person\/d9d9b44e2e2b3c7ece6b2117097ced03\"},\"headline\":\"PUC e C\u00e2mara Metropolitana Debatem Plano de Desenvolvimento Metropolitano\",\"datePublished\":\"2017-09-07T16:29:59+00:00\",\"dateModified\":\"2022-03-10T10:59:04+00:00\",\"mainEntityOfPage\":{\"@id\":\"https:\/\/rioonwatch.org.br\/?p=28051\"},\"wordCount\":1077,\"publisher\":{\"@id\":\"https:\/\/rioonwatch.org.br\/#organization\"},\"image\":{\"@id\":\"https:\/\/rioonwatch.org.br\/?p=28051#primaryimage\"},\"thumbnailUrl\":\"https:\/\/rioonwatch.org.br\/wp-content\/uploads\/2017\/09\/o-plano.jpg\",\"keywords\":[\"arboriza\u00e7\u00e3o\",\"Baixada Fluminense\",\"Barra da Tijuca\",\"C\u00e2mara Metropolitana\",\"Centro\",\"d\u00e9ficit habitacional\",\"desigualdade\",\"Duque de Caxias\",\"espa\u00e7o p\u00fablico\",\"espa\u00e7os verdes\",\"Estado do Rio\",\"Governo do Estado\",\"Madureira\",\"metr\u00f4\",\"Minha Casa Minha Vida\",\"mobilidade\",\"Nova Igua\u00e7u\",\"PDUI\",\"planejamento urbano\",\"PUC\",\"Trabalho e renda\",\"transporte p\u00fablico\",\"Zona Norte\",\"Zona Oeste\",\"Zona Sul\"],\"articleSection\":[\"#OlhoNaParticipa\u00e7\u00e3o\",\"#OlhoNaUrbaniza\u00e7\u00e3o\",\"Cobertura de Eventos\",\"Pol\u00edticas\",\"Transporte\"],\"inLanguage\":\"pt-BR\"},{\"@type\":\"WebPage\",\"@id\":\"https:\/\/rioonwatch.org.br\/?p=28051\",\"url\":\"https:\/\/rioonwatch.org.br\/?p=28051\",\"name\":\"PUC e C\u00e2mara Metropolitana Debatem Plano de Desenvolvimento Metropolitano - RioOnWatch\",\"isPartOf\":{\"@id\":\"https:\/\/rioonwatch.org.br\/#website\"},\"primaryImageOfPage\":{\"@id\":\"https:\/\/rioonwatch.org.br\/?p=28051#primaryimage\"},\"image\":{\"@id\":\"https:\/\/rioonwatch.org.br\/?p=28051#primaryimage\"},\"thumbnailUrl\":\"https:\/\/rioonwatch.org.br\/wp-content\/uploads\/2017\/09\/o-plano.jpg\",\"datePublished\":\"2017-09-07T16:29:59+00:00\",\"dateModified\":\"2022-03-10T10:59:04+00:00\",\"breadcrumb\":{\"@id\":\"https:\/\/rioonwatch.org.br\/?p=28051#breadcrumb\"},\"inLanguage\":\"pt-BR\",\"potentialAction\":[{\"@type\":\"ReadAction\",\"target\":[\"https:\/\/rioonwatch.org.br\/?p=28051\"]}]},{\"@type\":\"ImageObject\",\"inLanguage\":\"pt-BR\",\"@id\":\"https:\/\/rioonwatch.org.br\/?p=28051#primaryimage\",\"url\":\"https:\/\/rioonwatch.org.br\/wp-content\/uploads\/2017\/09\/o-plano.jpg\",\"contentUrl\":\"https:\/\/rioonwatch.org.br\/wp-content\/uploads\/2017\/09\/o-plano.jpg\",\"width\":855,\"height\":296},{\"@type\":\"BreadcrumbList\",\"@id\":\"https:\/\/rioonwatch.org.br\/?p=28051#breadcrumb\",\"itemListElement\":[{\"@type\":\"ListItem\",\"position\":1,\"name\":\"In\u00edcio\",\"item\":\"https:\/\/rioonwatch.org.br\/\"},{\"@type\":\"ListItem\",\"position\":2,\"name\":\"PUC e C\u00e2mara Metropolitana Debatem Plano de Desenvolvimento Metropolitano\"}]},{\"@type\":\"WebSite\",\"@id\":\"https:\/\/rioonwatch.org.br\/#website\",\"url\":\"https:\/\/rioonwatch.org.br\/\",\"name\":\"RioOnWatch\",\"description\":\"relatos das favelas cariocas\",\"publisher\":{\"@id\":\"https:\/\/rioonwatch.org.br\/#organization\"},\"potentialAction\":[{\"@type\":\"SearchAction\",\"target\":{\"@type\":\"EntryPoint\",\"urlTemplate\":\"https:\/\/rioonwatch.org.br\/?s={search_term_string}\"},\"query-input\":{\"@type\":\"PropertyValueSpecification\",\"valueRequired\":true,\"valueName\":\"search_term_string\"}}],\"inLanguage\":\"pt-BR\"},{\"@type\":\"Organization\",\"@id\":\"https:\/\/rioonwatch.org.br\/#organization\",\"name\":\"RioOnWatch\",\"url\":\"https:\/\/rioonwatch.org.br\/\",\"logo\":{\"@type\":\"ImageObject\",\"inLanguage\":\"pt-BR\",\"@id\":\"https:\/\/rioonwatch.org.br\/#\/schema\/logo\/image\/\",\"url\":\"https:\/\/rioonwatch.org.br\/wp-content\/uploads\/2021\/06\/RioOnWatchcabecalhoPT11anos-2.png\",\"contentUrl\":\"https:\/\/rioonwatch.org.br\/wp-content\/uploads\/2021\/06\/RioOnWatchcabecalhoPT11anos-2.png\",\"width\":779,\"height\":277,\"caption\":\"RioOnWatch\"},\"image\":{\"@id\":\"https:\/\/rioonwatch.org.br\/#\/schema\/logo\/image\/\"}},{\"@type\":\"Person\",\"@id\":\"https:\/\/rioonwatch.org.br\/#\/schema\/person\/d9d9b44e2e2b3c7ece6b2117097ced03\",\"name\":\"Ex Intern\",\"image\":{\"@type\":\"ImageObject\",\"inLanguage\":\"pt-BR\",\"@id\":\"https:\/\/rioonwatch.org.br\/#\/schema\/person\/image\/\",\"url\":\"https:\/\/secure.gravatar.com\/avatar\/7bfc488c898c6fb478cd556f856fbbe0?s=96&d=blank&r=g\",\"contentUrl\":\"https:\/\/secure.gravatar.com\/avatar\/7bfc488c898c6fb478cd556f856fbbe0?s=96&d=blank&r=g\",\"caption\":\"Ex Intern\"},\"url\":\"https:\/\/rioonwatch.org.br\/?author=185\"}]}<\/script>\n<!-- \/ Yoast SEO plugin. -->","yoast_head_json":{"title":"PUC e C\u00e2mara Metropolitana Debatem Plano de Desenvolvimento Metropolitano - RioOnWatch","robots":{"index":"index","follow":"follow","max-snippet":"max-snippet:-1","max-image-preview":"max-image-preview:large","max-video-preview":"max-video-preview:-1"},"canonical":"https:\/\/rioonwatch.org.br\/?p=28051","og_locale":"pt_BR","og_type":"article","og_title":"PUC e C\u00e2mara Metropolitana Debatem Plano de Desenvolvimento Metropolitano - RioOnWatch","og_description":"Click Here for Engish Ap\u00f3s a recente apresenta\u00e7\u00e3o do Plano de Desenvolvimento Urbano Integrado da Regi\u00e3o Metropolitana, no audit\u00f3rio do Arquivo Geral da Cidade, no Centro do Rio, muitas organiza\u00e7\u00f5es da sociedade civil e do [...]","og_url":"https:\/\/rioonwatch.org.br\/?p=28051","og_site_name":"RioOnWatch","article_published_time":"2017-09-07T16:29:59+00:00","article_modified_time":"2022-03-10T10:59:04+00:00","og_image":[{"width":855,"height":296,"url":"https:\/\/rioonwatch.org.br\/wp-content\/uploads\/2017\/09\/o-plano.jpg","type":"image\/jpeg"}],"author":"Ex Intern","twitter_card":"summary_large_image","twitter_misc":{"Escrito por":"Ex Intern","Est. tempo de leitura":"5 minutos"},"schema":{"@context":"https:\/\/schema.org","@graph":[{"@type":"Article","@id":"https:\/\/rioonwatch.org.br\/?p=28051#article","isPartOf":{"@id":"https:\/\/rioonwatch.org.br\/?p=28051"},"author":{"name":"Ex Intern","@id":"https:\/\/rioonwatch.org.br\/#\/schema\/person\/d9d9b44e2e2b3c7ece6b2117097ced03"},"headline":"PUC e C\u00e2mara Metropolitana Debatem Plano de Desenvolvimento Metropolitano","datePublished":"2017-09-07T16:29:59+00:00","dateModified":"2022-03-10T10:59:04+00:00","mainEntityOfPage":{"@id":"https:\/\/rioonwatch.org.br\/?p=28051"},"wordCount":1077,"publisher":{"@id":"https:\/\/rioonwatch.org.br\/#organization"},"image":{"@id":"https:\/\/rioonwatch.org.br\/?p=28051#primaryimage"},"thumbnailUrl":"https:\/\/rioonwatch.org.br\/wp-content\/uploads\/2017\/09\/o-plano.jpg","keywords":["arboriza\u00e7\u00e3o","Baixada Fluminense","Barra da Tijuca","C\u00e2mara Metropolitana","Centro","d\u00e9ficit habitacional","desigualdade","Duque de Caxias","espa\u00e7o p\u00fablico","espa\u00e7os verdes","Estado do Rio","Governo do Estado","Madureira","metr\u00f4","Minha Casa Minha Vida","mobilidade","Nova Igua\u00e7u","PDUI","planejamento urbano","PUC","Trabalho e renda","transporte p\u00fablico","Zona Norte","Zona Oeste","Zona Sul"],"articleSection":["#OlhoNaParticipa\u00e7\u00e3o","#OlhoNaUrbaniza\u00e7\u00e3o","Cobertura de Eventos","Pol\u00edticas","Transporte"],"inLanguage":"pt-BR"},{"@type":"WebPage","@id":"https:\/\/rioonwatch.org.br\/?p=28051","url":"https:\/\/rioonwatch.org.br\/?p=28051","name":"PUC e C\u00e2mara Metropolitana Debatem Plano de Desenvolvimento Metropolitano - RioOnWatch","isPartOf":{"@id":"https:\/\/rioonwatch.org.br\/#website"},"primaryImageOfPage":{"@id":"https:\/\/rioonwatch.org.br\/?p=28051#primaryimage"},"image":{"@id":"https:\/\/rioonwatch.org.br\/?p=28051#primaryimage"},"thumbnailUrl":"https:\/\/rioonwatch.org.br\/wp-content\/uploads\/2017\/09\/o-plano.jpg","datePublished":"2017-09-07T16:29:59+00:00","dateModified":"2022-03-10T10:59:04+00:00","breadcrumb":{"@id":"https:\/\/rioonwatch.org.br\/?p=28051#breadcrumb"},"inLanguage":"pt-BR","potentialAction":[{"@type":"ReadAction","target":["https:\/\/rioonwatch.org.br\/?p=28051"]}]},{"@type":"ImageObject","inLanguage":"pt-BR","@id":"https:\/\/rioonwatch.org.br\/?p=28051#primaryimage","url":"https:\/\/rioonwatch.org.br\/wp-content\/uploads\/2017\/09\/o-plano.jpg","contentUrl":"https:\/\/rioonwatch.org.br\/wp-content\/uploads\/2017\/09\/o-plano.jpg","width":855,"height":296},{"@type":"BreadcrumbList","@id":"https:\/\/rioonwatch.org.br\/?p=28051#breadcrumb","itemListElement":[{"@type":"ListItem","position":1,"name":"In\u00edcio","item":"https:\/\/rioonwatch.org.br\/"},{"@type":"ListItem","position":2,"name":"PUC e C\u00e2mara Metropolitana Debatem Plano de Desenvolvimento Metropolitano"}]},{"@type":"WebSite","@id":"https:\/\/rioonwatch.org.br\/#website","url":"https:\/\/rioonwatch.org.br\/","name":"RioOnWatch","description":"relatos das favelas cariocas","publisher":{"@id":"https:\/\/rioonwatch.org.br\/#organization"},"potentialAction":[{"@type":"SearchAction","target":{"@type":"EntryPoint","urlTemplate":"https:\/\/rioonwatch.org.br\/?s={search_term_string}"},"query-input":{"@type":"PropertyValueSpecification","valueRequired":true,"valueName":"search_term_string"}}],"inLanguage":"pt-BR"},{"@type":"Organization","@id":"https:\/\/rioonwatch.org.br\/#organization","name":"RioOnWatch","url":"https:\/\/rioonwatch.org.br\/","logo":{"@type":"ImageObject","inLanguage":"pt-BR","@id":"https:\/\/rioonwatch.org.br\/#\/schema\/logo\/image\/","url":"https:\/\/rioonwatch.org.br\/wp-content\/uploads\/2021\/06\/RioOnWatchcabecalhoPT11anos-2.png","contentUrl":"https:\/\/rioonwatch.org.br\/wp-content\/uploads\/2021\/06\/RioOnWatchcabecalhoPT11anos-2.png","width":779,"height":277,"caption":"RioOnWatch"},"image":{"@id":"https:\/\/rioonwatch.org.br\/#\/schema\/logo\/image\/"}},{"@type":"Person","@id":"https:\/\/rioonwatch.org.br\/#\/schema\/person\/d9d9b44e2e2b3c7ece6b2117097ced03","name":"Ex Intern","image":{"@type":"ImageObject","inLanguage":"pt-BR","@id":"https:\/\/rioonwatch.org.br\/#\/schema\/person\/image\/","url":"https:\/\/secure.gravatar.com\/avatar\/7bfc488c898c6fb478cd556f856fbbe0?s=96&d=blank&r=g","contentUrl":"https:\/\/secure.gravatar.com\/avatar\/7bfc488c898c6fb478cd556f856fbbe0?s=96&d=blank&r=g","caption":"Ex Intern"},"url":"https:\/\/rioonwatch.org.br\/?author=185"}]}},"_links":{"self":[{"href":"https:\/\/rioonwatch.org.br\/index.php?rest_route=\/wp\/v2\/posts\/28051"}],"collection":[{"href":"https:\/\/rioonwatch.org.br\/index.php?rest_route=\/wp\/v2\/posts"}],"about":[{"href":"https:\/\/rioonwatch.org.br\/index.php?rest_route=\/wp\/v2\/types\/post"}],"author":[{"embeddable":true,"href":"https:\/\/rioonwatch.org.br\/index.php?rest_route=\/wp\/v2\/users\/185"}],"replies":[{"embeddable":true,"href":"https:\/\/rioonwatch.org.br\/index.php?rest_route=%2Fwp%2Fv2%2Fcomments&post=28051"}],"version-history":[{"count":36,"href":"https:\/\/rioonwatch.org.br\/index.php?rest_route=\/wp\/v2\/posts\/28051\/revisions"}],"predecessor-version":[{"id":28312,"href":"https:\/\/rioonwatch.org.br\/index.php?rest_route=\/wp\/v2\/posts\/28051\/revisions\/28312"}],"wp:featuredmedia":[{"embeddable":true,"href":"https:\/\/rioonwatch.org.br\/index.php?rest_route=\/wp\/v2\/media\/28078"}],"wp:attachment":[{"href":"https:\/\/rioonwatch.org.br\/index.php?rest_route=%2Fwp%2Fv2%2Fmedia&parent=28051"}],"wp:term":[{"taxonomy":"category","embeddable":true,"href":"https:\/\/rioonwatch.org.br\/index.php?rest_route=%2Fwp%2Fv2%2Fcategories&post=28051"},{"taxonomy":"post_tag","embeddable":true,"href":"https:\/\/rioonwatch.org.br\/index.php?rest_route=%2Fwp%2Fv2%2Ftags&post=28051"},{"taxonomy":"writer","embeddable":true,"href":"https:\/\/rioonwatch.org.br\/index.php?rest_route=%2Fwp%2Fv2%2Fwriter&post=28051"},{"taxonomy":"translator","embeddable":true,"href":"https:\/\/rioonwatch.org.br\/index.php?rest_route=%2Fwp%2Fv2%2Ftranslator&post=28051"},{"taxonomy":"source","embeddable":true,"href":"https:\/\/rioonwatch.org.br\/index.php?rest_route=%2Fwp%2Fv2%2Fsource&post=28051"},{"taxonomy":"ilustrador","embeddable":true,"href":"https:\/\/rioonwatch.org.br\/index.php?rest_route=%2Fwp%2Fv2%2Filustrador&post=28051"},{"taxonomy":"fotografo","embeddable":true,"href":"https:\/\/rioonwatch.org.br\/index.php?rest_route=%2Fwp%2Fv2%2Ffotografo&post=28051"}],"curies":[{"name":"wp","href":"https:\/\/api.w.org\/{rel}","templated":true}]}}