{"id":28124,"date":"2017-09-11T09:26:56","date_gmt":"2017-09-11T12:26:56","guid":{"rendered":"http:\/\/rioonwatch.org.br\/?p=28124"},"modified":"2024-05-24T12:40:34","modified_gmt":"2024-05-24T15:40:34","slug":"campanha-liberte-nosso-sagrado-pede-a-liberacao-de-objetos-sagrados-afro-brasileiros","status":"publish","type":"post","link":"https:\/\/rioonwatch.org.br\/?p=28124","title":{"rendered":"Campanha \u2018Liberte Nosso Sagrado\u2019 Pede a Libera\u00e7\u00e3o de Objetos Sagrados Afro-Brasileiros"},"content":{"rendered":"<p style=\"text-align: right;\"><em><strong><a href=\"http:\/\/bit.ly\/2wHfHSA\" target=\"_blank\" rel=\"noopener noreferrer\">Click Here for English<img decoding=\"async\" width=\"20\" height=\"20\" class=\"alignright wp-image-15790\" src=\"http:\/\/rioonwatch.org.br\/wp-content\/uploads\/2012\/08\/EN-standard-e1439583104716.jpg\" alt=\"\" \/><\/a><\/strong><\/em><\/p>\n<p><span style=\"font-weight: 400;\">Muitos dos crimes que levaram <\/span><span style=\"font-weight: 400;\">Maria do Nascimento<\/span><span style=\"font-weight: 400;\"> a uma sala de reuni\u00e3o no sexto andar do Minist\u00e9rio P\u00fablico Federal do Rio de Janeiro, em agosto, aconteceram h\u00e1 mais de cem anos. Maria, de 80 anos, \u00e9 tamb\u00e9m conhecida como <a href=\"http:\/\/bit.ly\/2wP56UD\" target=\"_blank\" rel=\"noopener\">M\u00e3e Meninazinha d\u00b4Oxum<\/a>. Ela \u00e9 uma das Iyalorix\u00e1s de <a href=\"http:\/\/bit.ly\/1O3659r\" target=\"_blank\" rel=\"noopener\">Candombl\u00e9<\/a> mais conhecidas e respeitadas do Rio.<\/span><\/p>\n<p><span style=\"font-weight: 400;\">Maria esteve no Minist\u00e9rio P\u00fablico Federal para lutar pela restitui\u00e7\u00e3o de objetos sagrados tirados de seus antepassados durante a Primeira Rep\u00fablica (1889-1930) e a Era Vargas (1930-1945).<\/span><\/p>\n<p><span style=\"font-weight: 400;\">Embora o Brasil tenha sido declarado um pa\u00eds laico em 1891, o C\u00f3digo Penal de 1890 ainda proibia a pr\u00e1tica da cultura e religiosidade afro-brasileira, rebaixando cren\u00e7as afro-brasileiras a xamanismo e magia negra.<\/span> <span style=\"font-weight: 400;\">Viola\u00e7\u00f5es da lei eram punidas com <a href=\"https:\/\/glo.bo\/2w3y72H\" target=\"_blank\" rel=\"noopener\">pena de pris\u00e3o de at\u00e9 seis meses e multa de at\u00e9 500 mil r\u00e9is<\/a>. A pol\u00edcia perseguia praticantes de religi\u00f5es como a <a href=\"http:\/\/bit.ly\/2vU1yEI\" target=\"_blank\" rel=\"noopener\">Umbanda<\/a> e o Candombl\u00e9. Invadia centenas de centros espirituais, prendendo l\u00edderes religiosos, e confiscava seus objetos sagrados como prova. A lei discriminat\u00f3ria foi alterada com o novo C\u00f3digo Penal de 1940, mas era aplicada na pr\u00e1tica at\u00e9 1960.<\/span><\/p>\n<p><span style=\"font-weight: 400;\">At\u00e9 os dias de hoje, mais de 200 desses objetos&#8211;incluindo imagens, instrumentos musicais, oferendas, velas e vestimentas&#8211;s\u00e3o mantidos em caixas e armazenados nos arquivos da Pol\u00edcia Civil do Estado do Rio de Janeiro.<\/span><\/p>\n<p><span style=\"font-weight: 400;\">H\u00e1 muitos anos, Maria do Nascimento vem lutando para tir\u00e1-los de l\u00e1. Junto a outros l\u00edderes de diferentes religi\u00f5es, pesquisadores, <a href=\"http:\/\/bit.ly\/2uicpUJ\" target=\"_blank\" rel=\"noopener\">ativistas do movimento negro<\/a> e organiza\u00e7\u00f5es da sociedade civil, ela come\u00e7ou esse ano uma campanha chamada \u201c<a href=\"http:\/\/bit.ly\/2fxQxBi\" target=\"_blank\" rel=\"noopener\">Liberte Nosso Sagrado<\/a>\u201d.<\/span><\/p>\n<p><span style=\"font-weight: 400;\">Ela explica: \u201c<\/span>Para n\u00f3s, n\u00e3o s\u00e3o pe\u00e7as arqueol\u00f3gicas. S\u00e3o pe\u00e7as sagradas de nossos ancestrais. Invadir o nosso sagrado, a parte mais \u00edntima de nossa vida, \u00e9 uma dos piores dores. Nosso sagrado est\u00e1 preso. N\u00f3s estamos presos&#8221;.<\/p>\n<p><a href=\"http:\/\/rioonwatch.org.br\/wp-content\/uploads\/2017\/09\/IMG_0169-e1504641872952.jpg\"><img fetchpriority=\"high\" decoding=\"async\" class=\"aligncenter wp-image-28142 size-content\" title=\"Ativistas se re\u00fanem com a Ordem dos Advogados no Minist\u00e9rio P\u00fablico Federal, em agosto.\" src=\"http:\/\/rioonwatch.org.br\/wp-content\/uploads\/2017\/09\/IMG_0169-e1504641872952-620x264.jpg\" alt=\"\" width=\"620\" height=\"264\" srcset=\"https:\/\/rioonwatch.org.br\/wp-content\/uploads\/2017\/09\/IMG_0169-e1504641872952-620x264.jpg 620w, https:\/\/rioonwatch.org.br\/wp-content\/uploads\/2017\/09\/IMG_0169-e1504641872952-940x400.jpg 940w\" sizes=\"(max-width: 620px) 100vw, 620px\" \/><\/a><\/p>\n<p>No Minist\u00e9rio P\u00fablico Federal, Maria e outros ativistas envolvidos com a campanha apresentaram o caso para a Comiss\u00e3o de Direitos Humanos da OAB\/RJ. Os advogados presentes, Ana Padilha de Oliveira e Renato de Freitas Machado, asseguraram seu apoio aos ativistas e prometeram fazer contato com a Pol\u00edcia Civil.<\/p>\n<p><span style=\"font-weight: 400;\">Por muitos anos, a atitude da Pol\u00edcia Civil em rela\u00e7\u00e3o ao tratamento dos objetos sagrados confiscados e seus donos tem sido desrespeitosa. At\u00e9 a d\u00e9cada de 1990 as pe\u00e7as estavam expostas ao p\u00fablico no <a href=\"http:\/\/bit.ly\/2vMelbj\" target=\"_blank\" rel=\"noopener\">Museu da Pol\u00edcia Civil<\/a>. A cole\u00e7\u00e3o era etiquetada pelo termo depreciativo \u201cMagia Negra\u201d, e os objetos colocados ao lado de armas de fogo, evid\u00eancias de cenas de crime e objetos nazistas.<\/span> <span style=\"font-weight: 400;\">Foram ent\u00e3o removidos da exposi\u00e7\u00e3o permanente e armazenados no arquivo, fechado \u00e0 visita\u00e7\u00e3o. O t\u00edtulo \u201cCole\u00e7\u00e3o Magia Negra\u201d permanece at\u00e9 hoje. Em 2010, o museu foi fechado para obras e n\u00e3o voltou a abrir as portas. Desde ent\u00e3o, o acesso aos objetos sagrados tornou-se praticamente imposs\u00edvel. N\u00e3o h\u00e1 nem ar-condicionado nem outra medida para conserva\u00e7\u00e3o dos objetos e ningu\u00e9m sabe em que estado se encontram.<\/span><\/p>\n<p><span style=\"font-weight: 400;\">O produtor de cinema independente da <a href=\"http:\/\/bit.ly\/2vptpKQ\" target=\"_blank\" rel=\"noopener\">Quiproc\u00f3 Filmes<\/a>, Fernando Sousa, est\u00e1 produzindo um document\u00e1rio sobre a campanha \u201cLiberte Nosso Sagrado\u201d. Ele destacou como a falta de acesso impede tanto a pesquisa cient\u00edfica quanto o ensino da religiosidade e cultura afro-brasileira nas escolas, ainda que o \u00faltimo seja obrigat\u00f3rio. \u201cPara a constru\u00e7\u00e3o da sociedade democr\u00e1tica, o acesso \u00e9 fundamental\u201d, ele disse durante a audi\u00eancia no Minist\u00e9rio P\u00fablico.<\/span><\/p>\n<p><span style=\"font-weight: 400;\">Fernando tamb\u00e9m se referiu ao <a href=\"http:\/\/bit.ly\/2vmPiIs\" target=\"_blank\" rel=\"noopener\">aumento dos n\u00edveis de intoler\u00e2ncia religiosa<\/a> no Brasil. De acordo com um <a href=\"http:\/\/bit.ly\/2hRt8LV\" target=\"_blank\" rel=\"noopener\">relat\u00f3rio das Na\u00e7\u00f5es Unidas<\/a> divulgado em janeiro de 2017, entre 2011 e 2015, o Rio de Janeiro teve mais registros de casos de discrimina\u00e7\u00e3o religiosa do que qualquer outro estado brasileiro. Religi\u00f5es afro-brasileiras foram os alvos mais comuns de discrimina\u00e7\u00e3o.<\/span><\/p>\n<p><span style=\"font-weight: 400;\"><a href=\"http:\/\/rioonwatch.org.br\/wp-content\/uploads\/2017\/09\/19956144_263448224140907_4107872305387888081_o.jpg\"><img decoding=\"async\" class=\"aligncenter wp-image-28146 size-content\" title=\"Ativista Heloisa Helena Costa Berto - Liberte Nosso Sagrado\" src=\"http:\/\/rioonwatch.org.br\/wp-content\/uploads\/2017\/09\/19956144_263448224140907_4107872305387888081_o-620x264.jpg\" alt=\"\" width=\"620\" height=\"264\" srcset=\"https:\/\/rioonwatch.org.br\/wp-content\/uploads\/2017\/09\/19956144_263448224140907_4107872305387888081_o-620x264.jpg 620w, https:\/\/rioonwatch.org.br\/wp-content\/uploads\/2017\/09\/19956144_263448224140907_4107872305387888081_o-940x400.jpg 940w\" sizes=\"(max-width: 620px) 100vw, 620px\" \/><\/a> <\/span><\/p>\n<p><span style=\"font-weight: 400;\"><a href=\"http:\/\/bit.ly\/1UOUNIr\" target=\"_blank\" rel=\"noopener\">Heloisa Helena Costa Berto<\/a>, que tamb\u00e9m atende pelo nome espiritual Luizinha de Nan\u00e3, acredita que uma das raz\u00f5es pelas quais a Pol\u00edcia Civil se recusa a devolver os objetos sagrados \u00e9 o simples fato de que perderia grande parte de seu acervo. Heloisa Helena foi v\u00edtima de intoler\u00e2ncia religiosa e de abuso por parte da prefeitura quando sua casa e seu centro esp\u00edrita na <a href=\"http:\/\/bit.ly\/Nfddvg\" target=\"_blank\" rel=\"noopener\">Vila Aut\u00f3dromo<\/a> foram <a href=\"http:\/\/bit.ly\/1WLtygo\" target=\"_blank\" rel=\"noopener\">demolidos para a constru\u00e7\u00e3o do Parque Ol\u00edmpico<\/a>. A igreja cat\u00f3lica da comunidade foi deixada intacta. Desde ent\u00e3o, ela tem lutado ativamente por direitos religiosos e de moradia, sendo a <a href=\"http:\/\/bit.ly\/2tFP1zU\" target=\"_blank\" rel=\"noopener\">luta contra o racismo religioso seu principal foco<\/a>.<\/span><\/p>\n<p><span style=\"font-weight: 400;\">Para Heloisa, o conflito sobre a restitui\u00e7\u00e3o dos objetos roubados vai muito al\u00e9m da religi\u00e3o:<\/span><\/p>\n<blockquote><p><span style=\"font-weight: 400;\">\u201c<\/span>[Isso] pode representar a quebra de um per\u00edodo, porque esse local da Pol\u00edcia Civil&#8211;aonde essas pe\u00e7as ficaram presas&#8211;era o local onde as pessoas eram torturadas na \u00e9poca da ditadura. A reten\u00e7\u00e3o das pe\u00e7as representa o racismo religioso, mas o racismo n\u00e3o era s\u00f3 em rela\u00e7\u00e3o \u00e0 religi\u00e3o, porque quando elas foram retiradas, eles condenavam todos os tipos de atividades relacionadas \u00e0 <a href=\"http:\/\/bit.ly\/1ruUDso\" target=\"_blank\" rel=\"noopener\">cultura negra<\/a>&#8211;a <a href=\"http:\/\/bit.ly\/1fCNKhk\" target=\"_blank\" rel=\"noopener\">capoeira<\/a>, o <a href=\"http:\/\/bit.ly\/1wD7WsD\" target=\"_blank\" rel=\"noopener\">samba<\/a> e tudo mais. Ent\u00e3o, quando eles continuam com essa filosofia de n\u00e3o liberar as pe\u00e7as, \u00e9 como se o racismo ainda persistisse.<\/p>\n<p>Ent\u00e3o a libera\u00e7\u00e3o destas pe\u00e7as representa quase um ato de liberdade, no qual a gente, ao menos, possa sair desta opress\u00e3o b\u00e1sica&#8211;que a tanto tempo a gente vive&#8211;pelo menos uma vez. Para que a gente possa ver, que este pa\u00eds est\u00e1 t\u00e3o cheio de atitudes racistas, de atitudes corruptas, mergulhado em problemas. Voc\u00ea nunca pode ver o amanh\u00e3. Se uma parte do povo conseguir a libera\u00e7\u00e3o, significa um ponto de alegria, de liberdade. \u00c9 um s\u00edmbolo forte.\u201d<\/p><\/blockquote>\n<p><span style=\"font-weight: 400;\">Os participantes da campanha j\u00e1 est\u00e3o planejando onde guardar os objetos depois que forem resgatados. O ideal seria ter um museu dedicado \u00e0 cultura negra. Roger Cip\u00f3, um fot\u00f3grafo, pesquisador e ativista candomblecista de S\u00e3o Paulo, prop\u00f4s <a href=\"http:\/\/bit.ly\/2vWbEEH\" target=\"_blank\" rel=\"noopener\">em seu blog que<\/a> \u201cda mesma maneira que as pe\u00e7as religiosas cat\u00f3licas est\u00e3o no Museu de Arte Sacra do Rio de Janeiro, objetos sagrados judaicos encontram-se no Museu Judaico do Rio, este acervo afro-religioso deve estar em um museu que exalte e respeite o valor religioso, hist\u00f3rico e art\u00edstico dessas pe\u00e7as\u201d.<\/span><\/p>\n<p><span style=\"font-weight: 400;\">Marcelo Chalr\u00e9o, presidente da OAB, apoia a ideia de transferir as pe\u00e7as para um museu p\u00fablico, onde possam ser restauradas e expostas de forma apropriada, apesar da\u00a0<a href=\"http:\/\/bit.ly\/2uvlwF5\" target=\"_blank\" rel=\"noopener\">sua preocupa\u00e7\u00e3o<\/a> de que o novo museu n\u00e3o seja criado no futuro pr\u00f3ximo. <\/span><\/p>\n<p><span style=\"font-weight: 400;\">Essa preocupa\u00e7\u00e3o \u00e9 a raz\u00e3o pela qual Heloisa Helena prop\u00f5e a <a href=\"http:\/\/bit.ly\/2uNp6Wl\" target=\"_blank\" rel=\"noopener\">se\u00e7\u00e3o Africana do Museu Nacional<\/a> como uma solu\u00e7\u00e3o provis\u00f3ria. Ela prop\u00f5e que seja estabelecido um sistema compartilhado de vigil\u00e2ncia da exposi\u00e7\u00e3o, a ser exercido por diferentes lideran\u00e7as religiosas. Para ela e seus companheiros de campanha, uma coisa \u00e9 certa: eles nunca mais deixar\u00e3o seus pertences sagrados sem vigil\u00e2ncia. <\/span><\/p>\n<!-- AddThis Advanced Settings generic via filter on the_content --><!-- AddThis Share Buttons generic via filter on the_content -->","protected":false},"excerpt":{"rendered":"<div class=\"mh-excerpt\"><p>Click Here for English Muitos dos crimes que levaram Maria do Nascimento a uma sala de reuni\u00e3o no sexto andar do Minist\u00e9rio P\u00fablico Federal do Rio de Janeiro, em agosto, aconteceram h\u00e1 mais de cem <a class=\"mh-excerpt-more\" href=\"https:\/\/rioonwatch.org.br\/?p=28124\" title=\"Campanha \u2018Liberte Nosso Sagrado\u2019 Pede a Libera\u00e7\u00e3o de Objetos Sagrados Afro-Brasileiros\">[&#8230;]<\/a><!-- AddThis Advanced Settings generic via filter on get_the_excerpt --><!-- AddThis Share Buttons generic via filter on get_the_excerpt --><\/p>\n<\/div>","protected":false},"author":129,"featured_media":28139,"comment_status":"closed","ping_status":"closed","sticky":false,"template":"","format":"standard","meta":{"_acf_changed":false,"_monsterinsights_skip_tracking":false,"_monsterinsights_sitenote_active":false,"_monsterinsights_sitenote_note":"","_monsterinsights_sitenote_category":0,"footnotes":""},"categories":[1621,1626,1612,342],"tags":[329,3253,1541,513,88,514,128,755,1151,1111,31,1297,125,432,2206],"writer":[1972],"translator":[2202],"source":[],"ilustrador":[],"fotografo":[],"class_list":{"0":"post-28124","1":"post","2":"type-post","3":"status-publish","4":"format-standard","5":"has-post-thumbnail","7":"category-destaque","8":"category-por-observadores-internacionais","9":"category-sociedade-civil","10":"category-solucoes","11":"tag-africa","12":"tag-antirracismo","13":"tag-candomble","14":"tag-cultura-afro-brasileira","15":"tag-direitos-humanos","16":"tag-escravidao","17":"tag-historia","18":"tag-lei","19":"tag-organizacao","20":"tag-museu","21":"tag-policia","22":"tag-preservacao-historica","23":"tag-religiao","24":"tag-resistencia","25":"tag-umbanda","26":"writer-lisa-hollenbach","27":"translator-clara-ferraz"},"acf":[],"yoast_head":"<!-- This site is optimized with the Yoast SEO plugin v25.6 - https:\/\/yoast.com\/wordpress\/plugins\/seo\/ -->\n<title>Campanha \u2018Liberte Nosso Sagrado\u2019 Pede a Libera\u00e7\u00e3o de Objetos Sagrados Afro-Brasileiros - RioOnWatch<\/title>\n<meta name=\"robots\" content=\"index, follow, max-snippet:-1, max-image-preview:large, max-video-preview:-1\" \/>\n<link rel=\"canonical\" href=\"https:\/\/rioonwatch.org.br\/?p=28124\" \/>\n<meta property=\"og:locale\" content=\"pt_BR\" \/>\n<meta property=\"og:type\" content=\"article\" \/>\n<meta property=\"og:title\" content=\"Campanha \u2018Liberte Nosso Sagrado\u2019 Pede a Libera\u00e7\u00e3o de Objetos Sagrados Afro-Brasileiros - RioOnWatch\" \/>\n<meta property=\"og:description\" content=\"Click Here for English Muitos dos crimes que levaram Maria do Nascimento a uma sala de reuni\u00e3o no sexto andar do Minist\u00e9rio P\u00fablico Federal do Rio de Janeiro, em agosto, aconteceram h\u00e1 mais de cem [...]\" \/>\n<meta property=\"og:url\" content=\"https:\/\/rioonwatch.org.br\/?p=28124\" \/>\n<meta property=\"og:site_name\" content=\"RioOnWatch\" \/>\n<meta property=\"article:published_time\" content=\"2017-09-11T12:26:56+00:00\" \/>\n<meta property=\"article:modified_time\" content=\"2024-05-24T15:40:34+00:00\" \/>\n<meta property=\"og:image\" content=\"https:\/\/rioonwatch.org.br\/wp-content\/uploads\/2017\/09\/20728879_277144499437946_1873049344555648624_o.jpg\" \/>\n\t<meta property=\"og:image:width\" content=\"2048\" \/>\n\t<meta property=\"og:image:height\" content=\"1250\" \/>\n\t<meta property=\"og:image:type\" content=\"image\/jpeg\" \/>\n<meta name=\"author\" content=\"Admin\" \/>\n<meta name=\"twitter:card\" content=\"summary_large_image\" \/>\n<meta name=\"twitter:label1\" content=\"Escrito por\" \/>\n\t<meta name=\"twitter:data1\" content=\"Admin\" \/>\n\t<meta name=\"twitter:label2\" content=\"Est. tempo de leitura\" \/>\n\t<meta name=\"twitter:data2\" content=\"6 minutos\" \/>\n<script type=\"application\/ld+json\" class=\"yoast-schema-graph\">{\"@context\":\"https:\/\/schema.org\",\"@graph\":[{\"@type\":\"Article\",\"@id\":\"https:\/\/rioonwatch.org.br\/?p=28124#article\",\"isPartOf\":{\"@id\":\"https:\/\/rioonwatch.org.br\/?p=28124\"},\"author\":{\"name\":\"Admin\",\"@id\":\"https:\/\/rioonwatch.org.br\/#\/schema\/person\/11d64c290506f9df50c71b850c473f68\"},\"headline\":\"Campanha \u2018Liberte Nosso Sagrado\u2019 Pede a Libera\u00e7\u00e3o de Objetos Sagrados Afro-Brasileiros\",\"datePublished\":\"2017-09-11T12:26:56+00:00\",\"dateModified\":\"2024-05-24T15:40:34+00:00\",\"mainEntityOfPage\":{\"@id\":\"https:\/\/rioonwatch.org.br\/?p=28124\"},\"wordCount\":1195,\"publisher\":{\"@id\":\"https:\/\/rioonwatch.org.br\/#organization\"},\"image\":{\"@id\":\"https:\/\/rioonwatch.org.br\/?p=28124#primaryimage\"},\"thumbnailUrl\":\"https:\/\/rioonwatch.org.br\/wp-content\/uploads\/2017\/09\/20728879_277144499437946_1873049344555648624_o.jpg\",\"keywords\":[\"\u00c1frica\",\"Antirracismo\",\"Candombl\u00e9\",\"Cultura Afro-brasileira\",\"Direitos Humanos\",\"escravid\u00e3o\",\"hist\u00f3ria\",\"lei\",\"mobiliza\u00e7\u00e3o\",\"museu\",\"pol\u00edcia\",\"preserva\u00e7\u00e3o hist\u00f3rica\",\"religi\u00e3o\",\"resist\u00eancia\",\"Umbanda\"],\"articleSection\":[\"*Destaque\",\"Escrito por Aliados\",\"Sociedade Civil\",\"Solu\u00e7\u00f5es\"],\"inLanguage\":\"pt-BR\"},{\"@type\":\"WebPage\",\"@id\":\"https:\/\/rioonwatch.org.br\/?p=28124\",\"url\":\"https:\/\/rioonwatch.org.br\/?p=28124\",\"name\":\"Campanha \u2018Liberte Nosso Sagrado\u2019 Pede a Libera\u00e7\u00e3o de Objetos Sagrados Afro-Brasileiros - RioOnWatch\",\"isPartOf\":{\"@id\":\"https:\/\/rioonwatch.org.br\/#website\"},\"primaryImageOfPage\":{\"@id\":\"https:\/\/rioonwatch.org.br\/?p=28124#primaryimage\"},\"image\":{\"@id\":\"https:\/\/rioonwatch.org.br\/?p=28124#primaryimage\"},\"thumbnailUrl\":\"https:\/\/rioonwatch.org.br\/wp-content\/uploads\/2017\/09\/20728879_277144499437946_1873049344555648624_o.jpg\",\"datePublished\":\"2017-09-11T12:26:56+00:00\",\"dateModified\":\"2024-05-24T15:40:34+00:00\",\"breadcrumb\":{\"@id\":\"https:\/\/rioonwatch.org.br\/?p=28124#breadcrumb\"},\"inLanguage\":\"pt-BR\",\"potentialAction\":[{\"@type\":\"ReadAction\",\"target\":[\"https:\/\/rioonwatch.org.br\/?p=28124\"]}]},{\"@type\":\"ImageObject\",\"inLanguage\":\"pt-BR\",\"@id\":\"https:\/\/rioonwatch.org.br\/?p=28124#primaryimage\",\"url\":\"https:\/\/rioonwatch.org.br\/wp-content\/uploads\/2017\/09\/20728879_277144499437946_1873049344555648624_o.jpg\",\"contentUrl\":\"https:\/\/rioonwatch.org.br\/wp-content\/uploads\/2017\/09\/20728879_277144499437946_1873049344555648624_o.jpg\",\"width\":2048,\"height\":1250},{\"@type\":\"BreadcrumbList\",\"@id\":\"https:\/\/rioonwatch.org.br\/?p=28124#breadcrumb\",\"itemListElement\":[{\"@type\":\"ListItem\",\"position\":1,\"name\":\"In\u00edcio\",\"item\":\"https:\/\/rioonwatch.org.br\/\"},{\"@type\":\"ListItem\",\"position\":2,\"name\":\"Campanha \u2018Liberte Nosso Sagrado\u2019 Pede a Libera\u00e7\u00e3o de Objetos Sagrados Afro-Brasileiros\"}]},{\"@type\":\"WebSite\",\"@id\":\"https:\/\/rioonwatch.org.br\/#website\",\"url\":\"https:\/\/rioonwatch.org.br\/\",\"name\":\"RioOnWatch\",\"description\":\"relatos das favelas cariocas\",\"publisher\":{\"@id\":\"https:\/\/rioonwatch.org.br\/#organization\"},\"potentialAction\":[{\"@type\":\"SearchAction\",\"target\":{\"@type\":\"EntryPoint\",\"urlTemplate\":\"https:\/\/rioonwatch.org.br\/?s={search_term_string}\"},\"query-input\":{\"@type\":\"PropertyValueSpecification\",\"valueRequired\":true,\"valueName\":\"search_term_string\"}}],\"inLanguage\":\"pt-BR\"},{\"@type\":\"Organization\",\"@id\":\"https:\/\/rioonwatch.org.br\/#organization\",\"name\":\"RioOnWatch\",\"url\":\"https:\/\/rioonwatch.org.br\/\",\"logo\":{\"@type\":\"ImageObject\",\"inLanguage\":\"pt-BR\",\"@id\":\"https:\/\/rioonwatch.org.br\/#\/schema\/logo\/image\/\",\"url\":\"https:\/\/rioonwatch.org.br\/wp-content\/uploads\/2021\/06\/RioOnWatchcabecalhoPT11anos-2.png\",\"contentUrl\":\"https:\/\/rioonwatch.org.br\/wp-content\/uploads\/2021\/06\/RioOnWatchcabecalhoPT11anos-2.png\",\"width\":779,\"height\":277,\"caption\":\"RioOnWatch\"},\"image\":{\"@id\":\"https:\/\/rioonwatch.org.br\/#\/schema\/logo\/image\/\"}},{\"@type\":\"Person\",\"@id\":\"https:\/\/rioonwatch.org.br\/#\/schema\/person\/11d64c290506f9df50c71b850c473f68\",\"name\":\"Admin\",\"image\":{\"@type\":\"ImageObject\",\"inLanguage\":\"pt-BR\",\"@id\":\"https:\/\/rioonwatch.org.br\/#\/schema\/person\/image\/\",\"url\":\"https:\/\/secure.gravatar.com\/avatar\/56211ac74568383903349a1485e3c325?s=96&d=blank&r=g\",\"contentUrl\":\"https:\/\/secure.gravatar.com\/avatar\/56211ac74568383903349a1485e3c325?s=96&d=blank&r=g\",\"caption\":\"Admin\"},\"url\":\"https:\/\/rioonwatch.org.br\/?author=129\"}]}<\/script>\n<!-- \/ Yoast SEO plugin. -->","yoast_head_json":{"title":"Campanha \u2018Liberte Nosso Sagrado\u2019 Pede a Libera\u00e7\u00e3o de Objetos Sagrados Afro-Brasileiros - RioOnWatch","robots":{"index":"index","follow":"follow","max-snippet":"max-snippet:-1","max-image-preview":"max-image-preview:large","max-video-preview":"max-video-preview:-1"},"canonical":"https:\/\/rioonwatch.org.br\/?p=28124","og_locale":"pt_BR","og_type":"article","og_title":"Campanha \u2018Liberte Nosso Sagrado\u2019 Pede a Libera\u00e7\u00e3o de Objetos Sagrados Afro-Brasileiros - RioOnWatch","og_description":"Click Here for English Muitos dos crimes que levaram Maria do Nascimento a uma sala de reuni\u00e3o no sexto andar do Minist\u00e9rio P\u00fablico Federal do Rio de Janeiro, em agosto, aconteceram h\u00e1 mais de cem [...]","og_url":"https:\/\/rioonwatch.org.br\/?p=28124","og_site_name":"RioOnWatch","article_published_time":"2017-09-11T12:26:56+00:00","article_modified_time":"2024-05-24T15:40:34+00:00","og_image":[{"width":2048,"height":1250,"url":"https:\/\/rioonwatch.org.br\/wp-content\/uploads\/2017\/09\/20728879_277144499437946_1873049344555648624_o.jpg","type":"image\/jpeg"}],"author":"Admin","twitter_card":"summary_large_image","twitter_misc":{"Escrito por":"Admin","Est. tempo de leitura":"6 minutos"},"schema":{"@context":"https:\/\/schema.org","@graph":[{"@type":"Article","@id":"https:\/\/rioonwatch.org.br\/?p=28124#article","isPartOf":{"@id":"https:\/\/rioonwatch.org.br\/?p=28124"},"author":{"name":"Admin","@id":"https:\/\/rioonwatch.org.br\/#\/schema\/person\/11d64c290506f9df50c71b850c473f68"},"headline":"Campanha \u2018Liberte Nosso Sagrado\u2019 Pede a Libera\u00e7\u00e3o de Objetos Sagrados Afro-Brasileiros","datePublished":"2017-09-11T12:26:56+00:00","dateModified":"2024-05-24T15:40:34+00:00","mainEntityOfPage":{"@id":"https:\/\/rioonwatch.org.br\/?p=28124"},"wordCount":1195,"publisher":{"@id":"https:\/\/rioonwatch.org.br\/#organization"},"image":{"@id":"https:\/\/rioonwatch.org.br\/?p=28124#primaryimage"},"thumbnailUrl":"https:\/\/rioonwatch.org.br\/wp-content\/uploads\/2017\/09\/20728879_277144499437946_1873049344555648624_o.jpg","keywords":["\u00c1frica","Antirracismo","Candombl\u00e9","Cultura Afro-brasileira","Direitos Humanos","escravid\u00e3o","hist\u00f3ria","lei","mobiliza\u00e7\u00e3o","museu","pol\u00edcia","preserva\u00e7\u00e3o hist\u00f3rica","religi\u00e3o","resist\u00eancia","Umbanda"],"articleSection":["*Destaque","Escrito por Aliados","Sociedade Civil","Solu\u00e7\u00f5es"],"inLanguage":"pt-BR"},{"@type":"WebPage","@id":"https:\/\/rioonwatch.org.br\/?p=28124","url":"https:\/\/rioonwatch.org.br\/?p=28124","name":"Campanha \u2018Liberte Nosso Sagrado\u2019 Pede a Libera\u00e7\u00e3o de Objetos Sagrados Afro-Brasileiros - RioOnWatch","isPartOf":{"@id":"https:\/\/rioonwatch.org.br\/#website"},"primaryImageOfPage":{"@id":"https:\/\/rioonwatch.org.br\/?p=28124#primaryimage"},"image":{"@id":"https:\/\/rioonwatch.org.br\/?p=28124#primaryimage"},"thumbnailUrl":"https:\/\/rioonwatch.org.br\/wp-content\/uploads\/2017\/09\/20728879_277144499437946_1873049344555648624_o.jpg","datePublished":"2017-09-11T12:26:56+00:00","dateModified":"2024-05-24T15:40:34+00:00","breadcrumb":{"@id":"https:\/\/rioonwatch.org.br\/?p=28124#breadcrumb"},"inLanguage":"pt-BR","potentialAction":[{"@type":"ReadAction","target":["https:\/\/rioonwatch.org.br\/?p=28124"]}]},{"@type":"ImageObject","inLanguage":"pt-BR","@id":"https:\/\/rioonwatch.org.br\/?p=28124#primaryimage","url":"https:\/\/rioonwatch.org.br\/wp-content\/uploads\/2017\/09\/20728879_277144499437946_1873049344555648624_o.jpg","contentUrl":"https:\/\/rioonwatch.org.br\/wp-content\/uploads\/2017\/09\/20728879_277144499437946_1873049344555648624_o.jpg","width":2048,"height":1250},{"@type":"BreadcrumbList","@id":"https:\/\/rioonwatch.org.br\/?p=28124#breadcrumb","itemListElement":[{"@type":"ListItem","position":1,"name":"In\u00edcio","item":"https:\/\/rioonwatch.org.br\/"},{"@type":"ListItem","position":2,"name":"Campanha \u2018Liberte Nosso Sagrado\u2019 Pede a Libera\u00e7\u00e3o de Objetos Sagrados Afro-Brasileiros"}]},{"@type":"WebSite","@id":"https:\/\/rioonwatch.org.br\/#website","url":"https:\/\/rioonwatch.org.br\/","name":"RioOnWatch","description":"relatos das favelas cariocas","publisher":{"@id":"https:\/\/rioonwatch.org.br\/#organization"},"potentialAction":[{"@type":"SearchAction","target":{"@type":"EntryPoint","urlTemplate":"https:\/\/rioonwatch.org.br\/?s={search_term_string}"},"query-input":{"@type":"PropertyValueSpecification","valueRequired":true,"valueName":"search_term_string"}}],"inLanguage":"pt-BR"},{"@type":"Organization","@id":"https:\/\/rioonwatch.org.br\/#organization","name":"RioOnWatch","url":"https:\/\/rioonwatch.org.br\/","logo":{"@type":"ImageObject","inLanguage":"pt-BR","@id":"https:\/\/rioonwatch.org.br\/#\/schema\/logo\/image\/","url":"https:\/\/rioonwatch.org.br\/wp-content\/uploads\/2021\/06\/RioOnWatchcabecalhoPT11anos-2.png","contentUrl":"https:\/\/rioonwatch.org.br\/wp-content\/uploads\/2021\/06\/RioOnWatchcabecalhoPT11anos-2.png","width":779,"height":277,"caption":"RioOnWatch"},"image":{"@id":"https:\/\/rioonwatch.org.br\/#\/schema\/logo\/image\/"}},{"@type":"Person","@id":"https:\/\/rioonwatch.org.br\/#\/schema\/person\/11d64c290506f9df50c71b850c473f68","name":"Admin","image":{"@type":"ImageObject","inLanguage":"pt-BR","@id":"https:\/\/rioonwatch.org.br\/#\/schema\/person\/image\/","url":"https:\/\/secure.gravatar.com\/avatar\/56211ac74568383903349a1485e3c325?s=96&d=blank&r=g","contentUrl":"https:\/\/secure.gravatar.com\/avatar\/56211ac74568383903349a1485e3c325?s=96&d=blank&r=g","caption":"Admin"},"url":"https:\/\/rioonwatch.org.br\/?author=129"}]}},"_links":{"self":[{"href":"https:\/\/rioonwatch.org.br\/index.php?rest_route=\/wp\/v2\/posts\/28124"}],"collection":[{"href":"https:\/\/rioonwatch.org.br\/index.php?rest_route=\/wp\/v2\/posts"}],"about":[{"href":"https:\/\/rioonwatch.org.br\/index.php?rest_route=\/wp\/v2\/types\/post"}],"author":[{"embeddable":true,"href":"https:\/\/rioonwatch.org.br\/index.php?rest_route=\/wp\/v2\/users\/129"}],"replies":[{"embeddable":true,"href":"https:\/\/rioonwatch.org.br\/index.php?rest_route=%2Fwp%2Fv2%2Fcomments&post=28124"}],"version-history":[{"count":16,"href":"https:\/\/rioonwatch.org.br\/index.php?rest_route=\/wp\/v2\/posts\/28124\/revisions"}],"predecessor-version":[{"id":28178,"href":"https:\/\/rioonwatch.org.br\/index.php?rest_route=\/wp\/v2\/posts\/28124\/revisions\/28178"}],"wp:featuredmedia":[{"embeddable":true,"href":"https:\/\/rioonwatch.org.br\/index.php?rest_route=\/wp\/v2\/media\/28139"}],"wp:attachment":[{"href":"https:\/\/rioonwatch.org.br\/index.php?rest_route=%2Fwp%2Fv2%2Fmedia&parent=28124"}],"wp:term":[{"taxonomy":"category","embeddable":true,"href":"https:\/\/rioonwatch.org.br\/index.php?rest_route=%2Fwp%2Fv2%2Fcategories&post=28124"},{"taxonomy":"post_tag","embeddable":true,"href":"https:\/\/rioonwatch.org.br\/index.php?rest_route=%2Fwp%2Fv2%2Ftags&post=28124"},{"taxonomy":"writer","embeddable":true,"href":"https:\/\/rioonwatch.org.br\/index.php?rest_route=%2Fwp%2Fv2%2Fwriter&post=28124"},{"taxonomy":"translator","embeddable":true,"href":"https:\/\/rioonwatch.org.br\/index.php?rest_route=%2Fwp%2Fv2%2Ftranslator&post=28124"},{"taxonomy":"source","embeddable":true,"href":"https:\/\/rioonwatch.org.br\/index.php?rest_route=%2Fwp%2Fv2%2Fsource&post=28124"},{"taxonomy":"ilustrador","embeddable":true,"href":"https:\/\/rioonwatch.org.br\/index.php?rest_route=%2Fwp%2Fv2%2Filustrador&post=28124"},{"taxonomy":"fotografo","embeddable":true,"href":"https:\/\/rioonwatch.org.br\/index.php?rest_route=%2Fwp%2Fv2%2Ffotografo&post=28124"}],"curies":[{"name":"wp","href":"https:\/\/api.w.org\/{rel}","templated":true}]}}