{"id":2813,"date":"2012-01-05T09:00:06","date_gmt":"2012-01-05T12:00:06","guid":{"rendered":"http:\/\/rioonwatch.org.br\/?p=2813"},"modified":"2016-01-19T10:10:58","modified_gmt":"2016-01-19T13:10:58","slug":"alunos-em-sepetiba-denunciam-falta-de-transporte-na-regiao","status":"publish","type":"post","link":"https:\/\/rioonwatch.org.br\/?p=2813","title":{"rendered":"Alunos em Sepetiba denunciam falta de transporte"},"content":{"rendered":"<p style=\"text-align: right;\"><em><strong><a href=\"http:\/\/bit.ly\/1WqEUGS\" target=\"_blank\">Click Here for English<img decoding=\"async\" width=\"20\" height=\"20\" class=\"alignright wp-image-15790\" src=\"http:\/\/rioonwatch.org.br\/wp-content\/uploads\/2012\/08\/EN-standard-e1439583104716.jpg\" alt=\"\" \/><\/a><\/strong><\/em><\/p>\n<p>O v\u00eddeo abaixo mostra entrevistas com moradores e trabalhadores da via\u00e7\u00e3o de \u00f4nibus que atende o bairro de Sepetiba. As entrevistas s\u00e3o sobre o uso dos transportes p\u00fablicos pelos jovens estudantes da rede p\u00fablica de Sepetiba. Pela lei do estado o transporte \u00e9 liberado e gratuito para os estudantes da rede p\u00fablica. Por\u00e9m, os estudantes enfrentam dificuldades, j\u00e1 que os motoristas e a empresa limitam o n\u00famero de estudantes nos ve\u00edculos.<\/p>\n<p>Sepetiba \u00e9 um bairro da zona oeste da cidade do Rio de Janeiro e \u00e9 banhado pela Ba\u00eda de Sepetiba ao sul. Possui uma popula\u00e7\u00e3o de aproximadamente de 40.000 habitantes. No bairro destaca-se a implanta\u00e7\u00e3o, ao longo da estrada de Sepetiba, do grande conjunto Nova Sepetiba, constru\u00eddo pelo governo do estado para a popula\u00e7\u00e3o de baixa renda. As praias de Sepetiba chegaram a um alto grau de polui\u00e7\u00e3o que as transformaram um um loda\u00e7al. Atualmente, as praias de Sepetiba est\u00e3o sendo recuperadas pelo governo do estado.<\/p>\n<p>O v\u00eddeo foi realizado por estudantes da rede p\u00fablica de Sepetiba.<\/p>\n<p><iframe src=\"http:\/\/www.youtube.com\/embed\/YWusYZzoG78\" width=\"560\" height=\"315\" frameborder=\"0\"><\/iframe><\/p>\n<!-- AddThis Advanced Settings generic via filter on the_content --><!-- AddThis Share Buttons generic via filter on the_content -->","protected":false},"excerpt":{"rendered":"<div class=\"mh-excerpt\"><p>Click Here for English O v\u00eddeo abaixo mostra entrevistas com moradores e trabalhadores da via\u00e7\u00e3o de \u00f4nibus que atende o bairro de Sepetiba. As entrevistas s\u00e3o sobre o uso dos transportes p\u00fablicos pelos jovens estudantes <a class=\"mh-excerpt-more\" href=\"https:\/\/rioonwatch.org.br\/?p=2813\" title=\"Alunos em Sepetiba denunciam falta de transporte\">[&#8230;]<\/a><!-- AddThis Advanced Settings generic via filter on get_the_excerpt --><!-- AddThis Share Buttons generic via filter on get_the_excerpt --><\/p>\n<\/div>","protected":false},"author":129,"featured_media":2837,"comment_status":"open","ping_status":"closed","sticky":false,"template":"","format":"standard","meta":{"_acf_changed":false,"_monsterinsights_skip_tracking":false,"_monsterinsights_sitenote_active":false,"_monsterinsights_sitenote_note":"","_monsterinsights_sitenote_category":0,"footnotes":""},"categories":[346,344],"tags":[316,23,370,184],"writer":[377],"translator":[],"source":[],"ilustrador":[],"fotografo":[],"class_list":{"0":"post-2813","1":"post","2":"type-post","3":"status-publish","4":"format-standard","5":"has-post-thumbnail","7":"category-denuncias","8":"category-politicas","9":"tag-educacao","10":"tag-sepetiba","11":"tag-transporte-publico","12":"tag-zona-oeste","13":"writer-jornalistas-ayv"},"acf":[],"yoast_head":"<!-- This site is optimized with the Yoast SEO plugin v25.6 - https:\/\/yoast.com\/wordpress\/plugins\/seo\/ -->\n<title>Alunos em Sepetiba denunciam falta de transporte - RioOnWatch<\/title>\n<meta name=\"robots\" content=\"index, follow, max-snippet:-1, max-image-preview:large, max-video-preview:-1\" \/>\n<link rel=\"canonical\" href=\"https:\/\/rioonwatch.org.br\/?p=2813\" \/>\n<meta property=\"og:locale\" content=\"pt_BR\" \/>\n<meta property=\"og:type\" content=\"article\" \/>\n<meta property=\"og:title\" content=\"Alunos em Sepetiba denunciam falta de transporte - RioOnWatch\" \/>\n<meta property=\"og:description\" content=\"Click Here for English O v\u00eddeo abaixo mostra entrevistas com moradores e trabalhadores da via\u00e7\u00e3o de \u00f4nibus que atende o bairro de Sepetiba. As entrevistas s\u00e3o sobre o uso dos transportes p\u00fablicos pelos jovens estudantes [...]\" \/>\n<meta property=\"og:url\" content=\"https:\/\/rioonwatch.org.br\/?p=2813\" \/>\n<meta property=\"og:site_name\" content=\"RioOnWatch\" \/>\n<meta property=\"article:published_time\" content=\"2012-01-05T12:00:06+00:00\" \/>\n<meta property=\"article:modified_time\" content=\"2016-01-19T13:10:58+00:00\" \/>\n<meta property=\"og:image\" content=\"https:\/\/rioonwatch.org.br\/wp-content\/uploads\/2012\/02\/sepetiba.jpg\" \/>\n\t<meta property=\"og:image:width\" content=\"300\" \/>\n\t<meta property=\"og:image:height\" content=\"225\" \/>\n\t<meta property=\"og:image:type\" content=\"image\/jpeg\" \/>\n<meta name=\"author\" content=\"Admin\" \/>\n<meta name=\"twitter:card\" content=\"summary_large_image\" \/>\n<meta name=\"twitter:label1\" content=\"Escrito por\" \/>\n\t<meta name=\"twitter:data1\" content=\"Admin\" \/>\n\t<meta name=\"twitter:label2\" content=\"Est. tempo de leitura\" \/>\n\t<meta name=\"twitter:data2\" content=\"1 minuto\" \/>\n<script type=\"application\/ld+json\" class=\"yoast-schema-graph\">{\"@context\":\"https:\/\/schema.org\",\"@graph\":[{\"@type\":\"Article\",\"@id\":\"https:\/\/rioonwatch.org.br\/?p=2813#article\",\"isPartOf\":{\"@id\":\"https:\/\/rioonwatch.org.br\/?p=2813\"},\"author\":{\"name\":\"Admin\",\"@id\":\"https:\/\/rioonwatch.org.br\/#\/schema\/person\/11d64c290506f9df50c71b850c473f68\"},\"headline\":\"Alunos em Sepetiba denunciam falta de transporte\",\"datePublished\":\"2012-01-05T12:00:06+00:00\",\"dateModified\":\"2016-01-19T13:10:58+00:00\",\"mainEntityOfPage\":{\"@id\":\"https:\/\/rioonwatch.org.br\/?p=2813\"},\"wordCount\":194,\"commentCount\":0,\"publisher\":{\"@id\":\"https:\/\/rioonwatch.org.br\/#organization\"},\"image\":{\"@id\":\"https:\/\/rioonwatch.org.br\/?p=2813#primaryimage\"},\"thumbnailUrl\":\"https:\/\/rioonwatch.org.br\/wp-content\/uploads\/2012\/02\/sepetiba.jpg\",\"keywords\":[\"educa\u00e7\u00e3o\",\"Sepetiba\",\"transporte p\u00fablico\",\"Zona Oeste\"],\"articleSection\":[\"Den\u00fancias\",\"Pol\u00edticas\"],\"inLanguage\":\"pt-BR\",\"potentialAction\":[{\"@type\":\"CommentAction\",\"name\":\"Comment\",\"target\":[\"https:\/\/rioonwatch.org.br\/?p=2813#respond\"]}]},{\"@type\":\"WebPage\",\"@id\":\"https:\/\/rioonwatch.org.br\/?p=2813\",\"url\":\"https:\/\/rioonwatch.org.br\/?p=2813\",\"name\":\"Alunos em Sepetiba denunciam falta de transporte - RioOnWatch\",\"isPartOf\":{\"@id\":\"https:\/\/rioonwatch.org.br\/#website\"},\"primaryImageOfPage\":{\"@id\":\"https:\/\/rioonwatch.org.br\/?p=2813#primaryimage\"},\"image\":{\"@id\":\"https:\/\/rioonwatch.org.br\/?p=2813#primaryimage\"},\"thumbnailUrl\":\"https:\/\/rioonwatch.org.br\/wp-content\/uploads\/2012\/02\/sepetiba.jpg\",\"datePublished\":\"2012-01-05T12:00:06+00:00\",\"dateModified\":\"2016-01-19T13:10:58+00:00\",\"breadcrumb\":{\"@id\":\"https:\/\/rioonwatch.org.br\/?p=2813#breadcrumb\"},\"inLanguage\":\"pt-BR\",\"potentialAction\":[{\"@type\":\"ReadAction\",\"target\":[\"https:\/\/rioonwatch.org.br\/?p=2813\"]}]},{\"@type\":\"ImageObject\",\"inLanguage\":\"pt-BR\",\"@id\":\"https:\/\/rioonwatch.org.br\/?p=2813#primaryimage\",\"url\":\"https:\/\/rioonwatch.org.br\/wp-content\/uploads\/2012\/02\/sepetiba.jpg\",\"contentUrl\":\"https:\/\/rioonwatch.org.br\/wp-content\/uploads\/2012\/02\/sepetiba.jpg\",\"width\":300,\"height\":225},{\"@type\":\"BreadcrumbList\",\"@id\":\"https:\/\/rioonwatch.org.br\/?p=2813#breadcrumb\",\"itemListElement\":[{\"@type\":\"ListItem\",\"position\":1,\"name\":\"In\u00edcio\",\"item\":\"https:\/\/rioonwatch.org.br\/\"},{\"@type\":\"ListItem\",\"position\":2,\"name\":\"Alunos em Sepetiba denunciam falta de transporte\"}]},{\"@type\":\"WebSite\",\"@id\":\"https:\/\/rioonwatch.org.br\/#website\",\"url\":\"https:\/\/rioonwatch.org.br\/\",\"name\":\"RioOnWatch\",\"description\":\"relatos das favelas cariocas\",\"publisher\":{\"@id\":\"https:\/\/rioonwatch.org.br\/#organization\"},\"potentialAction\":[{\"@type\":\"SearchAction\",\"target\":{\"@type\":\"EntryPoint\",\"urlTemplate\":\"https:\/\/rioonwatch.org.br\/?s={search_term_string}\"},\"query-input\":{\"@type\":\"PropertyValueSpecification\",\"valueRequired\":true,\"valueName\":\"search_term_string\"}}],\"inLanguage\":\"pt-BR\"},{\"@type\":\"Organization\",\"@id\":\"https:\/\/rioonwatch.org.br\/#organization\",\"name\":\"RioOnWatch\",\"url\":\"https:\/\/rioonwatch.org.br\/\",\"logo\":{\"@type\":\"ImageObject\",\"inLanguage\":\"pt-BR\",\"@id\":\"https:\/\/rioonwatch.org.br\/#\/schema\/logo\/image\/\",\"url\":\"https:\/\/rioonwatch.org.br\/wp-content\/uploads\/2021\/06\/RioOnWatchcabecalhoPT11anos-2.png\",\"contentUrl\":\"https:\/\/rioonwatch.org.br\/wp-content\/uploads\/2021\/06\/RioOnWatchcabecalhoPT11anos-2.png\",\"width\":779,\"height\":277,\"caption\":\"RioOnWatch\"},\"image\":{\"@id\":\"https:\/\/rioonwatch.org.br\/#\/schema\/logo\/image\/\"}},{\"@type\":\"Person\",\"@id\":\"https:\/\/rioonwatch.org.br\/#\/schema\/person\/11d64c290506f9df50c71b850c473f68\",\"name\":\"Admin\",\"image\":{\"@type\":\"ImageObject\",\"inLanguage\":\"pt-BR\",\"@id\":\"https:\/\/rioonwatch.org.br\/#\/schema\/person\/image\/\",\"url\":\"https:\/\/secure.gravatar.com\/avatar\/56211ac74568383903349a1485e3c325?s=96&d=blank&r=g\",\"contentUrl\":\"https:\/\/secure.gravatar.com\/avatar\/56211ac74568383903349a1485e3c325?s=96&d=blank&r=g\",\"caption\":\"Admin\"},\"url\":\"https:\/\/rioonwatch.org.br\/?author=129\"}]}<\/script>\n<!-- \/ Yoast SEO plugin. -->","yoast_head_json":{"title":"Alunos em Sepetiba denunciam falta de transporte - RioOnWatch","robots":{"index":"index","follow":"follow","max-snippet":"max-snippet:-1","max-image-preview":"max-image-preview:large","max-video-preview":"max-video-preview:-1"},"canonical":"https:\/\/rioonwatch.org.br\/?p=2813","og_locale":"pt_BR","og_type":"article","og_title":"Alunos em Sepetiba denunciam falta de transporte - RioOnWatch","og_description":"Click Here for English O v\u00eddeo abaixo mostra entrevistas com moradores e trabalhadores da via\u00e7\u00e3o de \u00f4nibus que atende o bairro de Sepetiba. As entrevistas s\u00e3o sobre o uso dos transportes p\u00fablicos pelos jovens estudantes [...]","og_url":"https:\/\/rioonwatch.org.br\/?p=2813","og_site_name":"RioOnWatch","article_published_time":"2012-01-05T12:00:06+00:00","article_modified_time":"2016-01-19T13:10:58+00:00","og_image":[{"width":300,"height":225,"url":"https:\/\/rioonwatch.org.br\/wp-content\/uploads\/2012\/02\/sepetiba.jpg","type":"image\/jpeg"}],"author":"Admin","twitter_card":"summary_large_image","twitter_misc":{"Escrito por":"Admin","Est. tempo de leitura":"1 minuto"},"schema":{"@context":"https:\/\/schema.org","@graph":[{"@type":"Article","@id":"https:\/\/rioonwatch.org.br\/?p=2813#article","isPartOf":{"@id":"https:\/\/rioonwatch.org.br\/?p=2813"},"author":{"name":"Admin","@id":"https:\/\/rioonwatch.org.br\/#\/schema\/person\/11d64c290506f9df50c71b850c473f68"},"headline":"Alunos em Sepetiba denunciam falta de transporte","datePublished":"2012-01-05T12:00:06+00:00","dateModified":"2016-01-19T13:10:58+00:00","mainEntityOfPage":{"@id":"https:\/\/rioonwatch.org.br\/?p=2813"},"wordCount":194,"commentCount":0,"publisher":{"@id":"https:\/\/rioonwatch.org.br\/#organization"},"image":{"@id":"https:\/\/rioonwatch.org.br\/?p=2813#primaryimage"},"thumbnailUrl":"https:\/\/rioonwatch.org.br\/wp-content\/uploads\/2012\/02\/sepetiba.jpg","keywords":["educa\u00e7\u00e3o","Sepetiba","transporte p\u00fablico","Zona Oeste"],"articleSection":["Den\u00fancias","Pol\u00edticas"],"inLanguage":"pt-BR","potentialAction":[{"@type":"CommentAction","name":"Comment","target":["https:\/\/rioonwatch.org.br\/?p=2813#respond"]}]},{"@type":"WebPage","@id":"https:\/\/rioonwatch.org.br\/?p=2813","url":"https:\/\/rioonwatch.org.br\/?p=2813","name":"Alunos em Sepetiba denunciam falta de transporte - RioOnWatch","isPartOf":{"@id":"https:\/\/rioonwatch.org.br\/#website"},"primaryImageOfPage":{"@id":"https:\/\/rioonwatch.org.br\/?p=2813#primaryimage"},"image":{"@id":"https:\/\/rioonwatch.org.br\/?p=2813#primaryimage"},"thumbnailUrl":"https:\/\/rioonwatch.org.br\/wp-content\/uploads\/2012\/02\/sepetiba.jpg","datePublished":"2012-01-05T12:00:06+00:00","dateModified":"2016-01-19T13:10:58+00:00","breadcrumb":{"@id":"https:\/\/rioonwatch.org.br\/?p=2813#breadcrumb"},"inLanguage":"pt-BR","potentialAction":[{"@type":"ReadAction","target":["https:\/\/rioonwatch.org.br\/?p=2813"]}]},{"@type":"ImageObject","inLanguage":"pt-BR","@id":"https:\/\/rioonwatch.org.br\/?p=2813#primaryimage","url":"https:\/\/rioonwatch.org.br\/wp-content\/uploads\/2012\/02\/sepetiba.jpg","contentUrl":"https:\/\/rioonwatch.org.br\/wp-content\/uploads\/2012\/02\/sepetiba.jpg","width":300,"height":225},{"@type":"BreadcrumbList","@id":"https:\/\/rioonwatch.org.br\/?p=2813#breadcrumb","itemListElement":[{"@type":"ListItem","position":1,"name":"In\u00edcio","item":"https:\/\/rioonwatch.org.br\/"},{"@type":"ListItem","position":2,"name":"Alunos em Sepetiba denunciam falta de transporte"}]},{"@type":"WebSite","@id":"https:\/\/rioonwatch.org.br\/#website","url":"https:\/\/rioonwatch.org.br\/","name":"RioOnWatch","description":"relatos das favelas cariocas","publisher":{"@id":"https:\/\/rioonwatch.org.br\/#organization"},"potentialAction":[{"@type":"SearchAction","target":{"@type":"EntryPoint","urlTemplate":"https:\/\/rioonwatch.org.br\/?s={search_term_string}"},"query-input":{"@type":"PropertyValueSpecification","valueRequired":true,"valueName":"search_term_string"}}],"inLanguage":"pt-BR"},{"@type":"Organization","@id":"https:\/\/rioonwatch.org.br\/#organization","name":"RioOnWatch","url":"https:\/\/rioonwatch.org.br\/","logo":{"@type":"ImageObject","inLanguage":"pt-BR","@id":"https:\/\/rioonwatch.org.br\/#\/schema\/logo\/image\/","url":"https:\/\/rioonwatch.org.br\/wp-content\/uploads\/2021\/06\/RioOnWatchcabecalhoPT11anos-2.png","contentUrl":"https:\/\/rioonwatch.org.br\/wp-content\/uploads\/2021\/06\/RioOnWatchcabecalhoPT11anos-2.png","width":779,"height":277,"caption":"RioOnWatch"},"image":{"@id":"https:\/\/rioonwatch.org.br\/#\/schema\/logo\/image\/"}},{"@type":"Person","@id":"https:\/\/rioonwatch.org.br\/#\/schema\/person\/11d64c290506f9df50c71b850c473f68","name":"Admin","image":{"@type":"ImageObject","inLanguage":"pt-BR","@id":"https:\/\/rioonwatch.org.br\/#\/schema\/person\/image\/","url":"https:\/\/secure.gravatar.com\/avatar\/56211ac74568383903349a1485e3c325?s=96&d=blank&r=g","contentUrl":"https:\/\/secure.gravatar.com\/avatar\/56211ac74568383903349a1485e3c325?s=96&d=blank&r=g","caption":"Admin"},"url":"https:\/\/rioonwatch.org.br\/?author=129"}]}},"_links":{"self":[{"href":"https:\/\/rioonwatch.org.br\/index.php?rest_route=\/wp\/v2\/posts\/2813"}],"collection":[{"href":"https:\/\/rioonwatch.org.br\/index.php?rest_route=\/wp\/v2\/posts"}],"about":[{"href":"https:\/\/rioonwatch.org.br\/index.php?rest_route=\/wp\/v2\/types\/post"}],"author":[{"embeddable":true,"href":"https:\/\/rioonwatch.org.br\/index.php?rest_route=\/wp\/v2\/users\/129"}],"replies":[{"embeddable":true,"href":"https:\/\/rioonwatch.org.br\/index.php?rest_route=%2Fwp%2Fv2%2Fcomments&post=2813"}],"version-history":[{"count":20,"href":"https:\/\/rioonwatch.org.br\/index.php?rest_route=\/wp\/v2\/posts\/2813\/revisions"}],"predecessor-version":[{"id":18104,"href":"https:\/\/rioonwatch.org.br\/index.php?rest_route=\/wp\/v2\/posts\/2813\/revisions\/18104"}],"wp:featuredmedia":[{"embeddable":true,"href":"https:\/\/rioonwatch.org.br\/index.php?rest_route=\/wp\/v2\/media\/2837"}],"wp:attachment":[{"href":"https:\/\/rioonwatch.org.br\/index.php?rest_route=%2Fwp%2Fv2%2Fmedia&parent=2813"}],"wp:term":[{"taxonomy":"category","embeddable":true,"href":"https:\/\/rioonwatch.org.br\/index.php?rest_route=%2Fwp%2Fv2%2Fcategories&post=2813"},{"taxonomy":"post_tag","embeddable":true,"href":"https:\/\/rioonwatch.org.br\/index.php?rest_route=%2Fwp%2Fv2%2Ftags&post=2813"},{"taxonomy":"writer","embeddable":true,"href":"https:\/\/rioonwatch.org.br\/index.php?rest_route=%2Fwp%2Fv2%2Fwriter&post=2813"},{"taxonomy":"translator","embeddable":true,"href":"https:\/\/rioonwatch.org.br\/index.php?rest_route=%2Fwp%2Fv2%2Ftranslator&post=2813"},{"taxonomy":"source","embeddable":true,"href":"https:\/\/rioonwatch.org.br\/index.php?rest_route=%2Fwp%2Fv2%2Fsource&post=2813"},{"taxonomy":"ilustrador","embeddable":true,"href":"https:\/\/rioonwatch.org.br\/index.php?rest_route=%2Fwp%2Fv2%2Filustrador&post=2813"},{"taxonomy":"fotografo","embeddable":true,"href":"https:\/\/rioonwatch.org.br\/index.php?rest_route=%2Fwp%2Fv2%2Ffotografo&post=2813"}],"curies":[{"name":"wp","href":"https:\/\/api.w.org\/{rel}","templated":true}]}}