{"id":28188,"date":"2017-09-20T13:17:38","date_gmt":"2017-09-20T16:17:38","guid":{"rendered":"http:\/\/rioonwatch.org.br\/?p=28188"},"modified":"2017-09-20T13:18:25","modified_gmt":"2017-09-20T16:18:25","slug":"historia-do-projeto-rio-na-mare-parte-3-desagregacao-do-governo","status":"publish","type":"post","link":"https:\/\/rioonwatch.org.br\/?p=28188","title":{"rendered":"Hist\u00f3ria do \u2018Projeto Rio\u2019 na Mar\u00e9 Parte 3: Desagrega\u00e7\u00e3o do Governo"},"content":{"rendered":"<p style=\"text-align: right;\"><em><strong><a href=\"http:\/\/bit.ly\/2vmHzKC\" target=\"_blank\" rel=\"noopener noreferrer\">Click Here for English<img decoding=\"async\" width=\"20\" height=\"20\" class=\"alignright wp-image-15790\" src=\"http:\/\/rioonwatch.org.br\/wp-content\/uploads\/2012\/08\/EN-standard-e1439583104716.jpg\" alt=\"\" \/><\/a><\/strong><\/em><\/p>\n<p><em>Esta \u00e9 a terceira mat\u00e9ria de uma\u00a0<a href=\"http:\/\/bit.ly\/2upxtLo\" target=\"_blank\" rel=\"noopener noreferrer\">s\u00e9rie de tr\u00eas sobre a hist\u00f3ria do programa de renova\u00e7\u00e3o urbana Projeto Rio na Mar\u00e9<\/a>.<\/em><\/p>\n<p><span style=\"font-weight: 400;\">Al\u00e9m dos protestos, a debilidade do governo tamb\u00e9m contribuiu para o fracasso do <a href=\"http:\/\/bit.ly\/2upxtLo\" target=\"_blank\" rel=\"noopener\">Projeto Rio<\/a>. Desde o come\u00e7o, o plano representava um projeto enormemente ambicioso do qual as v\u00e1rias esferas de governo n\u00e3o estavam totalmente preparadas para realizar. A mesa redonda realizada em junho de 1979 demonstrou que as autoridades n\u00e3o estavam familiarizadas com a complexa realidade legal nem da pr\u00f3pria favela que propuseram remover. Quando Manoelino da Silva, presidente da Comiss\u00e3o de Defesa das Favelas da Mar\u00e9 (Codefam), perguntou aos presidentes da Funda\u00e7\u00e3o para o Desenvolvimento da Regi\u00e3o Metropolitana\u00a0do Rio de Janeiro (FUNDREM)\u00a0e da Companhia Estadual de Habita\u00e7\u00e3o (<a href=\"http:\/\/bit.ly\/2syaklt\" target=\"_blank\" rel=\"noopener\">Cehab<\/a>) sobre o destino da <a href=\"http:\/\/bit.ly\/1sscKdX\" target=\"_blank\" rel=\"noopener\">Nova Holanda<\/a>, originalmente um projeto governamental que deveria estar sob os ausp\u00edcios do Projeto Rio, os dois murmuraram suas respostas, com esta pergunta entre elas: \u201c\u00c9 boa a situa\u00e7\u00e3o deles? Morando naqueles vag\u00f5es de madeira?\u201d. <\/span><\/p>\n<p><span style=\"font-weight: 400;\">Manoelino respondeu que assim como em outras \u00e1reas da Mar\u00e9, os moradores h\u00e1 muito tempo j\u00e1 haviam convertido as unidades residenciais p\u00fablicas dali em arquitetura da favela, mostrando as autoridades que as informa\u00e7\u00f5es que eles possu\u00edam eram irremediavelmente datadas. No mesmo encontro, representantes governamentais admitiram de forma veemente que estavam sobrecarregados na Mar\u00e9, quando pediram ajuda a Codefam para parar a constru\u00e7\u00e3o de novas <\/span><span style=\"font-weight: 400;\">palafitas<\/span><span style=\"font-weight: 400;\"> no complexo. Durante os meses seguintes, autoridades reconheceram que as associa\u00e7\u00f5es de moradores tinham de longe maior conhecimento sobre a composi\u00e7\u00e3o e o car\u00e1ter urbano da favela.\u00a0<\/span>Em dezembro de 1980, um comunicado de imprensa revelou que as autoridades de planejamento da prefeitura solicitaram \u00e0s <a href=\"http:\/\/bit.ly\/29mn8Bw\" target=\"_blank\" rel=\"noopener\">associa\u00e7\u00f5es de moradores<\/a> a entrega de relat\u00f3rios sobre o complexo, que seriam utilizadas no planejamento das pr\u00f3ximas etapas do projeto.<\/p>\n<p><span style=\"font-weight: 400;\">Ao passo em que os moradores estavam se tornando cada vez mais proeminentes na realiza\u00e7\u00e3o do que restava do Projeto Rio,\u00a0o governo, simultaneamente, foi se desvinculando do trabalho. Uma mat\u00e9ria confi\u00e1vel anunciou em julho de 1979 que os trabalhos do projeto deveriam come\u00e7ar em dezembro, e que o Projeto Rio n\u00e3o seria afetado por nenhum corte de verba do governo. Entretanto, em novembro, a data inicial do projeto foi adiada \u201cem 180 dias\u201d devido \u00e0 falta de fundos para a constru\u00e7\u00e3o das casas no aterro. Essa primeira mudan\u00e7a no calend\u00e1rio foi apenas o come\u00e7o de uma longa s\u00e9rie de atrasos. Em janeiro de 1980, a m\u00e1quina que o Departamento Nacional de Obras de Saneamento (DNOS) estava utilizando para dragar o fundo da <a href=\"http:\/\/bit.ly\/1i8xoT1\" target=\"_blank\" rel=\"noopener\">Ba\u00eda de Guanabara<\/a>\u00a0estava fora de funcionamento. Em mar\u00e7o de 1981, o DNOS ainda estava focado na \u201cprimeira etapa\u201d do projeto depois de 14 meses de trabalho. O progresso lento <\/span>for\u00e7ou as ag\u00eancias governamentais respons\u00e1veis pelo projeto a reduzi-lo dramaticamente no meio de sua conclus\u00e3o.<\/p>\n<p><a href=\"http:\/\/rioonwatch.org.br\/wp-content\/uploads\/2017\/09\/Mangroves.png\"><img fetchpriority=\"high\" decoding=\"async\" class=\"aligncenter wp-image-28198 size-medium\" title=\"O ministro do Interior, M\u00e1rio Andreazza, visita os manguezais \u00e0 beira da Ba\u00eda de Guanabara, o futuro local do Projeto Rio, em mat\u00e9ria publicada no O Dia em junho de 1979.\" src=\"http:\/\/rioonwatch.org.br\/wp-content\/uploads\/2017\/09\/Mangroves-620x367.png\" alt=\"\" width=\"620\" height=\"367\" srcset=\"https:\/\/rioonwatch.org.br\/wp-content\/uploads\/2017\/09\/Mangroves-620x367.png 620w, https:\/\/rioonwatch.org.br\/wp-content\/uploads\/2017\/09\/Mangroves-446x264.png 446w, https:\/\/rioonwatch.org.br\/wp-content\/uploads\/2017\/09\/Mangroves.png 744w\" sizes=\"(max-width: 620px) 100vw, 620px\" \/><\/a><\/p>\n<p><span style=\"font-weight: 400;\">A falta de coordena\u00e7\u00e3o entre os diferentes n\u00edveis do governo tamb\u00e9m <\/span><span style=\"font-weight: 400;\">paralisou os esfor\u00e7os.<\/span><span style=\"font-weight: 400;\"> Em uma visita ao local do projeto&#8211;j\u00e1 com grande atraso&#8211;em janeiro de 1980, o ent\u00e3o ministro do interior M\u00e1rio Andreazza apontou que \u201c\u00e9 muito dif\u00edcil prever datas, porque a obra envolve as administra\u00e7\u00f5es federal, estadual e municipal, embora o Projeto Rio se enquadre no Programa de Desenvolvimento Metropolitano do Rio\u201d. A confus\u00e3o generalizada sobre a responsabilidade do projeto&#8211;assim como o desejo de se livrar dessa responsabilidade quando o trabalho se tornou um fardo&#8211;impregnou a implanta\u00e7\u00e3o do projeto. Em novembro de 1979, o chefe da Fundrem recusou falar sobre os objetivos do projeto e seu progresso, direcionando as quest\u00f5es ao DNOS. Ele mencionou que enquanto o DNOS era respons\u00e1vel por completar o aterro, a ag\u00eancia estatal Cehab assumiria a <a href=\"http:\/\/bit.ly\/11akTLK\" target=\"_blank\" rel=\"noopener\">constru\u00e7\u00e3o das casas para os moradores da Mar\u00e9<\/a>. Entretanto, quase que um ano depois, em fevereiro de 1981, o DNOS concordou que sua participa\u00e7\u00e3o no Projeto Rio foi conclu\u00edda ap\u00f3s a conclus\u00e3o do aterro, mas que o <a href=\"http:\/\/bit.ly\/2syDr8n\" target=\"_blank\" rel=\"noopener\">Banco Nacional da Habita\u00e7\u00e3o (BNH)<\/a> ou a Fundrem deveriam se responsabilizar pelo desenvolvimento da habita\u00e7\u00e3o no local.<\/span><\/p>\n<p><span style=\"font-weight: 400;\">Diferentes ag\u00eancias constantemente passando a bola minou a vontade pol\u00edtica para o projeto. A <a href=\"http:\/\/bit.ly\/2xiOB6A\" target=\"_blank\" rel=\"noopener\">crise econ\u00f4mica de 1981-1982<\/a> tamb\u00e9m impediu que os fundos fossem atribu\u00eddos ao projeto em um momento em que o compromisso das autoridades com o projeto j\u00e1 estava diminuindo. A Prefeitura do Rio de Janeiro recebeu uma doa\u00e7\u00e3o de US$500.000,00 do Banco Interamericano de Desenvolvimento (BID) para o projeto, em mar\u00e7o de 1980, e Andreazza liberou mais dinheiro federal para o projeto em fevereiro de 1981, mas at\u00e9 mesmo o arquiteto do Projeto Rio reconheceu que havia chegado o momento de cortar as perdas do governo e conceder t\u00edtulos de propriedade aos moradores.\u00a0<\/span>Em \u00faltima an\u00e1lise, a incorpora\u00e7\u00e3o do projeto do Rio no federal <a href=\"http:\/\/bit.ly\/VV4Ddn\" target=\"_blank\" rel=\"noopener\">Promorar<\/a> pode ter condenado o projeto, ao envolv\u00ea-lo com a interfer\u00eancia federal e a burocracia, condi\u00e7\u00f5es que recursos adicionais de Bras\u00edlia n\u00e3o eram capazes de contrabalan\u00e7ar.\u00a0<span style=\"font-weight: 400;\">Mesmo assim, o projeto teve sucesso no principal objetivo do Promorar de eliminar as palafitas, apesar desse objetivo nunca ter acompanhado a ambi\u00e7\u00e3o do Projeto Rio de erradicar totalmente a Mar\u00e9.\u00a0Em face da enorme inefici\u00eancia e confus\u00e3o, essa pequena e t\u00e9cnica vit\u00f3ria federal ocorreu \u00e0s custas de uma longa dor de cabe\u00e7a para os tr\u00eas n\u00edveis de governo.<\/span><\/p>\n<p><a href=\"http:\/\/rioonwatch.org.br\/wp-content\/uploads\/2017\/09\/Andreazza-Chagas-Freitas.jpg\"><img decoding=\"async\" class=\"aligncenter wp-image-28190 size-content\" title=\"Ministro do interior abra\u00e7ado com o Governador do Rio de Janeiro Chagas Freitas, publicado no O Dia em junho de 1979.\" src=\"http:\/\/rioonwatch.org.br\/wp-content\/uploads\/2017\/09\/Andreazza-Chagas-Freitas-620x264.jpg\" alt=\"\" width=\"620\" height=\"264\" \/><\/a><\/p>\n<p><span style=\"font-weight: 400;\">Outra dimens\u00e3o da quebra dos esfor\u00e7os do governo era pessoal e n\u00e3o burocr\u00e1tica.<\/span> <span style=\"font-weight: 400;\">Algumas autoridades questionaram publicamente o projeto, o mais proeminente foi o prefeito Israel Klabin, um pol\u00edtico progressista de origem judaica indicado ao cargo pelo governador Chagas Freitas em 1979. Durante seus 15 meses de mandato, Klabin apoiou a urbaniza\u00e7\u00e3o das favelas em vez de sua remo\u00e7\u00e3o, supervisionando um projeto da UNICEF de urbaniza\u00e7\u00e3o da <a href=\"http:\/\/bit.ly\/16w2zz1\" target=\"_blank\" rel=\"noopener\">Rocinha<\/a>. Esse projeto, realizado atrav\u00e9s dos esfor\u00e7os dos moradores, contrastava com o trabalho de cima para baixo do governo na Mar\u00e9. Klabin era familiar com a Mar\u00e9: em abril de 1979 ele visitou o complexo para implementar o programa sanit\u00e1rio mantido pelos moradores\u00a0<\/span><span style=\"font-weight: 400;\">que serviria de modelo para a urbaniza\u00e7\u00e3o da Rocinha. Quando esteve l\u00e1 o prefeito expressou choque e desapontamento com \u201ctanta sujeira e abandono\u201d que ele viu, perguntando: \u201cComo \u00e9 que, depois de tantos anos e tantos governos, o tratamento aqui tem sido dado de forma burocr\u00e1tica, dispersa, pouco objetiva e sem compaix\u00e3o?\u201d<\/span><\/p>\n<p><span style=\"font-weight: 400;\">Em rela\u00e7\u00e3o \u00e0 sua \u00e9poca, Klabin teve uma abordagem mais humana na Mar\u00e9 quando debatia o Projeto Rio. No encontro com Andreazza e Chagas Freitas em meados de junho de 1979, o prefeito disse que \u201curbaniza\u00e7\u00e3o e erradica\u00e7\u00e3o de favelas\u201d precisava ser acompanhada por \u201cplanejamento social, visando a conscientiza\u00e7\u00e3o do favelado para que ele passe a pretender melhores condi\u00e7\u00f5es de vida\u201d. Em outra mat\u00e9ria publicada no mesmo dia, quando questionado a comentar sobre o plano, Klabin respondeu, \u201c<\/span>como cidad\u00e3o&#8230; Acho incompleto o projeto de aterro, pois considero o aspecto social fundamental<span style=\"font-weight: 400;\">\u201d. Klabin deixou de ser prefeito do Rio em 1980 por quest\u00f5es n\u00e3o relacionadas ao Projeto Rio, mas seu apoio morno ao projeto na imprensa sugere um profundo desconforto com remo\u00e7\u00f5es de favelas como pol\u00edtica. A m\u00e1 vontade de Klabin de abra\u00e7ar o projeto tamb\u00e9m ajudou a explicar o porqu\u00ea de Andreazza, apesar de ser ministro, ser a autoridade mais frequente a ser vista visitando o local do projeto. Mesmo antes que as falhas fundamentais nos planos do governo se tornassem vis\u00edveis, um lado da base de apoio <\/span><span style=\"font-weight: 400;\">tripartid\u00e1ria<\/span><span style=\"font-weight: 400;\">\u00a0do projeto j\u00e1 estava vacilante.<\/span><\/p>\n<p><a href=\"http:\/\/rioonwatch.org.br\/wp-content\/uploads\/2017\/09\/Klabin.png\"><img loading=\"lazy\" decoding=\"async\" class=\"aligncenter wp-image-28204 size-medium\" title=\"O prefeito do Rio de Janeiro, Israel Klabin, visita Mar\u00e9 em abril de 1979, publicado no O Globo.\" src=\"http:\/\/rioonwatch.org.br\/wp-content\/uploads\/2017\/09\/Klabin-620x341.png\" alt=\"\" width=\"620\" height=\"341\" srcset=\"https:\/\/rioonwatch.org.br\/wp-content\/uploads\/2017\/09\/Klabin-620x341.png 620w, https:\/\/rioonwatch.org.br\/wp-content\/uploads\/2017\/09\/Klabin-480x264.png 480w, https:\/\/rioonwatch.org.br\/wp-content\/uploads\/2017\/09\/Klabin.png 702w\" sizes=\"(max-width: 620px) 100vw, 620px\" \/><\/a><\/p>\n<p><span style=\"font-weight: 400;\">O suporte de figuras de fora da favela, junto com a inefici\u00eancia do governo e a m\u00e1 sorte, ajudou a forte resist\u00eancia dos moradores em desacelerar, paralisar e permanentemente modificar o Projeto Rio. A oposi\u00e7\u00e3o ao projeto&#8211;seja sincera como a de Niemeyer, em causa pr\u00f3pria como da UFRJ, ou interna como a Klabin&#8211;teve implica\u00e7\u00f5es dentro e fora da favela. Para a Mar\u00e9, o projeto representava uma bem-vinda pausa em rela\u00e7\u00e3o ao passado. Em 1979, o governo federal tentou impor sua vontade \u00e0 favela do modo que tinha funcionado tantas vezes no auge da ditadura, por\u00e9m desta vez os moradores se opusessem com rapidez e, eventualmente, conseguiram frustrar seus planos. O Projeto Rio conseguiu alterar a paisagem do complexo para sempre, e tamb\u00e9m serviu como uma vitrine da resist\u00eancia da favela. Entretanto, na cidade ao redor do complexo, o projeto tornou-se um ponto de encontro em torno do qual os n\u00e3o moradores podiam experimentar a ret\u00f3rica antigoverno, j\u00e1 que o processo de abertura estava come\u00e7ando \u00e0 s\u00e9rio.<\/span><\/p>\n<p><span style=\"font-weight: 400;\">Felizmente, estes dois processos se sobrepuseram em 1979; em um momento de transi\u00e7\u00e3o para o Brasil, mudan\u00e7as em v\u00e1rios n\u00edveis da sociedade despertaram e convergiram, interrompendo a conclus\u00e3o do projeto. A antiga alian\u00e7a entre moradores e pessoas de fora que impediu a erradica\u00e7\u00e3o da Mar\u00e9 n\u00e3o levou \u00e0 integra\u00e7\u00e3o total da favela na cidade formal ou acabou com a marginaliza\u00e7\u00e3o de seus moradores: <a href=\"http:\/\/bit.ly\/2y339W5\" target=\"_blank\" rel=\"noopener\">viol\u00eancia policial, infraestrutura pobre e amea\u00e7as de remo\u00e7\u00e3o ainda afetam a comunidade hoje<\/a>, tanto quanto em 1979. Ainda assim, o Projeto Rio demonstra um momento eminente onde o complexo impediu uma enorme amea\u00e7a \u00e0 sua exist\u00eancia, atravessando uma ret\u00f3rica turbulenta e agendas divergentes para fazer uma declara\u00e7\u00e3o poderosa sobre a efic\u00e1cia da resist\u00eancia das favelas em um Brasil cada vez mais democr\u00e1tico.<\/span><\/p>\n<p><em>Esta \u00e9 terceira e \u00faltima mat\u00e9ria de uma\u00a0<a href=\"http:\/\/bit.ly\/2upxtLo\" target=\"_blank\" rel=\"noopener noreferrer\">s\u00e9rie de tr\u00eas sobre a hist\u00f3ria do programa de renova\u00e7\u00e3o urbana Projeto Rio na Mar\u00e9, desde 1979 at\u00e9 1981<\/a>.\u00a0<\/em><\/p>\n<p>A pesquisa para esta mat\u00e9ria foi feita atrav\u00e9s do acervo existente no Arquivo Dona Orosina Vieira do Museu da Mar\u00e9. As fontes de jornais usados foram:\u00a0<i>Assessoria de Comunica\u00e7\u00e3o Social\u00a0<\/i>(1980),\u00a0<i>O Dia\u00a0<\/i>(1979-1981),\u00a0<i>O Fluminense\u00a0<\/i>(1979),\u00a0<i>O Globo\u00a0<\/i>(1979-1980),\u00a0<i>Isto \u00c9\u00a0<\/i>(1979),\u00a0<i>Jornal do Brasil\u00a0<\/i>(1979-1981),\u00a0<i>Jornal do Com\u00e9rcio\u00a0<\/i>(1981),\u00a0<i>Luta\u00a0<\/i>(1979-1981),\u00a0<i>Tribuna da Imprensa\u00a0<\/i>(1979),\u00a0<i>\u00daltima Hora\u00a0<\/i>(1979-1981),\u00a0todos reunidos no arquivo do Museu da Mar\u00e9.<\/p>\n<h4>Fontes:<\/h4>\n<ol>\n<li>Barbassa, Juliana.\u00a0<i>Dan\u00e7ando Com o Diabo na Cidade de Deus: <\/i>\u00a0<i>Rio de Janeiro \u00e0 Beira<\/i> Nova Iorque: Simon &amp; Schuster, 2015.<\/li>\n<li>Freitas, J\u00e2nio de. \u201cImprensa e democracia.\u201d\u00a0<i>Folha de S. Paulo<\/i>\u00a0(3 de junho de 2012).<\/li>\n<li>Guillermoprieto, Alma.\u00a0<i>Samba<\/i>. Nova Iorque: Vintage, 1990.<\/li>\n<li>Jacques, Paola Berenstein. \u201cCartografias da Mar\u00e9.\u201d Na <i>Mar\u00e9<\/i>:<i> Vida Na Favela<\/i>. \u00a0Rio de Janeiro: Casa da Palavra, 2002.<\/li>\n<li>McCann, Bryan.\u00a0<i>Tempos Dif\u00edceis na Cidade Maravilhosa: Da Ditadura \u00e0 Democracia nas Favelas do Rio de Janeiro.<\/i>\u00a0Durham and London: Duke University Press, 2014.<\/li>\n<li>Perlman, Janice E.\u00a0<i>Favela: Quatro D\u00e9cadas Vivendo \u00e0 Beira no Rio de Janeiro.<\/i> Nova Iorque: Oxford University Press, 2010.<\/li>\n<li>Silva, Cl\u00e1udia Rose Ribeiro da. Mar\u00e9: A Inven\u00e7\u00e3o de um Bairro. Tese de Mestrado. Funda\u00e7\u00e3o Get\u00falio Vargas: Centro de Pesquisa e Documenta\u00e7\u00e3o de Hist\u00f3ria Contempor\u00e2nea do Brasil, 2006.<\/li>\n<li>Williams, Daryl; Chazkel, Amy; Knauss, Paulo, editores.\u00a0<i>Leitor do Rio de Janeiro:\u00a0Hist\u00f3ria, Cultura, Pol\u00edtica<\/i>. Duke<\/li>\n<\/ol>\n<hr \/>\n<h3><em>S\u00e9rie Completa:\u00a0<a href=\"http:\/\/bit.ly\/2upxtLo\" target=\"_blank\" rel=\"noopener noreferrer\">Hist\u00f3ria do Projeto Rio na Mar\u00e9<\/a><\/em><\/h3>\n<p>Parte 1:\u00a0<a href=\"http:\/\/bit.ly\/2uyGr9P\" target=\"_blank\" rel=\"noopener\">O Canto da Sereia<\/a><br \/>\nParte 2:\u00a0<a href=\"http:\/\/bit.ly\/2eCsAW0\" target=\"_blank\" rel=\"noopener\">Aliados Juntem-se \u00e0 Luta<\/a><br \/>\nParte 3: <a href=\"http:\/\/bit.ly\/2y3zgoG\" target=\"_blank\" rel=\"noopener\">Desagrega\u00e7\u00e3o do Governo<\/a><\/p>\n<!-- AddThis Advanced Settings generic via filter on the_content --><!-- AddThis Share Buttons generic via filter on the_content -->","protected":false},"excerpt":{"rendered":"<div class=\"mh-excerpt\"><p>Click Here for English Esta \u00e9 a terceira mat\u00e9ria de uma\u00a0s\u00e9rie de tr\u00eas sobre a hist\u00f3ria do programa de renova\u00e7\u00e3o urbana Projeto Rio na Mar\u00e9. Al\u00e9m dos protestos, a debilidade do governo tamb\u00e9m contribuiu para <a class=\"mh-excerpt-more\" href=\"https:\/\/rioonwatch.org.br\/?p=28188\" title=\"Hist\u00f3ria do \u2018Projeto Rio\u2019 na Mar\u00e9 Parte 3: Desagrega\u00e7\u00e3o do Governo\">[&#8230;]<\/a><!-- AddThis Advanced Settings generic via filter on get_the_excerpt --><!-- AddThis Share Buttons generic via filter on get_the_excerpt --><\/p>\n<\/div>","protected":false},"author":129,"featured_media":28190,"comment_status":"closed","ping_status":"closed","sticky":false,"template":"","format":"standard","meta":{"_acf_changed":false,"_monsterinsights_skip_tracking":false,"_monsterinsights_sitenote_active":false,"_monsterinsights_sitenote_note":"","_monsterinsights_sitenote_category":0,"footnotes":""},"categories":[1632,1626],"tags":[655,332,1023,128,1151,1037,358,2155,763,16,2154],"writer":[2109],"translator":[1737],"source":[],"ilustrador":[],"fotografo":[],"class_list":{"0":"post-28188","1":"post","2":"type-post","3":"status-publish","4":"format-standard","5":"has-post-thumbnail","7":"category-pesquisa-e-analise","8":"category-por-observadores-internacionais","9":"tag-associacao-de-moradores","10":"tag-complexo-da-mare","11":"tag-ditadura-militar","12":"tag-historia","13":"tag-organizacao","14":"tag-moradia","15":"tag-organizacao-comunitaria","16":"tag-projeto-rio","17":"tag-protesto","18":"tag-rocinha","19":"tag-serie-projeto-rio","20":"writer-claire-jones","21":"translator-fabricio-salles"},"acf":[],"yoast_head":"<!-- This site is optimized with the Yoast SEO plugin v25.6 - https:\/\/yoast.com\/wordpress\/plugins\/seo\/ -->\n<title>Hist\u00f3ria do \u2018Projeto Rio\u2019 na Mar\u00e9 Parte 3: Desagrega\u00e7\u00e3o do Governo - RioOnWatch<\/title>\n<meta name=\"robots\" content=\"index, follow, max-snippet:-1, max-image-preview:large, max-video-preview:-1\" \/>\n<link rel=\"canonical\" href=\"https:\/\/rioonwatch.org.br\/?p=28188\" \/>\n<meta property=\"og:locale\" content=\"pt_BR\" \/>\n<meta property=\"og:type\" content=\"article\" \/>\n<meta property=\"og:title\" content=\"Hist\u00f3ria do \u2018Projeto Rio\u2019 na Mar\u00e9 Parte 3: Desagrega\u00e7\u00e3o do Governo - RioOnWatch\" \/>\n<meta property=\"og:description\" content=\"Click Here for English Esta \u00e9 a terceira mat\u00e9ria de uma\u00a0s\u00e9rie de tr\u00eas sobre a hist\u00f3ria do programa de renova\u00e7\u00e3o urbana Projeto Rio na Mar\u00e9. Al\u00e9m dos protestos, a debilidade do governo tamb\u00e9m contribuiu para [...]\" \/>\n<meta property=\"og:url\" content=\"https:\/\/rioonwatch.org.br\/?p=28188\" \/>\n<meta property=\"og:site_name\" content=\"RioOnWatch\" \/>\n<meta property=\"article:published_time\" content=\"2017-09-20T16:17:38+00:00\" \/>\n<meta property=\"article:modified_time\" content=\"2017-09-20T16:18:25+00:00\" \/>\n<meta property=\"og:image\" content=\"https:\/\/rioonwatch.org.br\/wp-content\/uploads\/2017\/09\/Andreazza-Chagas-Freitas.jpg\" \/>\n\t<meta property=\"og:image:width\" content=\"670\" \/>\n\t<meta property=\"og:image:height\" content=\"345\" \/>\n\t<meta property=\"og:image:type\" content=\"image\/jpeg\" \/>\n<meta name=\"author\" content=\"Admin\" \/>\n<meta name=\"twitter:card\" content=\"summary_large_image\" \/>\n<meta name=\"twitter:label1\" content=\"Escrito por\" \/>\n\t<meta name=\"twitter:data1\" content=\"Admin\" \/>\n\t<meta name=\"twitter:label2\" content=\"Est. tempo de leitura\" \/>\n\t<meta name=\"twitter:data2\" content=\"9 minutos\" \/>\n<script type=\"application\/ld+json\" class=\"yoast-schema-graph\">{\"@context\":\"https:\/\/schema.org\",\"@graph\":[{\"@type\":\"Article\",\"@id\":\"https:\/\/rioonwatch.org.br\/?p=28188#article\",\"isPartOf\":{\"@id\":\"https:\/\/rioonwatch.org.br\/?p=28188\"},\"author\":{\"name\":\"Admin\",\"@id\":\"https:\/\/rioonwatch.org.br\/#\/schema\/person\/11d64c290506f9df50c71b850c473f68\"},\"headline\":\"Hist\u00f3ria do \u2018Projeto Rio\u2019 na Mar\u00e9 Parte 3: Desagrega\u00e7\u00e3o do Governo\",\"datePublished\":\"2017-09-20T16:17:38+00:00\",\"dateModified\":\"2017-09-20T16:18:25+00:00\",\"mainEntityOfPage\":{\"@id\":\"https:\/\/rioonwatch.org.br\/?p=28188\"},\"wordCount\":1894,\"publisher\":{\"@id\":\"https:\/\/rioonwatch.org.br\/#organization\"},\"image\":{\"@id\":\"https:\/\/rioonwatch.org.br\/?p=28188#primaryimage\"},\"thumbnailUrl\":\"https:\/\/rioonwatch.org.br\/wp-content\/uploads\/2017\/09\/Andreazza-Chagas-Freitas.jpg\",\"keywords\":[\"Associa\u00e7\u00e3o de Moradores\",\"Complexo da Mar\u00e9\",\"Ditadura Militar\",\"hist\u00f3ria\",\"mobiliza\u00e7\u00e3o\",\"moradia\",\"organiza\u00e7\u00e3o comunit\u00e1ria\",\"Projeto Rio\",\"protesto\",\"Rocinha\",\"S\u00e9rie: Projeto Rio\"],\"articleSection\":[\"Dados e Pesquisa\",\"Escrito por Aliados\"],\"inLanguage\":\"pt-BR\"},{\"@type\":\"WebPage\",\"@id\":\"https:\/\/rioonwatch.org.br\/?p=28188\",\"url\":\"https:\/\/rioonwatch.org.br\/?p=28188\",\"name\":\"Hist\u00f3ria do \u2018Projeto Rio\u2019 na Mar\u00e9 Parte 3: Desagrega\u00e7\u00e3o do Governo - RioOnWatch\",\"isPartOf\":{\"@id\":\"https:\/\/rioonwatch.org.br\/#website\"},\"primaryImageOfPage\":{\"@id\":\"https:\/\/rioonwatch.org.br\/?p=28188#primaryimage\"},\"image\":{\"@id\":\"https:\/\/rioonwatch.org.br\/?p=28188#primaryimage\"},\"thumbnailUrl\":\"https:\/\/rioonwatch.org.br\/wp-content\/uploads\/2017\/09\/Andreazza-Chagas-Freitas.jpg\",\"datePublished\":\"2017-09-20T16:17:38+00:00\",\"dateModified\":\"2017-09-20T16:18:25+00:00\",\"breadcrumb\":{\"@id\":\"https:\/\/rioonwatch.org.br\/?p=28188#breadcrumb\"},\"inLanguage\":\"pt-BR\",\"potentialAction\":[{\"@type\":\"ReadAction\",\"target\":[\"https:\/\/rioonwatch.org.br\/?p=28188\"]}]},{\"@type\":\"ImageObject\",\"inLanguage\":\"pt-BR\",\"@id\":\"https:\/\/rioonwatch.org.br\/?p=28188#primaryimage\",\"url\":\"https:\/\/rioonwatch.org.br\/wp-content\/uploads\/2017\/09\/Andreazza-Chagas-Freitas.jpg\",\"contentUrl\":\"https:\/\/rioonwatch.org.br\/wp-content\/uploads\/2017\/09\/Andreazza-Chagas-Freitas.jpg\",\"width\":670,\"height\":345},{\"@type\":\"BreadcrumbList\",\"@id\":\"https:\/\/rioonwatch.org.br\/?p=28188#breadcrumb\",\"itemListElement\":[{\"@type\":\"ListItem\",\"position\":1,\"name\":\"In\u00edcio\",\"item\":\"https:\/\/rioonwatch.org.br\/\"},{\"@type\":\"ListItem\",\"position\":2,\"name\":\"Hist\u00f3ria do \u2018Projeto Rio\u2019 na Mar\u00e9 Parte 3: Desagrega\u00e7\u00e3o do Governo\"}]},{\"@type\":\"WebSite\",\"@id\":\"https:\/\/rioonwatch.org.br\/#website\",\"url\":\"https:\/\/rioonwatch.org.br\/\",\"name\":\"RioOnWatch\",\"description\":\"relatos das favelas cariocas\",\"publisher\":{\"@id\":\"https:\/\/rioonwatch.org.br\/#organization\"},\"potentialAction\":[{\"@type\":\"SearchAction\",\"target\":{\"@type\":\"EntryPoint\",\"urlTemplate\":\"https:\/\/rioonwatch.org.br\/?s={search_term_string}\"},\"query-input\":{\"@type\":\"PropertyValueSpecification\",\"valueRequired\":true,\"valueName\":\"search_term_string\"}}],\"inLanguage\":\"pt-BR\"},{\"@type\":\"Organization\",\"@id\":\"https:\/\/rioonwatch.org.br\/#organization\",\"name\":\"RioOnWatch\",\"url\":\"https:\/\/rioonwatch.org.br\/\",\"logo\":{\"@type\":\"ImageObject\",\"inLanguage\":\"pt-BR\",\"@id\":\"https:\/\/rioonwatch.org.br\/#\/schema\/logo\/image\/\",\"url\":\"https:\/\/rioonwatch.org.br\/wp-content\/uploads\/2021\/06\/RioOnWatchcabecalhoPT11anos-2.png\",\"contentUrl\":\"https:\/\/rioonwatch.org.br\/wp-content\/uploads\/2021\/06\/RioOnWatchcabecalhoPT11anos-2.png\",\"width\":779,\"height\":277,\"caption\":\"RioOnWatch\"},\"image\":{\"@id\":\"https:\/\/rioonwatch.org.br\/#\/schema\/logo\/image\/\"}},{\"@type\":\"Person\",\"@id\":\"https:\/\/rioonwatch.org.br\/#\/schema\/person\/11d64c290506f9df50c71b850c473f68\",\"name\":\"Admin\",\"image\":{\"@type\":\"ImageObject\",\"inLanguage\":\"pt-BR\",\"@id\":\"https:\/\/rioonwatch.org.br\/#\/schema\/person\/image\/\",\"url\":\"https:\/\/secure.gravatar.com\/avatar\/56211ac74568383903349a1485e3c325?s=96&d=blank&r=g\",\"contentUrl\":\"https:\/\/secure.gravatar.com\/avatar\/56211ac74568383903349a1485e3c325?s=96&d=blank&r=g\",\"caption\":\"Admin\"},\"url\":\"https:\/\/rioonwatch.org.br\/?author=129\"}]}<\/script>\n<!-- \/ Yoast SEO plugin. -->","yoast_head_json":{"title":"Hist\u00f3ria do \u2018Projeto Rio\u2019 na Mar\u00e9 Parte 3: Desagrega\u00e7\u00e3o do Governo - RioOnWatch","robots":{"index":"index","follow":"follow","max-snippet":"max-snippet:-1","max-image-preview":"max-image-preview:large","max-video-preview":"max-video-preview:-1"},"canonical":"https:\/\/rioonwatch.org.br\/?p=28188","og_locale":"pt_BR","og_type":"article","og_title":"Hist\u00f3ria do \u2018Projeto Rio\u2019 na Mar\u00e9 Parte 3: Desagrega\u00e7\u00e3o do Governo - RioOnWatch","og_description":"Click Here for English Esta \u00e9 a terceira mat\u00e9ria de uma\u00a0s\u00e9rie de tr\u00eas sobre a hist\u00f3ria do programa de renova\u00e7\u00e3o urbana Projeto Rio na Mar\u00e9. Al\u00e9m dos protestos, a debilidade do governo tamb\u00e9m contribuiu para [...]","og_url":"https:\/\/rioonwatch.org.br\/?p=28188","og_site_name":"RioOnWatch","article_published_time":"2017-09-20T16:17:38+00:00","article_modified_time":"2017-09-20T16:18:25+00:00","og_image":[{"width":670,"height":345,"url":"https:\/\/rioonwatch.org.br\/wp-content\/uploads\/2017\/09\/Andreazza-Chagas-Freitas.jpg","type":"image\/jpeg"}],"author":"Admin","twitter_card":"summary_large_image","twitter_misc":{"Escrito por":"Admin","Est. tempo de leitura":"9 minutos"},"schema":{"@context":"https:\/\/schema.org","@graph":[{"@type":"Article","@id":"https:\/\/rioonwatch.org.br\/?p=28188#article","isPartOf":{"@id":"https:\/\/rioonwatch.org.br\/?p=28188"},"author":{"name":"Admin","@id":"https:\/\/rioonwatch.org.br\/#\/schema\/person\/11d64c290506f9df50c71b850c473f68"},"headline":"Hist\u00f3ria do \u2018Projeto Rio\u2019 na Mar\u00e9 Parte 3: Desagrega\u00e7\u00e3o do Governo","datePublished":"2017-09-20T16:17:38+00:00","dateModified":"2017-09-20T16:18:25+00:00","mainEntityOfPage":{"@id":"https:\/\/rioonwatch.org.br\/?p=28188"},"wordCount":1894,"publisher":{"@id":"https:\/\/rioonwatch.org.br\/#organization"},"image":{"@id":"https:\/\/rioonwatch.org.br\/?p=28188#primaryimage"},"thumbnailUrl":"https:\/\/rioonwatch.org.br\/wp-content\/uploads\/2017\/09\/Andreazza-Chagas-Freitas.jpg","keywords":["Associa\u00e7\u00e3o de Moradores","Complexo da Mar\u00e9","Ditadura Militar","hist\u00f3ria","mobiliza\u00e7\u00e3o","moradia","organiza\u00e7\u00e3o comunit\u00e1ria","Projeto Rio","protesto","Rocinha","S\u00e9rie: Projeto Rio"],"articleSection":["Dados e Pesquisa","Escrito por Aliados"],"inLanguage":"pt-BR"},{"@type":"WebPage","@id":"https:\/\/rioonwatch.org.br\/?p=28188","url":"https:\/\/rioonwatch.org.br\/?p=28188","name":"Hist\u00f3ria do \u2018Projeto Rio\u2019 na Mar\u00e9 Parte 3: Desagrega\u00e7\u00e3o do Governo - RioOnWatch","isPartOf":{"@id":"https:\/\/rioonwatch.org.br\/#website"},"primaryImageOfPage":{"@id":"https:\/\/rioonwatch.org.br\/?p=28188#primaryimage"},"image":{"@id":"https:\/\/rioonwatch.org.br\/?p=28188#primaryimage"},"thumbnailUrl":"https:\/\/rioonwatch.org.br\/wp-content\/uploads\/2017\/09\/Andreazza-Chagas-Freitas.jpg","datePublished":"2017-09-20T16:17:38+00:00","dateModified":"2017-09-20T16:18:25+00:00","breadcrumb":{"@id":"https:\/\/rioonwatch.org.br\/?p=28188#breadcrumb"},"inLanguage":"pt-BR","potentialAction":[{"@type":"ReadAction","target":["https:\/\/rioonwatch.org.br\/?p=28188"]}]},{"@type":"ImageObject","inLanguage":"pt-BR","@id":"https:\/\/rioonwatch.org.br\/?p=28188#primaryimage","url":"https:\/\/rioonwatch.org.br\/wp-content\/uploads\/2017\/09\/Andreazza-Chagas-Freitas.jpg","contentUrl":"https:\/\/rioonwatch.org.br\/wp-content\/uploads\/2017\/09\/Andreazza-Chagas-Freitas.jpg","width":670,"height":345},{"@type":"BreadcrumbList","@id":"https:\/\/rioonwatch.org.br\/?p=28188#breadcrumb","itemListElement":[{"@type":"ListItem","position":1,"name":"In\u00edcio","item":"https:\/\/rioonwatch.org.br\/"},{"@type":"ListItem","position":2,"name":"Hist\u00f3ria do \u2018Projeto Rio\u2019 na Mar\u00e9 Parte 3: Desagrega\u00e7\u00e3o do Governo"}]},{"@type":"WebSite","@id":"https:\/\/rioonwatch.org.br\/#website","url":"https:\/\/rioonwatch.org.br\/","name":"RioOnWatch","description":"relatos das favelas cariocas","publisher":{"@id":"https:\/\/rioonwatch.org.br\/#organization"},"potentialAction":[{"@type":"SearchAction","target":{"@type":"EntryPoint","urlTemplate":"https:\/\/rioonwatch.org.br\/?s={search_term_string}"},"query-input":{"@type":"PropertyValueSpecification","valueRequired":true,"valueName":"search_term_string"}}],"inLanguage":"pt-BR"},{"@type":"Organization","@id":"https:\/\/rioonwatch.org.br\/#organization","name":"RioOnWatch","url":"https:\/\/rioonwatch.org.br\/","logo":{"@type":"ImageObject","inLanguage":"pt-BR","@id":"https:\/\/rioonwatch.org.br\/#\/schema\/logo\/image\/","url":"https:\/\/rioonwatch.org.br\/wp-content\/uploads\/2021\/06\/RioOnWatchcabecalhoPT11anos-2.png","contentUrl":"https:\/\/rioonwatch.org.br\/wp-content\/uploads\/2021\/06\/RioOnWatchcabecalhoPT11anos-2.png","width":779,"height":277,"caption":"RioOnWatch"},"image":{"@id":"https:\/\/rioonwatch.org.br\/#\/schema\/logo\/image\/"}},{"@type":"Person","@id":"https:\/\/rioonwatch.org.br\/#\/schema\/person\/11d64c290506f9df50c71b850c473f68","name":"Admin","image":{"@type":"ImageObject","inLanguage":"pt-BR","@id":"https:\/\/rioonwatch.org.br\/#\/schema\/person\/image\/","url":"https:\/\/secure.gravatar.com\/avatar\/56211ac74568383903349a1485e3c325?s=96&d=blank&r=g","contentUrl":"https:\/\/secure.gravatar.com\/avatar\/56211ac74568383903349a1485e3c325?s=96&d=blank&r=g","caption":"Admin"},"url":"https:\/\/rioonwatch.org.br\/?author=129"}]}},"_links":{"self":[{"href":"https:\/\/rioonwatch.org.br\/index.php?rest_route=\/wp\/v2\/posts\/28188"}],"collection":[{"href":"https:\/\/rioonwatch.org.br\/index.php?rest_route=\/wp\/v2\/posts"}],"about":[{"href":"https:\/\/rioonwatch.org.br\/index.php?rest_route=\/wp\/v2\/types\/post"}],"author":[{"embeddable":true,"href":"https:\/\/rioonwatch.org.br\/index.php?rest_route=\/wp\/v2\/users\/129"}],"replies":[{"embeddable":true,"href":"https:\/\/rioonwatch.org.br\/index.php?rest_route=%2Fwp%2Fv2%2Fcomments&post=28188"}],"version-history":[{"count":19,"href":"https:\/\/rioonwatch.org.br\/index.php?rest_route=\/wp\/v2\/posts\/28188\/revisions"}],"predecessor-version":[{"id":28349,"href":"https:\/\/rioonwatch.org.br\/index.php?rest_route=\/wp\/v2\/posts\/28188\/revisions\/28349"}],"wp:featuredmedia":[{"embeddable":true,"href":"https:\/\/rioonwatch.org.br\/index.php?rest_route=\/wp\/v2\/media\/28190"}],"wp:attachment":[{"href":"https:\/\/rioonwatch.org.br\/index.php?rest_route=%2Fwp%2Fv2%2Fmedia&parent=28188"}],"wp:term":[{"taxonomy":"category","embeddable":true,"href":"https:\/\/rioonwatch.org.br\/index.php?rest_route=%2Fwp%2Fv2%2Fcategories&post=28188"},{"taxonomy":"post_tag","embeddable":true,"href":"https:\/\/rioonwatch.org.br\/index.php?rest_route=%2Fwp%2Fv2%2Ftags&post=28188"},{"taxonomy":"writer","embeddable":true,"href":"https:\/\/rioonwatch.org.br\/index.php?rest_route=%2Fwp%2Fv2%2Fwriter&post=28188"},{"taxonomy":"translator","embeddable":true,"href":"https:\/\/rioonwatch.org.br\/index.php?rest_route=%2Fwp%2Fv2%2Ftranslator&post=28188"},{"taxonomy":"source","embeddable":true,"href":"https:\/\/rioonwatch.org.br\/index.php?rest_route=%2Fwp%2Fv2%2Fsource&post=28188"},{"taxonomy":"ilustrador","embeddable":true,"href":"https:\/\/rioonwatch.org.br\/index.php?rest_route=%2Fwp%2Fv2%2Filustrador&post=28188"},{"taxonomy":"fotografo","embeddable":true,"href":"https:\/\/rioonwatch.org.br\/index.php?rest_route=%2Fwp%2Fv2%2Ffotografo&post=28188"}],"curies":[{"name":"wp","href":"https:\/\/api.w.org\/{rel}","templated":true}]}}