{"id":28263,"date":"2017-09-15T09:22:28","date_gmt":"2017-09-15T12:22:28","guid":{"rendered":"http:\/\/rioonwatch.org.br\/?p=28263"},"modified":"2017-09-16T13:25:38","modified_gmt":"2017-09-16T16:25:38","slug":"a-exclusao-esta-no-mapa","status":"publish","type":"post","link":"https:\/\/rioonwatch.org.br\/?p=28263","title":{"rendered":"A Exclus\u00e3o Est\u00e1 no Mapa"},"content":{"rendered":"<p style=\"text-align: right;\"><em><strong><a href=\"http:\/\/bit.ly\/2fbgOpt\" target=\"_blank\" rel=\"noopener\">Click Here for English<img decoding=\"async\" width=\"20\" height=\"20\" class=\"alignright wp-image-15790\" src=\"http:\/\/rioonwatch.org.br\/wp-content\/uploads\/2012\/08\/EN-standard-e1439583104716.jpg\" alt=\"\" \/><\/a><\/strong><\/em><\/p>\n<p>O <a href=\"http:\/\/bit.ly\/2y39D79\" target=\"_blank\" rel=\"noopener\">horror em ter sua vida exclu\u00edda de um mapa oficial<\/a> deixa claro como a geografia \u00e9 importante na vida das pessoas. A geografia cria a percep\u00e7\u00e3o de lugar, de posi\u00e7\u00e3o e mais importante, de inclus\u00e3o em um conjunto.<\/p>\n<p>A demonstra\u00e7\u00e3o de inc\u00f4modo de ver as <a href=\"https:\/\/glo.bo\/2y9UoJM\" target=\"_blank\" rel=\"noopener\">favelas exclu\u00eddas de um mapa tur\u00edstico da cidade do Rio de Janeiro<\/a> criou <a href=\"http:\/\/bit.ly\/2vUs2lg\" target=\"_blank\" rel=\"noopener\">furor nas redes sociais<\/a> e m\u00eddias da cidade, como se fosse um \u00f3rg\u00e3o extirpado do seu corpo. Nenhuma compara\u00e7\u00e3o \u00e9 mais cab\u00edvel j\u00e1 que realmente a cidade funciona como um corpo, onde cada pessoa tem a sua fun\u00e7\u00e3o, levando informa\u00e7\u00f5es de um &#8220;\u00f3rg\u00e3o&#8221; a outro (locais de viv\u00eancia).<\/p>\n<p>J\u00e1 vivemos uma era de remo\u00e7\u00e3o de \u00f3rg\u00e3os inteiros, fisicamente, como quando <a href=\"https:\/\/glo.bo\/2vXhIsS\" target=\"_blank\" rel=\"noopener\">arrancaram a Favela do Pinto<\/a> para a constru\u00e7\u00e3o da \u201cSelva de Pedra\u201d na G\u00e1vea, alocando pessoas a quil\u00f4metros de dist\u00e2ncia na <a href=\"http:\/\/bit.ly\/10BzE4e\" target=\"_blank\" rel=\"noopener\">Cidade de Deus<\/a> ou na <a href=\"http:\/\/bit.ly\/2a0AdRW\" target=\"_blank\" rel=\"noopener\">Cidade Alta<\/a>. As consequ\u00eancias s\u00e3o at\u00e9 hoje percebidas: As Cidades criadas (de Deus e Alta) n\u00e3o se sentem, com raz\u00e3o, parte da cidade que ficou para tr\u00e1s: a Cidade Maravilhosa. Recentemente <a href=\"http:\/\/bit.ly\/2xCw5qQ\" target=\"_blank\" rel=\"noopener\">revivemos isto em nome das Olimp\u00edadas<\/a>, reproduzindo t\u00e9cnicas dos anos 60 e 70.<\/p>\n<p><a href=\"http:\/\/rioonwatch.org.br\/wp-content\/uploads\/2017\/09\/xfoto_4_-1-.JPG-427.jpg.pagespeed.ic_.WvjNVBxtAT.jpg\"><img fetchpriority=\"high\" decoding=\"async\" class=\"aligncenter wp-image-28265 size-medium\" title=\"O hangar de Santa Cruz, com 61 metros de altura, \u00e9 um dos mais preservados no mundo - Ag\u00eancia O GLOBO \" src=\"http:\/\/rioonwatch.org.br\/wp-content\/uploads\/2017\/09\/xfoto_4_-1-.JPG-427.jpg.pagespeed.ic_.WvjNVBxtAT-620x270.jpg\" alt=\"\" width=\"620\" height=\"270\" srcset=\"https:\/\/rioonwatch.org.br\/wp-content\/uploads\/2017\/09\/xfoto_4_-1-.JPG-427.jpg.pagespeed.ic_.WvjNVBxtAT-620x270.jpg 620w, https:\/\/rioonwatch.org.br\/wp-content\/uploads\/2017\/09\/xfoto_4_-1-.JPG-427.jpg.pagespeed.ic_.WvjNVBxtAT-607x264.jpg 607w, https:\/\/rioonwatch.org.br\/wp-content\/uploads\/2017\/09\/xfoto_4_-1-.JPG-427.jpg.pagespeed.ic_.WvjNVBxtAT-768x334.jpg 768w, https:\/\/rioonwatch.org.br\/wp-content\/uploads\/2017\/09\/xfoto_4_-1-.JPG-427.jpg.pagespeed.ic_.WvjNVBxtAT-1024x445.jpg 1024w, https:\/\/rioonwatch.org.br\/wp-content\/uploads\/2017\/09\/xfoto_4_-1-.JPG-427.jpg.pagespeed.ic_.WvjNVBxtAT.jpg 1265w\" sizes=\"(max-width: 620px) 100vw, 620px\" \/><\/a><\/p>\n<p>Mas a <a href=\"http:\/\/bit.ly\/2eo2c5N\" target=\"_blank\" rel=\"noopener\">exclus\u00e3o no mapa tur\u00edstico n\u00e3o \u00e9 algo novo<\/a> para o Rio de Janeiro. Na realidade, os <a href=\"http:\/\/bit.ly\/2h5a6hz\" target=\"_blank\" rel=\"noopener\">mapas tur\u00edsticos sempre mostraram apenas a Cidade Maravilhosa<\/a> e n\u00e3o aquela parte que se esfor\u00e7am <a href=\"http:\/\/bit.ly\/2hg9YyX\" target=\"_blank\" rel=\"noopener\">em esconder<\/a>. O que aconteceu recentemente com algumas favelas j\u00e1 acontece h\u00e1 d\u00e9cadas com os sub\u00farbios da <a href=\"http:\/\/bit.ly\/WximDf\" target=\"_blank\" rel=\"noopener\">Zona Norte<\/a> e <a href=\"http:\/\/bit.ly\/11tBmFR\" target=\"_blank\" rel=\"noopener\">Oeste<\/a>. De nada vale os 380 anos de turismo existentes na <a href=\"http:\/\/bit.ly\/2h7QdKI\" target=\"_blank\" rel=\"noopener\">Igreja Nossa Senhora da Penha<\/a>, nos bairros da <a href=\"http:\/\/bit.ly\/2x2TIpu\" target=\"_blank\" rel=\"noopener\">Zona da Leopoldina<\/a> ou o fant\u00e1stico <a href=\"http:\/\/bit.ly\/2x5BRzH\" target=\"_blank\" rel=\"noopener\">Hangar de Zepelins<\/a>, que existe desde 1936 em <a href=\"http:\/\/bit.ly\/1eH5Mym\" target=\"_blank\" rel=\"noopener\">Santa Cruz<\/a> e \u00e9 um dos rar\u00edssimos ainda de p\u00e9 no mundo. Tudo isto n\u00e3o aparece no mapa e muitos cariocas sequer os visitaram.<\/p>\n<p>O cap\u00edtulo mais recente tratou da proposta do Clube de Regatas Flamengo ao <a href=\"http:\/\/bit.ly\/2vWWN9q\" target=\"_blank\" rel=\"noopener\">anunciar a constru\u00e7\u00e3o do seu Est\u00e1dio de Futebol<\/a> em um terreno em <a href=\"http:\/\/bit.ly\/ZC9b6z\" target=\"_blank\" rel=\"noopener\">Manguinhos<\/a>, h\u00e1 um quilometro da Esta\u00e7\u00e3o de Trens do bairro e \u00e0s margens da <a href=\"http:\/\/bit.ly\/2u8AUDZ\" target=\"_blank\" rel=\"noopener\">Avenida Brasil<\/a>. D\u00e9cadas de sil\u00eancio absoluto sobre o abandono dos p\u00e1tios industriais dos bairros do entorno da Avenida Brasil desde os anos 70 foram rompidos com este an\u00fancio, mas ao inv\u00e9s de se ver como oportunidade, foi tratado como temeridade: Como poderiam planejar uma atra\u00e7\u00e3o onde sempre escondemos? Onde sempre abandonamos a pr\u00f3pria sorte? Foram citados problemas com viol\u00eancia, urbanismo e at\u00e9 mesmo com p\u00fablico alvo, em mais um esfor\u00e7o realmente de n\u00e3o &#8220;desperdi\u00e7ar&#8221; aten\u00e7\u00e3o a solu\u00e7\u00e3o dos problemas desta relegada regi\u00e3o.<\/p>\n<p>Cada vez mais o Rio de Janeiro <a href=\"http:\/\/bit.ly\/2tPJMzV\" target=\"_blank\" rel=\"noopener\">investe em apenas um segmento de turismo<\/a>, que \u00e9 aquele no qual uma certa classe hegem\u00f4nica se v\u00ea, onde alguns obt\u00e9m altos lucros e que n\u00e3o cogitam em reinventar. Gastaram muito dinheiro construindo a Cidade Maravilhosa garantindo que os que n\u00e3o combinam com aquela imagem devem ir para outras &#8220;cidades&#8221; dentro do munic\u00edpio do Rio de Janeiro, onde dizem que h\u00e1 inclusive as pr\u00f3prias regras de gest\u00e3o administrativa, alheia a todas as esferas de governo oficial, que agradece frente a incapacidade de tratar a todos cidad\u00e3os em seus territ\u00f3rios igualmente.<\/p>\n<p><a href=\"http:\/\/rioonwatch.org.br\/wp-content\/uploads\/2017\/09\/Renda.png\"><img decoding=\"async\" class=\"aligncenter wp-image-28282 size-content\" title=\"Mapa de Distribui\u00e7\u00e3o de Renda no Municipio do Rio de Janeiro\" src=\"http:\/\/rioonwatch.org.br\/wp-content\/uploads\/2017\/09\/Renda-620x264.png\" alt=\"\" width=\"620\" height=\"264\" \/><\/a><\/p>\n<p>Ser\u00e1 que um mapa \u00e9 reflexo de outro? Ser\u00e1 que o mapa tur\u00edstico se mistura com o mapa de distribui\u00e7\u00e3o de renda e por isto n\u00e3o devemos nos identificar mais nele? Ser\u00e1 que o mapa tur\u00edstico deve representar menos de 10% da popula\u00e7\u00e3o, pegando apenas a Orla, sem a Zona Norte ou Zona Oeste e agora sem as favelas? Mostrando ao turista que at\u00e9 mesmo o Aeroporto Gale\u00e3o \u00e9 fora da cidade?<\/p>\n<p>N\u00e3o h\u00e1 mera coincid\u00eancia, pois Caetano Veloso j\u00e1 cantava:<em>\u00a0&#8220;<\/em>Narciso acha feio o que n\u00e3o \u00e9 espelho&#8221;<em>.<\/em><\/p>\n<p><em>Hugo Costa tem 42 anos, formado em Geografia pela UFF, blogueiro e morador do bairro de Ramos.<\/em><\/p>\n<!-- AddThis Advanced Settings generic via filter on the_content --><!-- AddThis Share Buttons generic via filter on the_content -->","protected":false},"excerpt":{"rendered":"<div class=\"mh-excerpt\"><p>Click Here for English O horror em ter sua vida exclu\u00edda de um mapa oficial deixa claro como a geografia \u00e9 importante na vida das pessoas. A geografia cria a percep\u00e7\u00e3o de lugar, de posi\u00e7\u00e3o <a class=\"mh-excerpt-more\" href=\"https:\/\/rioonwatch.org.br\/?p=28263\" title=\"A Exclus\u00e3o Est\u00e1 no Mapa\">[&#8230;]<\/a><!-- AddThis Advanced Settings generic via filter on get_the_excerpt --><!-- AddThis Share Buttons generic via filter on get_the_excerpt --><\/p>\n<\/div>","protected":false},"author":129,"featured_media":28266,"comment_status":"closed","ping_status":"closed","sticky":false,"template":"","format":"standard","meta":{"_acf_changed":false,"_monsterinsights_skip_tracking":false,"_monsterinsights_sitenote_active":false,"_monsterinsights_sitenote_note":"","_monsterinsights_sitenote_category":0,"footnotes":""},"categories":[346,1631,1628],"tags":[1854,369,554,413,1306,2173,636,1712,498,134,825,218,184,383],"writer":[1907],"translator":[],"source":[],"ilustrador":[],"fotografo":[],"class_list":{"0":"post-28263","1":"post","2":"type-post","3":"status-publish","4":"format-standard","5":"has-post-thumbnail","7":"category-denuncias","8":"category-entendendo-o-rio","9":"category-turismo-na-favela","10":"tag-avenida-brasil","11":"tag-cidade-alta","12":"tag-cidade-de-deus","13":"tag-desigualdade","14":"tag-exclusao","15":"tag-leopoldina","16":"tag-manguinhos","17":"tag-mapa","18":"tag-penha","19":"tag-santa-cruz","20":"tag-turismo","21":"tag-zona-norte","22":"tag-zona-oeste","23":"tag-zona-sul","24":"writer-hugo-costa"},"acf":[],"yoast_head":"<!-- This site is optimized with the Yoast SEO plugin v25.6 - https:\/\/yoast.com\/wordpress\/plugins\/seo\/ -->\n<title>A Exclus\u00e3o Est\u00e1 no Mapa - RioOnWatch<\/title>\n<meta name=\"robots\" content=\"index, follow, max-snippet:-1, max-image-preview:large, max-video-preview:-1\" \/>\n<link rel=\"canonical\" href=\"https:\/\/rioonwatch.org.br\/?p=28263\" \/>\n<meta property=\"og:locale\" content=\"pt_BR\" \/>\n<meta property=\"og:type\" content=\"article\" \/>\n<meta property=\"og:title\" content=\"A Exclus\u00e3o Est\u00e1 no Mapa - RioOnWatch\" \/>\n<meta property=\"og:description\" content=\"Click Here for English O horror em ter sua vida exclu\u00edda de um mapa oficial deixa claro como a geografia \u00e9 importante na vida das pessoas. A geografia cria a percep\u00e7\u00e3o de lugar, de posi\u00e7\u00e3o [...]\" \/>\n<meta property=\"og:url\" content=\"https:\/\/rioonwatch.org.br\/?p=28263\" \/>\n<meta property=\"og:site_name\" content=\"RioOnWatch\" \/>\n<meta property=\"article:published_time\" content=\"2017-09-15T12:22:28+00:00\" \/>\n<meta property=\"article:modified_time\" content=\"2017-09-16T16:25:38+00:00\" \/>\n<meta property=\"og:image\" content=\"https:\/\/rioonwatch.org.br\/wp-content\/uploads\/2017\/09\/image-scaled.jpg\" \/>\n\t<meta property=\"og:image:width\" content=\"2560\" \/>\n\t<meta property=\"og:image:height\" content=\"1121\" \/>\n\t<meta property=\"og:image:type\" content=\"image\/jpeg\" \/>\n<meta name=\"author\" content=\"Admin\" \/>\n<meta name=\"twitter:card\" content=\"summary_large_image\" \/>\n<meta name=\"twitter:label1\" content=\"Escrito por\" \/>\n\t<meta name=\"twitter:data1\" content=\"Admin\" \/>\n\t<meta name=\"twitter:label2\" content=\"Est. tempo de leitura\" \/>\n\t<meta name=\"twitter:data2\" content=\"3 minutos\" \/>\n<script type=\"application\/ld+json\" class=\"yoast-schema-graph\">{\"@context\":\"https:\/\/schema.org\",\"@graph\":[{\"@type\":\"Article\",\"@id\":\"https:\/\/rioonwatch.org.br\/?p=28263#article\",\"isPartOf\":{\"@id\":\"https:\/\/rioonwatch.org.br\/?p=28263\"},\"author\":{\"name\":\"Admin\",\"@id\":\"https:\/\/rioonwatch.org.br\/#\/schema\/person\/11d64c290506f9df50c71b850c473f68\"},\"headline\":\"A Exclus\u00e3o Est\u00e1 no Mapa\",\"datePublished\":\"2017-09-15T12:22:28+00:00\",\"dateModified\":\"2017-09-16T16:25:38+00:00\",\"mainEntityOfPage\":{\"@id\":\"https:\/\/rioonwatch.org.br\/?p=28263\"},\"wordCount\":695,\"publisher\":{\"@id\":\"https:\/\/rioonwatch.org.br\/#organization\"},\"image\":{\"@id\":\"https:\/\/rioonwatch.org.br\/?p=28263#primaryimage\"},\"thumbnailUrl\":\"https:\/\/rioonwatch.org.br\/wp-content\/uploads\/2017\/09\/image-scaled.jpg\",\"keywords\":[\"Avenida Brasil\",\"Cidade Alta\",\"Cidade de Deus\",\"desigualdade\",\"exclus\u00e3o\",\"Leopoldina\",\"Manguinhos\",\"mapa\",\"Penha\",\"Santa Cruz\",\"turismo\",\"Zona Norte\",\"Zona Oeste\",\"Zona Sul\"],\"articleSection\":[\"Den\u00fancias\",\"Entendendo o Rio\",\"Turismo na Favela\"],\"inLanguage\":\"pt-BR\"},{\"@type\":\"WebPage\",\"@id\":\"https:\/\/rioonwatch.org.br\/?p=28263\",\"url\":\"https:\/\/rioonwatch.org.br\/?p=28263\",\"name\":\"A Exclus\u00e3o Est\u00e1 no Mapa - RioOnWatch\",\"isPartOf\":{\"@id\":\"https:\/\/rioonwatch.org.br\/#website\"},\"primaryImageOfPage\":{\"@id\":\"https:\/\/rioonwatch.org.br\/?p=28263#primaryimage\"},\"image\":{\"@id\":\"https:\/\/rioonwatch.org.br\/?p=28263#primaryimage\"},\"thumbnailUrl\":\"https:\/\/rioonwatch.org.br\/wp-content\/uploads\/2017\/09\/image-scaled.jpg\",\"datePublished\":\"2017-09-15T12:22:28+00:00\",\"dateModified\":\"2017-09-16T16:25:38+00:00\",\"breadcrumb\":{\"@id\":\"https:\/\/rioonwatch.org.br\/?p=28263#breadcrumb\"},\"inLanguage\":\"pt-BR\",\"potentialAction\":[{\"@type\":\"ReadAction\",\"target\":[\"https:\/\/rioonwatch.org.br\/?p=28263\"]}]},{\"@type\":\"ImageObject\",\"inLanguage\":\"pt-BR\",\"@id\":\"https:\/\/rioonwatch.org.br\/?p=28263#primaryimage\",\"url\":\"https:\/\/rioonwatch.org.br\/wp-content\/uploads\/2017\/09\/image-scaled.jpg\",\"contentUrl\":\"https:\/\/rioonwatch.org.br\/wp-content\/uploads\/2017\/09\/image-scaled.jpg\",\"width\":2560,\"height\":1121},{\"@type\":\"BreadcrumbList\",\"@id\":\"https:\/\/rioonwatch.org.br\/?p=28263#breadcrumb\",\"itemListElement\":[{\"@type\":\"ListItem\",\"position\":1,\"name\":\"In\u00edcio\",\"item\":\"https:\/\/rioonwatch.org.br\/\"},{\"@type\":\"ListItem\",\"position\":2,\"name\":\"A Exclus\u00e3o Est\u00e1 no Mapa\"}]},{\"@type\":\"WebSite\",\"@id\":\"https:\/\/rioonwatch.org.br\/#website\",\"url\":\"https:\/\/rioonwatch.org.br\/\",\"name\":\"RioOnWatch\",\"description\":\"relatos das favelas cariocas\",\"publisher\":{\"@id\":\"https:\/\/rioonwatch.org.br\/#organization\"},\"potentialAction\":[{\"@type\":\"SearchAction\",\"target\":{\"@type\":\"EntryPoint\",\"urlTemplate\":\"https:\/\/rioonwatch.org.br\/?s={search_term_string}\"},\"query-input\":{\"@type\":\"PropertyValueSpecification\",\"valueRequired\":true,\"valueName\":\"search_term_string\"}}],\"inLanguage\":\"pt-BR\"},{\"@type\":\"Organization\",\"@id\":\"https:\/\/rioonwatch.org.br\/#organization\",\"name\":\"RioOnWatch\",\"url\":\"https:\/\/rioonwatch.org.br\/\",\"logo\":{\"@type\":\"ImageObject\",\"inLanguage\":\"pt-BR\",\"@id\":\"https:\/\/rioonwatch.org.br\/#\/schema\/logo\/image\/\",\"url\":\"https:\/\/rioonwatch.org.br\/wp-content\/uploads\/2021\/06\/RioOnWatchcabecalhoPT11anos-2.png\",\"contentUrl\":\"https:\/\/rioonwatch.org.br\/wp-content\/uploads\/2021\/06\/RioOnWatchcabecalhoPT11anos-2.png\",\"width\":779,\"height\":277,\"caption\":\"RioOnWatch\"},\"image\":{\"@id\":\"https:\/\/rioonwatch.org.br\/#\/schema\/logo\/image\/\"}},{\"@type\":\"Person\",\"@id\":\"https:\/\/rioonwatch.org.br\/#\/schema\/person\/11d64c290506f9df50c71b850c473f68\",\"name\":\"Admin\",\"image\":{\"@type\":\"ImageObject\",\"inLanguage\":\"pt-BR\",\"@id\":\"https:\/\/rioonwatch.org.br\/#\/schema\/person\/image\/\",\"url\":\"https:\/\/secure.gravatar.com\/avatar\/56211ac74568383903349a1485e3c325?s=96&d=blank&r=g\",\"contentUrl\":\"https:\/\/secure.gravatar.com\/avatar\/56211ac74568383903349a1485e3c325?s=96&d=blank&r=g\",\"caption\":\"Admin\"},\"url\":\"https:\/\/rioonwatch.org.br\/?author=129\"}]}<\/script>\n<!-- \/ Yoast SEO plugin. -->","yoast_head_json":{"title":"A Exclus\u00e3o Est\u00e1 no Mapa - RioOnWatch","robots":{"index":"index","follow":"follow","max-snippet":"max-snippet:-1","max-image-preview":"max-image-preview:large","max-video-preview":"max-video-preview:-1"},"canonical":"https:\/\/rioonwatch.org.br\/?p=28263","og_locale":"pt_BR","og_type":"article","og_title":"A Exclus\u00e3o Est\u00e1 no Mapa - RioOnWatch","og_description":"Click Here for English O horror em ter sua vida exclu\u00edda de um mapa oficial deixa claro como a geografia \u00e9 importante na vida das pessoas. A geografia cria a percep\u00e7\u00e3o de lugar, de posi\u00e7\u00e3o [...]","og_url":"https:\/\/rioonwatch.org.br\/?p=28263","og_site_name":"RioOnWatch","article_published_time":"2017-09-15T12:22:28+00:00","article_modified_time":"2017-09-16T16:25:38+00:00","og_image":[{"width":2560,"height":1121,"url":"https:\/\/rioonwatch.org.br\/wp-content\/uploads\/2017\/09\/image-scaled.jpg","type":"image\/jpeg"}],"author":"Admin","twitter_card":"summary_large_image","twitter_misc":{"Escrito por":"Admin","Est. tempo de leitura":"3 minutos"},"schema":{"@context":"https:\/\/schema.org","@graph":[{"@type":"Article","@id":"https:\/\/rioonwatch.org.br\/?p=28263#article","isPartOf":{"@id":"https:\/\/rioonwatch.org.br\/?p=28263"},"author":{"name":"Admin","@id":"https:\/\/rioonwatch.org.br\/#\/schema\/person\/11d64c290506f9df50c71b850c473f68"},"headline":"A Exclus\u00e3o Est\u00e1 no Mapa","datePublished":"2017-09-15T12:22:28+00:00","dateModified":"2017-09-16T16:25:38+00:00","mainEntityOfPage":{"@id":"https:\/\/rioonwatch.org.br\/?p=28263"},"wordCount":695,"publisher":{"@id":"https:\/\/rioonwatch.org.br\/#organization"},"image":{"@id":"https:\/\/rioonwatch.org.br\/?p=28263#primaryimage"},"thumbnailUrl":"https:\/\/rioonwatch.org.br\/wp-content\/uploads\/2017\/09\/image-scaled.jpg","keywords":["Avenida Brasil","Cidade Alta","Cidade de Deus","desigualdade","exclus\u00e3o","Leopoldina","Manguinhos","mapa","Penha","Santa Cruz","turismo","Zona Norte","Zona Oeste","Zona Sul"],"articleSection":["Den\u00fancias","Entendendo o Rio","Turismo na Favela"],"inLanguage":"pt-BR"},{"@type":"WebPage","@id":"https:\/\/rioonwatch.org.br\/?p=28263","url":"https:\/\/rioonwatch.org.br\/?p=28263","name":"A Exclus\u00e3o Est\u00e1 no Mapa - RioOnWatch","isPartOf":{"@id":"https:\/\/rioonwatch.org.br\/#website"},"primaryImageOfPage":{"@id":"https:\/\/rioonwatch.org.br\/?p=28263#primaryimage"},"image":{"@id":"https:\/\/rioonwatch.org.br\/?p=28263#primaryimage"},"thumbnailUrl":"https:\/\/rioonwatch.org.br\/wp-content\/uploads\/2017\/09\/image-scaled.jpg","datePublished":"2017-09-15T12:22:28+00:00","dateModified":"2017-09-16T16:25:38+00:00","breadcrumb":{"@id":"https:\/\/rioonwatch.org.br\/?p=28263#breadcrumb"},"inLanguage":"pt-BR","potentialAction":[{"@type":"ReadAction","target":["https:\/\/rioonwatch.org.br\/?p=28263"]}]},{"@type":"ImageObject","inLanguage":"pt-BR","@id":"https:\/\/rioonwatch.org.br\/?p=28263#primaryimage","url":"https:\/\/rioonwatch.org.br\/wp-content\/uploads\/2017\/09\/image-scaled.jpg","contentUrl":"https:\/\/rioonwatch.org.br\/wp-content\/uploads\/2017\/09\/image-scaled.jpg","width":2560,"height":1121},{"@type":"BreadcrumbList","@id":"https:\/\/rioonwatch.org.br\/?p=28263#breadcrumb","itemListElement":[{"@type":"ListItem","position":1,"name":"In\u00edcio","item":"https:\/\/rioonwatch.org.br\/"},{"@type":"ListItem","position":2,"name":"A Exclus\u00e3o Est\u00e1 no Mapa"}]},{"@type":"WebSite","@id":"https:\/\/rioonwatch.org.br\/#website","url":"https:\/\/rioonwatch.org.br\/","name":"RioOnWatch","description":"relatos das favelas cariocas","publisher":{"@id":"https:\/\/rioonwatch.org.br\/#organization"},"potentialAction":[{"@type":"SearchAction","target":{"@type":"EntryPoint","urlTemplate":"https:\/\/rioonwatch.org.br\/?s={search_term_string}"},"query-input":{"@type":"PropertyValueSpecification","valueRequired":true,"valueName":"search_term_string"}}],"inLanguage":"pt-BR"},{"@type":"Organization","@id":"https:\/\/rioonwatch.org.br\/#organization","name":"RioOnWatch","url":"https:\/\/rioonwatch.org.br\/","logo":{"@type":"ImageObject","inLanguage":"pt-BR","@id":"https:\/\/rioonwatch.org.br\/#\/schema\/logo\/image\/","url":"https:\/\/rioonwatch.org.br\/wp-content\/uploads\/2021\/06\/RioOnWatchcabecalhoPT11anos-2.png","contentUrl":"https:\/\/rioonwatch.org.br\/wp-content\/uploads\/2021\/06\/RioOnWatchcabecalhoPT11anos-2.png","width":779,"height":277,"caption":"RioOnWatch"},"image":{"@id":"https:\/\/rioonwatch.org.br\/#\/schema\/logo\/image\/"}},{"@type":"Person","@id":"https:\/\/rioonwatch.org.br\/#\/schema\/person\/11d64c290506f9df50c71b850c473f68","name":"Admin","image":{"@type":"ImageObject","inLanguage":"pt-BR","@id":"https:\/\/rioonwatch.org.br\/#\/schema\/person\/image\/","url":"https:\/\/secure.gravatar.com\/avatar\/56211ac74568383903349a1485e3c325?s=96&d=blank&r=g","contentUrl":"https:\/\/secure.gravatar.com\/avatar\/56211ac74568383903349a1485e3c325?s=96&d=blank&r=g","caption":"Admin"},"url":"https:\/\/rioonwatch.org.br\/?author=129"}]}},"_links":{"self":[{"href":"https:\/\/rioonwatch.org.br\/index.php?rest_route=\/wp\/v2\/posts\/28263"}],"collection":[{"href":"https:\/\/rioonwatch.org.br\/index.php?rest_route=\/wp\/v2\/posts"}],"about":[{"href":"https:\/\/rioonwatch.org.br\/index.php?rest_route=\/wp\/v2\/types\/post"}],"author":[{"embeddable":true,"href":"https:\/\/rioonwatch.org.br\/index.php?rest_route=\/wp\/v2\/users\/129"}],"replies":[{"embeddable":true,"href":"https:\/\/rioonwatch.org.br\/index.php?rest_route=%2Fwp%2Fv2%2Fcomments&post=28263"}],"version-history":[{"count":16,"href":"https:\/\/rioonwatch.org.br\/index.php?rest_route=\/wp\/v2\/posts\/28263\/revisions"}],"predecessor-version":[{"id":28308,"href":"https:\/\/rioonwatch.org.br\/index.php?rest_route=\/wp\/v2\/posts\/28263\/revisions\/28308"}],"wp:featuredmedia":[{"embeddable":true,"href":"https:\/\/rioonwatch.org.br\/index.php?rest_route=\/wp\/v2\/media\/28266"}],"wp:attachment":[{"href":"https:\/\/rioonwatch.org.br\/index.php?rest_route=%2Fwp%2Fv2%2Fmedia&parent=28263"}],"wp:term":[{"taxonomy":"category","embeddable":true,"href":"https:\/\/rioonwatch.org.br\/index.php?rest_route=%2Fwp%2Fv2%2Fcategories&post=28263"},{"taxonomy":"post_tag","embeddable":true,"href":"https:\/\/rioonwatch.org.br\/index.php?rest_route=%2Fwp%2Fv2%2Ftags&post=28263"},{"taxonomy":"writer","embeddable":true,"href":"https:\/\/rioonwatch.org.br\/index.php?rest_route=%2Fwp%2Fv2%2Fwriter&post=28263"},{"taxonomy":"translator","embeddable":true,"href":"https:\/\/rioonwatch.org.br\/index.php?rest_route=%2Fwp%2Fv2%2Ftranslator&post=28263"},{"taxonomy":"source","embeddable":true,"href":"https:\/\/rioonwatch.org.br\/index.php?rest_route=%2Fwp%2Fv2%2Fsource&post=28263"},{"taxonomy":"ilustrador","embeddable":true,"href":"https:\/\/rioonwatch.org.br\/index.php?rest_route=%2Fwp%2Fv2%2Filustrador&post=28263"},{"taxonomy":"fotografo","embeddable":true,"href":"https:\/\/rioonwatch.org.br\/index.php?rest_route=%2Fwp%2Fv2%2Ffotografo&post=28263"}],"curies":[{"name":"wp","href":"https:\/\/api.w.org\/{rel}","templated":true}]}}