{"id":28288,"date":"2017-09-16T11:32:19","date_gmt":"2017-09-16T14:32:19","guid":{"rendered":"http:\/\/rioonwatch.org.br\/?p=28288"},"modified":"2017-09-17T10:18:51","modified_gmt":"2017-09-17T13:18:51","slug":"sob-ameaca-de-remocao-iminente-moradores-de-horto-se-mobilizam","status":"publish","type":"post","link":"https:\/\/rioonwatch.org.br\/?p=28288","title":{"rendered":"Sob Amea\u00e7a de Remo\u00e7\u00e3o Iminente, Moradores do Horto se Mobilizam"},"content":{"rendered":"<p style=\"text-align: right;\"><em><strong><a href=\"http:\/\/bit.ly\/2wfazZ8\" target=\"_blank\" rel=\"noopener noreferrer\">Click Here for English<img decoding=\"async\" width=\"20\" height=\"20\" class=\"alignright wp-image-15790\" src=\"http:\/\/rioonwatch.org.br\/wp-content\/uploads\/2012\/08\/EN-standard-e1439583104716.jpg\" alt=\"\" \/><\/a><\/strong><\/em><\/p>\n<p><span style=\"font-weight: 400;\">Ao cair da noite da quarta-feira, 13 de setembro, os moradores da comunidade do <\/span><a href=\"http:\/\/bit.ly\/11b2TzL\" target=\"_blank\" rel=\"noopener\"><span style=\"font-weight: 400;\">Horto<\/span><\/a><span style=\"font-weight: 400;\"> na <a href=\"http:\/\/bit.ly\/1mNsDyk\" target=\"_blank\" rel=\"noopener\">Zona Sul<\/a> do Rio realizaram uma reuni\u00e3o urgente para discutir as novas circunst\u00e2ncias na\u00a0<\/span><a href=\"http:\/\/bit.ly\/2fkSqf2\" target=\"_blank\" rel=\"noopener\"><span style=\"font-weight: 400;\">luta constante contra a remo\u00e7\u00e3o<\/span><\/a><span style=\"font-weight: 400;\">. As lideran\u00e7as comunit\u00e1rias da <\/span><a href=\"http:\/\/bit.ly\/1TKfCB9\" target=\"_blank\" rel=\"noopener\"><span style=\"font-weight: 400;\">Associa\u00e7\u00e3o de Moradores e Amigos do Horto<\/span><\/a><span style=\"font-weight: 400;\"> (AMAHOR) informaram ao grupo, com cerca de 50 moradores, os recentes desenvolvimentos dos esfor\u00e7os do vizinho <\/span><a href=\"http:\/\/bit.ly\/1UfSVGa\" target=\"_blank\" rel=\"noopener\"><span style=\"font-weight: 400;\">Jardim Bot\u00e2nico<\/span><\/a><span style=\"font-weight: 400;\">\u00a0para remover as fam\u00edlias das suas casas. Em\u00edlia Maria de Souza, ex-presidente da AMAHOR, avisou ao grupo reunido que nos pr\u00f3ximos dias \u201ca comunidade toda tem que ficar alerta&#8221;.<\/span><\/p>\n<p><span style=\"font-weight: 400;\">Ela explicou melhor os dois eventos que levaram \u00e0 reuni\u00e3o de emerg\u00eancia, que foram anunciados pelo WhatsApp e <\/span><a href=\"http:\/\/bit.ly\/2xn38hE\" target=\"_blank\" rel=\"noopener\"><span style=\"font-weight: 400;\">Facebook<\/span><\/a><span style=\"font-weight: 400;\"> no anoitecer anterior. Ela informou ao grupo que no dia anterior, ter\u00e7a-feira, 12 de setembro, um morador havia avistado\u00a0<\/span><span style=\"font-weight: 400;\">&#8220;gente do <a href=\"http:\/\/bit.ly\/2wsgx3T\">IBAMA<\/a>\u00a0aqui na \u00e1rea do Caxinguel\u00ea, da Margarida e do Grot\u00e3o&#8221;. Ela continuou: &#8220;Estavam fotografando e fazendo anota\u00e7\u00f5es. Eu falei: &#8216;Gente! Esse povo tem que ser abordado para n\u00f3s sabermos que mapeamento \u00e9 esse que eles est\u00e3o fazendo na \u00e1rea'&#8221;.<\/span><\/p>\n<p><span style=\"font-weight: 400;\">Mais preocupantes, ela explicou, foram as not\u00edcias de que o presidente do Instituto de Pesquisas do Jardim Bot\u00e2nico, <\/span><a href=\"http:\/\/bit.ly\/2eSusNc\" target=\"_blank\" rel=\"noopener\"><span style=\"font-weight: 400;\">Sergio Besserman Vianna<\/span><\/a><span style=\"font-weight: 400;\">, tomara medidas para envolver a Pol\u00edcia Militar na remo\u00e7\u00e3o dos moradores do Horto. Em\u00edlia disse que tinha sido informada no dia anterior atrav\u00e9s de uma fonte confi\u00e1vel que o presidente \u201cj\u00e1 tinha articulado com o batalh\u00e3o de choque para eles darem suporte para fazer remo\u00e7\u00f5es\u201d. No entanto, ela disse, \u201celes s\u00f3 podem vir fazer essa opera\u00e7\u00e3o aqui na comunidade com a autoriza\u00e7\u00e3o do batalh\u00e3o da \u00e1rea, que \u00e9 o 23\u00ba. \u00a0Ent\u00e3o ontem \u00e0 tarde, os procuradores do Jardim Bot\u00e2nico foram levar um of\u00edcio no 23\u00ba batalh\u00e3o. S\u00f3 que a partir da\u00ed, a gente n\u00e3o sabe qual vai ser o parecer do comandante do 23\u00ba sobre essa solicita\u00e7\u00e3o&#8221;.<\/span><\/p>\n<p><span style=\"font-weight: 400;\">Estas palavras evocaram imagens <\/span><span style=\"font-weight: 400;\">da <a href=\"http:\/\/bit.ly\/2fhlcRc\" target=\"_blank\" rel=\"noopener\">violenta remo\u00e7\u00e3o de Marcelo de Souza<\/a><\/span><span style=\"font-weight: 400;\"> e de sua fam\u00edlia por tropas de choque no \u00faltimo m\u00eas de novembro. Em\u00edlia de Souza avisou que desta vez o Jardim Bot\u00e2nico pediu a remo\u00e7\u00e3o simult\u00e2nea de cinco fam\u00edlias em v\u00e1rias partes da comunidade, o que \u00e9 t\u00edpico da<\/span>\u00a0<a href=\"http:\/\/bit.ly\/1DNRvh2\" target=\"_blank\" rel=\"noopener\"><span style=\"font-weight: 400;\">estrat\u00e9gia de remo\u00e7\u00e3o<\/span><\/a>\u00a0<span style=\"font-weight: 400;\">da prefeitura de <a href=\"http:\/\/bit.ly\/KDQkX2\" target=\"_blank\" rel=\"noopener\">remover casas em locais variados para criar uma generalizada sensa\u00e7\u00e3o de p\u00e2nico<\/a> entre moradores. A opera\u00e7\u00e3o poder\u00e1 ser iminente se for aprovada pela Pol\u00edcia Militar.<\/span><\/p>\n<p><a href=\"http:\/\/rioonwatch.org.br\/wp-content\/uploads\/2017\/09\/image-8.jpeg\"><img fetchpriority=\"high\" decoding=\"async\" class=\"aligncenter wp-image-28292 size-content\" title=\"Moradores do Horto protestam na entrada do Jardim Bot\u00e2nico.\" src=\"http:\/\/rioonwatch.org.br\/wp-content\/uploads\/2017\/09\/image-8-620x264.jpeg\" alt=\"\" width=\"620\" height=\"264\" \/><\/a><\/p>\n<p><span style=\"font-weight: 400;\">O Horto tem resistido \u00e0 remo\u00e7\u00e3o em m\u00faltiplas frentes <\/span><a href=\"http:\/\/bit.ly\/12lVeS2\" target=\"_blank\" rel=\"noopener\"><span style=\"font-weight: 400;\">desde os anos 1960<\/span><\/a><span style=\"font-weight: 400;\">. O Jardim Bot\u00e2nico <\/span><span style=\"font-weight: 400;\">empregou moradores do Horto<\/span> <span style=\"font-weight: 400;\">durante <\/span><a href=\"http:\/\/bit.ly\/2bYn6qA\" target=\"_blank\" rel=\"noopener\"><span style=\"font-weight: 400;\">a hist\u00f3ria de mais de 200 anos<\/span><\/a><span style=\"font-weight: 400;\"> da comunidade, dando-lhes o direito de estabelecer as suas casas no seu contorno. Entretanto, agora a institui\u00e7\u00e3o argumenta que eles s\u00e3o &#8220;<\/span><a href=\"http:\/\/bit.ly\/2mNPBIK\" target=\"_blank\" rel=\"noopener\"><span style=\"font-weight: 400;\">invasores<\/span><\/a>&#8220;<span style=\"font-weight: 400;\">\u00a0e devem ser removidos para aumentar a \u00e1rea do Instituto de Pesquisas do Jardim Bot\u00e2nico <\/span><a href=\"http:\/\/bit.ly\/2nJVoyg\" target=\"_blank\" rel=\"noopener\"><span style=\"font-weight: 400;\">e \u201cproteger\u201d a mata circundante<\/span><\/a><span style=\"font-weight: 400;\">. No ano passado, durante o governo de Michel Temer, uma <\/span><a href=\"http:\/\/bit.ly\/2bAaCSA\" target=\"_blank\" rel=\"noopener\"><span style=\"font-weight: 400;\">decis\u00e3o<\/span><\/a><span style=\"font-weight: 400;\"> do Tribunal de Contas da Uni\u00e3o (TCU), que aprovou a remo\u00e7\u00e3o dos moradores do Horto, refor\u00e7ou a cruzada do Jardim. Este fato fez voltar atr\u00e1s um\u00a0<\/span><a href=\"http:\/\/bit.ly\/2x355gY\" target=\"_blank\" rel=\"noopener\"><span style=\"font-weight: 400;\">plano pr\u00e9vio<\/span><\/a> <span style=\"font-weight: 400;\">que garantiria a perman\u00eancia da comunidade ao lado da expans\u00e3o do Jardim.<\/span><\/p>\n<p><span style=\"font-weight: 400;\">A <\/span><span style=\"font-weight: 400;\">gentrifica\u00e7\u00e3o dos<\/span><span style=\"font-weight: 400;\"> bairros circundantes da G\u00e1vea e do Jardim Bot\u00e2nico e a conveni\u00eancia dos arredores exuberantes do Horto tamb\u00e9m aumentaram a <\/span><a href=\"http:\/\/bit.ly\/2nJVoyg\" target=\"_blank\" rel=\"noopener\"><span style=\"font-weight: 400;\">especula\u00e7\u00e3o imobili\u00e1ria<\/span><\/a><span style=\"font-weight: 400;\">. Emerson de Souza, o presidente atual da AMAHOR, explicou na reuni\u00e3o que \u201cexiste \u00e1reas de interesse da especula\u00e7\u00e3o imobili\u00e1ria e o Horto todo est\u00e1 nesta \u00e1rea. Sem exce\u00e7\u00e3o, ele est\u00e1 sofrendo e vai sofrer com as especula\u00e7\u00f5es imobili\u00e1rias daqui para frente&#8230; est\u00e3o especulando sobre nossa \u00e1rea, especulando sobre nossas vidas, e querem, de forma criminosa, retirar 521 fam\u00edlias aqui do Horto Florestal\u201d. O gigante da m\u00eddia, Grupo Globo, informou que a propriedade do Horto est\u00e1 avaliada em <\/span><a href=\"https:\/\/glo.bo\/2h3U8Ih\" target=\"_blank\" rel=\"noopener\"><span style=\"font-weight: 400;\">R$10,6 bilh\u00f5es<\/span><\/a><span style=\"font-weight: 400;\"> (atualmente US$3,4 bilh\u00f5es). A localiza\u00e7\u00e3o da sede da Globo adjacente \u00e0 comunidade e os seus <\/span><a href=\"http:\/\/bit.ly\/12lVeS2\" target=\"_blank\" rel=\"noopener\"><span style=\"font-weight: 400;\">la\u00e7os com o Jardim Bot\u00e2nico<\/span><\/a><span style=\"font-weight: 400;\"> exercem mais press\u00e3o sobre o Horto. As not\u00edcias do <em>Globo<\/em> falsamente enquadraram a exist\u00eancia da comunidade l\u00e1 como \u201c<\/span><a href=\"https:\/\/glo.bo\/2x5zgpH\" target=\"_blank\" rel=\"noopener\"><span style=\"font-weight: 400;\">ocupa\u00e7\u00e3o irregular<\/span><\/a><span style=\"font-weight: 400;\">&#8220;.<\/span><\/p>\n<p><span style=\"font-weight: 400;\">Em\u00edlia de Souza afirmou na reuni\u00e3o que \u201c<\/span><span style=\"font-weight: 400;\">eles est\u00e3o aliados: o Jardim Bot\u00e2nico, a prefeitura, esse povo a\u00ed da Globo. A nossa luta, gente, as nossas vidas n\u00e3o t\u00eam\u00a0<a href=\"http:\/\/bit.ly\/2xODctn\" target=\"_blank\" rel=\"noopener\">nada a ver com a quest\u00e3o ambiental<\/a>. <a href=\"http:\/\/bit.ly\/2voq7V5\" target=\"_blank\" rel=\"noopener\">Aqui<\/a> estamos brigando contra o poder da especula\u00e7\u00e3o imobili\u00e1ria&#8221;.\u00a0<\/span><span style=\"font-weight: 400;\">Os outros moradores concordaram que a motiva\u00e7\u00e3o de obter lucro por tr\u00e1s dos esfor\u00e7os de tomar a terra do Horto est\u00e1 movendo o Jardim Bot\u00e2nico, a Globo e as autoridades do governo. Em\u00edlia apresentou atualiza\u00e7\u00f5es sobre os esfor\u00e7os de resist\u00eancia pol\u00edtica e jur\u00eddica da comunidade. Estes incluem combater as ordens de remo\u00e7\u00f5es individuais no tribunal por meio de uma parceria com estudantes de Direito da PUC-Rio e da UERJ, pressionando membros do governo federal a apoiar a causa do Horto, e reunindo-se diretamente com a <\/span><a href=\"http:\/\/bit.ly\/2h5p3UH\" target=\"_blank\" rel=\"noopener\"><span style=\"font-weight: 400;\">Comiss\u00e3o de Direitos Humanos<\/span><\/a><span style=\"font-weight: 400;\"> na Assembl\u00e9ia Legislativa do Estado do Rio de Janeiro (ALERJ).<\/span><\/p>\n<p><a href=\"http:\/\/rioonwatch.org.br\/wp-content\/uploads\/2017\/09\/Horto-Fica.jpeg\"><img decoding=\"async\" class=\"aligncenter wp-image-28294 size-content\" title=\"&quot;Horto Fica!&quot; Escrito na entrada do Caxinguel\u00ea.\" src=\"http:\/\/rioonwatch.org.br\/wp-content\/uploads\/2017\/09\/Horto-Fica-620x264.jpeg\" alt=\"\" width=\"620\" height=\"264\" srcset=\"https:\/\/rioonwatch.org.br\/wp-content\/uploads\/2017\/09\/Horto-Fica-620x264.jpeg 620w, https:\/\/rioonwatch.org.br\/wp-content\/uploads\/2017\/09\/Horto-Fica-940x400.jpeg 940w\" sizes=\"(max-width: 620px) 100vw, 620px\" \/><\/a><\/p>\n<p><span style=\"font-weight: 400;\">Os moradores n\u00e3o sabem quando ocorrer\u00e3o as&#8211;recentemente reveladas&#8211;remo\u00e7\u00f5es previstas das cinco fam\u00edlias que est\u00e3o em perigo. Pode acontecer a qualquer momento. Na reuni\u00e3o, Emerson e Em\u00edlia e outros moradores pediram mobiliza\u00e7\u00e3o renovada sob a forma de barricadas f\u00edsicas e protestos, t\u00e9cnicas que a comunidade <\/span><a href=\"http:\/\/bit.ly\/1VYR37j\" target=\"_blank\" rel=\"noopener\"><span style=\"font-weight: 400;\">j\u00e1 usou anteriormente<\/span><\/a><span style=\"font-weight: 400;\"> para permanecerem unidos diante da remo\u00e7\u00e3o. \u201cA\u00a0gente t\u00eam que p\u00f4r os p\u00e9s no ch\u00e3o, a favela do Horto est\u00e1 na lista de remo\u00e7\u00e3o do Jardim Bot\u00e2nico\u201d, concluiu Em\u00edlia. Ela argumentou que a oposi\u00e7\u00e3o absoluta e unificada seria essencial para prevenir remo\u00e7\u00f5es futuras. O grupo se dispersou com planos de se encontrar novamente e manter a for\u00e7a da resist\u00eancia necess\u00e1ria para confrontar as amea\u00e7as cont\u00ednuas ao Horto.<\/span><\/p>\n<!-- AddThis Advanced Settings generic via filter on the_content --><!-- AddThis Share Buttons generic via filter on the_content -->","protected":false},"excerpt":{"rendered":"<div class=\"mh-excerpt\"><p>Click Here for English Ao cair da noite da quarta-feira, 13 de setembro, os moradores da comunidade do Horto na Zona Sul do Rio realizaram uma reuni\u00e3o urgente para discutir as novas circunst\u00e2ncias na\u00a0luta constante <a class=\"mh-excerpt-more\" href=\"https:\/\/rioonwatch.org.br\/?p=28288\" title=\"Sob Amea\u00e7a de Remo\u00e7\u00e3o Iminente, Moradores do Horto se Mobilizam\">[&#8230;]<\/a><!-- AddThis Advanced Settings generic via filter on get_the_excerpt --><!-- AddThis Share Buttons generic via filter on get_the_excerpt --><\/p>\n<\/div>","protected":false},"author":129,"featured_media":28290,"comment_status":"closed","ping_status":"closed","sticky":false,"template":"","format":"standard","meta":{"_acf_changed":false,"_monsterinsights_skip_tracking":false,"_monsterinsights_sitenote_active":false,"_monsterinsights_sitenote_note":"","_monsterinsights_sitenote_category":0,"footnotes":""},"categories":[1617,1614,1621,1627,1626],"tags":[655,1515,424,88,396,732,733,734,1037,358,763,14,432,2020,1763,383],"writer":[2198],"translator":[1875],"source":[],"ilustrador":[],"fotografo":[],"class_list":{"0":"post-28288","1":"post","2":"type-post","3":"status-publish","4":"format-standard","5":"has-post-thumbnail","7":"category-olhonagentrificacao","8":"category-olhonasremocoes","9":"category-destaque","10":"category-relato-de-evento","11":"category-por-observadores-internacionais","12":"tag-associacao-de-moradores","13":"tag-comissao-de-direitos-humanos-alerj","14":"tag-direito-a-moradia","15":"tag-direitos-humanos","16":"tag-especulacao-imobiliaria","17":"tag-globo","18":"tag-horto","19":"tag-jardim-botanico","20":"tag-moradia","21":"tag-organizacao-comunitaria","22":"tag-protesto","23":"tag-remocao","24":"tag-resistencia","25":"tag-sergio-besserman-vianna","26":"tag-tropa-de-choque","27":"tag-zona-sul","28":"writer-lucas-smolcic-larson","29":"translator-marina-hennies"},"acf":[],"yoast_head":"<!-- This site is optimized with the Yoast SEO plugin v25.6 - https:\/\/yoast.com\/wordpress\/plugins\/seo\/ -->\n<title>Sob Amea\u00e7a de Remo\u00e7\u00e3o Iminente, Moradores do Horto se Mobilizam - RioOnWatch<\/title>\n<meta name=\"robots\" content=\"index, follow, max-snippet:-1, max-image-preview:large, max-video-preview:-1\" \/>\n<link rel=\"canonical\" href=\"https:\/\/rioonwatch.org.br\/?p=28288\" \/>\n<meta property=\"og:locale\" content=\"pt_BR\" \/>\n<meta property=\"og:type\" content=\"article\" \/>\n<meta property=\"og:title\" content=\"Sob Amea\u00e7a de Remo\u00e7\u00e3o Iminente, Moradores do Horto se Mobilizam - RioOnWatch\" \/>\n<meta property=\"og:description\" content=\"Click Here for English Ao cair da noite da quarta-feira, 13 de setembro, os moradores da comunidade do Horto na Zona Sul do Rio realizaram uma reuni\u00e3o urgente para discutir as novas circunst\u00e2ncias na\u00a0luta constante [...]\" \/>\n<meta property=\"og:url\" content=\"https:\/\/rioonwatch.org.br\/?p=28288\" \/>\n<meta property=\"og:site_name\" content=\"RioOnWatch\" \/>\n<meta property=\"article:published_time\" content=\"2017-09-16T14:32:19+00:00\" \/>\n<meta property=\"article:modified_time\" content=\"2017-09-17T13:18:51+00:00\" \/>\n<meta property=\"og:image\" content=\"https:\/\/rioonwatch.org.br\/wp-content\/uploads\/2017\/09\/Horto-Community-Meeting-e1505419659250.jpg\" \/>\n\t<meta property=\"og:image:width\" content=\"1986\" \/>\n\t<meta property=\"og:image:height\" content=\"768\" \/>\n\t<meta property=\"og:image:type\" content=\"image\/jpeg\" \/>\n<meta name=\"author\" content=\"Admin\" \/>\n<meta name=\"twitter:card\" content=\"summary_large_image\" \/>\n<meta name=\"twitter:label1\" content=\"Escrito por\" \/>\n\t<meta name=\"twitter:data1\" content=\"Admin\" \/>\n\t<meta name=\"twitter:label2\" content=\"Est. tempo de leitura\" \/>\n\t<meta name=\"twitter:data2\" content=\"5 minutos\" \/>\n<script type=\"application\/ld+json\" class=\"yoast-schema-graph\">{\"@context\":\"https:\/\/schema.org\",\"@graph\":[{\"@type\":\"Article\",\"@id\":\"https:\/\/rioonwatch.org.br\/?p=28288#article\",\"isPartOf\":{\"@id\":\"https:\/\/rioonwatch.org.br\/?p=28288\"},\"author\":{\"name\":\"Admin\",\"@id\":\"https:\/\/rioonwatch.org.br\/#\/schema\/person\/11d64c290506f9df50c71b850c473f68\"},\"headline\":\"Sob Amea\u00e7a de Remo\u00e7\u00e3o Iminente, Moradores do Horto se Mobilizam\",\"datePublished\":\"2017-09-16T14:32:19+00:00\",\"dateModified\":\"2017-09-17T13:18:51+00:00\",\"mainEntityOfPage\":{\"@id\":\"https:\/\/rioonwatch.org.br\/?p=28288\"},\"wordCount\":1044,\"publisher\":{\"@id\":\"https:\/\/rioonwatch.org.br\/#organization\"},\"image\":{\"@id\":\"https:\/\/rioonwatch.org.br\/?p=28288#primaryimage\"},\"thumbnailUrl\":\"https:\/\/rioonwatch.org.br\/wp-content\/uploads\/2017\/09\/Horto-Community-Meeting-e1505419659250.jpg\",\"keywords\":[\"Associa\u00e7\u00e3o de Moradores\",\"Comiss\u00e3o de Direitos Humanos - Alerj\",\"Direito \u00e0 Moradia\",\"Direitos Humanos\",\"especula\u00e7\u00e3o imobili\u00e1ria\",\"Globo\",\"Horto\",\"Jardim Bot\u00e2nico\",\"moradia\",\"organiza\u00e7\u00e3o comunit\u00e1ria\",\"protesto\",\"Remo\u00e7\u00e3o\",\"resist\u00eancia\",\"S\u00e9rgio Besserman Vianna\",\"Tropa de Choque\",\"Zona Sul\"],\"articleSection\":[\"#OlhoNaGentrifica\u00e7\u00e3o\",\"#OlhoNasRemo\u00e7\u00f5es\",\"*Destaque\",\"Cobertura de Eventos\",\"Escrito por Aliados\"],\"inLanguage\":\"pt-BR\"},{\"@type\":\"WebPage\",\"@id\":\"https:\/\/rioonwatch.org.br\/?p=28288\",\"url\":\"https:\/\/rioonwatch.org.br\/?p=28288\",\"name\":\"Sob Amea\u00e7a de Remo\u00e7\u00e3o Iminente, Moradores do Horto se Mobilizam - RioOnWatch\",\"isPartOf\":{\"@id\":\"https:\/\/rioonwatch.org.br\/#website\"},\"primaryImageOfPage\":{\"@id\":\"https:\/\/rioonwatch.org.br\/?p=28288#primaryimage\"},\"image\":{\"@id\":\"https:\/\/rioonwatch.org.br\/?p=28288#primaryimage\"},\"thumbnailUrl\":\"https:\/\/rioonwatch.org.br\/wp-content\/uploads\/2017\/09\/Horto-Community-Meeting-e1505419659250.jpg\",\"datePublished\":\"2017-09-16T14:32:19+00:00\",\"dateModified\":\"2017-09-17T13:18:51+00:00\",\"breadcrumb\":{\"@id\":\"https:\/\/rioonwatch.org.br\/?p=28288#breadcrumb\"},\"inLanguage\":\"pt-BR\",\"potentialAction\":[{\"@type\":\"ReadAction\",\"target\":[\"https:\/\/rioonwatch.org.br\/?p=28288\"]}]},{\"@type\":\"ImageObject\",\"inLanguage\":\"pt-BR\",\"@id\":\"https:\/\/rioonwatch.org.br\/?p=28288#primaryimage\",\"url\":\"https:\/\/rioonwatch.org.br\/wp-content\/uploads\/2017\/09\/Horto-Community-Meeting-e1505419659250.jpg\",\"contentUrl\":\"https:\/\/rioonwatch.org.br\/wp-content\/uploads\/2017\/09\/Horto-Community-Meeting-e1505419659250.jpg\",\"width\":1986,\"height\":768},{\"@type\":\"BreadcrumbList\",\"@id\":\"https:\/\/rioonwatch.org.br\/?p=28288#breadcrumb\",\"itemListElement\":[{\"@type\":\"ListItem\",\"position\":1,\"name\":\"In\u00edcio\",\"item\":\"https:\/\/rioonwatch.org.br\/\"},{\"@type\":\"ListItem\",\"position\":2,\"name\":\"Sob Amea\u00e7a de Remo\u00e7\u00e3o Iminente, Moradores do Horto se Mobilizam\"}]},{\"@type\":\"WebSite\",\"@id\":\"https:\/\/rioonwatch.org.br\/#website\",\"url\":\"https:\/\/rioonwatch.org.br\/\",\"name\":\"RioOnWatch\",\"description\":\"relatos das favelas cariocas\",\"publisher\":{\"@id\":\"https:\/\/rioonwatch.org.br\/#organization\"},\"potentialAction\":[{\"@type\":\"SearchAction\",\"target\":{\"@type\":\"EntryPoint\",\"urlTemplate\":\"https:\/\/rioonwatch.org.br\/?s={search_term_string}\"},\"query-input\":{\"@type\":\"PropertyValueSpecification\",\"valueRequired\":true,\"valueName\":\"search_term_string\"}}],\"inLanguage\":\"pt-BR\"},{\"@type\":\"Organization\",\"@id\":\"https:\/\/rioonwatch.org.br\/#organization\",\"name\":\"RioOnWatch\",\"url\":\"https:\/\/rioonwatch.org.br\/\",\"logo\":{\"@type\":\"ImageObject\",\"inLanguage\":\"pt-BR\",\"@id\":\"https:\/\/rioonwatch.org.br\/#\/schema\/logo\/image\/\",\"url\":\"https:\/\/rioonwatch.org.br\/wp-content\/uploads\/2021\/06\/RioOnWatchcabecalhoPT11anos-2.png\",\"contentUrl\":\"https:\/\/rioonwatch.org.br\/wp-content\/uploads\/2021\/06\/RioOnWatchcabecalhoPT11anos-2.png\",\"width\":779,\"height\":277,\"caption\":\"RioOnWatch\"},\"image\":{\"@id\":\"https:\/\/rioonwatch.org.br\/#\/schema\/logo\/image\/\"}},{\"@type\":\"Person\",\"@id\":\"https:\/\/rioonwatch.org.br\/#\/schema\/person\/11d64c290506f9df50c71b850c473f68\",\"name\":\"Admin\",\"image\":{\"@type\":\"ImageObject\",\"inLanguage\":\"pt-BR\",\"@id\":\"https:\/\/rioonwatch.org.br\/#\/schema\/person\/image\/\",\"url\":\"https:\/\/secure.gravatar.com\/avatar\/56211ac74568383903349a1485e3c325?s=96&d=blank&r=g\",\"contentUrl\":\"https:\/\/secure.gravatar.com\/avatar\/56211ac74568383903349a1485e3c325?s=96&d=blank&r=g\",\"caption\":\"Admin\"},\"url\":\"https:\/\/rioonwatch.org.br\/?author=129\"}]}<\/script>\n<!-- \/ Yoast SEO plugin. -->","yoast_head_json":{"title":"Sob Amea\u00e7a de Remo\u00e7\u00e3o Iminente, Moradores do Horto se Mobilizam - RioOnWatch","robots":{"index":"index","follow":"follow","max-snippet":"max-snippet:-1","max-image-preview":"max-image-preview:large","max-video-preview":"max-video-preview:-1"},"canonical":"https:\/\/rioonwatch.org.br\/?p=28288","og_locale":"pt_BR","og_type":"article","og_title":"Sob Amea\u00e7a de Remo\u00e7\u00e3o Iminente, Moradores do Horto se Mobilizam - RioOnWatch","og_description":"Click Here for English Ao cair da noite da quarta-feira, 13 de setembro, os moradores da comunidade do Horto na Zona Sul do Rio realizaram uma reuni\u00e3o urgente para discutir as novas circunst\u00e2ncias na\u00a0luta constante [...]","og_url":"https:\/\/rioonwatch.org.br\/?p=28288","og_site_name":"RioOnWatch","article_published_time":"2017-09-16T14:32:19+00:00","article_modified_time":"2017-09-17T13:18:51+00:00","og_image":[{"width":1986,"height":768,"url":"https:\/\/rioonwatch.org.br\/wp-content\/uploads\/2017\/09\/Horto-Community-Meeting-e1505419659250.jpg","type":"image\/jpeg"}],"author":"Admin","twitter_card":"summary_large_image","twitter_misc":{"Escrito por":"Admin","Est. tempo de leitura":"5 minutos"},"schema":{"@context":"https:\/\/schema.org","@graph":[{"@type":"Article","@id":"https:\/\/rioonwatch.org.br\/?p=28288#article","isPartOf":{"@id":"https:\/\/rioonwatch.org.br\/?p=28288"},"author":{"name":"Admin","@id":"https:\/\/rioonwatch.org.br\/#\/schema\/person\/11d64c290506f9df50c71b850c473f68"},"headline":"Sob Amea\u00e7a de Remo\u00e7\u00e3o Iminente, Moradores do Horto se Mobilizam","datePublished":"2017-09-16T14:32:19+00:00","dateModified":"2017-09-17T13:18:51+00:00","mainEntityOfPage":{"@id":"https:\/\/rioonwatch.org.br\/?p=28288"},"wordCount":1044,"publisher":{"@id":"https:\/\/rioonwatch.org.br\/#organization"},"image":{"@id":"https:\/\/rioonwatch.org.br\/?p=28288#primaryimage"},"thumbnailUrl":"https:\/\/rioonwatch.org.br\/wp-content\/uploads\/2017\/09\/Horto-Community-Meeting-e1505419659250.jpg","keywords":["Associa\u00e7\u00e3o de Moradores","Comiss\u00e3o de Direitos Humanos - Alerj","Direito \u00e0 Moradia","Direitos Humanos","especula\u00e7\u00e3o imobili\u00e1ria","Globo","Horto","Jardim Bot\u00e2nico","moradia","organiza\u00e7\u00e3o comunit\u00e1ria","protesto","Remo\u00e7\u00e3o","resist\u00eancia","S\u00e9rgio Besserman Vianna","Tropa de Choque","Zona Sul"],"articleSection":["#OlhoNaGentrifica\u00e7\u00e3o","#OlhoNasRemo\u00e7\u00f5es","*Destaque","Cobertura de Eventos","Escrito por Aliados"],"inLanguage":"pt-BR"},{"@type":"WebPage","@id":"https:\/\/rioonwatch.org.br\/?p=28288","url":"https:\/\/rioonwatch.org.br\/?p=28288","name":"Sob Amea\u00e7a de Remo\u00e7\u00e3o Iminente, Moradores do Horto se Mobilizam - RioOnWatch","isPartOf":{"@id":"https:\/\/rioonwatch.org.br\/#website"},"primaryImageOfPage":{"@id":"https:\/\/rioonwatch.org.br\/?p=28288#primaryimage"},"image":{"@id":"https:\/\/rioonwatch.org.br\/?p=28288#primaryimage"},"thumbnailUrl":"https:\/\/rioonwatch.org.br\/wp-content\/uploads\/2017\/09\/Horto-Community-Meeting-e1505419659250.jpg","datePublished":"2017-09-16T14:32:19+00:00","dateModified":"2017-09-17T13:18:51+00:00","breadcrumb":{"@id":"https:\/\/rioonwatch.org.br\/?p=28288#breadcrumb"},"inLanguage":"pt-BR","potentialAction":[{"@type":"ReadAction","target":["https:\/\/rioonwatch.org.br\/?p=28288"]}]},{"@type":"ImageObject","inLanguage":"pt-BR","@id":"https:\/\/rioonwatch.org.br\/?p=28288#primaryimage","url":"https:\/\/rioonwatch.org.br\/wp-content\/uploads\/2017\/09\/Horto-Community-Meeting-e1505419659250.jpg","contentUrl":"https:\/\/rioonwatch.org.br\/wp-content\/uploads\/2017\/09\/Horto-Community-Meeting-e1505419659250.jpg","width":1986,"height":768},{"@type":"BreadcrumbList","@id":"https:\/\/rioonwatch.org.br\/?p=28288#breadcrumb","itemListElement":[{"@type":"ListItem","position":1,"name":"In\u00edcio","item":"https:\/\/rioonwatch.org.br\/"},{"@type":"ListItem","position":2,"name":"Sob Amea\u00e7a de Remo\u00e7\u00e3o Iminente, Moradores do Horto se Mobilizam"}]},{"@type":"WebSite","@id":"https:\/\/rioonwatch.org.br\/#website","url":"https:\/\/rioonwatch.org.br\/","name":"RioOnWatch","description":"relatos das favelas cariocas","publisher":{"@id":"https:\/\/rioonwatch.org.br\/#organization"},"potentialAction":[{"@type":"SearchAction","target":{"@type":"EntryPoint","urlTemplate":"https:\/\/rioonwatch.org.br\/?s={search_term_string}"},"query-input":{"@type":"PropertyValueSpecification","valueRequired":true,"valueName":"search_term_string"}}],"inLanguage":"pt-BR"},{"@type":"Organization","@id":"https:\/\/rioonwatch.org.br\/#organization","name":"RioOnWatch","url":"https:\/\/rioonwatch.org.br\/","logo":{"@type":"ImageObject","inLanguage":"pt-BR","@id":"https:\/\/rioonwatch.org.br\/#\/schema\/logo\/image\/","url":"https:\/\/rioonwatch.org.br\/wp-content\/uploads\/2021\/06\/RioOnWatchcabecalhoPT11anos-2.png","contentUrl":"https:\/\/rioonwatch.org.br\/wp-content\/uploads\/2021\/06\/RioOnWatchcabecalhoPT11anos-2.png","width":779,"height":277,"caption":"RioOnWatch"},"image":{"@id":"https:\/\/rioonwatch.org.br\/#\/schema\/logo\/image\/"}},{"@type":"Person","@id":"https:\/\/rioonwatch.org.br\/#\/schema\/person\/11d64c290506f9df50c71b850c473f68","name":"Admin","image":{"@type":"ImageObject","inLanguage":"pt-BR","@id":"https:\/\/rioonwatch.org.br\/#\/schema\/person\/image\/","url":"https:\/\/secure.gravatar.com\/avatar\/56211ac74568383903349a1485e3c325?s=96&d=blank&r=g","contentUrl":"https:\/\/secure.gravatar.com\/avatar\/56211ac74568383903349a1485e3c325?s=96&d=blank&r=g","caption":"Admin"},"url":"https:\/\/rioonwatch.org.br\/?author=129"}]}},"_links":{"self":[{"href":"https:\/\/rioonwatch.org.br\/index.php?rest_route=\/wp\/v2\/posts\/28288"}],"collection":[{"href":"https:\/\/rioonwatch.org.br\/index.php?rest_route=\/wp\/v2\/posts"}],"about":[{"href":"https:\/\/rioonwatch.org.br\/index.php?rest_route=\/wp\/v2\/types\/post"}],"author":[{"embeddable":true,"href":"https:\/\/rioonwatch.org.br\/index.php?rest_route=\/wp\/v2\/users\/129"}],"replies":[{"embeddable":true,"href":"https:\/\/rioonwatch.org.br\/index.php?rest_route=%2Fwp%2Fv2%2Fcomments&post=28288"}],"version-history":[{"count":11,"href":"https:\/\/rioonwatch.org.br\/index.php?rest_route=\/wp\/v2\/posts\/28288\/revisions"}],"predecessor-version":[{"id":28306,"href":"https:\/\/rioonwatch.org.br\/index.php?rest_route=\/wp\/v2\/posts\/28288\/revisions\/28306"}],"wp:featuredmedia":[{"embeddable":true,"href":"https:\/\/rioonwatch.org.br\/index.php?rest_route=\/wp\/v2\/media\/28290"}],"wp:attachment":[{"href":"https:\/\/rioonwatch.org.br\/index.php?rest_route=%2Fwp%2Fv2%2Fmedia&parent=28288"}],"wp:term":[{"taxonomy":"category","embeddable":true,"href":"https:\/\/rioonwatch.org.br\/index.php?rest_route=%2Fwp%2Fv2%2Fcategories&post=28288"},{"taxonomy":"post_tag","embeddable":true,"href":"https:\/\/rioonwatch.org.br\/index.php?rest_route=%2Fwp%2Fv2%2Ftags&post=28288"},{"taxonomy":"writer","embeddable":true,"href":"https:\/\/rioonwatch.org.br\/index.php?rest_route=%2Fwp%2Fv2%2Fwriter&post=28288"},{"taxonomy":"translator","embeddable":true,"href":"https:\/\/rioonwatch.org.br\/index.php?rest_route=%2Fwp%2Fv2%2Ftranslator&post=28288"},{"taxonomy":"source","embeddable":true,"href":"https:\/\/rioonwatch.org.br\/index.php?rest_route=%2Fwp%2Fv2%2Fsource&post=28288"},{"taxonomy":"ilustrador","embeddable":true,"href":"https:\/\/rioonwatch.org.br\/index.php?rest_route=%2Fwp%2Fv2%2Filustrador&post=28288"},{"taxonomy":"fotografo","embeddable":true,"href":"https:\/\/rioonwatch.org.br\/index.php?rest_route=%2Fwp%2Fv2%2Ffotografo&post=28288"}],"curies":[{"name":"wp","href":"https:\/\/api.w.org\/{rel}","templated":true}]}}