{"id":28317,"date":"2017-09-19T10:00:27","date_gmt":"2017-09-19T13:00:27","guid":{"rendered":"http:\/\/rioonwatch.org.br\/?p=28317"},"modified":"2024-06-20T16:18:10","modified_gmt":"2024-06-20T19:18:10","slug":"puc-sedia-debate-sobre-a-construcao-do-outro-pela-midia","status":"publish","type":"post","link":"https:\/\/rioonwatch.org.br\/?p=28317","title":{"rendered":"PUC Sedia Debate Sobre a Constru\u00e7\u00e3o do &#8216;Outro&#8217; Pela M\u00eddia"},"content":{"rendered":"<p style=\"text-align: right;\"><em><strong><a href=\"http:\/\/bit.ly\/2hceXOj\" target=\"_blank\" rel=\"noopener noreferrer\">Click Here for English<img decoding=\"async\" width=\"20\" height=\"20\" class=\"alignright wp-image-15790\" src=\"http:\/\/rioonwatch.org.br\/wp-content\/uploads\/2012\/08\/EN-standard-e1439583104716.jpg\" alt=\"\" \/><\/a><\/strong><\/em><\/p>\n<p><span style=\"font-weight: 400;\">Na quarta-feira, 13 de setembro, o Centro Acad\u00eamico de Rela\u00e7\u00f5es Internacionais (CARI) da PUC-Rio organizou um debate sobre &#8220;<a href=\"http:\/\/bit.ly\/2f3KL7i\" target=\"_blank\" rel=\"noopener\">A Constru\u00e7\u00e3o do Outro pela M\u00eddia<\/a>&#8220;, como parte de uma s\u00e9rie de eventos sobre m\u00eddia e rela\u00e7\u00f5es internacionais. Os palestrantes foram o professor e jornalista da <a href=\"http:\/\/bit.ly\/1VtRpVb\" target=\"_blank\" rel=\"noopener\">Rede Globo<\/a> Alexandre dos Santos, a professora Renata Summa do Instituto de Rela\u00e7\u00f5es Internacionais da PUC-Rio, o jornalista da<em> Globo News<\/em> Andr\u00e9 Fran e <a href=\"http:\/\/bit.ly\/1P8ydpr\" target=\"_blank\" rel=\"noopener\">Tha\u00eds Cavalcante<\/a>, jornalista do <a href=\"http:\/\/bit.ly\/10BvARw\" target=\"_blank\" rel=\"noopener\">Complexo da Mar\u00e9<\/a> e correspondente do <a href=\"http:\/\/bit.ly\/2aaRNb8\" target=\"_blank\" rel=\"noopener\"><em>The Guardian<\/em><\/a> e <em>RioOnWatch<\/em>. O debate foi mediado por Maria Carolina Soares, da CARI, que enfatizou que a constru\u00e7\u00e3o do &#8220;outro&#8221; ocorre em oposi\u00e7\u00e3o \u00e0 constru\u00e7\u00e3o de uma identidade de &#8220;n\u00f3s&#8221;.<\/span><\/p>\n<p><span style=\"font-weight: 400;\">Renata Summa abriu a conversa definindo amplamente <a href=\"http:\/\/bit.ly\/2kZlcpd\" target=\"_blank\" rel=\"noopener\">a ideia do &#8220;outro&#8221;<\/a> como uma pessoa ou grupo que n\u00e3o se encaixa nas caracter\u00edsticas identit\u00e1rias do grupo dominante. A m\u00eddia desempenha um papel crucial no estabelecimento e divulga\u00e7\u00e3o de uma defini\u00e7\u00e3o na sociedade da identidade dominante, explicou Summa. Ela enfatizou que a m\u00eddia \u00e9 uma ferramenta poderosa para um grupo dominante (seja um partido pol\u00edtico, ra\u00e7a ou classe social) para influenciar as opini\u00f5es das pessoas e obter controle e legitimidade aos olhos da popula\u00e7\u00e3o.<\/span><\/p>\n<p><span style=\"font-weight: 400;\">Com base na discuss\u00e3o do poder da m\u00eddia na constru\u00e7\u00e3o da imagem do &#8220;outro&#8221;, Alexandre dos Santos ressaltou o poder e a responsabilidade do p\u00fablico&#8211;como consumidores da ind\u00fastria da m\u00eddia&#8211;na constru\u00e7\u00e3o do &#8220;outro&#8221;. O professor explicou que toda narra\u00e7\u00e3o e representa\u00e7\u00e3o s\u00e3o produzidas atrav\u00e9s do filtro de algu\u00e9m&#8211;todas as mat\u00e9rias s\u00e3o escritas atrav\u00e9s do filtro do jornalista. Mas, al\u00e9m disso, ele acrescentou, as representa\u00e7\u00f5es s\u00e3o filtradas novamente pelo leitor, que conscientemente ou n\u00e3o pode escolher ler apenas o que confirma sua opini\u00e3o. A influ\u00eancia do ponto de vista do escritor ou do leitor sempre desempenha um papel na constru\u00e7\u00e3o do &#8220;outro&#8221;, e Alexandre acredita que \u00e9 um dever do consumidor de m\u00eddia estar ciente disso e procurar um ponto de vista diferente. &#8220;Parte da constru\u00e7\u00e3o do outro atrav\u00e9s da m\u00eddia diz respeito ao que as pessoas deixam a m\u00eddia construir&#8221;, argumentou.<\/span><\/p>\n<p><a href=\"http:\/\/www.rioonwatch.org\/wp-content\/uploads\/2017\/09\/PUC-media-panel.jpg\"><img fetchpriority=\"high\" decoding=\"async\" class=\"aligncenter wp-image-38778 size-content\" title=\"O painel, sem Tha\u00eds Cavalcante, que participou via Skype. Foto de Sophie Pizzimenti\" src=\"http:\/\/www.rioonwatch.org\/wp-content\/uploads\/2017\/09\/PUC-media-panel-620x264.jpg\" alt=\"\" width=\"620\" height=\"264\" \/><\/a><\/p>\n<p><span style=\"font-weight: 400;\">Andr\u00e9 Fran afirmou que \u00e9 importante para os jornalistas tentarem quebrar o ciclo de representa\u00e7\u00f5es negativas e incompletas do &#8220;outro&#8221; ao ir ao <a href=\"http:\/\/bit.ly\/2r3YvFW\" target=\"_blank\" rel=\"noopener\">encontro do &#8220;outro&#8221; sem as barreiras que costumam existir<\/a> entre os rep\u00f3rteres e os entrevistados. Ele explicou que \u00e9 preciso apenas contar verdadeiramente a hist\u00f3ria das pessoas tal como elas narram, refletindo suas condi\u00e7\u00f5es cotidianas de exist\u00eancia, e assim ser\u00a0poss\u00edvel quebrar os preconceitos detidos pelo p\u00fablico que est\u00e1 longe destas realidades.<\/span><\/p>\n<p><span style=\"font-weight: 400;\">Participando via Skype, Tha\u00eds Cavalcante narrou sua pr\u00f3pria hist\u00f3ria como moradora de favela, uma vez que as favelas t\u00eam sido historicamente <a href=\"http:\/\/bit.ly\/P4itK0\" target=\"_blank\" rel=\"noopener\">estigmatizadas<\/a> pela <a href=\"http:\/\/bit.ly\/1VVj5Ae\" target=\"_blank\" rel=\"noopener\">grande m\u00eddia<\/a>, ao passo que seus moradores s\u00e3o constru\u00eddos como &#8220;o outro&#8221;. Nascida na Mar\u00e9, Tha\u00eds contou que n\u00e3o cresceu vendo ou ouvindo sobre a forma que os meios de comunica\u00e7\u00e3o de massa falavam sobre sua comunidade na TV ou no r\u00e1dio. Ao inv\u00e9s disso, foi s\u00f3 mais tarde que ela se tornou consciente da\u00a0<a href=\"http:\/\/bit.ly\/2d30Pnn\" target=\"_blank\" rel=\"noopener\">representa\u00e7\u00e3o e do discurso sobre favelas<\/a> e sobre as pessoas que as habitam. Falando sobre esse discurso, ela disse: &#8220;N\u00e3o sentia que me representava porque era sempre e apenas sobre a viol\u00eancia. Falavam sobre a favela como um lugar pobre em cultura, pobre em educa\u00e7\u00e3o, um lugar para n\u00e3o visitar&#8221;. Ela forneceu evid\u00eancias de primeira m\u00e3o do impacto que tais imagens externas podem ter no entendimento internalizado do mundo: &#8220;<a href=\"http:\/\/bit.ly\/2ajroUw\" target=\"_blank\" rel=\"noopener\">Eu n\u00e3o gostava de morar l\u00e1<\/a> porque me sentia <a href=\"http:\/\/bit.ly\/2buISj2\" target=\"_blank\" rel=\"noopener\">criminalizada<\/a> e marginalizada como moradora de favela&#8221;. Tha\u00eds explicou que foi essa experi\u00eancia que a empurrou a se envolver com a <a href=\"http:\/\/bit.ly\/1jEgxaJ\" target=\"_blank\" rel=\"noopener\">m\u00eddia comunit\u00e1ria<\/a>&#8211;para tentar mostrar um lado diferente e mais positivo das favelas. Compreendendo o poder da m\u00eddia em influenciar as opini\u00f5es das pessoas, ela decidiu usar esse mesmo poder para combater a criminaliza\u00e7\u00e3o e a marginaliza\u00e7\u00e3o de seu tipo de bairro.<\/span><\/p>\n<p><span style=\"font-weight: 400;\">Ela apontou para outro impacto devastador dos estere\u00f3tipos negativos, argumentando que, quando as favelas s\u00e3o <a href=\"http:\/\/bit.ly\/2gMPVYy\" target=\"_blank\" rel=\"noopener\">representadas apenas como violentas<\/a> na grande m\u00eddia, essa imagem da favela legitima a aplica\u00e7\u00e3o adicional da viol\u00eancia. Como resultado, \u00e9 essencial tamb\u00e9m falar sobre o com\u00e9rcio, a m\u00fasica e a cultura que ocorrem e, muitas vezes, <a href=\"http:\/\/bit.ly\/1a1M6kK\" target=\"_blank\" rel=\"noopener\">derivam desses lugares<\/a>. Por isso, ela acredita que a m\u00eddia comunit\u00e1ria \u00e9 uma parte vital da <a href=\"http:\/\/bit.ly\/1piRAgk\" target=\"_blank\" rel=\"noopener\">resist\u00eancia<\/a> \u00e0 constru\u00e7\u00e3o da imagem dos moradores de favela como criminosos, e da vis\u00e3o dos mesmos como &#8220;o outro&#8221; pela m\u00eddia dominante.<\/span><\/p>\n<p><span style=\"font-weight: 400;\">Todos os palestrantes concordaram sobre a responsabilidade dos principais meios de comunica\u00e7\u00e3o na constru\u00e7\u00e3o da dicotomia de &#8220;n\u00f3s&#8221; e &#8220;eles&#8221;, e da <a href=\"http:\/\/bit.ly\/2i2Oj8K\" target=\"_blank\" rel=\"noopener\">necessidade de uma narra\u00e7\u00e3o mais pr\u00f3xima e mais fiel das hist\u00f3rias de pessoas e das comunidades<\/a> para quebr\u00e1-la.<\/span><\/p>\n<!-- AddThis Advanced Settings generic via filter on the_content --><!-- AddThis Share Buttons generic via filter on the_content -->","protected":false},"excerpt":{"rendered":"<div class=\"mh-excerpt\"><p>Click Here for English Na quarta-feira, 13 de setembro, o Centro Acad\u00eamico de Rela\u00e7\u00f5es Internacionais (CARI) da PUC-Rio organizou um debate sobre &#8220;A Constru\u00e7\u00e3o do Outro pela M\u00eddia&#8220;, como parte de uma s\u00e9rie de eventos <a class=\"mh-excerpt-more\" href=\"https:\/\/rioonwatch.org.br\/?p=28317\" title=\"PUC Sedia Debate Sobre a Constru\u00e7\u00e3o do &#8216;Outro&#8217; Pela M\u00eddia\">[&#8230;]<\/a><!-- AddThis Advanced Settings generic via filter on get_the_excerpt --><!-- AddThis Share Buttons generic via filter on get_the_excerpt --><\/p>\n<\/div>","protected":false},"author":129,"featured_media":28323,"comment_status":"closed","ping_status":"closed","sticky":false,"template":"","format":"standard","meta":{"_acf_changed":false,"_monsterinsights_skip_tracking":false,"_monsterinsights_sitenote_active":false,"_monsterinsights_sitenote_note":"","_monsterinsights_sitenote_category":0,"footnotes":""},"categories":[1621,1627,1626,1613],"tags":[386,1676,1530,709,732,1167,1166,1760,1545],"writer":[2209],"translator":[1971],"source":[],"ilustrador":[],"fotografo":[],"class_list":{"0":"post-28317","1":"post","2":"type-post","3":"status-publish","4":"format-standard","5":"has-post-thumbnail","7":"category-destaque","8":"category-relato-de-evento","9":"category-por-observadores-internacionais","10":"category-midia-comunitaria","11":"tag-estigma","12":"tag-analise-cobertura-de-favelas","13":"tag-midia-comunitaria","14":"tag-debate","15":"tag-globo","16":"tag-grande-midia","17":"tag-jornalismo","18":"tag-narrativa-midiatica","19":"tag-puc","20":"writer-sophie-pizzimenti","21":"translator-geovanna-giannini"},"acf":[],"yoast_head":"<!-- This site is optimized with the Yoast SEO plugin v25.6 - https:\/\/yoast.com\/wordpress\/plugins\/seo\/ -->\n<title>PUC Sedia Debate Sobre a Constru\u00e7\u00e3o do &#039;Outro&#039; Pela M\u00eddia - RioOnWatch<\/title>\n<meta name=\"robots\" content=\"index, follow, max-snippet:-1, max-image-preview:large, max-video-preview:-1\" \/>\n<link rel=\"canonical\" href=\"https:\/\/rioonwatch.org.br\/?p=28317\" \/>\n<meta property=\"og:locale\" content=\"pt_BR\" \/>\n<meta property=\"og:type\" content=\"article\" \/>\n<meta property=\"og:title\" content=\"PUC Sedia Debate Sobre a Constru\u00e7\u00e3o do &#039;Outro&#039; Pela M\u00eddia - RioOnWatch\" \/>\n<meta property=\"og:description\" content=\"Click Here for English Na quarta-feira, 13 de setembro, o Centro Acad\u00eamico de Rela\u00e7\u00f5es Internacionais (CARI) da PUC-Rio organizou um debate sobre &#8220;A Constru\u00e7\u00e3o do Outro pela M\u00eddia&#8220;, como parte de uma s\u00e9rie de eventos [...]\" \/>\n<meta property=\"og:url\" content=\"https:\/\/rioonwatch.org.br\/?p=28317\" \/>\n<meta property=\"og:site_name\" content=\"RioOnWatch\" \/>\n<meta property=\"article:published_time\" content=\"2017-09-19T13:00:27+00:00\" \/>\n<meta property=\"article:modified_time\" content=\"2024-06-20T19:18:10+00:00\" \/>\n<meta property=\"og:image\" content=\"https:\/\/rioonwatch.org.br\/wp-content\/uploads\/2017\/09\/21731503_1788116391200045_2524068523990023287_o-e1505670727207.jpg\" \/>\n\t<meta property=\"og:image:width\" content=\"1419\" \/>\n\t<meta property=\"og:image:height\" content=\"1295\" \/>\n\t<meta property=\"og:image:type\" content=\"image\/jpeg\" \/>\n<meta name=\"author\" content=\"Admin\" \/>\n<meta name=\"twitter:card\" content=\"summary_large_image\" \/>\n<meta name=\"twitter:label1\" content=\"Escrito por\" \/>\n\t<meta name=\"twitter:data1\" content=\"Admin\" \/>\n\t<meta name=\"twitter:label2\" content=\"Est. tempo de leitura\" \/>\n\t<meta name=\"twitter:data2\" content=\"4 minutos\" \/>\n<script type=\"application\/ld+json\" class=\"yoast-schema-graph\">{\"@context\":\"https:\/\/schema.org\",\"@graph\":[{\"@type\":\"Article\",\"@id\":\"https:\/\/rioonwatch.org.br\/?p=28317#article\",\"isPartOf\":{\"@id\":\"https:\/\/rioonwatch.org.br\/?p=28317\"},\"author\":{\"name\":\"Admin\",\"@id\":\"https:\/\/rioonwatch.org.br\/#\/schema\/person\/11d64c290506f9df50c71b850c473f68\"},\"headline\":\"PUC Sedia Debate Sobre a Constru\u00e7\u00e3o do &#8216;Outro&#8217; Pela M\u00eddia\",\"datePublished\":\"2017-09-19T13:00:27+00:00\",\"dateModified\":\"2024-06-20T19:18:10+00:00\",\"mainEntityOfPage\":{\"@id\":\"https:\/\/rioonwatch.org.br\/?p=28317\"},\"wordCount\":868,\"publisher\":{\"@id\":\"https:\/\/rioonwatch.org.br\/#organization\"},\"image\":{\"@id\":\"https:\/\/rioonwatch.org.br\/?p=28317#primaryimage\"},\"thumbnailUrl\":\"https:\/\/rioonwatch.org.br\/wp-content\/uploads\/2017\/09\/21731503_1788116391200045_2524068523990023287_o-e1505670727207.jpg\",\"keywords\":[\"#StopFavelaStigma\",\"an\u00e1lise cobertura de favelas\",\"Comunica\u00e7\u00e3o Comunit\u00e1ria\",\"debate\",\"Globo\",\"grande m\u00eddia\",\"jornalismo\",\"narrativa midi\u00e1tica\",\"PUC\"],\"articleSection\":[\"*Destaque\",\"Cobertura de Eventos\",\"Escrito por Aliados\",\"M\u00eddia Comunit\u00e1ria\"],\"inLanguage\":\"pt-BR\"},{\"@type\":\"WebPage\",\"@id\":\"https:\/\/rioonwatch.org.br\/?p=28317\",\"url\":\"https:\/\/rioonwatch.org.br\/?p=28317\",\"name\":\"PUC Sedia Debate Sobre a Constru\u00e7\u00e3o do 'Outro' Pela M\u00eddia - RioOnWatch\",\"isPartOf\":{\"@id\":\"https:\/\/rioonwatch.org.br\/#website\"},\"primaryImageOfPage\":{\"@id\":\"https:\/\/rioonwatch.org.br\/?p=28317#primaryimage\"},\"image\":{\"@id\":\"https:\/\/rioonwatch.org.br\/?p=28317#primaryimage\"},\"thumbnailUrl\":\"https:\/\/rioonwatch.org.br\/wp-content\/uploads\/2017\/09\/21731503_1788116391200045_2524068523990023287_o-e1505670727207.jpg\",\"datePublished\":\"2017-09-19T13:00:27+00:00\",\"dateModified\":\"2024-06-20T19:18:10+00:00\",\"breadcrumb\":{\"@id\":\"https:\/\/rioonwatch.org.br\/?p=28317#breadcrumb\"},\"inLanguage\":\"pt-BR\",\"potentialAction\":[{\"@type\":\"ReadAction\",\"target\":[\"https:\/\/rioonwatch.org.br\/?p=28317\"]}]},{\"@type\":\"ImageObject\",\"inLanguage\":\"pt-BR\",\"@id\":\"https:\/\/rioonwatch.org.br\/?p=28317#primaryimage\",\"url\":\"https:\/\/rioonwatch.org.br\/wp-content\/uploads\/2017\/09\/21731503_1788116391200045_2524068523990023287_o-e1505670727207.jpg\",\"contentUrl\":\"https:\/\/rioonwatch.org.br\/wp-content\/uploads\/2017\/09\/21731503_1788116391200045_2524068523990023287_o-e1505670727207.jpg\",\"width\":1419,\"height\":1295},{\"@type\":\"BreadcrumbList\",\"@id\":\"https:\/\/rioonwatch.org.br\/?p=28317#breadcrumb\",\"itemListElement\":[{\"@type\":\"ListItem\",\"position\":1,\"name\":\"In\u00edcio\",\"item\":\"https:\/\/rioonwatch.org.br\/\"},{\"@type\":\"ListItem\",\"position\":2,\"name\":\"PUC Sedia Debate Sobre a Constru\u00e7\u00e3o do &#8216;Outro&#8217; Pela M\u00eddia\"}]},{\"@type\":\"WebSite\",\"@id\":\"https:\/\/rioonwatch.org.br\/#website\",\"url\":\"https:\/\/rioonwatch.org.br\/\",\"name\":\"RioOnWatch\",\"description\":\"relatos das favelas cariocas\",\"publisher\":{\"@id\":\"https:\/\/rioonwatch.org.br\/#organization\"},\"potentialAction\":[{\"@type\":\"SearchAction\",\"target\":{\"@type\":\"EntryPoint\",\"urlTemplate\":\"https:\/\/rioonwatch.org.br\/?s={search_term_string}\"},\"query-input\":{\"@type\":\"PropertyValueSpecification\",\"valueRequired\":true,\"valueName\":\"search_term_string\"}}],\"inLanguage\":\"pt-BR\"},{\"@type\":\"Organization\",\"@id\":\"https:\/\/rioonwatch.org.br\/#organization\",\"name\":\"RioOnWatch\",\"url\":\"https:\/\/rioonwatch.org.br\/\",\"logo\":{\"@type\":\"ImageObject\",\"inLanguage\":\"pt-BR\",\"@id\":\"https:\/\/rioonwatch.org.br\/#\/schema\/logo\/image\/\",\"url\":\"https:\/\/rioonwatch.org.br\/wp-content\/uploads\/2021\/06\/RioOnWatchcabecalhoPT11anos-2.png\",\"contentUrl\":\"https:\/\/rioonwatch.org.br\/wp-content\/uploads\/2021\/06\/RioOnWatchcabecalhoPT11anos-2.png\",\"width\":779,\"height\":277,\"caption\":\"RioOnWatch\"},\"image\":{\"@id\":\"https:\/\/rioonwatch.org.br\/#\/schema\/logo\/image\/\"}},{\"@type\":\"Person\",\"@id\":\"https:\/\/rioonwatch.org.br\/#\/schema\/person\/11d64c290506f9df50c71b850c473f68\",\"name\":\"Admin\",\"image\":{\"@type\":\"ImageObject\",\"inLanguage\":\"pt-BR\",\"@id\":\"https:\/\/rioonwatch.org.br\/#\/schema\/person\/image\/\",\"url\":\"https:\/\/secure.gravatar.com\/avatar\/56211ac74568383903349a1485e3c325?s=96&d=blank&r=g\",\"contentUrl\":\"https:\/\/secure.gravatar.com\/avatar\/56211ac74568383903349a1485e3c325?s=96&d=blank&r=g\",\"caption\":\"Admin\"},\"url\":\"https:\/\/rioonwatch.org.br\/?author=129\"}]}<\/script>\n<!-- \/ Yoast SEO plugin. -->","yoast_head_json":{"title":"PUC Sedia Debate Sobre a Constru\u00e7\u00e3o do 'Outro' Pela M\u00eddia - RioOnWatch","robots":{"index":"index","follow":"follow","max-snippet":"max-snippet:-1","max-image-preview":"max-image-preview:large","max-video-preview":"max-video-preview:-1"},"canonical":"https:\/\/rioonwatch.org.br\/?p=28317","og_locale":"pt_BR","og_type":"article","og_title":"PUC Sedia Debate Sobre a Constru\u00e7\u00e3o do 'Outro' Pela M\u00eddia - RioOnWatch","og_description":"Click Here for English Na quarta-feira, 13 de setembro, o Centro Acad\u00eamico de Rela\u00e7\u00f5es Internacionais (CARI) da PUC-Rio organizou um debate sobre &#8220;A Constru\u00e7\u00e3o do Outro pela M\u00eddia&#8220;, como parte de uma s\u00e9rie de eventos [...]","og_url":"https:\/\/rioonwatch.org.br\/?p=28317","og_site_name":"RioOnWatch","article_published_time":"2017-09-19T13:00:27+00:00","article_modified_time":"2024-06-20T19:18:10+00:00","og_image":[{"width":1419,"height":1295,"url":"https:\/\/rioonwatch.org.br\/wp-content\/uploads\/2017\/09\/21731503_1788116391200045_2524068523990023287_o-e1505670727207.jpg","type":"image\/jpeg"}],"author":"Admin","twitter_card":"summary_large_image","twitter_misc":{"Escrito por":"Admin","Est. tempo de leitura":"4 minutos"},"schema":{"@context":"https:\/\/schema.org","@graph":[{"@type":"Article","@id":"https:\/\/rioonwatch.org.br\/?p=28317#article","isPartOf":{"@id":"https:\/\/rioonwatch.org.br\/?p=28317"},"author":{"name":"Admin","@id":"https:\/\/rioonwatch.org.br\/#\/schema\/person\/11d64c290506f9df50c71b850c473f68"},"headline":"PUC Sedia Debate Sobre a Constru\u00e7\u00e3o do &#8216;Outro&#8217; Pela M\u00eddia","datePublished":"2017-09-19T13:00:27+00:00","dateModified":"2024-06-20T19:18:10+00:00","mainEntityOfPage":{"@id":"https:\/\/rioonwatch.org.br\/?p=28317"},"wordCount":868,"publisher":{"@id":"https:\/\/rioonwatch.org.br\/#organization"},"image":{"@id":"https:\/\/rioonwatch.org.br\/?p=28317#primaryimage"},"thumbnailUrl":"https:\/\/rioonwatch.org.br\/wp-content\/uploads\/2017\/09\/21731503_1788116391200045_2524068523990023287_o-e1505670727207.jpg","keywords":["#StopFavelaStigma","an\u00e1lise cobertura de favelas","Comunica\u00e7\u00e3o Comunit\u00e1ria","debate","Globo","grande m\u00eddia","jornalismo","narrativa midi\u00e1tica","PUC"],"articleSection":["*Destaque","Cobertura de Eventos","Escrito por Aliados","M\u00eddia Comunit\u00e1ria"],"inLanguage":"pt-BR"},{"@type":"WebPage","@id":"https:\/\/rioonwatch.org.br\/?p=28317","url":"https:\/\/rioonwatch.org.br\/?p=28317","name":"PUC Sedia Debate Sobre a Constru\u00e7\u00e3o do 'Outro' Pela M\u00eddia - RioOnWatch","isPartOf":{"@id":"https:\/\/rioonwatch.org.br\/#website"},"primaryImageOfPage":{"@id":"https:\/\/rioonwatch.org.br\/?p=28317#primaryimage"},"image":{"@id":"https:\/\/rioonwatch.org.br\/?p=28317#primaryimage"},"thumbnailUrl":"https:\/\/rioonwatch.org.br\/wp-content\/uploads\/2017\/09\/21731503_1788116391200045_2524068523990023287_o-e1505670727207.jpg","datePublished":"2017-09-19T13:00:27+00:00","dateModified":"2024-06-20T19:18:10+00:00","breadcrumb":{"@id":"https:\/\/rioonwatch.org.br\/?p=28317#breadcrumb"},"inLanguage":"pt-BR","potentialAction":[{"@type":"ReadAction","target":["https:\/\/rioonwatch.org.br\/?p=28317"]}]},{"@type":"ImageObject","inLanguage":"pt-BR","@id":"https:\/\/rioonwatch.org.br\/?p=28317#primaryimage","url":"https:\/\/rioonwatch.org.br\/wp-content\/uploads\/2017\/09\/21731503_1788116391200045_2524068523990023287_o-e1505670727207.jpg","contentUrl":"https:\/\/rioonwatch.org.br\/wp-content\/uploads\/2017\/09\/21731503_1788116391200045_2524068523990023287_o-e1505670727207.jpg","width":1419,"height":1295},{"@type":"BreadcrumbList","@id":"https:\/\/rioonwatch.org.br\/?p=28317#breadcrumb","itemListElement":[{"@type":"ListItem","position":1,"name":"In\u00edcio","item":"https:\/\/rioonwatch.org.br\/"},{"@type":"ListItem","position":2,"name":"PUC Sedia Debate Sobre a Constru\u00e7\u00e3o do &#8216;Outro&#8217; Pela M\u00eddia"}]},{"@type":"WebSite","@id":"https:\/\/rioonwatch.org.br\/#website","url":"https:\/\/rioonwatch.org.br\/","name":"RioOnWatch","description":"relatos das favelas cariocas","publisher":{"@id":"https:\/\/rioonwatch.org.br\/#organization"},"potentialAction":[{"@type":"SearchAction","target":{"@type":"EntryPoint","urlTemplate":"https:\/\/rioonwatch.org.br\/?s={search_term_string}"},"query-input":{"@type":"PropertyValueSpecification","valueRequired":true,"valueName":"search_term_string"}}],"inLanguage":"pt-BR"},{"@type":"Organization","@id":"https:\/\/rioonwatch.org.br\/#organization","name":"RioOnWatch","url":"https:\/\/rioonwatch.org.br\/","logo":{"@type":"ImageObject","inLanguage":"pt-BR","@id":"https:\/\/rioonwatch.org.br\/#\/schema\/logo\/image\/","url":"https:\/\/rioonwatch.org.br\/wp-content\/uploads\/2021\/06\/RioOnWatchcabecalhoPT11anos-2.png","contentUrl":"https:\/\/rioonwatch.org.br\/wp-content\/uploads\/2021\/06\/RioOnWatchcabecalhoPT11anos-2.png","width":779,"height":277,"caption":"RioOnWatch"},"image":{"@id":"https:\/\/rioonwatch.org.br\/#\/schema\/logo\/image\/"}},{"@type":"Person","@id":"https:\/\/rioonwatch.org.br\/#\/schema\/person\/11d64c290506f9df50c71b850c473f68","name":"Admin","image":{"@type":"ImageObject","inLanguage":"pt-BR","@id":"https:\/\/rioonwatch.org.br\/#\/schema\/person\/image\/","url":"https:\/\/secure.gravatar.com\/avatar\/56211ac74568383903349a1485e3c325?s=96&d=blank&r=g","contentUrl":"https:\/\/secure.gravatar.com\/avatar\/56211ac74568383903349a1485e3c325?s=96&d=blank&r=g","caption":"Admin"},"url":"https:\/\/rioonwatch.org.br\/?author=129"}]}},"_links":{"self":[{"href":"https:\/\/rioonwatch.org.br\/index.php?rest_route=\/wp\/v2\/posts\/28317"}],"collection":[{"href":"https:\/\/rioonwatch.org.br\/index.php?rest_route=\/wp\/v2\/posts"}],"about":[{"href":"https:\/\/rioonwatch.org.br\/index.php?rest_route=\/wp\/v2\/types\/post"}],"author":[{"embeddable":true,"href":"https:\/\/rioonwatch.org.br\/index.php?rest_route=\/wp\/v2\/users\/129"}],"replies":[{"embeddable":true,"href":"https:\/\/rioonwatch.org.br\/index.php?rest_route=%2Fwp%2Fv2%2Fcomments&post=28317"}],"version-history":[{"count":13,"href":"https:\/\/rioonwatch.org.br\/index.php?rest_route=\/wp\/v2\/posts\/28317\/revisions"}],"predecessor-version":[{"id":28333,"href":"https:\/\/rioonwatch.org.br\/index.php?rest_route=\/wp\/v2\/posts\/28317\/revisions\/28333"}],"wp:featuredmedia":[{"embeddable":true,"href":"https:\/\/rioonwatch.org.br\/index.php?rest_route=\/wp\/v2\/media\/28323"}],"wp:attachment":[{"href":"https:\/\/rioonwatch.org.br\/index.php?rest_route=%2Fwp%2Fv2%2Fmedia&parent=28317"}],"wp:term":[{"taxonomy":"category","embeddable":true,"href":"https:\/\/rioonwatch.org.br\/index.php?rest_route=%2Fwp%2Fv2%2Fcategories&post=28317"},{"taxonomy":"post_tag","embeddable":true,"href":"https:\/\/rioonwatch.org.br\/index.php?rest_route=%2Fwp%2Fv2%2Ftags&post=28317"},{"taxonomy":"writer","embeddable":true,"href":"https:\/\/rioonwatch.org.br\/index.php?rest_route=%2Fwp%2Fv2%2Fwriter&post=28317"},{"taxonomy":"translator","embeddable":true,"href":"https:\/\/rioonwatch.org.br\/index.php?rest_route=%2Fwp%2Fv2%2Ftranslator&post=28317"},{"taxonomy":"source","embeddable":true,"href":"https:\/\/rioonwatch.org.br\/index.php?rest_route=%2Fwp%2Fv2%2Fsource&post=28317"},{"taxonomy":"ilustrador","embeddable":true,"href":"https:\/\/rioonwatch.org.br\/index.php?rest_route=%2Fwp%2Fv2%2Filustrador&post=28317"},{"taxonomy":"fotografo","embeddable":true,"href":"https:\/\/rioonwatch.org.br\/index.php?rest_route=%2Fwp%2Fv2%2Ffotografo&post=28317"}],"curies":[{"name":"wp","href":"https:\/\/api.w.org\/{rel}","templated":true}]}}